{"id":48568,"date":"2017-05-17T17:45:09","date_gmt":"2017-05-17T20:45:09","guid":{"rendered":"https:\/\/www.jornalja.com.br\/?p=48568"},"modified":"2017-05-17T17:45:09","modified_gmt":"2017-05-17T20:45:09","slug":"justica-suspende-acordo-entre-prefeitura-de-porto-alegre-e-comunitas","status":"publish","type":"post","link":"https:\/\/www.jornalja.com.br\/arquivo\/justica-suspende-acordo-entre-prefeitura-de-porto-alegre-e-comunitas\/","title":{"rendered":"Justi\u00e7a suspende acordo entre Prefeitura de Porto Alegre e Comunitas"},"content":{"rendered":"<p><span class=\"assina\">Matheus Chaparini<\/span><br \/>\nA Justi\u00e7a suspendeu nesta quarta-feira, por liminar, o acordo de coopera\u00e7\u00e3o firmado entre a Prefeitura de Porto Alegre e a organiza\u00e7\u00e3o Comunitas. A decis\u00e3o \u00e9 da ju\u00edza Andreia Terre do Amaral, da 3\u00aa Vara da Fazenda P\u00fablica.<br \/>\nA decis\u00e3o veio em resposta a\u00a0A\u00e7\u00e3o Popular movida por diretores do Sindicato dos Municip\u00e1rios (Simpa) e vereadores de oposi\u00e7\u00e3o, que pedia a suspens\u00e3o do acordo. A parceria\u00a0que prev\u00ea a implanta\u00e7\u00e3o do programa Juntos pelo Desenvolvimento Sustent\u00e1vel foi publicado no Di\u00e1rio Oficial em 07\/03\/2017 para vigorar por 24 meses.<br \/>\nAtrav\u00e9s deste acordo, a Falconi Consultores de Resultado atua como parceira t\u00e9cnica da organiza\u00e7\u00e3o Comunitas em tr\u00eas projetos importantes da gest\u00e3o Marchezan: redu\u00e7\u00e3o do d\u00e9ficit, programa de metas\u00a0e reforma administrativa, <a href=\"https:\/\/www.jornalja.com.br\/consultoria-privada-e-responsavel-pelos-principais-projetos-de-marchezan\/\" target=\"_blank\" rel=\"noopener noreferrer\">conforme revelou reportagem do J\u00c1<\/a>.<br \/>\n<figure id=\"attachment_48578\" aria-describedby=\"caption-attachment-48578\" style=\"width: 155px\" class=\"wp-caption alignleft\"><img loading=\"lazy\" decoding=\"async\" class=\"wp-image-48578\" src=\"https:\/\/www.jornalja.com.br\/wp-content\/uploads\/2017\/05\/juiza_Andreia_Terra_do_Amaral-vertical.jpg\" alt=\"\" width=\"155\" height=\"194\" \/><figcaption id=\"caption-attachment-48578\" class=\"wp-caption-text\">Ju\u00edza Andreia concedeu liminar suspendendo o acordo \/ Arquivo J\u00c1<\/figcaption><\/figure><br \/>\nA a\u00e7\u00e3o \u00e9 assinada por tr\u00eas diretores do Simpa, Alberto Terres, Ivam Martins e Adelto Rohr, e quatro vereadores de oposi\u00e7\u00e3o, Sofia Cavedon (PT), Marcelo Sgarbossa (PT), Fernanda Melchionna (PSOL), Roberto Robaina (PSOL) e Alex Fraga (PSOL).<br \/>\n<span style=\"font-weight: 400\">O texto da A\u00e7\u00e3o aponta para o que seria uma \u201cviola\u00e7\u00e3o ao princ\u00edpio da supremacia do interesse p\u00fablico\u201d: a cl\u00e1usula quarta do contrato, que prev\u00ea compartilhamento de informa\u00e7\u00f5es sigilosas da administra\u00e7\u00e3o municipal. Segundo os demandantes, \u201cao pactuar a disponibiliza\u00e7\u00e3o de dados sigilosos se est\u00e1 privilegiando um determinado particular com informa\u00e7\u00f5es relevant\u00edssimas, que lhe podem garantir vantagens indevidas.\u201d<\/span><br \/>\nEntre as irregularidades apontadas na A\u00e7\u00e3o, est\u00e1 a aus\u00eancia de chamamento p\u00fablico. O artigo 29 da <a href=\"http:\/\/www.planalto.gov.br\/ccivil_03\/_ato2011-2014\/2014\/lei\/l13019.htm\" target=\"_blank\" rel=\"noopener noreferrer\">Lei Federal n. 13.019\/14<\/a> prev\u00ea a obrigatoriedade do devido chamamento p\u00fablico em acordos que envolvam \u201ca celebra\u00e7\u00e3o de comodato, doa\u00e7\u00e3o de bens ou outra forma de compartilhamento de recurso patrimonial\u201d.<br \/>\nNo contrato firmado, o Munic\u00edpio se compromete a disponibilizar \u201cservidores, computadores, cadeiras e mesas com condi\u00e7\u00f5es adequadas de ergonomia, postos de acesso \u00e0 internet para uso de e-mail e ramais telef\u00f4nicos para contato\u201d.<br \/>\nS\u00e3o apontadas outras tr\u00eas irregularidades do contrato em rela\u00e7\u00e3o \u00e0 Lei Federal 13.019\/14, que rege as parcerias entre poder p\u00fablico e entidades da sociedade civil. Uma delas \u00e9 que o acordo de coopera\u00e7\u00e3o entrou em vigor antes da publica\u00e7\u00e3o do seu extrato. O artigo 38 da mesma lei prev\u00ea que o acordo de coopera\u00e7\u00e3o somente produzir\u00e1 efeitos jur\u00eddicos \u201cap\u00f3s a publica\u00e7\u00e3o dos respectivos extratos no meio oficial de publicidade da administra\u00e7\u00e3o p\u00fablica\u201d.<br \/>\nO extrato foi publicado no Di\u00e1rio Oficial do Munic\u00edpio de Porto Alegre em 07\/03\/2017. Entretanto, as atividades j\u00e1 vinham sendo desenvolvidas anteriormente. O Banco de Talentos, projeto de responsabilidade da Comunitas, <a href=\"https:\/\/www.jornalja.com.br\/banco-de-talentos-vai-indicar-tres-nomes-para-secretariado-de-marchezan\/\" target=\"_blank\" rel=\"noopener noreferrer\">foi anunciado logo nos primeiros dias de janeiro.<\/a> Na ocasi\u00e3o, a Prefeitura afirmou que os trabalhos j\u00e1 vinham sendo realizados antes mesmo da posse do prefeito Nelson Marchezan J\u00fanior.<br \/>\nAinda segundo a A\u00e7\u00e3o, o Acordo de Coopera\u00e7\u00e3o n\u00e3o seria instrumento adequado para esta parceria. O texto da lei define que em acordos deste tipo \u201cn\u00e3o envolvam a transfer\u00eancia de recursos financeiros\u201d. O acordo firmado prev\u00ea que a Comunitas tem a incumb\u00eancia de captar recursos financeiros, e, para viabilizar esta capta\u00e7\u00e3o, est\u00e1 sendo disponibilizada estrutura f\u00edsica do munic\u00edpio, bem como servidores p\u00fablicos. O grupo considera que este cen\u00e1rio configura transfer\u00eancia de recursos do Munic\u00edpio para a Comunitas, que \u00e9 uma Oscip \u00a0(Organiza\u00e7\u00e3o da Sociedade Civil de Interesse P\u00fablico).<br \/>\nA\u00e7\u00e3o aponta ainda a \u201caus\u00eancia dos requisitos m\u00ednimos no Plano de Trabalho\u201d, previsto no artigo 22 da mesma lei.<br \/>\n<span class=\"intertit\">Volunt\u00e1rios da Comunitas viraram CCs da Prefeitura<\/span><br \/>\n<figure id=\"attachment_48572\" aria-describedby=\"caption-attachment-48572\" style=\"width: 725px\" class=\"wp-caption alignnone\"><img loading=\"lazy\" decoding=\"async\" class=\"wp-image-48572 size-full\" src=\"https:\/\/www.jornalja.com.br\/wp-content\/uploads\/2017\/05\/IMG_20170405_110535109.jpg\" alt=\"\" width=\"725\" height=\"408\" \/><figcaption id=\"caption-attachment-48572\" class=\"wp-caption-text\">A\u00e7\u00e3o assinada por diretores do Simpa e vereadores de oposi\u00e7\u00e3o aponta uma s\u00e9rie de irregularidades no contrato \/ Matheus Chaparini<\/figcaption><\/figure><br \/>\nDos 14 volunt\u00e1rios indicados pela Comunitas para selecionar profissionais para ocuparem cargos na Prefeitura, sete foram nomeados para cargos de confian\u00e7a.\u00a0As nomea\u00e7\u00f5es dos sete foi publicada entre os meses de mar\u00e7o e maio deste ano, em alguns casos de forma retroativa. A informa\u00e7\u00e3o foi revelada em reportagem publicada pelo\u00a0<em>Sul 21,<\/em> nesta ter\u00e7a-feira.<br \/>\nSete desses profissionais designados para selecionar pessoas de modo volunt\u00e1rio foram lotados no gabinete do prefeito Nelson Marchezan Jr. (PSDB), do vice-prefeito Gustavo Paim (PP) e em outros \u00f3rg\u00e3os da Prefeitura.<br \/>\nO acordo entre Prefeitura de Porto Alegre e Comunitas inclui quatro projetos. Destes, o \u00fanico que \u00e9 realizado diretamente pela Comunitas \u00e9 o Banco de Talentos. Os outros tr\u00eas projetos &#8211; reforma administrativa, redu\u00e7\u00e3o do d\u00e9ficit e Programa de Metas &#8211; contam com a parceria t\u00e9cnica da Falconi Consultores de Resultado.<\/p>\n","protected":false},"excerpt":{"rendered":"<p>Matheus Chaparini A Justi\u00e7a suspendeu nesta quarta-feira, por liminar, o acordo de coopera\u00e7\u00e3o firmado entre a Prefeitura de Porto Alegre e a organiza\u00e7\u00e3o Comunitas. A decis\u00e3o \u00e9 da ju\u00edza Andreia Terre do Amaral, da 3\u00aa Vara da Fazenda P\u00fablica. A decis\u00e3o veio em resposta a\u00a0A\u00e7\u00e3o Popular movida por diretores do Sindicato dos Municip\u00e1rios (Simpa) e [&hellip;]<\/p>\n","protected":false},"author":4,"featured_media":48581,"comment_status":"open","ping_status":"closed","sticky":false,"template":"","format":"standard","meta":{"_jetpack_newsletter_access":"","_jetpack_dont_email_post_to_subs":false,"_jetpack_newsletter_tier_id":0,"_jetpack_memberships_contains_paywalled_content":false,"_jetpack_feature_clip_id":0,"_jetpack_memberships_contains_paid_content":false,"footnotes":"","jetpack_post_was_ever_published":false},"categories":[26],"tags":[],"class_list":["post-48568","post","type-post","status-publish","format-standard","has-post-thumbnail","hentry","category-geral"],"aioseo_notices":[],"aioseo_head":"\n\t\t<!-- All in One SEO 5.0.1.1 - aioseo.com -->\n\t<meta name=\"robots\" content=\"max-image-preview:large\" \/>\n\t<meta name=\"author\" content=\"da Reda\u00e7\u00e3o\"\/>\n\t<link rel=\"canonical\" href=\"https:\/\/www.jornalja.com.br\/arquivo\/justica-suspende-acordo-entre-prefeitura-de-porto-alegre-e-comunitas\/\" \/>\n\t<meta name=\"generator\" content=\"All in One SEO (AIOSEO) 5.0.1.1\" \/>\n\t\t<meta property=\"og:locale\" content=\"pt_BR\" \/>\n\t\t<meta property=\"og:site_name\" content=\"Arquivo | Jornal J\u00c1 | Porto Alegre\" \/>\n\t\t<meta property=\"og:type\" content=\"article\" \/>\n\t\t<meta property=\"og:title\" content=\"Justi\u00e7a suspende acordo entre Prefeitura de Porto Alegre e Comunitas | Arquivo\" \/>\n\t\t<meta property=\"og:url\" content=\"https:\/\/www.jornalja.com.br\/arquivo\/justica-suspende-acordo-entre-prefeitura-de-porto-alegre-e-comunitas\/\" \/>\n\t\t<meta property=\"og:image\" content=\"https:\/\/www.jornalja.com.br\/wp-content\/uploads\/2017\/05\/juiza_Andreia_Terra_do_Amaral-vertical.jpg\" \/>\n\t\t<meta property=\"og:image:secure_url\" content=\"https:\/\/www.jornalja.com.br\/wp-content\/uploads\/2017\/05\/juiza_Andreia_Terra_do_Amaral-vertical.jpg\" \/>\n\t\t<meta property=\"article:published_time\" content=\"2017-05-17T20:45:09+00:00\" \/>\n\t\t<meta property=\"article:modified_time\" content=\"2017-05-17T20:45:09+00:00\" \/>\n\t\t<meta name=\"twitter:card\" content=\"summary\" \/>\n\t\t<meta name=\"twitter:title\" content=\"Justi\u00e7a suspende acordo entre Prefeitura de Porto Alegre e Comunitas | Arquivo\" \/>\n\t\t<meta name=\"twitter:image\" content=\"https:\/\/www.jornalja.com.br\/economics\/wp-content\/uploads\/sites\/11\/2026\/08\/ja-folhaderosto-facebook.jpg\" \/>\n\t\t<script type=\"application\/ld+json\" class=\"aioseo-schema\">\n\t\t\t{\"@context\":\"https:\\\/\\\/schema.org\",\"@graph\":[{\"@type\":\"BlogPosting\",\"@id\":\"https:\\\/\\\/www.jornalja.com.br\\\/arquivo\\\/justica-suspende-acordo-entre-prefeitura-de-porto-alegre-e-comunitas\\\/#blogposting\",\"name\":\"Justi\\u00e7a suspende acordo entre Prefeitura de Porto Alegre e Comunitas | Arquivo\",\"headline\":\"Justi\\u00e7a suspende acordo entre Prefeitura de Porto Alegre e Comunitas\",\"author\":{\"@id\":\"https:\\\/\\\/www.jornalja.com.br\\\/arquivo\\\/author\\\/daredacao\\\/#author\"},\"publisher\":{\"@id\":\"https:\\\/\\\/www.jornalja.com.br\\\/arquivo\\\/#organization\"},\"image\":{\"@type\":\"ImageObject\",\"url\":48581},\"datePublished\":\"2017-05-17T17:45:09-03:00\",\"dateModified\":\"2017-05-17T17:45:09-03:00\",\"inLanguage\":\"pt-BR\",\"mainEntityOfPage\":{\"@id\":\"https:\\\/\\\/www.jornalja.com.br\\\/arquivo\\\/justica-suspende-acordo-entre-prefeitura-de-porto-alegre-e-comunitas\\\/#webpage\"},\"isPartOf\":{\"@id\":\"https:\\\/\\\/www.jornalja.com.br\\\/arquivo\\\/justica-suspende-acordo-entre-prefeitura-de-porto-alegre-e-comunitas\\\/#webpage\"},\"articleSection\":\"Geral\"},{\"@type\":\"BreadcrumbList\",\"@id\":\"https:\\\/\\\/www.jornalja.com.br\\\/arquivo\\\/justica-suspende-acordo-entre-prefeitura-de-porto-alegre-e-comunitas\\\/#breadcrumblist\",\"itemListElement\":[{\"@type\":\"ListItem\",\"@id\":\"https:\\\/\\\/www.jornalja.com.br\\\/arquivo#listItem\",\"position\":1,\"name\":\"Home\",\"item\":\"https:\\\/\\\/www.jornalja.com.br\\\/arquivo\",\"nextItem\":{\"@type\":\"ListItem\",\"@id\":\"https:\\\/\\\/www.jornalja.com.br\\\/arquivo\\\/category\\\/geral\\\/#listItem\",\"name\":\"Geral\"}},{\"@type\":\"ListItem\",\"@id\":\"https:\\\/\\\/www.jornalja.com.br\\\/arquivo\\\/category\\\/geral\\\/#listItem\",\"position\":2,\"name\":\"Geral\",\"item\":\"https:\\\/\\\/www.jornalja.com.br\\\/arquivo\\\/category\\\/geral\\\/\",\"nextItem\":{\"@type\":\"ListItem\",\"@id\":\"https:\\\/\\\/www.jornalja.com.br\\\/arquivo\\\/justica-suspende-acordo-entre-prefeitura-de-porto-alegre-e-comunitas\\\/#listItem\",\"name\":\"Justi\\u00e7a suspende acordo entre Prefeitura de Porto Alegre e Comunitas\"},\"previousItem\":{\"@type\":\"ListItem\",\"@id\":\"https:\\\/\\\/www.jornalja.com.br\\\/arquivo#listItem\",\"name\":\"Home\"}},{\"@type\":\"ListItem\",\"@id\":\"https:\\\/\\\/www.jornalja.com.br\\\/arquivo\\\/justica-suspende-acordo-entre-prefeitura-de-porto-alegre-e-comunitas\\\/#listItem\",\"position\":3,\"name\":\"Justi\\u00e7a suspende acordo entre Prefeitura de Porto Alegre e Comunitas\",\"previousItem\":{\"@type\":\"ListItem\",\"@id\":\"https:\\\/\\\/www.jornalja.com.br\\\/arquivo\\\/category\\\/geral\\\/#listItem\",\"name\":\"Geral\"}}]},{\"@type\":\"Organization\",\"@id\":\"https:\\\/\\\/www.jornalja.com.br\\\/arquivo\\\/#organization\",\"name\":\"Jornal J\\u00c1\",\"description\":\"Jornal J\\u00c1 | Porto Alegre\",\"url\":\"https:\\\/\\\/www.jornalja.com.br\\\/arquivo\\\/\",\"telephone\":\"+555133307272\",\"logo\":{\"@type\":\"ImageObject\",\"url\":\"https:\\\/\\\/www.jornalja.com.br\\\/wp-content\\\/uploads\\\/cards\\\/JAslogan.png\",\"@id\":\"https:\\\/\\\/www.jornalja.com.br\\\/arquivo\\\/justica-suspende-acordo-entre-prefeitura-de-porto-alegre-e-comunitas\\\/#organizationLogo\"},\"image\":{\"@id\":\"https:\\\/\\\/www.jornalja.com.br\\\/arquivo\\\/justica-suspende-acordo-entre-prefeitura-de-porto-alegre-e-comunitas\\\/#organizationLogo\"}},{\"@type\":\"Person\",\"@id\":\"https:\\\/\\\/www.jornalja.com.br\\\/arquivo\\\/author\\\/daredacao\\\/#author\",\"url\":\"https:\\\/\\\/www.jornalja.com.br\\\/arquivo\\\/author\\\/daredacao\\\/\",\"name\":\"da Reda\\u00e7\\u00e3o\",\"image\":{\"@type\":\"ImageObject\",\"@id\":\"https:\\\/\\\/www.jornalja.com.br\\\/arquivo\\\/justica-suspende-acordo-entre-prefeitura-de-porto-alegre-e-comunitas\\\/#authorImage\",\"url\":\"https:\\\/\\\/secure.gravatar.com\\\/avatar\\\/469fd857d6605ad19919d27ed29d35a968a25f6e8fd9318356bbb7f57aae9c65?s=96&d=mm&r=g\",\"width\":96,\"height\":96,\"caption\":\"da Reda\\u00e7\\u00e3o\"}},{\"@type\":\"WebPage\",\"@id\":\"https:\\\/\\\/www.jornalja.com.br\\\/arquivo\\\/justica-suspende-acordo-entre-prefeitura-de-porto-alegre-e-comunitas\\\/#webpage\",\"url\":\"https:\\\/\\\/www.jornalja.com.br\\\/arquivo\\\/justica-suspende-acordo-entre-prefeitura-de-porto-alegre-e-comunitas\\\/\",\"name\":\"Justi\\u00e7a suspende acordo entre Prefeitura de Porto Alegre e Comunitas | Arquivo\",\"inLanguage\":\"pt-BR\",\"isPartOf\":{\"@id\":\"https:\\\/\\\/www.jornalja.com.br\\\/arquivo\\\/#website\"},\"breadcrumb\":{\"@id\":\"https:\\\/\\\/www.jornalja.com.br\\\/arquivo\\\/justica-suspende-acordo-entre-prefeitura-de-porto-alegre-e-comunitas\\\/#breadcrumblist\"},\"author\":{\"@id\":\"https:\\\/\\\/www.jornalja.com.br\\\/arquivo\\\/author\\\/daredacao\\\/#author\"},\"creator\":{\"@id\":\"https:\\\/\\\/www.jornalja.com.br\\\/arquivo\\\/author\\\/daredacao\\\/#author\"},\"image\":{\"@type\":\"ImageObject\",\"url\":48581,\"@id\":\"https:\\\/\\\/www.jornalja.com.br\\\/arquivo\\\/justica-suspende-acordo-entre-prefeitura-de-porto-alegre-e-comunitas\\\/#mainImage\"},\"primaryImageOfPage\":{\"@id\":\"https:\\\/\\\/www.jornalja.com.br\\\/arquivo\\\/justica-suspende-acordo-entre-prefeitura-de-porto-alegre-e-comunitas\\\/#mainImage\"},\"datePublished\":\"2017-05-17T17:45:09-03:00\",\"dateModified\":\"2017-05-17T17:45:09-03:00\"},{\"@type\":\"WebSite\",\"@id\":\"https:\\\/\\\/www.jornalja.com.br\\\/arquivo\\\/#website\",\"url\":\"https:\\\/\\\/www.jornalja.com.br\\\/arquivo\\\/\",\"name\":\"Arquivo\",\"description\":\"Jornal J\\u00c1 | Porto Alegre\",\"inLanguage\":\"pt-BR\",\"publisher\":{\"@id\":\"https:\\\/\\\/www.jornalja.com.br\\\/arquivo\\\/#organization\"}}]}\n\t\t<\/script>\n\t\t<!-- All in One SEO -->\n\n","aioseo_head_json":{"title":"Justi\u00e7a suspende acordo entre Prefeitura de Porto Alegre e Comunitas | Arquivo","description":"","canonical_url":"https:\/\/www.jornalja.com.br\/arquivo\/justica-suspende-acordo-entre-prefeitura-de-porto-alegre-e-comunitas\/","robots":"max-image-preview:large","keywords":"","webmasterTools":{"miscellaneous":""},"schema":{"@context":"https:\/\/schema.org","@graph":[{"@type":"BlogPosting","@id":"https:\/\/www.jornalja.com.br\/arquivo\/justica-suspende-acordo-entre-prefeitura-de-porto-alegre-e-comunitas\/#blogposting","name":"Justi\u00e7a suspende acordo entre Prefeitura de Porto Alegre e Comunitas | Arquivo","headline":"Justi\u00e7a suspende acordo entre Prefeitura de Porto Alegre e Comunitas","author":{"@id":"https:\/\/www.jornalja.com.br\/arquivo\/author\/daredacao\/#author"},"publisher":{"@id":"https:\/\/www.jornalja.com.br\/arquivo\/#organization"},"image":{"@type":"ImageObject","url":48581},"datePublished":"2017-05-17T17:45:09-03:00","dateModified":"2017-05-17T17:45:09-03:00","inLanguage":"pt-BR","mainEntityOfPage":{"@id":"https:\/\/www.jornalja.com.br\/arquivo\/justica-suspende-acordo-entre-prefeitura-de-porto-alegre-e-comunitas\/#webpage"},"isPartOf":{"@id":"https:\/\/www.jornalja.com.br\/arquivo\/justica-suspende-acordo-entre-prefeitura-de-porto-alegre-e-comunitas\/#webpage"},"articleSection":"Geral"},{"@type":"BreadcrumbList","@id":"https:\/\/www.jornalja.com.br\/arquivo\/justica-suspende-acordo-entre-prefeitura-de-porto-alegre-e-comunitas\/#breadcrumblist","itemListElement":[{"@type":"ListItem","@id":"https:\/\/www.jornalja.com.br\/arquivo#listItem","position":1,"name":"Home","item":"https:\/\/www.jornalja.com.br\/arquivo","nextItem":{"@type":"ListItem","@id":"https:\/\/www.jornalja.com.br\/arquivo\/category\/geral\/#listItem","name":"Geral"}},{"@type":"ListItem","@id":"https:\/\/www.jornalja.com.br\/arquivo\/category\/geral\/#listItem","position":2,"name":"Geral","item":"https:\/\/www.jornalja.com.br\/arquivo\/category\/geral\/","nextItem":{"@type":"ListItem","@id":"https:\/\/www.jornalja.com.br\/arquivo\/justica-suspende-acordo-entre-prefeitura-de-porto-alegre-e-comunitas\/#listItem","name":"Justi\u00e7a suspende acordo entre Prefeitura de Porto Alegre e Comunitas"},"previousItem":{"@type":"ListItem","@id":"https:\/\/www.jornalja.com.br\/arquivo#listItem","name":"Home"}},{"@type":"ListItem","@id":"https:\/\/www.jornalja.com.br\/arquivo\/justica-suspende-acordo-entre-prefeitura-de-porto-alegre-e-comunitas\/#listItem","position":3,"name":"Justi\u00e7a suspende acordo entre Prefeitura de Porto Alegre e Comunitas","previousItem":{"@type":"ListItem","@id":"https:\/\/www.jornalja.com.br\/arquivo\/category\/geral\/#listItem","name":"Geral"}}]},{"@type":"Organization","@id":"https:\/\/www.jornalja.com.br\/arquivo\/#organization","name":"Jornal J\u00c1","description":"Jornal J\u00c1 | Porto Alegre","url":"https:\/\/www.jornalja.com.br\/arquivo\/","telephone":"+555133307272","logo":{"@type":"ImageObject","url":"https:\/\/www.jornalja.com.br\/wp-content\/uploads\/cards\/JAslogan.png","@id":"https:\/\/www.jornalja.com.br\/arquivo\/justica-suspende-acordo-entre-prefeitura-de-porto-alegre-e-comunitas\/#organizationLogo"},"image":{"@id":"https:\/\/www.jornalja.com.br\/arquivo\/justica-suspende-acordo-entre-prefeitura-de-porto-alegre-e-comunitas\/#organizationLogo"}},{"@type":"Person","@id":"https:\/\/www.jornalja.com.br\/arquivo\/author\/daredacao\/#author","url":"https:\/\/www.jornalja.com.br\/arquivo\/author\/daredacao\/","name":"da Reda\u00e7\u00e3o","image":{"@type":"ImageObject","@id":"https:\/\/www.jornalja.com.br\/arquivo\/justica-suspende-acordo-entre-prefeitura-de-porto-alegre-e-comunitas\/#authorImage","url":"https:\/\/secure.gravatar.com\/avatar\/469fd857d6605ad19919d27ed29d35a968a25f6e8fd9318356bbb7f57aae9c65?s=96&d=mm&r=g","width":96,"height":96,"caption":"da Reda\u00e7\u00e3o"}},{"@type":"WebPage","@id":"https:\/\/www.jornalja.com.br\/arquivo\/justica-suspende-acordo-entre-prefeitura-de-porto-alegre-e-comunitas\/#webpage","url":"https:\/\/www.jornalja.com.br\/arquivo\/justica-suspende-acordo-entre-prefeitura-de-porto-alegre-e-comunitas\/","name":"Justi\u00e7a suspende acordo entre Prefeitura de Porto Alegre e Comunitas | Arquivo","inLanguage":"pt-BR","isPartOf":{"@id":"https:\/\/www.jornalja.com.br\/arquivo\/#website"},"breadcrumb":{"@id":"https:\/\/www.jornalja.com.br\/arquivo\/justica-suspende-acordo-entre-prefeitura-de-porto-alegre-e-comunitas\/#breadcrumblist"},"author":{"@id":"https:\/\/www.jornalja.com.br\/arquivo\/author\/daredacao\/#author"},"creator":{"@id":"https:\/\/www.jornalja.com.br\/arquivo\/author\/daredacao\/#author"},"image":{"@type":"ImageObject","url":48581,"@id":"https:\/\/www.jornalja.com.br\/arquivo\/justica-suspende-acordo-entre-prefeitura-de-porto-alegre-e-comunitas\/#mainImage"},"primaryImageOfPage":{"@id":"https:\/\/www.jornalja.com.br\/arquivo\/justica-suspende-acordo-entre-prefeitura-de-porto-alegre-e-comunitas\/#mainImage"},"datePublished":"2017-05-17T17:45:09-03:00","dateModified":"2017-05-17T17:45:09-03:00"},{"@type":"WebSite","@id":"https:\/\/www.jornalja.com.br\/arquivo\/#website","url":"https:\/\/www.jornalja.com.br\/arquivo\/","name":"Arquivo","description":"Jornal J\u00c1 | Porto Alegre","inLanguage":"pt-BR","publisher":{"@id":"https:\/\/www.jornalja.com.br\/arquivo\/#organization"}}]},"og:locale":"pt_BR","og:site_name":"Arquivo | Jornal J\u00c1 | Porto Alegre","og:type":"article","og:title":"Justi\u00e7a suspende acordo entre Prefeitura de Porto Alegre e Comunitas | Arquivo","og:url":"https:\/\/www.jornalja.com.br\/arquivo\/justica-suspende-acordo-entre-prefeitura-de-porto-alegre-e-comunitas\/","og:image":"https:\/\/www.jornalja.com.br\/wp-content\/uploads\/2017\/05\/juiza_Andreia_Terra_do_Amaral-vertical.jpg","og:image:secure_url":"https:\/\/www.jornalja.com.br\/wp-content\/uploads\/2017\/05\/juiza_Andreia_Terra_do_Amaral-vertical.jpg","article:published_time":"2017-05-17T20:45:09+00:00","article:modified_time":"2017-05-17T20:45:09+00:00","twitter:card":"summary","twitter:title":"Justi\u00e7a suspende acordo entre Prefeitura de Porto Alegre e Comunitas | Arquivo","twitter:image":"https:\/\/www.jornalja.com.br\/economics\/wp-content\/uploads\/sites\/11\/2026\/08\/ja-folhaderosto-facebook.jpg"},"aioseo_meta_data":{"post_id":"48568","title":null,"description":null,"keywords":null,"keyphrases":null,"primary_term":null,"canonical_url":null,"og_title":null,"og_description":null,"og_object_type":"default","og_image_type":"default","og_image_url":null,"og_image_width":null,"og_image_height":null,"og_image_custom_url":null,"og_image_custom_fields":null,"og_video":null,"og_custom_url":null,"og_article_section":null,"og_article_tags":null,"twitter_use_og":false,"twitter_card":"default","twitter_image_type":"default","twitter_image_url":null,"twitter_image_custom_url":null,"twitter_image_custom_fields":null,"twitter_title":null,"twitter_description":null,"schema":{"blockGraphs":[],"customGraphs":[],"default":{"data":{"Article":[],"Course":[],"Dataset":[],"FAQPage":[],"Movie":[],"Person":[],"Product":[],"ProductReview":[],"Car":[],"Recipe":[],"Service":[],"SoftwareApplication":[],"WebPage":[]},"graphName":"","isEnabled":true},"graphs":[]},"schema_type":null,"schema_type_options":null,"pillar_content":false,"robots_default":true,"robots_noindex":false,"robots_noarchive":false,"robots_nosnippet":false,"robots_nofollow":false,"robots_noimageindex":false,"robots_noodp":false,"robots_notranslate":false,"robots_max_snippet":null,"robots_max_videopreview":null,"robots_max_imagepreview":"large","priority":null,"frequency":null,"location":null,"local_seo":null,"breadcrumb_settings":null,"limit_modified_date":false,"ai":null,"created":"2020-12-20 20:05:27","updated":"2025-07-19 21:37:23","seo_analyzer_scan_date":null,"focus_keyword":null,"additional_keywords":null,"truseo_locale":null},"jetpack_sharing_enabled":true,"jetpack-related-posts":[{"id":13124,"url":"https:\/\/www.jornalja.com.br\/arquivo\/sangue-latino-no-iecine\/","url_meta":{"origin":48568,"position":0},"title":"Sangue latino no IECINE","author":"da Reda\u00e7\u00e3o","date":"18 de maio de 2014","format":false,"excerpt":"Francisco Ribeiro O Instituto Estadual de Cinema (IECINE) tem a frente, desde abril \u00faltimo, um novo diretor, o cineasta colombiano Juan Zapata, 36, que substitui Luiz Alberto Cassol. Radicado h\u00e1 dez anos em Porto Alegre, Zapata tem diante de si o desafio de conduzir at\u00e9 o final do ano um\u2026","rel":"","context":"Em &quot;Cultura-Geral&quot;","block_context":{"text":"Cultura-Geral","link":"https:\/\/www.jornalja.com.br\/arquivo\/category\/materiasecundaria\/"},"img":{"alt_text":"","src":"","width":0,"height":0},"classes":[]},{"id":12960,"url":"https:\/\/www.jornalja.com.br\/arquivo\/populacao-culpa-empresas-pela-greve-dos-rodoviarios\/","url_meta":{"origin":48568,"position":1},"title":"Popula\u00e7\u00e3o culpa empresas pela greve","author":"Patr\u00edcia Marini","date":"14 de fevereiro de 2014","format":false,"excerpt":"Pesquisa divulgada na edi\u00e7\u00e3o do jornal Metro desta sexta-feira,14, comprova o velho ditado: \u00e9 poss\u00edvel enganar muitos por algum tempo, mas n\u00e3o \u00e9 poss\u00edvel enganar a todos o tempo inteiro. A principal revela\u00e7\u00e3o foi que 59,8% dos entrevistados apontaram as empresas como as principais respons\u00e1veis pela grave e 46% culparam\u2026","rel":"","context":"Em &quot;X.Categorias velhas&quot;","block_context":{"text":"X.Categorias velhas","link":"https:\/\/www.jornalja.com.br\/arquivo\/category\/x-categorias-velhas\/"},"img":{"alt_text":"","src":"","width":0,"height":0},"classes":[]},{"id":13109,"url":"https:\/\/www.jornalja.com.br\/arquivo\/judiciario-reconhece-poluicao-eletromagnetica\/","url_meta":{"origin":48568,"position":2},"title":"Judici\u00e1rio reconhece polui\u00e7\u00e3o eletromagn\u00e9tica","author":"Patr\u00edcia Marini","date":"16 de maio de 2014","format":false,"excerpt":"A\u00e7\u00e3o de duas associa\u00e7\u00f5es de moradores foi acolhida pelo Tribunal de Justi\u00e7a de S\u00e3o Paulo que. em decis\u00e3o in\u00e9dita, determinou a redu\u00e7\u00e3o do campo eletromagn\u00e9tico gerado pelas linhas de transmiss\u00e3o de energia que cortam os bairros City Boa\u00e7ava e Alto de Pinheiros. \u00c9 a primeira vez que um tribunal do\u2026","rel":"","context":"Em &quot;X.Categorias velhas&quot;","block_context":{"text":"X.Categorias velhas","link":"https:\/\/www.jornalja.com.br\/arquivo\/category\/x-categorias-velhas\/"},"img":{"alt_text":"","src":"","width":0,"height":0},"classes":[]},{"id":5440,"url":"https:\/\/www.jornalja.com.br\/arquivo\/casarao-da-venancio-destino-permanece-incerto\/","url_meta":{"origin":48568,"position":3},"title":"Estado ainda n\u00e3o sabe o que fazer com casar\u00e3o abandonado h\u00e1 20 anos","author":"Elmar Bones","date":"6 de julho de 2009","format":false,"excerpt":"O casar\u00e3o amarelo, numa esquina nobre de Porto Alegre (Ven\u00e2ncio Aires com Jo\u00e3o Pessoa), j\u00e1 abrigou uma escola. H\u00e1 duas d\u00e9cadas, pelo menos, est\u00e1 abandonado, porque seu propriet\u00e1rio, o governo do Estado do Rio Grande do Sul, n\u00e3o consegue achar um destino para ele. Planos n\u00e3o faltaram. O governador Ol\u00edvio\u2026","rel":"","context":"Em &quot;X.Categorias velhas&quot;","block_context":{"text":"X.Categorias velhas","link":"https:\/\/www.jornalja.com.br\/arquivo\/category\/x-categorias-velhas\/"},"img":{"alt_text":"geraldo1","src":"https:\/\/i0.wp.com\/www.jornalja.com.br\/wp-content\/uploads\/2009\/07\/geraldo1.jpg?resize=350%2C200&ssl=1","width":350,"height":200},"classes":[]},{"id":1280,"url":"https:\/\/www.jornalja.com.br\/arquivo\/o-menino-que-se-tornou-brizola\/","url_meta":{"origin":48568,"position":4},"title":"O Menino que se Tornou Brizola","author":"da Reda\u00e7\u00e3o","date":"28 de julho de 2008","format":false,"excerpt":"Autor: Cleber Dioni A vida de Leonel Brizola, com \u00eanfase para os primeiros anos em Porto Alegre, at\u00e9 o ex\u00edlio no Uruguai e a volta, quinze anos depois. \u00a0\"...\u00c9ramos todos jovens e nos identific\u00e1vamos com aquela massa an\u00f4nima a percorrer as ruas de Porto Alegre, gritando 'Get\u00falio', 'Get\u00falio' e empunhando\u2026","rel":"","context":"Em &quot;Livros&quot;","block_context":{"text":"Livros","link":"https:\/\/www.jornalja.com.br\/arquivo\/category\/livros\/"},"img":{"alt_text":"","src":"https:\/\/i0.wp.com\/www.jornalja.com.br\/wp-content\/uploads\/2008\/07\/brizola.gif?resize=350%2C200&ssl=1","width":350,"height":200},"classes":[]},{"id":14241,"url":"https:\/\/www.jornalja.com.br\/arquivo\/o-guaiba-nas-imagens-poeticas-de-achutti\/","url_meta":{"origin":48568,"position":5},"title":"O Gua\u00edba nas imagens po\u00e9ticas de Achutti","author":"da Reda\u00e7\u00e3o","date":"18 de junho de 2014","format":false,"excerpt":"Em \u201cO Gua\u00edba por Achutti\u201d \u2013 obra financiada via Minist\u00e9rio da Cultura, produ\u00e7\u00e3o executiva de Pedro Longhi, e Fl\u00e1vio Wild como designer \u2013, o fot\u00f3grafo revela a beleza e as mazelas de um espa\u00e7o aqu\u00e1tico de \u00e1guas sempre renovadas, cheio de hist\u00f3rias e lendas como as das cidades que foram\u2026","rel":"","context":"Em &quot;Cultura-Geral&quot;","block_context":{"text":"Cultura-Geral","link":"https:\/\/www.jornalja.com.br\/arquivo\/category\/materiasecundaria\/"},"img":{"alt_text":"","src":"","width":0,"height":0},"classes":[]}],"jetpack_shortlink":"https:\/\/wp.me\/pbQjBd-cDm","jetpack_featured_media_url":"","_links":{"self":[{"href":"https:\/\/www.jornalja.com.br\/arquivo\/wp-json\/wp\/v2\/posts\/48568","targetHints":{"allow":["GET"]}}],"collection":[{"href":"https:\/\/www.jornalja.com.br\/arquivo\/wp-json\/wp\/v2\/posts"}],"about":[{"href":"https:\/\/www.jornalja.com.br\/arquivo\/wp-json\/wp\/v2\/types\/post"}],"author":[{"embeddable":true,"href":"https:\/\/www.jornalja.com.br\/arquivo\/wp-json\/wp\/v2\/users\/4"}],"replies":[{"embeddable":true,"href":"https:\/\/www.jornalja.com.br\/arquivo\/wp-json\/wp\/v2\/comments?post=48568"}],"version-history":[{"count":0,"href":"https:\/\/www.jornalja.com.br\/arquivo\/wp-json\/wp\/v2\/posts\/48568\/revisions"}],"wp:attachment":[{"href":"https:\/\/www.jornalja.com.br\/arquivo\/wp-json\/wp\/v2\/media?parent=48568"}],"wp:term":[{"taxonomy":"category","embeddable":true,"href":"https:\/\/www.jornalja.com.br\/arquivo\/wp-json\/wp\/v2\/categories?post=48568"},{"taxonomy":"post_tag","embeddable":true,"href":"https:\/\/www.jornalja.com.br\/arquivo\/wp-json\/wp\/v2\/tags?post=48568"}],"curies":[{"name":"wp","href":"https:\/\/api.w.org\/{rel}","templated":true}]}}