{"id":48626,"date":"2017-05-18T14:55:37","date_gmt":"2017-05-18T17:55:37","guid":{"rendered":"https:\/\/www.jornalja.com.br\/?p=48626"},"modified":"2017-05-18T14:55:37","modified_gmt":"2017-05-18T17:55:37","slug":"manifestacoes-em-todo-o-pais-por-renuncia-de-temer-e-eleicoes-diretas-ja","status":"publish","type":"post","link":"https:\/\/www.jornalja.com.br\/arquivo\/manifestacoes-em-todo-o-pais-por-renuncia-de-temer-e-eleicoes-diretas-ja\/","title":{"rendered":"Manifesta\u00e7\u00f5es em todo o pa\u00eds por ren\u00fancia de Temer e elei\u00e7\u00f5es diretas j\u00e1"},"content":{"rendered":"<p>Manifesta\u00e7\u00f5es de rua pela ren\u00fancia de Michel Temer e por elei\u00e7\u00f5es diretas est\u00e3o se organizando em pelo menos 17 estados brasileiros para a tarde desta quinta-feira, que devem se repetir at\u00e9 domingo.<br \/>\nA mobiliza\u00e7\u00e3o, que j\u00e1 vinha acontecendo devido \u00e0s reformas trabalhista e da Previd\u00eancia pretendidas pelo governo Temer, aumentou rapidamente depois da not\u00edcia bomba que caiu sobre o pa\u00eds na quarta-feira.<br \/>\nAinda \u00e0 noite, as organiza\u00e7\u00f5es que comp\u00f5em as Frentes Brasil Popular e Povo Sem Medo chamaram concentra\u00e7\u00f5es em todos os estados<br \/>\nNo Rio Grande do Sul, al\u00e9m da Capital, armam-se protestos a partir das 18 horas nas principais cidades do Estado, como Caxias do Sul (com concentra\u00e7\u00e3o na pra\u00e7a Dante Aleguieri), Pelotas (Mercado Central), \u00a0Santa Maria (Saldanha Marinho) e Rio Grande (Largo Dr. Pio).<br \/>\nEm Porto Alegre, onde desde o final da manh\u00e3 sucedem-se protestos em diversos pontos da cidade, a concentra\u00e7\u00e3o est\u00e1 marcada para as 18 horas, na Esquina Democr\u00e1tica.<br \/>\n<strong>Programa\u00e7\u00e3o nas principais cidades do\u00a0Rio Grande do Sul:<\/strong><br \/>\n<strong>Caxias do Sul <\/strong>\u2013 18\/05, \u00e0s 18h (Dante Alighieri).\u00a0<a href=\"http:\/\/goo.gl\/XIB9dr\" target=\"_blank\" rel=\"external noopener noreferrer\">http:\/\/goo.gl\/XIB9dr<\/a><br \/>\n<strong>Pelotas<\/strong> \u2013 18\/05, \u00e0s 17h, (Mercado Central).\u00a0<a href=\"http:\/\/goo.gl\/deM5iT\" target=\"_blank\" rel=\"external noopener noreferrer\">http:\/\/goo.gl\/deM5iT<\/a><br \/>\n<strong>Porto Alegre<\/strong> \u2013 18\/05, 18h (Esquina Democr\u00e1tica).\u00a0<a href=\"http:\/\/goo.gl\/sRgUVR\" target=\"_blank\" rel=\"external noopener noreferrer\">http:\/\/goo.gl\/sRgUVR<\/a><br \/>\n<strong>Rio Grande<\/strong> \u2013 18\/05, \u00e0s 18h (Largo Dr. Pio).\u00a0<a href=\"http:\/\/goo.gl\/6eYSlU\" target=\"_blank\" rel=\"external noopener noreferrer\">http:\/\/goo.gl\/6eYSlU<\/a><br \/>\n<strong>Santa Maria<\/strong> \u2013 18\/05, \u00e0s 16h (Saldanha Marinho).\u00a0<a href=\"http:\/\/goo.gl\/Z6jRyy\" target=\"_blank\" rel=\"external noopener noreferrer\">http:\/\/goo.gl\/Z6jRyy<\/a><\/p>\n","protected":false},"excerpt":{"rendered":"<p>Manifesta\u00e7\u00f5es de rua pela ren\u00fancia de Michel Temer e por elei\u00e7\u00f5es diretas est\u00e3o se organizando em pelo menos 17 estados brasileiros para a tarde desta quinta-feira, que devem se repetir at\u00e9 domingo. A mobiliza\u00e7\u00e3o, que j\u00e1 vinha acontecendo devido \u00e0s reformas trabalhista e da Previd\u00eancia pretendidas pelo governo Temer, aumentou rapidamente depois da not\u00edcia bomba [&hellip;]<\/p>\n","protected":false},"author":4,"featured_media":48630,"comment_status":"open","ping_status":"closed","sticky":false,"template":"","format":"standard","meta":{"_jetpack_newsletter_access":"","_jetpack_dont_email_post_to_subs":false,"_jetpack_newsletter_tier_id":0,"_jetpack_memberships_contains_paywalled_content":false,"_jetpack_feature_clip_id":0,"_jetpack_memberships_contains_paid_content":false,"footnotes":"","jetpack_post_was_ever_published":false},"categories":[26],"tags":[],"class_list":["post-48626","post","type-post","status-publish","format-standard","has-post-thumbnail","hentry","category-geral"],"aioseo_notices":[],"aioseo_head":"\n\t\t<!-- All in One SEO 5.0.1.1 - aioseo.com -->\n\t<meta name=\"robots\" content=\"max-image-preview:large\" \/>\n\t<meta name=\"author\" content=\"da Reda\u00e7\u00e3o\"\/>\n\t<link rel=\"canonical\" href=\"https:\/\/www.jornalja.com.br\/arquivo\/manifestacoes-em-todo-o-pais-por-renuncia-de-temer-e-eleicoes-diretas-ja\/\" \/>\n\t<meta name=\"generator\" content=\"All in One SEO (AIOSEO) 5.0.1.1\" \/>\n\t\t<meta property=\"og:locale\" content=\"pt_BR\" \/>\n\t\t<meta property=\"og:site_name\" content=\"Arquivo | Jornal J\u00c1 | Porto Alegre\" \/>\n\t\t<meta property=\"og:type\" content=\"article\" \/>\n\t\t<meta property=\"og:title\" content=\"Manifesta\u00e7\u00f5es em todo o pa\u00eds por ren\u00fancia de Temer e elei\u00e7\u00f5es diretas j\u00e1 | Arquivo\" \/>\n\t\t<meta property=\"og:url\" content=\"https:\/\/www.jornalja.com.br\/arquivo\/manifestacoes-em-todo-o-pais-por-renuncia-de-temer-e-eleicoes-diretas-ja\/\" \/>\n\t\t<meta property=\"og:image\" content=\"https:\/\/www.jornalja.com.br\/economics\/wp-content\/uploads\/sites\/11\/2026\/08\/ja-folhaderosto-facebook.jpg\" \/>\n\t\t<meta property=\"og:image:secure_url\" content=\"https:\/\/www.jornalja.com.br\/economics\/wp-content\/uploads\/sites\/11\/2026\/08\/ja-folhaderosto-facebook.jpg\" \/>\n\t\t<meta property=\"article:published_time\" content=\"2017-05-18T17:55:37+00:00\" \/>\n\t\t<meta property=\"article:modified_time\" content=\"2017-05-18T17:55:37+00:00\" \/>\n\t\t<meta name=\"twitter:card\" content=\"summary\" \/>\n\t\t<meta name=\"twitter:title\" content=\"Manifesta\u00e7\u00f5es em todo o pa\u00eds por ren\u00fancia de Temer e elei\u00e7\u00f5es diretas j\u00e1 | Arquivo\" \/>\n\t\t<meta name=\"twitter:image\" content=\"https:\/\/www.jornalja.com.br\/economics\/wp-content\/uploads\/sites\/11\/2026\/08\/ja-folhaderosto-facebook.jpg\" \/>\n\t\t<script type=\"application\/ld+json\" class=\"aioseo-schema\">\n\t\t\t{\"@context\":\"https:\\\/\\\/schema.org\",\"@graph\":[{\"@type\":\"BlogPosting\",\"@id\":\"https:\\\/\\\/www.jornalja.com.br\\\/arquivo\\\/manifestacoes-em-todo-o-pais-por-renuncia-de-temer-e-eleicoes-diretas-ja\\\/#blogposting\",\"name\":\"Manifesta\\u00e7\\u00f5es em todo o pa\\u00eds por ren\\u00fancia de Temer e elei\\u00e7\\u00f5es diretas j\\u00e1 | Arquivo\",\"headline\":\"Manifesta\\u00e7\\u00f5es em todo o pa\\u00eds por ren\\u00fancia de Temer e elei\\u00e7\\u00f5es diretas j\\u00e1\",\"author\":{\"@id\":\"https:\\\/\\\/www.jornalja.com.br\\\/arquivo\\\/author\\\/daredacao\\\/#author\"},\"publisher\":{\"@id\":\"https:\\\/\\\/www.jornalja.com.br\\\/arquivo\\\/#organization\"},\"image\":{\"@type\":\"ImageObject\",\"url\":48630},\"datePublished\":\"2017-05-18T14:55:37-03:00\",\"dateModified\":\"2017-05-18T14:55:37-03:00\",\"inLanguage\":\"pt-BR\",\"mainEntityOfPage\":{\"@id\":\"https:\\\/\\\/www.jornalja.com.br\\\/arquivo\\\/manifestacoes-em-todo-o-pais-por-renuncia-de-temer-e-eleicoes-diretas-ja\\\/#webpage\"},\"isPartOf\":{\"@id\":\"https:\\\/\\\/www.jornalja.com.br\\\/arquivo\\\/manifestacoes-em-todo-o-pais-por-renuncia-de-temer-e-eleicoes-diretas-ja\\\/#webpage\"},\"articleSection\":\"Geral\"},{\"@type\":\"BreadcrumbList\",\"@id\":\"https:\\\/\\\/www.jornalja.com.br\\\/arquivo\\\/manifestacoes-em-todo-o-pais-por-renuncia-de-temer-e-eleicoes-diretas-ja\\\/#breadcrumblist\",\"itemListElement\":[{\"@type\":\"ListItem\",\"@id\":\"https:\\\/\\\/www.jornalja.com.br\\\/arquivo#listItem\",\"position\":1,\"name\":\"Home\",\"item\":\"https:\\\/\\\/www.jornalja.com.br\\\/arquivo\",\"nextItem\":{\"@type\":\"ListItem\",\"@id\":\"https:\\\/\\\/www.jornalja.com.br\\\/arquivo\\\/category\\\/geral\\\/#listItem\",\"name\":\"Geral\"}},{\"@type\":\"ListItem\",\"@id\":\"https:\\\/\\\/www.jornalja.com.br\\\/arquivo\\\/category\\\/geral\\\/#listItem\",\"position\":2,\"name\":\"Geral\",\"item\":\"https:\\\/\\\/www.jornalja.com.br\\\/arquivo\\\/category\\\/geral\\\/\",\"nextItem\":{\"@type\":\"ListItem\",\"@id\":\"https:\\\/\\\/www.jornalja.com.br\\\/arquivo\\\/manifestacoes-em-todo-o-pais-por-renuncia-de-temer-e-eleicoes-diretas-ja\\\/#listItem\",\"name\":\"Manifesta\\u00e7\\u00f5es em todo o pa\\u00eds por ren\\u00fancia de Temer e elei\\u00e7\\u00f5es diretas j\\u00e1\"},\"previousItem\":{\"@type\":\"ListItem\",\"@id\":\"https:\\\/\\\/www.jornalja.com.br\\\/arquivo#listItem\",\"name\":\"Home\"}},{\"@type\":\"ListItem\",\"@id\":\"https:\\\/\\\/www.jornalja.com.br\\\/arquivo\\\/manifestacoes-em-todo-o-pais-por-renuncia-de-temer-e-eleicoes-diretas-ja\\\/#listItem\",\"position\":3,\"name\":\"Manifesta\\u00e7\\u00f5es em todo o pa\\u00eds por ren\\u00fancia de Temer e elei\\u00e7\\u00f5es diretas j\\u00e1\",\"previousItem\":{\"@type\":\"ListItem\",\"@id\":\"https:\\\/\\\/www.jornalja.com.br\\\/arquivo\\\/category\\\/geral\\\/#listItem\",\"name\":\"Geral\"}}]},{\"@type\":\"Organization\",\"@id\":\"https:\\\/\\\/www.jornalja.com.br\\\/arquivo\\\/#organization\",\"name\":\"Jornal J\\u00c1\",\"description\":\"Jornal J\\u00c1 | Porto Alegre\",\"url\":\"https:\\\/\\\/www.jornalja.com.br\\\/arquivo\\\/\",\"telephone\":\"+555133307272\",\"logo\":{\"@type\":\"ImageObject\",\"url\":\"https:\\\/\\\/www.jornalja.com.br\\\/wp-content\\\/uploads\\\/cards\\\/JAslogan.png\",\"@id\":\"https:\\\/\\\/www.jornalja.com.br\\\/arquivo\\\/manifestacoes-em-todo-o-pais-por-renuncia-de-temer-e-eleicoes-diretas-ja\\\/#organizationLogo\"},\"image\":{\"@id\":\"https:\\\/\\\/www.jornalja.com.br\\\/arquivo\\\/manifestacoes-em-todo-o-pais-por-renuncia-de-temer-e-eleicoes-diretas-ja\\\/#organizationLogo\"}},{\"@type\":\"Person\",\"@id\":\"https:\\\/\\\/www.jornalja.com.br\\\/arquivo\\\/author\\\/daredacao\\\/#author\",\"url\":\"https:\\\/\\\/www.jornalja.com.br\\\/arquivo\\\/author\\\/daredacao\\\/\",\"name\":\"da Reda\\u00e7\\u00e3o\",\"image\":{\"@type\":\"ImageObject\",\"@id\":\"https:\\\/\\\/www.jornalja.com.br\\\/arquivo\\\/manifestacoes-em-todo-o-pais-por-renuncia-de-temer-e-eleicoes-diretas-ja\\\/#authorImage\",\"url\":\"https:\\\/\\\/secure.gravatar.com\\\/avatar\\\/469fd857d6605ad19919d27ed29d35a968a25f6e8fd9318356bbb7f57aae9c65?s=96&d=mm&r=g\",\"width\":96,\"height\":96,\"caption\":\"da Reda\\u00e7\\u00e3o\"}},{\"@type\":\"WebPage\",\"@id\":\"https:\\\/\\\/www.jornalja.com.br\\\/arquivo\\\/manifestacoes-em-todo-o-pais-por-renuncia-de-temer-e-eleicoes-diretas-ja\\\/#webpage\",\"url\":\"https:\\\/\\\/www.jornalja.com.br\\\/arquivo\\\/manifestacoes-em-todo-o-pais-por-renuncia-de-temer-e-eleicoes-diretas-ja\\\/\",\"name\":\"Manifesta\\u00e7\\u00f5es em todo o pa\\u00eds por ren\\u00fancia de Temer e elei\\u00e7\\u00f5es diretas j\\u00e1 | Arquivo\",\"inLanguage\":\"pt-BR\",\"isPartOf\":{\"@id\":\"https:\\\/\\\/www.jornalja.com.br\\\/arquivo\\\/#website\"},\"breadcrumb\":{\"@id\":\"https:\\\/\\\/www.jornalja.com.br\\\/arquivo\\\/manifestacoes-em-todo-o-pais-por-renuncia-de-temer-e-eleicoes-diretas-ja\\\/#breadcrumblist\"},\"author\":{\"@id\":\"https:\\\/\\\/www.jornalja.com.br\\\/arquivo\\\/author\\\/daredacao\\\/#author\"},\"creator\":{\"@id\":\"https:\\\/\\\/www.jornalja.com.br\\\/arquivo\\\/author\\\/daredacao\\\/#author\"},\"image\":{\"@type\":\"ImageObject\",\"url\":48630,\"@id\":\"https:\\\/\\\/www.jornalja.com.br\\\/arquivo\\\/manifestacoes-em-todo-o-pais-por-renuncia-de-temer-e-eleicoes-diretas-ja\\\/#mainImage\"},\"primaryImageOfPage\":{\"@id\":\"https:\\\/\\\/www.jornalja.com.br\\\/arquivo\\\/manifestacoes-em-todo-o-pais-por-renuncia-de-temer-e-eleicoes-diretas-ja\\\/#mainImage\"},\"datePublished\":\"2017-05-18T14:55:37-03:00\",\"dateModified\":\"2017-05-18T14:55:37-03:00\"},{\"@type\":\"WebSite\",\"@id\":\"https:\\\/\\\/www.jornalja.com.br\\\/arquivo\\\/#website\",\"url\":\"https:\\\/\\\/www.jornalja.com.br\\\/arquivo\\\/\",\"name\":\"Arquivo\",\"description\":\"Jornal J\\u00c1 | Porto Alegre\",\"inLanguage\":\"pt-BR\",\"publisher\":{\"@id\":\"https:\\\/\\\/www.jornalja.com.br\\\/arquivo\\\/#organization\"}}]}\n\t\t<\/script>\n\t\t<!-- All in One SEO -->\n\n","aioseo_head_json":{"title":"Manifesta\u00e7\u00f5es em todo o pa\u00eds por ren\u00fancia de Temer e elei\u00e7\u00f5es diretas j\u00e1 | Arquivo","description":"","canonical_url":"https:\/\/www.jornalja.com.br\/arquivo\/manifestacoes-em-todo-o-pais-por-renuncia-de-temer-e-eleicoes-diretas-ja\/","robots":"max-image-preview:large","keywords":"","webmasterTools":{"miscellaneous":""},"schema":{"@context":"https:\/\/schema.org","@graph":[{"@type":"BlogPosting","@id":"https:\/\/www.jornalja.com.br\/arquivo\/manifestacoes-em-todo-o-pais-por-renuncia-de-temer-e-eleicoes-diretas-ja\/#blogposting","name":"Manifesta\u00e7\u00f5es em todo o pa\u00eds por ren\u00fancia de Temer e elei\u00e7\u00f5es diretas j\u00e1 | Arquivo","headline":"Manifesta\u00e7\u00f5es em todo o pa\u00eds por ren\u00fancia de Temer e elei\u00e7\u00f5es diretas j\u00e1","author":{"@id":"https:\/\/www.jornalja.com.br\/arquivo\/author\/daredacao\/#author"},"publisher":{"@id":"https:\/\/www.jornalja.com.br\/arquivo\/#organization"},"image":{"@type":"ImageObject","url":48630},"datePublished":"2017-05-18T14:55:37-03:00","dateModified":"2017-05-18T14:55:37-03:00","inLanguage":"pt-BR","mainEntityOfPage":{"@id":"https:\/\/www.jornalja.com.br\/arquivo\/manifestacoes-em-todo-o-pais-por-renuncia-de-temer-e-eleicoes-diretas-ja\/#webpage"},"isPartOf":{"@id":"https:\/\/www.jornalja.com.br\/arquivo\/manifestacoes-em-todo-o-pais-por-renuncia-de-temer-e-eleicoes-diretas-ja\/#webpage"},"articleSection":"Geral"},{"@type":"BreadcrumbList","@id":"https:\/\/www.jornalja.com.br\/arquivo\/manifestacoes-em-todo-o-pais-por-renuncia-de-temer-e-eleicoes-diretas-ja\/#breadcrumblist","itemListElement":[{"@type":"ListItem","@id":"https:\/\/www.jornalja.com.br\/arquivo#listItem","position":1,"name":"Home","item":"https:\/\/www.jornalja.com.br\/arquivo","nextItem":{"@type":"ListItem","@id":"https:\/\/www.jornalja.com.br\/arquivo\/category\/geral\/#listItem","name":"Geral"}},{"@type":"ListItem","@id":"https:\/\/www.jornalja.com.br\/arquivo\/category\/geral\/#listItem","position":2,"name":"Geral","item":"https:\/\/www.jornalja.com.br\/arquivo\/category\/geral\/","nextItem":{"@type":"ListItem","@id":"https:\/\/www.jornalja.com.br\/arquivo\/manifestacoes-em-todo-o-pais-por-renuncia-de-temer-e-eleicoes-diretas-ja\/#listItem","name":"Manifesta\u00e7\u00f5es em todo o pa\u00eds por ren\u00fancia de Temer e elei\u00e7\u00f5es diretas j\u00e1"},"previousItem":{"@type":"ListItem","@id":"https:\/\/www.jornalja.com.br\/arquivo#listItem","name":"Home"}},{"@type":"ListItem","@id":"https:\/\/www.jornalja.com.br\/arquivo\/manifestacoes-em-todo-o-pais-por-renuncia-de-temer-e-eleicoes-diretas-ja\/#listItem","position":3,"name":"Manifesta\u00e7\u00f5es em todo o pa\u00eds por ren\u00fancia de Temer e elei\u00e7\u00f5es diretas j\u00e1","previousItem":{"@type":"ListItem","@id":"https:\/\/www.jornalja.com.br\/arquivo\/category\/geral\/#listItem","name":"Geral"}}]},{"@type":"Organization","@id":"https:\/\/www.jornalja.com.br\/arquivo\/#organization","name":"Jornal J\u00c1","description":"Jornal J\u00c1 | Porto Alegre","url":"https:\/\/www.jornalja.com.br\/arquivo\/","telephone":"+555133307272","logo":{"@type":"ImageObject","url":"https:\/\/www.jornalja.com.br\/wp-content\/uploads\/cards\/JAslogan.png","@id":"https:\/\/www.jornalja.com.br\/arquivo\/manifestacoes-em-todo-o-pais-por-renuncia-de-temer-e-eleicoes-diretas-ja\/#organizationLogo"},"image":{"@id":"https:\/\/www.jornalja.com.br\/arquivo\/manifestacoes-em-todo-o-pais-por-renuncia-de-temer-e-eleicoes-diretas-ja\/#organizationLogo"}},{"@type":"Person","@id":"https:\/\/www.jornalja.com.br\/arquivo\/author\/daredacao\/#author","url":"https:\/\/www.jornalja.com.br\/arquivo\/author\/daredacao\/","name":"da Reda\u00e7\u00e3o","image":{"@type":"ImageObject","@id":"https:\/\/www.jornalja.com.br\/arquivo\/manifestacoes-em-todo-o-pais-por-renuncia-de-temer-e-eleicoes-diretas-ja\/#authorImage","url":"https:\/\/secure.gravatar.com\/avatar\/469fd857d6605ad19919d27ed29d35a968a25f6e8fd9318356bbb7f57aae9c65?s=96&d=mm&r=g","width":96,"height":96,"caption":"da Reda\u00e7\u00e3o"}},{"@type":"WebPage","@id":"https:\/\/www.jornalja.com.br\/arquivo\/manifestacoes-em-todo-o-pais-por-renuncia-de-temer-e-eleicoes-diretas-ja\/#webpage","url":"https:\/\/www.jornalja.com.br\/arquivo\/manifestacoes-em-todo-o-pais-por-renuncia-de-temer-e-eleicoes-diretas-ja\/","name":"Manifesta\u00e7\u00f5es em todo o pa\u00eds por ren\u00fancia de Temer e elei\u00e7\u00f5es diretas j\u00e1 | Arquivo","inLanguage":"pt-BR","isPartOf":{"@id":"https:\/\/www.jornalja.com.br\/arquivo\/#website"},"breadcrumb":{"@id":"https:\/\/www.jornalja.com.br\/arquivo\/manifestacoes-em-todo-o-pais-por-renuncia-de-temer-e-eleicoes-diretas-ja\/#breadcrumblist"},"author":{"@id":"https:\/\/www.jornalja.com.br\/arquivo\/author\/daredacao\/#author"},"creator":{"@id":"https:\/\/www.jornalja.com.br\/arquivo\/author\/daredacao\/#author"},"image":{"@type":"ImageObject","url":48630,"@id":"https:\/\/www.jornalja.com.br\/arquivo\/manifestacoes-em-todo-o-pais-por-renuncia-de-temer-e-eleicoes-diretas-ja\/#mainImage"},"primaryImageOfPage":{"@id":"https:\/\/www.jornalja.com.br\/arquivo\/manifestacoes-em-todo-o-pais-por-renuncia-de-temer-e-eleicoes-diretas-ja\/#mainImage"},"datePublished":"2017-05-18T14:55:37-03:00","dateModified":"2017-05-18T14:55:37-03:00"},{"@type":"WebSite","@id":"https:\/\/www.jornalja.com.br\/arquivo\/#website","url":"https:\/\/www.jornalja.com.br\/arquivo\/","name":"Arquivo","description":"Jornal J\u00c1 | Porto Alegre","inLanguage":"pt-BR","publisher":{"@id":"https:\/\/www.jornalja.com.br\/arquivo\/#organization"}}]},"og:locale":"pt_BR","og:site_name":"Arquivo | Jornal J\u00c1 | Porto Alegre","og:type":"article","og:title":"Manifesta\u00e7\u00f5es em todo o pa\u00eds por ren\u00fancia de Temer e elei\u00e7\u00f5es diretas j\u00e1 | Arquivo","og:url":"https:\/\/www.jornalja.com.br\/arquivo\/manifestacoes-em-todo-o-pais-por-renuncia-de-temer-e-eleicoes-diretas-ja\/","og:image":"https:\/\/www.jornalja.com.br\/economics\/wp-content\/uploads\/sites\/11\/2026\/08\/ja-folhaderosto-facebook.jpg","og:image:secure_url":"https:\/\/www.jornalja.com.br\/economics\/wp-content\/uploads\/sites\/11\/2026\/08\/ja-folhaderosto-facebook.jpg","article:published_time":"2017-05-18T17:55:37+00:00","article:modified_time":"2017-05-18T17:55:37+00:00","twitter:card":"summary","twitter:title":"Manifesta\u00e7\u00f5es em todo o pa\u00eds por ren\u00fancia de Temer e elei\u00e7\u00f5es diretas j\u00e1 | Arquivo","twitter:image":"https:\/\/www.jornalja.com.br\/economics\/wp-content\/uploads\/sites\/11\/2026\/08\/ja-folhaderosto-facebook.jpg"},"aioseo_meta_data":{"post_id":"48626","title":null,"description":null,"keywords":null,"keyphrases":null,"primary_term":null,"canonical_url":null,"og_title":null,"og_description":null,"og_object_type":"default","og_image_type":"default","og_image_url":null,"og_image_width":null,"og_image_height":null,"og_image_custom_url":null,"og_image_custom_fields":null,"og_video":null,"og_custom_url":null,"og_article_section":null,"og_article_tags":null,"twitter_use_og":false,"twitter_card":"default","twitter_image_type":"default","twitter_image_url":null,"twitter_image_custom_url":null,"twitter_image_custom_fields":null,"twitter_title":null,"twitter_description":null,"schema":{"blockGraphs":[],"customGraphs":[],"default":{"data":{"Article":[],"Course":[],"Dataset":[],"FAQPage":[],"Movie":[],"Person":[],"Product":[],"ProductReview":[],"Car":[],"Recipe":[],"Service":[],"SoftwareApplication":[],"WebPage":[]},"graphName":"","isEnabled":true},"graphs":[],"defaultGraph":"","defaultPostTypeGraph":""},"schema_type":null,"schema_type_options":null,"pillar_content":false,"robots_default":true,"robots_noindex":false,"robots_noarchive":false,"robots_nosnippet":false,"robots_nofollow":false,"robots_noimageindex":false,"robots_noodp":false,"robots_notranslate":false,"robots_max_snippet":null,"robots_max_videopreview":null,"robots_max_imagepreview":"large","priority":null,"frequency":null,"location":null,"local_seo":null,"breadcrumb_settings":null,"limit_modified_date":false,"ai":null,"created":"2020-12-20 20:35:21","updated":"2025-07-19 21:37:24","seo_analyzer_scan_date":null,"focus_keyword":null,"additional_keywords":null,"truseo_locale":null},"jetpack_sharing_enabled":true,"jetpack-related-posts":[{"id":13124,"url":"https:\/\/www.jornalja.com.br\/arquivo\/sangue-latino-no-iecine\/","url_meta":{"origin":48626,"position":0},"title":"Sangue latino no IECINE","author":"da Reda\u00e7\u00e3o","date":"18 de maio de 2014","format":false,"excerpt":"Francisco Ribeiro O Instituto Estadual de Cinema (IECINE) tem a frente, desde abril \u00faltimo, um novo diretor, o cineasta colombiano Juan Zapata, 36, que substitui Luiz Alberto Cassol. Radicado h\u00e1 dez anos em Porto Alegre, Zapata tem diante de si o desafio de conduzir at\u00e9 o final do ano um\u2026","rel":"","context":"Em &quot;Cultura-Geral&quot;","block_context":{"text":"Cultura-Geral","link":"https:\/\/www.jornalja.com.br\/arquivo\/category\/materiasecundaria\/"},"img":{"alt_text":"","src":"","width":0,"height":0},"classes":[]},{"id":13109,"url":"https:\/\/www.jornalja.com.br\/arquivo\/judiciario-reconhece-poluicao-eletromagnetica\/","url_meta":{"origin":48626,"position":1},"title":"Judici\u00e1rio reconhece polui\u00e7\u00e3o eletromagn\u00e9tica","author":"Patr\u00edcia Marini","date":"16 de maio de 2014","format":false,"excerpt":"A\u00e7\u00e3o de duas associa\u00e7\u00f5es de moradores foi acolhida pelo Tribunal de Justi\u00e7a de S\u00e3o Paulo que. em decis\u00e3o in\u00e9dita, determinou a redu\u00e7\u00e3o do campo eletromagn\u00e9tico gerado pelas linhas de transmiss\u00e3o de energia que cortam os bairros City Boa\u00e7ava e Alto de Pinheiros. \u00c9 a primeira vez que um tribunal do\u2026","rel":"","context":"Em &quot;X.Categorias velhas&quot;","block_context":{"text":"X.Categorias velhas","link":"https:\/\/www.jornalja.com.br\/arquivo\/category\/x-categorias-velhas\/"},"img":{"alt_text":"","src":"","width":0,"height":0},"classes":[]},{"id":14241,"url":"https:\/\/www.jornalja.com.br\/arquivo\/o-guaiba-nas-imagens-poeticas-de-achutti\/","url_meta":{"origin":48626,"position":2},"title":"O Gua\u00edba nas imagens po\u00e9ticas de Achutti","author":"da Reda\u00e7\u00e3o","date":"18 de junho de 2014","format":false,"excerpt":"Em \u201cO Gua\u00edba por Achutti\u201d \u2013 obra financiada via Minist\u00e9rio da Cultura, produ\u00e7\u00e3o executiva de Pedro Longhi, e Fl\u00e1vio Wild como designer \u2013, o fot\u00f3grafo revela a beleza e as mazelas de um espa\u00e7o aqu\u00e1tico de \u00e1guas sempre renovadas, cheio de hist\u00f3rias e lendas como as das cidades que foram\u2026","rel":"","context":"Em &quot;Cultura-Geral&quot;","block_context":{"text":"Cultura-Geral","link":"https:\/\/www.jornalja.com.br\/arquivo\/category\/materiasecundaria\/"},"img":{"alt_text":"","src":"","width":0,"height":0},"classes":[]},{"id":13240,"url":"https:\/\/www.jornalja.com.br\/arquivo\/plano-diretor-estamos-construindo-o-caos\/","url_meta":{"origin":48626,"position":3},"title":"Plano diretor: &quot;Estamos construindo o caos&quot;","author":"Patr\u00edcia Marini","date":"26 de maio de 2014","format":false,"excerpt":"Desabafo que arquiteta Eliana Castilhos, delegada da Regi\u00e3o de Planejamento 1, postou nas redes sociais \u00e9 um testemunho do ambiente que se criou no Conselho do Plano Diretor de Porto Alegre, onde a aprova\u00e7\u00e3o de grandes empreendimentos \u00e9 empurrada guela abaixo dos conselheiros. Ao CMDUA Como delegada da Regi\u00e3o de\u2026","rel":"","context":"Em &quot;Geral&quot;","block_context":{"text":"Geral","link":"https:\/\/www.jornalja.com.br\/arquivo\/category\/geral\/"},"img":{"alt_text":"","src":"","width":0,"height":0},"classes":[]},{"id":5440,"url":"https:\/\/www.jornalja.com.br\/arquivo\/casarao-da-venancio-destino-permanece-incerto\/","url_meta":{"origin":48626,"position":4},"title":"Estado ainda n\u00e3o sabe o que fazer com casar\u00e3o abandonado h\u00e1 20 anos","author":"Elmar Bones","date":"6 de julho de 2009","format":false,"excerpt":"O casar\u00e3o amarelo, numa esquina nobre de Porto Alegre (Ven\u00e2ncio Aires com Jo\u00e3o Pessoa), j\u00e1 abrigou uma escola. H\u00e1 duas d\u00e9cadas, pelo menos, est\u00e1 abandonado, porque seu propriet\u00e1rio, o governo do Estado do Rio Grande do Sul, n\u00e3o consegue achar um destino para ele. Planos n\u00e3o faltaram. O governador Ol\u00edvio\u2026","rel":"","context":"Em &quot;X.Categorias velhas&quot;","block_context":{"text":"X.Categorias velhas","link":"https:\/\/www.jornalja.com.br\/arquivo\/category\/x-categorias-velhas\/"},"img":{"alt_text":"geraldo1","src":"https:\/\/i0.wp.com\/www.jornalja.com.br\/wp-content\/uploads\/2009\/07\/geraldo1.jpg?resize=350%2C200&ssl=1","width":350,"height":200},"classes":[]},{"id":12960,"url":"https:\/\/www.jornalja.com.br\/arquivo\/populacao-culpa-empresas-pela-greve-dos-rodoviarios\/","url_meta":{"origin":48626,"position":5},"title":"Popula\u00e7\u00e3o culpa empresas pela greve","author":"Patr\u00edcia Marini","date":"14 de fevereiro de 2014","format":false,"excerpt":"Pesquisa divulgada na edi\u00e7\u00e3o do jornal Metro desta sexta-feira,14, comprova o velho ditado: \u00e9 poss\u00edvel enganar muitos por algum tempo, mas n\u00e3o \u00e9 poss\u00edvel enganar a todos o tempo inteiro. A principal revela\u00e7\u00e3o foi que 59,8% dos entrevistados apontaram as empresas como as principais respons\u00e1veis pela grave e 46% culparam\u2026","rel":"","context":"Em &quot;X.Categorias velhas&quot;","block_context":{"text":"X.Categorias velhas","link":"https:\/\/www.jornalja.com.br\/arquivo\/category\/x-categorias-velhas\/"},"img":{"alt_text":"","src":"","width":0,"height":0},"classes":[]}],"jetpack_shortlink":"https:\/\/wp.me\/pbQjBd-cEi","jetpack_featured_media_url":"","_links":{"self":[{"href":"https:\/\/www.jornalja.com.br\/arquivo\/wp-json\/wp\/v2\/posts\/48626","targetHints":{"allow":["GET"]}}],"collection":[{"href":"https:\/\/www.jornalja.com.br\/arquivo\/wp-json\/wp\/v2\/posts"}],"about":[{"href":"https:\/\/www.jornalja.com.br\/arquivo\/wp-json\/wp\/v2\/types\/post"}],"author":[{"embeddable":true,"href":"https:\/\/www.jornalja.com.br\/arquivo\/wp-json\/wp\/v2\/users\/4"}],"replies":[{"embeddable":true,"href":"https:\/\/www.jornalja.com.br\/arquivo\/wp-json\/wp\/v2\/comments?post=48626"}],"version-history":[{"count":0,"href":"https:\/\/www.jornalja.com.br\/arquivo\/wp-json\/wp\/v2\/posts\/48626\/revisions"}],"wp:attachment":[{"href":"https:\/\/www.jornalja.com.br\/arquivo\/wp-json\/wp\/v2\/media?parent=48626"}],"wp:term":[{"taxonomy":"category","embeddable":true,"href":"https:\/\/www.jornalja.com.br\/arquivo\/wp-json\/wp\/v2\/categories?post=48626"},{"taxonomy":"post_tag","embeddable":true,"href":"https:\/\/www.jornalja.com.br\/arquivo\/wp-json\/wp\/v2\/tags?post=48626"}],"curies":[{"name":"wp","href":"https:\/\/api.w.org\/{rel}","templated":true}]}}