{"id":48633,"date":"2017-05-18T15:07:42","date_gmt":"2017-05-18T18:07:42","guid":{"rendered":"https:\/\/www.jornalja.com.br\/?p=48633"},"modified":"2017-05-18T15:07:42","modified_gmt":"2017-05-18T18:07:42","slug":"ccj-preve-votar-pec-das-eleicoes-diretas-so-na-proxima-terca-feira","status":"publish","type":"post","link":"https:\/\/www.jornalja.com.br\/arquivo\/ccj-preve-votar-pec-das-eleicoes-diretas-so-na-proxima-terca-feira\/","title":{"rendered":"CCJ prev\u00ea votar PEC das elei\u00e7\u00f5es diretas s\u00f3 na pr\u00f3xima ter\u00e7a-feira"},"content":{"rendered":"<div id=\"tituloNoticia\"><\/div>\n<div id=\"conteudoNoticia\">\nUm acordo na Comiss\u00e3o de Constitui\u00e7\u00e3o e Justi\u00e7a e de Cidadania (CCJ) transferiu para a pr\u00f3xima ter\u00e7a-feira (23), a vota\u00e7\u00e3o da Proposta de Emenda \u00e0 Constitui\u00e7\u00e3o (PEC) <a href=\"http:\/\/www2.camara.leg.br\/camaranoticias\/noticias\/DIREITO-E-JUSTICA\/521354-PEC-PREVE-ELEICOES-DIRETAS-PARA-PRESIDENCIA-DA-REPUBLICA-ATE-SEIS-MESES-DO-FIM-DO-MANDATO.html\" target=\"_blank\" rel=\"noopener noreferrer\">227\/16<\/a>, que permite elei\u00e7\u00f5es diretas para a Presid\u00eancia da Rep\u00fablica em caso de vac\u00e2ncia do titular.<br \/>\nA oposi\u00e7\u00e3o pretendia colocar a proposta em vota\u00e7\u00e3o nesta manh\u00e3. \u201cN\u00e3o seria poss\u00edvel porque n\u00e3o haveria qu\u00f3rum, mas tamb\u00e9m porque por acordo a CCJ n\u00e3o tem votado PECs e projetos pol\u00eamicos \u00e0s quintas-feiras, quando nem todos os deputados est\u00e3o presentes\u201d, falou o presidente da comiss\u00e3o, deputado Rodrigo Pacheco (PMDB-MG).<br \/>\nO relator da PEC, deputado Esperidi\u00e3o Amin (PP-SC), destacou que apenas a <span class=\"termoGlossario\">admissibilidade <\/span>da PEC deve ser analisada, e por isso n\u00e3o espera manobras contra sua vota\u00e7\u00e3o. \u201cN\u00e3o \u00e9 uma proposta que gera crise, pelo contr\u00e1rio, ela previne crises ao colocar a escolha nas m\u00e3os do eleitor\u201d, disse.<br \/>\n<em>(Da Ag\u00eancia C\u00e2mara Not\u00edcias)<\/em>\n<\/div>\n","protected":false},"excerpt":{"rendered":"<p>Um acordo na Comiss\u00e3o de Constitui\u00e7\u00e3o e Justi\u00e7a e de Cidadania (CCJ) transferiu para a pr\u00f3xima ter\u00e7a-feira (23), a vota\u00e7\u00e3o da Proposta de Emenda \u00e0 Constitui\u00e7\u00e3o (PEC) 227\/16, que permite elei\u00e7\u00f5es diretas para a Presid\u00eancia da Rep\u00fablica em caso de vac\u00e2ncia do titular. A oposi\u00e7\u00e3o pretendia colocar a proposta em vota\u00e7\u00e3o nesta manh\u00e3. \u201cN\u00e3o seria [&hellip;]<\/p>\n","protected":false},"author":4,"featured_media":48635,"comment_status":"open","ping_status":"closed","sticky":false,"template":"","format":"standard","meta":{"_jetpack_memberships_contains_paid_content":false,"footnotes":""},"categories":[26],"tags":[],"class_list":["post-48633","post","type-post","status-publish","format-standard","has-post-thumbnail","hentry","category-geral"],"aioseo_notices":[],"jetpack_featured_media_url":"","jetpack_sharing_enabled":true,"jetpack-related-posts":[],"jetpack_shortlink":"https:\/\/wp.me\/pbQjBd-cEp","_links":{"self":[{"href":"https:\/\/www.jornalja.com.br\/arquivo\/wp-json\/wp\/v2\/posts\/48633","targetHints":{"allow":["GET"]}}],"collection":[{"href":"https:\/\/www.jornalja.com.br\/arquivo\/wp-json\/wp\/v2\/posts"}],"about":[{"href":"https:\/\/www.jornalja.com.br\/arquivo\/wp-json\/wp\/v2\/types\/post"}],"author":[{"embeddable":true,"href":"https:\/\/www.jornalja.com.br\/arquivo\/wp-json\/wp\/v2\/users\/4"}],"replies":[{"embeddable":true,"href":"https:\/\/www.jornalja.com.br\/arquivo\/wp-json\/wp\/v2\/comments?post=48633"}],"version-history":[{"count":0,"href":"https:\/\/www.jornalja.com.br\/arquivo\/wp-json\/wp\/v2\/posts\/48633\/revisions"}],"wp:featuredmedia":[{"embeddable":true,"href":"https:\/\/www.jornalja.com.br\/arquivo\/wp-json\/"}],"wp:attachment":[{"href":"https:\/\/www.jornalja.com.br\/arquivo\/wp-json\/wp\/v2\/media?parent=48633"}],"wp:term":[{"taxonomy":"category","embeddable":true,"href":"https:\/\/www.jornalja.com.br\/arquivo\/wp-json\/wp\/v2\/categories?post=48633"},{"taxonomy":"post_tag","embeddable":true,"href":"https:\/\/www.jornalja.com.br\/arquivo\/wp-json\/wp\/v2\/tags?post=48633"}],"curies":[{"name":"wp","href":"https:\/\/api.w.org\/{rel}","templated":true}]}}