{"id":48644,"date":"2017-05-18T15:57:40","date_gmt":"2017-05-18T18:57:40","guid":{"rendered":"https:\/\/www.jornalja.com.br\/?p=48644"},"modified":"2017-05-18T15:57:40","modified_gmt":"2017-05-18T18:57:40","slug":"justica-proibe-parcelamento-de-salarios-dos-servidores-municipais","status":"publish","type":"post","link":"https:\/\/www.jornalja.com.br\/arquivo\/justica-proibe-parcelamento-de-salarios-dos-servidores-municipais\/","title":{"rendered":"Justi\u00e7a pro\u00edbe parcelamento de sal\u00e1rios dos servidores municipais"},"content":{"rendered":"<p>O ju\u00edz Murilo Magalhaes Castro Filho, da 5\u00aa Vara da Fazenda P\u00fablica, concedeu liminar que pro\u00edbe a Prefeitura de Porto Alegre de parcelar os sal\u00e1rios dos servidores municipais. A decis\u00e3o, publicada nesta quinta-feira, responde a mandado de seguran\u00e7a movido pelo Simpa (Sindicato dos Municip\u00e1rios de Porto Alegre).<br \/>\nO magistrado se manifestou apenas em rela\u00e7\u00e3o ao parcelamento de sal\u00e1rios, mas n\u00e3o determinou multa em caso de descumprimento. O pedido do sindicato inclu\u00eda ainda a proibi\u00e7\u00e3o do atraso e da suspens\u00e3o do pagamento dos sal\u00e1rios. Os advogados do Simpa entraram com embargo declarat\u00f3rio para que uma nova decis\u00e3o trate destes outros pontos.<br \/>\nO texto da decis\u00e3o refere o artigo 39 da Lei Org\u00e2nica do Munic\u00edpio que determina &#8220;o pagamento mensal da retribui\u00e7\u00e3o dos servidores, dos proventos e das pens\u00f5es ser\u00e1 realizado at\u00e9 o \u00faltimo dia \u00fatil do m\u00eas do trabalho prestado&#8221;.<br \/>\nO magistrado afirma: \u201cA situa\u00e7\u00e3o de crise financeira vivida pelo nosso Munic\u00edpio, argumento utilizado pelo Chefe do Executivo para noticiar publicamente a real e iminente possibilidade de parcelamento de sal\u00e1rios dos servidores municipais, n\u00e3o pode ser utilizada como fundamento para o descumprimento do preceito constitucional.\u201d<\/p>\n","protected":false},"excerpt":{"rendered":"<p>O ju\u00edz Murilo Magalhaes Castro Filho, da 5\u00aa Vara da Fazenda P\u00fablica, concedeu liminar que pro\u00edbe a Prefeitura de Porto Alegre de parcelar os sal\u00e1rios dos servidores municipais. A decis\u00e3o, publicada nesta quinta-feira, responde a mandado de seguran\u00e7a movido pelo Simpa (Sindicato dos Municip\u00e1rios de Porto Alegre). O magistrado se manifestou apenas em rela\u00e7\u00e3o ao [&hellip;]<\/p>\n","protected":false},"author":4,"featured_media":42384,"comment_status":"open","ping_status":"closed","sticky":false,"template":"","format":"standard","meta":{"_jetpack_memberships_contains_paid_content":false,"footnotes":""},"categories":[26],"tags":[],"class_list":["post-48644","post","type-post","status-publish","format-standard","has-post-thumbnail","hentry","category-geral"],"aioseo_notices":[],"jetpack_featured_media_url":"","jetpack_sharing_enabled":true,"jetpack-related-posts":[{"id":1280,"url":"https:\/\/www.jornalja.com.br\/arquivo\/o-menino-que-se-tornou-brizola\/","url_meta":{"origin":48644,"position":0},"title":"O Menino que se Tornou Brizola","author":"da Reda\u00e7\u00e3o","date":"28 de julho de 2008","format":false,"excerpt":"Autor: Cleber Dioni A vida de Leonel Brizola, com \u00eanfase para os primeiros anos em Porto Alegre, at\u00e9 o ex\u00edlio no Uruguai e a volta, quinze anos depois. \u00a0\"...\u00c9ramos todos jovens e nos identific\u00e1vamos com aquela massa an\u00f4nima a percorrer as ruas de Porto Alegre, gritando 'Get\u00falio', 'Get\u00falio' e empunhando\u2026","rel":"","context":"Em &quot;Livros&quot;","block_context":{"text":"Livros","link":"https:\/\/www.jornalja.com.br\/arquivo\/category\/livros\/"},"img":{"alt_text":"","src":"https:\/\/i0.wp.com\/www.jornalja.com.br\/wp-content\/uploads\/2008\/07\/brizola.gif?resize=350%2C200&ssl=1","width":350,"height":200},"classes":[]}],"jetpack_shortlink":"https:\/\/wp.me\/pbQjBd-cEA","_links":{"self":[{"href":"https:\/\/www.jornalja.com.br\/arquivo\/wp-json\/wp\/v2\/posts\/48644","targetHints":{"allow":["GET"]}}],"collection":[{"href":"https:\/\/www.jornalja.com.br\/arquivo\/wp-json\/wp\/v2\/posts"}],"about":[{"href":"https:\/\/www.jornalja.com.br\/arquivo\/wp-json\/wp\/v2\/types\/post"}],"author":[{"embeddable":true,"href":"https:\/\/www.jornalja.com.br\/arquivo\/wp-json\/wp\/v2\/users\/4"}],"replies":[{"embeddable":true,"href":"https:\/\/www.jornalja.com.br\/arquivo\/wp-json\/wp\/v2\/comments?post=48644"}],"version-history":[{"count":0,"href":"https:\/\/www.jornalja.com.br\/arquivo\/wp-json\/wp\/v2\/posts\/48644\/revisions"}],"wp:featuredmedia":[{"embeddable":true,"href":"https:\/\/www.jornalja.com.br\/arquivo\/wp-json\/"}],"wp:attachment":[{"href":"https:\/\/www.jornalja.com.br\/arquivo\/wp-json\/wp\/v2\/media?parent=48644"}],"wp:term":[{"taxonomy":"category","embeddable":true,"href":"https:\/\/www.jornalja.com.br\/arquivo\/wp-json\/wp\/v2\/categories?post=48644"},{"taxonomy":"post_tag","embeddable":true,"href":"https:\/\/www.jornalja.com.br\/arquivo\/wp-json\/wp\/v2\/tags?post=48644"}],"curies":[{"name":"wp","href":"https:\/\/api.w.org\/{rel}","templated":true}]}}