{"id":48676,"date":"2017-05-18T20:29:20","date_gmt":"2017-05-18T23:29:20","guid":{"rendered":"https:\/\/www.jornalja.com.br\/?p=48676"},"modified":"2017-05-18T20:29:20","modified_gmt":"2017-05-18T23:29:20","slug":"oab-rs-repudia-tentativa-de-obstrucao-da-justica-em-nota-oficial","status":"publish","type":"post","link":"https:\/\/www.jornalja.com.br\/arquivo\/oab-rs-repudia-tentativa-de-obstrucao-da-justica-em-nota-oficial\/","title":{"rendered":"OAB-RS repudia tentativa de obstru\u00e7\u00e3o da Justi\u00e7a em nota oficial"},"content":{"rendered":"<p style=\"text-align: justify;background: white;margin: 0cm 0cm 11.25pt 0cm\"><span style=\"font-size: 13.5pt\"><em><span style=\"font-family: Tahoma, sans-serif;color: #555555\">&#8220;A OAB\/RS acompanha com profunda preocupa\u00e7\u00e3o os desdobramentos de epis\u00f3dio divulgado pela imprensa nesta quarta-feira (17), envolvendo suposta obstru\u00e7\u00e3o da Justi\u00e7a praticada pelo presidente da Rep\u00fablica, Michel Temer. S\u00e3o den\u00fancias graves e revoltantes que, se confirmadas, ter\u00e3o reflexos imediatos no comando da na\u00e7\u00e3o.<\/span><\/em><\/span><\/p>\n<p style=\"text-align: justify;background: white;margin: 0cm 0cm 11.25pt 0cm\"><span style=\"font-size: 13.5pt\"><em><span style=\"font-family: Tahoma, sans-serif;color: #555555\">A OAB\/RS repudia qualquer forma de obstru\u00e7\u00e3o da Justi\u00e7a. A Ordem ga\u00facha defende a imediata apura\u00e7\u00e3o dos fatos, com a necessidade de transpar\u00eancia e quebra de sigilo dos envolvidos na investiga\u00e7\u00e3o. \u00c9 urgente que seja tornado p\u00fablico o conte\u00fado destas grava\u00e7\u00f5es para que a sociedade fa\u00e7a o seu ju\u00edzo cr\u00edtico.<\/span><\/em><\/span><\/p>\n<p style=\"text-align: justify;background: white;margin: 0cm 0cm 11.25pt 0cm\"><span style=\"font-size: 13.5pt\"><em><span style=\"font-family: Tahoma, sans-serif;color: #555555\">Comprovada a den\u00fancia, n\u00e3o haver\u00e1 mais legitimidade do presidente em se manter \u00e0 frente do cargo ocupado.<\/span><\/em><\/span><\/p>\n<p style=\"text-align: justify;background: white;margin: 0cm 0cm 11.25pt 0cm\"><span style=\"font-size: 13.5pt\"><em><span style=\"font-family: Tahoma, sans-serif;color: #555555\">Em sintonia com a presid\u00eancia nacional da OAB, a OAB\/RS est\u00e1 atenta aos imediatos desdobramentos desse caso e seguir\u00e1 cobrando esclarecimentos a fim de garantir que a lei seja observada e respeita por todos, independentemente da posi\u00e7\u00e3o ocupada na sociedade. No seu papel constitucional, a OAB\/RS seguir\u00e1 defendendo a Rep\u00fablica, impedindo que a\u00e7\u00f5es obscuras coloquem em risco o Estado Democr\u00e1tico de Direito.&#8221;<\/span><\/em><\/span><\/p>\n","protected":false},"excerpt":{"rendered":"<p>&#8220;A OAB\/RS acompanha com profunda preocupa\u00e7\u00e3o os desdobramentos de epis\u00f3dio divulgado pela imprensa nesta quarta-feira (17), envolvendo suposta obstru\u00e7\u00e3o da Justi\u00e7a praticada pelo presidente da Rep\u00fablica, Michel Temer. S\u00e3o den\u00fancias graves e revoltantes que, se confirmadas, ter\u00e3o reflexos imediatos no comando da na\u00e7\u00e3o. A OAB\/RS repudia qualquer forma de obstru\u00e7\u00e3o da Justi\u00e7a. A Ordem ga\u00facha [&hellip;]<\/p>\n","protected":false},"author":4,"featured_media":0,"comment_status":"open","ping_status":"closed","sticky":false,"template":"","format":"standard","meta":{"_jetpack_newsletter_access":"","_jetpack_dont_email_post_to_subs":false,"_jetpack_newsletter_tier_id":0,"_jetpack_memberships_contains_paywalled_content":false,"_jetpack_feature_clip_id":0,"_jetpack_memberships_contains_paid_content":false,"footnotes":"","jetpack_post_was_ever_published":false},"categories":[2022],"tags":[],"class_list":["post-48676","post","type-post","status-publish","format-standard","hentry","category-notas"],"aioseo_notices":[],"aioseo_head":"\n\t\t<!-- All in One SEO 5.0.1.1 - aioseo.com -->\n\t<meta name=\"robots\" content=\"max-image-preview:large\" \/>\n\t<meta name=\"author\" content=\"da Reda\u00e7\u00e3o\"\/>\n\t<link rel=\"canonical\" href=\"https:\/\/www.jornalja.com.br\/arquivo\/oab-rs-repudia-tentativa-de-obstrucao-da-justica-em-nota-oficial\/\" \/>\n\t<meta name=\"generator\" content=\"All in One SEO (AIOSEO) 5.0.1.1\" \/>\n\t\t<meta property=\"og:locale\" content=\"pt_BR\" \/>\n\t\t<meta property=\"og:site_name\" content=\"Arquivo | Jornal J\u00c1 | Porto Alegre\" \/>\n\t\t<meta property=\"og:type\" content=\"article\" \/>\n\t\t<meta property=\"og:title\" content=\"OAB-RS repudia tentativa de obstru\u00e7\u00e3o da Justi\u00e7a em nota oficial | Arquivo\" \/>\n\t\t<meta property=\"og:url\" content=\"https:\/\/www.jornalja.com.br\/arquivo\/oab-rs-repudia-tentativa-de-obstrucao-da-justica-em-nota-oficial\/\" \/>\n\t\t<meta property=\"og:image\" content=\"https:\/\/www.jornalja.com.br\/economics\/wp-content\/uploads\/sites\/11\/2026\/08\/ja-folhaderosto-facebook.jpg\" \/>\n\t\t<meta property=\"og:image:secure_url\" content=\"https:\/\/www.jornalja.com.br\/economics\/wp-content\/uploads\/sites\/11\/2026\/08\/ja-folhaderosto-facebook.jpg\" \/>\n\t\t<meta property=\"article:published_time\" content=\"2017-05-18T23:29:20+00:00\" \/>\n\t\t<meta property=\"article:modified_time\" content=\"2017-05-18T23:29:20+00:00\" \/>\n\t\t<meta name=\"twitter:card\" content=\"summary\" \/>\n\t\t<meta name=\"twitter:title\" content=\"OAB-RS repudia tentativa de obstru\u00e7\u00e3o da Justi\u00e7a em nota oficial | Arquivo\" \/>\n\t\t<meta name=\"twitter:image\" content=\"https:\/\/www.jornalja.com.br\/economics\/wp-content\/uploads\/sites\/11\/2026\/08\/ja-folhaderosto-facebook.jpg\" \/>\n\t\t<script type=\"application\/ld+json\" class=\"aioseo-schema\">\n\t\t\t{\"@context\":\"https:\\\/\\\/schema.org\",\"@graph\":[{\"@type\":\"BlogPosting\",\"@id\":\"https:\\\/\\\/www.jornalja.com.br\\\/arquivo\\\/oab-rs-repudia-tentativa-de-obstrucao-da-justica-em-nota-oficial\\\/#blogposting\",\"name\":\"OAB-RS repudia tentativa de obstru\\u00e7\\u00e3o da Justi\\u00e7a em nota oficial | Arquivo\",\"headline\":\"OAB-RS repudia tentativa de obstru\\u00e7\\u00e3o da Justi\\u00e7a em nota oficial\",\"author\":{\"@id\":\"https:\\\/\\\/www.jornalja.com.br\\\/arquivo\\\/author\\\/daredacao\\\/#author\"},\"publisher\":{\"@id\":\"https:\\\/\\\/www.jornalja.com.br\\\/arquivo\\\/#organization\"},\"image\":{\"@type\":\"ImageObject\",\"url\":\"https:\\\/\\\/www.jornalja.com.br\\\/wp-content\\\/uploads\\\/cards\\\/JAslogan.png\",\"@id\":\"https:\\\/\\\/www.jornalja.com.br\\\/arquivo\\\/#articleImage\"},\"datePublished\":\"2017-05-18T20:29:20-03:00\",\"dateModified\":\"2017-05-18T20:29:20-03:00\",\"inLanguage\":\"pt-BR\",\"mainEntityOfPage\":{\"@id\":\"https:\\\/\\\/www.jornalja.com.br\\\/arquivo\\\/oab-rs-repudia-tentativa-de-obstrucao-da-justica-em-nota-oficial\\\/#webpage\"},\"isPartOf\":{\"@id\":\"https:\\\/\\\/www.jornalja.com.br\\\/arquivo\\\/oab-rs-repudia-tentativa-de-obstrucao-da-justica-em-nota-oficial\\\/#webpage\"},\"articleSection\":\"NOTAS\"},{\"@type\":\"BreadcrumbList\",\"@id\":\"https:\\\/\\\/www.jornalja.com.br\\\/arquivo\\\/oab-rs-repudia-tentativa-de-obstrucao-da-justica-em-nota-oficial\\\/#breadcrumblist\",\"itemListElement\":[{\"@type\":\"ListItem\",\"@id\":\"https:\\\/\\\/www.jornalja.com.br\\\/arquivo#listItem\",\"position\":1,\"name\":\"Home\",\"item\":\"https:\\\/\\\/www.jornalja.com.br\\\/arquivo\",\"nextItem\":{\"@type\":\"ListItem\",\"@id\":\"https:\\\/\\\/www.jornalja.com.br\\\/arquivo\\\/category\\\/notas\\\/#listItem\",\"name\":\"NOTAS\"}},{\"@type\":\"ListItem\",\"@id\":\"https:\\\/\\\/www.jornalja.com.br\\\/arquivo\\\/category\\\/notas\\\/#listItem\",\"position\":2,\"name\":\"NOTAS\",\"item\":\"https:\\\/\\\/www.jornalja.com.br\\\/arquivo\\\/category\\\/notas\\\/\",\"nextItem\":{\"@type\":\"ListItem\",\"@id\":\"https:\\\/\\\/www.jornalja.com.br\\\/arquivo\\\/oab-rs-repudia-tentativa-de-obstrucao-da-justica-em-nota-oficial\\\/#listItem\",\"name\":\"OAB-RS repudia tentativa de obstru\\u00e7\\u00e3o da Justi\\u00e7a em nota oficial\"},\"previousItem\":{\"@type\":\"ListItem\",\"@id\":\"https:\\\/\\\/www.jornalja.com.br\\\/arquivo#listItem\",\"name\":\"Home\"}},{\"@type\":\"ListItem\",\"@id\":\"https:\\\/\\\/www.jornalja.com.br\\\/arquivo\\\/oab-rs-repudia-tentativa-de-obstrucao-da-justica-em-nota-oficial\\\/#listItem\",\"position\":3,\"name\":\"OAB-RS repudia tentativa de obstru\\u00e7\\u00e3o da Justi\\u00e7a em nota oficial\",\"previousItem\":{\"@type\":\"ListItem\",\"@id\":\"https:\\\/\\\/www.jornalja.com.br\\\/arquivo\\\/category\\\/notas\\\/#listItem\",\"name\":\"NOTAS\"}}]},{\"@type\":\"Organization\",\"@id\":\"https:\\\/\\\/www.jornalja.com.br\\\/arquivo\\\/#organization\",\"name\":\"Jornal J\\u00c1\",\"description\":\"Jornal J\\u00c1 | Porto Alegre\",\"url\":\"https:\\\/\\\/www.jornalja.com.br\\\/arquivo\\\/\",\"telephone\":\"+555133307272\",\"logo\":{\"@type\":\"ImageObject\",\"url\":\"https:\\\/\\\/www.jornalja.com.br\\\/wp-content\\\/uploads\\\/cards\\\/JAslogan.png\",\"@id\":\"https:\\\/\\\/www.jornalja.com.br\\\/arquivo\\\/oab-rs-repudia-tentativa-de-obstrucao-da-justica-em-nota-oficial\\\/#organizationLogo\"},\"image\":{\"@id\":\"https:\\\/\\\/www.jornalja.com.br\\\/arquivo\\\/oab-rs-repudia-tentativa-de-obstrucao-da-justica-em-nota-oficial\\\/#organizationLogo\"}},{\"@type\":\"Person\",\"@id\":\"https:\\\/\\\/www.jornalja.com.br\\\/arquivo\\\/author\\\/daredacao\\\/#author\",\"url\":\"https:\\\/\\\/www.jornalja.com.br\\\/arquivo\\\/author\\\/daredacao\\\/\",\"name\":\"da Reda\\u00e7\\u00e3o\",\"image\":{\"@type\":\"ImageObject\",\"@id\":\"https:\\\/\\\/www.jornalja.com.br\\\/arquivo\\\/oab-rs-repudia-tentativa-de-obstrucao-da-justica-em-nota-oficial\\\/#authorImage\",\"url\":\"https:\\\/\\\/secure.gravatar.com\\\/avatar\\\/469fd857d6605ad19919d27ed29d35a968a25f6e8fd9318356bbb7f57aae9c65?s=96&d=mm&r=g\",\"width\":96,\"height\":96,\"caption\":\"da Reda\\u00e7\\u00e3o\"}},{\"@type\":\"WebPage\",\"@id\":\"https:\\\/\\\/www.jornalja.com.br\\\/arquivo\\\/oab-rs-repudia-tentativa-de-obstrucao-da-justica-em-nota-oficial\\\/#webpage\",\"url\":\"https:\\\/\\\/www.jornalja.com.br\\\/arquivo\\\/oab-rs-repudia-tentativa-de-obstrucao-da-justica-em-nota-oficial\\\/\",\"name\":\"OAB-RS repudia tentativa de obstru\\u00e7\\u00e3o da Justi\\u00e7a em nota oficial | Arquivo\",\"inLanguage\":\"pt-BR\",\"isPartOf\":{\"@id\":\"https:\\\/\\\/www.jornalja.com.br\\\/arquivo\\\/#website\"},\"breadcrumb\":{\"@id\":\"https:\\\/\\\/www.jornalja.com.br\\\/arquivo\\\/oab-rs-repudia-tentativa-de-obstrucao-da-justica-em-nota-oficial\\\/#breadcrumblist\"},\"author\":{\"@id\":\"https:\\\/\\\/www.jornalja.com.br\\\/arquivo\\\/author\\\/daredacao\\\/#author\"},\"creator\":{\"@id\":\"https:\\\/\\\/www.jornalja.com.br\\\/arquivo\\\/author\\\/daredacao\\\/#author\"},\"datePublished\":\"2017-05-18T20:29:20-03:00\",\"dateModified\":\"2017-05-18T20:29:20-03:00\"},{\"@type\":\"WebSite\",\"@id\":\"https:\\\/\\\/www.jornalja.com.br\\\/arquivo\\\/#website\",\"url\":\"https:\\\/\\\/www.jornalja.com.br\\\/arquivo\\\/\",\"name\":\"Arquivo\",\"description\":\"Jornal J\\u00c1 | Porto Alegre\",\"inLanguage\":\"pt-BR\",\"publisher\":{\"@id\":\"https:\\\/\\\/www.jornalja.com.br\\\/arquivo\\\/#organization\"}}]}\n\t\t<\/script>\n\t\t<!-- All in One SEO -->\n\n","aioseo_head_json":{"title":"OAB-RS repudia tentativa de obstru\u00e7\u00e3o da Justi\u00e7a em nota oficial | Arquivo","description":"","canonical_url":"https:\/\/www.jornalja.com.br\/arquivo\/oab-rs-repudia-tentativa-de-obstrucao-da-justica-em-nota-oficial\/","robots":"max-image-preview:large","keywords":"","webmasterTools":{"miscellaneous":""},"schema":{"@context":"https:\/\/schema.org","@graph":[{"@type":"BlogPosting","@id":"https:\/\/www.jornalja.com.br\/arquivo\/oab-rs-repudia-tentativa-de-obstrucao-da-justica-em-nota-oficial\/#blogposting","name":"OAB-RS repudia tentativa de obstru\u00e7\u00e3o da Justi\u00e7a em nota oficial | Arquivo","headline":"OAB-RS repudia tentativa de obstru\u00e7\u00e3o da Justi\u00e7a em nota oficial","author":{"@id":"https:\/\/www.jornalja.com.br\/arquivo\/author\/daredacao\/#author"},"publisher":{"@id":"https:\/\/www.jornalja.com.br\/arquivo\/#organization"},"image":{"@type":"ImageObject","url":"https:\/\/www.jornalja.com.br\/wp-content\/uploads\/cards\/JAslogan.png","@id":"https:\/\/www.jornalja.com.br\/arquivo\/#articleImage"},"datePublished":"2017-05-18T20:29:20-03:00","dateModified":"2017-05-18T20:29:20-03:00","inLanguage":"pt-BR","mainEntityOfPage":{"@id":"https:\/\/www.jornalja.com.br\/arquivo\/oab-rs-repudia-tentativa-de-obstrucao-da-justica-em-nota-oficial\/#webpage"},"isPartOf":{"@id":"https:\/\/www.jornalja.com.br\/arquivo\/oab-rs-repudia-tentativa-de-obstrucao-da-justica-em-nota-oficial\/#webpage"},"articleSection":"NOTAS"},{"@type":"BreadcrumbList","@id":"https:\/\/www.jornalja.com.br\/arquivo\/oab-rs-repudia-tentativa-de-obstrucao-da-justica-em-nota-oficial\/#breadcrumblist","itemListElement":[{"@type":"ListItem","@id":"https:\/\/www.jornalja.com.br\/arquivo#listItem","position":1,"name":"Home","item":"https:\/\/www.jornalja.com.br\/arquivo","nextItem":{"@type":"ListItem","@id":"https:\/\/www.jornalja.com.br\/arquivo\/category\/notas\/#listItem","name":"NOTAS"}},{"@type":"ListItem","@id":"https:\/\/www.jornalja.com.br\/arquivo\/category\/notas\/#listItem","position":2,"name":"NOTAS","item":"https:\/\/www.jornalja.com.br\/arquivo\/category\/notas\/","nextItem":{"@type":"ListItem","@id":"https:\/\/www.jornalja.com.br\/arquivo\/oab-rs-repudia-tentativa-de-obstrucao-da-justica-em-nota-oficial\/#listItem","name":"OAB-RS repudia tentativa de obstru\u00e7\u00e3o da Justi\u00e7a em nota oficial"},"previousItem":{"@type":"ListItem","@id":"https:\/\/www.jornalja.com.br\/arquivo#listItem","name":"Home"}},{"@type":"ListItem","@id":"https:\/\/www.jornalja.com.br\/arquivo\/oab-rs-repudia-tentativa-de-obstrucao-da-justica-em-nota-oficial\/#listItem","position":3,"name":"OAB-RS repudia tentativa de obstru\u00e7\u00e3o da Justi\u00e7a em nota oficial","previousItem":{"@type":"ListItem","@id":"https:\/\/www.jornalja.com.br\/arquivo\/category\/notas\/#listItem","name":"NOTAS"}}]},{"@type":"Organization","@id":"https:\/\/www.jornalja.com.br\/arquivo\/#organization","name":"Jornal J\u00c1","description":"Jornal J\u00c1 | Porto Alegre","url":"https:\/\/www.jornalja.com.br\/arquivo\/","telephone":"+555133307272","logo":{"@type":"ImageObject","url":"https:\/\/www.jornalja.com.br\/wp-content\/uploads\/cards\/JAslogan.png","@id":"https:\/\/www.jornalja.com.br\/arquivo\/oab-rs-repudia-tentativa-de-obstrucao-da-justica-em-nota-oficial\/#organizationLogo"},"image":{"@id":"https:\/\/www.jornalja.com.br\/arquivo\/oab-rs-repudia-tentativa-de-obstrucao-da-justica-em-nota-oficial\/#organizationLogo"}},{"@type":"Person","@id":"https:\/\/www.jornalja.com.br\/arquivo\/author\/daredacao\/#author","url":"https:\/\/www.jornalja.com.br\/arquivo\/author\/daredacao\/","name":"da Reda\u00e7\u00e3o","image":{"@type":"ImageObject","@id":"https:\/\/www.jornalja.com.br\/arquivo\/oab-rs-repudia-tentativa-de-obstrucao-da-justica-em-nota-oficial\/#authorImage","url":"https:\/\/secure.gravatar.com\/avatar\/469fd857d6605ad19919d27ed29d35a968a25f6e8fd9318356bbb7f57aae9c65?s=96&d=mm&r=g","width":96,"height":96,"caption":"da Reda\u00e7\u00e3o"}},{"@type":"WebPage","@id":"https:\/\/www.jornalja.com.br\/arquivo\/oab-rs-repudia-tentativa-de-obstrucao-da-justica-em-nota-oficial\/#webpage","url":"https:\/\/www.jornalja.com.br\/arquivo\/oab-rs-repudia-tentativa-de-obstrucao-da-justica-em-nota-oficial\/","name":"OAB-RS repudia tentativa de obstru\u00e7\u00e3o da Justi\u00e7a em nota oficial | Arquivo","inLanguage":"pt-BR","isPartOf":{"@id":"https:\/\/www.jornalja.com.br\/arquivo\/#website"},"breadcrumb":{"@id":"https:\/\/www.jornalja.com.br\/arquivo\/oab-rs-repudia-tentativa-de-obstrucao-da-justica-em-nota-oficial\/#breadcrumblist"},"author":{"@id":"https:\/\/www.jornalja.com.br\/arquivo\/author\/daredacao\/#author"},"creator":{"@id":"https:\/\/www.jornalja.com.br\/arquivo\/author\/daredacao\/#author"},"datePublished":"2017-05-18T20:29:20-03:00","dateModified":"2017-05-18T20:29:20-03:00"},{"@type":"WebSite","@id":"https:\/\/www.jornalja.com.br\/arquivo\/#website","url":"https:\/\/www.jornalja.com.br\/arquivo\/","name":"Arquivo","description":"Jornal J\u00c1 | Porto Alegre","inLanguage":"pt-BR","publisher":{"@id":"https:\/\/www.jornalja.com.br\/arquivo\/#organization"}}]},"og:locale":"pt_BR","og:site_name":"Arquivo | Jornal J\u00c1 | Porto Alegre","og:type":"article","og:title":"OAB-RS repudia tentativa de obstru\u00e7\u00e3o da Justi\u00e7a em nota oficial | Arquivo","og:url":"https:\/\/www.jornalja.com.br\/arquivo\/oab-rs-repudia-tentativa-de-obstrucao-da-justica-em-nota-oficial\/","og:image":"https:\/\/www.jornalja.com.br\/economics\/wp-content\/uploads\/sites\/11\/2026\/08\/ja-folhaderosto-facebook.jpg","og:image:secure_url":"https:\/\/www.jornalja.com.br\/economics\/wp-content\/uploads\/sites\/11\/2026\/08\/ja-folhaderosto-facebook.jpg","article:published_time":"2017-05-18T23:29:20+00:00","article:modified_time":"2017-05-18T23:29:20+00:00","twitter:card":"summary","twitter:title":"OAB-RS repudia tentativa de obstru\u00e7\u00e3o da Justi\u00e7a em nota oficial | Arquivo","twitter:image":"https:\/\/www.jornalja.com.br\/economics\/wp-content\/uploads\/sites\/11\/2026\/08\/ja-folhaderosto-facebook.jpg"},"aioseo_meta_data":{"post_id":"48676","title":null,"description":null,"keywords":null,"keyphrases":null,"primary_term":null,"canonical_url":null,"og_title":null,"og_description":null,"og_object_type":"default","og_image_type":"default","og_image_url":null,"og_image_width":null,"og_image_height":null,"og_image_custom_url":null,"og_image_custom_fields":null,"og_video":null,"og_custom_url":null,"og_article_section":null,"og_article_tags":null,"twitter_use_og":false,"twitter_card":"default","twitter_image_type":"default","twitter_image_url":null,"twitter_image_custom_url":null,"twitter_image_custom_fields":null,"twitter_title":null,"twitter_description":null,"schema":{"blockGraphs":[],"customGraphs":[],"default":{"data":{"Article":[],"Course":[],"Dataset":[],"FAQPage":[],"Movie":[],"Person":[],"Product":[],"ProductReview":[],"Car":[],"Recipe":[],"Service":[],"SoftwareApplication":[],"WebPage":[]},"graphName":"","isEnabled":true},"graphs":[],"defaultGraph":"","defaultPostTypeGraph":""},"schema_type":null,"schema_type_options":null,"pillar_content":false,"robots_default":true,"robots_noindex":false,"robots_noarchive":false,"robots_nosnippet":false,"robots_nofollow":false,"robots_noimageindex":false,"robots_noodp":false,"robots_notranslate":false,"robots_max_snippet":null,"robots_max_videopreview":null,"robots_max_imagepreview":"large","priority":null,"frequency":null,"location":null,"local_seo":null,"breadcrumb_settings":null,"limit_modified_date":false,"ai":null,"created":"2020-12-20 20:35:20","updated":"2025-07-19 21:42:45","seo_analyzer_scan_date":null,"focus_keyword":null,"additional_keywords":null,"truseo_locale":null},"jetpack_sharing_enabled":true,"jetpack-related-posts":[{"id":13128,"url":"https:\/\/www.jornalja.com.br\/arquivo\/maconha-terra-diz-que-uso-medicinal-e-desculpa\/","url_meta":{"origin":48676,"position":0},"title":"Maconha: Terra diz que uso medicinal \u00e9 desculpa","author":"Patr\u00edcia Marini","date":"4 de junho de 2014","format":false,"excerpt":"A condi\u00e7\u00e3o de pol\u00edtico, em \u00e9poca de campanha de campanha eleitoral, tira for\u00e7a do discurso do m\u00e9dico Osmar Terra contra a legaliza\u00e7\u00e3o da maconha. A tese dele de que a libera\u00e7\u00e3o vai ampliar exponencialmente o consumo \u00e9 discutivel, o consumo \u00e9 corrente. Mas seus alertas quanto aos riscos tem que\u2026","rel":"","context":"Em &quot;X.Categorias velhas&quot;","block_context":{"text":"X.Categorias velhas","link":"https:\/\/www.jornalja.com.br\/arquivo\/category\/x-categorias-velhas\/"},"img":{"alt_text":"","src":"","width":0,"height":0},"classes":[]},{"id":13109,"url":"https:\/\/www.jornalja.com.br\/arquivo\/judiciario-reconhece-poluicao-eletromagnetica\/","url_meta":{"origin":48676,"position":1},"title":"Judici\u00e1rio reconhece polui\u00e7\u00e3o eletromagn\u00e9tica","author":"Patr\u00edcia Marini","date":"16 de maio de 2014","format":false,"excerpt":"A\u00e7\u00e3o de duas associa\u00e7\u00f5es de moradores foi acolhida pelo Tribunal de Justi\u00e7a de S\u00e3o Paulo que. em decis\u00e3o in\u00e9dita, determinou a redu\u00e7\u00e3o do campo eletromagn\u00e9tico gerado pelas linhas de transmiss\u00e3o de energia que cortam os bairros City Boa\u00e7ava e Alto de Pinheiros. \u00c9 a primeira vez que um tribunal do\u2026","rel":"","context":"Em &quot;X.Categorias velhas&quot;","block_context":{"text":"X.Categorias velhas","link":"https:\/\/www.jornalja.com.br\/arquivo\/category\/x-categorias-velhas\/"},"img":{"alt_text":"","src":"","width":0,"height":0},"classes":[]}],"jetpack_shortlink":"https:\/\/wp.me\/pbQjBd-cF6","jetpack_featured_media_url":"","_links":{"self":[{"href":"https:\/\/www.jornalja.com.br\/arquivo\/wp-json\/wp\/v2\/posts\/48676","targetHints":{"allow":["GET"]}}],"collection":[{"href":"https:\/\/www.jornalja.com.br\/arquivo\/wp-json\/wp\/v2\/posts"}],"about":[{"href":"https:\/\/www.jornalja.com.br\/arquivo\/wp-json\/wp\/v2\/types\/post"}],"author":[{"embeddable":true,"href":"https:\/\/www.jornalja.com.br\/arquivo\/wp-json\/wp\/v2\/users\/4"}],"replies":[{"embeddable":true,"href":"https:\/\/www.jornalja.com.br\/arquivo\/wp-json\/wp\/v2\/comments?post=48676"}],"version-history":[{"count":0,"href":"https:\/\/www.jornalja.com.br\/arquivo\/wp-json\/wp\/v2\/posts\/48676\/revisions"}],"wp:attachment":[{"href":"https:\/\/www.jornalja.com.br\/arquivo\/wp-json\/wp\/v2\/media?parent=48676"}],"wp:term":[{"taxonomy":"category","embeddable":true,"href":"https:\/\/www.jornalja.com.br\/arquivo\/wp-json\/wp\/v2\/categories?post=48676"},{"taxonomy":"post_tag","embeddable":true,"href":"https:\/\/www.jornalja.com.br\/arquivo\/wp-json\/wp\/v2\/tags?post=48676"}],"curies":[{"name":"wp","href":"https:\/\/api.w.org\/{rel}","templated":true}]}}