{"id":48681,"date":"2017-05-18T22:37:10","date_gmt":"2017-05-19T01:37:10","guid":{"rendered":"https:\/\/www.jornalja.com.br\/?p=48681"},"modified":"2017-05-18T22:37:10","modified_gmt":"2017-05-19T01:37:10","slug":"milhares-em-porto-alegre-pedem-diretas-ja","status":"publish","type":"post","link":"https:\/\/www.jornalja.com.br\/arquivo\/milhares-em-porto-alegre-pedem-diretas-ja\/","title":{"rendered":"Milhares em Porto Alegre pedem Diretas J\u00e1"},"content":{"rendered":"<p>Por volta das 17h as pessoas come\u00e7aram a chegar na Esquina Democr\u00e1tica, lugar de\u00a0encontro marcado para o protesto contra o presidente Michel Temer.<br \/>\nA manifesta\u00e7\u00e3o saiu em \u00a0marcha por volta das 19h, pegou a AV. Borges de Medeiros em dire\u00e7\u00e3o ao Largo Zumbi dos Palmares.<br \/>\n<figure id=\"attachment_48684\" aria-describedby=\"caption-attachment-48684\" style=\"width: 259px\" class=\"wp-caption alignright\"><img decoding=\"async\" class=\" wp-image-48684\" src=\"https:\/\/www.jornalja.com.br\/wp-content\/uploads\/2017\/05\/IMG_20170518_191313-169x300.jpg\" alt=\"\" width=\"259\" height=\"446\" \/><figcaption id=\"caption-attachment-48684\" class=\"wp-caption-text\">Milhares tomaram a Av. Borges de Medeiros em Porto Alegre Foto: Felipe Uhr\/Jornal J\u00e1<\/figcaption><\/figure><br \/>\nA caminhada, que teve a participa\u00e7\u00e3o de movimentos sociais, centrais sindicais, militantes de partidos da esquerda e movimentos da juventude durou cerca de 40 minutos. Reuniu mais de 30 mil pessoas, segundo a organiza\u00e7\u00e3o. A Brigada estimou em pouco menos, 24 mil.<br \/>\nCartazes de &#8220;Fora Temer&#8221; e &#8220;Diretas J\u00e1&#8221; foram os mais vistos. Cantos como &#8220;Temer ladr\u00e3o teu lugar \u00e9 na pris\u00e3o&#8221; e &#8221; ai aiaiai, empurra o Temer que ele cai&#8221; eram entoados a toda hora.<br \/>\nPor volta das 20h30 os manifestantes, reunidos no Largo j\u00e1 haviam se dispersados. Um grupo de aproximadamente mil ainda seguiu em caminhada em dire\u00e7\u00e3o a RBS onde l\u00e1 foi dispersado pela BM.<\/p>\n","protected":false},"excerpt":{"rendered":"<p>Por volta das 17h as pessoas come\u00e7aram a chegar na Esquina Democr\u00e1tica, lugar de\u00a0encontro marcado para o protesto contra o presidente Michel Temer. A manifesta\u00e7\u00e3o saiu em \u00a0marcha por volta das 19h, pegou a AV. Borges de Medeiros em dire\u00e7\u00e3o ao Largo Zumbi dos Palmares. A caminhada, que teve a participa\u00e7\u00e3o de movimentos sociais, centrais [&hellip;]<\/p>\n","protected":false},"author":4,"featured_media":48683,"comment_status":"open","ping_status":"closed","sticky":false,"template":"","format":"standard","meta":{"_jetpack_memberships_contains_paid_content":false,"footnotes":""},"categories":[26],"tags":[],"class_list":["post-48681","post","type-post","status-publish","format-standard","has-post-thumbnail","hentry","category-geral"],"aioseo_notices":[],"jetpack_featured_media_url":"","jetpack_sharing_enabled":true,"jetpack-related-posts":[{"id":1280,"url":"https:\/\/www.jornalja.com.br\/arquivo\/o-menino-que-se-tornou-brizola\/","url_meta":{"origin":48681,"position":0},"title":"O Menino que se Tornou Brizola","author":"da Reda\u00e7\u00e3o","date":"28 de julho de 2008","format":false,"excerpt":"Autor: Cleber Dioni A vida de Leonel Brizola, com \u00eanfase para os primeiros anos em Porto Alegre, at\u00e9 o ex\u00edlio no Uruguai e a volta, quinze anos depois. \u00a0\"...\u00c9ramos todos jovens e nos identific\u00e1vamos com aquela massa an\u00f4nima a percorrer as ruas de Porto Alegre, gritando 'Get\u00falio', 'Get\u00falio' e empunhando\u2026","rel":"","context":"Em &quot;Livros&quot;","block_context":{"text":"Livros","link":"https:\/\/www.jornalja.com.br\/arquivo\/category\/livros\/"},"img":{"alt_text":"","src":"https:\/\/i0.wp.com\/www.jornalja.com.br\/wp-content\/uploads\/2008\/07\/brizola.gif?resize=350%2C200&ssl=1","width":350,"height":200},"classes":[]}],"jetpack_shortlink":"https:\/\/wp.me\/pbQjBd-cFb","_links":{"self":[{"href":"https:\/\/www.jornalja.com.br\/arquivo\/wp-json\/wp\/v2\/posts\/48681","targetHints":{"allow":["GET"]}}],"collection":[{"href":"https:\/\/www.jornalja.com.br\/arquivo\/wp-json\/wp\/v2\/posts"}],"about":[{"href":"https:\/\/www.jornalja.com.br\/arquivo\/wp-json\/wp\/v2\/types\/post"}],"author":[{"embeddable":true,"href":"https:\/\/www.jornalja.com.br\/arquivo\/wp-json\/wp\/v2\/users\/4"}],"replies":[{"embeddable":true,"href":"https:\/\/www.jornalja.com.br\/arquivo\/wp-json\/wp\/v2\/comments?post=48681"}],"version-history":[{"count":0,"href":"https:\/\/www.jornalja.com.br\/arquivo\/wp-json\/wp\/v2\/posts\/48681\/revisions"}],"wp:featuredmedia":[{"embeddable":true,"href":"https:\/\/www.jornalja.com.br\/arquivo\/wp-json\/"}],"wp:attachment":[{"href":"https:\/\/www.jornalja.com.br\/arquivo\/wp-json\/wp\/v2\/media?parent=48681"}],"wp:term":[{"taxonomy":"category","embeddable":true,"href":"https:\/\/www.jornalja.com.br\/arquivo\/wp-json\/wp\/v2\/categories?post=48681"},{"taxonomy":"post_tag","embeddable":true,"href":"https:\/\/www.jornalja.com.br\/arquivo\/wp-json\/wp\/v2\/tags?post=48681"}],"curies":[{"name":"wp","href":"https:\/\/api.w.org\/{rel}","templated":true}]}}