{"id":48724,"date":"2017-05-19T18:12:05","date_gmt":"2017-05-19T21:12:05","guid":{"rendered":"https:\/\/www.jornalja.com.br\/?p=48724"},"modified":"2017-05-19T18:12:05","modified_gmt":"2017-05-19T21:12:05","slug":"maes-de-vitimas-de-violencia-institucional-entregam-carta-a-deputados-no-rio","status":"publish","type":"post","link":"https:\/\/www.jornalja.com.br\/arquivo\/maes-de-vitimas-de-violencia-institucional-entregam-carta-a-deputados-no-rio\/","title":{"rendered":"M\u00e3es de v\u00edtimas de viol\u00eancia institucional entregam carta a deputados no Rio"},"content":{"rendered":"<div id=\"content-header\"><\/div>\n<div id=\"content-area\">\n<div class=\"region region-content\">\n<div id=\"block-system-main\" class=\"block block-system block-odd clearfix\">\n<div class=\"block-top\">M\u00e3es, parentes e amigos de v\u00edtimas da viol\u00eancia institucional de diferentes estados do pa\u00eds entregaram hoje (19), na Assembleia Legislativa do Estado do Rio de Janeiro (Alerj), uma carta \u00e0 Comiss\u00e3o de Direitos Humanos da Casa. A carta pede justi\u00e7a e a responsabiliza\u00e7\u00e3o do Estado por chacinas em favelas, alegando que aumenta a cada ano o n\u00famero de homic\u00eddios de pessoas pobres e negras. Dentre as demandas do manifesto, est\u00e3o a cria\u00e7\u00e3o de um fundo de repara\u00e7\u00e3o econ\u00f4mica, ps\u00edquica e social a parentes de v\u00edtimas, a autonomia das per\u00edcias e a aprova\u00e7\u00e3o do Projeto de Lei 182\/2015, tramitando na Alerj, que determina afastamento imediato de policiais que j\u00e1 respondam a processos na Justi\u00e7a.<\/div>\n<div class=\"content\">\n<article id=\"node-1077248\" class=\"node node-noticia node-odd\">\n<div class=\"content\">\nFundadora do movimento M\u00e3es de Maio, grupo formado de parentes de v\u00edtimas da onda de viol\u00eancia ocorrida em S\u00e3o Paulo no ano de 2006, D\u00e9bora Maria da Silva saiu da Baixada Santista, S\u00e3o Paulo, ontem \u00e0 noite, para participar do movimento. <a href=\"http:\/\/agenciabrasil.ebc.com.br\/direitos-humanos\/noticia\/2016-05\/crimes-de-maio-causaram-564-mortes-em-2006-entenda-o-caso\" target=\"_blank\" rel=\"noopener noreferrer\">Seu filho foi um dos mortos do epis\u00f3dio, que contabilizou 564 assassinatos e ficou conhecido como Crimes de Maio<\/a>.<br \/>\n\u201cMenos de 2% dos meninos mortos tinham passagem na Pol\u00edcia, mas mesmo se todos tivessem passado, no Brasil n\u00e3o h\u00e1 pena de morte\u201d, disse ela. Debora lembrou que, quando perdeu o filho, entrou em depress\u00e3o profunda. \u201cEstava na cama do hospital, quando tive uma vis\u00e3o do meu filho, pedindo para eu lutar pelos que est\u00e3o vivos, que eu n\u00e3o devia me deprimir, porque para ele s\u00f3 existia a justi\u00e7a, j\u00e1 que n\u00e3o voltaria mais\u201d.<br \/>\nHoje, ela \u00e9 pesquisadora pela Universidade de S\u00e3o Paulo, participa de encontros em outros pa\u00edses para falar sobre o tema e d\u00e1 oficinas de empoderamento para m\u00e3es de v\u00edtimas da viol\u00eancia. \u201cEstamos criando v\u00e1rios n\u00facleos em luta pela desmilitariza\u00e7\u00e3o das Am\u00e9ricas. N\u00e3o parimos filhos para que eles sejam mortos pelo Estado\u201d.<br \/>\nDeborah e outros militantes do grupo que esteve na Alerj participam do 2\u00ba Encontro da Rede Nacional de M\u00e3es e Familiares de V\u00edtimas do Terrorismo do Estado, que termina amanh\u00e3. Os dois dias lembram <a href=\"http:\/\/agenciabrasil.ebc.com.br\/direitos-humanos\/noticia\/2015-12\/maes-de-jovens-mortos-pela-policia-cobram-punicao-de-policiais\" target=\"_blank\" rel=\"noopener noreferrer\">o assassinato de Johnatha de Oliveira, em Manguinhos, em 2014<\/a>, os Crimes de Maio e os homic\u00eddios de Vitor Hugo da Cunha, em Acari, em 2004, e Maxwill de Souza dos Santos, em Br\u00e1s de Pina, em 2009, dentre outros casos.<br \/>\nDe acordo com os organizadores do encontro, entre 2009 e 2015, 17.688 pessoas foram mortas pelas pol\u00edcias de todo o pa\u00eds. Em 2016, no Rio de Janeiro, agentes de seguran\u00e7a mataram 920 pessoas. Nos tr\u00eas primeiros meses deste ano, mais de 300 pessoas foram mortas, o equivalente a tr\u00eas mortos por dia pelas for\u00e7as do Estado.<br \/>\n\u201cAcredito que esses projetos de lei v\u00e3o passar porque pol\u00edticos tamb\u00e9m s\u00e3o seres humanos e o clamor das m\u00e3es em n\u00edvel nacional tem que ser ouvido por essa Casa, que \u00e9 a casa do povo\u201d, declarou D\u00e9bora. \u201cEnquanto n\u00e3o votarem os projetos de lei, vamos pressionar, porque a for\u00e7a das m\u00e3es est\u00e1 nas ruas. Nossos mortos t\u00eam voz\u201d.<br \/>\nO encontro \u00e9 promovido pelos movimentos de v\u00e1rios estados do pa\u00eds, como o Rede de Comunidades e Movimentos Contra a Viol\u00eancia, M\u00e3es de Maio de S\u00e3o Paulo, M\u00e3es de Manguinhos, Centro dos Direitos Humanos de Nova Igua\u00e7u, F\u00f3rum Grita Baixada, F\u00f3rum de Juventudes RJ, M\u00e3es do Cear\u00e1, Associa\u00e7\u00e3o de M\u00e3es do Esp\u00edrito Santo e M\u00e3es de BH.<br \/>\nAmanh\u00e3 (20), o grupo vai se concentrar a partir das 14h no Campo do Society, na favela de Manguinhos, zona norte da capital fluminense. A programa\u00e7\u00e3o inclui roda de conversas, exibi\u00e7\u00e3o de v\u00eddeos, oficina para crian\u00e7as sobre cultura afro e oficina sobre uso das ervas e plantas medicinais, entre outras atividades.<br \/>\n<em>(Da Ag\u00eancia Brasil)<\/em>\n<\/div>\n<\/article>\n<\/div>\n<\/div>\n<\/div>\n<\/div>\n","protected":false},"excerpt":{"rendered":"<p>M\u00e3es, parentes e amigos de v\u00edtimas da viol\u00eancia institucional de diferentes estados do pa\u00eds entregaram hoje (19), na Assembleia Legislativa do Estado do Rio de Janeiro (Alerj), uma carta \u00e0 Comiss\u00e3o de Direitos Humanos da Casa. A carta pede justi\u00e7a e a responsabiliza\u00e7\u00e3o do Estado por chacinas em favelas, alegando que aumenta a cada ano [&hellip;]<\/p>\n","protected":false},"author":4,"featured_media":0,"comment_status":"open","ping_status":"closed","sticky":false,"template":"","format":"standard","meta":{"_jetpack_newsletter_access":"","_jetpack_dont_email_post_to_subs":false,"_jetpack_newsletter_tier_id":0,"_jetpack_memberships_contains_paywalled_content":false,"_jetpack_feature_clip_id":0,"_jetpack_memberships_contains_paid_content":false,"footnotes":"","jetpack_post_was_ever_published":false},"categories":[2022],"tags":[],"class_list":["post-48724","post","type-post","status-publish","format-standard","hentry","category-notas"],"aioseo_notices":[],"aioseo_head":"\n\t\t<!-- All in One SEO 5.0.1.1 - aioseo.com -->\n\t<meta name=\"robots\" content=\"max-image-preview:large\" \/>\n\t<meta name=\"author\" content=\"da Reda\u00e7\u00e3o\"\/>\n\t<link rel=\"canonical\" href=\"https:\/\/www.jornalja.com.br\/arquivo\/maes-de-vitimas-de-violencia-institucional-entregam-carta-a-deputados-no-rio\/\" \/>\n\t<meta name=\"generator\" content=\"All in One SEO (AIOSEO) 5.0.1.1\" \/>\n\t\t<meta property=\"og:locale\" content=\"pt_BR\" \/>\n\t\t<meta property=\"og:site_name\" content=\"Arquivo | Jornal J\u00c1 | Porto Alegre\" \/>\n\t\t<meta property=\"og:type\" content=\"article\" \/>\n\t\t<meta property=\"og:title\" content=\"M\u00e3es de v\u00edtimas de viol\u00eancia institucional entregam carta a deputados no Rio | Arquivo\" \/>\n\t\t<meta property=\"og:url\" content=\"https:\/\/www.jornalja.com.br\/arquivo\/maes-de-vitimas-de-violencia-institucional-entregam-carta-a-deputados-no-rio\/\" \/>\n\t\t<meta property=\"og:image\" content=\"https:\/\/www.jornalja.com.br\/economics\/wp-content\/uploads\/sites\/11\/2026\/08\/ja-folhaderosto-facebook.jpg\" \/>\n\t\t<meta property=\"og:image:secure_url\" content=\"https:\/\/www.jornalja.com.br\/economics\/wp-content\/uploads\/sites\/11\/2026\/08\/ja-folhaderosto-facebook.jpg\" \/>\n\t\t<meta property=\"article:published_time\" content=\"2017-05-19T21:12:05+00:00\" \/>\n\t\t<meta property=\"article:modified_time\" content=\"2017-05-19T21:12:05+00:00\" \/>\n\t\t<meta name=\"twitter:card\" content=\"summary\" \/>\n\t\t<meta name=\"twitter:title\" content=\"M\u00e3es de v\u00edtimas de viol\u00eancia institucional entregam carta a deputados no Rio | Arquivo\" \/>\n\t\t<meta name=\"twitter:image\" content=\"https:\/\/www.jornalja.com.br\/economics\/wp-content\/uploads\/sites\/11\/2026\/08\/ja-folhaderosto-facebook.jpg\" \/>\n\t\t<script type=\"application\/ld+json\" class=\"aioseo-schema\">\n\t\t\t{\"@context\":\"https:\\\/\\\/schema.org\",\"@graph\":[{\"@type\":\"BlogPosting\",\"@id\":\"https:\\\/\\\/www.jornalja.com.br\\\/arquivo\\\/maes-de-vitimas-de-violencia-institucional-entregam-carta-a-deputados-no-rio\\\/#blogposting\",\"name\":\"M\\u00e3es de v\\u00edtimas de viol\\u00eancia institucional entregam carta a deputados no Rio | Arquivo\",\"headline\":\"M\\u00e3es de v\\u00edtimas de viol\\u00eancia institucional entregam carta a deputados no Rio\",\"author\":{\"@id\":\"https:\\\/\\\/www.jornalja.com.br\\\/arquivo\\\/author\\\/daredacao\\\/#author\"},\"publisher\":{\"@id\":\"https:\\\/\\\/www.jornalja.com.br\\\/arquivo\\\/#organization\"},\"image\":{\"@type\":\"ImageObject\",\"url\":\"https:\\\/\\\/www.jornalja.com.br\\\/wp-content\\\/uploads\\\/cards\\\/JAslogan.png\",\"@id\":\"https:\\\/\\\/www.jornalja.com.br\\\/arquivo\\\/#articleImage\"},\"datePublished\":\"2017-05-19T18:12:05-03:00\",\"dateModified\":\"2017-05-19T18:12:05-03:00\",\"inLanguage\":\"pt-BR\",\"mainEntityOfPage\":{\"@id\":\"https:\\\/\\\/www.jornalja.com.br\\\/arquivo\\\/maes-de-vitimas-de-violencia-institucional-entregam-carta-a-deputados-no-rio\\\/#webpage\"},\"isPartOf\":{\"@id\":\"https:\\\/\\\/www.jornalja.com.br\\\/arquivo\\\/maes-de-vitimas-de-violencia-institucional-entregam-carta-a-deputados-no-rio\\\/#webpage\"},\"articleSection\":\"NOTAS\"},{\"@type\":\"BreadcrumbList\",\"@id\":\"https:\\\/\\\/www.jornalja.com.br\\\/arquivo\\\/maes-de-vitimas-de-violencia-institucional-entregam-carta-a-deputados-no-rio\\\/#breadcrumblist\",\"itemListElement\":[{\"@type\":\"ListItem\",\"@id\":\"https:\\\/\\\/www.jornalja.com.br\\\/arquivo#listItem\",\"position\":1,\"name\":\"Home\",\"item\":\"https:\\\/\\\/www.jornalja.com.br\\\/arquivo\",\"nextItem\":{\"@type\":\"ListItem\",\"@id\":\"https:\\\/\\\/www.jornalja.com.br\\\/arquivo\\\/category\\\/notas\\\/#listItem\",\"name\":\"NOTAS\"}},{\"@type\":\"ListItem\",\"@id\":\"https:\\\/\\\/www.jornalja.com.br\\\/arquivo\\\/category\\\/notas\\\/#listItem\",\"position\":2,\"name\":\"NOTAS\",\"item\":\"https:\\\/\\\/www.jornalja.com.br\\\/arquivo\\\/category\\\/notas\\\/\",\"nextItem\":{\"@type\":\"ListItem\",\"@id\":\"https:\\\/\\\/www.jornalja.com.br\\\/arquivo\\\/maes-de-vitimas-de-violencia-institucional-entregam-carta-a-deputados-no-rio\\\/#listItem\",\"name\":\"M\\u00e3es de v\\u00edtimas de viol\\u00eancia institucional entregam carta a deputados no Rio\"},\"previousItem\":{\"@type\":\"ListItem\",\"@id\":\"https:\\\/\\\/www.jornalja.com.br\\\/arquivo#listItem\",\"name\":\"Home\"}},{\"@type\":\"ListItem\",\"@id\":\"https:\\\/\\\/www.jornalja.com.br\\\/arquivo\\\/maes-de-vitimas-de-violencia-institucional-entregam-carta-a-deputados-no-rio\\\/#listItem\",\"position\":3,\"name\":\"M\\u00e3es de v\\u00edtimas de viol\\u00eancia institucional entregam carta a deputados no Rio\",\"previousItem\":{\"@type\":\"ListItem\",\"@id\":\"https:\\\/\\\/www.jornalja.com.br\\\/arquivo\\\/category\\\/notas\\\/#listItem\",\"name\":\"NOTAS\"}}]},{\"@type\":\"Organization\",\"@id\":\"https:\\\/\\\/www.jornalja.com.br\\\/arquivo\\\/#organization\",\"name\":\"Jornal J\\u00c1\",\"description\":\"Jornal J\\u00c1 | Porto Alegre\",\"url\":\"https:\\\/\\\/www.jornalja.com.br\\\/arquivo\\\/\",\"telephone\":\"+555133307272\",\"logo\":{\"@type\":\"ImageObject\",\"url\":\"https:\\\/\\\/www.jornalja.com.br\\\/wp-content\\\/uploads\\\/cards\\\/JAslogan.png\",\"@id\":\"https:\\\/\\\/www.jornalja.com.br\\\/arquivo\\\/maes-de-vitimas-de-violencia-institucional-entregam-carta-a-deputados-no-rio\\\/#organizationLogo\"},\"image\":{\"@id\":\"https:\\\/\\\/www.jornalja.com.br\\\/arquivo\\\/maes-de-vitimas-de-violencia-institucional-entregam-carta-a-deputados-no-rio\\\/#organizationLogo\"}},{\"@type\":\"Person\",\"@id\":\"https:\\\/\\\/www.jornalja.com.br\\\/arquivo\\\/author\\\/daredacao\\\/#author\",\"url\":\"https:\\\/\\\/www.jornalja.com.br\\\/arquivo\\\/author\\\/daredacao\\\/\",\"name\":\"da Reda\\u00e7\\u00e3o\",\"image\":{\"@type\":\"ImageObject\",\"@id\":\"https:\\\/\\\/www.jornalja.com.br\\\/arquivo\\\/maes-de-vitimas-de-violencia-institucional-entregam-carta-a-deputados-no-rio\\\/#authorImage\",\"url\":\"https:\\\/\\\/secure.gravatar.com\\\/avatar\\\/469fd857d6605ad19919d27ed29d35a968a25f6e8fd9318356bbb7f57aae9c65?s=96&d=mm&r=g\",\"width\":96,\"height\":96,\"caption\":\"da Reda\\u00e7\\u00e3o\"}},{\"@type\":\"WebPage\",\"@id\":\"https:\\\/\\\/www.jornalja.com.br\\\/arquivo\\\/maes-de-vitimas-de-violencia-institucional-entregam-carta-a-deputados-no-rio\\\/#webpage\",\"url\":\"https:\\\/\\\/www.jornalja.com.br\\\/arquivo\\\/maes-de-vitimas-de-violencia-institucional-entregam-carta-a-deputados-no-rio\\\/\",\"name\":\"M\\u00e3es de v\\u00edtimas de viol\\u00eancia institucional entregam carta a deputados no Rio | Arquivo\",\"inLanguage\":\"pt-BR\",\"isPartOf\":{\"@id\":\"https:\\\/\\\/www.jornalja.com.br\\\/arquivo\\\/#website\"},\"breadcrumb\":{\"@id\":\"https:\\\/\\\/www.jornalja.com.br\\\/arquivo\\\/maes-de-vitimas-de-violencia-institucional-entregam-carta-a-deputados-no-rio\\\/#breadcrumblist\"},\"author\":{\"@id\":\"https:\\\/\\\/www.jornalja.com.br\\\/arquivo\\\/author\\\/daredacao\\\/#author\"},\"creator\":{\"@id\":\"https:\\\/\\\/www.jornalja.com.br\\\/arquivo\\\/author\\\/daredacao\\\/#author\"},\"datePublished\":\"2017-05-19T18:12:05-03:00\",\"dateModified\":\"2017-05-19T18:12:05-03:00\"},{\"@type\":\"WebSite\",\"@id\":\"https:\\\/\\\/www.jornalja.com.br\\\/arquivo\\\/#website\",\"url\":\"https:\\\/\\\/www.jornalja.com.br\\\/arquivo\\\/\",\"name\":\"Arquivo\",\"description\":\"Jornal J\\u00c1 | Porto Alegre\",\"inLanguage\":\"pt-BR\",\"publisher\":{\"@id\":\"https:\\\/\\\/www.jornalja.com.br\\\/arquivo\\\/#organization\"}}]}\n\t\t<\/script>\n\t\t<!-- All in One SEO -->\n\n","aioseo_head_json":{"title":"M\u00e3es de v\u00edtimas de viol\u00eancia institucional entregam carta a deputados no Rio | Arquivo","description":"","canonical_url":"https:\/\/www.jornalja.com.br\/arquivo\/maes-de-vitimas-de-violencia-institucional-entregam-carta-a-deputados-no-rio\/","robots":"max-image-preview:large","keywords":"","webmasterTools":{"miscellaneous":""},"schema":{"@context":"https:\/\/schema.org","@graph":[{"@type":"BlogPosting","@id":"https:\/\/www.jornalja.com.br\/arquivo\/maes-de-vitimas-de-violencia-institucional-entregam-carta-a-deputados-no-rio\/#blogposting","name":"M\u00e3es de v\u00edtimas de viol\u00eancia institucional entregam carta a deputados no Rio | Arquivo","headline":"M\u00e3es de v\u00edtimas de viol\u00eancia institucional entregam carta a deputados no Rio","author":{"@id":"https:\/\/www.jornalja.com.br\/arquivo\/author\/daredacao\/#author"},"publisher":{"@id":"https:\/\/www.jornalja.com.br\/arquivo\/#organization"},"image":{"@type":"ImageObject","url":"https:\/\/www.jornalja.com.br\/wp-content\/uploads\/cards\/JAslogan.png","@id":"https:\/\/www.jornalja.com.br\/arquivo\/#articleImage"},"datePublished":"2017-05-19T18:12:05-03:00","dateModified":"2017-05-19T18:12:05-03:00","inLanguage":"pt-BR","mainEntityOfPage":{"@id":"https:\/\/www.jornalja.com.br\/arquivo\/maes-de-vitimas-de-violencia-institucional-entregam-carta-a-deputados-no-rio\/#webpage"},"isPartOf":{"@id":"https:\/\/www.jornalja.com.br\/arquivo\/maes-de-vitimas-de-violencia-institucional-entregam-carta-a-deputados-no-rio\/#webpage"},"articleSection":"NOTAS"},{"@type":"BreadcrumbList","@id":"https:\/\/www.jornalja.com.br\/arquivo\/maes-de-vitimas-de-violencia-institucional-entregam-carta-a-deputados-no-rio\/#breadcrumblist","itemListElement":[{"@type":"ListItem","@id":"https:\/\/www.jornalja.com.br\/arquivo#listItem","position":1,"name":"Home","item":"https:\/\/www.jornalja.com.br\/arquivo","nextItem":{"@type":"ListItem","@id":"https:\/\/www.jornalja.com.br\/arquivo\/category\/notas\/#listItem","name":"NOTAS"}},{"@type":"ListItem","@id":"https:\/\/www.jornalja.com.br\/arquivo\/category\/notas\/#listItem","position":2,"name":"NOTAS","item":"https:\/\/www.jornalja.com.br\/arquivo\/category\/notas\/","nextItem":{"@type":"ListItem","@id":"https:\/\/www.jornalja.com.br\/arquivo\/maes-de-vitimas-de-violencia-institucional-entregam-carta-a-deputados-no-rio\/#listItem","name":"M\u00e3es de v\u00edtimas de viol\u00eancia institucional entregam carta a deputados no Rio"},"previousItem":{"@type":"ListItem","@id":"https:\/\/www.jornalja.com.br\/arquivo#listItem","name":"Home"}},{"@type":"ListItem","@id":"https:\/\/www.jornalja.com.br\/arquivo\/maes-de-vitimas-de-violencia-institucional-entregam-carta-a-deputados-no-rio\/#listItem","position":3,"name":"M\u00e3es de v\u00edtimas de viol\u00eancia institucional entregam carta a deputados no Rio","previousItem":{"@type":"ListItem","@id":"https:\/\/www.jornalja.com.br\/arquivo\/category\/notas\/#listItem","name":"NOTAS"}}]},{"@type":"Organization","@id":"https:\/\/www.jornalja.com.br\/arquivo\/#organization","name":"Jornal J\u00c1","description":"Jornal J\u00c1 | Porto Alegre","url":"https:\/\/www.jornalja.com.br\/arquivo\/","telephone":"+555133307272","logo":{"@type":"ImageObject","url":"https:\/\/www.jornalja.com.br\/wp-content\/uploads\/cards\/JAslogan.png","@id":"https:\/\/www.jornalja.com.br\/arquivo\/maes-de-vitimas-de-violencia-institucional-entregam-carta-a-deputados-no-rio\/#organizationLogo"},"image":{"@id":"https:\/\/www.jornalja.com.br\/arquivo\/maes-de-vitimas-de-violencia-institucional-entregam-carta-a-deputados-no-rio\/#organizationLogo"}},{"@type":"Person","@id":"https:\/\/www.jornalja.com.br\/arquivo\/author\/daredacao\/#author","url":"https:\/\/www.jornalja.com.br\/arquivo\/author\/daredacao\/","name":"da Reda\u00e7\u00e3o","image":{"@type":"ImageObject","@id":"https:\/\/www.jornalja.com.br\/arquivo\/maes-de-vitimas-de-violencia-institucional-entregam-carta-a-deputados-no-rio\/#authorImage","url":"https:\/\/secure.gravatar.com\/avatar\/469fd857d6605ad19919d27ed29d35a968a25f6e8fd9318356bbb7f57aae9c65?s=96&d=mm&r=g","width":96,"height":96,"caption":"da Reda\u00e7\u00e3o"}},{"@type":"WebPage","@id":"https:\/\/www.jornalja.com.br\/arquivo\/maes-de-vitimas-de-violencia-institucional-entregam-carta-a-deputados-no-rio\/#webpage","url":"https:\/\/www.jornalja.com.br\/arquivo\/maes-de-vitimas-de-violencia-institucional-entregam-carta-a-deputados-no-rio\/","name":"M\u00e3es de v\u00edtimas de viol\u00eancia institucional entregam carta a deputados no Rio | Arquivo","inLanguage":"pt-BR","isPartOf":{"@id":"https:\/\/www.jornalja.com.br\/arquivo\/#website"},"breadcrumb":{"@id":"https:\/\/www.jornalja.com.br\/arquivo\/maes-de-vitimas-de-violencia-institucional-entregam-carta-a-deputados-no-rio\/#breadcrumblist"},"author":{"@id":"https:\/\/www.jornalja.com.br\/arquivo\/author\/daredacao\/#author"},"creator":{"@id":"https:\/\/www.jornalja.com.br\/arquivo\/author\/daredacao\/#author"},"datePublished":"2017-05-19T18:12:05-03:00","dateModified":"2017-05-19T18:12:05-03:00"},{"@type":"WebSite","@id":"https:\/\/www.jornalja.com.br\/arquivo\/#website","url":"https:\/\/www.jornalja.com.br\/arquivo\/","name":"Arquivo","description":"Jornal J\u00c1 | Porto Alegre","inLanguage":"pt-BR","publisher":{"@id":"https:\/\/www.jornalja.com.br\/arquivo\/#organization"}}]},"og:locale":"pt_BR","og:site_name":"Arquivo | Jornal J\u00c1 | Porto Alegre","og:type":"article","og:title":"M\u00e3es de v\u00edtimas de viol\u00eancia institucional entregam carta a deputados no Rio | Arquivo","og:url":"https:\/\/www.jornalja.com.br\/arquivo\/maes-de-vitimas-de-violencia-institucional-entregam-carta-a-deputados-no-rio\/","og:image":"https:\/\/www.jornalja.com.br\/economics\/wp-content\/uploads\/sites\/11\/2026\/08\/ja-folhaderosto-facebook.jpg","og:image:secure_url":"https:\/\/www.jornalja.com.br\/economics\/wp-content\/uploads\/sites\/11\/2026\/08\/ja-folhaderosto-facebook.jpg","article:published_time":"2017-05-19T21:12:05+00:00","article:modified_time":"2017-05-19T21:12:05+00:00","twitter:card":"summary","twitter:title":"M\u00e3es de v\u00edtimas de viol\u00eancia institucional entregam carta a deputados no Rio | Arquivo","twitter:image":"https:\/\/www.jornalja.com.br\/economics\/wp-content\/uploads\/sites\/11\/2026\/08\/ja-folhaderosto-facebook.jpg"},"aioseo_meta_data":{"post_id":"48724","title":null,"description":null,"keywords":null,"keyphrases":null,"primary_term":null,"canonical_url":null,"og_title":null,"og_description":null,"og_object_type":"default","og_image_type":"default","og_image_url":null,"og_image_width":null,"og_image_height":null,"og_image_custom_url":null,"og_image_custom_fields":null,"og_video":null,"og_custom_url":null,"og_article_section":null,"og_article_tags":null,"twitter_use_og":false,"twitter_card":"default","twitter_image_type":"default","twitter_image_url":null,"twitter_image_custom_url":null,"twitter_image_custom_fields":null,"twitter_title":null,"twitter_description":null,"schema":{"blockGraphs":[],"customGraphs":[],"default":{"data":{"Article":[],"Course":[],"Dataset":[],"FAQPage":[],"Movie":[],"Person":[],"Product":[],"ProductReview":[],"Car":[],"Recipe":[],"Service":[],"SoftwareApplication":[],"WebPage":[]},"graphName":"","isEnabled":true},"graphs":[],"defaultGraph":"","defaultPostTypeGraph":""},"schema_type":null,"schema_type_options":null,"pillar_content":false,"robots_default":true,"robots_noindex":false,"robots_noarchive":false,"robots_nosnippet":false,"robots_nofollow":false,"robots_noimageindex":false,"robots_noodp":false,"robots_notranslate":false,"robots_max_snippet":null,"robots_max_videopreview":null,"robots_max_imagepreview":"large","priority":null,"frequency":null,"location":null,"local_seo":null,"breadcrumb_settings":null,"limit_modified_date":false,"ai":null,"created":"2020-12-20 20:35:20","updated":"2025-07-19 21:43:25","seo_analyzer_scan_date":null,"focus_keyword":null,"additional_keywords":null,"truseo_locale":null},"jetpack_sharing_enabled":true,"jetpack-related-posts":[{"id":12960,"url":"https:\/\/www.jornalja.com.br\/arquivo\/populacao-culpa-empresas-pela-greve-dos-rodoviarios\/","url_meta":{"origin":48724,"position":0},"title":"Popula\u00e7\u00e3o culpa empresas pela greve","author":"Patr\u00edcia Marini","date":"14 de fevereiro de 2014","format":false,"excerpt":"Pesquisa divulgada na edi\u00e7\u00e3o do jornal Metro desta sexta-feira,14, comprova o velho ditado: \u00e9 poss\u00edvel enganar muitos por algum tempo, mas n\u00e3o \u00e9 poss\u00edvel enganar a todos o tempo inteiro. A principal revela\u00e7\u00e3o foi que 59,8% dos entrevistados apontaram as empresas como as principais respons\u00e1veis pela grave e 46% culparam\u2026","rel":"","context":"Em &quot;X.Categorias velhas&quot;","block_context":{"text":"X.Categorias velhas","link":"https:\/\/www.jornalja.com.br\/arquivo\/category\/x-categorias-velhas\/"},"img":{"alt_text":"","src":"","width":0,"height":0},"classes":[]},{"id":13101,"url":"https:\/\/www.jornalja.com.br\/arquivo\/morre-um-guerreiro-do-texto\/","url_meta":{"origin":48724,"position":1},"title":"Morre um guerreiro do texto","author":"Patr\u00edcia Marini","date":"14 de maio de 2014","format":false,"excerpt":"Por Ricardo Kotscho Reproduzido do blog do autor, 11\/5\/2014; t\u00edtulo original \u201cE l\u00e1 se foi o nosso Myltainho, guerreiro do texto\u201d. Mi\u00fado e franzino, meu amigo Myltainho era um valente e inconformado guerreiro na luta contra as injusti\u00e7as sociais, a hipocrisia, as maracutaias, o autoritarismo, a intoler\u00e2ncia, a viol\u00eancia, o\u2026","rel":"","context":"Em &quot;Geral&quot;","block_context":{"text":"Geral","link":"https:\/\/www.jornalja.com.br\/arquivo\/category\/geral\/"},"img":{"alt_text":"","src":"","width":0,"height":0},"classes":[]},{"id":13109,"url":"https:\/\/www.jornalja.com.br\/arquivo\/judiciario-reconhece-poluicao-eletromagnetica\/","url_meta":{"origin":48724,"position":2},"title":"Judici\u00e1rio reconhece polui\u00e7\u00e3o eletromagn\u00e9tica","author":"Patr\u00edcia Marini","date":"16 de maio de 2014","format":false,"excerpt":"A\u00e7\u00e3o de duas associa\u00e7\u00f5es de moradores foi acolhida pelo Tribunal de Justi\u00e7a de S\u00e3o Paulo que. em decis\u00e3o in\u00e9dita, determinou a redu\u00e7\u00e3o do campo eletromagn\u00e9tico gerado pelas linhas de transmiss\u00e3o de energia que cortam os bairros City Boa\u00e7ava e Alto de Pinheiros. \u00c9 a primeira vez que um tribunal do\u2026","rel":"","context":"Em &quot;X.Categorias velhas&quot;","block_context":{"text":"X.Categorias velhas","link":"https:\/\/www.jornalja.com.br\/arquivo\/category\/x-categorias-velhas\/"},"img":{"alt_text":"","src":"","width":0,"height":0},"classes":[]},{"id":5440,"url":"https:\/\/www.jornalja.com.br\/arquivo\/casarao-da-venancio-destino-permanece-incerto\/","url_meta":{"origin":48724,"position":3},"title":"Estado ainda n\u00e3o sabe o que fazer com casar\u00e3o abandonado h\u00e1 20 anos","author":"Elmar Bones","date":"6 de julho de 2009","format":false,"excerpt":"O casar\u00e3o amarelo, numa esquina nobre de Porto Alegre (Ven\u00e2ncio Aires com Jo\u00e3o Pessoa), j\u00e1 abrigou uma escola. H\u00e1 duas d\u00e9cadas, pelo menos, est\u00e1 abandonado, porque seu propriet\u00e1rio, o governo do Estado do Rio Grande do Sul, n\u00e3o consegue achar um destino para ele. Planos n\u00e3o faltaram. O governador Ol\u00edvio\u2026","rel":"","context":"Em &quot;X.Categorias velhas&quot;","block_context":{"text":"X.Categorias velhas","link":"https:\/\/www.jornalja.com.br\/arquivo\/category\/x-categorias-velhas\/"},"img":{"alt_text":"geraldo1","src":"https:\/\/i0.wp.com\/www.jornalja.com.br\/wp-content\/uploads\/2009\/07\/geraldo1.jpg?resize=350%2C200&ssl=1","width":350,"height":200},"classes":[]},{"id":14241,"url":"https:\/\/www.jornalja.com.br\/arquivo\/o-guaiba-nas-imagens-poeticas-de-achutti\/","url_meta":{"origin":48724,"position":4},"title":"O Gua\u00edba nas imagens po\u00e9ticas de Achutti","author":"da Reda\u00e7\u00e3o","date":"18 de junho de 2014","format":false,"excerpt":"Em \u201cO Gua\u00edba por Achutti\u201d \u2013 obra financiada via Minist\u00e9rio da Cultura, produ\u00e7\u00e3o executiva de Pedro Longhi, e Fl\u00e1vio Wild como designer \u2013, o fot\u00f3grafo revela a beleza e as mazelas de um espa\u00e7o aqu\u00e1tico de \u00e1guas sempre renovadas, cheio de hist\u00f3rias e lendas como as das cidades que foram\u2026","rel":"","context":"Em &quot;Cultura-Geral&quot;","block_context":{"text":"Cultura-Geral","link":"https:\/\/www.jornalja.com.br\/arquivo\/category\/materiasecundaria\/"},"img":{"alt_text":"","src":"","width":0,"height":0},"classes":[]},{"id":13124,"url":"https:\/\/www.jornalja.com.br\/arquivo\/sangue-latino-no-iecine\/","url_meta":{"origin":48724,"position":5},"title":"Sangue latino no IECINE","author":"da Reda\u00e7\u00e3o","date":"18 de maio de 2014","format":false,"excerpt":"Francisco Ribeiro O Instituto Estadual de Cinema (IECINE) tem a frente, desde abril \u00faltimo, um novo diretor, o cineasta colombiano Juan Zapata, 36, que substitui Luiz Alberto Cassol. Radicado h\u00e1 dez anos em Porto Alegre, Zapata tem diante de si o desafio de conduzir at\u00e9 o final do ano um\u2026","rel":"","context":"Em &quot;Cultura-Geral&quot;","block_context":{"text":"Cultura-Geral","link":"https:\/\/www.jornalja.com.br\/arquivo\/category\/materiasecundaria\/"},"img":{"alt_text":"","src":"","width":0,"height":0},"classes":[]}],"jetpack_shortlink":"https:\/\/wp.me\/pbQjBd-cFS","jetpack_featured_media_url":"","_links":{"self":[{"href":"https:\/\/www.jornalja.com.br\/arquivo\/wp-json\/wp\/v2\/posts\/48724","targetHints":{"allow":["GET"]}}],"collection":[{"href":"https:\/\/www.jornalja.com.br\/arquivo\/wp-json\/wp\/v2\/posts"}],"about":[{"href":"https:\/\/www.jornalja.com.br\/arquivo\/wp-json\/wp\/v2\/types\/post"}],"author":[{"embeddable":true,"href":"https:\/\/www.jornalja.com.br\/arquivo\/wp-json\/wp\/v2\/users\/4"}],"replies":[{"embeddable":true,"href":"https:\/\/www.jornalja.com.br\/arquivo\/wp-json\/wp\/v2\/comments?post=48724"}],"version-history":[{"count":0,"href":"https:\/\/www.jornalja.com.br\/arquivo\/wp-json\/wp\/v2\/posts\/48724\/revisions"}],"wp:attachment":[{"href":"https:\/\/www.jornalja.com.br\/arquivo\/wp-json\/wp\/v2\/media?parent=48724"}],"wp:term":[{"taxonomy":"category","embeddable":true,"href":"https:\/\/www.jornalja.com.br\/arquivo\/wp-json\/wp\/v2\/categories?post=48724"},{"taxonomy":"post_tag","embeddable":true,"href":"https:\/\/www.jornalja.com.br\/arquivo\/wp-json\/wp\/v2\/tags?post=48724"}],"curies":[{"name":"wp","href":"https:\/\/api.w.org\/{rel}","templated":true}]}}