{"id":48726,"date":"2017-05-19T19:54:15","date_gmt":"2017-05-19T22:54:15","guid":{"rendered":"https:\/\/www.jornalja.com.br\/?p=48726"},"modified":"2017-05-19T19:54:15","modified_gmt":"2017-05-19T22:54:15","slug":"tragedia-na-boate-kiss-primeiros-condenados-podem-ser-pais-de-vitimas","status":"publish","type":"post","link":"https:\/\/www.jornalja.com.br\/arquivo\/tragedia-na-boate-kiss-primeiros-condenados-podem-ser-pais-de-vitimas\/","title":{"rendered":"Trag\u00e9dia na boate Kiss: primeiros condenados podem ser pais de v\u00edtimas"},"content":{"rendered":"<p>A trag\u00e9dia que matou 242 pessoas e feriu outras 636 na boate Kiss, em Santa Maria (RS), no dia 27 de janeiro de 2013, pode ter suas primeiras condena\u00e7\u00f5es proferidas na pr\u00f3xima segunda-feira (22.05).<br \/>\n<figure id=\"attachment_48737\" aria-describedby=\"caption-attachment-48737\" style=\"width: 197px\" class=\"wp-caption alignright\"><img loading=\"lazy\" decoding=\"async\" class=\" wp-image-48737\" src=\"https:\/\/www.jornalja.com.br\/wp-content\/uploads\/2017\/05\/Ricardo-Lozza-promotor-MPRS.jpg\" alt=\"\" width=\"197\" height=\"163\" \/><figcaption id=\"caption-attachment-48737\" class=\"wp-caption-text\">Promotor Ricardo Lozza\/Divulga\u00e7\u00e3o MPRS<\/figcaption><\/figure><br \/>\nN\u00e3o se trata de nenhum dos respons\u00e1veis pelo inc\u00eandio, apontados em inqu\u00e9rito policial, mas de dois pais de v\u00edtimas fatais que, na luta pelos direitos e da mem\u00f3ria de seus filhos, est\u00e3o sendo processados pelo promotor de Justi\u00e7a do Rio Grande do Sul Ricardo Lozza.<br \/>\nO caso que provocou como\u00e7\u00e3o mundial segue um <em>modus operandi<\/em> conhecido na Justi\u00e7a brasileira. Passados 4 anos e 3 meses do inc\u00eandio, os familiares de v\u00edtimas e pessoas que sobreviveram ao inc\u00eandio seguem aguardando repara\u00e7\u00e3o pela perda e a responsabiliza\u00e7\u00e3o formal dos quatro r\u00e9us indiciados. \u00c9 o caso de Sergio da Silva, presidente da Associa\u00e7\u00e3o de Familiares de V\u00edtimas e Sobreviventes da Trag\u00e9dia de Santa Maria (AVTSM), e de Fl\u00e1vio Jos\u00e9 da Silva, vice-presidente da ATVSM e presidente do Movimento Santa Maria do Luto \u00e0 Luta. Ambos perderam seus filhos naquele fat\u00eddico 27 de janeiro.<br \/>\nPor terem dito que o Minist\u00e9rio P\u00fablico sabia das irregularidades de funcionamento da Kiss e que, portanto, foi conivente com o epis\u00f3dio, est\u00e3o sendo processados por \u201ccal\u00fania\u201d. Essa situa\u00e7\u00e3o inusitada deixou perplexos os parlamentares\u00a0da Comiss\u00e3o de Direitos Humanos e Minorias da C\u00e2mara dos Deputados (CDHM). A Comiss\u00e3o foi\u00a0acionada para acompanhar a viola\u00e7\u00e3o de Direitos Humanos destes dois pais, que receber\u00e3o a decis\u00e3o de recurso que os levou ao Tribunal do J\u00fari na segunda.<br \/>\nPara o presidente da CDHM, deputado Paul\u00e3o (PT-AL), \u00e9 um absurdo o que ocorre no caso. \u201c\u00c9 inadmiss\u00edvel que a neglig\u00eancia com as vidas humanas conte com a morosidade da Justi\u00e7a ao passo que aqueles que lutam, com dor, para a responsabiliza\u00e7\u00e3o de quem contribuiu para a morte de seus filhos sejam punidos\u201d, afirma.<br \/>\nO deputado Paulo Pimenta (PT-RS), que \u00e9 de Santa Maria, considera que esta acusa\u00e7\u00e3o, se confirmada, ser\u00e1 um golpe na imagem do pa\u00eds. \u201cEssa invers\u00e3o de responsabilidades, que pune pais de v\u00edtimas e mant\u00e9m livres os respons\u00e1veis, vai ensejar peti\u00e7\u00f5es junto a organismos internacionais de Direitos Humanos e podem resultar inclusive em condena\u00e7\u00f5es do Estado brasileiro\u201d, ressalta.<br \/>\n<figure id=\"attachment_48736\" aria-describedby=\"caption-attachment-48736\" style=\"width: 223px\" class=\"wp-caption alignright\"><img loading=\"lazy\" decoding=\"async\" class=\" wp-image-48736\" src=\"https:\/\/www.jornalja.com.br\/wp-content\/uploads\/2017\/05\/Sylvio-Baptista-Neto-TJRS.jpg\" alt=\"\" width=\"223\" height=\"168\" \/><figcaption id=\"caption-attachment-48736\" class=\"wp-caption-text\">Desembargador Sylvio Baptista Neto\/Divulga\u00e7\u00e3o TJ<\/figcaption><\/figure><br \/>\nOs dois parlamentares encaminharam um of\u00edcio ao desembargador do Tribunal de Justi\u00e7a do Rio Grande do Sul, Sylvio Baptista Neto, que deve presidir o julgamento, atentando para a gravidade da situa\u00e7\u00e3o e a import\u00e2ncia de garantia dos Direitos Humanos de Silvio e Fl\u00e1vio, bem como o respeito \u00e0 mem\u00f3ria de todos os familiares e sobreviventes da trag\u00e9dia.<br \/>\nPaul\u00e3o, na condi\u00e7\u00e3o de presidente da CDHM, instaurou procedimento para acompanhar o caso e colocou a assessoria t\u00e9cnica da Comiss\u00e3o \u00e0 disposi\u00e7\u00e3o no sentido de avaliar e propor medidas a partir dos encaminhamentos.<br \/>\n<em>(Com informa\u00e7\u00f5es da CDHM e das associa\u00e7\u00f5es dos familiares das v\u00edtimas)<\/em><\/p>\n","protected":false},"excerpt":{"rendered":"<p>A trag\u00e9dia que matou 242 pessoas e feriu outras 636 na boate Kiss, em Santa Maria (RS), no dia 27 de janeiro de 2013, pode ter suas primeiras condena\u00e7\u00f5es proferidas na pr\u00f3xima segunda-feira (22.05). N\u00e3o se trata de nenhum dos respons\u00e1veis pelo inc\u00eandio, apontados em inqu\u00e9rito policial, mas de dois pais de v\u00edtimas fatais que, [&hellip;]<\/p>\n","protected":false},"author":4,"featured_media":48727,"comment_status":"open","ping_status":"closed","sticky":false,"template":"","format":"standard","meta":{"_jetpack_newsletter_access":"","_jetpack_dont_email_post_to_subs":false,"_jetpack_newsletter_tier_id":0,"_jetpack_memberships_contains_paywalled_content":false,"_jetpack_feature_clip_id":0,"_jetpack_memberships_contains_paid_content":false,"footnotes":"","jetpack_post_was_ever_published":false},"categories":[26],"tags":[],"class_list":["post-48726","post","type-post","status-publish","format-standard","has-post-thumbnail","hentry","category-geral"],"aioseo_notices":[],"aioseo_head":"\n\t\t<!-- All in One SEO 5.0.1.1 - aioseo.com -->\n\t<meta name=\"robots\" content=\"max-image-preview:large\" \/>\n\t<meta name=\"author\" content=\"da Reda\u00e7\u00e3o\"\/>\n\t<link rel=\"canonical\" href=\"https:\/\/www.jornalja.com.br\/arquivo\/tragedia-na-boate-kiss-primeiros-condenados-podem-ser-pais-de-vitimas\/\" \/>\n\t<meta name=\"generator\" content=\"All in One SEO (AIOSEO) 5.0.1.1\" \/>\n\t\t<meta property=\"og:locale\" content=\"pt_BR\" \/>\n\t\t<meta property=\"og:site_name\" content=\"Arquivo | Jornal J\u00c1 | Porto Alegre\" \/>\n\t\t<meta property=\"og:type\" content=\"article\" \/>\n\t\t<meta property=\"og:title\" content=\"Trag\u00e9dia na boate Kiss: primeiros condenados podem ser pais de v\u00edtimas | Arquivo\" \/>\n\t\t<meta property=\"og:url\" content=\"https:\/\/www.jornalja.com.br\/arquivo\/tragedia-na-boate-kiss-primeiros-condenados-podem-ser-pais-de-vitimas\/\" \/>\n\t\t<meta property=\"og:image\" content=\"https:\/\/www.jornalja.com.br\/wp-content\/uploads\/2017\/05\/Ricardo-Lozza-promotor-MPRS.jpg\" \/>\n\t\t<meta property=\"og:image:secure_url\" content=\"https:\/\/www.jornalja.com.br\/wp-content\/uploads\/2017\/05\/Ricardo-Lozza-promotor-MPRS.jpg\" \/>\n\t\t<meta property=\"article:published_time\" content=\"2017-05-19T22:54:15+00:00\" \/>\n\t\t<meta property=\"article:modified_time\" content=\"2017-05-19T22:54:15+00:00\" \/>\n\t\t<meta name=\"twitter:card\" content=\"summary\" \/>\n\t\t<meta name=\"twitter:title\" content=\"Trag\u00e9dia na boate Kiss: primeiros condenados podem ser pais de v\u00edtimas | Arquivo\" \/>\n\t\t<meta name=\"twitter:image\" content=\"https:\/\/www.jornalja.com.br\/economics\/wp-content\/uploads\/sites\/11\/2026\/08\/ja-folhaderosto-facebook.jpg\" \/>\n\t\t<script type=\"application\/ld+json\" class=\"aioseo-schema\">\n\t\t\t{\"@context\":\"https:\\\/\\\/schema.org\",\"@graph\":[{\"@type\":\"BlogPosting\",\"@id\":\"https:\\\/\\\/www.jornalja.com.br\\\/arquivo\\\/tragedia-na-boate-kiss-primeiros-condenados-podem-ser-pais-de-vitimas\\\/#blogposting\",\"name\":\"Trag\\u00e9dia na boate Kiss: primeiros condenados podem ser pais de v\\u00edtimas | Arquivo\",\"headline\":\"Trag\\u00e9dia na boate Kiss: primeiros condenados podem ser pais de v\\u00edtimas\",\"author\":{\"@id\":\"https:\\\/\\\/www.jornalja.com.br\\\/arquivo\\\/author\\\/daredacao\\\/#author\"},\"publisher\":{\"@id\":\"https:\\\/\\\/www.jornalja.com.br\\\/arquivo\\\/#organization\"},\"image\":{\"@type\":\"ImageObject\",\"url\":48727},\"datePublished\":\"2017-05-19T19:54:15-03:00\",\"dateModified\":\"2017-05-19T19:54:15-03:00\",\"inLanguage\":\"pt-BR\",\"mainEntityOfPage\":{\"@id\":\"https:\\\/\\\/www.jornalja.com.br\\\/arquivo\\\/tragedia-na-boate-kiss-primeiros-condenados-podem-ser-pais-de-vitimas\\\/#webpage\"},\"isPartOf\":{\"@id\":\"https:\\\/\\\/www.jornalja.com.br\\\/arquivo\\\/tragedia-na-boate-kiss-primeiros-condenados-podem-ser-pais-de-vitimas\\\/#webpage\"},\"articleSection\":\"Geral\"},{\"@type\":\"BreadcrumbList\",\"@id\":\"https:\\\/\\\/www.jornalja.com.br\\\/arquivo\\\/tragedia-na-boate-kiss-primeiros-condenados-podem-ser-pais-de-vitimas\\\/#breadcrumblist\",\"itemListElement\":[{\"@type\":\"ListItem\",\"@id\":\"https:\\\/\\\/www.jornalja.com.br\\\/arquivo#listItem\",\"position\":1,\"name\":\"Home\",\"item\":\"https:\\\/\\\/www.jornalja.com.br\\\/arquivo\",\"nextItem\":{\"@type\":\"ListItem\",\"@id\":\"https:\\\/\\\/www.jornalja.com.br\\\/arquivo\\\/category\\\/geral\\\/#listItem\",\"name\":\"Geral\"}},{\"@type\":\"ListItem\",\"@id\":\"https:\\\/\\\/www.jornalja.com.br\\\/arquivo\\\/category\\\/geral\\\/#listItem\",\"position\":2,\"name\":\"Geral\",\"item\":\"https:\\\/\\\/www.jornalja.com.br\\\/arquivo\\\/category\\\/geral\\\/\",\"nextItem\":{\"@type\":\"ListItem\",\"@id\":\"https:\\\/\\\/www.jornalja.com.br\\\/arquivo\\\/tragedia-na-boate-kiss-primeiros-condenados-podem-ser-pais-de-vitimas\\\/#listItem\",\"name\":\"Trag\\u00e9dia na boate Kiss: primeiros condenados podem ser pais de v\\u00edtimas\"},\"previousItem\":{\"@type\":\"ListItem\",\"@id\":\"https:\\\/\\\/www.jornalja.com.br\\\/arquivo#listItem\",\"name\":\"Home\"}},{\"@type\":\"ListItem\",\"@id\":\"https:\\\/\\\/www.jornalja.com.br\\\/arquivo\\\/tragedia-na-boate-kiss-primeiros-condenados-podem-ser-pais-de-vitimas\\\/#listItem\",\"position\":3,\"name\":\"Trag\\u00e9dia na boate Kiss: primeiros condenados podem ser pais de v\\u00edtimas\",\"previousItem\":{\"@type\":\"ListItem\",\"@id\":\"https:\\\/\\\/www.jornalja.com.br\\\/arquivo\\\/category\\\/geral\\\/#listItem\",\"name\":\"Geral\"}}]},{\"@type\":\"Organization\",\"@id\":\"https:\\\/\\\/www.jornalja.com.br\\\/arquivo\\\/#organization\",\"name\":\"Jornal J\\u00c1\",\"description\":\"Jornal J\\u00c1 | Porto Alegre\",\"url\":\"https:\\\/\\\/www.jornalja.com.br\\\/arquivo\\\/\",\"telephone\":\"+555133307272\",\"logo\":{\"@type\":\"ImageObject\",\"url\":\"https:\\\/\\\/www.jornalja.com.br\\\/wp-content\\\/uploads\\\/cards\\\/JAslogan.png\",\"@id\":\"https:\\\/\\\/www.jornalja.com.br\\\/arquivo\\\/tragedia-na-boate-kiss-primeiros-condenados-podem-ser-pais-de-vitimas\\\/#organizationLogo\"},\"image\":{\"@id\":\"https:\\\/\\\/www.jornalja.com.br\\\/arquivo\\\/tragedia-na-boate-kiss-primeiros-condenados-podem-ser-pais-de-vitimas\\\/#organizationLogo\"}},{\"@type\":\"Person\",\"@id\":\"https:\\\/\\\/www.jornalja.com.br\\\/arquivo\\\/author\\\/daredacao\\\/#author\",\"url\":\"https:\\\/\\\/www.jornalja.com.br\\\/arquivo\\\/author\\\/daredacao\\\/\",\"name\":\"da Reda\\u00e7\\u00e3o\",\"image\":{\"@type\":\"ImageObject\",\"@id\":\"https:\\\/\\\/www.jornalja.com.br\\\/arquivo\\\/tragedia-na-boate-kiss-primeiros-condenados-podem-ser-pais-de-vitimas\\\/#authorImage\",\"url\":\"https:\\\/\\\/secure.gravatar.com\\\/avatar\\\/469fd857d6605ad19919d27ed29d35a968a25f6e8fd9318356bbb7f57aae9c65?s=96&d=mm&r=g\",\"width\":96,\"height\":96,\"caption\":\"da Reda\\u00e7\\u00e3o\"}},{\"@type\":\"WebPage\",\"@id\":\"https:\\\/\\\/www.jornalja.com.br\\\/arquivo\\\/tragedia-na-boate-kiss-primeiros-condenados-podem-ser-pais-de-vitimas\\\/#webpage\",\"url\":\"https:\\\/\\\/www.jornalja.com.br\\\/arquivo\\\/tragedia-na-boate-kiss-primeiros-condenados-podem-ser-pais-de-vitimas\\\/\",\"name\":\"Trag\\u00e9dia na boate Kiss: primeiros condenados podem ser pais de v\\u00edtimas | Arquivo\",\"inLanguage\":\"pt-BR\",\"isPartOf\":{\"@id\":\"https:\\\/\\\/www.jornalja.com.br\\\/arquivo\\\/#website\"},\"breadcrumb\":{\"@id\":\"https:\\\/\\\/www.jornalja.com.br\\\/arquivo\\\/tragedia-na-boate-kiss-primeiros-condenados-podem-ser-pais-de-vitimas\\\/#breadcrumblist\"},\"author\":{\"@id\":\"https:\\\/\\\/www.jornalja.com.br\\\/arquivo\\\/author\\\/daredacao\\\/#author\"},\"creator\":{\"@id\":\"https:\\\/\\\/www.jornalja.com.br\\\/arquivo\\\/author\\\/daredacao\\\/#author\"},\"image\":{\"@type\":\"ImageObject\",\"url\":48727,\"@id\":\"https:\\\/\\\/www.jornalja.com.br\\\/arquivo\\\/tragedia-na-boate-kiss-primeiros-condenados-podem-ser-pais-de-vitimas\\\/#mainImage\"},\"primaryImageOfPage\":{\"@id\":\"https:\\\/\\\/www.jornalja.com.br\\\/arquivo\\\/tragedia-na-boate-kiss-primeiros-condenados-podem-ser-pais-de-vitimas\\\/#mainImage\"},\"datePublished\":\"2017-05-19T19:54:15-03:00\",\"dateModified\":\"2017-05-19T19:54:15-03:00\"},{\"@type\":\"WebSite\",\"@id\":\"https:\\\/\\\/www.jornalja.com.br\\\/arquivo\\\/#website\",\"url\":\"https:\\\/\\\/www.jornalja.com.br\\\/arquivo\\\/\",\"name\":\"Arquivo\",\"description\":\"Jornal J\\u00c1 | Porto Alegre\",\"inLanguage\":\"pt-BR\",\"publisher\":{\"@id\":\"https:\\\/\\\/www.jornalja.com.br\\\/arquivo\\\/#organization\"}}]}\n\t\t<\/script>\n\t\t<!-- All in One SEO -->\n\n","aioseo_head_json":{"title":"Trag\u00e9dia na boate Kiss: primeiros condenados podem ser pais de v\u00edtimas | Arquivo","description":"","canonical_url":"https:\/\/www.jornalja.com.br\/arquivo\/tragedia-na-boate-kiss-primeiros-condenados-podem-ser-pais-de-vitimas\/","robots":"max-image-preview:large","keywords":"","webmasterTools":{"miscellaneous":""},"schema":{"@context":"https:\/\/schema.org","@graph":[{"@type":"BlogPosting","@id":"https:\/\/www.jornalja.com.br\/arquivo\/tragedia-na-boate-kiss-primeiros-condenados-podem-ser-pais-de-vitimas\/#blogposting","name":"Trag\u00e9dia na boate Kiss: primeiros condenados podem ser pais de v\u00edtimas | Arquivo","headline":"Trag\u00e9dia na boate Kiss: primeiros condenados podem ser pais de v\u00edtimas","author":{"@id":"https:\/\/www.jornalja.com.br\/arquivo\/author\/daredacao\/#author"},"publisher":{"@id":"https:\/\/www.jornalja.com.br\/arquivo\/#organization"},"image":{"@type":"ImageObject","url":48727},"datePublished":"2017-05-19T19:54:15-03:00","dateModified":"2017-05-19T19:54:15-03:00","inLanguage":"pt-BR","mainEntityOfPage":{"@id":"https:\/\/www.jornalja.com.br\/arquivo\/tragedia-na-boate-kiss-primeiros-condenados-podem-ser-pais-de-vitimas\/#webpage"},"isPartOf":{"@id":"https:\/\/www.jornalja.com.br\/arquivo\/tragedia-na-boate-kiss-primeiros-condenados-podem-ser-pais-de-vitimas\/#webpage"},"articleSection":"Geral"},{"@type":"BreadcrumbList","@id":"https:\/\/www.jornalja.com.br\/arquivo\/tragedia-na-boate-kiss-primeiros-condenados-podem-ser-pais-de-vitimas\/#breadcrumblist","itemListElement":[{"@type":"ListItem","@id":"https:\/\/www.jornalja.com.br\/arquivo#listItem","position":1,"name":"Home","item":"https:\/\/www.jornalja.com.br\/arquivo","nextItem":{"@type":"ListItem","@id":"https:\/\/www.jornalja.com.br\/arquivo\/category\/geral\/#listItem","name":"Geral"}},{"@type":"ListItem","@id":"https:\/\/www.jornalja.com.br\/arquivo\/category\/geral\/#listItem","position":2,"name":"Geral","item":"https:\/\/www.jornalja.com.br\/arquivo\/category\/geral\/","nextItem":{"@type":"ListItem","@id":"https:\/\/www.jornalja.com.br\/arquivo\/tragedia-na-boate-kiss-primeiros-condenados-podem-ser-pais-de-vitimas\/#listItem","name":"Trag\u00e9dia na boate Kiss: primeiros condenados podem ser pais de v\u00edtimas"},"previousItem":{"@type":"ListItem","@id":"https:\/\/www.jornalja.com.br\/arquivo#listItem","name":"Home"}},{"@type":"ListItem","@id":"https:\/\/www.jornalja.com.br\/arquivo\/tragedia-na-boate-kiss-primeiros-condenados-podem-ser-pais-de-vitimas\/#listItem","position":3,"name":"Trag\u00e9dia na boate Kiss: primeiros condenados podem ser pais de v\u00edtimas","previousItem":{"@type":"ListItem","@id":"https:\/\/www.jornalja.com.br\/arquivo\/category\/geral\/#listItem","name":"Geral"}}]},{"@type":"Organization","@id":"https:\/\/www.jornalja.com.br\/arquivo\/#organization","name":"Jornal J\u00c1","description":"Jornal J\u00c1 | Porto Alegre","url":"https:\/\/www.jornalja.com.br\/arquivo\/","telephone":"+555133307272","logo":{"@type":"ImageObject","url":"https:\/\/www.jornalja.com.br\/wp-content\/uploads\/cards\/JAslogan.png","@id":"https:\/\/www.jornalja.com.br\/arquivo\/tragedia-na-boate-kiss-primeiros-condenados-podem-ser-pais-de-vitimas\/#organizationLogo"},"image":{"@id":"https:\/\/www.jornalja.com.br\/arquivo\/tragedia-na-boate-kiss-primeiros-condenados-podem-ser-pais-de-vitimas\/#organizationLogo"}},{"@type":"Person","@id":"https:\/\/www.jornalja.com.br\/arquivo\/author\/daredacao\/#author","url":"https:\/\/www.jornalja.com.br\/arquivo\/author\/daredacao\/","name":"da Reda\u00e7\u00e3o","image":{"@type":"ImageObject","@id":"https:\/\/www.jornalja.com.br\/arquivo\/tragedia-na-boate-kiss-primeiros-condenados-podem-ser-pais-de-vitimas\/#authorImage","url":"https:\/\/secure.gravatar.com\/avatar\/469fd857d6605ad19919d27ed29d35a968a25f6e8fd9318356bbb7f57aae9c65?s=96&d=mm&r=g","width":96,"height":96,"caption":"da Reda\u00e7\u00e3o"}},{"@type":"WebPage","@id":"https:\/\/www.jornalja.com.br\/arquivo\/tragedia-na-boate-kiss-primeiros-condenados-podem-ser-pais-de-vitimas\/#webpage","url":"https:\/\/www.jornalja.com.br\/arquivo\/tragedia-na-boate-kiss-primeiros-condenados-podem-ser-pais-de-vitimas\/","name":"Trag\u00e9dia na boate Kiss: primeiros condenados podem ser pais de v\u00edtimas | Arquivo","inLanguage":"pt-BR","isPartOf":{"@id":"https:\/\/www.jornalja.com.br\/arquivo\/#website"},"breadcrumb":{"@id":"https:\/\/www.jornalja.com.br\/arquivo\/tragedia-na-boate-kiss-primeiros-condenados-podem-ser-pais-de-vitimas\/#breadcrumblist"},"author":{"@id":"https:\/\/www.jornalja.com.br\/arquivo\/author\/daredacao\/#author"},"creator":{"@id":"https:\/\/www.jornalja.com.br\/arquivo\/author\/daredacao\/#author"},"image":{"@type":"ImageObject","url":48727,"@id":"https:\/\/www.jornalja.com.br\/arquivo\/tragedia-na-boate-kiss-primeiros-condenados-podem-ser-pais-de-vitimas\/#mainImage"},"primaryImageOfPage":{"@id":"https:\/\/www.jornalja.com.br\/arquivo\/tragedia-na-boate-kiss-primeiros-condenados-podem-ser-pais-de-vitimas\/#mainImage"},"datePublished":"2017-05-19T19:54:15-03:00","dateModified":"2017-05-19T19:54:15-03:00"},{"@type":"WebSite","@id":"https:\/\/www.jornalja.com.br\/arquivo\/#website","url":"https:\/\/www.jornalja.com.br\/arquivo\/","name":"Arquivo","description":"Jornal J\u00c1 | Porto Alegre","inLanguage":"pt-BR","publisher":{"@id":"https:\/\/www.jornalja.com.br\/arquivo\/#organization"}}]},"og:locale":"pt_BR","og:site_name":"Arquivo | Jornal J\u00c1 | Porto Alegre","og:type":"article","og:title":"Trag\u00e9dia na boate Kiss: primeiros condenados podem ser pais de v\u00edtimas | Arquivo","og:url":"https:\/\/www.jornalja.com.br\/arquivo\/tragedia-na-boate-kiss-primeiros-condenados-podem-ser-pais-de-vitimas\/","og:image":"https:\/\/www.jornalja.com.br\/wp-content\/uploads\/2017\/05\/Ricardo-Lozza-promotor-MPRS.jpg","og:image:secure_url":"https:\/\/www.jornalja.com.br\/wp-content\/uploads\/2017\/05\/Ricardo-Lozza-promotor-MPRS.jpg","article:published_time":"2017-05-19T22:54:15+00:00","article:modified_time":"2017-05-19T22:54:15+00:00","twitter:card":"summary","twitter:title":"Trag\u00e9dia na boate Kiss: primeiros condenados podem ser pais de v\u00edtimas | Arquivo","twitter:image":"https:\/\/www.jornalja.com.br\/economics\/wp-content\/uploads\/sites\/11\/2026\/08\/ja-folhaderosto-facebook.jpg"},"aioseo_meta_data":{"post_id":"48726","title":null,"description":null,"keywords":null,"keyphrases":null,"primary_term":null,"canonical_url":null,"og_title":null,"og_description":null,"og_object_type":"default","og_image_type":"default","og_image_url":null,"og_image_width":null,"og_image_height":null,"og_image_custom_url":null,"og_image_custom_fields":null,"og_video":null,"og_custom_url":null,"og_article_section":null,"og_article_tags":null,"twitter_use_og":false,"twitter_card":"default","twitter_image_type":"default","twitter_image_url":null,"twitter_image_custom_url":null,"twitter_image_custom_fields":null,"twitter_title":null,"twitter_description":null,"schema":{"blockGraphs":[],"customGraphs":[],"default":{"data":{"Article":[],"Course":[],"Dataset":[],"FAQPage":[],"Movie":[],"Person":[],"Product":[],"ProductReview":[],"Car":[],"Recipe":[],"Service":[],"SoftwareApplication":[],"WebPage":[]},"graphName":"","isEnabled":true},"graphs":[],"defaultGraph":"","defaultPostTypeGraph":""},"schema_type":null,"schema_type_options":null,"pillar_content":false,"robots_default":true,"robots_noindex":false,"robots_noarchive":false,"robots_nosnippet":false,"robots_nofollow":false,"robots_noimageindex":false,"robots_noodp":false,"robots_notranslate":false,"robots_max_snippet":null,"robots_max_videopreview":null,"robots_max_imagepreview":"large","priority":null,"frequency":null,"location":null,"local_seo":null,"breadcrumb_settings":null,"limit_modified_date":false,"ai":null,"created":"2020-12-20 20:35:20","updated":"2025-07-19 21:43:25","seo_analyzer_scan_date":null,"focus_keyword":null,"additional_keywords":null,"truseo_locale":null},"jetpack_sharing_enabled":true,"jetpack-related-posts":[{"id":12960,"url":"https:\/\/www.jornalja.com.br\/arquivo\/populacao-culpa-empresas-pela-greve-dos-rodoviarios\/","url_meta":{"origin":48726,"position":0},"title":"Popula\u00e7\u00e3o culpa empresas pela greve","author":"Patr\u00edcia Marini","date":"14 de fevereiro de 2014","format":false,"excerpt":"Pesquisa divulgada na edi\u00e7\u00e3o do jornal Metro desta sexta-feira,14, comprova o velho ditado: \u00e9 poss\u00edvel enganar muitos por algum tempo, mas n\u00e3o \u00e9 poss\u00edvel enganar a todos o tempo inteiro. A principal revela\u00e7\u00e3o foi que 59,8% dos entrevistados apontaram as empresas como as principais respons\u00e1veis pela grave e 46% culparam\u2026","rel":"","context":"Em &quot;X.Categorias velhas&quot;","block_context":{"text":"X.Categorias velhas","link":"https:\/\/www.jornalja.com.br\/arquivo\/category\/x-categorias-velhas\/"},"img":{"alt_text":"","src":"","width":0,"height":0},"classes":[]},{"id":13101,"url":"https:\/\/www.jornalja.com.br\/arquivo\/morre-um-guerreiro-do-texto\/","url_meta":{"origin":48726,"position":1},"title":"Morre um guerreiro do texto","author":"Patr\u00edcia Marini","date":"14 de maio de 2014","format":false,"excerpt":"Por Ricardo Kotscho Reproduzido do blog do autor, 11\/5\/2014; t\u00edtulo original \u201cE l\u00e1 se foi o nosso Myltainho, guerreiro do texto\u201d. Mi\u00fado e franzino, meu amigo Myltainho era um valente e inconformado guerreiro na luta contra as injusti\u00e7as sociais, a hipocrisia, as maracutaias, o autoritarismo, a intoler\u00e2ncia, a viol\u00eancia, o\u2026","rel":"","context":"Em &quot;Geral&quot;","block_context":{"text":"Geral","link":"https:\/\/www.jornalja.com.br\/arquivo\/category\/geral\/"},"img":{"alt_text":"","src":"","width":0,"height":0},"classes":[]},{"id":13109,"url":"https:\/\/www.jornalja.com.br\/arquivo\/judiciario-reconhece-poluicao-eletromagnetica\/","url_meta":{"origin":48726,"position":2},"title":"Judici\u00e1rio reconhece polui\u00e7\u00e3o eletromagn\u00e9tica","author":"Patr\u00edcia Marini","date":"16 de maio de 2014","format":false,"excerpt":"A\u00e7\u00e3o de duas associa\u00e7\u00f5es de moradores foi acolhida pelo Tribunal de Justi\u00e7a de S\u00e3o Paulo que. em decis\u00e3o in\u00e9dita, determinou a redu\u00e7\u00e3o do campo eletromagn\u00e9tico gerado pelas linhas de transmiss\u00e3o de energia que cortam os bairros City Boa\u00e7ava e Alto de Pinheiros. \u00c9 a primeira vez que um tribunal do\u2026","rel":"","context":"Em &quot;X.Categorias velhas&quot;","block_context":{"text":"X.Categorias velhas","link":"https:\/\/www.jornalja.com.br\/arquivo\/category\/x-categorias-velhas\/"},"img":{"alt_text":"","src":"","width":0,"height":0},"classes":[]},{"id":13128,"url":"https:\/\/www.jornalja.com.br\/arquivo\/maconha-terra-diz-que-uso-medicinal-e-desculpa\/","url_meta":{"origin":48726,"position":3},"title":"Maconha: Terra diz que uso medicinal \u00e9 desculpa","author":"Patr\u00edcia Marini","date":"4 de junho de 2014","format":false,"excerpt":"A condi\u00e7\u00e3o de pol\u00edtico, em \u00e9poca de campanha de campanha eleitoral, tira for\u00e7a do discurso do m\u00e9dico Osmar Terra contra a legaliza\u00e7\u00e3o da maconha. A tese dele de que a libera\u00e7\u00e3o vai ampliar exponencialmente o consumo \u00e9 discutivel, o consumo \u00e9 corrente. Mas seus alertas quanto aos riscos tem que\u2026","rel":"","context":"Em &quot;X.Categorias velhas&quot;","block_context":{"text":"X.Categorias velhas","link":"https:\/\/www.jornalja.com.br\/arquivo\/category\/x-categorias-velhas\/"},"img":{"alt_text":"","src":"","width":0,"height":0},"classes":[]},{"id":13240,"url":"https:\/\/www.jornalja.com.br\/arquivo\/plano-diretor-estamos-construindo-o-caos\/","url_meta":{"origin":48726,"position":4},"title":"Plano diretor: &quot;Estamos construindo o caos&quot;","author":"Patr\u00edcia Marini","date":"26 de maio de 2014","format":false,"excerpt":"Desabafo que arquiteta Eliana Castilhos, delegada da Regi\u00e3o de Planejamento 1, postou nas redes sociais \u00e9 um testemunho do ambiente que se criou no Conselho do Plano Diretor de Porto Alegre, onde a aprova\u00e7\u00e3o de grandes empreendimentos \u00e9 empurrada guela abaixo dos conselheiros. Ao CMDUA Como delegada da Regi\u00e3o de\u2026","rel":"","context":"Em &quot;Geral&quot;","block_context":{"text":"Geral","link":"https:\/\/www.jornalja.com.br\/arquivo\/category\/geral\/"},"img":{"alt_text":"","src":"","width":0,"height":0},"classes":[]},{"id":13124,"url":"https:\/\/www.jornalja.com.br\/arquivo\/sangue-latino-no-iecine\/","url_meta":{"origin":48726,"position":5},"title":"Sangue latino no IECINE","author":"da Reda\u00e7\u00e3o","date":"18 de maio de 2014","format":false,"excerpt":"Francisco Ribeiro O Instituto Estadual de Cinema (IECINE) tem a frente, desde abril \u00faltimo, um novo diretor, o cineasta colombiano Juan Zapata, 36, que substitui Luiz Alberto Cassol. Radicado h\u00e1 dez anos em Porto Alegre, Zapata tem diante de si o desafio de conduzir at\u00e9 o final do ano um\u2026","rel":"","context":"Em &quot;Cultura-Geral&quot;","block_context":{"text":"Cultura-Geral","link":"https:\/\/www.jornalja.com.br\/arquivo\/category\/materiasecundaria\/"},"img":{"alt_text":"","src":"","width":0,"height":0},"classes":[]}],"jetpack_shortlink":"https:\/\/wp.me\/pbQjBd-cFU","jetpack_featured_media_url":"","_links":{"self":[{"href":"https:\/\/www.jornalja.com.br\/arquivo\/wp-json\/wp\/v2\/posts\/48726","targetHints":{"allow":["GET"]}}],"collection":[{"href":"https:\/\/www.jornalja.com.br\/arquivo\/wp-json\/wp\/v2\/posts"}],"about":[{"href":"https:\/\/www.jornalja.com.br\/arquivo\/wp-json\/wp\/v2\/types\/post"}],"author":[{"embeddable":true,"href":"https:\/\/www.jornalja.com.br\/arquivo\/wp-json\/wp\/v2\/users\/4"}],"replies":[{"embeddable":true,"href":"https:\/\/www.jornalja.com.br\/arquivo\/wp-json\/wp\/v2\/comments?post=48726"}],"version-history":[{"count":0,"href":"https:\/\/www.jornalja.com.br\/arquivo\/wp-json\/wp\/v2\/posts\/48726\/revisions"}],"wp:attachment":[{"href":"https:\/\/www.jornalja.com.br\/arquivo\/wp-json\/wp\/v2\/media?parent=48726"}],"wp:term":[{"taxonomy":"category","embeddable":true,"href":"https:\/\/www.jornalja.com.br\/arquivo\/wp-json\/wp\/v2\/categories?post=48726"},{"taxonomy":"post_tag","embeddable":true,"href":"https:\/\/www.jornalja.com.br\/arquivo\/wp-json\/wp\/v2\/tags?post=48726"}],"curies":[{"name":"wp","href":"https:\/\/api.w.org\/{rel}","templated":true}]}}