{"id":48739,"date":"2017-05-19T20:21:33","date_gmt":"2017-05-19T23:21:33","guid":{"rendered":"https:\/\/www.jornalja.com.br\/?p=48739"},"modified":"2017-05-19T20:21:33","modified_gmt":"2017-05-19T23:21:33","slug":"socorro-aos-estados-inclui-a-venda-de-terrenos-para-o-governo-federal","status":"publish","type":"post","link":"https:\/\/www.jornalja.com.br\/arquivo\/socorro-aos-estados-inclui-a-venda-de-terrenos-para-o-governo-federal\/","title":{"rendered":"Socorro aos Estados inclui a venda de terrenos para o governo federal"},"content":{"rendered":"<p>A crise pol\u00edtica n\u00e3o impediu o presidente Michel Temer de sancionar, sem vetos, \u00a0nesta sexta-feira, o projeto de socorro aos Estados em situa\u00e7\u00e3o de calamidade financeira, como \u00e9 o caso do Rio Grande do Sul, \u00a0Rio de Janeiro e Minas Gerais.<br \/>\nO texto foi aprovado no Senado na \u00faltima quarta-feira por 56 votos a 9 e dever\u00e1 ser publicado no Di\u00e1rio Oficial da Uni\u00e3o na pr\u00f3xima segunda-feira.<br \/>\nO ponto central do projeto \u00e9 a suspens\u00e3o por tr\u00eas anos do pagamento das d\u00edvidas dos Estados com a Uni\u00e3o. S\u00f3 isso dar\u00e1 um al\u00edvio de R$ 3,2 bilh\u00f5es por ano ao caixa do governo ga\u00facho.<br \/>\nNas contrapartidas, al\u00e9m de privatiza\u00e7\u00e3o de empresas de energia, saneamento e bancos, foi inclu\u00edda a possibilidade de os governos estaduais transferirem im\u00f3veis e terrenos ao governo federal.<br \/>\nOutra vit\u00f3ria dos governadores que est\u00e3o \u00e0 espera da ajuda foi a redu\u00e7\u00e3o de 20% para 10% no enxugamento dos incentivos fiscais concedidos a empresas.<br \/>\nTamb\u00e9m ca\u00edram algumas exig\u00eancias relativas a vantagens aos servidores.<br \/>\n&nbsp;<\/p>\n","protected":false},"excerpt":{"rendered":"<p>A crise pol\u00edtica n\u00e3o impediu o presidente Michel Temer de sancionar, sem vetos, \u00a0nesta sexta-feira, o projeto de socorro aos Estados em situa\u00e7\u00e3o de calamidade financeira, como \u00e9 o caso do Rio Grande do Sul, \u00a0Rio de Janeiro e Minas Gerais. O texto foi aprovado no Senado na \u00faltima quarta-feira por 56 votos a 9 [&hellip;]<\/p>\n","protected":false},"author":4,"featured_media":48741,"comment_status":"open","ping_status":"closed","sticky":false,"template":"","format":"standard","meta":{"_jetpack_memberships_contains_paid_content":false,"footnotes":""},"categories":[26],"tags":[],"class_list":["post-48739","post","type-post","status-publish","format-standard","has-post-thumbnail","hentry","category-geral"],"aioseo_notices":[],"jetpack_featured_media_url":"","jetpack_sharing_enabled":true,"jetpack-related-posts":[{"id":1280,"url":"https:\/\/www.jornalja.com.br\/arquivo\/o-menino-que-se-tornou-brizola\/","url_meta":{"origin":48739,"position":0},"title":"O Menino que se Tornou Brizola","author":"da Reda\u00e7\u00e3o","date":"28 de julho de 2008","format":false,"excerpt":"Autor: Cleber Dioni A vida de Leonel Brizola, com \u00eanfase para os primeiros anos em Porto Alegre, at\u00e9 o ex\u00edlio no Uruguai e a volta, quinze anos depois. \u00a0\"...\u00c9ramos todos jovens e nos identific\u00e1vamos com aquela massa an\u00f4nima a percorrer as ruas de Porto Alegre, gritando 'Get\u00falio', 'Get\u00falio' e empunhando\u2026","rel":"","context":"Em &quot;Livros&quot;","block_context":{"text":"Livros","link":"https:\/\/www.jornalja.com.br\/arquivo\/category\/livros\/"},"img":{"alt_text":"","src":"https:\/\/i0.wp.com\/www.jornalja.com.br\/wp-content\/uploads\/2008\/07\/brizola.gif?resize=350%2C200&ssl=1","width":350,"height":200},"classes":[]}],"jetpack_shortlink":"https:\/\/wp.me\/pbQjBd-cG7","_links":{"self":[{"href":"https:\/\/www.jornalja.com.br\/arquivo\/wp-json\/wp\/v2\/posts\/48739","targetHints":{"allow":["GET"]}}],"collection":[{"href":"https:\/\/www.jornalja.com.br\/arquivo\/wp-json\/wp\/v2\/posts"}],"about":[{"href":"https:\/\/www.jornalja.com.br\/arquivo\/wp-json\/wp\/v2\/types\/post"}],"author":[{"embeddable":true,"href":"https:\/\/www.jornalja.com.br\/arquivo\/wp-json\/wp\/v2\/users\/4"}],"replies":[{"embeddable":true,"href":"https:\/\/www.jornalja.com.br\/arquivo\/wp-json\/wp\/v2\/comments?post=48739"}],"version-history":[{"count":0,"href":"https:\/\/www.jornalja.com.br\/arquivo\/wp-json\/wp\/v2\/posts\/48739\/revisions"}],"wp:featuredmedia":[{"embeddable":true,"href":"https:\/\/www.jornalja.com.br\/arquivo\/wp-json\/"}],"wp:attachment":[{"href":"https:\/\/www.jornalja.com.br\/arquivo\/wp-json\/wp\/v2\/media?parent=48739"}],"wp:term":[{"taxonomy":"category","embeddable":true,"href":"https:\/\/www.jornalja.com.br\/arquivo\/wp-json\/wp\/v2\/categories?post=48739"},{"taxonomy":"post_tag","embeddable":true,"href":"https:\/\/www.jornalja.com.br\/arquivo\/wp-json\/wp\/v2\/tags?post=48739"}],"curies":[{"name":"wp","href":"https:\/\/api.w.org\/{rel}","templated":true}]}}