{"id":48793,"date":"2017-10-02T10:05:51","date_gmt":"2017-10-02T13:05:51","guid":{"rendered":"https:\/\/www.jornalja.com.br\/?p=48793"},"modified":"2017-10-02T10:05:51","modified_gmt":"2017-10-02T13:05:51","slug":"entidades-ambientais-fazem-abaixo-assinado-contra-projeto-que-altera-podas-em-porto-alegre","status":"publish","type":"post","link":"https:\/\/www.jornalja.com.br\/arquivo\/entidades-ambientais-fazem-abaixo-assinado-contra-projeto-que-altera-podas-em-porto-alegre\/","title":{"rendered":"Entidades ambientais fazem abaixo-assinado contra projeto que altera podas em Porto Alegre"},"content":{"rendered":"<p>Entidades Ambientais come\u00e7aram h\u00e1 alguns dias <a href=\"http:\/\/www.peticaopublica.com.br\/pview.aspx?pi=BR102166\">um abaixo-assinado on-line <\/a>contra o\u00a0 PLC N\u00ba 08\/17, de autoria do vereador Mois\u00e9s Barboza, (PSDB), que altera a Lei Complementar n\u00ba 757, de 14 de janeiro de 2015, e que trata sobre supress\u00e3o e poda de \u00e1rvores e vegetais em Porto Alegre. o PLC est\u00e1 em tramita\u00e7\u00e3o na C\u00e2mara de Vereadores.<br \/>\nA proposta era a primeira da ordem do dia, nesta segunda-feira, 02\/10, e deveria ser votada na sess\u00e3o plen\u00e1ria que iniciaria \u00e0s 14 horas. Devido ao temporal do domingo, a C\u00e2mara de Vereadores ficou sem luz e n\u00e3o teve suas atividades realizadas.<br \/>\nNo abaixo-assinado, as entidades criticam o projeto de Mois\u00e9s, e o classificam de &#8220;arboric\u00eddio&#8221;. A mat\u00e9ria, segundo a proposta de Barboza, visa reduzir o tempo de espera entre o pedido de poda e a execu\u00e7\u00e3o do servi\u00e7o e permitir que o cidad\u00e3o contrate um servi\u00e7o privado para a realiza\u00e7\u00e3o da supress\u00e3o ou retirada dos vegetais.<br \/>\n<em>&#8220;\u00c9 um ataque \u00e0 SMAMs, com o objetivo de promover um mercado de licen\u00e7as privadas para corte e podas, levado a cabo por setores econ\u00f4micos imediatistas que difundem um sentimento contr\u00e1rio \u00e0 vegeta\u00e7\u00e3o urbana, ao interesse p\u00fablico e ao funcionalismo municipal, em especial da \u00e1rea de Meio Ambiente.Os acidentes com quedas de \u00e1rvores podem ocorrer, mas configuram-se em situa\u00e7\u00f5es muit\u00edssimo raras em rela\u00e7\u00e3o a outras causas, n\u00e3o podendo ser usados como argumento para o corte indiscriminado de nossa arboriza\u00e7\u00e3o.<\/em><em>&#8221;\u00a0<\/em> diz um trecho do texto divulgado pelas entidades ambientais. Elas ainda destacam que tamb\u00e9m n\u00e3o foram chamadas nenhuma vez para discutir o tema.<br \/>\nO projeto foi apresentado em abril deste ano na C\u00e2mara, corre em regime de urg\u00eancia e foi debatido apenas duas vezes, sendo a \u00faltima no <a href=\"https:\/\/www.jornalja.com.br\/vereadores-discutem-projeto-que-permite-cidadao-contratar-servico-de-poda-em-porto-alegre\/\">come\u00e7o de setembro <\/a>em audi\u00eancia publica realizada pela Frente Parlamentar de Empreendedorismo e Desburocratiza\u00e7\u00e3o.<br \/>\n<span class=\"intertit\">O Projeto<\/span><br \/>\nA\u00a0 PLCL N\u00ba 08\/17 prop\u00f5e que a prefeitura resolva em at\u00e9 90 dias os pedidos de poda e, se n\u00e3o atender ao prazo, o cidad\u00e3o fica autorizado a\u00a0contratar o servi\u00e7o particular com a autoriza\u00e7\u00e3o pr\u00e9via do \u00f3rg\u00e3o respons\u00e1vel.<br \/>\n\u201cMuitas pessoas t\u00eam vontade e recursos de fazer isso quando necess\u00e1rio, mas s\u00e3o impedidos legalmente\u201d, justificou o parlamentar, l\u00edder do Governo Marchezan e conhecido como o Maluco do Bem,.em sua apresenta\u00e7\u00e3o na audi\u00eancia em setembro<br \/>\nA proposta tamb\u00e9m alterar\u00e1 o Fundo Municipal do Meio-ambiente, o Fumpr\u00f3amb. Hoje, compensa\u00e7\u00f5es ambientais, verbas de licen\u00e7as ou infra\u00e7\u00f5es ambientais v\u00e3o para o fundo. Conforme a lei 757, \u00e9 poss\u00edvel usar at\u00e9 15% para a manuten\u00e7\u00e3o de parques e pra\u00e7as. A proposta de Barboza quer alterar para 30%.<br \/>\nAssinam o abaixo assinado dezesseis entidades:<br \/>\n&#8211; Instituto Ga\u00facho de Estudos Ambientais &#8211; ING\u00c1<br \/>\n&#8211; Assembl\u00e9ia Permanente das Entidades em Defesa do Meio Ambiente do RS &#8211; APEDEMA\/RS (37 entidades ambientalistas)<br \/>\n&#8211; Associa\u00e7\u00e3o Ga\u00facha de Prote\u00e7\u00e3o ao Ambiente Natural &#8211; AGAPAN<br \/>\n&#8211; Movimento Ga\u00facho em Defesa do Meio Ambiente &#8211; MoGDeMA<br \/>\n&#8211; Movimento Roessler para Defesa Ambiental<br \/>\n&#8211; Amigos do Meio Ambiente &#8211; AMA Gua\u00edba<br \/>\n&#8211; N\u00facleo de EcoJornalistas do RS &#8211; NEJ\/RS<br \/>\n&#8211; Centro Comunit\u00e1rio de Desenvolvimento da Tristeza, Pedra Redonda, Vilas Concei\u00e7\u00e3o e Assun\u00e7\u00e3o &#8211; CCD<br \/>\n&#8211; Movimento Preserva Bel\u00e9m Novo<br \/>\n&#8211; Coletivo A Cidade Que Queremos Poa- CCQQ<br \/>\n&#8211; Coletivo Chega de Demolir Porto Alegre<br \/>\n&#8211; Associa\u00e7\u00e3o Amigos do Cais do Porto &#8211; AMACAIS<br \/>\n&#8211; Uni\u00e3o Pela Vida &#8211; UPV<br \/>\n&#8211; Instituto Econsci\u00eancia<br \/>\n&#8211; Amigos da Terra Brasil<br \/>\n&#8211; Instituto de Arquitetos do Brasil &#8211; IAB\/RS<br \/>\n&nbsp;<br \/>\n&nbsp;<br \/>\n&nbsp;<\/p>\n","protected":false},"excerpt":{"rendered":"<p>Entidades Ambientais come\u00e7aram h\u00e1 alguns dias um abaixo-assinado on-line contra o\u00a0 PLC N\u00ba 08\/17, de autoria do vereador Mois\u00e9s Barboza, (PSDB), que altera a Lei Complementar n\u00ba 757, de 14 de janeiro de 2015, e que trata sobre supress\u00e3o e poda de \u00e1rvores e vegetais em Porto Alegre. o PLC est\u00e1 em tramita\u00e7\u00e3o na C\u00e2mara [&hellip;]<\/p>\n","protected":false},"author":4,"featured_media":54755,"comment_status":"open","ping_status":"closed","sticky":false,"template":"","format":"standard","meta":{"_jetpack_newsletter_access":"","_jetpack_dont_email_post_to_subs":false,"_jetpack_newsletter_tier_id":0,"_jetpack_memberships_contains_paywalled_content":false,"_jetpack_feature_clip_id":0,"_jetpack_memberships_contains_paid_content":false,"footnotes":"","jetpack_post_was_ever_published":false},"categories":[26],"tags":[],"class_list":["post-48793","post","type-post","status-publish","format-standard","has-post-thumbnail","hentry","category-geral"],"aioseo_notices":[],"aioseo_head":"\n\t\t<!-- All in One SEO 5.0.1.1 - aioseo.com -->\n\t<meta name=\"robots\" content=\"max-image-preview:large\" \/>\n\t<meta name=\"author\" content=\"da Reda\u00e7\u00e3o\"\/>\n\t<link rel=\"canonical\" href=\"https:\/\/www.jornalja.com.br\/arquivo\/entidades-ambientais-fazem-abaixo-assinado-contra-projeto-que-altera-podas-em-porto-alegre\/\" \/>\n\t<meta name=\"generator\" content=\"All in One SEO (AIOSEO) 5.0.1.1\" \/>\n\t\t<meta property=\"og:locale\" content=\"pt_BR\" \/>\n\t\t<meta property=\"og:site_name\" content=\"Arquivo | Jornal J\u00c1 | Porto Alegre\" \/>\n\t\t<meta property=\"og:type\" content=\"article\" \/>\n\t\t<meta property=\"og:title\" content=\"Entidades ambientais fazem abaixo-assinado contra projeto que altera podas em Porto Alegre | Arquivo\" \/>\n\t\t<meta property=\"og:url\" content=\"https:\/\/www.jornalja.com.br\/arquivo\/entidades-ambientais-fazem-abaixo-assinado-contra-projeto-que-altera-podas-em-porto-alegre\/\" \/>\n\t\t<meta property=\"og:image\" content=\"https:\/\/www.jornalja.com.br\/economics\/wp-content\/uploads\/sites\/11\/2026\/08\/ja-folhaderosto-facebook.jpg\" \/>\n\t\t<meta property=\"og:image:secure_url\" content=\"https:\/\/www.jornalja.com.br\/economics\/wp-content\/uploads\/sites\/11\/2026\/08\/ja-folhaderosto-facebook.jpg\" \/>\n\t\t<meta property=\"article:published_time\" content=\"2017-10-02T13:05:51+00:00\" \/>\n\t\t<meta property=\"article:modified_time\" content=\"2017-10-02T13:05:51+00:00\" \/>\n\t\t<meta name=\"twitter:card\" content=\"summary\" \/>\n\t\t<meta name=\"twitter:title\" content=\"Entidades ambientais fazem abaixo-assinado contra projeto que altera podas em Porto Alegre | Arquivo\" \/>\n\t\t<meta name=\"twitter:image\" content=\"https:\/\/www.jornalja.com.br\/economics\/wp-content\/uploads\/sites\/11\/2026\/08\/ja-folhaderosto-facebook.jpg\" \/>\n\t\t<script type=\"application\/ld+json\" class=\"aioseo-schema\">\n\t\t\t{\"@context\":\"https:\\\/\\\/schema.org\",\"@graph\":[{\"@type\":\"BlogPosting\",\"@id\":\"https:\\\/\\\/www.jornalja.com.br\\\/arquivo\\\/entidades-ambientais-fazem-abaixo-assinado-contra-projeto-que-altera-podas-em-porto-alegre\\\/#blogposting\",\"name\":\"Entidades ambientais fazem abaixo-assinado contra projeto que altera podas em Porto Alegre | Arquivo\",\"headline\":\"Entidades ambientais fazem abaixo-assinado contra projeto que altera podas em Porto Alegre\",\"author\":{\"@id\":\"https:\\\/\\\/www.jornalja.com.br\\\/arquivo\\\/author\\\/daredacao\\\/#author\"},\"publisher\":{\"@id\":\"https:\\\/\\\/www.jornalja.com.br\\\/arquivo\\\/#organization\"},\"image\":{\"@type\":\"ImageObject\",\"url\":54755},\"datePublished\":\"2017-10-02T10:05:51-03:00\",\"dateModified\":\"2017-10-02T10:05:51-03:00\",\"inLanguage\":\"pt-BR\",\"mainEntityOfPage\":{\"@id\":\"https:\\\/\\\/www.jornalja.com.br\\\/arquivo\\\/entidades-ambientais-fazem-abaixo-assinado-contra-projeto-que-altera-podas-em-porto-alegre\\\/#webpage\"},\"isPartOf\":{\"@id\":\"https:\\\/\\\/www.jornalja.com.br\\\/arquivo\\\/entidades-ambientais-fazem-abaixo-assinado-contra-projeto-que-altera-podas-em-porto-alegre\\\/#webpage\"},\"articleSection\":\"Geral\"},{\"@type\":\"BreadcrumbList\",\"@id\":\"https:\\\/\\\/www.jornalja.com.br\\\/arquivo\\\/entidades-ambientais-fazem-abaixo-assinado-contra-projeto-que-altera-podas-em-porto-alegre\\\/#breadcrumblist\",\"itemListElement\":[{\"@type\":\"ListItem\",\"@id\":\"https:\\\/\\\/www.jornalja.com.br\\\/arquivo#listItem\",\"position\":1,\"name\":\"Home\",\"item\":\"https:\\\/\\\/www.jornalja.com.br\\\/arquivo\",\"nextItem\":{\"@type\":\"ListItem\",\"@id\":\"https:\\\/\\\/www.jornalja.com.br\\\/arquivo\\\/category\\\/geral\\\/#listItem\",\"name\":\"Geral\"}},{\"@type\":\"ListItem\",\"@id\":\"https:\\\/\\\/www.jornalja.com.br\\\/arquivo\\\/category\\\/geral\\\/#listItem\",\"position\":2,\"name\":\"Geral\",\"item\":\"https:\\\/\\\/www.jornalja.com.br\\\/arquivo\\\/category\\\/geral\\\/\",\"nextItem\":{\"@type\":\"ListItem\",\"@id\":\"https:\\\/\\\/www.jornalja.com.br\\\/arquivo\\\/entidades-ambientais-fazem-abaixo-assinado-contra-projeto-que-altera-podas-em-porto-alegre\\\/#listItem\",\"name\":\"Entidades ambientais fazem abaixo-assinado contra projeto que altera podas em Porto Alegre\"},\"previousItem\":{\"@type\":\"ListItem\",\"@id\":\"https:\\\/\\\/www.jornalja.com.br\\\/arquivo#listItem\",\"name\":\"Home\"}},{\"@type\":\"ListItem\",\"@id\":\"https:\\\/\\\/www.jornalja.com.br\\\/arquivo\\\/entidades-ambientais-fazem-abaixo-assinado-contra-projeto-que-altera-podas-em-porto-alegre\\\/#listItem\",\"position\":3,\"name\":\"Entidades ambientais fazem abaixo-assinado contra projeto que altera podas em Porto Alegre\",\"previousItem\":{\"@type\":\"ListItem\",\"@id\":\"https:\\\/\\\/www.jornalja.com.br\\\/arquivo\\\/category\\\/geral\\\/#listItem\",\"name\":\"Geral\"}}]},{\"@type\":\"Organization\",\"@id\":\"https:\\\/\\\/www.jornalja.com.br\\\/arquivo\\\/#organization\",\"name\":\"Jornal J\\u00c1\",\"description\":\"Jornal J\\u00c1 | Porto Alegre\",\"url\":\"https:\\\/\\\/www.jornalja.com.br\\\/arquivo\\\/\",\"telephone\":\"+555133307272\",\"logo\":{\"@type\":\"ImageObject\",\"url\":\"https:\\\/\\\/www.jornalja.com.br\\\/wp-content\\\/uploads\\\/cards\\\/JAslogan.png\",\"@id\":\"https:\\\/\\\/www.jornalja.com.br\\\/arquivo\\\/entidades-ambientais-fazem-abaixo-assinado-contra-projeto-que-altera-podas-em-porto-alegre\\\/#organizationLogo\"},\"image\":{\"@id\":\"https:\\\/\\\/www.jornalja.com.br\\\/arquivo\\\/entidades-ambientais-fazem-abaixo-assinado-contra-projeto-que-altera-podas-em-porto-alegre\\\/#organizationLogo\"}},{\"@type\":\"Person\",\"@id\":\"https:\\\/\\\/www.jornalja.com.br\\\/arquivo\\\/author\\\/daredacao\\\/#author\",\"url\":\"https:\\\/\\\/www.jornalja.com.br\\\/arquivo\\\/author\\\/daredacao\\\/\",\"name\":\"da Reda\\u00e7\\u00e3o\",\"image\":{\"@type\":\"ImageObject\",\"@id\":\"https:\\\/\\\/www.jornalja.com.br\\\/arquivo\\\/entidades-ambientais-fazem-abaixo-assinado-contra-projeto-que-altera-podas-em-porto-alegre\\\/#authorImage\",\"url\":\"https:\\\/\\\/secure.gravatar.com\\\/avatar\\\/469fd857d6605ad19919d27ed29d35a968a25f6e8fd9318356bbb7f57aae9c65?s=96&d=mm&r=g\",\"width\":96,\"height\":96,\"caption\":\"da Reda\\u00e7\\u00e3o\"}},{\"@type\":\"WebPage\",\"@id\":\"https:\\\/\\\/www.jornalja.com.br\\\/arquivo\\\/entidades-ambientais-fazem-abaixo-assinado-contra-projeto-que-altera-podas-em-porto-alegre\\\/#webpage\",\"url\":\"https:\\\/\\\/www.jornalja.com.br\\\/arquivo\\\/entidades-ambientais-fazem-abaixo-assinado-contra-projeto-que-altera-podas-em-porto-alegre\\\/\",\"name\":\"Entidades ambientais fazem abaixo-assinado contra projeto que altera podas em Porto Alegre | Arquivo\",\"inLanguage\":\"pt-BR\",\"isPartOf\":{\"@id\":\"https:\\\/\\\/www.jornalja.com.br\\\/arquivo\\\/#website\"},\"breadcrumb\":{\"@id\":\"https:\\\/\\\/www.jornalja.com.br\\\/arquivo\\\/entidades-ambientais-fazem-abaixo-assinado-contra-projeto-que-altera-podas-em-porto-alegre\\\/#breadcrumblist\"},\"author\":{\"@id\":\"https:\\\/\\\/www.jornalja.com.br\\\/arquivo\\\/author\\\/daredacao\\\/#author\"},\"creator\":{\"@id\":\"https:\\\/\\\/www.jornalja.com.br\\\/arquivo\\\/author\\\/daredacao\\\/#author\"},\"image\":{\"@type\":\"ImageObject\",\"url\":54755,\"@id\":\"https:\\\/\\\/www.jornalja.com.br\\\/arquivo\\\/entidades-ambientais-fazem-abaixo-assinado-contra-projeto-que-altera-podas-em-porto-alegre\\\/#mainImage\"},\"primaryImageOfPage\":{\"@id\":\"https:\\\/\\\/www.jornalja.com.br\\\/arquivo\\\/entidades-ambientais-fazem-abaixo-assinado-contra-projeto-que-altera-podas-em-porto-alegre\\\/#mainImage\"},\"datePublished\":\"2017-10-02T10:05:51-03:00\",\"dateModified\":\"2017-10-02T10:05:51-03:00\"},{\"@type\":\"WebSite\",\"@id\":\"https:\\\/\\\/www.jornalja.com.br\\\/arquivo\\\/#website\",\"url\":\"https:\\\/\\\/www.jornalja.com.br\\\/arquivo\\\/\",\"name\":\"Arquivo\",\"description\":\"Jornal J\\u00c1 | Porto Alegre\",\"inLanguage\":\"pt-BR\",\"publisher\":{\"@id\":\"https:\\\/\\\/www.jornalja.com.br\\\/arquivo\\\/#organization\"}}]}\n\t\t<\/script>\n\t\t<!-- All in One SEO -->\n\n","aioseo_head_json":{"title":"Entidades ambientais fazem abaixo-assinado contra projeto que altera podas em Porto Alegre | Arquivo","description":"","canonical_url":"https:\/\/www.jornalja.com.br\/arquivo\/entidades-ambientais-fazem-abaixo-assinado-contra-projeto-que-altera-podas-em-porto-alegre\/","robots":"max-image-preview:large","keywords":"","webmasterTools":{"miscellaneous":""},"schema":{"@context":"https:\/\/schema.org","@graph":[{"@type":"BlogPosting","@id":"https:\/\/www.jornalja.com.br\/arquivo\/entidades-ambientais-fazem-abaixo-assinado-contra-projeto-que-altera-podas-em-porto-alegre\/#blogposting","name":"Entidades ambientais fazem abaixo-assinado contra projeto que altera podas em Porto Alegre | Arquivo","headline":"Entidades ambientais fazem abaixo-assinado contra projeto que altera podas em Porto Alegre","author":{"@id":"https:\/\/www.jornalja.com.br\/arquivo\/author\/daredacao\/#author"},"publisher":{"@id":"https:\/\/www.jornalja.com.br\/arquivo\/#organization"},"image":{"@type":"ImageObject","url":54755},"datePublished":"2017-10-02T10:05:51-03:00","dateModified":"2017-10-02T10:05:51-03:00","inLanguage":"pt-BR","mainEntityOfPage":{"@id":"https:\/\/www.jornalja.com.br\/arquivo\/entidades-ambientais-fazem-abaixo-assinado-contra-projeto-que-altera-podas-em-porto-alegre\/#webpage"},"isPartOf":{"@id":"https:\/\/www.jornalja.com.br\/arquivo\/entidades-ambientais-fazem-abaixo-assinado-contra-projeto-que-altera-podas-em-porto-alegre\/#webpage"},"articleSection":"Geral"},{"@type":"BreadcrumbList","@id":"https:\/\/www.jornalja.com.br\/arquivo\/entidades-ambientais-fazem-abaixo-assinado-contra-projeto-que-altera-podas-em-porto-alegre\/#breadcrumblist","itemListElement":[{"@type":"ListItem","@id":"https:\/\/www.jornalja.com.br\/arquivo#listItem","position":1,"name":"Home","item":"https:\/\/www.jornalja.com.br\/arquivo","nextItem":{"@type":"ListItem","@id":"https:\/\/www.jornalja.com.br\/arquivo\/category\/geral\/#listItem","name":"Geral"}},{"@type":"ListItem","@id":"https:\/\/www.jornalja.com.br\/arquivo\/category\/geral\/#listItem","position":2,"name":"Geral","item":"https:\/\/www.jornalja.com.br\/arquivo\/category\/geral\/","nextItem":{"@type":"ListItem","@id":"https:\/\/www.jornalja.com.br\/arquivo\/entidades-ambientais-fazem-abaixo-assinado-contra-projeto-que-altera-podas-em-porto-alegre\/#listItem","name":"Entidades ambientais fazem abaixo-assinado contra projeto que altera podas em Porto Alegre"},"previousItem":{"@type":"ListItem","@id":"https:\/\/www.jornalja.com.br\/arquivo#listItem","name":"Home"}},{"@type":"ListItem","@id":"https:\/\/www.jornalja.com.br\/arquivo\/entidades-ambientais-fazem-abaixo-assinado-contra-projeto-que-altera-podas-em-porto-alegre\/#listItem","position":3,"name":"Entidades ambientais fazem abaixo-assinado contra projeto que altera podas em Porto Alegre","previousItem":{"@type":"ListItem","@id":"https:\/\/www.jornalja.com.br\/arquivo\/category\/geral\/#listItem","name":"Geral"}}]},{"@type":"Organization","@id":"https:\/\/www.jornalja.com.br\/arquivo\/#organization","name":"Jornal J\u00c1","description":"Jornal J\u00c1 | Porto Alegre","url":"https:\/\/www.jornalja.com.br\/arquivo\/","telephone":"+555133307272","logo":{"@type":"ImageObject","url":"https:\/\/www.jornalja.com.br\/wp-content\/uploads\/cards\/JAslogan.png","@id":"https:\/\/www.jornalja.com.br\/arquivo\/entidades-ambientais-fazem-abaixo-assinado-contra-projeto-que-altera-podas-em-porto-alegre\/#organizationLogo"},"image":{"@id":"https:\/\/www.jornalja.com.br\/arquivo\/entidades-ambientais-fazem-abaixo-assinado-contra-projeto-que-altera-podas-em-porto-alegre\/#organizationLogo"}},{"@type":"Person","@id":"https:\/\/www.jornalja.com.br\/arquivo\/author\/daredacao\/#author","url":"https:\/\/www.jornalja.com.br\/arquivo\/author\/daredacao\/","name":"da Reda\u00e7\u00e3o","image":{"@type":"ImageObject","@id":"https:\/\/www.jornalja.com.br\/arquivo\/entidades-ambientais-fazem-abaixo-assinado-contra-projeto-que-altera-podas-em-porto-alegre\/#authorImage","url":"https:\/\/secure.gravatar.com\/avatar\/469fd857d6605ad19919d27ed29d35a968a25f6e8fd9318356bbb7f57aae9c65?s=96&d=mm&r=g","width":96,"height":96,"caption":"da Reda\u00e7\u00e3o"}},{"@type":"WebPage","@id":"https:\/\/www.jornalja.com.br\/arquivo\/entidades-ambientais-fazem-abaixo-assinado-contra-projeto-que-altera-podas-em-porto-alegre\/#webpage","url":"https:\/\/www.jornalja.com.br\/arquivo\/entidades-ambientais-fazem-abaixo-assinado-contra-projeto-que-altera-podas-em-porto-alegre\/","name":"Entidades ambientais fazem abaixo-assinado contra projeto que altera podas em Porto Alegre | Arquivo","inLanguage":"pt-BR","isPartOf":{"@id":"https:\/\/www.jornalja.com.br\/arquivo\/#website"},"breadcrumb":{"@id":"https:\/\/www.jornalja.com.br\/arquivo\/entidades-ambientais-fazem-abaixo-assinado-contra-projeto-que-altera-podas-em-porto-alegre\/#breadcrumblist"},"author":{"@id":"https:\/\/www.jornalja.com.br\/arquivo\/author\/daredacao\/#author"},"creator":{"@id":"https:\/\/www.jornalja.com.br\/arquivo\/author\/daredacao\/#author"},"image":{"@type":"ImageObject","url":54755,"@id":"https:\/\/www.jornalja.com.br\/arquivo\/entidades-ambientais-fazem-abaixo-assinado-contra-projeto-que-altera-podas-em-porto-alegre\/#mainImage"},"primaryImageOfPage":{"@id":"https:\/\/www.jornalja.com.br\/arquivo\/entidades-ambientais-fazem-abaixo-assinado-contra-projeto-que-altera-podas-em-porto-alegre\/#mainImage"},"datePublished":"2017-10-02T10:05:51-03:00","dateModified":"2017-10-02T10:05:51-03:00"},{"@type":"WebSite","@id":"https:\/\/www.jornalja.com.br\/arquivo\/#website","url":"https:\/\/www.jornalja.com.br\/arquivo\/","name":"Arquivo","description":"Jornal J\u00c1 | Porto Alegre","inLanguage":"pt-BR","publisher":{"@id":"https:\/\/www.jornalja.com.br\/arquivo\/#organization"}}]},"og:locale":"pt_BR","og:site_name":"Arquivo | Jornal J\u00c1 | Porto Alegre","og:type":"article","og:title":"Entidades ambientais fazem abaixo-assinado contra projeto que altera podas em Porto Alegre | Arquivo","og:url":"https:\/\/www.jornalja.com.br\/arquivo\/entidades-ambientais-fazem-abaixo-assinado-contra-projeto-que-altera-podas-em-porto-alegre\/","og:image":"https:\/\/www.jornalja.com.br\/economics\/wp-content\/uploads\/sites\/11\/2026\/08\/ja-folhaderosto-facebook.jpg","og:image:secure_url":"https:\/\/www.jornalja.com.br\/economics\/wp-content\/uploads\/sites\/11\/2026\/08\/ja-folhaderosto-facebook.jpg","article:published_time":"2017-10-02T13:05:51+00:00","article:modified_time":"2017-10-02T13:05:51+00:00","twitter:card":"summary","twitter:title":"Entidades ambientais fazem abaixo-assinado contra projeto que altera podas em Porto Alegre | Arquivo","twitter:image":"https:\/\/www.jornalja.com.br\/economics\/wp-content\/uploads\/sites\/11\/2026\/08\/ja-folhaderosto-facebook.jpg"},"aioseo_meta_data":{"post_id":"48793","title":null,"description":null,"keywords":null,"keyphrases":null,"primary_term":null,"canonical_url":null,"og_title":null,"og_description":null,"og_object_type":"default","og_image_type":"default","og_image_url":null,"og_image_width":null,"og_image_height":null,"og_image_custom_url":null,"og_image_custom_fields":null,"og_video":null,"og_custom_url":null,"og_article_section":null,"og_article_tags":null,"twitter_use_og":false,"twitter_card":"default","twitter_image_type":"default","twitter_image_url":null,"twitter_image_custom_url":null,"twitter_image_custom_fields":null,"twitter_title":null,"twitter_description":null,"schema":{"blockGraphs":[],"customGraphs":[],"default":{"data":{"Article":[],"Course":[],"Dataset":[],"FAQPage":[],"Movie":[],"Person":[],"Product":[],"ProductReview":[],"Car":[],"Recipe":[],"Service":[],"SoftwareApplication":[],"WebPage":[]},"graphName":"","isEnabled":true},"graphs":[],"defaultGraph":"","defaultPostTypeGraph":""},"schema_type":null,"schema_type_options":null,"pillar_content":false,"robots_default":true,"robots_noindex":false,"robots_noarchive":false,"robots_nosnippet":false,"robots_nofollow":false,"robots_noimageindex":false,"robots_noodp":false,"robots_notranslate":false,"robots_max_snippet":null,"robots_max_videopreview":null,"robots_max_imagepreview":"large","priority":null,"frequency":null,"location":null,"local_seo":null,"breadcrumb_settings":null,"limit_modified_date":false,"ai":null,"created":"2020-12-20 20:35:20","updated":"2025-07-20 01:33:23","seo_analyzer_scan_date":null,"focus_keyword":null,"additional_keywords":null,"truseo_locale":null},"jetpack_sharing_enabled":true,"jetpack-related-posts":[{"id":13240,"url":"https:\/\/www.jornalja.com.br\/arquivo\/plano-diretor-estamos-construindo-o-caos\/","url_meta":{"origin":48793,"position":0},"title":"Plano diretor: &quot;Estamos construindo o caos&quot;","author":"Patr\u00edcia Marini","date":"26 de maio de 2014","format":false,"excerpt":"Desabafo que arquiteta Eliana Castilhos, delegada da Regi\u00e3o de Planejamento 1, postou nas redes sociais \u00e9 um testemunho do ambiente que se criou no Conselho do Plano Diretor de Porto Alegre, onde a aprova\u00e7\u00e3o de grandes empreendimentos \u00e9 empurrada guela abaixo dos conselheiros. Ao CMDUA Como delegada da Regi\u00e3o de\u2026","rel":"","context":"Em &quot;Geral&quot;","block_context":{"text":"Geral","link":"https:\/\/www.jornalja.com.br\/arquivo\/category\/geral\/"},"img":{"alt_text":"","src":"","width":0,"height":0},"classes":[]},{"id":13109,"url":"https:\/\/www.jornalja.com.br\/arquivo\/judiciario-reconhece-poluicao-eletromagnetica\/","url_meta":{"origin":48793,"position":1},"title":"Judici\u00e1rio reconhece polui\u00e7\u00e3o eletromagn\u00e9tica","author":"Patr\u00edcia Marini","date":"16 de maio de 2014","format":false,"excerpt":"A\u00e7\u00e3o de duas associa\u00e7\u00f5es de moradores foi acolhida pelo Tribunal de Justi\u00e7a de S\u00e3o Paulo que. em decis\u00e3o in\u00e9dita, determinou a redu\u00e7\u00e3o do campo eletromagn\u00e9tico gerado pelas linhas de transmiss\u00e3o de energia que cortam os bairros City Boa\u00e7ava e Alto de Pinheiros. \u00c9 a primeira vez que um tribunal do\u2026","rel":"","context":"Em &quot;X.Categorias velhas&quot;","block_context":{"text":"X.Categorias velhas","link":"https:\/\/www.jornalja.com.br\/arquivo\/category\/x-categorias-velhas\/"},"img":{"alt_text":"","src":"","width":0,"height":0},"classes":[]},{"id":5440,"url":"https:\/\/www.jornalja.com.br\/arquivo\/casarao-da-venancio-destino-permanece-incerto\/","url_meta":{"origin":48793,"position":2},"title":"Estado ainda n\u00e3o sabe o que fazer com casar\u00e3o abandonado h\u00e1 20 anos","author":"Elmar Bones","date":"6 de julho de 2009","format":false,"excerpt":"O casar\u00e3o amarelo, numa esquina nobre de Porto Alegre (Ven\u00e2ncio Aires com Jo\u00e3o Pessoa), j\u00e1 abrigou uma escola. H\u00e1 duas d\u00e9cadas, pelo menos, est\u00e1 abandonado, porque seu propriet\u00e1rio, o governo do Estado do Rio Grande do Sul, n\u00e3o consegue achar um destino para ele. Planos n\u00e3o faltaram. O governador Ol\u00edvio\u2026","rel":"","context":"Em &quot;X.Categorias velhas&quot;","block_context":{"text":"X.Categorias velhas","link":"https:\/\/www.jornalja.com.br\/arquivo\/category\/x-categorias-velhas\/"},"img":{"alt_text":"geraldo1","src":"https:\/\/i0.wp.com\/www.jornalja.com.br\/wp-content\/uploads\/2009\/07\/geraldo1.jpg?resize=350%2C200&ssl=1","width":350,"height":200},"classes":[]},{"id":13124,"url":"https:\/\/www.jornalja.com.br\/arquivo\/sangue-latino-no-iecine\/","url_meta":{"origin":48793,"position":3},"title":"Sangue latino no IECINE","author":"da Reda\u00e7\u00e3o","date":"18 de maio de 2014","format":false,"excerpt":"Francisco Ribeiro O Instituto Estadual de Cinema (IECINE) tem a frente, desde abril \u00faltimo, um novo diretor, o cineasta colombiano Juan Zapata, 36, que substitui Luiz Alberto Cassol. Radicado h\u00e1 dez anos em Porto Alegre, Zapata tem diante de si o desafio de conduzir at\u00e9 o final do ano um\u2026","rel":"","context":"Em &quot;Cultura-Geral&quot;","block_context":{"text":"Cultura-Geral","link":"https:\/\/www.jornalja.com.br\/arquivo\/category\/materiasecundaria\/"},"img":{"alt_text":"","src":"","width":0,"height":0},"classes":[]},{"id":1280,"url":"https:\/\/www.jornalja.com.br\/arquivo\/o-menino-que-se-tornou-brizola\/","url_meta":{"origin":48793,"position":4},"title":"O Menino que se Tornou Brizola","author":"da Reda\u00e7\u00e3o","date":"28 de julho de 2008","format":false,"excerpt":"Autor: Cleber Dioni A vida de Leonel Brizola, com \u00eanfase para os primeiros anos em Porto Alegre, at\u00e9 o ex\u00edlio no Uruguai e a volta, quinze anos depois. \u00a0\"...\u00c9ramos todos jovens e nos identific\u00e1vamos com aquela massa an\u00f4nima a percorrer as ruas de Porto Alegre, gritando 'Get\u00falio', 'Get\u00falio' e empunhando\u2026","rel":"","context":"Em &quot;Livros&quot;","block_context":{"text":"Livros","link":"https:\/\/www.jornalja.com.br\/arquivo\/category\/livros\/"},"img":{"alt_text":"","src":"https:\/\/i0.wp.com\/www.jornalja.com.br\/wp-content\/uploads\/2008\/07\/brizola.gif?resize=350%2C200&ssl=1","width":350,"height":200},"classes":[]},{"id":12960,"url":"https:\/\/www.jornalja.com.br\/arquivo\/populacao-culpa-empresas-pela-greve-dos-rodoviarios\/","url_meta":{"origin":48793,"position":5},"title":"Popula\u00e7\u00e3o culpa empresas pela greve","author":"Patr\u00edcia Marini","date":"14 de fevereiro de 2014","format":false,"excerpt":"Pesquisa divulgada na edi\u00e7\u00e3o do jornal Metro desta sexta-feira,14, comprova o velho ditado: \u00e9 poss\u00edvel enganar muitos por algum tempo, mas n\u00e3o \u00e9 poss\u00edvel enganar a todos o tempo inteiro. A principal revela\u00e7\u00e3o foi que 59,8% dos entrevistados apontaram as empresas como as principais respons\u00e1veis pela grave e 46% culparam\u2026","rel":"","context":"Em &quot;X.Categorias velhas&quot;","block_context":{"text":"X.Categorias velhas","link":"https:\/\/www.jornalja.com.br\/arquivo\/category\/x-categorias-velhas\/"},"img":{"alt_text":"","src":"","width":0,"height":0},"classes":[]}],"jetpack_shortlink":"https:\/\/wp.me\/pbQjBd-cGZ","jetpack_featured_media_url":"","_links":{"self":[{"href":"https:\/\/www.jornalja.com.br\/arquivo\/wp-json\/wp\/v2\/posts\/48793","targetHints":{"allow":["GET"]}}],"collection":[{"href":"https:\/\/www.jornalja.com.br\/arquivo\/wp-json\/wp\/v2\/posts"}],"about":[{"href":"https:\/\/www.jornalja.com.br\/arquivo\/wp-json\/wp\/v2\/types\/post"}],"author":[{"embeddable":true,"href":"https:\/\/www.jornalja.com.br\/arquivo\/wp-json\/wp\/v2\/users\/4"}],"replies":[{"embeddable":true,"href":"https:\/\/www.jornalja.com.br\/arquivo\/wp-json\/wp\/v2\/comments?post=48793"}],"version-history":[{"count":0,"href":"https:\/\/www.jornalja.com.br\/arquivo\/wp-json\/wp\/v2\/posts\/48793\/revisions"}],"wp:attachment":[{"href":"https:\/\/www.jornalja.com.br\/arquivo\/wp-json\/wp\/v2\/media?parent=48793"}],"wp:term":[{"taxonomy":"category","embeddable":true,"href":"https:\/\/www.jornalja.com.br\/arquivo\/wp-json\/wp\/v2\/categories?post=48793"},{"taxonomy":"post_tag","embeddable":true,"href":"https:\/\/www.jornalja.com.br\/arquivo\/wp-json\/wp\/v2\/tags?post=48793"}],"curies":[{"name":"wp","href":"https:\/\/api.w.org\/{rel}","templated":true}]}}