{"id":48835,"date":"2017-05-23T22:27:25","date_gmt":"2017-05-24T01:27:25","guid":{"rendered":"https:\/\/www.jornalja.com.br\/?p=48835"},"modified":"2017-05-23T22:27:25","modified_gmt":"2017-05-24T01:27:25","slug":"sartori-perde-a-pressa-e-avalia-chances-de-aprovar-privatizacoes-em-plebiscito","status":"publish","type":"post","link":"https:\/\/www.jornalja.com.br\/arquivo\/sartori-perde-a-pressa-e-avalia-chances-de-aprovar-privatizacoes-em-plebiscito\/","title":{"rendered":"Sartori perde a pressa e avalia chances de aprovar privatiza\u00e7\u00f5es em plebiscito"},"content":{"rendered":"<p>Ficaram fora de pauta mais uma vez os projetos que completam o ajuste de Sartori.<br \/>\nAs reuni\u00f5es na tarde de segunda-feira e na manh\u00e3 desta ter\u00e7a foram pr\u00f3-forma.<br \/>\nO governo j\u00e1 est\u00e1 convencido que n\u00e3o tem os votos de que precisa e est\u00e1 disposto a n\u00e3o se precipitar. H\u00e1 quem diga que s\u00f3 no dia 13 de junho o assunto voltar\u00e1 ao plen\u00e1rio.<br \/>\nN\u00e3o se descarta tamb\u00e9m a hip\u00f3tese de que o governo encaminha \u00e0 Assembleia um pedido de plebiscito, que teria que ser aprovado e enviado ao TRE para preparar a consulta popular at\u00e9 15 de novembro.<br \/>\nDentro e fora do governo h\u00e1 quem acredite que com o peso do empresariado e da m\u00eddia, o governador obtenha no plebiscito autoriza\u00e7\u00e3o para privatizar CEEE, CRM, Sulg\u00e1s &#8220;e outros&#8221;.<br \/>\nAs privatiza\u00e7\u00f5es s\u00e3o a contrapartida que o Rio Grande do Sul oferece para um acordo com a Uni\u00e3o, de suspens\u00e3o do pagamento da d\u00edvida, que aliviaria o Caixa do Tesouro em mais de R$ 3 bilh\u00f5es por ano nos pr\u00f3ximos tr\u00eas anos.<br \/>\nSegundo a lei N\u00ba 9.207, de 1991, que regulamenta a \u201crealiza\u00e7\u00e3o de consultas referend\u00e1rias e plebiscit\u00e1rias no \u00e2mbito legislativo\u201d, um plebiscito deve obedecer as seguintes regras:<\/p>\n<ul>\n<li>o governador Sartori precisar\u00e1 apresentar um projeto propondo a extin\u00e7\u00e3o de cada uma das estatais.<\/li>\n<li>depois disso, a Mesa ou 1\\3 dos parlamentares requisita a realiza\u00e7\u00e3o do plebiscito, que deve ter aprova\u00e7\u00e3o por maioria absoluta para seguir para o TRE, que organizar\u00e1 o pleito.<\/li>\n<li>O plebiscito, em anos n\u00e3o eleitorais, como 2017, deve ocorrer no dia 15 de novembro.<\/li>\n<\/ul>\n<p><strong>Demais PECs a serem votadas<\/strong><br \/>\nAs PECs d\u00e3o continuidade \u00e0s mat\u00e9rias aprovadas pela Assembleia no final de 2016 e promovem altera\u00e7\u00f5es na estrutura do Estado, como o tempo de contribui\u00e7\u00e3o dos servidores p\u00fablicos (PEC 261 2016), a extin\u00e7\u00e3o do <a id=\"PXLINK_1_0_0\" class=\"pxInta\" href=\"https:\/\/www.jornalja.com.br\/sartori-avalia-dificuldades-para-as-privatizacoes-de-ceee-crm-e-sulgas\/#\">direito<\/a> aos adicionais por tempo de servi\u00e7o (PEC 258 2016), assim como a revoga\u00e7\u00e3o do artigo 35 da Constitui\u00e7\u00e3o Estadual que fixa prazo para pagamento da remunera\u00e7\u00e3o mensal dos servidores p\u00fablicos at\u00e9 o \u00faltimo dia \u00fatil de cada m\u00eas e determina o pagamento do d\u00e9cimo terceiro sal\u00e1rio at\u00e9 o dia 20 de dezembro (PEC 257 2016). Tamb\u00e9m consta a extin\u00e7\u00e3o da licen\u00e7a-pr\u00eamio (PEC 242 2015) e a licen\u00e7a aos servidores para atividades sindicais sem a remunera\u00e7\u00e3o (PEC 256 2016).<br \/>\nEntram na ordem do dia desta ter\u00e7a-feira:<br \/>\n<span id=\"dnn_ctr8047_ViewalrsAgExibeNoticiaDestaque_lblTextoDestaque\"><a href=\"http:\/\/proweb.procergs.com.br\/consulta_proposicao.asp?SiglaTipo=PR&amp;NroProposicao=4&amp;AnoProposicao=2017\" target=\"_blank\" rel=\"noopener noreferrer\">PR 4 2017<\/a>, para aprovar o Relat\u00f3rio Final da Comiss\u00e3o Especial para tratar da Fun\u00e7\u00e3o Social das Igrejas nos Pres\u00eddios e Centros de Recupera\u00e7\u00e3o de Drogadi\u00e7\u00e3o no Rio Grande do Sul.<br \/>\n<a href=\"http:\/\/proweb.procergs.com.br\/consulta_proposicao.asp?SiglaTipo=PR&amp;NroProposicao=5&amp;AnoProposicao=2017\" target=\"_blank\" rel=\"noopener noreferrer\">PR 5 2017<\/a>, da Comiss\u00e3o Especial sobre a Sustentabilidade Financeira do SUS.<br \/>\n<a href=\"http:\/\/proweb.procergs.com.br\/consulta_proposicao.asp?SiglaTipo=RCR&amp;NroProposicao=1&amp;AnoProposicao=2017\" target=\"_blank\" rel=\"noopener noreferrer\">RCR 1 2017<\/a>, da Mesa, requer a constitui\u00e7\u00e3o de uma Comiss\u00e3o de Representa\u00e7\u00e3o Externa para acompanhar a quest\u00e3o dos Ped\u00e1gios prevista no programa de concess\u00e3o de rodovias federais desenvolvido pela Ag\u00eancia Nacional de Transportes Terrestres (ANTT) e que abrange as BRs 101, 290, 386 e 448 do Estado.<\/span><br \/>\n<a href=\"http:\/\/proweb.procergs.com.br\/consulta_proposicao.asp?SiglaTipo=PR&amp;NroProposicao=8&amp;AnoProposicao=2016\" target=\"_blank\" rel=\"noopener noreferrer\">PR 8 2016<\/a>, da Mesa Diretora, que altera a Resolu\u00e7\u00e3o n.\u00ba 2.514, de 30 de novembro de 1993, que institui o C\u00f3digo de \u00c9tica Parlamentar.<br \/>\n<a href=\"http:\/\/proweb.procergs.com.br\/consulta_proposicao.asp?SiglaTipo=RDI&amp;NroProposicao=65&amp;AnoProposicao=2017\" target=\"_blank\" rel=\"noopener noreferrer\">RDI 65 2017<\/a>, da Mesa Diretora, indica deputados para comporem a Comiss\u00e3o de \u00c9tica Parlamentar para o Bi\u00eanio 2017-2019.<br \/>\n<a href=\"http:\/\/proweb.procergs.com.br\/consulta_proposicao.asp?SiglaTipo=PL&amp;NroProposicao=207&amp;AnoProposicao=2008\" target=\"_blank\" rel=\"noopener noreferrer\">PL 207 2008<\/a>, do Poder Judici\u00e1rio, que cria e aglutina, junto ao Servi\u00e7o Notarial e Registral do Munic\u00edpio de Progresso, o Tabelionato de Protestos de T\u00edtulos, o Registro Civil das Pessoas Jur\u00eddicas e o Registro de T\u00edtulos e Documentos.<br \/>\n<a href=\"http:\/\/proweb.procergs.com.br\/consulta_proposicao.asp?SiglaTipo=PL&amp;NroProposicao=88&amp;AnoProposicao=2011\" target=\"_blank\" rel=\"noopener noreferrer\">PL 88 2011<\/a>, do Poder Judici\u00e1rio, que cria Serventias Extrajudiciais em Alvorada e d\u00e1 outras provid\u00eancias.<br \/>\n<a href=\"http:\/\/proweb.procergs.com.br\/consulta_proposicao.asp?SiglaTipo=PL&amp;NroProposicao=363&amp;AnoProposicao=2011\" target=\"_blank\" rel=\"noopener noreferrer\">PL 363 2011<\/a>, do Poder Judici\u00e1rio, que cria Serventias Extrajudiciais em Erechim e d\u00e1 outras provid\u00eancias.<br \/>\n<a href=\"http:\/\/proweb.procergs.com.br\/consulta_proposicao.asp?SiglaTipo=PL&amp;NroProposicao=235&amp;AnoProposicao=2012\" target=\"_blank\" rel=\"noopener noreferrer\">PL 235 2012<\/a>, do Poder Judici\u00e1rio, que cria, desanexa e aglutina serventias extrajudiciais em Rio Grande e d\u00e1 outras provid\u00eancias.<br \/>\n<a href=\"http:\/\/proweb.procergs.com.br\/consulta_proposicao.asp?SiglaTipo=PL&amp;NroProposicao=367&amp;AnoProposicao=2015\" target=\"_blank\" rel=\"noopener noreferrer\">PL 367 2015<\/a>, do Poder Judici\u00e1rio, que cria Comarca, Vara Judicial, cargos e fun\u00e7\u00f5es nos Servi\u00e7os Auxiliares da Justi\u00e7a de 1\u00ba Grau e d\u00e1 outras provid\u00eancias.<br \/>\n&nbsp;<\/p>\n","protected":false},"excerpt":{"rendered":"<p>Ficaram fora de pauta mais uma vez os projetos que completam o ajuste de Sartori. As reuni\u00f5es na tarde de segunda-feira e na manh\u00e3 desta ter\u00e7a foram pr\u00f3-forma. O governo j\u00e1 est\u00e1 convencido que n\u00e3o tem os votos de que precisa e est\u00e1 disposto a n\u00e3o se precipitar. H\u00e1 quem diga que s\u00f3 no dia [&hellip;]<\/p>\n","protected":false},"author":4,"featured_media":48839,"comment_status":"open","ping_status":"closed","sticky":false,"template":"","format":"standard","meta":{"_jetpack_newsletter_access":"","_jetpack_dont_email_post_to_subs":false,"_jetpack_newsletter_tier_id":0,"_jetpack_memberships_contains_paywalled_content":false,"_jetpack_feature_clip_id":0,"_jetpack_memberships_contains_paid_content":false,"footnotes":"","jetpack_post_was_ever_published":false},"categories":[26],"tags":[],"class_list":["post-48835","post","type-post","status-publish","format-standard","has-post-thumbnail","hentry","category-geral"],"aioseo_notices":[],"aioseo_head":"\n\t\t<!-- All in One SEO 5.0.1.1 - aioseo.com -->\n\t<meta name=\"robots\" content=\"max-image-preview:large\" \/>\n\t<meta name=\"author\" content=\"da Reda\u00e7\u00e3o\"\/>\n\t<link rel=\"canonical\" href=\"https:\/\/www.jornalja.com.br\/arquivo\/sartori-perde-a-pressa-e-avalia-chances-de-aprovar-privatizacoes-em-plebiscito\/\" \/>\n\t<meta name=\"generator\" content=\"All in One SEO (AIOSEO) 5.0.1.1\" \/>\n\t\t<meta property=\"og:locale\" content=\"pt_BR\" \/>\n\t\t<meta property=\"og:site_name\" content=\"Arquivo | Jornal J\u00c1 | Porto Alegre\" \/>\n\t\t<meta property=\"og:type\" content=\"article\" \/>\n\t\t<meta property=\"og:title\" content=\"Sartori perde a pressa e avalia chances de aprovar privatiza\u00e7\u00f5es em plebiscito | Arquivo\" \/>\n\t\t<meta property=\"og:url\" content=\"https:\/\/www.jornalja.com.br\/arquivo\/sartori-perde-a-pressa-e-avalia-chances-de-aprovar-privatizacoes-em-plebiscito\/\" \/>\n\t\t<meta property=\"og:image\" content=\"https:\/\/www.jornalja.com.br\/economics\/wp-content\/uploads\/sites\/11\/2026\/08\/ja-folhaderosto-facebook.jpg\" \/>\n\t\t<meta property=\"og:image:secure_url\" content=\"https:\/\/www.jornalja.com.br\/economics\/wp-content\/uploads\/sites\/11\/2026\/08\/ja-folhaderosto-facebook.jpg\" \/>\n\t\t<meta property=\"article:published_time\" content=\"2017-05-24T01:27:25+00:00\" \/>\n\t\t<meta property=\"article:modified_time\" content=\"2017-05-24T01:27:25+00:00\" \/>\n\t\t<meta name=\"twitter:card\" content=\"summary\" \/>\n\t\t<meta name=\"twitter:title\" content=\"Sartori perde a pressa e avalia chances de aprovar privatiza\u00e7\u00f5es em plebiscito | Arquivo\" \/>\n\t\t<meta name=\"twitter:image\" content=\"https:\/\/www.jornalja.com.br\/economics\/wp-content\/uploads\/sites\/11\/2026\/08\/ja-folhaderosto-facebook.jpg\" \/>\n\t\t<script type=\"application\/ld+json\" class=\"aioseo-schema\">\n\t\t\t{\"@context\":\"https:\\\/\\\/schema.org\",\"@graph\":[{\"@type\":\"BlogPosting\",\"@id\":\"https:\\\/\\\/www.jornalja.com.br\\\/arquivo\\\/sartori-perde-a-pressa-e-avalia-chances-de-aprovar-privatizacoes-em-plebiscito\\\/#blogposting\",\"name\":\"Sartori perde a pressa e avalia chances de aprovar privatiza\\u00e7\\u00f5es em plebiscito | Arquivo\",\"headline\":\"Sartori perde a pressa e avalia chances de aprovar privatiza\\u00e7\\u00f5es em plebiscito\",\"author\":{\"@id\":\"https:\\\/\\\/www.jornalja.com.br\\\/arquivo\\\/author\\\/daredacao\\\/#author\"},\"publisher\":{\"@id\":\"https:\\\/\\\/www.jornalja.com.br\\\/arquivo\\\/#organization\"},\"image\":{\"@type\":\"ImageObject\",\"url\":48839},\"datePublished\":\"2017-05-23T22:27:25-03:00\",\"dateModified\":\"2017-05-23T22:27:25-03:00\",\"inLanguage\":\"pt-BR\",\"mainEntityOfPage\":{\"@id\":\"https:\\\/\\\/www.jornalja.com.br\\\/arquivo\\\/sartori-perde-a-pressa-e-avalia-chances-de-aprovar-privatizacoes-em-plebiscito\\\/#webpage\"},\"isPartOf\":{\"@id\":\"https:\\\/\\\/www.jornalja.com.br\\\/arquivo\\\/sartori-perde-a-pressa-e-avalia-chances-de-aprovar-privatizacoes-em-plebiscito\\\/#webpage\"},\"articleSection\":\"Geral\"},{\"@type\":\"BreadcrumbList\",\"@id\":\"https:\\\/\\\/www.jornalja.com.br\\\/arquivo\\\/sartori-perde-a-pressa-e-avalia-chances-de-aprovar-privatizacoes-em-plebiscito\\\/#breadcrumblist\",\"itemListElement\":[{\"@type\":\"ListItem\",\"@id\":\"https:\\\/\\\/www.jornalja.com.br\\\/arquivo#listItem\",\"position\":1,\"name\":\"Home\",\"item\":\"https:\\\/\\\/www.jornalja.com.br\\\/arquivo\",\"nextItem\":{\"@type\":\"ListItem\",\"@id\":\"https:\\\/\\\/www.jornalja.com.br\\\/arquivo\\\/category\\\/geral\\\/#listItem\",\"name\":\"Geral\"}},{\"@type\":\"ListItem\",\"@id\":\"https:\\\/\\\/www.jornalja.com.br\\\/arquivo\\\/category\\\/geral\\\/#listItem\",\"position\":2,\"name\":\"Geral\",\"item\":\"https:\\\/\\\/www.jornalja.com.br\\\/arquivo\\\/category\\\/geral\\\/\",\"nextItem\":{\"@type\":\"ListItem\",\"@id\":\"https:\\\/\\\/www.jornalja.com.br\\\/arquivo\\\/sartori-perde-a-pressa-e-avalia-chances-de-aprovar-privatizacoes-em-plebiscito\\\/#listItem\",\"name\":\"Sartori perde a pressa e avalia chances de aprovar privatiza\\u00e7\\u00f5es em plebiscito\"},\"previousItem\":{\"@type\":\"ListItem\",\"@id\":\"https:\\\/\\\/www.jornalja.com.br\\\/arquivo#listItem\",\"name\":\"Home\"}},{\"@type\":\"ListItem\",\"@id\":\"https:\\\/\\\/www.jornalja.com.br\\\/arquivo\\\/sartori-perde-a-pressa-e-avalia-chances-de-aprovar-privatizacoes-em-plebiscito\\\/#listItem\",\"position\":3,\"name\":\"Sartori perde a pressa e avalia chances de aprovar privatiza\\u00e7\\u00f5es em plebiscito\",\"previousItem\":{\"@type\":\"ListItem\",\"@id\":\"https:\\\/\\\/www.jornalja.com.br\\\/arquivo\\\/category\\\/geral\\\/#listItem\",\"name\":\"Geral\"}}]},{\"@type\":\"Organization\",\"@id\":\"https:\\\/\\\/www.jornalja.com.br\\\/arquivo\\\/#organization\",\"name\":\"Jornal J\\u00c1\",\"description\":\"Jornal J\\u00c1 | Porto Alegre\",\"url\":\"https:\\\/\\\/www.jornalja.com.br\\\/arquivo\\\/\",\"telephone\":\"+555133307272\",\"logo\":{\"@type\":\"ImageObject\",\"url\":\"https:\\\/\\\/www.jornalja.com.br\\\/wp-content\\\/uploads\\\/cards\\\/JAslogan.png\",\"@id\":\"https:\\\/\\\/www.jornalja.com.br\\\/arquivo\\\/sartori-perde-a-pressa-e-avalia-chances-de-aprovar-privatizacoes-em-plebiscito\\\/#organizationLogo\"},\"image\":{\"@id\":\"https:\\\/\\\/www.jornalja.com.br\\\/arquivo\\\/sartori-perde-a-pressa-e-avalia-chances-de-aprovar-privatizacoes-em-plebiscito\\\/#organizationLogo\"}},{\"@type\":\"Person\",\"@id\":\"https:\\\/\\\/www.jornalja.com.br\\\/arquivo\\\/author\\\/daredacao\\\/#author\",\"url\":\"https:\\\/\\\/www.jornalja.com.br\\\/arquivo\\\/author\\\/daredacao\\\/\",\"name\":\"da Reda\\u00e7\\u00e3o\",\"image\":{\"@type\":\"ImageObject\",\"@id\":\"https:\\\/\\\/www.jornalja.com.br\\\/arquivo\\\/sartori-perde-a-pressa-e-avalia-chances-de-aprovar-privatizacoes-em-plebiscito\\\/#authorImage\",\"url\":\"https:\\\/\\\/secure.gravatar.com\\\/avatar\\\/469fd857d6605ad19919d27ed29d35a968a25f6e8fd9318356bbb7f57aae9c65?s=96&d=mm&r=g\",\"width\":96,\"height\":96,\"caption\":\"da Reda\\u00e7\\u00e3o\"}},{\"@type\":\"WebPage\",\"@id\":\"https:\\\/\\\/www.jornalja.com.br\\\/arquivo\\\/sartori-perde-a-pressa-e-avalia-chances-de-aprovar-privatizacoes-em-plebiscito\\\/#webpage\",\"url\":\"https:\\\/\\\/www.jornalja.com.br\\\/arquivo\\\/sartori-perde-a-pressa-e-avalia-chances-de-aprovar-privatizacoes-em-plebiscito\\\/\",\"name\":\"Sartori perde a pressa e avalia chances de aprovar privatiza\\u00e7\\u00f5es em plebiscito | Arquivo\",\"inLanguage\":\"pt-BR\",\"isPartOf\":{\"@id\":\"https:\\\/\\\/www.jornalja.com.br\\\/arquivo\\\/#website\"},\"breadcrumb\":{\"@id\":\"https:\\\/\\\/www.jornalja.com.br\\\/arquivo\\\/sartori-perde-a-pressa-e-avalia-chances-de-aprovar-privatizacoes-em-plebiscito\\\/#breadcrumblist\"},\"author\":{\"@id\":\"https:\\\/\\\/www.jornalja.com.br\\\/arquivo\\\/author\\\/daredacao\\\/#author\"},\"creator\":{\"@id\":\"https:\\\/\\\/www.jornalja.com.br\\\/arquivo\\\/author\\\/daredacao\\\/#author\"},\"image\":{\"@type\":\"ImageObject\",\"url\":48839,\"@id\":\"https:\\\/\\\/www.jornalja.com.br\\\/arquivo\\\/sartori-perde-a-pressa-e-avalia-chances-de-aprovar-privatizacoes-em-plebiscito\\\/#mainImage\"},\"primaryImageOfPage\":{\"@id\":\"https:\\\/\\\/www.jornalja.com.br\\\/arquivo\\\/sartori-perde-a-pressa-e-avalia-chances-de-aprovar-privatizacoes-em-plebiscito\\\/#mainImage\"},\"datePublished\":\"2017-05-23T22:27:25-03:00\",\"dateModified\":\"2017-05-23T22:27:25-03:00\"},{\"@type\":\"WebSite\",\"@id\":\"https:\\\/\\\/www.jornalja.com.br\\\/arquivo\\\/#website\",\"url\":\"https:\\\/\\\/www.jornalja.com.br\\\/arquivo\\\/\",\"name\":\"Arquivo\",\"description\":\"Jornal J\\u00c1 | Porto Alegre\",\"inLanguage\":\"pt-BR\",\"publisher\":{\"@id\":\"https:\\\/\\\/www.jornalja.com.br\\\/arquivo\\\/#organization\"}}]}\n\t\t<\/script>\n\t\t<!-- All in One SEO -->\n\n","aioseo_head_json":{"title":"Sartori perde a pressa e avalia chances de aprovar privatiza\u00e7\u00f5es em plebiscito | Arquivo","description":"","canonical_url":"https:\/\/www.jornalja.com.br\/arquivo\/sartori-perde-a-pressa-e-avalia-chances-de-aprovar-privatizacoes-em-plebiscito\/","robots":"max-image-preview:large","keywords":"","webmasterTools":{"miscellaneous":""},"schema":{"@context":"https:\/\/schema.org","@graph":[{"@type":"BlogPosting","@id":"https:\/\/www.jornalja.com.br\/arquivo\/sartori-perde-a-pressa-e-avalia-chances-de-aprovar-privatizacoes-em-plebiscito\/#blogposting","name":"Sartori perde a pressa e avalia chances de aprovar privatiza\u00e7\u00f5es em plebiscito | Arquivo","headline":"Sartori perde a pressa e avalia chances de aprovar privatiza\u00e7\u00f5es em plebiscito","author":{"@id":"https:\/\/www.jornalja.com.br\/arquivo\/author\/daredacao\/#author"},"publisher":{"@id":"https:\/\/www.jornalja.com.br\/arquivo\/#organization"},"image":{"@type":"ImageObject","url":48839},"datePublished":"2017-05-23T22:27:25-03:00","dateModified":"2017-05-23T22:27:25-03:00","inLanguage":"pt-BR","mainEntityOfPage":{"@id":"https:\/\/www.jornalja.com.br\/arquivo\/sartori-perde-a-pressa-e-avalia-chances-de-aprovar-privatizacoes-em-plebiscito\/#webpage"},"isPartOf":{"@id":"https:\/\/www.jornalja.com.br\/arquivo\/sartori-perde-a-pressa-e-avalia-chances-de-aprovar-privatizacoes-em-plebiscito\/#webpage"},"articleSection":"Geral"},{"@type":"BreadcrumbList","@id":"https:\/\/www.jornalja.com.br\/arquivo\/sartori-perde-a-pressa-e-avalia-chances-de-aprovar-privatizacoes-em-plebiscito\/#breadcrumblist","itemListElement":[{"@type":"ListItem","@id":"https:\/\/www.jornalja.com.br\/arquivo#listItem","position":1,"name":"Home","item":"https:\/\/www.jornalja.com.br\/arquivo","nextItem":{"@type":"ListItem","@id":"https:\/\/www.jornalja.com.br\/arquivo\/category\/geral\/#listItem","name":"Geral"}},{"@type":"ListItem","@id":"https:\/\/www.jornalja.com.br\/arquivo\/category\/geral\/#listItem","position":2,"name":"Geral","item":"https:\/\/www.jornalja.com.br\/arquivo\/category\/geral\/","nextItem":{"@type":"ListItem","@id":"https:\/\/www.jornalja.com.br\/arquivo\/sartori-perde-a-pressa-e-avalia-chances-de-aprovar-privatizacoes-em-plebiscito\/#listItem","name":"Sartori perde a pressa e avalia chances de aprovar privatiza\u00e7\u00f5es em plebiscito"},"previousItem":{"@type":"ListItem","@id":"https:\/\/www.jornalja.com.br\/arquivo#listItem","name":"Home"}},{"@type":"ListItem","@id":"https:\/\/www.jornalja.com.br\/arquivo\/sartori-perde-a-pressa-e-avalia-chances-de-aprovar-privatizacoes-em-plebiscito\/#listItem","position":3,"name":"Sartori perde a pressa e avalia chances de aprovar privatiza\u00e7\u00f5es em plebiscito","previousItem":{"@type":"ListItem","@id":"https:\/\/www.jornalja.com.br\/arquivo\/category\/geral\/#listItem","name":"Geral"}}]},{"@type":"Organization","@id":"https:\/\/www.jornalja.com.br\/arquivo\/#organization","name":"Jornal J\u00c1","description":"Jornal J\u00c1 | Porto Alegre","url":"https:\/\/www.jornalja.com.br\/arquivo\/","telephone":"+555133307272","logo":{"@type":"ImageObject","url":"https:\/\/www.jornalja.com.br\/wp-content\/uploads\/cards\/JAslogan.png","@id":"https:\/\/www.jornalja.com.br\/arquivo\/sartori-perde-a-pressa-e-avalia-chances-de-aprovar-privatizacoes-em-plebiscito\/#organizationLogo"},"image":{"@id":"https:\/\/www.jornalja.com.br\/arquivo\/sartori-perde-a-pressa-e-avalia-chances-de-aprovar-privatizacoes-em-plebiscito\/#organizationLogo"}},{"@type":"Person","@id":"https:\/\/www.jornalja.com.br\/arquivo\/author\/daredacao\/#author","url":"https:\/\/www.jornalja.com.br\/arquivo\/author\/daredacao\/","name":"da Reda\u00e7\u00e3o","image":{"@type":"ImageObject","@id":"https:\/\/www.jornalja.com.br\/arquivo\/sartori-perde-a-pressa-e-avalia-chances-de-aprovar-privatizacoes-em-plebiscito\/#authorImage","url":"https:\/\/secure.gravatar.com\/avatar\/469fd857d6605ad19919d27ed29d35a968a25f6e8fd9318356bbb7f57aae9c65?s=96&d=mm&r=g","width":96,"height":96,"caption":"da Reda\u00e7\u00e3o"}},{"@type":"WebPage","@id":"https:\/\/www.jornalja.com.br\/arquivo\/sartori-perde-a-pressa-e-avalia-chances-de-aprovar-privatizacoes-em-plebiscito\/#webpage","url":"https:\/\/www.jornalja.com.br\/arquivo\/sartori-perde-a-pressa-e-avalia-chances-de-aprovar-privatizacoes-em-plebiscito\/","name":"Sartori perde a pressa e avalia chances de aprovar privatiza\u00e7\u00f5es em plebiscito | Arquivo","inLanguage":"pt-BR","isPartOf":{"@id":"https:\/\/www.jornalja.com.br\/arquivo\/#website"},"breadcrumb":{"@id":"https:\/\/www.jornalja.com.br\/arquivo\/sartori-perde-a-pressa-e-avalia-chances-de-aprovar-privatizacoes-em-plebiscito\/#breadcrumblist"},"author":{"@id":"https:\/\/www.jornalja.com.br\/arquivo\/author\/daredacao\/#author"},"creator":{"@id":"https:\/\/www.jornalja.com.br\/arquivo\/author\/daredacao\/#author"},"image":{"@type":"ImageObject","url":48839,"@id":"https:\/\/www.jornalja.com.br\/arquivo\/sartori-perde-a-pressa-e-avalia-chances-de-aprovar-privatizacoes-em-plebiscito\/#mainImage"},"primaryImageOfPage":{"@id":"https:\/\/www.jornalja.com.br\/arquivo\/sartori-perde-a-pressa-e-avalia-chances-de-aprovar-privatizacoes-em-plebiscito\/#mainImage"},"datePublished":"2017-05-23T22:27:25-03:00","dateModified":"2017-05-23T22:27:25-03:00"},{"@type":"WebSite","@id":"https:\/\/www.jornalja.com.br\/arquivo\/#website","url":"https:\/\/www.jornalja.com.br\/arquivo\/","name":"Arquivo","description":"Jornal J\u00c1 | Porto Alegre","inLanguage":"pt-BR","publisher":{"@id":"https:\/\/www.jornalja.com.br\/arquivo\/#organization"}}]},"og:locale":"pt_BR","og:site_name":"Arquivo | Jornal J\u00c1 | Porto Alegre","og:type":"article","og:title":"Sartori perde a pressa e avalia chances de aprovar privatiza\u00e7\u00f5es em plebiscito | Arquivo","og:url":"https:\/\/www.jornalja.com.br\/arquivo\/sartori-perde-a-pressa-e-avalia-chances-de-aprovar-privatizacoes-em-plebiscito\/","og:image":"https:\/\/www.jornalja.com.br\/economics\/wp-content\/uploads\/sites\/11\/2026\/08\/ja-folhaderosto-facebook.jpg","og:image:secure_url":"https:\/\/www.jornalja.com.br\/economics\/wp-content\/uploads\/sites\/11\/2026\/08\/ja-folhaderosto-facebook.jpg","article:published_time":"2017-05-24T01:27:25+00:00","article:modified_time":"2017-05-24T01:27:25+00:00","twitter:card":"summary","twitter:title":"Sartori perde a pressa e avalia chances de aprovar privatiza\u00e7\u00f5es em plebiscito | Arquivo","twitter:image":"https:\/\/www.jornalja.com.br\/economics\/wp-content\/uploads\/sites\/11\/2026\/08\/ja-folhaderosto-facebook.jpg"},"aioseo_meta_data":{"post_id":"48835","title":null,"description":null,"keywords":null,"keyphrases":null,"primary_term":null,"canonical_url":null,"og_title":null,"og_description":null,"og_object_type":"default","og_image_type":"default","og_image_url":null,"og_image_width":null,"og_image_height":null,"og_image_custom_url":null,"og_image_custom_fields":null,"og_video":null,"og_custom_url":null,"og_article_section":null,"og_article_tags":null,"twitter_use_og":false,"twitter_card":"default","twitter_image_type":"default","twitter_image_url":null,"twitter_image_custom_url":null,"twitter_image_custom_fields":null,"twitter_title":null,"twitter_description":null,"schema":{"blockGraphs":[],"customGraphs":[],"default":{"data":{"Article":[],"Course":[],"Dataset":[],"FAQPage":[],"Movie":[],"Person":[],"Product":[],"ProductReview":[],"Car":[],"Recipe":[],"Service":[],"SoftwareApplication":[],"WebPage":[]},"graphName":"","isEnabled":true},"graphs":[],"defaultGraph":"","defaultPostTypeGraph":""},"schema_type":null,"schema_type_options":null,"pillar_content":false,"robots_default":true,"robots_noindex":false,"robots_noarchive":false,"robots_nosnippet":false,"robots_nofollow":false,"robots_noimageindex":false,"robots_noodp":false,"robots_notranslate":false,"robots_max_snippet":null,"robots_max_videopreview":null,"robots_max_imagepreview":"large","priority":null,"frequency":null,"location":null,"local_seo":null,"breadcrumb_settings":null,"limit_modified_date":false,"ai":null,"created":"2020-12-20 20:35:20","updated":"2025-07-19 21:46:39","seo_analyzer_scan_date":null,"focus_keyword":null,"additional_keywords":null,"truseo_locale":null},"jetpack_sharing_enabled":true,"jetpack-related-posts":[{"id":13240,"url":"https:\/\/www.jornalja.com.br\/arquivo\/plano-diretor-estamos-construindo-o-caos\/","url_meta":{"origin":48835,"position":0},"title":"Plano diretor: &quot;Estamos construindo o caos&quot;","author":"Patr\u00edcia Marini","date":"26 de maio de 2014","format":false,"excerpt":"Desabafo que arquiteta Eliana Castilhos, delegada da Regi\u00e3o de Planejamento 1, postou nas redes sociais \u00e9 um testemunho do ambiente que se criou no Conselho do Plano Diretor de Porto Alegre, onde a aprova\u00e7\u00e3o de grandes empreendimentos \u00e9 empurrada guela abaixo dos conselheiros. Ao CMDUA Como delegada da Regi\u00e3o de\u2026","rel":"","context":"Em &quot;Geral&quot;","block_context":{"text":"Geral","link":"https:\/\/www.jornalja.com.br\/arquivo\/category\/geral\/"},"img":{"alt_text":"","src":"","width":0,"height":0},"classes":[]},{"id":13239,"url":"https:\/\/www.jornalja.com.br\/arquivo\/conselho-desdenha-do-plano-diretor\/","url_meta":{"origin":48835,"position":1},"title":"Porto Alegre: Conselho detona Plano Diretor","author":"Patr\u00edcia Marini","date":"25 de maio de 2014","format":false,"excerpt":"Den\u00fancia do arquiteto e \u00a0urbanista Ibir\u00e1 Santos Lucas. Ele diz que os conselheiros est\u00e3o votando com \"enorme irresponsabilidade\". \"Mudam regime com a maior naturalidade,,,regularizam absurdos de constru\u00e7\u00f5es irregulares... \"O CMDUA est\u00e1 flexibilizando a lei do plano diretor, de uma forma impactante na vida da cidade. Mudam regime com a maior\u2026","rel":"","context":"Em &quot;Geral&quot;","block_context":{"text":"Geral","link":"https:\/\/www.jornalja.com.br\/arquivo\/category\/geral\/"},"img":{"alt_text":"","src":"","width":0,"height":0},"classes":[]},{"id":5440,"url":"https:\/\/www.jornalja.com.br\/arquivo\/casarao-da-venancio-destino-permanece-incerto\/","url_meta":{"origin":48835,"position":2},"title":"Estado ainda n\u00e3o sabe o que fazer com casar\u00e3o abandonado h\u00e1 20 anos","author":"Elmar Bones","date":"6 de julho de 2009","format":false,"excerpt":"O casar\u00e3o amarelo, numa esquina nobre de Porto Alegre (Ven\u00e2ncio Aires com Jo\u00e3o Pessoa), j\u00e1 abrigou uma escola. H\u00e1 duas d\u00e9cadas, pelo menos, est\u00e1 abandonado, porque seu propriet\u00e1rio, o governo do Estado do Rio Grande do Sul, n\u00e3o consegue achar um destino para ele. Planos n\u00e3o faltaram. O governador Ol\u00edvio\u2026","rel":"","context":"Em &quot;X.Categorias velhas&quot;","block_context":{"text":"X.Categorias velhas","link":"https:\/\/www.jornalja.com.br\/arquivo\/category\/x-categorias-velhas\/"},"img":{"alt_text":"geraldo1","src":"https:\/\/i0.wp.com\/www.jornalja.com.br\/wp-content\/uploads\/2009\/07\/geraldo1.jpg?resize=350%2C200&ssl=1","width":350,"height":200},"classes":[]},{"id":13124,"url":"https:\/\/www.jornalja.com.br\/arquivo\/sangue-latino-no-iecine\/","url_meta":{"origin":48835,"position":3},"title":"Sangue latino no IECINE","author":"da Reda\u00e7\u00e3o","date":"18 de maio de 2014","format":false,"excerpt":"Francisco Ribeiro O Instituto Estadual de Cinema (IECINE) tem a frente, desde abril \u00faltimo, um novo diretor, o cineasta colombiano Juan Zapata, 36, que substitui Luiz Alberto Cassol. Radicado h\u00e1 dez anos em Porto Alegre, Zapata tem diante de si o desafio de conduzir at\u00e9 o final do ano um\u2026","rel":"","context":"Em &quot;Cultura-Geral&quot;","block_context":{"text":"Cultura-Geral","link":"https:\/\/www.jornalja.com.br\/arquivo\/category\/materiasecundaria\/"},"img":{"alt_text":"","src":"","width":0,"height":0},"classes":[]},{"id":12960,"url":"https:\/\/www.jornalja.com.br\/arquivo\/populacao-culpa-empresas-pela-greve-dos-rodoviarios\/","url_meta":{"origin":48835,"position":4},"title":"Popula\u00e7\u00e3o culpa empresas pela greve","author":"Patr\u00edcia Marini","date":"14 de fevereiro de 2014","format":false,"excerpt":"Pesquisa divulgada na edi\u00e7\u00e3o do jornal Metro desta sexta-feira,14, comprova o velho ditado: \u00e9 poss\u00edvel enganar muitos por algum tempo, mas n\u00e3o \u00e9 poss\u00edvel enganar a todos o tempo inteiro. A principal revela\u00e7\u00e3o foi que 59,8% dos entrevistados apontaram as empresas como as principais respons\u00e1veis pela grave e 46% culparam\u2026","rel":"","context":"Em &quot;X.Categorias velhas&quot;","block_context":{"text":"X.Categorias velhas","link":"https:\/\/www.jornalja.com.br\/arquivo\/category\/x-categorias-velhas\/"},"img":{"alt_text":"","src":"","width":0,"height":0},"classes":[]},{"id":13128,"url":"https:\/\/www.jornalja.com.br\/arquivo\/maconha-terra-diz-que-uso-medicinal-e-desculpa\/","url_meta":{"origin":48835,"position":5},"title":"Maconha: Terra diz que uso medicinal \u00e9 desculpa","author":"Patr\u00edcia Marini","date":"4 de junho de 2014","format":false,"excerpt":"A condi\u00e7\u00e3o de pol\u00edtico, em \u00e9poca de campanha de campanha eleitoral, tira for\u00e7a do discurso do m\u00e9dico Osmar Terra contra a legaliza\u00e7\u00e3o da maconha. A tese dele de que a libera\u00e7\u00e3o vai ampliar exponencialmente o consumo \u00e9 discutivel, o consumo \u00e9 corrente. Mas seus alertas quanto aos riscos tem que\u2026","rel":"","context":"Em &quot;X.Categorias velhas&quot;","block_context":{"text":"X.Categorias velhas","link":"https:\/\/www.jornalja.com.br\/arquivo\/category\/x-categorias-velhas\/"},"img":{"alt_text":"","src":"","width":0,"height":0},"classes":[]}],"jetpack_shortlink":"https:\/\/wp.me\/pbQjBd-cHF","jetpack_featured_media_url":"","_links":{"self":[{"href":"https:\/\/www.jornalja.com.br\/arquivo\/wp-json\/wp\/v2\/posts\/48835","targetHints":{"allow":["GET"]}}],"collection":[{"href":"https:\/\/www.jornalja.com.br\/arquivo\/wp-json\/wp\/v2\/posts"}],"about":[{"href":"https:\/\/www.jornalja.com.br\/arquivo\/wp-json\/wp\/v2\/types\/post"}],"author":[{"embeddable":true,"href":"https:\/\/www.jornalja.com.br\/arquivo\/wp-json\/wp\/v2\/users\/4"}],"replies":[{"embeddable":true,"href":"https:\/\/www.jornalja.com.br\/arquivo\/wp-json\/wp\/v2\/comments?post=48835"}],"version-history":[{"count":0,"href":"https:\/\/www.jornalja.com.br\/arquivo\/wp-json\/wp\/v2\/posts\/48835\/revisions"}],"wp:attachment":[{"href":"https:\/\/www.jornalja.com.br\/arquivo\/wp-json\/wp\/v2\/media?parent=48835"}],"wp:term":[{"taxonomy":"category","embeddable":true,"href":"https:\/\/www.jornalja.com.br\/arquivo\/wp-json\/wp\/v2\/categories?post=48835"},{"taxonomy":"post_tag","embeddable":true,"href":"https:\/\/www.jornalja.com.br\/arquivo\/wp-json\/wp\/v2\/tags?post=48835"}],"curies":[{"name":"wp","href":"https:\/\/api.w.org\/{rel}","templated":true}]}}