{"id":48844,"date":"2017-05-23T21:25:22","date_gmt":"2017-05-24T00:25:22","guid":{"rendered":"https:\/\/www.jornalja.com.br\/?p=48844"},"modified":"2017-05-23T21:25:22","modified_gmt":"2017-05-24T00:25:22","slug":"funcionarios-da-carris-reclamam-falta-de-dialogo-ao-secretario-da-mobilidade-urbana","status":"publish","type":"post","link":"https:\/\/www.jornalja.com.br\/arquivo\/funcionarios-da-carris-reclamam-falta-de-dialogo-ao-secretario-da-mobilidade-urbana\/","title":{"rendered":"Funcion\u00e1rios da Carris reclamam falta de di\u00e1logo ao secret\u00e1rio da Mobilidade Urbana"},"content":{"rendered":"<p>Funcion\u00e1rios da Carris estiveram na tarde desta ter\u00e7a-feira na Secretaria Municipal de Infraestrutura e Mobilidade Urbana (Smim), para uma reuni\u00e3o com secret\u00e1rio da pasta, Elisandro Sabino e a diretora da empresa, Helen Machado, e os vereadores Sofia Cavedon (PT), Roberto Robaina (PSOL), ambos da Frente Parlamentar criada em defesa da empresa p\u00fablica;\u00a0e o l\u00edder do governo na C\u00e2mara Municipal, Cl\u00e1udio Janta (Solidariedade).<br \/>\nO encontro n\u00e3o aconteceu como previsto. O secret\u00e1rio e sua assessoria n\u00e3o sabiam da reuni\u00e3o. Os funcion\u00e1rios foram recebidos por Sabino durante dez minutos. O diretor-t\u00e9cnico da empresa, Fl\u00e1vio Caldasso, foi visto no gabinete do secret\u00e1rio mas n\u00e3o foi at\u00e9 o audit\u00f3rio onde o secret\u00e1rio recebeu\u00a0um documento com uma s\u00e9rie de reivindica\u00e7\u00f5es.<br \/>\nAs principais delas: esclarecimentos pelo excessos de justas causas e puni\u00e7\u00f5es indevidas; retorno da Assist\u00eancia Social e di\u00e1logo com a Dire\u00e7\u00e3o e os representantes da categoria; legaliza\u00e7\u00e3o do p\u00e1tio da USE Carris (Uni\u00e3o Social dos Empregados da Carris) e termo de concess\u00e3o da Prefeitura para a Companhia ; regularizar o retorno das reuni\u00f5es das comiss\u00f5es da Carris com a libera\u00e7\u00e3o de seus membros no mesmo per\u00edodo; retorno das reuni\u00f5es Tripartite (delegados, sindicato e dire\u00e7\u00e3o).<br \/>\n&#8220;Verbalmente\u00a0deixamos bem claro a falta de di\u00e1logo da atual diretoria com os funcion\u00e1rios&#8221; disse o funcion\u00e1rio da Carris, Cristiano Soares.\u00a0Uma nova reuni\u00e3o foi reagendada para a pr\u00f3xima ter\u00e7a-feira, no dia 30 de maio.<\/p>\n","protected":false},"excerpt":{"rendered":"<p>Funcion\u00e1rios da Carris estiveram na tarde desta ter\u00e7a-feira na Secretaria Municipal de Infraestrutura e Mobilidade Urbana (Smim), para uma reuni\u00e3o com secret\u00e1rio da pasta, Elisandro Sabino e a diretora da empresa, Helen Machado, e os vereadores Sofia Cavedon (PT), Roberto Robaina (PSOL), ambos da Frente Parlamentar criada em defesa da empresa p\u00fablica;\u00a0e o l\u00edder do [&hellip;]<\/p>\n","protected":false},"author":4,"featured_media":48846,"comment_status":"open","ping_status":"closed","sticky":false,"template":"","format":"standard","meta":{"_jetpack_newsletter_access":"","_jetpack_dont_email_post_to_subs":false,"_jetpack_newsletter_tier_id":0,"_jetpack_memberships_contains_paywalled_content":false,"_jetpack_feature_clip_id":0,"_jetpack_memberships_contains_paid_content":false,"footnotes":"","jetpack_post_was_ever_published":false},"categories":[26],"tags":[],"class_list":["post-48844","post","type-post","status-publish","format-standard","has-post-thumbnail","hentry","category-geral"],"aioseo_notices":[],"aioseo_head":"\n\t\t<!-- All in One SEO 5.0.1.1 - aioseo.com -->\n\t<meta name=\"robots\" content=\"max-image-preview:large\" \/>\n\t<meta name=\"author\" content=\"da Reda\u00e7\u00e3o\"\/>\n\t<link rel=\"canonical\" href=\"https:\/\/www.jornalja.com.br\/arquivo\/funcionarios-da-carris-reclamam-falta-de-dialogo-ao-secretario-da-mobilidade-urbana\/\" \/>\n\t<meta name=\"generator\" content=\"All in One SEO (AIOSEO) 5.0.1.1\" \/>\n\t\t<meta property=\"og:locale\" content=\"pt_BR\" \/>\n\t\t<meta property=\"og:site_name\" content=\"Arquivo | Jornal J\u00c1 | Porto Alegre\" \/>\n\t\t<meta property=\"og:type\" content=\"article\" \/>\n\t\t<meta property=\"og:title\" content=\"Funcion\u00e1rios da Carris reclamam falta de di\u00e1logo ao secret\u00e1rio da Mobilidade Urbana | Arquivo\" \/>\n\t\t<meta property=\"og:url\" content=\"https:\/\/www.jornalja.com.br\/arquivo\/funcionarios-da-carris-reclamam-falta-de-dialogo-ao-secretario-da-mobilidade-urbana\/\" \/>\n\t\t<meta property=\"og:image\" content=\"https:\/\/www.jornalja.com.br\/economics\/wp-content\/uploads\/sites\/11\/2026\/08\/ja-folhaderosto-facebook.jpg\" \/>\n\t\t<meta property=\"og:image:secure_url\" content=\"https:\/\/www.jornalja.com.br\/economics\/wp-content\/uploads\/sites\/11\/2026\/08\/ja-folhaderosto-facebook.jpg\" \/>\n\t\t<meta property=\"article:published_time\" content=\"2017-05-24T00:25:22+00:00\" \/>\n\t\t<meta property=\"article:modified_time\" content=\"2017-05-24T00:25:22+00:00\" \/>\n\t\t<meta name=\"twitter:card\" content=\"summary\" \/>\n\t\t<meta name=\"twitter:title\" content=\"Funcion\u00e1rios da Carris reclamam falta de di\u00e1logo ao secret\u00e1rio da Mobilidade Urbana | Arquivo\" \/>\n\t\t<meta name=\"twitter:image\" content=\"https:\/\/www.jornalja.com.br\/economics\/wp-content\/uploads\/sites\/11\/2026\/08\/ja-folhaderosto-facebook.jpg\" \/>\n\t\t<script type=\"application\/ld+json\" class=\"aioseo-schema\">\n\t\t\t{\"@context\":\"https:\\\/\\\/schema.org\",\"@graph\":[{\"@type\":\"BlogPosting\",\"@id\":\"https:\\\/\\\/www.jornalja.com.br\\\/arquivo\\\/funcionarios-da-carris-reclamam-falta-de-dialogo-ao-secretario-da-mobilidade-urbana\\\/#blogposting\",\"name\":\"Funcion\\u00e1rios da Carris reclamam falta de di\\u00e1logo ao secret\\u00e1rio da Mobilidade Urbana | Arquivo\",\"headline\":\"Funcion\\u00e1rios da Carris reclamam falta de di\\u00e1logo ao secret\\u00e1rio da Mobilidade Urbana\",\"author\":{\"@id\":\"https:\\\/\\\/www.jornalja.com.br\\\/arquivo\\\/author\\\/daredacao\\\/#author\"},\"publisher\":{\"@id\":\"https:\\\/\\\/www.jornalja.com.br\\\/arquivo\\\/#organization\"},\"image\":{\"@type\":\"ImageObject\",\"url\":48846},\"datePublished\":\"2017-05-23T21:25:22-03:00\",\"dateModified\":\"2017-05-23T21:25:22-03:00\",\"inLanguage\":\"pt-BR\",\"mainEntityOfPage\":{\"@id\":\"https:\\\/\\\/www.jornalja.com.br\\\/arquivo\\\/funcionarios-da-carris-reclamam-falta-de-dialogo-ao-secretario-da-mobilidade-urbana\\\/#webpage\"},\"isPartOf\":{\"@id\":\"https:\\\/\\\/www.jornalja.com.br\\\/arquivo\\\/funcionarios-da-carris-reclamam-falta-de-dialogo-ao-secretario-da-mobilidade-urbana\\\/#webpage\"},\"articleSection\":\"Geral\"},{\"@type\":\"BreadcrumbList\",\"@id\":\"https:\\\/\\\/www.jornalja.com.br\\\/arquivo\\\/funcionarios-da-carris-reclamam-falta-de-dialogo-ao-secretario-da-mobilidade-urbana\\\/#breadcrumblist\",\"itemListElement\":[{\"@type\":\"ListItem\",\"@id\":\"https:\\\/\\\/www.jornalja.com.br\\\/arquivo#listItem\",\"position\":1,\"name\":\"Home\",\"item\":\"https:\\\/\\\/www.jornalja.com.br\\\/arquivo\",\"nextItem\":{\"@type\":\"ListItem\",\"@id\":\"https:\\\/\\\/www.jornalja.com.br\\\/arquivo\\\/category\\\/geral\\\/#listItem\",\"name\":\"Geral\"}},{\"@type\":\"ListItem\",\"@id\":\"https:\\\/\\\/www.jornalja.com.br\\\/arquivo\\\/category\\\/geral\\\/#listItem\",\"position\":2,\"name\":\"Geral\",\"item\":\"https:\\\/\\\/www.jornalja.com.br\\\/arquivo\\\/category\\\/geral\\\/\",\"nextItem\":{\"@type\":\"ListItem\",\"@id\":\"https:\\\/\\\/www.jornalja.com.br\\\/arquivo\\\/funcionarios-da-carris-reclamam-falta-de-dialogo-ao-secretario-da-mobilidade-urbana\\\/#listItem\",\"name\":\"Funcion\\u00e1rios da Carris reclamam falta de di\\u00e1logo ao secret\\u00e1rio da Mobilidade Urbana\"},\"previousItem\":{\"@type\":\"ListItem\",\"@id\":\"https:\\\/\\\/www.jornalja.com.br\\\/arquivo#listItem\",\"name\":\"Home\"}},{\"@type\":\"ListItem\",\"@id\":\"https:\\\/\\\/www.jornalja.com.br\\\/arquivo\\\/funcionarios-da-carris-reclamam-falta-de-dialogo-ao-secretario-da-mobilidade-urbana\\\/#listItem\",\"position\":3,\"name\":\"Funcion\\u00e1rios da Carris reclamam falta de di\\u00e1logo ao secret\\u00e1rio da Mobilidade Urbana\",\"previousItem\":{\"@type\":\"ListItem\",\"@id\":\"https:\\\/\\\/www.jornalja.com.br\\\/arquivo\\\/category\\\/geral\\\/#listItem\",\"name\":\"Geral\"}}]},{\"@type\":\"Organization\",\"@id\":\"https:\\\/\\\/www.jornalja.com.br\\\/arquivo\\\/#organization\",\"name\":\"Jornal J\\u00c1\",\"description\":\"Jornal J\\u00c1 | Porto Alegre\",\"url\":\"https:\\\/\\\/www.jornalja.com.br\\\/arquivo\\\/\",\"telephone\":\"+555133307272\",\"logo\":{\"@type\":\"ImageObject\",\"url\":\"https:\\\/\\\/www.jornalja.com.br\\\/wp-content\\\/uploads\\\/cards\\\/JAslogan.png\",\"@id\":\"https:\\\/\\\/www.jornalja.com.br\\\/arquivo\\\/funcionarios-da-carris-reclamam-falta-de-dialogo-ao-secretario-da-mobilidade-urbana\\\/#organizationLogo\"},\"image\":{\"@id\":\"https:\\\/\\\/www.jornalja.com.br\\\/arquivo\\\/funcionarios-da-carris-reclamam-falta-de-dialogo-ao-secretario-da-mobilidade-urbana\\\/#organizationLogo\"}},{\"@type\":\"Person\",\"@id\":\"https:\\\/\\\/www.jornalja.com.br\\\/arquivo\\\/author\\\/daredacao\\\/#author\",\"url\":\"https:\\\/\\\/www.jornalja.com.br\\\/arquivo\\\/author\\\/daredacao\\\/\",\"name\":\"da Reda\\u00e7\\u00e3o\",\"image\":{\"@type\":\"ImageObject\",\"@id\":\"https:\\\/\\\/www.jornalja.com.br\\\/arquivo\\\/funcionarios-da-carris-reclamam-falta-de-dialogo-ao-secretario-da-mobilidade-urbana\\\/#authorImage\",\"url\":\"https:\\\/\\\/secure.gravatar.com\\\/avatar\\\/469fd857d6605ad19919d27ed29d35a968a25f6e8fd9318356bbb7f57aae9c65?s=96&d=mm&r=g\",\"width\":96,\"height\":96,\"caption\":\"da Reda\\u00e7\\u00e3o\"}},{\"@type\":\"WebPage\",\"@id\":\"https:\\\/\\\/www.jornalja.com.br\\\/arquivo\\\/funcionarios-da-carris-reclamam-falta-de-dialogo-ao-secretario-da-mobilidade-urbana\\\/#webpage\",\"url\":\"https:\\\/\\\/www.jornalja.com.br\\\/arquivo\\\/funcionarios-da-carris-reclamam-falta-de-dialogo-ao-secretario-da-mobilidade-urbana\\\/\",\"name\":\"Funcion\\u00e1rios da Carris reclamam falta de di\\u00e1logo ao secret\\u00e1rio da Mobilidade Urbana | Arquivo\",\"inLanguage\":\"pt-BR\",\"isPartOf\":{\"@id\":\"https:\\\/\\\/www.jornalja.com.br\\\/arquivo\\\/#website\"},\"breadcrumb\":{\"@id\":\"https:\\\/\\\/www.jornalja.com.br\\\/arquivo\\\/funcionarios-da-carris-reclamam-falta-de-dialogo-ao-secretario-da-mobilidade-urbana\\\/#breadcrumblist\"},\"author\":{\"@id\":\"https:\\\/\\\/www.jornalja.com.br\\\/arquivo\\\/author\\\/daredacao\\\/#author\"},\"creator\":{\"@id\":\"https:\\\/\\\/www.jornalja.com.br\\\/arquivo\\\/author\\\/daredacao\\\/#author\"},\"image\":{\"@type\":\"ImageObject\",\"url\":48846,\"@id\":\"https:\\\/\\\/www.jornalja.com.br\\\/arquivo\\\/funcionarios-da-carris-reclamam-falta-de-dialogo-ao-secretario-da-mobilidade-urbana\\\/#mainImage\"},\"primaryImageOfPage\":{\"@id\":\"https:\\\/\\\/www.jornalja.com.br\\\/arquivo\\\/funcionarios-da-carris-reclamam-falta-de-dialogo-ao-secretario-da-mobilidade-urbana\\\/#mainImage\"},\"datePublished\":\"2017-05-23T21:25:22-03:00\",\"dateModified\":\"2017-05-23T21:25:22-03:00\"},{\"@type\":\"WebSite\",\"@id\":\"https:\\\/\\\/www.jornalja.com.br\\\/arquivo\\\/#website\",\"url\":\"https:\\\/\\\/www.jornalja.com.br\\\/arquivo\\\/\",\"name\":\"Arquivo\",\"description\":\"Jornal J\\u00c1 | Porto Alegre\",\"inLanguage\":\"pt-BR\",\"publisher\":{\"@id\":\"https:\\\/\\\/www.jornalja.com.br\\\/arquivo\\\/#organization\"}}]}\n\t\t<\/script>\n\t\t<!-- All in One SEO -->\n\n","aioseo_head_json":{"title":"Funcion\u00e1rios da Carris reclamam falta de di\u00e1logo ao secret\u00e1rio da Mobilidade Urbana | Arquivo","description":"","canonical_url":"https:\/\/www.jornalja.com.br\/arquivo\/funcionarios-da-carris-reclamam-falta-de-dialogo-ao-secretario-da-mobilidade-urbana\/","robots":"max-image-preview:large","keywords":"","webmasterTools":{"miscellaneous":""},"schema":{"@context":"https:\/\/schema.org","@graph":[{"@type":"BlogPosting","@id":"https:\/\/www.jornalja.com.br\/arquivo\/funcionarios-da-carris-reclamam-falta-de-dialogo-ao-secretario-da-mobilidade-urbana\/#blogposting","name":"Funcion\u00e1rios da Carris reclamam falta de di\u00e1logo ao secret\u00e1rio da Mobilidade Urbana | Arquivo","headline":"Funcion\u00e1rios da Carris reclamam falta de di\u00e1logo ao secret\u00e1rio da Mobilidade Urbana","author":{"@id":"https:\/\/www.jornalja.com.br\/arquivo\/author\/daredacao\/#author"},"publisher":{"@id":"https:\/\/www.jornalja.com.br\/arquivo\/#organization"},"image":{"@type":"ImageObject","url":48846},"datePublished":"2017-05-23T21:25:22-03:00","dateModified":"2017-05-23T21:25:22-03:00","inLanguage":"pt-BR","mainEntityOfPage":{"@id":"https:\/\/www.jornalja.com.br\/arquivo\/funcionarios-da-carris-reclamam-falta-de-dialogo-ao-secretario-da-mobilidade-urbana\/#webpage"},"isPartOf":{"@id":"https:\/\/www.jornalja.com.br\/arquivo\/funcionarios-da-carris-reclamam-falta-de-dialogo-ao-secretario-da-mobilidade-urbana\/#webpage"},"articleSection":"Geral"},{"@type":"BreadcrumbList","@id":"https:\/\/www.jornalja.com.br\/arquivo\/funcionarios-da-carris-reclamam-falta-de-dialogo-ao-secretario-da-mobilidade-urbana\/#breadcrumblist","itemListElement":[{"@type":"ListItem","@id":"https:\/\/www.jornalja.com.br\/arquivo#listItem","position":1,"name":"Home","item":"https:\/\/www.jornalja.com.br\/arquivo","nextItem":{"@type":"ListItem","@id":"https:\/\/www.jornalja.com.br\/arquivo\/category\/geral\/#listItem","name":"Geral"}},{"@type":"ListItem","@id":"https:\/\/www.jornalja.com.br\/arquivo\/category\/geral\/#listItem","position":2,"name":"Geral","item":"https:\/\/www.jornalja.com.br\/arquivo\/category\/geral\/","nextItem":{"@type":"ListItem","@id":"https:\/\/www.jornalja.com.br\/arquivo\/funcionarios-da-carris-reclamam-falta-de-dialogo-ao-secretario-da-mobilidade-urbana\/#listItem","name":"Funcion\u00e1rios da Carris reclamam falta de di\u00e1logo ao secret\u00e1rio da Mobilidade Urbana"},"previousItem":{"@type":"ListItem","@id":"https:\/\/www.jornalja.com.br\/arquivo#listItem","name":"Home"}},{"@type":"ListItem","@id":"https:\/\/www.jornalja.com.br\/arquivo\/funcionarios-da-carris-reclamam-falta-de-dialogo-ao-secretario-da-mobilidade-urbana\/#listItem","position":3,"name":"Funcion\u00e1rios da Carris reclamam falta de di\u00e1logo ao secret\u00e1rio da Mobilidade Urbana","previousItem":{"@type":"ListItem","@id":"https:\/\/www.jornalja.com.br\/arquivo\/category\/geral\/#listItem","name":"Geral"}}]},{"@type":"Organization","@id":"https:\/\/www.jornalja.com.br\/arquivo\/#organization","name":"Jornal J\u00c1","description":"Jornal J\u00c1 | Porto Alegre","url":"https:\/\/www.jornalja.com.br\/arquivo\/","telephone":"+555133307272","logo":{"@type":"ImageObject","url":"https:\/\/www.jornalja.com.br\/wp-content\/uploads\/cards\/JAslogan.png","@id":"https:\/\/www.jornalja.com.br\/arquivo\/funcionarios-da-carris-reclamam-falta-de-dialogo-ao-secretario-da-mobilidade-urbana\/#organizationLogo"},"image":{"@id":"https:\/\/www.jornalja.com.br\/arquivo\/funcionarios-da-carris-reclamam-falta-de-dialogo-ao-secretario-da-mobilidade-urbana\/#organizationLogo"}},{"@type":"Person","@id":"https:\/\/www.jornalja.com.br\/arquivo\/author\/daredacao\/#author","url":"https:\/\/www.jornalja.com.br\/arquivo\/author\/daredacao\/","name":"da Reda\u00e7\u00e3o","image":{"@type":"ImageObject","@id":"https:\/\/www.jornalja.com.br\/arquivo\/funcionarios-da-carris-reclamam-falta-de-dialogo-ao-secretario-da-mobilidade-urbana\/#authorImage","url":"https:\/\/secure.gravatar.com\/avatar\/469fd857d6605ad19919d27ed29d35a968a25f6e8fd9318356bbb7f57aae9c65?s=96&d=mm&r=g","width":96,"height":96,"caption":"da Reda\u00e7\u00e3o"}},{"@type":"WebPage","@id":"https:\/\/www.jornalja.com.br\/arquivo\/funcionarios-da-carris-reclamam-falta-de-dialogo-ao-secretario-da-mobilidade-urbana\/#webpage","url":"https:\/\/www.jornalja.com.br\/arquivo\/funcionarios-da-carris-reclamam-falta-de-dialogo-ao-secretario-da-mobilidade-urbana\/","name":"Funcion\u00e1rios da Carris reclamam falta de di\u00e1logo ao secret\u00e1rio da Mobilidade Urbana | Arquivo","inLanguage":"pt-BR","isPartOf":{"@id":"https:\/\/www.jornalja.com.br\/arquivo\/#website"},"breadcrumb":{"@id":"https:\/\/www.jornalja.com.br\/arquivo\/funcionarios-da-carris-reclamam-falta-de-dialogo-ao-secretario-da-mobilidade-urbana\/#breadcrumblist"},"author":{"@id":"https:\/\/www.jornalja.com.br\/arquivo\/author\/daredacao\/#author"},"creator":{"@id":"https:\/\/www.jornalja.com.br\/arquivo\/author\/daredacao\/#author"},"image":{"@type":"ImageObject","url":48846,"@id":"https:\/\/www.jornalja.com.br\/arquivo\/funcionarios-da-carris-reclamam-falta-de-dialogo-ao-secretario-da-mobilidade-urbana\/#mainImage"},"primaryImageOfPage":{"@id":"https:\/\/www.jornalja.com.br\/arquivo\/funcionarios-da-carris-reclamam-falta-de-dialogo-ao-secretario-da-mobilidade-urbana\/#mainImage"},"datePublished":"2017-05-23T21:25:22-03:00","dateModified":"2017-05-23T21:25:22-03:00"},{"@type":"WebSite","@id":"https:\/\/www.jornalja.com.br\/arquivo\/#website","url":"https:\/\/www.jornalja.com.br\/arquivo\/","name":"Arquivo","description":"Jornal J\u00c1 | Porto Alegre","inLanguage":"pt-BR","publisher":{"@id":"https:\/\/www.jornalja.com.br\/arquivo\/#organization"}}]},"og:locale":"pt_BR","og:site_name":"Arquivo | Jornal J\u00c1 | Porto Alegre","og:type":"article","og:title":"Funcion\u00e1rios da Carris reclamam falta de di\u00e1logo ao secret\u00e1rio da Mobilidade Urbana | Arquivo","og:url":"https:\/\/www.jornalja.com.br\/arquivo\/funcionarios-da-carris-reclamam-falta-de-dialogo-ao-secretario-da-mobilidade-urbana\/","og:image":"https:\/\/www.jornalja.com.br\/economics\/wp-content\/uploads\/sites\/11\/2026\/08\/ja-folhaderosto-facebook.jpg","og:image:secure_url":"https:\/\/www.jornalja.com.br\/economics\/wp-content\/uploads\/sites\/11\/2026\/08\/ja-folhaderosto-facebook.jpg","article:published_time":"2017-05-24T00:25:22+00:00","article:modified_time":"2017-05-24T00:25:22+00:00","twitter:card":"summary","twitter:title":"Funcion\u00e1rios da Carris reclamam falta de di\u00e1logo ao secret\u00e1rio da Mobilidade Urbana | Arquivo","twitter:image":"https:\/\/www.jornalja.com.br\/economics\/wp-content\/uploads\/sites\/11\/2026\/08\/ja-folhaderosto-facebook.jpg"},"aioseo_meta_data":{"post_id":"48844","title":null,"description":null,"keywords":null,"keyphrases":null,"primary_term":null,"canonical_url":null,"og_title":null,"og_description":null,"og_object_type":"default","og_image_type":"default","og_image_url":null,"og_image_width":null,"og_image_height":null,"og_image_custom_url":null,"og_image_custom_fields":null,"og_video":null,"og_custom_url":null,"og_article_section":null,"og_article_tags":null,"twitter_use_og":false,"twitter_card":"default","twitter_image_type":"default","twitter_image_url":null,"twitter_image_custom_url":null,"twitter_image_custom_fields":null,"twitter_title":null,"twitter_description":null,"schema":{"blockGraphs":[],"customGraphs":[],"default":{"data":{"Article":[],"Course":[],"Dataset":[],"FAQPage":[],"Movie":[],"Person":[],"Product":[],"ProductReview":[],"Car":[],"Recipe":[],"Service":[],"SoftwareApplication":[],"WebPage":[]},"graphName":"","isEnabled":true},"graphs":[],"defaultGraph":"","defaultPostTypeGraph":""},"schema_type":null,"schema_type_options":null,"pillar_content":false,"robots_default":true,"robots_noindex":false,"robots_noarchive":false,"robots_nosnippet":false,"robots_nofollow":false,"robots_noimageindex":false,"robots_noodp":false,"robots_notranslate":false,"robots_max_snippet":null,"robots_max_videopreview":null,"robots_max_imagepreview":"large","priority":null,"frequency":null,"location":null,"local_seo":null,"breadcrumb_settings":null,"limit_modified_date":false,"ai":null,"created":"2020-12-20 20:35:20","updated":"2025-07-19 21:45:28","seo_analyzer_scan_date":null,"focus_keyword":null,"additional_keywords":null,"truseo_locale":null},"jetpack_sharing_enabled":true,"jetpack-related-posts":[{"id":13240,"url":"https:\/\/www.jornalja.com.br\/arquivo\/plano-diretor-estamos-construindo-o-caos\/","url_meta":{"origin":48844,"position":0},"title":"Plano diretor: &quot;Estamos construindo o caos&quot;","author":"Patr\u00edcia Marini","date":"26 de maio de 2014","format":false,"excerpt":"Desabafo que arquiteta Eliana Castilhos, delegada da Regi\u00e3o de Planejamento 1, postou nas redes sociais \u00e9 um testemunho do ambiente que se criou no Conselho do Plano Diretor de Porto Alegre, onde a aprova\u00e7\u00e3o de grandes empreendimentos \u00e9 empurrada guela abaixo dos conselheiros. Ao CMDUA Como delegada da Regi\u00e3o de\u2026","rel":"","context":"Em &quot;Geral&quot;","block_context":{"text":"Geral","link":"https:\/\/www.jornalja.com.br\/arquivo\/category\/geral\/"},"img":{"alt_text":"","src":"","width":0,"height":0},"classes":[]},{"id":13239,"url":"https:\/\/www.jornalja.com.br\/arquivo\/conselho-desdenha-do-plano-diretor\/","url_meta":{"origin":48844,"position":1},"title":"Porto Alegre: Conselho detona Plano Diretor","author":"Patr\u00edcia Marini","date":"25 de maio de 2014","format":false,"excerpt":"Den\u00fancia do arquiteto e \u00a0urbanista Ibir\u00e1 Santos Lucas. Ele diz que os conselheiros est\u00e3o votando com \"enorme irresponsabilidade\". \"Mudam regime com a maior naturalidade,,,regularizam absurdos de constru\u00e7\u00f5es irregulares... \"O CMDUA est\u00e1 flexibilizando a lei do plano diretor, de uma forma impactante na vida da cidade. Mudam regime com a maior\u2026","rel":"","context":"Em &quot;Geral&quot;","block_context":{"text":"Geral","link":"https:\/\/www.jornalja.com.br\/arquivo\/category\/geral\/"},"img":{"alt_text":"","src":"","width":0,"height":0},"classes":[]},{"id":14241,"url":"https:\/\/www.jornalja.com.br\/arquivo\/o-guaiba-nas-imagens-poeticas-de-achutti\/","url_meta":{"origin":48844,"position":2},"title":"O Gua\u00edba nas imagens po\u00e9ticas de Achutti","author":"da Reda\u00e7\u00e3o","date":"18 de junho de 2014","format":false,"excerpt":"Em \u201cO Gua\u00edba por Achutti\u201d \u2013 obra financiada via Minist\u00e9rio da Cultura, produ\u00e7\u00e3o executiva de Pedro Longhi, e Fl\u00e1vio Wild como designer \u2013, o fot\u00f3grafo revela a beleza e as mazelas de um espa\u00e7o aqu\u00e1tico de \u00e1guas sempre renovadas, cheio de hist\u00f3rias e lendas como as das cidades que foram\u2026","rel":"","context":"Em &quot;Cultura-Geral&quot;","block_context":{"text":"Cultura-Geral","link":"https:\/\/www.jornalja.com.br\/arquivo\/category\/materiasecundaria\/"},"img":{"alt_text":"","src":"","width":0,"height":0},"classes":[]},{"id":13124,"url":"https:\/\/www.jornalja.com.br\/arquivo\/sangue-latino-no-iecine\/","url_meta":{"origin":48844,"position":3},"title":"Sangue latino no IECINE","author":"da Reda\u00e7\u00e3o","date":"18 de maio de 2014","format":false,"excerpt":"Francisco Ribeiro O Instituto Estadual de Cinema (IECINE) tem a frente, desde abril \u00faltimo, um novo diretor, o cineasta colombiano Juan Zapata, 36, que substitui Luiz Alberto Cassol. Radicado h\u00e1 dez anos em Porto Alegre, Zapata tem diante de si o desafio de conduzir at\u00e9 o final do ano um\u2026","rel":"","context":"Em &quot;Cultura-Geral&quot;","block_context":{"text":"Cultura-Geral","link":"https:\/\/www.jornalja.com.br\/arquivo\/category\/materiasecundaria\/"},"img":{"alt_text":"","src":"","width":0,"height":0},"classes":[]},{"id":12960,"url":"https:\/\/www.jornalja.com.br\/arquivo\/populacao-culpa-empresas-pela-greve-dos-rodoviarios\/","url_meta":{"origin":48844,"position":4},"title":"Popula\u00e7\u00e3o culpa empresas pela greve","author":"Patr\u00edcia Marini","date":"14 de fevereiro de 2014","format":false,"excerpt":"Pesquisa divulgada na edi\u00e7\u00e3o do jornal Metro desta sexta-feira,14, comprova o velho ditado: \u00e9 poss\u00edvel enganar muitos por algum tempo, mas n\u00e3o \u00e9 poss\u00edvel enganar a todos o tempo inteiro. A principal revela\u00e7\u00e3o foi que 59,8% dos entrevistados apontaram as empresas como as principais respons\u00e1veis pela grave e 46% culparam\u2026","rel":"","context":"Em &quot;X.Categorias velhas&quot;","block_context":{"text":"X.Categorias velhas","link":"https:\/\/www.jornalja.com.br\/arquivo\/category\/x-categorias-velhas\/"},"img":{"alt_text":"","src":"","width":0,"height":0},"classes":[]},{"id":13128,"url":"https:\/\/www.jornalja.com.br\/arquivo\/maconha-terra-diz-que-uso-medicinal-e-desculpa\/","url_meta":{"origin":48844,"position":5},"title":"Maconha: Terra diz que uso medicinal \u00e9 desculpa","author":"Patr\u00edcia Marini","date":"4 de junho de 2014","format":false,"excerpt":"A condi\u00e7\u00e3o de pol\u00edtico, em \u00e9poca de campanha de campanha eleitoral, tira for\u00e7a do discurso do m\u00e9dico Osmar Terra contra a legaliza\u00e7\u00e3o da maconha. A tese dele de que a libera\u00e7\u00e3o vai ampliar exponencialmente o consumo \u00e9 discutivel, o consumo \u00e9 corrente. Mas seus alertas quanto aos riscos tem que\u2026","rel":"","context":"Em &quot;X.Categorias velhas&quot;","block_context":{"text":"X.Categorias velhas","link":"https:\/\/www.jornalja.com.br\/arquivo\/category\/x-categorias-velhas\/"},"img":{"alt_text":"","src":"","width":0,"height":0},"classes":[]}],"jetpack_shortlink":"https:\/\/wp.me\/pbQjBd-cHO","jetpack_featured_media_url":"","_links":{"self":[{"href":"https:\/\/www.jornalja.com.br\/arquivo\/wp-json\/wp\/v2\/posts\/48844","targetHints":{"allow":["GET"]}}],"collection":[{"href":"https:\/\/www.jornalja.com.br\/arquivo\/wp-json\/wp\/v2\/posts"}],"about":[{"href":"https:\/\/www.jornalja.com.br\/arquivo\/wp-json\/wp\/v2\/types\/post"}],"author":[{"embeddable":true,"href":"https:\/\/www.jornalja.com.br\/arquivo\/wp-json\/wp\/v2\/users\/4"}],"replies":[{"embeddable":true,"href":"https:\/\/www.jornalja.com.br\/arquivo\/wp-json\/wp\/v2\/comments?post=48844"}],"version-history":[{"count":0,"href":"https:\/\/www.jornalja.com.br\/arquivo\/wp-json\/wp\/v2\/posts\/48844\/revisions"}],"wp:attachment":[{"href":"https:\/\/www.jornalja.com.br\/arquivo\/wp-json\/wp\/v2\/media?parent=48844"}],"wp:term":[{"taxonomy":"category","embeddable":true,"href":"https:\/\/www.jornalja.com.br\/arquivo\/wp-json\/wp\/v2\/categories?post=48844"},{"taxonomy":"post_tag","embeddable":true,"href":"https:\/\/www.jornalja.com.br\/arquivo\/wp-json\/wp\/v2\/tags?post=48844"}],"curies":[{"name":"wp","href":"https:\/\/api.w.org\/{rel}","templated":true}]}}