{"id":48893,"date":"2017-05-24T15:37:57","date_gmt":"2017-05-24T18:37:57","guid":{"rendered":"https:\/\/www.jornalja.com.br\/?p=48893"},"modified":"2017-05-24T15:37:57","modified_gmt":"2017-05-24T18:37:57","slug":"bombas-e-truculencia-da-policia-marcam-as-manifestacoes-contra-temer-em-brasilia","status":"publish","type":"post","link":"https:\/\/www.jornalja.com.br\/arquivo\/bombas-e-truculencia-da-policia-marcam-as-manifestacoes-contra-temer-em-brasilia\/","title":{"rendered":"Bombas e trucul\u00eancia da pol\u00edcia marcam manifesta\u00e7\u00f5es contra Temer em Bras\u00edlia"},"content":{"rendered":"<p>Centrais sindicais, movimentos sociais, estudantis, sindicatos e diversos outros grupos est\u00e3o em Bras\u00edlia pedindo a sa\u00edda do presidente\u00a0Michel Temer e a realiza\u00e7\u00e3o de elei\u00e7\u00f5es diretas. As reformas da Previd\u00eancia e trabalhista tamb\u00e9m s\u00e3o alvos do protesto.<br \/>\nA marcha Ocupa Bras\u00edlia se concentrou desde cedo no estacionamento do est\u00e1dio Man\u00e9 Garrincha, onde, segundo a Ag\u00eancia Brasil, est\u00e3o os cerca de 3,5 mil \u00f4nibus que trouxeram os manifestantes para a capital.<br \/>\nA confus\u00e3o come\u00e7ou quando os manifestantes come\u00e7aram o deslocamento para a Esplanada dos Minist\u00e9rios. A policia impediu o avan\u00e7o dos manifestantes em dire\u00e7\u00e3o ao Congresso com bombas, g\u00e1s de pimenta e balas de borracha.<br \/>\nA Secretaria de Seguran\u00e7a P\u00fablica do Distrito Federal, estima que s\u00e3o aproximadamente 25 mil pessoas na manifesta\u00e7\u00e3o. A organiza\u00e7\u00e3o fala em mais de cem mil. V\u00eddeos e fotos divulgados pela imprensa durante o dia mostram a trucul\u00eancia por parte da pol\u00edcia. Ainda n\u00e3o se tem informa\u00e7\u00f5es sobre o n\u00famero manifestantes ficaram feridos.<br \/>\n<figure id=\"attachment_48894\" aria-describedby=\"caption-attachment-48894\" style=\"width: 617px\" class=\"wp-caption alignnone\"><img loading=\"lazy\" decoding=\"async\" class=\"wp-image-48894\" src=\"https:\/\/www.jornalja.com.br\/wp-content\/uploads\/2017\/05\/1077711-mcamgo_img_23.05.2017img_8893-300x200.jpg\" alt=\"\" width=\"617\" height=\"419\" \/><figcaption id=\"caption-attachment-48894\" class=\"wp-caption-text\">Protesto era pac\u00edfico at\u00e9 a chegada ao Congresso Foto: Marcelo Camargo\/Ag\u00eancia Brasil<\/figcaption><\/figure><\/p>\n","protected":false},"excerpt":{"rendered":"<p>Centrais sindicais, movimentos sociais, estudantis, sindicatos e diversos outros grupos est\u00e3o em Bras\u00edlia pedindo a sa\u00edda do presidente\u00a0Michel Temer e a realiza\u00e7\u00e3o de elei\u00e7\u00f5es diretas. As reformas da Previd\u00eancia e trabalhista tamb\u00e9m s\u00e3o alvos do protesto. A marcha Ocupa Bras\u00edlia se concentrou desde cedo no estacionamento do est\u00e1dio Man\u00e9 Garrincha, onde, segundo a Ag\u00eancia Brasil, [&hellip;]<\/p>\n","protected":false},"author":4,"featured_media":48897,"comment_status":"open","ping_status":"closed","sticky":false,"template":"","format":"standard","meta":{"_jetpack_newsletter_access":"","_jetpack_dont_email_post_to_subs":false,"_jetpack_newsletter_tier_id":0,"_jetpack_memberships_contains_paywalled_content":false,"_jetpack_feature_clip_id":0,"_jetpack_memberships_contains_paid_content":false,"footnotes":"","jetpack_post_was_ever_published":false},"categories":[26],"tags":[],"class_list":["post-48893","post","type-post","status-publish","format-standard","has-post-thumbnail","hentry","category-geral"],"aioseo_notices":[],"aioseo_head":"\n\t\t<!-- All in One SEO 5.0.1.1 - aioseo.com -->\n\t<meta name=\"robots\" content=\"max-image-preview:large\" \/>\n\t<meta name=\"author\" content=\"da Reda\u00e7\u00e3o\"\/>\n\t<link rel=\"canonical\" href=\"https:\/\/www.jornalja.com.br\/arquivo\/bombas-e-truculencia-da-policia-marcam-as-manifestacoes-contra-temer-em-brasilia\/\" \/>\n\t<meta name=\"generator\" content=\"All in One SEO (AIOSEO) 5.0.1.1\" \/>\n\t\t<meta property=\"og:locale\" content=\"pt_BR\" \/>\n\t\t<meta property=\"og:site_name\" content=\"Arquivo | Jornal J\u00c1 | Porto Alegre\" \/>\n\t\t<meta property=\"og:type\" content=\"article\" \/>\n\t\t<meta property=\"og:title\" content=\"Bombas e trucul\u00eancia da pol\u00edcia marcam manifesta\u00e7\u00f5es contra Temer em Bras\u00edlia | Arquivo\" \/>\n\t\t<meta property=\"og:url\" content=\"https:\/\/www.jornalja.com.br\/arquivo\/bombas-e-truculencia-da-policia-marcam-as-manifestacoes-contra-temer-em-brasilia\/\" \/>\n\t\t<meta property=\"og:image\" content=\"https:\/\/www.jornalja.com.br\/wp-content\/uploads\/2017\/05\/1077711-mcamgo_img_23.05.2017img_8893-300x200.jpg\" \/>\n\t\t<meta property=\"og:image:secure_url\" content=\"https:\/\/www.jornalja.com.br\/wp-content\/uploads\/2017\/05\/1077711-mcamgo_img_23.05.2017img_8893-300x200.jpg\" \/>\n\t\t<meta property=\"article:published_time\" content=\"2017-05-24T18:37:57+00:00\" \/>\n\t\t<meta property=\"article:modified_time\" content=\"2017-05-24T18:37:57+00:00\" \/>\n\t\t<meta name=\"twitter:card\" content=\"summary\" \/>\n\t\t<meta name=\"twitter:title\" content=\"Bombas e trucul\u00eancia da pol\u00edcia marcam manifesta\u00e7\u00f5es contra Temer em Bras\u00edlia | Arquivo\" \/>\n\t\t<meta name=\"twitter:image\" content=\"https:\/\/www.jornalja.com.br\/economics\/wp-content\/uploads\/sites\/11\/2026\/08\/ja-folhaderosto-facebook.jpg\" \/>\n\t\t<script type=\"application\/ld+json\" class=\"aioseo-schema\">\n\t\t\t{\"@context\":\"https:\\\/\\\/schema.org\",\"@graph\":[{\"@type\":\"BlogPosting\",\"@id\":\"https:\\\/\\\/www.jornalja.com.br\\\/arquivo\\\/bombas-e-truculencia-da-policia-marcam-as-manifestacoes-contra-temer-em-brasilia\\\/#blogposting\",\"name\":\"Bombas e trucul\\u00eancia da pol\\u00edcia marcam manifesta\\u00e7\\u00f5es contra Temer em Bras\\u00edlia | Arquivo\",\"headline\":\"Bombas e trucul\\u00eancia da pol\\u00edcia marcam manifesta\\u00e7\\u00f5es contra Temer em Bras\\u00edlia\",\"author\":{\"@id\":\"https:\\\/\\\/www.jornalja.com.br\\\/arquivo\\\/author\\\/daredacao\\\/#author\"},\"publisher\":{\"@id\":\"https:\\\/\\\/www.jornalja.com.br\\\/arquivo\\\/#organization\"},\"image\":{\"@type\":\"ImageObject\",\"url\":48897},\"datePublished\":\"2017-05-24T15:37:57-03:00\",\"dateModified\":\"2017-05-24T15:37:57-03:00\",\"inLanguage\":\"pt-BR\",\"mainEntityOfPage\":{\"@id\":\"https:\\\/\\\/www.jornalja.com.br\\\/arquivo\\\/bombas-e-truculencia-da-policia-marcam-as-manifestacoes-contra-temer-em-brasilia\\\/#webpage\"},\"isPartOf\":{\"@id\":\"https:\\\/\\\/www.jornalja.com.br\\\/arquivo\\\/bombas-e-truculencia-da-policia-marcam-as-manifestacoes-contra-temer-em-brasilia\\\/#webpage\"},\"articleSection\":\"Geral\"},{\"@type\":\"BreadcrumbList\",\"@id\":\"https:\\\/\\\/www.jornalja.com.br\\\/arquivo\\\/bombas-e-truculencia-da-policia-marcam-as-manifestacoes-contra-temer-em-brasilia\\\/#breadcrumblist\",\"itemListElement\":[{\"@type\":\"ListItem\",\"@id\":\"https:\\\/\\\/www.jornalja.com.br\\\/arquivo#listItem\",\"position\":1,\"name\":\"Home\",\"item\":\"https:\\\/\\\/www.jornalja.com.br\\\/arquivo\",\"nextItem\":{\"@type\":\"ListItem\",\"@id\":\"https:\\\/\\\/www.jornalja.com.br\\\/arquivo\\\/category\\\/geral\\\/#listItem\",\"name\":\"Geral\"}},{\"@type\":\"ListItem\",\"@id\":\"https:\\\/\\\/www.jornalja.com.br\\\/arquivo\\\/category\\\/geral\\\/#listItem\",\"position\":2,\"name\":\"Geral\",\"item\":\"https:\\\/\\\/www.jornalja.com.br\\\/arquivo\\\/category\\\/geral\\\/\",\"nextItem\":{\"@type\":\"ListItem\",\"@id\":\"https:\\\/\\\/www.jornalja.com.br\\\/arquivo\\\/bombas-e-truculencia-da-policia-marcam-as-manifestacoes-contra-temer-em-brasilia\\\/#listItem\",\"name\":\"Bombas e trucul\\u00eancia da pol\\u00edcia marcam manifesta\\u00e7\\u00f5es contra Temer em Bras\\u00edlia\"},\"previousItem\":{\"@type\":\"ListItem\",\"@id\":\"https:\\\/\\\/www.jornalja.com.br\\\/arquivo#listItem\",\"name\":\"Home\"}},{\"@type\":\"ListItem\",\"@id\":\"https:\\\/\\\/www.jornalja.com.br\\\/arquivo\\\/bombas-e-truculencia-da-policia-marcam-as-manifestacoes-contra-temer-em-brasilia\\\/#listItem\",\"position\":3,\"name\":\"Bombas e trucul\\u00eancia da pol\\u00edcia marcam manifesta\\u00e7\\u00f5es contra Temer em Bras\\u00edlia\",\"previousItem\":{\"@type\":\"ListItem\",\"@id\":\"https:\\\/\\\/www.jornalja.com.br\\\/arquivo\\\/category\\\/geral\\\/#listItem\",\"name\":\"Geral\"}}]},{\"@type\":\"Organization\",\"@id\":\"https:\\\/\\\/www.jornalja.com.br\\\/arquivo\\\/#organization\",\"name\":\"Jornal J\\u00c1\",\"description\":\"Jornal J\\u00c1 | Porto Alegre\",\"url\":\"https:\\\/\\\/www.jornalja.com.br\\\/arquivo\\\/\",\"telephone\":\"+555133307272\",\"logo\":{\"@type\":\"ImageObject\",\"url\":\"https:\\\/\\\/www.jornalja.com.br\\\/wp-content\\\/uploads\\\/cards\\\/JAslogan.png\",\"@id\":\"https:\\\/\\\/www.jornalja.com.br\\\/arquivo\\\/bombas-e-truculencia-da-policia-marcam-as-manifestacoes-contra-temer-em-brasilia\\\/#organizationLogo\"},\"image\":{\"@id\":\"https:\\\/\\\/www.jornalja.com.br\\\/arquivo\\\/bombas-e-truculencia-da-policia-marcam-as-manifestacoes-contra-temer-em-brasilia\\\/#organizationLogo\"}},{\"@type\":\"Person\",\"@id\":\"https:\\\/\\\/www.jornalja.com.br\\\/arquivo\\\/author\\\/daredacao\\\/#author\",\"url\":\"https:\\\/\\\/www.jornalja.com.br\\\/arquivo\\\/author\\\/daredacao\\\/\",\"name\":\"da Reda\\u00e7\\u00e3o\",\"image\":{\"@type\":\"ImageObject\",\"@id\":\"https:\\\/\\\/www.jornalja.com.br\\\/arquivo\\\/bombas-e-truculencia-da-policia-marcam-as-manifestacoes-contra-temer-em-brasilia\\\/#authorImage\",\"url\":\"https:\\\/\\\/secure.gravatar.com\\\/avatar\\\/469fd857d6605ad19919d27ed29d35a968a25f6e8fd9318356bbb7f57aae9c65?s=96&d=mm&r=g\",\"width\":96,\"height\":96,\"caption\":\"da Reda\\u00e7\\u00e3o\"}},{\"@type\":\"WebPage\",\"@id\":\"https:\\\/\\\/www.jornalja.com.br\\\/arquivo\\\/bombas-e-truculencia-da-policia-marcam-as-manifestacoes-contra-temer-em-brasilia\\\/#webpage\",\"url\":\"https:\\\/\\\/www.jornalja.com.br\\\/arquivo\\\/bombas-e-truculencia-da-policia-marcam-as-manifestacoes-contra-temer-em-brasilia\\\/\",\"name\":\"Bombas e trucul\\u00eancia da pol\\u00edcia marcam manifesta\\u00e7\\u00f5es contra Temer em Bras\\u00edlia | Arquivo\",\"inLanguage\":\"pt-BR\",\"isPartOf\":{\"@id\":\"https:\\\/\\\/www.jornalja.com.br\\\/arquivo\\\/#website\"},\"breadcrumb\":{\"@id\":\"https:\\\/\\\/www.jornalja.com.br\\\/arquivo\\\/bombas-e-truculencia-da-policia-marcam-as-manifestacoes-contra-temer-em-brasilia\\\/#breadcrumblist\"},\"author\":{\"@id\":\"https:\\\/\\\/www.jornalja.com.br\\\/arquivo\\\/author\\\/daredacao\\\/#author\"},\"creator\":{\"@id\":\"https:\\\/\\\/www.jornalja.com.br\\\/arquivo\\\/author\\\/daredacao\\\/#author\"},\"image\":{\"@type\":\"ImageObject\",\"url\":48897,\"@id\":\"https:\\\/\\\/www.jornalja.com.br\\\/arquivo\\\/bombas-e-truculencia-da-policia-marcam-as-manifestacoes-contra-temer-em-brasilia\\\/#mainImage\"},\"primaryImageOfPage\":{\"@id\":\"https:\\\/\\\/www.jornalja.com.br\\\/arquivo\\\/bombas-e-truculencia-da-policia-marcam-as-manifestacoes-contra-temer-em-brasilia\\\/#mainImage\"},\"datePublished\":\"2017-05-24T15:37:57-03:00\",\"dateModified\":\"2017-05-24T15:37:57-03:00\"},{\"@type\":\"WebSite\",\"@id\":\"https:\\\/\\\/www.jornalja.com.br\\\/arquivo\\\/#website\",\"url\":\"https:\\\/\\\/www.jornalja.com.br\\\/arquivo\\\/\",\"name\":\"Arquivo\",\"description\":\"Jornal J\\u00c1 | Porto Alegre\",\"inLanguage\":\"pt-BR\",\"publisher\":{\"@id\":\"https:\\\/\\\/www.jornalja.com.br\\\/arquivo\\\/#organization\"}}]}\n\t\t<\/script>\n\t\t<!-- All in One SEO -->\n\n","aioseo_head_json":{"title":"Bombas e trucul\u00eancia da pol\u00edcia marcam manifesta\u00e7\u00f5es contra Temer em Bras\u00edlia | Arquivo","description":"","canonical_url":"https:\/\/www.jornalja.com.br\/arquivo\/bombas-e-truculencia-da-policia-marcam-as-manifestacoes-contra-temer-em-brasilia\/","robots":"max-image-preview:large","keywords":"","webmasterTools":{"miscellaneous":""},"schema":{"@context":"https:\/\/schema.org","@graph":[{"@type":"BlogPosting","@id":"https:\/\/www.jornalja.com.br\/arquivo\/bombas-e-truculencia-da-policia-marcam-as-manifestacoes-contra-temer-em-brasilia\/#blogposting","name":"Bombas e trucul\u00eancia da pol\u00edcia marcam manifesta\u00e7\u00f5es contra Temer em Bras\u00edlia | Arquivo","headline":"Bombas e trucul\u00eancia da pol\u00edcia marcam manifesta\u00e7\u00f5es contra Temer em Bras\u00edlia","author":{"@id":"https:\/\/www.jornalja.com.br\/arquivo\/author\/daredacao\/#author"},"publisher":{"@id":"https:\/\/www.jornalja.com.br\/arquivo\/#organization"},"image":{"@type":"ImageObject","url":48897},"datePublished":"2017-05-24T15:37:57-03:00","dateModified":"2017-05-24T15:37:57-03:00","inLanguage":"pt-BR","mainEntityOfPage":{"@id":"https:\/\/www.jornalja.com.br\/arquivo\/bombas-e-truculencia-da-policia-marcam-as-manifestacoes-contra-temer-em-brasilia\/#webpage"},"isPartOf":{"@id":"https:\/\/www.jornalja.com.br\/arquivo\/bombas-e-truculencia-da-policia-marcam-as-manifestacoes-contra-temer-em-brasilia\/#webpage"},"articleSection":"Geral"},{"@type":"BreadcrumbList","@id":"https:\/\/www.jornalja.com.br\/arquivo\/bombas-e-truculencia-da-policia-marcam-as-manifestacoes-contra-temer-em-brasilia\/#breadcrumblist","itemListElement":[{"@type":"ListItem","@id":"https:\/\/www.jornalja.com.br\/arquivo#listItem","position":1,"name":"Home","item":"https:\/\/www.jornalja.com.br\/arquivo","nextItem":{"@type":"ListItem","@id":"https:\/\/www.jornalja.com.br\/arquivo\/category\/geral\/#listItem","name":"Geral"}},{"@type":"ListItem","@id":"https:\/\/www.jornalja.com.br\/arquivo\/category\/geral\/#listItem","position":2,"name":"Geral","item":"https:\/\/www.jornalja.com.br\/arquivo\/category\/geral\/","nextItem":{"@type":"ListItem","@id":"https:\/\/www.jornalja.com.br\/arquivo\/bombas-e-truculencia-da-policia-marcam-as-manifestacoes-contra-temer-em-brasilia\/#listItem","name":"Bombas e trucul\u00eancia da pol\u00edcia marcam manifesta\u00e7\u00f5es contra Temer em Bras\u00edlia"},"previousItem":{"@type":"ListItem","@id":"https:\/\/www.jornalja.com.br\/arquivo#listItem","name":"Home"}},{"@type":"ListItem","@id":"https:\/\/www.jornalja.com.br\/arquivo\/bombas-e-truculencia-da-policia-marcam-as-manifestacoes-contra-temer-em-brasilia\/#listItem","position":3,"name":"Bombas e trucul\u00eancia da pol\u00edcia marcam manifesta\u00e7\u00f5es contra Temer em Bras\u00edlia","previousItem":{"@type":"ListItem","@id":"https:\/\/www.jornalja.com.br\/arquivo\/category\/geral\/#listItem","name":"Geral"}}]},{"@type":"Organization","@id":"https:\/\/www.jornalja.com.br\/arquivo\/#organization","name":"Jornal J\u00c1","description":"Jornal J\u00c1 | Porto Alegre","url":"https:\/\/www.jornalja.com.br\/arquivo\/","telephone":"+555133307272","logo":{"@type":"ImageObject","url":"https:\/\/www.jornalja.com.br\/wp-content\/uploads\/cards\/JAslogan.png","@id":"https:\/\/www.jornalja.com.br\/arquivo\/bombas-e-truculencia-da-policia-marcam-as-manifestacoes-contra-temer-em-brasilia\/#organizationLogo"},"image":{"@id":"https:\/\/www.jornalja.com.br\/arquivo\/bombas-e-truculencia-da-policia-marcam-as-manifestacoes-contra-temer-em-brasilia\/#organizationLogo"}},{"@type":"Person","@id":"https:\/\/www.jornalja.com.br\/arquivo\/author\/daredacao\/#author","url":"https:\/\/www.jornalja.com.br\/arquivo\/author\/daredacao\/","name":"da Reda\u00e7\u00e3o","image":{"@type":"ImageObject","@id":"https:\/\/www.jornalja.com.br\/arquivo\/bombas-e-truculencia-da-policia-marcam-as-manifestacoes-contra-temer-em-brasilia\/#authorImage","url":"https:\/\/secure.gravatar.com\/avatar\/469fd857d6605ad19919d27ed29d35a968a25f6e8fd9318356bbb7f57aae9c65?s=96&d=mm&r=g","width":96,"height":96,"caption":"da Reda\u00e7\u00e3o"}},{"@type":"WebPage","@id":"https:\/\/www.jornalja.com.br\/arquivo\/bombas-e-truculencia-da-policia-marcam-as-manifestacoes-contra-temer-em-brasilia\/#webpage","url":"https:\/\/www.jornalja.com.br\/arquivo\/bombas-e-truculencia-da-policia-marcam-as-manifestacoes-contra-temer-em-brasilia\/","name":"Bombas e trucul\u00eancia da pol\u00edcia marcam manifesta\u00e7\u00f5es contra Temer em Bras\u00edlia | Arquivo","inLanguage":"pt-BR","isPartOf":{"@id":"https:\/\/www.jornalja.com.br\/arquivo\/#website"},"breadcrumb":{"@id":"https:\/\/www.jornalja.com.br\/arquivo\/bombas-e-truculencia-da-policia-marcam-as-manifestacoes-contra-temer-em-brasilia\/#breadcrumblist"},"author":{"@id":"https:\/\/www.jornalja.com.br\/arquivo\/author\/daredacao\/#author"},"creator":{"@id":"https:\/\/www.jornalja.com.br\/arquivo\/author\/daredacao\/#author"},"image":{"@type":"ImageObject","url":48897,"@id":"https:\/\/www.jornalja.com.br\/arquivo\/bombas-e-truculencia-da-policia-marcam-as-manifestacoes-contra-temer-em-brasilia\/#mainImage"},"primaryImageOfPage":{"@id":"https:\/\/www.jornalja.com.br\/arquivo\/bombas-e-truculencia-da-policia-marcam-as-manifestacoes-contra-temer-em-brasilia\/#mainImage"},"datePublished":"2017-05-24T15:37:57-03:00","dateModified":"2017-05-24T15:37:57-03:00"},{"@type":"WebSite","@id":"https:\/\/www.jornalja.com.br\/arquivo\/#website","url":"https:\/\/www.jornalja.com.br\/arquivo\/","name":"Arquivo","description":"Jornal J\u00c1 | Porto Alegre","inLanguage":"pt-BR","publisher":{"@id":"https:\/\/www.jornalja.com.br\/arquivo\/#organization"}}]},"og:locale":"pt_BR","og:site_name":"Arquivo | Jornal J\u00c1 | Porto Alegre","og:type":"article","og:title":"Bombas e trucul\u00eancia da pol\u00edcia marcam manifesta\u00e7\u00f5es contra Temer em Bras\u00edlia | Arquivo","og:url":"https:\/\/www.jornalja.com.br\/arquivo\/bombas-e-truculencia-da-policia-marcam-as-manifestacoes-contra-temer-em-brasilia\/","og:image":"https:\/\/www.jornalja.com.br\/wp-content\/uploads\/2017\/05\/1077711-mcamgo_img_23.05.2017img_8893-300x200.jpg","og:image:secure_url":"https:\/\/www.jornalja.com.br\/wp-content\/uploads\/2017\/05\/1077711-mcamgo_img_23.05.2017img_8893-300x200.jpg","article:published_time":"2017-05-24T18:37:57+00:00","article:modified_time":"2017-05-24T18:37:57+00:00","twitter:card":"summary","twitter:title":"Bombas e trucul\u00eancia da pol\u00edcia marcam manifesta\u00e7\u00f5es contra Temer em Bras\u00edlia | Arquivo","twitter:image":"https:\/\/www.jornalja.com.br\/economics\/wp-content\/uploads\/sites\/11\/2026\/08\/ja-folhaderosto-facebook.jpg"},"aioseo_meta_data":{"post_id":"48893","title":null,"description":null,"keywords":null,"keyphrases":null,"primary_term":null,"canonical_url":null,"og_title":null,"og_description":null,"og_object_type":"default","og_image_type":"default","og_image_url":null,"og_image_width":null,"og_image_height":null,"og_image_custom_url":null,"og_image_custom_fields":null,"og_video":null,"og_custom_url":null,"og_article_section":null,"og_article_tags":null,"twitter_use_og":false,"twitter_card":"default","twitter_image_type":"default","twitter_image_url":null,"twitter_image_custom_url":null,"twitter_image_custom_fields":null,"twitter_title":null,"twitter_description":null,"schema":{"blockGraphs":[],"customGraphs":[],"default":{"data":{"Article":[],"Course":[],"Dataset":[],"FAQPage":[],"Movie":[],"Person":[],"Product":[],"ProductReview":[],"Car":[],"Recipe":[],"Service":[],"SoftwareApplication":[],"WebPage":[]},"graphName":"","isEnabled":true},"graphs":[],"defaultGraph":"","defaultPostTypeGraph":""},"schema_type":null,"schema_type_options":null,"pillar_content":false,"robots_default":true,"robots_noindex":false,"robots_noarchive":false,"robots_nosnippet":false,"robots_nofollow":false,"robots_noimageindex":false,"robots_noodp":false,"robots_notranslate":false,"robots_max_snippet":null,"robots_max_videopreview":null,"robots_max_imagepreview":"large","priority":null,"frequency":null,"location":null,"local_seo":null,"breadcrumb_settings":null,"limit_modified_date":false,"ai":null,"created":"2020-12-20 20:35:20","updated":"2025-07-19 21:46:39","seo_analyzer_scan_date":null,"focus_keyword":null,"additional_keywords":null,"truseo_locale":null},"jetpack_sharing_enabled":true,"jetpack-related-posts":[{"id":13109,"url":"https:\/\/www.jornalja.com.br\/arquivo\/judiciario-reconhece-poluicao-eletromagnetica\/","url_meta":{"origin":48893,"position":0},"title":"Judici\u00e1rio reconhece polui\u00e7\u00e3o eletromagn\u00e9tica","author":"Patr\u00edcia Marini","date":"16 de maio de 2014","format":false,"excerpt":"A\u00e7\u00e3o de duas associa\u00e7\u00f5es de moradores foi acolhida pelo Tribunal de Justi\u00e7a de S\u00e3o Paulo que. em decis\u00e3o in\u00e9dita, determinou a redu\u00e7\u00e3o do campo eletromagn\u00e9tico gerado pelas linhas de transmiss\u00e3o de energia que cortam os bairros City Boa\u00e7ava e Alto de Pinheiros. \u00c9 a primeira vez que um tribunal do\u2026","rel":"","context":"Em &quot;X.Categorias velhas&quot;","block_context":{"text":"X.Categorias velhas","link":"https:\/\/www.jornalja.com.br\/arquivo\/category\/x-categorias-velhas\/"},"img":{"alt_text":"","src":"","width":0,"height":0},"classes":[]},{"id":13124,"url":"https:\/\/www.jornalja.com.br\/arquivo\/sangue-latino-no-iecine\/","url_meta":{"origin":48893,"position":1},"title":"Sangue latino no IECINE","author":"da Reda\u00e7\u00e3o","date":"18 de maio de 2014","format":false,"excerpt":"Francisco Ribeiro O Instituto Estadual de Cinema (IECINE) tem a frente, desde abril \u00faltimo, um novo diretor, o cineasta colombiano Juan Zapata, 36, que substitui Luiz Alberto Cassol. Radicado h\u00e1 dez anos em Porto Alegre, Zapata tem diante de si o desafio de conduzir at\u00e9 o final do ano um\u2026","rel":"","context":"Em &quot;Cultura-Geral&quot;","block_context":{"text":"Cultura-Geral","link":"https:\/\/www.jornalja.com.br\/arquivo\/category\/materiasecundaria\/"},"img":{"alt_text":"","src":"","width":0,"height":0},"classes":[]},{"id":13239,"url":"https:\/\/www.jornalja.com.br\/arquivo\/conselho-desdenha-do-plano-diretor\/","url_meta":{"origin":48893,"position":2},"title":"Porto Alegre: Conselho detona Plano Diretor","author":"Patr\u00edcia Marini","date":"25 de maio de 2014","format":false,"excerpt":"Den\u00fancia do arquiteto e \u00a0urbanista Ibir\u00e1 Santos Lucas. Ele diz que os conselheiros est\u00e3o votando com \"enorme irresponsabilidade\". \"Mudam regime com a maior naturalidade,,,regularizam absurdos de constru\u00e7\u00f5es irregulares... \"O CMDUA est\u00e1 flexibilizando a lei do plano diretor, de uma forma impactante na vida da cidade. Mudam regime com a maior\u2026","rel":"","context":"Em &quot;Geral&quot;","block_context":{"text":"Geral","link":"https:\/\/www.jornalja.com.br\/arquivo\/category\/geral\/"},"img":{"alt_text":"","src":"","width":0,"height":0},"classes":[]},{"id":13240,"url":"https:\/\/www.jornalja.com.br\/arquivo\/plano-diretor-estamos-construindo-o-caos\/","url_meta":{"origin":48893,"position":3},"title":"Plano diretor: &quot;Estamos construindo o caos&quot;","author":"Patr\u00edcia Marini","date":"26 de maio de 2014","format":false,"excerpt":"Desabafo que arquiteta Eliana Castilhos, delegada da Regi\u00e3o de Planejamento 1, postou nas redes sociais \u00e9 um testemunho do ambiente que se criou no Conselho do Plano Diretor de Porto Alegre, onde a aprova\u00e7\u00e3o de grandes empreendimentos \u00e9 empurrada guela abaixo dos conselheiros. Ao CMDUA Como delegada da Regi\u00e3o de\u2026","rel":"","context":"Em &quot;Geral&quot;","block_context":{"text":"Geral","link":"https:\/\/www.jornalja.com.br\/arquivo\/category\/geral\/"},"img":{"alt_text":"","src":"","width":0,"height":0},"classes":[]},{"id":12960,"url":"https:\/\/www.jornalja.com.br\/arquivo\/populacao-culpa-empresas-pela-greve-dos-rodoviarios\/","url_meta":{"origin":48893,"position":4},"title":"Popula\u00e7\u00e3o culpa empresas pela greve","author":"Patr\u00edcia Marini","date":"14 de fevereiro de 2014","format":false,"excerpt":"Pesquisa divulgada na edi\u00e7\u00e3o do jornal Metro desta sexta-feira,14, comprova o velho ditado: \u00e9 poss\u00edvel enganar muitos por algum tempo, mas n\u00e3o \u00e9 poss\u00edvel enganar a todos o tempo inteiro. A principal revela\u00e7\u00e3o foi que 59,8% dos entrevistados apontaram as empresas como as principais respons\u00e1veis pela grave e 46% culparam\u2026","rel":"","context":"Em &quot;X.Categorias velhas&quot;","block_context":{"text":"X.Categorias velhas","link":"https:\/\/www.jornalja.com.br\/arquivo\/category\/x-categorias-velhas\/"},"img":{"alt_text":"","src":"","width":0,"height":0},"classes":[]},{"id":13101,"url":"https:\/\/www.jornalja.com.br\/arquivo\/morre-um-guerreiro-do-texto\/","url_meta":{"origin":48893,"position":5},"title":"Morre um guerreiro do texto","author":"Patr\u00edcia Marini","date":"14 de maio de 2014","format":false,"excerpt":"Por Ricardo Kotscho Reproduzido do blog do autor, 11\/5\/2014; t\u00edtulo original \u201cE l\u00e1 se foi o nosso Myltainho, guerreiro do texto\u201d. Mi\u00fado e franzino, meu amigo Myltainho era um valente e inconformado guerreiro na luta contra as injusti\u00e7as sociais, a hipocrisia, as maracutaias, o autoritarismo, a intoler\u00e2ncia, a viol\u00eancia, o\u2026","rel":"","context":"Em &quot;Geral&quot;","block_context":{"text":"Geral","link":"https:\/\/www.jornalja.com.br\/arquivo\/category\/geral\/"},"img":{"alt_text":"","src":"","width":0,"height":0},"classes":[]}],"jetpack_shortlink":"https:\/\/wp.me\/pbQjBd-cIB","jetpack_featured_media_url":"","_links":{"self":[{"href":"https:\/\/www.jornalja.com.br\/arquivo\/wp-json\/wp\/v2\/posts\/48893","targetHints":{"allow":["GET"]}}],"collection":[{"href":"https:\/\/www.jornalja.com.br\/arquivo\/wp-json\/wp\/v2\/posts"}],"about":[{"href":"https:\/\/www.jornalja.com.br\/arquivo\/wp-json\/wp\/v2\/types\/post"}],"author":[{"embeddable":true,"href":"https:\/\/www.jornalja.com.br\/arquivo\/wp-json\/wp\/v2\/users\/4"}],"replies":[{"embeddable":true,"href":"https:\/\/www.jornalja.com.br\/arquivo\/wp-json\/wp\/v2\/comments?post=48893"}],"version-history":[{"count":0,"href":"https:\/\/www.jornalja.com.br\/arquivo\/wp-json\/wp\/v2\/posts\/48893\/revisions"}],"wp:attachment":[{"href":"https:\/\/www.jornalja.com.br\/arquivo\/wp-json\/wp\/v2\/media?parent=48893"}],"wp:term":[{"taxonomy":"category","embeddable":true,"href":"https:\/\/www.jornalja.com.br\/arquivo\/wp-json\/wp\/v2\/categories?post=48893"},{"taxonomy":"post_tag","embeddable":true,"href":"https:\/\/www.jornalja.com.br\/arquivo\/wp-json\/wp\/v2\/tags?post=48893"}],"curies":[{"name":"wp","href":"https:\/\/api.w.org\/{rel}","templated":true}]}}