{"id":48909,"date":"2017-05-24T18:46:08","date_gmt":"2017-05-24T21:46:08","guid":{"rendered":"https:\/\/www.jornalja.com.br\/?p=48909"},"modified":"2017-05-24T18:46:08","modified_gmt":"2017-05-24T21:46:08","slug":"aos-144-dias-de-governo-marchezan-anuncia-secretario-do-meio-ambiente","status":"publish","type":"post","link":"https:\/\/www.jornalja.com.br\/arquivo\/aos-144-dias-de-governo-marchezan-anuncia-secretario-do-meio-ambiente\/","title":{"rendered":"Aos 144 dias de governo, Marchezan anuncia secret\u00e1rio do Meio Ambiente"},"content":{"rendered":"<div>Foi anunciado na tarde desta quarta-feira, 24, o\u00a0novo secret\u00e1rio de Meio Ambiente e Sustentabilidade de Porto Alegre, o advogado Maur\u00edcio Fernandes.<\/div>\n<div><\/div>\n<div>Ele assumiu prometendo\u00a0\u201ctrabalhar com total transpar\u00eancia e respeito nos licenciamentos ambientais&#8221;.<\/div>\n<div><\/div>\n<div>&#8220;Queremos, ainda, avan\u00e7ar na pol\u00edtica municipal de res\u00edduos s\u00f3lidos e qualificar os espa\u00e7os p\u00fablicos, como a Orla do Gua\u00edba, para devolv\u00ea-los aos cidad\u00e3os em condi\u00e7\u00f5es de pleno aproveitamento\u201d, acrescentou.<\/div>\n<div><\/div>\n<div>\u201cO prefeito Nelson Marchezan J\u00fanior refor\u00e7ou a import\u00e2ncia da Secretaria ao incluir o urbanismo como compet\u00eancia da pasta e a quest\u00e3o dos animais\u201d, interpretou. Fernandes disse que vai come\u00e7ar por reestruturar a Secretaria, para atender as novas compet\u00eancias que recebeu ap\u00f3s a reforma administrativa.<\/div>\n<div><\/div>\n<div>Maur\u00edcio Fernandes \u00e9 mestre em Direito pela Unisinos, especialista em Direito Ambiental pela UFPel, professor de Direito Ambiental, Municipal, Agr\u00e1rio e Urban\u00edstico, membro da Comiss\u00e3o de Direito Ambiental da OAB\/RS, ex-servidor da Secretaria Municipal do Meio Ambiente de Porto Alegre e do Minist\u00e9rio P\u00fablico. Fernandes tem mais de 15 anos de experi\u00eancia na \u00e1rea do direito ambiental e de urbanismo e representa a OAB\/RS no Conselho Municipal de Desenvolvimento Urbano e Ambiental.<\/div>\n<div><\/div>\n<div>O secret\u00e1rio-adjunto tamb\u00e9m foi anunciado: \u00e9 o servidor Jos\u00e9 Luiz Fernandes Cogo, que atualmente \u00e9 adjunto da Smurb. Funcion\u00e1rio de carreira da Prefeitura, na Secretaria Municipal de Urbanismo, Cogo \u00e9 engenheiro civil, p\u00f3s-graduado em Engenharia Econ\u00f4mica e Edifica\u00e7\u00f5es, professor das faculdades de Engenharia, Arquitetura e Urbanismo e Geografia. Participou da elabora\u00e7\u00e3o do\u00a0Plano Diretor de 1999 e de 2010. \u00c9 presidente do Conselho Municipal de Desenvolvimento Urbano e Ambiental.<\/div>\n<p>&nbsp;<\/p>\n<div>\n<figure id=\"attachment_48914\" aria-describedby=\"caption-attachment-48914\" style=\"width: 300px\" class=\"wp-caption alignnone\"><img loading=\"lazy\" decoding=\"async\" class=\"wp-image-48914 size-medium\" src=\"https:\/\/www.jornalja.com.br\/wp-content\/uploads\/2017\/05\/imagem170552-300x200.jpg\" alt=\"\" width=\"300\" height=\"200\" \/><figcaption id=\"caption-attachment-48914\" class=\"wp-caption-text\">O novo secret\u00e1rio do Ambiente e Sustentabilidade com o adjunto Jos\u00e9 Luiz Fernandes ao lado do vice Gustavo Paim(C) Foto: Joel Vargas\/PMPA<\/figcaption><\/figure>\n<\/div>\n","protected":false},"excerpt":{"rendered":"<p>Foi anunciado na tarde desta quarta-feira, 24, o\u00a0novo secret\u00e1rio de Meio Ambiente e Sustentabilidade de Porto Alegre, o advogado Maur\u00edcio Fernandes. Ele assumiu prometendo\u00a0\u201ctrabalhar com total transpar\u00eancia e respeito nos licenciamentos ambientais&#8221;. &#8220;Queremos, ainda, avan\u00e7ar na pol\u00edtica municipal de res\u00edduos s\u00f3lidos e qualificar os espa\u00e7os p\u00fablicos, como a Orla do Gua\u00edba, para devolv\u00ea-los aos cidad\u00e3os [&hellip;]<\/p>\n","protected":false},"author":4,"featured_media":48916,"comment_status":"open","ping_status":"closed","sticky":false,"template":"","format":"standard","meta":{"_jetpack_newsletter_access":"","_jetpack_dont_email_post_to_subs":false,"_jetpack_newsletter_tier_id":0,"_jetpack_memberships_contains_paywalled_content":false,"_jetpack_feature_clip_id":0,"_jetpack_memberships_contains_paid_content":false,"footnotes":"","jetpack_post_was_ever_published":false},"categories":[26],"tags":[],"class_list":["post-48909","post","type-post","status-publish","format-standard","has-post-thumbnail","hentry","category-geral"],"aioseo_notices":[],"aioseo_head":"\n\t\t<!-- All in One SEO 5.0.1.1 - aioseo.com -->\n\t<meta name=\"robots\" content=\"max-image-preview:large\" \/>\n\t<meta name=\"author\" content=\"da Reda\u00e7\u00e3o\"\/>\n\t<link rel=\"canonical\" href=\"https:\/\/www.jornalja.com.br\/arquivo\/aos-144-dias-de-governo-marchezan-anuncia-secretario-do-meio-ambiente\/\" \/>\n\t<meta name=\"generator\" content=\"All in One SEO (AIOSEO) 5.0.1.1\" \/>\n\t\t<meta property=\"og:locale\" content=\"pt_BR\" \/>\n\t\t<meta property=\"og:site_name\" content=\"Arquivo | Jornal J\u00c1 | Porto Alegre\" \/>\n\t\t<meta property=\"og:type\" content=\"article\" \/>\n\t\t<meta property=\"og:title\" content=\"Aos 144 dias de governo, Marchezan anuncia secret\u00e1rio do Meio Ambiente | Arquivo\" \/>\n\t\t<meta property=\"og:url\" content=\"https:\/\/www.jornalja.com.br\/arquivo\/aos-144-dias-de-governo-marchezan-anuncia-secretario-do-meio-ambiente\/\" \/>\n\t\t<meta property=\"og:image\" content=\"https:\/\/www.jornalja.com.br\/wp-content\/uploads\/2017\/05\/imagem170552-300x200.jpg\" \/>\n\t\t<meta property=\"og:image:secure_url\" content=\"https:\/\/www.jornalja.com.br\/wp-content\/uploads\/2017\/05\/imagem170552-300x200.jpg\" \/>\n\t\t<meta property=\"article:published_time\" content=\"2017-05-24T21:46:08+00:00\" \/>\n\t\t<meta property=\"article:modified_time\" content=\"2017-05-24T21:46:08+00:00\" \/>\n\t\t<meta name=\"twitter:card\" content=\"summary\" \/>\n\t\t<meta name=\"twitter:title\" content=\"Aos 144 dias de governo, Marchezan anuncia secret\u00e1rio do Meio Ambiente | Arquivo\" \/>\n\t\t<meta name=\"twitter:image\" content=\"https:\/\/www.jornalja.com.br\/economics\/wp-content\/uploads\/sites\/11\/2026\/08\/ja-folhaderosto-facebook.jpg\" \/>\n\t\t<script type=\"application\/ld+json\" class=\"aioseo-schema\">\n\t\t\t{\"@context\":\"https:\\\/\\\/schema.org\",\"@graph\":[{\"@type\":\"BlogPosting\",\"@id\":\"https:\\\/\\\/www.jornalja.com.br\\\/arquivo\\\/aos-144-dias-de-governo-marchezan-anuncia-secretario-do-meio-ambiente\\\/#blogposting\",\"name\":\"Aos 144 dias de governo, Marchezan anuncia secret\\u00e1rio do Meio Ambiente | Arquivo\",\"headline\":\"Aos 144 dias de governo, Marchezan anuncia secret\\u00e1rio do Meio Ambiente\",\"author\":{\"@id\":\"https:\\\/\\\/www.jornalja.com.br\\\/arquivo\\\/author\\\/daredacao\\\/#author\"},\"publisher\":{\"@id\":\"https:\\\/\\\/www.jornalja.com.br\\\/arquivo\\\/#organization\"},\"image\":{\"@type\":\"ImageObject\",\"url\":48916},\"datePublished\":\"2017-05-24T18:46:08-03:00\",\"dateModified\":\"2017-05-24T18:46:08-03:00\",\"inLanguage\":\"pt-BR\",\"mainEntityOfPage\":{\"@id\":\"https:\\\/\\\/www.jornalja.com.br\\\/arquivo\\\/aos-144-dias-de-governo-marchezan-anuncia-secretario-do-meio-ambiente\\\/#webpage\"},\"isPartOf\":{\"@id\":\"https:\\\/\\\/www.jornalja.com.br\\\/arquivo\\\/aos-144-dias-de-governo-marchezan-anuncia-secretario-do-meio-ambiente\\\/#webpage\"},\"articleSection\":\"Geral\"},{\"@type\":\"BreadcrumbList\",\"@id\":\"https:\\\/\\\/www.jornalja.com.br\\\/arquivo\\\/aos-144-dias-de-governo-marchezan-anuncia-secretario-do-meio-ambiente\\\/#breadcrumblist\",\"itemListElement\":[{\"@type\":\"ListItem\",\"@id\":\"https:\\\/\\\/www.jornalja.com.br\\\/arquivo#listItem\",\"position\":1,\"name\":\"Home\",\"item\":\"https:\\\/\\\/www.jornalja.com.br\\\/arquivo\",\"nextItem\":{\"@type\":\"ListItem\",\"@id\":\"https:\\\/\\\/www.jornalja.com.br\\\/arquivo\\\/category\\\/geral\\\/#listItem\",\"name\":\"Geral\"}},{\"@type\":\"ListItem\",\"@id\":\"https:\\\/\\\/www.jornalja.com.br\\\/arquivo\\\/category\\\/geral\\\/#listItem\",\"position\":2,\"name\":\"Geral\",\"item\":\"https:\\\/\\\/www.jornalja.com.br\\\/arquivo\\\/category\\\/geral\\\/\",\"nextItem\":{\"@type\":\"ListItem\",\"@id\":\"https:\\\/\\\/www.jornalja.com.br\\\/arquivo\\\/aos-144-dias-de-governo-marchezan-anuncia-secretario-do-meio-ambiente\\\/#listItem\",\"name\":\"Aos 144 dias de governo, Marchezan anuncia secret\\u00e1rio do Meio Ambiente\"},\"previousItem\":{\"@type\":\"ListItem\",\"@id\":\"https:\\\/\\\/www.jornalja.com.br\\\/arquivo#listItem\",\"name\":\"Home\"}},{\"@type\":\"ListItem\",\"@id\":\"https:\\\/\\\/www.jornalja.com.br\\\/arquivo\\\/aos-144-dias-de-governo-marchezan-anuncia-secretario-do-meio-ambiente\\\/#listItem\",\"position\":3,\"name\":\"Aos 144 dias de governo, Marchezan anuncia secret\\u00e1rio do Meio Ambiente\",\"previousItem\":{\"@type\":\"ListItem\",\"@id\":\"https:\\\/\\\/www.jornalja.com.br\\\/arquivo\\\/category\\\/geral\\\/#listItem\",\"name\":\"Geral\"}}]},{\"@type\":\"Organization\",\"@id\":\"https:\\\/\\\/www.jornalja.com.br\\\/arquivo\\\/#organization\",\"name\":\"Jornal J\\u00c1\",\"description\":\"Jornal J\\u00c1 | Porto Alegre\",\"url\":\"https:\\\/\\\/www.jornalja.com.br\\\/arquivo\\\/\",\"telephone\":\"+555133307272\",\"logo\":{\"@type\":\"ImageObject\",\"url\":\"https:\\\/\\\/www.jornalja.com.br\\\/wp-content\\\/uploads\\\/cards\\\/JAslogan.png\",\"@id\":\"https:\\\/\\\/www.jornalja.com.br\\\/arquivo\\\/aos-144-dias-de-governo-marchezan-anuncia-secretario-do-meio-ambiente\\\/#organizationLogo\"},\"image\":{\"@id\":\"https:\\\/\\\/www.jornalja.com.br\\\/arquivo\\\/aos-144-dias-de-governo-marchezan-anuncia-secretario-do-meio-ambiente\\\/#organizationLogo\"}},{\"@type\":\"Person\",\"@id\":\"https:\\\/\\\/www.jornalja.com.br\\\/arquivo\\\/author\\\/daredacao\\\/#author\",\"url\":\"https:\\\/\\\/www.jornalja.com.br\\\/arquivo\\\/author\\\/daredacao\\\/\",\"name\":\"da Reda\\u00e7\\u00e3o\",\"image\":{\"@type\":\"ImageObject\",\"@id\":\"https:\\\/\\\/www.jornalja.com.br\\\/arquivo\\\/aos-144-dias-de-governo-marchezan-anuncia-secretario-do-meio-ambiente\\\/#authorImage\",\"url\":\"https:\\\/\\\/secure.gravatar.com\\\/avatar\\\/469fd857d6605ad19919d27ed29d35a968a25f6e8fd9318356bbb7f57aae9c65?s=96&d=mm&r=g\",\"width\":96,\"height\":96,\"caption\":\"da Reda\\u00e7\\u00e3o\"}},{\"@type\":\"WebPage\",\"@id\":\"https:\\\/\\\/www.jornalja.com.br\\\/arquivo\\\/aos-144-dias-de-governo-marchezan-anuncia-secretario-do-meio-ambiente\\\/#webpage\",\"url\":\"https:\\\/\\\/www.jornalja.com.br\\\/arquivo\\\/aos-144-dias-de-governo-marchezan-anuncia-secretario-do-meio-ambiente\\\/\",\"name\":\"Aos 144 dias de governo, Marchezan anuncia secret\\u00e1rio do Meio Ambiente | Arquivo\",\"inLanguage\":\"pt-BR\",\"isPartOf\":{\"@id\":\"https:\\\/\\\/www.jornalja.com.br\\\/arquivo\\\/#website\"},\"breadcrumb\":{\"@id\":\"https:\\\/\\\/www.jornalja.com.br\\\/arquivo\\\/aos-144-dias-de-governo-marchezan-anuncia-secretario-do-meio-ambiente\\\/#breadcrumblist\"},\"author\":{\"@id\":\"https:\\\/\\\/www.jornalja.com.br\\\/arquivo\\\/author\\\/daredacao\\\/#author\"},\"creator\":{\"@id\":\"https:\\\/\\\/www.jornalja.com.br\\\/arquivo\\\/author\\\/daredacao\\\/#author\"},\"image\":{\"@type\":\"ImageObject\",\"url\":48916,\"@id\":\"https:\\\/\\\/www.jornalja.com.br\\\/arquivo\\\/aos-144-dias-de-governo-marchezan-anuncia-secretario-do-meio-ambiente\\\/#mainImage\"},\"primaryImageOfPage\":{\"@id\":\"https:\\\/\\\/www.jornalja.com.br\\\/arquivo\\\/aos-144-dias-de-governo-marchezan-anuncia-secretario-do-meio-ambiente\\\/#mainImage\"},\"datePublished\":\"2017-05-24T18:46:08-03:00\",\"dateModified\":\"2017-05-24T18:46:08-03:00\"},{\"@type\":\"WebSite\",\"@id\":\"https:\\\/\\\/www.jornalja.com.br\\\/arquivo\\\/#website\",\"url\":\"https:\\\/\\\/www.jornalja.com.br\\\/arquivo\\\/\",\"name\":\"Arquivo\",\"description\":\"Jornal J\\u00c1 | Porto Alegre\",\"inLanguage\":\"pt-BR\",\"publisher\":{\"@id\":\"https:\\\/\\\/www.jornalja.com.br\\\/arquivo\\\/#organization\"}}]}\n\t\t<\/script>\n\t\t<!-- All in One SEO -->\n\n","aioseo_head_json":{"title":"Aos 144 dias de governo, Marchezan anuncia secret\u00e1rio do Meio Ambiente | Arquivo","description":"","canonical_url":"https:\/\/www.jornalja.com.br\/arquivo\/aos-144-dias-de-governo-marchezan-anuncia-secretario-do-meio-ambiente\/","robots":"max-image-preview:large","keywords":"","webmasterTools":{"miscellaneous":""},"schema":{"@context":"https:\/\/schema.org","@graph":[{"@type":"BlogPosting","@id":"https:\/\/www.jornalja.com.br\/arquivo\/aos-144-dias-de-governo-marchezan-anuncia-secretario-do-meio-ambiente\/#blogposting","name":"Aos 144 dias de governo, Marchezan anuncia secret\u00e1rio do Meio Ambiente | Arquivo","headline":"Aos 144 dias de governo, Marchezan anuncia secret\u00e1rio do Meio Ambiente","author":{"@id":"https:\/\/www.jornalja.com.br\/arquivo\/author\/daredacao\/#author"},"publisher":{"@id":"https:\/\/www.jornalja.com.br\/arquivo\/#organization"},"image":{"@type":"ImageObject","url":48916},"datePublished":"2017-05-24T18:46:08-03:00","dateModified":"2017-05-24T18:46:08-03:00","inLanguage":"pt-BR","mainEntityOfPage":{"@id":"https:\/\/www.jornalja.com.br\/arquivo\/aos-144-dias-de-governo-marchezan-anuncia-secretario-do-meio-ambiente\/#webpage"},"isPartOf":{"@id":"https:\/\/www.jornalja.com.br\/arquivo\/aos-144-dias-de-governo-marchezan-anuncia-secretario-do-meio-ambiente\/#webpage"},"articleSection":"Geral"},{"@type":"BreadcrumbList","@id":"https:\/\/www.jornalja.com.br\/arquivo\/aos-144-dias-de-governo-marchezan-anuncia-secretario-do-meio-ambiente\/#breadcrumblist","itemListElement":[{"@type":"ListItem","@id":"https:\/\/www.jornalja.com.br\/arquivo#listItem","position":1,"name":"Home","item":"https:\/\/www.jornalja.com.br\/arquivo","nextItem":{"@type":"ListItem","@id":"https:\/\/www.jornalja.com.br\/arquivo\/category\/geral\/#listItem","name":"Geral"}},{"@type":"ListItem","@id":"https:\/\/www.jornalja.com.br\/arquivo\/category\/geral\/#listItem","position":2,"name":"Geral","item":"https:\/\/www.jornalja.com.br\/arquivo\/category\/geral\/","nextItem":{"@type":"ListItem","@id":"https:\/\/www.jornalja.com.br\/arquivo\/aos-144-dias-de-governo-marchezan-anuncia-secretario-do-meio-ambiente\/#listItem","name":"Aos 144 dias de governo, Marchezan anuncia secret\u00e1rio do Meio Ambiente"},"previousItem":{"@type":"ListItem","@id":"https:\/\/www.jornalja.com.br\/arquivo#listItem","name":"Home"}},{"@type":"ListItem","@id":"https:\/\/www.jornalja.com.br\/arquivo\/aos-144-dias-de-governo-marchezan-anuncia-secretario-do-meio-ambiente\/#listItem","position":3,"name":"Aos 144 dias de governo, Marchezan anuncia secret\u00e1rio do Meio Ambiente","previousItem":{"@type":"ListItem","@id":"https:\/\/www.jornalja.com.br\/arquivo\/category\/geral\/#listItem","name":"Geral"}}]},{"@type":"Organization","@id":"https:\/\/www.jornalja.com.br\/arquivo\/#organization","name":"Jornal J\u00c1","description":"Jornal J\u00c1 | Porto Alegre","url":"https:\/\/www.jornalja.com.br\/arquivo\/","telephone":"+555133307272","logo":{"@type":"ImageObject","url":"https:\/\/www.jornalja.com.br\/wp-content\/uploads\/cards\/JAslogan.png","@id":"https:\/\/www.jornalja.com.br\/arquivo\/aos-144-dias-de-governo-marchezan-anuncia-secretario-do-meio-ambiente\/#organizationLogo"},"image":{"@id":"https:\/\/www.jornalja.com.br\/arquivo\/aos-144-dias-de-governo-marchezan-anuncia-secretario-do-meio-ambiente\/#organizationLogo"}},{"@type":"Person","@id":"https:\/\/www.jornalja.com.br\/arquivo\/author\/daredacao\/#author","url":"https:\/\/www.jornalja.com.br\/arquivo\/author\/daredacao\/","name":"da Reda\u00e7\u00e3o","image":{"@type":"ImageObject","@id":"https:\/\/www.jornalja.com.br\/arquivo\/aos-144-dias-de-governo-marchezan-anuncia-secretario-do-meio-ambiente\/#authorImage","url":"https:\/\/secure.gravatar.com\/avatar\/469fd857d6605ad19919d27ed29d35a968a25f6e8fd9318356bbb7f57aae9c65?s=96&d=mm&r=g","width":96,"height":96,"caption":"da Reda\u00e7\u00e3o"}},{"@type":"WebPage","@id":"https:\/\/www.jornalja.com.br\/arquivo\/aos-144-dias-de-governo-marchezan-anuncia-secretario-do-meio-ambiente\/#webpage","url":"https:\/\/www.jornalja.com.br\/arquivo\/aos-144-dias-de-governo-marchezan-anuncia-secretario-do-meio-ambiente\/","name":"Aos 144 dias de governo, Marchezan anuncia secret\u00e1rio do Meio Ambiente | Arquivo","inLanguage":"pt-BR","isPartOf":{"@id":"https:\/\/www.jornalja.com.br\/arquivo\/#website"},"breadcrumb":{"@id":"https:\/\/www.jornalja.com.br\/arquivo\/aos-144-dias-de-governo-marchezan-anuncia-secretario-do-meio-ambiente\/#breadcrumblist"},"author":{"@id":"https:\/\/www.jornalja.com.br\/arquivo\/author\/daredacao\/#author"},"creator":{"@id":"https:\/\/www.jornalja.com.br\/arquivo\/author\/daredacao\/#author"},"image":{"@type":"ImageObject","url":48916,"@id":"https:\/\/www.jornalja.com.br\/arquivo\/aos-144-dias-de-governo-marchezan-anuncia-secretario-do-meio-ambiente\/#mainImage"},"primaryImageOfPage":{"@id":"https:\/\/www.jornalja.com.br\/arquivo\/aos-144-dias-de-governo-marchezan-anuncia-secretario-do-meio-ambiente\/#mainImage"},"datePublished":"2017-05-24T18:46:08-03:00","dateModified":"2017-05-24T18:46:08-03:00"},{"@type":"WebSite","@id":"https:\/\/www.jornalja.com.br\/arquivo\/#website","url":"https:\/\/www.jornalja.com.br\/arquivo\/","name":"Arquivo","description":"Jornal J\u00c1 | Porto Alegre","inLanguage":"pt-BR","publisher":{"@id":"https:\/\/www.jornalja.com.br\/arquivo\/#organization"}}]},"og:locale":"pt_BR","og:site_name":"Arquivo | Jornal J\u00c1 | Porto Alegre","og:type":"article","og:title":"Aos 144 dias de governo, Marchezan anuncia secret\u00e1rio do Meio Ambiente | Arquivo","og:url":"https:\/\/www.jornalja.com.br\/arquivo\/aos-144-dias-de-governo-marchezan-anuncia-secretario-do-meio-ambiente\/","og:image":"https:\/\/www.jornalja.com.br\/wp-content\/uploads\/2017\/05\/imagem170552-300x200.jpg","og:image:secure_url":"https:\/\/www.jornalja.com.br\/wp-content\/uploads\/2017\/05\/imagem170552-300x200.jpg","article:published_time":"2017-05-24T21:46:08+00:00","article:modified_time":"2017-05-24T21:46:08+00:00","twitter:card":"summary","twitter:title":"Aos 144 dias de governo, Marchezan anuncia secret\u00e1rio do Meio Ambiente | Arquivo","twitter:image":"https:\/\/www.jornalja.com.br\/economics\/wp-content\/uploads\/sites\/11\/2026\/08\/ja-folhaderosto-facebook.jpg"},"aioseo_meta_data":{"post_id":"48909","title":null,"description":null,"keywords":null,"keyphrases":null,"primary_term":null,"canonical_url":null,"og_title":null,"og_description":null,"og_object_type":"default","og_image_type":"default","og_image_url":null,"og_image_width":null,"og_image_height":null,"og_image_custom_url":null,"og_image_custom_fields":null,"og_video":null,"og_custom_url":null,"og_article_section":null,"og_article_tags":null,"twitter_use_og":false,"twitter_card":"default","twitter_image_type":"default","twitter_image_url":null,"twitter_image_custom_url":null,"twitter_image_custom_fields":null,"twitter_title":null,"twitter_description":null,"schema":{"blockGraphs":[],"customGraphs":[],"default":{"data":{"Article":[],"Course":[],"Dataset":[],"FAQPage":[],"Movie":[],"Person":[],"Product":[],"ProductReview":[],"Car":[],"Recipe":[],"Service":[],"SoftwareApplication":[],"WebPage":[]},"graphName":"","isEnabled":true},"graphs":[],"defaultGraph":"","defaultPostTypeGraph":""},"schema_type":null,"schema_type_options":null,"pillar_content":false,"robots_default":true,"robots_noindex":false,"robots_noarchive":false,"robots_nosnippet":false,"robots_nofollow":false,"robots_noimageindex":false,"robots_noodp":false,"robots_notranslate":false,"robots_max_snippet":null,"robots_max_videopreview":null,"robots_max_imagepreview":"large","priority":null,"frequency":null,"location":null,"local_seo":null,"breadcrumb_settings":null,"limit_modified_date":false,"ai":null,"created":"2020-12-20 20:35:20","updated":"2025-07-19 21:46:39","seo_analyzer_scan_date":null,"focus_keyword":null,"additional_keywords":null,"truseo_locale":null},"jetpack_sharing_enabled":true,"jetpack-related-posts":[{"id":13109,"url":"https:\/\/www.jornalja.com.br\/arquivo\/judiciario-reconhece-poluicao-eletromagnetica\/","url_meta":{"origin":48909,"position":0},"title":"Judici\u00e1rio reconhece polui\u00e7\u00e3o eletromagn\u00e9tica","author":"Patr\u00edcia Marini","date":"16 de maio de 2014","format":false,"excerpt":"A\u00e7\u00e3o de duas associa\u00e7\u00f5es de moradores foi acolhida pelo Tribunal de Justi\u00e7a de S\u00e3o Paulo que. em decis\u00e3o in\u00e9dita, determinou a redu\u00e7\u00e3o do campo eletromagn\u00e9tico gerado pelas linhas de transmiss\u00e3o de energia que cortam os bairros City Boa\u00e7ava e Alto de Pinheiros. \u00c9 a primeira vez que um tribunal do\u2026","rel":"","context":"Em &quot;X.Categorias velhas&quot;","block_context":{"text":"X.Categorias velhas","link":"https:\/\/www.jornalja.com.br\/arquivo\/category\/x-categorias-velhas\/"},"img":{"alt_text":"","src":"","width":0,"height":0},"classes":[]},{"id":13240,"url":"https:\/\/www.jornalja.com.br\/arquivo\/plano-diretor-estamos-construindo-o-caos\/","url_meta":{"origin":48909,"position":1},"title":"Plano diretor: &quot;Estamos construindo o caos&quot;","author":"Patr\u00edcia Marini","date":"26 de maio de 2014","format":false,"excerpt":"Desabafo que arquiteta Eliana Castilhos, delegada da Regi\u00e3o de Planejamento 1, postou nas redes sociais \u00e9 um testemunho do ambiente que se criou no Conselho do Plano Diretor de Porto Alegre, onde a aprova\u00e7\u00e3o de grandes empreendimentos \u00e9 empurrada guela abaixo dos conselheiros. Ao CMDUA Como delegada da Regi\u00e3o de\u2026","rel":"","context":"Em &quot;Geral&quot;","block_context":{"text":"Geral","link":"https:\/\/www.jornalja.com.br\/arquivo\/category\/geral\/"},"img":{"alt_text":"","src":"","width":0,"height":0},"classes":[]},{"id":14241,"url":"https:\/\/www.jornalja.com.br\/arquivo\/o-guaiba-nas-imagens-poeticas-de-achutti\/","url_meta":{"origin":48909,"position":2},"title":"O Gua\u00edba nas imagens po\u00e9ticas de Achutti","author":"da Reda\u00e7\u00e3o","date":"18 de junho de 2014","format":false,"excerpt":"Em \u201cO Gua\u00edba por Achutti\u201d \u2013 obra financiada via Minist\u00e9rio da Cultura, produ\u00e7\u00e3o executiva de Pedro Longhi, e Fl\u00e1vio Wild como designer \u2013, o fot\u00f3grafo revela a beleza e as mazelas de um espa\u00e7o aqu\u00e1tico de \u00e1guas sempre renovadas, cheio de hist\u00f3rias e lendas como as das cidades que foram\u2026","rel":"","context":"Em &quot;Cultura-Geral&quot;","block_context":{"text":"Cultura-Geral","link":"https:\/\/www.jornalja.com.br\/arquivo\/category\/materiasecundaria\/"},"img":{"alt_text":"","src":"","width":0,"height":0},"classes":[]},{"id":13128,"url":"https:\/\/www.jornalja.com.br\/arquivo\/maconha-terra-diz-que-uso-medicinal-e-desculpa\/","url_meta":{"origin":48909,"position":3},"title":"Maconha: Terra diz que uso medicinal \u00e9 desculpa","author":"Patr\u00edcia Marini","date":"4 de junho de 2014","format":false,"excerpt":"A condi\u00e7\u00e3o de pol\u00edtico, em \u00e9poca de campanha de campanha eleitoral, tira for\u00e7a do discurso do m\u00e9dico Osmar Terra contra a legaliza\u00e7\u00e3o da maconha. A tese dele de que a libera\u00e7\u00e3o vai ampliar exponencialmente o consumo \u00e9 discutivel, o consumo \u00e9 corrente. Mas seus alertas quanto aos riscos tem que\u2026","rel":"","context":"Em &quot;X.Categorias velhas&quot;","block_context":{"text":"X.Categorias velhas","link":"https:\/\/www.jornalja.com.br\/arquivo\/category\/x-categorias-velhas\/"},"img":{"alt_text":"","src":"","width":0,"height":0},"classes":[]},{"id":13101,"url":"https:\/\/www.jornalja.com.br\/arquivo\/morre-um-guerreiro-do-texto\/","url_meta":{"origin":48909,"position":4},"title":"Morre um guerreiro do texto","author":"Patr\u00edcia Marini","date":"14 de maio de 2014","format":false,"excerpt":"Por Ricardo Kotscho Reproduzido do blog do autor, 11\/5\/2014; t\u00edtulo original \u201cE l\u00e1 se foi o nosso Myltainho, guerreiro do texto\u201d. Mi\u00fado e franzino, meu amigo Myltainho era um valente e inconformado guerreiro na luta contra as injusti\u00e7as sociais, a hipocrisia, as maracutaias, o autoritarismo, a intoler\u00e2ncia, a viol\u00eancia, o\u2026","rel":"","context":"Em &quot;Geral&quot;","block_context":{"text":"Geral","link":"https:\/\/www.jornalja.com.br\/arquivo\/category\/geral\/"},"img":{"alt_text":"","src":"","width":0,"height":0},"classes":[]},{"id":5440,"url":"https:\/\/www.jornalja.com.br\/arquivo\/casarao-da-venancio-destino-permanece-incerto\/","url_meta":{"origin":48909,"position":5},"title":"Estado ainda n\u00e3o sabe o que fazer com casar\u00e3o abandonado h\u00e1 20 anos","author":"Elmar Bones","date":"6 de julho de 2009","format":false,"excerpt":"O casar\u00e3o amarelo, numa esquina nobre de Porto Alegre (Ven\u00e2ncio Aires com Jo\u00e3o Pessoa), j\u00e1 abrigou uma escola. H\u00e1 duas d\u00e9cadas, pelo menos, est\u00e1 abandonado, porque seu propriet\u00e1rio, o governo do Estado do Rio Grande do Sul, n\u00e3o consegue achar um destino para ele. Planos n\u00e3o faltaram. O governador Ol\u00edvio\u2026","rel":"","context":"Em &quot;X.Categorias velhas&quot;","block_context":{"text":"X.Categorias velhas","link":"https:\/\/www.jornalja.com.br\/arquivo\/category\/x-categorias-velhas\/"},"img":{"alt_text":"geraldo1","src":"https:\/\/i0.wp.com\/www.jornalja.com.br\/wp-content\/uploads\/2009\/07\/geraldo1.jpg?resize=350%2C200&ssl=1","width":350,"height":200},"classes":[]}],"jetpack_shortlink":"https:\/\/wp.me\/pbQjBd-cIR","jetpack_featured_media_url":"","_links":{"self":[{"href":"https:\/\/www.jornalja.com.br\/arquivo\/wp-json\/wp\/v2\/posts\/48909","targetHints":{"allow":["GET"]}}],"collection":[{"href":"https:\/\/www.jornalja.com.br\/arquivo\/wp-json\/wp\/v2\/posts"}],"about":[{"href":"https:\/\/www.jornalja.com.br\/arquivo\/wp-json\/wp\/v2\/types\/post"}],"author":[{"embeddable":true,"href":"https:\/\/www.jornalja.com.br\/arquivo\/wp-json\/wp\/v2\/users\/4"}],"replies":[{"embeddable":true,"href":"https:\/\/www.jornalja.com.br\/arquivo\/wp-json\/wp\/v2\/comments?post=48909"}],"version-history":[{"count":0,"href":"https:\/\/www.jornalja.com.br\/arquivo\/wp-json\/wp\/v2\/posts\/48909\/revisions"}],"wp:attachment":[{"href":"https:\/\/www.jornalja.com.br\/arquivo\/wp-json\/wp\/v2\/media?parent=48909"}],"wp:term":[{"taxonomy":"category","embeddable":true,"href":"https:\/\/www.jornalja.com.br\/arquivo\/wp-json\/wp\/v2\/categories?post=48909"},{"taxonomy":"post_tag","embeddable":true,"href":"https:\/\/www.jornalja.com.br\/arquivo\/wp-json\/wp\/v2\/tags?post=48909"}],"curies":[{"name":"wp","href":"https:\/\/api.w.org\/{rel}","templated":true}]}}