{"id":48932,"date":"2017-05-25T14:47:37","date_gmt":"2017-05-25T17:47:37","guid":{"rendered":"https:\/\/www.jornalja.com.br\/?p=48932"},"modified":"2017-05-25T14:47:37","modified_gmt":"2017-05-25T17:47:37","slug":"coalizao-brasil-pede-veto-as-mps-que-reduzem-a-protecao-florestal","status":"publish","type":"post","link":"https:\/\/www.jornalja.com.br\/arquivo\/coalizao-brasil-pede-veto-as-mps-que-reduzem-a-protecao-florestal\/","title":{"rendered":"Coaliz\u00e3o Brasil pede veto \u00e0s MPs que reduzem a prote\u00e7\u00e3o florestal"},"content":{"rendered":"<table border=\"0\" width=\"100%\" cellspacing=\"0\" cellpadding=\"0\">\n<tbody>\n<tr>\n<td class=\"m_5340923987547384832padding-copy\">\n<p class=\"m_5340923987547384832padding-copy\">A\u00a0<em>Coaliz\u00e3o Brasil Clima,\u00a0Florestas e Agricultura<\/em>\u00a0\u2013 movimento composto por representantes da sociedade civil, setor empresarial e academia \u2013 pede a Temer veto integral \u00e0s medidas provis\u00f3rias\u00a0aprovadas pelo Senado na ter\u00e7a-feira, 23, que\u00a0reduzem a prote\u00e7\u00e3o florestal no Brasil. &#8220;Tais medidas abrem caminho\u00a0para o aumento da explora\u00e7\u00e3o e depreda\u00e7\u00e3o do patrim\u00f4nio natural&#8221;, alerta.<\/p>\n<p class=\"m_5340923987547384832padding-copy\">Em carta aberta,\u00a0 argumenta que, para o Brasil cumprir com os acordos internacionais de clima e biodiversidade assumidos pelo Pa\u00eds, a regulariza\u00e7\u00e3o fundi\u00e1ria de \u00e1reas que apresentaram desmatamento ilegal n\u00e3o pode ser autorizada pelo governo.<\/p>\n<p class=\"m_5340923987547384832padding-copy\">&#8220;Essas e outras\u00a0mudan\u00e7as nas pol\u00edticas p\u00fablicas ambientais em curso no Legislativo e Executivo s\u00e3o vistas como preocupantes pela Coaliz\u00e3o Brasil. O di\u00e1logo necess\u00e1rio para revis\u00e3o de marcos legais n\u00e3o tem sido praticado.\u00a0A condu\u00e7\u00e3o destas medidas no Congresso n\u00e3o foi bem sucedida e a Coaliz\u00e3o entende que \u00e9 preciso reiniciar esse debate, com bases t\u00e9cnicas e amplas. O primeiro passo, portanto, \u00e9 o veto \u00e0s medidas atuais.&#8221;<\/p>\n<p class=\"m_5340923987547384832padding-copy\">Confira a carta na \u00edntegra:<\/p>\n<\/td>\n<\/tr>\n<tr>\n<td class=\"m_5340923987547384832padding-copy\">\n<p class=\"m_5340923987547384832padding-copy\"><strong>Carta aberta: Pedido de veto \u00e0s Medidas Provis\u00f3rias 756 e 758 que reduzem a prote\u00e7\u00e3o florestal no Brasil<\/strong><\/p>\n<p class=\"m_5340923987547384832padding-copy\">S\u00e3o Paulo, 25 de maio de 2017<\/p>\n<p class=\"m_5340923987547384832padding-copy\">Ao Excelent\u00edssimo Senhor Presidente da Rep\u00fablica, Michel Temer,<\/p>\n<p class=\"m_5340923987547384832padding-copy\">A <em>Coaliz\u00e3o Brasil Clima, Florestas e Agricultura<\/em> \u2013 movimento composto por representantes da sociedade civil, setor empresarial e academia \u2013 solicita ao senhor Presidente da Rep\u00fablica que vete integralmente as Medidas Provis\u00f3rias (MPs) 756\/2016 e 758\/2016. Tais medidas, aprovadas pelo plen\u00e1rio do Senado no dia 23 de maio, por meio dos Projetos de Lei de Convers\u00e3o (PLVs) 4\/2017 e 17\/2017 reduziram a Floresta Nacional (Flona) do Jamanxim, no munic\u00edpio de Novo Progresso (PA); o Parque Nacional (Parna) do Jamanxim, nos munic\u00edpios de Itaituba e Trair\u00e3o (PA); e o Parna de S\u00e3o Joaquim (SC).<\/p>\n<p class=\"m_5340923987547384832padding-copy\">A aprova\u00e7\u00e3o dessas MPs vai na dire\u00e7\u00e3o contr\u00e1ria \u00e0 prote\u00e7\u00e3o do meio ambiente e ao combate ao desmatamento crescente nos biomas brasileiros e compromete a credibilidade das necess\u00e1rias iniciativas de desenvolvimento econ\u00f4mico no Pa\u00eds. Essas medidas, que trazem danos irrepar\u00e1veis \u00e0 biodiversidade e ao clima, resultar\u00e3o no beneficiamento de alguns poucos indiv\u00edduos em detrimento do interesse nacional.<\/p>\n<p class=\"m_5340923987547384832padding-copy\">A san\u00e7\u00e3o desses PLVs promover\u00e1 a retirada da prote\u00e7\u00e3o de 588,5 mil hectares de florestas na Amaz\u00f4nia e a redu\u00e7\u00e3o em 20% do Parna de S\u00e3o Joaquim, um dos principais ref\u00fagios da biodiversidade da Mata Atl\u00e2ntica, bioma mais amea\u00e7ado do Pa\u00eds. Resultar\u00e1, ainda, no est\u00edmulo por parte da mais alta autoridade da Rep\u00fablica ao aumento da explora\u00e7\u00e3o e depreda\u00e7\u00e3o ilegais, criando um precedente indesejado para novas ocupa\u00e7\u00f5es de \u00e1reas preservadas em Unidades de Conserva\u00e7\u00e3o (UC).<\/p>\n<p class=\"m_5340923987547384832padding-copy\">A Flona do Jamanxim, criada em fevereiro de 2006, t\u00eam um importante papel na regi\u00e3o ao se somar a outras UCs formando uma barreira verde com mais de 6,4 milh\u00f5es de hectares. Esse bloqueio conseguiu conter o avan\u00e7o avassalador do desmatamento ao longo da BR-163, rodovia que liga Cuiab\u00e1 (MT) a Santar\u00e9m (PA), que aumentou em mais de 650% entre os anos de 2001 e 2004, em decorr\u00eancia da acelera\u00e7\u00e3o da especula\u00e7\u00e3o imobili\u00e1ria de terras p\u00fablicas.<\/p>\n<p class=\"m_5340923987547384832padding-copy\">Setores que defendem a aprova\u00e7\u00e3o da redu\u00e7\u00e3o dessas inestim\u00e1veis \u00e1reas protegidas argumentam que as dificuldades enfrentadas pelo poder p\u00fablico para implant\u00e1-las \u00a0impediu o efetivo controle \u00a0da explora\u00e7\u00e3o ilegal e predat\u00f3ria por meio do desmatamento e do garimpo. No entanto, reduzi-las \u00e9 o pior caminho para solucionar esses problemas que, ao contr\u00e1rio, se agravar\u00e3o sem a prote\u00e7\u00e3o legal. Prova do alt\u00edssimo risco a que ser\u00e3o submetidas essas \u00e1reas com a desafeta\u00e7\u00e3o pode ser comprovada com a an\u00e1lise das imagens obtidas pela plataforma MapBiomas. Esses mapas, que apresentamos abaixo, revelam que de 2004 a 2016, a Flona do Jamanxim perdeu mais de 117 mil hectares de florestas, o que gerou a libera\u00e7\u00e3o de 70 milh\u00f5es de toneladas de g\u00e1s carb\u00f4nico na atmosfera,\u00a0 segundo c\u00e1lculos do IPAM &#8211; Instituto de Pesquisa Ambiental da Amaz\u00f4nia. At\u00e9 2030, a desafeta\u00e7\u00e3o da \u00e1rea pode resultar em 280 mil hectares de florestas a menos e 140 milh\u00f5es de toneladas de CO<sub>2<\/sub> emitidas. Esse \u00e9 um processo que precisa ser evitado.<\/p>\n<p class=\"m_5340923987547384832padding-copy\">\u00c9 importante destacar que o ICMBio, \u00f3rg\u00e3o federal respons\u00e1vel pela gest\u00e3o das UCs, reconheceu em relat\u00f3rio pr\u00f3prio que a ocupa\u00e7\u00e3o na Flona do Jamanxim \u00e9 recente, ao afirmar que 67,7% dos que l\u00e1 est\u00e3o entraram pouco antes ou logo ap\u00f3s sua cria\u00e7\u00e3o, em 2006. Esse dado comprova que as ocupa\u00e7\u00f5es tiveram car\u00e1ter especulativo.<\/p>\n<p class=\"m_5340923987547384832padding-copy\">Outras propostas em tramita\u00e7\u00e3o no legislativo e executivo amea\u00e7am o Programa \u00c1reas Protegidas da Amaz\u00f4nia (ARPA), que apoia a gest\u00e3o de UCs na regi\u00e3o. A aplica\u00e7\u00e3o dos recursos ao ARPA, cerca US$ 215 milh\u00f5es proveniente de doadores internacionais, est\u00e1 atrelada a diversos compromissos, como a inexist\u00eancia de perda de \u00e1reas protegidas. Assim, os projetos que visam as desafeta\u00e7\u00f5es, recategoriza\u00e7\u00f5es e altera\u00e7\u00f5es de limites de unidades de conserva\u00e7\u00e3o em curso no Governo descumprem claramente um compromisso brasileiro, podendo afetar as a\u00e7\u00f5es de desembolso de um dos maiores programas mundiais de conserva\u00e7\u00e3o de florestas da hist\u00f3ria.<\/p>\n<p class=\"m_5340923987547384832padding-copy\">As medidas aprovadas pelo Senado afetar\u00e3o a seguran\u00e7a jur\u00eddica e prejudicar\u00e3o os investimentos no pa\u00eds, afastando investidores e consumidores exigentes de sistemas produtivos sustent\u00e1veis. Num mundo em que crit\u00e9rios socioambientais cada vez est\u00e3o mais no centro da tomada de decis\u00e3o dos grandes investidores, o Brasil se afasta ainda mais da oportunidade de se tornar uma economia competitiva e respeitada.<\/p>\n<p class=\"m_5340923987547384832padding-copy\">Em um cen\u00e1rio de recrudescimento do desmatamento na Amaz\u00f4nia verificado nos \u00faltimos dois anos, MPs como essas estimulam a ocupa\u00e7\u00e3o predat\u00f3ria e o desrespeito \u00e0s \u00e1reas de prote\u00e7\u00e3o ambiental, pondo em risco os ganhos obtidos nas tentativas de controlar o desmatamento na regi\u00e3o e comprometem a imagem do pa\u00eds e do agroneg\u00f3cio.<\/p>\n<p class=\"m_5340923987547384832padding-copy\">A regulariza\u00e7\u00e3o fundi\u00e1ria de \u00e1reas que apresentaram desmatamento ilegal n\u00e3o pode ser autorizada pelo Governo. Caso contr\u00e1rio, n\u00e3o ser\u00e1 fact\u00edvel zerar o desmatamento ilegal, conforme prev\u00ea o C\u00f3digo Florestal Brasileiro e cumprir os acordos internacionais de clima e biodiversidade assumidos pelo Pa\u00eds, como a implementa\u00e7\u00e3o da NDC, fundamentais para a constru\u00e7\u00e3o de uma economia de baixo carbono.<\/p>\n<p class=\"m_5340923987547384832padding-copy\">O Brasil precisa de uma pol\u00edtica de Estado para enfrentar os desafios da ocupa\u00e7\u00e3o e do desmatamento ilegal e garantir a sustentabilidade nos projetos de log\u00edstica na Amaz\u00f4nia, como no caso da Ferrogr\u00e3o.\u00a0 A condu\u00e7\u00e3o destas medidas no Congresso n\u00e3o foi bem sucedida e associa a ferrovia a um dano desnecess\u00e1rio \u00e0 floresta, \u00e0 biodiversidade e ao clima.\u00a0 Isso afasta investidores e pode resultar em questionamentos judiciais.\u00a0 Ser\u00e1 preciso reiniciar esse debate, com bases t\u00e9cnicas e ampla participa\u00e7\u00e3o dos interessados.<\/p>\n<p class=\"m_5340923987547384832padding-copy\">O primeiro passo nessa dire\u00e7\u00e3o, Senhor Presidente, \u00e9, ao nosso ver, o veto integral dos Projetos de Lei de Convers\u00e3o 04\/2017 e 17\/2017.<\/p>\n<p class=\"m_5340923987547384832padding-copy\"><em>Coaliz\u00e3o Brasil Clima, Florestas e Agricultura<\/em><\/p>\n<p><img loading=\"lazy\" decoding=\"async\" class=\"m_5340923987547384832img-max CToWUd a6T\" src=\"http:\/\/ci4.googleusercontent.com\/proxy\/uRMqtek7JfN4O24yXqQjtqMvQ2SHLnmZPFeeW4xJmSdPla5vgPUYfy6MlteHl_6wzl0wuMfeh5MTacpLAoncRVa5SNUgkCr4KSJ0Klz5uWolosGy7TNxzHEIg5pZiA=s0-d-e1-ft#http:\/\/www.coalizaobr.com.br\/boletins\/images\/cartaaberta_20170525_01.gif\" alt=\"Evolu\u00e7\u00e3o do Desmatamento na \u00e1re da Floresta Nacional do Jamanxim (2000 a 2016)\" width=\"550\" height=\"323\" border=\"0\" \/><\/p>\n<p class=\"m_5340923987547384832padding-copy\"><strong>Sobre a Coaliz\u00e3o Brasil<\/strong><br \/>\nA Coaliz\u00e3o Brasil Clima, Florestas e Agricultura \u00e9 um movimento multissetorial que se formou como o objetivo de propor a\u00e7\u00f5es e influenciar pol\u00edticas p\u00fablicas que levem ao desenvolvimento de uma economia de baixo carbono, com a cria\u00e7\u00e3o de empregos de qualidade, o est\u00edmulo \u00e0 inova\u00e7\u00e3o, \u00e0 competitividade global do Brasil e a gera\u00e7\u00e3o e distribui\u00e7\u00e3o de riqueza a toda a sociedade. Mais de 150 empresas, associa\u00e7\u00f5es empresariais, centros de pesquisa e organiza\u00e7\u00f5es da sociedade civil j\u00e1 aderiram \u00e0 Coaliz\u00e3o Brasil \u2013 <a href=\"http:\/\/coalizaobr.com.br\" target=\"_blank\" rel=\"noopener noreferrer\" data-saferedirecturl=\"http:\/\/www.google.com\/url?hl=pt-BR&amp;q=http:\/\/coalizaobr.com.br&amp;source=gmail&amp;ust=1495818226988000&amp;usg=AFQjCNFOsxo1J0gwygQ1G6WJeggIFdm5FQ\">coalizaobr.com.br<\/a><\/p>\n<\/td>\n<\/tr>\n<\/tbody>\n<\/table>\n<p>&nbsp;<br \/>\nParticipe da primeira reuni\u00e3o plen\u00e1ria de 2017 da Coaliz\u00e3o Brasil, nodia 7 de junho, a partir das13h30, emS\u00e3o Paulo, na Sala Crisantempo.<br \/>\nO encontro ter\u00e1 como tema a comemora\u00e7\u00e3o de dois anos do movimento, com debates sobre as conquistas e desafios da agenda de mudan\u00e7as clim\u00e1ticas no pa\u00eds. Veja <a href=\"http:\/\/coalizaobr.com.br\/2016\/index.php\/boletim-n-21\/422-reserve-sua-agenda-coalizao-celebra-aniversario-de-dois-anos-na-plenaria-de-7-de-junho\">aqui<\/a>\u00a0mais detalhes.<br \/>\n&nbsp;<\/p>\n","protected":false},"excerpt":{"rendered":"<p>A\u00a0Coaliz\u00e3o Brasil Clima,\u00a0Florestas e Agricultura\u00a0\u2013 movimento composto por representantes da sociedade civil, setor empresarial e academia \u2013 pede a Temer veto integral \u00e0s medidas provis\u00f3rias\u00a0aprovadas pelo Senado na ter\u00e7a-feira, 23, que\u00a0reduzem a prote\u00e7\u00e3o florestal no Brasil. &#8220;Tais medidas abrem caminho\u00a0para o aumento da explora\u00e7\u00e3o e depreda\u00e7\u00e3o do patrim\u00f4nio natural&#8221;, alerta. Em carta aberta,\u00a0 argumenta que, [&hellip;]<\/p>\n","protected":false},"author":4,"featured_media":0,"comment_status":"open","ping_status":"closed","sticky":false,"template":"","format":"standard","meta":{"_jetpack_newsletter_access":"","_jetpack_dont_email_post_to_subs":false,"_jetpack_newsletter_tier_id":0,"_jetpack_memberships_contains_paywalled_content":false,"_jetpack_feature_clip_id":0,"_jetpack_memberships_contains_paid_content":false,"footnotes":"","jetpack_post_was_ever_published":false},"categories":[2022],"tags":[],"class_list":["post-48932","post","type-post","status-publish","format-standard","hentry","category-notas"],"aioseo_notices":[],"aioseo_head":"\n\t\t<!-- All in One SEO 5.0.1.1 - aioseo.com -->\n\t<meta name=\"robots\" content=\"max-image-preview:large\" \/>\n\t<meta name=\"author\" content=\"da Reda\u00e7\u00e3o\"\/>\n\t<link rel=\"canonical\" href=\"https:\/\/www.jornalja.com.br\/arquivo\/coalizao-brasil-pede-veto-as-mps-que-reduzem-a-protecao-florestal\/\" \/>\n\t<meta name=\"generator\" content=\"All in One SEO (AIOSEO) 5.0.1.1\" \/>\n\t\t<meta property=\"og:locale\" content=\"pt_BR\" \/>\n\t\t<meta property=\"og:site_name\" content=\"Arquivo | Jornal J\u00c1 | Porto Alegre\" \/>\n\t\t<meta property=\"og:type\" content=\"article\" \/>\n\t\t<meta property=\"og:title\" content=\"Coaliz\u00e3o Brasil pede veto \u00e0s MPs que reduzem a prote\u00e7\u00e3o florestal | Arquivo\" \/>\n\t\t<meta property=\"og:url\" content=\"https:\/\/www.jornalja.com.br\/arquivo\/coalizao-brasil-pede-veto-as-mps-que-reduzem-a-protecao-florestal\/\" \/>\n\t\t<meta property=\"og:image\" content=\"https:\/\/ci4.googleusercontent.com\/proxy\/uRMqtek7JfN4O24yXqQjtqMvQ2SHLnmZPFeeW4xJmSdPla5vgPUYfy6MlteHl_6wzl0wuMfeh5MTacpLAoncRVa5SNUgkCr4KSJ0Klz5uWolosGy7TNxzHEIg5pZiA=s0-d-e1-ft#http:\/\/www.coalizaobr.com.br\/boletins\/images\/cartaaberta_20170525_01.gif\" \/>\n\t\t<meta property=\"og:image:secure_url\" content=\"https:\/\/ci4.googleusercontent.com\/proxy\/uRMqtek7JfN4O24yXqQjtqMvQ2SHLnmZPFeeW4xJmSdPla5vgPUYfy6MlteHl_6wzl0wuMfeh5MTacpLAoncRVa5SNUgkCr4KSJ0Klz5uWolosGy7TNxzHEIg5pZiA=s0-d-e1-ft#http:\/\/www.coalizaobr.com.br\/boletins\/images\/cartaaberta_20170525_01.gif\" \/>\n\t\t<meta property=\"article:published_time\" content=\"2017-05-25T17:47:37+00:00\" \/>\n\t\t<meta property=\"article:modified_time\" content=\"2017-05-25T17:47:37+00:00\" \/>\n\t\t<meta name=\"twitter:card\" content=\"summary\" \/>\n\t\t<meta name=\"twitter:title\" content=\"Coaliz\u00e3o Brasil pede veto \u00e0s MPs que reduzem a prote\u00e7\u00e3o florestal | Arquivo\" \/>\n\t\t<meta name=\"twitter:image\" content=\"https:\/\/www.jornalja.com.br\/economics\/wp-content\/uploads\/sites\/11\/2026\/08\/ja-folhaderosto-facebook.jpg\" \/>\n\t\t<script type=\"application\/ld+json\" class=\"aioseo-schema\">\n\t\t\t{\"@context\":\"https:\\\/\\\/schema.org\",\"@graph\":[{\"@type\":\"BlogPosting\",\"@id\":\"https:\\\/\\\/www.jornalja.com.br\\\/arquivo\\\/coalizao-brasil-pede-veto-as-mps-que-reduzem-a-protecao-florestal\\\/#blogposting\",\"name\":\"Coaliz\\u00e3o Brasil pede veto \\u00e0s MPs que reduzem a prote\\u00e7\\u00e3o florestal | Arquivo\",\"headline\":\"Coaliz\\u00e3o Brasil pede veto \\u00e0s MPs que reduzem a prote\\u00e7\\u00e3o florestal\",\"author\":{\"@id\":\"https:\\\/\\\/www.jornalja.com.br\\\/arquivo\\\/author\\\/daredacao\\\/#author\"},\"publisher\":{\"@id\":\"https:\\\/\\\/www.jornalja.com.br\\\/arquivo\\\/#organization\"},\"image\":{\"@type\":\"ImageObject\",\"url\":\"http:\\\/\\\/ci4.googleusercontent.com\\\/proxy\\\/uRMqtek7JfN4O24yXqQjtqMvQ2SHLnmZPFeeW4xJmSdPla5vgPUYfy6MlteHl_6wzl0wuMfeh5MTacpLAoncRVa5SNUgkCr4KSJ0Klz5uWolosGy7TNxzHEIg5pZiA=s0-d-e1-ft#http:\\\/\\\/www.coalizaobr.com.br\\\/boletins\\\/images\\\/cartaaberta_20170525_01.gif\",\"@id\":\"https:\\\/\\\/www.jornalja.com.br\\\/arquivo\\\/coalizao-brasil-pede-veto-as-mps-que-reduzem-a-protecao-florestal\\\/#articleImage\"},\"datePublished\":\"2017-05-25T14:47:37-03:00\",\"dateModified\":\"2017-05-25T14:47:37-03:00\",\"inLanguage\":\"pt-BR\",\"mainEntityOfPage\":{\"@id\":\"https:\\\/\\\/www.jornalja.com.br\\\/arquivo\\\/coalizao-brasil-pede-veto-as-mps-que-reduzem-a-protecao-florestal\\\/#webpage\"},\"isPartOf\":{\"@id\":\"https:\\\/\\\/www.jornalja.com.br\\\/arquivo\\\/coalizao-brasil-pede-veto-as-mps-que-reduzem-a-protecao-florestal\\\/#webpage\"},\"articleSection\":\"NOTAS\"},{\"@type\":\"BreadcrumbList\",\"@id\":\"https:\\\/\\\/www.jornalja.com.br\\\/arquivo\\\/coalizao-brasil-pede-veto-as-mps-que-reduzem-a-protecao-florestal\\\/#breadcrumblist\",\"itemListElement\":[{\"@type\":\"ListItem\",\"@id\":\"https:\\\/\\\/www.jornalja.com.br\\\/arquivo#listItem\",\"position\":1,\"name\":\"Home\",\"item\":\"https:\\\/\\\/www.jornalja.com.br\\\/arquivo\",\"nextItem\":{\"@type\":\"ListItem\",\"@id\":\"https:\\\/\\\/www.jornalja.com.br\\\/arquivo\\\/category\\\/notas\\\/#listItem\",\"name\":\"NOTAS\"}},{\"@type\":\"ListItem\",\"@id\":\"https:\\\/\\\/www.jornalja.com.br\\\/arquivo\\\/category\\\/notas\\\/#listItem\",\"position\":2,\"name\":\"NOTAS\",\"item\":\"https:\\\/\\\/www.jornalja.com.br\\\/arquivo\\\/category\\\/notas\\\/\",\"nextItem\":{\"@type\":\"ListItem\",\"@id\":\"https:\\\/\\\/www.jornalja.com.br\\\/arquivo\\\/coalizao-brasil-pede-veto-as-mps-que-reduzem-a-protecao-florestal\\\/#listItem\",\"name\":\"Coaliz\\u00e3o Brasil pede veto \\u00e0s MPs que reduzem a prote\\u00e7\\u00e3o florestal\"},\"previousItem\":{\"@type\":\"ListItem\",\"@id\":\"https:\\\/\\\/www.jornalja.com.br\\\/arquivo#listItem\",\"name\":\"Home\"}},{\"@type\":\"ListItem\",\"@id\":\"https:\\\/\\\/www.jornalja.com.br\\\/arquivo\\\/coalizao-brasil-pede-veto-as-mps-que-reduzem-a-protecao-florestal\\\/#listItem\",\"position\":3,\"name\":\"Coaliz\\u00e3o Brasil pede veto \\u00e0s MPs que reduzem a prote\\u00e7\\u00e3o florestal\",\"previousItem\":{\"@type\":\"ListItem\",\"@id\":\"https:\\\/\\\/www.jornalja.com.br\\\/arquivo\\\/category\\\/notas\\\/#listItem\",\"name\":\"NOTAS\"}}]},{\"@type\":\"Organization\",\"@id\":\"https:\\\/\\\/www.jornalja.com.br\\\/arquivo\\\/#organization\",\"name\":\"Jornal J\\u00c1\",\"description\":\"Jornal J\\u00c1 | Porto Alegre\",\"url\":\"https:\\\/\\\/www.jornalja.com.br\\\/arquivo\\\/\",\"telephone\":\"+555133307272\",\"logo\":{\"@type\":\"ImageObject\",\"url\":\"https:\\\/\\\/www.jornalja.com.br\\\/wp-content\\\/uploads\\\/cards\\\/JAslogan.png\",\"@id\":\"https:\\\/\\\/www.jornalja.com.br\\\/arquivo\\\/coalizao-brasil-pede-veto-as-mps-que-reduzem-a-protecao-florestal\\\/#organizationLogo\"},\"image\":{\"@id\":\"https:\\\/\\\/www.jornalja.com.br\\\/arquivo\\\/coalizao-brasil-pede-veto-as-mps-que-reduzem-a-protecao-florestal\\\/#organizationLogo\"}},{\"@type\":\"Person\",\"@id\":\"https:\\\/\\\/www.jornalja.com.br\\\/arquivo\\\/author\\\/daredacao\\\/#author\",\"url\":\"https:\\\/\\\/www.jornalja.com.br\\\/arquivo\\\/author\\\/daredacao\\\/\",\"name\":\"da Reda\\u00e7\\u00e3o\",\"image\":{\"@type\":\"ImageObject\",\"@id\":\"https:\\\/\\\/www.jornalja.com.br\\\/arquivo\\\/coalizao-brasil-pede-veto-as-mps-que-reduzem-a-protecao-florestal\\\/#authorImage\",\"url\":\"https:\\\/\\\/secure.gravatar.com\\\/avatar\\\/469fd857d6605ad19919d27ed29d35a968a25f6e8fd9318356bbb7f57aae9c65?s=96&d=mm&r=g\",\"width\":96,\"height\":96,\"caption\":\"da Reda\\u00e7\\u00e3o\"}},{\"@type\":\"WebPage\",\"@id\":\"https:\\\/\\\/www.jornalja.com.br\\\/arquivo\\\/coalizao-brasil-pede-veto-as-mps-que-reduzem-a-protecao-florestal\\\/#webpage\",\"url\":\"https:\\\/\\\/www.jornalja.com.br\\\/arquivo\\\/coalizao-brasil-pede-veto-as-mps-que-reduzem-a-protecao-florestal\\\/\",\"name\":\"Coaliz\\u00e3o Brasil pede veto \\u00e0s MPs que reduzem a prote\\u00e7\\u00e3o florestal | Arquivo\",\"inLanguage\":\"pt-BR\",\"isPartOf\":{\"@id\":\"https:\\\/\\\/www.jornalja.com.br\\\/arquivo\\\/#website\"},\"breadcrumb\":{\"@id\":\"https:\\\/\\\/www.jornalja.com.br\\\/arquivo\\\/coalizao-brasil-pede-veto-as-mps-que-reduzem-a-protecao-florestal\\\/#breadcrumblist\"},\"author\":{\"@id\":\"https:\\\/\\\/www.jornalja.com.br\\\/arquivo\\\/author\\\/daredacao\\\/#author\"},\"creator\":{\"@id\":\"https:\\\/\\\/www.jornalja.com.br\\\/arquivo\\\/author\\\/daredacao\\\/#author\"},\"datePublished\":\"2017-05-25T14:47:37-03:00\",\"dateModified\":\"2017-05-25T14:47:37-03:00\"},{\"@type\":\"WebSite\",\"@id\":\"https:\\\/\\\/www.jornalja.com.br\\\/arquivo\\\/#website\",\"url\":\"https:\\\/\\\/www.jornalja.com.br\\\/arquivo\\\/\",\"name\":\"Arquivo\",\"description\":\"Jornal J\\u00c1 | Porto Alegre\",\"inLanguage\":\"pt-BR\",\"publisher\":{\"@id\":\"https:\\\/\\\/www.jornalja.com.br\\\/arquivo\\\/#organization\"}}]}\n\t\t<\/script>\n\t\t<!-- All in One SEO -->\n\n","aioseo_head_json":{"title":"Coaliz\u00e3o Brasil pede veto \u00e0s MPs que reduzem a prote\u00e7\u00e3o florestal | Arquivo","description":"","canonical_url":"https:\/\/www.jornalja.com.br\/arquivo\/coalizao-brasil-pede-veto-as-mps-que-reduzem-a-protecao-florestal\/","robots":"max-image-preview:large","keywords":"","webmasterTools":{"miscellaneous":""},"schema":{"@context":"https:\/\/schema.org","@graph":[{"@type":"BlogPosting","@id":"https:\/\/www.jornalja.com.br\/arquivo\/coalizao-brasil-pede-veto-as-mps-que-reduzem-a-protecao-florestal\/#blogposting","name":"Coaliz\u00e3o Brasil pede veto \u00e0s MPs que reduzem a prote\u00e7\u00e3o florestal | Arquivo","headline":"Coaliz\u00e3o Brasil pede veto \u00e0s MPs que reduzem a prote\u00e7\u00e3o florestal","author":{"@id":"https:\/\/www.jornalja.com.br\/arquivo\/author\/daredacao\/#author"},"publisher":{"@id":"https:\/\/www.jornalja.com.br\/arquivo\/#organization"},"image":{"@type":"ImageObject","url":"http:\/\/ci4.googleusercontent.com\/proxy\/uRMqtek7JfN4O24yXqQjtqMvQ2SHLnmZPFeeW4xJmSdPla5vgPUYfy6MlteHl_6wzl0wuMfeh5MTacpLAoncRVa5SNUgkCr4KSJ0Klz5uWolosGy7TNxzHEIg5pZiA=s0-d-e1-ft#http:\/\/www.coalizaobr.com.br\/boletins\/images\/cartaaberta_20170525_01.gif","@id":"https:\/\/www.jornalja.com.br\/arquivo\/coalizao-brasil-pede-veto-as-mps-que-reduzem-a-protecao-florestal\/#articleImage"},"datePublished":"2017-05-25T14:47:37-03:00","dateModified":"2017-05-25T14:47:37-03:00","inLanguage":"pt-BR","mainEntityOfPage":{"@id":"https:\/\/www.jornalja.com.br\/arquivo\/coalizao-brasil-pede-veto-as-mps-que-reduzem-a-protecao-florestal\/#webpage"},"isPartOf":{"@id":"https:\/\/www.jornalja.com.br\/arquivo\/coalizao-brasil-pede-veto-as-mps-que-reduzem-a-protecao-florestal\/#webpage"},"articleSection":"NOTAS"},{"@type":"BreadcrumbList","@id":"https:\/\/www.jornalja.com.br\/arquivo\/coalizao-brasil-pede-veto-as-mps-que-reduzem-a-protecao-florestal\/#breadcrumblist","itemListElement":[{"@type":"ListItem","@id":"https:\/\/www.jornalja.com.br\/arquivo#listItem","position":1,"name":"Home","item":"https:\/\/www.jornalja.com.br\/arquivo","nextItem":{"@type":"ListItem","@id":"https:\/\/www.jornalja.com.br\/arquivo\/category\/notas\/#listItem","name":"NOTAS"}},{"@type":"ListItem","@id":"https:\/\/www.jornalja.com.br\/arquivo\/category\/notas\/#listItem","position":2,"name":"NOTAS","item":"https:\/\/www.jornalja.com.br\/arquivo\/category\/notas\/","nextItem":{"@type":"ListItem","@id":"https:\/\/www.jornalja.com.br\/arquivo\/coalizao-brasil-pede-veto-as-mps-que-reduzem-a-protecao-florestal\/#listItem","name":"Coaliz\u00e3o Brasil pede veto \u00e0s MPs que reduzem a prote\u00e7\u00e3o florestal"},"previousItem":{"@type":"ListItem","@id":"https:\/\/www.jornalja.com.br\/arquivo#listItem","name":"Home"}},{"@type":"ListItem","@id":"https:\/\/www.jornalja.com.br\/arquivo\/coalizao-brasil-pede-veto-as-mps-que-reduzem-a-protecao-florestal\/#listItem","position":3,"name":"Coaliz\u00e3o Brasil pede veto \u00e0s MPs que reduzem a prote\u00e7\u00e3o florestal","previousItem":{"@type":"ListItem","@id":"https:\/\/www.jornalja.com.br\/arquivo\/category\/notas\/#listItem","name":"NOTAS"}}]},{"@type":"Organization","@id":"https:\/\/www.jornalja.com.br\/arquivo\/#organization","name":"Jornal J\u00c1","description":"Jornal J\u00c1 | Porto Alegre","url":"https:\/\/www.jornalja.com.br\/arquivo\/","telephone":"+555133307272","logo":{"@type":"ImageObject","url":"https:\/\/www.jornalja.com.br\/wp-content\/uploads\/cards\/JAslogan.png","@id":"https:\/\/www.jornalja.com.br\/arquivo\/coalizao-brasil-pede-veto-as-mps-que-reduzem-a-protecao-florestal\/#organizationLogo"},"image":{"@id":"https:\/\/www.jornalja.com.br\/arquivo\/coalizao-brasil-pede-veto-as-mps-que-reduzem-a-protecao-florestal\/#organizationLogo"}},{"@type":"Person","@id":"https:\/\/www.jornalja.com.br\/arquivo\/author\/daredacao\/#author","url":"https:\/\/www.jornalja.com.br\/arquivo\/author\/daredacao\/","name":"da Reda\u00e7\u00e3o","image":{"@type":"ImageObject","@id":"https:\/\/www.jornalja.com.br\/arquivo\/coalizao-brasil-pede-veto-as-mps-que-reduzem-a-protecao-florestal\/#authorImage","url":"https:\/\/secure.gravatar.com\/avatar\/469fd857d6605ad19919d27ed29d35a968a25f6e8fd9318356bbb7f57aae9c65?s=96&d=mm&r=g","width":96,"height":96,"caption":"da Reda\u00e7\u00e3o"}},{"@type":"WebPage","@id":"https:\/\/www.jornalja.com.br\/arquivo\/coalizao-brasil-pede-veto-as-mps-que-reduzem-a-protecao-florestal\/#webpage","url":"https:\/\/www.jornalja.com.br\/arquivo\/coalizao-brasil-pede-veto-as-mps-que-reduzem-a-protecao-florestal\/","name":"Coaliz\u00e3o Brasil pede veto \u00e0s MPs que reduzem a prote\u00e7\u00e3o florestal | Arquivo","inLanguage":"pt-BR","isPartOf":{"@id":"https:\/\/www.jornalja.com.br\/arquivo\/#website"},"breadcrumb":{"@id":"https:\/\/www.jornalja.com.br\/arquivo\/coalizao-brasil-pede-veto-as-mps-que-reduzem-a-protecao-florestal\/#breadcrumblist"},"author":{"@id":"https:\/\/www.jornalja.com.br\/arquivo\/author\/daredacao\/#author"},"creator":{"@id":"https:\/\/www.jornalja.com.br\/arquivo\/author\/daredacao\/#author"},"datePublished":"2017-05-25T14:47:37-03:00","dateModified":"2017-05-25T14:47:37-03:00"},{"@type":"WebSite","@id":"https:\/\/www.jornalja.com.br\/arquivo\/#website","url":"https:\/\/www.jornalja.com.br\/arquivo\/","name":"Arquivo","description":"Jornal J\u00c1 | Porto Alegre","inLanguage":"pt-BR","publisher":{"@id":"https:\/\/www.jornalja.com.br\/arquivo\/#organization"}}]},"og:locale":"pt_BR","og:site_name":"Arquivo | Jornal J\u00c1 | Porto Alegre","og:type":"article","og:title":"Coaliz\u00e3o Brasil pede veto \u00e0s MPs que reduzem a prote\u00e7\u00e3o florestal | Arquivo","og:url":"https:\/\/www.jornalja.com.br\/arquivo\/coalizao-brasil-pede-veto-as-mps-que-reduzem-a-protecao-florestal\/","og:image":"https:\/\/ci4.googleusercontent.com\/proxy\/uRMqtek7JfN4O24yXqQjtqMvQ2SHLnmZPFeeW4xJmSdPla5vgPUYfy6MlteHl_6wzl0wuMfeh5MTacpLAoncRVa5SNUgkCr4KSJ0Klz5uWolosGy7TNxzHEIg5pZiA=s0-d-e1-ft#http:\/\/www.coalizaobr.com.br\/boletins\/images\/cartaaberta_20170525_01.gif","og:image:secure_url":"https:\/\/ci4.googleusercontent.com\/proxy\/uRMqtek7JfN4O24yXqQjtqMvQ2SHLnmZPFeeW4xJmSdPla5vgPUYfy6MlteHl_6wzl0wuMfeh5MTacpLAoncRVa5SNUgkCr4KSJ0Klz5uWolosGy7TNxzHEIg5pZiA=s0-d-e1-ft#http:\/\/www.coalizaobr.com.br\/boletins\/images\/cartaaberta_20170525_01.gif","article:published_time":"2017-05-25T17:47:37+00:00","article:modified_time":"2017-05-25T17:47:37+00:00","twitter:card":"summary","twitter:title":"Coaliz\u00e3o Brasil pede veto \u00e0s MPs que reduzem a prote\u00e7\u00e3o florestal | Arquivo","twitter:image":"https:\/\/www.jornalja.com.br\/economics\/wp-content\/uploads\/sites\/11\/2026\/08\/ja-folhaderosto-facebook.jpg"},"aioseo_meta_data":{"post_id":"48932","title":null,"description":null,"keywords":null,"keyphrases":null,"primary_term":null,"canonical_url":null,"og_title":null,"og_description":null,"og_object_type":"default","og_image_type":"default","og_image_url":null,"og_image_width":null,"og_image_height":null,"og_image_custom_url":null,"og_image_custom_fields":null,"og_video":null,"og_custom_url":null,"og_article_section":null,"og_article_tags":null,"twitter_use_og":false,"twitter_card":"default","twitter_image_type":"default","twitter_image_url":null,"twitter_image_custom_url":null,"twitter_image_custom_fields":null,"twitter_title":null,"twitter_description":null,"schema":{"blockGraphs":[],"customGraphs":[],"default":{"data":{"Article":[],"Course":[],"Dataset":[],"FAQPage":[],"Movie":[],"Person":[],"Product":[],"ProductReview":[],"Car":[],"Recipe":[],"Service":[],"SoftwareApplication":[],"WebPage":[]},"graphName":"","isEnabled":true},"graphs":[],"defaultGraph":"","defaultPostTypeGraph":""},"schema_type":null,"schema_type_options":null,"pillar_content":false,"robots_default":true,"robots_noindex":false,"robots_noarchive":false,"robots_nosnippet":false,"robots_nofollow":false,"robots_noimageindex":false,"robots_noodp":false,"robots_notranslate":false,"robots_max_snippet":null,"robots_max_videopreview":null,"robots_max_imagepreview":"large","priority":null,"frequency":null,"location":null,"local_seo":null,"breadcrumb_settings":null,"limit_modified_date":false,"ai":null,"created":"2020-12-20 20:35:20","updated":"2025-07-19 21:47:33","seo_analyzer_scan_date":null,"focus_keyword":null,"additional_keywords":null,"truseo_locale":null},"jetpack_sharing_enabled":true,"jetpack-related-posts":[{"id":13109,"url":"https:\/\/www.jornalja.com.br\/arquivo\/judiciario-reconhece-poluicao-eletromagnetica\/","url_meta":{"origin":48932,"position":0},"title":"Judici\u00e1rio reconhece polui\u00e7\u00e3o eletromagn\u00e9tica","author":"Patr\u00edcia Marini","date":"16 de maio de 2014","format":false,"excerpt":"A\u00e7\u00e3o de duas associa\u00e7\u00f5es de moradores foi acolhida pelo Tribunal de Justi\u00e7a de S\u00e3o Paulo que. em decis\u00e3o in\u00e9dita, determinou a redu\u00e7\u00e3o do campo eletromagn\u00e9tico gerado pelas linhas de transmiss\u00e3o de energia que cortam os bairros City Boa\u00e7ava e Alto de Pinheiros. \u00c9 a primeira vez que um tribunal do\u2026","rel":"","context":"Em &quot;X.Categorias velhas&quot;","block_context":{"text":"X.Categorias velhas","link":"https:\/\/www.jornalja.com.br\/arquivo\/category\/x-categorias-velhas\/"},"img":{"alt_text":"","src":"","width":0,"height":0},"classes":[]},{"id":13240,"url":"https:\/\/www.jornalja.com.br\/arquivo\/plano-diretor-estamos-construindo-o-caos\/","url_meta":{"origin":48932,"position":1},"title":"Plano diretor: &quot;Estamos construindo o caos&quot;","author":"Patr\u00edcia Marini","date":"26 de maio de 2014","format":false,"excerpt":"Desabafo que arquiteta Eliana Castilhos, delegada da Regi\u00e3o de Planejamento 1, postou nas redes sociais \u00e9 um testemunho do ambiente que se criou no Conselho do Plano Diretor de Porto Alegre, onde a aprova\u00e7\u00e3o de grandes empreendimentos \u00e9 empurrada guela abaixo dos conselheiros. Ao CMDUA Como delegada da Regi\u00e3o de\u2026","rel":"","context":"Em &quot;Geral&quot;","block_context":{"text":"Geral","link":"https:\/\/www.jornalja.com.br\/arquivo\/category\/geral\/"},"img":{"alt_text":"","src":"","width":0,"height":0},"classes":[]},{"id":13124,"url":"https:\/\/www.jornalja.com.br\/arquivo\/sangue-latino-no-iecine\/","url_meta":{"origin":48932,"position":2},"title":"Sangue latino no IECINE","author":"da Reda\u00e7\u00e3o","date":"18 de maio de 2014","format":false,"excerpt":"Francisco Ribeiro O Instituto Estadual de Cinema (IECINE) tem a frente, desde abril \u00faltimo, um novo diretor, o cineasta colombiano Juan Zapata, 36, que substitui Luiz Alberto Cassol. Radicado h\u00e1 dez anos em Porto Alegre, Zapata tem diante de si o desafio de conduzir at\u00e9 o final do ano um\u2026","rel":"","context":"Em &quot;Cultura-Geral&quot;","block_context":{"text":"Cultura-Geral","link":"https:\/\/www.jornalja.com.br\/arquivo\/category\/materiasecundaria\/"},"img":{"alt_text":"","src":"","width":0,"height":0},"classes":[]},{"id":13101,"url":"https:\/\/www.jornalja.com.br\/arquivo\/morre-um-guerreiro-do-texto\/","url_meta":{"origin":48932,"position":3},"title":"Morre um guerreiro do texto","author":"Patr\u00edcia Marini","date":"14 de maio de 2014","format":false,"excerpt":"Por Ricardo Kotscho Reproduzido do blog do autor, 11\/5\/2014; t\u00edtulo original \u201cE l\u00e1 se foi o nosso Myltainho, guerreiro do texto\u201d. Mi\u00fado e franzino, meu amigo Myltainho era um valente e inconformado guerreiro na luta contra as injusti\u00e7as sociais, a hipocrisia, as maracutaias, o autoritarismo, a intoler\u00e2ncia, a viol\u00eancia, o\u2026","rel":"","context":"Em &quot;Geral&quot;","block_context":{"text":"Geral","link":"https:\/\/www.jornalja.com.br\/arquivo\/category\/geral\/"},"img":{"alt_text":"","src":"","width":0,"height":0},"classes":[]}],"jetpack_shortlink":"https:\/\/wp.me\/pbQjBd-cJe","jetpack_featured_media_url":"","_links":{"self":[{"href":"https:\/\/www.jornalja.com.br\/arquivo\/wp-json\/wp\/v2\/posts\/48932","targetHints":{"allow":["GET"]}}],"collection":[{"href":"https:\/\/www.jornalja.com.br\/arquivo\/wp-json\/wp\/v2\/posts"}],"about":[{"href":"https:\/\/www.jornalja.com.br\/arquivo\/wp-json\/wp\/v2\/types\/post"}],"author":[{"embeddable":true,"href":"https:\/\/www.jornalja.com.br\/arquivo\/wp-json\/wp\/v2\/users\/4"}],"replies":[{"embeddable":true,"href":"https:\/\/www.jornalja.com.br\/arquivo\/wp-json\/wp\/v2\/comments?post=48932"}],"version-history":[{"count":0,"href":"https:\/\/www.jornalja.com.br\/arquivo\/wp-json\/wp\/v2\/posts\/48932\/revisions"}],"wp:attachment":[{"href":"https:\/\/www.jornalja.com.br\/arquivo\/wp-json\/wp\/v2\/media?parent=48932"}],"wp:term":[{"taxonomy":"category","embeddable":true,"href":"https:\/\/www.jornalja.com.br\/arquivo\/wp-json\/wp\/v2\/categories?post=48932"},{"taxonomy":"post_tag","embeddable":true,"href":"https:\/\/www.jornalja.com.br\/arquivo\/wp-json\/wp\/v2\/tags?post=48932"}],"curies":[{"name":"wp","href":"https:\/\/api.w.org\/{rel}","templated":true}]}}