{"id":48935,"date":"2017-05-25T15:23:32","date_gmt":"2017-05-25T18:23:32","guid":{"rendered":"https:\/\/www.jornalja.com.br\/?p=48935"},"modified":"2017-05-25T15:23:32","modified_gmt":"2017-05-25T18:23:32","slug":"temer-volta-atras-e-exercito-comeca-a-deixar-a-esplanada-dos-ministerios","status":"publish","type":"post","link":"https:\/\/www.jornalja.com.br\/arquivo\/temer-volta-atras-e-exercito-comeca-a-deixar-a-esplanada-dos-ministerios\/","title":{"rendered":"Temer volta atr\u00e1s e Ex\u00e9rcito come\u00e7a a deixar a Esplanada dos Minist\u00e9rios"},"content":{"rendered":"<div class=\"news-info\">\nO Minist\u00e9rio da Defesa informou que, com a <a href=\"http:\/\/pesquisa.in.gov.br\/imprensa\/jsp\/visualiza\/index.jsp?jornal=1000&amp;pagina=1&amp;data=25\/05\/2017\" target=\"_blank\" rel=\"noopener noreferrer\">revoga\u00e7\u00e3o do decreto<\/a> que autorizava o uso das For\u00e7as Armadas para refor\u00e7ar a seguran\u00e7a em Bras\u00edlia, os homens do Ex\u00e9rcito j\u00e1 come\u00e7aram a deixar a Esplanada dos Minist\u00e9rios. A retirada ser\u00e1 feita de forma gradativa, mas j\u00e1 foi iniciada, segundo a assessoria de imprensa.\n<\/div>\n<div class=\"news\">\nN\u00e3o h\u00e1 previs\u00e3o, segundo o minist\u00e9rio, de quando o processo de retirada das tropas do local deve ser totalmente conclu\u00eddo. A revoga\u00e7\u00e3o do decreto foi publicada hoje (25) por meio de edi\u00e7\u00e3o extra do <em>Di\u00e1rio Oficial da Uni\u00e3o<\/em>.<br \/>\nParlamentares que entraram com uma a\u00e7\u00e3o no Supremo Tribunal Federal (STF) pedindo a revoga\u00e7\u00e3o do decreto presidencial que determinou a presen\u00e7a das For\u00e7as Armadas na Esplanada dos Minist\u00e9rios chegaram a se reunir com a presidente da Corte, C\u00e1rmen L\u00facia, para tratar do assunto.<br \/>\nDurante a reuni\u00e3o, foram informados de que Michel Temer, havia revogado a medida. Os parlamentares comemoraram e para a senadora Gleisi Hoffmann (PT), a revoga\u00e7\u00e3o foi acertada.<br \/>\nO senador Randolfe Rodrigues (Rede) informou, ap\u00f3s o encontro, que a ministra C\u00e1rmen L\u00facia disse que o STF n\u00e3o iria agir politicamente, mas juridicamente, quando fosse provocado.<br \/>\nO decreto foi revogado menos de 24 horas ap\u00f3s ter sido editado. No in\u00edcio da manh\u00e3, o Ex\u00e9rcito esteve presente na Esplanada dos Minist\u00e9rios, principalmente nas proximidades dos pr\u00e9dios que foram depredados nessa quarta-feira (24).<br \/>\n<em>(Com\u00a0Paula Laboissi\u00e8re\/Ag\u00eancia Brasil Br e\u00a0Anna Luisa Praser\/R\u00e1dioag\u00eancia Nacional)<\/em>\n<\/div>\n","protected":false},"excerpt":{"rendered":"<p>O Minist\u00e9rio da Defesa informou que, com a revoga\u00e7\u00e3o do decreto que autorizava o uso das For\u00e7as Armadas para refor\u00e7ar a seguran\u00e7a em Bras\u00edlia, os homens do Ex\u00e9rcito j\u00e1 come\u00e7aram a deixar a Esplanada dos Minist\u00e9rios. A retirada ser\u00e1 feita de forma gradativa, mas j\u00e1 foi iniciada, segundo a assessoria de imprensa. N\u00e3o h\u00e1 previs\u00e3o, [&hellip;]<\/p>\n","protected":false},"author":4,"featured_media":48937,"comment_status":"open","ping_status":"closed","sticky":false,"template":"","format":"standard","meta":{"_jetpack_newsletter_access":"","_jetpack_dont_email_post_to_subs":false,"_jetpack_newsletter_tier_id":0,"_jetpack_memberships_contains_paywalled_content":false,"_jetpack_feature_clip_id":0,"_jetpack_memberships_contains_paid_content":false,"footnotes":"","jetpack_post_was_ever_published":false},"categories":[26],"tags":[],"class_list":["post-48935","post","type-post","status-publish","format-standard","has-post-thumbnail","hentry","category-geral"],"aioseo_notices":[],"aioseo_head":"\n\t\t<!-- All in One SEO 5.0.1.1 - aioseo.com -->\n\t<meta name=\"robots\" content=\"max-image-preview:large\" \/>\n\t<meta name=\"author\" content=\"da Reda\u00e7\u00e3o\"\/>\n\t<link rel=\"canonical\" href=\"https:\/\/www.jornalja.com.br\/arquivo\/temer-volta-atras-e-exercito-comeca-a-deixar-a-esplanada-dos-ministerios\/\" \/>\n\t<meta name=\"generator\" content=\"All in One SEO (AIOSEO) 5.0.1.1\" \/>\n\t\t<meta property=\"og:locale\" content=\"pt_BR\" \/>\n\t\t<meta property=\"og:site_name\" content=\"Arquivo | Jornal J\u00c1 | Porto Alegre\" \/>\n\t\t<meta property=\"og:type\" content=\"article\" \/>\n\t\t<meta property=\"og:title\" content=\"Temer volta atr\u00e1s e Ex\u00e9rcito come\u00e7a a deixar a Esplanada dos Minist\u00e9rios | Arquivo\" \/>\n\t\t<meta property=\"og:url\" content=\"https:\/\/www.jornalja.com.br\/arquivo\/temer-volta-atras-e-exercito-comeca-a-deixar-a-esplanada-dos-ministerios\/\" \/>\n\t\t<meta property=\"og:image\" content=\"https:\/\/www.jornalja.com.br\/economics\/wp-content\/uploads\/sites\/11\/2026\/08\/ja-folhaderosto-facebook.jpg\" \/>\n\t\t<meta property=\"og:image:secure_url\" content=\"https:\/\/www.jornalja.com.br\/economics\/wp-content\/uploads\/sites\/11\/2026\/08\/ja-folhaderosto-facebook.jpg\" \/>\n\t\t<meta property=\"article:published_time\" content=\"2017-05-25T18:23:32+00:00\" \/>\n\t\t<meta property=\"article:modified_time\" content=\"2017-05-25T18:23:32+00:00\" \/>\n\t\t<meta name=\"twitter:card\" content=\"summary\" \/>\n\t\t<meta name=\"twitter:title\" content=\"Temer volta atr\u00e1s e Ex\u00e9rcito come\u00e7a a deixar a Esplanada dos Minist\u00e9rios | Arquivo\" \/>\n\t\t<meta name=\"twitter:image\" content=\"https:\/\/www.jornalja.com.br\/economics\/wp-content\/uploads\/sites\/11\/2026\/08\/ja-folhaderosto-facebook.jpg\" \/>\n\t\t<script type=\"application\/ld+json\" class=\"aioseo-schema\">\n\t\t\t{\"@context\":\"https:\\\/\\\/schema.org\",\"@graph\":[{\"@type\":\"BlogPosting\",\"@id\":\"https:\\\/\\\/www.jornalja.com.br\\\/arquivo\\\/temer-volta-atras-e-exercito-comeca-a-deixar-a-esplanada-dos-ministerios\\\/#blogposting\",\"name\":\"Temer volta atr\\u00e1s e Ex\\u00e9rcito come\\u00e7a a deixar a Esplanada dos Minist\\u00e9rios | Arquivo\",\"headline\":\"Temer volta atr\\u00e1s e Ex\\u00e9rcito come\\u00e7a a deixar a Esplanada dos Minist\\u00e9rios\",\"author\":{\"@id\":\"https:\\\/\\\/www.jornalja.com.br\\\/arquivo\\\/author\\\/daredacao\\\/#author\"},\"publisher\":{\"@id\":\"https:\\\/\\\/www.jornalja.com.br\\\/arquivo\\\/#organization\"},\"image\":{\"@type\":\"ImageObject\",\"url\":48937},\"datePublished\":\"2017-05-25T15:23:32-03:00\",\"dateModified\":\"2017-05-25T15:23:32-03:00\",\"inLanguage\":\"pt-BR\",\"mainEntityOfPage\":{\"@id\":\"https:\\\/\\\/www.jornalja.com.br\\\/arquivo\\\/temer-volta-atras-e-exercito-comeca-a-deixar-a-esplanada-dos-ministerios\\\/#webpage\"},\"isPartOf\":{\"@id\":\"https:\\\/\\\/www.jornalja.com.br\\\/arquivo\\\/temer-volta-atras-e-exercito-comeca-a-deixar-a-esplanada-dos-ministerios\\\/#webpage\"},\"articleSection\":\"Geral\"},{\"@type\":\"BreadcrumbList\",\"@id\":\"https:\\\/\\\/www.jornalja.com.br\\\/arquivo\\\/temer-volta-atras-e-exercito-comeca-a-deixar-a-esplanada-dos-ministerios\\\/#breadcrumblist\",\"itemListElement\":[{\"@type\":\"ListItem\",\"@id\":\"https:\\\/\\\/www.jornalja.com.br\\\/arquivo#listItem\",\"position\":1,\"name\":\"Home\",\"item\":\"https:\\\/\\\/www.jornalja.com.br\\\/arquivo\",\"nextItem\":{\"@type\":\"ListItem\",\"@id\":\"https:\\\/\\\/www.jornalja.com.br\\\/arquivo\\\/category\\\/geral\\\/#listItem\",\"name\":\"Geral\"}},{\"@type\":\"ListItem\",\"@id\":\"https:\\\/\\\/www.jornalja.com.br\\\/arquivo\\\/category\\\/geral\\\/#listItem\",\"position\":2,\"name\":\"Geral\",\"item\":\"https:\\\/\\\/www.jornalja.com.br\\\/arquivo\\\/category\\\/geral\\\/\",\"nextItem\":{\"@type\":\"ListItem\",\"@id\":\"https:\\\/\\\/www.jornalja.com.br\\\/arquivo\\\/temer-volta-atras-e-exercito-comeca-a-deixar-a-esplanada-dos-ministerios\\\/#listItem\",\"name\":\"Temer volta atr\\u00e1s e Ex\\u00e9rcito come\\u00e7a a deixar a Esplanada dos Minist\\u00e9rios\"},\"previousItem\":{\"@type\":\"ListItem\",\"@id\":\"https:\\\/\\\/www.jornalja.com.br\\\/arquivo#listItem\",\"name\":\"Home\"}},{\"@type\":\"ListItem\",\"@id\":\"https:\\\/\\\/www.jornalja.com.br\\\/arquivo\\\/temer-volta-atras-e-exercito-comeca-a-deixar-a-esplanada-dos-ministerios\\\/#listItem\",\"position\":3,\"name\":\"Temer volta atr\\u00e1s e Ex\\u00e9rcito come\\u00e7a a deixar a Esplanada dos Minist\\u00e9rios\",\"previousItem\":{\"@type\":\"ListItem\",\"@id\":\"https:\\\/\\\/www.jornalja.com.br\\\/arquivo\\\/category\\\/geral\\\/#listItem\",\"name\":\"Geral\"}}]},{\"@type\":\"Organization\",\"@id\":\"https:\\\/\\\/www.jornalja.com.br\\\/arquivo\\\/#organization\",\"name\":\"Jornal J\\u00c1\",\"description\":\"Jornal J\\u00c1 | Porto Alegre\",\"url\":\"https:\\\/\\\/www.jornalja.com.br\\\/arquivo\\\/\",\"telephone\":\"+555133307272\",\"logo\":{\"@type\":\"ImageObject\",\"url\":\"https:\\\/\\\/www.jornalja.com.br\\\/wp-content\\\/uploads\\\/cards\\\/JAslogan.png\",\"@id\":\"https:\\\/\\\/www.jornalja.com.br\\\/arquivo\\\/temer-volta-atras-e-exercito-comeca-a-deixar-a-esplanada-dos-ministerios\\\/#organizationLogo\"},\"image\":{\"@id\":\"https:\\\/\\\/www.jornalja.com.br\\\/arquivo\\\/temer-volta-atras-e-exercito-comeca-a-deixar-a-esplanada-dos-ministerios\\\/#organizationLogo\"}},{\"@type\":\"Person\",\"@id\":\"https:\\\/\\\/www.jornalja.com.br\\\/arquivo\\\/author\\\/daredacao\\\/#author\",\"url\":\"https:\\\/\\\/www.jornalja.com.br\\\/arquivo\\\/author\\\/daredacao\\\/\",\"name\":\"da Reda\\u00e7\\u00e3o\",\"image\":{\"@type\":\"ImageObject\",\"@id\":\"https:\\\/\\\/www.jornalja.com.br\\\/arquivo\\\/temer-volta-atras-e-exercito-comeca-a-deixar-a-esplanada-dos-ministerios\\\/#authorImage\",\"url\":\"https:\\\/\\\/secure.gravatar.com\\\/avatar\\\/469fd857d6605ad19919d27ed29d35a968a25f6e8fd9318356bbb7f57aae9c65?s=96&d=mm&r=g\",\"width\":96,\"height\":96,\"caption\":\"da Reda\\u00e7\\u00e3o\"}},{\"@type\":\"WebPage\",\"@id\":\"https:\\\/\\\/www.jornalja.com.br\\\/arquivo\\\/temer-volta-atras-e-exercito-comeca-a-deixar-a-esplanada-dos-ministerios\\\/#webpage\",\"url\":\"https:\\\/\\\/www.jornalja.com.br\\\/arquivo\\\/temer-volta-atras-e-exercito-comeca-a-deixar-a-esplanada-dos-ministerios\\\/\",\"name\":\"Temer volta atr\\u00e1s e Ex\\u00e9rcito come\\u00e7a a deixar a Esplanada dos Minist\\u00e9rios | Arquivo\",\"inLanguage\":\"pt-BR\",\"isPartOf\":{\"@id\":\"https:\\\/\\\/www.jornalja.com.br\\\/arquivo\\\/#website\"},\"breadcrumb\":{\"@id\":\"https:\\\/\\\/www.jornalja.com.br\\\/arquivo\\\/temer-volta-atras-e-exercito-comeca-a-deixar-a-esplanada-dos-ministerios\\\/#breadcrumblist\"},\"author\":{\"@id\":\"https:\\\/\\\/www.jornalja.com.br\\\/arquivo\\\/author\\\/daredacao\\\/#author\"},\"creator\":{\"@id\":\"https:\\\/\\\/www.jornalja.com.br\\\/arquivo\\\/author\\\/daredacao\\\/#author\"},\"image\":{\"@type\":\"ImageObject\",\"url\":48937,\"@id\":\"https:\\\/\\\/www.jornalja.com.br\\\/arquivo\\\/temer-volta-atras-e-exercito-comeca-a-deixar-a-esplanada-dos-ministerios\\\/#mainImage\"},\"primaryImageOfPage\":{\"@id\":\"https:\\\/\\\/www.jornalja.com.br\\\/arquivo\\\/temer-volta-atras-e-exercito-comeca-a-deixar-a-esplanada-dos-ministerios\\\/#mainImage\"},\"datePublished\":\"2017-05-25T15:23:32-03:00\",\"dateModified\":\"2017-05-25T15:23:32-03:00\"},{\"@type\":\"WebSite\",\"@id\":\"https:\\\/\\\/www.jornalja.com.br\\\/arquivo\\\/#website\",\"url\":\"https:\\\/\\\/www.jornalja.com.br\\\/arquivo\\\/\",\"name\":\"Arquivo\",\"description\":\"Jornal J\\u00c1 | Porto Alegre\",\"inLanguage\":\"pt-BR\",\"publisher\":{\"@id\":\"https:\\\/\\\/www.jornalja.com.br\\\/arquivo\\\/#organization\"}}]}\n\t\t<\/script>\n\t\t<!-- All in One SEO -->\n\n","aioseo_head_json":{"title":"Temer volta atr\u00e1s e Ex\u00e9rcito come\u00e7a a deixar a Esplanada dos Minist\u00e9rios | Arquivo","description":"","canonical_url":"https:\/\/www.jornalja.com.br\/arquivo\/temer-volta-atras-e-exercito-comeca-a-deixar-a-esplanada-dos-ministerios\/","robots":"max-image-preview:large","keywords":"","webmasterTools":{"miscellaneous":""},"schema":{"@context":"https:\/\/schema.org","@graph":[{"@type":"BlogPosting","@id":"https:\/\/www.jornalja.com.br\/arquivo\/temer-volta-atras-e-exercito-comeca-a-deixar-a-esplanada-dos-ministerios\/#blogposting","name":"Temer volta atr\u00e1s e Ex\u00e9rcito come\u00e7a a deixar a Esplanada dos Minist\u00e9rios | Arquivo","headline":"Temer volta atr\u00e1s e Ex\u00e9rcito come\u00e7a a deixar a Esplanada dos Minist\u00e9rios","author":{"@id":"https:\/\/www.jornalja.com.br\/arquivo\/author\/daredacao\/#author"},"publisher":{"@id":"https:\/\/www.jornalja.com.br\/arquivo\/#organization"},"image":{"@type":"ImageObject","url":48937},"datePublished":"2017-05-25T15:23:32-03:00","dateModified":"2017-05-25T15:23:32-03:00","inLanguage":"pt-BR","mainEntityOfPage":{"@id":"https:\/\/www.jornalja.com.br\/arquivo\/temer-volta-atras-e-exercito-comeca-a-deixar-a-esplanada-dos-ministerios\/#webpage"},"isPartOf":{"@id":"https:\/\/www.jornalja.com.br\/arquivo\/temer-volta-atras-e-exercito-comeca-a-deixar-a-esplanada-dos-ministerios\/#webpage"},"articleSection":"Geral"},{"@type":"BreadcrumbList","@id":"https:\/\/www.jornalja.com.br\/arquivo\/temer-volta-atras-e-exercito-comeca-a-deixar-a-esplanada-dos-ministerios\/#breadcrumblist","itemListElement":[{"@type":"ListItem","@id":"https:\/\/www.jornalja.com.br\/arquivo#listItem","position":1,"name":"Home","item":"https:\/\/www.jornalja.com.br\/arquivo","nextItem":{"@type":"ListItem","@id":"https:\/\/www.jornalja.com.br\/arquivo\/category\/geral\/#listItem","name":"Geral"}},{"@type":"ListItem","@id":"https:\/\/www.jornalja.com.br\/arquivo\/category\/geral\/#listItem","position":2,"name":"Geral","item":"https:\/\/www.jornalja.com.br\/arquivo\/category\/geral\/","nextItem":{"@type":"ListItem","@id":"https:\/\/www.jornalja.com.br\/arquivo\/temer-volta-atras-e-exercito-comeca-a-deixar-a-esplanada-dos-ministerios\/#listItem","name":"Temer volta atr\u00e1s e Ex\u00e9rcito come\u00e7a a deixar a Esplanada dos Minist\u00e9rios"},"previousItem":{"@type":"ListItem","@id":"https:\/\/www.jornalja.com.br\/arquivo#listItem","name":"Home"}},{"@type":"ListItem","@id":"https:\/\/www.jornalja.com.br\/arquivo\/temer-volta-atras-e-exercito-comeca-a-deixar-a-esplanada-dos-ministerios\/#listItem","position":3,"name":"Temer volta atr\u00e1s e Ex\u00e9rcito come\u00e7a a deixar a Esplanada dos Minist\u00e9rios","previousItem":{"@type":"ListItem","@id":"https:\/\/www.jornalja.com.br\/arquivo\/category\/geral\/#listItem","name":"Geral"}}]},{"@type":"Organization","@id":"https:\/\/www.jornalja.com.br\/arquivo\/#organization","name":"Jornal J\u00c1","description":"Jornal J\u00c1 | Porto Alegre","url":"https:\/\/www.jornalja.com.br\/arquivo\/","telephone":"+555133307272","logo":{"@type":"ImageObject","url":"https:\/\/www.jornalja.com.br\/wp-content\/uploads\/cards\/JAslogan.png","@id":"https:\/\/www.jornalja.com.br\/arquivo\/temer-volta-atras-e-exercito-comeca-a-deixar-a-esplanada-dos-ministerios\/#organizationLogo"},"image":{"@id":"https:\/\/www.jornalja.com.br\/arquivo\/temer-volta-atras-e-exercito-comeca-a-deixar-a-esplanada-dos-ministerios\/#organizationLogo"}},{"@type":"Person","@id":"https:\/\/www.jornalja.com.br\/arquivo\/author\/daredacao\/#author","url":"https:\/\/www.jornalja.com.br\/arquivo\/author\/daredacao\/","name":"da Reda\u00e7\u00e3o","image":{"@type":"ImageObject","@id":"https:\/\/www.jornalja.com.br\/arquivo\/temer-volta-atras-e-exercito-comeca-a-deixar-a-esplanada-dos-ministerios\/#authorImage","url":"https:\/\/secure.gravatar.com\/avatar\/469fd857d6605ad19919d27ed29d35a968a25f6e8fd9318356bbb7f57aae9c65?s=96&d=mm&r=g","width":96,"height":96,"caption":"da Reda\u00e7\u00e3o"}},{"@type":"WebPage","@id":"https:\/\/www.jornalja.com.br\/arquivo\/temer-volta-atras-e-exercito-comeca-a-deixar-a-esplanada-dos-ministerios\/#webpage","url":"https:\/\/www.jornalja.com.br\/arquivo\/temer-volta-atras-e-exercito-comeca-a-deixar-a-esplanada-dos-ministerios\/","name":"Temer volta atr\u00e1s e Ex\u00e9rcito come\u00e7a a deixar a Esplanada dos Minist\u00e9rios | Arquivo","inLanguage":"pt-BR","isPartOf":{"@id":"https:\/\/www.jornalja.com.br\/arquivo\/#website"},"breadcrumb":{"@id":"https:\/\/www.jornalja.com.br\/arquivo\/temer-volta-atras-e-exercito-comeca-a-deixar-a-esplanada-dos-ministerios\/#breadcrumblist"},"author":{"@id":"https:\/\/www.jornalja.com.br\/arquivo\/author\/daredacao\/#author"},"creator":{"@id":"https:\/\/www.jornalja.com.br\/arquivo\/author\/daredacao\/#author"},"image":{"@type":"ImageObject","url":48937,"@id":"https:\/\/www.jornalja.com.br\/arquivo\/temer-volta-atras-e-exercito-comeca-a-deixar-a-esplanada-dos-ministerios\/#mainImage"},"primaryImageOfPage":{"@id":"https:\/\/www.jornalja.com.br\/arquivo\/temer-volta-atras-e-exercito-comeca-a-deixar-a-esplanada-dos-ministerios\/#mainImage"},"datePublished":"2017-05-25T15:23:32-03:00","dateModified":"2017-05-25T15:23:32-03:00"},{"@type":"WebSite","@id":"https:\/\/www.jornalja.com.br\/arquivo\/#website","url":"https:\/\/www.jornalja.com.br\/arquivo\/","name":"Arquivo","description":"Jornal J\u00c1 | Porto Alegre","inLanguage":"pt-BR","publisher":{"@id":"https:\/\/www.jornalja.com.br\/arquivo\/#organization"}}]},"og:locale":"pt_BR","og:site_name":"Arquivo | Jornal J\u00c1 | Porto Alegre","og:type":"article","og:title":"Temer volta atr\u00e1s e Ex\u00e9rcito come\u00e7a a deixar a Esplanada dos Minist\u00e9rios | Arquivo","og:url":"https:\/\/www.jornalja.com.br\/arquivo\/temer-volta-atras-e-exercito-comeca-a-deixar-a-esplanada-dos-ministerios\/","og:image":"https:\/\/www.jornalja.com.br\/economics\/wp-content\/uploads\/sites\/11\/2026\/08\/ja-folhaderosto-facebook.jpg","og:image:secure_url":"https:\/\/www.jornalja.com.br\/economics\/wp-content\/uploads\/sites\/11\/2026\/08\/ja-folhaderosto-facebook.jpg","article:published_time":"2017-05-25T18:23:32+00:00","article:modified_time":"2017-05-25T18:23:32+00:00","twitter:card":"summary","twitter:title":"Temer volta atr\u00e1s e Ex\u00e9rcito come\u00e7a a deixar a Esplanada dos Minist\u00e9rios | Arquivo","twitter:image":"https:\/\/www.jornalja.com.br\/economics\/wp-content\/uploads\/sites\/11\/2026\/08\/ja-folhaderosto-facebook.jpg"},"aioseo_meta_data":{"post_id":"48935","title":null,"description":null,"keywords":null,"keyphrases":null,"primary_term":null,"canonical_url":null,"og_title":null,"og_description":null,"og_object_type":"default","og_image_type":"default","og_image_url":null,"og_image_width":null,"og_image_height":null,"og_image_custom_url":null,"og_image_custom_fields":null,"og_video":null,"og_custom_url":null,"og_article_section":null,"og_article_tags":null,"twitter_use_og":false,"twitter_card":"default","twitter_image_type":"default","twitter_image_url":null,"twitter_image_custom_url":null,"twitter_image_custom_fields":null,"twitter_title":null,"twitter_description":null,"schema":{"blockGraphs":[],"customGraphs":[],"default":{"data":{"Article":[],"Course":[],"Dataset":[],"FAQPage":[],"Movie":[],"Person":[],"Product":[],"ProductReview":[],"Car":[],"Recipe":[],"Service":[],"SoftwareApplication":[],"WebPage":[]},"graphName":"","isEnabled":true},"graphs":[],"defaultGraph":"","defaultPostTypeGraph":""},"schema_type":null,"schema_type_options":null,"pillar_content":false,"robots_default":true,"robots_noindex":false,"robots_noarchive":false,"robots_nosnippet":false,"robots_nofollow":false,"robots_noimageindex":false,"robots_noodp":false,"robots_notranslate":false,"robots_max_snippet":null,"robots_max_videopreview":null,"robots_max_imagepreview":"large","priority":null,"frequency":null,"location":null,"local_seo":null,"breadcrumb_settings":null,"limit_modified_date":false,"ai":null,"created":"2020-12-20 20:35:20","updated":"2025-07-19 21:47:33","seo_analyzer_scan_date":null,"focus_keyword":null,"additional_keywords":null,"truseo_locale":null},"jetpack_sharing_enabled":true,"jetpack-related-posts":[{"id":14241,"url":"https:\/\/www.jornalja.com.br\/arquivo\/o-guaiba-nas-imagens-poeticas-de-achutti\/","url_meta":{"origin":48935,"position":0},"title":"O Gua\u00edba nas imagens po\u00e9ticas de Achutti","author":"da Reda\u00e7\u00e3o","date":"18 de junho de 2014","format":false,"excerpt":"Em \u201cO Gua\u00edba por Achutti\u201d \u2013 obra financiada via Minist\u00e9rio da Cultura, produ\u00e7\u00e3o executiva de Pedro Longhi, e Fl\u00e1vio Wild como designer \u2013, o fot\u00f3grafo revela a beleza e as mazelas de um espa\u00e7o aqu\u00e1tico de \u00e1guas sempre renovadas, cheio de hist\u00f3rias e lendas como as das cidades que foram\u2026","rel":"","context":"Em &quot;Cultura-Geral&quot;","block_context":{"text":"Cultura-Geral","link":"https:\/\/www.jornalja.com.br\/arquivo\/category\/materiasecundaria\/"},"img":{"alt_text":"","src":"","width":0,"height":0},"classes":[]},{"id":12960,"url":"https:\/\/www.jornalja.com.br\/arquivo\/populacao-culpa-empresas-pela-greve-dos-rodoviarios\/","url_meta":{"origin":48935,"position":1},"title":"Popula\u00e7\u00e3o culpa empresas pela greve","author":"Patr\u00edcia Marini","date":"14 de fevereiro de 2014","format":false,"excerpt":"Pesquisa divulgada na edi\u00e7\u00e3o do jornal Metro desta sexta-feira,14, comprova o velho ditado: \u00e9 poss\u00edvel enganar muitos por algum tempo, mas n\u00e3o \u00e9 poss\u00edvel enganar a todos o tempo inteiro. A principal revela\u00e7\u00e3o foi que 59,8% dos entrevistados apontaram as empresas como as principais respons\u00e1veis pela grave e 46% culparam\u2026","rel":"","context":"Em &quot;X.Categorias velhas&quot;","block_context":{"text":"X.Categorias velhas","link":"https:\/\/www.jornalja.com.br\/arquivo\/category\/x-categorias-velhas\/"},"img":{"alt_text":"","src":"","width":0,"height":0},"classes":[]},{"id":13124,"url":"https:\/\/www.jornalja.com.br\/arquivo\/sangue-latino-no-iecine\/","url_meta":{"origin":48935,"position":2},"title":"Sangue latino no IECINE","author":"da Reda\u00e7\u00e3o","date":"18 de maio de 2014","format":false,"excerpt":"Francisco Ribeiro O Instituto Estadual de Cinema (IECINE) tem a frente, desde abril \u00faltimo, um novo diretor, o cineasta colombiano Juan Zapata, 36, que substitui Luiz Alberto Cassol. Radicado h\u00e1 dez anos em Porto Alegre, Zapata tem diante de si o desafio de conduzir at\u00e9 o final do ano um\u2026","rel":"","context":"Em &quot;Cultura-Geral&quot;","block_context":{"text":"Cultura-Geral","link":"https:\/\/www.jornalja.com.br\/arquivo\/category\/materiasecundaria\/"},"img":{"alt_text":"","src":"","width":0,"height":0},"classes":[]},{"id":13128,"url":"https:\/\/www.jornalja.com.br\/arquivo\/maconha-terra-diz-que-uso-medicinal-e-desculpa\/","url_meta":{"origin":48935,"position":3},"title":"Maconha: Terra diz que uso medicinal \u00e9 desculpa","author":"Patr\u00edcia Marini","date":"4 de junho de 2014","format":false,"excerpt":"A condi\u00e7\u00e3o de pol\u00edtico, em \u00e9poca de campanha de campanha eleitoral, tira for\u00e7a do discurso do m\u00e9dico Osmar Terra contra a legaliza\u00e7\u00e3o da maconha. A tese dele de que a libera\u00e7\u00e3o vai ampliar exponencialmente o consumo \u00e9 discutivel, o consumo \u00e9 corrente. Mas seus alertas quanto aos riscos tem que\u2026","rel":"","context":"Em &quot;X.Categorias velhas&quot;","block_context":{"text":"X.Categorias velhas","link":"https:\/\/www.jornalja.com.br\/arquivo\/category\/x-categorias-velhas\/"},"img":{"alt_text":"","src":"","width":0,"height":0},"classes":[]},{"id":13101,"url":"https:\/\/www.jornalja.com.br\/arquivo\/morre-um-guerreiro-do-texto\/","url_meta":{"origin":48935,"position":4},"title":"Morre um guerreiro do texto","author":"Patr\u00edcia Marini","date":"14 de maio de 2014","format":false,"excerpt":"Por Ricardo Kotscho Reproduzido do blog do autor, 11\/5\/2014; t\u00edtulo original \u201cE l\u00e1 se foi o nosso Myltainho, guerreiro do texto\u201d. Mi\u00fado e franzino, meu amigo Myltainho era um valente e inconformado guerreiro na luta contra as injusti\u00e7as sociais, a hipocrisia, as maracutaias, o autoritarismo, a intoler\u00e2ncia, a viol\u00eancia, o\u2026","rel":"","context":"Em &quot;Geral&quot;","block_context":{"text":"Geral","link":"https:\/\/www.jornalja.com.br\/arquivo\/category\/geral\/"},"img":{"alt_text":"","src":"","width":0,"height":0},"classes":[]},{"id":13240,"url":"https:\/\/www.jornalja.com.br\/arquivo\/plano-diretor-estamos-construindo-o-caos\/","url_meta":{"origin":48935,"position":5},"title":"Plano diretor: &quot;Estamos construindo o caos&quot;","author":"Patr\u00edcia Marini","date":"26 de maio de 2014","format":false,"excerpt":"Desabafo que arquiteta Eliana Castilhos, delegada da Regi\u00e3o de Planejamento 1, postou nas redes sociais \u00e9 um testemunho do ambiente que se criou no Conselho do Plano Diretor de Porto Alegre, onde a aprova\u00e7\u00e3o de grandes empreendimentos \u00e9 empurrada guela abaixo dos conselheiros. Ao CMDUA Como delegada da Regi\u00e3o de\u2026","rel":"","context":"Em &quot;Geral&quot;","block_context":{"text":"Geral","link":"https:\/\/www.jornalja.com.br\/arquivo\/category\/geral\/"},"img":{"alt_text":"","src":"","width":0,"height":0},"classes":[]}],"jetpack_shortlink":"https:\/\/wp.me\/pbQjBd-cJh","jetpack_featured_media_url":"","_links":{"self":[{"href":"https:\/\/www.jornalja.com.br\/arquivo\/wp-json\/wp\/v2\/posts\/48935","targetHints":{"allow":["GET"]}}],"collection":[{"href":"https:\/\/www.jornalja.com.br\/arquivo\/wp-json\/wp\/v2\/posts"}],"about":[{"href":"https:\/\/www.jornalja.com.br\/arquivo\/wp-json\/wp\/v2\/types\/post"}],"author":[{"embeddable":true,"href":"https:\/\/www.jornalja.com.br\/arquivo\/wp-json\/wp\/v2\/users\/4"}],"replies":[{"embeddable":true,"href":"https:\/\/www.jornalja.com.br\/arquivo\/wp-json\/wp\/v2\/comments?post=48935"}],"version-history":[{"count":0,"href":"https:\/\/www.jornalja.com.br\/arquivo\/wp-json\/wp\/v2\/posts\/48935\/revisions"}],"wp:attachment":[{"href":"https:\/\/www.jornalja.com.br\/arquivo\/wp-json\/wp\/v2\/media?parent=48935"}],"wp:term":[{"taxonomy":"category","embeddable":true,"href":"https:\/\/www.jornalja.com.br\/arquivo\/wp-json\/wp\/v2\/categories?post=48935"},{"taxonomy":"post_tag","embeddable":true,"href":"https:\/\/www.jornalja.com.br\/arquivo\/wp-json\/wp\/v2\/tags?post=48935"}],"curies":[{"name":"wp","href":"https:\/\/api.w.org\/{rel}","templated":true}]}}