{"id":48947,"date":"2017-05-25T19:54:57","date_gmt":"2017-05-25T22:54:57","guid":{"rendered":"https:\/\/www.jornalja.com.br\/?p=48947"},"modified":"2017-05-25T19:54:57","modified_gmt":"2017-05-25T22:54:57","slug":"privatizacoes-de-marchezan-abrangem-de-iluminacao-a-tratamento-de-esgoto","status":"publish","type":"post","link":"https:\/\/www.jornalja.com.br\/arquivo\/privatizacoes-de-marchezan-abrangem-de-iluminacao-a-tratamento-de-esgoto\/","title":{"rendered":"Concess\u00f5es de Marchezan abrangem de ilumina\u00e7\u00e3o a tratamento de esgoto"},"content":{"rendered":"<p><span class=\"intertit\">Matheus Chaparini<\/span><br \/>\nA gest\u00e3o Marchezan prepara um grande lote de parcerias com a iniciativa privada em Porto Alegre.<br \/>\nO prefeito pretende fazer parcerias &#8220;em todas as \u00e1reas&#8221;, como \u00a0declarou no lan\u00e7amento do Programa Municipal de Parcerias (Propar), no in\u00edcio de maio.<br \/>\nA lista do que Marchezan pretende passar a m\u00e3os privadas \u00e9 extensa e vai desde a ilumina\u00e7\u00e3o p\u00fablica e o tratamento de esgotos at\u00e9 a administra\u00e7\u00e3o do Mercado P\u00fablico.<br \/>\nNa Prefeitura, um grupo de 20 servidores vai receber\u00a0<a href=\"http:\/\/www2.portoalegre.rs.gov.br\/portal_pmpa_novo\/default.php?p_noticia=999189657&amp;CURSO+QUALIFICARA+SERVIDORES+NA+AREA+DE+PPPS\">treinamento em Parcerias P\u00fablico Privadas e concess\u00f5es.<\/a><br \/>\nO objetivo \u00e9 &#8220;criar um ambiente favor\u00e1vel e desmistificar a iniciativa das PPPs&#8221;, segundo o Secret\u00e1rio Municipal de Parcerias Estrat\u00e9gicas, Bruno Vanuzzi.<br \/>\nO contrato prev\u00ea treinamento de quatro servidores da Secretaria Municipal de Parcerias Estrat\u00e9gicas, al\u00e9m de 16 de outros setores da administra\u00e7\u00e3o municipal.<br \/>\nO curso \u00e9 de 30 horas\/aula ao longo de tr\u00eas meses a partir da assinatura do contrato, realizada em 19 de abril. As aulas ainda n\u00e3o iniciaram, pois a Prefeitura ainda define o m\u00e9todo de escolha dos servidores que participar\u00e3o.<br \/>\nA empresa respons\u00e1vel pelo treinamento \u00e9 a Radar PPP, especializada em gest\u00e3o empresarial, que firmou Termo de Coopera\u00e7\u00e3o com o Munic\u00edpio.<br \/>\nFundada em 2014, a Radar PPP tem sede em Nova Lima, Minas Gerais, e monitora mais de 650 projetos de concess\u00f5es no Brasil. Tem cerca de 20 empresas parceiras de diversos ramos como seguros, constru\u00e7\u00e3o, saneamento, energia e gest\u00e3o de res\u00edduos.<br \/>\nEntre eles, a CAF, Banco de Desenvolvimento da Am\u00e9rica Latina, que tem acordo firmado com a Prefeitura de Porto Alegre para o financiamento das obras da Orla do Gua\u00edba, al\u00e9m de pavimenta\u00e7\u00e3o de ruas e moderniza\u00e7\u00e3o do sistema da Secretaria Municipal da Fazenda.<br \/>\n<span class=\"intertit\">Programa de parcerias foi lan\u00e7ado este m\u00eas<\/span><br \/>\nNo in\u00edcio de maio, Marchezan<a href=\"http:\/\/www2.portoalegre.rs.gov.br\/portal_pmpa_novo\/default.php?p_noticia=999189799&amp;CRIADO+O+PROGRAMA+MUNICIPAL+DE+PARCERIAS+DE+PORTO+ALEGRE\"> lan\u00e7ou o Programa Municipal de Parcerias (Propar)<\/a> atrav\u00e9s do <a href=\"http:\/\/www2.portoalegre.rs.gov.br\/cgi-bin\/nph-brs?s1=000036078.DOCN.&amp;l=20&amp;u=\/netahtml\/sirel\/simples.html&amp;p=1&amp;r=1&amp;f=G&amp;d=atos&amp;SECT1=TEXT\">Decreto 19.736.<\/a> Foi criado tamb\u00e9m o Comit\u00ea Gestor do Propar (CGP), respons\u00e1vel pelo planejamento e execu\u00e7\u00e3o das parcerias.<br \/>\nO comit\u00ea \u00e9 presidido pelo prefeito e composto pelo vice, Gustavo Paim, e pelos secret\u00e1rios de Parcerias Estrat\u00e9gicas; Rela\u00e7\u00f5es Institucionais; Fazenda; Planejamento e Gest\u00e3o; Desenvolvimento Econ\u00f4mico; Transpar\u00eancia e Controladoria-Geral; al\u00e9m do Procurador-Geral do Munic\u00edpio, Bruno Miragem.<br \/>\nA reforma administrativa de Marchezan, aprovada pela C\u00e2mara o in\u00edcio deste ano, criou a Secretaria Municipal de Parcerias Estrat\u00e9gicas.<br \/>\nNo final de mar\u00e7o, Vanuzzi e seu adjunto, Fernando Dutra, estiveram em S\u00e3o Paulo, participando do 1\u00ba F\u00f3rum Canad\u00e1-Brasil de Infraestrutura PPP: Construindo o futuro.<br \/>\nAo longo da viagem, se reuniram tamb\u00e9m com Wilson Point, da Secretaria Municipal de Desestatiza\u00e7\u00e3o e Parcerias, com Isadora Cohen, diretora da Unidade de PPP da Secretaria de governo do Estado de S\u00e3o Paulo e com Mark Romoff, CEO do Conselho do Canad\u00e1 (The Canadian Council for Public-Private Partnerships).<\/p>\n","protected":false},"excerpt":{"rendered":"<p>Matheus Chaparini A gest\u00e3o Marchezan prepara um grande lote de parcerias com a iniciativa privada em Porto Alegre. O prefeito pretende fazer parcerias &#8220;em todas as \u00e1reas&#8221;, como \u00a0declarou no lan\u00e7amento do Programa Municipal de Parcerias (Propar), no in\u00edcio de maio. A lista do que Marchezan pretende passar a m\u00e3os privadas \u00e9 extensa e vai [&hellip;]<\/p>\n","protected":false},"author":4,"featured_media":48951,"comment_status":"open","ping_status":"closed","sticky":false,"template":"","format":"standard","meta":{"_jetpack_newsletter_access":"","_jetpack_dont_email_post_to_subs":false,"_jetpack_newsletter_tier_id":0,"_jetpack_memberships_contains_paywalled_content":false,"_jetpack_feature_clip_id":0,"_jetpack_memberships_contains_paid_content":false,"footnotes":"","jetpack_post_was_ever_published":false},"categories":[26],"tags":[],"class_list":["post-48947","post","type-post","status-publish","format-standard","has-post-thumbnail","hentry","category-geral"],"aioseo_notices":[],"aioseo_head":"\n\t\t<!-- All in One SEO 5.0.1.1 - aioseo.com -->\n\t<meta name=\"robots\" content=\"max-image-preview:large\" \/>\n\t<meta name=\"author\" content=\"da Reda\u00e7\u00e3o\"\/>\n\t<link rel=\"canonical\" href=\"https:\/\/www.jornalja.com.br\/arquivo\/privatizacoes-de-marchezan-abrangem-de-iluminacao-a-tratamento-de-esgoto\/\" \/>\n\t<meta name=\"generator\" content=\"All in One SEO (AIOSEO) 5.0.1.1\" \/>\n\t\t<meta property=\"og:locale\" content=\"pt_BR\" \/>\n\t\t<meta property=\"og:site_name\" content=\"Arquivo | Jornal J\u00c1 | Porto Alegre\" \/>\n\t\t<meta property=\"og:type\" content=\"article\" \/>\n\t\t<meta property=\"og:title\" content=\"Concess\u00f5es de Marchezan abrangem de ilumina\u00e7\u00e3o a tratamento de esgoto | Arquivo\" \/>\n\t\t<meta property=\"og:url\" content=\"https:\/\/www.jornalja.com.br\/arquivo\/privatizacoes-de-marchezan-abrangem-de-iluminacao-a-tratamento-de-esgoto\/\" \/>\n\t\t<meta property=\"og:image\" content=\"https:\/\/www.jornalja.com.br\/economics\/wp-content\/uploads\/sites\/11\/2026\/08\/ja-folhaderosto-facebook.jpg\" \/>\n\t\t<meta property=\"og:image:secure_url\" content=\"https:\/\/www.jornalja.com.br\/economics\/wp-content\/uploads\/sites\/11\/2026\/08\/ja-folhaderosto-facebook.jpg\" \/>\n\t\t<meta property=\"article:published_time\" content=\"2017-05-25T22:54:57+00:00\" \/>\n\t\t<meta property=\"article:modified_time\" content=\"2017-05-25T22:54:57+00:00\" \/>\n\t\t<meta name=\"twitter:card\" content=\"summary\" \/>\n\t\t<meta name=\"twitter:title\" content=\"Concess\u00f5es de Marchezan abrangem de ilumina\u00e7\u00e3o a tratamento de esgoto | Arquivo\" \/>\n\t\t<meta name=\"twitter:image\" content=\"https:\/\/www.jornalja.com.br\/economics\/wp-content\/uploads\/sites\/11\/2026\/08\/ja-folhaderosto-facebook.jpg\" \/>\n\t\t<script type=\"application\/ld+json\" class=\"aioseo-schema\">\n\t\t\t{\"@context\":\"https:\\\/\\\/schema.org\",\"@graph\":[{\"@type\":\"BlogPosting\",\"@id\":\"https:\\\/\\\/www.jornalja.com.br\\\/arquivo\\\/privatizacoes-de-marchezan-abrangem-de-iluminacao-a-tratamento-de-esgoto\\\/#blogposting\",\"name\":\"Concess\\u00f5es de Marchezan abrangem de ilumina\\u00e7\\u00e3o a tratamento de esgoto | Arquivo\",\"headline\":\"Concess\\u00f5es de Marchezan abrangem de ilumina\\u00e7\\u00e3o a tratamento de esgoto\",\"author\":{\"@id\":\"https:\\\/\\\/www.jornalja.com.br\\\/arquivo\\\/author\\\/daredacao\\\/#author\"},\"publisher\":{\"@id\":\"https:\\\/\\\/www.jornalja.com.br\\\/arquivo\\\/#organization\"},\"image\":{\"@type\":\"ImageObject\",\"url\":48951},\"datePublished\":\"2017-05-25T19:54:57-03:00\",\"dateModified\":\"2017-05-25T19:54:57-03:00\",\"inLanguage\":\"pt-BR\",\"mainEntityOfPage\":{\"@id\":\"https:\\\/\\\/www.jornalja.com.br\\\/arquivo\\\/privatizacoes-de-marchezan-abrangem-de-iluminacao-a-tratamento-de-esgoto\\\/#webpage\"},\"isPartOf\":{\"@id\":\"https:\\\/\\\/www.jornalja.com.br\\\/arquivo\\\/privatizacoes-de-marchezan-abrangem-de-iluminacao-a-tratamento-de-esgoto\\\/#webpage\"},\"articleSection\":\"Geral\"},{\"@type\":\"BreadcrumbList\",\"@id\":\"https:\\\/\\\/www.jornalja.com.br\\\/arquivo\\\/privatizacoes-de-marchezan-abrangem-de-iluminacao-a-tratamento-de-esgoto\\\/#breadcrumblist\",\"itemListElement\":[{\"@type\":\"ListItem\",\"@id\":\"https:\\\/\\\/www.jornalja.com.br\\\/arquivo#listItem\",\"position\":1,\"name\":\"Home\",\"item\":\"https:\\\/\\\/www.jornalja.com.br\\\/arquivo\",\"nextItem\":{\"@type\":\"ListItem\",\"@id\":\"https:\\\/\\\/www.jornalja.com.br\\\/arquivo\\\/category\\\/geral\\\/#listItem\",\"name\":\"Geral\"}},{\"@type\":\"ListItem\",\"@id\":\"https:\\\/\\\/www.jornalja.com.br\\\/arquivo\\\/category\\\/geral\\\/#listItem\",\"position\":2,\"name\":\"Geral\",\"item\":\"https:\\\/\\\/www.jornalja.com.br\\\/arquivo\\\/category\\\/geral\\\/\",\"nextItem\":{\"@type\":\"ListItem\",\"@id\":\"https:\\\/\\\/www.jornalja.com.br\\\/arquivo\\\/privatizacoes-de-marchezan-abrangem-de-iluminacao-a-tratamento-de-esgoto\\\/#listItem\",\"name\":\"Concess\\u00f5es de Marchezan abrangem de ilumina\\u00e7\\u00e3o a tratamento de esgoto\"},\"previousItem\":{\"@type\":\"ListItem\",\"@id\":\"https:\\\/\\\/www.jornalja.com.br\\\/arquivo#listItem\",\"name\":\"Home\"}},{\"@type\":\"ListItem\",\"@id\":\"https:\\\/\\\/www.jornalja.com.br\\\/arquivo\\\/privatizacoes-de-marchezan-abrangem-de-iluminacao-a-tratamento-de-esgoto\\\/#listItem\",\"position\":3,\"name\":\"Concess\\u00f5es de Marchezan abrangem de ilumina\\u00e7\\u00e3o a tratamento de esgoto\",\"previousItem\":{\"@type\":\"ListItem\",\"@id\":\"https:\\\/\\\/www.jornalja.com.br\\\/arquivo\\\/category\\\/geral\\\/#listItem\",\"name\":\"Geral\"}}]},{\"@type\":\"Organization\",\"@id\":\"https:\\\/\\\/www.jornalja.com.br\\\/arquivo\\\/#organization\",\"name\":\"Jornal J\\u00c1\",\"description\":\"Jornal J\\u00c1 | Porto Alegre\",\"url\":\"https:\\\/\\\/www.jornalja.com.br\\\/arquivo\\\/\",\"telephone\":\"+555133307272\",\"logo\":{\"@type\":\"ImageObject\",\"url\":\"https:\\\/\\\/www.jornalja.com.br\\\/wp-content\\\/uploads\\\/cards\\\/JAslogan.png\",\"@id\":\"https:\\\/\\\/www.jornalja.com.br\\\/arquivo\\\/privatizacoes-de-marchezan-abrangem-de-iluminacao-a-tratamento-de-esgoto\\\/#organizationLogo\"},\"image\":{\"@id\":\"https:\\\/\\\/www.jornalja.com.br\\\/arquivo\\\/privatizacoes-de-marchezan-abrangem-de-iluminacao-a-tratamento-de-esgoto\\\/#organizationLogo\"}},{\"@type\":\"Person\",\"@id\":\"https:\\\/\\\/www.jornalja.com.br\\\/arquivo\\\/author\\\/daredacao\\\/#author\",\"url\":\"https:\\\/\\\/www.jornalja.com.br\\\/arquivo\\\/author\\\/daredacao\\\/\",\"name\":\"da Reda\\u00e7\\u00e3o\",\"image\":{\"@type\":\"ImageObject\",\"@id\":\"https:\\\/\\\/www.jornalja.com.br\\\/arquivo\\\/privatizacoes-de-marchezan-abrangem-de-iluminacao-a-tratamento-de-esgoto\\\/#authorImage\",\"url\":\"https:\\\/\\\/secure.gravatar.com\\\/avatar\\\/469fd857d6605ad19919d27ed29d35a968a25f6e8fd9318356bbb7f57aae9c65?s=96&d=mm&r=g\",\"width\":96,\"height\":96,\"caption\":\"da Reda\\u00e7\\u00e3o\"}},{\"@type\":\"WebPage\",\"@id\":\"https:\\\/\\\/www.jornalja.com.br\\\/arquivo\\\/privatizacoes-de-marchezan-abrangem-de-iluminacao-a-tratamento-de-esgoto\\\/#webpage\",\"url\":\"https:\\\/\\\/www.jornalja.com.br\\\/arquivo\\\/privatizacoes-de-marchezan-abrangem-de-iluminacao-a-tratamento-de-esgoto\\\/\",\"name\":\"Concess\\u00f5es de Marchezan abrangem de ilumina\\u00e7\\u00e3o a tratamento de esgoto | Arquivo\",\"inLanguage\":\"pt-BR\",\"isPartOf\":{\"@id\":\"https:\\\/\\\/www.jornalja.com.br\\\/arquivo\\\/#website\"},\"breadcrumb\":{\"@id\":\"https:\\\/\\\/www.jornalja.com.br\\\/arquivo\\\/privatizacoes-de-marchezan-abrangem-de-iluminacao-a-tratamento-de-esgoto\\\/#breadcrumblist\"},\"author\":{\"@id\":\"https:\\\/\\\/www.jornalja.com.br\\\/arquivo\\\/author\\\/daredacao\\\/#author\"},\"creator\":{\"@id\":\"https:\\\/\\\/www.jornalja.com.br\\\/arquivo\\\/author\\\/daredacao\\\/#author\"},\"image\":{\"@type\":\"ImageObject\",\"url\":48951,\"@id\":\"https:\\\/\\\/www.jornalja.com.br\\\/arquivo\\\/privatizacoes-de-marchezan-abrangem-de-iluminacao-a-tratamento-de-esgoto\\\/#mainImage\"},\"primaryImageOfPage\":{\"@id\":\"https:\\\/\\\/www.jornalja.com.br\\\/arquivo\\\/privatizacoes-de-marchezan-abrangem-de-iluminacao-a-tratamento-de-esgoto\\\/#mainImage\"},\"datePublished\":\"2017-05-25T19:54:57-03:00\",\"dateModified\":\"2017-05-25T19:54:57-03:00\"},{\"@type\":\"WebSite\",\"@id\":\"https:\\\/\\\/www.jornalja.com.br\\\/arquivo\\\/#website\",\"url\":\"https:\\\/\\\/www.jornalja.com.br\\\/arquivo\\\/\",\"name\":\"Arquivo\",\"description\":\"Jornal J\\u00c1 | Porto Alegre\",\"inLanguage\":\"pt-BR\",\"publisher\":{\"@id\":\"https:\\\/\\\/www.jornalja.com.br\\\/arquivo\\\/#organization\"}}]}\n\t\t<\/script>\n\t\t<!-- All in One SEO -->\n\n","aioseo_head_json":{"title":"Concess\u00f5es de Marchezan abrangem de ilumina\u00e7\u00e3o a tratamento de esgoto | Arquivo","description":"","canonical_url":"https:\/\/www.jornalja.com.br\/arquivo\/privatizacoes-de-marchezan-abrangem-de-iluminacao-a-tratamento-de-esgoto\/","robots":"max-image-preview:large","keywords":"","webmasterTools":{"miscellaneous":""},"schema":{"@context":"https:\/\/schema.org","@graph":[{"@type":"BlogPosting","@id":"https:\/\/www.jornalja.com.br\/arquivo\/privatizacoes-de-marchezan-abrangem-de-iluminacao-a-tratamento-de-esgoto\/#blogposting","name":"Concess\u00f5es de Marchezan abrangem de ilumina\u00e7\u00e3o a tratamento de esgoto | Arquivo","headline":"Concess\u00f5es de Marchezan abrangem de ilumina\u00e7\u00e3o a tratamento de esgoto","author":{"@id":"https:\/\/www.jornalja.com.br\/arquivo\/author\/daredacao\/#author"},"publisher":{"@id":"https:\/\/www.jornalja.com.br\/arquivo\/#organization"},"image":{"@type":"ImageObject","url":48951},"datePublished":"2017-05-25T19:54:57-03:00","dateModified":"2017-05-25T19:54:57-03:00","inLanguage":"pt-BR","mainEntityOfPage":{"@id":"https:\/\/www.jornalja.com.br\/arquivo\/privatizacoes-de-marchezan-abrangem-de-iluminacao-a-tratamento-de-esgoto\/#webpage"},"isPartOf":{"@id":"https:\/\/www.jornalja.com.br\/arquivo\/privatizacoes-de-marchezan-abrangem-de-iluminacao-a-tratamento-de-esgoto\/#webpage"},"articleSection":"Geral"},{"@type":"BreadcrumbList","@id":"https:\/\/www.jornalja.com.br\/arquivo\/privatizacoes-de-marchezan-abrangem-de-iluminacao-a-tratamento-de-esgoto\/#breadcrumblist","itemListElement":[{"@type":"ListItem","@id":"https:\/\/www.jornalja.com.br\/arquivo#listItem","position":1,"name":"Home","item":"https:\/\/www.jornalja.com.br\/arquivo","nextItem":{"@type":"ListItem","@id":"https:\/\/www.jornalja.com.br\/arquivo\/category\/geral\/#listItem","name":"Geral"}},{"@type":"ListItem","@id":"https:\/\/www.jornalja.com.br\/arquivo\/category\/geral\/#listItem","position":2,"name":"Geral","item":"https:\/\/www.jornalja.com.br\/arquivo\/category\/geral\/","nextItem":{"@type":"ListItem","@id":"https:\/\/www.jornalja.com.br\/arquivo\/privatizacoes-de-marchezan-abrangem-de-iluminacao-a-tratamento-de-esgoto\/#listItem","name":"Concess\u00f5es de Marchezan abrangem de ilumina\u00e7\u00e3o a tratamento de esgoto"},"previousItem":{"@type":"ListItem","@id":"https:\/\/www.jornalja.com.br\/arquivo#listItem","name":"Home"}},{"@type":"ListItem","@id":"https:\/\/www.jornalja.com.br\/arquivo\/privatizacoes-de-marchezan-abrangem-de-iluminacao-a-tratamento-de-esgoto\/#listItem","position":3,"name":"Concess\u00f5es de Marchezan abrangem de ilumina\u00e7\u00e3o a tratamento de esgoto","previousItem":{"@type":"ListItem","@id":"https:\/\/www.jornalja.com.br\/arquivo\/category\/geral\/#listItem","name":"Geral"}}]},{"@type":"Organization","@id":"https:\/\/www.jornalja.com.br\/arquivo\/#organization","name":"Jornal J\u00c1","description":"Jornal J\u00c1 | Porto Alegre","url":"https:\/\/www.jornalja.com.br\/arquivo\/","telephone":"+555133307272","logo":{"@type":"ImageObject","url":"https:\/\/www.jornalja.com.br\/wp-content\/uploads\/cards\/JAslogan.png","@id":"https:\/\/www.jornalja.com.br\/arquivo\/privatizacoes-de-marchezan-abrangem-de-iluminacao-a-tratamento-de-esgoto\/#organizationLogo"},"image":{"@id":"https:\/\/www.jornalja.com.br\/arquivo\/privatizacoes-de-marchezan-abrangem-de-iluminacao-a-tratamento-de-esgoto\/#organizationLogo"}},{"@type":"Person","@id":"https:\/\/www.jornalja.com.br\/arquivo\/author\/daredacao\/#author","url":"https:\/\/www.jornalja.com.br\/arquivo\/author\/daredacao\/","name":"da Reda\u00e7\u00e3o","image":{"@type":"ImageObject","@id":"https:\/\/www.jornalja.com.br\/arquivo\/privatizacoes-de-marchezan-abrangem-de-iluminacao-a-tratamento-de-esgoto\/#authorImage","url":"https:\/\/secure.gravatar.com\/avatar\/469fd857d6605ad19919d27ed29d35a968a25f6e8fd9318356bbb7f57aae9c65?s=96&d=mm&r=g","width":96,"height":96,"caption":"da Reda\u00e7\u00e3o"}},{"@type":"WebPage","@id":"https:\/\/www.jornalja.com.br\/arquivo\/privatizacoes-de-marchezan-abrangem-de-iluminacao-a-tratamento-de-esgoto\/#webpage","url":"https:\/\/www.jornalja.com.br\/arquivo\/privatizacoes-de-marchezan-abrangem-de-iluminacao-a-tratamento-de-esgoto\/","name":"Concess\u00f5es de Marchezan abrangem de ilumina\u00e7\u00e3o a tratamento de esgoto | Arquivo","inLanguage":"pt-BR","isPartOf":{"@id":"https:\/\/www.jornalja.com.br\/arquivo\/#website"},"breadcrumb":{"@id":"https:\/\/www.jornalja.com.br\/arquivo\/privatizacoes-de-marchezan-abrangem-de-iluminacao-a-tratamento-de-esgoto\/#breadcrumblist"},"author":{"@id":"https:\/\/www.jornalja.com.br\/arquivo\/author\/daredacao\/#author"},"creator":{"@id":"https:\/\/www.jornalja.com.br\/arquivo\/author\/daredacao\/#author"},"image":{"@type":"ImageObject","url":48951,"@id":"https:\/\/www.jornalja.com.br\/arquivo\/privatizacoes-de-marchezan-abrangem-de-iluminacao-a-tratamento-de-esgoto\/#mainImage"},"primaryImageOfPage":{"@id":"https:\/\/www.jornalja.com.br\/arquivo\/privatizacoes-de-marchezan-abrangem-de-iluminacao-a-tratamento-de-esgoto\/#mainImage"},"datePublished":"2017-05-25T19:54:57-03:00","dateModified":"2017-05-25T19:54:57-03:00"},{"@type":"WebSite","@id":"https:\/\/www.jornalja.com.br\/arquivo\/#website","url":"https:\/\/www.jornalja.com.br\/arquivo\/","name":"Arquivo","description":"Jornal J\u00c1 | Porto Alegre","inLanguage":"pt-BR","publisher":{"@id":"https:\/\/www.jornalja.com.br\/arquivo\/#organization"}}]},"og:locale":"pt_BR","og:site_name":"Arquivo | Jornal J\u00c1 | Porto Alegre","og:type":"article","og:title":"Concess\u00f5es de Marchezan abrangem de ilumina\u00e7\u00e3o a tratamento de esgoto | Arquivo","og:url":"https:\/\/www.jornalja.com.br\/arquivo\/privatizacoes-de-marchezan-abrangem-de-iluminacao-a-tratamento-de-esgoto\/","og:image":"https:\/\/www.jornalja.com.br\/economics\/wp-content\/uploads\/sites\/11\/2026\/08\/ja-folhaderosto-facebook.jpg","og:image:secure_url":"https:\/\/www.jornalja.com.br\/economics\/wp-content\/uploads\/sites\/11\/2026\/08\/ja-folhaderosto-facebook.jpg","article:published_time":"2017-05-25T22:54:57+00:00","article:modified_time":"2017-05-25T22:54:57+00:00","twitter:card":"summary","twitter:title":"Concess\u00f5es de Marchezan abrangem de ilumina\u00e7\u00e3o a tratamento de esgoto | Arquivo","twitter:image":"https:\/\/www.jornalja.com.br\/economics\/wp-content\/uploads\/sites\/11\/2026\/08\/ja-folhaderosto-facebook.jpg"},"aioseo_meta_data":{"post_id":"48947","title":null,"description":null,"keywords":null,"keyphrases":null,"primary_term":null,"canonical_url":null,"og_title":null,"og_description":null,"og_object_type":"default","og_image_type":"default","og_image_url":null,"og_image_width":null,"og_image_height":null,"og_image_custom_url":null,"og_image_custom_fields":null,"og_video":null,"og_custom_url":null,"og_article_section":null,"og_article_tags":null,"twitter_use_og":false,"twitter_card":"default","twitter_image_type":"default","twitter_image_url":null,"twitter_image_custom_url":null,"twitter_image_custom_fields":null,"twitter_title":null,"twitter_description":null,"schema":{"blockGraphs":[],"customGraphs":[],"default":{"data":{"Article":[],"Course":[],"Dataset":[],"FAQPage":[],"Movie":[],"Person":[],"Product":[],"ProductReview":[],"Car":[],"Recipe":[],"Service":[],"SoftwareApplication":[],"WebPage":[]},"graphName":"","isEnabled":true},"graphs":[]},"schema_type":null,"schema_type_options":null,"pillar_content":false,"robots_default":true,"robots_noindex":false,"robots_noarchive":false,"robots_nosnippet":false,"robots_nofollow":false,"robots_noimageindex":false,"robots_noodp":false,"robots_notranslate":false,"robots_max_snippet":null,"robots_max_videopreview":null,"robots_max_imagepreview":"large","priority":null,"frequency":null,"location":null,"local_seo":null,"breadcrumb_settings":null,"limit_modified_date":false,"ai":null,"created":"2020-12-20 20:35:20","updated":"2025-07-19 21:47:33","seo_analyzer_scan_date":null,"focus_keyword":null,"additional_keywords":null,"truseo_locale":null},"jetpack_sharing_enabled":true,"jetpack-related-posts":[{"id":13128,"url":"https:\/\/www.jornalja.com.br\/arquivo\/maconha-terra-diz-que-uso-medicinal-e-desculpa\/","url_meta":{"origin":48947,"position":0},"title":"Maconha: Terra diz que uso medicinal \u00e9 desculpa","author":"Patr\u00edcia Marini","date":"4 de junho de 2014","format":false,"excerpt":"A condi\u00e7\u00e3o de pol\u00edtico, em \u00e9poca de campanha de campanha eleitoral, tira for\u00e7a do discurso do m\u00e9dico Osmar Terra contra a legaliza\u00e7\u00e3o da maconha. A tese dele de que a libera\u00e7\u00e3o vai ampliar exponencialmente o consumo \u00e9 discutivel, o consumo \u00e9 corrente. Mas seus alertas quanto aos riscos tem que\u2026","rel":"","context":"Em &quot;X.Categorias velhas&quot;","block_context":{"text":"X.Categorias velhas","link":"https:\/\/www.jornalja.com.br\/arquivo\/category\/x-categorias-velhas\/"},"img":{"alt_text":"","src":"","width":0,"height":0},"classes":[]},{"id":14241,"url":"https:\/\/www.jornalja.com.br\/arquivo\/o-guaiba-nas-imagens-poeticas-de-achutti\/","url_meta":{"origin":48947,"position":1},"title":"O Gua\u00edba nas imagens po\u00e9ticas de Achutti","author":"da Reda\u00e7\u00e3o","date":"18 de junho de 2014","format":false,"excerpt":"Em \u201cO Gua\u00edba por Achutti\u201d \u2013 obra financiada via Minist\u00e9rio da Cultura, produ\u00e7\u00e3o executiva de Pedro Longhi, e Fl\u00e1vio Wild como designer \u2013, o fot\u00f3grafo revela a beleza e as mazelas de um espa\u00e7o aqu\u00e1tico de \u00e1guas sempre renovadas, cheio de hist\u00f3rias e lendas como as das cidades que foram\u2026","rel":"","context":"Em &quot;Cultura-Geral&quot;","block_context":{"text":"Cultura-Geral","link":"https:\/\/www.jornalja.com.br\/arquivo\/category\/materiasecundaria\/"},"img":{"alt_text":"","src":"","width":0,"height":0},"classes":[]},{"id":13101,"url":"https:\/\/www.jornalja.com.br\/arquivo\/morre-um-guerreiro-do-texto\/","url_meta":{"origin":48947,"position":2},"title":"Morre um guerreiro do texto","author":"Patr\u00edcia Marini","date":"14 de maio de 2014","format":false,"excerpt":"Por Ricardo Kotscho Reproduzido do blog do autor, 11\/5\/2014; t\u00edtulo original \u201cE l\u00e1 se foi o nosso Myltainho, guerreiro do texto\u201d. Mi\u00fado e franzino, meu amigo Myltainho era um valente e inconformado guerreiro na luta contra as injusti\u00e7as sociais, a hipocrisia, as maracutaias, o autoritarismo, a intoler\u00e2ncia, a viol\u00eancia, o\u2026","rel":"","context":"Em &quot;Geral&quot;","block_context":{"text":"Geral","link":"https:\/\/www.jornalja.com.br\/arquivo\/category\/geral\/"},"img":{"alt_text":"","src":"","width":0,"height":0},"classes":[]},{"id":5440,"url":"https:\/\/www.jornalja.com.br\/arquivo\/casarao-da-venancio-destino-permanece-incerto\/","url_meta":{"origin":48947,"position":3},"title":"Estado ainda n\u00e3o sabe o que fazer com casar\u00e3o abandonado h\u00e1 20 anos","author":"Elmar Bones","date":"6 de julho de 2009","format":false,"excerpt":"O casar\u00e3o amarelo, numa esquina nobre de Porto Alegre (Ven\u00e2ncio Aires com Jo\u00e3o Pessoa), j\u00e1 abrigou uma escola. H\u00e1 duas d\u00e9cadas, pelo menos, est\u00e1 abandonado, porque seu propriet\u00e1rio, o governo do Estado do Rio Grande do Sul, n\u00e3o consegue achar um destino para ele. Planos n\u00e3o faltaram. O governador Ol\u00edvio\u2026","rel":"","context":"Em &quot;X.Categorias velhas&quot;","block_context":{"text":"X.Categorias velhas","link":"https:\/\/www.jornalja.com.br\/arquivo\/category\/x-categorias-velhas\/"},"img":{"alt_text":"geraldo1","src":"https:\/\/i0.wp.com\/www.jornalja.com.br\/wp-content\/uploads\/2009\/07\/geraldo1.jpg?resize=350%2C200&ssl=1","width":350,"height":200},"classes":[]},{"id":13240,"url":"https:\/\/www.jornalja.com.br\/arquivo\/plano-diretor-estamos-construindo-o-caos\/","url_meta":{"origin":48947,"position":4},"title":"Plano diretor: &quot;Estamos construindo o caos&quot;","author":"Patr\u00edcia Marini","date":"26 de maio de 2014","format":false,"excerpt":"Desabafo que arquiteta Eliana Castilhos, delegada da Regi\u00e3o de Planejamento 1, postou nas redes sociais \u00e9 um testemunho do ambiente que se criou no Conselho do Plano Diretor de Porto Alegre, onde a aprova\u00e7\u00e3o de grandes empreendimentos \u00e9 empurrada guela abaixo dos conselheiros. Ao CMDUA Como delegada da Regi\u00e3o de\u2026","rel":"","context":"Em &quot;Geral&quot;","block_context":{"text":"Geral","link":"https:\/\/www.jornalja.com.br\/arquivo\/category\/geral\/"},"img":{"alt_text":"","src":"","width":0,"height":0},"classes":[]}],"jetpack_shortlink":"https:\/\/wp.me\/pbQjBd-cJt","jetpack_featured_media_url":"","_links":{"self":[{"href":"https:\/\/www.jornalja.com.br\/arquivo\/wp-json\/wp\/v2\/posts\/48947","targetHints":{"allow":["GET"]}}],"collection":[{"href":"https:\/\/www.jornalja.com.br\/arquivo\/wp-json\/wp\/v2\/posts"}],"about":[{"href":"https:\/\/www.jornalja.com.br\/arquivo\/wp-json\/wp\/v2\/types\/post"}],"author":[{"embeddable":true,"href":"https:\/\/www.jornalja.com.br\/arquivo\/wp-json\/wp\/v2\/users\/4"}],"replies":[{"embeddable":true,"href":"https:\/\/www.jornalja.com.br\/arquivo\/wp-json\/wp\/v2\/comments?post=48947"}],"version-history":[{"count":0,"href":"https:\/\/www.jornalja.com.br\/arquivo\/wp-json\/wp\/v2\/posts\/48947\/revisions"}],"wp:attachment":[{"href":"https:\/\/www.jornalja.com.br\/arquivo\/wp-json\/wp\/v2\/media?parent=48947"}],"wp:term":[{"taxonomy":"category","embeddable":true,"href":"https:\/\/www.jornalja.com.br\/arquivo\/wp-json\/wp\/v2\/categories?post=48947"},{"taxonomy":"post_tag","embeddable":true,"href":"https:\/\/www.jornalja.com.br\/arquivo\/wp-json\/wp\/v2\/tags?post=48947"}],"curies":[{"name":"wp","href":"https:\/\/api.w.org\/{rel}","templated":true}]}}