{"id":49030,"date":"2017-05-26T19:22:45","date_gmt":"2017-05-26T22:22:45","guid":{"rendered":"https:\/\/www.jornalja.com.br\/?p=49030"},"modified":"2017-05-26T19:22:45","modified_gmt":"2017-05-26T22:22:45","slug":"projeto-que-retira-reajuste-automatico-a-servidores-gera-tumulto-entre-vereadores","status":"publish","type":"post","link":"https:\/\/www.jornalja.com.br\/arquivo\/projeto-que-retira-reajuste-automatico-a-servidores-gera-tumulto-entre-vereadores\/","title":{"rendered":"Projeto que retira reajuste autom\u00e1tico a servidores gera tumulto entre vereadores"},"content":{"rendered":"<p>O reajuste autom\u00e1tico dos sal\u00e1rios do funcionalismo municipal provocou um bate-boca entre os vereadores na quinta-feira, 25.<br \/>\nNa segunda-feira, 22, o plen\u00e1rio havia rejeitado o pedido de urg\u00eancia para a tramita\u00e7\u00e3o do projeto de lei enviado pela Prefeitura (PLE 002\/17) que altera a lei 9.870, de 2005 que prev\u00ea o reajuste salarial de servidores p\u00fablicos municipais automaticamente &#8220;com base nas perdas inflacion\u00e1rias do per\u00edodo&#8221;.<br \/>\nA lei determina que os vencimentos devem ser reajustados em maio de cada ano. A proposta do prefeito tamb\u00e9m revoga o par\u00e1grafo \u00fanico do artigo 1\u00ba da Lei 9.870\/05, que exclui da aplica\u00e7\u00e3o da lei \u201cos valores de remunera\u00e7\u00e3o percebidos a t\u00edtulo de subs\u00eddio\u201d.<br \/>\nO l\u00edder do governo, vereador Claudio Janta tentou justificar a pressa em votar o projeto: &#8220;n\u00e3o h\u00e1 dinheiro, o governo j\u00e1 mostrou isso a todos&#8221;.<br \/>\n<strong>Base do governo agiu r\u00e1pido<\/strong><br \/>\nTendo perdido a vota\u00e7\u00e3o para o regime de urg\u00eancia, a base do governo reagiu rapidamente, valendo-se do artigo 50 do regimento da casa. Conforme este artigo, se um\u00a0projeto tiver assinatura da maioria dos\u00a0vereadores pertencentes as comiss\u00f5es, o qual ele passa, as mesmas podem se reunir e aprovar parecer conjunto levando o projeto a plen\u00e1rio para vota\u00e7\u00e3o. Quando n\u00e3o h\u00e1 regime de urg\u00eancia o projeto deve passar separadamente por cada comiss\u00e3o.<br \/>\nO PLE 002\/17 passar\u00e1 pela an\u00e1lise de tr\u00eas comiss\u00f5es: Constitui\u00e7\u00e3o e Justi\u00e7a (CCJ), de Economia, Finan\u00e7as, Or\u00e7amento e do Mercosul (Cefor) e de Urbaniza\u00e7\u00e3o, Transportes e Habita\u00e7\u00e3o (Cuthab).<br \/>\nA base do governo reuniu as assinaturas necess\u00e1rias e marcou uma reuni\u00e3o na manh\u00e3 de quinta. Na mesa de reuni\u00e3o alguns vereadores pediram dilig\u00eancias sobre o projeto.\u00a0\u00a0O \u00a0vereador Adeli Sell (PT) solicitou que, antes da vota\u00e7\u00e3o do projeto, o Executivo municipal preste mais esclarecimentos sobre a situa\u00e7\u00e3o financeira do Munic\u00edpio. Ele considerou \u201cmuito vaga\u201d a express\u00e3o \u201cobservada a disponibilidade or\u00e7ament\u00e1rio-financeira do Munic\u00edpio\u201d, contida na proposta de altera\u00e7\u00e3o do caput do artigo 1\u00b0 da Lei Municipal 9.870, de 30 de novembro de 2005.<br \/>\nJ\u00e1 o vereador\u00a0Valter Nagelstein (PMDB) ressaltou que a casa ter\u00e1\u00a0no dia 19 de junho, \u00a0uma audi\u00eancia p\u00fablica para tratar do assunto, achando assim inadequado que a vota\u00e7\u00e3o ocorra antes disso. Nagelstein tamb\u00e9m alertou que a aprova\u00e7\u00e3o do projeto, retirando a reposi\u00e7\u00e3o do \u00edndice de infla\u00e7\u00e3o do per\u00edodo ao sal\u00e1rio dos servidores, causar\u00e1 &#8220;enorme constrangimento&#8221; aos vereadores, que j\u00e1 decidiram conceder a mesma reposi\u00e7\u00e3o aos seus pr\u00f3prios subs\u00eddios. O vereador ainda solicitou que sejam anexadas ao processo as informa\u00e7\u00f5es sobre a decis\u00e3o liminar da Justi\u00e7a que pro\u00edbe o parcelamento dos sal\u00e1rios dos servidores. \u201cAntes de votarmos o projeto, temos de saber essas informa\u00e7\u00f5es.\u201d<br \/>\nAs dilig\u00eancias foram atendidas sem demora e uma nova reuni\u00e3o foi marcada para a tarde, ao mesmo tempo que um outro evento (a import\u00e2ncia da Secretaria de Esportes) ocorria na C\u00e2mara, o que causou desagrado e contrariedade de alguns vereadores. Os vereadores Cassi\u00e1 Carpes (PP), Fernanda Melchionna (PSOL) e Dr. Thiago (DEM) utilizaram o microfone durante a sess\u00e3o para se manifestar contra. &#8220;H\u00e1 uma reuni\u00e3o sendo realizada nas &#8220;surdinas&#8221; aqui ao lado, tratando de um assunto de extrema import\u00e2ncia para os servidores de Porto Alegre&#8221;, reclamou Fernanda.<br \/>\n<strong>L\u00edder da Oposi\u00e7\u00e3o adia parecer<\/strong><br \/>\nMelchionna entrou na sala e imediatamente pediu o adiamento da reuni\u00e3o. &#8220;N\u00e3o fui notificada desta reuni\u00e3o, perten\u00e7o \u00e0 CUTHAB, tamb\u00e9m sou vereadora&#8221;, exclamou a parlamentar diante dos colegas.<br \/>\nAlguns vereadores estavam visivelmente irritados. Ap\u00f3s uma breve discuss\u00e3o, o vereador Mendes Ribeiro (PDMB), presidente da CCJ acatou o pedido de Melchionna e transferiu a reuni\u00e3o para a pr\u00f3xima segunda-feira, dia 29.<\/p>\n","protected":false},"excerpt":{"rendered":"<p>O reajuste autom\u00e1tico dos sal\u00e1rios do funcionalismo municipal provocou um bate-boca entre os vereadores na quinta-feira, 25. Na segunda-feira, 22, o plen\u00e1rio havia rejeitado o pedido de urg\u00eancia para a tramita\u00e7\u00e3o do projeto de lei enviado pela Prefeitura (PLE 002\/17) que altera a lei 9.870, de 2005 que prev\u00ea o reajuste salarial de servidores p\u00fablicos [&hellip;]<\/p>\n","protected":false},"author":4,"featured_media":49046,"comment_status":"open","ping_status":"closed","sticky":false,"template":"","format":"standard","meta":{"_jetpack_newsletter_access":"","_jetpack_dont_email_post_to_subs":false,"_jetpack_newsletter_tier_id":0,"_jetpack_memberships_contains_paywalled_content":false,"_jetpack_feature_clip_id":0,"_jetpack_memberships_contains_paid_content":false,"footnotes":"","jetpack_post_was_ever_published":false},"categories":[26],"tags":[],"class_list":["post-49030","post","type-post","status-publish","format-standard","has-post-thumbnail","hentry","category-geral"],"aioseo_notices":[],"aioseo_head":"\n\t\t<!-- All in One SEO 5.0.1.1 - aioseo.com -->\n\t<meta name=\"robots\" content=\"max-image-preview:large\" \/>\n\t<meta name=\"author\" content=\"da Reda\u00e7\u00e3o\"\/>\n\t<link rel=\"canonical\" href=\"https:\/\/www.jornalja.com.br\/arquivo\/projeto-que-retira-reajuste-automatico-a-servidores-gera-tumulto-entre-vereadores\/\" \/>\n\t<meta name=\"generator\" content=\"All in One SEO (AIOSEO) 5.0.1.1\" \/>\n\t\t<meta property=\"og:locale\" content=\"pt_BR\" \/>\n\t\t<meta property=\"og:site_name\" content=\"Arquivo | Jornal J\u00c1 | Porto Alegre\" \/>\n\t\t<meta property=\"og:type\" content=\"article\" \/>\n\t\t<meta property=\"og:title\" content=\"Projeto que retira reajuste autom\u00e1tico a servidores gera tumulto entre vereadores | Arquivo\" \/>\n\t\t<meta property=\"og:url\" content=\"https:\/\/www.jornalja.com.br\/arquivo\/projeto-que-retira-reajuste-automatico-a-servidores-gera-tumulto-entre-vereadores\/\" \/>\n\t\t<meta property=\"og:image\" content=\"https:\/\/www.jornalja.com.br\/economics\/wp-content\/uploads\/sites\/11\/2026\/08\/ja-folhaderosto-facebook.jpg\" \/>\n\t\t<meta property=\"og:image:secure_url\" content=\"https:\/\/www.jornalja.com.br\/economics\/wp-content\/uploads\/sites\/11\/2026\/08\/ja-folhaderosto-facebook.jpg\" \/>\n\t\t<meta property=\"article:published_time\" content=\"2017-05-26T22:22:45+00:00\" \/>\n\t\t<meta property=\"article:modified_time\" content=\"2017-05-26T22:22:45+00:00\" \/>\n\t\t<meta name=\"twitter:card\" content=\"summary\" \/>\n\t\t<meta name=\"twitter:title\" content=\"Projeto que retira reajuste autom\u00e1tico a servidores gera tumulto entre vereadores | Arquivo\" \/>\n\t\t<meta name=\"twitter:image\" content=\"https:\/\/www.jornalja.com.br\/economics\/wp-content\/uploads\/sites\/11\/2026\/08\/ja-folhaderosto-facebook.jpg\" \/>\n\t\t<script type=\"application\/ld+json\" class=\"aioseo-schema\">\n\t\t\t{\"@context\":\"https:\\\/\\\/schema.org\",\"@graph\":[{\"@type\":\"BlogPosting\",\"@id\":\"https:\\\/\\\/www.jornalja.com.br\\\/arquivo\\\/projeto-que-retira-reajuste-automatico-a-servidores-gera-tumulto-entre-vereadores\\\/#blogposting\",\"name\":\"Projeto que retira reajuste autom\\u00e1tico a servidores gera tumulto entre vereadores | Arquivo\",\"headline\":\"Projeto que retira reajuste autom\\u00e1tico a servidores gera tumulto entre vereadores\",\"author\":{\"@id\":\"https:\\\/\\\/www.jornalja.com.br\\\/arquivo\\\/author\\\/daredacao\\\/#author\"},\"publisher\":{\"@id\":\"https:\\\/\\\/www.jornalja.com.br\\\/arquivo\\\/#organization\"},\"image\":{\"@type\":\"ImageObject\",\"url\":49046},\"datePublished\":\"2017-05-26T19:22:45-03:00\",\"dateModified\":\"2017-05-26T19:22:45-03:00\",\"inLanguage\":\"pt-BR\",\"mainEntityOfPage\":{\"@id\":\"https:\\\/\\\/www.jornalja.com.br\\\/arquivo\\\/projeto-que-retira-reajuste-automatico-a-servidores-gera-tumulto-entre-vereadores\\\/#webpage\"},\"isPartOf\":{\"@id\":\"https:\\\/\\\/www.jornalja.com.br\\\/arquivo\\\/projeto-que-retira-reajuste-automatico-a-servidores-gera-tumulto-entre-vereadores\\\/#webpage\"},\"articleSection\":\"Geral\"},{\"@type\":\"BreadcrumbList\",\"@id\":\"https:\\\/\\\/www.jornalja.com.br\\\/arquivo\\\/projeto-que-retira-reajuste-automatico-a-servidores-gera-tumulto-entre-vereadores\\\/#breadcrumblist\",\"itemListElement\":[{\"@type\":\"ListItem\",\"@id\":\"https:\\\/\\\/www.jornalja.com.br\\\/arquivo#listItem\",\"position\":1,\"name\":\"Home\",\"item\":\"https:\\\/\\\/www.jornalja.com.br\\\/arquivo\",\"nextItem\":{\"@type\":\"ListItem\",\"@id\":\"https:\\\/\\\/www.jornalja.com.br\\\/arquivo\\\/category\\\/geral\\\/#listItem\",\"name\":\"Geral\"}},{\"@type\":\"ListItem\",\"@id\":\"https:\\\/\\\/www.jornalja.com.br\\\/arquivo\\\/category\\\/geral\\\/#listItem\",\"position\":2,\"name\":\"Geral\",\"item\":\"https:\\\/\\\/www.jornalja.com.br\\\/arquivo\\\/category\\\/geral\\\/\",\"nextItem\":{\"@type\":\"ListItem\",\"@id\":\"https:\\\/\\\/www.jornalja.com.br\\\/arquivo\\\/projeto-que-retira-reajuste-automatico-a-servidores-gera-tumulto-entre-vereadores\\\/#listItem\",\"name\":\"Projeto que retira reajuste autom\\u00e1tico a servidores gera tumulto entre vereadores\"},\"previousItem\":{\"@type\":\"ListItem\",\"@id\":\"https:\\\/\\\/www.jornalja.com.br\\\/arquivo#listItem\",\"name\":\"Home\"}},{\"@type\":\"ListItem\",\"@id\":\"https:\\\/\\\/www.jornalja.com.br\\\/arquivo\\\/projeto-que-retira-reajuste-automatico-a-servidores-gera-tumulto-entre-vereadores\\\/#listItem\",\"position\":3,\"name\":\"Projeto que retira reajuste autom\\u00e1tico a servidores gera tumulto entre vereadores\",\"previousItem\":{\"@type\":\"ListItem\",\"@id\":\"https:\\\/\\\/www.jornalja.com.br\\\/arquivo\\\/category\\\/geral\\\/#listItem\",\"name\":\"Geral\"}}]},{\"@type\":\"Organization\",\"@id\":\"https:\\\/\\\/www.jornalja.com.br\\\/arquivo\\\/#organization\",\"name\":\"Jornal J\\u00c1\",\"description\":\"Jornal J\\u00c1 | Porto Alegre\",\"url\":\"https:\\\/\\\/www.jornalja.com.br\\\/arquivo\\\/\",\"telephone\":\"+555133307272\",\"logo\":{\"@type\":\"ImageObject\",\"url\":\"https:\\\/\\\/www.jornalja.com.br\\\/wp-content\\\/uploads\\\/cards\\\/JAslogan.png\",\"@id\":\"https:\\\/\\\/www.jornalja.com.br\\\/arquivo\\\/projeto-que-retira-reajuste-automatico-a-servidores-gera-tumulto-entre-vereadores\\\/#organizationLogo\"},\"image\":{\"@id\":\"https:\\\/\\\/www.jornalja.com.br\\\/arquivo\\\/projeto-que-retira-reajuste-automatico-a-servidores-gera-tumulto-entre-vereadores\\\/#organizationLogo\"}},{\"@type\":\"Person\",\"@id\":\"https:\\\/\\\/www.jornalja.com.br\\\/arquivo\\\/author\\\/daredacao\\\/#author\",\"url\":\"https:\\\/\\\/www.jornalja.com.br\\\/arquivo\\\/author\\\/daredacao\\\/\",\"name\":\"da Reda\\u00e7\\u00e3o\",\"image\":{\"@type\":\"ImageObject\",\"@id\":\"https:\\\/\\\/www.jornalja.com.br\\\/arquivo\\\/projeto-que-retira-reajuste-automatico-a-servidores-gera-tumulto-entre-vereadores\\\/#authorImage\",\"url\":\"https:\\\/\\\/secure.gravatar.com\\\/avatar\\\/469fd857d6605ad19919d27ed29d35a968a25f6e8fd9318356bbb7f57aae9c65?s=96&d=mm&r=g\",\"width\":96,\"height\":96,\"caption\":\"da Reda\\u00e7\\u00e3o\"}},{\"@type\":\"WebPage\",\"@id\":\"https:\\\/\\\/www.jornalja.com.br\\\/arquivo\\\/projeto-que-retira-reajuste-automatico-a-servidores-gera-tumulto-entre-vereadores\\\/#webpage\",\"url\":\"https:\\\/\\\/www.jornalja.com.br\\\/arquivo\\\/projeto-que-retira-reajuste-automatico-a-servidores-gera-tumulto-entre-vereadores\\\/\",\"name\":\"Projeto que retira reajuste autom\\u00e1tico a servidores gera tumulto entre vereadores | Arquivo\",\"inLanguage\":\"pt-BR\",\"isPartOf\":{\"@id\":\"https:\\\/\\\/www.jornalja.com.br\\\/arquivo\\\/#website\"},\"breadcrumb\":{\"@id\":\"https:\\\/\\\/www.jornalja.com.br\\\/arquivo\\\/projeto-que-retira-reajuste-automatico-a-servidores-gera-tumulto-entre-vereadores\\\/#breadcrumblist\"},\"author\":{\"@id\":\"https:\\\/\\\/www.jornalja.com.br\\\/arquivo\\\/author\\\/daredacao\\\/#author\"},\"creator\":{\"@id\":\"https:\\\/\\\/www.jornalja.com.br\\\/arquivo\\\/author\\\/daredacao\\\/#author\"},\"image\":{\"@type\":\"ImageObject\",\"url\":49046,\"@id\":\"https:\\\/\\\/www.jornalja.com.br\\\/arquivo\\\/projeto-que-retira-reajuste-automatico-a-servidores-gera-tumulto-entre-vereadores\\\/#mainImage\"},\"primaryImageOfPage\":{\"@id\":\"https:\\\/\\\/www.jornalja.com.br\\\/arquivo\\\/projeto-que-retira-reajuste-automatico-a-servidores-gera-tumulto-entre-vereadores\\\/#mainImage\"},\"datePublished\":\"2017-05-26T19:22:45-03:00\",\"dateModified\":\"2017-05-26T19:22:45-03:00\"},{\"@type\":\"WebSite\",\"@id\":\"https:\\\/\\\/www.jornalja.com.br\\\/arquivo\\\/#website\",\"url\":\"https:\\\/\\\/www.jornalja.com.br\\\/arquivo\\\/\",\"name\":\"Arquivo\",\"description\":\"Jornal J\\u00c1 | Porto Alegre\",\"inLanguage\":\"pt-BR\",\"publisher\":{\"@id\":\"https:\\\/\\\/www.jornalja.com.br\\\/arquivo\\\/#organization\"}}]}\n\t\t<\/script>\n\t\t<!-- All in One SEO -->\n\n","aioseo_head_json":{"title":"Projeto que retira reajuste autom\u00e1tico a servidores gera tumulto entre vereadores | Arquivo","description":"","canonical_url":"https:\/\/www.jornalja.com.br\/arquivo\/projeto-que-retira-reajuste-automatico-a-servidores-gera-tumulto-entre-vereadores\/","robots":"max-image-preview:large","keywords":"","webmasterTools":{"miscellaneous":""},"schema":{"@context":"https:\/\/schema.org","@graph":[{"@type":"BlogPosting","@id":"https:\/\/www.jornalja.com.br\/arquivo\/projeto-que-retira-reajuste-automatico-a-servidores-gera-tumulto-entre-vereadores\/#blogposting","name":"Projeto que retira reajuste autom\u00e1tico a servidores gera tumulto entre vereadores | Arquivo","headline":"Projeto que retira reajuste autom\u00e1tico a servidores gera tumulto entre vereadores","author":{"@id":"https:\/\/www.jornalja.com.br\/arquivo\/author\/daredacao\/#author"},"publisher":{"@id":"https:\/\/www.jornalja.com.br\/arquivo\/#organization"},"image":{"@type":"ImageObject","url":49046},"datePublished":"2017-05-26T19:22:45-03:00","dateModified":"2017-05-26T19:22:45-03:00","inLanguage":"pt-BR","mainEntityOfPage":{"@id":"https:\/\/www.jornalja.com.br\/arquivo\/projeto-que-retira-reajuste-automatico-a-servidores-gera-tumulto-entre-vereadores\/#webpage"},"isPartOf":{"@id":"https:\/\/www.jornalja.com.br\/arquivo\/projeto-que-retira-reajuste-automatico-a-servidores-gera-tumulto-entre-vereadores\/#webpage"},"articleSection":"Geral"},{"@type":"BreadcrumbList","@id":"https:\/\/www.jornalja.com.br\/arquivo\/projeto-que-retira-reajuste-automatico-a-servidores-gera-tumulto-entre-vereadores\/#breadcrumblist","itemListElement":[{"@type":"ListItem","@id":"https:\/\/www.jornalja.com.br\/arquivo#listItem","position":1,"name":"Home","item":"https:\/\/www.jornalja.com.br\/arquivo","nextItem":{"@type":"ListItem","@id":"https:\/\/www.jornalja.com.br\/arquivo\/category\/geral\/#listItem","name":"Geral"}},{"@type":"ListItem","@id":"https:\/\/www.jornalja.com.br\/arquivo\/category\/geral\/#listItem","position":2,"name":"Geral","item":"https:\/\/www.jornalja.com.br\/arquivo\/category\/geral\/","nextItem":{"@type":"ListItem","@id":"https:\/\/www.jornalja.com.br\/arquivo\/projeto-que-retira-reajuste-automatico-a-servidores-gera-tumulto-entre-vereadores\/#listItem","name":"Projeto que retira reajuste autom\u00e1tico a servidores gera tumulto entre vereadores"},"previousItem":{"@type":"ListItem","@id":"https:\/\/www.jornalja.com.br\/arquivo#listItem","name":"Home"}},{"@type":"ListItem","@id":"https:\/\/www.jornalja.com.br\/arquivo\/projeto-que-retira-reajuste-automatico-a-servidores-gera-tumulto-entre-vereadores\/#listItem","position":3,"name":"Projeto que retira reajuste autom\u00e1tico a servidores gera tumulto entre vereadores","previousItem":{"@type":"ListItem","@id":"https:\/\/www.jornalja.com.br\/arquivo\/category\/geral\/#listItem","name":"Geral"}}]},{"@type":"Organization","@id":"https:\/\/www.jornalja.com.br\/arquivo\/#organization","name":"Jornal J\u00c1","description":"Jornal J\u00c1 | Porto Alegre","url":"https:\/\/www.jornalja.com.br\/arquivo\/","telephone":"+555133307272","logo":{"@type":"ImageObject","url":"https:\/\/www.jornalja.com.br\/wp-content\/uploads\/cards\/JAslogan.png","@id":"https:\/\/www.jornalja.com.br\/arquivo\/projeto-que-retira-reajuste-automatico-a-servidores-gera-tumulto-entre-vereadores\/#organizationLogo"},"image":{"@id":"https:\/\/www.jornalja.com.br\/arquivo\/projeto-que-retira-reajuste-automatico-a-servidores-gera-tumulto-entre-vereadores\/#organizationLogo"}},{"@type":"Person","@id":"https:\/\/www.jornalja.com.br\/arquivo\/author\/daredacao\/#author","url":"https:\/\/www.jornalja.com.br\/arquivo\/author\/daredacao\/","name":"da Reda\u00e7\u00e3o","image":{"@type":"ImageObject","@id":"https:\/\/www.jornalja.com.br\/arquivo\/projeto-que-retira-reajuste-automatico-a-servidores-gera-tumulto-entre-vereadores\/#authorImage","url":"https:\/\/secure.gravatar.com\/avatar\/469fd857d6605ad19919d27ed29d35a968a25f6e8fd9318356bbb7f57aae9c65?s=96&d=mm&r=g","width":96,"height":96,"caption":"da Reda\u00e7\u00e3o"}},{"@type":"WebPage","@id":"https:\/\/www.jornalja.com.br\/arquivo\/projeto-que-retira-reajuste-automatico-a-servidores-gera-tumulto-entre-vereadores\/#webpage","url":"https:\/\/www.jornalja.com.br\/arquivo\/projeto-que-retira-reajuste-automatico-a-servidores-gera-tumulto-entre-vereadores\/","name":"Projeto que retira reajuste autom\u00e1tico a servidores gera tumulto entre vereadores | Arquivo","inLanguage":"pt-BR","isPartOf":{"@id":"https:\/\/www.jornalja.com.br\/arquivo\/#website"},"breadcrumb":{"@id":"https:\/\/www.jornalja.com.br\/arquivo\/projeto-que-retira-reajuste-automatico-a-servidores-gera-tumulto-entre-vereadores\/#breadcrumblist"},"author":{"@id":"https:\/\/www.jornalja.com.br\/arquivo\/author\/daredacao\/#author"},"creator":{"@id":"https:\/\/www.jornalja.com.br\/arquivo\/author\/daredacao\/#author"},"image":{"@type":"ImageObject","url":49046,"@id":"https:\/\/www.jornalja.com.br\/arquivo\/projeto-que-retira-reajuste-automatico-a-servidores-gera-tumulto-entre-vereadores\/#mainImage"},"primaryImageOfPage":{"@id":"https:\/\/www.jornalja.com.br\/arquivo\/projeto-que-retira-reajuste-automatico-a-servidores-gera-tumulto-entre-vereadores\/#mainImage"},"datePublished":"2017-05-26T19:22:45-03:00","dateModified":"2017-05-26T19:22:45-03:00"},{"@type":"WebSite","@id":"https:\/\/www.jornalja.com.br\/arquivo\/#website","url":"https:\/\/www.jornalja.com.br\/arquivo\/","name":"Arquivo","description":"Jornal J\u00c1 | Porto Alegre","inLanguage":"pt-BR","publisher":{"@id":"https:\/\/www.jornalja.com.br\/arquivo\/#organization"}}]},"og:locale":"pt_BR","og:site_name":"Arquivo | Jornal J\u00c1 | Porto Alegre","og:type":"article","og:title":"Projeto que retira reajuste autom\u00e1tico a servidores gera tumulto entre vereadores | Arquivo","og:url":"https:\/\/www.jornalja.com.br\/arquivo\/projeto-que-retira-reajuste-automatico-a-servidores-gera-tumulto-entre-vereadores\/","og:image":"https:\/\/www.jornalja.com.br\/economics\/wp-content\/uploads\/sites\/11\/2026\/08\/ja-folhaderosto-facebook.jpg","og:image:secure_url":"https:\/\/www.jornalja.com.br\/economics\/wp-content\/uploads\/sites\/11\/2026\/08\/ja-folhaderosto-facebook.jpg","article:published_time":"2017-05-26T22:22:45+00:00","article:modified_time":"2017-05-26T22:22:45+00:00","twitter:card":"summary","twitter:title":"Projeto que retira reajuste autom\u00e1tico a servidores gera tumulto entre vereadores | Arquivo","twitter:image":"https:\/\/www.jornalja.com.br\/economics\/wp-content\/uploads\/sites\/11\/2026\/08\/ja-folhaderosto-facebook.jpg"},"aioseo_meta_data":{"post_id":"49030","title":null,"description":null,"keywords":null,"keyphrases":null,"primary_term":null,"canonical_url":null,"og_title":null,"og_description":null,"og_object_type":"default","og_image_type":"default","og_image_url":null,"og_image_width":null,"og_image_height":null,"og_image_custom_url":null,"og_image_custom_fields":null,"og_video":null,"og_custom_url":null,"og_article_section":null,"og_article_tags":null,"twitter_use_og":false,"twitter_card":"default","twitter_image_type":"default","twitter_image_url":null,"twitter_image_custom_url":null,"twitter_image_custom_fields":null,"twitter_title":null,"twitter_description":null,"schema":{"blockGraphs":[],"customGraphs":[],"default":{"data":{"Article":[],"Course":[],"Dataset":[],"FAQPage":[],"Movie":[],"Person":[],"Product":[],"ProductReview":[],"Car":[],"Recipe":[],"Service":[],"SoftwareApplication":[],"WebPage":[]},"graphName":"","isEnabled":true},"graphs":[],"defaultGraph":"","defaultPostTypeGraph":""},"schema_type":null,"schema_type_options":null,"pillar_content":false,"robots_default":true,"robots_noindex":false,"robots_noarchive":false,"robots_nosnippet":false,"robots_nofollow":false,"robots_noimageindex":false,"robots_noodp":false,"robots_notranslate":false,"robots_max_snippet":null,"robots_max_videopreview":null,"robots_max_imagepreview":"large","priority":null,"frequency":null,"location":null,"local_seo":null,"breadcrumb_settings":null,"limit_modified_date":false,"ai":null,"created":"2020-12-20 20:32:48","updated":"2025-07-19 21:48:24","seo_analyzer_scan_date":null,"focus_keyword":null,"additional_keywords":null,"truseo_locale":null},"jetpack_sharing_enabled":true,"jetpack-related-posts":[{"id":13239,"url":"https:\/\/www.jornalja.com.br\/arquivo\/conselho-desdenha-do-plano-diretor\/","url_meta":{"origin":49030,"position":0},"title":"Porto Alegre: Conselho detona Plano Diretor","author":"Patr\u00edcia Marini","date":"25 de maio de 2014","format":false,"excerpt":"Den\u00fancia do arquiteto e \u00a0urbanista Ibir\u00e1 Santos Lucas. Ele diz que os conselheiros est\u00e3o votando com \"enorme irresponsabilidade\". \"Mudam regime com a maior naturalidade,,,regularizam absurdos de constru\u00e7\u00f5es irregulares... \"O CMDUA est\u00e1 flexibilizando a lei do plano diretor, de uma forma impactante na vida da cidade. Mudam regime com a maior\u2026","rel":"","context":"Em &quot;Geral&quot;","block_context":{"text":"Geral","link":"https:\/\/www.jornalja.com.br\/arquivo\/category\/geral\/"},"img":{"alt_text":"","src":"","width":0,"height":0},"classes":[]},{"id":13240,"url":"https:\/\/www.jornalja.com.br\/arquivo\/plano-diretor-estamos-construindo-o-caos\/","url_meta":{"origin":49030,"position":1},"title":"Plano diretor: &quot;Estamos construindo o caos&quot;","author":"Patr\u00edcia Marini","date":"26 de maio de 2014","format":false,"excerpt":"Desabafo que arquiteta Eliana Castilhos, delegada da Regi\u00e3o de Planejamento 1, postou nas redes sociais \u00e9 um testemunho do ambiente que se criou no Conselho do Plano Diretor de Porto Alegre, onde a aprova\u00e7\u00e3o de grandes empreendimentos \u00e9 empurrada guela abaixo dos conselheiros. Ao CMDUA Como delegada da Regi\u00e3o de\u2026","rel":"","context":"Em &quot;Geral&quot;","block_context":{"text":"Geral","link":"https:\/\/www.jornalja.com.br\/arquivo\/category\/geral\/"},"img":{"alt_text":"","src":"","width":0,"height":0},"classes":[]},{"id":13124,"url":"https:\/\/www.jornalja.com.br\/arquivo\/sangue-latino-no-iecine\/","url_meta":{"origin":49030,"position":2},"title":"Sangue latino no IECINE","author":"da Reda\u00e7\u00e3o","date":"18 de maio de 2014","format":false,"excerpt":"Francisco Ribeiro O Instituto Estadual de Cinema (IECINE) tem a frente, desde abril \u00faltimo, um novo diretor, o cineasta colombiano Juan Zapata, 36, que substitui Luiz Alberto Cassol. Radicado h\u00e1 dez anos em Porto Alegre, Zapata tem diante de si o desafio de conduzir at\u00e9 o final do ano um\u2026","rel":"","context":"Em &quot;Cultura-Geral&quot;","block_context":{"text":"Cultura-Geral","link":"https:\/\/www.jornalja.com.br\/arquivo\/category\/materiasecundaria\/"},"img":{"alt_text":"","src":"","width":0,"height":0},"classes":[]},{"id":14241,"url":"https:\/\/www.jornalja.com.br\/arquivo\/o-guaiba-nas-imagens-poeticas-de-achutti\/","url_meta":{"origin":49030,"position":3},"title":"O Gua\u00edba nas imagens po\u00e9ticas de Achutti","author":"da Reda\u00e7\u00e3o","date":"18 de junho de 2014","format":false,"excerpt":"Em \u201cO Gua\u00edba por Achutti\u201d \u2013 obra financiada via Minist\u00e9rio da Cultura, produ\u00e7\u00e3o executiva de Pedro Longhi, e Fl\u00e1vio Wild como designer \u2013, o fot\u00f3grafo revela a beleza e as mazelas de um espa\u00e7o aqu\u00e1tico de \u00e1guas sempre renovadas, cheio de hist\u00f3rias e lendas como as das cidades que foram\u2026","rel":"","context":"Em &quot;Cultura-Geral&quot;","block_context":{"text":"Cultura-Geral","link":"https:\/\/www.jornalja.com.br\/arquivo\/category\/materiasecundaria\/"},"img":{"alt_text":"","src":"","width":0,"height":0},"classes":[]},{"id":5440,"url":"https:\/\/www.jornalja.com.br\/arquivo\/casarao-da-venancio-destino-permanece-incerto\/","url_meta":{"origin":49030,"position":4},"title":"Estado ainda n\u00e3o sabe o que fazer com casar\u00e3o abandonado h\u00e1 20 anos","author":"Elmar Bones","date":"6 de julho de 2009","format":false,"excerpt":"O casar\u00e3o amarelo, numa esquina nobre de Porto Alegre (Ven\u00e2ncio Aires com Jo\u00e3o Pessoa), j\u00e1 abrigou uma escola. H\u00e1 duas d\u00e9cadas, pelo menos, est\u00e1 abandonado, porque seu propriet\u00e1rio, o governo do Estado do Rio Grande do Sul, n\u00e3o consegue achar um destino para ele. Planos n\u00e3o faltaram. O governador Ol\u00edvio\u2026","rel":"","context":"Em &quot;X.Categorias velhas&quot;","block_context":{"text":"X.Categorias velhas","link":"https:\/\/www.jornalja.com.br\/arquivo\/category\/x-categorias-velhas\/"},"img":{"alt_text":"geraldo1","src":"https:\/\/i0.wp.com\/www.jornalja.com.br\/wp-content\/uploads\/2009\/07\/geraldo1.jpg?resize=350%2C200&ssl=1","width":350,"height":200},"classes":[]},{"id":12960,"url":"https:\/\/www.jornalja.com.br\/arquivo\/populacao-culpa-empresas-pela-greve-dos-rodoviarios\/","url_meta":{"origin":49030,"position":5},"title":"Popula\u00e7\u00e3o culpa empresas pela greve","author":"Patr\u00edcia Marini","date":"14 de fevereiro de 2014","format":false,"excerpt":"Pesquisa divulgada na edi\u00e7\u00e3o do jornal Metro desta sexta-feira,14, comprova o velho ditado: \u00e9 poss\u00edvel enganar muitos por algum tempo, mas n\u00e3o \u00e9 poss\u00edvel enganar a todos o tempo inteiro. A principal revela\u00e7\u00e3o foi que 59,8% dos entrevistados apontaram as empresas como as principais respons\u00e1veis pela grave e 46% culparam\u2026","rel":"","context":"Em &quot;X.Categorias velhas&quot;","block_context":{"text":"X.Categorias velhas","link":"https:\/\/www.jornalja.com.br\/arquivo\/category\/x-categorias-velhas\/"},"img":{"alt_text":"","src":"","width":0,"height":0},"classes":[]}],"jetpack_shortlink":"https:\/\/wp.me\/pbQjBd-cKO","jetpack_featured_media_url":"","_links":{"self":[{"href":"https:\/\/www.jornalja.com.br\/arquivo\/wp-json\/wp\/v2\/posts\/49030","targetHints":{"allow":["GET"]}}],"collection":[{"href":"https:\/\/www.jornalja.com.br\/arquivo\/wp-json\/wp\/v2\/posts"}],"about":[{"href":"https:\/\/www.jornalja.com.br\/arquivo\/wp-json\/wp\/v2\/types\/post"}],"author":[{"embeddable":true,"href":"https:\/\/www.jornalja.com.br\/arquivo\/wp-json\/wp\/v2\/users\/4"}],"replies":[{"embeddable":true,"href":"https:\/\/www.jornalja.com.br\/arquivo\/wp-json\/wp\/v2\/comments?post=49030"}],"version-history":[{"count":0,"href":"https:\/\/www.jornalja.com.br\/arquivo\/wp-json\/wp\/v2\/posts\/49030\/revisions"}],"wp:attachment":[{"href":"https:\/\/www.jornalja.com.br\/arquivo\/wp-json\/wp\/v2\/media?parent=49030"}],"wp:term":[{"taxonomy":"category","embeddable":true,"href":"https:\/\/www.jornalja.com.br\/arquivo\/wp-json\/wp\/v2\/categories?post=49030"},{"taxonomy":"post_tag","embeddable":true,"href":"https:\/\/www.jornalja.com.br\/arquivo\/wp-json\/wp\/v2\/tags?post=49030"}],"curies":[{"name":"wp","href":"https:\/\/api.w.org\/{rel}","templated":true}]}}