{"id":49040,"date":"2017-05-26T19:36:51","date_gmt":"2017-05-26T22:36:51","guid":{"rendered":"https:\/\/www.jornalja.com.br\/?p=49040"},"modified":"2017-05-26T19:36:51","modified_gmt":"2017-05-26T22:36:51","slug":"lei-antivandalismo-preve-multa-de-quase-r-400-mil-para-quem-trancar-ruas","status":"publish","type":"post","link":"https:\/\/www.jornalja.com.br\/arquivo\/lei-antivandalismo-preve-multa-de-quase-r-400-mil-para-quem-trancar-ruas\/","title":{"rendered":"\u201cLei Antivandalismo\u201d prev\u00ea multa de quase R$ 400 mil para quem trancar ruas"},"content":{"rendered":"<p><span class=\"assina\">Matheus Chaparini<\/span><br \/>\nUm projeto enviado pelo prefeito Nelson Marchezan J\u00fanior \u00e0 C\u00e2mara Municipal recentemente deve suscitar muitos debates na casa nos pr\u00f3ximos meses. Apresentado pelo executivo municipal como \u201cLei Antivandalismo\u201d, o Projeto de Lei Complementar 06 \u00e9 amplo e trata de diversas altera\u00e7\u00f5es no chamado C\u00f3digo de Posturas do Munic\u00edpio (Lei Complementar 12, de 1975), aumentando as multas previstas para algumas infra\u00e7\u00f5es.<br \/>\nA proposta tamb\u00e9m cria a possibilidade de se emitir multas a partir de den\u00fancias feitas por qualquer cidad\u00e3o, por internet ou telefone. Tamb\u00e9m s\u00e3o alteradas fun\u00e7\u00f5es desempenhadas pela Guarda Municipal, que passa a colaborar com a fiscaliza\u00e7\u00e3o.<br \/>\nAinda que o argumento seja o de combater a\u00e7\u00f5es de vandalismo, o PLC trata de outras quest\u00f5es, como manifesta\u00e7\u00f5es de rua que tranquem o tr\u00e2nsito, por exemplo.<br \/>\nO projeto prev\u00ea multa de at\u00e9 R$ 395 mil (de mil a cem mil UFM) para quem \u201cembara\u00e7ar ou impedir, por qualquer meio, o livre tr\u00e2nsito de pedestres ou ve\u00edculos nos logradouros p\u00fablicos\u201d. O artigo pode atingir manifesta\u00e7\u00f5es de rua a t\u00e9 mesmo bloco de carnaval. Esta \u00e9 a maior multa prevista, mesmo valor que se aplica a quem \u201ccausar dano a bem do patrim\u00f4nio p\u00fablico municipal\u201d.<br \/>\nEm sua justificativa, Marchezan defende a necessidade de \u201ccoibir retrocessos na conduta dos cidad\u00e3os\u201d e cita como retrocessos o aumento na ocupa\u00e7\u00e3o de espa\u00e7os p\u00fablicos, a pr\u00e1tica de necessidades fisiol\u00f3gicas e, principalmente, a picha\u00e7\u00e3o.<br \/>\nO projeto foi protocolado na C\u00e2mara Municipal no dia 17 de maio e est\u00e1 em etapa inicial de tramita\u00e7\u00e3o, na Procuradoria da casa. At\u00e9 a vota\u00e7\u00e3o, a proposta ainda precisa de duas sess\u00f5es de discuss\u00e3o preliminar no plen\u00e1rio e passar pelas comiss\u00f5es.<br \/>\n<span class=\"intertit\">Cidad\u00e3o poder\u00e1 ser multado por link da internet<\/span><br \/>\nUma inova\u00e7\u00e3o trazida pelo projeto \u00e9 a possibilidade de os pr\u00f3prios cidad\u00e3os fiscalizarem e denunciarem uns aos outros. O artigo 3\u00ba prev\u00ea que as irregularidades poder\u00e3o ser constatadas pelas autoridades competentes \u201cou mediante den\u00fancia de qualquer um do povo\u201d.<br \/>\nAs den\u00fancias poder\u00e3o ser feitas por telefone, email ou aplicativo de internet. O denunciante precisa apresentar um breve relato, localiza\u00e7\u00e3o e uma foto ou v\u00eddeo ou at\u00e9 mesmo um link de internet, \u201ccaso o pr\u00f3prio infrator fa\u00e7a sua divulga\u00e7\u00e3o\u201d.<br \/>\nEm caso de den\u00fancia realizada via internet dever\u00e1 constar identifica\u00e7\u00e3o do denunciante.<br \/>\n<span class=\"intertit\">Vendedores de tinta spray v\u00e3o precisar de cadastro<\/span><br \/>\nNo caso de picha\u00e7\u00f5es, a proposta eleva a multa em 400%, podendo chegar a R$ 11.850 (de 500 a 3000 UFM). O valor ser\u00e1 destinado ao DMLU, para que este possa realizar os reparos.<br \/>\nO mesmo valor \u00e9 previsto para colagem de cartazes com publicidade, mesmo pol\u00edtico-partid\u00e1rios, sem pr\u00e9via autoriza\u00e7\u00e3o do Munic\u00edpio.<br \/>\nOs estabelecimentos que comercializam tinta spray precisar\u00e3o ter cadastro junto \u00e0 SMDE. A penalidade por comercializar sprays sem cadastro ou para menores de 18 anos pode chegar a R$ 10.270 (650 a 2600 UFM). Em caso de reincid\u00eancia, a multa ser\u00e1 duplicada.<br \/>\nOutros temas abordados na proposta dizem respeito ao descarte adequado do lixo, transporte de materiais de constru\u00e7\u00e3o e necessidade fisiol\u00f3gicas em via p\u00fablica.<\/p>\n","protected":false},"excerpt":{"rendered":"<p>Matheus Chaparini Um projeto enviado pelo prefeito Nelson Marchezan J\u00fanior \u00e0 C\u00e2mara Municipal recentemente deve suscitar muitos debates na casa nos pr\u00f3ximos meses. Apresentado pelo executivo municipal como \u201cLei Antivandalismo\u201d, o Projeto de Lei Complementar 06 \u00e9 amplo e trata de diversas altera\u00e7\u00f5es no chamado C\u00f3digo de Posturas do Munic\u00edpio (Lei Complementar 12, de 1975), [&hellip;]<\/p>\n","protected":false},"author":4,"featured_media":49050,"comment_status":"open","ping_status":"closed","sticky":false,"template":"","format":"standard","meta":{"_jetpack_newsletter_access":"","_jetpack_dont_email_post_to_subs":false,"_jetpack_newsletter_tier_id":0,"_jetpack_memberships_contains_paywalled_content":false,"_jetpack_feature_clip_id":0,"_jetpack_memberships_contains_paid_content":false,"footnotes":"","jetpack_post_was_ever_published":false},"categories":[26],"tags":[],"class_list":["post-49040","post","type-post","status-publish","format-standard","has-post-thumbnail","hentry","category-geral"],"aioseo_notices":[],"aioseo_head":"\n\t\t<!-- All in One SEO 5.0.1.1 - aioseo.com -->\n\t<meta name=\"robots\" content=\"max-image-preview:large\" \/>\n\t<meta name=\"author\" content=\"da Reda\u00e7\u00e3o\"\/>\n\t<link rel=\"canonical\" href=\"https:\/\/www.jornalja.com.br\/arquivo\/lei-antivandalismo-preve-multa-de-quase-r-400-mil-para-quem-trancar-ruas\/\" \/>\n\t<meta name=\"generator\" content=\"All in One SEO (AIOSEO) 5.0.1.1\" \/>\n\t\t<meta property=\"og:locale\" content=\"pt_BR\" \/>\n\t\t<meta property=\"og:site_name\" content=\"Arquivo | Jornal J\u00c1 | Porto Alegre\" \/>\n\t\t<meta property=\"og:type\" content=\"article\" \/>\n\t\t<meta property=\"og:title\" content=\"\u201cLei Antivandalismo\u201d prev\u00ea multa de quase R$ 400 mil para quem trancar ruas | Arquivo\" \/>\n\t\t<meta property=\"og:url\" content=\"https:\/\/www.jornalja.com.br\/arquivo\/lei-antivandalismo-preve-multa-de-quase-r-400-mil-para-quem-trancar-ruas\/\" \/>\n\t\t<meta property=\"og:image\" content=\"https:\/\/www.jornalja.com.br\/economics\/wp-content\/uploads\/sites\/11\/2026\/08\/ja-folhaderosto-facebook.jpg\" \/>\n\t\t<meta property=\"og:image:secure_url\" content=\"https:\/\/www.jornalja.com.br\/economics\/wp-content\/uploads\/sites\/11\/2026\/08\/ja-folhaderosto-facebook.jpg\" \/>\n\t\t<meta property=\"article:published_time\" content=\"2017-05-26T22:36:51+00:00\" \/>\n\t\t<meta property=\"article:modified_time\" content=\"2017-05-26T22:36:51+00:00\" \/>\n\t\t<meta name=\"twitter:card\" content=\"summary\" \/>\n\t\t<meta name=\"twitter:title\" content=\"\u201cLei Antivandalismo\u201d prev\u00ea multa de quase R$ 400 mil para quem trancar ruas | Arquivo\" \/>\n\t\t<meta name=\"twitter:image\" content=\"https:\/\/www.jornalja.com.br\/economics\/wp-content\/uploads\/sites\/11\/2026\/08\/ja-folhaderosto-facebook.jpg\" \/>\n\t\t<script type=\"application\/ld+json\" class=\"aioseo-schema\">\n\t\t\t{\"@context\":\"https:\\\/\\\/schema.org\",\"@graph\":[{\"@type\":\"BlogPosting\",\"@id\":\"https:\\\/\\\/www.jornalja.com.br\\\/arquivo\\\/lei-antivandalismo-preve-multa-de-quase-r-400-mil-para-quem-trancar-ruas\\\/#blogposting\",\"name\":\"\\u201cLei Antivandalismo\\u201d prev\\u00ea multa de quase R$ 400 mil para quem trancar ruas | Arquivo\",\"headline\":\"\\u201cLei Antivandalismo\\u201d prev\\u00ea multa de quase R$ 400 mil para quem trancar ruas\",\"author\":{\"@id\":\"https:\\\/\\\/www.jornalja.com.br\\\/arquivo\\\/author\\\/daredacao\\\/#author\"},\"publisher\":{\"@id\":\"https:\\\/\\\/www.jornalja.com.br\\\/arquivo\\\/#organization\"},\"image\":{\"@type\":\"ImageObject\",\"url\":49050},\"datePublished\":\"2017-05-26T19:36:51-03:00\",\"dateModified\":\"2017-05-26T19:36:51-03:00\",\"inLanguage\":\"pt-BR\",\"commentCount\":2,\"mainEntityOfPage\":{\"@id\":\"https:\\\/\\\/www.jornalja.com.br\\\/arquivo\\\/lei-antivandalismo-preve-multa-de-quase-r-400-mil-para-quem-trancar-ruas\\\/#webpage\"},\"isPartOf\":{\"@id\":\"https:\\\/\\\/www.jornalja.com.br\\\/arquivo\\\/lei-antivandalismo-preve-multa-de-quase-r-400-mil-para-quem-trancar-ruas\\\/#webpage\"},\"articleSection\":\"Geral\"},{\"@type\":\"BreadcrumbList\",\"@id\":\"https:\\\/\\\/www.jornalja.com.br\\\/arquivo\\\/lei-antivandalismo-preve-multa-de-quase-r-400-mil-para-quem-trancar-ruas\\\/#breadcrumblist\",\"itemListElement\":[{\"@type\":\"ListItem\",\"@id\":\"https:\\\/\\\/www.jornalja.com.br\\\/arquivo#listItem\",\"position\":1,\"name\":\"Home\",\"item\":\"https:\\\/\\\/www.jornalja.com.br\\\/arquivo\",\"nextItem\":{\"@type\":\"ListItem\",\"@id\":\"https:\\\/\\\/www.jornalja.com.br\\\/arquivo\\\/category\\\/geral\\\/#listItem\",\"name\":\"Geral\"}},{\"@type\":\"ListItem\",\"@id\":\"https:\\\/\\\/www.jornalja.com.br\\\/arquivo\\\/category\\\/geral\\\/#listItem\",\"position\":2,\"name\":\"Geral\",\"item\":\"https:\\\/\\\/www.jornalja.com.br\\\/arquivo\\\/category\\\/geral\\\/\",\"nextItem\":{\"@type\":\"ListItem\",\"@id\":\"https:\\\/\\\/www.jornalja.com.br\\\/arquivo\\\/lei-antivandalismo-preve-multa-de-quase-r-400-mil-para-quem-trancar-ruas\\\/#listItem\",\"name\":\"\\u201cLei Antivandalismo\\u201d prev\\u00ea multa de quase R$ 400 mil para quem trancar ruas\"},\"previousItem\":{\"@type\":\"ListItem\",\"@id\":\"https:\\\/\\\/www.jornalja.com.br\\\/arquivo#listItem\",\"name\":\"Home\"}},{\"@type\":\"ListItem\",\"@id\":\"https:\\\/\\\/www.jornalja.com.br\\\/arquivo\\\/lei-antivandalismo-preve-multa-de-quase-r-400-mil-para-quem-trancar-ruas\\\/#listItem\",\"position\":3,\"name\":\"\\u201cLei Antivandalismo\\u201d prev\\u00ea multa de quase R$ 400 mil para quem trancar ruas\",\"previousItem\":{\"@type\":\"ListItem\",\"@id\":\"https:\\\/\\\/www.jornalja.com.br\\\/arquivo\\\/category\\\/geral\\\/#listItem\",\"name\":\"Geral\"}}]},{\"@type\":\"Organization\",\"@id\":\"https:\\\/\\\/www.jornalja.com.br\\\/arquivo\\\/#organization\",\"name\":\"Jornal J\\u00c1\",\"description\":\"Jornal J\\u00c1 | Porto Alegre\",\"url\":\"https:\\\/\\\/www.jornalja.com.br\\\/arquivo\\\/\",\"telephone\":\"+555133307272\",\"logo\":{\"@type\":\"ImageObject\",\"url\":\"https:\\\/\\\/www.jornalja.com.br\\\/wp-content\\\/uploads\\\/cards\\\/JAslogan.png\",\"@id\":\"https:\\\/\\\/www.jornalja.com.br\\\/arquivo\\\/lei-antivandalismo-preve-multa-de-quase-r-400-mil-para-quem-trancar-ruas\\\/#organizationLogo\"},\"image\":{\"@id\":\"https:\\\/\\\/www.jornalja.com.br\\\/arquivo\\\/lei-antivandalismo-preve-multa-de-quase-r-400-mil-para-quem-trancar-ruas\\\/#organizationLogo\"}},{\"@type\":\"Person\",\"@id\":\"https:\\\/\\\/www.jornalja.com.br\\\/arquivo\\\/author\\\/daredacao\\\/#author\",\"url\":\"https:\\\/\\\/www.jornalja.com.br\\\/arquivo\\\/author\\\/daredacao\\\/\",\"name\":\"da Reda\\u00e7\\u00e3o\",\"image\":{\"@type\":\"ImageObject\",\"@id\":\"https:\\\/\\\/www.jornalja.com.br\\\/arquivo\\\/lei-antivandalismo-preve-multa-de-quase-r-400-mil-para-quem-trancar-ruas\\\/#authorImage\",\"url\":\"https:\\\/\\\/secure.gravatar.com\\\/avatar\\\/469fd857d6605ad19919d27ed29d35a968a25f6e8fd9318356bbb7f57aae9c65?s=96&d=mm&r=g\",\"width\":96,\"height\":96,\"caption\":\"da Reda\\u00e7\\u00e3o\"}},{\"@type\":\"WebPage\",\"@id\":\"https:\\\/\\\/www.jornalja.com.br\\\/arquivo\\\/lei-antivandalismo-preve-multa-de-quase-r-400-mil-para-quem-trancar-ruas\\\/#webpage\",\"url\":\"https:\\\/\\\/www.jornalja.com.br\\\/arquivo\\\/lei-antivandalismo-preve-multa-de-quase-r-400-mil-para-quem-trancar-ruas\\\/\",\"name\":\"\\u201cLei Antivandalismo\\u201d prev\\u00ea multa de quase R$ 400 mil para quem trancar ruas | Arquivo\",\"inLanguage\":\"pt-BR\",\"isPartOf\":{\"@id\":\"https:\\\/\\\/www.jornalja.com.br\\\/arquivo\\\/#website\"},\"breadcrumb\":{\"@id\":\"https:\\\/\\\/www.jornalja.com.br\\\/arquivo\\\/lei-antivandalismo-preve-multa-de-quase-r-400-mil-para-quem-trancar-ruas\\\/#breadcrumblist\"},\"author\":{\"@id\":\"https:\\\/\\\/www.jornalja.com.br\\\/arquivo\\\/author\\\/daredacao\\\/#author\"},\"creator\":{\"@id\":\"https:\\\/\\\/www.jornalja.com.br\\\/arquivo\\\/author\\\/daredacao\\\/#author\"},\"image\":{\"@type\":\"ImageObject\",\"url\":49050,\"@id\":\"https:\\\/\\\/www.jornalja.com.br\\\/arquivo\\\/lei-antivandalismo-preve-multa-de-quase-r-400-mil-para-quem-trancar-ruas\\\/#mainImage\"},\"primaryImageOfPage\":{\"@id\":\"https:\\\/\\\/www.jornalja.com.br\\\/arquivo\\\/lei-antivandalismo-preve-multa-de-quase-r-400-mil-para-quem-trancar-ruas\\\/#mainImage\"},\"datePublished\":\"2017-05-26T19:36:51-03:00\",\"dateModified\":\"2017-05-26T19:36:51-03:00\"},{\"@type\":\"WebSite\",\"@id\":\"https:\\\/\\\/www.jornalja.com.br\\\/arquivo\\\/#website\",\"url\":\"https:\\\/\\\/www.jornalja.com.br\\\/arquivo\\\/\",\"name\":\"Arquivo\",\"description\":\"Jornal J\\u00c1 | Porto Alegre\",\"inLanguage\":\"pt-BR\",\"publisher\":{\"@id\":\"https:\\\/\\\/www.jornalja.com.br\\\/arquivo\\\/#organization\"}}]}\n\t\t<\/script>\n\t\t<!-- All in One SEO -->\n\n","aioseo_head_json":{"title":"\u201cLei Antivandalismo\u201d prev\u00ea multa de quase R$ 400 mil para quem trancar ruas | Arquivo","description":"","canonical_url":"https:\/\/www.jornalja.com.br\/arquivo\/lei-antivandalismo-preve-multa-de-quase-r-400-mil-para-quem-trancar-ruas\/","robots":"max-image-preview:large","keywords":"","webmasterTools":{"miscellaneous":""},"schema":{"@context":"https:\/\/schema.org","@graph":[{"@type":"BlogPosting","@id":"https:\/\/www.jornalja.com.br\/arquivo\/lei-antivandalismo-preve-multa-de-quase-r-400-mil-para-quem-trancar-ruas\/#blogposting","name":"\u201cLei Antivandalismo\u201d prev\u00ea multa de quase R$ 400 mil para quem trancar ruas | Arquivo","headline":"\u201cLei Antivandalismo\u201d prev\u00ea multa de quase R$ 400 mil para quem trancar ruas","author":{"@id":"https:\/\/www.jornalja.com.br\/arquivo\/author\/daredacao\/#author"},"publisher":{"@id":"https:\/\/www.jornalja.com.br\/arquivo\/#organization"},"image":{"@type":"ImageObject","url":49050},"datePublished":"2017-05-26T19:36:51-03:00","dateModified":"2017-05-26T19:36:51-03:00","inLanguage":"pt-BR","commentCount":2,"mainEntityOfPage":{"@id":"https:\/\/www.jornalja.com.br\/arquivo\/lei-antivandalismo-preve-multa-de-quase-r-400-mil-para-quem-trancar-ruas\/#webpage"},"isPartOf":{"@id":"https:\/\/www.jornalja.com.br\/arquivo\/lei-antivandalismo-preve-multa-de-quase-r-400-mil-para-quem-trancar-ruas\/#webpage"},"articleSection":"Geral"},{"@type":"BreadcrumbList","@id":"https:\/\/www.jornalja.com.br\/arquivo\/lei-antivandalismo-preve-multa-de-quase-r-400-mil-para-quem-trancar-ruas\/#breadcrumblist","itemListElement":[{"@type":"ListItem","@id":"https:\/\/www.jornalja.com.br\/arquivo#listItem","position":1,"name":"Home","item":"https:\/\/www.jornalja.com.br\/arquivo","nextItem":{"@type":"ListItem","@id":"https:\/\/www.jornalja.com.br\/arquivo\/category\/geral\/#listItem","name":"Geral"}},{"@type":"ListItem","@id":"https:\/\/www.jornalja.com.br\/arquivo\/category\/geral\/#listItem","position":2,"name":"Geral","item":"https:\/\/www.jornalja.com.br\/arquivo\/category\/geral\/","nextItem":{"@type":"ListItem","@id":"https:\/\/www.jornalja.com.br\/arquivo\/lei-antivandalismo-preve-multa-de-quase-r-400-mil-para-quem-trancar-ruas\/#listItem","name":"\u201cLei Antivandalismo\u201d prev\u00ea multa de quase R$ 400 mil para quem trancar ruas"},"previousItem":{"@type":"ListItem","@id":"https:\/\/www.jornalja.com.br\/arquivo#listItem","name":"Home"}},{"@type":"ListItem","@id":"https:\/\/www.jornalja.com.br\/arquivo\/lei-antivandalismo-preve-multa-de-quase-r-400-mil-para-quem-trancar-ruas\/#listItem","position":3,"name":"\u201cLei Antivandalismo\u201d prev\u00ea multa de quase R$ 400 mil para quem trancar ruas","previousItem":{"@type":"ListItem","@id":"https:\/\/www.jornalja.com.br\/arquivo\/category\/geral\/#listItem","name":"Geral"}}]},{"@type":"Organization","@id":"https:\/\/www.jornalja.com.br\/arquivo\/#organization","name":"Jornal J\u00c1","description":"Jornal J\u00c1 | Porto Alegre","url":"https:\/\/www.jornalja.com.br\/arquivo\/","telephone":"+555133307272","logo":{"@type":"ImageObject","url":"https:\/\/www.jornalja.com.br\/wp-content\/uploads\/cards\/JAslogan.png","@id":"https:\/\/www.jornalja.com.br\/arquivo\/lei-antivandalismo-preve-multa-de-quase-r-400-mil-para-quem-trancar-ruas\/#organizationLogo"},"image":{"@id":"https:\/\/www.jornalja.com.br\/arquivo\/lei-antivandalismo-preve-multa-de-quase-r-400-mil-para-quem-trancar-ruas\/#organizationLogo"}},{"@type":"Person","@id":"https:\/\/www.jornalja.com.br\/arquivo\/author\/daredacao\/#author","url":"https:\/\/www.jornalja.com.br\/arquivo\/author\/daredacao\/","name":"da Reda\u00e7\u00e3o","image":{"@type":"ImageObject","@id":"https:\/\/www.jornalja.com.br\/arquivo\/lei-antivandalismo-preve-multa-de-quase-r-400-mil-para-quem-trancar-ruas\/#authorImage","url":"https:\/\/secure.gravatar.com\/avatar\/469fd857d6605ad19919d27ed29d35a968a25f6e8fd9318356bbb7f57aae9c65?s=96&d=mm&r=g","width":96,"height":96,"caption":"da Reda\u00e7\u00e3o"}},{"@type":"WebPage","@id":"https:\/\/www.jornalja.com.br\/arquivo\/lei-antivandalismo-preve-multa-de-quase-r-400-mil-para-quem-trancar-ruas\/#webpage","url":"https:\/\/www.jornalja.com.br\/arquivo\/lei-antivandalismo-preve-multa-de-quase-r-400-mil-para-quem-trancar-ruas\/","name":"\u201cLei Antivandalismo\u201d prev\u00ea multa de quase R$ 400 mil para quem trancar ruas | Arquivo","inLanguage":"pt-BR","isPartOf":{"@id":"https:\/\/www.jornalja.com.br\/arquivo\/#website"},"breadcrumb":{"@id":"https:\/\/www.jornalja.com.br\/arquivo\/lei-antivandalismo-preve-multa-de-quase-r-400-mil-para-quem-trancar-ruas\/#breadcrumblist"},"author":{"@id":"https:\/\/www.jornalja.com.br\/arquivo\/author\/daredacao\/#author"},"creator":{"@id":"https:\/\/www.jornalja.com.br\/arquivo\/author\/daredacao\/#author"},"image":{"@type":"ImageObject","url":49050,"@id":"https:\/\/www.jornalja.com.br\/arquivo\/lei-antivandalismo-preve-multa-de-quase-r-400-mil-para-quem-trancar-ruas\/#mainImage"},"primaryImageOfPage":{"@id":"https:\/\/www.jornalja.com.br\/arquivo\/lei-antivandalismo-preve-multa-de-quase-r-400-mil-para-quem-trancar-ruas\/#mainImage"},"datePublished":"2017-05-26T19:36:51-03:00","dateModified":"2017-05-26T19:36:51-03:00"},{"@type":"WebSite","@id":"https:\/\/www.jornalja.com.br\/arquivo\/#website","url":"https:\/\/www.jornalja.com.br\/arquivo\/","name":"Arquivo","description":"Jornal J\u00c1 | Porto Alegre","inLanguage":"pt-BR","publisher":{"@id":"https:\/\/www.jornalja.com.br\/arquivo\/#organization"}}]},"og:locale":"pt_BR","og:site_name":"Arquivo | Jornal J\u00c1 | Porto Alegre","og:type":"article","og:title":"\u201cLei Antivandalismo\u201d prev\u00ea multa de quase R$ 400 mil para quem trancar ruas | Arquivo","og:url":"https:\/\/www.jornalja.com.br\/arquivo\/lei-antivandalismo-preve-multa-de-quase-r-400-mil-para-quem-trancar-ruas\/","og:image":"https:\/\/www.jornalja.com.br\/economics\/wp-content\/uploads\/sites\/11\/2026\/08\/ja-folhaderosto-facebook.jpg","og:image:secure_url":"https:\/\/www.jornalja.com.br\/economics\/wp-content\/uploads\/sites\/11\/2026\/08\/ja-folhaderosto-facebook.jpg","article:published_time":"2017-05-26T22:36:51+00:00","article:modified_time":"2017-05-26T22:36:51+00:00","twitter:card":"summary","twitter:title":"\u201cLei Antivandalismo\u201d prev\u00ea multa de quase R$ 400 mil para quem trancar ruas | Arquivo","twitter:image":"https:\/\/www.jornalja.com.br\/economics\/wp-content\/uploads\/sites\/11\/2026\/08\/ja-folhaderosto-facebook.jpg"},"aioseo_meta_data":{"post_id":"49040","title":null,"description":null,"keywords":null,"keyphrases":null,"primary_term":null,"canonical_url":null,"og_title":null,"og_description":null,"og_object_type":"default","og_image_type":"default","og_image_url":null,"og_image_width":null,"og_image_height":null,"og_image_custom_url":null,"og_image_custom_fields":null,"og_video":null,"og_custom_url":null,"og_article_section":null,"og_article_tags":null,"twitter_use_og":false,"twitter_card":"default","twitter_image_type":"default","twitter_image_url":null,"twitter_image_custom_url":null,"twitter_image_custom_fields":null,"twitter_title":null,"twitter_description":null,"schema":{"blockGraphs":[],"customGraphs":[],"default":{"data":{"Article":[],"Course":[],"Dataset":[],"FAQPage":[],"Movie":[],"Person":[],"Product":[],"ProductReview":[],"Car":[],"Recipe":[],"Service":[],"SoftwareApplication":[],"WebPage":[]},"graphName":"","isEnabled":true},"graphs":[],"defaultGraph":"","defaultPostTypeGraph":""},"schema_type":null,"schema_type_options":null,"pillar_content":false,"robots_default":true,"robots_noindex":false,"robots_noarchive":false,"robots_nosnippet":false,"robots_nofollow":false,"robots_noimageindex":false,"robots_noodp":false,"robots_notranslate":false,"robots_max_snippet":null,"robots_max_videopreview":null,"robots_max_imagepreview":"large","priority":null,"frequency":null,"location":null,"local_seo":null,"breadcrumb_settings":null,"limit_modified_date":false,"ai":null,"created":"2020-12-20 20:32:48","updated":"2025-07-19 21:48:24","seo_analyzer_scan_date":null,"focus_keyword":null,"additional_keywords":null,"truseo_locale":null},"jetpack_sharing_enabled":true,"jetpack-related-posts":[{"id":13239,"url":"https:\/\/www.jornalja.com.br\/arquivo\/conselho-desdenha-do-plano-diretor\/","url_meta":{"origin":49040,"position":0},"title":"Porto Alegre: Conselho detona Plano Diretor","author":"Patr\u00edcia Marini","date":"25 de maio de 2014","format":false,"excerpt":"Den\u00fancia do arquiteto e \u00a0urbanista Ibir\u00e1 Santos Lucas. Ele diz que os conselheiros est\u00e3o votando com \"enorme irresponsabilidade\". \"Mudam regime com a maior naturalidade,,,regularizam absurdos de constru\u00e7\u00f5es irregulares... \"O CMDUA est\u00e1 flexibilizando a lei do plano diretor, de uma forma impactante na vida da cidade. Mudam regime com a maior\u2026","rel":"","context":"Em &quot;Geral&quot;","block_context":{"text":"Geral","link":"https:\/\/www.jornalja.com.br\/arquivo\/category\/geral\/"},"img":{"alt_text":"","src":"","width":0,"height":0},"classes":[]},{"id":13124,"url":"https:\/\/www.jornalja.com.br\/arquivo\/sangue-latino-no-iecine\/","url_meta":{"origin":49040,"position":1},"title":"Sangue latino no IECINE","author":"da Reda\u00e7\u00e3o","date":"18 de maio de 2014","format":false,"excerpt":"Francisco Ribeiro O Instituto Estadual de Cinema (IECINE) tem a frente, desde abril \u00faltimo, um novo diretor, o cineasta colombiano Juan Zapata, 36, que substitui Luiz Alberto Cassol. Radicado h\u00e1 dez anos em Porto Alegre, Zapata tem diante de si o desafio de conduzir at\u00e9 o final do ano um\u2026","rel":"","context":"Em &quot;Cultura-Geral&quot;","block_context":{"text":"Cultura-Geral","link":"https:\/\/www.jornalja.com.br\/arquivo\/category\/materiasecundaria\/"},"img":{"alt_text":"","src":"","width":0,"height":0},"classes":[]},{"id":14241,"url":"https:\/\/www.jornalja.com.br\/arquivo\/o-guaiba-nas-imagens-poeticas-de-achutti\/","url_meta":{"origin":49040,"position":2},"title":"O Gua\u00edba nas imagens po\u00e9ticas de Achutti","author":"da Reda\u00e7\u00e3o","date":"18 de junho de 2014","format":false,"excerpt":"Em \u201cO Gua\u00edba por Achutti\u201d \u2013 obra financiada via Minist\u00e9rio da Cultura, produ\u00e7\u00e3o executiva de Pedro Longhi, e Fl\u00e1vio Wild como designer \u2013, o fot\u00f3grafo revela a beleza e as mazelas de um espa\u00e7o aqu\u00e1tico de \u00e1guas sempre renovadas, cheio de hist\u00f3rias e lendas como as das cidades que foram\u2026","rel":"","context":"Em &quot;Cultura-Geral&quot;","block_context":{"text":"Cultura-Geral","link":"https:\/\/www.jornalja.com.br\/arquivo\/category\/materiasecundaria\/"},"img":{"alt_text":"","src":"","width":0,"height":0},"classes":[]},{"id":13128,"url":"https:\/\/www.jornalja.com.br\/arquivo\/maconha-terra-diz-que-uso-medicinal-e-desculpa\/","url_meta":{"origin":49040,"position":3},"title":"Maconha: Terra diz que uso medicinal \u00e9 desculpa","author":"Patr\u00edcia Marini","date":"4 de junho de 2014","format":false,"excerpt":"A condi\u00e7\u00e3o de pol\u00edtico, em \u00e9poca de campanha de campanha eleitoral, tira for\u00e7a do discurso do m\u00e9dico Osmar Terra contra a legaliza\u00e7\u00e3o da maconha. A tese dele de que a libera\u00e7\u00e3o vai ampliar exponencialmente o consumo \u00e9 discutivel, o consumo \u00e9 corrente. Mas seus alertas quanto aos riscos tem que\u2026","rel":"","context":"Em &quot;X.Categorias velhas&quot;","block_context":{"text":"X.Categorias velhas","link":"https:\/\/www.jornalja.com.br\/arquivo\/category\/x-categorias-velhas\/"},"img":{"alt_text":"","src":"","width":0,"height":0},"classes":[]},{"id":13240,"url":"https:\/\/www.jornalja.com.br\/arquivo\/plano-diretor-estamos-construindo-o-caos\/","url_meta":{"origin":49040,"position":4},"title":"Plano diretor: &quot;Estamos construindo o caos&quot;","author":"Patr\u00edcia Marini","date":"26 de maio de 2014","format":false,"excerpt":"Desabafo que arquiteta Eliana Castilhos, delegada da Regi\u00e3o de Planejamento 1, postou nas redes sociais \u00e9 um testemunho do ambiente que se criou no Conselho do Plano Diretor de Porto Alegre, onde a aprova\u00e7\u00e3o de grandes empreendimentos \u00e9 empurrada guela abaixo dos conselheiros. Ao CMDUA Como delegada da Regi\u00e3o de\u2026","rel":"","context":"Em &quot;Geral&quot;","block_context":{"text":"Geral","link":"https:\/\/www.jornalja.com.br\/arquivo\/category\/geral\/"},"img":{"alt_text":"","src":"","width":0,"height":0},"classes":[]},{"id":5440,"url":"https:\/\/www.jornalja.com.br\/arquivo\/casarao-da-venancio-destino-permanece-incerto\/","url_meta":{"origin":49040,"position":5},"title":"Estado ainda n\u00e3o sabe o que fazer com casar\u00e3o abandonado h\u00e1 20 anos","author":"Elmar Bones","date":"6 de julho de 2009","format":false,"excerpt":"O casar\u00e3o amarelo, numa esquina nobre de Porto Alegre (Ven\u00e2ncio Aires com Jo\u00e3o Pessoa), j\u00e1 abrigou uma escola. H\u00e1 duas d\u00e9cadas, pelo menos, est\u00e1 abandonado, porque seu propriet\u00e1rio, o governo do Estado do Rio Grande do Sul, n\u00e3o consegue achar um destino para ele. Planos n\u00e3o faltaram. O governador Ol\u00edvio\u2026","rel":"","context":"Em &quot;X.Categorias velhas&quot;","block_context":{"text":"X.Categorias velhas","link":"https:\/\/www.jornalja.com.br\/arquivo\/category\/x-categorias-velhas\/"},"img":{"alt_text":"geraldo1","src":"https:\/\/i0.wp.com\/www.jornalja.com.br\/wp-content\/uploads\/2009\/07\/geraldo1.jpg?resize=350%2C200&ssl=1","width":350,"height":200},"classes":[]}],"jetpack_shortlink":"https:\/\/wp.me\/pbQjBd-cKY","jetpack_featured_media_url":"","_links":{"self":[{"href":"https:\/\/www.jornalja.com.br\/arquivo\/wp-json\/wp\/v2\/posts\/49040","targetHints":{"allow":["GET"]}}],"collection":[{"href":"https:\/\/www.jornalja.com.br\/arquivo\/wp-json\/wp\/v2\/posts"}],"about":[{"href":"https:\/\/www.jornalja.com.br\/arquivo\/wp-json\/wp\/v2\/types\/post"}],"author":[{"embeddable":true,"href":"https:\/\/www.jornalja.com.br\/arquivo\/wp-json\/wp\/v2\/users\/4"}],"replies":[{"embeddable":true,"href":"https:\/\/www.jornalja.com.br\/arquivo\/wp-json\/wp\/v2\/comments?post=49040"}],"version-history":[{"count":0,"href":"https:\/\/www.jornalja.com.br\/arquivo\/wp-json\/wp\/v2\/posts\/49040\/revisions"}],"wp:attachment":[{"href":"https:\/\/www.jornalja.com.br\/arquivo\/wp-json\/wp\/v2\/media?parent=49040"}],"wp:term":[{"taxonomy":"category","embeddable":true,"href":"https:\/\/www.jornalja.com.br\/arquivo\/wp-json\/wp\/v2\/categories?post=49040"},{"taxonomy":"post_tag","embeddable":true,"href":"https:\/\/www.jornalja.com.br\/arquivo\/wp-json\/wp\/v2\/tags?post=49040"}],"curies":[{"name":"wp","href":"https:\/\/api.w.org\/{rel}","templated":true}]}}