{"id":49054,"date":"2017-05-28T10:41:26","date_gmt":"2017-05-28T13:41:26","guid":{"rendered":"https:\/\/www.jornalja.com.br\/?p=49054"},"modified":"2017-05-28T10:41:26","modified_gmt":"2017-05-28T13:41:26","slug":"iluminacao-publica-sera-a-primeira-ppp-da-gestao-marcehzan","status":"publish","type":"post","link":"https:\/\/www.jornalja.com.br\/arquivo\/iluminacao-publica-sera-a-primeira-ppp-da-gestao-marcehzan\/","title":{"rendered":"Ilumina\u00e7\u00e3o P\u00fablica ser\u00e1 a primeira PPP da gest\u00e3o Marchezan"},"content":{"rendered":"<p><span class=\"assina\">Matheus Chaparini<\/span><br \/>\nEntre as parcerias que a gest\u00e3o do prefeito Nelson Marchezan J\u00fanior pretende estabelecer com a iniciativa privada, a primeira a ser concretizada ser\u00e1 a ilumina\u00e7\u00e3o p\u00fablica da capital.<br \/>\nO projeto est\u00e1 em fase de estrutura\u00e7\u00e3o, o que deve levar cerca de seis meses. Ap\u00f3s esta fase, ser\u00e1 a aberta a licita\u00e7\u00e3o, que deve ocorrer no primeiro semestre de 2018.<br \/>\nA previs\u00e3o \u00e9 do secret\u00e1rio de Parcerias Estrat\u00e9gicas do Munic\u00edpio, Bruno Vanuzzi. A pasta foi criada na atual gest\u00e3o para estruturar Parcerias P\u00fablico-Privadas (PPPs), concess\u00f5es e contratos de gest\u00e3o com o terceiro setor. O titular da pasta faz quest\u00e3o de ressaltar que n\u00e3o se trata de privatiza\u00e7\u00f5es:<br \/>\n\u201cTodos estes s\u00e3o processos que n\u00e3o se confundem com privatiza\u00e7\u00e3o. Processos de contratualiza\u00e7\u00e3o de atividades p\u00fablicas, no interesse publico, para o servi\u00e7o publico. De uma forma um pouco mais moderna. N\u00e3o \u00e9 uma novidade, \u00e9 um sistema j\u00e1 bem cristalizado no Brasil.\u201d<br \/>\nSegundo Vanuzzi, atualmente h\u00e1 pelo menos 100 contratos de PPPs e em torno de 400 de concess\u00f5es em vigor no pa\u00eds. O secret\u00e1rio afirma que na ponta, os servi\u00e7os da Prefeitura j\u00e1 s\u00e3o quase todos terceirizados, o que se busca \u00e9 uma maior efici\u00eancia, o uso do recurso privado para fazer investimentos e fiscaliza\u00e7\u00e3o de contratos independente, feita por empresas de auditoria.<br \/>\n\u201cS\u00e3o contratos com prazo curto, de um ano, sendo renovados com limite de cinco anos. Isso tem um custo elevado de transa\u00e7\u00e3o porque exige uma equipe gigantesca da administra\u00e7\u00e3o p\u00fablica s\u00f3 pra cuidar de formalidades de dez, vinte contratos\u201d, afirma.<br \/>\n<span class=\"intertit\">Prefeitura j\u00e1 tem acordo com BNDES para projeto de ilumina\u00e7\u00e3o<\/span><br \/>\nA ilumina\u00e7\u00e3o ser\u00e1 o primeiro servi\u00e7o p\u00fablico a ter parceria com o setor privado. A Prefeitura de Porto alegre j\u00e1 tem um protocolo de inten\u00e7\u00f5es firmado com o BNDES, atrav\u00e9s do Programa de Parcerias de Investimento, que autoriza o banco e outras institui\u00e7\u00f5es federais a apoiarem estados e munic\u00edpios em projetos de infraestrutura.<br \/>\nO BNDES criou um plano de trabalho, j\u00e1 validado pela Prefeitura, que prev\u00ea de 5 a 6 meses para a estrutura\u00e7\u00e3o do projeto. Vanuzzi explica que a estrutura\u00e7\u00e3o costuma levar de um a dois anos, por\u00e9m, por ter menor complexidade, este ser\u00e1 poss\u00edvel em um per\u00edodo mais curto. A institui\u00e7\u00e3o est\u00e1 contratando consultores para esta etapa que envolve estudos em diversas \u00e1reas, desde engenharia de ilumina\u00e7\u00e3o at\u00e9 sistemas de gest\u00e3o.<br \/>\n\u201cEste \u00e9 o momento no qual se define as responsabilidades do futuro contratado, os investimentos que vai ter que fazer, a receita esperada para o projeto, indicadores de desempenho, n\u00edveis de qualidade do servi\u00e7o que se espera e o que o cidad\u00e3o vai receber em termos de melhoria\u201d, afirma Vanuzzi.<br \/>\nO projeto deve ficar pronto at\u00e9 janeiro e come\u00e7a, ent\u00e3o, a etapa de licita\u00e7\u00e3o.<br \/>\nO principal investimento a ser feito pela empresa contratada ser\u00e1 a substitui\u00e7\u00e3o das l\u00e2mpadas por LED. \u201cTemos um d\u00e9ficit muito grande de efici\u00eancia energ\u00e9tica que s\u00f3 pode ser suprido com investimento maci\u00e7o em l\u00e2mpadas de LED\u201d, afirma Vanuzzi.<br \/>\nDesde 2009, Porto Alegre vem investindo na substitui\u00e7\u00e3o das l\u00e2mpadas, atrav\u00e9s do programa Porto Alegre + Luz, elaborado em parceria com a Eletrobr\u00e1s e CEEE. Para o secret\u00e1rio, h\u00e1 a necessidade de um programa mais amplo, em que apenas uma ou duas empresas fiquem respons\u00e1veis pelo servi\u00e7o, incluindo a posterior manuten\u00e7\u00e3o.<br \/>\nA ideia \u00e9 que a empresa fa\u00e7a o investimento inicial e seja remunerada ao longo de um grande per\u00edodo, em que a economia na conta de luz amortize o investimento. A Prefeitura vai repassar \u00e0 empresa recursos provenientes da CIP (Contribui\u00e7\u00e3o de Ilumina\u00e7\u00e3o P\u00fablica).<br \/>\n<span class=\"intertit\">As \u00e1reas em que a Prefeitura quer fazer parcerias<\/span><br \/>\nEntre concess\u00f5es e PPPs previstas pela gest\u00e3o, est\u00e3o parcerias in\u00e9ditas para os portoalegrenses, como o tratamento de esgoto e a ilumina\u00e7\u00e3o p\u00fablica, e outras que j\u00e1 existem, como ado\u00e7\u00e3o de pra\u00e7as e parques.<br \/>\nAo todo, s\u00e3o 9 \u00e1reas que a Prefeitura admite querer estabelecer parcerias. A lista n\u00e3o est\u00e1 fechada. O Comit\u00ea Gestor do Programa Municipal de Parcerias, que vai definir as \u00e1reas e estruturar os projetos, ainda n\u00e3o se reuniu.<br \/>\n<strong>Tratamento de esgoto:<\/strong> \u00e9 uma das \u00e1reas priorit\u00e1rias do programa. A gest\u00e3o entende que s\u00e3o necess\u00e1rias obras de estrutura nas conex\u00f5es residenciais e na melhor separa\u00e7\u00e3o das redes pluvial e cloacal, hoje misturadas em muitos pontos. A ideia \u00e9 que uma empresa invista nestas obras e se remunere com a amplia\u00e7\u00e3o do n\u00famero de resid\u00eancias que pagam a taxa de esgoto e de uma maior efici\u00eancia do servi\u00e7o.<br \/>\n<strong>Orla do Gua\u00edba:<\/strong> as obras da orla j\u00e1 preveem pontos comerciais. A ideia \u00e9 uma parceria em que os permission\u00e1rios se encarreguem da manuten\u00e7\u00e3o do espa\u00e7o. Este \u00e9 um projeto de baixa complexidade, entretanto, n\u00e3o \u00e9 considerado simples, pois o governo prev\u00ea resist\u00eancia da sociedade.<br \/>\n<strong>Mercado P\u00fablico:<\/strong> o secret\u00e1rio afirma que esta \u00e9 uma decis\u00e3o pol\u00edtica, que n\u00e3o cabe \u00e0 Secretaria. Marchezan j\u00e1 manifestou o interesse de estabelecer uma parceria para que um empresa invista os recursos que faltam para completar a reforma do mercado e assuma sua administra\u00e7\u00e3o. A Associa\u00e7\u00e3o dos Permission\u00e1rios j\u00e1 manifestou interesse na gest\u00e3o do Mercado P\u00fablico.<br \/>\n<strong>Centro administrativo:<\/strong> ainda n\u00e3o se tem uma decis\u00e3o a respeito deste projeto. A Prefeitura pretende substituir o gasto com alugu\u00e9is pelo investimento na constru\u00e7\u00e3o de um local que concentre a administra\u00e7\u00e3o municipal.<br \/>\n<strong>Mobili\u00e1rio urbano:<\/strong> atualmente, a Prefeitura tem uma licita\u00e7\u00e3o, aberta na gest\u00e3o anterior, sendo questionada na Justi\u00e7a. Antes desta, outra licita\u00e7\u00e3o foi aberta e n\u00e3o teve nenhum interessado. A concess\u00e3o do mobili\u00e1rio deve ser feita por partes: um projeto somente para rel\u00f3gios, outro para placas de rua e um terceiro, futuramente, para as paradas de \u00f4nibus. Seria uma parceria sem investimento da Prefeitura, a empresa vencedora se remunera com a explora\u00e7\u00e3o de espa\u00e7os publicit\u00e1rios.<br \/>\n<strong>Ado\u00e7\u00e3o de pra\u00e7as e parques:<\/strong> j\u00e1 acontece atualmente. A leitura da gest\u00e3o \u00e9 que os contratos n\u00e3o estabelecem com clareza as obriga\u00e7\u00f5es de quem adota e do poder p\u00fablico.<br \/>\n<strong>Centro de eventos:<\/strong> Porto Alegre t\u00eam \u00e0 disposi\u00e7\u00e3o uma verba de R$ 60 milh\u00f5es do Minist\u00e9rio do Turismo, caso consiga um terreno at\u00e9 o pr\u00f3ximo m\u00eas. A gest\u00e3o Marchezan calcula que precise, no m\u00ednimo, do dobro par a constru\u00e7\u00e3o de um centro com audit\u00f3rio e espa\u00e7o para feiras. A Prefeitura busca uma empresa que invista o restante do recurso e compartilhe o uso do espa\u00e7o com o poder p\u00fablico.<br \/>\n<strong>Hospital Materno-Infantil Presidente Vargas:<\/strong> chegou a ser cogitado pela imprensa e at\u00e9 despertou rea\u00e7\u00e3o por parte de servidores municipais, que marcaram um abra\u00e7o ao hospital. A administra\u00e7\u00e3o municipal entende que a estrutura f\u00edsica tem problemas, mas nega que o hospital esteja nos planos, pelo menos por enquanto.<\/p>\n","protected":false},"excerpt":{"rendered":"<p>Matheus Chaparini Entre as parcerias que a gest\u00e3o do prefeito Nelson Marchezan J\u00fanior pretende estabelecer com a iniciativa privada, a primeira a ser concretizada ser\u00e1 a ilumina\u00e7\u00e3o p\u00fablica da capital. O projeto est\u00e1 em fase de estrutura\u00e7\u00e3o, o que deve levar cerca de seis meses. Ap\u00f3s esta fase, ser\u00e1 a aberta a licita\u00e7\u00e3o, que deve [&hellip;]<\/p>\n","protected":false},"author":4,"featured_media":49057,"comment_status":"open","ping_status":"closed","sticky":false,"template":"","format":"standard","meta":{"_jetpack_newsletter_access":"","_jetpack_dont_email_post_to_subs":false,"_jetpack_newsletter_tier_id":0,"_jetpack_memberships_contains_paywalled_content":false,"_jetpack_feature_clip_id":0,"_jetpack_memberships_contains_paid_content":false,"footnotes":"","jetpack_post_was_ever_published":false},"categories":[26],"tags":[],"class_list":["post-49054","post","type-post","status-publish","format-standard","has-post-thumbnail","hentry","category-geral"],"aioseo_notices":[],"aioseo_head":"\n\t\t<!-- All in One SEO 5.0.1.1 - aioseo.com -->\n\t<meta name=\"robots\" content=\"max-image-preview:large\" \/>\n\t<meta name=\"author\" content=\"da Reda\u00e7\u00e3o\"\/>\n\t<link rel=\"canonical\" href=\"https:\/\/www.jornalja.com.br\/arquivo\/iluminacao-publica-sera-a-primeira-ppp-da-gestao-marcehzan\/\" \/>\n\t<meta name=\"generator\" content=\"All in One SEO (AIOSEO) 5.0.1.1\" \/>\n\t\t<meta property=\"og:locale\" content=\"pt_BR\" \/>\n\t\t<meta property=\"og:site_name\" content=\"Arquivo | Jornal J\u00c1 | Porto Alegre\" \/>\n\t\t<meta property=\"og:type\" content=\"article\" \/>\n\t\t<meta property=\"og:title\" content=\"Ilumina\u00e7\u00e3o P\u00fablica ser\u00e1 a primeira PPP da gest\u00e3o Marchezan | Arquivo\" \/>\n\t\t<meta property=\"og:url\" content=\"https:\/\/www.jornalja.com.br\/arquivo\/iluminacao-publica-sera-a-primeira-ppp-da-gestao-marcehzan\/\" \/>\n\t\t<meta property=\"og:image\" content=\"https:\/\/www.jornalja.com.br\/economics\/wp-content\/uploads\/sites\/11\/2026\/08\/ja-folhaderosto-facebook.jpg\" \/>\n\t\t<meta property=\"og:image:secure_url\" content=\"https:\/\/www.jornalja.com.br\/economics\/wp-content\/uploads\/sites\/11\/2026\/08\/ja-folhaderosto-facebook.jpg\" \/>\n\t\t<meta property=\"article:published_time\" content=\"2017-05-28T13:41:26+00:00\" \/>\n\t\t<meta property=\"article:modified_time\" content=\"2017-05-28T13:41:26+00:00\" \/>\n\t\t<meta name=\"twitter:card\" content=\"summary\" \/>\n\t\t<meta name=\"twitter:title\" content=\"Ilumina\u00e7\u00e3o P\u00fablica ser\u00e1 a primeira PPP da gest\u00e3o Marchezan | Arquivo\" \/>\n\t\t<meta name=\"twitter:image\" content=\"https:\/\/www.jornalja.com.br\/economics\/wp-content\/uploads\/sites\/11\/2026\/08\/ja-folhaderosto-facebook.jpg\" \/>\n\t\t<script type=\"application\/ld+json\" class=\"aioseo-schema\">\n\t\t\t{\"@context\":\"https:\\\/\\\/schema.org\",\"@graph\":[{\"@type\":\"BlogPosting\",\"@id\":\"https:\\\/\\\/www.jornalja.com.br\\\/arquivo\\\/iluminacao-publica-sera-a-primeira-ppp-da-gestao-marcehzan\\\/#blogposting\",\"name\":\"Ilumina\\u00e7\\u00e3o P\\u00fablica ser\\u00e1 a primeira PPP da gest\\u00e3o Marchezan | Arquivo\",\"headline\":\"Ilumina\\u00e7\\u00e3o P\\u00fablica ser\\u00e1 a primeira PPP da gest\\u00e3o Marchezan\",\"author\":{\"@id\":\"https:\\\/\\\/www.jornalja.com.br\\\/arquivo\\\/author\\\/daredacao\\\/#author\"},\"publisher\":{\"@id\":\"https:\\\/\\\/www.jornalja.com.br\\\/arquivo\\\/#organization\"},\"image\":{\"@type\":\"ImageObject\",\"url\":49057},\"datePublished\":\"2017-05-28T10:41:26-03:00\",\"dateModified\":\"2017-05-28T10:41:26-03:00\",\"inLanguage\":\"pt-BR\",\"mainEntityOfPage\":{\"@id\":\"https:\\\/\\\/www.jornalja.com.br\\\/arquivo\\\/iluminacao-publica-sera-a-primeira-ppp-da-gestao-marcehzan\\\/#webpage\"},\"isPartOf\":{\"@id\":\"https:\\\/\\\/www.jornalja.com.br\\\/arquivo\\\/iluminacao-publica-sera-a-primeira-ppp-da-gestao-marcehzan\\\/#webpage\"},\"articleSection\":\"Geral\"},{\"@type\":\"BreadcrumbList\",\"@id\":\"https:\\\/\\\/www.jornalja.com.br\\\/arquivo\\\/iluminacao-publica-sera-a-primeira-ppp-da-gestao-marcehzan\\\/#breadcrumblist\",\"itemListElement\":[{\"@type\":\"ListItem\",\"@id\":\"https:\\\/\\\/www.jornalja.com.br\\\/arquivo#listItem\",\"position\":1,\"name\":\"Home\",\"item\":\"https:\\\/\\\/www.jornalja.com.br\\\/arquivo\",\"nextItem\":{\"@type\":\"ListItem\",\"@id\":\"https:\\\/\\\/www.jornalja.com.br\\\/arquivo\\\/category\\\/geral\\\/#listItem\",\"name\":\"Geral\"}},{\"@type\":\"ListItem\",\"@id\":\"https:\\\/\\\/www.jornalja.com.br\\\/arquivo\\\/category\\\/geral\\\/#listItem\",\"position\":2,\"name\":\"Geral\",\"item\":\"https:\\\/\\\/www.jornalja.com.br\\\/arquivo\\\/category\\\/geral\\\/\",\"nextItem\":{\"@type\":\"ListItem\",\"@id\":\"https:\\\/\\\/www.jornalja.com.br\\\/arquivo\\\/iluminacao-publica-sera-a-primeira-ppp-da-gestao-marcehzan\\\/#listItem\",\"name\":\"Ilumina\\u00e7\\u00e3o P\\u00fablica ser\\u00e1 a primeira PPP da gest\\u00e3o Marchezan\"},\"previousItem\":{\"@type\":\"ListItem\",\"@id\":\"https:\\\/\\\/www.jornalja.com.br\\\/arquivo#listItem\",\"name\":\"Home\"}},{\"@type\":\"ListItem\",\"@id\":\"https:\\\/\\\/www.jornalja.com.br\\\/arquivo\\\/iluminacao-publica-sera-a-primeira-ppp-da-gestao-marcehzan\\\/#listItem\",\"position\":3,\"name\":\"Ilumina\\u00e7\\u00e3o P\\u00fablica ser\\u00e1 a primeira PPP da gest\\u00e3o Marchezan\",\"previousItem\":{\"@type\":\"ListItem\",\"@id\":\"https:\\\/\\\/www.jornalja.com.br\\\/arquivo\\\/category\\\/geral\\\/#listItem\",\"name\":\"Geral\"}}]},{\"@type\":\"Organization\",\"@id\":\"https:\\\/\\\/www.jornalja.com.br\\\/arquivo\\\/#organization\",\"name\":\"Jornal J\\u00c1\",\"description\":\"Jornal J\\u00c1 | Porto Alegre\",\"url\":\"https:\\\/\\\/www.jornalja.com.br\\\/arquivo\\\/\",\"telephone\":\"+555133307272\",\"logo\":{\"@type\":\"ImageObject\",\"url\":\"https:\\\/\\\/www.jornalja.com.br\\\/wp-content\\\/uploads\\\/cards\\\/JAslogan.png\",\"@id\":\"https:\\\/\\\/www.jornalja.com.br\\\/arquivo\\\/iluminacao-publica-sera-a-primeira-ppp-da-gestao-marcehzan\\\/#organizationLogo\"},\"image\":{\"@id\":\"https:\\\/\\\/www.jornalja.com.br\\\/arquivo\\\/iluminacao-publica-sera-a-primeira-ppp-da-gestao-marcehzan\\\/#organizationLogo\"}},{\"@type\":\"Person\",\"@id\":\"https:\\\/\\\/www.jornalja.com.br\\\/arquivo\\\/author\\\/daredacao\\\/#author\",\"url\":\"https:\\\/\\\/www.jornalja.com.br\\\/arquivo\\\/author\\\/daredacao\\\/\",\"name\":\"da Reda\\u00e7\\u00e3o\",\"image\":{\"@type\":\"ImageObject\",\"@id\":\"https:\\\/\\\/www.jornalja.com.br\\\/arquivo\\\/iluminacao-publica-sera-a-primeira-ppp-da-gestao-marcehzan\\\/#authorImage\",\"url\":\"https:\\\/\\\/secure.gravatar.com\\\/avatar\\\/469fd857d6605ad19919d27ed29d35a968a25f6e8fd9318356bbb7f57aae9c65?s=96&d=mm&r=g\",\"width\":96,\"height\":96,\"caption\":\"da Reda\\u00e7\\u00e3o\"}},{\"@type\":\"WebPage\",\"@id\":\"https:\\\/\\\/www.jornalja.com.br\\\/arquivo\\\/iluminacao-publica-sera-a-primeira-ppp-da-gestao-marcehzan\\\/#webpage\",\"url\":\"https:\\\/\\\/www.jornalja.com.br\\\/arquivo\\\/iluminacao-publica-sera-a-primeira-ppp-da-gestao-marcehzan\\\/\",\"name\":\"Ilumina\\u00e7\\u00e3o P\\u00fablica ser\\u00e1 a primeira PPP da gest\\u00e3o Marchezan | Arquivo\",\"inLanguage\":\"pt-BR\",\"isPartOf\":{\"@id\":\"https:\\\/\\\/www.jornalja.com.br\\\/arquivo\\\/#website\"},\"breadcrumb\":{\"@id\":\"https:\\\/\\\/www.jornalja.com.br\\\/arquivo\\\/iluminacao-publica-sera-a-primeira-ppp-da-gestao-marcehzan\\\/#breadcrumblist\"},\"author\":{\"@id\":\"https:\\\/\\\/www.jornalja.com.br\\\/arquivo\\\/author\\\/daredacao\\\/#author\"},\"creator\":{\"@id\":\"https:\\\/\\\/www.jornalja.com.br\\\/arquivo\\\/author\\\/daredacao\\\/#author\"},\"image\":{\"@type\":\"ImageObject\",\"url\":49057,\"@id\":\"https:\\\/\\\/www.jornalja.com.br\\\/arquivo\\\/iluminacao-publica-sera-a-primeira-ppp-da-gestao-marcehzan\\\/#mainImage\"},\"primaryImageOfPage\":{\"@id\":\"https:\\\/\\\/www.jornalja.com.br\\\/arquivo\\\/iluminacao-publica-sera-a-primeira-ppp-da-gestao-marcehzan\\\/#mainImage\"},\"datePublished\":\"2017-05-28T10:41:26-03:00\",\"dateModified\":\"2017-05-28T10:41:26-03:00\"},{\"@type\":\"WebSite\",\"@id\":\"https:\\\/\\\/www.jornalja.com.br\\\/arquivo\\\/#website\",\"url\":\"https:\\\/\\\/www.jornalja.com.br\\\/arquivo\\\/\",\"name\":\"Arquivo\",\"description\":\"Jornal J\\u00c1 | Porto Alegre\",\"inLanguage\":\"pt-BR\",\"publisher\":{\"@id\":\"https:\\\/\\\/www.jornalja.com.br\\\/arquivo\\\/#organization\"}}]}\n\t\t<\/script>\n\t\t<!-- All in One SEO -->\n\n","aioseo_head_json":{"title":"Ilumina\u00e7\u00e3o P\u00fablica ser\u00e1 a primeira PPP da gest\u00e3o Marchezan | Arquivo","description":"","canonical_url":"https:\/\/www.jornalja.com.br\/arquivo\/iluminacao-publica-sera-a-primeira-ppp-da-gestao-marcehzan\/","robots":"max-image-preview:large","keywords":"","webmasterTools":{"miscellaneous":""},"schema":{"@context":"https:\/\/schema.org","@graph":[{"@type":"BlogPosting","@id":"https:\/\/www.jornalja.com.br\/arquivo\/iluminacao-publica-sera-a-primeira-ppp-da-gestao-marcehzan\/#blogposting","name":"Ilumina\u00e7\u00e3o P\u00fablica ser\u00e1 a primeira PPP da gest\u00e3o Marchezan | Arquivo","headline":"Ilumina\u00e7\u00e3o P\u00fablica ser\u00e1 a primeira PPP da gest\u00e3o Marchezan","author":{"@id":"https:\/\/www.jornalja.com.br\/arquivo\/author\/daredacao\/#author"},"publisher":{"@id":"https:\/\/www.jornalja.com.br\/arquivo\/#organization"},"image":{"@type":"ImageObject","url":49057},"datePublished":"2017-05-28T10:41:26-03:00","dateModified":"2017-05-28T10:41:26-03:00","inLanguage":"pt-BR","mainEntityOfPage":{"@id":"https:\/\/www.jornalja.com.br\/arquivo\/iluminacao-publica-sera-a-primeira-ppp-da-gestao-marcehzan\/#webpage"},"isPartOf":{"@id":"https:\/\/www.jornalja.com.br\/arquivo\/iluminacao-publica-sera-a-primeira-ppp-da-gestao-marcehzan\/#webpage"},"articleSection":"Geral"},{"@type":"BreadcrumbList","@id":"https:\/\/www.jornalja.com.br\/arquivo\/iluminacao-publica-sera-a-primeira-ppp-da-gestao-marcehzan\/#breadcrumblist","itemListElement":[{"@type":"ListItem","@id":"https:\/\/www.jornalja.com.br\/arquivo#listItem","position":1,"name":"Home","item":"https:\/\/www.jornalja.com.br\/arquivo","nextItem":{"@type":"ListItem","@id":"https:\/\/www.jornalja.com.br\/arquivo\/category\/geral\/#listItem","name":"Geral"}},{"@type":"ListItem","@id":"https:\/\/www.jornalja.com.br\/arquivo\/category\/geral\/#listItem","position":2,"name":"Geral","item":"https:\/\/www.jornalja.com.br\/arquivo\/category\/geral\/","nextItem":{"@type":"ListItem","@id":"https:\/\/www.jornalja.com.br\/arquivo\/iluminacao-publica-sera-a-primeira-ppp-da-gestao-marcehzan\/#listItem","name":"Ilumina\u00e7\u00e3o P\u00fablica ser\u00e1 a primeira PPP da gest\u00e3o Marchezan"},"previousItem":{"@type":"ListItem","@id":"https:\/\/www.jornalja.com.br\/arquivo#listItem","name":"Home"}},{"@type":"ListItem","@id":"https:\/\/www.jornalja.com.br\/arquivo\/iluminacao-publica-sera-a-primeira-ppp-da-gestao-marcehzan\/#listItem","position":3,"name":"Ilumina\u00e7\u00e3o P\u00fablica ser\u00e1 a primeira PPP da gest\u00e3o Marchezan","previousItem":{"@type":"ListItem","@id":"https:\/\/www.jornalja.com.br\/arquivo\/category\/geral\/#listItem","name":"Geral"}}]},{"@type":"Organization","@id":"https:\/\/www.jornalja.com.br\/arquivo\/#organization","name":"Jornal J\u00c1","description":"Jornal J\u00c1 | Porto Alegre","url":"https:\/\/www.jornalja.com.br\/arquivo\/","telephone":"+555133307272","logo":{"@type":"ImageObject","url":"https:\/\/www.jornalja.com.br\/wp-content\/uploads\/cards\/JAslogan.png","@id":"https:\/\/www.jornalja.com.br\/arquivo\/iluminacao-publica-sera-a-primeira-ppp-da-gestao-marcehzan\/#organizationLogo"},"image":{"@id":"https:\/\/www.jornalja.com.br\/arquivo\/iluminacao-publica-sera-a-primeira-ppp-da-gestao-marcehzan\/#organizationLogo"}},{"@type":"Person","@id":"https:\/\/www.jornalja.com.br\/arquivo\/author\/daredacao\/#author","url":"https:\/\/www.jornalja.com.br\/arquivo\/author\/daredacao\/","name":"da Reda\u00e7\u00e3o","image":{"@type":"ImageObject","@id":"https:\/\/www.jornalja.com.br\/arquivo\/iluminacao-publica-sera-a-primeira-ppp-da-gestao-marcehzan\/#authorImage","url":"https:\/\/secure.gravatar.com\/avatar\/469fd857d6605ad19919d27ed29d35a968a25f6e8fd9318356bbb7f57aae9c65?s=96&d=mm&r=g","width":96,"height":96,"caption":"da Reda\u00e7\u00e3o"}},{"@type":"WebPage","@id":"https:\/\/www.jornalja.com.br\/arquivo\/iluminacao-publica-sera-a-primeira-ppp-da-gestao-marcehzan\/#webpage","url":"https:\/\/www.jornalja.com.br\/arquivo\/iluminacao-publica-sera-a-primeira-ppp-da-gestao-marcehzan\/","name":"Ilumina\u00e7\u00e3o P\u00fablica ser\u00e1 a primeira PPP da gest\u00e3o Marchezan | Arquivo","inLanguage":"pt-BR","isPartOf":{"@id":"https:\/\/www.jornalja.com.br\/arquivo\/#website"},"breadcrumb":{"@id":"https:\/\/www.jornalja.com.br\/arquivo\/iluminacao-publica-sera-a-primeira-ppp-da-gestao-marcehzan\/#breadcrumblist"},"author":{"@id":"https:\/\/www.jornalja.com.br\/arquivo\/author\/daredacao\/#author"},"creator":{"@id":"https:\/\/www.jornalja.com.br\/arquivo\/author\/daredacao\/#author"},"image":{"@type":"ImageObject","url":49057,"@id":"https:\/\/www.jornalja.com.br\/arquivo\/iluminacao-publica-sera-a-primeira-ppp-da-gestao-marcehzan\/#mainImage"},"primaryImageOfPage":{"@id":"https:\/\/www.jornalja.com.br\/arquivo\/iluminacao-publica-sera-a-primeira-ppp-da-gestao-marcehzan\/#mainImage"},"datePublished":"2017-05-28T10:41:26-03:00","dateModified":"2017-05-28T10:41:26-03:00"},{"@type":"WebSite","@id":"https:\/\/www.jornalja.com.br\/arquivo\/#website","url":"https:\/\/www.jornalja.com.br\/arquivo\/","name":"Arquivo","description":"Jornal J\u00c1 | Porto Alegre","inLanguage":"pt-BR","publisher":{"@id":"https:\/\/www.jornalja.com.br\/arquivo\/#organization"}}]},"og:locale":"pt_BR","og:site_name":"Arquivo | Jornal J\u00c1 | Porto Alegre","og:type":"article","og:title":"Ilumina\u00e7\u00e3o P\u00fablica ser\u00e1 a primeira PPP da gest\u00e3o Marchezan | Arquivo","og:url":"https:\/\/www.jornalja.com.br\/arquivo\/iluminacao-publica-sera-a-primeira-ppp-da-gestao-marcehzan\/","og:image":"https:\/\/www.jornalja.com.br\/economics\/wp-content\/uploads\/sites\/11\/2026\/08\/ja-folhaderosto-facebook.jpg","og:image:secure_url":"https:\/\/www.jornalja.com.br\/economics\/wp-content\/uploads\/sites\/11\/2026\/08\/ja-folhaderosto-facebook.jpg","article:published_time":"2017-05-28T13:41:26+00:00","article:modified_time":"2017-05-28T13:41:26+00:00","twitter:card":"summary","twitter:title":"Ilumina\u00e7\u00e3o P\u00fablica ser\u00e1 a primeira PPP da gest\u00e3o Marchezan | Arquivo","twitter:image":"https:\/\/www.jornalja.com.br\/economics\/wp-content\/uploads\/sites\/11\/2026\/08\/ja-folhaderosto-facebook.jpg"},"aioseo_meta_data":{"post_id":"49054","title":null,"description":null,"keywords":null,"keyphrases":null,"primary_term":null,"canonical_url":null,"og_title":null,"og_description":null,"og_object_type":"default","og_image_type":"default","og_image_url":null,"og_image_width":null,"og_image_height":null,"og_image_custom_url":null,"og_image_custom_fields":null,"og_video":null,"og_custom_url":null,"og_article_section":null,"og_article_tags":null,"twitter_use_og":false,"twitter_card":"default","twitter_image_type":"default","twitter_image_url":null,"twitter_image_custom_url":null,"twitter_image_custom_fields":null,"twitter_title":null,"twitter_description":null,"schema":{"blockGraphs":[],"customGraphs":[],"default":{"data":{"Article":[],"Course":[],"Dataset":[],"FAQPage":[],"Movie":[],"Person":[],"Product":[],"ProductReview":[],"Car":[],"Recipe":[],"Service":[],"SoftwareApplication":[],"WebPage":[]},"graphName":"","isEnabled":true},"graphs":[]},"schema_type":null,"schema_type_options":null,"pillar_content":false,"robots_default":true,"robots_noindex":false,"robots_noarchive":false,"robots_nosnippet":false,"robots_nofollow":false,"robots_noimageindex":false,"robots_noodp":false,"robots_notranslate":false,"robots_max_snippet":null,"robots_max_videopreview":null,"robots_max_imagepreview":"large","priority":null,"frequency":null,"location":null,"local_seo":null,"breadcrumb_settings":null,"limit_modified_date":false,"ai":null,"created":"2020-12-20 20:32:48","updated":"2025-07-19 21:48:24","seo_analyzer_scan_date":null,"focus_keyword":null,"additional_keywords":null,"truseo_locale":null},"jetpack_sharing_enabled":true,"jetpack-related-posts":[{"id":13240,"url":"https:\/\/www.jornalja.com.br\/arquivo\/plano-diretor-estamos-construindo-o-caos\/","url_meta":{"origin":49054,"position":0},"title":"Plano diretor: &quot;Estamos construindo o caos&quot;","author":"Patr\u00edcia Marini","date":"26 de maio de 2014","format":false,"excerpt":"Desabafo que arquiteta Eliana Castilhos, delegada da Regi\u00e3o de Planejamento 1, postou nas redes sociais \u00e9 um testemunho do ambiente que se criou no Conselho do Plano Diretor de Porto Alegre, onde a aprova\u00e7\u00e3o de grandes empreendimentos \u00e9 empurrada guela abaixo dos conselheiros. Ao CMDUA Como delegada da Regi\u00e3o de\u2026","rel":"","context":"Em &quot;Geral&quot;","block_context":{"text":"Geral","link":"https:\/\/www.jornalja.com.br\/arquivo\/category\/geral\/"},"img":{"alt_text":"","src":"","width":0,"height":0},"classes":[]},{"id":14241,"url":"https:\/\/www.jornalja.com.br\/arquivo\/o-guaiba-nas-imagens-poeticas-de-achutti\/","url_meta":{"origin":49054,"position":1},"title":"O Gua\u00edba nas imagens po\u00e9ticas de Achutti","author":"da Reda\u00e7\u00e3o","date":"18 de junho de 2014","format":false,"excerpt":"Em \u201cO Gua\u00edba por Achutti\u201d \u2013 obra financiada via Minist\u00e9rio da Cultura, produ\u00e7\u00e3o executiva de Pedro Longhi, e Fl\u00e1vio Wild como designer \u2013, o fot\u00f3grafo revela a beleza e as mazelas de um espa\u00e7o aqu\u00e1tico de \u00e1guas sempre renovadas, cheio de hist\u00f3rias e lendas como as das cidades que foram\u2026","rel":"","context":"Em &quot;Cultura-Geral&quot;","block_context":{"text":"Cultura-Geral","link":"https:\/\/www.jornalja.com.br\/arquivo\/category\/materiasecundaria\/"},"img":{"alt_text":"","src":"","width":0,"height":0},"classes":[]},{"id":13109,"url":"https:\/\/www.jornalja.com.br\/arquivo\/judiciario-reconhece-poluicao-eletromagnetica\/","url_meta":{"origin":49054,"position":2},"title":"Judici\u00e1rio reconhece polui\u00e7\u00e3o eletromagn\u00e9tica","author":"Patr\u00edcia Marini","date":"16 de maio de 2014","format":false,"excerpt":"A\u00e7\u00e3o de duas associa\u00e7\u00f5es de moradores foi acolhida pelo Tribunal de Justi\u00e7a de S\u00e3o Paulo que. em decis\u00e3o in\u00e9dita, determinou a redu\u00e7\u00e3o do campo eletromagn\u00e9tico gerado pelas linhas de transmiss\u00e3o de energia que cortam os bairros City Boa\u00e7ava e Alto de Pinheiros. \u00c9 a primeira vez que um tribunal do\u2026","rel":"","context":"Em &quot;X.Categorias velhas&quot;","block_context":{"text":"X.Categorias velhas","link":"https:\/\/www.jornalja.com.br\/arquivo\/category\/x-categorias-velhas\/"},"img":{"alt_text":"","src":"","width":0,"height":0},"classes":[]},{"id":13101,"url":"https:\/\/www.jornalja.com.br\/arquivo\/morre-um-guerreiro-do-texto\/","url_meta":{"origin":49054,"position":3},"title":"Morre um guerreiro do texto","author":"Patr\u00edcia Marini","date":"14 de maio de 2014","format":false,"excerpt":"Por Ricardo Kotscho Reproduzido do blog do autor, 11\/5\/2014; t\u00edtulo original \u201cE l\u00e1 se foi o nosso Myltainho, guerreiro do texto\u201d. Mi\u00fado e franzino, meu amigo Myltainho era um valente e inconformado guerreiro na luta contra as injusti\u00e7as sociais, a hipocrisia, as maracutaias, o autoritarismo, a intoler\u00e2ncia, a viol\u00eancia, o\u2026","rel":"","context":"Em &quot;Geral&quot;","block_context":{"text":"Geral","link":"https:\/\/www.jornalja.com.br\/arquivo\/category\/geral\/"},"img":{"alt_text":"","src":"","width":0,"height":0},"classes":[]},{"id":13124,"url":"https:\/\/www.jornalja.com.br\/arquivo\/sangue-latino-no-iecine\/","url_meta":{"origin":49054,"position":4},"title":"Sangue latino no IECINE","author":"da Reda\u00e7\u00e3o","date":"18 de maio de 2014","format":false,"excerpt":"Francisco Ribeiro O Instituto Estadual de Cinema (IECINE) tem a frente, desde abril \u00faltimo, um novo diretor, o cineasta colombiano Juan Zapata, 36, que substitui Luiz Alberto Cassol. Radicado h\u00e1 dez anos em Porto Alegre, Zapata tem diante de si o desafio de conduzir at\u00e9 o final do ano um\u2026","rel":"","context":"Em &quot;Cultura-Geral&quot;","block_context":{"text":"Cultura-Geral","link":"https:\/\/www.jornalja.com.br\/arquivo\/category\/materiasecundaria\/"},"img":{"alt_text":"","src":"","width":0,"height":0},"classes":[]},{"id":13239,"url":"https:\/\/www.jornalja.com.br\/arquivo\/conselho-desdenha-do-plano-diretor\/","url_meta":{"origin":49054,"position":5},"title":"Porto Alegre: Conselho detona Plano Diretor","author":"Patr\u00edcia Marini","date":"25 de maio de 2014","format":false,"excerpt":"Den\u00fancia do arquiteto e \u00a0urbanista Ibir\u00e1 Santos Lucas. Ele diz que os conselheiros est\u00e3o votando com \"enorme irresponsabilidade\". \"Mudam regime com a maior naturalidade,,,regularizam absurdos de constru\u00e7\u00f5es irregulares... \"O CMDUA est\u00e1 flexibilizando a lei do plano diretor, de uma forma impactante na vida da cidade. Mudam regime com a maior\u2026","rel":"","context":"Em &quot;Geral&quot;","block_context":{"text":"Geral","link":"https:\/\/www.jornalja.com.br\/arquivo\/category\/geral\/"},"img":{"alt_text":"","src":"","width":0,"height":0},"classes":[]}],"jetpack_shortlink":"https:\/\/wp.me\/pbQjBd-cLc","jetpack_featured_media_url":"","_links":{"self":[{"href":"https:\/\/www.jornalja.com.br\/arquivo\/wp-json\/wp\/v2\/posts\/49054","targetHints":{"allow":["GET"]}}],"collection":[{"href":"https:\/\/www.jornalja.com.br\/arquivo\/wp-json\/wp\/v2\/posts"}],"about":[{"href":"https:\/\/www.jornalja.com.br\/arquivo\/wp-json\/wp\/v2\/types\/post"}],"author":[{"embeddable":true,"href":"https:\/\/www.jornalja.com.br\/arquivo\/wp-json\/wp\/v2\/users\/4"}],"replies":[{"embeddable":true,"href":"https:\/\/www.jornalja.com.br\/arquivo\/wp-json\/wp\/v2\/comments?post=49054"}],"version-history":[{"count":0,"href":"https:\/\/www.jornalja.com.br\/arquivo\/wp-json\/wp\/v2\/posts\/49054\/revisions"}],"wp:attachment":[{"href":"https:\/\/www.jornalja.com.br\/arquivo\/wp-json\/wp\/v2\/media?parent=49054"}],"wp:term":[{"taxonomy":"category","embeddable":true,"href":"https:\/\/www.jornalja.com.br\/arquivo\/wp-json\/wp\/v2\/categories?post=49054"},{"taxonomy":"post_tag","embeddable":true,"href":"https:\/\/www.jornalja.com.br\/arquivo\/wp-json\/wp\/v2\/tags?post=49054"}],"curies":[{"name":"wp","href":"https:\/\/api.w.org\/{rel}","templated":true}]}}