{"id":49102,"date":"2017-05-28T21:51:48","date_gmt":"2017-05-29T00:51:48","guid":{"rendered":"https:\/\/www.jornalja.com.br\/?p=49102"},"modified":"2017-05-28T21:51:48","modified_gmt":"2017-05-29T00:51:48","slug":"projeto-para-acabar-com-o-reajuste-automatico-nos-salarios-dos-servidores-avanca-na-camara","status":"publish","type":"post","link":"https:\/\/www.jornalja.com.br\/arquivo\/projeto-para-acabar-com-o-reajuste-automatico-nos-salarios-dos-servidores-avanca-na-camara\/","title":{"rendered":"Projeto para acabar com o reajuste autom\u00e1tico nos sal\u00e1rios dos servidores avan\u00e7a na C\u00e2mara"},"content":{"rendered":"<p>Depois que o regime de urg\u00eancia para a vota\u00e7\u00e3o de reajuste dos servidores foi rejeitado em plen\u00e1rio, sexta-feira, formou-se na C\u00e2mara de Vereadores outro arranjo para aprovar a proposta do prefeito sem mais debates.<br \/>\nVota\u00e7\u00e3o de urg\u00eancia tamb\u00e9m pode acontecer se ao menos tr\u00eas comiss\u00f5es permanentes assim decidirem em reuni\u00e3o simult\u00e2nea. \u00c9 o que diz o artigo 50 do regimento interno da C\u00e2mara.<br \/>\nNesta segunda-feira, 29, tr\u00eas comiss\u00f5es &#8211; \u00a0de Constitui\u00e7\u00e3o e Justi\u00e7a (CCJ), de Economia, Finan\u00e7as, Or\u00e7amento e do Mercosul (Cefor) e de Urbaniza\u00e7\u00e3o, Transportes e Habita\u00e7\u00e3o (Cuthab) da C\u00e2mara Municipal &#8211; estar\u00e3o em reuni\u00e3o conjunta na sala 302 da Casa, \u00e0s 10 horas, para votar o parecer do relator, vereador Luciano Marcant\u00f4nio (PTB), que se manifestou favor\u00e1vel \u00e0 aprova\u00e7\u00e3o do\u00a0<a href=\"http:\/\/www.camarapoa.rs.gov.br\/processos\/131590\" target=\"_blank\" rel=\"noopener noreferrer\"><strong>Projeto de Lei do Executivo (PLE) n\u00b0 002\/17<\/strong><\/a>.<br \/>\nA proposta altera a\u00a0<a href=\"http:\/\/siteantigo.camarapoa.rs.gov.br\/biblioteca\/integrais\/lei_9870.htm\" target=\"_blank\" rel=\"noopener noreferrer\">Lei n\u00b0 9.870, de 30 novembro de 2005<\/a>\u00a0(que disp\u00f5e sobre a pol\u00edtica salarial dos servidores da administra\u00e7\u00e3o centralizada, das autarquias e funda\u00e7\u00f5es municipais) e condiciona a reposi\u00e7\u00e3o da infla\u00e7\u00e3o do per\u00edodo para o sal\u00e1rio dos servidores \u00e0 disponibilidade or\u00e7ament\u00e1rio-financeira do Munic\u00edpio, retirando\u00a0a atual obrigatoriedade de reposi\u00e7\u00e3o autom\u00e1tica da infla\u00e7\u00e3o.<br \/>\nCom a nova reda\u00e7\u00e3o, se aprovado o projeto, o caput do artigo 1\u00ba da Lei 9.870\/05 passa a prever que os valores b\u00e1sicos dos vencimentos, fun\u00e7\u00f5es gratificadas, cargos em comiss\u00e3o, vantagens remunerat\u00f3rias e retribui\u00e7\u00f5es pecuni\u00e1rias \u201cser\u00e3o objetos de revis\u00e3o geral anual, sempre na mesma data-base, em maio de cada ano, sem distin\u00e7\u00e3o de \u00edndices, observada a disponibilidade or\u00e7ament\u00e1rio-financeira do Munic\u00edpio\u201d.<br \/>\nPela reda\u00e7\u00e3o atual, a Lei determina que esses vencimentos \u201cser\u00e3o reajustados com periodicidade anual e data-base de reajuste em maio de cada ano, com base nas perdas inflacion\u00e1rias do per\u00edodo\u201d. A proposta tamb\u00e9m revoga o par\u00e1grafo \u00fanico do artigo 1\u00ba da Lei 9.870\/05, que exclui da aplica\u00e7\u00e3o da Lei \u201cos valores de remunera\u00e7\u00e3o percebidos a t\u00edtulo de subs\u00eddio\u201d.<br \/>\n&nbsp;<\/p>\n","protected":false},"excerpt":{"rendered":"<p>Depois que o regime de urg\u00eancia para a vota\u00e7\u00e3o de reajuste dos servidores foi rejeitado em plen\u00e1rio, sexta-feira, formou-se na C\u00e2mara de Vereadores outro arranjo para aprovar a proposta do prefeito sem mais debates. Vota\u00e7\u00e3o de urg\u00eancia tamb\u00e9m pode acontecer se ao menos tr\u00eas comiss\u00f5es permanentes assim decidirem em reuni\u00e3o simult\u00e2nea. \u00c9 o que diz [&hellip;]<\/p>\n","protected":false},"author":4,"featured_media":49111,"comment_status":"open","ping_status":"closed","sticky":false,"template":"","format":"standard","meta":{"_jetpack_newsletter_access":"","_jetpack_dont_email_post_to_subs":false,"_jetpack_newsletter_tier_id":0,"_jetpack_memberships_contains_paywalled_content":false,"_jetpack_feature_clip_id":0,"_jetpack_memberships_contains_paid_content":false,"footnotes":"","jetpack_post_was_ever_published":false},"categories":[26],"tags":[],"class_list":["post-49102","post","type-post","status-publish","format-standard","has-post-thumbnail","hentry","category-geral"],"aioseo_notices":[],"aioseo_head":"\n\t\t<!-- All in One SEO 5.0.1.1 - aioseo.com -->\n\t<meta name=\"robots\" content=\"max-image-preview:large\" \/>\n\t<meta name=\"author\" content=\"da Reda\u00e7\u00e3o\"\/>\n\t<link rel=\"canonical\" href=\"https:\/\/www.jornalja.com.br\/arquivo\/projeto-para-acabar-com-o-reajuste-automatico-nos-salarios-dos-servidores-avanca-na-camara\/\" \/>\n\t<meta name=\"generator\" content=\"All in One SEO (AIOSEO) 5.0.1.1\" \/>\n\t\t<meta property=\"og:locale\" content=\"pt_BR\" \/>\n\t\t<meta property=\"og:site_name\" content=\"Arquivo | Jornal J\u00c1 | Porto Alegre\" \/>\n\t\t<meta property=\"og:type\" content=\"article\" \/>\n\t\t<meta property=\"og:title\" content=\"Projeto para acabar com o reajuste autom\u00e1tico nos sal\u00e1rios dos servidores avan\u00e7a na C\u00e2mara | Arquivo\" \/>\n\t\t<meta property=\"og:url\" content=\"https:\/\/www.jornalja.com.br\/arquivo\/projeto-para-acabar-com-o-reajuste-automatico-nos-salarios-dos-servidores-avanca-na-camara\/\" \/>\n\t\t<meta property=\"og:image\" content=\"https:\/\/www.jornalja.com.br\/economics\/wp-content\/uploads\/sites\/11\/2026\/08\/ja-folhaderosto-facebook.jpg\" \/>\n\t\t<meta property=\"og:image:secure_url\" content=\"https:\/\/www.jornalja.com.br\/economics\/wp-content\/uploads\/sites\/11\/2026\/08\/ja-folhaderosto-facebook.jpg\" \/>\n\t\t<meta property=\"article:published_time\" content=\"2017-05-29T00:51:48+00:00\" \/>\n\t\t<meta property=\"article:modified_time\" content=\"2017-05-29T00:51:48+00:00\" \/>\n\t\t<meta name=\"twitter:card\" content=\"summary\" \/>\n\t\t<meta name=\"twitter:title\" content=\"Projeto para acabar com o reajuste autom\u00e1tico nos sal\u00e1rios dos servidores avan\u00e7a na C\u00e2mara | Arquivo\" \/>\n\t\t<meta name=\"twitter:image\" content=\"https:\/\/www.jornalja.com.br\/economics\/wp-content\/uploads\/sites\/11\/2026\/08\/ja-folhaderosto-facebook.jpg\" \/>\n\t\t<script type=\"application\/ld+json\" class=\"aioseo-schema\">\n\t\t\t{\"@context\":\"https:\\\/\\\/schema.org\",\"@graph\":[{\"@type\":\"BlogPosting\",\"@id\":\"https:\\\/\\\/www.jornalja.com.br\\\/arquivo\\\/projeto-para-acabar-com-o-reajuste-automatico-nos-salarios-dos-servidores-avanca-na-camara\\\/#blogposting\",\"name\":\"Projeto para acabar com o reajuste autom\\u00e1tico nos sal\\u00e1rios dos servidores avan\\u00e7a na C\\u00e2mara | Arquivo\",\"headline\":\"Projeto para acabar com o reajuste autom\\u00e1tico nos sal\\u00e1rios dos servidores avan\\u00e7a na C\\u00e2mara\",\"author\":{\"@id\":\"https:\\\/\\\/www.jornalja.com.br\\\/arquivo\\\/author\\\/daredacao\\\/#author\"},\"publisher\":{\"@id\":\"https:\\\/\\\/www.jornalja.com.br\\\/arquivo\\\/#organization\"},\"image\":{\"@type\":\"ImageObject\",\"url\":49111},\"datePublished\":\"2017-05-28T21:51:48-03:00\",\"dateModified\":\"2017-05-28T21:51:48-03:00\",\"inLanguage\":\"pt-BR\",\"mainEntityOfPage\":{\"@id\":\"https:\\\/\\\/www.jornalja.com.br\\\/arquivo\\\/projeto-para-acabar-com-o-reajuste-automatico-nos-salarios-dos-servidores-avanca-na-camara\\\/#webpage\"},\"isPartOf\":{\"@id\":\"https:\\\/\\\/www.jornalja.com.br\\\/arquivo\\\/projeto-para-acabar-com-o-reajuste-automatico-nos-salarios-dos-servidores-avanca-na-camara\\\/#webpage\"},\"articleSection\":\"Geral\"},{\"@type\":\"BreadcrumbList\",\"@id\":\"https:\\\/\\\/www.jornalja.com.br\\\/arquivo\\\/projeto-para-acabar-com-o-reajuste-automatico-nos-salarios-dos-servidores-avanca-na-camara\\\/#breadcrumblist\",\"itemListElement\":[{\"@type\":\"ListItem\",\"@id\":\"https:\\\/\\\/www.jornalja.com.br\\\/arquivo#listItem\",\"position\":1,\"name\":\"Home\",\"item\":\"https:\\\/\\\/www.jornalja.com.br\\\/arquivo\",\"nextItem\":{\"@type\":\"ListItem\",\"@id\":\"https:\\\/\\\/www.jornalja.com.br\\\/arquivo\\\/category\\\/geral\\\/#listItem\",\"name\":\"Geral\"}},{\"@type\":\"ListItem\",\"@id\":\"https:\\\/\\\/www.jornalja.com.br\\\/arquivo\\\/category\\\/geral\\\/#listItem\",\"position\":2,\"name\":\"Geral\",\"item\":\"https:\\\/\\\/www.jornalja.com.br\\\/arquivo\\\/category\\\/geral\\\/\",\"nextItem\":{\"@type\":\"ListItem\",\"@id\":\"https:\\\/\\\/www.jornalja.com.br\\\/arquivo\\\/projeto-para-acabar-com-o-reajuste-automatico-nos-salarios-dos-servidores-avanca-na-camara\\\/#listItem\",\"name\":\"Projeto para acabar com o reajuste autom\\u00e1tico nos sal\\u00e1rios dos servidores avan\\u00e7a na C\\u00e2mara\"},\"previousItem\":{\"@type\":\"ListItem\",\"@id\":\"https:\\\/\\\/www.jornalja.com.br\\\/arquivo#listItem\",\"name\":\"Home\"}},{\"@type\":\"ListItem\",\"@id\":\"https:\\\/\\\/www.jornalja.com.br\\\/arquivo\\\/projeto-para-acabar-com-o-reajuste-automatico-nos-salarios-dos-servidores-avanca-na-camara\\\/#listItem\",\"position\":3,\"name\":\"Projeto para acabar com o reajuste autom\\u00e1tico nos sal\\u00e1rios dos servidores avan\\u00e7a na C\\u00e2mara\",\"previousItem\":{\"@type\":\"ListItem\",\"@id\":\"https:\\\/\\\/www.jornalja.com.br\\\/arquivo\\\/category\\\/geral\\\/#listItem\",\"name\":\"Geral\"}}]},{\"@type\":\"Organization\",\"@id\":\"https:\\\/\\\/www.jornalja.com.br\\\/arquivo\\\/#organization\",\"name\":\"Jornal J\\u00c1\",\"description\":\"Jornal J\\u00c1 | Porto Alegre\",\"url\":\"https:\\\/\\\/www.jornalja.com.br\\\/arquivo\\\/\",\"telephone\":\"+555133307272\",\"logo\":{\"@type\":\"ImageObject\",\"url\":\"https:\\\/\\\/www.jornalja.com.br\\\/wp-content\\\/uploads\\\/cards\\\/JAslogan.png\",\"@id\":\"https:\\\/\\\/www.jornalja.com.br\\\/arquivo\\\/projeto-para-acabar-com-o-reajuste-automatico-nos-salarios-dos-servidores-avanca-na-camara\\\/#organizationLogo\"},\"image\":{\"@id\":\"https:\\\/\\\/www.jornalja.com.br\\\/arquivo\\\/projeto-para-acabar-com-o-reajuste-automatico-nos-salarios-dos-servidores-avanca-na-camara\\\/#organizationLogo\"}},{\"@type\":\"Person\",\"@id\":\"https:\\\/\\\/www.jornalja.com.br\\\/arquivo\\\/author\\\/daredacao\\\/#author\",\"url\":\"https:\\\/\\\/www.jornalja.com.br\\\/arquivo\\\/author\\\/daredacao\\\/\",\"name\":\"da Reda\\u00e7\\u00e3o\",\"image\":{\"@type\":\"ImageObject\",\"@id\":\"https:\\\/\\\/www.jornalja.com.br\\\/arquivo\\\/projeto-para-acabar-com-o-reajuste-automatico-nos-salarios-dos-servidores-avanca-na-camara\\\/#authorImage\",\"url\":\"https:\\\/\\\/secure.gravatar.com\\\/avatar\\\/469fd857d6605ad19919d27ed29d35a968a25f6e8fd9318356bbb7f57aae9c65?s=96&d=mm&r=g\",\"width\":96,\"height\":96,\"caption\":\"da Reda\\u00e7\\u00e3o\"}},{\"@type\":\"WebPage\",\"@id\":\"https:\\\/\\\/www.jornalja.com.br\\\/arquivo\\\/projeto-para-acabar-com-o-reajuste-automatico-nos-salarios-dos-servidores-avanca-na-camara\\\/#webpage\",\"url\":\"https:\\\/\\\/www.jornalja.com.br\\\/arquivo\\\/projeto-para-acabar-com-o-reajuste-automatico-nos-salarios-dos-servidores-avanca-na-camara\\\/\",\"name\":\"Projeto para acabar com o reajuste autom\\u00e1tico nos sal\\u00e1rios dos servidores avan\\u00e7a na C\\u00e2mara | Arquivo\",\"inLanguage\":\"pt-BR\",\"isPartOf\":{\"@id\":\"https:\\\/\\\/www.jornalja.com.br\\\/arquivo\\\/#website\"},\"breadcrumb\":{\"@id\":\"https:\\\/\\\/www.jornalja.com.br\\\/arquivo\\\/projeto-para-acabar-com-o-reajuste-automatico-nos-salarios-dos-servidores-avanca-na-camara\\\/#breadcrumblist\"},\"author\":{\"@id\":\"https:\\\/\\\/www.jornalja.com.br\\\/arquivo\\\/author\\\/daredacao\\\/#author\"},\"creator\":{\"@id\":\"https:\\\/\\\/www.jornalja.com.br\\\/arquivo\\\/author\\\/daredacao\\\/#author\"},\"image\":{\"@type\":\"ImageObject\",\"url\":49111,\"@id\":\"https:\\\/\\\/www.jornalja.com.br\\\/arquivo\\\/projeto-para-acabar-com-o-reajuste-automatico-nos-salarios-dos-servidores-avanca-na-camara\\\/#mainImage\"},\"primaryImageOfPage\":{\"@id\":\"https:\\\/\\\/www.jornalja.com.br\\\/arquivo\\\/projeto-para-acabar-com-o-reajuste-automatico-nos-salarios-dos-servidores-avanca-na-camara\\\/#mainImage\"},\"datePublished\":\"2017-05-28T21:51:48-03:00\",\"dateModified\":\"2017-05-28T21:51:48-03:00\"},{\"@type\":\"WebSite\",\"@id\":\"https:\\\/\\\/www.jornalja.com.br\\\/arquivo\\\/#website\",\"url\":\"https:\\\/\\\/www.jornalja.com.br\\\/arquivo\\\/\",\"name\":\"Arquivo\",\"description\":\"Jornal J\\u00c1 | Porto Alegre\",\"inLanguage\":\"pt-BR\",\"publisher\":{\"@id\":\"https:\\\/\\\/www.jornalja.com.br\\\/arquivo\\\/#organization\"}}]}\n\t\t<\/script>\n\t\t<!-- All in One SEO -->\n\n","aioseo_head_json":{"title":"Projeto para acabar com o reajuste autom\u00e1tico nos sal\u00e1rios dos servidores avan\u00e7a na C\u00e2mara | Arquivo","description":"","canonical_url":"https:\/\/www.jornalja.com.br\/arquivo\/projeto-para-acabar-com-o-reajuste-automatico-nos-salarios-dos-servidores-avanca-na-camara\/","robots":"max-image-preview:large","keywords":"","webmasterTools":{"miscellaneous":""},"schema":{"@context":"https:\/\/schema.org","@graph":[{"@type":"BlogPosting","@id":"https:\/\/www.jornalja.com.br\/arquivo\/projeto-para-acabar-com-o-reajuste-automatico-nos-salarios-dos-servidores-avanca-na-camara\/#blogposting","name":"Projeto para acabar com o reajuste autom\u00e1tico nos sal\u00e1rios dos servidores avan\u00e7a na C\u00e2mara | Arquivo","headline":"Projeto para acabar com o reajuste autom\u00e1tico nos sal\u00e1rios dos servidores avan\u00e7a na C\u00e2mara","author":{"@id":"https:\/\/www.jornalja.com.br\/arquivo\/author\/daredacao\/#author"},"publisher":{"@id":"https:\/\/www.jornalja.com.br\/arquivo\/#organization"},"image":{"@type":"ImageObject","url":49111},"datePublished":"2017-05-28T21:51:48-03:00","dateModified":"2017-05-28T21:51:48-03:00","inLanguage":"pt-BR","mainEntityOfPage":{"@id":"https:\/\/www.jornalja.com.br\/arquivo\/projeto-para-acabar-com-o-reajuste-automatico-nos-salarios-dos-servidores-avanca-na-camara\/#webpage"},"isPartOf":{"@id":"https:\/\/www.jornalja.com.br\/arquivo\/projeto-para-acabar-com-o-reajuste-automatico-nos-salarios-dos-servidores-avanca-na-camara\/#webpage"},"articleSection":"Geral"},{"@type":"BreadcrumbList","@id":"https:\/\/www.jornalja.com.br\/arquivo\/projeto-para-acabar-com-o-reajuste-automatico-nos-salarios-dos-servidores-avanca-na-camara\/#breadcrumblist","itemListElement":[{"@type":"ListItem","@id":"https:\/\/www.jornalja.com.br\/arquivo#listItem","position":1,"name":"Home","item":"https:\/\/www.jornalja.com.br\/arquivo","nextItem":{"@type":"ListItem","@id":"https:\/\/www.jornalja.com.br\/arquivo\/category\/geral\/#listItem","name":"Geral"}},{"@type":"ListItem","@id":"https:\/\/www.jornalja.com.br\/arquivo\/category\/geral\/#listItem","position":2,"name":"Geral","item":"https:\/\/www.jornalja.com.br\/arquivo\/category\/geral\/","nextItem":{"@type":"ListItem","@id":"https:\/\/www.jornalja.com.br\/arquivo\/projeto-para-acabar-com-o-reajuste-automatico-nos-salarios-dos-servidores-avanca-na-camara\/#listItem","name":"Projeto para acabar com o reajuste autom\u00e1tico nos sal\u00e1rios dos servidores avan\u00e7a na C\u00e2mara"},"previousItem":{"@type":"ListItem","@id":"https:\/\/www.jornalja.com.br\/arquivo#listItem","name":"Home"}},{"@type":"ListItem","@id":"https:\/\/www.jornalja.com.br\/arquivo\/projeto-para-acabar-com-o-reajuste-automatico-nos-salarios-dos-servidores-avanca-na-camara\/#listItem","position":3,"name":"Projeto para acabar com o reajuste autom\u00e1tico nos sal\u00e1rios dos servidores avan\u00e7a na C\u00e2mara","previousItem":{"@type":"ListItem","@id":"https:\/\/www.jornalja.com.br\/arquivo\/category\/geral\/#listItem","name":"Geral"}}]},{"@type":"Organization","@id":"https:\/\/www.jornalja.com.br\/arquivo\/#organization","name":"Jornal J\u00c1","description":"Jornal J\u00c1 | Porto Alegre","url":"https:\/\/www.jornalja.com.br\/arquivo\/","telephone":"+555133307272","logo":{"@type":"ImageObject","url":"https:\/\/www.jornalja.com.br\/wp-content\/uploads\/cards\/JAslogan.png","@id":"https:\/\/www.jornalja.com.br\/arquivo\/projeto-para-acabar-com-o-reajuste-automatico-nos-salarios-dos-servidores-avanca-na-camara\/#organizationLogo"},"image":{"@id":"https:\/\/www.jornalja.com.br\/arquivo\/projeto-para-acabar-com-o-reajuste-automatico-nos-salarios-dos-servidores-avanca-na-camara\/#organizationLogo"}},{"@type":"Person","@id":"https:\/\/www.jornalja.com.br\/arquivo\/author\/daredacao\/#author","url":"https:\/\/www.jornalja.com.br\/arquivo\/author\/daredacao\/","name":"da Reda\u00e7\u00e3o","image":{"@type":"ImageObject","@id":"https:\/\/www.jornalja.com.br\/arquivo\/projeto-para-acabar-com-o-reajuste-automatico-nos-salarios-dos-servidores-avanca-na-camara\/#authorImage","url":"https:\/\/secure.gravatar.com\/avatar\/469fd857d6605ad19919d27ed29d35a968a25f6e8fd9318356bbb7f57aae9c65?s=96&d=mm&r=g","width":96,"height":96,"caption":"da Reda\u00e7\u00e3o"}},{"@type":"WebPage","@id":"https:\/\/www.jornalja.com.br\/arquivo\/projeto-para-acabar-com-o-reajuste-automatico-nos-salarios-dos-servidores-avanca-na-camara\/#webpage","url":"https:\/\/www.jornalja.com.br\/arquivo\/projeto-para-acabar-com-o-reajuste-automatico-nos-salarios-dos-servidores-avanca-na-camara\/","name":"Projeto para acabar com o reajuste autom\u00e1tico nos sal\u00e1rios dos servidores avan\u00e7a na C\u00e2mara | Arquivo","inLanguage":"pt-BR","isPartOf":{"@id":"https:\/\/www.jornalja.com.br\/arquivo\/#website"},"breadcrumb":{"@id":"https:\/\/www.jornalja.com.br\/arquivo\/projeto-para-acabar-com-o-reajuste-automatico-nos-salarios-dos-servidores-avanca-na-camara\/#breadcrumblist"},"author":{"@id":"https:\/\/www.jornalja.com.br\/arquivo\/author\/daredacao\/#author"},"creator":{"@id":"https:\/\/www.jornalja.com.br\/arquivo\/author\/daredacao\/#author"},"image":{"@type":"ImageObject","url":49111,"@id":"https:\/\/www.jornalja.com.br\/arquivo\/projeto-para-acabar-com-o-reajuste-automatico-nos-salarios-dos-servidores-avanca-na-camara\/#mainImage"},"primaryImageOfPage":{"@id":"https:\/\/www.jornalja.com.br\/arquivo\/projeto-para-acabar-com-o-reajuste-automatico-nos-salarios-dos-servidores-avanca-na-camara\/#mainImage"},"datePublished":"2017-05-28T21:51:48-03:00","dateModified":"2017-05-28T21:51:48-03:00"},{"@type":"WebSite","@id":"https:\/\/www.jornalja.com.br\/arquivo\/#website","url":"https:\/\/www.jornalja.com.br\/arquivo\/","name":"Arquivo","description":"Jornal J\u00c1 | Porto Alegre","inLanguage":"pt-BR","publisher":{"@id":"https:\/\/www.jornalja.com.br\/arquivo\/#organization"}}]},"og:locale":"pt_BR","og:site_name":"Arquivo | Jornal J\u00c1 | Porto Alegre","og:type":"article","og:title":"Projeto para acabar com o reajuste autom\u00e1tico nos sal\u00e1rios dos servidores avan\u00e7a na C\u00e2mara | Arquivo","og:url":"https:\/\/www.jornalja.com.br\/arquivo\/projeto-para-acabar-com-o-reajuste-automatico-nos-salarios-dos-servidores-avanca-na-camara\/","og:image":"https:\/\/www.jornalja.com.br\/economics\/wp-content\/uploads\/sites\/11\/2026\/08\/ja-folhaderosto-facebook.jpg","og:image:secure_url":"https:\/\/www.jornalja.com.br\/economics\/wp-content\/uploads\/sites\/11\/2026\/08\/ja-folhaderosto-facebook.jpg","article:published_time":"2017-05-29T00:51:48+00:00","article:modified_time":"2017-05-29T00:51:48+00:00","twitter:card":"summary","twitter:title":"Projeto para acabar com o reajuste autom\u00e1tico nos sal\u00e1rios dos servidores avan\u00e7a na C\u00e2mara | Arquivo","twitter:image":"https:\/\/www.jornalja.com.br\/economics\/wp-content\/uploads\/sites\/11\/2026\/08\/ja-folhaderosto-facebook.jpg"},"aioseo_meta_data":{"post_id":"49102","title":null,"description":null,"keywords":null,"keyphrases":null,"primary_term":null,"canonical_url":null,"og_title":null,"og_description":null,"og_object_type":"default","og_image_type":"default","og_image_url":null,"og_image_width":null,"og_image_height":null,"og_image_custom_url":null,"og_image_custom_fields":null,"og_video":null,"og_custom_url":null,"og_article_section":null,"og_article_tags":null,"twitter_use_og":false,"twitter_card":"default","twitter_image_type":"default","twitter_image_url":null,"twitter_image_custom_url":null,"twitter_image_custom_fields":null,"twitter_title":null,"twitter_description":null,"schema":{"blockGraphs":[],"customGraphs":[],"default":{"data":{"Article":[],"Course":[],"Dataset":[],"FAQPage":[],"Movie":[],"Person":[],"Product":[],"ProductReview":[],"Car":[],"Recipe":[],"Service":[],"SoftwareApplication":[],"WebPage":[]},"graphName":"","isEnabled":true},"graphs":[],"defaultGraph":"","defaultPostTypeGraph":""},"schema_type":null,"schema_type_options":null,"pillar_content":false,"robots_default":true,"robots_noindex":false,"robots_noarchive":false,"robots_nosnippet":false,"robots_nofollow":false,"robots_noimageindex":false,"robots_noodp":false,"robots_notranslate":false,"robots_max_snippet":null,"robots_max_videopreview":null,"robots_max_imagepreview":"large","priority":null,"frequency":null,"location":null,"local_seo":null,"breadcrumb_settings":null,"limit_modified_date":false,"ai":null,"created":"2020-12-20 20:32:48","updated":"2025-07-19 21:49:56","seo_analyzer_scan_date":null,"focus_keyword":null,"additional_keywords":null,"truseo_locale":null},"jetpack_sharing_enabled":true,"jetpack-related-posts":[{"id":13240,"url":"https:\/\/www.jornalja.com.br\/arquivo\/plano-diretor-estamos-construindo-o-caos\/","url_meta":{"origin":49102,"position":0},"title":"Plano diretor: &quot;Estamos construindo o caos&quot;","author":"Patr\u00edcia Marini","date":"26 de maio de 2014","format":false,"excerpt":"Desabafo que arquiteta Eliana Castilhos, delegada da Regi\u00e3o de Planejamento 1, postou nas redes sociais \u00e9 um testemunho do ambiente que se criou no Conselho do Plano Diretor de Porto Alegre, onde a aprova\u00e7\u00e3o de grandes empreendimentos \u00e9 empurrada guela abaixo dos conselheiros. Ao CMDUA Como delegada da Regi\u00e3o de\u2026","rel":"","context":"Em &quot;Geral&quot;","block_context":{"text":"Geral","link":"https:\/\/www.jornalja.com.br\/arquivo\/category\/geral\/"},"img":{"alt_text":"","src":"","width":0,"height":0},"classes":[]},{"id":13239,"url":"https:\/\/www.jornalja.com.br\/arquivo\/conselho-desdenha-do-plano-diretor\/","url_meta":{"origin":49102,"position":1},"title":"Porto Alegre: Conselho detona Plano Diretor","author":"Patr\u00edcia Marini","date":"25 de maio de 2014","format":false,"excerpt":"Den\u00fancia do arquiteto e \u00a0urbanista Ibir\u00e1 Santos Lucas. Ele diz que os conselheiros est\u00e3o votando com \"enorme irresponsabilidade\". \"Mudam regime com a maior naturalidade,,,regularizam absurdos de constru\u00e7\u00f5es irregulares... \"O CMDUA est\u00e1 flexibilizando a lei do plano diretor, de uma forma impactante na vida da cidade. Mudam regime com a maior\u2026","rel":"","context":"Em &quot;Geral&quot;","block_context":{"text":"Geral","link":"https:\/\/www.jornalja.com.br\/arquivo\/category\/geral\/"},"img":{"alt_text":"","src":"","width":0,"height":0},"classes":[]},{"id":5440,"url":"https:\/\/www.jornalja.com.br\/arquivo\/casarao-da-venancio-destino-permanece-incerto\/","url_meta":{"origin":49102,"position":2},"title":"Estado ainda n\u00e3o sabe o que fazer com casar\u00e3o abandonado h\u00e1 20 anos","author":"Elmar Bones","date":"6 de julho de 2009","format":false,"excerpt":"O casar\u00e3o amarelo, numa esquina nobre de Porto Alegre (Ven\u00e2ncio Aires com Jo\u00e3o Pessoa), j\u00e1 abrigou uma escola. H\u00e1 duas d\u00e9cadas, pelo menos, est\u00e1 abandonado, porque seu propriet\u00e1rio, o governo do Estado do Rio Grande do Sul, n\u00e3o consegue achar um destino para ele. Planos n\u00e3o faltaram. O governador Ol\u00edvio\u2026","rel":"","context":"Em &quot;X.Categorias velhas&quot;","block_context":{"text":"X.Categorias velhas","link":"https:\/\/www.jornalja.com.br\/arquivo\/category\/x-categorias-velhas\/"},"img":{"alt_text":"geraldo1","src":"https:\/\/i0.wp.com\/www.jornalja.com.br\/wp-content\/uploads\/2009\/07\/geraldo1.jpg?resize=350%2C200&ssl=1","width":350,"height":200},"classes":[]},{"id":13109,"url":"https:\/\/www.jornalja.com.br\/arquivo\/judiciario-reconhece-poluicao-eletromagnetica\/","url_meta":{"origin":49102,"position":3},"title":"Judici\u00e1rio reconhece polui\u00e7\u00e3o eletromagn\u00e9tica","author":"Patr\u00edcia Marini","date":"16 de maio de 2014","format":false,"excerpt":"A\u00e7\u00e3o de duas associa\u00e7\u00f5es de moradores foi acolhida pelo Tribunal de Justi\u00e7a de S\u00e3o Paulo que. em decis\u00e3o in\u00e9dita, determinou a redu\u00e7\u00e3o do campo eletromagn\u00e9tico gerado pelas linhas de transmiss\u00e3o de energia que cortam os bairros City Boa\u00e7ava e Alto de Pinheiros. \u00c9 a primeira vez que um tribunal do\u2026","rel":"","context":"Em &quot;X.Categorias velhas&quot;","block_context":{"text":"X.Categorias velhas","link":"https:\/\/www.jornalja.com.br\/arquivo\/category\/x-categorias-velhas\/"},"img":{"alt_text":"","src":"","width":0,"height":0},"classes":[]},{"id":14241,"url":"https:\/\/www.jornalja.com.br\/arquivo\/o-guaiba-nas-imagens-poeticas-de-achutti\/","url_meta":{"origin":49102,"position":4},"title":"O Gua\u00edba nas imagens po\u00e9ticas de Achutti","author":"da Reda\u00e7\u00e3o","date":"18 de junho de 2014","format":false,"excerpt":"Em \u201cO Gua\u00edba por Achutti\u201d \u2013 obra financiada via Minist\u00e9rio da Cultura, produ\u00e7\u00e3o executiva de Pedro Longhi, e Fl\u00e1vio Wild como designer \u2013, o fot\u00f3grafo revela a beleza e as mazelas de um espa\u00e7o aqu\u00e1tico de \u00e1guas sempre renovadas, cheio de hist\u00f3rias e lendas como as das cidades que foram\u2026","rel":"","context":"Em &quot;Cultura-Geral&quot;","block_context":{"text":"Cultura-Geral","link":"https:\/\/www.jornalja.com.br\/arquivo\/category\/materiasecundaria\/"},"img":{"alt_text":"","src":"","width":0,"height":0},"classes":[]},{"id":13124,"url":"https:\/\/www.jornalja.com.br\/arquivo\/sangue-latino-no-iecine\/","url_meta":{"origin":49102,"position":5},"title":"Sangue latino no IECINE","author":"da Reda\u00e7\u00e3o","date":"18 de maio de 2014","format":false,"excerpt":"Francisco Ribeiro O Instituto Estadual de Cinema (IECINE) tem a frente, desde abril \u00faltimo, um novo diretor, o cineasta colombiano Juan Zapata, 36, que substitui Luiz Alberto Cassol. Radicado h\u00e1 dez anos em Porto Alegre, Zapata tem diante de si o desafio de conduzir at\u00e9 o final do ano um\u2026","rel":"","context":"Em &quot;Cultura-Geral&quot;","block_context":{"text":"Cultura-Geral","link":"https:\/\/www.jornalja.com.br\/arquivo\/category\/materiasecundaria\/"},"img":{"alt_text":"","src":"","width":0,"height":0},"classes":[]}],"jetpack_shortlink":"https:\/\/wp.me\/pbQjBd-cLY","jetpack_featured_media_url":"","_links":{"self":[{"href":"https:\/\/www.jornalja.com.br\/arquivo\/wp-json\/wp\/v2\/posts\/49102","targetHints":{"allow":["GET"]}}],"collection":[{"href":"https:\/\/www.jornalja.com.br\/arquivo\/wp-json\/wp\/v2\/posts"}],"about":[{"href":"https:\/\/www.jornalja.com.br\/arquivo\/wp-json\/wp\/v2\/types\/post"}],"author":[{"embeddable":true,"href":"https:\/\/www.jornalja.com.br\/arquivo\/wp-json\/wp\/v2\/users\/4"}],"replies":[{"embeddable":true,"href":"https:\/\/www.jornalja.com.br\/arquivo\/wp-json\/wp\/v2\/comments?post=49102"}],"version-history":[{"count":0,"href":"https:\/\/www.jornalja.com.br\/arquivo\/wp-json\/wp\/v2\/posts\/49102\/revisions"}],"wp:attachment":[{"href":"https:\/\/www.jornalja.com.br\/arquivo\/wp-json\/wp\/v2\/media?parent=49102"}],"wp:term":[{"taxonomy":"category","embeddable":true,"href":"https:\/\/www.jornalja.com.br\/arquivo\/wp-json\/wp\/v2\/categories?post=49102"},{"taxonomy":"post_tag","embeddable":true,"href":"https:\/\/www.jornalja.com.br\/arquivo\/wp-json\/wp\/v2\/tags?post=49102"}],"curies":[{"name":"wp","href":"https:\/\/api.w.org\/{rel}","templated":true}]}}