{"id":49131,"date":"2017-05-29T11:16:39","date_gmt":"2017-05-29T14:16:39","guid":{"rendered":"https:\/\/www.jornalja.com.br\/?p=49131"},"modified":"2017-05-29T11:16:39","modified_gmt":"2017-05-29T14:16:39","slug":"eficiencia-energetica-da-rge-faz-doacao-para-atingidos-por-vendaval-em-sao-francisco","status":"publish","type":"post","link":"https:\/\/www.jornalja.com.br\/arquivo\/eficiencia-energetica-da-rge-faz-doacao-para-atingidos-por-vendaval-em-sao-francisco\/","title":{"rendered":"Efici\u00eancia Energ\u00e9tica da RGE faz doa\u00e7\u00e3o para atingidos por vendaval em S\u00e3o Francisco"},"content":{"rendered":"<p>Depois de formar uma for\u00e7a-tarefa para recompor a rede de distribui\u00e7\u00e3o de energia el\u00e9trica de S\u00e3o Francisco de Paula, devastada por um vendaval hist\u00f3rico, em tempo recorde, em mar\u00e7o, a Rio Grande Energia (RGE) fez uma nova a\u00e7\u00e3o na cidade da Serra Ga\u00facha. Por meio de seu Programa de Efici\u00eancia Energ\u00e9tica (PEE), a distribuidora do Grupo CPFL Energia, investiu R$ 230 mil na substitui\u00e7\u00e3o de equipamentos danificados pela for\u00e7a dos ventos e o volume acentuado de chuvas. No total, 100 fam\u00edlias foram beneficiadas com os novos padr\u00f5es de entrada de energia doados pela concession\u00e1ria.<br \/>\nA a\u00e7\u00e3o do PEE fez a substitui\u00e7\u00e3o dos padr\u00f5es de energia danificados e daqueles que foram derrubados por rajadas de vento superiores a 80 Km\/h. A avalia\u00e7\u00e3o das propriedades beneficiadas e a instala\u00e7\u00e3o dos novos equipamentos foram realizadas por t\u00e9cnicos da RGE e abrangeram a parcela da popula\u00e7\u00e3o que contabilizou os maiores preju\u00edzos com o fen\u00f4meno clim\u00e1tico.<br \/>\nDe acordo com o gerente de Efici\u00eancia Energ\u00e9tica do Grupo CPFL Energia, Felipe Henrique Zaia, uma das miss\u00f5es do PEE \u00e9 auxiliar os consumidores. \u201cCom esse tipo de investimento ajudamos no fortalecimento da cidadania aos nossos consumidores e ainda estabelecemos boas pr\u00e1ticas de seguran\u00e7a, uma vez que o material utilizado e as instala\u00e7\u00f5es seguem o que est\u00e1 determinado pelas normas t\u00e9cnicas\u201d, assinala Zaia.<br \/>\nTr\u00eas dias depois do munic\u00edpio de S\u00e3o Francisco de Paula ter sito atingido pelo vendaval, que foi classificado por alguns institutos de meteorologia como sendo um tornado, a RGE conseguiu recompor completamente a rede de distribui\u00e7\u00e3o de energia el\u00e9trica.<br \/>\nA Consultora de Neg\u00f3cios, Polyanna Souza da Cunha, lembra que desde o final da manh\u00e3 do dia 12, quando centenas de postes da \u00e1rea urbana da cidade e estruturas da transmiss\u00e3o foram danificadas, uma for\u00e7a-tarefa foi criada pela RGE para reconstruir o sistema da cidade. \u201cContamos com 60 equipes que instalaram mais de 300 novos postes e reconstru\u00edram 15 Kms de rede trabalhando dia e noite e em locais de dif\u00edcil acesso. Sab\u00edamos que a popula\u00e7\u00e3o estava fragilizada e por isso t\u00ednhamos que agir com velocidade\u201d, lembra Polyanna.<br \/>\n<strong>Sobre o Programa de Efici\u00eancia Energ\u00e9tica<\/strong><br \/>\nO projeto faz parte do Programa de Efici\u00eancia Energ\u00e9tica da Rio Grande Energia (PEE &#8211; RGE), existente h\u00e1 16 anos e elaborado de acordo com as regulamenta\u00e7\u00f5es do Programa de Efici\u00eancia Energ\u00e9tica da Ag\u00eancia Nacional de Energia El\u00e9trica (ANEEL).<br \/>\nO PEE-RGE tem como objetivo combater o desperd\u00edcio de energia el\u00e9trica, a partir de a\u00e7\u00f5es como: substitui\u00e7\u00e3o de equipamentos ineficientes, doa\u00e7\u00e3o de l\u00e2mpadas, adequa\u00e7\u00e3o da entrada de energia de consumidores irregulares, dentre outros. Com um investimento de mais de R$ 162 milh\u00f5es em 86 projetos realizados ao longo do per\u00edodo, o resultado foi de uma demanda evitada de 84.783 kW e de energia conservada de 286.013 GWh\/ano, desde 2001.<\/p>\n","protected":false},"excerpt":{"rendered":"<p>Depois de formar uma for\u00e7a-tarefa para recompor a rede de distribui\u00e7\u00e3o de energia el\u00e9trica de S\u00e3o Francisco de Paula, devastada por um vendaval hist\u00f3rico, em tempo recorde, em mar\u00e7o, a Rio Grande Energia (RGE) fez uma nova a\u00e7\u00e3o na cidade da Serra Ga\u00facha. Por meio de seu Programa de Efici\u00eancia Energ\u00e9tica (PEE), a distribuidora do [&hellip;]<\/p>\n","protected":false},"author":4,"featured_media":49133,"comment_status":"open","ping_status":"closed","sticky":false,"template":"","format":"standard","meta":{"_jetpack_newsletter_access":"","_jetpack_dont_email_post_to_subs":false,"_jetpack_newsletter_tier_id":0,"_jetpack_memberships_contains_paywalled_content":false,"_jetpack_feature_clip_id":0,"_jetpack_memberships_contains_paid_content":false,"footnotes":"","jetpack_post_was_ever_published":false},"categories":[26],"tags":[],"class_list":["post-49131","post","type-post","status-publish","format-standard","has-post-thumbnail","hentry","category-geral"],"aioseo_notices":[],"aioseo_head":"\n\t\t<!-- All in One SEO 5.0.1.1 - aioseo.com -->\n\t<meta name=\"robots\" content=\"max-image-preview:large\" \/>\n\t<meta name=\"author\" content=\"da Reda\u00e7\u00e3o\"\/>\n\t<link rel=\"canonical\" href=\"https:\/\/www.jornalja.com.br\/arquivo\/eficiencia-energetica-da-rge-faz-doacao-para-atingidos-por-vendaval-em-sao-francisco\/\" \/>\n\t<meta name=\"generator\" content=\"All in One SEO (AIOSEO) 5.0.1.1\" \/>\n\t\t<meta property=\"og:locale\" content=\"pt_BR\" \/>\n\t\t<meta property=\"og:site_name\" content=\"Arquivo | Jornal J\u00c1 | Porto Alegre\" \/>\n\t\t<meta property=\"og:type\" content=\"article\" \/>\n\t\t<meta property=\"og:title\" content=\"Efici\u00eancia Energ\u00e9tica da RGE faz doa\u00e7\u00e3o para atingidos por vendaval em S\u00e3o Francisco | Arquivo\" \/>\n\t\t<meta property=\"og:url\" content=\"https:\/\/www.jornalja.com.br\/arquivo\/eficiencia-energetica-da-rge-faz-doacao-para-atingidos-por-vendaval-em-sao-francisco\/\" \/>\n\t\t<meta property=\"og:image\" content=\"https:\/\/www.jornalja.com.br\/economics\/wp-content\/uploads\/sites\/11\/2026\/08\/ja-folhaderosto-facebook.jpg\" \/>\n\t\t<meta property=\"og:image:secure_url\" content=\"https:\/\/www.jornalja.com.br\/economics\/wp-content\/uploads\/sites\/11\/2026\/08\/ja-folhaderosto-facebook.jpg\" \/>\n\t\t<meta property=\"article:published_time\" content=\"2017-05-29T14:16:39+00:00\" \/>\n\t\t<meta property=\"article:modified_time\" content=\"2017-05-29T14:16:39+00:00\" \/>\n\t\t<meta name=\"twitter:card\" content=\"summary\" \/>\n\t\t<meta name=\"twitter:title\" content=\"Efici\u00eancia Energ\u00e9tica da RGE faz doa\u00e7\u00e3o para atingidos por vendaval em S\u00e3o Francisco | Arquivo\" \/>\n\t\t<meta name=\"twitter:image\" content=\"https:\/\/www.jornalja.com.br\/economics\/wp-content\/uploads\/sites\/11\/2026\/08\/ja-folhaderosto-facebook.jpg\" \/>\n\t\t<script type=\"application\/ld+json\" class=\"aioseo-schema\">\n\t\t\t{\"@context\":\"https:\\\/\\\/schema.org\",\"@graph\":[{\"@type\":\"BlogPosting\",\"@id\":\"https:\\\/\\\/www.jornalja.com.br\\\/arquivo\\\/eficiencia-energetica-da-rge-faz-doacao-para-atingidos-por-vendaval-em-sao-francisco\\\/#blogposting\",\"name\":\"Efici\\u00eancia Energ\\u00e9tica da RGE faz doa\\u00e7\\u00e3o para atingidos por vendaval em S\\u00e3o Francisco | Arquivo\",\"headline\":\"Efici\\u00eancia Energ\\u00e9tica da RGE faz doa\\u00e7\\u00e3o para atingidos por vendaval em S\\u00e3o Francisco\",\"author\":{\"@id\":\"https:\\\/\\\/www.jornalja.com.br\\\/arquivo\\\/author\\\/daredacao\\\/#author\"},\"publisher\":{\"@id\":\"https:\\\/\\\/www.jornalja.com.br\\\/arquivo\\\/#organization\"},\"image\":{\"@type\":\"ImageObject\",\"url\":49133},\"datePublished\":\"2017-05-29T11:16:39-03:00\",\"dateModified\":\"2017-05-29T11:16:39-03:00\",\"inLanguage\":\"pt-BR\",\"mainEntityOfPage\":{\"@id\":\"https:\\\/\\\/www.jornalja.com.br\\\/arquivo\\\/eficiencia-energetica-da-rge-faz-doacao-para-atingidos-por-vendaval-em-sao-francisco\\\/#webpage\"},\"isPartOf\":{\"@id\":\"https:\\\/\\\/www.jornalja.com.br\\\/arquivo\\\/eficiencia-energetica-da-rge-faz-doacao-para-atingidos-por-vendaval-em-sao-francisco\\\/#webpage\"},\"articleSection\":\"Geral\"},{\"@type\":\"BreadcrumbList\",\"@id\":\"https:\\\/\\\/www.jornalja.com.br\\\/arquivo\\\/eficiencia-energetica-da-rge-faz-doacao-para-atingidos-por-vendaval-em-sao-francisco\\\/#breadcrumblist\",\"itemListElement\":[{\"@type\":\"ListItem\",\"@id\":\"https:\\\/\\\/www.jornalja.com.br\\\/arquivo#listItem\",\"position\":1,\"name\":\"Home\",\"item\":\"https:\\\/\\\/www.jornalja.com.br\\\/arquivo\",\"nextItem\":{\"@type\":\"ListItem\",\"@id\":\"https:\\\/\\\/www.jornalja.com.br\\\/arquivo\\\/category\\\/geral\\\/#listItem\",\"name\":\"Geral\"}},{\"@type\":\"ListItem\",\"@id\":\"https:\\\/\\\/www.jornalja.com.br\\\/arquivo\\\/category\\\/geral\\\/#listItem\",\"position\":2,\"name\":\"Geral\",\"item\":\"https:\\\/\\\/www.jornalja.com.br\\\/arquivo\\\/category\\\/geral\\\/\",\"nextItem\":{\"@type\":\"ListItem\",\"@id\":\"https:\\\/\\\/www.jornalja.com.br\\\/arquivo\\\/eficiencia-energetica-da-rge-faz-doacao-para-atingidos-por-vendaval-em-sao-francisco\\\/#listItem\",\"name\":\"Efici\\u00eancia Energ\\u00e9tica da RGE faz doa\\u00e7\\u00e3o para atingidos por vendaval em S\\u00e3o Francisco\"},\"previousItem\":{\"@type\":\"ListItem\",\"@id\":\"https:\\\/\\\/www.jornalja.com.br\\\/arquivo#listItem\",\"name\":\"Home\"}},{\"@type\":\"ListItem\",\"@id\":\"https:\\\/\\\/www.jornalja.com.br\\\/arquivo\\\/eficiencia-energetica-da-rge-faz-doacao-para-atingidos-por-vendaval-em-sao-francisco\\\/#listItem\",\"position\":3,\"name\":\"Efici\\u00eancia Energ\\u00e9tica da RGE faz doa\\u00e7\\u00e3o para atingidos por vendaval em S\\u00e3o Francisco\",\"previousItem\":{\"@type\":\"ListItem\",\"@id\":\"https:\\\/\\\/www.jornalja.com.br\\\/arquivo\\\/category\\\/geral\\\/#listItem\",\"name\":\"Geral\"}}]},{\"@type\":\"Organization\",\"@id\":\"https:\\\/\\\/www.jornalja.com.br\\\/arquivo\\\/#organization\",\"name\":\"Jornal J\\u00c1\",\"description\":\"Jornal J\\u00c1 | Porto Alegre\",\"url\":\"https:\\\/\\\/www.jornalja.com.br\\\/arquivo\\\/\",\"telephone\":\"+555133307272\",\"logo\":{\"@type\":\"ImageObject\",\"url\":\"https:\\\/\\\/www.jornalja.com.br\\\/wp-content\\\/uploads\\\/cards\\\/JAslogan.png\",\"@id\":\"https:\\\/\\\/www.jornalja.com.br\\\/arquivo\\\/eficiencia-energetica-da-rge-faz-doacao-para-atingidos-por-vendaval-em-sao-francisco\\\/#organizationLogo\"},\"image\":{\"@id\":\"https:\\\/\\\/www.jornalja.com.br\\\/arquivo\\\/eficiencia-energetica-da-rge-faz-doacao-para-atingidos-por-vendaval-em-sao-francisco\\\/#organizationLogo\"}},{\"@type\":\"Person\",\"@id\":\"https:\\\/\\\/www.jornalja.com.br\\\/arquivo\\\/author\\\/daredacao\\\/#author\",\"url\":\"https:\\\/\\\/www.jornalja.com.br\\\/arquivo\\\/author\\\/daredacao\\\/\",\"name\":\"da Reda\\u00e7\\u00e3o\",\"image\":{\"@type\":\"ImageObject\",\"@id\":\"https:\\\/\\\/www.jornalja.com.br\\\/arquivo\\\/eficiencia-energetica-da-rge-faz-doacao-para-atingidos-por-vendaval-em-sao-francisco\\\/#authorImage\",\"url\":\"https:\\\/\\\/secure.gravatar.com\\\/avatar\\\/469fd857d6605ad19919d27ed29d35a968a25f6e8fd9318356bbb7f57aae9c65?s=96&d=mm&r=g\",\"width\":96,\"height\":96,\"caption\":\"da Reda\\u00e7\\u00e3o\"}},{\"@type\":\"WebPage\",\"@id\":\"https:\\\/\\\/www.jornalja.com.br\\\/arquivo\\\/eficiencia-energetica-da-rge-faz-doacao-para-atingidos-por-vendaval-em-sao-francisco\\\/#webpage\",\"url\":\"https:\\\/\\\/www.jornalja.com.br\\\/arquivo\\\/eficiencia-energetica-da-rge-faz-doacao-para-atingidos-por-vendaval-em-sao-francisco\\\/\",\"name\":\"Efici\\u00eancia Energ\\u00e9tica da RGE faz doa\\u00e7\\u00e3o para atingidos por vendaval em S\\u00e3o Francisco | Arquivo\",\"inLanguage\":\"pt-BR\",\"isPartOf\":{\"@id\":\"https:\\\/\\\/www.jornalja.com.br\\\/arquivo\\\/#website\"},\"breadcrumb\":{\"@id\":\"https:\\\/\\\/www.jornalja.com.br\\\/arquivo\\\/eficiencia-energetica-da-rge-faz-doacao-para-atingidos-por-vendaval-em-sao-francisco\\\/#breadcrumblist\"},\"author\":{\"@id\":\"https:\\\/\\\/www.jornalja.com.br\\\/arquivo\\\/author\\\/daredacao\\\/#author\"},\"creator\":{\"@id\":\"https:\\\/\\\/www.jornalja.com.br\\\/arquivo\\\/author\\\/daredacao\\\/#author\"},\"image\":{\"@type\":\"ImageObject\",\"url\":49133,\"@id\":\"https:\\\/\\\/www.jornalja.com.br\\\/arquivo\\\/eficiencia-energetica-da-rge-faz-doacao-para-atingidos-por-vendaval-em-sao-francisco\\\/#mainImage\"},\"primaryImageOfPage\":{\"@id\":\"https:\\\/\\\/www.jornalja.com.br\\\/arquivo\\\/eficiencia-energetica-da-rge-faz-doacao-para-atingidos-por-vendaval-em-sao-francisco\\\/#mainImage\"},\"datePublished\":\"2017-05-29T11:16:39-03:00\",\"dateModified\":\"2017-05-29T11:16:39-03:00\"},{\"@type\":\"WebSite\",\"@id\":\"https:\\\/\\\/www.jornalja.com.br\\\/arquivo\\\/#website\",\"url\":\"https:\\\/\\\/www.jornalja.com.br\\\/arquivo\\\/\",\"name\":\"Arquivo\",\"description\":\"Jornal J\\u00c1 | Porto Alegre\",\"inLanguage\":\"pt-BR\",\"publisher\":{\"@id\":\"https:\\\/\\\/www.jornalja.com.br\\\/arquivo\\\/#organization\"}}]}\n\t\t<\/script>\n\t\t<!-- All in One SEO -->\n\n","aioseo_head_json":{"title":"Efici\u00eancia Energ\u00e9tica da RGE faz doa\u00e7\u00e3o para atingidos por vendaval em S\u00e3o Francisco | Arquivo","description":"","canonical_url":"https:\/\/www.jornalja.com.br\/arquivo\/eficiencia-energetica-da-rge-faz-doacao-para-atingidos-por-vendaval-em-sao-francisco\/","robots":"max-image-preview:large","keywords":"","webmasterTools":{"miscellaneous":""},"schema":{"@context":"https:\/\/schema.org","@graph":[{"@type":"BlogPosting","@id":"https:\/\/www.jornalja.com.br\/arquivo\/eficiencia-energetica-da-rge-faz-doacao-para-atingidos-por-vendaval-em-sao-francisco\/#blogposting","name":"Efici\u00eancia Energ\u00e9tica da RGE faz doa\u00e7\u00e3o para atingidos por vendaval em S\u00e3o Francisco | Arquivo","headline":"Efici\u00eancia Energ\u00e9tica da RGE faz doa\u00e7\u00e3o para atingidos por vendaval em S\u00e3o Francisco","author":{"@id":"https:\/\/www.jornalja.com.br\/arquivo\/author\/daredacao\/#author"},"publisher":{"@id":"https:\/\/www.jornalja.com.br\/arquivo\/#organization"},"image":{"@type":"ImageObject","url":49133},"datePublished":"2017-05-29T11:16:39-03:00","dateModified":"2017-05-29T11:16:39-03:00","inLanguage":"pt-BR","mainEntityOfPage":{"@id":"https:\/\/www.jornalja.com.br\/arquivo\/eficiencia-energetica-da-rge-faz-doacao-para-atingidos-por-vendaval-em-sao-francisco\/#webpage"},"isPartOf":{"@id":"https:\/\/www.jornalja.com.br\/arquivo\/eficiencia-energetica-da-rge-faz-doacao-para-atingidos-por-vendaval-em-sao-francisco\/#webpage"},"articleSection":"Geral"},{"@type":"BreadcrumbList","@id":"https:\/\/www.jornalja.com.br\/arquivo\/eficiencia-energetica-da-rge-faz-doacao-para-atingidos-por-vendaval-em-sao-francisco\/#breadcrumblist","itemListElement":[{"@type":"ListItem","@id":"https:\/\/www.jornalja.com.br\/arquivo#listItem","position":1,"name":"Home","item":"https:\/\/www.jornalja.com.br\/arquivo","nextItem":{"@type":"ListItem","@id":"https:\/\/www.jornalja.com.br\/arquivo\/category\/geral\/#listItem","name":"Geral"}},{"@type":"ListItem","@id":"https:\/\/www.jornalja.com.br\/arquivo\/category\/geral\/#listItem","position":2,"name":"Geral","item":"https:\/\/www.jornalja.com.br\/arquivo\/category\/geral\/","nextItem":{"@type":"ListItem","@id":"https:\/\/www.jornalja.com.br\/arquivo\/eficiencia-energetica-da-rge-faz-doacao-para-atingidos-por-vendaval-em-sao-francisco\/#listItem","name":"Efici\u00eancia Energ\u00e9tica da RGE faz doa\u00e7\u00e3o para atingidos por vendaval em S\u00e3o Francisco"},"previousItem":{"@type":"ListItem","@id":"https:\/\/www.jornalja.com.br\/arquivo#listItem","name":"Home"}},{"@type":"ListItem","@id":"https:\/\/www.jornalja.com.br\/arquivo\/eficiencia-energetica-da-rge-faz-doacao-para-atingidos-por-vendaval-em-sao-francisco\/#listItem","position":3,"name":"Efici\u00eancia Energ\u00e9tica da RGE faz doa\u00e7\u00e3o para atingidos por vendaval em S\u00e3o Francisco","previousItem":{"@type":"ListItem","@id":"https:\/\/www.jornalja.com.br\/arquivo\/category\/geral\/#listItem","name":"Geral"}}]},{"@type":"Organization","@id":"https:\/\/www.jornalja.com.br\/arquivo\/#organization","name":"Jornal J\u00c1","description":"Jornal J\u00c1 | Porto Alegre","url":"https:\/\/www.jornalja.com.br\/arquivo\/","telephone":"+555133307272","logo":{"@type":"ImageObject","url":"https:\/\/www.jornalja.com.br\/wp-content\/uploads\/cards\/JAslogan.png","@id":"https:\/\/www.jornalja.com.br\/arquivo\/eficiencia-energetica-da-rge-faz-doacao-para-atingidos-por-vendaval-em-sao-francisco\/#organizationLogo"},"image":{"@id":"https:\/\/www.jornalja.com.br\/arquivo\/eficiencia-energetica-da-rge-faz-doacao-para-atingidos-por-vendaval-em-sao-francisco\/#organizationLogo"}},{"@type":"Person","@id":"https:\/\/www.jornalja.com.br\/arquivo\/author\/daredacao\/#author","url":"https:\/\/www.jornalja.com.br\/arquivo\/author\/daredacao\/","name":"da Reda\u00e7\u00e3o","image":{"@type":"ImageObject","@id":"https:\/\/www.jornalja.com.br\/arquivo\/eficiencia-energetica-da-rge-faz-doacao-para-atingidos-por-vendaval-em-sao-francisco\/#authorImage","url":"https:\/\/secure.gravatar.com\/avatar\/469fd857d6605ad19919d27ed29d35a968a25f6e8fd9318356bbb7f57aae9c65?s=96&d=mm&r=g","width":96,"height":96,"caption":"da Reda\u00e7\u00e3o"}},{"@type":"WebPage","@id":"https:\/\/www.jornalja.com.br\/arquivo\/eficiencia-energetica-da-rge-faz-doacao-para-atingidos-por-vendaval-em-sao-francisco\/#webpage","url":"https:\/\/www.jornalja.com.br\/arquivo\/eficiencia-energetica-da-rge-faz-doacao-para-atingidos-por-vendaval-em-sao-francisco\/","name":"Efici\u00eancia Energ\u00e9tica da RGE faz doa\u00e7\u00e3o para atingidos por vendaval em S\u00e3o Francisco | Arquivo","inLanguage":"pt-BR","isPartOf":{"@id":"https:\/\/www.jornalja.com.br\/arquivo\/#website"},"breadcrumb":{"@id":"https:\/\/www.jornalja.com.br\/arquivo\/eficiencia-energetica-da-rge-faz-doacao-para-atingidos-por-vendaval-em-sao-francisco\/#breadcrumblist"},"author":{"@id":"https:\/\/www.jornalja.com.br\/arquivo\/author\/daredacao\/#author"},"creator":{"@id":"https:\/\/www.jornalja.com.br\/arquivo\/author\/daredacao\/#author"},"image":{"@type":"ImageObject","url":49133,"@id":"https:\/\/www.jornalja.com.br\/arquivo\/eficiencia-energetica-da-rge-faz-doacao-para-atingidos-por-vendaval-em-sao-francisco\/#mainImage"},"primaryImageOfPage":{"@id":"https:\/\/www.jornalja.com.br\/arquivo\/eficiencia-energetica-da-rge-faz-doacao-para-atingidos-por-vendaval-em-sao-francisco\/#mainImage"},"datePublished":"2017-05-29T11:16:39-03:00","dateModified":"2017-05-29T11:16:39-03:00"},{"@type":"WebSite","@id":"https:\/\/www.jornalja.com.br\/arquivo\/#website","url":"https:\/\/www.jornalja.com.br\/arquivo\/","name":"Arquivo","description":"Jornal J\u00c1 | Porto Alegre","inLanguage":"pt-BR","publisher":{"@id":"https:\/\/www.jornalja.com.br\/arquivo\/#organization"}}]},"og:locale":"pt_BR","og:site_name":"Arquivo | Jornal J\u00c1 | Porto Alegre","og:type":"article","og:title":"Efici\u00eancia Energ\u00e9tica da RGE faz doa\u00e7\u00e3o para atingidos por vendaval em S\u00e3o Francisco | Arquivo","og:url":"https:\/\/www.jornalja.com.br\/arquivo\/eficiencia-energetica-da-rge-faz-doacao-para-atingidos-por-vendaval-em-sao-francisco\/","og:image":"https:\/\/www.jornalja.com.br\/economics\/wp-content\/uploads\/sites\/11\/2026\/08\/ja-folhaderosto-facebook.jpg","og:image:secure_url":"https:\/\/www.jornalja.com.br\/economics\/wp-content\/uploads\/sites\/11\/2026\/08\/ja-folhaderosto-facebook.jpg","article:published_time":"2017-05-29T14:16:39+00:00","article:modified_time":"2017-05-29T14:16:39+00:00","twitter:card":"summary","twitter:title":"Efici\u00eancia Energ\u00e9tica da RGE faz doa\u00e7\u00e3o para atingidos por vendaval em S\u00e3o Francisco | Arquivo","twitter:image":"https:\/\/www.jornalja.com.br\/economics\/wp-content\/uploads\/sites\/11\/2026\/08\/ja-folhaderosto-facebook.jpg"},"aioseo_meta_data":{"post_id":"49131","title":null,"description":null,"keywords":null,"keyphrases":null,"primary_term":null,"canonical_url":null,"og_title":null,"og_description":null,"og_object_type":"default","og_image_type":"default","og_image_url":null,"og_image_width":null,"og_image_height":null,"og_image_custom_url":null,"og_image_custom_fields":null,"og_video":null,"og_custom_url":null,"og_article_section":null,"og_article_tags":null,"twitter_use_og":false,"twitter_card":"default","twitter_image_type":"default","twitter_image_url":null,"twitter_image_custom_url":null,"twitter_image_custom_fields":null,"twitter_title":null,"twitter_description":null,"schema":{"blockGraphs":[],"customGraphs":[],"default":{"data":{"Article":[],"Course":[],"Dataset":[],"FAQPage":[],"Movie":[],"Person":[],"Product":[],"ProductReview":[],"Car":[],"Recipe":[],"Service":[],"SoftwareApplication":[],"WebPage":[]},"graphName":"","isEnabled":true},"graphs":[]},"schema_type":null,"schema_type_options":null,"pillar_content":false,"robots_default":true,"robots_noindex":false,"robots_noarchive":false,"robots_nosnippet":false,"robots_nofollow":false,"robots_noimageindex":false,"robots_noodp":false,"robots_notranslate":false,"robots_max_snippet":null,"robots_max_videopreview":null,"robots_max_imagepreview":"large","priority":null,"frequency":null,"location":null,"local_seo":null,"breadcrumb_settings":null,"limit_modified_date":false,"ai":null,"created":"2020-12-20 20:32:48","updated":"2025-07-19 21:49:56","seo_analyzer_scan_date":null,"focus_keyword":null,"additional_keywords":null,"truseo_locale":null},"jetpack_sharing_enabled":true,"jetpack-related-posts":[{"id":13109,"url":"https:\/\/www.jornalja.com.br\/arquivo\/judiciario-reconhece-poluicao-eletromagnetica\/","url_meta":{"origin":49131,"position":0},"title":"Judici\u00e1rio reconhece polui\u00e7\u00e3o eletromagn\u00e9tica","author":"Patr\u00edcia Marini","date":"16 de maio de 2014","format":false,"excerpt":"A\u00e7\u00e3o de duas associa\u00e7\u00f5es de moradores foi acolhida pelo Tribunal de Justi\u00e7a de S\u00e3o Paulo que. em decis\u00e3o in\u00e9dita, determinou a redu\u00e7\u00e3o do campo eletromagn\u00e9tico gerado pelas linhas de transmiss\u00e3o de energia que cortam os bairros City Boa\u00e7ava e Alto de Pinheiros. \u00c9 a primeira vez que um tribunal do\u2026","rel":"","context":"Em &quot;X.Categorias velhas&quot;","block_context":{"text":"X.Categorias velhas","link":"https:\/\/www.jornalja.com.br\/arquivo\/category\/x-categorias-velhas\/"},"img":{"alt_text":"","src":"","width":0,"height":0},"classes":[]},{"id":13240,"url":"https:\/\/www.jornalja.com.br\/arquivo\/plano-diretor-estamos-construindo-o-caos\/","url_meta":{"origin":49131,"position":1},"title":"Plano diretor: &quot;Estamos construindo o caos&quot;","author":"Patr\u00edcia Marini","date":"26 de maio de 2014","format":false,"excerpt":"Desabafo que arquiteta Eliana Castilhos, delegada da Regi\u00e3o de Planejamento 1, postou nas redes sociais \u00e9 um testemunho do ambiente que se criou no Conselho do Plano Diretor de Porto Alegre, onde a aprova\u00e7\u00e3o de grandes empreendimentos \u00e9 empurrada guela abaixo dos conselheiros. Ao CMDUA Como delegada da Regi\u00e3o de\u2026","rel":"","context":"Em &quot;Geral&quot;","block_context":{"text":"Geral","link":"https:\/\/www.jornalja.com.br\/arquivo\/category\/geral\/"},"img":{"alt_text":"","src":"","width":0,"height":0},"classes":[]},{"id":13124,"url":"https:\/\/www.jornalja.com.br\/arquivo\/sangue-latino-no-iecine\/","url_meta":{"origin":49131,"position":2},"title":"Sangue latino no IECINE","author":"da Reda\u00e7\u00e3o","date":"18 de maio de 2014","format":false,"excerpt":"Francisco Ribeiro O Instituto Estadual de Cinema (IECINE) tem a frente, desde abril \u00faltimo, um novo diretor, o cineasta colombiano Juan Zapata, 36, que substitui Luiz Alberto Cassol. Radicado h\u00e1 dez anos em Porto Alegre, Zapata tem diante de si o desafio de conduzir at\u00e9 o final do ano um\u2026","rel":"","context":"Em &quot;Cultura-Geral&quot;","block_context":{"text":"Cultura-Geral","link":"https:\/\/www.jornalja.com.br\/arquivo\/category\/materiasecundaria\/"},"img":{"alt_text":"","src":"","width":0,"height":0},"classes":[]},{"id":13101,"url":"https:\/\/www.jornalja.com.br\/arquivo\/morre-um-guerreiro-do-texto\/","url_meta":{"origin":49131,"position":3},"title":"Morre um guerreiro do texto","author":"Patr\u00edcia Marini","date":"14 de maio de 2014","format":false,"excerpt":"Por Ricardo Kotscho Reproduzido do blog do autor, 11\/5\/2014; t\u00edtulo original \u201cE l\u00e1 se foi o nosso Myltainho, guerreiro do texto\u201d. Mi\u00fado e franzino, meu amigo Myltainho era um valente e inconformado guerreiro na luta contra as injusti\u00e7as sociais, a hipocrisia, as maracutaias, o autoritarismo, a intoler\u00e2ncia, a viol\u00eancia, o\u2026","rel":"","context":"Em &quot;Geral&quot;","block_context":{"text":"Geral","link":"https:\/\/www.jornalja.com.br\/arquivo\/category\/geral\/"},"img":{"alt_text":"","src":"","width":0,"height":0},"classes":[]}],"jetpack_shortlink":"https:\/\/wp.me\/pbQjBd-cMr","jetpack_featured_media_url":"","_links":{"self":[{"href":"https:\/\/www.jornalja.com.br\/arquivo\/wp-json\/wp\/v2\/posts\/49131","targetHints":{"allow":["GET"]}}],"collection":[{"href":"https:\/\/www.jornalja.com.br\/arquivo\/wp-json\/wp\/v2\/posts"}],"about":[{"href":"https:\/\/www.jornalja.com.br\/arquivo\/wp-json\/wp\/v2\/types\/post"}],"author":[{"embeddable":true,"href":"https:\/\/www.jornalja.com.br\/arquivo\/wp-json\/wp\/v2\/users\/4"}],"replies":[{"embeddable":true,"href":"https:\/\/www.jornalja.com.br\/arquivo\/wp-json\/wp\/v2\/comments?post=49131"}],"version-history":[{"count":0,"href":"https:\/\/www.jornalja.com.br\/arquivo\/wp-json\/wp\/v2\/posts\/49131\/revisions"}],"wp:attachment":[{"href":"https:\/\/www.jornalja.com.br\/arquivo\/wp-json\/wp\/v2\/media?parent=49131"}],"wp:term":[{"taxonomy":"category","embeddable":true,"href":"https:\/\/www.jornalja.com.br\/arquivo\/wp-json\/wp\/v2\/categories?post=49131"},{"taxonomy":"post_tag","embeddable":true,"href":"https:\/\/www.jornalja.com.br\/arquivo\/wp-json\/wp\/v2\/tags?post=49131"}],"curies":[{"name":"wp","href":"https:\/\/api.w.org\/{rel}","templated":true}]}}