{"id":49138,"date":"2017-05-29T16:43:23","date_gmt":"2017-05-29T19:43:23","guid":{"rendered":"https:\/\/www.jornalja.com.br\/?p=49138"},"modified":"2017-05-29T16:43:23","modified_gmt":"2017-05-29T19:43:23","slug":"desmatamento-da-mata-atlantica-cresce-quase-60-em-um-ano","status":"publish","type":"post","link":"https:\/\/www.jornalja.com.br\/arquivo\/desmatamento-da-mata-atlantica-cresce-quase-60-em-um-ano\/","title":{"rendered":"Desmatamento da Mata Atl\u00e2ntica cresce quase 60% em um ano"},"content":{"rendered":"<p><em>\u00a0<\/em>A Funda\u00e7\u00e3o SOS Mata Atl\u00e2ntica e o Instituto Nacional de Pesquisas Espaciais (INPE) divulgam nesta segunda-feira (29) os dados mais recentes do Atlas da Mata Atl\u00e2ntica, referentes ao per\u00edodo de 2015 a 2016.<br \/>\nO estudo aponta o desmatamento de 29.075 hectares (ha), ou 290 Km<sup>2<\/sup>, nos 17 Estados do bioma Mata Atl\u00e2ntica \u2013 representando aumento de 57,7% em rela\u00e7\u00e3o ao per\u00edodo anterior (2014-2015), referente a 18.433 ha. A \u00edntegra, do estudo est\u00e1 no link <a href=\"http:\/\/www.sosma.org.br\/downloads\/index.php\" data-saferedirecturl=\"http:\/\/www.google.com\/url?hl=pt-BR&amp;q=http:\/\/www.sosma.org.br\/downloads\/index.php&amp;source=gmail&amp;ust=1496169367012000&amp;usg=AFQjCNG2KmsYVIuxmW-mDas6MFYGYfEkkA\">http:\/\/www.sosma.org.br\/downloads\/index.php<\/a><br \/>\nMarcia Hirota, diretora-executiva da SOS Mata Atl\u00e2ntica, observa que h\u00e1 10 anos n\u00e3o era registrado no bioma um desmatamento nessas propor\u00e7\u00f5es. \u201cO que mais impressionou foi o enorme aumento no desmatamento no \u00faltimo per\u00edodo. Tivemos um retrocesso muito grande, com \u00edndices compar\u00e1veis aos de 2005\u201d, disse. No per\u00edodo de 2005 a 2008 a destrui\u00e7\u00e3o foi de 102.938 ha, ou seja, m\u00e9dia anual de 34.313 ha.<br \/>\n<img loading=\"lazy\" decoding=\"async\" class=\"alignnone size-full wp-image-49145\" src=\"https:\/\/www.jornalja.com.br\/wp-content\/uploads\/2017\/05\/Desmatamento-taxa-anual.jpg\" alt=\"\" width=\"669\" height=\"188\" \/><br \/>\nSegundo o\u00a0levantamento, que\u00a0tem patroc\u00ednio de Bradesco Cart\u00f5es e execu\u00e7\u00e3o t\u00e9cnica da empresa de geotecnologia Arcplan,\u00a0a Bahia foi o estado que liderou o desmatamento com decr\u00e9scimo de 12.288 ha \u2013 alta de 207% em rela\u00e7\u00e3o ao ano anterior, quando foram destru\u00eddos 3.997 ha.<br \/>\nDois munic\u00edpios baianos \u2013 Santa Cruz Cabr\u00e1lia e Belmonte \u2013 lideram o ranking dos maiores desmatadores, com supress\u00e3o de 3.058 ha e 2.119 ha, respectivamente. Se somados aos desmatamentos identificados em outras cidades do Sul da Bahia, como Porto Seguro e Ilh\u00e9us, cerca de 30% do total do bioma foi destru\u00eddo nessa regi\u00e3o, que historicamente \u00e9 conhecida pela chegada dos portugueses e pelo in\u00edcio da coloniza\u00e7\u00e3o do pa\u00eds. \u201cEssa regi\u00e3o \u00e9 a mais rica do Brasil em biodiversidade e tem grande potencial para o turismo. N\u00f3s estamos destruindo um patrim\u00f4nio que poderia gerar desenvolvimento, trabalho e renda para o estado\u201d, complementa Marcia.<br \/>\nUm sobrevoo realizado por t\u00e9cnicos da SOS Mata Atl\u00e2ntica, em 16 de maio deste ano sobre os munic\u00edpios de Santa Cruz Cabr\u00e1lia e Belmonte, constatou queimadas em floresta, convers\u00e3o da floresta em pastagens e processos de limpeza de \u00e1reas onde o entorno apresenta forte atividade de silvicultura.<br \/>\nA vice-lideran\u00e7a do ranking do desmatamento da Mata Atl\u00e2ntica ficou com Minas Gerais, com 7.410 ha desmatados, seguido por Paran\u00e1 (3.453 ha) e Piau\u00ed (3.125 ha).<br \/>\nEm Minas Gerais, os principais pontos de desmatamento ocorreram nos munic\u00edpios de \u00c1guas Vermelhas (753 ha), S\u00e3o Jo\u00e3o do Para\u00edso (573 ha) e Jequitinhonha (450 ha), regi\u00e3o reconhecida pelos processos de destrui\u00e7\u00e3o da Mata Atl\u00e2ntica para produ\u00e7\u00e3o de carv\u00e3o ou pela convers\u00e3o da floresta por plantios de eucalipto. Minas liderou o ranking em sete das \u00faltimas nove edi\u00e7\u00f5es do Atlas da Mata Atl\u00e2ntica, sempre com munic\u00edpios dessa regi\u00e3o figurando na lista dos maiores desmatadores.<br \/>\nJ\u00e1 no Paran\u00e1, os \u00edndices de desmatamento voltaram a subir pelo segundo ano consecutivo, passando de 1.988 ha destru\u00eddos entre 2014 e 2015 para 3.545 ha entre 2015-2016, aumento de 74%. E um alerta continua: a destrui\u00e7\u00e3o concentra-se na regi\u00e3o das arauc\u00e1rias, esp\u00e9cie amea\u00e7ada de extin\u00e7\u00e3o, com apenas 3% de florestas remanescentes.<br \/>\nNo Piau\u00ed, os maiores desmatamentos ocorreram em Manoel Em\u00eddio (1.281 ha), Canto do Buriti (641 ha) e Alvorada do Gurgu\u00e9ia (625 ha), munic\u00edpios lim\u00edtrofes entre si e pr\u00f3ximos ao Parque Nacional Serra das Confus\u00f5es. Esse \u00e9 o quarto ano consecutivo que o Atlas registra padr\u00e3o de desmatamento nesses munic\u00edpios que ficam numa importante regi\u00e3o de fronteira agr\u00edcola, que concentra a produ\u00e7\u00e3o de gr\u00e3os e \u00e9 tamb\u00e9m \u00e1rea de transi\u00e7\u00e3o entre a Mata Atl\u00e2ntica, o Cerrado e a Caatinga.<br \/>\nPara Mario Mantovani, diretor de Pol\u00edticas P\u00fablicas da Funda\u00e7\u00e3o SOS Mata Atl\u00e2ntica, a situa\u00e7\u00e3o \u00e9 grav\u00edssima e indica uma revers\u00e3o na tend\u00eancia de queda do desmatamento registrada nos \u00faltimos anos. E, para ele, n\u00e3o \u00e9 por acaso que os quatro estados campe\u00f5es de desmatamento s\u00e3o conhecidos por sua produ\u00e7\u00e3o agropecu\u00e1ria.<br \/>\n\u201cO setor produtivo voltou a avan\u00e7ar sobre nossas florestas, n\u00e3o s\u00f3 na Mata Atl\u00e2ntica, mas em todos os biomas, ap\u00f3s as altera\u00e7\u00f5es realizadas no C\u00f3digo Florestal e o subsequente desmonte da legisla\u00e7\u00e3o ambiental brasileira. Pode ser o in\u00edcio de uma nova fase de crescimento do desmatamento, o que n\u00e3o podemos aceitar\u201d, destaca.<br \/>\nSegundo ele, a ofensiva continua com a tentativa de flexibiliza\u00e7\u00e3o do licenciamento ambiental e diversos ataques ao Sistema Nacional de Unidades de Conserva\u00e7\u00e3o.<br \/>\n\u201cNo momento em que o caos est\u00e1 instalado em Bras\u00edlia, numa crise pol\u00edtica que tem no seu centro a maior empresa de carnes do mundo, a bancada do agroneg\u00f3cio e o n\u00facleo central do governo federal avan\u00e7am, de forma orquestrada e em tempo recorde, sobre o nosso sistema de prote\u00e7\u00e3o ambiental. A sociedade n\u00e3o pode ficar alheia \u00e0s decis\u00f5es tomadas por nossos governantes e legisladores. Precisamos nos mobilizar para frear o desmonte da nossa legisla\u00e7\u00e3o\u201d, conclui.<br \/>\n<strong>Mangue e Restinga<\/strong><br \/>\nNo per\u00edodo de 2015 a 2016 foi identificada supress\u00e3o da vegeta\u00e7\u00e3o de restinga em 9 dos 17 estados do bioma: Cear\u00e1 (788 ha), Piau\u00ed (244 ha), Santa Catarina (199 ha), Bahia (64 ha), Sergipe (50 ha), S\u00e3o Paulo (32 ha), Rio de Janeiro (29 ha), Paran\u00e1 (14 ha) e Rio Grande do Norte (6 ha).<br \/>\nJ\u00e1 o desmatamento em mangues aconteceu apenas na Bahia, em uma \u00e1rea de 68 ha.<br \/>\n<strong>Desmatamento zero<\/strong><br \/>\nEm maio de 2015, 17 secret\u00e1rios de Meio Ambiente dos Estados da Mata Atl\u00e2ntica assinaram a carta <a href=\"http:\/\/www.sosma.org.br\/wp-content\/uploads\/2016\/08\/NOVA-HISTORIA-SOSMA-WEB1.pdf\" data-saferedirecturl=\"http:\/\/www.google.com\/url?hl=pt-BR&amp;q=http:\/\/www.sosma.org.br\/wp-content\/uploads\/2016\/08\/NOVA-HISTORIA-SOSMA-WEB1.pdf&amp;source=gmail&amp;ust=1496169367012000&amp;usg=AFQjCNEaHpVTNLDc7Lk4WyaQf4TLNFqRdQ\">\u201cNova Hist\u00f3ria para a Mata Atl\u00e2ntica<\/a>\u201d, compromisso que prev\u00ea a amplia\u00e7\u00e3o da cobertura vegetal nativa e a busca do desmatamento ilegal zero no bioma at\u00e9 2018.<br \/>\nEntretanto, dois anos ap\u00f3s o acordo, esta edi\u00e7\u00e3o do Atlas da Mata Atl\u00e2ntica aponta que apenas cinco estados est\u00e3o no n\u00edvel do desmatamento zero, ou seja, com menos de 100 hectares (1 Km2) de desflorestamentos, somadas \u00e1reas desmatadas em florestas, mangues e restingas: Rio Grande do Norte (6 ha), Alagoas (11 ha), Para\u00edba (32 ha), Pernambuco (16 ha) e, Rio de Janeiro (66 ha).<br \/>\nN\u00e3o est\u00e3o mais no n\u00edvel de desmatamento zero Goi\u00e1s, com 149 ha desmatados; Cear\u00e1, com 797 ha e S\u00e3o Paulo, com 730 ha. A boa not\u00edcia fica para Pernambuco, que voltou para a lista desse ano com a redu\u00e7\u00e3o de 88% do desmatamento \u2013 passou de 136 ha entre 2014 e 2015 para 16 ha no \u00faltimo ano.<br \/>\n\u201cApesar do grande aumento do desmatamento em S\u00e3o Paulo, \u00e9 importante destacar que 90% ocorreu por causas naturais, mais especificamente vendavais e tornados que atingiram os munic\u00edpios de Jarinu, Atibaia, Mairinque, S\u00e3o Roque e Embu-Gua\u00e7u em 5 de junho do ano passado\u201d, esclarece Fl\u00e1vio Jorge Ponzoni, pesquisador e coordenador t\u00e9cnico do estudo pelo INPE.<br \/>\nConfira o ranking completo dos estados:<br \/>\n<img loading=\"lazy\" decoding=\"async\" class=\"alignnone size-full wp-image-49140\" src=\"https:\/\/www.jornalja.com.br\/wp-content\/uploads\/2017\/05\/Desmatamento-Mata-Atl\u00e2ntica-quadro-estados.jpg\" alt=\"\" width=\"640\" height=\"425\" \/><br \/>\n&nbsp;<\/p>\n","protected":false},"excerpt":{"rendered":"<p>\u00a0A Funda\u00e7\u00e3o SOS Mata Atl\u00e2ntica e o Instituto Nacional de Pesquisas Espaciais (INPE) divulgam nesta segunda-feira (29) os dados mais recentes do Atlas da Mata Atl\u00e2ntica, referentes ao per\u00edodo de 2015 a 2016. O estudo aponta o desmatamento de 29.075 hectares (ha), ou 290 Km2, nos 17 Estados do bioma Mata Atl\u00e2ntica \u2013 representando aumento [&hellip;]<\/p>\n","protected":false},"author":4,"featured_media":49142,"comment_status":"open","ping_status":"closed","sticky":false,"template":"","format":"standard","meta":{"_jetpack_newsletter_access":"","_jetpack_dont_email_post_to_subs":false,"_jetpack_newsletter_tier_id":0,"_jetpack_memberships_contains_paywalled_content":false,"_jetpack_feature_clip_id":0,"_jetpack_memberships_contains_paid_content":false,"footnotes":"","jetpack_post_was_ever_published":false},"categories":[26],"tags":[],"class_list":["post-49138","post","type-post","status-publish","format-standard","has-post-thumbnail","hentry","category-geral"],"aioseo_notices":[],"aioseo_head":"\n\t\t<!-- All in One SEO 5.0.1.1 - aioseo.com -->\n\t<meta name=\"robots\" content=\"max-image-preview:large\" \/>\n\t<meta name=\"author\" content=\"da Reda\u00e7\u00e3o\"\/>\n\t<link rel=\"canonical\" href=\"https:\/\/www.jornalja.com.br\/arquivo\/desmatamento-da-mata-atlantica-cresce-quase-60-em-um-ano\/\" \/>\n\t<meta name=\"generator\" content=\"All in One SEO (AIOSEO) 5.0.1.1\" \/>\n\t\t<meta property=\"og:locale\" content=\"pt_BR\" \/>\n\t\t<meta property=\"og:site_name\" content=\"Arquivo | Jornal J\u00c1 | Porto Alegre\" \/>\n\t\t<meta property=\"og:type\" content=\"article\" \/>\n\t\t<meta property=\"og:title\" content=\"Desmatamento da Mata Atl\u00e2ntica cresce quase 60% em um ano | Arquivo\" \/>\n\t\t<meta property=\"og:url\" content=\"https:\/\/www.jornalja.com.br\/arquivo\/desmatamento-da-mata-atlantica-cresce-quase-60-em-um-ano\/\" \/>\n\t\t<meta property=\"og:image\" content=\"https:\/\/www.jornalja.com.br\/wp-content\/uploads\/2017\/05\/Desmatamento-taxa-anual.jpg\" \/>\n\t\t<meta property=\"og:image:secure_url\" content=\"https:\/\/www.jornalja.com.br\/wp-content\/uploads\/2017\/05\/Desmatamento-taxa-anual.jpg\" \/>\n\t\t<meta property=\"article:published_time\" content=\"2017-05-29T19:43:23+00:00\" \/>\n\t\t<meta property=\"article:modified_time\" content=\"2017-05-29T19:43:23+00:00\" \/>\n\t\t<meta name=\"twitter:card\" content=\"summary\" \/>\n\t\t<meta name=\"twitter:title\" content=\"Desmatamento da Mata Atl\u00e2ntica cresce quase 60% em um ano | Arquivo\" \/>\n\t\t<meta name=\"twitter:image\" content=\"https:\/\/www.jornalja.com.br\/economics\/wp-content\/uploads\/sites\/11\/2026\/08\/ja-folhaderosto-facebook.jpg\" \/>\n\t\t<script type=\"application\/ld+json\" class=\"aioseo-schema\">\n\t\t\t{\"@context\":\"https:\\\/\\\/schema.org\",\"@graph\":[{\"@type\":\"BlogPosting\",\"@id\":\"https:\\\/\\\/www.jornalja.com.br\\\/arquivo\\\/desmatamento-da-mata-atlantica-cresce-quase-60-em-um-ano\\\/#blogposting\",\"name\":\"Desmatamento da Mata Atl\\u00e2ntica cresce quase 60% em um ano | Arquivo\",\"headline\":\"Desmatamento da Mata Atl\\u00e2ntica cresce quase 60% em um ano\",\"author\":{\"@id\":\"https:\\\/\\\/www.jornalja.com.br\\\/arquivo\\\/author\\\/daredacao\\\/#author\"},\"publisher\":{\"@id\":\"https:\\\/\\\/www.jornalja.com.br\\\/arquivo\\\/#organization\"},\"image\":{\"@type\":\"ImageObject\",\"url\":49142},\"datePublished\":\"2017-05-29T16:43:23-03:00\",\"dateModified\":\"2017-05-29T16:43:23-03:00\",\"inLanguage\":\"pt-BR\",\"mainEntityOfPage\":{\"@id\":\"https:\\\/\\\/www.jornalja.com.br\\\/arquivo\\\/desmatamento-da-mata-atlantica-cresce-quase-60-em-um-ano\\\/#webpage\"},\"isPartOf\":{\"@id\":\"https:\\\/\\\/www.jornalja.com.br\\\/arquivo\\\/desmatamento-da-mata-atlantica-cresce-quase-60-em-um-ano\\\/#webpage\"},\"articleSection\":\"Geral\"},{\"@type\":\"BreadcrumbList\",\"@id\":\"https:\\\/\\\/www.jornalja.com.br\\\/arquivo\\\/desmatamento-da-mata-atlantica-cresce-quase-60-em-um-ano\\\/#breadcrumblist\",\"itemListElement\":[{\"@type\":\"ListItem\",\"@id\":\"https:\\\/\\\/www.jornalja.com.br\\\/arquivo#listItem\",\"position\":1,\"name\":\"Home\",\"item\":\"https:\\\/\\\/www.jornalja.com.br\\\/arquivo\",\"nextItem\":{\"@type\":\"ListItem\",\"@id\":\"https:\\\/\\\/www.jornalja.com.br\\\/arquivo\\\/category\\\/geral\\\/#listItem\",\"name\":\"Geral\"}},{\"@type\":\"ListItem\",\"@id\":\"https:\\\/\\\/www.jornalja.com.br\\\/arquivo\\\/category\\\/geral\\\/#listItem\",\"position\":2,\"name\":\"Geral\",\"item\":\"https:\\\/\\\/www.jornalja.com.br\\\/arquivo\\\/category\\\/geral\\\/\",\"nextItem\":{\"@type\":\"ListItem\",\"@id\":\"https:\\\/\\\/www.jornalja.com.br\\\/arquivo\\\/desmatamento-da-mata-atlantica-cresce-quase-60-em-um-ano\\\/#listItem\",\"name\":\"Desmatamento da Mata Atl\\u00e2ntica cresce quase 60% em um ano\"},\"previousItem\":{\"@type\":\"ListItem\",\"@id\":\"https:\\\/\\\/www.jornalja.com.br\\\/arquivo#listItem\",\"name\":\"Home\"}},{\"@type\":\"ListItem\",\"@id\":\"https:\\\/\\\/www.jornalja.com.br\\\/arquivo\\\/desmatamento-da-mata-atlantica-cresce-quase-60-em-um-ano\\\/#listItem\",\"position\":3,\"name\":\"Desmatamento da Mata Atl\\u00e2ntica cresce quase 60% em um ano\",\"previousItem\":{\"@type\":\"ListItem\",\"@id\":\"https:\\\/\\\/www.jornalja.com.br\\\/arquivo\\\/category\\\/geral\\\/#listItem\",\"name\":\"Geral\"}}]},{\"@type\":\"Organization\",\"@id\":\"https:\\\/\\\/www.jornalja.com.br\\\/arquivo\\\/#organization\",\"name\":\"Jornal J\\u00c1\",\"description\":\"Jornal J\\u00c1 | Porto Alegre\",\"url\":\"https:\\\/\\\/www.jornalja.com.br\\\/arquivo\\\/\",\"telephone\":\"+555133307272\",\"logo\":{\"@type\":\"ImageObject\",\"url\":\"https:\\\/\\\/www.jornalja.com.br\\\/wp-content\\\/uploads\\\/cards\\\/JAslogan.png\",\"@id\":\"https:\\\/\\\/www.jornalja.com.br\\\/arquivo\\\/desmatamento-da-mata-atlantica-cresce-quase-60-em-um-ano\\\/#organizationLogo\"},\"image\":{\"@id\":\"https:\\\/\\\/www.jornalja.com.br\\\/arquivo\\\/desmatamento-da-mata-atlantica-cresce-quase-60-em-um-ano\\\/#organizationLogo\"}},{\"@type\":\"Person\",\"@id\":\"https:\\\/\\\/www.jornalja.com.br\\\/arquivo\\\/author\\\/daredacao\\\/#author\",\"url\":\"https:\\\/\\\/www.jornalja.com.br\\\/arquivo\\\/author\\\/daredacao\\\/\",\"name\":\"da Reda\\u00e7\\u00e3o\",\"image\":{\"@type\":\"ImageObject\",\"@id\":\"https:\\\/\\\/www.jornalja.com.br\\\/arquivo\\\/desmatamento-da-mata-atlantica-cresce-quase-60-em-um-ano\\\/#authorImage\",\"url\":\"https:\\\/\\\/secure.gravatar.com\\\/avatar\\\/469fd857d6605ad19919d27ed29d35a968a25f6e8fd9318356bbb7f57aae9c65?s=96&d=mm&r=g\",\"width\":96,\"height\":96,\"caption\":\"da Reda\\u00e7\\u00e3o\"}},{\"@type\":\"WebPage\",\"@id\":\"https:\\\/\\\/www.jornalja.com.br\\\/arquivo\\\/desmatamento-da-mata-atlantica-cresce-quase-60-em-um-ano\\\/#webpage\",\"url\":\"https:\\\/\\\/www.jornalja.com.br\\\/arquivo\\\/desmatamento-da-mata-atlantica-cresce-quase-60-em-um-ano\\\/\",\"name\":\"Desmatamento da Mata Atl\\u00e2ntica cresce quase 60% em um ano | Arquivo\",\"inLanguage\":\"pt-BR\",\"isPartOf\":{\"@id\":\"https:\\\/\\\/www.jornalja.com.br\\\/arquivo\\\/#website\"},\"breadcrumb\":{\"@id\":\"https:\\\/\\\/www.jornalja.com.br\\\/arquivo\\\/desmatamento-da-mata-atlantica-cresce-quase-60-em-um-ano\\\/#breadcrumblist\"},\"author\":{\"@id\":\"https:\\\/\\\/www.jornalja.com.br\\\/arquivo\\\/author\\\/daredacao\\\/#author\"},\"creator\":{\"@id\":\"https:\\\/\\\/www.jornalja.com.br\\\/arquivo\\\/author\\\/daredacao\\\/#author\"},\"image\":{\"@type\":\"ImageObject\",\"url\":49142,\"@id\":\"https:\\\/\\\/www.jornalja.com.br\\\/arquivo\\\/desmatamento-da-mata-atlantica-cresce-quase-60-em-um-ano\\\/#mainImage\"},\"primaryImageOfPage\":{\"@id\":\"https:\\\/\\\/www.jornalja.com.br\\\/arquivo\\\/desmatamento-da-mata-atlantica-cresce-quase-60-em-um-ano\\\/#mainImage\"},\"datePublished\":\"2017-05-29T16:43:23-03:00\",\"dateModified\":\"2017-05-29T16:43:23-03:00\"},{\"@type\":\"WebSite\",\"@id\":\"https:\\\/\\\/www.jornalja.com.br\\\/arquivo\\\/#website\",\"url\":\"https:\\\/\\\/www.jornalja.com.br\\\/arquivo\\\/\",\"name\":\"Arquivo\",\"description\":\"Jornal J\\u00c1 | Porto Alegre\",\"inLanguage\":\"pt-BR\",\"publisher\":{\"@id\":\"https:\\\/\\\/www.jornalja.com.br\\\/arquivo\\\/#organization\"}}]}\n\t\t<\/script>\n\t\t<!-- All in One SEO -->\n\n","aioseo_head_json":{"title":"Desmatamento da Mata Atl\u00e2ntica cresce quase 60% em um ano | Arquivo","description":"","canonical_url":"https:\/\/www.jornalja.com.br\/arquivo\/desmatamento-da-mata-atlantica-cresce-quase-60-em-um-ano\/","robots":"max-image-preview:large","keywords":"","webmasterTools":{"miscellaneous":""},"schema":{"@context":"https:\/\/schema.org","@graph":[{"@type":"BlogPosting","@id":"https:\/\/www.jornalja.com.br\/arquivo\/desmatamento-da-mata-atlantica-cresce-quase-60-em-um-ano\/#blogposting","name":"Desmatamento da Mata Atl\u00e2ntica cresce quase 60% em um ano | Arquivo","headline":"Desmatamento da Mata Atl\u00e2ntica cresce quase 60% em um ano","author":{"@id":"https:\/\/www.jornalja.com.br\/arquivo\/author\/daredacao\/#author"},"publisher":{"@id":"https:\/\/www.jornalja.com.br\/arquivo\/#organization"},"image":{"@type":"ImageObject","url":49142},"datePublished":"2017-05-29T16:43:23-03:00","dateModified":"2017-05-29T16:43:23-03:00","inLanguage":"pt-BR","mainEntityOfPage":{"@id":"https:\/\/www.jornalja.com.br\/arquivo\/desmatamento-da-mata-atlantica-cresce-quase-60-em-um-ano\/#webpage"},"isPartOf":{"@id":"https:\/\/www.jornalja.com.br\/arquivo\/desmatamento-da-mata-atlantica-cresce-quase-60-em-um-ano\/#webpage"},"articleSection":"Geral"},{"@type":"BreadcrumbList","@id":"https:\/\/www.jornalja.com.br\/arquivo\/desmatamento-da-mata-atlantica-cresce-quase-60-em-um-ano\/#breadcrumblist","itemListElement":[{"@type":"ListItem","@id":"https:\/\/www.jornalja.com.br\/arquivo#listItem","position":1,"name":"Home","item":"https:\/\/www.jornalja.com.br\/arquivo","nextItem":{"@type":"ListItem","@id":"https:\/\/www.jornalja.com.br\/arquivo\/category\/geral\/#listItem","name":"Geral"}},{"@type":"ListItem","@id":"https:\/\/www.jornalja.com.br\/arquivo\/category\/geral\/#listItem","position":2,"name":"Geral","item":"https:\/\/www.jornalja.com.br\/arquivo\/category\/geral\/","nextItem":{"@type":"ListItem","@id":"https:\/\/www.jornalja.com.br\/arquivo\/desmatamento-da-mata-atlantica-cresce-quase-60-em-um-ano\/#listItem","name":"Desmatamento da Mata Atl\u00e2ntica cresce quase 60% em um ano"},"previousItem":{"@type":"ListItem","@id":"https:\/\/www.jornalja.com.br\/arquivo#listItem","name":"Home"}},{"@type":"ListItem","@id":"https:\/\/www.jornalja.com.br\/arquivo\/desmatamento-da-mata-atlantica-cresce-quase-60-em-um-ano\/#listItem","position":3,"name":"Desmatamento da Mata Atl\u00e2ntica cresce quase 60% em um ano","previousItem":{"@type":"ListItem","@id":"https:\/\/www.jornalja.com.br\/arquivo\/category\/geral\/#listItem","name":"Geral"}}]},{"@type":"Organization","@id":"https:\/\/www.jornalja.com.br\/arquivo\/#organization","name":"Jornal J\u00c1","description":"Jornal J\u00c1 | Porto Alegre","url":"https:\/\/www.jornalja.com.br\/arquivo\/","telephone":"+555133307272","logo":{"@type":"ImageObject","url":"https:\/\/www.jornalja.com.br\/wp-content\/uploads\/cards\/JAslogan.png","@id":"https:\/\/www.jornalja.com.br\/arquivo\/desmatamento-da-mata-atlantica-cresce-quase-60-em-um-ano\/#organizationLogo"},"image":{"@id":"https:\/\/www.jornalja.com.br\/arquivo\/desmatamento-da-mata-atlantica-cresce-quase-60-em-um-ano\/#organizationLogo"}},{"@type":"Person","@id":"https:\/\/www.jornalja.com.br\/arquivo\/author\/daredacao\/#author","url":"https:\/\/www.jornalja.com.br\/arquivo\/author\/daredacao\/","name":"da Reda\u00e7\u00e3o","image":{"@type":"ImageObject","@id":"https:\/\/www.jornalja.com.br\/arquivo\/desmatamento-da-mata-atlantica-cresce-quase-60-em-um-ano\/#authorImage","url":"https:\/\/secure.gravatar.com\/avatar\/469fd857d6605ad19919d27ed29d35a968a25f6e8fd9318356bbb7f57aae9c65?s=96&d=mm&r=g","width":96,"height":96,"caption":"da Reda\u00e7\u00e3o"}},{"@type":"WebPage","@id":"https:\/\/www.jornalja.com.br\/arquivo\/desmatamento-da-mata-atlantica-cresce-quase-60-em-um-ano\/#webpage","url":"https:\/\/www.jornalja.com.br\/arquivo\/desmatamento-da-mata-atlantica-cresce-quase-60-em-um-ano\/","name":"Desmatamento da Mata Atl\u00e2ntica cresce quase 60% em um ano | Arquivo","inLanguage":"pt-BR","isPartOf":{"@id":"https:\/\/www.jornalja.com.br\/arquivo\/#website"},"breadcrumb":{"@id":"https:\/\/www.jornalja.com.br\/arquivo\/desmatamento-da-mata-atlantica-cresce-quase-60-em-um-ano\/#breadcrumblist"},"author":{"@id":"https:\/\/www.jornalja.com.br\/arquivo\/author\/daredacao\/#author"},"creator":{"@id":"https:\/\/www.jornalja.com.br\/arquivo\/author\/daredacao\/#author"},"image":{"@type":"ImageObject","url":49142,"@id":"https:\/\/www.jornalja.com.br\/arquivo\/desmatamento-da-mata-atlantica-cresce-quase-60-em-um-ano\/#mainImage"},"primaryImageOfPage":{"@id":"https:\/\/www.jornalja.com.br\/arquivo\/desmatamento-da-mata-atlantica-cresce-quase-60-em-um-ano\/#mainImage"},"datePublished":"2017-05-29T16:43:23-03:00","dateModified":"2017-05-29T16:43:23-03:00"},{"@type":"WebSite","@id":"https:\/\/www.jornalja.com.br\/arquivo\/#website","url":"https:\/\/www.jornalja.com.br\/arquivo\/","name":"Arquivo","description":"Jornal J\u00c1 | Porto Alegre","inLanguage":"pt-BR","publisher":{"@id":"https:\/\/www.jornalja.com.br\/arquivo\/#organization"}}]},"og:locale":"pt_BR","og:site_name":"Arquivo | Jornal J\u00c1 | Porto Alegre","og:type":"article","og:title":"Desmatamento da Mata Atl\u00e2ntica cresce quase 60% em um ano | Arquivo","og:url":"https:\/\/www.jornalja.com.br\/arquivo\/desmatamento-da-mata-atlantica-cresce-quase-60-em-um-ano\/","og:image":"https:\/\/www.jornalja.com.br\/wp-content\/uploads\/2017\/05\/Desmatamento-taxa-anual.jpg","og:image:secure_url":"https:\/\/www.jornalja.com.br\/wp-content\/uploads\/2017\/05\/Desmatamento-taxa-anual.jpg","article:published_time":"2017-05-29T19:43:23+00:00","article:modified_time":"2017-05-29T19:43:23+00:00","twitter:card":"summary","twitter:title":"Desmatamento da Mata Atl\u00e2ntica cresce quase 60% em um ano | Arquivo","twitter:image":"https:\/\/www.jornalja.com.br\/economics\/wp-content\/uploads\/sites\/11\/2026\/08\/ja-folhaderosto-facebook.jpg"},"aioseo_meta_data":{"post_id":"49138","title":null,"description":null,"keywords":null,"keyphrases":null,"primary_term":null,"canonical_url":null,"og_title":null,"og_description":null,"og_object_type":"default","og_image_type":"default","og_image_url":null,"og_image_width":null,"og_image_height":null,"og_image_custom_url":null,"og_image_custom_fields":null,"og_video":null,"og_custom_url":null,"og_article_section":null,"og_article_tags":null,"twitter_use_og":false,"twitter_card":"default","twitter_image_type":"default","twitter_image_url":null,"twitter_image_custom_url":null,"twitter_image_custom_fields":null,"twitter_title":null,"twitter_description":null,"schema":{"blockGraphs":[],"customGraphs":[],"default":{"data":{"Article":[],"Course":[],"Dataset":[],"FAQPage":[],"Movie":[],"Person":[],"Product":[],"ProductReview":[],"Car":[],"Recipe":[],"Service":[],"SoftwareApplication":[],"WebPage":[]},"graphName":"","isEnabled":true},"graphs":[],"defaultGraph":"","defaultPostTypeGraph":""},"schema_type":null,"schema_type_options":null,"pillar_content":false,"robots_default":true,"robots_noindex":false,"robots_noarchive":false,"robots_nosnippet":false,"robots_nofollow":false,"robots_noimageindex":false,"robots_noodp":false,"robots_notranslate":false,"robots_max_snippet":null,"robots_max_videopreview":null,"robots_max_imagepreview":"large","priority":null,"frequency":null,"location":null,"local_seo":null,"breadcrumb_settings":null,"limit_modified_date":false,"ai":null,"created":"2020-12-20 20:32:48","updated":"2025-07-19 21:49:56","seo_analyzer_scan_date":null,"focus_keyword":null,"additional_keywords":null,"truseo_locale":null},"jetpack_sharing_enabled":true,"jetpack-related-posts":[{"id":13240,"url":"https:\/\/www.jornalja.com.br\/arquivo\/plano-diretor-estamos-construindo-o-caos\/","url_meta":{"origin":49138,"position":0},"title":"Plano diretor: &quot;Estamos construindo o caos&quot;","author":"Patr\u00edcia Marini","date":"26 de maio de 2014","format":false,"excerpt":"Desabafo que arquiteta Eliana Castilhos, delegada da Regi\u00e3o de Planejamento 1, postou nas redes sociais \u00e9 um testemunho do ambiente que se criou no Conselho do Plano Diretor de Porto Alegre, onde a aprova\u00e7\u00e3o de grandes empreendimentos \u00e9 empurrada guela abaixo dos conselheiros. Ao CMDUA Como delegada da Regi\u00e3o de\u2026","rel":"","context":"Em &quot;Geral&quot;","block_context":{"text":"Geral","link":"https:\/\/www.jornalja.com.br\/arquivo\/category\/geral\/"},"img":{"alt_text":"","src":"","width":0,"height":0},"classes":[]},{"id":5440,"url":"https:\/\/www.jornalja.com.br\/arquivo\/casarao-da-venancio-destino-permanece-incerto\/","url_meta":{"origin":49138,"position":1},"title":"Estado ainda n\u00e3o sabe o que fazer com casar\u00e3o abandonado h\u00e1 20 anos","author":"Elmar Bones","date":"6 de julho de 2009","format":false,"excerpt":"O casar\u00e3o amarelo, numa esquina nobre de Porto Alegre (Ven\u00e2ncio Aires com Jo\u00e3o Pessoa), j\u00e1 abrigou uma escola. H\u00e1 duas d\u00e9cadas, pelo menos, est\u00e1 abandonado, porque seu propriet\u00e1rio, o governo do Estado do Rio Grande do Sul, n\u00e3o consegue achar um destino para ele. Planos n\u00e3o faltaram. O governador Ol\u00edvio\u2026","rel":"","context":"Em &quot;X.Categorias velhas&quot;","block_context":{"text":"X.Categorias velhas","link":"https:\/\/www.jornalja.com.br\/arquivo\/category\/x-categorias-velhas\/"},"img":{"alt_text":"geraldo1","src":"https:\/\/i0.wp.com\/www.jornalja.com.br\/wp-content\/uploads\/2009\/07\/geraldo1.jpg?resize=350%2C200&ssl=1","width":350,"height":200},"classes":[]},{"id":12960,"url":"https:\/\/www.jornalja.com.br\/arquivo\/populacao-culpa-empresas-pela-greve-dos-rodoviarios\/","url_meta":{"origin":49138,"position":2},"title":"Popula\u00e7\u00e3o culpa empresas pela greve","author":"Patr\u00edcia Marini","date":"14 de fevereiro de 2014","format":false,"excerpt":"Pesquisa divulgada na edi\u00e7\u00e3o do jornal Metro desta sexta-feira,14, comprova o velho ditado: \u00e9 poss\u00edvel enganar muitos por algum tempo, mas n\u00e3o \u00e9 poss\u00edvel enganar a todos o tempo inteiro. A principal revela\u00e7\u00e3o foi que 59,8% dos entrevistados apontaram as empresas como as principais respons\u00e1veis pela grave e 46% culparam\u2026","rel":"","context":"Em &quot;X.Categorias velhas&quot;","block_context":{"text":"X.Categorias velhas","link":"https:\/\/www.jornalja.com.br\/arquivo\/category\/x-categorias-velhas\/"},"img":{"alt_text":"","src":"","width":0,"height":0},"classes":[]},{"id":13124,"url":"https:\/\/www.jornalja.com.br\/arquivo\/sangue-latino-no-iecine\/","url_meta":{"origin":49138,"position":3},"title":"Sangue latino no IECINE","author":"da Reda\u00e7\u00e3o","date":"18 de maio de 2014","format":false,"excerpt":"Francisco Ribeiro O Instituto Estadual de Cinema (IECINE) tem a frente, desde abril \u00faltimo, um novo diretor, o cineasta colombiano Juan Zapata, 36, que substitui Luiz Alberto Cassol. Radicado h\u00e1 dez anos em Porto Alegre, Zapata tem diante de si o desafio de conduzir at\u00e9 o final do ano um\u2026","rel":"","context":"Em &quot;Cultura-Geral&quot;","block_context":{"text":"Cultura-Geral","link":"https:\/\/www.jornalja.com.br\/arquivo\/category\/materiasecundaria\/"},"img":{"alt_text":"","src":"","width":0,"height":0},"classes":[]}],"jetpack_shortlink":"https:\/\/wp.me\/pbQjBd-cMy","jetpack_featured_media_url":"","_links":{"self":[{"href":"https:\/\/www.jornalja.com.br\/arquivo\/wp-json\/wp\/v2\/posts\/49138","targetHints":{"allow":["GET"]}}],"collection":[{"href":"https:\/\/www.jornalja.com.br\/arquivo\/wp-json\/wp\/v2\/posts"}],"about":[{"href":"https:\/\/www.jornalja.com.br\/arquivo\/wp-json\/wp\/v2\/types\/post"}],"author":[{"embeddable":true,"href":"https:\/\/www.jornalja.com.br\/arquivo\/wp-json\/wp\/v2\/users\/4"}],"replies":[{"embeddable":true,"href":"https:\/\/www.jornalja.com.br\/arquivo\/wp-json\/wp\/v2\/comments?post=49138"}],"version-history":[{"count":0,"href":"https:\/\/www.jornalja.com.br\/arquivo\/wp-json\/wp\/v2\/posts\/49138\/revisions"}],"wp:attachment":[{"href":"https:\/\/www.jornalja.com.br\/arquivo\/wp-json\/wp\/v2\/media?parent=49138"}],"wp:term":[{"taxonomy":"category","embeddable":true,"href":"https:\/\/www.jornalja.com.br\/arquivo\/wp-json\/wp\/v2\/categories?post=49138"},{"taxonomy":"post_tag","embeddable":true,"href":"https:\/\/www.jornalja.com.br\/arquivo\/wp-json\/wp\/v2\/tags?post=49138"}],"curies":[{"name":"wp","href":"https:\/\/api.w.org\/{rel}","templated":true}]}}