{"id":49143,"date":"2017-05-29T17:18:47","date_gmt":"2017-05-29T20:18:47","guid":{"rendered":"https:\/\/www.jornalja.com.br\/?p=49143"},"modified":"2017-05-29T17:18:47","modified_gmt":"2017-05-29T20:18:47","slug":"busatto-anuncia-parcelamento-em-junho-justica-manda-prefeitura-pagar-em-dia","status":"publish","type":"post","link":"https:\/\/www.jornalja.com.br\/arquivo\/busatto-anuncia-parcelamento-em-junho-justica-manda-prefeitura-pagar-em-dia\/","title":{"rendered":"Busatto anuncia parcelamento em junho, Justi\u00e7a manda Prefeitura pagar em dia"},"content":{"rendered":"<p>O secret\u00e1rio municipal da Fazenda, Luciano Busatto, anunciou na manh\u00e3 desta segunda-feira que o sal\u00e1rio dos servidores municipais vai ser parcelado em junho.<br \/>\nDesde o in\u00edcio do ano, o prefeito Nelson Marchezan J\u00fanior vem anunciando que a Prefeitura n\u00e3o ter\u00e1 recursos para quitar em dia a folha. Em janeiro, Marchezan s\u00f3 garantia os dois primeiros meses do ano pagos em dia. Em abril, no balan\u00e7o dos cem dias de governo, reafirmou que os atrasos acontecer\u00e3o ainda este ano.<br \/>\nO Sindicato dos Municip\u00e1rios (Simpa) classificou como \u201cato terrorista\u201d os frequentes an\u00fancios de atraso e parcelamento de sal\u00e1rios da gest\u00e3o municipal.<br \/>\nA declara\u00e7\u00e3o do secret\u00e1rio da Fazenda foi dada em entrevista \u00e0 R\u00e1dio Ga\u00facha. Busatto afirmou que no final do m\u00eas de junho, faltar\u00e3o R$ 40 milh\u00f5es para quitar a folha salarial, de R$ 180 milh\u00f5es. Busatto adiantou ainda a forma como ser\u00e1 feito o parcelamento, semelhante \u00e0 forma adotada pelo governo do Estado, pagando na \u00edntegra os menores sal\u00e1rios e parcelando os demais.<br \/>\n<span class=\"intertit\">Justi\u00e7a determina pagamento em dia<\/span><br \/>\nUma decis\u00e3o judicial obtida pelo Simpa determina que a Prefeitura pague os sal\u00e1rios dos servidores em dia. No dia 19 de maio, despacho do juiz Murilo Magalh\u00e3es Castro Filho, da 5\u00aa Vara da Fazenda P\u00fablica, atendeu ao pedido de um embargo declarat\u00f3rio do sindicato.<br \/>\nUma decis\u00e3o anterior havia concedido<a href=\"https:\/\/www.jornalja.com.br\/justica-proibe-parcelamento-de-salarios-dos-servidores-municipais\/\" target=\"_blank\" rel=\"noopener noreferrer\"> liminar proibindo o parcelamento de sal\u00e1rios.<\/a> O sindicato entrou com embargo declarat\u00f3rio para que fossem julgados tamb\u00e9m os outros pedidos, relativos ao parcelamento e suspens\u00e3o do pagamento, e um pedido de multa em caso de descumprimento.<br \/>\nEsta segunda decis\u00e3o estende a proibi\u00e7\u00e3o ao parcelamento e \u00e0 suspens\u00e3o dos sal\u00e1rios, por\u00e9m rejeita o pedido de multa em caso de descumprimento.<br \/>\nNo despacho, o juiz justifica: \u201ca medida pode vir a onerar ainda mais o er\u00e1rio municipal, sendo certo que a presun\u00e7\u00e3o, aqui n\u00e3o elidida, \u00e9 a de que o agente p\u00fablico destinat\u00e1rio da decis\u00e3o judicial v\u00e1lida e eficaz ir\u00e1 lhe conferir cumprimento\u201d.<\/p>\n","protected":false},"excerpt":{"rendered":"<p>O secret\u00e1rio municipal da Fazenda, Luciano Busatto, anunciou na manh\u00e3 desta segunda-feira que o sal\u00e1rio dos servidores municipais vai ser parcelado em junho. Desde o in\u00edcio do ano, o prefeito Nelson Marchezan J\u00fanior vem anunciando que a Prefeitura n\u00e3o ter\u00e1 recursos para quitar em dia a folha. Em janeiro, Marchezan s\u00f3 garantia os dois primeiros [&hellip;]<\/p>\n","protected":false},"author":4,"featured_media":49151,"comment_status":"open","ping_status":"closed","sticky":false,"template":"","format":"standard","meta":{"_jetpack_newsletter_access":"","_jetpack_dont_email_post_to_subs":false,"_jetpack_newsletter_tier_id":0,"_jetpack_memberships_contains_paywalled_content":false,"_jetpack_feature_clip_id":0,"_jetpack_memberships_contains_paid_content":false,"footnotes":"","jetpack_post_was_ever_published":false},"categories":[26],"tags":[],"class_list":["post-49143","post","type-post","status-publish","format-standard","has-post-thumbnail","hentry","category-geral"],"aioseo_notices":[],"aioseo_head":"\n\t\t<!-- All in One SEO 5.0.1.1 - aioseo.com -->\n\t<meta name=\"robots\" content=\"max-image-preview:large\" \/>\n\t<meta name=\"author\" content=\"da Reda\u00e7\u00e3o\"\/>\n\t<link rel=\"canonical\" href=\"https:\/\/www.jornalja.com.br\/arquivo\/busatto-anuncia-parcelamento-em-junho-justica-manda-prefeitura-pagar-em-dia\/\" \/>\n\t<meta name=\"generator\" content=\"All in One SEO (AIOSEO) 5.0.1.1\" \/>\n\t\t<meta property=\"og:locale\" content=\"pt_BR\" \/>\n\t\t<meta property=\"og:site_name\" content=\"Arquivo | Jornal J\u00c1 | Porto Alegre\" \/>\n\t\t<meta property=\"og:type\" content=\"article\" \/>\n\t\t<meta property=\"og:title\" content=\"Busatto anuncia parcelamento em junho, Justi\u00e7a manda Prefeitura pagar em dia | Arquivo\" \/>\n\t\t<meta property=\"og:url\" content=\"https:\/\/www.jornalja.com.br\/arquivo\/busatto-anuncia-parcelamento-em-junho-justica-manda-prefeitura-pagar-em-dia\/\" \/>\n\t\t<meta property=\"og:image\" content=\"https:\/\/www.jornalja.com.br\/economics\/wp-content\/uploads\/sites\/11\/2026\/08\/ja-folhaderosto-facebook.jpg\" \/>\n\t\t<meta property=\"og:image:secure_url\" content=\"https:\/\/www.jornalja.com.br\/economics\/wp-content\/uploads\/sites\/11\/2026\/08\/ja-folhaderosto-facebook.jpg\" \/>\n\t\t<meta property=\"article:published_time\" content=\"2017-05-29T20:18:47+00:00\" \/>\n\t\t<meta property=\"article:modified_time\" content=\"2017-05-29T20:18:47+00:00\" \/>\n\t\t<meta name=\"twitter:card\" content=\"summary\" \/>\n\t\t<meta name=\"twitter:title\" content=\"Busatto anuncia parcelamento em junho, Justi\u00e7a manda Prefeitura pagar em dia | Arquivo\" \/>\n\t\t<meta name=\"twitter:image\" content=\"https:\/\/www.jornalja.com.br\/economics\/wp-content\/uploads\/sites\/11\/2026\/08\/ja-folhaderosto-facebook.jpg\" \/>\n\t\t<script type=\"application\/ld+json\" class=\"aioseo-schema\">\n\t\t\t{\"@context\":\"https:\\\/\\\/schema.org\",\"@graph\":[{\"@type\":\"BlogPosting\",\"@id\":\"https:\\\/\\\/www.jornalja.com.br\\\/arquivo\\\/busatto-anuncia-parcelamento-em-junho-justica-manda-prefeitura-pagar-em-dia\\\/#blogposting\",\"name\":\"Busatto anuncia parcelamento em junho, Justi\\u00e7a manda Prefeitura pagar em dia | Arquivo\",\"headline\":\"Busatto anuncia parcelamento em junho, Justi\\u00e7a manda Prefeitura pagar em dia\",\"author\":{\"@id\":\"https:\\\/\\\/www.jornalja.com.br\\\/arquivo\\\/author\\\/daredacao\\\/#author\"},\"publisher\":{\"@id\":\"https:\\\/\\\/www.jornalja.com.br\\\/arquivo\\\/#organization\"},\"image\":{\"@type\":\"ImageObject\",\"url\":49151},\"datePublished\":\"2017-05-29T17:18:47-03:00\",\"dateModified\":\"2017-05-29T17:18:47-03:00\",\"inLanguage\":\"pt-BR\",\"mainEntityOfPage\":{\"@id\":\"https:\\\/\\\/www.jornalja.com.br\\\/arquivo\\\/busatto-anuncia-parcelamento-em-junho-justica-manda-prefeitura-pagar-em-dia\\\/#webpage\"},\"isPartOf\":{\"@id\":\"https:\\\/\\\/www.jornalja.com.br\\\/arquivo\\\/busatto-anuncia-parcelamento-em-junho-justica-manda-prefeitura-pagar-em-dia\\\/#webpage\"},\"articleSection\":\"Geral\"},{\"@type\":\"BreadcrumbList\",\"@id\":\"https:\\\/\\\/www.jornalja.com.br\\\/arquivo\\\/busatto-anuncia-parcelamento-em-junho-justica-manda-prefeitura-pagar-em-dia\\\/#breadcrumblist\",\"itemListElement\":[{\"@type\":\"ListItem\",\"@id\":\"https:\\\/\\\/www.jornalja.com.br\\\/arquivo#listItem\",\"position\":1,\"name\":\"Home\",\"item\":\"https:\\\/\\\/www.jornalja.com.br\\\/arquivo\",\"nextItem\":{\"@type\":\"ListItem\",\"@id\":\"https:\\\/\\\/www.jornalja.com.br\\\/arquivo\\\/category\\\/geral\\\/#listItem\",\"name\":\"Geral\"}},{\"@type\":\"ListItem\",\"@id\":\"https:\\\/\\\/www.jornalja.com.br\\\/arquivo\\\/category\\\/geral\\\/#listItem\",\"position\":2,\"name\":\"Geral\",\"item\":\"https:\\\/\\\/www.jornalja.com.br\\\/arquivo\\\/category\\\/geral\\\/\",\"nextItem\":{\"@type\":\"ListItem\",\"@id\":\"https:\\\/\\\/www.jornalja.com.br\\\/arquivo\\\/busatto-anuncia-parcelamento-em-junho-justica-manda-prefeitura-pagar-em-dia\\\/#listItem\",\"name\":\"Busatto anuncia parcelamento em junho, Justi\\u00e7a manda Prefeitura pagar em dia\"},\"previousItem\":{\"@type\":\"ListItem\",\"@id\":\"https:\\\/\\\/www.jornalja.com.br\\\/arquivo#listItem\",\"name\":\"Home\"}},{\"@type\":\"ListItem\",\"@id\":\"https:\\\/\\\/www.jornalja.com.br\\\/arquivo\\\/busatto-anuncia-parcelamento-em-junho-justica-manda-prefeitura-pagar-em-dia\\\/#listItem\",\"position\":3,\"name\":\"Busatto anuncia parcelamento em junho, Justi\\u00e7a manda Prefeitura pagar em dia\",\"previousItem\":{\"@type\":\"ListItem\",\"@id\":\"https:\\\/\\\/www.jornalja.com.br\\\/arquivo\\\/category\\\/geral\\\/#listItem\",\"name\":\"Geral\"}}]},{\"@type\":\"Organization\",\"@id\":\"https:\\\/\\\/www.jornalja.com.br\\\/arquivo\\\/#organization\",\"name\":\"Jornal J\\u00c1\",\"description\":\"Jornal J\\u00c1 | Porto Alegre\",\"url\":\"https:\\\/\\\/www.jornalja.com.br\\\/arquivo\\\/\",\"telephone\":\"+555133307272\",\"logo\":{\"@type\":\"ImageObject\",\"url\":\"https:\\\/\\\/www.jornalja.com.br\\\/wp-content\\\/uploads\\\/cards\\\/JAslogan.png\",\"@id\":\"https:\\\/\\\/www.jornalja.com.br\\\/arquivo\\\/busatto-anuncia-parcelamento-em-junho-justica-manda-prefeitura-pagar-em-dia\\\/#organizationLogo\"},\"image\":{\"@id\":\"https:\\\/\\\/www.jornalja.com.br\\\/arquivo\\\/busatto-anuncia-parcelamento-em-junho-justica-manda-prefeitura-pagar-em-dia\\\/#organizationLogo\"}},{\"@type\":\"Person\",\"@id\":\"https:\\\/\\\/www.jornalja.com.br\\\/arquivo\\\/author\\\/daredacao\\\/#author\",\"url\":\"https:\\\/\\\/www.jornalja.com.br\\\/arquivo\\\/author\\\/daredacao\\\/\",\"name\":\"da Reda\\u00e7\\u00e3o\",\"image\":{\"@type\":\"ImageObject\",\"@id\":\"https:\\\/\\\/www.jornalja.com.br\\\/arquivo\\\/busatto-anuncia-parcelamento-em-junho-justica-manda-prefeitura-pagar-em-dia\\\/#authorImage\",\"url\":\"https:\\\/\\\/secure.gravatar.com\\\/avatar\\\/469fd857d6605ad19919d27ed29d35a968a25f6e8fd9318356bbb7f57aae9c65?s=96&d=mm&r=g\",\"width\":96,\"height\":96,\"caption\":\"da Reda\\u00e7\\u00e3o\"}},{\"@type\":\"WebPage\",\"@id\":\"https:\\\/\\\/www.jornalja.com.br\\\/arquivo\\\/busatto-anuncia-parcelamento-em-junho-justica-manda-prefeitura-pagar-em-dia\\\/#webpage\",\"url\":\"https:\\\/\\\/www.jornalja.com.br\\\/arquivo\\\/busatto-anuncia-parcelamento-em-junho-justica-manda-prefeitura-pagar-em-dia\\\/\",\"name\":\"Busatto anuncia parcelamento em junho, Justi\\u00e7a manda Prefeitura pagar em dia | Arquivo\",\"inLanguage\":\"pt-BR\",\"isPartOf\":{\"@id\":\"https:\\\/\\\/www.jornalja.com.br\\\/arquivo\\\/#website\"},\"breadcrumb\":{\"@id\":\"https:\\\/\\\/www.jornalja.com.br\\\/arquivo\\\/busatto-anuncia-parcelamento-em-junho-justica-manda-prefeitura-pagar-em-dia\\\/#breadcrumblist\"},\"author\":{\"@id\":\"https:\\\/\\\/www.jornalja.com.br\\\/arquivo\\\/author\\\/daredacao\\\/#author\"},\"creator\":{\"@id\":\"https:\\\/\\\/www.jornalja.com.br\\\/arquivo\\\/author\\\/daredacao\\\/#author\"},\"image\":{\"@type\":\"ImageObject\",\"url\":49151,\"@id\":\"https:\\\/\\\/www.jornalja.com.br\\\/arquivo\\\/busatto-anuncia-parcelamento-em-junho-justica-manda-prefeitura-pagar-em-dia\\\/#mainImage\"},\"primaryImageOfPage\":{\"@id\":\"https:\\\/\\\/www.jornalja.com.br\\\/arquivo\\\/busatto-anuncia-parcelamento-em-junho-justica-manda-prefeitura-pagar-em-dia\\\/#mainImage\"},\"datePublished\":\"2017-05-29T17:18:47-03:00\",\"dateModified\":\"2017-05-29T17:18:47-03:00\"},{\"@type\":\"WebSite\",\"@id\":\"https:\\\/\\\/www.jornalja.com.br\\\/arquivo\\\/#website\",\"url\":\"https:\\\/\\\/www.jornalja.com.br\\\/arquivo\\\/\",\"name\":\"Arquivo\",\"description\":\"Jornal J\\u00c1 | Porto Alegre\",\"inLanguage\":\"pt-BR\",\"publisher\":{\"@id\":\"https:\\\/\\\/www.jornalja.com.br\\\/arquivo\\\/#organization\"}}]}\n\t\t<\/script>\n\t\t<!-- All in One SEO -->\n\n","aioseo_head_json":{"title":"Busatto anuncia parcelamento em junho, Justi\u00e7a manda Prefeitura pagar em dia | Arquivo","description":"","canonical_url":"https:\/\/www.jornalja.com.br\/arquivo\/busatto-anuncia-parcelamento-em-junho-justica-manda-prefeitura-pagar-em-dia\/","robots":"max-image-preview:large","keywords":"","webmasterTools":{"miscellaneous":""},"schema":{"@context":"https:\/\/schema.org","@graph":[{"@type":"BlogPosting","@id":"https:\/\/www.jornalja.com.br\/arquivo\/busatto-anuncia-parcelamento-em-junho-justica-manda-prefeitura-pagar-em-dia\/#blogposting","name":"Busatto anuncia parcelamento em junho, Justi\u00e7a manda Prefeitura pagar em dia | Arquivo","headline":"Busatto anuncia parcelamento em junho, Justi\u00e7a manda Prefeitura pagar em dia","author":{"@id":"https:\/\/www.jornalja.com.br\/arquivo\/author\/daredacao\/#author"},"publisher":{"@id":"https:\/\/www.jornalja.com.br\/arquivo\/#organization"},"image":{"@type":"ImageObject","url":49151},"datePublished":"2017-05-29T17:18:47-03:00","dateModified":"2017-05-29T17:18:47-03:00","inLanguage":"pt-BR","mainEntityOfPage":{"@id":"https:\/\/www.jornalja.com.br\/arquivo\/busatto-anuncia-parcelamento-em-junho-justica-manda-prefeitura-pagar-em-dia\/#webpage"},"isPartOf":{"@id":"https:\/\/www.jornalja.com.br\/arquivo\/busatto-anuncia-parcelamento-em-junho-justica-manda-prefeitura-pagar-em-dia\/#webpage"},"articleSection":"Geral"},{"@type":"BreadcrumbList","@id":"https:\/\/www.jornalja.com.br\/arquivo\/busatto-anuncia-parcelamento-em-junho-justica-manda-prefeitura-pagar-em-dia\/#breadcrumblist","itemListElement":[{"@type":"ListItem","@id":"https:\/\/www.jornalja.com.br\/arquivo#listItem","position":1,"name":"Home","item":"https:\/\/www.jornalja.com.br\/arquivo","nextItem":{"@type":"ListItem","@id":"https:\/\/www.jornalja.com.br\/arquivo\/category\/geral\/#listItem","name":"Geral"}},{"@type":"ListItem","@id":"https:\/\/www.jornalja.com.br\/arquivo\/category\/geral\/#listItem","position":2,"name":"Geral","item":"https:\/\/www.jornalja.com.br\/arquivo\/category\/geral\/","nextItem":{"@type":"ListItem","@id":"https:\/\/www.jornalja.com.br\/arquivo\/busatto-anuncia-parcelamento-em-junho-justica-manda-prefeitura-pagar-em-dia\/#listItem","name":"Busatto anuncia parcelamento em junho, Justi\u00e7a manda Prefeitura pagar em dia"},"previousItem":{"@type":"ListItem","@id":"https:\/\/www.jornalja.com.br\/arquivo#listItem","name":"Home"}},{"@type":"ListItem","@id":"https:\/\/www.jornalja.com.br\/arquivo\/busatto-anuncia-parcelamento-em-junho-justica-manda-prefeitura-pagar-em-dia\/#listItem","position":3,"name":"Busatto anuncia parcelamento em junho, Justi\u00e7a manda Prefeitura pagar em dia","previousItem":{"@type":"ListItem","@id":"https:\/\/www.jornalja.com.br\/arquivo\/category\/geral\/#listItem","name":"Geral"}}]},{"@type":"Organization","@id":"https:\/\/www.jornalja.com.br\/arquivo\/#organization","name":"Jornal J\u00c1","description":"Jornal J\u00c1 | Porto Alegre","url":"https:\/\/www.jornalja.com.br\/arquivo\/","telephone":"+555133307272","logo":{"@type":"ImageObject","url":"https:\/\/www.jornalja.com.br\/wp-content\/uploads\/cards\/JAslogan.png","@id":"https:\/\/www.jornalja.com.br\/arquivo\/busatto-anuncia-parcelamento-em-junho-justica-manda-prefeitura-pagar-em-dia\/#organizationLogo"},"image":{"@id":"https:\/\/www.jornalja.com.br\/arquivo\/busatto-anuncia-parcelamento-em-junho-justica-manda-prefeitura-pagar-em-dia\/#organizationLogo"}},{"@type":"Person","@id":"https:\/\/www.jornalja.com.br\/arquivo\/author\/daredacao\/#author","url":"https:\/\/www.jornalja.com.br\/arquivo\/author\/daredacao\/","name":"da Reda\u00e7\u00e3o","image":{"@type":"ImageObject","@id":"https:\/\/www.jornalja.com.br\/arquivo\/busatto-anuncia-parcelamento-em-junho-justica-manda-prefeitura-pagar-em-dia\/#authorImage","url":"https:\/\/secure.gravatar.com\/avatar\/469fd857d6605ad19919d27ed29d35a968a25f6e8fd9318356bbb7f57aae9c65?s=96&d=mm&r=g","width":96,"height":96,"caption":"da Reda\u00e7\u00e3o"}},{"@type":"WebPage","@id":"https:\/\/www.jornalja.com.br\/arquivo\/busatto-anuncia-parcelamento-em-junho-justica-manda-prefeitura-pagar-em-dia\/#webpage","url":"https:\/\/www.jornalja.com.br\/arquivo\/busatto-anuncia-parcelamento-em-junho-justica-manda-prefeitura-pagar-em-dia\/","name":"Busatto anuncia parcelamento em junho, Justi\u00e7a manda Prefeitura pagar em dia | Arquivo","inLanguage":"pt-BR","isPartOf":{"@id":"https:\/\/www.jornalja.com.br\/arquivo\/#website"},"breadcrumb":{"@id":"https:\/\/www.jornalja.com.br\/arquivo\/busatto-anuncia-parcelamento-em-junho-justica-manda-prefeitura-pagar-em-dia\/#breadcrumblist"},"author":{"@id":"https:\/\/www.jornalja.com.br\/arquivo\/author\/daredacao\/#author"},"creator":{"@id":"https:\/\/www.jornalja.com.br\/arquivo\/author\/daredacao\/#author"},"image":{"@type":"ImageObject","url":49151,"@id":"https:\/\/www.jornalja.com.br\/arquivo\/busatto-anuncia-parcelamento-em-junho-justica-manda-prefeitura-pagar-em-dia\/#mainImage"},"primaryImageOfPage":{"@id":"https:\/\/www.jornalja.com.br\/arquivo\/busatto-anuncia-parcelamento-em-junho-justica-manda-prefeitura-pagar-em-dia\/#mainImage"},"datePublished":"2017-05-29T17:18:47-03:00","dateModified":"2017-05-29T17:18:47-03:00"},{"@type":"WebSite","@id":"https:\/\/www.jornalja.com.br\/arquivo\/#website","url":"https:\/\/www.jornalja.com.br\/arquivo\/","name":"Arquivo","description":"Jornal J\u00c1 | Porto Alegre","inLanguage":"pt-BR","publisher":{"@id":"https:\/\/www.jornalja.com.br\/arquivo\/#organization"}}]},"og:locale":"pt_BR","og:site_name":"Arquivo | Jornal J\u00c1 | Porto Alegre","og:type":"article","og:title":"Busatto anuncia parcelamento em junho, Justi\u00e7a manda Prefeitura pagar em dia | Arquivo","og:url":"https:\/\/www.jornalja.com.br\/arquivo\/busatto-anuncia-parcelamento-em-junho-justica-manda-prefeitura-pagar-em-dia\/","og:image":"https:\/\/www.jornalja.com.br\/economics\/wp-content\/uploads\/sites\/11\/2026\/08\/ja-folhaderosto-facebook.jpg","og:image:secure_url":"https:\/\/www.jornalja.com.br\/economics\/wp-content\/uploads\/sites\/11\/2026\/08\/ja-folhaderosto-facebook.jpg","article:published_time":"2017-05-29T20:18:47+00:00","article:modified_time":"2017-05-29T20:18:47+00:00","twitter:card":"summary","twitter:title":"Busatto anuncia parcelamento em junho, Justi\u00e7a manda Prefeitura pagar em dia | Arquivo","twitter:image":"https:\/\/www.jornalja.com.br\/economics\/wp-content\/uploads\/sites\/11\/2026\/08\/ja-folhaderosto-facebook.jpg"},"aioseo_meta_data":{"post_id":"49143","title":null,"description":null,"keywords":null,"keyphrases":null,"primary_term":null,"canonical_url":null,"og_title":null,"og_description":null,"og_object_type":"default","og_image_type":"default","og_image_url":null,"og_image_width":null,"og_image_height":null,"og_image_custom_url":null,"og_image_custom_fields":null,"og_video":null,"og_custom_url":null,"og_article_section":null,"og_article_tags":null,"twitter_use_og":false,"twitter_card":"default","twitter_image_type":"default","twitter_image_url":null,"twitter_image_custom_url":null,"twitter_image_custom_fields":null,"twitter_title":null,"twitter_description":null,"schema":{"blockGraphs":[],"customGraphs":[],"default":{"data":{"Article":[],"Course":[],"Dataset":[],"FAQPage":[],"Movie":[],"Person":[],"Product":[],"ProductReview":[],"Car":[],"Recipe":[],"Service":[],"SoftwareApplication":[],"WebPage":[]},"graphName":"","isEnabled":true},"graphs":[],"defaultGraph":"","defaultPostTypeGraph":""},"schema_type":null,"schema_type_options":null,"pillar_content":false,"robots_default":true,"robots_noindex":false,"robots_noarchive":false,"robots_nosnippet":false,"robots_nofollow":false,"robots_noimageindex":false,"robots_noodp":false,"robots_notranslate":false,"robots_max_snippet":null,"robots_max_videopreview":null,"robots_max_imagepreview":"large","priority":null,"frequency":null,"location":null,"local_seo":null,"breadcrumb_settings":null,"limit_modified_date":false,"ai":null,"created":"2020-12-20 20:32:48","updated":"2025-07-19 21:49:56","seo_analyzer_scan_date":null,"focus_keyword":null,"additional_keywords":null,"truseo_locale":null},"jetpack_sharing_enabled":true,"jetpack-related-posts":[{"id":5440,"url":"https:\/\/www.jornalja.com.br\/arquivo\/casarao-da-venancio-destino-permanece-incerto\/","url_meta":{"origin":49143,"position":0},"title":"Estado ainda n\u00e3o sabe o que fazer com casar\u00e3o abandonado h\u00e1 20 anos","author":"Elmar Bones","date":"6 de julho de 2009","format":false,"excerpt":"O casar\u00e3o amarelo, numa esquina nobre de Porto Alegre (Ven\u00e2ncio Aires com Jo\u00e3o Pessoa), j\u00e1 abrigou uma escola. H\u00e1 duas d\u00e9cadas, pelo menos, est\u00e1 abandonado, porque seu propriet\u00e1rio, o governo do Estado do Rio Grande do Sul, n\u00e3o consegue achar um destino para ele. Planos n\u00e3o faltaram. O governador Ol\u00edvio\u2026","rel":"","context":"Em &quot;X.Categorias velhas&quot;","block_context":{"text":"X.Categorias velhas","link":"https:\/\/www.jornalja.com.br\/arquivo\/category\/x-categorias-velhas\/"},"img":{"alt_text":"geraldo1","src":"https:\/\/i0.wp.com\/www.jornalja.com.br\/wp-content\/uploads\/2009\/07\/geraldo1.jpg?resize=350%2C200&ssl=1","width":350,"height":200},"classes":[]},{"id":13240,"url":"https:\/\/www.jornalja.com.br\/arquivo\/plano-diretor-estamos-construindo-o-caos\/","url_meta":{"origin":49143,"position":1},"title":"Plano diretor: &quot;Estamos construindo o caos&quot;","author":"Patr\u00edcia Marini","date":"26 de maio de 2014","format":false,"excerpt":"Desabafo que arquiteta Eliana Castilhos, delegada da Regi\u00e3o de Planejamento 1, postou nas redes sociais \u00e9 um testemunho do ambiente que se criou no Conselho do Plano Diretor de Porto Alegre, onde a aprova\u00e7\u00e3o de grandes empreendimentos \u00e9 empurrada guela abaixo dos conselheiros. Ao CMDUA Como delegada da Regi\u00e3o de\u2026","rel":"","context":"Em &quot;Geral&quot;","block_context":{"text":"Geral","link":"https:\/\/www.jornalja.com.br\/arquivo\/category\/geral\/"},"img":{"alt_text":"","src":"","width":0,"height":0},"classes":[]},{"id":14241,"url":"https:\/\/www.jornalja.com.br\/arquivo\/o-guaiba-nas-imagens-poeticas-de-achutti\/","url_meta":{"origin":49143,"position":2},"title":"O Gua\u00edba nas imagens po\u00e9ticas de Achutti","author":"da Reda\u00e7\u00e3o","date":"18 de junho de 2014","format":false,"excerpt":"Em \u201cO Gua\u00edba por Achutti\u201d \u2013 obra financiada via Minist\u00e9rio da Cultura, produ\u00e7\u00e3o executiva de Pedro Longhi, e Fl\u00e1vio Wild como designer \u2013, o fot\u00f3grafo revela a beleza e as mazelas de um espa\u00e7o aqu\u00e1tico de \u00e1guas sempre renovadas, cheio de hist\u00f3rias e lendas como as das cidades que foram\u2026","rel":"","context":"Em &quot;Cultura-Geral&quot;","block_context":{"text":"Cultura-Geral","link":"https:\/\/www.jornalja.com.br\/arquivo\/category\/materiasecundaria\/"},"img":{"alt_text":"","src":"","width":0,"height":0},"classes":[]},{"id":13101,"url":"https:\/\/www.jornalja.com.br\/arquivo\/morre-um-guerreiro-do-texto\/","url_meta":{"origin":49143,"position":3},"title":"Morre um guerreiro do texto","author":"Patr\u00edcia Marini","date":"14 de maio de 2014","format":false,"excerpt":"Por Ricardo Kotscho Reproduzido do blog do autor, 11\/5\/2014; t\u00edtulo original \u201cE l\u00e1 se foi o nosso Myltainho, guerreiro do texto\u201d. Mi\u00fado e franzino, meu amigo Myltainho era um valente e inconformado guerreiro na luta contra as injusti\u00e7as sociais, a hipocrisia, as maracutaias, o autoritarismo, a intoler\u00e2ncia, a viol\u00eancia, o\u2026","rel":"","context":"Em &quot;Geral&quot;","block_context":{"text":"Geral","link":"https:\/\/www.jornalja.com.br\/arquivo\/category\/geral\/"},"img":{"alt_text":"","src":"","width":0,"height":0},"classes":[]},{"id":13124,"url":"https:\/\/www.jornalja.com.br\/arquivo\/sangue-latino-no-iecine\/","url_meta":{"origin":49143,"position":4},"title":"Sangue latino no IECINE","author":"da Reda\u00e7\u00e3o","date":"18 de maio de 2014","format":false,"excerpt":"Francisco Ribeiro O Instituto Estadual de Cinema (IECINE) tem a frente, desde abril \u00faltimo, um novo diretor, o cineasta colombiano Juan Zapata, 36, que substitui Luiz Alberto Cassol. Radicado h\u00e1 dez anos em Porto Alegre, Zapata tem diante de si o desafio de conduzir at\u00e9 o final do ano um\u2026","rel":"","context":"Em &quot;Cultura-Geral&quot;","block_context":{"text":"Cultura-Geral","link":"https:\/\/www.jornalja.com.br\/arquivo\/category\/materiasecundaria\/"},"img":{"alt_text":"","src":"","width":0,"height":0},"classes":[]}],"jetpack_shortlink":"https:\/\/wp.me\/pbQjBd-cMD","jetpack_featured_media_url":"","_links":{"self":[{"href":"https:\/\/www.jornalja.com.br\/arquivo\/wp-json\/wp\/v2\/posts\/49143","targetHints":{"allow":["GET"]}}],"collection":[{"href":"https:\/\/www.jornalja.com.br\/arquivo\/wp-json\/wp\/v2\/posts"}],"about":[{"href":"https:\/\/www.jornalja.com.br\/arquivo\/wp-json\/wp\/v2\/types\/post"}],"author":[{"embeddable":true,"href":"https:\/\/www.jornalja.com.br\/arquivo\/wp-json\/wp\/v2\/users\/4"}],"replies":[{"embeddable":true,"href":"https:\/\/www.jornalja.com.br\/arquivo\/wp-json\/wp\/v2\/comments?post=49143"}],"version-history":[{"count":0,"href":"https:\/\/www.jornalja.com.br\/arquivo\/wp-json\/wp\/v2\/posts\/49143\/revisions"}],"wp:attachment":[{"href":"https:\/\/www.jornalja.com.br\/arquivo\/wp-json\/wp\/v2\/media?parent=49143"}],"wp:term":[{"taxonomy":"category","embeddable":true,"href":"https:\/\/www.jornalja.com.br\/arquivo\/wp-json\/wp\/v2\/categories?post=49143"},{"taxonomy":"post_tag","embeddable":true,"href":"https:\/\/www.jornalja.com.br\/arquivo\/wp-json\/wp\/v2\/tags?post=49143"}],"curies":[{"name":"wp","href":"https:\/\/api.w.org\/{rel}","templated":true}]}}