{"id":49174,"date":"2017-05-29T19:39:44","date_gmt":"2017-05-29T22:39:44","guid":{"rendered":"https:\/\/www.jornalja.com.br\/?p=49174"},"modified":"2017-05-29T19:39:44","modified_gmt":"2017-05-29T22:39:44","slug":"ruas-protocola-projeto-que-proibe-incentivos-a-doadores-de-campanha","status":"publish","type":"post","link":"https:\/\/www.jornalja.com.br\/arquivo\/ruas-protocola-projeto-que-proibe-incentivos-a-doadores-de-campanha\/","title":{"rendered":"Ruas protocola projeto que proibe incentivos a doadores de campanha"},"content":{"rendered":"<p>O deputado Pedro Ruas protocolou nesta segunda-feira (29) projeto de lei proibindo a concess\u00e3o de incentivos, subs\u00eddios, subven\u00e7\u00f5es, doa\u00e7\u00f5es ou empr\u00e9stimos de entidades ou \u00f3rg\u00e3os p\u00fablicos a empresas cujos s\u00f3cios controladores, ou com participa\u00e7\u00e3o societ\u00e1ria acima de 10% (dez por cento) do capital social, tenham realizado doa\u00e7\u00f5es financeiras a candidatos, coliga\u00e7\u00f5es ou partidos no Estado do Rio Grande do Sul.<br \/>\nNa justificativa, o l\u00edder do Psol destaca que &#8220;O presente Projeto de Lei visa combater a influ\u00eancia do poder econ\u00f4mico nas decis\u00f5es pol\u00edticas ou de gest\u00e3o, sendo um importante instrumento no combate \u00e0 corrup\u00e7\u00e3o. N\u00e3o faltam exemplos na hist\u00f3ria recente do Pa\u00eds ou do Estado, onde empres\u00e1rios recebem favorecimentos do Poder P\u00fablico ap\u00f3s doa\u00e7\u00f5es de campanhas&#8221;. Ele destaca dois casos emblem\u00e1ticos: o de L\u00edrio Parisotto, um bilion\u00e1rio que recebeu R$ 380 milh\u00f5es, e da JBS Aves, que recebeu inventivos em 2016, e que um dos delatores da Lava Jato informou terem sido concedidos recursos \u00e0 campanha do governador Sartori. \u201cTemos que cortar o mal pela raiz\u201d, aponta Ruas.<br \/>\nRuas vem cobrando de forma sistem\u00e1tica a necessidade de transpar\u00eancia em rela\u00e7\u00e3o \u00e0s isen\u00e7\u00f5es fiscais que s\u00e3o concedidas pelo governo. O parlamentar n\u00e3o \u00e9 favor\u00e1vel \u00e0s ren\u00fancias fiscais pois, na sua avalia\u00e7\u00e3o, a sociedade em geral \u00e9 que sai prejudicada com o n\u00e3o recolhimento de recursos necess\u00e1rios a setores fundamentais como sa\u00fade, educa\u00e7\u00e3o e seguran\u00e7a p\u00fablica. \u201cPode haver diferen\u00e7as de tributos, dependendo dos setores como os da alimenta\u00e7\u00e3o, por exemplo, mas a forma indiscriminada como s\u00e3o concedidas, essas isen\u00e7\u00f5es prejudicam a sociedade em geral\u201d, afirma.<br \/>\nC\u00d3PIA DO Projeto de Lei<br \/>\nVeda a concess\u00e3o de incentivos, subs\u00eddios, subven\u00e7\u00f5es, doa\u00e7\u00f5es ou empr\u00e9stimos de entidades ou \u00f3rg\u00e3os p\u00fablicos a empresas cujos s\u00f3cios controladores, ou com participa\u00e7\u00e3o societ\u00e1ria acima de 10% (dez por cento) do capital social, tenham realizado doa\u00e7\u00f5es financeiras a candidatos, coliga\u00e7\u00f5es ou partidos no Estado do Rio Grande do Sul.<br \/>\nArt. 1\u00b0 Fica vedada aos Poderes e \u00f3rg\u00e3os do Estado do Rio Grande do Sul a destina\u00e7\u00e3o de incentivos, subs\u00eddios, subven\u00e7\u00f5es, doa\u00e7\u00f5es ou empr\u00e9stimos de entidades ou \u00f3rg\u00e3os p\u00fablicos a empresas e s\u00f3cios controladores, com participa\u00e7\u00e3o societ\u00e1ria acima de 10% (dez por cento) do capital social, que tenham realizado doa\u00e7\u00f5es financeiras a candidatos ou partidos, eleitos ou n\u00e3o, pelo prazo de 05 (cinco) anos, a contar da data da efetiva doa\u00e7\u00e3o.<br \/>\nPar\u00e1grafo \u00fanico. A veda\u00e7\u00e3o contida no <em>caput<\/em> deste artigo, pelo prazo de 05 (cinco) anos, a contar da efetiva doa\u00e7\u00e3o, aplica-se tamb\u00e9m a:<br \/>\nI \u2013 pessoas jur\u00eddicas oriundas de fus\u00e3o, incorpora\u00e7\u00e3o ou cis\u00e3o, das quais fa\u00e7am parte pessoas jur\u00eddicas que tenham efetivado doa\u00e7\u00f5es eleitorais;<br \/>\nII \u2013 empresas subsidi\u00e1rias, controladoras e\/ou integrantes de um mesmo conglomerado das personalidades jur\u00eddicas doadoras eleitorais<br \/>\nArt. 2\u00b0 Esta Lei entra em vigor na data de sua publica\u00e7\u00e3o.<br \/>\nSala das Sess\u00f5es,<br \/>\nDeputado(a) Pedro Ruas<br \/>\n<strong>JUSTIFICATIVA<\/strong><br \/>\nO presente Projeto de Lei visa combater a influ\u00eancia do poder econ\u00f4mico nas decis\u00f5es pol\u00edticas ou de gest\u00e3o, sendo um importante instrumento no combate \u00e0 corrup\u00e7\u00e3o. N\u00e3o faltam exemplos na hist\u00f3ria recente do Pa\u00eds ou do Estado, onde empres\u00e1rios recebem favorecimentos do Poder P\u00fablico ap\u00f3s doa\u00e7\u00f5es de campanhas.<br \/>\nVedar o recebimento de incentivos, subs\u00eddios, subven\u00e7\u00f5es, doa\u00e7\u00f5es ou empr\u00e9stimos de \u00f3rg\u00e3os ou entidades p\u00fablicas a empresas e s\u00f3cios controladores, ou com participa\u00e7\u00e3o societ\u00e1ria, que tenham efetivado doa\u00e7\u00f5es financeiras a candidatos, coliga\u00e7\u00f5es ou partidos, eleitos ou n\u00e3o, serve ainda como instrumento para reduzir o conflito de interesses entre o p\u00fablico e o privado.<br \/>\nEssa pr\u00e1tica, conhecida popularmente como \u201ca\u00e7\u00e3o entre amigos\u201d, acaba destinando montante consider\u00e1vel de verba p\u00fablica sem crit\u00e9rios, comprometendo investimentos em \u00e1reas como Educa\u00e7\u00e3o, Sa\u00fade e Seguran\u00e7a P\u00fablica.<br \/>\nA aprova\u00e7\u00e3o do presente Projeto de Lei evita principalmente a utiliza\u00e7\u00e3o da pr\u00e1tica da propina dissimulada em doa\u00e7\u00f5es oficiais. Sendo assim, solicito o apoio dos pares para a aprova\u00e7\u00e3o do projeto em quest\u00e3o.<\/p>\n","protected":false},"excerpt":{"rendered":"<p>O deputado Pedro Ruas protocolou nesta segunda-feira (29) projeto de lei proibindo a concess\u00e3o de incentivos, subs\u00eddios, subven\u00e7\u00f5es, doa\u00e7\u00f5es ou empr\u00e9stimos de entidades ou \u00f3rg\u00e3os p\u00fablicos a empresas cujos s\u00f3cios controladores, ou com participa\u00e7\u00e3o societ\u00e1ria acima de 10% (dez por cento) do capital social, tenham realizado doa\u00e7\u00f5es financeiras a candidatos, coliga\u00e7\u00f5es ou partidos no Estado [&hellip;]<\/p>\n","protected":false},"author":4,"featured_media":49177,"comment_status":"open","ping_status":"closed","sticky":false,"template":"","format":"standard","meta":{"_jetpack_newsletter_access":"","_jetpack_dont_email_post_to_subs":false,"_jetpack_newsletter_tier_id":0,"_jetpack_memberships_contains_paywalled_content":false,"_jetpack_feature_clip_id":0,"_jetpack_memberships_contains_paid_content":false,"footnotes":"","jetpack_post_was_ever_published":false},"categories":[26],"tags":[],"class_list":["post-49174","post","type-post","status-publish","format-standard","has-post-thumbnail","hentry","category-geral"],"aioseo_notices":[],"aioseo_head":"\n\t\t<!-- All in One SEO 5.0.1.1 - aioseo.com -->\n\t<meta name=\"robots\" content=\"max-image-preview:large\" \/>\n\t<meta name=\"author\" content=\"da Reda\u00e7\u00e3o\"\/>\n\t<link rel=\"canonical\" href=\"https:\/\/www.jornalja.com.br\/arquivo\/ruas-protocola-projeto-que-proibe-incentivos-a-doadores-de-campanha\/\" \/>\n\t<meta name=\"generator\" content=\"All in One SEO (AIOSEO) 5.0.1.1\" \/>\n\t\t<meta property=\"og:locale\" content=\"pt_BR\" \/>\n\t\t<meta property=\"og:site_name\" content=\"Arquivo | Jornal J\u00c1 | Porto Alegre\" \/>\n\t\t<meta property=\"og:type\" content=\"article\" \/>\n\t\t<meta property=\"og:title\" content=\"Ruas protocola projeto que proibe incentivos a doadores de campanha | Arquivo\" \/>\n\t\t<meta property=\"og:url\" content=\"https:\/\/www.jornalja.com.br\/arquivo\/ruas-protocola-projeto-que-proibe-incentivos-a-doadores-de-campanha\/\" \/>\n\t\t<meta property=\"og:image\" content=\"https:\/\/www.jornalja.com.br\/economics\/wp-content\/uploads\/sites\/11\/2026\/08\/ja-folhaderosto-facebook.jpg\" \/>\n\t\t<meta property=\"og:image:secure_url\" content=\"https:\/\/www.jornalja.com.br\/economics\/wp-content\/uploads\/sites\/11\/2026\/08\/ja-folhaderosto-facebook.jpg\" \/>\n\t\t<meta property=\"article:published_time\" content=\"2017-05-29T22:39:44+00:00\" \/>\n\t\t<meta property=\"article:modified_time\" content=\"2017-05-29T22:39:44+00:00\" \/>\n\t\t<meta name=\"twitter:card\" content=\"summary\" \/>\n\t\t<meta name=\"twitter:title\" content=\"Ruas protocola projeto que proibe incentivos a doadores de campanha | Arquivo\" \/>\n\t\t<meta name=\"twitter:image\" content=\"https:\/\/www.jornalja.com.br\/economics\/wp-content\/uploads\/sites\/11\/2026\/08\/ja-folhaderosto-facebook.jpg\" \/>\n\t\t<script type=\"application\/ld+json\" class=\"aioseo-schema\">\n\t\t\t{\"@context\":\"https:\\\/\\\/schema.org\",\"@graph\":[{\"@type\":\"BlogPosting\",\"@id\":\"https:\\\/\\\/www.jornalja.com.br\\\/arquivo\\\/ruas-protocola-projeto-que-proibe-incentivos-a-doadores-de-campanha\\\/#blogposting\",\"name\":\"Ruas protocola projeto que proibe incentivos a doadores de campanha | Arquivo\",\"headline\":\"Ruas protocola projeto que proibe incentivos a doadores de campanha\",\"author\":{\"@id\":\"https:\\\/\\\/www.jornalja.com.br\\\/arquivo\\\/author\\\/daredacao\\\/#author\"},\"publisher\":{\"@id\":\"https:\\\/\\\/www.jornalja.com.br\\\/arquivo\\\/#organization\"},\"image\":{\"@type\":\"ImageObject\",\"url\":49177},\"datePublished\":\"2017-05-29T19:39:44-03:00\",\"dateModified\":\"2017-05-29T19:39:44-03:00\",\"inLanguage\":\"pt-BR\",\"mainEntityOfPage\":{\"@id\":\"https:\\\/\\\/www.jornalja.com.br\\\/arquivo\\\/ruas-protocola-projeto-que-proibe-incentivos-a-doadores-de-campanha\\\/#webpage\"},\"isPartOf\":{\"@id\":\"https:\\\/\\\/www.jornalja.com.br\\\/arquivo\\\/ruas-protocola-projeto-que-proibe-incentivos-a-doadores-de-campanha\\\/#webpage\"},\"articleSection\":\"Geral\"},{\"@type\":\"BreadcrumbList\",\"@id\":\"https:\\\/\\\/www.jornalja.com.br\\\/arquivo\\\/ruas-protocola-projeto-que-proibe-incentivos-a-doadores-de-campanha\\\/#breadcrumblist\",\"itemListElement\":[{\"@type\":\"ListItem\",\"@id\":\"https:\\\/\\\/www.jornalja.com.br\\\/arquivo#listItem\",\"position\":1,\"name\":\"Home\",\"item\":\"https:\\\/\\\/www.jornalja.com.br\\\/arquivo\",\"nextItem\":{\"@type\":\"ListItem\",\"@id\":\"https:\\\/\\\/www.jornalja.com.br\\\/arquivo\\\/category\\\/geral\\\/#listItem\",\"name\":\"Geral\"}},{\"@type\":\"ListItem\",\"@id\":\"https:\\\/\\\/www.jornalja.com.br\\\/arquivo\\\/category\\\/geral\\\/#listItem\",\"position\":2,\"name\":\"Geral\",\"item\":\"https:\\\/\\\/www.jornalja.com.br\\\/arquivo\\\/category\\\/geral\\\/\",\"nextItem\":{\"@type\":\"ListItem\",\"@id\":\"https:\\\/\\\/www.jornalja.com.br\\\/arquivo\\\/ruas-protocola-projeto-que-proibe-incentivos-a-doadores-de-campanha\\\/#listItem\",\"name\":\"Ruas protocola projeto que proibe incentivos a doadores de campanha\"},\"previousItem\":{\"@type\":\"ListItem\",\"@id\":\"https:\\\/\\\/www.jornalja.com.br\\\/arquivo#listItem\",\"name\":\"Home\"}},{\"@type\":\"ListItem\",\"@id\":\"https:\\\/\\\/www.jornalja.com.br\\\/arquivo\\\/ruas-protocola-projeto-que-proibe-incentivos-a-doadores-de-campanha\\\/#listItem\",\"position\":3,\"name\":\"Ruas protocola projeto que proibe incentivos a doadores de campanha\",\"previousItem\":{\"@type\":\"ListItem\",\"@id\":\"https:\\\/\\\/www.jornalja.com.br\\\/arquivo\\\/category\\\/geral\\\/#listItem\",\"name\":\"Geral\"}}]},{\"@type\":\"Organization\",\"@id\":\"https:\\\/\\\/www.jornalja.com.br\\\/arquivo\\\/#organization\",\"name\":\"Jornal J\\u00c1\",\"description\":\"Jornal J\\u00c1 | Porto Alegre\",\"url\":\"https:\\\/\\\/www.jornalja.com.br\\\/arquivo\\\/\",\"telephone\":\"+555133307272\",\"logo\":{\"@type\":\"ImageObject\",\"url\":\"https:\\\/\\\/www.jornalja.com.br\\\/wp-content\\\/uploads\\\/cards\\\/JAslogan.png\",\"@id\":\"https:\\\/\\\/www.jornalja.com.br\\\/arquivo\\\/ruas-protocola-projeto-que-proibe-incentivos-a-doadores-de-campanha\\\/#organizationLogo\"},\"image\":{\"@id\":\"https:\\\/\\\/www.jornalja.com.br\\\/arquivo\\\/ruas-protocola-projeto-que-proibe-incentivos-a-doadores-de-campanha\\\/#organizationLogo\"}},{\"@type\":\"Person\",\"@id\":\"https:\\\/\\\/www.jornalja.com.br\\\/arquivo\\\/author\\\/daredacao\\\/#author\",\"url\":\"https:\\\/\\\/www.jornalja.com.br\\\/arquivo\\\/author\\\/daredacao\\\/\",\"name\":\"da Reda\\u00e7\\u00e3o\",\"image\":{\"@type\":\"ImageObject\",\"@id\":\"https:\\\/\\\/www.jornalja.com.br\\\/arquivo\\\/ruas-protocola-projeto-que-proibe-incentivos-a-doadores-de-campanha\\\/#authorImage\",\"url\":\"https:\\\/\\\/secure.gravatar.com\\\/avatar\\\/469fd857d6605ad19919d27ed29d35a968a25f6e8fd9318356bbb7f57aae9c65?s=96&d=mm&r=g\",\"width\":96,\"height\":96,\"caption\":\"da Reda\\u00e7\\u00e3o\"}},{\"@type\":\"WebPage\",\"@id\":\"https:\\\/\\\/www.jornalja.com.br\\\/arquivo\\\/ruas-protocola-projeto-que-proibe-incentivos-a-doadores-de-campanha\\\/#webpage\",\"url\":\"https:\\\/\\\/www.jornalja.com.br\\\/arquivo\\\/ruas-protocola-projeto-que-proibe-incentivos-a-doadores-de-campanha\\\/\",\"name\":\"Ruas protocola projeto que proibe incentivos a doadores de campanha | Arquivo\",\"inLanguage\":\"pt-BR\",\"isPartOf\":{\"@id\":\"https:\\\/\\\/www.jornalja.com.br\\\/arquivo\\\/#website\"},\"breadcrumb\":{\"@id\":\"https:\\\/\\\/www.jornalja.com.br\\\/arquivo\\\/ruas-protocola-projeto-que-proibe-incentivos-a-doadores-de-campanha\\\/#breadcrumblist\"},\"author\":{\"@id\":\"https:\\\/\\\/www.jornalja.com.br\\\/arquivo\\\/author\\\/daredacao\\\/#author\"},\"creator\":{\"@id\":\"https:\\\/\\\/www.jornalja.com.br\\\/arquivo\\\/author\\\/daredacao\\\/#author\"},\"image\":{\"@type\":\"ImageObject\",\"url\":49177,\"@id\":\"https:\\\/\\\/www.jornalja.com.br\\\/arquivo\\\/ruas-protocola-projeto-que-proibe-incentivos-a-doadores-de-campanha\\\/#mainImage\"},\"primaryImageOfPage\":{\"@id\":\"https:\\\/\\\/www.jornalja.com.br\\\/arquivo\\\/ruas-protocola-projeto-que-proibe-incentivos-a-doadores-de-campanha\\\/#mainImage\"},\"datePublished\":\"2017-05-29T19:39:44-03:00\",\"dateModified\":\"2017-05-29T19:39:44-03:00\"},{\"@type\":\"WebSite\",\"@id\":\"https:\\\/\\\/www.jornalja.com.br\\\/arquivo\\\/#website\",\"url\":\"https:\\\/\\\/www.jornalja.com.br\\\/arquivo\\\/\",\"name\":\"Arquivo\",\"description\":\"Jornal J\\u00c1 | Porto Alegre\",\"inLanguage\":\"pt-BR\",\"publisher\":{\"@id\":\"https:\\\/\\\/www.jornalja.com.br\\\/arquivo\\\/#organization\"}}]}\n\t\t<\/script>\n\t\t<!-- All in One SEO -->\n\n","aioseo_head_json":{"title":"Ruas protocola projeto que proibe incentivos a doadores de campanha | Arquivo","description":"","canonical_url":"https:\/\/www.jornalja.com.br\/arquivo\/ruas-protocola-projeto-que-proibe-incentivos-a-doadores-de-campanha\/","robots":"max-image-preview:large","keywords":"","webmasterTools":{"miscellaneous":""},"schema":{"@context":"https:\/\/schema.org","@graph":[{"@type":"BlogPosting","@id":"https:\/\/www.jornalja.com.br\/arquivo\/ruas-protocola-projeto-que-proibe-incentivos-a-doadores-de-campanha\/#blogposting","name":"Ruas protocola projeto que proibe incentivos a doadores de campanha | Arquivo","headline":"Ruas protocola projeto que proibe incentivos a doadores de campanha","author":{"@id":"https:\/\/www.jornalja.com.br\/arquivo\/author\/daredacao\/#author"},"publisher":{"@id":"https:\/\/www.jornalja.com.br\/arquivo\/#organization"},"image":{"@type":"ImageObject","url":49177},"datePublished":"2017-05-29T19:39:44-03:00","dateModified":"2017-05-29T19:39:44-03:00","inLanguage":"pt-BR","mainEntityOfPage":{"@id":"https:\/\/www.jornalja.com.br\/arquivo\/ruas-protocola-projeto-que-proibe-incentivos-a-doadores-de-campanha\/#webpage"},"isPartOf":{"@id":"https:\/\/www.jornalja.com.br\/arquivo\/ruas-protocola-projeto-que-proibe-incentivos-a-doadores-de-campanha\/#webpage"},"articleSection":"Geral"},{"@type":"BreadcrumbList","@id":"https:\/\/www.jornalja.com.br\/arquivo\/ruas-protocola-projeto-que-proibe-incentivos-a-doadores-de-campanha\/#breadcrumblist","itemListElement":[{"@type":"ListItem","@id":"https:\/\/www.jornalja.com.br\/arquivo#listItem","position":1,"name":"Home","item":"https:\/\/www.jornalja.com.br\/arquivo","nextItem":{"@type":"ListItem","@id":"https:\/\/www.jornalja.com.br\/arquivo\/category\/geral\/#listItem","name":"Geral"}},{"@type":"ListItem","@id":"https:\/\/www.jornalja.com.br\/arquivo\/category\/geral\/#listItem","position":2,"name":"Geral","item":"https:\/\/www.jornalja.com.br\/arquivo\/category\/geral\/","nextItem":{"@type":"ListItem","@id":"https:\/\/www.jornalja.com.br\/arquivo\/ruas-protocola-projeto-que-proibe-incentivos-a-doadores-de-campanha\/#listItem","name":"Ruas protocola projeto que proibe incentivos a doadores de campanha"},"previousItem":{"@type":"ListItem","@id":"https:\/\/www.jornalja.com.br\/arquivo#listItem","name":"Home"}},{"@type":"ListItem","@id":"https:\/\/www.jornalja.com.br\/arquivo\/ruas-protocola-projeto-que-proibe-incentivos-a-doadores-de-campanha\/#listItem","position":3,"name":"Ruas protocola projeto que proibe incentivos a doadores de campanha","previousItem":{"@type":"ListItem","@id":"https:\/\/www.jornalja.com.br\/arquivo\/category\/geral\/#listItem","name":"Geral"}}]},{"@type":"Organization","@id":"https:\/\/www.jornalja.com.br\/arquivo\/#organization","name":"Jornal J\u00c1","description":"Jornal J\u00c1 | Porto Alegre","url":"https:\/\/www.jornalja.com.br\/arquivo\/","telephone":"+555133307272","logo":{"@type":"ImageObject","url":"https:\/\/www.jornalja.com.br\/wp-content\/uploads\/cards\/JAslogan.png","@id":"https:\/\/www.jornalja.com.br\/arquivo\/ruas-protocola-projeto-que-proibe-incentivos-a-doadores-de-campanha\/#organizationLogo"},"image":{"@id":"https:\/\/www.jornalja.com.br\/arquivo\/ruas-protocola-projeto-que-proibe-incentivos-a-doadores-de-campanha\/#organizationLogo"}},{"@type":"Person","@id":"https:\/\/www.jornalja.com.br\/arquivo\/author\/daredacao\/#author","url":"https:\/\/www.jornalja.com.br\/arquivo\/author\/daredacao\/","name":"da Reda\u00e7\u00e3o","image":{"@type":"ImageObject","@id":"https:\/\/www.jornalja.com.br\/arquivo\/ruas-protocola-projeto-que-proibe-incentivos-a-doadores-de-campanha\/#authorImage","url":"https:\/\/secure.gravatar.com\/avatar\/469fd857d6605ad19919d27ed29d35a968a25f6e8fd9318356bbb7f57aae9c65?s=96&d=mm&r=g","width":96,"height":96,"caption":"da Reda\u00e7\u00e3o"}},{"@type":"WebPage","@id":"https:\/\/www.jornalja.com.br\/arquivo\/ruas-protocola-projeto-que-proibe-incentivos-a-doadores-de-campanha\/#webpage","url":"https:\/\/www.jornalja.com.br\/arquivo\/ruas-protocola-projeto-que-proibe-incentivos-a-doadores-de-campanha\/","name":"Ruas protocola projeto que proibe incentivos a doadores de campanha | Arquivo","inLanguage":"pt-BR","isPartOf":{"@id":"https:\/\/www.jornalja.com.br\/arquivo\/#website"},"breadcrumb":{"@id":"https:\/\/www.jornalja.com.br\/arquivo\/ruas-protocola-projeto-que-proibe-incentivos-a-doadores-de-campanha\/#breadcrumblist"},"author":{"@id":"https:\/\/www.jornalja.com.br\/arquivo\/author\/daredacao\/#author"},"creator":{"@id":"https:\/\/www.jornalja.com.br\/arquivo\/author\/daredacao\/#author"},"image":{"@type":"ImageObject","url":49177,"@id":"https:\/\/www.jornalja.com.br\/arquivo\/ruas-protocola-projeto-que-proibe-incentivos-a-doadores-de-campanha\/#mainImage"},"primaryImageOfPage":{"@id":"https:\/\/www.jornalja.com.br\/arquivo\/ruas-protocola-projeto-que-proibe-incentivos-a-doadores-de-campanha\/#mainImage"},"datePublished":"2017-05-29T19:39:44-03:00","dateModified":"2017-05-29T19:39:44-03:00"},{"@type":"WebSite","@id":"https:\/\/www.jornalja.com.br\/arquivo\/#website","url":"https:\/\/www.jornalja.com.br\/arquivo\/","name":"Arquivo","description":"Jornal J\u00c1 | Porto Alegre","inLanguage":"pt-BR","publisher":{"@id":"https:\/\/www.jornalja.com.br\/arquivo\/#organization"}}]},"og:locale":"pt_BR","og:site_name":"Arquivo | Jornal J\u00c1 | Porto Alegre","og:type":"article","og:title":"Ruas protocola projeto que proibe incentivos a doadores de campanha | Arquivo","og:url":"https:\/\/www.jornalja.com.br\/arquivo\/ruas-protocola-projeto-que-proibe-incentivos-a-doadores-de-campanha\/","og:image":"https:\/\/www.jornalja.com.br\/economics\/wp-content\/uploads\/sites\/11\/2026\/08\/ja-folhaderosto-facebook.jpg","og:image:secure_url":"https:\/\/www.jornalja.com.br\/economics\/wp-content\/uploads\/sites\/11\/2026\/08\/ja-folhaderosto-facebook.jpg","article:published_time":"2017-05-29T22:39:44+00:00","article:modified_time":"2017-05-29T22:39:44+00:00","twitter:card":"summary","twitter:title":"Ruas protocola projeto que proibe incentivos a doadores de campanha | Arquivo","twitter:image":"https:\/\/www.jornalja.com.br\/economics\/wp-content\/uploads\/sites\/11\/2026\/08\/ja-folhaderosto-facebook.jpg"},"aioseo_meta_data":{"post_id":"49174","title":null,"description":null,"keywords":null,"keyphrases":null,"primary_term":null,"canonical_url":null,"og_title":null,"og_description":null,"og_object_type":"default","og_image_type":"default","og_image_url":null,"og_image_width":null,"og_image_height":null,"og_image_custom_url":null,"og_image_custom_fields":null,"og_video":null,"og_custom_url":null,"og_article_section":null,"og_article_tags":null,"twitter_use_og":false,"twitter_card":"default","twitter_image_type":"default","twitter_image_url":null,"twitter_image_custom_url":null,"twitter_image_custom_fields":null,"twitter_title":null,"twitter_description":null,"schema":{"blockGraphs":[],"customGraphs":[],"default":{"data":{"Article":[],"Course":[],"Dataset":[],"FAQPage":[],"Movie":[],"Person":[],"Product":[],"ProductReview":[],"Car":[],"Recipe":[],"Service":[],"SoftwareApplication":[],"WebPage":[]},"graphName":"","isEnabled":true},"graphs":[]},"schema_type":null,"schema_type_options":null,"pillar_content":false,"robots_default":true,"robots_noindex":false,"robots_noarchive":false,"robots_nosnippet":false,"robots_nofollow":false,"robots_noimageindex":false,"robots_noodp":false,"robots_notranslate":false,"robots_max_snippet":null,"robots_max_videopreview":null,"robots_max_imagepreview":"large","priority":null,"frequency":null,"location":null,"local_seo":null,"breadcrumb_settings":null,"limit_modified_date":false,"ai":null,"created":"2020-12-20 20:32:48","updated":"2025-07-19 21:51:41","seo_analyzer_scan_date":null,"focus_keyword":null,"additional_keywords":null,"truseo_locale":null},"jetpack_sharing_enabled":true,"jetpack-related-posts":[{"id":13240,"url":"https:\/\/www.jornalja.com.br\/arquivo\/plano-diretor-estamos-construindo-o-caos\/","url_meta":{"origin":49174,"position":0},"title":"Plano diretor: &quot;Estamos construindo o caos&quot;","author":"Patr\u00edcia Marini","date":"26 de maio de 2014","format":false,"excerpt":"Desabafo que arquiteta Eliana Castilhos, delegada da Regi\u00e3o de Planejamento 1, postou nas redes sociais \u00e9 um testemunho do ambiente que se criou no Conselho do Plano Diretor de Porto Alegre, onde a aprova\u00e7\u00e3o de grandes empreendimentos \u00e9 empurrada guela abaixo dos conselheiros. Ao CMDUA Como delegada da Regi\u00e3o de\u2026","rel":"","context":"Em &quot;Geral&quot;","block_context":{"text":"Geral","link":"https:\/\/www.jornalja.com.br\/arquivo\/category\/geral\/"},"img":{"alt_text":"","src":"","width":0,"height":0},"classes":[]},{"id":13128,"url":"https:\/\/www.jornalja.com.br\/arquivo\/maconha-terra-diz-que-uso-medicinal-e-desculpa\/","url_meta":{"origin":49174,"position":1},"title":"Maconha: Terra diz que uso medicinal \u00e9 desculpa","author":"Patr\u00edcia Marini","date":"4 de junho de 2014","format":false,"excerpt":"A condi\u00e7\u00e3o de pol\u00edtico, em \u00e9poca de campanha de campanha eleitoral, tira for\u00e7a do discurso do m\u00e9dico Osmar Terra contra a legaliza\u00e7\u00e3o da maconha. A tese dele de que a libera\u00e7\u00e3o vai ampliar exponencialmente o consumo \u00e9 discutivel, o consumo \u00e9 corrente. Mas seus alertas quanto aos riscos tem que\u2026","rel":"","context":"Em &quot;X.Categorias velhas&quot;","block_context":{"text":"X.Categorias velhas","link":"https:\/\/www.jornalja.com.br\/arquivo\/category\/x-categorias-velhas\/"},"img":{"alt_text":"","src":"","width":0,"height":0},"classes":[]},{"id":1280,"url":"https:\/\/www.jornalja.com.br\/arquivo\/o-menino-que-se-tornou-brizola\/","url_meta":{"origin":49174,"position":2},"title":"O Menino que se Tornou Brizola","author":"da Reda\u00e7\u00e3o","date":"28 de julho de 2008","format":false,"excerpt":"Autor: Cleber Dioni A vida de Leonel Brizola, com \u00eanfase para os primeiros anos em Porto Alegre, at\u00e9 o ex\u00edlio no Uruguai e a volta, quinze anos depois. \u00a0\"...\u00c9ramos todos jovens e nos identific\u00e1vamos com aquela massa an\u00f4nima a percorrer as ruas de Porto Alegre, gritando 'Get\u00falio', 'Get\u00falio' e empunhando\u2026","rel":"","context":"Em &quot;Livros&quot;","block_context":{"text":"Livros","link":"https:\/\/www.jornalja.com.br\/arquivo\/category\/livros\/"},"img":{"alt_text":"","src":"https:\/\/i0.wp.com\/www.jornalja.com.br\/wp-content\/uploads\/2008\/07\/brizola.gif?resize=350%2C200&ssl=1","width":350,"height":200},"classes":[]},{"id":14241,"url":"https:\/\/www.jornalja.com.br\/arquivo\/o-guaiba-nas-imagens-poeticas-de-achutti\/","url_meta":{"origin":49174,"position":3},"title":"O Gua\u00edba nas imagens po\u00e9ticas de Achutti","author":"da Reda\u00e7\u00e3o","date":"18 de junho de 2014","format":false,"excerpt":"Em \u201cO Gua\u00edba por Achutti\u201d \u2013 obra financiada via Minist\u00e9rio da Cultura, produ\u00e7\u00e3o executiva de Pedro Longhi, e Fl\u00e1vio Wild como designer \u2013, o fot\u00f3grafo revela a beleza e as mazelas de um espa\u00e7o aqu\u00e1tico de \u00e1guas sempre renovadas, cheio de hist\u00f3rias e lendas como as das cidades que foram\u2026","rel":"","context":"Em &quot;Cultura-Geral&quot;","block_context":{"text":"Cultura-Geral","link":"https:\/\/www.jornalja.com.br\/arquivo\/category\/materiasecundaria\/"},"img":{"alt_text":"","src":"","width":0,"height":0},"classes":[]},{"id":13124,"url":"https:\/\/www.jornalja.com.br\/arquivo\/sangue-latino-no-iecine\/","url_meta":{"origin":49174,"position":4},"title":"Sangue latino no IECINE","author":"da Reda\u00e7\u00e3o","date":"18 de maio de 2014","format":false,"excerpt":"Francisco Ribeiro O Instituto Estadual de Cinema (IECINE) tem a frente, desde abril \u00faltimo, um novo diretor, o cineasta colombiano Juan Zapata, 36, que substitui Luiz Alberto Cassol. Radicado h\u00e1 dez anos em Porto Alegre, Zapata tem diante de si o desafio de conduzir at\u00e9 o final do ano um\u2026","rel":"","context":"Em &quot;Cultura-Geral&quot;","block_context":{"text":"Cultura-Geral","link":"https:\/\/www.jornalja.com.br\/arquivo\/category\/materiasecundaria\/"},"img":{"alt_text":"","src":"","width":0,"height":0},"classes":[]},{"id":5440,"url":"https:\/\/www.jornalja.com.br\/arquivo\/casarao-da-venancio-destino-permanece-incerto\/","url_meta":{"origin":49174,"position":5},"title":"Estado ainda n\u00e3o sabe o que fazer com casar\u00e3o abandonado h\u00e1 20 anos","author":"Elmar Bones","date":"6 de julho de 2009","format":false,"excerpt":"O casar\u00e3o amarelo, numa esquina nobre de Porto Alegre (Ven\u00e2ncio Aires com Jo\u00e3o Pessoa), j\u00e1 abrigou uma escola. H\u00e1 duas d\u00e9cadas, pelo menos, est\u00e1 abandonado, porque seu propriet\u00e1rio, o governo do Estado do Rio Grande do Sul, n\u00e3o consegue achar um destino para ele. Planos n\u00e3o faltaram. O governador Ol\u00edvio\u2026","rel":"","context":"Em &quot;X.Categorias velhas&quot;","block_context":{"text":"X.Categorias velhas","link":"https:\/\/www.jornalja.com.br\/arquivo\/category\/x-categorias-velhas\/"},"img":{"alt_text":"geraldo1","src":"https:\/\/i0.wp.com\/www.jornalja.com.br\/wp-content\/uploads\/2009\/07\/geraldo1.jpg?resize=350%2C200&ssl=1","width":350,"height":200},"classes":[]}],"jetpack_shortlink":"https:\/\/wp.me\/pbQjBd-cN8","jetpack_featured_media_url":"","_links":{"self":[{"href":"https:\/\/www.jornalja.com.br\/arquivo\/wp-json\/wp\/v2\/posts\/49174","targetHints":{"allow":["GET"]}}],"collection":[{"href":"https:\/\/www.jornalja.com.br\/arquivo\/wp-json\/wp\/v2\/posts"}],"about":[{"href":"https:\/\/www.jornalja.com.br\/arquivo\/wp-json\/wp\/v2\/types\/post"}],"author":[{"embeddable":true,"href":"https:\/\/www.jornalja.com.br\/arquivo\/wp-json\/wp\/v2\/users\/4"}],"replies":[{"embeddable":true,"href":"https:\/\/www.jornalja.com.br\/arquivo\/wp-json\/wp\/v2\/comments?post=49174"}],"version-history":[{"count":0,"href":"https:\/\/www.jornalja.com.br\/arquivo\/wp-json\/wp\/v2\/posts\/49174\/revisions"}],"wp:attachment":[{"href":"https:\/\/www.jornalja.com.br\/arquivo\/wp-json\/wp\/v2\/media?parent=49174"}],"wp:term":[{"taxonomy":"category","embeddable":true,"href":"https:\/\/www.jornalja.com.br\/arquivo\/wp-json\/wp\/v2\/categories?post=49174"},{"taxonomy":"post_tag","embeddable":true,"href":"https:\/\/www.jornalja.com.br\/arquivo\/wp-json\/wp\/v2\/tags?post=49174"}],"curies":[{"name":"wp","href":"https:\/\/api.w.org\/{rel}","templated":true}]}}