{"id":49184,"date":"2017-05-30T13:21:44","date_gmt":"2017-05-30T16:21:44","guid":{"rendered":"https:\/\/www.jornalja.com.br\/?p=49184"},"modified":"2017-05-30T13:21:44","modified_gmt":"2017-05-30T16:21:44","slug":"em-30-anos-itaipu-resgatou-mais-de-73-mil-peixes-de-suas-unidades","status":"publish","type":"post","link":"https:\/\/www.jornalja.com.br\/arquivo\/em-30-anos-itaipu-resgatou-mais-de-73-mil-peixes-de-suas-unidades\/","title":{"rendered":"Em 30 anos, Itaipu resgatou mais de 73 mil peixes de suas unidades"},"content":{"rendered":"<p>Para manter o bom desempenho das unidades geradoras, que em 2016 proporcionaram ao Brasil e ao Paraguai mais de 103 milh\u00f5es de megawatts\/hora, a Itaipu Binacional emprega um rigoroso cronograma de paradas para manuten\u00e7\u00e3o. Por\u00e9m, quando uma m\u00e1quina para, n\u00e3o s\u00e3o apenas crit\u00e9rios de engenharia e de produ\u00e7\u00e3o que s\u00e3o considerados. Os cuidados ambientais n\u00e3o s\u00f3 s\u00e3o levados em conta como est\u00e3o no topo das prioridades.<br \/>\nEm uma opera\u00e7\u00e3o delicada, que mobiliza diversos profissionais de \u00e1reas como Opera\u00e7\u00e3o, Manuten\u00e7\u00e3o e Meio Ambiente, a usina promove o resgate dos peixes que acabam ficando presos dentro dos condutos das unidades geradoras, a cada vez que as turbinas param para as manuten\u00e7\u00f5es de maior dura\u00e7\u00e3o. Desde que a Itaipu come\u00e7ou a fazer essa opera\u00e7\u00e3o, em 1987, j\u00e1 foram retirados pouco mais de 73 mil peixes.<br \/>\n<figure id=\"attachment_49187\" aria-describedby=\"caption-attachment-49187\" style=\"width: 1150px\" class=\"wp-caption alignnone\"><img loading=\"lazy\" decoding=\"async\" class=\"wp-image-49187 size-full\" src=\"https:\/\/www.jornalja.com.br\/wp-content\/uploads\/2017\/05\/11547_20170525NR1676.jpg\" alt=\"\" width=\"1150\" height=\"767\" \/><figcaption id=\"caption-attachment-49187\" class=\"wp-caption-text\">Resgate de peixes de turbina<\/figcaption><\/figure><br \/>\n\u201cQuando uma unidade geradora est\u00e1 funcionando, dificilmente um peixe entra porque ele evita o fluxo extremamente forte que existe tanto na entrada como na sa\u00edda d\u2019\u00e1gua\u201d, explica o engenheiro de pesca Maur\u00edcio Spagnolo Adames, da Divis\u00e3o de Reservat\u00f3rio\u00a0da Itaipu.<br \/>\nPor\u00e9m, quando a usina inicia a manuten\u00e7\u00e3o de uma unidade geradora, o primeiro passo \u00e9 o desligamento da m\u00e1quina. Logo em seguida descem os stop-logs (comportas) que fecham a entrada e a sa\u00edda da unidade. Por mais que se tente fazer essas duas opera\u00e7\u00f5es no menor intervalo poss\u00edvel, alguns peixes \u201ccuriosos\u201d, explorando o ambiente, acabam ficando presos dentro dos condutos.<br \/>\n\u201cO passo seguinte \u00e9 drenar o conduto for\u00e7ado da unidade geradora, mas deixando uma pequena quantidade de \u00e1gua, para manter vivos os peixes que ficaram presos ap\u00f3s o fechamento das comportas\u201d, afirma Edevaldo Pereira da Silva, da Divis\u00e3o de Opera\u00e7\u00e3o da Usina e Subesta\u00e7\u00f5es, respons\u00e1vel pelo acionamento das comportas e subsequente drenagem.<br \/>\nO resgate de peixes \u00e9 realizado nas paradas preventivas de manuten\u00e7\u00e3o, que ocorrem a cada 18 meses. Nessas ocasi\u00f5es, as turbinas ficam desligadas por 11 ou 16 dias, o que acarretaria em morte certa para os peixes, se estes eventualmente ficassem confinados. As paradas normalmente iniciam com o desligamento durante a madrugada. O resgate \u00e9 promovido durante o dia em dois locais: a montante, no conduto for\u00e7ado, pr\u00f3ximo \u00e0 tomada d\u2019\u00e1gua, e a jusante, no tubo de suc\u00e7\u00e3o, logo abaixo da caixa espiral.<br \/>\nDiversos cuidados com a seguran\u00e7a s\u00e3o tomados para se trabalhar nesses locais. O resgate ocorre em um espa\u00e7o \u00famido e escorregadio, e onde o piso n\u00e3o \u00e9 totalmente plano. Al\u00e9m disso, \u00e9 uma \u00e1rea totalmente escura, da\u00ed a necessidade de acionar profissionais da Manuten\u00e7\u00e3o El\u00e9trica, que providenciam ilumina\u00e7\u00e3o tempor\u00e1ria para a opera\u00e7\u00e3o.<br \/>\n\u201cApesar da preocupa\u00e7\u00e3o com os equipamentos da unidade geradora, motivo principal da manuten\u00e7\u00e3o, o cuidado com os peixes sempre fez parte desse processo, que veio sendo aperfei\u00e7oado com o tempo. \u00c9 algo totalmente alinhado com a miss\u00e3o da Itaipu, de gerar energia com responsabilidade socioambiental\u201d, diz o coordenador da opera\u00e7\u00e3o, Wagner Silva da Rocha, do Departamento de Manuten\u00e7\u00e3o.<br \/>\nNo alto do conduto, pr\u00f3ximo ao topo da barragem, normalmente s\u00e3o retirados poucos peixes. A maior quantidade entra pela sa\u00edda d\u2019\u00e1gua, pelo tubo de suc\u00e7\u00e3o, e fica alojada abaixo da caixa espiral. Para chegar ali, utiliza-se um equipamento fabricado especialmente para essa tarefa, um guindaste com um cesto, que permite ao profissional encarregado descer 18 metros e depois ser i\u00e7ado.<br \/>\nOs peixes s\u00e3o retirados em baldes e em seguida transferidos para uma caixa com \u00e1gua e oxigena\u00e7\u00e3o. Os t\u00e9cnicos da \u00e1rea de meio ambiente identificam e contabilizam os esp\u00e9cimes retirados, que depois s\u00e3o soltos no Canal da Piracema, que tem dez quil\u00f4metros de extens\u00e3o e conecta a parte do Rio Paran\u00e1 que est\u00e1 abaixo da barragem (a jusante) com o reservat\u00f3rio (a montante).<br \/>\n\u201cO resgate \u00e9 estressante para o peixe. Mas, mesmo assim, temos uma taxa de sobreviv\u00eancia de cerca de 85%\u201d, explica Adames. Segundo ele, esp\u00e9cies como armado, cascudos, curimba e bocudo est\u00e3o entre as mais comuns, mas tamb\u00e9m j\u00e1 foram encontrados peixes raros como o ja\u00fa. \u201cNormalmente, a jusante, encontramos mais peixes de couro, de fundo de rio e, a montante, peixes de escamas, que vivem mais pr\u00f3ximo da superf\u00edcie\u201d, acrescenta.<br \/>\nNo \u00faltimo resgate, realizado nos dias 24 e 25 de maio, foram retirados 31 peixes (28 a jusante, tr\u00eas a montante). No total foram dez barbados, oito cascudos, cinco dourados-cachorros, tr\u00eas mand\u00eds, uma curvina, um armado, uma tuvira, um itu\u00ed-cavalo e um piau. O total resgatado est\u00e1 dentro da m\u00e9dia das paradas de manuten\u00e7\u00e3o. No ver\u00e3o, em fun\u00e7\u00e3o da maior movimenta\u00e7\u00e3o dos peixes, o n\u00famero pode subir, mas raramente passa de 100. Um caso excepcional ocorreu em outubro de 2015, na Unidade 11, quando foram salvos 1.750 peixes.<\/p>\n","protected":false},"excerpt":{"rendered":"<p>Para manter o bom desempenho das unidades geradoras, que em 2016 proporcionaram ao Brasil e ao Paraguai mais de 103 milh\u00f5es de megawatts\/hora, a Itaipu Binacional emprega um rigoroso cronograma de paradas para manuten\u00e7\u00e3o. Por\u00e9m, quando uma m\u00e1quina para, n\u00e3o s\u00e3o apenas crit\u00e9rios de engenharia e de produ\u00e7\u00e3o que s\u00e3o considerados. Os cuidados ambientais n\u00e3o [&hellip;]<\/p>\n","protected":false},"author":4,"featured_media":49186,"comment_status":"open","ping_status":"closed","sticky":false,"template":"","format":"standard","meta":{"_jetpack_newsletter_access":"","_jetpack_dont_email_post_to_subs":false,"_jetpack_newsletter_tier_id":0,"_jetpack_memberships_contains_paywalled_content":false,"_jetpack_feature_clip_id":0,"_jetpack_memberships_contains_paid_content":false,"footnotes":"","jetpack_post_was_ever_published":false},"categories":[26],"tags":[],"class_list":["post-49184","post","type-post","status-publish","format-standard","has-post-thumbnail","hentry","category-geral"],"aioseo_notices":[],"aioseo_head":"\n\t\t<!-- All in One SEO 5.0.1.1 - aioseo.com -->\n\t<meta name=\"robots\" content=\"max-image-preview:large\" \/>\n\t<meta name=\"author\" content=\"da Reda\u00e7\u00e3o\"\/>\n\t<link rel=\"canonical\" href=\"https:\/\/www.jornalja.com.br\/arquivo\/em-30-anos-itaipu-resgatou-mais-de-73-mil-peixes-de-suas-unidades\/\" \/>\n\t<meta name=\"generator\" content=\"All in One SEO (AIOSEO) 5.0.1.1\" \/>\n\t\t<meta property=\"og:locale\" content=\"pt_BR\" \/>\n\t\t<meta property=\"og:site_name\" content=\"Arquivo | Jornal J\u00c1 | Porto Alegre\" \/>\n\t\t<meta property=\"og:type\" content=\"article\" \/>\n\t\t<meta property=\"og:title\" content=\"Em 30 anos, Itaipu resgatou mais de 73 mil peixes de suas unidades | Arquivo\" \/>\n\t\t<meta property=\"og:url\" content=\"https:\/\/www.jornalja.com.br\/arquivo\/em-30-anos-itaipu-resgatou-mais-de-73-mil-peixes-de-suas-unidades\/\" \/>\n\t\t<meta property=\"og:image\" content=\"https:\/\/www.jornalja.com.br\/wp-content\/uploads\/2017\/05\/11547_20170525NR1676.jpg\" \/>\n\t\t<meta property=\"og:image:secure_url\" content=\"https:\/\/www.jornalja.com.br\/wp-content\/uploads\/2017\/05\/11547_20170525NR1676.jpg\" \/>\n\t\t<meta property=\"article:published_time\" content=\"2017-05-30T16:21:44+00:00\" \/>\n\t\t<meta property=\"article:modified_time\" content=\"2017-05-30T16:21:44+00:00\" \/>\n\t\t<meta name=\"twitter:card\" content=\"summary\" \/>\n\t\t<meta name=\"twitter:title\" content=\"Em 30 anos, Itaipu resgatou mais de 73 mil peixes de suas unidades | Arquivo\" \/>\n\t\t<meta name=\"twitter:image\" content=\"https:\/\/www.jornalja.com.br\/economics\/wp-content\/uploads\/sites\/11\/2026\/08\/ja-folhaderosto-facebook.jpg\" \/>\n\t\t<script type=\"application\/ld+json\" class=\"aioseo-schema\">\n\t\t\t{\"@context\":\"https:\\\/\\\/schema.org\",\"@graph\":[{\"@type\":\"BlogPosting\",\"@id\":\"https:\\\/\\\/www.jornalja.com.br\\\/arquivo\\\/em-30-anos-itaipu-resgatou-mais-de-73-mil-peixes-de-suas-unidades\\\/#blogposting\",\"name\":\"Em 30 anos, Itaipu resgatou mais de 73 mil peixes de suas unidades | Arquivo\",\"headline\":\"Em 30 anos, Itaipu resgatou mais de 73 mil peixes de suas unidades\",\"author\":{\"@id\":\"https:\\\/\\\/www.jornalja.com.br\\\/arquivo\\\/author\\\/daredacao\\\/#author\"},\"publisher\":{\"@id\":\"https:\\\/\\\/www.jornalja.com.br\\\/arquivo\\\/#organization\"},\"image\":{\"@type\":\"ImageObject\",\"url\":49186},\"datePublished\":\"2017-05-30T13:21:44-03:00\",\"dateModified\":\"2017-05-30T13:21:44-03:00\",\"inLanguage\":\"pt-BR\",\"mainEntityOfPage\":{\"@id\":\"https:\\\/\\\/www.jornalja.com.br\\\/arquivo\\\/em-30-anos-itaipu-resgatou-mais-de-73-mil-peixes-de-suas-unidades\\\/#webpage\"},\"isPartOf\":{\"@id\":\"https:\\\/\\\/www.jornalja.com.br\\\/arquivo\\\/em-30-anos-itaipu-resgatou-mais-de-73-mil-peixes-de-suas-unidades\\\/#webpage\"},\"articleSection\":\"Geral\"},{\"@type\":\"BreadcrumbList\",\"@id\":\"https:\\\/\\\/www.jornalja.com.br\\\/arquivo\\\/em-30-anos-itaipu-resgatou-mais-de-73-mil-peixes-de-suas-unidades\\\/#breadcrumblist\",\"itemListElement\":[{\"@type\":\"ListItem\",\"@id\":\"https:\\\/\\\/www.jornalja.com.br\\\/arquivo#listItem\",\"position\":1,\"name\":\"Home\",\"item\":\"https:\\\/\\\/www.jornalja.com.br\\\/arquivo\",\"nextItem\":{\"@type\":\"ListItem\",\"@id\":\"https:\\\/\\\/www.jornalja.com.br\\\/arquivo\\\/category\\\/geral\\\/#listItem\",\"name\":\"Geral\"}},{\"@type\":\"ListItem\",\"@id\":\"https:\\\/\\\/www.jornalja.com.br\\\/arquivo\\\/category\\\/geral\\\/#listItem\",\"position\":2,\"name\":\"Geral\",\"item\":\"https:\\\/\\\/www.jornalja.com.br\\\/arquivo\\\/category\\\/geral\\\/\",\"nextItem\":{\"@type\":\"ListItem\",\"@id\":\"https:\\\/\\\/www.jornalja.com.br\\\/arquivo\\\/em-30-anos-itaipu-resgatou-mais-de-73-mil-peixes-de-suas-unidades\\\/#listItem\",\"name\":\"Em 30 anos, Itaipu resgatou mais de 73 mil peixes de suas unidades\"},\"previousItem\":{\"@type\":\"ListItem\",\"@id\":\"https:\\\/\\\/www.jornalja.com.br\\\/arquivo#listItem\",\"name\":\"Home\"}},{\"@type\":\"ListItem\",\"@id\":\"https:\\\/\\\/www.jornalja.com.br\\\/arquivo\\\/em-30-anos-itaipu-resgatou-mais-de-73-mil-peixes-de-suas-unidades\\\/#listItem\",\"position\":3,\"name\":\"Em 30 anos, Itaipu resgatou mais de 73 mil peixes de suas unidades\",\"previousItem\":{\"@type\":\"ListItem\",\"@id\":\"https:\\\/\\\/www.jornalja.com.br\\\/arquivo\\\/category\\\/geral\\\/#listItem\",\"name\":\"Geral\"}}]},{\"@type\":\"Organization\",\"@id\":\"https:\\\/\\\/www.jornalja.com.br\\\/arquivo\\\/#organization\",\"name\":\"Jornal J\\u00c1\",\"description\":\"Jornal J\\u00c1 | Porto Alegre\",\"url\":\"https:\\\/\\\/www.jornalja.com.br\\\/arquivo\\\/\",\"telephone\":\"+555133307272\",\"logo\":{\"@type\":\"ImageObject\",\"url\":\"https:\\\/\\\/www.jornalja.com.br\\\/wp-content\\\/uploads\\\/cards\\\/JAslogan.png\",\"@id\":\"https:\\\/\\\/www.jornalja.com.br\\\/arquivo\\\/em-30-anos-itaipu-resgatou-mais-de-73-mil-peixes-de-suas-unidades\\\/#organizationLogo\"},\"image\":{\"@id\":\"https:\\\/\\\/www.jornalja.com.br\\\/arquivo\\\/em-30-anos-itaipu-resgatou-mais-de-73-mil-peixes-de-suas-unidades\\\/#organizationLogo\"}},{\"@type\":\"Person\",\"@id\":\"https:\\\/\\\/www.jornalja.com.br\\\/arquivo\\\/author\\\/daredacao\\\/#author\",\"url\":\"https:\\\/\\\/www.jornalja.com.br\\\/arquivo\\\/author\\\/daredacao\\\/\",\"name\":\"da Reda\\u00e7\\u00e3o\",\"image\":{\"@type\":\"ImageObject\",\"@id\":\"https:\\\/\\\/www.jornalja.com.br\\\/arquivo\\\/em-30-anos-itaipu-resgatou-mais-de-73-mil-peixes-de-suas-unidades\\\/#authorImage\",\"url\":\"https:\\\/\\\/secure.gravatar.com\\\/avatar\\\/469fd857d6605ad19919d27ed29d35a968a25f6e8fd9318356bbb7f57aae9c65?s=96&d=mm&r=g\",\"width\":96,\"height\":96,\"caption\":\"da Reda\\u00e7\\u00e3o\"}},{\"@type\":\"WebPage\",\"@id\":\"https:\\\/\\\/www.jornalja.com.br\\\/arquivo\\\/em-30-anos-itaipu-resgatou-mais-de-73-mil-peixes-de-suas-unidades\\\/#webpage\",\"url\":\"https:\\\/\\\/www.jornalja.com.br\\\/arquivo\\\/em-30-anos-itaipu-resgatou-mais-de-73-mil-peixes-de-suas-unidades\\\/\",\"name\":\"Em 30 anos, Itaipu resgatou mais de 73 mil peixes de suas unidades | Arquivo\",\"inLanguage\":\"pt-BR\",\"isPartOf\":{\"@id\":\"https:\\\/\\\/www.jornalja.com.br\\\/arquivo\\\/#website\"},\"breadcrumb\":{\"@id\":\"https:\\\/\\\/www.jornalja.com.br\\\/arquivo\\\/em-30-anos-itaipu-resgatou-mais-de-73-mil-peixes-de-suas-unidades\\\/#breadcrumblist\"},\"author\":{\"@id\":\"https:\\\/\\\/www.jornalja.com.br\\\/arquivo\\\/author\\\/daredacao\\\/#author\"},\"creator\":{\"@id\":\"https:\\\/\\\/www.jornalja.com.br\\\/arquivo\\\/author\\\/daredacao\\\/#author\"},\"image\":{\"@type\":\"ImageObject\",\"url\":49186,\"@id\":\"https:\\\/\\\/www.jornalja.com.br\\\/arquivo\\\/em-30-anos-itaipu-resgatou-mais-de-73-mil-peixes-de-suas-unidades\\\/#mainImage\"},\"primaryImageOfPage\":{\"@id\":\"https:\\\/\\\/www.jornalja.com.br\\\/arquivo\\\/em-30-anos-itaipu-resgatou-mais-de-73-mil-peixes-de-suas-unidades\\\/#mainImage\"},\"datePublished\":\"2017-05-30T13:21:44-03:00\",\"dateModified\":\"2017-05-30T13:21:44-03:00\"},{\"@type\":\"WebSite\",\"@id\":\"https:\\\/\\\/www.jornalja.com.br\\\/arquivo\\\/#website\",\"url\":\"https:\\\/\\\/www.jornalja.com.br\\\/arquivo\\\/\",\"name\":\"Arquivo\",\"description\":\"Jornal J\\u00c1 | Porto Alegre\",\"inLanguage\":\"pt-BR\",\"publisher\":{\"@id\":\"https:\\\/\\\/www.jornalja.com.br\\\/arquivo\\\/#organization\"}}]}\n\t\t<\/script>\n\t\t<!-- All in One SEO -->\n\n","aioseo_head_json":{"title":"Em 30 anos, Itaipu resgatou mais de 73 mil peixes de suas unidades | Arquivo","description":"","canonical_url":"https:\/\/www.jornalja.com.br\/arquivo\/em-30-anos-itaipu-resgatou-mais-de-73-mil-peixes-de-suas-unidades\/","robots":"max-image-preview:large","keywords":"","webmasterTools":{"miscellaneous":""},"schema":{"@context":"https:\/\/schema.org","@graph":[{"@type":"BlogPosting","@id":"https:\/\/www.jornalja.com.br\/arquivo\/em-30-anos-itaipu-resgatou-mais-de-73-mil-peixes-de-suas-unidades\/#blogposting","name":"Em 30 anos, Itaipu resgatou mais de 73 mil peixes de suas unidades | Arquivo","headline":"Em 30 anos, Itaipu resgatou mais de 73 mil peixes de suas unidades","author":{"@id":"https:\/\/www.jornalja.com.br\/arquivo\/author\/daredacao\/#author"},"publisher":{"@id":"https:\/\/www.jornalja.com.br\/arquivo\/#organization"},"image":{"@type":"ImageObject","url":49186},"datePublished":"2017-05-30T13:21:44-03:00","dateModified":"2017-05-30T13:21:44-03:00","inLanguage":"pt-BR","mainEntityOfPage":{"@id":"https:\/\/www.jornalja.com.br\/arquivo\/em-30-anos-itaipu-resgatou-mais-de-73-mil-peixes-de-suas-unidades\/#webpage"},"isPartOf":{"@id":"https:\/\/www.jornalja.com.br\/arquivo\/em-30-anos-itaipu-resgatou-mais-de-73-mil-peixes-de-suas-unidades\/#webpage"},"articleSection":"Geral"},{"@type":"BreadcrumbList","@id":"https:\/\/www.jornalja.com.br\/arquivo\/em-30-anos-itaipu-resgatou-mais-de-73-mil-peixes-de-suas-unidades\/#breadcrumblist","itemListElement":[{"@type":"ListItem","@id":"https:\/\/www.jornalja.com.br\/arquivo#listItem","position":1,"name":"Home","item":"https:\/\/www.jornalja.com.br\/arquivo","nextItem":{"@type":"ListItem","@id":"https:\/\/www.jornalja.com.br\/arquivo\/category\/geral\/#listItem","name":"Geral"}},{"@type":"ListItem","@id":"https:\/\/www.jornalja.com.br\/arquivo\/category\/geral\/#listItem","position":2,"name":"Geral","item":"https:\/\/www.jornalja.com.br\/arquivo\/category\/geral\/","nextItem":{"@type":"ListItem","@id":"https:\/\/www.jornalja.com.br\/arquivo\/em-30-anos-itaipu-resgatou-mais-de-73-mil-peixes-de-suas-unidades\/#listItem","name":"Em 30 anos, Itaipu resgatou mais de 73 mil peixes de suas unidades"},"previousItem":{"@type":"ListItem","@id":"https:\/\/www.jornalja.com.br\/arquivo#listItem","name":"Home"}},{"@type":"ListItem","@id":"https:\/\/www.jornalja.com.br\/arquivo\/em-30-anos-itaipu-resgatou-mais-de-73-mil-peixes-de-suas-unidades\/#listItem","position":3,"name":"Em 30 anos, Itaipu resgatou mais de 73 mil peixes de suas unidades","previousItem":{"@type":"ListItem","@id":"https:\/\/www.jornalja.com.br\/arquivo\/category\/geral\/#listItem","name":"Geral"}}]},{"@type":"Organization","@id":"https:\/\/www.jornalja.com.br\/arquivo\/#organization","name":"Jornal J\u00c1","description":"Jornal J\u00c1 | Porto Alegre","url":"https:\/\/www.jornalja.com.br\/arquivo\/","telephone":"+555133307272","logo":{"@type":"ImageObject","url":"https:\/\/www.jornalja.com.br\/wp-content\/uploads\/cards\/JAslogan.png","@id":"https:\/\/www.jornalja.com.br\/arquivo\/em-30-anos-itaipu-resgatou-mais-de-73-mil-peixes-de-suas-unidades\/#organizationLogo"},"image":{"@id":"https:\/\/www.jornalja.com.br\/arquivo\/em-30-anos-itaipu-resgatou-mais-de-73-mil-peixes-de-suas-unidades\/#organizationLogo"}},{"@type":"Person","@id":"https:\/\/www.jornalja.com.br\/arquivo\/author\/daredacao\/#author","url":"https:\/\/www.jornalja.com.br\/arquivo\/author\/daredacao\/","name":"da Reda\u00e7\u00e3o","image":{"@type":"ImageObject","@id":"https:\/\/www.jornalja.com.br\/arquivo\/em-30-anos-itaipu-resgatou-mais-de-73-mil-peixes-de-suas-unidades\/#authorImage","url":"https:\/\/secure.gravatar.com\/avatar\/469fd857d6605ad19919d27ed29d35a968a25f6e8fd9318356bbb7f57aae9c65?s=96&d=mm&r=g","width":96,"height":96,"caption":"da Reda\u00e7\u00e3o"}},{"@type":"WebPage","@id":"https:\/\/www.jornalja.com.br\/arquivo\/em-30-anos-itaipu-resgatou-mais-de-73-mil-peixes-de-suas-unidades\/#webpage","url":"https:\/\/www.jornalja.com.br\/arquivo\/em-30-anos-itaipu-resgatou-mais-de-73-mil-peixes-de-suas-unidades\/","name":"Em 30 anos, Itaipu resgatou mais de 73 mil peixes de suas unidades | Arquivo","inLanguage":"pt-BR","isPartOf":{"@id":"https:\/\/www.jornalja.com.br\/arquivo\/#website"},"breadcrumb":{"@id":"https:\/\/www.jornalja.com.br\/arquivo\/em-30-anos-itaipu-resgatou-mais-de-73-mil-peixes-de-suas-unidades\/#breadcrumblist"},"author":{"@id":"https:\/\/www.jornalja.com.br\/arquivo\/author\/daredacao\/#author"},"creator":{"@id":"https:\/\/www.jornalja.com.br\/arquivo\/author\/daredacao\/#author"},"image":{"@type":"ImageObject","url":49186,"@id":"https:\/\/www.jornalja.com.br\/arquivo\/em-30-anos-itaipu-resgatou-mais-de-73-mil-peixes-de-suas-unidades\/#mainImage"},"primaryImageOfPage":{"@id":"https:\/\/www.jornalja.com.br\/arquivo\/em-30-anos-itaipu-resgatou-mais-de-73-mil-peixes-de-suas-unidades\/#mainImage"},"datePublished":"2017-05-30T13:21:44-03:00","dateModified":"2017-05-30T13:21:44-03:00"},{"@type":"WebSite","@id":"https:\/\/www.jornalja.com.br\/arquivo\/#website","url":"https:\/\/www.jornalja.com.br\/arquivo\/","name":"Arquivo","description":"Jornal J\u00c1 | Porto Alegre","inLanguage":"pt-BR","publisher":{"@id":"https:\/\/www.jornalja.com.br\/arquivo\/#organization"}}]},"og:locale":"pt_BR","og:site_name":"Arquivo | Jornal J\u00c1 | Porto Alegre","og:type":"article","og:title":"Em 30 anos, Itaipu resgatou mais de 73 mil peixes de suas unidades | Arquivo","og:url":"https:\/\/www.jornalja.com.br\/arquivo\/em-30-anos-itaipu-resgatou-mais-de-73-mil-peixes-de-suas-unidades\/","og:image":"https:\/\/www.jornalja.com.br\/wp-content\/uploads\/2017\/05\/11547_20170525NR1676.jpg","og:image:secure_url":"https:\/\/www.jornalja.com.br\/wp-content\/uploads\/2017\/05\/11547_20170525NR1676.jpg","article:published_time":"2017-05-30T16:21:44+00:00","article:modified_time":"2017-05-30T16:21:44+00:00","twitter:card":"summary","twitter:title":"Em 30 anos, Itaipu resgatou mais de 73 mil peixes de suas unidades | Arquivo","twitter:image":"https:\/\/www.jornalja.com.br\/economics\/wp-content\/uploads\/sites\/11\/2026\/08\/ja-folhaderosto-facebook.jpg"},"aioseo_meta_data":{"post_id":"49184","title":null,"description":null,"keywords":null,"keyphrases":null,"primary_term":null,"canonical_url":null,"og_title":null,"og_description":null,"og_object_type":"default","og_image_type":"default","og_image_url":null,"og_image_width":null,"og_image_height":null,"og_image_custom_url":null,"og_image_custom_fields":null,"og_video":null,"og_custom_url":null,"og_article_section":null,"og_article_tags":null,"twitter_use_og":false,"twitter_card":"default","twitter_image_type":"default","twitter_image_url":null,"twitter_image_custom_url":null,"twitter_image_custom_fields":null,"twitter_title":null,"twitter_description":null,"schema":{"blockGraphs":[],"customGraphs":[],"default":{"data":{"Article":[],"Course":[],"Dataset":[],"FAQPage":[],"Movie":[],"Person":[],"Product":[],"ProductReview":[],"Car":[],"Recipe":[],"Service":[],"SoftwareApplication":[],"WebPage":[]},"graphName":"","isEnabled":true},"graphs":[],"defaultGraph":"","defaultPostTypeGraph":""},"schema_type":null,"schema_type_options":null,"pillar_content":false,"robots_default":true,"robots_noindex":false,"robots_noarchive":false,"robots_nosnippet":false,"robots_nofollow":false,"robots_noimageindex":false,"robots_noodp":false,"robots_notranslate":false,"robots_max_snippet":null,"robots_max_videopreview":null,"robots_max_imagepreview":"large","priority":null,"frequency":null,"location":null,"local_seo":null,"breadcrumb_settings":null,"limit_modified_date":false,"ai":null,"created":"2020-12-20 20:32:48","updated":"2025-07-19 21:51:41","seo_analyzer_scan_date":null,"focus_keyword":null,"additional_keywords":null,"truseo_locale":null},"jetpack_sharing_enabled":true,"jetpack-related-posts":[{"id":13109,"url":"https:\/\/www.jornalja.com.br\/arquivo\/judiciario-reconhece-poluicao-eletromagnetica\/","url_meta":{"origin":49184,"position":0},"title":"Judici\u00e1rio reconhece polui\u00e7\u00e3o eletromagn\u00e9tica","author":"Patr\u00edcia Marini","date":"16 de maio de 2014","format":false,"excerpt":"A\u00e7\u00e3o de duas associa\u00e7\u00f5es de moradores foi acolhida pelo Tribunal de Justi\u00e7a de S\u00e3o Paulo que. em decis\u00e3o in\u00e9dita, determinou a redu\u00e7\u00e3o do campo eletromagn\u00e9tico gerado pelas linhas de transmiss\u00e3o de energia que cortam os bairros City Boa\u00e7ava e Alto de Pinheiros. \u00c9 a primeira vez que um tribunal do\u2026","rel":"","context":"Em &quot;X.Categorias velhas&quot;","block_context":{"text":"X.Categorias velhas","link":"https:\/\/www.jornalja.com.br\/arquivo\/category\/x-categorias-velhas\/"},"img":{"alt_text":"","src":"","width":0,"height":0},"classes":[]},{"id":13240,"url":"https:\/\/www.jornalja.com.br\/arquivo\/plano-diretor-estamos-construindo-o-caos\/","url_meta":{"origin":49184,"position":1},"title":"Plano diretor: &quot;Estamos construindo o caos&quot;","author":"Patr\u00edcia Marini","date":"26 de maio de 2014","format":false,"excerpt":"Desabafo que arquiteta Eliana Castilhos, delegada da Regi\u00e3o de Planejamento 1, postou nas redes sociais \u00e9 um testemunho do ambiente que se criou no Conselho do Plano Diretor de Porto Alegre, onde a aprova\u00e7\u00e3o de grandes empreendimentos \u00e9 empurrada guela abaixo dos conselheiros. Ao CMDUA Como delegada da Regi\u00e3o de\u2026","rel":"","context":"Em &quot;Geral&quot;","block_context":{"text":"Geral","link":"https:\/\/www.jornalja.com.br\/arquivo\/category\/geral\/"},"img":{"alt_text":"","src":"","width":0,"height":0},"classes":[]},{"id":13101,"url":"https:\/\/www.jornalja.com.br\/arquivo\/morre-um-guerreiro-do-texto\/","url_meta":{"origin":49184,"position":2},"title":"Morre um guerreiro do texto","author":"Patr\u00edcia Marini","date":"14 de maio de 2014","format":false,"excerpt":"Por Ricardo Kotscho Reproduzido do blog do autor, 11\/5\/2014; t\u00edtulo original \u201cE l\u00e1 se foi o nosso Myltainho, guerreiro do texto\u201d. Mi\u00fado e franzino, meu amigo Myltainho era um valente e inconformado guerreiro na luta contra as injusti\u00e7as sociais, a hipocrisia, as maracutaias, o autoritarismo, a intoler\u00e2ncia, a viol\u00eancia, o\u2026","rel":"","context":"Em &quot;Geral&quot;","block_context":{"text":"Geral","link":"https:\/\/www.jornalja.com.br\/arquivo\/category\/geral\/"},"img":{"alt_text":"","src":"","width":0,"height":0},"classes":[]},{"id":12960,"url":"https:\/\/www.jornalja.com.br\/arquivo\/populacao-culpa-empresas-pela-greve-dos-rodoviarios\/","url_meta":{"origin":49184,"position":3},"title":"Popula\u00e7\u00e3o culpa empresas pela greve","author":"Patr\u00edcia Marini","date":"14 de fevereiro de 2014","format":false,"excerpt":"Pesquisa divulgada na edi\u00e7\u00e3o do jornal Metro desta sexta-feira,14, comprova o velho ditado: \u00e9 poss\u00edvel enganar muitos por algum tempo, mas n\u00e3o \u00e9 poss\u00edvel enganar a todos o tempo inteiro. A principal revela\u00e7\u00e3o foi que 59,8% dos entrevistados apontaram as empresas como as principais respons\u00e1veis pela grave e 46% culparam\u2026","rel":"","context":"Em &quot;X.Categorias velhas&quot;","block_context":{"text":"X.Categorias velhas","link":"https:\/\/www.jornalja.com.br\/arquivo\/category\/x-categorias-velhas\/"},"img":{"alt_text":"","src":"","width":0,"height":0},"classes":[]},{"id":14241,"url":"https:\/\/www.jornalja.com.br\/arquivo\/o-guaiba-nas-imagens-poeticas-de-achutti\/","url_meta":{"origin":49184,"position":4},"title":"O Gua\u00edba nas imagens po\u00e9ticas de Achutti","author":"da Reda\u00e7\u00e3o","date":"18 de junho de 2014","format":false,"excerpt":"Em \u201cO Gua\u00edba por Achutti\u201d \u2013 obra financiada via Minist\u00e9rio da Cultura, produ\u00e7\u00e3o executiva de Pedro Longhi, e Fl\u00e1vio Wild como designer \u2013, o fot\u00f3grafo revela a beleza e as mazelas de um espa\u00e7o aqu\u00e1tico de \u00e1guas sempre renovadas, cheio de hist\u00f3rias e lendas como as das cidades que foram\u2026","rel":"","context":"Em &quot;Cultura-Geral&quot;","block_context":{"text":"Cultura-Geral","link":"https:\/\/www.jornalja.com.br\/arquivo\/category\/materiasecundaria\/"},"img":{"alt_text":"","src":"","width":0,"height":0},"classes":[]},{"id":13124,"url":"https:\/\/www.jornalja.com.br\/arquivo\/sangue-latino-no-iecine\/","url_meta":{"origin":49184,"position":5},"title":"Sangue latino no IECINE","author":"da Reda\u00e7\u00e3o","date":"18 de maio de 2014","format":false,"excerpt":"Francisco Ribeiro O Instituto Estadual de Cinema (IECINE) tem a frente, desde abril \u00faltimo, um novo diretor, o cineasta colombiano Juan Zapata, 36, que substitui Luiz Alberto Cassol. Radicado h\u00e1 dez anos em Porto Alegre, Zapata tem diante de si o desafio de conduzir at\u00e9 o final do ano um\u2026","rel":"","context":"Em &quot;Cultura-Geral&quot;","block_context":{"text":"Cultura-Geral","link":"https:\/\/www.jornalja.com.br\/arquivo\/category\/materiasecundaria\/"},"img":{"alt_text":"","src":"","width":0,"height":0},"classes":[]}],"jetpack_shortlink":"https:\/\/wp.me\/pbQjBd-cNi","jetpack_featured_media_url":"","_links":{"self":[{"href":"https:\/\/www.jornalja.com.br\/arquivo\/wp-json\/wp\/v2\/posts\/49184","targetHints":{"allow":["GET"]}}],"collection":[{"href":"https:\/\/www.jornalja.com.br\/arquivo\/wp-json\/wp\/v2\/posts"}],"about":[{"href":"https:\/\/www.jornalja.com.br\/arquivo\/wp-json\/wp\/v2\/types\/post"}],"author":[{"embeddable":true,"href":"https:\/\/www.jornalja.com.br\/arquivo\/wp-json\/wp\/v2\/users\/4"}],"replies":[{"embeddable":true,"href":"https:\/\/www.jornalja.com.br\/arquivo\/wp-json\/wp\/v2\/comments?post=49184"}],"version-history":[{"count":0,"href":"https:\/\/www.jornalja.com.br\/arquivo\/wp-json\/wp\/v2\/posts\/49184\/revisions"}],"wp:attachment":[{"href":"https:\/\/www.jornalja.com.br\/arquivo\/wp-json\/wp\/v2\/media?parent=49184"}],"wp:term":[{"taxonomy":"category","embeddable":true,"href":"https:\/\/www.jornalja.com.br\/arquivo\/wp-json\/wp\/v2\/categories?post=49184"},{"taxonomy":"post_tag","embeddable":true,"href":"https:\/\/www.jornalja.com.br\/arquivo\/wp-json\/wp\/v2\/tags?post=49184"}],"curies":[{"name":"wp","href":"https:\/\/api.w.org\/{rel}","templated":true}]}}