{"id":49189,"date":"2017-05-30T16:50:52","date_gmt":"2017-05-30T19:50:52","guid":{"rendered":"https:\/\/www.jornalja.com.br\/?p=49189"},"modified":"2017-05-30T16:50:52","modified_gmt":"2017-05-30T19:50:52","slug":"ambientalistas-irao-ao-secretario-cobrar-acoes-do-comam-e-do-fumproamb","status":"publish","type":"post","link":"https:\/\/www.jornalja.com.br\/arquivo\/ambientalistas-irao-ao-secretario-cobrar-acoes-do-comam-e-do-fumproamb\/","title":{"rendered":"Ambientalistas ir\u00e3o ao secret\u00e1rio cobrar a\u00e7\u00f5es do Comam e do FUMPR\u00d3AMB"},"content":{"rendered":"<p>Entidades ambientais preparam uma pauta de reivindica\u00e7\u00f5es para apresentar ao novo secret\u00e1rio municipal do Meio Ambiente, Mauricio Fernandes, anunciado na quarta-feira passada, dia 24, pelo vice-prefeito Gustavo Paim. O pedido de reuni\u00e3o ser\u00e1 feito ainda esta semana.<br \/>\nO\u00a0professor Paulo Brack, da Ufrgs, coordenador da\u00a0Assembleia Permanente de Entidades em Defesa do Meio Ambiente (APEDeMA\/RS), diz que h\u00e1 muita coisa parada devido \u00e0 demora na indica\u00e7\u00e3o do novo secret\u00e1rio: &#8220;A aus\u00eancia por 145 dias de um secret\u00e1rio criou muitas demandas desde o in\u00edcio deste governo, agora vamos cobrar&#8221;, diz Brack, que tamb\u00e9m coordena a ONG ING\u00c1.<br \/>\nO ambientalista cita as zonais, pertencentes \u00e0 pasta, que est\u00e3o desativadas, a volta \u00e0 atividade do Conselho Municipal do Meio Ambiente (COMAM) e o edital do FUMPR\u00d3AMB. &#8220;Ou seja, n\u00e3o existem at\u00e9 agora projetos demandados&#8221; criticou.<br \/>\nO Comam foi criado pela Lei Complementar 369, de 16 de janeiro de 1996, e regulamentado pelo Decreto Municipal 11.508, \u00e9 um \u00f3rg\u00e3o de participa\u00e7\u00e3o direta da sociedade civil na administra\u00e7\u00e3o p\u00fablica municipal.\u00a0Atuando em car\u00e1ter consultivo e deliberativo, tem compet\u00eancia para propor e formular pol\u00edticas municipais de meio ambiente e acompanhar sua execu\u00e7\u00e3o. O Comam \u00e9 constitu\u00eddo\u00a0por 27 membros com mandatos renov\u00e1veis a cada dois anos.<br \/>\nBrack espera que o licenciamento seja controlado e fiscalizado por t\u00e9cnicos da pasta. &#8220;N\u00e3o podemos deixar esse assunto nas m\u00e3os do Desenvolvimento Econ\u00f4mico&#8221;, salientou.<br \/>\nO presidente da\u00a0Associa\u00e7\u00e3o Ga\u00facha de Prote\u00e7\u00e3o ao Ambiente Natural (Agapan), Leonardo Melgarejo, espera que o titular da SMAM contribua com novas ideias e exija o cumprimento do que j\u00e1 foi estabelecido como pol\u00edtica ambiental para Porto Alegre.<br \/>\n&#8220;A responsabilidade da Secretaria do Meio Ambiente deve estar voltada para o Plano Diretor, que voltou a ser discutido este ano. E dentro disso, temos que saber como ser\u00e3o os licenciamentos&#8221; ressaltou.<br \/>\n&nbsp;<br \/>\n&nbsp;<\/p>\n","protected":false},"excerpt":{"rendered":"<p>Entidades ambientais preparam uma pauta de reivindica\u00e7\u00f5es para apresentar ao novo secret\u00e1rio municipal do Meio Ambiente, Mauricio Fernandes, anunciado na quarta-feira passada, dia 24, pelo vice-prefeito Gustavo Paim. O pedido de reuni\u00e3o ser\u00e1 feito ainda esta semana. O\u00a0professor Paulo Brack, da Ufrgs, coordenador da\u00a0Assembleia Permanente de Entidades em Defesa do Meio Ambiente (APEDeMA\/RS), diz que [&hellip;]<\/p>\n","protected":false},"author":4,"featured_media":49193,"comment_status":"open","ping_status":"closed","sticky":false,"template":"","format":"standard","meta":{"_jetpack_newsletter_access":"","_jetpack_dont_email_post_to_subs":false,"_jetpack_newsletter_tier_id":0,"_jetpack_memberships_contains_paywalled_content":false,"_jetpack_feature_clip_id":0,"_jetpack_memberships_contains_paid_content":false,"footnotes":"","jetpack_post_was_ever_published":false},"categories":[26],"tags":[],"class_list":["post-49189","post","type-post","status-publish","format-standard","has-post-thumbnail","hentry","category-geral"],"aioseo_notices":[],"aioseo_head":"\n\t\t<!-- All in One SEO 5.0.1.1 - aioseo.com -->\n\t<meta name=\"robots\" content=\"max-image-preview:large\" \/>\n\t<meta name=\"author\" content=\"da Reda\u00e7\u00e3o\"\/>\n\t<link rel=\"canonical\" href=\"https:\/\/www.jornalja.com.br\/arquivo\/ambientalistas-irao-ao-secretario-cobrar-acoes-do-comam-e-do-fumproamb\/\" \/>\n\t<meta name=\"generator\" content=\"All in One SEO (AIOSEO) 5.0.1.1\" \/>\n\t\t<meta property=\"og:locale\" content=\"pt_BR\" \/>\n\t\t<meta property=\"og:site_name\" content=\"Arquivo | Jornal J\u00c1 | Porto Alegre\" \/>\n\t\t<meta property=\"og:type\" content=\"article\" \/>\n\t\t<meta property=\"og:title\" content=\"Ambientalistas ir\u00e3o ao secret\u00e1rio cobrar a\u00e7\u00f5es do Comam e do FUMPR\u00d3AMB | Arquivo\" \/>\n\t\t<meta property=\"og:url\" content=\"https:\/\/www.jornalja.com.br\/arquivo\/ambientalistas-irao-ao-secretario-cobrar-acoes-do-comam-e-do-fumproamb\/\" \/>\n\t\t<meta property=\"og:image\" content=\"https:\/\/www.jornalja.com.br\/economics\/wp-content\/uploads\/sites\/11\/2026\/08\/ja-folhaderosto-facebook.jpg\" \/>\n\t\t<meta property=\"og:image:secure_url\" content=\"https:\/\/www.jornalja.com.br\/economics\/wp-content\/uploads\/sites\/11\/2026\/08\/ja-folhaderosto-facebook.jpg\" \/>\n\t\t<meta property=\"article:published_time\" content=\"2017-05-30T19:50:52+00:00\" \/>\n\t\t<meta property=\"article:modified_time\" content=\"2017-05-30T19:50:52+00:00\" \/>\n\t\t<meta name=\"twitter:card\" content=\"summary\" \/>\n\t\t<meta name=\"twitter:title\" content=\"Ambientalistas ir\u00e3o ao secret\u00e1rio cobrar a\u00e7\u00f5es do Comam e do FUMPR\u00d3AMB | Arquivo\" \/>\n\t\t<meta name=\"twitter:image\" content=\"https:\/\/www.jornalja.com.br\/economics\/wp-content\/uploads\/sites\/11\/2026\/08\/ja-folhaderosto-facebook.jpg\" \/>\n\t\t<script type=\"application\/ld+json\" class=\"aioseo-schema\">\n\t\t\t{\"@context\":\"https:\\\/\\\/schema.org\",\"@graph\":[{\"@type\":\"BlogPosting\",\"@id\":\"https:\\\/\\\/www.jornalja.com.br\\\/arquivo\\\/ambientalistas-irao-ao-secretario-cobrar-acoes-do-comam-e-do-fumproamb\\\/#blogposting\",\"name\":\"Ambientalistas ir\\u00e3o ao secret\\u00e1rio cobrar a\\u00e7\\u00f5es do Comam e do FUMPR\\u00d3AMB | Arquivo\",\"headline\":\"Ambientalistas ir\\u00e3o ao secret\\u00e1rio cobrar a\\u00e7\\u00f5es do Comam e do FUMPR\\u00d3AMB\",\"author\":{\"@id\":\"https:\\\/\\\/www.jornalja.com.br\\\/arquivo\\\/author\\\/daredacao\\\/#author\"},\"publisher\":{\"@id\":\"https:\\\/\\\/www.jornalja.com.br\\\/arquivo\\\/#organization\"},\"image\":{\"@type\":\"ImageObject\",\"url\":49193},\"datePublished\":\"2017-05-30T16:50:52-03:00\",\"dateModified\":\"2017-05-30T16:50:52-03:00\",\"inLanguage\":\"pt-BR\",\"mainEntityOfPage\":{\"@id\":\"https:\\\/\\\/www.jornalja.com.br\\\/arquivo\\\/ambientalistas-irao-ao-secretario-cobrar-acoes-do-comam-e-do-fumproamb\\\/#webpage\"},\"isPartOf\":{\"@id\":\"https:\\\/\\\/www.jornalja.com.br\\\/arquivo\\\/ambientalistas-irao-ao-secretario-cobrar-acoes-do-comam-e-do-fumproamb\\\/#webpage\"},\"articleSection\":\"Geral\"},{\"@type\":\"BreadcrumbList\",\"@id\":\"https:\\\/\\\/www.jornalja.com.br\\\/arquivo\\\/ambientalistas-irao-ao-secretario-cobrar-acoes-do-comam-e-do-fumproamb\\\/#breadcrumblist\",\"itemListElement\":[{\"@type\":\"ListItem\",\"@id\":\"https:\\\/\\\/www.jornalja.com.br\\\/arquivo#listItem\",\"position\":1,\"name\":\"Home\",\"item\":\"https:\\\/\\\/www.jornalja.com.br\\\/arquivo\",\"nextItem\":{\"@type\":\"ListItem\",\"@id\":\"https:\\\/\\\/www.jornalja.com.br\\\/arquivo\\\/category\\\/geral\\\/#listItem\",\"name\":\"Geral\"}},{\"@type\":\"ListItem\",\"@id\":\"https:\\\/\\\/www.jornalja.com.br\\\/arquivo\\\/category\\\/geral\\\/#listItem\",\"position\":2,\"name\":\"Geral\",\"item\":\"https:\\\/\\\/www.jornalja.com.br\\\/arquivo\\\/category\\\/geral\\\/\",\"nextItem\":{\"@type\":\"ListItem\",\"@id\":\"https:\\\/\\\/www.jornalja.com.br\\\/arquivo\\\/ambientalistas-irao-ao-secretario-cobrar-acoes-do-comam-e-do-fumproamb\\\/#listItem\",\"name\":\"Ambientalistas ir\\u00e3o ao secret\\u00e1rio cobrar a\\u00e7\\u00f5es do Comam e do FUMPR\\u00d3AMB\"},\"previousItem\":{\"@type\":\"ListItem\",\"@id\":\"https:\\\/\\\/www.jornalja.com.br\\\/arquivo#listItem\",\"name\":\"Home\"}},{\"@type\":\"ListItem\",\"@id\":\"https:\\\/\\\/www.jornalja.com.br\\\/arquivo\\\/ambientalistas-irao-ao-secretario-cobrar-acoes-do-comam-e-do-fumproamb\\\/#listItem\",\"position\":3,\"name\":\"Ambientalistas ir\\u00e3o ao secret\\u00e1rio cobrar a\\u00e7\\u00f5es do Comam e do FUMPR\\u00d3AMB\",\"previousItem\":{\"@type\":\"ListItem\",\"@id\":\"https:\\\/\\\/www.jornalja.com.br\\\/arquivo\\\/category\\\/geral\\\/#listItem\",\"name\":\"Geral\"}}]},{\"@type\":\"Organization\",\"@id\":\"https:\\\/\\\/www.jornalja.com.br\\\/arquivo\\\/#organization\",\"name\":\"Jornal J\\u00c1\",\"description\":\"Jornal J\\u00c1 | Porto Alegre\",\"url\":\"https:\\\/\\\/www.jornalja.com.br\\\/arquivo\\\/\",\"telephone\":\"+555133307272\",\"logo\":{\"@type\":\"ImageObject\",\"url\":\"https:\\\/\\\/www.jornalja.com.br\\\/wp-content\\\/uploads\\\/cards\\\/JAslogan.png\",\"@id\":\"https:\\\/\\\/www.jornalja.com.br\\\/arquivo\\\/ambientalistas-irao-ao-secretario-cobrar-acoes-do-comam-e-do-fumproamb\\\/#organizationLogo\"},\"image\":{\"@id\":\"https:\\\/\\\/www.jornalja.com.br\\\/arquivo\\\/ambientalistas-irao-ao-secretario-cobrar-acoes-do-comam-e-do-fumproamb\\\/#organizationLogo\"}},{\"@type\":\"Person\",\"@id\":\"https:\\\/\\\/www.jornalja.com.br\\\/arquivo\\\/author\\\/daredacao\\\/#author\",\"url\":\"https:\\\/\\\/www.jornalja.com.br\\\/arquivo\\\/author\\\/daredacao\\\/\",\"name\":\"da Reda\\u00e7\\u00e3o\",\"image\":{\"@type\":\"ImageObject\",\"@id\":\"https:\\\/\\\/www.jornalja.com.br\\\/arquivo\\\/ambientalistas-irao-ao-secretario-cobrar-acoes-do-comam-e-do-fumproamb\\\/#authorImage\",\"url\":\"https:\\\/\\\/secure.gravatar.com\\\/avatar\\\/469fd857d6605ad19919d27ed29d35a968a25f6e8fd9318356bbb7f57aae9c65?s=96&d=mm&r=g\",\"width\":96,\"height\":96,\"caption\":\"da Reda\\u00e7\\u00e3o\"}},{\"@type\":\"WebPage\",\"@id\":\"https:\\\/\\\/www.jornalja.com.br\\\/arquivo\\\/ambientalistas-irao-ao-secretario-cobrar-acoes-do-comam-e-do-fumproamb\\\/#webpage\",\"url\":\"https:\\\/\\\/www.jornalja.com.br\\\/arquivo\\\/ambientalistas-irao-ao-secretario-cobrar-acoes-do-comam-e-do-fumproamb\\\/\",\"name\":\"Ambientalistas ir\\u00e3o ao secret\\u00e1rio cobrar a\\u00e7\\u00f5es do Comam e do FUMPR\\u00d3AMB | Arquivo\",\"inLanguage\":\"pt-BR\",\"isPartOf\":{\"@id\":\"https:\\\/\\\/www.jornalja.com.br\\\/arquivo\\\/#website\"},\"breadcrumb\":{\"@id\":\"https:\\\/\\\/www.jornalja.com.br\\\/arquivo\\\/ambientalistas-irao-ao-secretario-cobrar-acoes-do-comam-e-do-fumproamb\\\/#breadcrumblist\"},\"author\":{\"@id\":\"https:\\\/\\\/www.jornalja.com.br\\\/arquivo\\\/author\\\/daredacao\\\/#author\"},\"creator\":{\"@id\":\"https:\\\/\\\/www.jornalja.com.br\\\/arquivo\\\/author\\\/daredacao\\\/#author\"},\"image\":{\"@type\":\"ImageObject\",\"url\":49193,\"@id\":\"https:\\\/\\\/www.jornalja.com.br\\\/arquivo\\\/ambientalistas-irao-ao-secretario-cobrar-acoes-do-comam-e-do-fumproamb\\\/#mainImage\"},\"primaryImageOfPage\":{\"@id\":\"https:\\\/\\\/www.jornalja.com.br\\\/arquivo\\\/ambientalistas-irao-ao-secretario-cobrar-acoes-do-comam-e-do-fumproamb\\\/#mainImage\"},\"datePublished\":\"2017-05-30T16:50:52-03:00\",\"dateModified\":\"2017-05-30T16:50:52-03:00\"},{\"@type\":\"WebSite\",\"@id\":\"https:\\\/\\\/www.jornalja.com.br\\\/arquivo\\\/#website\",\"url\":\"https:\\\/\\\/www.jornalja.com.br\\\/arquivo\\\/\",\"name\":\"Arquivo\",\"description\":\"Jornal J\\u00c1 | Porto Alegre\",\"inLanguage\":\"pt-BR\",\"publisher\":{\"@id\":\"https:\\\/\\\/www.jornalja.com.br\\\/arquivo\\\/#organization\"}}]}\n\t\t<\/script>\n\t\t<!-- All in One SEO -->\n\n","aioseo_head_json":{"title":"Ambientalistas ir\u00e3o ao secret\u00e1rio cobrar a\u00e7\u00f5es do Comam e do FUMPR\u00d3AMB | Arquivo","description":"","canonical_url":"https:\/\/www.jornalja.com.br\/arquivo\/ambientalistas-irao-ao-secretario-cobrar-acoes-do-comam-e-do-fumproamb\/","robots":"max-image-preview:large","keywords":"","webmasterTools":{"miscellaneous":""},"schema":{"@context":"https:\/\/schema.org","@graph":[{"@type":"BlogPosting","@id":"https:\/\/www.jornalja.com.br\/arquivo\/ambientalistas-irao-ao-secretario-cobrar-acoes-do-comam-e-do-fumproamb\/#blogposting","name":"Ambientalistas ir\u00e3o ao secret\u00e1rio cobrar a\u00e7\u00f5es do Comam e do FUMPR\u00d3AMB | Arquivo","headline":"Ambientalistas ir\u00e3o ao secret\u00e1rio cobrar a\u00e7\u00f5es do Comam e do FUMPR\u00d3AMB","author":{"@id":"https:\/\/www.jornalja.com.br\/arquivo\/author\/daredacao\/#author"},"publisher":{"@id":"https:\/\/www.jornalja.com.br\/arquivo\/#organization"},"image":{"@type":"ImageObject","url":49193},"datePublished":"2017-05-30T16:50:52-03:00","dateModified":"2017-05-30T16:50:52-03:00","inLanguage":"pt-BR","mainEntityOfPage":{"@id":"https:\/\/www.jornalja.com.br\/arquivo\/ambientalistas-irao-ao-secretario-cobrar-acoes-do-comam-e-do-fumproamb\/#webpage"},"isPartOf":{"@id":"https:\/\/www.jornalja.com.br\/arquivo\/ambientalistas-irao-ao-secretario-cobrar-acoes-do-comam-e-do-fumproamb\/#webpage"},"articleSection":"Geral"},{"@type":"BreadcrumbList","@id":"https:\/\/www.jornalja.com.br\/arquivo\/ambientalistas-irao-ao-secretario-cobrar-acoes-do-comam-e-do-fumproamb\/#breadcrumblist","itemListElement":[{"@type":"ListItem","@id":"https:\/\/www.jornalja.com.br\/arquivo#listItem","position":1,"name":"Home","item":"https:\/\/www.jornalja.com.br\/arquivo","nextItem":{"@type":"ListItem","@id":"https:\/\/www.jornalja.com.br\/arquivo\/category\/geral\/#listItem","name":"Geral"}},{"@type":"ListItem","@id":"https:\/\/www.jornalja.com.br\/arquivo\/category\/geral\/#listItem","position":2,"name":"Geral","item":"https:\/\/www.jornalja.com.br\/arquivo\/category\/geral\/","nextItem":{"@type":"ListItem","@id":"https:\/\/www.jornalja.com.br\/arquivo\/ambientalistas-irao-ao-secretario-cobrar-acoes-do-comam-e-do-fumproamb\/#listItem","name":"Ambientalistas ir\u00e3o ao secret\u00e1rio cobrar a\u00e7\u00f5es do Comam e do FUMPR\u00d3AMB"},"previousItem":{"@type":"ListItem","@id":"https:\/\/www.jornalja.com.br\/arquivo#listItem","name":"Home"}},{"@type":"ListItem","@id":"https:\/\/www.jornalja.com.br\/arquivo\/ambientalistas-irao-ao-secretario-cobrar-acoes-do-comam-e-do-fumproamb\/#listItem","position":3,"name":"Ambientalistas ir\u00e3o ao secret\u00e1rio cobrar a\u00e7\u00f5es do Comam e do FUMPR\u00d3AMB","previousItem":{"@type":"ListItem","@id":"https:\/\/www.jornalja.com.br\/arquivo\/category\/geral\/#listItem","name":"Geral"}}]},{"@type":"Organization","@id":"https:\/\/www.jornalja.com.br\/arquivo\/#organization","name":"Jornal J\u00c1","description":"Jornal J\u00c1 | Porto Alegre","url":"https:\/\/www.jornalja.com.br\/arquivo\/","telephone":"+555133307272","logo":{"@type":"ImageObject","url":"https:\/\/www.jornalja.com.br\/wp-content\/uploads\/cards\/JAslogan.png","@id":"https:\/\/www.jornalja.com.br\/arquivo\/ambientalistas-irao-ao-secretario-cobrar-acoes-do-comam-e-do-fumproamb\/#organizationLogo"},"image":{"@id":"https:\/\/www.jornalja.com.br\/arquivo\/ambientalistas-irao-ao-secretario-cobrar-acoes-do-comam-e-do-fumproamb\/#organizationLogo"}},{"@type":"Person","@id":"https:\/\/www.jornalja.com.br\/arquivo\/author\/daredacao\/#author","url":"https:\/\/www.jornalja.com.br\/arquivo\/author\/daredacao\/","name":"da Reda\u00e7\u00e3o","image":{"@type":"ImageObject","@id":"https:\/\/www.jornalja.com.br\/arquivo\/ambientalistas-irao-ao-secretario-cobrar-acoes-do-comam-e-do-fumproamb\/#authorImage","url":"https:\/\/secure.gravatar.com\/avatar\/469fd857d6605ad19919d27ed29d35a968a25f6e8fd9318356bbb7f57aae9c65?s=96&d=mm&r=g","width":96,"height":96,"caption":"da Reda\u00e7\u00e3o"}},{"@type":"WebPage","@id":"https:\/\/www.jornalja.com.br\/arquivo\/ambientalistas-irao-ao-secretario-cobrar-acoes-do-comam-e-do-fumproamb\/#webpage","url":"https:\/\/www.jornalja.com.br\/arquivo\/ambientalistas-irao-ao-secretario-cobrar-acoes-do-comam-e-do-fumproamb\/","name":"Ambientalistas ir\u00e3o ao secret\u00e1rio cobrar a\u00e7\u00f5es do Comam e do FUMPR\u00d3AMB | Arquivo","inLanguage":"pt-BR","isPartOf":{"@id":"https:\/\/www.jornalja.com.br\/arquivo\/#website"},"breadcrumb":{"@id":"https:\/\/www.jornalja.com.br\/arquivo\/ambientalistas-irao-ao-secretario-cobrar-acoes-do-comam-e-do-fumproamb\/#breadcrumblist"},"author":{"@id":"https:\/\/www.jornalja.com.br\/arquivo\/author\/daredacao\/#author"},"creator":{"@id":"https:\/\/www.jornalja.com.br\/arquivo\/author\/daredacao\/#author"},"image":{"@type":"ImageObject","url":49193,"@id":"https:\/\/www.jornalja.com.br\/arquivo\/ambientalistas-irao-ao-secretario-cobrar-acoes-do-comam-e-do-fumproamb\/#mainImage"},"primaryImageOfPage":{"@id":"https:\/\/www.jornalja.com.br\/arquivo\/ambientalistas-irao-ao-secretario-cobrar-acoes-do-comam-e-do-fumproamb\/#mainImage"},"datePublished":"2017-05-30T16:50:52-03:00","dateModified":"2017-05-30T16:50:52-03:00"},{"@type":"WebSite","@id":"https:\/\/www.jornalja.com.br\/arquivo\/#website","url":"https:\/\/www.jornalja.com.br\/arquivo\/","name":"Arquivo","description":"Jornal J\u00c1 | Porto Alegre","inLanguage":"pt-BR","publisher":{"@id":"https:\/\/www.jornalja.com.br\/arquivo\/#organization"}}]},"og:locale":"pt_BR","og:site_name":"Arquivo | Jornal J\u00c1 | Porto Alegre","og:type":"article","og:title":"Ambientalistas ir\u00e3o ao secret\u00e1rio cobrar a\u00e7\u00f5es do Comam e do FUMPR\u00d3AMB | Arquivo","og:url":"https:\/\/www.jornalja.com.br\/arquivo\/ambientalistas-irao-ao-secretario-cobrar-acoes-do-comam-e-do-fumproamb\/","og:image":"https:\/\/www.jornalja.com.br\/economics\/wp-content\/uploads\/sites\/11\/2026\/08\/ja-folhaderosto-facebook.jpg","og:image:secure_url":"https:\/\/www.jornalja.com.br\/economics\/wp-content\/uploads\/sites\/11\/2026\/08\/ja-folhaderosto-facebook.jpg","article:published_time":"2017-05-30T19:50:52+00:00","article:modified_time":"2017-05-30T19:50:52+00:00","twitter:card":"summary","twitter:title":"Ambientalistas ir\u00e3o ao secret\u00e1rio cobrar a\u00e7\u00f5es do Comam e do FUMPR\u00d3AMB | Arquivo","twitter:image":"https:\/\/www.jornalja.com.br\/economics\/wp-content\/uploads\/sites\/11\/2026\/08\/ja-folhaderosto-facebook.jpg"},"aioseo_meta_data":{"post_id":"49189","title":null,"description":null,"keywords":null,"keyphrases":null,"primary_term":null,"canonical_url":null,"og_title":null,"og_description":null,"og_object_type":"default","og_image_type":"default","og_image_url":null,"og_image_width":null,"og_image_height":null,"og_image_custom_url":null,"og_image_custom_fields":null,"og_video":null,"og_custom_url":null,"og_article_section":null,"og_article_tags":null,"twitter_use_og":false,"twitter_card":"default","twitter_image_type":"default","twitter_image_url":null,"twitter_image_custom_url":null,"twitter_image_custom_fields":null,"twitter_title":null,"twitter_description":null,"schema":{"blockGraphs":[],"customGraphs":[],"default":{"data":{"Article":[],"Course":[],"Dataset":[],"FAQPage":[],"Movie":[],"Person":[],"Product":[],"ProductReview":[],"Car":[],"Recipe":[],"Service":[],"SoftwareApplication":[],"WebPage":[]},"graphName":"","isEnabled":true},"graphs":[],"defaultGraph":"","defaultPostTypeGraph":""},"schema_type":null,"schema_type_options":null,"pillar_content":false,"robots_default":true,"robots_noindex":false,"robots_noarchive":false,"robots_nosnippet":false,"robots_nofollow":false,"robots_noimageindex":false,"robots_noodp":false,"robots_notranslate":false,"robots_max_snippet":null,"robots_max_videopreview":null,"robots_max_imagepreview":"large","priority":null,"frequency":null,"location":null,"local_seo":null,"breadcrumb_settings":null,"limit_modified_date":false,"ai":null,"created":"2020-12-20 20:32:48","updated":"2025-07-19 21:51:41","seo_analyzer_scan_date":null,"focus_keyword":null,"additional_keywords":null,"truseo_locale":null},"jetpack_sharing_enabled":true,"jetpack-related-posts":[{"id":13109,"url":"https:\/\/www.jornalja.com.br\/arquivo\/judiciario-reconhece-poluicao-eletromagnetica\/","url_meta":{"origin":49189,"position":0},"title":"Judici\u00e1rio reconhece polui\u00e7\u00e3o eletromagn\u00e9tica","author":"Patr\u00edcia Marini","date":"16 de maio de 2014","format":false,"excerpt":"A\u00e7\u00e3o de duas associa\u00e7\u00f5es de moradores foi acolhida pelo Tribunal de Justi\u00e7a de S\u00e3o Paulo que. em decis\u00e3o in\u00e9dita, determinou a redu\u00e7\u00e3o do campo eletromagn\u00e9tico gerado pelas linhas de transmiss\u00e3o de energia que cortam os bairros City Boa\u00e7ava e Alto de Pinheiros. \u00c9 a primeira vez que um tribunal do\u2026","rel":"","context":"Em &quot;X.Categorias velhas&quot;","block_context":{"text":"X.Categorias velhas","link":"https:\/\/www.jornalja.com.br\/arquivo\/category\/x-categorias-velhas\/"},"img":{"alt_text":"","src":"","width":0,"height":0},"classes":[]},{"id":13128,"url":"https:\/\/www.jornalja.com.br\/arquivo\/maconha-terra-diz-que-uso-medicinal-e-desculpa\/","url_meta":{"origin":49189,"position":1},"title":"Maconha: Terra diz que uso medicinal \u00e9 desculpa","author":"Patr\u00edcia Marini","date":"4 de junho de 2014","format":false,"excerpt":"A condi\u00e7\u00e3o de pol\u00edtico, em \u00e9poca de campanha de campanha eleitoral, tira for\u00e7a do discurso do m\u00e9dico Osmar Terra contra a legaliza\u00e7\u00e3o da maconha. A tese dele de que a libera\u00e7\u00e3o vai ampliar exponencialmente o consumo \u00e9 discutivel, o consumo \u00e9 corrente. Mas seus alertas quanto aos riscos tem que\u2026","rel":"","context":"Em &quot;X.Categorias velhas&quot;","block_context":{"text":"X.Categorias velhas","link":"https:\/\/www.jornalja.com.br\/arquivo\/category\/x-categorias-velhas\/"},"img":{"alt_text":"","src":"","width":0,"height":0},"classes":[]},{"id":5440,"url":"https:\/\/www.jornalja.com.br\/arquivo\/casarao-da-venancio-destino-permanece-incerto\/","url_meta":{"origin":49189,"position":2},"title":"Estado ainda n\u00e3o sabe o que fazer com casar\u00e3o abandonado h\u00e1 20 anos","author":"Elmar Bones","date":"6 de julho de 2009","format":false,"excerpt":"O casar\u00e3o amarelo, numa esquina nobre de Porto Alegre (Ven\u00e2ncio Aires com Jo\u00e3o Pessoa), j\u00e1 abrigou uma escola. H\u00e1 duas d\u00e9cadas, pelo menos, est\u00e1 abandonado, porque seu propriet\u00e1rio, o governo do Estado do Rio Grande do Sul, n\u00e3o consegue achar um destino para ele. Planos n\u00e3o faltaram. O governador Ol\u00edvio\u2026","rel":"","context":"Em &quot;X.Categorias velhas&quot;","block_context":{"text":"X.Categorias velhas","link":"https:\/\/www.jornalja.com.br\/arquivo\/category\/x-categorias-velhas\/"},"img":{"alt_text":"geraldo1","src":"https:\/\/i0.wp.com\/www.jornalja.com.br\/wp-content\/uploads\/2009\/07\/geraldo1.jpg?resize=350%2C200&ssl=1","width":350,"height":200},"classes":[]},{"id":13239,"url":"https:\/\/www.jornalja.com.br\/arquivo\/conselho-desdenha-do-plano-diretor\/","url_meta":{"origin":49189,"position":3},"title":"Porto Alegre: Conselho detona Plano Diretor","author":"Patr\u00edcia Marini","date":"25 de maio de 2014","format":false,"excerpt":"Den\u00fancia do arquiteto e \u00a0urbanista Ibir\u00e1 Santos Lucas. Ele diz que os conselheiros est\u00e3o votando com \"enorme irresponsabilidade\". \"Mudam regime com a maior naturalidade,,,regularizam absurdos de constru\u00e7\u00f5es irregulares... \"O CMDUA est\u00e1 flexibilizando a lei do plano diretor, de uma forma impactante na vida da cidade. Mudam regime com a maior\u2026","rel":"","context":"Em &quot;Geral&quot;","block_context":{"text":"Geral","link":"https:\/\/www.jornalja.com.br\/arquivo\/category\/geral\/"},"img":{"alt_text":"","src":"","width":0,"height":0},"classes":[]},{"id":13240,"url":"https:\/\/www.jornalja.com.br\/arquivo\/plano-diretor-estamos-construindo-o-caos\/","url_meta":{"origin":49189,"position":4},"title":"Plano diretor: &quot;Estamos construindo o caos&quot;","author":"Patr\u00edcia Marini","date":"26 de maio de 2014","format":false,"excerpt":"Desabafo que arquiteta Eliana Castilhos, delegada da Regi\u00e3o de Planejamento 1, postou nas redes sociais \u00e9 um testemunho do ambiente que se criou no Conselho do Plano Diretor de Porto Alegre, onde a aprova\u00e7\u00e3o de grandes empreendimentos \u00e9 empurrada guela abaixo dos conselheiros. Ao CMDUA Como delegada da Regi\u00e3o de\u2026","rel":"","context":"Em &quot;Geral&quot;","block_context":{"text":"Geral","link":"https:\/\/www.jornalja.com.br\/arquivo\/category\/geral\/"},"img":{"alt_text":"","src":"","width":0,"height":0},"classes":[]},{"id":13101,"url":"https:\/\/www.jornalja.com.br\/arquivo\/morre-um-guerreiro-do-texto\/","url_meta":{"origin":49189,"position":5},"title":"Morre um guerreiro do texto","author":"Patr\u00edcia Marini","date":"14 de maio de 2014","format":false,"excerpt":"Por Ricardo Kotscho Reproduzido do blog do autor, 11\/5\/2014; t\u00edtulo original \u201cE l\u00e1 se foi o nosso Myltainho, guerreiro do texto\u201d. Mi\u00fado e franzino, meu amigo Myltainho era um valente e inconformado guerreiro na luta contra as injusti\u00e7as sociais, a hipocrisia, as maracutaias, o autoritarismo, a intoler\u00e2ncia, a viol\u00eancia, o\u2026","rel":"","context":"Em &quot;Geral&quot;","block_context":{"text":"Geral","link":"https:\/\/www.jornalja.com.br\/arquivo\/category\/geral\/"},"img":{"alt_text":"","src":"","width":0,"height":0},"classes":[]}],"jetpack_shortlink":"https:\/\/wp.me\/pbQjBd-cNn","jetpack_featured_media_url":"","_links":{"self":[{"href":"https:\/\/www.jornalja.com.br\/arquivo\/wp-json\/wp\/v2\/posts\/49189","targetHints":{"allow":["GET"]}}],"collection":[{"href":"https:\/\/www.jornalja.com.br\/arquivo\/wp-json\/wp\/v2\/posts"}],"about":[{"href":"https:\/\/www.jornalja.com.br\/arquivo\/wp-json\/wp\/v2\/types\/post"}],"author":[{"embeddable":true,"href":"https:\/\/www.jornalja.com.br\/arquivo\/wp-json\/wp\/v2\/users\/4"}],"replies":[{"embeddable":true,"href":"https:\/\/www.jornalja.com.br\/arquivo\/wp-json\/wp\/v2\/comments?post=49189"}],"version-history":[{"count":0,"href":"https:\/\/www.jornalja.com.br\/arquivo\/wp-json\/wp\/v2\/posts\/49189\/revisions"}],"wp:attachment":[{"href":"https:\/\/www.jornalja.com.br\/arquivo\/wp-json\/wp\/v2\/media?parent=49189"}],"wp:term":[{"taxonomy":"category","embeddable":true,"href":"https:\/\/www.jornalja.com.br\/arquivo\/wp-json\/wp\/v2\/categories?post=49189"},{"taxonomy":"post_tag","embeddable":true,"href":"https:\/\/www.jornalja.com.br\/arquivo\/wp-json\/wp\/v2\/tags?post=49189"}],"curies":[{"name":"wp","href":"https:\/\/api.w.org\/{rel}","templated":true}]}}