{"id":49206,"date":"2017-05-30T20:19:18","date_gmt":"2017-05-30T23:19:18","guid":{"rendered":"https:\/\/www.jornalja.com.br\/?p=49206"},"modified":"2017-05-30T20:19:18","modified_gmt":"2017-05-30T23:19:18","slug":"entidades-colhem-assinaturas-para-pedir-a-cpi-dos-beneficios-fiscais","status":"publish","type":"post","link":"https:\/\/www.jornalja.com.br\/arquivo\/entidades-colhem-assinaturas-para-pedir-a-cpi-dos-beneficios-fiscais\/","title":{"rendered":"Entidades colhem assinaturas para  pedir a &quot;CPI dos  Benef\u00edcios Fiscais&quot;"},"content":{"rendered":"<div class=\"detalhes\">\nUma manifesta\u00e7\u00e3o liderada pelo sindicato dos fiscais tribut\u00e1rios do Estado (Afocefe) colheu assinaturas na Esquina Democr\u00e1tica, nesta ter\u00e7a-feira (30).<br \/>\nTrinta e seis entidades, entre elas sindicatos de servidores, associa\u00e7\u00e3o de ju\u00edzes e do minist\u00e9rio p\u00fablico, j\u00e1 aderiram ao movimento que pede uma Comiss\u00e3o Parlamentar de Inqu\u00e9rito para investigar a concess\u00e3o de incentivos fiscais a grupos privados no Estado.<br \/>\n&#8220;Ningu\u00e9m \u00e9 contra os incentivos. Mas tem que haver transpar\u00eancia, tem que se saber o que est\u00e1 sendo feito com o dinheiro p\u00fablico&#8221;, diz o presidente do Afocefe, Carlos De Martini.<br \/>\n&nbsp;<br \/>\nEle aponta um estudo feito pela FEE: s\u00f3 em 2015, os cofres estaduais deixaram de arrecadar R$ 9 bilh\u00f5es em desonera\u00e7\u00f5es do ICMS, o principal imposto estadual. Se forem somadas as isen\u00e7\u00f5es por leis federais, a ren\u00fancia pode chegar a R$ 13 bilh\u00f5es anuais. &#8220;\u00c9 muito, s\u00e3o contratos bilion\u00e1rios mas nem o Minist\u00e9rio P\u00fablico de Contas obt\u00e9m informa\u00e7\u00f5es sobre \u00a0esses contratos&#8221;, \u00a0diz De Martini.<br \/>\nUma CPI da Transpar\u00eancia dos Incentivos Fiscais j\u00e1 tem projeto na Assembleia, do deputado Luis Augusto Lara (PTB). Est\u00e1 em fase de coleta das assinaturas para embasar o pedido. S\u00e3o necess\u00e1rios 19 assinantes. A coleta empacou nos 15 deputados e n\u00e3o h\u00e1 perspectiva de avan\u00e7o. &#8220;Todos foram governo e todos os governos concederam incentivos, temem que sirva para jogo pol\u00edtico.&#8221;<br \/>\nPor isso, o movimento das entidades \u00a0est\u00e1 indo \u00e0s ruas colher assinaturas para pressionar os deputados.<br \/>\nA meta \u00e9 recolher um milh\u00e3o de assinaturas da popula\u00e7\u00e3o. A mobiliza\u00e7\u00e3o se estender\u00e1 a todas as regi\u00f5es do Estado.<br \/>\n&nbsp;\n<\/div>\n<div class=\"compartilhar\"><\/div>\n","protected":false},"excerpt":{"rendered":"<p>Uma manifesta\u00e7\u00e3o liderada pelo sindicato dos fiscais tribut\u00e1rios do Estado (Afocefe) colheu assinaturas na Esquina Democr\u00e1tica, nesta ter\u00e7a-feira (30). Trinta e seis entidades, entre elas sindicatos de servidores, associa\u00e7\u00e3o de ju\u00edzes e do minist\u00e9rio p\u00fablico, j\u00e1 aderiram ao movimento que pede uma Comiss\u00e3o Parlamentar de Inqu\u00e9rito para investigar a concess\u00e3o de incentivos fiscais a grupos [&hellip;]<\/p>\n","protected":false},"author":4,"featured_media":49215,"comment_status":"open","ping_status":"closed","sticky":false,"template":"","format":"standard","meta":{"_jetpack_newsletter_access":"","_jetpack_dont_email_post_to_subs":false,"_jetpack_newsletter_tier_id":0,"_jetpack_memberships_contains_paywalled_content":false,"_jetpack_feature_clip_id":0,"_jetpack_memberships_contains_paid_content":false,"footnotes":"","jetpack_post_was_ever_published":false},"categories":[26],"tags":[],"class_list":["post-49206","post","type-post","status-publish","format-standard","has-post-thumbnail","hentry","category-geral"],"aioseo_notices":[],"aioseo_head":"\n\t\t<!-- All in One SEO 5.0.1.1 - aioseo.com -->\n\t<meta name=\"robots\" content=\"max-image-preview:large\" \/>\n\t<meta name=\"author\" content=\"da Reda\u00e7\u00e3o\"\/>\n\t<link rel=\"canonical\" href=\"https:\/\/www.jornalja.com.br\/arquivo\/entidades-colhem-assinaturas-para-pedir-a-cpi-dos-beneficios-fiscais\/\" \/>\n\t<meta name=\"generator\" content=\"All in One SEO (AIOSEO) 5.0.1.1\" \/>\n\t\t<meta property=\"og:locale\" content=\"pt_BR\" \/>\n\t\t<meta property=\"og:site_name\" content=\"Arquivo | Jornal J\u00c1 | Porto Alegre\" \/>\n\t\t<meta property=\"og:type\" content=\"article\" \/>\n\t\t<meta property=\"og:title\" content=\"Entidades colhem assinaturas para pedir a &quot;CPI dos Benef\u00edcios Fiscais&quot; | Arquivo\" \/>\n\t\t<meta property=\"og:url\" content=\"https:\/\/www.jornalja.com.br\/arquivo\/entidades-colhem-assinaturas-para-pedir-a-cpi-dos-beneficios-fiscais\/\" \/>\n\t\t<meta property=\"og:image\" content=\"https:\/\/www.jornalja.com.br\/economics\/wp-content\/uploads\/sites\/11\/2026\/08\/ja-folhaderosto-facebook.jpg\" \/>\n\t\t<meta property=\"og:image:secure_url\" content=\"https:\/\/www.jornalja.com.br\/economics\/wp-content\/uploads\/sites\/11\/2026\/08\/ja-folhaderosto-facebook.jpg\" \/>\n\t\t<meta property=\"article:published_time\" content=\"2017-05-30T23:19:18+00:00\" \/>\n\t\t<meta property=\"article:modified_time\" content=\"2017-05-30T23:19:18+00:00\" \/>\n\t\t<meta name=\"twitter:card\" content=\"summary\" \/>\n\t\t<meta name=\"twitter:title\" content=\"Entidades colhem assinaturas para pedir a &quot;CPI dos Benef\u00edcios Fiscais&quot; | Arquivo\" \/>\n\t\t<meta name=\"twitter:image\" content=\"https:\/\/www.jornalja.com.br\/economics\/wp-content\/uploads\/sites\/11\/2026\/08\/ja-folhaderosto-facebook.jpg\" \/>\n\t\t<script type=\"application\/ld+json\" class=\"aioseo-schema\">\n\t\t\t{\"@context\":\"https:\\\/\\\/schema.org\",\"@graph\":[{\"@type\":\"BlogPosting\",\"@id\":\"https:\\\/\\\/www.jornalja.com.br\\\/arquivo\\\/entidades-colhem-assinaturas-para-pedir-a-cpi-dos-beneficios-fiscais\\\/#blogposting\",\"name\":\"Entidades colhem assinaturas para pedir a \\\"CPI dos Benef\\u00edcios Fiscais\\\" | Arquivo\",\"headline\":\"Entidades colhem assinaturas para  pedir a &quot;CPI dos  Benef\\u00edcios Fiscais&quot;\",\"author\":{\"@id\":\"https:\\\/\\\/www.jornalja.com.br\\\/arquivo\\\/author\\\/daredacao\\\/#author\"},\"publisher\":{\"@id\":\"https:\\\/\\\/www.jornalja.com.br\\\/arquivo\\\/#organization\"},\"image\":{\"@type\":\"ImageObject\",\"url\":49215},\"datePublished\":\"2017-05-30T20:19:18-03:00\",\"dateModified\":\"2017-05-30T20:19:18-03:00\",\"inLanguage\":\"pt-BR\",\"mainEntityOfPage\":{\"@id\":\"https:\\\/\\\/www.jornalja.com.br\\\/arquivo\\\/entidades-colhem-assinaturas-para-pedir-a-cpi-dos-beneficios-fiscais\\\/#webpage\"},\"isPartOf\":{\"@id\":\"https:\\\/\\\/www.jornalja.com.br\\\/arquivo\\\/entidades-colhem-assinaturas-para-pedir-a-cpi-dos-beneficios-fiscais\\\/#webpage\"},\"articleSection\":\"Geral\"},{\"@type\":\"BreadcrumbList\",\"@id\":\"https:\\\/\\\/www.jornalja.com.br\\\/arquivo\\\/entidades-colhem-assinaturas-para-pedir-a-cpi-dos-beneficios-fiscais\\\/#breadcrumblist\",\"itemListElement\":[{\"@type\":\"ListItem\",\"@id\":\"https:\\\/\\\/www.jornalja.com.br\\\/arquivo#listItem\",\"position\":1,\"name\":\"Home\",\"item\":\"https:\\\/\\\/www.jornalja.com.br\\\/arquivo\",\"nextItem\":{\"@type\":\"ListItem\",\"@id\":\"https:\\\/\\\/www.jornalja.com.br\\\/arquivo\\\/category\\\/geral\\\/#listItem\",\"name\":\"Geral\"}},{\"@type\":\"ListItem\",\"@id\":\"https:\\\/\\\/www.jornalja.com.br\\\/arquivo\\\/category\\\/geral\\\/#listItem\",\"position\":2,\"name\":\"Geral\",\"item\":\"https:\\\/\\\/www.jornalja.com.br\\\/arquivo\\\/category\\\/geral\\\/\",\"nextItem\":{\"@type\":\"ListItem\",\"@id\":\"https:\\\/\\\/www.jornalja.com.br\\\/arquivo\\\/entidades-colhem-assinaturas-para-pedir-a-cpi-dos-beneficios-fiscais\\\/#listItem\",\"name\":\"Entidades colhem assinaturas para  pedir a &quot;CPI dos  Benef\\u00edcios Fiscais&quot;\"},\"previousItem\":{\"@type\":\"ListItem\",\"@id\":\"https:\\\/\\\/www.jornalja.com.br\\\/arquivo#listItem\",\"name\":\"Home\"}},{\"@type\":\"ListItem\",\"@id\":\"https:\\\/\\\/www.jornalja.com.br\\\/arquivo\\\/entidades-colhem-assinaturas-para-pedir-a-cpi-dos-beneficios-fiscais\\\/#listItem\",\"position\":3,\"name\":\"Entidades colhem assinaturas para  pedir a &quot;CPI dos  Benef\\u00edcios Fiscais&quot;\",\"previousItem\":{\"@type\":\"ListItem\",\"@id\":\"https:\\\/\\\/www.jornalja.com.br\\\/arquivo\\\/category\\\/geral\\\/#listItem\",\"name\":\"Geral\"}}]},{\"@type\":\"Organization\",\"@id\":\"https:\\\/\\\/www.jornalja.com.br\\\/arquivo\\\/#organization\",\"name\":\"Jornal J\\u00c1\",\"description\":\"Jornal J\\u00c1 | Porto Alegre\",\"url\":\"https:\\\/\\\/www.jornalja.com.br\\\/arquivo\\\/\",\"telephone\":\"+555133307272\",\"logo\":{\"@type\":\"ImageObject\",\"url\":\"https:\\\/\\\/www.jornalja.com.br\\\/wp-content\\\/uploads\\\/cards\\\/JAslogan.png\",\"@id\":\"https:\\\/\\\/www.jornalja.com.br\\\/arquivo\\\/entidades-colhem-assinaturas-para-pedir-a-cpi-dos-beneficios-fiscais\\\/#organizationLogo\"},\"image\":{\"@id\":\"https:\\\/\\\/www.jornalja.com.br\\\/arquivo\\\/entidades-colhem-assinaturas-para-pedir-a-cpi-dos-beneficios-fiscais\\\/#organizationLogo\"}},{\"@type\":\"Person\",\"@id\":\"https:\\\/\\\/www.jornalja.com.br\\\/arquivo\\\/author\\\/daredacao\\\/#author\",\"url\":\"https:\\\/\\\/www.jornalja.com.br\\\/arquivo\\\/author\\\/daredacao\\\/\",\"name\":\"da Reda\\u00e7\\u00e3o\",\"image\":{\"@type\":\"ImageObject\",\"@id\":\"https:\\\/\\\/www.jornalja.com.br\\\/arquivo\\\/entidades-colhem-assinaturas-para-pedir-a-cpi-dos-beneficios-fiscais\\\/#authorImage\",\"url\":\"https:\\\/\\\/secure.gravatar.com\\\/avatar\\\/469fd857d6605ad19919d27ed29d35a968a25f6e8fd9318356bbb7f57aae9c65?s=96&d=mm&r=g\",\"width\":96,\"height\":96,\"caption\":\"da Reda\\u00e7\\u00e3o\"}},{\"@type\":\"WebPage\",\"@id\":\"https:\\\/\\\/www.jornalja.com.br\\\/arquivo\\\/entidades-colhem-assinaturas-para-pedir-a-cpi-dos-beneficios-fiscais\\\/#webpage\",\"url\":\"https:\\\/\\\/www.jornalja.com.br\\\/arquivo\\\/entidades-colhem-assinaturas-para-pedir-a-cpi-dos-beneficios-fiscais\\\/\",\"name\":\"Entidades colhem assinaturas para pedir a \\\"CPI dos Benef\\u00edcios Fiscais\\\" | Arquivo\",\"inLanguage\":\"pt-BR\",\"isPartOf\":{\"@id\":\"https:\\\/\\\/www.jornalja.com.br\\\/arquivo\\\/#website\"},\"breadcrumb\":{\"@id\":\"https:\\\/\\\/www.jornalja.com.br\\\/arquivo\\\/entidades-colhem-assinaturas-para-pedir-a-cpi-dos-beneficios-fiscais\\\/#breadcrumblist\"},\"author\":{\"@id\":\"https:\\\/\\\/www.jornalja.com.br\\\/arquivo\\\/author\\\/daredacao\\\/#author\"},\"creator\":{\"@id\":\"https:\\\/\\\/www.jornalja.com.br\\\/arquivo\\\/author\\\/daredacao\\\/#author\"},\"image\":{\"@type\":\"ImageObject\",\"url\":49215,\"@id\":\"https:\\\/\\\/www.jornalja.com.br\\\/arquivo\\\/entidades-colhem-assinaturas-para-pedir-a-cpi-dos-beneficios-fiscais\\\/#mainImage\"},\"primaryImageOfPage\":{\"@id\":\"https:\\\/\\\/www.jornalja.com.br\\\/arquivo\\\/entidades-colhem-assinaturas-para-pedir-a-cpi-dos-beneficios-fiscais\\\/#mainImage\"},\"datePublished\":\"2017-05-30T20:19:18-03:00\",\"dateModified\":\"2017-05-30T20:19:18-03:00\"},{\"@type\":\"WebSite\",\"@id\":\"https:\\\/\\\/www.jornalja.com.br\\\/arquivo\\\/#website\",\"url\":\"https:\\\/\\\/www.jornalja.com.br\\\/arquivo\\\/\",\"name\":\"Arquivo\",\"description\":\"Jornal J\\u00c1 | Porto Alegre\",\"inLanguage\":\"pt-BR\",\"publisher\":{\"@id\":\"https:\\\/\\\/www.jornalja.com.br\\\/arquivo\\\/#organization\"}}]}\n\t\t<\/script>\n\t\t<!-- All in One SEO -->\n\n","aioseo_head_json":{"title":"Entidades colhem assinaturas para pedir a \"CPI dos Benef\u00edcios Fiscais\" | Arquivo","description":"","canonical_url":"https:\/\/www.jornalja.com.br\/arquivo\/entidades-colhem-assinaturas-para-pedir-a-cpi-dos-beneficios-fiscais\/","robots":"max-image-preview:large","keywords":"","webmasterTools":{"miscellaneous":""},"schema":{"@context":"https:\/\/schema.org","@graph":[{"@type":"BlogPosting","@id":"https:\/\/www.jornalja.com.br\/arquivo\/entidades-colhem-assinaturas-para-pedir-a-cpi-dos-beneficios-fiscais\/#blogposting","name":"Entidades colhem assinaturas para pedir a \"CPI dos Benef\u00edcios Fiscais\" | Arquivo","headline":"Entidades colhem assinaturas para  pedir a &quot;CPI dos  Benef\u00edcios Fiscais&quot;","author":{"@id":"https:\/\/www.jornalja.com.br\/arquivo\/author\/daredacao\/#author"},"publisher":{"@id":"https:\/\/www.jornalja.com.br\/arquivo\/#organization"},"image":{"@type":"ImageObject","url":49215},"datePublished":"2017-05-30T20:19:18-03:00","dateModified":"2017-05-30T20:19:18-03:00","inLanguage":"pt-BR","mainEntityOfPage":{"@id":"https:\/\/www.jornalja.com.br\/arquivo\/entidades-colhem-assinaturas-para-pedir-a-cpi-dos-beneficios-fiscais\/#webpage"},"isPartOf":{"@id":"https:\/\/www.jornalja.com.br\/arquivo\/entidades-colhem-assinaturas-para-pedir-a-cpi-dos-beneficios-fiscais\/#webpage"},"articleSection":"Geral"},{"@type":"BreadcrumbList","@id":"https:\/\/www.jornalja.com.br\/arquivo\/entidades-colhem-assinaturas-para-pedir-a-cpi-dos-beneficios-fiscais\/#breadcrumblist","itemListElement":[{"@type":"ListItem","@id":"https:\/\/www.jornalja.com.br\/arquivo#listItem","position":1,"name":"Home","item":"https:\/\/www.jornalja.com.br\/arquivo","nextItem":{"@type":"ListItem","@id":"https:\/\/www.jornalja.com.br\/arquivo\/category\/geral\/#listItem","name":"Geral"}},{"@type":"ListItem","@id":"https:\/\/www.jornalja.com.br\/arquivo\/category\/geral\/#listItem","position":2,"name":"Geral","item":"https:\/\/www.jornalja.com.br\/arquivo\/category\/geral\/","nextItem":{"@type":"ListItem","@id":"https:\/\/www.jornalja.com.br\/arquivo\/entidades-colhem-assinaturas-para-pedir-a-cpi-dos-beneficios-fiscais\/#listItem","name":"Entidades colhem assinaturas para  pedir a &quot;CPI dos  Benef\u00edcios Fiscais&quot;"},"previousItem":{"@type":"ListItem","@id":"https:\/\/www.jornalja.com.br\/arquivo#listItem","name":"Home"}},{"@type":"ListItem","@id":"https:\/\/www.jornalja.com.br\/arquivo\/entidades-colhem-assinaturas-para-pedir-a-cpi-dos-beneficios-fiscais\/#listItem","position":3,"name":"Entidades colhem assinaturas para  pedir a &quot;CPI dos  Benef\u00edcios Fiscais&quot;","previousItem":{"@type":"ListItem","@id":"https:\/\/www.jornalja.com.br\/arquivo\/category\/geral\/#listItem","name":"Geral"}}]},{"@type":"Organization","@id":"https:\/\/www.jornalja.com.br\/arquivo\/#organization","name":"Jornal J\u00c1","description":"Jornal J\u00c1 | Porto Alegre","url":"https:\/\/www.jornalja.com.br\/arquivo\/","telephone":"+555133307272","logo":{"@type":"ImageObject","url":"https:\/\/www.jornalja.com.br\/wp-content\/uploads\/cards\/JAslogan.png","@id":"https:\/\/www.jornalja.com.br\/arquivo\/entidades-colhem-assinaturas-para-pedir-a-cpi-dos-beneficios-fiscais\/#organizationLogo"},"image":{"@id":"https:\/\/www.jornalja.com.br\/arquivo\/entidades-colhem-assinaturas-para-pedir-a-cpi-dos-beneficios-fiscais\/#organizationLogo"}},{"@type":"Person","@id":"https:\/\/www.jornalja.com.br\/arquivo\/author\/daredacao\/#author","url":"https:\/\/www.jornalja.com.br\/arquivo\/author\/daredacao\/","name":"da Reda\u00e7\u00e3o","image":{"@type":"ImageObject","@id":"https:\/\/www.jornalja.com.br\/arquivo\/entidades-colhem-assinaturas-para-pedir-a-cpi-dos-beneficios-fiscais\/#authorImage","url":"https:\/\/secure.gravatar.com\/avatar\/469fd857d6605ad19919d27ed29d35a968a25f6e8fd9318356bbb7f57aae9c65?s=96&d=mm&r=g","width":96,"height":96,"caption":"da Reda\u00e7\u00e3o"}},{"@type":"WebPage","@id":"https:\/\/www.jornalja.com.br\/arquivo\/entidades-colhem-assinaturas-para-pedir-a-cpi-dos-beneficios-fiscais\/#webpage","url":"https:\/\/www.jornalja.com.br\/arquivo\/entidades-colhem-assinaturas-para-pedir-a-cpi-dos-beneficios-fiscais\/","name":"Entidades colhem assinaturas para pedir a \"CPI dos Benef\u00edcios Fiscais\" | Arquivo","inLanguage":"pt-BR","isPartOf":{"@id":"https:\/\/www.jornalja.com.br\/arquivo\/#website"},"breadcrumb":{"@id":"https:\/\/www.jornalja.com.br\/arquivo\/entidades-colhem-assinaturas-para-pedir-a-cpi-dos-beneficios-fiscais\/#breadcrumblist"},"author":{"@id":"https:\/\/www.jornalja.com.br\/arquivo\/author\/daredacao\/#author"},"creator":{"@id":"https:\/\/www.jornalja.com.br\/arquivo\/author\/daredacao\/#author"},"image":{"@type":"ImageObject","url":49215,"@id":"https:\/\/www.jornalja.com.br\/arquivo\/entidades-colhem-assinaturas-para-pedir-a-cpi-dos-beneficios-fiscais\/#mainImage"},"primaryImageOfPage":{"@id":"https:\/\/www.jornalja.com.br\/arquivo\/entidades-colhem-assinaturas-para-pedir-a-cpi-dos-beneficios-fiscais\/#mainImage"},"datePublished":"2017-05-30T20:19:18-03:00","dateModified":"2017-05-30T20:19:18-03:00"},{"@type":"WebSite","@id":"https:\/\/www.jornalja.com.br\/arquivo\/#website","url":"https:\/\/www.jornalja.com.br\/arquivo\/","name":"Arquivo","description":"Jornal J\u00c1 | Porto Alegre","inLanguage":"pt-BR","publisher":{"@id":"https:\/\/www.jornalja.com.br\/arquivo\/#organization"}}]},"og:locale":"pt_BR","og:site_name":"Arquivo | Jornal J\u00c1 | Porto Alegre","og:type":"article","og:title":"Entidades colhem assinaturas para pedir a &quot;CPI dos Benef\u00edcios Fiscais&quot; | Arquivo","og:url":"https:\/\/www.jornalja.com.br\/arquivo\/entidades-colhem-assinaturas-para-pedir-a-cpi-dos-beneficios-fiscais\/","og:image":"https:\/\/www.jornalja.com.br\/economics\/wp-content\/uploads\/sites\/11\/2026\/08\/ja-folhaderosto-facebook.jpg","og:image:secure_url":"https:\/\/www.jornalja.com.br\/economics\/wp-content\/uploads\/sites\/11\/2026\/08\/ja-folhaderosto-facebook.jpg","article:published_time":"2017-05-30T23:19:18+00:00","article:modified_time":"2017-05-30T23:19:18+00:00","twitter:card":"summary","twitter:title":"Entidades colhem assinaturas para pedir a &quot;CPI dos Benef\u00edcios Fiscais&quot; | Arquivo","twitter:image":"https:\/\/www.jornalja.com.br\/economics\/wp-content\/uploads\/sites\/11\/2026\/08\/ja-folhaderosto-facebook.jpg"},"aioseo_meta_data":{"post_id":"49206","title":null,"description":null,"keywords":null,"keyphrases":null,"primary_term":null,"canonical_url":null,"og_title":null,"og_description":null,"og_object_type":"default","og_image_type":"default","og_image_url":null,"og_image_width":null,"og_image_height":null,"og_image_custom_url":null,"og_image_custom_fields":null,"og_video":null,"og_custom_url":null,"og_article_section":null,"og_article_tags":null,"twitter_use_og":false,"twitter_card":"default","twitter_image_type":"default","twitter_image_url":null,"twitter_image_custom_url":null,"twitter_image_custom_fields":null,"twitter_title":null,"twitter_description":null,"schema":{"blockGraphs":[],"customGraphs":[],"default":{"data":{"Article":[],"Course":[],"Dataset":[],"FAQPage":[],"Movie":[],"Person":[],"Product":[],"ProductReview":[],"Car":[],"Recipe":[],"Service":[],"SoftwareApplication":[],"WebPage":[]},"graphName":"","isEnabled":true},"graphs":[],"defaultGraph":"","defaultPostTypeGraph":""},"schema_type":null,"schema_type_options":null,"pillar_content":false,"robots_default":true,"robots_noindex":false,"robots_noarchive":false,"robots_nosnippet":false,"robots_nofollow":false,"robots_noimageindex":false,"robots_noodp":false,"robots_notranslate":false,"robots_max_snippet":null,"robots_max_videopreview":null,"robots_max_imagepreview":"large","priority":null,"frequency":null,"location":null,"local_seo":null,"breadcrumb_settings":null,"limit_modified_date":false,"ai":null,"created":"2020-12-20 20:32:48","updated":"2025-07-19 21:51:41","seo_analyzer_scan_date":null,"focus_keyword":null,"additional_keywords":null,"truseo_locale":null},"jetpack_sharing_enabled":true,"jetpack-related-posts":[{"id":1280,"url":"https:\/\/www.jornalja.com.br\/arquivo\/o-menino-que-se-tornou-brizola\/","url_meta":{"origin":49206,"position":0},"title":"O Menino que se Tornou Brizola","author":"da Reda\u00e7\u00e3o","date":"28 de julho de 2008","format":false,"excerpt":"Autor: Cleber Dioni A vida de Leonel Brizola, com \u00eanfase para os primeiros anos em Porto Alegre, at\u00e9 o ex\u00edlio no Uruguai e a volta, quinze anos depois. \u00a0\"...\u00c9ramos todos jovens e nos identific\u00e1vamos com aquela massa an\u00f4nima a percorrer as ruas de Porto Alegre, gritando 'Get\u00falio', 'Get\u00falio' e empunhando\u2026","rel":"","context":"Em &quot;Livros&quot;","block_context":{"text":"Livros","link":"https:\/\/www.jornalja.com.br\/arquivo\/category\/livros\/"},"img":{"alt_text":"","src":"https:\/\/i0.wp.com\/www.jornalja.com.br\/wp-content\/uploads\/2008\/07\/brizola.gif?resize=350%2C200&ssl=1","width":350,"height":200},"classes":[]},{"id":5440,"url":"https:\/\/www.jornalja.com.br\/arquivo\/casarao-da-venancio-destino-permanece-incerto\/","url_meta":{"origin":49206,"position":1},"title":"Estado ainda n\u00e3o sabe o que fazer com casar\u00e3o abandonado h\u00e1 20 anos","author":"Elmar Bones","date":"6 de julho de 2009","format":false,"excerpt":"O casar\u00e3o amarelo, numa esquina nobre de Porto Alegre (Ven\u00e2ncio Aires com Jo\u00e3o Pessoa), j\u00e1 abrigou uma escola. H\u00e1 duas d\u00e9cadas, pelo menos, est\u00e1 abandonado, porque seu propriet\u00e1rio, o governo do Estado do Rio Grande do Sul, n\u00e3o consegue achar um destino para ele. Planos n\u00e3o faltaram. O governador Ol\u00edvio\u2026","rel":"","context":"Em &quot;X.Categorias velhas&quot;","block_context":{"text":"X.Categorias velhas","link":"https:\/\/www.jornalja.com.br\/arquivo\/category\/x-categorias-velhas\/"},"img":{"alt_text":"geraldo1","src":"https:\/\/i0.wp.com\/www.jornalja.com.br\/wp-content\/uploads\/2009\/07\/geraldo1.jpg?resize=350%2C200&ssl=1","width":350,"height":200},"classes":[]},{"id":12960,"url":"https:\/\/www.jornalja.com.br\/arquivo\/populacao-culpa-empresas-pela-greve-dos-rodoviarios\/","url_meta":{"origin":49206,"position":2},"title":"Popula\u00e7\u00e3o culpa empresas pela greve","author":"Patr\u00edcia Marini","date":"14 de fevereiro de 2014","format":false,"excerpt":"Pesquisa divulgada na edi\u00e7\u00e3o do jornal Metro desta sexta-feira,14, comprova o velho ditado: \u00e9 poss\u00edvel enganar muitos por algum tempo, mas n\u00e3o \u00e9 poss\u00edvel enganar a todos o tempo inteiro. A principal revela\u00e7\u00e3o foi que 59,8% dos entrevistados apontaram as empresas como as principais respons\u00e1veis pela grave e 46% culparam\u2026","rel":"","context":"Em &quot;X.Categorias velhas&quot;","block_context":{"text":"X.Categorias velhas","link":"https:\/\/www.jornalja.com.br\/arquivo\/category\/x-categorias-velhas\/"},"img":{"alt_text":"","src":"","width":0,"height":0},"classes":[]},{"id":13101,"url":"https:\/\/www.jornalja.com.br\/arquivo\/morre-um-guerreiro-do-texto\/","url_meta":{"origin":49206,"position":3},"title":"Morre um guerreiro do texto","author":"Patr\u00edcia Marini","date":"14 de maio de 2014","format":false,"excerpt":"Por Ricardo Kotscho Reproduzido do blog do autor, 11\/5\/2014; t\u00edtulo original \u201cE l\u00e1 se foi o nosso Myltainho, guerreiro do texto\u201d. Mi\u00fado e franzino, meu amigo Myltainho era um valente e inconformado guerreiro na luta contra as injusti\u00e7as sociais, a hipocrisia, as maracutaias, o autoritarismo, a intoler\u00e2ncia, a viol\u00eancia, o\u2026","rel":"","context":"Em &quot;Geral&quot;","block_context":{"text":"Geral","link":"https:\/\/www.jornalja.com.br\/arquivo\/category\/geral\/"},"img":{"alt_text":"","src":"","width":0,"height":0},"classes":[]},{"id":13124,"url":"https:\/\/www.jornalja.com.br\/arquivo\/sangue-latino-no-iecine\/","url_meta":{"origin":49206,"position":4},"title":"Sangue latino no IECINE","author":"da Reda\u00e7\u00e3o","date":"18 de maio de 2014","format":false,"excerpt":"Francisco Ribeiro O Instituto Estadual de Cinema (IECINE) tem a frente, desde abril \u00faltimo, um novo diretor, o cineasta colombiano Juan Zapata, 36, que substitui Luiz Alberto Cassol. Radicado h\u00e1 dez anos em Porto Alegre, Zapata tem diante de si o desafio de conduzir at\u00e9 o final do ano um\u2026","rel":"","context":"Em &quot;Cultura-Geral&quot;","block_context":{"text":"Cultura-Geral","link":"https:\/\/www.jornalja.com.br\/arquivo\/category\/materiasecundaria\/"},"img":{"alt_text":"","src":"","width":0,"height":0},"classes":[]},{"id":13240,"url":"https:\/\/www.jornalja.com.br\/arquivo\/plano-diretor-estamos-construindo-o-caos\/","url_meta":{"origin":49206,"position":5},"title":"Plano diretor: &quot;Estamos construindo o caos&quot;","author":"Patr\u00edcia Marini","date":"26 de maio de 2014","format":false,"excerpt":"Desabafo que arquiteta Eliana Castilhos, delegada da Regi\u00e3o de Planejamento 1, postou nas redes sociais \u00e9 um testemunho do ambiente que se criou no Conselho do Plano Diretor de Porto Alegre, onde a aprova\u00e7\u00e3o de grandes empreendimentos \u00e9 empurrada guela abaixo dos conselheiros. Ao CMDUA Como delegada da Regi\u00e3o de\u2026","rel":"","context":"Em &quot;Geral&quot;","block_context":{"text":"Geral","link":"https:\/\/www.jornalja.com.br\/arquivo\/category\/geral\/"},"img":{"alt_text":"","src":"","width":0,"height":0},"classes":[]}],"jetpack_shortlink":"https:\/\/wp.me\/pbQjBd-cNE","jetpack_featured_media_url":"","_links":{"self":[{"href":"https:\/\/www.jornalja.com.br\/arquivo\/wp-json\/wp\/v2\/posts\/49206","targetHints":{"allow":["GET"]}}],"collection":[{"href":"https:\/\/www.jornalja.com.br\/arquivo\/wp-json\/wp\/v2\/posts"}],"about":[{"href":"https:\/\/www.jornalja.com.br\/arquivo\/wp-json\/wp\/v2\/types\/post"}],"author":[{"embeddable":true,"href":"https:\/\/www.jornalja.com.br\/arquivo\/wp-json\/wp\/v2\/users\/4"}],"replies":[{"embeddable":true,"href":"https:\/\/www.jornalja.com.br\/arquivo\/wp-json\/wp\/v2\/comments?post=49206"}],"version-history":[{"count":0,"href":"https:\/\/www.jornalja.com.br\/arquivo\/wp-json\/wp\/v2\/posts\/49206\/revisions"}],"wp:attachment":[{"href":"https:\/\/www.jornalja.com.br\/arquivo\/wp-json\/wp\/v2\/media?parent=49206"}],"wp:term":[{"taxonomy":"category","embeddable":true,"href":"https:\/\/www.jornalja.com.br\/arquivo\/wp-json\/wp\/v2\/categories?post=49206"},{"taxonomy":"post_tag","embeddable":true,"href":"https:\/\/www.jornalja.com.br\/arquivo\/wp-json\/wp\/v2\/tags?post=49206"}],"curies":[{"name":"wp","href":"https:\/\/api.w.org\/{rel}","templated":true}]}}