{"id":49222,"date":"2017-05-31T10:32:35","date_gmt":"2017-05-31T13:32:35","guid":{"rendered":"https:\/\/www.jornalja.com.br\/?p=49222"},"modified":"2017-05-31T10:32:35","modified_gmt":"2017-05-31T13:32:35","slug":"funcionarios-da-carris-denunciam-assedio-da-direcao-e-ameacam-com-greve","status":"publish","type":"post","link":"https:\/\/www.jornalja.com.br\/arquivo\/funcionarios-da-carris-denunciam-assedio-da-direcao-e-ameacam-com-greve\/","title":{"rendered":"Funcion\u00e1rios da Carris denunciam ass\u00e9dio da dire\u00e7\u00e3o e amea\u00e7am com greve"},"content":{"rendered":"<p><span class=\"assina\">Felipe Uhr<\/span><br \/>\nUma comiss\u00e3o de funcion\u00e1rios da Carris entregou nessa ter\u00e7a-feira, 30, ao secret\u00e1rio municipal de Infraestrutura e Mobilidade Urbana (Smim), Elizandro Sabino, um dossi\u00ea com uma s\u00e9rie de reclama\u00e7\u00f5es da nova dire\u00e7\u00e3o da empresa. \u00a0Apesar do convite, a presidente da Companhia, Helen Machado, n\u00e3o compareceu \u00e0 reuni\u00e3o.<br \/>\nO documento cont\u00e9m 19 itens e destaca desde a falta de di\u00e1logo da atual diretoria at\u00e9 ass\u00e9dio sofrido diariamente pelos servidores.<br \/>\nV\u00e1rios funcion\u00e1rios relataram que est\u00e3o sendo revistados pelos seguran\u00e7as na sa\u00edda\u00a0 do trabalho.\u00a0<span style=\"font-weight: 300\">&#8220;Temos de esvaziar nossas mochilas, \u00e9 constrangedor&#8221;, declarou o delegado sindical Felipe Suteles,\u00a0<\/span><br \/>\nO servidor Cristiano Soares reclamou da falta de di\u00e1logo.\u00a0&#8220;N\u00e3o nos receberam em conjunto nenhuma vez, e quando somos recebidos n\u00e3o nos deixam falar&#8221;, criticou.<br \/>\nEntre os outros pontos destacados no documento entregue ao titular da Smim foram cobrados a volta de programas de qualifica\u00e7\u00e3o que acabaram na atual gest\u00e3o. A contrata\u00e7\u00e3o de um profissional de servi\u00e7o social, a volta da ouvidoria da empresa e a garantia do pagamento de gratifica\u00e7\u00f5es e acordos coletivos n\u00e3o cumpridos, al\u00e9m da reposi\u00e7\u00e3o salarial do dia 28\/04, dia da greve geral.<br \/>\nDiante da aus\u00eancia da presidente Helen Machado, os funcion\u00e1rios avisaram ao secret\u00e1rio que aquela era a \u00faltima tentativa de um di\u00e1logo. &#8220;N\u00e3o descartamos a realiza\u00e7\u00e3o de uma assembleia para decidir sobre greve&#8221;, alertaram.<br \/>\nMembros da Frente Parlamentar em Defesa da Carris, os vereadores Sofia Cavedon (PT), Roberto Robaina (PSOL) mostraram preocupa\u00e7\u00e3o com o caso. &#8220;A categoria est\u00e1 unida, secret\u00e1rio, e eu temo que se n\u00e3o houver um entendimento, um conflito maior pode acontecer&#8221; alertou Robaina, diante de uma poss\u00edvel greve.<br \/>\nO secret\u00e1rio Elizando Sabino disse que \u00e9 preciso abrir um canal de comunica\u00e7\u00e3o e informou que a diretoria ainda est\u00e1 fazendo um estudo aprofundado dos problemas da Carris. &#8220;O foco deles \u00e9 tirar a empresa dessa situa\u00e7\u00e3o&#8221; afirmou.<br \/>\nUm encontro entre servidores da USE CARRIS, e a dire\u00e7\u00e3o est\u00e1 marcado para a quinta-feira, 1\u00ba de junho. &#8220;V\u00e3o desarmados&#8221;, pediu o secret\u00e1rio Elizandro, fazendo uma referencia ao clima pesado que se encontra entre a atual dire\u00e7\u00e3o e os funcion\u00e1rios.<br \/>\nAo t\u00e9rmino da reuni\u00e3o o secret\u00e1rio saiu rapidamente sem atender \u00e0 reportagem do J\u00c1.<\/p>\n","protected":false},"excerpt":{"rendered":"<p>Felipe Uhr Uma comiss\u00e3o de funcion\u00e1rios da Carris entregou nessa ter\u00e7a-feira, 30, ao secret\u00e1rio municipal de Infraestrutura e Mobilidade Urbana (Smim), Elizandro Sabino, um dossi\u00ea com uma s\u00e9rie de reclama\u00e7\u00f5es da nova dire\u00e7\u00e3o da empresa. \u00a0Apesar do convite, a presidente da Companhia, Helen Machado, n\u00e3o compareceu \u00e0 reuni\u00e3o. O documento cont\u00e9m 19 itens e destaca [&hellip;]<\/p>\n","protected":false},"author":4,"featured_media":49226,"comment_status":"open","ping_status":"closed","sticky":false,"template":"","format":"standard","meta":{"_jetpack_newsletter_access":"","_jetpack_dont_email_post_to_subs":false,"_jetpack_newsletter_tier_id":0,"_jetpack_memberships_contains_paywalled_content":false,"_jetpack_feature_clip_id":0,"_jetpack_memberships_contains_paid_content":false,"footnotes":"","jetpack_post_was_ever_published":false},"categories":[26],"tags":[],"class_list":["post-49222","post","type-post","status-publish","format-standard","has-post-thumbnail","hentry","category-geral"],"aioseo_notices":[],"aioseo_head":"\n\t\t<!-- All in One SEO 5.0.1.1 - aioseo.com -->\n\t<meta name=\"robots\" content=\"max-image-preview:large\" \/>\n\t<meta name=\"author\" content=\"da Reda\u00e7\u00e3o\"\/>\n\t<link rel=\"canonical\" href=\"https:\/\/www.jornalja.com.br\/arquivo\/funcionarios-da-carris-denunciam-assedio-da-direcao-e-ameacam-com-greve\/\" \/>\n\t<meta name=\"generator\" content=\"All in One SEO (AIOSEO) 5.0.1.1\" \/>\n\t\t<meta property=\"og:locale\" content=\"pt_BR\" \/>\n\t\t<meta property=\"og:site_name\" content=\"Arquivo | Jornal J\u00c1 | Porto Alegre\" \/>\n\t\t<meta property=\"og:type\" content=\"article\" \/>\n\t\t<meta property=\"og:title\" content=\"Funcion\u00e1rios da Carris denunciam ass\u00e9dio da dire\u00e7\u00e3o e amea\u00e7am com greve | Arquivo\" \/>\n\t\t<meta property=\"og:url\" content=\"https:\/\/www.jornalja.com.br\/arquivo\/funcionarios-da-carris-denunciam-assedio-da-direcao-e-ameacam-com-greve\/\" \/>\n\t\t<meta property=\"og:image\" content=\"https:\/\/www.jornalja.com.br\/economics\/wp-content\/uploads\/sites\/11\/2026\/08\/ja-folhaderosto-facebook.jpg\" \/>\n\t\t<meta property=\"og:image:secure_url\" content=\"https:\/\/www.jornalja.com.br\/economics\/wp-content\/uploads\/sites\/11\/2026\/08\/ja-folhaderosto-facebook.jpg\" \/>\n\t\t<meta property=\"article:published_time\" content=\"2017-05-31T13:32:35+00:00\" \/>\n\t\t<meta property=\"article:modified_time\" content=\"2017-05-31T13:32:35+00:00\" \/>\n\t\t<meta name=\"twitter:card\" content=\"summary\" \/>\n\t\t<meta name=\"twitter:title\" content=\"Funcion\u00e1rios da Carris denunciam ass\u00e9dio da dire\u00e7\u00e3o e amea\u00e7am com greve | Arquivo\" \/>\n\t\t<meta name=\"twitter:image\" content=\"https:\/\/www.jornalja.com.br\/economics\/wp-content\/uploads\/sites\/11\/2026\/08\/ja-folhaderosto-facebook.jpg\" \/>\n\t\t<script type=\"application\/ld+json\" class=\"aioseo-schema\">\n\t\t\t{\"@context\":\"https:\\\/\\\/schema.org\",\"@graph\":[{\"@type\":\"BlogPosting\",\"@id\":\"https:\\\/\\\/www.jornalja.com.br\\\/arquivo\\\/funcionarios-da-carris-denunciam-assedio-da-direcao-e-ameacam-com-greve\\\/#blogposting\",\"name\":\"Funcion\\u00e1rios da Carris denunciam ass\\u00e9dio da dire\\u00e7\\u00e3o e amea\\u00e7am com greve | Arquivo\",\"headline\":\"Funcion\\u00e1rios da Carris denunciam ass\\u00e9dio da dire\\u00e7\\u00e3o e amea\\u00e7am com greve\",\"author\":{\"@id\":\"https:\\\/\\\/www.jornalja.com.br\\\/arquivo\\\/author\\\/daredacao\\\/#author\"},\"publisher\":{\"@id\":\"https:\\\/\\\/www.jornalja.com.br\\\/arquivo\\\/#organization\"},\"image\":{\"@type\":\"ImageObject\",\"url\":49226},\"datePublished\":\"2017-05-31T10:32:35-03:00\",\"dateModified\":\"2017-05-31T10:32:35-03:00\",\"inLanguage\":\"pt-BR\",\"mainEntityOfPage\":{\"@id\":\"https:\\\/\\\/www.jornalja.com.br\\\/arquivo\\\/funcionarios-da-carris-denunciam-assedio-da-direcao-e-ameacam-com-greve\\\/#webpage\"},\"isPartOf\":{\"@id\":\"https:\\\/\\\/www.jornalja.com.br\\\/arquivo\\\/funcionarios-da-carris-denunciam-assedio-da-direcao-e-ameacam-com-greve\\\/#webpage\"},\"articleSection\":\"Geral\"},{\"@type\":\"BreadcrumbList\",\"@id\":\"https:\\\/\\\/www.jornalja.com.br\\\/arquivo\\\/funcionarios-da-carris-denunciam-assedio-da-direcao-e-ameacam-com-greve\\\/#breadcrumblist\",\"itemListElement\":[{\"@type\":\"ListItem\",\"@id\":\"https:\\\/\\\/www.jornalja.com.br\\\/arquivo#listItem\",\"position\":1,\"name\":\"Home\",\"item\":\"https:\\\/\\\/www.jornalja.com.br\\\/arquivo\",\"nextItem\":{\"@type\":\"ListItem\",\"@id\":\"https:\\\/\\\/www.jornalja.com.br\\\/arquivo\\\/category\\\/geral\\\/#listItem\",\"name\":\"Geral\"}},{\"@type\":\"ListItem\",\"@id\":\"https:\\\/\\\/www.jornalja.com.br\\\/arquivo\\\/category\\\/geral\\\/#listItem\",\"position\":2,\"name\":\"Geral\",\"item\":\"https:\\\/\\\/www.jornalja.com.br\\\/arquivo\\\/category\\\/geral\\\/\",\"nextItem\":{\"@type\":\"ListItem\",\"@id\":\"https:\\\/\\\/www.jornalja.com.br\\\/arquivo\\\/funcionarios-da-carris-denunciam-assedio-da-direcao-e-ameacam-com-greve\\\/#listItem\",\"name\":\"Funcion\\u00e1rios da Carris denunciam ass\\u00e9dio da dire\\u00e7\\u00e3o e amea\\u00e7am com greve\"},\"previousItem\":{\"@type\":\"ListItem\",\"@id\":\"https:\\\/\\\/www.jornalja.com.br\\\/arquivo#listItem\",\"name\":\"Home\"}},{\"@type\":\"ListItem\",\"@id\":\"https:\\\/\\\/www.jornalja.com.br\\\/arquivo\\\/funcionarios-da-carris-denunciam-assedio-da-direcao-e-ameacam-com-greve\\\/#listItem\",\"position\":3,\"name\":\"Funcion\\u00e1rios da Carris denunciam ass\\u00e9dio da dire\\u00e7\\u00e3o e amea\\u00e7am com greve\",\"previousItem\":{\"@type\":\"ListItem\",\"@id\":\"https:\\\/\\\/www.jornalja.com.br\\\/arquivo\\\/category\\\/geral\\\/#listItem\",\"name\":\"Geral\"}}]},{\"@type\":\"Organization\",\"@id\":\"https:\\\/\\\/www.jornalja.com.br\\\/arquivo\\\/#organization\",\"name\":\"Jornal J\\u00c1\",\"description\":\"Jornal J\\u00c1 | Porto Alegre\",\"url\":\"https:\\\/\\\/www.jornalja.com.br\\\/arquivo\\\/\",\"telephone\":\"+555133307272\",\"logo\":{\"@type\":\"ImageObject\",\"url\":\"https:\\\/\\\/www.jornalja.com.br\\\/wp-content\\\/uploads\\\/cards\\\/JAslogan.png\",\"@id\":\"https:\\\/\\\/www.jornalja.com.br\\\/arquivo\\\/funcionarios-da-carris-denunciam-assedio-da-direcao-e-ameacam-com-greve\\\/#organizationLogo\"},\"image\":{\"@id\":\"https:\\\/\\\/www.jornalja.com.br\\\/arquivo\\\/funcionarios-da-carris-denunciam-assedio-da-direcao-e-ameacam-com-greve\\\/#organizationLogo\"}},{\"@type\":\"Person\",\"@id\":\"https:\\\/\\\/www.jornalja.com.br\\\/arquivo\\\/author\\\/daredacao\\\/#author\",\"url\":\"https:\\\/\\\/www.jornalja.com.br\\\/arquivo\\\/author\\\/daredacao\\\/\",\"name\":\"da Reda\\u00e7\\u00e3o\",\"image\":{\"@type\":\"ImageObject\",\"@id\":\"https:\\\/\\\/www.jornalja.com.br\\\/arquivo\\\/funcionarios-da-carris-denunciam-assedio-da-direcao-e-ameacam-com-greve\\\/#authorImage\",\"url\":\"https:\\\/\\\/secure.gravatar.com\\\/avatar\\\/469fd857d6605ad19919d27ed29d35a968a25f6e8fd9318356bbb7f57aae9c65?s=96&d=mm&r=g\",\"width\":96,\"height\":96,\"caption\":\"da Reda\\u00e7\\u00e3o\"}},{\"@type\":\"WebPage\",\"@id\":\"https:\\\/\\\/www.jornalja.com.br\\\/arquivo\\\/funcionarios-da-carris-denunciam-assedio-da-direcao-e-ameacam-com-greve\\\/#webpage\",\"url\":\"https:\\\/\\\/www.jornalja.com.br\\\/arquivo\\\/funcionarios-da-carris-denunciam-assedio-da-direcao-e-ameacam-com-greve\\\/\",\"name\":\"Funcion\\u00e1rios da Carris denunciam ass\\u00e9dio da dire\\u00e7\\u00e3o e amea\\u00e7am com greve | Arquivo\",\"inLanguage\":\"pt-BR\",\"isPartOf\":{\"@id\":\"https:\\\/\\\/www.jornalja.com.br\\\/arquivo\\\/#website\"},\"breadcrumb\":{\"@id\":\"https:\\\/\\\/www.jornalja.com.br\\\/arquivo\\\/funcionarios-da-carris-denunciam-assedio-da-direcao-e-ameacam-com-greve\\\/#breadcrumblist\"},\"author\":{\"@id\":\"https:\\\/\\\/www.jornalja.com.br\\\/arquivo\\\/author\\\/daredacao\\\/#author\"},\"creator\":{\"@id\":\"https:\\\/\\\/www.jornalja.com.br\\\/arquivo\\\/author\\\/daredacao\\\/#author\"},\"image\":{\"@type\":\"ImageObject\",\"url\":49226,\"@id\":\"https:\\\/\\\/www.jornalja.com.br\\\/arquivo\\\/funcionarios-da-carris-denunciam-assedio-da-direcao-e-ameacam-com-greve\\\/#mainImage\"},\"primaryImageOfPage\":{\"@id\":\"https:\\\/\\\/www.jornalja.com.br\\\/arquivo\\\/funcionarios-da-carris-denunciam-assedio-da-direcao-e-ameacam-com-greve\\\/#mainImage\"},\"datePublished\":\"2017-05-31T10:32:35-03:00\",\"dateModified\":\"2017-05-31T10:32:35-03:00\"},{\"@type\":\"WebSite\",\"@id\":\"https:\\\/\\\/www.jornalja.com.br\\\/arquivo\\\/#website\",\"url\":\"https:\\\/\\\/www.jornalja.com.br\\\/arquivo\\\/\",\"name\":\"Arquivo\",\"description\":\"Jornal J\\u00c1 | Porto Alegre\",\"inLanguage\":\"pt-BR\",\"publisher\":{\"@id\":\"https:\\\/\\\/www.jornalja.com.br\\\/arquivo\\\/#organization\"}}]}\n\t\t<\/script>\n\t\t<!-- All in One SEO -->\n\n","aioseo_head_json":{"title":"Funcion\u00e1rios da Carris denunciam ass\u00e9dio da dire\u00e7\u00e3o e amea\u00e7am com greve | Arquivo","description":"","canonical_url":"https:\/\/www.jornalja.com.br\/arquivo\/funcionarios-da-carris-denunciam-assedio-da-direcao-e-ameacam-com-greve\/","robots":"max-image-preview:large","keywords":"","webmasterTools":{"miscellaneous":""},"schema":{"@context":"https:\/\/schema.org","@graph":[{"@type":"BlogPosting","@id":"https:\/\/www.jornalja.com.br\/arquivo\/funcionarios-da-carris-denunciam-assedio-da-direcao-e-ameacam-com-greve\/#blogposting","name":"Funcion\u00e1rios da Carris denunciam ass\u00e9dio da dire\u00e7\u00e3o e amea\u00e7am com greve | Arquivo","headline":"Funcion\u00e1rios da Carris denunciam ass\u00e9dio da dire\u00e7\u00e3o e amea\u00e7am com greve","author":{"@id":"https:\/\/www.jornalja.com.br\/arquivo\/author\/daredacao\/#author"},"publisher":{"@id":"https:\/\/www.jornalja.com.br\/arquivo\/#organization"},"image":{"@type":"ImageObject","url":49226},"datePublished":"2017-05-31T10:32:35-03:00","dateModified":"2017-05-31T10:32:35-03:00","inLanguage":"pt-BR","mainEntityOfPage":{"@id":"https:\/\/www.jornalja.com.br\/arquivo\/funcionarios-da-carris-denunciam-assedio-da-direcao-e-ameacam-com-greve\/#webpage"},"isPartOf":{"@id":"https:\/\/www.jornalja.com.br\/arquivo\/funcionarios-da-carris-denunciam-assedio-da-direcao-e-ameacam-com-greve\/#webpage"},"articleSection":"Geral"},{"@type":"BreadcrumbList","@id":"https:\/\/www.jornalja.com.br\/arquivo\/funcionarios-da-carris-denunciam-assedio-da-direcao-e-ameacam-com-greve\/#breadcrumblist","itemListElement":[{"@type":"ListItem","@id":"https:\/\/www.jornalja.com.br\/arquivo#listItem","position":1,"name":"Home","item":"https:\/\/www.jornalja.com.br\/arquivo","nextItem":{"@type":"ListItem","@id":"https:\/\/www.jornalja.com.br\/arquivo\/category\/geral\/#listItem","name":"Geral"}},{"@type":"ListItem","@id":"https:\/\/www.jornalja.com.br\/arquivo\/category\/geral\/#listItem","position":2,"name":"Geral","item":"https:\/\/www.jornalja.com.br\/arquivo\/category\/geral\/","nextItem":{"@type":"ListItem","@id":"https:\/\/www.jornalja.com.br\/arquivo\/funcionarios-da-carris-denunciam-assedio-da-direcao-e-ameacam-com-greve\/#listItem","name":"Funcion\u00e1rios da Carris denunciam ass\u00e9dio da dire\u00e7\u00e3o e amea\u00e7am com greve"},"previousItem":{"@type":"ListItem","@id":"https:\/\/www.jornalja.com.br\/arquivo#listItem","name":"Home"}},{"@type":"ListItem","@id":"https:\/\/www.jornalja.com.br\/arquivo\/funcionarios-da-carris-denunciam-assedio-da-direcao-e-ameacam-com-greve\/#listItem","position":3,"name":"Funcion\u00e1rios da Carris denunciam ass\u00e9dio da dire\u00e7\u00e3o e amea\u00e7am com greve","previousItem":{"@type":"ListItem","@id":"https:\/\/www.jornalja.com.br\/arquivo\/category\/geral\/#listItem","name":"Geral"}}]},{"@type":"Organization","@id":"https:\/\/www.jornalja.com.br\/arquivo\/#organization","name":"Jornal J\u00c1","description":"Jornal J\u00c1 | Porto Alegre","url":"https:\/\/www.jornalja.com.br\/arquivo\/","telephone":"+555133307272","logo":{"@type":"ImageObject","url":"https:\/\/www.jornalja.com.br\/wp-content\/uploads\/cards\/JAslogan.png","@id":"https:\/\/www.jornalja.com.br\/arquivo\/funcionarios-da-carris-denunciam-assedio-da-direcao-e-ameacam-com-greve\/#organizationLogo"},"image":{"@id":"https:\/\/www.jornalja.com.br\/arquivo\/funcionarios-da-carris-denunciam-assedio-da-direcao-e-ameacam-com-greve\/#organizationLogo"}},{"@type":"Person","@id":"https:\/\/www.jornalja.com.br\/arquivo\/author\/daredacao\/#author","url":"https:\/\/www.jornalja.com.br\/arquivo\/author\/daredacao\/","name":"da Reda\u00e7\u00e3o","image":{"@type":"ImageObject","@id":"https:\/\/www.jornalja.com.br\/arquivo\/funcionarios-da-carris-denunciam-assedio-da-direcao-e-ameacam-com-greve\/#authorImage","url":"https:\/\/secure.gravatar.com\/avatar\/469fd857d6605ad19919d27ed29d35a968a25f6e8fd9318356bbb7f57aae9c65?s=96&d=mm&r=g","width":96,"height":96,"caption":"da Reda\u00e7\u00e3o"}},{"@type":"WebPage","@id":"https:\/\/www.jornalja.com.br\/arquivo\/funcionarios-da-carris-denunciam-assedio-da-direcao-e-ameacam-com-greve\/#webpage","url":"https:\/\/www.jornalja.com.br\/arquivo\/funcionarios-da-carris-denunciam-assedio-da-direcao-e-ameacam-com-greve\/","name":"Funcion\u00e1rios da Carris denunciam ass\u00e9dio da dire\u00e7\u00e3o e amea\u00e7am com greve | Arquivo","inLanguage":"pt-BR","isPartOf":{"@id":"https:\/\/www.jornalja.com.br\/arquivo\/#website"},"breadcrumb":{"@id":"https:\/\/www.jornalja.com.br\/arquivo\/funcionarios-da-carris-denunciam-assedio-da-direcao-e-ameacam-com-greve\/#breadcrumblist"},"author":{"@id":"https:\/\/www.jornalja.com.br\/arquivo\/author\/daredacao\/#author"},"creator":{"@id":"https:\/\/www.jornalja.com.br\/arquivo\/author\/daredacao\/#author"},"image":{"@type":"ImageObject","url":49226,"@id":"https:\/\/www.jornalja.com.br\/arquivo\/funcionarios-da-carris-denunciam-assedio-da-direcao-e-ameacam-com-greve\/#mainImage"},"primaryImageOfPage":{"@id":"https:\/\/www.jornalja.com.br\/arquivo\/funcionarios-da-carris-denunciam-assedio-da-direcao-e-ameacam-com-greve\/#mainImage"},"datePublished":"2017-05-31T10:32:35-03:00","dateModified":"2017-05-31T10:32:35-03:00"},{"@type":"WebSite","@id":"https:\/\/www.jornalja.com.br\/arquivo\/#website","url":"https:\/\/www.jornalja.com.br\/arquivo\/","name":"Arquivo","description":"Jornal J\u00c1 | Porto Alegre","inLanguage":"pt-BR","publisher":{"@id":"https:\/\/www.jornalja.com.br\/arquivo\/#organization"}}]},"og:locale":"pt_BR","og:site_name":"Arquivo | Jornal J\u00c1 | Porto Alegre","og:type":"article","og:title":"Funcion\u00e1rios da Carris denunciam ass\u00e9dio da dire\u00e7\u00e3o e amea\u00e7am com greve | Arquivo","og:url":"https:\/\/www.jornalja.com.br\/arquivo\/funcionarios-da-carris-denunciam-assedio-da-direcao-e-ameacam-com-greve\/","og:image":"https:\/\/www.jornalja.com.br\/economics\/wp-content\/uploads\/sites\/11\/2026\/08\/ja-folhaderosto-facebook.jpg","og:image:secure_url":"https:\/\/www.jornalja.com.br\/economics\/wp-content\/uploads\/sites\/11\/2026\/08\/ja-folhaderosto-facebook.jpg","article:published_time":"2017-05-31T13:32:35+00:00","article:modified_time":"2017-05-31T13:32:35+00:00","twitter:card":"summary","twitter:title":"Funcion\u00e1rios da Carris denunciam ass\u00e9dio da dire\u00e7\u00e3o e amea\u00e7am com greve | Arquivo","twitter:image":"https:\/\/www.jornalja.com.br\/economics\/wp-content\/uploads\/sites\/11\/2026\/08\/ja-folhaderosto-facebook.jpg"},"aioseo_meta_data":{"post_id":"49222","title":null,"description":null,"keywords":null,"keyphrases":null,"primary_term":null,"canonical_url":null,"og_title":null,"og_description":null,"og_object_type":"default","og_image_type":"default","og_image_url":null,"og_image_width":null,"og_image_height":null,"og_image_custom_url":null,"og_image_custom_fields":null,"og_video":null,"og_custom_url":null,"og_article_section":null,"og_article_tags":null,"twitter_use_og":false,"twitter_card":"default","twitter_image_type":"default","twitter_image_url":null,"twitter_image_custom_url":null,"twitter_image_custom_fields":null,"twitter_title":null,"twitter_description":null,"schema":{"blockGraphs":[],"customGraphs":[],"default":{"data":{"Article":[],"Course":[],"Dataset":[],"FAQPage":[],"Movie":[],"Person":[],"Product":[],"ProductReview":[],"Car":[],"Recipe":[],"Service":[],"SoftwareApplication":[],"WebPage":[]},"graphName":"","isEnabled":true},"graphs":[],"defaultGraph":"","defaultPostTypeGraph":""},"schema_type":null,"schema_type_options":null,"pillar_content":false,"robots_default":true,"robots_noindex":false,"robots_noarchive":false,"robots_nosnippet":false,"robots_nofollow":false,"robots_noimageindex":false,"robots_noodp":false,"robots_notranslate":false,"robots_max_snippet":null,"robots_max_videopreview":null,"robots_max_imagepreview":"large","priority":null,"frequency":null,"location":null,"local_seo":null,"breadcrumb_settings":null,"limit_modified_date":false,"ai":null,"created":"2020-12-20 20:32:48","updated":"2025-07-19 21:52:48","seo_analyzer_scan_date":null,"focus_keyword":null,"additional_keywords":null,"truseo_locale":null},"jetpack_sharing_enabled":true,"jetpack-related-posts":[{"id":5440,"url":"https:\/\/www.jornalja.com.br\/arquivo\/casarao-da-venancio-destino-permanece-incerto\/","url_meta":{"origin":49222,"position":0},"title":"Estado ainda n\u00e3o sabe o que fazer com casar\u00e3o abandonado h\u00e1 20 anos","author":"Elmar Bones","date":"6 de julho de 2009","format":false,"excerpt":"O casar\u00e3o amarelo, numa esquina nobre de Porto Alegre (Ven\u00e2ncio Aires com Jo\u00e3o Pessoa), j\u00e1 abrigou uma escola. H\u00e1 duas d\u00e9cadas, pelo menos, est\u00e1 abandonado, porque seu propriet\u00e1rio, o governo do Estado do Rio Grande do Sul, n\u00e3o consegue achar um destino para ele. Planos n\u00e3o faltaram. O governador Ol\u00edvio\u2026","rel":"","context":"Em &quot;X.Categorias velhas&quot;","block_context":{"text":"X.Categorias velhas","link":"https:\/\/www.jornalja.com.br\/arquivo\/category\/x-categorias-velhas\/"},"img":{"alt_text":"geraldo1","src":"https:\/\/i0.wp.com\/www.jornalja.com.br\/wp-content\/uploads\/2009\/07\/geraldo1.jpg?resize=350%2C200&ssl=1","width":350,"height":200},"classes":[]},{"id":13240,"url":"https:\/\/www.jornalja.com.br\/arquivo\/plano-diretor-estamos-construindo-o-caos\/","url_meta":{"origin":49222,"position":1},"title":"Plano diretor: &quot;Estamos construindo o caos&quot;","author":"Patr\u00edcia Marini","date":"26 de maio de 2014","format":false,"excerpt":"Desabafo que arquiteta Eliana Castilhos, delegada da Regi\u00e3o de Planejamento 1, postou nas redes sociais \u00e9 um testemunho do ambiente que se criou no Conselho do Plano Diretor de Porto Alegre, onde a aprova\u00e7\u00e3o de grandes empreendimentos \u00e9 empurrada guela abaixo dos conselheiros. Ao CMDUA Como delegada da Regi\u00e3o de\u2026","rel":"","context":"Em &quot;Geral&quot;","block_context":{"text":"Geral","link":"https:\/\/www.jornalja.com.br\/arquivo\/category\/geral\/"},"img":{"alt_text":"","src":"","width":0,"height":0},"classes":[]},{"id":13124,"url":"https:\/\/www.jornalja.com.br\/arquivo\/sangue-latino-no-iecine\/","url_meta":{"origin":49222,"position":2},"title":"Sangue latino no IECINE","author":"da Reda\u00e7\u00e3o","date":"18 de maio de 2014","format":false,"excerpt":"Francisco Ribeiro O Instituto Estadual de Cinema (IECINE) tem a frente, desde abril \u00faltimo, um novo diretor, o cineasta colombiano Juan Zapata, 36, que substitui Luiz Alberto Cassol. Radicado h\u00e1 dez anos em Porto Alegre, Zapata tem diante de si o desafio de conduzir at\u00e9 o final do ano um\u2026","rel":"","context":"Em &quot;Cultura-Geral&quot;","block_context":{"text":"Cultura-Geral","link":"https:\/\/www.jornalja.com.br\/arquivo\/category\/materiasecundaria\/"},"img":{"alt_text":"","src":"","width":0,"height":0},"classes":[]},{"id":13239,"url":"https:\/\/www.jornalja.com.br\/arquivo\/conselho-desdenha-do-plano-diretor\/","url_meta":{"origin":49222,"position":3},"title":"Porto Alegre: Conselho detona Plano Diretor","author":"Patr\u00edcia Marini","date":"25 de maio de 2014","format":false,"excerpt":"Den\u00fancia do arquiteto e \u00a0urbanista Ibir\u00e1 Santos Lucas. Ele diz que os conselheiros est\u00e3o votando com \"enorme irresponsabilidade\". \"Mudam regime com a maior naturalidade,,,regularizam absurdos de constru\u00e7\u00f5es irregulares... \"O CMDUA est\u00e1 flexibilizando a lei do plano diretor, de uma forma impactante na vida da cidade. Mudam regime com a maior\u2026","rel":"","context":"Em &quot;Geral&quot;","block_context":{"text":"Geral","link":"https:\/\/www.jornalja.com.br\/arquivo\/category\/geral\/"},"img":{"alt_text":"","src":"","width":0,"height":0},"classes":[]},{"id":14241,"url":"https:\/\/www.jornalja.com.br\/arquivo\/o-guaiba-nas-imagens-poeticas-de-achutti\/","url_meta":{"origin":49222,"position":4},"title":"O Gua\u00edba nas imagens po\u00e9ticas de Achutti","author":"da Reda\u00e7\u00e3o","date":"18 de junho de 2014","format":false,"excerpt":"Em \u201cO Gua\u00edba por Achutti\u201d \u2013 obra financiada via Minist\u00e9rio da Cultura, produ\u00e7\u00e3o executiva de Pedro Longhi, e Fl\u00e1vio Wild como designer \u2013, o fot\u00f3grafo revela a beleza e as mazelas de um espa\u00e7o aqu\u00e1tico de \u00e1guas sempre renovadas, cheio de hist\u00f3rias e lendas como as das cidades que foram\u2026","rel":"","context":"Em &quot;Cultura-Geral&quot;","block_context":{"text":"Cultura-Geral","link":"https:\/\/www.jornalja.com.br\/arquivo\/category\/materiasecundaria\/"},"img":{"alt_text":"","src":"","width":0,"height":0},"classes":[]},{"id":12960,"url":"https:\/\/www.jornalja.com.br\/arquivo\/populacao-culpa-empresas-pela-greve-dos-rodoviarios\/","url_meta":{"origin":49222,"position":5},"title":"Popula\u00e7\u00e3o culpa empresas pela greve","author":"Patr\u00edcia Marini","date":"14 de fevereiro de 2014","format":false,"excerpt":"Pesquisa divulgada na edi\u00e7\u00e3o do jornal Metro desta sexta-feira,14, comprova o velho ditado: \u00e9 poss\u00edvel enganar muitos por algum tempo, mas n\u00e3o \u00e9 poss\u00edvel enganar a todos o tempo inteiro. A principal revela\u00e7\u00e3o foi que 59,8% dos entrevistados apontaram as empresas como as principais respons\u00e1veis pela grave e 46% culparam\u2026","rel":"","context":"Em &quot;X.Categorias velhas&quot;","block_context":{"text":"X.Categorias velhas","link":"https:\/\/www.jornalja.com.br\/arquivo\/category\/x-categorias-velhas\/"},"img":{"alt_text":"","src":"","width":0,"height":0},"classes":[]}],"jetpack_shortlink":"https:\/\/wp.me\/pbQjBd-cNU","jetpack_featured_media_url":"","_links":{"self":[{"href":"https:\/\/www.jornalja.com.br\/arquivo\/wp-json\/wp\/v2\/posts\/49222","targetHints":{"allow":["GET"]}}],"collection":[{"href":"https:\/\/www.jornalja.com.br\/arquivo\/wp-json\/wp\/v2\/posts"}],"about":[{"href":"https:\/\/www.jornalja.com.br\/arquivo\/wp-json\/wp\/v2\/types\/post"}],"author":[{"embeddable":true,"href":"https:\/\/www.jornalja.com.br\/arquivo\/wp-json\/wp\/v2\/users\/4"}],"replies":[{"embeddable":true,"href":"https:\/\/www.jornalja.com.br\/arquivo\/wp-json\/wp\/v2\/comments?post=49222"}],"version-history":[{"count":0,"href":"https:\/\/www.jornalja.com.br\/arquivo\/wp-json\/wp\/v2\/posts\/49222\/revisions"}],"wp:attachment":[{"href":"https:\/\/www.jornalja.com.br\/arquivo\/wp-json\/wp\/v2\/media?parent=49222"}],"wp:term":[{"taxonomy":"category","embeddable":true,"href":"https:\/\/www.jornalja.com.br\/arquivo\/wp-json\/wp\/v2\/categories?post=49222"},{"taxonomy":"post_tag","embeddable":true,"href":"https:\/\/www.jornalja.com.br\/arquivo\/wp-json\/wp\/v2\/tags?post=49222"}],"curies":[{"name":"wp","href":"https:\/\/api.w.org\/{rel}","templated":true}]}}