{"id":49240,"date":"2017-05-31T19:41:13","date_gmt":"2017-05-31T22:41:13","guid":{"rendered":"https:\/\/www.jornalja.com.br\/?p=49240"},"modified":"2017-05-31T19:41:13","modified_gmt":"2017-05-31T22:41:13","slug":"marchezan-nomeia-mais-16-ccs-indicados-por-partidos-da-base","status":"publish","type":"post","link":"https:\/\/www.jornalja.com.br\/arquivo\/marchezan-nomeia-mais-16-ccs-indicados-por-partidos-da-base\/","title":{"rendered":"Marchezan nomeia mais 16 Ccs indicados por partidos da base"},"content":{"rendered":"<p>Na v\u00e9spera da vota\u00e7\u00e3o na C\u00e2mara Municipal do projeto do Executivo que retirava o reajuste autom\u00e1tico dos servidores municipais, o <a href=\"http:\/\/dopaonlineupload.procempa.com.br\/dopaonlineupload\/2097_ce_20170530_executivo.pdf\" target=\"_blank\" rel=\"noopener noreferrer\">Di\u00e1rio Oficial<\/a> trouxe 16 nomea\u00e7\u00f5es de Cargos em Comiss\u00e3o, todos indicados pelos partidos da base de apoio na C\u00e2mara Municipal.<br \/>\nSe foi uma estrat\u00e9gia pol\u00edtica da prefeitura, n\u00e3o deu certo. O projeto sobre o reajuste acabou sendo retirado pelo governo sem ser votado.<br \/>\nMetade dos nomeados passam a atuar no gabinete do prefeito Nelson Marchezan J\u00fanior. Foram indicados ainda cargos em secretarias que est\u00e3o em vias de extin\u00e7\u00e3o pela pr\u00f3pria\u00a0<a href=\"http:\/\/www.camarapoa.rs.gov.br\/noticias\/camara-aprova-a-reforma-administrativa-de-porto-alegre\" target=\"_blank\" rel=\"noopener noreferrer\">reforma administrativa<\/a> da atual gest\u00e3o.<br \/>\nEntre os contratados est\u00e3o CCs da C\u00e2mara Municipal, candidatos que n\u00e3o foram eleitos em 2016, alguns nomes filiados a partidos da base e uma doadora de campanha do ex-secret\u00e1rio Municipal de Rela\u00e7\u00f5es Institucionais, Kevin Krieger (PP), que deixou o governo h\u00e1 pouco menos de um m\u00eas.<br \/>\nRochele Scott Marinho Neves foi nomeada para o cargo de assistente no Gabinete Executivo do prefeito, a contar do dia 8 de maio. Rochele j\u00e1 teve cargos na FASC e no DEP. Em janeiro deste ano foi nomeada assessora parlamentar de plen\u00e1rio, na C\u00e2mara Municipal, tendo sido exonerada em fevereiro. Filiou-se ao Partido Progressista em 2003. Doou R$ 4 mil para a campanha de Kevin Krieger para vereador em 2012. O Gabinete de Marchezan ganhou outros setes CCs conforme a publica\u00e7\u00e3o.<br \/>\nO vereador Wambert di Lorenzo (PROS), que recentemente passou a integrar a base do governo, tamb\u00e9m teve mudan\u00e7a no gabinete. Wambert, que j\u00e1 foi filiado ao PSDB, havia apoiado o candidato Sebasti\u00e3o Melo (PMDB) nas elei\u00e7\u00f5es do ano passado. Tatiane Pires Bernardes foi exonerada do cargo de Assessora Especial do gabinete do vereador e nomeada Coordenadora-Geral de aten\u00e7\u00e3o b\u00e1sica, da Secretaria Municipal de Sa\u00fade.<br \/>\nOutra assessora que trocou a C\u00e2mara por uma secretaria foi Joselaine Beatriz Caetano Paz Englert, que deixou o cargo de assessora t\u00e9cnica da bancada do PTB e passou \u00e0 assessoria de gabinete do secret\u00e1rio da Smov (Secretaria Municipal de Obras e Via\u00e7\u00e3o), outra pasta em processo de extin\u00e7\u00e3o.<br \/>\n<span class=\"intertit\">Secretarias em vias de extin\u00e7\u00e3o<\/span><br \/>\nSem um secret\u00e1rio nomeado e em processo de extin\u00e7\u00e3o, a Secretaria Municipal da Juventude ganhou um secret\u00e1rio adjunto. Leandro Tittelmaier Balardin, foi nomeado como adjunto da pasta da Juventude, com direito a verba de representa\u00e7\u00e3o. Balardin concorreu \u00e0 Prefeitura de Cachoeira do Sul pelo PSDB em 2016.<br \/>\nA Secretaria de Esportes, Recrea\u00e7\u00e3o e Lazer teve duas nomea\u00e7\u00f5es. Jackson Thales Tirone dos Santos e \u00a0Leonardo de Castro Bastianello foram selecionados para cargos de assistente, na Assessoria Comunit\u00e1ria da Secretaria.<br \/>\nCarlos Henrique Bastos D\u2019\u00e1vila foi nomeado para o cargo de gestor D, da \u00e1rea de atendimento ao cidad\u00e3o da secretaria de Governan\u00e7a Local. Cac\u00e1 D\u2019\u00e1vila foi candidato a vereador de Porto Alegre pelo PP em 2016 e recebeu 717 votos.<\/p>\n","protected":false},"excerpt":{"rendered":"<p>Na v\u00e9spera da vota\u00e7\u00e3o na C\u00e2mara Municipal do projeto do Executivo que retirava o reajuste autom\u00e1tico dos servidores municipais, o Di\u00e1rio Oficial trouxe 16 nomea\u00e7\u00f5es de Cargos em Comiss\u00e3o, todos indicados pelos partidos da base de apoio na C\u00e2mara Municipal. Se foi uma estrat\u00e9gia pol\u00edtica da prefeitura, n\u00e3o deu certo. O projeto sobre o reajuste [&hellip;]<\/p>\n","protected":false},"author":4,"featured_media":49241,"comment_status":"open","ping_status":"closed","sticky":false,"template":"","format":"standard","meta":{"_jetpack_newsletter_access":"","_jetpack_dont_email_post_to_subs":false,"_jetpack_newsletter_tier_id":0,"_jetpack_memberships_contains_paywalled_content":false,"_jetpack_feature_clip_id":0,"_jetpack_memberships_contains_paid_content":false,"footnotes":"","jetpack_post_was_ever_published":false},"categories":[26],"tags":[],"class_list":["post-49240","post","type-post","status-publish","format-standard","has-post-thumbnail","hentry","category-geral"],"aioseo_notices":[],"aioseo_head":"\n\t\t<!-- All in One SEO 5.0.1.1 - aioseo.com -->\n\t<meta name=\"robots\" content=\"max-image-preview:large\" \/>\n\t<meta name=\"author\" content=\"da Reda\u00e7\u00e3o\"\/>\n\t<link rel=\"canonical\" href=\"https:\/\/www.jornalja.com.br\/arquivo\/marchezan-nomeia-mais-16-ccs-indicados-por-partidos-da-base\/\" \/>\n\t<meta name=\"generator\" content=\"All in One SEO (AIOSEO) 5.0.1.1\" \/>\n\t\t<meta property=\"og:locale\" content=\"pt_BR\" \/>\n\t\t<meta property=\"og:site_name\" content=\"Arquivo | Jornal J\u00c1 | Porto Alegre\" \/>\n\t\t<meta property=\"og:type\" content=\"article\" \/>\n\t\t<meta property=\"og:title\" content=\"Marchezan nomeia mais 16 Ccs indicados por partidos da base | Arquivo\" \/>\n\t\t<meta property=\"og:url\" content=\"https:\/\/www.jornalja.com.br\/arquivo\/marchezan-nomeia-mais-16-ccs-indicados-por-partidos-da-base\/\" \/>\n\t\t<meta property=\"og:image\" content=\"https:\/\/www.jornalja.com.br\/economics\/wp-content\/uploads\/sites\/11\/2026\/08\/ja-folhaderosto-facebook.jpg\" \/>\n\t\t<meta property=\"og:image:secure_url\" content=\"https:\/\/www.jornalja.com.br\/economics\/wp-content\/uploads\/sites\/11\/2026\/08\/ja-folhaderosto-facebook.jpg\" \/>\n\t\t<meta property=\"article:published_time\" content=\"2017-05-31T22:41:13+00:00\" \/>\n\t\t<meta property=\"article:modified_time\" content=\"2017-05-31T22:41:13+00:00\" \/>\n\t\t<meta name=\"twitter:card\" content=\"summary\" \/>\n\t\t<meta name=\"twitter:title\" content=\"Marchezan nomeia mais 16 Ccs indicados por partidos da base | Arquivo\" \/>\n\t\t<meta name=\"twitter:image\" content=\"https:\/\/www.jornalja.com.br\/economics\/wp-content\/uploads\/sites\/11\/2026\/08\/ja-folhaderosto-facebook.jpg\" \/>\n\t\t<script type=\"application\/ld+json\" class=\"aioseo-schema\">\n\t\t\t{\"@context\":\"https:\\\/\\\/schema.org\",\"@graph\":[{\"@type\":\"BlogPosting\",\"@id\":\"https:\\\/\\\/www.jornalja.com.br\\\/arquivo\\\/marchezan-nomeia-mais-16-ccs-indicados-por-partidos-da-base\\\/#blogposting\",\"name\":\"Marchezan nomeia mais 16 Ccs indicados por partidos da base | Arquivo\",\"headline\":\"Marchezan nomeia mais 16 Ccs indicados por partidos da base\",\"author\":{\"@id\":\"https:\\\/\\\/www.jornalja.com.br\\\/arquivo\\\/author\\\/daredacao\\\/#author\"},\"publisher\":{\"@id\":\"https:\\\/\\\/www.jornalja.com.br\\\/arquivo\\\/#organization\"},\"image\":{\"@type\":\"ImageObject\",\"url\":49241},\"datePublished\":\"2017-05-31T19:41:13-03:00\",\"dateModified\":\"2017-05-31T19:41:13-03:00\",\"inLanguage\":\"pt-BR\",\"commentCount\":1,\"mainEntityOfPage\":{\"@id\":\"https:\\\/\\\/www.jornalja.com.br\\\/arquivo\\\/marchezan-nomeia-mais-16-ccs-indicados-por-partidos-da-base\\\/#webpage\"},\"isPartOf\":{\"@id\":\"https:\\\/\\\/www.jornalja.com.br\\\/arquivo\\\/marchezan-nomeia-mais-16-ccs-indicados-por-partidos-da-base\\\/#webpage\"},\"articleSection\":\"Geral\"},{\"@type\":\"BreadcrumbList\",\"@id\":\"https:\\\/\\\/www.jornalja.com.br\\\/arquivo\\\/marchezan-nomeia-mais-16-ccs-indicados-por-partidos-da-base\\\/#breadcrumblist\",\"itemListElement\":[{\"@type\":\"ListItem\",\"@id\":\"https:\\\/\\\/www.jornalja.com.br\\\/arquivo#listItem\",\"position\":1,\"name\":\"Home\",\"item\":\"https:\\\/\\\/www.jornalja.com.br\\\/arquivo\",\"nextItem\":{\"@type\":\"ListItem\",\"@id\":\"https:\\\/\\\/www.jornalja.com.br\\\/arquivo\\\/category\\\/geral\\\/#listItem\",\"name\":\"Geral\"}},{\"@type\":\"ListItem\",\"@id\":\"https:\\\/\\\/www.jornalja.com.br\\\/arquivo\\\/category\\\/geral\\\/#listItem\",\"position\":2,\"name\":\"Geral\",\"item\":\"https:\\\/\\\/www.jornalja.com.br\\\/arquivo\\\/category\\\/geral\\\/\",\"nextItem\":{\"@type\":\"ListItem\",\"@id\":\"https:\\\/\\\/www.jornalja.com.br\\\/arquivo\\\/marchezan-nomeia-mais-16-ccs-indicados-por-partidos-da-base\\\/#listItem\",\"name\":\"Marchezan nomeia mais 16 Ccs indicados por partidos da base\"},\"previousItem\":{\"@type\":\"ListItem\",\"@id\":\"https:\\\/\\\/www.jornalja.com.br\\\/arquivo#listItem\",\"name\":\"Home\"}},{\"@type\":\"ListItem\",\"@id\":\"https:\\\/\\\/www.jornalja.com.br\\\/arquivo\\\/marchezan-nomeia-mais-16-ccs-indicados-por-partidos-da-base\\\/#listItem\",\"position\":3,\"name\":\"Marchezan nomeia mais 16 Ccs indicados por partidos da base\",\"previousItem\":{\"@type\":\"ListItem\",\"@id\":\"https:\\\/\\\/www.jornalja.com.br\\\/arquivo\\\/category\\\/geral\\\/#listItem\",\"name\":\"Geral\"}}]},{\"@type\":\"Organization\",\"@id\":\"https:\\\/\\\/www.jornalja.com.br\\\/arquivo\\\/#organization\",\"name\":\"Jornal J\\u00c1\",\"description\":\"Jornal J\\u00c1 | Porto Alegre\",\"url\":\"https:\\\/\\\/www.jornalja.com.br\\\/arquivo\\\/\",\"telephone\":\"+555133307272\",\"logo\":{\"@type\":\"ImageObject\",\"url\":\"https:\\\/\\\/www.jornalja.com.br\\\/wp-content\\\/uploads\\\/cards\\\/JAslogan.png\",\"@id\":\"https:\\\/\\\/www.jornalja.com.br\\\/arquivo\\\/marchezan-nomeia-mais-16-ccs-indicados-por-partidos-da-base\\\/#organizationLogo\"},\"image\":{\"@id\":\"https:\\\/\\\/www.jornalja.com.br\\\/arquivo\\\/marchezan-nomeia-mais-16-ccs-indicados-por-partidos-da-base\\\/#organizationLogo\"}},{\"@type\":\"Person\",\"@id\":\"https:\\\/\\\/www.jornalja.com.br\\\/arquivo\\\/author\\\/daredacao\\\/#author\",\"url\":\"https:\\\/\\\/www.jornalja.com.br\\\/arquivo\\\/author\\\/daredacao\\\/\",\"name\":\"da Reda\\u00e7\\u00e3o\",\"image\":{\"@type\":\"ImageObject\",\"@id\":\"https:\\\/\\\/www.jornalja.com.br\\\/arquivo\\\/marchezan-nomeia-mais-16-ccs-indicados-por-partidos-da-base\\\/#authorImage\",\"url\":\"https:\\\/\\\/secure.gravatar.com\\\/avatar\\\/469fd857d6605ad19919d27ed29d35a968a25f6e8fd9318356bbb7f57aae9c65?s=96&d=mm&r=g\",\"width\":96,\"height\":96,\"caption\":\"da Reda\\u00e7\\u00e3o\"}},{\"@type\":\"WebPage\",\"@id\":\"https:\\\/\\\/www.jornalja.com.br\\\/arquivo\\\/marchezan-nomeia-mais-16-ccs-indicados-por-partidos-da-base\\\/#webpage\",\"url\":\"https:\\\/\\\/www.jornalja.com.br\\\/arquivo\\\/marchezan-nomeia-mais-16-ccs-indicados-por-partidos-da-base\\\/\",\"name\":\"Marchezan nomeia mais 16 Ccs indicados por partidos da base | Arquivo\",\"inLanguage\":\"pt-BR\",\"isPartOf\":{\"@id\":\"https:\\\/\\\/www.jornalja.com.br\\\/arquivo\\\/#website\"},\"breadcrumb\":{\"@id\":\"https:\\\/\\\/www.jornalja.com.br\\\/arquivo\\\/marchezan-nomeia-mais-16-ccs-indicados-por-partidos-da-base\\\/#breadcrumblist\"},\"author\":{\"@id\":\"https:\\\/\\\/www.jornalja.com.br\\\/arquivo\\\/author\\\/daredacao\\\/#author\"},\"creator\":{\"@id\":\"https:\\\/\\\/www.jornalja.com.br\\\/arquivo\\\/author\\\/daredacao\\\/#author\"},\"image\":{\"@type\":\"ImageObject\",\"url\":49241,\"@id\":\"https:\\\/\\\/www.jornalja.com.br\\\/arquivo\\\/marchezan-nomeia-mais-16-ccs-indicados-por-partidos-da-base\\\/#mainImage\"},\"primaryImageOfPage\":{\"@id\":\"https:\\\/\\\/www.jornalja.com.br\\\/arquivo\\\/marchezan-nomeia-mais-16-ccs-indicados-por-partidos-da-base\\\/#mainImage\"},\"datePublished\":\"2017-05-31T19:41:13-03:00\",\"dateModified\":\"2017-05-31T19:41:13-03:00\"},{\"@type\":\"WebSite\",\"@id\":\"https:\\\/\\\/www.jornalja.com.br\\\/arquivo\\\/#website\",\"url\":\"https:\\\/\\\/www.jornalja.com.br\\\/arquivo\\\/\",\"name\":\"Arquivo\",\"description\":\"Jornal J\\u00c1 | Porto Alegre\",\"inLanguage\":\"pt-BR\",\"publisher\":{\"@id\":\"https:\\\/\\\/www.jornalja.com.br\\\/arquivo\\\/#organization\"}}]}\n\t\t<\/script>\n\t\t<!-- All in One SEO -->\n\n","aioseo_head_json":{"title":"Marchezan nomeia mais 16 Ccs indicados por partidos da base | Arquivo","description":"","canonical_url":"https:\/\/www.jornalja.com.br\/arquivo\/marchezan-nomeia-mais-16-ccs-indicados-por-partidos-da-base\/","robots":"max-image-preview:large","keywords":"","webmasterTools":{"miscellaneous":""},"schema":{"@context":"https:\/\/schema.org","@graph":[{"@type":"BlogPosting","@id":"https:\/\/www.jornalja.com.br\/arquivo\/marchezan-nomeia-mais-16-ccs-indicados-por-partidos-da-base\/#blogposting","name":"Marchezan nomeia mais 16 Ccs indicados por partidos da base | Arquivo","headline":"Marchezan nomeia mais 16 Ccs indicados por partidos da base","author":{"@id":"https:\/\/www.jornalja.com.br\/arquivo\/author\/daredacao\/#author"},"publisher":{"@id":"https:\/\/www.jornalja.com.br\/arquivo\/#organization"},"image":{"@type":"ImageObject","url":49241},"datePublished":"2017-05-31T19:41:13-03:00","dateModified":"2017-05-31T19:41:13-03:00","inLanguage":"pt-BR","commentCount":1,"mainEntityOfPage":{"@id":"https:\/\/www.jornalja.com.br\/arquivo\/marchezan-nomeia-mais-16-ccs-indicados-por-partidos-da-base\/#webpage"},"isPartOf":{"@id":"https:\/\/www.jornalja.com.br\/arquivo\/marchezan-nomeia-mais-16-ccs-indicados-por-partidos-da-base\/#webpage"},"articleSection":"Geral"},{"@type":"BreadcrumbList","@id":"https:\/\/www.jornalja.com.br\/arquivo\/marchezan-nomeia-mais-16-ccs-indicados-por-partidos-da-base\/#breadcrumblist","itemListElement":[{"@type":"ListItem","@id":"https:\/\/www.jornalja.com.br\/arquivo#listItem","position":1,"name":"Home","item":"https:\/\/www.jornalja.com.br\/arquivo","nextItem":{"@type":"ListItem","@id":"https:\/\/www.jornalja.com.br\/arquivo\/category\/geral\/#listItem","name":"Geral"}},{"@type":"ListItem","@id":"https:\/\/www.jornalja.com.br\/arquivo\/category\/geral\/#listItem","position":2,"name":"Geral","item":"https:\/\/www.jornalja.com.br\/arquivo\/category\/geral\/","nextItem":{"@type":"ListItem","@id":"https:\/\/www.jornalja.com.br\/arquivo\/marchezan-nomeia-mais-16-ccs-indicados-por-partidos-da-base\/#listItem","name":"Marchezan nomeia mais 16 Ccs indicados por partidos da base"},"previousItem":{"@type":"ListItem","@id":"https:\/\/www.jornalja.com.br\/arquivo#listItem","name":"Home"}},{"@type":"ListItem","@id":"https:\/\/www.jornalja.com.br\/arquivo\/marchezan-nomeia-mais-16-ccs-indicados-por-partidos-da-base\/#listItem","position":3,"name":"Marchezan nomeia mais 16 Ccs indicados por partidos da base","previousItem":{"@type":"ListItem","@id":"https:\/\/www.jornalja.com.br\/arquivo\/category\/geral\/#listItem","name":"Geral"}}]},{"@type":"Organization","@id":"https:\/\/www.jornalja.com.br\/arquivo\/#organization","name":"Jornal J\u00c1","description":"Jornal J\u00c1 | Porto Alegre","url":"https:\/\/www.jornalja.com.br\/arquivo\/","telephone":"+555133307272","logo":{"@type":"ImageObject","url":"https:\/\/www.jornalja.com.br\/wp-content\/uploads\/cards\/JAslogan.png","@id":"https:\/\/www.jornalja.com.br\/arquivo\/marchezan-nomeia-mais-16-ccs-indicados-por-partidos-da-base\/#organizationLogo"},"image":{"@id":"https:\/\/www.jornalja.com.br\/arquivo\/marchezan-nomeia-mais-16-ccs-indicados-por-partidos-da-base\/#organizationLogo"}},{"@type":"Person","@id":"https:\/\/www.jornalja.com.br\/arquivo\/author\/daredacao\/#author","url":"https:\/\/www.jornalja.com.br\/arquivo\/author\/daredacao\/","name":"da Reda\u00e7\u00e3o","image":{"@type":"ImageObject","@id":"https:\/\/www.jornalja.com.br\/arquivo\/marchezan-nomeia-mais-16-ccs-indicados-por-partidos-da-base\/#authorImage","url":"https:\/\/secure.gravatar.com\/avatar\/469fd857d6605ad19919d27ed29d35a968a25f6e8fd9318356bbb7f57aae9c65?s=96&d=mm&r=g","width":96,"height":96,"caption":"da Reda\u00e7\u00e3o"}},{"@type":"WebPage","@id":"https:\/\/www.jornalja.com.br\/arquivo\/marchezan-nomeia-mais-16-ccs-indicados-por-partidos-da-base\/#webpage","url":"https:\/\/www.jornalja.com.br\/arquivo\/marchezan-nomeia-mais-16-ccs-indicados-por-partidos-da-base\/","name":"Marchezan nomeia mais 16 Ccs indicados por partidos da base | Arquivo","inLanguage":"pt-BR","isPartOf":{"@id":"https:\/\/www.jornalja.com.br\/arquivo\/#website"},"breadcrumb":{"@id":"https:\/\/www.jornalja.com.br\/arquivo\/marchezan-nomeia-mais-16-ccs-indicados-por-partidos-da-base\/#breadcrumblist"},"author":{"@id":"https:\/\/www.jornalja.com.br\/arquivo\/author\/daredacao\/#author"},"creator":{"@id":"https:\/\/www.jornalja.com.br\/arquivo\/author\/daredacao\/#author"},"image":{"@type":"ImageObject","url":49241,"@id":"https:\/\/www.jornalja.com.br\/arquivo\/marchezan-nomeia-mais-16-ccs-indicados-por-partidos-da-base\/#mainImage"},"primaryImageOfPage":{"@id":"https:\/\/www.jornalja.com.br\/arquivo\/marchezan-nomeia-mais-16-ccs-indicados-por-partidos-da-base\/#mainImage"},"datePublished":"2017-05-31T19:41:13-03:00","dateModified":"2017-05-31T19:41:13-03:00"},{"@type":"WebSite","@id":"https:\/\/www.jornalja.com.br\/arquivo\/#website","url":"https:\/\/www.jornalja.com.br\/arquivo\/","name":"Arquivo","description":"Jornal J\u00c1 | Porto Alegre","inLanguage":"pt-BR","publisher":{"@id":"https:\/\/www.jornalja.com.br\/arquivo\/#organization"}}]},"og:locale":"pt_BR","og:site_name":"Arquivo | Jornal J\u00c1 | Porto Alegre","og:type":"article","og:title":"Marchezan nomeia mais 16 Ccs indicados por partidos da base | Arquivo","og:url":"https:\/\/www.jornalja.com.br\/arquivo\/marchezan-nomeia-mais-16-ccs-indicados-por-partidos-da-base\/","og:image":"https:\/\/www.jornalja.com.br\/economics\/wp-content\/uploads\/sites\/11\/2026\/08\/ja-folhaderosto-facebook.jpg","og:image:secure_url":"https:\/\/www.jornalja.com.br\/economics\/wp-content\/uploads\/sites\/11\/2026\/08\/ja-folhaderosto-facebook.jpg","article:published_time":"2017-05-31T22:41:13+00:00","article:modified_time":"2017-05-31T22:41:13+00:00","twitter:card":"summary","twitter:title":"Marchezan nomeia mais 16 Ccs indicados por partidos da base | Arquivo","twitter:image":"https:\/\/www.jornalja.com.br\/economics\/wp-content\/uploads\/sites\/11\/2026\/08\/ja-folhaderosto-facebook.jpg"},"aioseo_meta_data":{"post_id":"49240","title":null,"description":null,"keywords":null,"keyphrases":null,"primary_term":null,"canonical_url":null,"og_title":null,"og_description":null,"og_object_type":"default","og_image_type":"default","og_image_url":null,"og_image_width":null,"og_image_height":null,"og_image_custom_url":null,"og_image_custom_fields":null,"og_video":null,"og_custom_url":null,"og_article_section":null,"og_article_tags":null,"twitter_use_og":false,"twitter_card":"default","twitter_image_type":"default","twitter_image_url":null,"twitter_image_custom_url":null,"twitter_image_custom_fields":null,"twitter_title":null,"twitter_description":null,"schema":{"blockGraphs":[],"customGraphs":[],"default":{"data":{"Article":[],"Course":[],"Dataset":[],"FAQPage":[],"Movie":[],"Person":[],"Product":[],"ProductReview":[],"Car":[],"Recipe":[],"Service":[],"SoftwareApplication":[],"WebPage":[]},"graphName":"","isEnabled":true},"graphs":[],"defaultGraph":"","defaultPostTypeGraph":""},"schema_type":null,"schema_type_options":null,"pillar_content":false,"robots_default":true,"robots_noindex":false,"robots_noarchive":false,"robots_nosnippet":false,"robots_nofollow":false,"robots_noimageindex":false,"robots_noodp":false,"robots_notranslate":false,"robots_max_snippet":null,"robots_max_videopreview":null,"robots_max_imagepreview":"large","priority":null,"frequency":null,"location":null,"local_seo":null,"breadcrumb_settings":null,"limit_modified_date":false,"ai":null,"created":"2020-12-20 20:32:48","updated":"2025-07-19 21:52:48","seo_analyzer_scan_date":null,"focus_keyword":null,"additional_keywords":null,"truseo_locale":null},"jetpack_sharing_enabled":true,"jetpack-related-posts":[{"id":13128,"url":"https:\/\/www.jornalja.com.br\/arquivo\/maconha-terra-diz-que-uso-medicinal-e-desculpa\/","url_meta":{"origin":49240,"position":0},"title":"Maconha: Terra diz que uso medicinal \u00e9 desculpa","author":"Patr\u00edcia Marini","date":"4 de junho de 2014","format":false,"excerpt":"A condi\u00e7\u00e3o de pol\u00edtico, em \u00e9poca de campanha de campanha eleitoral, tira for\u00e7a do discurso do m\u00e9dico Osmar Terra contra a legaliza\u00e7\u00e3o da maconha. A tese dele de que a libera\u00e7\u00e3o vai ampliar exponencialmente o consumo \u00e9 discutivel, o consumo \u00e9 corrente. Mas seus alertas quanto aos riscos tem que\u2026","rel":"","context":"Em &quot;X.Categorias velhas&quot;","block_context":{"text":"X.Categorias velhas","link":"https:\/\/www.jornalja.com.br\/arquivo\/category\/x-categorias-velhas\/"},"img":{"alt_text":"","src":"","width":0,"height":0},"classes":[]},{"id":13240,"url":"https:\/\/www.jornalja.com.br\/arquivo\/plano-diretor-estamos-construindo-o-caos\/","url_meta":{"origin":49240,"position":1},"title":"Plano diretor: &quot;Estamos construindo o caos&quot;","author":"Patr\u00edcia Marini","date":"26 de maio de 2014","format":false,"excerpt":"Desabafo que arquiteta Eliana Castilhos, delegada da Regi\u00e3o de Planejamento 1, postou nas redes sociais \u00e9 um testemunho do ambiente que se criou no Conselho do Plano Diretor de Porto Alegre, onde a aprova\u00e7\u00e3o de grandes empreendimentos \u00e9 empurrada guela abaixo dos conselheiros. Ao CMDUA Como delegada da Regi\u00e3o de\u2026","rel":"","context":"Em &quot;Geral&quot;","block_context":{"text":"Geral","link":"https:\/\/www.jornalja.com.br\/arquivo\/category\/geral\/"},"img":{"alt_text":"","src":"","width":0,"height":0},"classes":[]},{"id":13124,"url":"https:\/\/www.jornalja.com.br\/arquivo\/sangue-latino-no-iecine\/","url_meta":{"origin":49240,"position":2},"title":"Sangue latino no IECINE","author":"da Reda\u00e7\u00e3o","date":"18 de maio de 2014","format":false,"excerpt":"Francisco Ribeiro O Instituto Estadual de Cinema (IECINE) tem a frente, desde abril \u00faltimo, um novo diretor, o cineasta colombiano Juan Zapata, 36, que substitui Luiz Alberto Cassol. Radicado h\u00e1 dez anos em Porto Alegre, Zapata tem diante de si o desafio de conduzir at\u00e9 o final do ano um\u2026","rel":"","context":"Em &quot;Cultura-Geral&quot;","block_context":{"text":"Cultura-Geral","link":"https:\/\/www.jornalja.com.br\/arquivo\/category\/materiasecundaria\/"},"img":{"alt_text":"","src":"","width":0,"height":0},"classes":[]},{"id":5440,"url":"https:\/\/www.jornalja.com.br\/arquivo\/casarao-da-venancio-destino-permanece-incerto\/","url_meta":{"origin":49240,"position":3},"title":"Estado ainda n\u00e3o sabe o que fazer com casar\u00e3o abandonado h\u00e1 20 anos","author":"Elmar Bones","date":"6 de julho de 2009","format":false,"excerpt":"O casar\u00e3o amarelo, numa esquina nobre de Porto Alegre (Ven\u00e2ncio Aires com Jo\u00e3o Pessoa), j\u00e1 abrigou uma escola. H\u00e1 duas d\u00e9cadas, pelo menos, est\u00e1 abandonado, porque seu propriet\u00e1rio, o governo do Estado do Rio Grande do Sul, n\u00e3o consegue achar um destino para ele. Planos n\u00e3o faltaram. O governador Ol\u00edvio\u2026","rel":"","context":"Em &quot;X.Categorias velhas&quot;","block_context":{"text":"X.Categorias velhas","link":"https:\/\/www.jornalja.com.br\/arquivo\/category\/x-categorias-velhas\/"},"img":{"alt_text":"geraldo1","src":"https:\/\/i0.wp.com\/www.jornalja.com.br\/wp-content\/uploads\/2009\/07\/geraldo1.jpg?resize=350%2C200&ssl=1","width":350,"height":200},"classes":[]},{"id":13109,"url":"https:\/\/www.jornalja.com.br\/arquivo\/judiciario-reconhece-poluicao-eletromagnetica\/","url_meta":{"origin":49240,"position":4},"title":"Judici\u00e1rio reconhece polui\u00e7\u00e3o eletromagn\u00e9tica","author":"Patr\u00edcia Marini","date":"16 de maio de 2014","format":false,"excerpt":"A\u00e7\u00e3o de duas associa\u00e7\u00f5es de moradores foi acolhida pelo Tribunal de Justi\u00e7a de S\u00e3o Paulo que. em decis\u00e3o in\u00e9dita, determinou a redu\u00e7\u00e3o do campo eletromagn\u00e9tico gerado pelas linhas de transmiss\u00e3o de energia que cortam os bairros City Boa\u00e7ava e Alto de Pinheiros. \u00c9 a primeira vez que um tribunal do\u2026","rel":"","context":"Em &quot;X.Categorias velhas&quot;","block_context":{"text":"X.Categorias velhas","link":"https:\/\/www.jornalja.com.br\/arquivo\/category\/x-categorias-velhas\/"},"img":{"alt_text":"","src":"","width":0,"height":0},"classes":[]},{"id":13239,"url":"https:\/\/www.jornalja.com.br\/arquivo\/conselho-desdenha-do-plano-diretor\/","url_meta":{"origin":49240,"position":5},"title":"Porto Alegre: Conselho detona Plano Diretor","author":"Patr\u00edcia Marini","date":"25 de maio de 2014","format":false,"excerpt":"Den\u00fancia do arquiteto e \u00a0urbanista Ibir\u00e1 Santos Lucas. Ele diz que os conselheiros est\u00e3o votando com \"enorme irresponsabilidade\". \"Mudam regime com a maior naturalidade,,,regularizam absurdos de constru\u00e7\u00f5es irregulares... \"O CMDUA est\u00e1 flexibilizando a lei do plano diretor, de uma forma impactante na vida da cidade. Mudam regime com a maior\u2026","rel":"","context":"Em &quot;Geral&quot;","block_context":{"text":"Geral","link":"https:\/\/www.jornalja.com.br\/arquivo\/category\/geral\/"},"img":{"alt_text":"","src":"","width":0,"height":0},"classes":[]}],"jetpack_shortlink":"https:\/\/wp.me\/pbQjBd-cOc","jetpack_featured_media_url":"","_links":{"self":[{"href":"https:\/\/www.jornalja.com.br\/arquivo\/wp-json\/wp\/v2\/posts\/49240","targetHints":{"allow":["GET"]}}],"collection":[{"href":"https:\/\/www.jornalja.com.br\/arquivo\/wp-json\/wp\/v2\/posts"}],"about":[{"href":"https:\/\/www.jornalja.com.br\/arquivo\/wp-json\/wp\/v2\/types\/post"}],"author":[{"embeddable":true,"href":"https:\/\/www.jornalja.com.br\/arquivo\/wp-json\/wp\/v2\/users\/4"}],"replies":[{"embeddable":true,"href":"https:\/\/www.jornalja.com.br\/arquivo\/wp-json\/wp\/v2\/comments?post=49240"}],"version-history":[{"count":0,"href":"https:\/\/www.jornalja.com.br\/arquivo\/wp-json\/wp\/v2\/posts\/49240\/revisions"}],"wp:attachment":[{"href":"https:\/\/www.jornalja.com.br\/arquivo\/wp-json\/wp\/v2\/media?parent=49240"}],"wp:term":[{"taxonomy":"category","embeddable":true,"href":"https:\/\/www.jornalja.com.br\/arquivo\/wp-json\/wp\/v2\/categories?post=49240"},{"taxonomy":"post_tag","embeddable":true,"href":"https:\/\/www.jornalja.com.br\/arquivo\/wp-json\/wp\/v2\/tags?post=49240"}],"curies":[{"name":"wp","href":"https:\/\/api.w.org\/{rel}","templated":true}]}}