{"id":49299,"date":"2017-06-01T17:47:34","date_gmt":"2017-06-01T20:47:34","guid":{"rendered":"https:\/\/www.jornalja.com.br\/?p=49299"},"modified":"2017-06-01T17:47:34","modified_gmt":"2017-06-01T20:47:34","slug":"falta-de-limpeza-dos-arroios-e-falhas-nas-casas-de-bombas-levam-caos-ao-bairro-sarandi","status":"publish","type":"post","link":"https:\/\/www.jornalja.com.br\/arquivo\/falta-de-limpeza-dos-arroios-e-falhas-nas-casas-de-bombas-levam-caos-ao-bairro-sarandi\/","title":{"rendered":"Falta de limpeza dos arroios e falhas nas casas de bombas levam caos ao bairro Sarandi"},"content":{"rendered":"<p><span class=\"assina\">Felipe Uhr<\/span><br \/>\nSem as obras emergenciais e sem as reformas nas casas de bombas do Bairro Sarandi, as chuvas constantes dos \u00faltimos dias deixaram ruas alagadas, moradores ilhados e at\u00e9 carros submersos.<br \/>\nO problema vem de muito tempo e s\u00f3 agravou nos \u00faltimos anos.<br \/>\nH\u00e1 dois meses, moradores do Sarandi estiveram na C\u00e2mara Municipal pedindo que fossem tomadas provid\u00eancias, j\u00e1 antevendo a \u00e9poca das chuvas.\u00a0Na oportunidade, moradores e comerciantes reclamaram \u00e0 Comiss\u00e3o de Urbanismo Transportes e Habita\u00e7\u00e3o (Cuthab) da falta de limpeza dos arroios e de falhas nas casas de bombas da regi\u00e3o. A principal delas, a MInuano, tinha problemas estruturais grav\u00edssimos.<br \/>\nDuas semanas depois, vereadores da Cuthab foram at\u00e9 a regi\u00e3o, ouviram mais relatos de moradores e encaminharam uma solicita\u00e7\u00e3o para a Prefeitura definir um cronograma, visando a realiza\u00e7\u00e3o de obras de dragagem e limpeza nos arroios da Zona Norte, entre eles o Arroio Sarandi. Cobraram tamb\u00e9m reparo de duas casas de bombas da regi\u00e3o, a 9 e a 10 e tamb\u00e9m\u00a0 a conclus\u00e3o da Minuano.<br \/>\nUm Termo de Ajustamento de Conduta (TAC) firmado entre Executivo e a empresa respons\u00e1vel pela obra, foi assinado para o conserto da Casa de Bombas.<br \/>\nSegundo o vereador Valter Nagelstein (PMDB) as reformas nessas casas j\u00e1 trariam um grande al\u00edvio \u00e0 comunidade: &#8220;Resolveria 80% dos problemas&#8221;, diz\u00a0Nagelstein.<br \/>\nFoi feita uma nova reuni\u00e3o, no dia 23 de maio, para tratar do tema. Na oportunidade, o engenheiro Carlos Adolfo Bernd, representante do DEP, disse que a\u00e7\u00f5es como a limpeza de dois trechos do Arroio Sarandi e o canal, desobstru\u00e7\u00e3o de ruas, limpeza e reconstru\u00e7\u00e3o de redes, haviam sido realizadas.<br \/>\nAs corre\u00e7\u00f5es e\/ou reconstru\u00e7\u00f5es da Casa de Bombas MInuano tamb\u00e9m estavam sendo realizadas segundo Bernd.<br \/>\nMoradores contestam esta afirma\u00e7\u00e3o. Representante do Conselho Popular da Zona Norte e morador do bairro Sarandi, Derli Vitcoski, afirmou que as a\u00e7\u00f5es foram insuficientes: &#8220;O arroio \u00e9 grande, 2 ou 3 quil\u00f4metros s\u00e3o insuficientes e a reforma na (casa de bombas) Minuano n\u00e3o come\u00e7ou&#8221;, rebateu.<br \/>\n<strong>R$\u00a0 87 milh\u00f5es parados em Bras\u00edlia <\/strong><br \/>\nAinda na primeira reuni\u00e3o em abril, o promotor Heriberto Ross, do Minist\u00e9rio P\u00fablico de Habita\u00e7\u00e3o alertou que h\u00e1 verba que poderia ser usada na manuten\u00e7\u00e3o de esgotos e casas de bombas. Segundo ele, h\u00e1 cerca de R$ 87 milh\u00f5es disponibilizados pelo governo federal, mas est\u00e3o trancados no Minist\u00e9rio das Cidades.<br \/>\nNo dia 23 de maio, o engenheiro Bernd, do DEP, reconheceu que a Prefeitura n\u00e3o definiu or\u00e7amento para a realiza\u00e7\u00e3o dessas obras, que s\u00e3o provenientes do PAC.<br \/>\nO vereador Dr. Goulart (PTB), presidente da Cuthab, prometeu encaminhar, de forma emergencial, pedido de informa\u00e7\u00f5es ao Executivo municipal, para esclarecimentos sobre projetos que envolvam o PAC.<br \/>\n<figure id=\"attachment_49317\" aria-describedby=\"caption-attachment-49317\" style=\"width: 1150px\" class=\"wp-caption alignleft\"><img loading=\"lazy\" decoding=\"async\" class=\"wp-image-49317 size-full\" src=\"https:\/\/www.jornalja.com.br\/wp-content\/uploads\/2017\/06\/IMG-20170601-WA0070.jpg\" alt=\"\" width=\"1150\" height=\"690\" \/><figcaption id=\"caption-attachment-49317\" class=\"wp-caption-text\">\u00c1gua invadiu as casas\/fotos divulga\u00e7\u00e3o<\/figcaption><\/figure><br \/>\n<img loading=\"lazy\" decoding=\"async\" class=\"alignleft size-full wp-image-49318\" src=\"https:\/\/www.jornalja.com.br\/wp-content\/uploads\/2017\/06\/IMG-20170601-WA0071.jpg\" alt=\"\" width=\"1150\" height=\"690\" \/><br \/>\n&nbsp;<br \/>\n&nbsp;<br \/>\n&nbsp;<br \/>\n<img loading=\"lazy\" decoding=\"async\" class=\"alignleft size-full wp-image-49326\" src=\"https:\/\/www.jornalja.com.br\/wp-content\/uploads\/2017\/06\/IMG-20170601-WA0106.jpg\" alt=\"\" width=\"647\" height=\"1150\" \/><\/p>\n","protected":false},"excerpt":{"rendered":"<p>Felipe Uhr Sem as obras emergenciais e sem as reformas nas casas de bombas do Bairro Sarandi, as chuvas constantes dos \u00faltimos dias deixaram ruas alagadas, moradores ilhados e at\u00e9 carros submersos. O problema vem de muito tempo e s\u00f3 agravou nos \u00faltimos anos. H\u00e1 dois meses, moradores do Sarandi estiveram na C\u00e2mara Municipal pedindo [&hellip;]<\/p>\n","protected":false},"author":4,"featured_media":49319,"comment_status":"open","ping_status":"closed","sticky":false,"template":"","format":"standard","meta":{"_jetpack_newsletter_access":"","_jetpack_dont_email_post_to_subs":false,"_jetpack_newsletter_tier_id":0,"_jetpack_memberships_contains_paywalled_content":false,"_jetpack_feature_clip_id":0,"_jetpack_memberships_contains_paid_content":false,"footnotes":"","jetpack_post_was_ever_published":false},"categories":[26],"tags":[],"class_list":["post-49299","post","type-post","status-publish","format-standard","has-post-thumbnail","hentry","category-geral"],"aioseo_notices":[],"aioseo_head":"\n\t\t<!-- All in One SEO 5.0.1.1 - aioseo.com -->\n\t<meta name=\"robots\" content=\"max-image-preview:large\" \/>\n\t<meta name=\"author\" content=\"da Reda\u00e7\u00e3o\"\/>\n\t<link rel=\"canonical\" href=\"https:\/\/www.jornalja.com.br\/arquivo\/falta-de-limpeza-dos-arroios-e-falhas-nas-casas-de-bombas-levam-caos-ao-bairro-sarandi\/\" \/>\n\t<meta name=\"generator\" content=\"All in One SEO (AIOSEO) 5.0.1.1\" \/>\n\t\t<meta property=\"og:locale\" content=\"pt_BR\" \/>\n\t\t<meta property=\"og:site_name\" content=\"Arquivo | Jornal J\u00c1 | Porto Alegre\" \/>\n\t\t<meta property=\"og:type\" content=\"article\" \/>\n\t\t<meta property=\"og:title\" content=\"Falta de limpeza dos arroios e falhas nas casas de bombas levam caos ao bairro Sarandi | Arquivo\" \/>\n\t\t<meta property=\"og:url\" content=\"https:\/\/www.jornalja.com.br\/arquivo\/falta-de-limpeza-dos-arroios-e-falhas-nas-casas-de-bombas-levam-caos-ao-bairro-sarandi\/\" \/>\n\t\t<meta property=\"og:image\" content=\"https:\/\/www.jornalja.com.br\/wp-content\/uploads\/2017\/06\/IMG-20170601-WA0070.jpg\" \/>\n\t\t<meta property=\"og:image:secure_url\" content=\"https:\/\/www.jornalja.com.br\/wp-content\/uploads\/2017\/06\/IMG-20170601-WA0070.jpg\" \/>\n\t\t<meta property=\"article:published_time\" content=\"2017-06-01T20:47:34+00:00\" \/>\n\t\t<meta property=\"article:modified_time\" content=\"2017-06-01T20:47:34+00:00\" \/>\n\t\t<meta name=\"twitter:card\" content=\"summary\" \/>\n\t\t<meta name=\"twitter:title\" content=\"Falta de limpeza dos arroios e falhas nas casas de bombas levam caos ao bairro Sarandi | Arquivo\" \/>\n\t\t<meta name=\"twitter:image\" content=\"https:\/\/www.jornalja.com.br\/economics\/wp-content\/uploads\/sites\/11\/2026\/08\/ja-folhaderosto-facebook.jpg\" \/>\n\t\t<script type=\"application\/ld+json\" class=\"aioseo-schema\">\n\t\t\t{\"@context\":\"https:\\\/\\\/schema.org\",\"@graph\":[{\"@type\":\"BlogPosting\",\"@id\":\"https:\\\/\\\/www.jornalja.com.br\\\/arquivo\\\/falta-de-limpeza-dos-arroios-e-falhas-nas-casas-de-bombas-levam-caos-ao-bairro-sarandi\\\/#blogposting\",\"name\":\"Falta de limpeza dos arroios e falhas nas casas de bombas levam caos ao bairro Sarandi | Arquivo\",\"headline\":\"Falta de limpeza dos arroios e falhas nas casas de bombas levam caos ao bairro Sarandi\",\"author\":{\"@id\":\"https:\\\/\\\/www.jornalja.com.br\\\/arquivo\\\/author\\\/daredacao\\\/#author\"},\"publisher\":{\"@id\":\"https:\\\/\\\/www.jornalja.com.br\\\/arquivo\\\/#organization\"},\"image\":{\"@type\":\"ImageObject\",\"url\":49319},\"datePublished\":\"2017-06-01T17:47:34-03:00\",\"dateModified\":\"2017-06-01T17:47:34-03:00\",\"inLanguage\":\"pt-BR\",\"commentCount\":1,\"mainEntityOfPage\":{\"@id\":\"https:\\\/\\\/www.jornalja.com.br\\\/arquivo\\\/falta-de-limpeza-dos-arroios-e-falhas-nas-casas-de-bombas-levam-caos-ao-bairro-sarandi\\\/#webpage\"},\"isPartOf\":{\"@id\":\"https:\\\/\\\/www.jornalja.com.br\\\/arquivo\\\/falta-de-limpeza-dos-arroios-e-falhas-nas-casas-de-bombas-levam-caos-ao-bairro-sarandi\\\/#webpage\"},\"articleSection\":\"Geral\"},{\"@type\":\"BreadcrumbList\",\"@id\":\"https:\\\/\\\/www.jornalja.com.br\\\/arquivo\\\/falta-de-limpeza-dos-arroios-e-falhas-nas-casas-de-bombas-levam-caos-ao-bairro-sarandi\\\/#breadcrumblist\",\"itemListElement\":[{\"@type\":\"ListItem\",\"@id\":\"https:\\\/\\\/www.jornalja.com.br\\\/arquivo#listItem\",\"position\":1,\"name\":\"Home\",\"item\":\"https:\\\/\\\/www.jornalja.com.br\\\/arquivo\",\"nextItem\":{\"@type\":\"ListItem\",\"@id\":\"https:\\\/\\\/www.jornalja.com.br\\\/arquivo\\\/category\\\/geral\\\/#listItem\",\"name\":\"Geral\"}},{\"@type\":\"ListItem\",\"@id\":\"https:\\\/\\\/www.jornalja.com.br\\\/arquivo\\\/category\\\/geral\\\/#listItem\",\"position\":2,\"name\":\"Geral\",\"item\":\"https:\\\/\\\/www.jornalja.com.br\\\/arquivo\\\/category\\\/geral\\\/\",\"nextItem\":{\"@type\":\"ListItem\",\"@id\":\"https:\\\/\\\/www.jornalja.com.br\\\/arquivo\\\/falta-de-limpeza-dos-arroios-e-falhas-nas-casas-de-bombas-levam-caos-ao-bairro-sarandi\\\/#listItem\",\"name\":\"Falta de limpeza dos arroios e falhas nas casas de bombas levam caos ao bairro Sarandi\"},\"previousItem\":{\"@type\":\"ListItem\",\"@id\":\"https:\\\/\\\/www.jornalja.com.br\\\/arquivo#listItem\",\"name\":\"Home\"}},{\"@type\":\"ListItem\",\"@id\":\"https:\\\/\\\/www.jornalja.com.br\\\/arquivo\\\/falta-de-limpeza-dos-arroios-e-falhas-nas-casas-de-bombas-levam-caos-ao-bairro-sarandi\\\/#listItem\",\"position\":3,\"name\":\"Falta de limpeza dos arroios e falhas nas casas de bombas levam caos ao bairro Sarandi\",\"previousItem\":{\"@type\":\"ListItem\",\"@id\":\"https:\\\/\\\/www.jornalja.com.br\\\/arquivo\\\/category\\\/geral\\\/#listItem\",\"name\":\"Geral\"}}]},{\"@type\":\"Organization\",\"@id\":\"https:\\\/\\\/www.jornalja.com.br\\\/arquivo\\\/#organization\",\"name\":\"Jornal J\\u00c1\",\"description\":\"Jornal J\\u00c1 | Porto Alegre\",\"url\":\"https:\\\/\\\/www.jornalja.com.br\\\/arquivo\\\/\",\"telephone\":\"+555133307272\",\"logo\":{\"@type\":\"ImageObject\",\"url\":\"https:\\\/\\\/www.jornalja.com.br\\\/wp-content\\\/uploads\\\/cards\\\/JAslogan.png\",\"@id\":\"https:\\\/\\\/www.jornalja.com.br\\\/arquivo\\\/falta-de-limpeza-dos-arroios-e-falhas-nas-casas-de-bombas-levam-caos-ao-bairro-sarandi\\\/#organizationLogo\"},\"image\":{\"@id\":\"https:\\\/\\\/www.jornalja.com.br\\\/arquivo\\\/falta-de-limpeza-dos-arroios-e-falhas-nas-casas-de-bombas-levam-caos-ao-bairro-sarandi\\\/#organizationLogo\"}},{\"@type\":\"Person\",\"@id\":\"https:\\\/\\\/www.jornalja.com.br\\\/arquivo\\\/author\\\/daredacao\\\/#author\",\"url\":\"https:\\\/\\\/www.jornalja.com.br\\\/arquivo\\\/author\\\/daredacao\\\/\",\"name\":\"da Reda\\u00e7\\u00e3o\",\"image\":{\"@type\":\"ImageObject\",\"@id\":\"https:\\\/\\\/www.jornalja.com.br\\\/arquivo\\\/falta-de-limpeza-dos-arroios-e-falhas-nas-casas-de-bombas-levam-caos-ao-bairro-sarandi\\\/#authorImage\",\"url\":\"https:\\\/\\\/secure.gravatar.com\\\/avatar\\\/469fd857d6605ad19919d27ed29d35a968a25f6e8fd9318356bbb7f57aae9c65?s=96&d=mm&r=g\",\"width\":96,\"height\":96,\"caption\":\"da Reda\\u00e7\\u00e3o\"}},{\"@type\":\"WebPage\",\"@id\":\"https:\\\/\\\/www.jornalja.com.br\\\/arquivo\\\/falta-de-limpeza-dos-arroios-e-falhas-nas-casas-de-bombas-levam-caos-ao-bairro-sarandi\\\/#webpage\",\"url\":\"https:\\\/\\\/www.jornalja.com.br\\\/arquivo\\\/falta-de-limpeza-dos-arroios-e-falhas-nas-casas-de-bombas-levam-caos-ao-bairro-sarandi\\\/\",\"name\":\"Falta de limpeza dos arroios e falhas nas casas de bombas levam caos ao bairro Sarandi | Arquivo\",\"inLanguage\":\"pt-BR\",\"isPartOf\":{\"@id\":\"https:\\\/\\\/www.jornalja.com.br\\\/arquivo\\\/#website\"},\"breadcrumb\":{\"@id\":\"https:\\\/\\\/www.jornalja.com.br\\\/arquivo\\\/falta-de-limpeza-dos-arroios-e-falhas-nas-casas-de-bombas-levam-caos-ao-bairro-sarandi\\\/#breadcrumblist\"},\"author\":{\"@id\":\"https:\\\/\\\/www.jornalja.com.br\\\/arquivo\\\/author\\\/daredacao\\\/#author\"},\"creator\":{\"@id\":\"https:\\\/\\\/www.jornalja.com.br\\\/arquivo\\\/author\\\/daredacao\\\/#author\"},\"image\":{\"@type\":\"ImageObject\",\"url\":49319,\"@id\":\"https:\\\/\\\/www.jornalja.com.br\\\/arquivo\\\/falta-de-limpeza-dos-arroios-e-falhas-nas-casas-de-bombas-levam-caos-ao-bairro-sarandi\\\/#mainImage\"},\"primaryImageOfPage\":{\"@id\":\"https:\\\/\\\/www.jornalja.com.br\\\/arquivo\\\/falta-de-limpeza-dos-arroios-e-falhas-nas-casas-de-bombas-levam-caos-ao-bairro-sarandi\\\/#mainImage\"},\"datePublished\":\"2017-06-01T17:47:34-03:00\",\"dateModified\":\"2017-06-01T17:47:34-03:00\"},{\"@type\":\"WebSite\",\"@id\":\"https:\\\/\\\/www.jornalja.com.br\\\/arquivo\\\/#website\",\"url\":\"https:\\\/\\\/www.jornalja.com.br\\\/arquivo\\\/\",\"name\":\"Arquivo\",\"description\":\"Jornal J\\u00c1 | Porto Alegre\",\"inLanguage\":\"pt-BR\",\"publisher\":{\"@id\":\"https:\\\/\\\/www.jornalja.com.br\\\/arquivo\\\/#organization\"}}]}\n\t\t<\/script>\n\t\t<!-- All in One SEO -->\n\n","aioseo_head_json":{"title":"Falta de limpeza dos arroios e falhas nas casas de bombas levam caos ao bairro Sarandi | Arquivo","description":"","canonical_url":"https:\/\/www.jornalja.com.br\/arquivo\/falta-de-limpeza-dos-arroios-e-falhas-nas-casas-de-bombas-levam-caos-ao-bairro-sarandi\/","robots":"max-image-preview:large","keywords":"","webmasterTools":{"miscellaneous":""},"schema":{"@context":"https:\/\/schema.org","@graph":[{"@type":"BlogPosting","@id":"https:\/\/www.jornalja.com.br\/arquivo\/falta-de-limpeza-dos-arroios-e-falhas-nas-casas-de-bombas-levam-caos-ao-bairro-sarandi\/#blogposting","name":"Falta de limpeza dos arroios e falhas nas casas de bombas levam caos ao bairro Sarandi | Arquivo","headline":"Falta de limpeza dos arroios e falhas nas casas de bombas levam caos ao bairro Sarandi","author":{"@id":"https:\/\/www.jornalja.com.br\/arquivo\/author\/daredacao\/#author"},"publisher":{"@id":"https:\/\/www.jornalja.com.br\/arquivo\/#organization"},"image":{"@type":"ImageObject","url":49319},"datePublished":"2017-06-01T17:47:34-03:00","dateModified":"2017-06-01T17:47:34-03:00","inLanguage":"pt-BR","commentCount":1,"mainEntityOfPage":{"@id":"https:\/\/www.jornalja.com.br\/arquivo\/falta-de-limpeza-dos-arroios-e-falhas-nas-casas-de-bombas-levam-caos-ao-bairro-sarandi\/#webpage"},"isPartOf":{"@id":"https:\/\/www.jornalja.com.br\/arquivo\/falta-de-limpeza-dos-arroios-e-falhas-nas-casas-de-bombas-levam-caos-ao-bairro-sarandi\/#webpage"},"articleSection":"Geral"},{"@type":"BreadcrumbList","@id":"https:\/\/www.jornalja.com.br\/arquivo\/falta-de-limpeza-dos-arroios-e-falhas-nas-casas-de-bombas-levam-caos-ao-bairro-sarandi\/#breadcrumblist","itemListElement":[{"@type":"ListItem","@id":"https:\/\/www.jornalja.com.br\/arquivo#listItem","position":1,"name":"Home","item":"https:\/\/www.jornalja.com.br\/arquivo","nextItem":{"@type":"ListItem","@id":"https:\/\/www.jornalja.com.br\/arquivo\/category\/geral\/#listItem","name":"Geral"}},{"@type":"ListItem","@id":"https:\/\/www.jornalja.com.br\/arquivo\/category\/geral\/#listItem","position":2,"name":"Geral","item":"https:\/\/www.jornalja.com.br\/arquivo\/category\/geral\/","nextItem":{"@type":"ListItem","@id":"https:\/\/www.jornalja.com.br\/arquivo\/falta-de-limpeza-dos-arroios-e-falhas-nas-casas-de-bombas-levam-caos-ao-bairro-sarandi\/#listItem","name":"Falta de limpeza dos arroios e falhas nas casas de bombas levam caos ao bairro Sarandi"},"previousItem":{"@type":"ListItem","@id":"https:\/\/www.jornalja.com.br\/arquivo#listItem","name":"Home"}},{"@type":"ListItem","@id":"https:\/\/www.jornalja.com.br\/arquivo\/falta-de-limpeza-dos-arroios-e-falhas-nas-casas-de-bombas-levam-caos-ao-bairro-sarandi\/#listItem","position":3,"name":"Falta de limpeza dos arroios e falhas nas casas de bombas levam caos ao bairro Sarandi","previousItem":{"@type":"ListItem","@id":"https:\/\/www.jornalja.com.br\/arquivo\/category\/geral\/#listItem","name":"Geral"}}]},{"@type":"Organization","@id":"https:\/\/www.jornalja.com.br\/arquivo\/#organization","name":"Jornal J\u00c1","description":"Jornal J\u00c1 | Porto Alegre","url":"https:\/\/www.jornalja.com.br\/arquivo\/","telephone":"+555133307272","logo":{"@type":"ImageObject","url":"https:\/\/www.jornalja.com.br\/wp-content\/uploads\/cards\/JAslogan.png","@id":"https:\/\/www.jornalja.com.br\/arquivo\/falta-de-limpeza-dos-arroios-e-falhas-nas-casas-de-bombas-levam-caos-ao-bairro-sarandi\/#organizationLogo"},"image":{"@id":"https:\/\/www.jornalja.com.br\/arquivo\/falta-de-limpeza-dos-arroios-e-falhas-nas-casas-de-bombas-levam-caos-ao-bairro-sarandi\/#organizationLogo"}},{"@type":"Person","@id":"https:\/\/www.jornalja.com.br\/arquivo\/author\/daredacao\/#author","url":"https:\/\/www.jornalja.com.br\/arquivo\/author\/daredacao\/","name":"da Reda\u00e7\u00e3o","image":{"@type":"ImageObject","@id":"https:\/\/www.jornalja.com.br\/arquivo\/falta-de-limpeza-dos-arroios-e-falhas-nas-casas-de-bombas-levam-caos-ao-bairro-sarandi\/#authorImage","url":"https:\/\/secure.gravatar.com\/avatar\/469fd857d6605ad19919d27ed29d35a968a25f6e8fd9318356bbb7f57aae9c65?s=96&d=mm&r=g","width":96,"height":96,"caption":"da Reda\u00e7\u00e3o"}},{"@type":"WebPage","@id":"https:\/\/www.jornalja.com.br\/arquivo\/falta-de-limpeza-dos-arroios-e-falhas-nas-casas-de-bombas-levam-caos-ao-bairro-sarandi\/#webpage","url":"https:\/\/www.jornalja.com.br\/arquivo\/falta-de-limpeza-dos-arroios-e-falhas-nas-casas-de-bombas-levam-caos-ao-bairro-sarandi\/","name":"Falta de limpeza dos arroios e falhas nas casas de bombas levam caos ao bairro Sarandi | Arquivo","inLanguage":"pt-BR","isPartOf":{"@id":"https:\/\/www.jornalja.com.br\/arquivo\/#website"},"breadcrumb":{"@id":"https:\/\/www.jornalja.com.br\/arquivo\/falta-de-limpeza-dos-arroios-e-falhas-nas-casas-de-bombas-levam-caos-ao-bairro-sarandi\/#breadcrumblist"},"author":{"@id":"https:\/\/www.jornalja.com.br\/arquivo\/author\/daredacao\/#author"},"creator":{"@id":"https:\/\/www.jornalja.com.br\/arquivo\/author\/daredacao\/#author"},"image":{"@type":"ImageObject","url":49319,"@id":"https:\/\/www.jornalja.com.br\/arquivo\/falta-de-limpeza-dos-arroios-e-falhas-nas-casas-de-bombas-levam-caos-ao-bairro-sarandi\/#mainImage"},"primaryImageOfPage":{"@id":"https:\/\/www.jornalja.com.br\/arquivo\/falta-de-limpeza-dos-arroios-e-falhas-nas-casas-de-bombas-levam-caos-ao-bairro-sarandi\/#mainImage"},"datePublished":"2017-06-01T17:47:34-03:00","dateModified":"2017-06-01T17:47:34-03:00"},{"@type":"WebSite","@id":"https:\/\/www.jornalja.com.br\/arquivo\/#website","url":"https:\/\/www.jornalja.com.br\/arquivo\/","name":"Arquivo","description":"Jornal J\u00c1 | Porto Alegre","inLanguage":"pt-BR","publisher":{"@id":"https:\/\/www.jornalja.com.br\/arquivo\/#organization"}}]},"og:locale":"pt_BR","og:site_name":"Arquivo | Jornal J\u00c1 | Porto Alegre","og:type":"article","og:title":"Falta de limpeza dos arroios e falhas nas casas de bombas levam caos ao bairro Sarandi | Arquivo","og:url":"https:\/\/www.jornalja.com.br\/arquivo\/falta-de-limpeza-dos-arroios-e-falhas-nas-casas-de-bombas-levam-caos-ao-bairro-sarandi\/","og:image":"https:\/\/www.jornalja.com.br\/wp-content\/uploads\/2017\/06\/IMG-20170601-WA0070.jpg","og:image:secure_url":"https:\/\/www.jornalja.com.br\/wp-content\/uploads\/2017\/06\/IMG-20170601-WA0070.jpg","article:published_time":"2017-06-01T20:47:34+00:00","article:modified_time":"2017-06-01T20:47:34+00:00","twitter:card":"summary","twitter:title":"Falta de limpeza dos arroios e falhas nas casas de bombas levam caos ao bairro Sarandi | Arquivo","twitter:image":"https:\/\/www.jornalja.com.br\/economics\/wp-content\/uploads\/sites\/11\/2026\/08\/ja-folhaderosto-facebook.jpg"},"aioseo_meta_data":{"post_id":"49299","title":null,"description":null,"keywords":null,"keyphrases":null,"primary_term":null,"canonical_url":null,"og_title":null,"og_description":null,"og_object_type":"default","og_image_type":"default","og_image_url":null,"og_image_width":null,"og_image_height":null,"og_image_custom_url":null,"og_image_custom_fields":null,"og_video":null,"og_custom_url":null,"og_article_section":null,"og_article_tags":null,"twitter_use_og":false,"twitter_card":"default","twitter_image_type":"default","twitter_image_url":null,"twitter_image_custom_url":null,"twitter_image_custom_fields":null,"twitter_title":null,"twitter_description":null,"schema":{"blockGraphs":[],"customGraphs":[],"default":{"data":{"Article":[],"Course":[],"Dataset":[],"FAQPage":[],"Movie":[],"Person":[],"Product":[],"ProductReview":[],"Car":[],"Recipe":[],"Service":[],"SoftwareApplication":[],"WebPage":[]},"graphName":"","isEnabled":true},"graphs":[],"defaultGraph":"","defaultPostTypeGraph":""},"schema_type":null,"schema_type_options":null,"pillar_content":false,"robots_default":true,"robots_noindex":false,"robots_noarchive":false,"robots_nosnippet":false,"robots_nofollow":false,"robots_noimageindex":false,"robots_noodp":false,"robots_notranslate":false,"robots_max_snippet":null,"robots_max_videopreview":null,"robots_max_imagepreview":"large","priority":null,"frequency":null,"location":null,"local_seo":null,"breadcrumb_settings":null,"limit_modified_date":false,"ai":null,"created":"2020-12-20 20:32:48","updated":"2025-07-19 21:53:55","seo_analyzer_scan_date":null,"focus_keyword":null,"additional_keywords":null,"truseo_locale":null},"jetpack_sharing_enabled":true,"jetpack-related-posts":[{"id":13109,"url":"https:\/\/www.jornalja.com.br\/arquivo\/judiciario-reconhece-poluicao-eletromagnetica\/","url_meta":{"origin":49299,"position":0},"title":"Judici\u00e1rio reconhece polui\u00e7\u00e3o eletromagn\u00e9tica","author":"Patr\u00edcia Marini","date":"16 de maio de 2014","format":false,"excerpt":"A\u00e7\u00e3o de duas associa\u00e7\u00f5es de moradores foi acolhida pelo Tribunal de Justi\u00e7a de S\u00e3o Paulo que. em decis\u00e3o in\u00e9dita, determinou a redu\u00e7\u00e3o do campo eletromagn\u00e9tico gerado pelas linhas de transmiss\u00e3o de energia que cortam os bairros City Boa\u00e7ava e Alto de Pinheiros. \u00c9 a primeira vez que um tribunal do\u2026","rel":"","context":"Em &quot;X.Categorias velhas&quot;","block_context":{"text":"X.Categorias velhas","link":"https:\/\/www.jornalja.com.br\/arquivo\/category\/x-categorias-velhas\/"},"img":{"alt_text":"","src":"","width":0,"height":0},"classes":[]},{"id":5440,"url":"https:\/\/www.jornalja.com.br\/arquivo\/casarao-da-venancio-destino-permanece-incerto\/","url_meta":{"origin":49299,"position":1},"title":"Estado ainda n\u00e3o sabe o que fazer com casar\u00e3o abandonado h\u00e1 20 anos","author":"Elmar Bones","date":"6 de julho de 2009","format":false,"excerpt":"O casar\u00e3o amarelo, numa esquina nobre de Porto Alegre (Ven\u00e2ncio Aires com Jo\u00e3o Pessoa), j\u00e1 abrigou uma escola. H\u00e1 duas d\u00e9cadas, pelo menos, est\u00e1 abandonado, porque seu propriet\u00e1rio, o governo do Estado do Rio Grande do Sul, n\u00e3o consegue achar um destino para ele. Planos n\u00e3o faltaram. O governador Ol\u00edvio\u2026","rel":"","context":"Em &quot;X.Categorias velhas&quot;","block_context":{"text":"X.Categorias velhas","link":"https:\/\/www.jornalja.com.br\/arquivo\/category\/x-categorias-velhas\/"},"img":{"alt_text":"geraldo1","src":"https:\/\/i0.wp.com\/www.jornalja.com.br\/wp-content\/uploads\/2009\/07\/geraldo1.jpg?resize=350%2C200&ssl=1","width":350,"height":200},"classes":[]},{"id":13124,"url":"https:\/\/www.jornalja.com.br\/arquivo\/sangue-latino-no-iecine\/","url_meta":{"origin":49299,"position":2},"title":"Sangue latino no IECINE","author":"da Reda\u00e7\u00e3o","date":"18 de maio de 2014","format":false,"excerpt":"Francisco Ribeiro O Instituto Estadual de Cinema (IECINE) tem a frente, desde abril \u00faltimo, um novo diretor, o cineasta colombiano Juan Zapata, 36, que substitui Luiz Alberto Cassol. Radicado h\u00e1 dez anos em Porto Alegre, Zapata tem diante de si o desafio de conduzir at\u00e9 o final do ano um\u2026","rel":"","context":"Em &quot;Cultura-Geral&quot;","block_context":{"text":"Cultura-Geral","link":"https:\/\/www.jornalja.com.br\/arquivo\/category\/materiasecundaria\/"},"img":{"alt_text":"","src":"","width":0,"height":0},"classes":[]},{"id":14241,"url":"https:\/\/www.jornalja.com.br\/arquivo\/o-guaiba-nas-imagens-poeticas-de-achutti\/","url_meta":{"origin":49299,"position":3},"title":"O Gua\u00edba nas imagens po\u00e9ticas de Achutti","author":"da Reda\u00e7\u00e3o","date":"18 de junho de 2014","format":false,"excerpt":"Em \u201cO Gua\u00edba por Achutti\u201d \u2013 obra financiada via Minist\u00e9rio da Cultura, produ\u00e7\u00e3o executiva de Pedro Longhi, e Fl\u00e1vio Wild como designer \u2013, o fot\u00f3grafo revela a beleza e as mazelas de um espa\u00e7o aqu\u00e1tico de \u00e1guas sempre renovadas, cheio de hist\u00f3rias e lendas como as das cidades que foram\u2026","rel":"","context":"Em &quot;Cultura-Geral&quot;","block_context":{"text":"Cultura-Geral","link":"https:\/\/www.jornalja.com.br\/arquivo\/category\/materiasecundaria\/"},"img":{"alt_text":"","src":"","width":0,"height":0},"classes":[]},{"id":13240,"url":"https:\/\/www.jornalja.com.br\/arquivo\/plano-diretor-estamos-construindo-o-caos\/","url_meta":{"origin":49299,"position":4},"title":"Plano diretor: &quot;Estamos construindo o caos&quot;","author":"Patr\u00edcia Marini","date":"26 de maio de 2014","format":false,"excerpt":"Desabafo que arquiteta Eliana Castilhos, delegada da Regi\u00e3o de Planejamento 1, postou nas redes sociais \u00e9 um testemunho do ambiente que se criou no Conselho do Plano Diretor de Porto Alegre, onde a aprova\u00e7\u00e3o de grandes empreendimentos \u00e9 empurrada guela abaixo dos conselheiros. Ao CMDUA Como delegada da Regi\u00e3o de\u2026","rel":"","context":"Em &quot;Geral&quot;","block_context":{"text":"Geral","link":"https:\/\/www.jornalja.com.br\/arquivo\/category\/geral\/"},"img":{"alt_text":"","src":"","width":0,"height":0},"classes":[]},{"id":13101,"url":"https:\/\/www.jornalja.com.br\/arquivo\/morre-um-guerreiro-do-texto\/","url_meta":{"origin":49299,"position":5},"title":"Morre um guerreiro do texto","author":"Patr\u00edcia Marini","date":"14 de maio de 2014","format":false,"excerpt":"Por Ricardo Kotscho Reproduzido do blog do autor, 11\/5\/2014; t\u00edtulo original \u201cE l\u00e1 se foi o nosso Myltainho, guerreiro do texto\u201d. Mi\u00fado e franzino, meu amigo Myltainho era um valente e inconformado guerreiro na luta contra as injusti\u00e7as sociais, a hipocrisia, as maracutaias, o autoritarismo, a intoler\u00e2ncia, a viol\u00eancia, o\u2026","rel":"","context":"Em &quot;Geral&quot;","block_context":{"text":"Geral","link":"https:\/\/www.jornalja.com.br\/arquivo\/category\/geral\/"},"img":{"alt_text":"","src":"","width":0,"height":0},"classes":[]}],"jetpack_shortlink":"https:\/\/wp.me\/pbQjBd-cP9","jetpack_featured_media_url":"","_links":{"self":[{"href":"https:\/\/www.jornalja.com.br\/arquivo\/wp-json\/wp\/v2\/posts\/49299","targetHints":{"allow":["GET"]}}],"collection":[{"href":"https:\/\/www.jornalja.com.br\/arquivo\/wp-json\/wp\/v2\/posts"}],"about":[{"href":"https:\/\/www.jornalja.com.br\/arquivo\/wp-json\/wp\/v2\/types\/post"}],"author":[{"embeddable":true,"href":"https:\/\/www.jornalja.com.br\/arquivo\/wp-json\/wp\/v2\/users\/4"}],"replies":[{"embeddable":true,"href":"https:\/\/www.jornalja.com.br\/arquivo\/wp-json\/wp\/v2\/comments?post=49299"}],"version-history":[{"count":0,"href":"https:\/\/www.jornalja.com.br\/arquivo\/wp-json\/wp\/v2\/posts\/49299\/revisions"}],"wp:attachment":[{"href":"https:\/\/www.jornalja.com.br\/arquivo\/wp-json\/wp\/v2\/media?parent=49299"}],"wp:term":[{"taxonomy":"category","embeddable":true,"href":"https:\/\/www.jornalja.com.br\/arquivo\/wp-json\/wp\/v2\/categories?post=49299"},{"taxonomy":"post_tag","embeddable":true,"href":"https:\/\/www.jornalja.com.br\/arquivo\/wp-json\/wp\/v2\/tags?post=49299"}],"curies":[{"name":"wp","href":"https:\/\/api.w.org\/{rel}","templated":true}]}}