{"id":49301,"date":"2017-06-01T16:38:16","date_gmt":"2017-06-01T19:38:16","guid":{"rendered":"https:\/\/www.jornalja.com.br\/?p=49301"},"modified":"2017-06-01T16:38:16","modified_gmt":"2017-06-01T19:38:16","slug":"sera-o-cinema-aquele-que-mais-propagou-a-arquitetura-provoca-paulo-leonidas","status":"publish","type":"post","link":"https:\/\/www.jornalja.com.br\/arquivo\/sera-o-cinema-aquele-que-mais-propagou-a-arquitetura-provoca-paulo-leonidas\/","title":{"rendered":"&quot;Ser\u00e1 o cinema aquele que mais propagou a arquitetura?&quot;, provoca Paulo Le\u00f4nidas"},"content":{"rendered":"<p><span class=\"assina\">Matheus Chaparini<\/span><br \/>\nAo longo de sua trajet\u00f3ria como arquiteto, Paulo Le\u00f4nidas foi se dando conta da participa\u00e7\u00e3o da arquitetura no cinema. \u00c9 esta intersec\u00e7\u00e3o que Le\u00f4nidas vem estudando nos \u00faltimos trinta anos. \u201cUm voo rasante\u201d sobre seus trabalhos e pesquisas nesta \u00e1rea foi o mote de sua palestra, na noite de quarta-feira, no evento Quarta no IAB, na sede da entidade, o Solar da rua General Canabarro.<br \/>\nEsta rela\u00e7\u00e3o \u00e9 t\u00e3o antiga quanto o pr\u00f3prio cinema, defende Le\u00f4nidas. Em sua palestra, ele apresentou as primeiras imagens do cinema, feitas pelos irm\u00e3os Lumi\u00e9re, em 1895. As imagens mostram a sa\u00edda dos trabalhadores da f\u00e1brica Lumi\u00e9re, trazendo como plano de fundo a arquitetura da f\u00e1brica.<br \/>\n\u201cA arquitetura \u00e9 o universo da narrativa\u201d, sintetizou Paulo Le\u00f4nidas.<br \/>\n<figure id=\"attachment_49305\" aria-describedby=\"caption-attachment-49305\" style=\"width: 862px\" class=\"wp-caption aligncenter\"><img loading=\"lazy\" decoding=\"async\" class=\"wp-image-49305 size-full\" src=\"https:\/\/www.jornalja.com.br\/wp-content\/uploads\/2017\/06\/IMG-20170601-WA0009.jpg\" alt=\"\" width=\"862\" height=\"1150\" \/><figcaption id=\"caption-attachment-49305\" class=\"wp-caption-text\">Palestra lotou o espa\u00e7o do IAB na noite da quarta-feira \/ Sabrina Ort\u00e1cio\/IAB<\/figcaption><\/figure><br \/>\nPaulo Le\u00f4nidas \u00e9 destes entrevistados dif\u00edceis de classificar em poucas palavras, por atuar em diversas \u00e1reas. Se define como \u201cum arquiteto que filma.\u201d \u00c9 arquiteto de forma\u00e7\u00e3o. Lecionou Hist\u00f3ria da Arte e da Arquiterura na UFRGS, na Uniritter e na renomada<em> Architectural Association<\/em>, de Londres. Desde a d\u00e9cada de oitenta se dedica tamb\u00e9m ao cinema, tendo atuado como cen\u00f3grafo, diretor, diretor de arte e roteirista. \u201cA arquitetura me levou at\u00e9 o cinema. E o cinema me ajudou a entender a arquitetura\u201d, afirma.<br \/>\nA partir desta \u00e9poca, passou a ser comum nas produ\u00e7\u00f5es nacionais de cinema terem um arquiteto ou um grupo de arquitetos pensando o cen\u00e1rio, a arquitetura. \u201cO processo l\u00f3gica de cria\u00e7\u00e3o \u00e9 o mesmo, os programas utilizados s\u00e3o os mesmos e muitas vezes os materiais tamb\u00e9m. O cinema constr\u00f3i espa\u00e7os.\u201d<br \/>\n<span class=\"intertit\">Tr\u00eas di\u00e1logos entre arquitetura e cinema<\/span><br \/>\nO tema da palestra foi \u201cArquitetura e cinema: tr\u00eas di\u00e1logos.\u201d Os di\u00e1logos abordados foram o espa\u00e7o real, quando o cinema se apropria da arquitetura existente, os cen\u00e1rios, criados a partir da arquitetura real de determinada local e tempo hist\u00f3rico, e a vis\u00e3o dist\u00f3pica, das cidades futuristas, quando o cinema inventa projetos arquitet\u00f4nicos.<br \/>\nPara demonstrar a proximidade entre as duas \u00e1reas, ele cita tr\u00eas semelhan\u00e7as entre cinema e arquitetura. A primeira delas \u00e9 que ambas constroem espa\u00e7os. A segunda, s\u00e3o atividades que precisam de muita gente serem realizadas. E a terceira \u00e9 que, mesmo com tantos envolvidos, s\u00e3o obras com um autor \u00fanico.<br \/>\n\u201cPara tu fazeres a Torre Eiffel, tu precisa de muita gente. Para fazer o 2001: Uma odisseia no espa\u00e7o, p\u00f4, olha o baita rol, um monte gente. Mas mesmo n\u00e3o podendo abrir m\u00e3o de tanta gente, as duas t\u00eam um autor, um criador, um ser individual. A Torre Eiffel \u00e9 do Gustave Eiffel. 2001 \u00e9 do Stanley Kubrick.\u201d<br \/>\nUma das provoca\u00e7\u00f5es trazida por Le\u00f4nidas para o debate foi: \u201cSer\u00e1 o cinema aquele que mais propagou a arquitetura, muito mais que os pr\u00f3prios livros de arquitetura? Porque o cinema \u00e9 visto por milh\u00f5es, \u00e9 um canh\u00e3o da arquitetura. As pessoas v\u00e3o a Oxford para visitar a escola onde foi gravado o Harry Potter. Porque viram no filme.\u201d<br \/>\n<figure id=\"attachment_49306\" aria-describedby=\"caption-attachment-49306\" style=\"width: 1150px\" class=\"wp-caption alignnone\"><img loading=\"lazy\" decoding=\"async\" class=\"wp-image-49306 size-full\" src=\"https:\/\/www.jornalja.com.br\/wp-content\/uploads\/2017\/06\/IMG-20170601-WA0008.jpg\" alt=\"\" width=\"1150\" height=\"862\" \/><figcaption id=\"caption-attachment-49306\" class=\"wp-caption-text\">&#8220;A arquitetura me levou at\u00e9 o cinema e o cinema ame ajudou a entender a arquitetura&#8221; \/ Sabrina Ort\u00e1cio\/IAB<\/figcaption><\/figure><br \/>\nAtualmente, Paulo Le\u00f4nidas se dedica \u00e0 produ\u00e7\u00e3o de duas s\u00e9ries de televis\u00e3o, com roteiros seus: uma documental, sobre economia azul, para a TV Cultura e outra ficcional, uma s\u00e9rie policial que ser\u00e1 rodada em Gramado que vai ao ar no Canal Brasil e na TV espanhola. Al\u00e9m das s\u00e9ries, est\u00e1 em andamento uma pesquisa sobre a vis\u00e3o das cidades brasileiras atrav\u00e9s dos filmes.<br \/>\nPara 2018, projeta rodar um longa metragem, com um roteiro seu, premiado recentemente na Argentina.<\/p>\n","protected":false},"excerpt":{"rendered":"<p>Matheus Chaparini Ao longo de sua trajet\u00f3ria como arquiteto, Paulo Le\u00f4nidas foi se dando conta da participa\u00e7\u00e3o da arquitetura no cinema. \u00c9 esta intersec\u00e7\u00e3o que Le\u00f4nidas vem estudando nos \u00faltimos trinta anos. \u201cUm voo rasante\u201d sobre seus trabalhos e pesquisas nesta \u00e1rea foi o mote de sua palestra, na noite de quarta-feira, no evento Quarta [&hellip;]<\/p>\n","protected":false},"author":4,"featured_media":49304,"comment_status":"open","ping_status":"closed","sticky":false,"template":"","format":"standard","meta":{"_jetpack_newsletter_access":"","_jetpack_dont_email_post_to_subs":false,"_jetpack_newsletter_tier_id":0,"_jetpack_memberships_contains_paywalled_content":false,"_jetpack_feature_clip_id":0,"_jetpack_memberships_contains_paid_content":false,"footnotes":"","jetpack_post_was_ever_published":false},"categories":[26],"tags":[],"class_list":["post-49301","post","type-post","status-publish","format-standard","has-post-thumbnail","hentry","category-geral"],"aioseo_notices":[],"aioseo_head":"\n\t\t<!-- All in One SEO 5.0.1.1 - aioseo.com -->\n\t<meta name=\"robots\" content=\"max-image-preview:large\" \/>\n\t<meta name=\"author\" content=\"da Reda\u00e7\u00e3o\"\/>\n\t<link rel=\"canonical\" href=\"https:\/\/www.jornalja.com.br\/arquivo\/sera-o-cinema-aquele-que-mais-propagou-a-arquitetura-provoca-paulo-leonidas\/\" \/>\n\t<meta name=\"generator\" content=\"All in One SEO (AIOSEO) 5.0.1.1\" \/>\n\t\t<meta property=\"og:locale\" content=\"pt_BR\" \/>\n\t\t<meta property=\"og:site_name\" content=\"Arquivo | Jornal J\u00c1 | Porto Alegre\" \/>\n\t\t<meta property=\"og:type\" content=\"article\" \/>\n\t\t<meta property=\"og:title\" content=\"&quot;Ser\u00e1 o cinema aquele que mais propagou a arquitetura?&quot;, provoca Paulo Le\u00f4nidas | Arquivo\" \/>\n\t\t<meta property=\"og:url\" content=\"https:\/\/www.jornalja.com.br\/arquivo\/sera-o-cinema-aquele-que-mais-propagou-a-arquitetura-provoca-paulo-leonidas\/\" \/>\n\t\t<meta property=\"og:image\" content=\"https:\/\/www.jornalja.com.br\/wp-content\/uploads\/2017\/06\/IMG-20170601-WA0009.jpg\" \/>\n\t\t<meta property=\"og:image:secure_url\" content=\"https:\/\/www.jornalja.com.br\/wp-content\/uploads\/2017\/06\/IMG-20170601-WA0009.jpg\" \/>\n\t\t<meta property=\"article:published_time\" content=\"2017-06-01T19:38:16+00:00\" \/>\n\t\t<meta property=\"article:modified_time\" content=\"2017-06-01T19:38:16+00:00\" \/>\n\t\t<meta name=\"twitter:card\" content=\"summary\" \/>\n\t\t<meta name=\"twitter:title\" content=\"&quot;Ser\u00e1 o cinema aquele que mais propagou a arquitetura?&quot;, provoca Paulo Le\u00f4nidas | Arquivo\" \/>\n\t\t<meta name=\"twitter:image\" content=\"https:\/\/www.jornalja.com.br\/economics\/wp-content\/uploads\/sites\/11\/2026\/08\/ja-folhaderosto-facebook.jpg\" \/>\n\t\t<script type=\"application\/ld+json\" class=\"aioseo-schema\">\n\t\t\t{\"@context\":\"https:\\\/\\\/schema.org\",\"@graph\":[{\"@type\":\"BlogPosting\",\"@id\":\"https:\\\/\\\/www.jornalja.com.br\\\/arquivo\\\/sera-o-cinema-aquele-que-mais-propagou-a-arquitetura-provoca-paulo-leonidas\\\/#blogposting\",\"name\":\"\\\"Ser\\u00e1 o cinema aquele que mais propagou a arquitetura?\\\", provoca Paulo Le\\u00f4nidas | Arquivo\",\"headline\":\"&quot;Ser\\u00e1 o cinema aquele que mais propagou a arquitetura?&quot;, provoca Paulo Le\\u00f4nidas\",\"author\":{\"@id\":\"https:\\\/\\\/www.jornalja.com.br\\\/arquivo\\\/author\\\/daredacao\\\/#author\"},\"publisher\":{\"@id\":\"https:\\\/\\\/www.jornalja.com.br\\\/arquivo\\\/#organization\"},\"image\":{\"@type\":\"ImageObject\",\"url\":49304},\"datePublished\":\"2017-06-01T16:38:16-03:00\",\"dateModified\":\"2017-06-01T16:38:16-03:00\",\"inLanguage\":\"pt-BR\",\"mainEntityOfPage\":{\"@id\":\"https:\\\/\\\/www.jornalja.com.br\\\/arquivo\\\/sera-o-cinema-aquele-que-mais-propagou-a-arquitetura-provoca-paulo-leonidas\\\/#webpage\"},\"isPartOf\":{\"@id\":\"https:\\\/\\\/www.jornalja.com.br\\\/arquivo\\\/sera-o-cinema-aquele-que-mais-propagou-a-arquitetura-provoca-paulo-leonidas\\\/#webpage\"},\"articleSection\":\"Geral\"},{\"@type\":\"BreadcrumbList\",\"@id\":\"https:\\\/\\\/www.jornalja.com.br\\\/arquivo\\\/sera-o-cinema-aquele-que-mais-propagou-a-arquitetura-provoca-paulo-leonidas\\\/#breadcrumblist\",\"itemListElement\":[{\"@type\":\"ListItem\",\"@id\":\"https:\\\/\\\/www.jornalja.com.br\\\/arquivo#listItem\",\"position\":1,\"name\":\"Home\",\"item\":\"https:\\\/\\\/www.jornalja.com.br\\\/arquivo\",\"nextItem\":{\"@type\":\"ListItem\",\"@id\":\"https:\\\/\\\/www.jornalja.com.br\\\/arquivo\\\/category\\\/geral\\\/#listItem\",\"name\":\"Geral\"}},{\"@type\":\"ListItem\",\"@id\":\"https:\\\/\\\/www.jornalja.com.br\\\/arquivo\\\/category\\\/geral\\\/#listItem\",\"position\":2,\"name\":\"Geral\",\"item\":\"https:\\\/\\\/www.jornalja.com.br\\\/arquivo\\\/category\\\/geral\\\/\",\"nextItem\":{\"@type\":\"ListItem\",\"@id\":\"https:\\\/\\\/www.jornalja.com.br\\\/arquivo\\\/sera-o-cinema-aquele-que-mais-propagou-a-arquitetura-provoca-paulo-leonidas\\\/#listItem\",\"name\":\"&quot;Ser\\u00e1 o cinema aquele que mais propagou a arquitetura?&quot;, provoca Paulo Le\\u00f4nidas\"},\"previousItem\":{\"@type\":\"ListItem\",\"@id\":\"https:\\\/\\\/www.jornalja.com.br\\\/arquivo#listItem\",\"name\":\"Home\"}},{\"@type\":\"ListItem\",\"@id\":\"https:\\\/\\\/www.jornalja.com.br\\\/arquivo\\\/sera-o-cinema-aquele-que-mais-propagou-a-arquitetura-provoca-paulo-leonidas\\\/#listItem\",\"position\":3,\"name\":\"&quot;Ser\\u00e1 o cinema aquele que mais propagou a arquitetura?&quot;, provoca Paulo Le\\u00f4nidas\",\"previousItem\":{\"@type\":\"ListItem\",\"@id\":\"https:\\\/\\\/www.jornalja.com.br\\\/arquivo\\\/category\\\/geral\\\/#listItem\",\"name\":\"Geral\"}}]},{\"@type\":\"Organization\",\"@id\":\"https:\\\/\\\/www.jornalja.com.br\\\/arquivo\\\/#organization\",\"name\":\"Jornal J\\u00c1\",\"description\":\"Jornal J\\u00c1 | Porto Alegre\",\"url\":\"https:\\\/\\\/www.jornalja.com.br\\\/arquivo\\\/\",\"telephone\":\"+555133307272\",\"logo\":{\"@type\":\"ImageObject\",\"url\":\"https:\\\/\\\/www.jornalja.com.br\\\/wp-content\\\/uploads\\\/cards\\\/JAslogan.png\",\"@id\":\"https:\\\/\\\/www.jornalja.com.br\\\/arquivo\\\/sera-o-cinema-aquele-que-mais-propagou-a-arquitetura-provoca-paulo-leonidas\\\/#organizationLogo\"},\"image\":{\"@id\":\"https:\\\/\\\/www.jornalja.com.br\\\/arquivo\\\/sera-o-cinema-aquele-que-mais-propagou-a-arquitetura-provoca-paulo-leonidas\\\/#organizationLogo\"}},{\"@type\":\"Person\",\"@id\":\"https:\\\/\\\/www.jornalja.com.br\\\/arquivo\\\/author\\\/daredacao\\\/#author\",\"url\":\"https:\\\/\\\/www.jornalja.com.br\\\/arquivo\\\/author\\\/daredacao\\\/\",\"name\":\"da Reda\\u00e7\\u00e3o\",\"image\":{\"@type\":\"ImageObject\",\"@id\":\"https:\\\/\\\/www.jornalja.com.br\\\/arquivo\\\/sera-o-cinema-aquele-que-mais-propagou-a-arquitetura-provoca-paulo-leonidas\\\/#authorImage\",\"url\":\"https:\\\/\\\/secure.gravatar.com\\\/avatar\\\/469fd857d6605ad19919d27ed29d35a968a25f6e8fd9318356bbb7f57aae9c65?s=96&d=mm&r=g\",\"width\":96,\"height\":96,\"caption\":\"da Reda\\u00e7\\u00e3o\"}},{\"@type\":\"WebPage\",\"@id\":\"https:\\\/\\\/www.jornalja.com.br\\\/arquivo\\\/sera-o-cinema-aquele-que-mais-propagou-a-arquitetura-provoca-paulo-leonidas\\\/#webpage\",\"url\":\"https:\\\/\\\/www.jornalja.com.br\\\/arquivo\\\/sera-o-cinema-aquele-que-mais-propagou-a-arquitetura-provoca-paulo-leonidas\\\/\",\"name\":\"\\\"Ser\\u00e1 o cinema aquele que mais propagou a arquitetura?\\\", provoca Paulo Le\\u00f4nidas | Arquivo\",\"inLanguage\":\"pt-BR\",\"isPartOf\":{\"@id\":\"https:\\\/\\\/www.jornalja.com.br\\\/arquivo\\\/#website\"},\"breadcrumb\":{\"@id\":\"https:\\\/\\\/www.jornalja.com.br\\\/arquivo\\\/sera-o-cinema-aquele-que-mais-propagou-a-arquitetura-provoca-paulo-leonidas\\\/#breadcrumblist\"},\"author\":{\"@id\":\"https:\\\/\\\/www.jornalja.com.br\\\/arquivo\\\/author\\\/daredacao\\\/#author\"},\"creator\":{\"@id\":\"https:\\\/\\\/www.jornalja.com.br\\\/arquivo\\\/author\\\/daredacao\\\/#author\"},\"image\":{\"@type\":\"ImageObject\",\"url\":49304,\"@id\":\"https:\\\/\\\/www.jornalja.com.br\\\/arquivo\\\/sera-o-cinema-aquele-que-mais-propagou-a-arquitetura-provoca-paulo-leonidas\\\/#mainImage\"},\"primaryImageOfPage\":{\"@id\":\"https:\\\/\\\/www.jornalja.com.br\\\/arquivo\\\/sera-o-cinema-aquele-que-mais-propagou-a-arquitetura-provoca-paulo-leonidas\\\/#mainImage\"},\"datePublished\":\"2017-06-01T16:38:16-03:00\",\"dateModified\":\"2017-06-01T16:38:16-03:00\"},{\"@type\":\"WebSite\",\"@id\":\"https:\\\/\\\/www.jornalja.com.br\\\/arquivo\\\/#website\",\"url\":\"https:\\\/\\\/www.jornalja.com.br\\\/arquivo\\\/\",\"name\":\"Arquivo\",\"description\":\"Jornal J\\u00c1 | Porto Alegre\",\"inLanguage\":\"pt-BR\",\"publisher\":{\"@id\":\"https:\\\/\\\/www.jornalja.com.br\\\/arquivo\\\/#organization\"}}]}\n\t\t<\/script>\n\t\t<!-- All in One SEO -->\n\n","aioseo_head_json":{"title":"\"Ser\u00e1 o cinema aquele que mais propagou a arquitetura?\", provoca Paulo Le\u00f4nidas | Arquivo","description":"","canonical_url":"https:\/\/www.jornalja.com.br\/arquivo\/sera-o-cinema-aquele-que-mais-propagou-a-arquitetura-provoca-paulo-leonidas\/","robots":"max-image-preview:large","keywords":"","webmasterTools":{"miscellaneous":""},"schema":{"@context":"https:\/\/schema.org","@graph":[{"@type":"BlogPosting","@id":"https:\/\/www.jornalja.com.br\/arquivo\/sera-o-cinema-aquele-que-mais-propagou-a-arquitetura-provoca-paulo-leonidas\/#blogposting","name":"\"Ser\u00e1 o cinema aquele que mais propagou a arquitetura?\", provoca Paulo Le\u00f4nidas | Arquivo","headline":"&quot;Ser\u00e1 o cinema aquele que mais propagou a arquitetura?&quot;, provoca Paulo Le\u00f4nidas","author":{"@id":"https:\/\/www.jornalja.com.br\/arquivo\/author\/daredacao\/#author"},"publisher":{"@id":"https:\/\/www.jornalja.com.br\/arquivo\/#organization"},"image":{"@type":"ImageObject","url":49304},"datePublished":"2017-06-01T16:38:16-03:00","dateModified":"2017-06-01T16:38:16-03:00","inLanguage":"pt-BR","mainEntityOfPage":{"@id":"https:\/\/www.jornalja.com.br\/arquivo\/sera-o-cinema-aquele-que-mais-propagou-a-arquitetura-provoca-paulo-leonidas\/#webpage"},"isPartOf":{"@id":"https:\/\/www.jornalja.com.br\/arquivo\/sera-o-cinema-aquele-que-mais-propagou-a-arquitetura-provoca-paulo-leonidas\/#webpage"},"articleSection":"Geral"},{"@type":"BreadcrumbList","@id":"https:\/\/www.jornalja.com.br\/arquivo\/sera-o-cinema-aquele-que-mais-propagou-a-arquitetura-provoca-paulo-leonidas\/#breadcrumblist","itemListElement":[{"@type":"ListItem","@id":"https:\/\/www.jornalja.com.br\/arquivo#listItem","position":1,"name":"Home","item":"https:\/\/www.jornalja.com.br\/arquivo","nextItem":{"@type":"ListItem","@id":"https:\/\/www.jornalja.com.br\/arquivo\/category\/geral\/#listItem","name":"Geral"}},{"@type":"ListItem","@id":"https:\/\/www.jornalja.com.br\/arquivo\/category\/geral\/#listItem","position":2,"name":"Geral","item":"https:\/\/www.jornalja.com.br\/arquivo\/category\/geral\/","nextItem":{"@type":"ListItem","@id":"https:\/\/www.jornalja.com.br\/arquivo\/sera-o-cinema-aquele-que-mais-propagou-a-arquitetura-provoca-paulo-leonidas\/#listItem","name":"&quot;Ser\u00e1 o cinema aquele que mais propagou a arquitetura?&quot;, provoca Paulo Le\u00f4nidas"},"previousItem":{"@type":"ListItem","@id":"https:\/\/www.jornalja.com.br\/arquivo#listItem","name":"Home"}},{"@type":"ListItem","@id":"https:\/\/www.jornalja.com.br\/arquivo\/sera-o-cinema-aquele-que-mais-propagou-a-arquitetura-provoca-paulo-leonidas\/#listItem","position":3,"name":"&quot;Ser\u00e1 o cinema aquele que mais propagou a arquitetura?&quot;, provoca Paulo Le\u00f4nidas","previousItem":{"@type":"ListItem","@id":"https:\/\/www.jornalja.com.br\/arquivo\/category\/geral\/#listItem","name":"Geral"}}]},{"@type":"Organization","@id":"https:\/\/www.jornalja.com.br\/arquivo\/#organization","name":"Jornal J\u00c1","description":"Jornal J\u00c1 | Porto Alegre","url":"https:\/\/www.jornalja.com.br\/arquivo\/","telephone":"+555133307272","logo":{"@type":"ImageObject","url":"https:\/\/www.jornalja.com.br\/wp-content\/uploads\/cards\/JAslogan.png","@id":"https:\/\/www.jornalja.com.br\/arquivo\/sera-o-cinema-aquele-que-mais-propagou-a-arquitetura-provoca-paulo-leonidas\/#organizationLogo"},"image":{"@id":"https:\/\/www.jornalja.com.br\/arquivo\/sera-o-cinema-aquele-que-mais-propagou-a-arquitetura-provoca-paulo-leonidas\/#organizationLogo"}},{"@type":"Person","@id":"https:\/\/www.jornalja.com.br\/arquivo\/author\/daredacao\/#author","url":"https:\/\/www.jornalja.com.br\/arquivo\/author\/daredacao\/","name":"da Reda\u00e7\u00e3o","image":{"@type":"ImageObject","@id":"https:\/\/www.jornalja.com.br\/arquivo\/sera-o-cinema-aquele-que-mais-propagou-a-arquitetura-provoca-paulo-leonidas\/#authorImage","url":"https:\/\/secure.gravatar.com\/avatar\/469fd857d6605ad19919d27ed29d35a968a25f6e8fd9318356bbb7f57aae9c65?s=96&d=mm&r=g","width":96,"height":96,"caption":"da Reda\u00e7\u00e3o"}},{"@type":"WebPage","@id":"https:\/\/www.jornalja.com.br\/arquivo\/sera-o-cinema-aquele-que-mais-propagou-a-arquitetura-provoca-paulo-leonidas\/#webpage","url":"https:\/\/www.jornalja.com.br\/arquivo\/sera-o-cinema-aquele-que-mais-propagou-a-arquitetura-provoca-paulo-leonidas\/","name":"\"Ser\u00e1 o cinema aquele que mais propagou a arquitetura?\", provoca Paulo Le\u00f4nidas | Arquivo","inLanguage":"pt-BR","isPartOf":{"@id":"https:\/\/www.jornalja.com.br\/arquivo\/#website"},"breadcrumb":{"@id":"https:\/\/www.jornalja.com.br\/arquivo\/sera-o-cinema-aquele-que-mais-propagou-a-arquitetura-provoca-paulo-leonidas\/#breadcrumblist"},"author":{"@id":"https:\/\/www.jornalja.com.br\/arquivo\/author\/daredacao\/#author"},"creator":{"@id":"https:\/\/www.jornalja.com.br\/arquivo\/author\/daredacao\/#author"},"image":{"@type":"ImageObject","url":49304,"@id":"https:\/\/www.jornalja.com.br\/arquivo\/sera-o-cinema-aquele-que-mais-propagou-a-arquitetura-provoca-paulo-leonidas\/#mainImage"},"primaryImageOfPage":{"@id":"https:\/\/www.jornalja.com.br\/arquivo\/sera-o-cinema-aquele-que-mais-propagou-a-arquitetura-provoca-paulo-leonidas\/#mainImage"},"datePublished":"2017-06-01T16:38:16-03:00","dateModified":"2017-06-01T16:38:16-03:00"},{"@type":"WebSite","@id":"https:\/\/www.jornalja.com.br\/arquivo\/#website","url":"https:\/\/www.jornalja.com.br\/arquivo\/","name":"Arquivo","description":"Jornal J\u00c1 | Porto Alegre","inLanguage":"pt-BR","publisher":{"@id":"https:\/\/www.jornalja.com.br\/arquivo\/#organization"}}]},"og:locale":"pt_BR","og:site_name":"Arquivo | Jornal J\u00c1 | Porto Alegre","og:type":"article","og:title":"&quot;Ser\u00e1 o cinema aquele que mais propagou a arquitetura?&quot;, provoca Paulo Le\u00f4nidas | Arquivo","og:url":"https:\/\/www.jornalja.com.br\/arquivo\/sera-o-cinema-aquele-que-mais-propagou-a-arquitetura-provoca-paulo-leonidas\/","og:image":"https:\/\/www.jornalja.com.br\/wp-content\/uploads\/2017\/06\/IMG-20170601-WA0009.jpg","og:image:secure_url":"https:\/\/www.jornalja.com.br\/wp-content\/uploads\/2017\/06\/IMG-20170601-WA0009.jpg","article:published_time":"2017-06-01T19:38:16+00:00","article:modified_time":"2017-06-01T19:38:16+00:00","twitter:card":"summary","twitter:title":"&quot;Ser\u00e1 o cinema aquele que mais propagou a arquitetura?&quot;, provoca Paulo Le\u00f4nidas | Arquivo","twitter:image":"https:\/\/www.jornalja.com.br\/economics\/wp-content\/uploads\/sites\/11\/2026\/08\/ja-folhaderosto-facebook.jpg"},"aioseo_meta_data":{"post_id":"49301","title":null,"description":null,"keywords":null,"keyphrases":null,"primary_term":null,"canonical_url":null,"og_title":null,"og_description":null,"og_object_type":"default","og_image_type":"default","og_image_url":null,"og_image_width":null,"og_image_height":null,"og_image_custom_url":null,"og_image_custom_fields":null,"og_video":null,"og_custom_url":null,"og_article_section":null,"og_article_tags":null,"twitter_use_og":false,"twitter_card":"default","twitter_image_type":"default","twitter_image_url":null,"twitter_image_custom_url":null,"twitter_image_custom_fields":null,"twitter_title":null,"twitter_description":null,"schema":{"blockGraphs":[],"customGraphs":[],"default":{"data":{"Article":[],"Course":[],"Dataset":[],"FAQPage":[],"Movie":[],"Person":[],"Product":[],"ProductReview":[],"Car":[],"Recipe":[],"Service":[],"SoftwareApplication":[],"WebPage":[]},"graphName":"","isEnabled":true},"graphs":[],"defaultGraph":"","defaultPostTypeGraph":""},"schema_type":null,"schema_type_options":null,"pillar_content":false,"robots_default":true,"robots_noindex":false,"robots_noarchive":false,"robots_nosnippet":false,"robots_nofollow":false,"robots_noimageindex":false,"robots_noodp":false,"robots_notranslate":false,"robots_max_snippet":null,"robots_max_videopreview":null,"robots_max_imagepreview":"large","priority":null,"frequency":null,"location":null,"local_seo":null,"breadcrumb_settings":null,"limit_modified_date":false,"ai":null,"created":"2020-12-20 20:32:48","updated":"2025-07-19 21:53:55","seo_analyzer_scan_date":null,"focus_keyword":null,"additional_keywords":null,"truseo_locale":null},"jetpack_sharing_enabled":true,"jetpack-related-posts":[{"id":13124,"url":"https:\/\/www.jornalja.com.br\/arquivo\/sangue-latino-no-iecine\/","url_meta":{"origin":49301,"position":0},"title":"Sangue latino no IECINE","author":"da Reda\u00e7\u00e3o","date":"18 de maio de 2014","format":false,"excerpt":"Francisco Ribeiro O Instituto Estadual de Cinema (IECINE) tem a frente, desde abril \u00faltimo, um novo diretor, o cineasta colombiano Juan Zapata, 36, que substitui Luiz Alberto Cassol. Radicado h\u00e1 dez anos em Porto Alegre, Zapata tem diante de si o desafio de conduzir at\u00e9 o final do ano um\u2026","rel":"","context":"Em &quot;Cultura-Geral&quot;","block_context":{"text":"Cultura-Geral","link":"https:\/\/www.jornalja.com.br\/arquivo\/category\/materiasecundaria\/"},"img":{"alt_text":"","src":"","width":0,"height":0},"classes":[]},{"id":14241,"url":"https:\/\/www.jornalja.com.br\/arquivo\/o-guaiba-nas-imagens-poeticas-de-achutti\/","url_meta":{"origin":49301,"position":1},"title":"O Gua\u00edba nas imagens po\u00e9ticas de Achutti","author":"da Reda\u00e7\u00e3o","date":"18 de junho de 2014","format":false,"excerpt":"Em \u201cO Gua\u00edba por Achutti\u201d \u2013 obra financiada via Minist\u00e9rio da Cultura, produ\u00e7\u00e3o executiva de Pedro Longhi, e Fl\u00e1vio Wild como designer \u2013, o fot\u00f3grafo revela a beleza e as mazelas de um espa\u00e7o aqu\u00e1tico de \u00e1guas sempre renovadas, cheio de hist\u00f3rias e lendas como as das cidades que foram\u2026","rel":"","context":"Em &quot;Cultura-Geral&quot;","block_context":{"text":"Cultura-Geral","link":"https:\/\/www.jornalja.com.br\/arquivo\/category\/materiasecundaria\/"},"img":{"alt_text":"","src":"","width":0,"height":0},"classes":[]},{"id":13109,"url":"https:\/\/www.jornalja.com.br\/arquivo\/judiciario-reconhece-poluicao-eletromagnetica\/","url_meta":{"origin":49301,"position":2},"title":"Judici\u00e1rio reconhece polui\u00e7\u00e3o eletromagn\u00e9tica","author":"Patr\u00edcia Marini","date":"16 de maio de 2014","format":false,"excerpt":"A\u00e7\u00e3o de duas associa\u00e7\u00f5es de moradores foi acolhida pelo Tribunal de Justi\u00e7a de S\u00e3o Paulo que. em decis\u00e3o in\u00e9dita, determinou a redu\u00e7\u00e3o do campo eletromagn\u00e9tico gerado pelas linhas de transmiss\u00e3o de energia que cortam os bairros City Boa\u00e7ava e Alto de Pinheiros. \u00c9 a primeira vez que um tribunal do\u2026","rel":"","context":"Em &quot;X.Categorias velhas&quot;","block_context":{"text":"X.Categorias velhas","link":"https:\/\/www.jornalja.com.br\/arquivo\/category\/x-categorias-velhas\/"},"img":{"alt_text":"","src":"","width":0,"height":0},"classes":[]},{"id":13101,"url":"https:\/\/www.jornalja.com.br\/arquivo\/morre-um-guerreiro-do-texto\/","url_meta":{"origin":49301,"position":3},"title":"Morre um guerreiro do texto","author":"Patr\u00edcia Marini","date":"14 de maio de 2014","format":false,"excerpt":"Por Ricardo Kotscho Reproduzido do blog do autor, 11\/5\/2014; t\u00edtulo original \u201cE l\u00e1 se foi o nosso Myltainho, guerreiro do texto\u201d. Mi\u00fado e franzino, meu amigo Myltainho era um valente e inconformado guerreiro na luta contra as injusti\u00e7as sociais, a hipocrisia, as maracutaias, o autoritarismo, a intoler\u00e2ncia, a viol\u00eancia, o\u2026","rel":"","context":"Em &quot;Geral&quot;","block_context":{"text":"Geral","link":"https:\/\/www.jornalja.com.br\/arquivo\/category\/geral\/"},"img":{"alt_text":"","src":"","width":0,"height":0},"classes":[]},{"id":1280,"url":"https:\/\/www.jornalja.com.br\/arquivo\/o-menino-que-se-tornou-brizola\/","url_meta":{"origin":49301,"position":4},"title":"O Menino que se Tornou Brizola","author":"da Reda\u00e7\u00e3o","date":"28 de julho de 2008","format":false,"excerpt":"Autor: Cleber Dioni A vida de Leonel Brizola, com \u00eanfase para os primeiros anos em Porto Alegre, at\u00e9 o ex\u00edlio no Uruguai e a volta, quinze anos depois. \u00a0\"...\u00c9ramos todos jovens e nos identific\u00e1vamos com aquela massa an\u00f4nima a percorrer as ruas de Porto Alegre, gritando 'Get\u00falio', 'Get\u00falio' e empunhando\u2026","rel":"","context":"Em &quot;Livros&quot;","block_context":{"text":"Livros","link":"https:\/\/www.jornalja.com.br\/arquivo\/category\/livros\/"},"img":{"alt_text":"","src":"https:\/\/i0.wp.com\/www.jornalja.com.br\/wp-content\/uploads\/2008\/07\/brizola.gif?resize=350%2C200&ssl=1","width":350,"height":200},"classes":[]},{"id":5440,"url":"https:\/\/www.jornalja.com.br\/arquivo\/casarao-da-venancio-destino-permanece-incerto\/","url_meta":{"origin":49301,"position":5},"title":"Estado ainda n\u00e3o sabe o que fazer com casar\u00e3o abandonado h\u00e1 20 anos","author":"Elmar Bones","date":"6 de julho de 2009","format":false,"excerpt":"O casar\u00e3o amarelo, numa esquina nobre de Porto Alegre (Ven\u00e2ncio Aires com Jo\u00e3o Pessoa), j\u00e1 abrigou uma escola. H\u00e1 duas d\u00e9cadas, pelo menos, est\u00e1 abandonado, porque seu propriet\u00e1rio, o governo do Estado do Rio Grande do Sul, n\u00e3o consegue achar um destino para ele. Planos n\u00e3o faltaram. O governador Ol\u00edvio\u2026","rel":"","context":"Em &quot;X.Categorias velhas&quot;","block_context":{"text":"X.Categorias velhas","link":"https:\/\/www.jornalja.com.br\/arquivo\/category\/x-categorias-velhas\/"},"img":{"alt_text":"geraldo1","src":"https:\/\/i0.wp.com\/www.jornalja.com.br\/wp-content\/uploads\/2009\/07\/geraldo1.jpg?resize=350%2C200&ssl=1","width":350,"height":200},"classes":[]}],"jetpack_shortlink":"https:\/\/wp.me\/pbQjBd-cPb","jetpack_featured_media_url":"","_links":{"self":[{"href":"https:\/\/www.jornalja.com.br\/arquivo\/wp-json\/wp\/v2\/posts\/49301","targetHints":{"allow":["GET"]}}],"collection":[{"href":"https:\/\/www.jornalja.com.br\/arquivo\/wp-json\/wp\/v2\/posts"}],"about":[{"href":"https:\/\/www.jornalja.com.br\/arquivo\/wp-json\/wp\/v2\/types\/post"}],"author":[{"embeddable":true,"href":"https:\/\/www.jornalja.com.br\/arquivo\/wp-json\/wp\/v2\/users\/4"}],"replies":[{"embeddable":true,"href":"https:\/\/www.jornalja.com.br\/arquivo\/wp-json\/wp\/v2\/comments?post=49301"}],"version-history":[{"count":0,"href":"https:\/\/www.jornalja.com.br\/arquivo\/wp-json\/wp\/v2\/posts\/49301\/revisions"}],"wp:attachment":[{"href":"https:\/\/www.jornalja.com.br\/arquivo\/wp-json\/wp\/v2\/media?parent=49301"}],"wp:term":[{"taxonomy":"category","embeddable":true,"href":"https:\/\/www.jornalja.com.br\/arquivo\/wp-json\/wp\/v2\/categories?post=49301"},{"taxonomy":"post_tag","embeddable":true,"href":"https:\/\/www.jornalja.com.br\/arquivo\/wp-json\/wp\/v2\/tags?post=49301"}],"curies":[{"name":"wp","href":"https:\/\/api.w.org\/{rel}","templated":true}]}}