{"id":49353,"date":"2017-06-02T19:37:55","date_gmt":"2017-06-02T22:37:55","guid":{"rendered":"https:\/\/www.jornalja.com.br\/?p=49353"},"modified":"2017-06-02T19:37:55","modified_gmt":"2017-06-02T22:37:55","slug":"cinema-movido-a-pedaladas-neste-final-de-semana-em-porto-alegre","status":"publish","type":"post","link":"https:\/\/www.jornalja.com.br\/arquivo\/cinema-movido-a-pedaladas-neste-final-de-semana-em-porto-alegre\/","title":{"rendered":"Cinema movido a pedaladas neste final de semana em Porto Alegre"},"content":{"rendered":"<p>Chega a Porto Alegre, nesta final de semana, a segunda edi\u00e7\u00e3o do Cine Pedal, mostra de cinema movido a energia limpa que circula por v\u00e1rias capitais do pa\u00eds. No s\u00e1bado e no domingo, dois filmes ser\u00e3o exibidos em um tel\u00e3o no setor B, do estacionamento do Barra Shopping. A energia necess\u00e1ria para o equipamento ser\u00e1 gerado atrav\u00e9s das pedaladas.<br \/>\nEvento passou por Florian\u00f3polis, S\u00e3o Paulo, Belo Horizonte, Bras\u00edlia, Goi\u00e2nia e Salvador. No ano passado, o local escolhido\u00a0foi o Parque da Reden\u00e7\u00e3o.<br \/>\nA produ\u00e7\u00e3o do evento disponibiliza dez bicicletas e dez plataforma onde os participantes podem encaixar suas pr\u00f3prias bicicletas, de qualquer modelo, adultos ou infantis. O festival tamb\u00e9m disponibiliza um pedal manual que pode ser utilizado por cadeirantes, crian\u00e7as e idosos.<br \/>\n<figure id=\"attachment_49355\" aria-describedby=\"caption-attachment-49355\" style=\"width: 1024px\" class=\"wp-caption alignnone\"><img loading=\"lazy\" decoding=\"async\" class=\"size-full wp-image-49355\" src=\"https:\/\/www.jornalja.com.br\/wp-content\/uploads\/2017\/06\/Cine_Pedal_BH_09_07_2016\u00a9Andre_Fossati_118.jpg\" alt=\"\" width=\"1024\" height=\"680\" \/><figcaption id=\"caption-attachment-49355\" class=\"wp-caption-text\">Evento passou por diversas capitais brasileiras e volta a Porto Alegre neste final de semana \/ Andre Fossati \/ Divulga\u00e7\u00e3o<\/figcaption><\/figure><br \/>\nAo serem pedaladas, as bicicletas produzir\u00e3o a energia, que ser\u00e1 recebida por um equipamento condensador respons\u00e1vel por alinhar toda a energia gerada e redistribuir para o projetor e para os equipamentos de som e ilumina\u00e7\u00e3o utilizados no evento.<br \/>\nOs participantes precisam gerar no m\u00ednimo 1300 watts para o cine funcionar. No local haver\u00e1 um sinalizador exibindo em tempo real quantos watts est\u00e3o sendo gerados.<br \/>\nNo s\u00e1bado, o filme exibido ser\u00e1 O Casamento de Romeu e Julieta, com\u00e9dia nacional dirigida por Bruno Barreto que traz a hist\u00f3ria de um casal: ele, corintiano fan\u00e1tico; ela, igualmente fan\u00e1tica, mas pelo Palmeiras. No domingo, \u00e9 a vez de Alfie, o Pequeno Lobisomen, de Joram L\u00fcrsen. O filme conta a hist\u00f3ria de um menino que, na noite de seu anivers\u00e1rio de sete anos se transforma em um lobinho.<br \/>\nAntes da exibi\u00e7\u00e3o dos filmes, haver\u00e1 debates mediados por Paula Dutra, com os temas: \u201cinova\u00e7\u00e3o em gera\u00e7\u00e3o de energia\u201d e \u201cmeio ambiente e sustentabilidade x educa\u00e7\u00e3o\u201d.<br \/>\nAl\u00e9m da exibi\u00e7\u00e3o dos filmes e dos di\u00e1logos com especialistas, o evento conta com um baile ao ar livre, embalado por um DJ convidado, al\u00e9m de food bikes.<br \/>\nPara participar pedalando e gerando energia, os interessados devem se inscrever no local, no estande de credenciamento de volunt\u00e1rios ou atrav\u00e9s do <a href=\"http:\/\/cinepedalbrasil.com\/\" target=\"_blank\" rel=\"noopener noreferrer\">site do evento.<\/a>\u00a0Em caso de chuva, o evento ser\u00e1 cancelado.<br \/>\n<strong>Confira a programa\u00e7\u00e3o completa:<\/strong><br \/>\n<strong>03 de junho &#8211; s\u00e1bado<\/strong><br \/>\n16h \u2013 Abertura do evento: inicio de cadastro de volunt\u00e1rios<br \/>\n17h30 \u2013 Inicio da subida do tel\u00e3o e m\u00fasica por meio da energia gerada pelo p\u00fablico;<br \/>\n18h &#8211; Di\u00e1logo com convidados e p\u00fablico sobre \u201cInova\u00e7\u00e3o em gera\u00e7\u00e3o de energia\u201d;<br \/>\n19h &#8211; Exibi\u00e7\u00e3o do filme O Casamento de Romeu e Julieta;<br \/>\n21h &#8211; Fim da programa\u00e7\u00e3o<br \/>\n<strong>04 de junho &#8211; domingo<\/strong><br \/>\n16h \u2013 Abertura do evento: inicio de cadastro de volunt\u00e1rios<br \/>\n17h30 \u2013 Inicio da subida do tel\u00e3o e m\u00fasica por meio da energia gerada pelo p\u00fablico;<br \/>\n18h &#8211; Di\u00e1logo com convidados e p\u00fablico sobre \u201cMeio ambiente e sustentabilidade x educa\u00e7\u00e3o\u201d;<br \/>\n19h &#8211; Exibi\u00e7\u00e3o do filme Alfie, O Pequeno Lobisomen;<br \/>\n21h &#8211; Fim da programa\u00e7\u00e3o<\/p>\n","protected":false},"excerpt":{"rendered":"<p>Chega a Porto Alegre, nesta final de semana, a segunda edi\u00e7\u00e3o do Cine Pedal, mostra de cinema movido a energia limpa que circula por v\u00e1rias capitais do pa\u00eds. No s\u00e1bado e no domingo, dois filmes ser\u00e3o exibidos em um tel\u00e3o no setor B, do estacionamento do Barra Shopping. A energia necess\u00e1ria para o equipamento ser\u00e1 [&hellip;]<\/p>\n","protected":false},"author":4,"featured_media":49354,"comment_status":"open","ping_status":"closed","sticky":false,"template":"","format":"standard","meta":{"_jetpack_newsletter_access":"","_jetpack_dont_email_post_to_subs":false,"_jetpack_newsletter_tier_id":0,"_jetpack_memberships_contains_paywalled_content":false,"_jetpack_feature_clip_id":0,"_jetpack_memberships_contains_paid_content":false,"footnotes":"","jetpack_post_was_ever_published":false},"categories":[2020],"tags":[],"class_list":["post-49353","post","type-post","status-publish","format-standard","has-post-thumbnail","hentry","category-culturamanchete"],"aioseo_notices":[],"aioseo_head":"\n\t\t<!-- All in One SEO 5.0.1.1 - aioseo.com -->\n\t<meta name=\"robots\" content=\"max-image-preview:large\" \/>\n\t<meta name=\"author\" content=\"da Reda\u00e7\u00e3o\"\/>\n\t<link rel=\"canonical\" href=\"https:\/\/www.jornalja.com.br\/arquivo\/cinema-movido-a-pedaladas-neste-final-de-semana-em-porto-alegre\/\" \/>\n\t<meta name=\"generator\" content=\"All in One SEO (AIOSEO) 5.0.1.1\" \/>\n\t\t<meta property=\"og:locale\" content=\"pt_BR\" \/>\n\t\t<meta property=\"og:site_name\" content=\"Arquivo | Jornal J\u00c1 | Porto Alegre\" \/>\n\t\t<meta property=\"og:type\" content=\"article\" \/>\n\t\t<meta property=\"og:title\" content=\"Cinema movido a pedaladas neste final de semana em Porto Alegre | Arquivo\" \/>\n\t\t<meta property=\"og:url\" content=\"https:\/\/www.jornalja.com.br\/arquivo\/cinema-movido-a-pedaladas-neste-final-de-semana-em-porto-alegre\/\" \/>\n\t\t<meta property=\"og:image\" content=\"https:\/\/www.jornalja.com.br\/wp-content\/uploads\/2017\/06\/Cine_Pedal_BH_09_07_2016\u00a9Andre_Fossati_118.jpg\" \/>\n\t\t<meta property=\"og:image:secure_url\" content=\"https:\/\/www.jornalja.com.br\/wp-content\/uploads\/2017\/06\/Cine_Pedal_BH_09_07_2016\u00a9Andre_Fossati_118.jpg\" \/>\n\t\t<meta property=\"article:published_time\" content=\"2017-06-02T22:37:55+00:00\" \/>\n\t\t<meta property=\"article:modified_time\" content=\"2017-06-02T22:37:55+00:00\" \/>\n\t\t<meta name=\"twitter:card\" content=\"summary\" \/>\n\t\t<meta name=\"twitter:title\" content=\"Cinema movido a pedaladas neste final de semana em Porto Alegre | Arquivo\" \/>\n\t\t<meta name=\"twitter:image\" content=\"https:\/\/www.jornalja.com.br\/economics\/wp-content\/uploads\/sites\/11\/2026\/08\/ja-folhaderosto-facebook.jpg\" \/>\n\t\t<script type=\"application\/ld+json\" class=\"aioseo-schema\">\n\t\t\t{\"@context\":\"https:\\\/\\\/schema.org\",\"@graph\":[{\"@type\":\"BlogPosting\",\"@id\":\"https:\\\/\\\/www.jornalja.com.br\\\/arquivo\\\/cinema-movido-a-pedaladas-neste-final-de-semana-em-porto-alegre\\\/#blogposting\",\"name\":\"Cinema movido a pedaladas neste final de semana em Porto Alegre | Arquivo\",\"headline\":\"Cinema movido a pedaladas neste final de semana em Porto Alegre\",\"author\":{\"@id\":\"https:\\\/\\\/www.jornalja.com.br\\\/arquivo\\\/author\\\/daredacao\\\/#author\"},\"publisher\":{\"@id\":\"https:\\\/\\\/www.jornalja.com.br\\\/arquivo\\\/#organization\"},\"image\":{\"@type\":\"ImageObject\",\"url\":49354},\"datePublished\":\"2017-06-02T19:37:55-03:00\",\"dateModified\":\"2017-06-02T19:37:55-03:00\",\"inLanguage\":\"pt-BR\",\"commentCount\":1,\"mainEntityOfPage\":{\"@id\":\"https:\\\/\\\/www.jornalja.com.br\\\/arquivo\\\/cinema-movido-a-pedaladas-neste-final-de-semana-em-porto-alegre\\\/#webpage\"},\"isPartOf\":{\"@id\":\"https:\\\/\\\/www.jornalja.com.br\\\/arquivo\\\/cinema-movido-a-pedaladas-neste-final-de-semana-em-porto-alegre\\\/#webpage\"},\"articleSection\":\"Cultura-Manchete\"},{\"@type\":\"BreadcrumbList\",\"@id\":\"https:\\\/\\\/www.jornalja.com.br\\\/arquivo\\\/cinema-movido-a-pedaladas-neste-final-de-semana-em-porto-alegre\\\/#breadcrumblist\",\"itemListElement\":[{\"@type\":\"ListItem\",\"@id\":\"https:\\\/\\\/www.jornalja.com.br\\\/arquivo#listItem\",\"position\":1,\"name\":\"Home\",\"item\":\"https:\\\/\\\/www.jornalja.com.br\\\/arquivo\",\"nextItem\":{\"@type\":\"ListItem\",\"@id\":\"https:\\\/\\\/www.jornalja.com.br\\\/arquivo\\\/category\\\/culturamanchete\\\/#listItem\",\"name\":\"Cultura-Manchete\"}},{\"@type\":\"ListItem\",\"@id\":\"https:\\\/\\\/www.jornalja.com.br\\\/arquivo\\\/category\\\/culturamanchete\\\/#listItem\",\"position\":2,\"name\":\"Cultura-Manchete\",\"item\":\"https:\\\/\\\/www.jornalja.com.br\\\/arquivo\\\/category\\\/culturamanchete\\\/\",\"nextItem\":{\"@type\":\"ListItem\",\"@id\":\"https:\\\/\\\/www.jornalja.com.br\\\/arquivo\\\/cinema-movido-a-pedaladas-neste-final-de-semana-em-porto-alegre\\\/#listItem\",\"name\":\"Cinema movido a pedaladas neste final de semana em Porto Alegre\"},\"previousItem\":{\"@type\":\"ListItem\",\"@id\":\"https:\\\/\\\/www.jornalja.com.br\\\/arquivo#listItem\",\"name\":\"Home\"}},{\"@type\":\"ListItem\",\"@id\":\"https:\\\/\\\/www.jornalja.com.br\\\/arquivo\\\/cinema-movido-a-pedaladas-neste-final-de-semana-em-porto-alegre\\\/#listItem\",\"position\":3,\"name\":\"Cinema movido a pedaladas neste final de semana em Porto Alegre\",\"previousItem\":{\"@type\":\"ListItem\",\"@id\":\"https:\\\/\\\/www.jornalja.com.br\\\/arquivo\\\/category\\\/culturamanchete\\\/#listItem\",\"name\":\"Cultura-Manchete\"}}]},{\"@type\":\"Organization\",\"@id\":\"https:\\\/\\\/www.jornalja.com.br\\\/arquivo\\\/#organization\",\"name\":\"Jornal J\\u00c1\",\"description\":\"Jornal J\\u00c1 | Porto Alegre\",\"url\":\"https:\\\/\\\/www.jornalja.com.br\\\/arquivo\\\/\",\"telephone\":\"+555133307272\",\"logo\":{\"@type\":\"ImageObject\",\"url\":\"https:\\\/\\\/www.jornalja.com.br\\\/wp-content\\\/uploads\\\/cards\\\/JAslogan.png\",\"@id\":\"https:\\\/\\\/www.jornalja.com.br\\\/arquivo\\\/cinema-movido-a-pedaladas-neste-final-de-semana-em-porto-alegre\\\/#organizationLogo\"},\"image\":{\"@id\":\"https:\\\/\\\/www.jornalja.com.br\\\/arquivo\\\/cinema-movido-a-pedaladas-neste-final-de-semana-em-porto-alegre\\\/#organizationLogo\"}},{\"@type\":\"Person\",\"@id\":\"https:\\\/\\\/www.jornalja.com.br\\\/arquivo\\\/author\\\/daredacao\\\/#author\",\"url\":\"https:\\\/\\\/www.jornalja.com.br\\\/arquivo\\\/author\\\/daredacao\\\/\",\"name\":\"da Reda\\u00e7\\u00e3o\",\"image\":{\"@type\":\"ImageObject\",\"@id\":\"https:\\\/\\\/www.jornalja.com.br\\\/arquivo\\\/cinema-movido-a-pedaladas-neste-final-de-semana-em-porto-alegre\\\/#authorImage\",\"url\":\"https:\\\/\\\/secure.gravatar.com\\\/avatar\\\/469fd857d6605ad19919d27ed29d35a968a25f6e8fd9318356bbb7f57aae9c65?s=96&d=mm&r=g\",\"width\":96,\"height\":96,\"caption\":\"da Reda\\u00e7\\u00e3o\"}},{\"@type\":\"WebPage\",\"@id\":\"https:\\\/\\\/www.jornalja.com.br\\\/arquivo\\\/cinema-movido-a-pedaladas-neste-final-de-semana-em-porto-alegre\\\/#webpage\",\"url\":\"https:\\\/\\\/www.jornalja.com.br\\\/arquivo\\\/cinema-movido-a-pedaladas-neste-final-de-semana-em-porto-alegre\\\/\",\"name\":\"Cinema movido a pedaladas neste final de semana em Porto Alegre | Arquivo\",\"inLanguage\":\"pt-BR\",\"isPartOf\":{\"@id\":\"https:\\\/\\\/www.jornalja.com.br\\\/arquivo\\\/#website\"},\"breadcrumb\":{\"@id\":\"https:\\\/\\\/www.jornalja.com.br\\\/arquivo\\\/cinema-movido-a-pedaladas-neste-final-de-semana-em-porto-alegre\\\/#breadcrumblist\"},\"author\":{\"@id\":\"https:\\\/\\\/www.jornalja.com.br\\\/arquivo\\\/author\\\/daredacao\\\/#author\"},\"creator\":{\"@id\":\"https:\\\/\\\/www.jornalja.com.br\\\/arquivo\\\/author\\\/daredacao\\\/#author\"},\"image\":{\"@type\":\"ImageObject\",\"url\":49354,\"@id\":\"https:\\\/\\\/www.jornalja.com.br\\\/arquivo\\\/cinema-movido-a-pedaladas-neste-final-de-semana-em-porto-alegre\\\/#mainImage\"},\"primaryImageOfPage\":{\"@id\":\"https:\\\/\\\/www.jornalja.com.br\\\/arquivo\\\/cinema-movido-a-pedaladas-neste-final-de-semana-em-porto-alegre\\\/#mainImage\"},\"datePublished\":\"2017-06-02T19:37:55-03:00\",\"dateModified\":\"2017-06-02T19:37:55-03:00\"},{\"@type\":\"WebSite\",\"@id\":\"https:\\\/\\\/www.jornalja.com.br\\\/arquivo\\\/#website\",\"url\":\"https:\\\/\\\/www.jornalja.com.br\\\/arquivo\\\/\",\"name\":\"Arquivo\",\"description\":\"Jornal J\\u00c1 | Porto Alegre\",\"inLanguage\":\"pt-BR\",\"publisher\":{\"@id\":\"https:\\\/\\\/www.jornalja.com.br\\\/arquivo\\\/#organization\"}}]}\n\t\t<\/script>\n\t\t<!-- All in One SEO -->\n\n","aioseo_head_json":{"title":"Cinema movido a pedaladas neste final de semana em Porto Alegre | Arquivo","description":"","canonical_url":"https:\/\/www.jornalja.com.br\/arquivo\/cinema-movido-a-pedaladas-neste-final-de-semana-em-porto-alegre\/","robots":"max-image-preview:large","keywords":"","webmasterTools":{"miscellaneous":""},"schema":{"@context":"https:\/\/schema.org","@graph":[{"@type":"BlogPosting","@id":"https:\/\/www.jornalja.com.br\/arquivo\/cinema-movido-a-pedaladas-neste-final-de-semana-em-porto-alegre\/#blogposting","name":"Cinema movido a pedaladas neste final de semana em Porto Alegre | Arquivo","headline":"Cinema movido a pedaladas neste final de semana em Porto Alegre","author":{"@id":"https:\/\/www.jornalja.com.br\/arquivo\/author\/daredacao\/#author"},"publisher":{"@id":"https:\/\/www.jornalja.com.br\/arquivo\/#organization"},"image":{"@type":"ImageObject","url":49354},"datePublished":"2017-06-02T19:37:55-03:00","dateModified":"2017-06-02T19:37:55-03:00","inLanguage":"pt-BR","commentCount":1,"mainEntityOfPage":{"@id":"https:\/\/www.jornalja.com.br\/arquivo\/cinema-movido-a-pedaladas-neste-final-de-semana-em-porto-alegre\/#webpage"},"isPartOf":{"@id":"https:\/\/www.jornalja.com.br\/arquivo\/cinema-movido-a-pedaladas-neste-final-de-semana-em-porto-alegre\/#webpage"},"articleSection":"Cultura-Manchete"},{"@type":"BreadcrumbList","@id":"https:\/\/www.jornalja.com.br\/arquivo\/cinema-movido-a-pedaladas-neste-final-de-semana-em-porto-alegre\/#breadcrumblist","itemListElement":[{"@type":"ListItem","@id":"https:\/\/www.jornalja.com.br\/arquivo#listItem","position":1,"name":"Home","item":"https:\/\/www.jornalja.com.br\/arquivo","nextItem":{"@type":"ListItem","@id":"https:\/\/www.jornalja.com.br\/arquivo\/category\/culturamanchete\/#listItem","name":"Cultura-Manchete"}},{"@type":"ListItem","@id":"https:\/\/www.jornalja.com.br\/arquivo\/category\/culturamanchete\/#listItem","position":2,"name":"Cultura-Manchete","item":"https:\/\/www.jornalja.com.br\/arquivo\/category\/culturamanchete\/","nextItem":{"@type":"ListItem","@id":"https:\/\/www.jornalja.com.br\/arquivo\/cinema-movido-a-pedaladas-neste-final-de-semana-em-porto-alegre\/#listItem","name":"Cinema movido a pedaladas neste final de semana em Porto Alegre"},"previousItem":{"@type":"ListItem","@id":"https:\/\/www.jornalja.com.br\/arquivo#listItem","name":"Home"}},{"@type":"ListItem","@id":"https:\/\/www.jornalja.com.br\/arquivo\/cinema-movido-a-pedaladas-neste-final-de-semana-em-porto-alegre\/#listItem","position":3,"name":"Cinema movido a pedaladas neste final de semana em Porto Alegre","previousItem":{"@type":"ListItem","@id":"https:\/\/www.jornalja.com.br\/arquivo\/category\/culturamanchete\/#listItem","name":"Cultura-Manchete"}}]},{"@type":"Organization","@id":"https:\/\/www.jornalja.com.br\/arquivo\/#organization","name":"Jornal J\u00c1","description":"Jornal J\u00c1 | Porto Alegre","url":"https:\/\/www.jornalja.com.br\/arquivo\/","telephone":"+555133307272","logo":{"@type":"ImageObject","url":"https:\/\/www.jornalja.com.br\/wp-content\/uploads\/cards\/JAslogan.png","@id":"https:\/\/www.jornalja.com.br\/arquivo\/cinema-movido-a-pedaladas-neste-final-de-semana-em-porto-alegre\/#organizationLogo"},"image":{"@id":"https:\/\/www.jornalja.com.br\/arquivo\/cinema-movido-a-pedaladas-neste-final-de-semana-em-porto-alegre\/#organizationLogo"}},{"@type":"Person","@id":"https:\/\/www.jornalja.com.br\/arquivo\/author\/daredacao\/#author","url":"https:\/\/www.jornalja.com.br\/arquivo\/author\/daredacao\/","name":"da Reda\u00e7\u00e3o","image":{"@type":"ImageObject","@id":"https:\/\/www.jornalja.com.br\/arquivo\/cinema-movido-a-pedaladas-neste-final-de-semana-em-porto-alegre\/#authorImage","url":"https:\/\/secure.gravatar.com\/avatar\/469fd857d6605ad19919d27ed29d35a968a25f6e8fd9318356bbb7f57aae9c65?s=96&d=mm&r=g","width":96,"height":96,"caption":"da Reda\u00e7\u00e3o"}},{"@type":"WebPage","@id":"https:\/\/www.jornalja.com.br\/arquivo\/cinema-movido-a-pedaladas-neste-final-de-semana-em-porto-alegre\/#webpage","url":"https:\/\/www.jornalja.com.br\/arquivo\/cinema-movido-a-pedaladas-neste-final-de-semana-em-porto-alegre\/","name":"Cinema movido a pedaladas neste final de semana em Porto Alegre | Arquivo","inLanguage":"pt-BR","isPartOf":{"@id":"https:\/\/www.jornalja.com.br\/arquivo\/#website"},"breadcrumb":{"@id":"https:\/\/www.jornalja.com.br\/arquivo\/cinema-movido-a-pedaladas-neste-final-de-semana-em-porto-alegre\/#breadcrumblist"},"author":{"@id":"https:\/\/www.jornalja.com.br\/arquivo\/author\/daredacao\/#author"},"creator":{"@id":"https:\/\/www.jornalja.com.br\/arquivo\/author\/daredacao\/#author"},"image":{"@type":"ImageObject","url":49354,"@id":"https:\/\/www.jornalja.com.br\/arquivo\/cinema-movido-a-pedaladas-neste-final-de-semana-em-porto-alegre\/#mainImage"},"primaryImageOfPage":{"@id":"https:\/\/www.jornalja.com.br\/arquivo\/cinema-movido-a-pedaladas-neste-final-de-semana-em-porto-alegre\/#mainImage"},"datePublished":"2017-06-02T19:37:55-03:00","dateModified":"2017-06-02T19:37:55-03:00"},{"@type":"WebSite","@id":"https:\/\/www.jornalja.com.br\/arquivo\/#website","url":"https:\/\/www.jornalja.com.br\/arquivo\/","name":"Arquivo","description":"Jornal J\u00c1 | Porto Alegre","inLanguage":"pt-BR","publisher":{"@id":"https:\/\/www.jornalja.com.br\/arquivo\/#organization"}}]},"og:locale":"pt_BR","og:site_name":"Arquivo | Jornal J\u00c1 | Porto Alegre","og:type":"article","og:title":"Cinema movido a pedaladas neste final de semana em Porto Alegre | Arquivo","og:url":"https:\/\/www.jornalja.com.br\/arquivo\/cinema-movido-a-pedaladas-neste-final-de-semana-em-porto-alegre\/","og:image":"https:\/\/www.jornalja.com.br\/wp-content\/uploads\/2017\/06\/Cine_Pedal_BH_09_07_2016\u00a9Andre_Fossati_118.jpg","og:image:secure_url":"https:\/\/www.jornalja.com.br\/wp-content\/uploads\/2017\/06\/Cine_Pedal_BH_09_07_2016\u00a9Andre_Fossati_118.jpg","article:published_time":"2017-06-02T22:37:55+00:00","article:modified_time":"2017-06-02T22:37:55+00:00","twitter:card":"summary","twitter:title":"Cinema movido a pedaladas neste final de semana em Porto Alegre | Arquivo","twitter:image":"https:\/\/www.jornalja.com.br\/economics\/wp-content\/uploads\/sites\/11\/2026\/08\/ja-folhaderosto-facebook.jpg"},"aioseo_meta_data":{"post_id":"49353","title":null,"description":null,"keywords":null,"keyphrases":null,"primary_term":null,"canonical_url":null,"og_title":null,"og_description":null,"og_object_type":"default","og_image_type":"default","og_image_url":null,"og_image_width":null,"og_image_height":null,"og_image_custom_url":null,"og_image_custom_fields":null,"og_video":null,"og_custom_url":null,"og_article_section":null,"og_article_tags":null,"twitter_use_og":false,"twitter_card":"default","twitter_image_type":"default","twitter_image_url":null,"twitter_image_custom_url":null,"twitter_image_custom_fields":null,"twitter_title":null,"twitter_description":null,"schema":{"blockGraphs":[],"customGraphs":[],"default":{"data":{"Article":[],"Course":[],"Dataset":[],"FAQPage":[],"Movie":[],"Person":[],"Product":[],"ProductReview":[],"Car":[],"Recipe":[],"Service":[],"SoftwareApplication":[],"WebPage":[]},"graphName":"","isEnabled":true},"graphs":[],"defaultGraph":"","defaultPostTypeGraph":""},"schema_type":null,"schema_type_options":null,"pillar_content":false,"robots_default":true,"robots_noindex":false,"robots_noarchive":false,"robots_nosnippet":false,"robots_nofollow":false,"robots_noimageindex":false,"robots_noodp":false,"robots_notranslate":false,"robots_max_snippet":null,"robots_max_videopreview":null,"robots_max_imagepreview":"large","priority":null,"frequency":null,"location":null,"local_seo":null,"breadcrumb_settings":null,"limit_modified_date":false,"ai":null,"created":"2020-12-20 20:32:48","updated":"2025-07-19 21:56:13","seo_analyzer_scan_date":null,"focus_keyword":null,"additional_keywords":null,"truseo_locale":null},"jetpack_sharing_enabled":true,"jetpack-related-posts":[{"id":13124,"url":"https:\/\/www.jornalja.com.br\/arquivo\/sangue-latino-no-iecine\/","url_meta":{"origin":49353,"position":0},"title":"Sangue latino no IECINE","author":"da Reda\u00e7\u00e3o","date":"18 de maio de 2014","format":false,"excerpt":"Francisco Ribeiro O Instituto Estadual de Cinema (IECINE) tem a frente, desde abril \u00faltimo, um novo diretor, o cineasta colombiano Juan Zapata, 36, que substitui Luiz Alberto Cassol. Radicado h\u00e1 dez anos em Porto Alegre, Zapata tem diante de si o desafio de conduzir at\u00e9 o final do ano um\u2026","rel":"","context":"Em &quot;Cultura-Geral&quot;","block_context":{"text":"Cultura-Geral","link":"https:\/\/www.jornalja.com.br\/arquivo\/category\/materiasecundaria\/"},"img":{"alt_text":"","src":"","width":0,"height":0},"classes":[]},{"id":14241,"url":"https:\/\/www.jornalja.com.br\/arquivo\/o-guaiba-nas-imagens-poeticas-de-achutti\/","url_meta":{"origin":49353,"position":1},"title":"O Gua\u00edba nas imagens po\u00e9ticas de Achutti","author":"da Reda\u00e7\u00e3o","date":"18 de junho de 2014","format":false,"excerpt":"Em \u201cO Gua\u00edba por Achutti\u201d \u2013 obra financiada via Minist\u00e9rio da Cultura, produ\u00e7\u00e3o executiva de Pedro Longhi, e Fl\u00e1vio Wild como designer \u2013, o fot\u00f3grafo revela a beleza e as mazelas de um espa\u00e7o aqu\u00e1tico de \u00e1guas sempre renovadas, cheio de hist\u00f3rias e lendas como as das cidades que foram\u2026","rel":"","context":"Em &quot;Cultura-Geral&quot;","block_context":{"text":"Cultura-Geral","link":"https:\/\/www.jornalja.com.br\/arquivo\/category\/materiasecundaria\/"},"img":{"alt_text":"","src":"","width":0,"height":0},"classes":[]},{"id":5440,"url":"https:\/\/www.jornalja.com.br\/arquivo\/casarao-da-venancio-destino-permanece-incerto\/","url_meta":{"origin":49353,"position":2},"title":"Estado ainda n\u00e3o sabe o que fazer com casar\u00e3o abandonado h\u00e1 20 anos","author":"Elmar Bones","date":"6 de julho de 2009","format":false,"excerpt":"O casar\u00e3o amarelo, numa esquina nobre de Porto Alegre (Ven\u00e2ncio Aires com Jo\u00e3o Pessoa), j\u00e1 abrigou uma escola. H\u00e1 duas d\u00e9cadas, pelo menos, est\u00e1 abandonado, porque seu propriet\u00e1rio, o governo do Estado do Rio Grande do Sul, n\u00e3o consegue achar um destino para ele. Planos n\u00e3o faltaram. O governador Ol\u00edvio\u2026","rel":"","context":"Em &quot;X.Categorias velhas&quot;","block_context":{"text":"X.Categorias velhas","link":"https:\/\/www.jornalja.com.br\/arquivo\/category\/x-categorias-velhas\/"},"img":{"alt_text":"geraldo1","src":"https:\/\/i0.wp.com\/www.jornalja.com.br\/wp-content\/uploads\/2009\/07\/geraldo1.jpg?resize=350%2C200&ssl=1","width":350,"height":200},"classes":[]},{"id":13240,"url":"https:\/\/www.jornalja.com.br\/arquivo\/plano-diretor-estamos-construindo-o-caos\/","url_meta":{"origin":49353,"position":3},"title":"Plano diretor: &quot;Estamos construindo o caos&quot;","author":"Patr\u00edcia Marini","date":"26 de maio de 2014","format":false,"excerpt":"Desabafo que arquiteta Eliana Castilhos, delegada da Regi\u00e3o de Planejamento 1, postou nas redes sociais \u00e9 um testemunho do ambiente que se criou no Conselho do Plano Diretor de Porto Alegre, onde a aprova\u00e7\u00e3o de grandes empreendimentos \u00e9 empurrada guela abaixo dos conselheiros. Ao CMDUA Como delegada da Regi\u00e3o de\u2026","rel":"","context":"Em &quot;Geral&quot;","block_context":{"text":"Geral","link":"https:\/\/www.jornalja.com.br\/arquivo\/category\/geral\/"},"img":{"alt_text":"","src":"","width":0,"height":0},"classes":[]},{"id":13109,"url":"https:\/\/www.jornalja.com.br\/arquivo\/judiciario-reconhece-poluicao-eletromagnetica\/","url_meta":{"origin":49353,"position":4},"title":"Judici\u00e1rio reconhece polui\u00e7\u00e3o eletromagn\u00e9tica","author":"Patr\u00edcia Marini","date":"16 de maio de 2014","format":false,"excerpt":"A\u00e7\u00e3o de duas associa\u00e7\u00f5es de moradores foi acolhida pelo Tribunal de Justi\u00e7a de S\u00e3o Paulo que. em decis\u00e3o in\u00e9dita, determinou a redu\u00e7\u00e3o do campo eletromagn\u00e9tico gerado pelas linhas de transmiss\u00e3o de energia que cortam os bairros City Boa\u00e7ava e Alto de Pinheiros. \u00c9 a primeira vez que um tribunal do\u2026","rel":"","context":"Em &quot;X.Categorias velhas&quot;","block_context":{"text":"X.Categorias velhas","link":"https:\/\/www.jornalja.com.br\/arquivo\/category\/x-categorias-velhas\/"},"img":{"alt_text":"","src":"","width":0,"height":0},"classes":[]},{"id":1280,"url":"https:\/\/www.jornalja.com.br\/arquivo\/o-menino-que-se-tornou-brizola\/","url_meta":{"origin":49353,"position":5},"title":"O Menino que se Tornou Brizola","author":"da Reda\u00e7\u00e3o","date":"28 de julho de 2008","format":false,"excerpt":"Autor: Cleber Dioni A vida de Leonel Brizola, com \u00eanfase para os primeiros anos em Porto Alegre, at\u00e9 o ex\u00edlio no Uruguai e a volta, quinze anos depois. \u00a0\"...\u00c9ramos todos jovens e nos identific\u00e1vamos com aquela massa an\u00f4nima a percorrer as ruas de Porto Alegre, gritando 'Get\u00falio', 'Get\u00falio' e empunhando\u2026","rel":"","context":"Em &quot;Livros&quot;","block_context":{"text":"Livros","link":"https:\/\/www.jornalja.com.br\/arquivo\/category\/livros\/"},"img":{"alt_text":"","src":"https:\/\/i0.wp.com\/www.jornalja.com.br\/wp-content\/uploads\/2008\/07\/brizola.gif?resize=350%2C200&ssl=1","width":350,"height":200},"classes":[]}],"jetpack_shortlink":"https:\/\/wp.me\/pbQjBd-cQ1","jetpack_featured_media_url":"","_links":{"self":[{"href":"https:\/\/www.jornalja.com.br\/arquivo\/wp-json\/wp\/v2\/posts\/49353","targetHints":{"allow":["GET"]}}],"collection":[{"href":"https:\/\/www.jornalja.com.br\/arquivo\/wp-json\/wp\/v2\/posts"}],"about":[{"href":"https:\/\/www.jornalja.com.br\/arquivo\/wp-json\/wp\/v2\/types\/post"}],"author":[{"embeddable":true,"href":"https:\/\/www.jornalja.com.br\/arquivo\/wp-json\/wp\/v2\/users\/4"}],"replies":[{"embeddable":true,"href":"https:\/\/www.jornalja.com.br\/arquivo\/wp-json\/wp\/v2\/comments?post=49353"}],"version-history":[{"count":0,"href":"https:\/\/www.jornalja.com.br\/arquivo\/wp-json\/wp\/v2\/posts\/49353\/revisions"}],"wp:attachment":[{"href":"https:\/\/www.jornalja.com.br\/arquivo\/wp-json\/wp\/v2\/media?parent=49353"}],"wp:term":[{"taxonomy":"category","embeddable":true,"href":"https:\/\/www.jornalja.com.br\/arquivo\/wp-json\/wp\/v2\/categories?post=49353"},{"taxonomy":"post_tag","embeddable":true,"href":"https:\/\/www.jornalja.com.br\/arquivo\/wp-json\/wp\/v2\/tags?post=49353"}],"curies":[{"name":"wp","href":"https:\/\/api.w.org\/{rel}","templated":true}]}}