{"id":49359,"date":"2017-06-02T19:31:29","date_gmt":"2017-06-02T22:31:29","guid":{"rendered":"https:\/\/www.jornalja.com.br\/?p=49359"},"modified":"2017-06-02T19:31:29","modified_gmt":"2017-06-02T22:31:29","slug":"cartas-na-rua-lanca-seu-segundo-disco-neste-domingo","status":"publish","type":"post","link":"https:\/\/www.jornalja.com.br\/arquivo\/cartas-na-rua-lanca-seu-segundo-disco-neste-domingo\/","title":{"rendered":"Cartas na Rua lan\u00e7a seu segundo disco neste domingo"},"content":{"rendered":"<p>Dia de chuva \u00e9 dia de ficar em casa, ensaiando e preparando os espet\u00e1culos para os dias secos. Este \u00e9 um dos primeiros aprendizados de quem faz arte na rua. Os guris da Cartas na Rua sabem bem disso. H\u00e1 quase um m\u00eas, eles tentam lan\u00e7ar seu mais novo trabalho, Cartas na Rua &#8211; Volume II. Por\u00e9m, com a chuva que tem ca\u00eddo em Porto Alegre, o lan\u00e7amento vem sendo adiado.<br \/>\nNeste domingo, a banda lan\u00e7a o segundo disco a partir do meio dia, no Parque da Reden\u00e7\u00e3o. Eles se apresenta junto \u00e0 Jos\u00e9 Bonif\u00e1cio, embaixo de alguma \u00e1rvore, entre o Monumento ao Expedicion\u00e1rio e a avenida Osvaldo Aranha, local que ocupam todos os finais de semana.<br \/>\nIsso se n\u00e3o chover, \u00e9 claro. Em caso de chuva, o evento fica automaticamente adiado para o domingo seguinte.<br \/>\nO novo disco cont\u00e9m 10 can\u00e7\u00f5es, sendo duas autorais e as demais s\u00e3o releituras de cl\u00e1ssicos do folk, country, rock e bluegrass. O disco custa 15 reais e poder\u00e1 ser adquirido diretamente com a banda ou na Casa Musgo, na rua Vieira de Castro. Ainda este ano, a banda pretende gravar um terceiro disco, somente de m\u00fasicas pr\u00f3prias.<br \/>\nA Cartas na Rua surgiu a partir da banda Cartas para Bill. O disco autoral estava pronto para ser gravado quando o baterista saiu. Lester Borges e Marcelo da Luz j\u00e1 tinham a ideia de criar um projeto de rua e acabaram incluindo Pedro Ourique e Jean Kartabil. H\u00e1 cerca de um ano e meio, a banda vem se apresentando nas ruas de Porto Alegre e de outras cidades ga\u00fachas como Canoas, Novo Hamburgo. Em agosto passado, foram para S\u00e3o Paulo para uma temporada de um m\u00eas.<br \/>\n\u201cFomos para S\u00e3o Paulo sem ter nada marcado. No final do ano, voltamos para l\u00e1 com shows agendados e ficamos ainda um m\u00eas no Rio de janeiro\u201d, conta o m\u00fasico Jean Kartabil.<br \/>\nO trabalho com m\u00fasica era uma atividade de final de semana, todos tinham outros empregos. Desde que passaram a se apresentar na rua, eles deixaram as outras atividades e garantem que vivem disso. A facilidade em se apresentar nos mais diversos locais ajuda. \u201cA gente consegue ter essa liberdade de chegar, achar um cantinho, montar nossas coisas e fazer o show em qualquer lugar\u201d, explica Jean.<br \/>\nOs repetidos adiamentos em fun\u00e7\u00e3o da chuva j\u00e1 virou piada entre os m\u00fasicos. No evento criado no facebook, eles postaram esquetes do canal de humor Porta dos Fundos que t\u00eam como tema a previs\u00e3o do tempo. Da mesma forma que a rua permite que os artistas trabalhem por conta pr\u00f3pria e sejam remunerados diretamente pelo p\u00fablico, nos per\u00edodos de chuva n\u00e3o tem cach\u00ea.<br \/>\n\u201cTomara que n\u00e3o chova porque a gente est\u00e1 h\u00e1 duas semanas comendo Miojo\u201d, brinca Jean.<\/p>\n","protected":false},"excerpt":{"rendered":"<p>Dia de chuva \u00e9 dia de ficar em casa, ensaiando e preparando os espet\u00e1culos para os dias secos. Este \u00e9 um dos primeiros aprendizados de quem faz arte na rua. Os guris da Cartas na Rua sabem bem disso. H\u00e1 quase um m\u00eas, eles tentam lan\u00e7ar seu mais novo trabalho, Cartas na Rua &#8211; Volume [&hellip;]<\/p>\n","protected":false},"author":4,"featured_media":49360,"comment_status":"open","ping_status":"closed","sticky":false,"template":"","format":"standard","meta":{"_jetpack_newsletter_access":"","_jetpack_dont_email_post_to_subs":false,"_jetpack_newsletter_tier_id":0,"_jetpack_memberships_contains_paywalled_content":false,"_jetpack_feature_clip_id":0,"_jetpack_memberships_contains_paid_content":false,"footnotes":"","jetpack_post_was_ever_published":false},"categories":[11],"tags":[],"class_list":["post-49359","post","type-post","status-publish","format-standard","has-post-thumbnail","hentry","category-materiasecundaria"],"aioseo_notices":[],"aioseo_head":"\n\t\t<!-- All in One SEO 5.0.1.1 - aioseo.com -->\n\t<meta name=\"robots\" content=\"max-image-preview:large\" \/>\n\t<meta name=\"author\" content=\"da Reda\u00e7\u00e3o\"\/>\n\t<link rel=\"canonical\" href=\"https:\/\/www.jornalja.com.br\/arquivo\/cartas-na-rua-lanca-seu-segundo-disco-neste-domingo\/\" \/>\n\t<meta name=\"generator\" content=\"All in One SEO (AIOSEO) 5.0.1.1\" \/>\n\t\t<meta property=\"og:locale\" content=\"pt_BR\" \/>\n\t\t<meta property=\"og:site_name\" content=\"Arquivo | Jornal J\u00c1 | Porto Alegre\" \/>\n\t\t<meta property=\"og:type\" content=\"article\" \/>\n\t\t<meta property=\"og:title\" content=\"Cartas na Rua lan\u00e7a seu segundo disco neste domingo | Arquivo\" \/>\n\t\t<meta property=\"og:url\" content=\"https:\/\/www.jornalja.com.br\/arquivo\/cartas-na-rua-lanca-seu-segundo-disco-neste-domingo\/\" \/>\n\t\t<meta property=\"og:image\" content=\"https:\/\/www.jornalja.com.br\/economics\/wp-content\/uploads\/sites\/11\/2026\/08\/ja-folhaderosto-facebook.jpg\" \/>\n\t\t<meta property=\"og:image:secure_url\" content=\"https:\/\/www.jornalja.com.br\/economics\/wp-content\/uploads\/sites\/11\/2026\/08\/ja-folhaderosto-facebook.jpg\" \/>\n\t\t<meta property=\"article:published_time\" content=\"2017-06-02T22:31:29+00:00\" \/>\n\t\t<meta property=\"article:modified_time\" content=\"2017-06-02T22:31:29+00:00\" \/>\n\t\t<meta name=\"twitter:card\" content=\"summary\" \/>\n\t\t<meta name=\"twitter:title\" content=\"Cartas na Rua lan\u00e7a seu segundo disco neste domingo | Arquivo\" \/>\n\t\t<meta name=\"twitter:image\" content=\"https:\/\/www.jornalja.com.br\/economics\/wp-content\/uploads\/sites\/11\/2026\/08\/ja-folhaderosto-facebook.jpg\" \/>\n\t\t<script type=\"application\/ld+json\" class=\"aioseo-schema\">\n\t\t\t{\"@context\":\"https:\\\/\\\/schema.org\",\"@graph\":[{\"@type\":\"BlogPosting\",\"@id\":\"https:\\\/\\\/www.jornalja.com.br\\\/arquivo\\\/cartas-na-rua-lanca-seu-segundo-disco-neste-domingo\\\/#blogposting\",\"name\":\"Cartas na Rua lan\\u00e7a seu segundo disco neste domingo | Arquivo\",\"headline\":\"Cartas na Rua lan\\u00e7a seu segundo disco neste domingo\",\"author\":{\"@id\":\"https:\\\/\\\/www.jornalja.com.br\\\/arquivo\\\/author\\\/daredacao\\\/#author\"},\"publisher\":{\"@id\":\"https:\\\/\\\/www.jornalja.com.br\\\/arquivo\\\/#organization\"},\"image\":{\"@type\":\"ImageObject\",\"url\":49360},\"datePublished\":\"2017-06-02T19:31:29-03:00\",\"dateModified\":\"2017-06-02T19:31:29-03:00\",\"inLanguage\":\"pt-BR\",\"mainEntityOfPage\":{\"@id\":\"https:\\\/\\\/www.jornalja.com.br\\\/arquivo\\\/cartas-na-rua-lanca-seu-segundo-disco-neste-domingo\\\/#webpage\"},\"isPartOf\":{\"@id\":\"https:\\\/\\\/www.jornalja.com.br\\\/arquivo\\\/cartas-na-rua-lanca-seu-segundo-disco-neste-domingo\\\/#webpage\"},\"articleSection\":\"Cultura-Geral\"},{\"@type\":\"BreadcrumbList\",\"@id\":\"https:\\\/\\\/www.jornalja.com.br\\\/arquivo\\\/cartas-na-rua-lanca-seu-segundo-disco-neste-domingo\\\/#breadcrumblist\",\"itemListElement\":[{\"@type\":\"ListItem\",\"@id\":\"https:\\\/\\\/www.jornalja.com.br\\\/arquivo#listItem\",\"position\":1,\"name\":\"Home\",\"item\":\"https:\\\/\\\/www.jornalja.com.br\\\/arquivo\",\"nextItem\":{\"@type\":\"ListItem\",\"@id\":\"https:\\\/\\\/www.jornalja.com.br\\\/arquivo\\\/category\\\/materiasecundaria\\\/#listItem\",\"name\":\"Cultura-Geral\"}},{\"@type\":\"ListItem\",\"@id\":\"https:\\\/\\\/www.jornalja.com.br\\\/arquivo\\\/category\\\/materiasecundaria\\\/#listItem\",\"position\":2,\"name\":\"Cultura-Geral\",\"item\":\"https:\\\/\\\/www.jornalja.com.br\\\/arquivo\\\/category\\\/materiasecundaria\\\/\",\"nextItem\":{\"@type\":\"ListItem\",\"@id\":\"https:\\\/\\\/www.jornalja.com.br\\\/arquivo\\\/cartas-na-rua-lanca-seu-segundo-disco-neste-domingo\\\/#listItem\",\"name\":\"Cartas na Rua lan\\u00e7a seu segundo disco neste domingo\"},\"previousItem\":{\"@type\":\"ListItem\",\"@id\":\"https:\\\/\\\/www.jornalja.com.br\\\/arquivo#listItem\",\"name\":\"Home\"}},{\"@type\":\"ListItem\",\"@id\":\"https:\\\/\\\/www.jornalja.com.br\\\/arquivo\\\/cartas-na-rua-lanca-seu-segundo-disco-neste-domingo\\\/#listItem\",\"position\":3,\"name\":\"Cartas na Rua lan\\u00e7a seu segundo disco neste domingo\",\"previousItem\":{\"@type\":\"ListItem\",\"@id\":\"https:\\\/\\\/www.jornalja.com.br\\\/arquivo\\\/category\\\/materiasecundaria\\\/#listItem\",\"name\":\"Cultura-Geral\"}}]},{\"@type\":\"Organization\",\"@id\":\"https:\\\/\\\/www.jornalja.com.br\\\/arquivo\\\/#organization\",\"name\":\"Jornal J\\u00c1\",\"description\":\"Jornal J\\u00c1 | Porto Alegre\",\"url\":\"https:\\\/\\\/www.jornalja.com.br\\\/arquivo\\\/\",\"telephone\":\"+555133307272\",\"logo\":{\"@type\":\"ImageObject\",\"url\":\"https:\\\/\\\/www.jornalja.com.br\\\/wp-content\\\/uploads\\\/cards\\\/JAslogan.png\",\"@id\":\"https:\\\/\\\/www.jornalja.com.br\\\/arquivo\\\/cartas-na-rua-lanca-seu-segundo-disco-neste-domingo\\\/#organizationLogo\"},\"image\":{\"@id\":\"https:\\\/\\\/www.jornalja.com.br\\\/arquivo\\\/cartas-na-rua-lanca-seu-segundo-disco-neste-domingo\\\/#organizationLogo\"}},{\"@type\":\"Person\",\"@id\":\"https:\\\/\\\/www.jornalja.com.br\\\/arquivo\\\/author\\\/daredacao\\\/#author\",\"url\":\"https:\\\/\\\/www.jornalja.com.br\\\/arquivo\\\/author\\\/daredacao\\\/\",\"name\":\"da Reda\\u00e7\\u00e3o\",\"image\":{\"@type\":\"ImageObject\",\"@id\":\"https:\\\/\\\/www.jornalja.com.br\\\/arquivo\\\/cartas-na-rua-lanca-seu-segundo-disco-neste-domingo\\\/#authorImage\",\"url\":\"https:\\\/\\\/secure.gravatar.com\\\/avatar\\\/469fd857d6605ad19919d27ed29d35a968a25f6e8fd9318356bbb7f57aae9c65?s=96&d=mm&r=g\",\"width\":96,\"height\":96,\"caption\":\"da Reda\\u00e7\\u00e3o\"}},{\"@type\":\"WebPage\",\"@id\":\"https:\\\/\\\/www.jornalja.com.br\\\/arquivo\\\/cartas-na-rua-lanca-seu-segundo-disco-neste-domingo\\\/#webpage\",\"url\":\"https:\\\/\\\/www.jornalja.com.br\\\/arquivo\\\/cartas-na-rua-lanca-seu-segundo-disco-neste-domingo\\\/\",\"name\":\"Cartas na Rua lan\\u00e7a seu segundo disco neste domingo | Arquivo\",\"inLanguage\":\"pt-BR\",\"isPartOf\":{\"@id\":\"https:\\\/\\\/www.jornalja.com.br\\\/arquivo\\\/#website\"},\"breadcrumb\":{\"@id\":\"https:\\\/\\\/www.jornalja.com.br\\\/arquivo\\\/cartas-na-rua-lanca-seu-segundo-disco-neste-domingo\\\/#breadcrumblist\"},\"author\":{\"@id\":\"https:\\\/\\\/www.jornalja.com.br\\\/arquivo\\\/author\\\/daredacao\\\/#author\"},\"creator\":{\"@id\":\"https:\\\/\\\/www.jornalja.com.br\\\/arquivo\\\/author\\\/daredacao\\\/#author\"},\"image\":{\"@type\":\"ImageObject\",\"url\":49360,\"@id\":\"https:\\\/\\\/www.jornalja.com.br\\\/arquivo\\\/cartas-na-rua-lanca-seu-segundo-disco-neste-domingo\\\/#mainImage\"},\"primaryImageOfPage\":{\"@id\":\"https:\\\/\\\/www.jornalja.com.br\\\/arquivo\\\/cartas-na-rua-lanca-seu-segundo-disco-neste-domingo\\\/#mainImage\"},\"datePublished\":\"2017-06-02T19:31:29-03:00\",\"dateModified\":\"2017-06-02T19:31:29-03:00\"},{\"@type\":\"WebSite\",\"@id\":\"https:\\\/\\\/www.jornalja.com.br\\\/arquivo\\\/#website\",\"url\":\"https:\\\/\\\/www.jornalja.com.br\\\/arquivo\\\/\",\"name\":\"Arquivo\",\"description\":\"Jornal J\\u00c1 | Porto Alegre\",\"inLanguage\":\"pt-BR\",\"publisher\":{\"@id\":\"https:\\\/\\\/www.jornalja.com.br\\\/arquivo\\\/#organization\"}}]}\n\t\t<\/script>\n\t\t<!-- All in One SEO -->\n\n","aioseo_head_json":{"title":"Cartas na Rua lan\u00e7a seu segundo disco neste domingo | Arquivo","description":"","canonical_url":"https:\/\/www.jornalja.com.br\/arquivo\/cartas-na-rua-lanca-seu-segundo-disco-neste-domingo\/","robots":"max-image-preview:large","keywords":"","webmasterTools":{"miscellaneous":""},"schema":{"@context":"https:\/\/schema.org","@graph":[{"@type":"BlogPosting","@id":"https:\/\/www.jornalja.com.br\/arquivo\/cartas-na-rua-lanca-seu-segundo-disco-neste-domingo\/#blogposting","name":"Cartas na Rua lan\u00e7a seu segundo disco neste domingo | Arquivo","headline":"Cartas na Rua lan\u00e7a seu segundo disco neste domingo","author":{"@id":"https:\/\/www.jornalja.com.br\/arquivo\/author\/daredacao\/#author"},"publisher":{"@id":"https:\/\/www.jornalja.com.br\/arquivo\/#organization"},"image":{"@type":"ImageObject","url":49360},"datePublished":"2017-06-02T19:31:29-03:00","dateModified":"2017-06-02T19:31:29-03:00","inLanguage":"pt-BR","mainEntityOfPage":{"@id":"https:\/\/www.jornalja.com.br\/arquivo\/cartas-na-rua-lanca-seu-segundo-disco-neste-domingo\/#webpage"},"isPartOf":{"@id":"https:\/\/www.jornalja.com.br\/arquivo\/cartas-na-rua-lanca-seu-segundo-disco-neste-domingo\/#webpage"},"articleSection":"Cultura-Geral"},{"@type":"BreadcrumbList","@id":"https:\/\/www.jornalja.com.br\/arquivo\/cartas-na-rua-lanca-seu-segundo-disco-neste-domingo\/#breadcrumblist","itemListElement":[{"@type":"ListItem","@id":"https:\/\/www.jornalja.com.br\/arquivo#listItem","position":1,"name":"Home","item":"https:\/\/www.jornalja.com.br\/arquivo","nextItem":{"@type":"ListItem","@id":"https:\/\/www.jornalja.com.br\/arquivo\/category\/materiasecundaria\/#listItem","name":"Cultura-Geral"}},{"@type":"ListItem","@id":"https:\/\/www.jornalja.com.br\/arquivo\/category\/materiasecundaria\/#listItem","position":2,"name":"Cultura-Geral","item":"https:\/\/www.jornalja.com.br\/arquivo\/category\/materiasecundaria\/","nextItem":{"@type":"ListItem","@id":"https:\/\/www.jornalja.com.br\/arquivo\/cartas-na-rua-lanca-seu-segundo-disco-neste-domingo\/#listItem","name":"Cartas na Rua lan\u00e7a seu segundo disco neste domingo"},"previousItem":{"@type":"ListItem","@id":"https:\/\/www.jornalja.com.br\/arquivo#listItem","name":"Home"}},{"@type":"ListItem","@id":"https:\/\/www.jornalja.com.br\/arquivo\/cartas-na-rua-lanca-seu-segundo-disco-neste-domingo\/#listItem","position":3,"name":"Cartas na Rua lan\u00e7a seu segundo disco neste domingo","previousItem":{"@type":"ListItem","@id":"https:\/\/www.jornalja.com.br\/arquivo\/category\/materiasecundaria\/#listItem","name":"Cultura-Geral"}}]},{"@type":"Organization","@id":"https:\/\/www.jornalja.com.br\/arquivo\/#organization","name":"Jornal J\u00c1","description":"Jornal J\u00c1 | Porto Alegre","url":"https:\/\/www.jornalja.com.br\/arquivo\/","telephone":"+555133307272","logo":{"@type":"ImageObject","url":"https:\/\/www.jornalja.com.br\/wp-content\/uploads\/cards\/JAslogan.png","@id":"https:\/\/www.jornalja.com.br\/arquivo\/cartas-na-rua-lanca-seu-segundo-disco-neste-domingo\/#organizationLogo"},"image":{"@id":"https:\/\/www.jornalja.com.br\/arquivo\/cartas-na-rua-lanca-seu-segundo-disco-neste-domingo\/#organizationLogo"}},{"@type":"Person","@id":"https:\/\/www.jornalja.com.br\/arquivo\/author\/daredacao\/#author","url":"https:\/\/www.jornalja.com.br\/arquivo\/author\/daredacao\/","name":"da Reda\u00e7\u00e3o","image":{"@type":"ImageObject","@id":"https:\/\/www.jornalja.com.br\/arquivo\/cartas-na-rua-lanca-seu-segundo-disco-neste-domingo\/#authorImage","url":"https:\/\/secure.gravatar.com\/avatar\/469fd857d6605ad19919d27ed29d35a968a25f6e8fd9318356bbb7f57aae9c65?s=96&d=mm&r=g","width":96,"height":96,"caption":"da Reda\u00e7\u00e3o"}},{"@type":"WebPage","@id":"https:\/\/www.jornalja.com.br\/arquivo\/cartas-na-rua-lanca-seu-segundo-disco-neste-domingo\/#webpage","url":"https:\/\/www.jornalja.com.br\/arquivo\/cartas-na-rua-lanca-seu-segundo-disco-neste-domingo\/","name":"Cartas na Rua lan\u00e7a seu segundo disco neste domingo | Arquivo","inLanguage":"pt-BR","isPartOf":{"@id":"https:\/\/www.jornalja.com.br\/arquivo\/#website"},"breadcrumb":{"@id":"https:\/\/www.jornalja.com.br\/arquivo\/cartas-na-rua-lanca-seu-segundo-disco-neste-domingo\/#breadcrumblist"},"author":{"@id":"https:\/\/www.jornalja.com.br\/arquivo\/author\/daredacao\/#author"},"creator":{"@id":"https:\/\/www.jornalja.com.br\/arquivo\/author\/daredacao\/#author"},"image":{"@type":"ImageObject","url":49360,"@id":"https:\/\/www.jornalja.com.br\/arquivo\/cartas-na-rua-lanca-seu-segundo-disco-neste-domingo\/#mainImage"},"primaryImageOfPage":{"@id":"https:\/\/www.jornalja.com.br\/arquivo\/cartas-na-rua-lanca-seu-segundo-disco-neste-domingo\/#mainImage"},"datePublished":"2017-06-02T19:31:29-03:00","dateModified":"2017-06-02T19:31:29-03:00"},{"@type":"WebSite","@id":"https:\/\/www.jornalja.com.br\/arquivo\/#website","url":"https:\/\/www.jornalja.com.br\/arquivo\/","name":"Arquivo","description":"Jornal J\u00c1 | Porto Alegre","inLanguage":"pt-BR","publisher":{"@id":"https:\/\/www.jornalja.com.br\/arquivo\/#organization"}}]},"og:locale":"pt_BR","og:site_name":"Arquivo | Jornal J\u00c1 | Porto Alegre","og:type":"article","og:title":"Cartas na Rua lan\u00e7a seu segundo disco neste domingo | Arquivo","og:url":"https:\/\/www.jornalja.com.br\/arquivo\/cartas-na-rua-lanca-seu-segundo-disco-neste-domingo\/","og:image":"https:\/\/www.jornalja.com.br\/economics\/wp-content\/uploads\/sites\/11\/2026\/08\/ja-folhaderosto-facebook.jpg","og:image:secure_url":"https:\/\/www.jornalja.com.br\/economics\/wp-content\/uploads\/sites\/11\/2026\/08\/ja-folhaderosto-facebook.jpg","article:published_time":"2017-06-02T22:31:29+00:00","article:modified_time":"2017-06-02T22:31:29+00:00","twitter:card":"summary","twitter:title":"Cartas na Rua lan\u00e7a seu segundo disco neste domingo | Arquivo","twitter:image":"https:\/\/www.jornalja.com.br\/economics\/wp-content\/uploads\/sites\/11\/2026\/08\/ja-folhaderosto-facebook.jpg"},"aioseo_meta_data":{"post_id":"49359","title":null,"description":null,"keywords":null,"keyphrases":null,"primary_term":null,"canonical_url":null,"og_title":null,"og_description":null,"og_object_type":"default","og_image_type":"default","og_image_url":null,"og_image_width":null,"og_image_height":null,"og_image_custom_url":null,"og_image_custom_fields":null,"og_video":null,"og_custom_url":null,"og_article_section":null,"og_article_tags":null,"twitter_use_og":false,"twitter_card":"default","twitter_image_type":"default","twitter_image_url":null,"twitter_image_custom_url":null,"twitter_image_custom_fields":null,"twitter_title":null,"twitter_description":null,"schema":{"blockGraphs":[],"customGraphs":[],"default":{"data":{"Article":[],"Course":[],"Dataset":[],"FAQPage":[],"Movie":[],"Person":[],"Product":[],"ProductReview":[],"Car":[],"Recipe":[],"Service":[],"SoftwareApplication":[],"WebPage":[]},"graphName":"","isEnabled":true},"graphs":[],"defaultGraph":"","defaultPostTypeGraph":""},"schema_type":null,"schema_type_options":null,"pillar_content":false,"robots_default":true,"robots_noindex":false,"robots_noarchive":false,"robots_nosnippet":false,"robots_nofollow":false,"robots_noimageindex":false,"robots_noodp":false,"robots_notranslate":false,"robots_max_snippet":null,"robots_max_videopreview":null,"robots_max_imagepreview":"large","priority":null,"frequency":null,"location":null,"local_seo":null,"breadcrumb_settings":null,"limit_modified_date":false,"ai":null,"created":"2020-12-20 20:32:48","updated":"2025-07-19 21:56:13","seo_analyzer_scan_date":null,"focus_keyword":null,"additional_keywords":null,"truseo_locale":null},"jetpack_sharing_enabled":true,"jetpack-related-posts":[{"id":13124,"url":"https:\/\/www.jornalja.com.br\/arquivo\/sangue-latino-no-iecine\/","url_meta":{"origin":49359,"position":0},"title":"Sangue latino no IECINE","author":"da Reda\u00e7\u00e3o","date":"18 de maio de 2014","format":false,"excerpt":"Francisco Ribeiro O Instituto Estadual de Cinema (IECINE) tem a frente, desde abril \u00faltimo, um novo diretor, o cineasta colombiano Juan Zapata, 36, que substitui Luiz Alberto Cassol. Radicado h\u00e1 dez anos em Porto Alegre, Zapata tem diante de si o desafio de conduzir at\u00e9 o final do ano um\u2026","rel":"","context":"Em &quot;Cultura-Geral&quot;","block_context":{"text":"Cultura-Geral","link":"https:\/\/www.jornalja.com.br\/arquivo\/category\/materiasecundaria\/"},"img":{"alt_text":"","src":"","width":0,"height":0},"classes":[]},{"id":13101,"url":"https:\/\/www.jornalja.com.br\/arquivo\/morre-um-guerreiro-do-texto\/","url_meta":{"origin":49359,"position":1},"title":"Morre um guerreiro do texto","author":"Patr\u00edcia Marini","date":"14 de maio de 2014","format":false,"excerpt":"Por Ricardo Kotscho Reproduzido do blog do autor, 11\/5\/2014; t\u00edtulo original \u201cE l\u00e1 se foi o nosso Myltainho, guerreiro do texto\u201d. Mi\u00fado e franzino, meu amigo Myltainho era um valente e inconformado guerreiro na luta contra as injusti\u00e7as sociais, a hipocrisia, as maracutaias, o autoritarismo, a intoler\u00e2ncia, a viol\u00eancia, o\u2026","rel":"","context":"Em &quot;Geral&quot;","block_context":{"text":"Geral","link":"https:\/\/www.jornalja.com.br\/arquivo\/category\/geral\/"},"img":{"alt_text":"","src":"","width":0,"height":0},"classes":[]},{"id":5440,"url":"https:\/\/www.jornalja.com.br\/arquivo\/casarao-da-venancio-destino-permanece-incerto\/","url_meta":{"origin":49359,"position":2},"title":"Estado ainda n\u00e3o sabe o que fazer com casar\u00e3o abandonado h\u00e1 20 anos","author":"Elmar Bones","date":"6 de julho de 2009","format":false,"excerpt":"O casar\u00e3o amarelo, numa esquina nobre de Porto Alegre (Ven\u00e2ncio Aires com Jo\u00e3o Pessoa), j\u00e1 abrigou uma escola. H\u00e1 duas d\u00e9cadas, pelo menos, est\u00e1 abandonado, porque seu propriet\u00e1rio, o governo do Estado do Rio Grande do Sul, n\u00e3o consegue achar um destino para ele. Planos n\u00e3o faltaram. O governador Ol\u00edvio\u2026","rel":"","context":"Em &quot;X.Categorias velhas&quot;","block_context":{"text":"X.Categorias velhas","link":"https:\/\/www.jornalja.com.br\/arquivo\/category\/x-categorias-velhas\/"},"img":{"alt_text":"geraldo1","src":"https:\/\/i0.wp.com\/www.jornalja.com.br\/wp-content\/uploads\/2009\/07\/geraldo1.jpg?resize=350%2C200&ssl=1","width":350,"height":200},"classes":[]},{"id":13240,"url":"https:\/\/www.jornalja.com.br\/arquivo\/plano-diretor-estamos-construindo-o-caos\/","url_meta":{"origin":49359,"position":3},"title":"Plano diretor: &quot;Estamos construindo o caos&quot;","author":"Patr\u00edcia Marini","date":"26 de maio de 2014","format":false,"excerpt":"Desabafo que arquiteta Eliana Castilhos, delegada da Regi\u00e3o de Planejamento 1, postou nas redes sociais \u00e9 um testemunho do ambiente que se criou no Conselho do Plano Diretor de Porto Alegre, onde a aprova\u00e7\u00e3o de grandes empreendimentos \u00e9 empurrada guela abaixo dos conselheiros. Ao CMDUA Como delegada da Regi\u00e3o de\u2026","rel":"","context":"Em &quot;Geral&quot;","block_context":{"text":"Geral","link":"https:\/\/www.jornalja.com.br\/arquivo\/category\/geral\/"},"img":{"alt_text":"","src":"","width":0,"height":0},"classes":[]},{"id":14241,"url":"https:\/\/www.jornalja.com.br\/arquivo\/o-guaiba-nas-imagens-poeticas-de-achutti\/","url_meta":{"origin":49359,"position":4},"title":"O Gua\u00edba nas imagens po\u00e9ticas de Achutti","author":"da Reda\u00e7\u00e3o","date":"18 de junho de 2014","format":false,"excerpt":"Em \u201cO Gua\u00edba por Achutti\u201d \u2013 obra financiada via Minist\u00e9rio da Cultura, produ\u00e7\u00e3o executiva de Pedro Longhi, e Fl\u00e1vio Wild como designer \u2013, o fot\u00f3grafo revela a beleza e as mazelas de um espa\u00e7o aqu\u00e1tico de \u00e1guas sempre renovadas, cheio de hist\u00f3rias e lendas como as das cidades que foram\u2026","rel":"","context":"Em &quot;Cultura-Geral&quot;","block_context":{"text":"Cultura-Geral","link":"https:\/\/www.jornalja.com.br\/arquivo\/category\/materiasecundaria\/"},"img":{"alt_text":"","src":"","width":0,"height":0},"classes":[]}],"jetpack_shortlink":"https:\/\/wp.me\/pbQjBd-cQ7","jetpack_featured_media_url":"","_links":{"self":[{"href":"https:\/\/www.jornalja.com.br\/arquivo\/wp-json\/wp\/v2\/posts\/49359","targetHints":{"allow":["GET"]}}],"collection":[{"href":"https:\/\/www.jornalja.com.br\/arquivo\/wp-json\/wp\/v2\/posts"}],"about":[{"href":"https:\/\/www.jornalja.com.br\/arquivo\/wp-json\/wp\/v2\/types\/post"}],"author":[{"embeddable":true,"href":"https:\/\/www.jornalja.com.br\/arquivo\/wp-json\/wp\/v2\/users\/4"}],"replies":[{"embeddable":true,"href":"https:\/\/www.jornalja.com.br\/arquivo\/wp-json\/wp\/v2\/comments?post=49359"}],"version-history":[{"count":0,"href":"https:\/\/www.jornalja.com.br\/arquivo\/wp-json\/wp\/v2\/posts\/49359\/revisions"}],"wp:attachment":[{"href":"https:\/\/www.jornalja.com.br\/arquivo\/wp-json\/wp\/v2\/media?parent=49359"}],"wp:term":[{"taxonomy":"category","embeddable":true,"href":"https:\/\/www.jornalja.com.br\/arquivo\/wp-json\/wp\/v2\/categories?post=49359"},{"taxonomy":"post_tag","embeddable":true,"href":"https:\/\/www.jornalja.com.br\/arquivo\/wp-json\/wp\/v2\/tags?post=49359"}],"curies":[{"name":"wp","href":"https:\/\/api.w.org\/{rel}","templated":true}]}}