{"id":49403,"date":"2017-06-02T21:01:03","date_gmt":"2017-06-03T00:01:03","guid":{"rendered":"https:\/\/www.jornalja.com.br\/?p=49403"},"modified":"2017-06-02T21:01:03","modified_gmt":"2017-06-03T00:01:03","slug":"justa-trama-lanca-na-redencao-sua-nova-colecao-de-roupas","status":"publish","type":"post","link":"https:\/\/www.jornalja.com.br\/arquivo\/justa-trama-lanca-na-redencao-sua-nova-colecao-de-roupas\/","title":{"rendered":"Justa Trama lan\u00e7a na Reden\u00e7\u00e3o sua nova cole\u00e7\u00e3o de roupas"},"content":{"rendered":"<p>A Justa Trama \u00e9 muito mais do que uma marca sustent\u00e1vel que faz um desfile de moda na manh\u00e3 deste s\u00e1bado, \u00e0s 10h, na Reden\u00e7\u00e3o, em frente ao Monumento ao Expedicion\u00e1rio.<br \/>\nO que acontece em Porto Alegre \u00e9 a parte final de uma cadeia produtiva\u00a0que envolve cerca de 600 trabalhadores, em cinco estados brasileiros.<br \/>\nO plantio do\u00a0algod\u00e3o agroecol\u00f3gico\u00a0\u00e9 feito por duas associa\u00e7\u00f5es: uma em Tau\u00e1, no Cear\u00e1, e outra em Pontapor\u00e3, no Mato Grosso do Sul.<br \/>\nAs flores de algod\u00e3o s\u00e3o enviadas a Minas Gerais, onde a Cooperativa de Produ\u00e7\u00e3o T\u00eaxtil de Par\u00e1 de Minas (Coopertextil) faz a fia\u00e7\u00e3o e a tecelagem.<br \/>\nDe Porto Velho, capital de Rond\u00f4nia, a Cooperativa A\u00e7a\u00ed \u00a0manda sementes da regi\u00e3o, usadas em adornos das pe\u00e7as e na produ\u00e7\u00e3o de ecojoias.<br \/>\nEm Porto Alegre, a Cooperativa de Costureiras Unidas Venceremos (Univens) faz e comercializa as roupas pela internet. Com as sobras da confec\u00e7\u00e3o, o\u00a0\u00a0\u00a0Coletivo Inovarte cria brinquedos e jogos pedag\u00f3gicos.<br \/>\nA Univens foi criada em 1996, e a Justa Trama existe deste 2005. \u00c9 um projeto consolidado.<br \/>\nDos cerca de 600 trabalhadores pelo pa\u00eds, 60% s\u00e3o mulheres. S\u00e3o\u00a0catadoras de sementes, agricultoras, fiadoras, tecedores, costureiras, artes\u00e3s e assentados\u00a0que trabalham sob os preceitos da economia solid\u00e1ria: equidade de g\u00eanero, inclus\u00e3o social, sustentabilidade e com\u00e9rcio justo.<br \/>\nAssim a Justa Trama tornou-se refer\u00eancia em economia solid\u00e1ria e moda sustent\u00e1vel no Brasil, reconhecida internacionalmente como a rede nacional mais completa do pa\u00eds.<br \/>\n<figure id=\"attachment_49405\" aria-describedby=\"caption-attachment-49405\" style=\"width: 229px\" class=\"wp-caption alignright\"><img loading=\"lazy\" decoding=\"async\" class=\" wp-image-49405\" src=\"https:\/\/www.jornalja.com.br\/wp-content\/uploads\/2017\/06\/Justa-Trama-2017_foto-Dani-Villar_Assessoria-Fotografica.jpg\" alt=\"\" width=\"229\" height=\"158\" \/><figcaption id=\"caption-attachment-49405\" class=\"wp-caption-text\">Cole\u00e7\u00e3o Justa Trama 2017 \/ Foto Dani Villar\/AF<\/figcaption><\/figure><br \/>\nAgora em junho, a Justa Trama lan\u00e7a sua nova cole\u00e7\u00e3o de roupas:\u00a0\u201cModa que envolve: costureiras, artes\u00e3s e sustentabilidade\u201d,\u00a0desenvolvida com o apoio do\u00a0Projeto Empodera,\u00a0do Instituto Renner e Onu Mulheres.<br \/>\nAs roupas s\u00e3o produzidas com\u00a0o algod\u00e3o org\u00e2nico certificado\u00a0e colorido com\u00a0tingimento natural, que preserva totalmente o ambiente.<br \/>\nO resultado desta parceria s\u00e3o roupas confort\u00e1veis, sustent\u00e1veis e em v\u00e1rios estilos. O lan\u00e7amento num\u00a0desfile aberto neste\u00a0s\u00e1bado (3\/6), a partir das 10h, em frente ao\u00a0Monumento Expedicion\u00e1rio, no\u00a0Parque Farroupilha, em Porto Alegre. Quem passar por l\u00e1 poder\u00e1 conferir tamb\u00e9m um show com a\u00a0banda Babitongas\u00a0 (<a href=\"http:\/\/www.facebook.com\/babitongas\">www.facebook.com\/babitongas<\/a>).<br \/>\nPara conhecer e comprar roupas da Justa Trama pelo e-commerce:\u00a0<a href=\"http:\/\/www.justatrama.com.br\/\">www.justatrama.com.br<\/a>.<br \/>\n<em>\u201cO desfile \u00e9 uma forma de trazermos para perto das pessoas, o que conseguimos criar e produzir de forma coletiva. A moda \u00e9 uma escolha. Escolher a justa trama \u00e9 escolher uma roupa que tem o cuidado com o meio ambiente em todo o processo. \u00c9 escolher a natureza, um ambiente saud\u00e1vel. Uma roupa agrad\u00e1vel produzida por m\u00e3os e ideias de quem acredita que a roupa tamb\u00e9m veste sua consci\u00eancia, diz <\/em>Nelsa Ines Fabian Nespolo, uma das fundadoras da cooperativa, que tem sede na Vila Nossa Senhora Aparecida, no\u00a0bairro Sarandi, em Porto Alegre.<br \/>\n<strong>JUSTA TRAMA<\/strong><br \/>\nFazem parte desta cadeia as cooperativas:<\/p>\n<ul>\n<li><strong>Associa\u00e7\u00e3o de Desenvolvimento Cultural e Educacional (ADEC):<\/strong>Plantio do algod\u00e3o org\u00e2nico em Ta\u00faa (CE).<\/li>\n<li><strong>Associa\u00e7\u00e3o da Escola Fam\u00edlia Agr\u00edcola da Fronteira (AEFAF):<\/strong>Plantio do algod\u00e3o org\u00e2nico, em Pontapor\u00e3 (MS)<\/li>\n<li><strong>Cooperativa de Produ\u00e7\u00e3o T\u00eaxtil de Para de Minas (Coopertextil):<\/strong>Fia\u00e7\u00e3o e Tecelagem em Par\u00e1 de Minas (MG)<\/li>\n<li><strong>Cooperativa A\u00e7a\u00ed:<\/strong>Sementes da regi\u00e3o, usadas para ornamenta\u00e7\u00e3o das pe\u00e7as e tamb\u00e9m produ\u00e7\u00e3o de ecojoias, em Porto Velho (RO)<\/li>\n<li><strong>Coletivo Inovarte:<\/strong> Brinquedos e jogos pedag\u00f3gicos com as sobras da confec\u00e7\u00e3o, em Porto Alegre (RS)<\/li>\n<li><strong>Cooperativa Unidas Venceremos (Univens):<\/strong>Confec\u00e7\u00e3o, em Porto Alegre (RS).<br \/>\n<figure id=\"attachment_49406\" aria-describedby=\"caption-attachment-49406\" style=\"width: 138px\" class=\"wp-caption alignleft\"><img loading=\"lazy\" decoding=\"async\" class=\" wp-image-49406\" src=\"https:\/\/www.jornalja.com.br\/wp-content\/uploads\/2017\/06\/181310_107649506040811_1030397784_n.jpg\" alt=\"\" width=\"138\" height=\"138\" \/><figcaption id=\"caption-attachment-49406\" class=\"wp-caption-text\">A Justa Trama \u00e9 uma das atividades da Univens<\/figcaption><\/figure><br \/>\nFoi fundada em Porto Alegre, em maio de 1996, por mulheres entre 18 e 70 anos com o objetivo de promover gera\u00e7\u00e3o de renda e trabalho de forma coletiva. Atualmente a cooperativa tem 22 cooperadas que produzem pe\u00e7as de vestu\u00e1rio como camisetas e uniformes, al\u00e9m da confec\u00e7\u00e3o e gest\u00e3o da comercializa\u00e7\u00e3o das pe\u00e7as da Justa Trama.<\/li>\n<\/ul>\n<p>&nbsp;<\/p>\n","protected":false},"excerpt":{"rendered":"<p>A Justa Trama \u00e9 muito mais do que uma marca sustent\u00e1vel que faz um desfile de moda na manh\u00e3 deste s\u00e1bado, \u00e0s 10h, na Reden\u00e7\u00e3o, em frente ao Monumento ao Expedicion\u00e1rio. O que acontece em Porto Alegre \u00e9 a parte final de uma cadeia produtiva\u00a0que envolve cerca de 600 trabalhadores, em cinco estados brasileiros. O [&hellip;]<\/p>\n","protected":false},"author":4,"featured_media":49404,"comment_status":"open","ping_status":"closed","sticky":false,"template":"","format":"standard","meta":{"_jetpack_newsletter_access":"","_jetpack_dont_email_post_to_subs":false,"_jetpack_newsletter_tier_id":0,"_jetpack_memberships_contains_paywalled_content":false,"_jetpack_feature_clip_id":0,"_jetpack_memberships_contains_paid_content":false,"footnotes":"","jetpack_post_was_ever_published":false},"categories":[26],"tags":[],"class_list":["post-49403","post","type-post","status-publish","format-standard","has-post-thumbnail","hentry","category-geral"],"aioseo_notices":[],"aioseo_head":"\n\t\t<!-- All in One SEO 5.0.1.1 - aioseo.com -->\n\t<meta name=\"robots\" content=\"max-image-preview:large\" \/>\n\t<meta name=\"author\" content=\"da Reda\u00e7\u00e3o\"\/>\n\t<link rel=\"canonical\" href=\"https:\/\/www.jornalja.com.br\/arquivo\/justa-trama-lanca-na-redencao-sua-nova-colecao-de-roupas\/\" \/>\n\t<meta name=\"generator\" content=\"All in One SEO (AIOSEO) 5.0.1.1\" \/>\n\t\t<meta property=\"og:locale\" content=\"pt_BR\" \/>\n\t\t<meta property=\"og:site_name\" content=\"Arquivo | Jornal J\u00c1 | Porto Alegre\" \/>\n\t\t<meta property=\"og:type\" content=\"article\" \/>\n\t\t<meta property=\"og:title\" content=\"Justa Trama lan\u00e7a na Reden\u00e7\u00e3o sua nova cole\u00e7\u00e3o de roupas | Arquivo\" \/>\n\t\t<meta property=\"og:url\" content=\"https:\/\/www.jornalja.com.br\/arquivo\/justa-trama-lanca-na-redencao-sua-nova-colecao-de-roupas\/\" \/>\n\t\t<meta property=\"og:image\" content=\"https:\/\/www.jornalja.com.br\/wp-content\/uploads\/2017\/06\/Justa-Trama-2017_foto-Dani-Villar_Assessoria-Fotografica.jpg\" \/>\n\t\t<meta property=\"og:image:secure_url\" content=\"https:\/\/www.jornalja.com.br\/wp-content\/uploads\/2017\/06\/Justa-Trama-2017_foto-Dani-Villar_Assessoria-Fotografica.jpg\" \/>\n\t\t<meta property=\"article:published_time\" content=\"2017-06-03T00:01:03+00:00\" \/>\n\t\t<meta property=\"article:modified_time\" content=\"2017-06-03T00:01:03+00:00\" \/>\n\t\t<meta name=\"twitter:card\" content=\"summary\" \/>\n\t\t<meta name=\"twitter:title\" content=\"Justa Trama lan\u00e7a na Reden\u00e7\u00e3o sua nova cole\u00e7\u00e3o de roupas | Arquivo\" \/>\n\t\t<meta name=\"twitter:image\" content=\"https:\/\/www.jornalja.com.br\/economics\/wp-content\/uploads\/sites\/11\/2026\/08\/ja-folhaderosto-facebook.jpg\" \/>\n\t\t<script type=\"application\/ld+json\" class=\"aioseo-schema\">\n\t\t\t{\"@context\":\"https:\\\/\\\/schema.org\",\"@graph\":[{\"@type\":\"BlogPosting\",\"@id\":\"https:\\\/\\\/www.jornalja.com.br\\\/arquivo\\\/justa-trama-lanca-na-redencao-sua-nova-colecao-de-roupas\\\/#blogposting\",\"name\":\"Justa Trama lan\\u00e7a na Reden\\u00e7\\u00e3o sua nova cole\\u00e7\\u00e3o de roupas | Arquivo\",\"headline\":\"Justa Trama lan\\u00e7a na Reden\\u00e7\\u00e3o sua nova cole\\u00e7\\u00e3o de roupas\",\"author\":{\"@id\":\"https:\\\/\\\/www.jornalja.com.br\\\/arquivo\\\/author\\\/daredacao\\\/#author\"},\"publisher\":{\"@id\":\"https:\\\/\\\/www.jornalja.com.br\\\/arquivo\\\/#organization\"},\"image\":{\"@type\":\"ImageObject\",\"url\":49404},\"datePublished\":\"2017-06-02T21:01:03-03:00\",\"dateModified\":\"2017-06-02T21:01:03-03:00\",\"inLanguage\":\"pt-BR\",\"mainEntityOfPage\":{\"@id\":\"https:\\\/\\\/www.jornalja.com.br\\\/arquivo\\\/justa-trama-lanca-na-redencao-sua-nova-colecao-de-roupas\\\/#webpage\"},\"isPartOf\":{\"@id\":\"https:\\\/\\\/www.jornalja.com.br\\\/arquivo\\\/justa-trama-lanca-na-redencao-sua-nova-colecao-de-roupas\\\/#webpage\"},\"articleSection\":\"Geral\"},{\"@type\":\"BreadcrumbList\",\"@id\":\"https:\\\/\\\/www.jornalja.com.br\\\/arquivo\\\/justa-trama-lanca-na-redencao-sua-nova-colecao-de-roupas\\\/#breadcrumblist\",\"itemListElement\":[{\"@type\":\"ListItem\",\"@id\":\"https:\\\/\\\/www.jornalja.com.br\\\/arquivo#listItem\",\"position\":1,\"name\":\"Home\",\"item\":\"https:\\\/\\\/www.jornalja.com.br\\\/arquivo\",\"nextItem\":{\"@type\":\"ListItem\",\"@id\":\"https:\\\/\\\/www.jornalja.com.br\\\/arquivo\\\/category\\\/geral\\\/#listItem\",\"name\":\"Geral\"}},{\"@type\":\"ListItem\",\"@id\":\"https:\\\/\\\/www.jornalja.com.br\\\/arquivo\\\/category\\\/geral\\\/#listItem\",\"position\":2,\"name\":\"Geral\",\"item\":\"https:\\\/\\\/www.jornalja.com.br\\\/arquivo\\\/category\\\/geral\\\/\",\"nextItem\":{\"@type\":\"ListItem\",\"@id\":\"https:\\\/\\\/www.jornalja.com.br\\\/arquivo\\\/justa-trama-lanca-na-redencao-sua-nova-colecao-de-roupas\\\/#listItem\",\"name\":\"Justa Trama lan\\u00e7a na Reden\\u00e7\\u00e3o sua nova cole\\u00e7\\u00e3o de roupas\"},\"previousItem\":{\"@type\":\"ListItem\",\"@id\":\"https:\\\/\\\/www.jornalja.com.br\\\/arquivo#listItem\",\"name\":\"Home\"}},{\"@type\":\"ListItem\",\"@id\":\"https:\\\/\\\/www.jornalja.com.br\\\/arquivo\\\/justa-trama-lanca-na-redencao-sua-nova-colecao-de-roupas\\\/#listItem\",\"position\":3,\"name\":\"Justa Trama lan\\u00e7a na Reden\\u00e7\\u00e3o sua nova cole\\u00e7\\u00e3o de roupas\",\"previousItem\":{\"@type\":\"ListItem\",\"@id\":\"https:\\\/\\\/www.jornalja.com.br\\\/arquivo\\\/category\\\/geral\\\/#listItem\",\"name\":\"Geral\"}}]},{\"@type\":\"Organization\",\"@id\":\"https:\\\/\\\/www.jornalja.com.br\\\/arquivo\\\/#organization\",\"name\":\"Jornal J\\u00c1\",\"description\":\"Jornal J\\u00c1 | Porto Alegre\",\"url\":\"https:\\\/\\\/www.jornalja.com.br\\\/arquivo\\\/\",\"telephone\":\"+555133307272\",\"logo\":{\"@type\":\"ImageObject\",\"url\":\"https:\\\/\\\/www.jornalja.com.br\\\/wp-content\\\/uploads\\\/cards\\\/JAslogan.png\",\"@id\":\"https:\\\/\\\/www.jornalja.com.br\\\/arquivo\\\/justa-trama-lanca-na-redencao-sua-nova-colecao-de-roupas\\\/#organizationLogo\"},\"image\":{\"@id\":\"https:\\\/\\\/www.jornalja.com.br\\\/arquivo\\\/justa-trama-lanca-na-redencao-sua-nova-colecao-de-roupas\\\/#organizationLogo\"}},{\"@type\":\"Person\",\"@id\":\"https:\\\/\\\/www.jornalja.com.br\\\/arquivo\\\/author\\\/daredacao\\\/#author\",\"url\":\"https:\\\/\\\/www.jornalja.com.br\\\/arquivo\\\/author\\\/daredacao\\\/\",\"name\":\"da Reda\\u00e7\\u00e3o\",\"image\":{\"@type\":\"ImageObject\",\"@id\":\"https:\\\/\\\/www.jornalja.com.br\\\/arquivo\\\/justa-trama-lanca-na-redencao-sua-nova-colecao-de-roupas\\\/#authorImage\",\"url\":\"https:\\\/\\\/secure.gravatar.com\\\/avatar\\\/469fd857d6605ad19919d27ed29d35a968a25f6e8fd9318356bbb7f57aae9c65?s=96&d=mm&r=g\",\"width\":96,\"height\":96,\"caption\":\"da Reda\\u00e7\\u00e3o\"}},{\"@type\":\"WebPage\",\"@id\":\"https:\\\/\\\/www.jornalja.com.br\\\/arquivo\\\/justa-trama-lanca-na-redencao-sua-nova-colecao-de-roupas\\\/#webpage\",\"url\":\"https:\\\/\\\/www.jornalja.com.br\\\/arquivo\\\/justa-trama-lanca-na-redencao-sua-nova-colecao-de-roupas\\\/\",\"name\":\"Justa Trama lan\\u00e7a na Reden\\u00e7\\u00e3o sua nova cole\\u00e7\\u00e3o de roupas | Arquivo\",\"inLanguage\":\"pt-BR\",\"isPartOf\":{\"@id\":\"https:\\\/\\\/www.jornalja.com.br\\\/arquivo\\\/#website\"},\"breadcrumb\":{\"@id\":\"https:\\\/\\\/www.jornalja.com.br\\\/arquivo\\\/justa-trama-lanca-na-redencao-sua-nova-colecao-de-roupas\\\/#breadcrumblist\"},\"author\":{\"@id\":\"https:\\\/\\\/www.jornalja.com.br\\\/arquivo\\\/author\\\/daredacao\\\/#author\"},\"creator\":{\"@id\":\"https:\\\/\\\/www.jornalja.com.br\\\/arquivo\\\/author\\\/daredacao\\\/#author\"},\"image\":{\"@type\":\"ImageObject\",\"url\":49404,\"@id\":\"https:\\\/\\\/www.jornalja.com.br\\\/arquivo\\\/justa-trama-lanca-na-redencao-sua-nova-colecao-de-roupas\\\/#mainImage\"},\"primaryImageOfPage\":{\"@id\":\"https:\\\/\\\/www.jornalja.com.br\\\/arquivo\\\/justa-trama-lanca-na-redencao-sua-nova-colecao-de-roupas\\\/#mainImage\"},\"datePublished\":\"2017-06-02T21:01:03-03:00\",\"dateModified\":\"2017-06-02T21:01:03-03:00\"},{\"@type\":\"WebSite\",\"@id\":\"https:\\\/\\\/www.jornalja.com.br\\\/arquivo\\\/#website\",\"url\":\"https:\\\/\\\/www.jornalja.com.br\\\/arquivo\\\/\",\"name\":\"Arquivo\",\"description\":\"Jornal J\\u00c1 | Porto Alegre\",\"inLanguage\":\"pt-BR\",\"publisher\":{\"@id\":\"https:\\\/\\\/www.jornalja.com.br\\\/arquivo\\\/#organization\"}}]}\n\t\t<\/script>\n\t\t<!-- All in One SEO -->\n\n","aioseo_head_json":{"title":"Justa Trama lan\u00e7a na Reden\u00e7\u00e3o sua nova cole\u00e7\u00e3o de roupas | Arquivo","description":"","canonical_url":"https:\/\/www.jornalja.com.br\/arquivo\/justa-trama-lanca-na-redencao-sua-nova-colecao-de-roupas\/","robots":"max-image-preview:large","keywords":"","webmasterTools":{"miscellaneous":""},"schema":{"@context":"https:\/\/schema.org","@graph":[{"@type":"BlogPosting","@id":"https:\/\/www.jornalja.com.br\/arquivo\/justa-trama-lanca-na-redencao-sua-nova-colecao-de-roupas\/#blogposting","name":"Justa Trama lan\u00e7a na Reden\u00e7\u00e3o sua nova cole\u00e7\u00e3o de roupas | Arquivo","headline":"Justa Trama lan\u00e7a na Reden\u00e7\u00e3o sua nova cole\u00e7\u00e3o de roupas","author":{"@id":"https:\/\/www.jornalja.com.br\/arquivo\/author\/daredacao\/#author"},"publisher":{"@id":"https:\/\/www.jornalja.com.br\/arquivo\/#organization"},"image":{"@type":"ImageObject","url":49404},"datePublished":"2017-06-02T21:01:03-03:00","dateModified":"2017-06-02T21:01:03-03:00","inLanguage":"pt-BR","mainEntityOfPage":{"@id":"https:\/\/www.jornalja.com.br\/arquivo\/justa-trama-lanca-na-redencao-sua-nova-colecao-de-roupas\/#webpage"},"isPartOf":{"@id":"https:\/\/www.jornalja.com.br\/arquivo\/justa-trama-lanca-na-redencao-sua-nova-colecao-de-roupas\/#webpage"},"articleSection":"Geral"},{"@type":"BreadcrumbList","@id":"https:\/\/www.jornalja.com.br\/arquivo\/justa-trama-lanca-na-redencao-sua-nova-colecao-de-roupas\/#breadcrumblist","itemListElement":[{"@type":"ListItem","@id":"https:\/\/www.jornalja.com.br\/arquivo#listItem","position":1,"name":"Home","item":"https:\/\/www.jornalja.com.br\/arquivo","nextItem":{"@type":"ListItem","@id":"https:\/\/www.jornalja.com.br\/arquivo\/category\/geral\/#listItem","name":"Geral"}},{"@type":"ListItem","@id":"https:\/\/www.jornalja.com.br\/arquivo\/category\/geral\/#listItem","position":2,"name":"Geral","item":"https:\/\/www.jornalja.com.br\/arquivo\/category\/geral\/","nextItem":{"@type":"ListItem","@id":"https:\/\/www.jornalja.com.br\/arquivo\/justa-trama-lanca-na-redencao-sua-nova-colecao-de-roupas\/#listItem","name":"Justa Trama lan\u00e7a na Reden\u00e7\u00e3o sua nova cole\u00e7\u00e3o de roupas"},"previousItem":{"@type":"ListItem","@id":"https:\/\/www.jornalja.com.br\/arquivo#listItem","name":"Home"}},{"@type":"ListItem","@id":"https:\/\/www.jornalja.com.br\/arquivo\/justa-trama-lanca-na-redencao-sua-nova-colecao-de-roupas\/#listItem","position":3,"name":"Justa Trama lan\u00e7a na Reden\u00e7\u00e3o sua nova cole\u00e7\u00e3o de roupas","previousItem":{"@type":"ListItem","@id":"https:\/\/www.jornalja.com.br\/arquivo\/category\/geral\/#listItem","name":"Geral"}}]},{"@type":"Organization","@id":"https:\/\/www.jornalja.com.br\/arquivo\/#organization","name":"Jornal J\u00c1","description":"Jornal J\u00c1 | Porto Alegre","url":"https:\/\/www.jornalja.com.br\/arquivo\/","telephone":"+555133307272","logo":{"@type":"ImageObject","url":"https:\/\/www.jornalja.com.br\/wp-content\/uploads\/cards\/JAslogan.png","@id":"https:\/\/www.jornalja.com.br\/arquivo\/justa-trama-lanca-na-redencao-sua-nova-colecao-de-roupas\/#organizationLogo"},"image":{"@id":"https:\/\/www.jornalja.com.br\/arquivo\/justa-trama-lanca-na-redencao-sua-nova-colecao-de-roupas\/#organizationLogo"}},{"@type":"Person","@id":"https:\/\/www.jornalja.com.br\/arquivo\/author\/daredacao\/#author","url":"https:\/\/www.jornalja.com.br\/arquivo\/author\/daredacao\/","name":"da Reda\u00e7\u00e3o","image":{"@type":"ImageObject","@id":"https:\/\/www.jornalja.com.br\/arquivo\/justa-trama-lanca-na-redencao-sua-nova-colecao-de-roupas\/#authorImage","url":"https:\/\/secure.gravatar.com\/avatar\/469fd857d6605ad19919d27ed29d35a968a25f6e8fd9318356bbb7f57aae9c65?s=96&d=mm&r=g","width":96,"height":96,"caption":"da Reda\u00e7\u00e3o"}},{"@type":"WebPage","@id":"https:\/\/www.jornalja.com.br\/arquivo\/justa-trama-lanca-na-redencao-sua-nova-colecao-de-roupas\/#webpage","url":"https:\/\/www.jornalja.com.br\/arquivo\/justa-trama-lanca-na-redencao-sua-nova-colecao-de-roupas\/","name":"Justa Trama lan\u00e7a na Reden\u00e7\u00e3o sua nova cole\u00e7\u00e3o de roupas | Arquivo","inLanguage":"pt-BR","isPartOf":{"@id":"https:\/\/www.jornalja.com.br\/arquivo\/#website"},"breadcrumb":{"@id":"https:\/\/www.jornalja.com.br\/arquivo\/justa-trama-lanca-na-redencao-sua-nova-colecao-de-roupas\/#breadcrumblist"},"author":{"@id":"https:\/\/www.jornalja.com.br\/arquivo\/author\/daredacao\/#author"},"creator":{"@id":"https:\/\/www.jornalja.com.br\/arquivo\/author\/daredacao\/#author"},"image":{"@type":"ImageObject","url":49404,"@id":"https:\/\/www.jornalja.com.br\/arquivo\/justa-trama-lanca-na-redencao-sua-nova-colecao-de-roupas\/#mainImage"},"primaryImageOfPage":{"@id":"https:\/\/www.jornalja.com.br\/arquivo\/justa-trama-lanca-na-redencao-sua-nova-colecao-de-roupas\/#mainImage"},"datePublished":"2017-06-02T21:01:03-03:00","dateModified":"2017-06-02T21:01:03-03:00"},{"@type":"WebSite","@id":"https:\/\/www.jornalja.com.br\/arquivo\/#website","url":"https:\/\/www.jornalja.com.br\/arquivo\/","name":"Arquivo","description":"Jornal J\u00c1 | Porto Alegre","inLanguage":"pt-BR","publisher":{"@id":"https:\/\/www.jornalja.com.br\/arquivo\/#organization"}}]},"og:locale":"pt_BR","og:site_name":"Arquivo | Jornal J\u00c1 | Porto Alegre","og:type":"article","og:title":"Justa Trama lan\u00e7a na Reden\u00e7\u00e3o sua nova cole\u00e7\u00e3o de roupas | Arquivo","og:url":"https:\/\/www.jornalja.com.br\/arquivo\/justa-trama-lanca-na-redencao-sua-nova-colecao-de-roupas\/","og:image":"https:\/\/www.jornalja.com.br\/wp-content\/uploads\/2017\/06\/Justa-Trama-2017_foto-Dani-Villar_Assessoria-Fotografica.jpg","og:image:secure_url":"https:\/\/www.jornalja.com.br\/wp-content\/uploads\/2017\/06\/Justa-Trama-2017_foto-Dani-Villar_Assessoria-Fotografica.jpg","article:published_time":"2017-06-03T00:01:03+00:00","article:modified_time":"2017-06-03T00:01:03+00:00","twitter:card":"summary","twitter:title":"Justa Trama lan\u00e7a na Reden\u00e7\u00e3o sua nova cole\u00e7\u00e3o de roupas | Arquivo","twitter:image":"https:\/\/www.jornalja.com.br\/economics\/wp-content\/uploads\/sites\/11\/2026\/08\/ja-folhaderosto-facebook.jpg"},"aioseo_meta_data":{"post_id":"49403","title":null,"description":null,"keywords":null,"keyphrases":null,"primary_term":null,"canonical_url":null,"og_title":null,"og_description":null,"og_object_type":"default","og_image_type":"default","og_image_url":null,"og_image_width":null,"og_image_height":null,"og_image_custom_url":null,"og_image_custom_fields":null,"og_video":null,"og_custom_url":null,"og_article_section":null,"og_article_tags":null,"twitter_use_og":false,"twitter_card":"default","twitter_image_type":"default","twitter_image_url":null,"twitter_image_custom_url":null,"twitter_image_custom_fields":null,"twitter_title":null,"twitter_description":null,"schema":{"blockGraphs":[],"customGraphs":[],"default":{"data":{"Article":[],"Course":[],"Dataset":[],"FAQPage":[],"Movie":[],"Person":[],"Product":[],"ProductReview":[],"Car":[],"Recipe":[],"Service":[],"SoftwareApplication":[],"WebPage":[]},"graphName":"","isEnabled":true},"graphs":[]},"schema_type":null,"schema_type_options":null,"pillar_content":false,"robots_default":true,"robots_noindex":false,"robots_noarchive":false,"robots_nosnippet":false,"robots_nofollow":false,"robots_noimageindex":false,"robots_noodp":false,"robots_notranslate":false,"robots_max_snippet":null,"robots_max_videopreview":null,"robots_max_imagepreview":"large","priority":null,"frequency":null,"location":null,"local_seo":null,"breadcrumb_settings":null,"limit_modified_date":false,"ai":null,"created":"2020-12-20 20:32:48","updated":"2025-07-19 21:56:13","seo_analyzer_scan_date":null,"focus_keyword":null,"additional_keywords":null,"truseo_locale":null},"jetpack_sharing_enabled":true,"jetpack-related-posts":[{"id":13124,"url":"https:\/\/www.jornalja.com.br\/arquivo\/sangue-latino-no-iecine\/","url_meta":{"origin":49403,"position":0},"title":"Sangue latino no IECINE","author":"da Reda\u00e7\u00e3o","date":"18 de maio de 2014","format":false,"excerpt":"Francisco Ribeiro O Instituto Estadual de Cinema (IECINE) tem a frente, desde abril \u00faltimo, um novo diretor, o cineasta colombiano Juan Zapata, 36, que substitui Luiz Alberto Cassol. Radicado h\u00e1 dez anos em Porto Alegre, Zapata tem diante de si o desafio de conduzir at\u00e9 o final do ano um\u2026","rel":"","context":"Em &quot;Cultura-Geral&quot;","block_context":{"text":"Cultura-Geral","link":"https:\/\/www.jornalja.com.br\/arquivo\/category\/materiasecundaria\/"},"img":{"alt_text":"","src":"","width":0,"height":0},"classes":[]},{"id":5440,"url":"https:\/\/www.jornalja.com.br\/arquivo\/casarao-da-venancio-destino-permanece-incerto\/","url_meta":{"origin":49403,"position":1},"title":"Estado ainda n\u00e3o sabe o que fazer com casar\u00e3o abandonado h\u00e1 20 anos","author":"Elmar Bones","date":"6 de julho de 2009","format":false,"excerpt":"O casar\u00e3o amarelo, numa esquina nobre de Porto Alegre (Ven\u00e2ncio Aires com Jo\u00e3o Pessoa), j\u00e1 abrigou uma escola. H\u00e1 duas d\u00e9cadas, pelo menos, est\u00e1 abandonado, porque seu propriet\u00e1rio, o governo do Estado do Rio Grande do Sul, n\u00e3o consegue achar um destino para ele. Planos n\u00e3o faltaram. O governador Ol\u00edvio\u2026","rel":"","context":"Em &quot;X.Categorias velhas&quot;","block_context":{"text":"X.Categorias velhas","link":"https:\/\/www.jornalja.com.br\/arquivo\/category\/x-categorias-velhas\/"},"img":{"alt_text":"geraldo1","src":"https:\/\/i0.wp.com\/www.jornalja.com.br\/wp-content\/uploads\/2009\/07\/geraldo1.jpg?resize=350%2C200&ssl=1","width":350,"height":200},"classes":[]},{"id":13240,"url":"https:\/\/www.jornalja.com.br\/arquivo\/plano-diretor-estamos-construindo-o-caos\/","url_meta":{"origin":49403,"position":2},"title":"Plano diretor: &quot;Estamos construindo o caos&quot;","author":"Patr\u00edcia Marini","date":"26 de maio de 2014","format":false,"excerpt":"Desabafo que arquiteta Eliana Castilhos, delegada da Regi\u00e3o de Planejamento 1, postou nas redes sociais \u00e9 um testemunho do ambiente que se criou no Conselho do Plano Diretor de Porto Alegre, onde a aprova\u00e7\u00e3o de grandes empreendimentos \u00e9 empurrada guela abaixo dos conselheiros. Ao CMDUA Como delegada da Regi\u00e3o de\u2026","rel":"","context":"Em &quot;Geral&quot;","block_context":{"text":"Geral","link":"https:\/\/www.jornalja.com.br\/arquivo\/category\/geral\/"},"img":{"alt_text":"","src":"","width":0,"height":0},"classes":[]},{"id":14241,"url":"https:\/\/www.jornalja.com.br\/arquivo\/o-guaiba-nas-imagens-poeticas-de-achutti\/","url_meta":{"origin":49403,"position":3},"title":"O Gua\u00edba nas imagens po\u00e9ticas de Achutti","author":"da Reda\u00e7\u00e3o","date":"18 de junho de 2014","format":false,"excerpt":"Em \u201cO Gua\u00edba por Achutti\u201d \u2013 obra financiada via Minist\u00e9rio da Cultura, produ\u00e7\u00e3o executiva de Pedro Longhi, e Fl\u00e1vio Wild como designer \u2013, o fot\u00f3grafo revela a beleza e as mazelas de um espa\u00e7o aqu\u00e1tico de \u00e1guas sempre renovadas, cheio de hist\u00f3rias e lendas como as das cidades que foram\u2026","rel":"","context":"Em &quot;Cultura-Geral&quot;","block_context":{"text":"Cultura-Geral","link":"https:\/\/www.jornalja.com.br\/arquivo\/category\/materiasecundaria\/"},"img":{"alt_text":"","src":"","width":0,"height":0},"classes":[]},{"id":1280,"url":"https:\/\/www.jornalja.com.br\/arquivo\/o-menino-que-se-tornou-brizola\/","url_meta":{"origin":49403,"position":4},"title":"O Menino que se Tornou Brizola","author":"da Reda\u00e7\u00e3o","date":"28 de julho de 2008","format":false,"excerpt":"Autor: Cleber Dioni A vida de Leonel Brizola, com \u00eanfase para os primeiros anos em Porto Alegre, at\u00e9 o ex\u00edlio no Uruguai e a volta, quinze anos depois. \u00a0\"...\u00c9ramos todos jovens e nos identific\u00e1vamos com aquela massa an\u00f4nima a percorrer as ruas de Porto Alegre, gritando 'Get\u00falio', 'Get\u00falio' e empunhando\u2026","rel":"","context":"Em &quot;Livros&quot;","block_context":{"text":"Livros","link":"https:\/\/www.jornalja.com.br\/arquivo\/category\/livros\/"},"img":{"alt_text":"","src":"https:\/\/i0.wp.com\/www.jornalja.com.br\/wp-content\/uploads\/2008\/07\/brizola.gif?resize=350%2C200&ssl=1","width":350,"height":200},"classes":[]},{"id":13239,"url":"https:\/\/www.jornalja.com.br\/arquivo\/conselho-desdenha-do-plano-diretor\/","url_meta":{"origin":49403,"position":5},"title":"Porto Alegre: Conselho detona Plano Diretor","author":"Patr\u00edcia Marini","date":"25 de maio de 2014","format":false,"excerpt":"Den\u00fancia do arquiteto e \u00a0urbanista Ibir\u00e1 Santos Lucas. Ele diz que os conselheiros est\u00e3o votando com \"enorme irresponsabilidade\". \"Mudam regime com a maior naturalidade,,,regularizam absurdos de constru\u00e7\u00f5es irregulares... \"O CMDUA est\u00e1 flexibilizando a lei do plano diretor, de uma forma impactante na vida da cidade. Mudam regime com a maior\u2026","rel":"","context":"Em &quot;Geral&quot;","block_context":{"text":"Geral","link":"https:\/\/www.jornalja.com.br\/arquivo\/category\/geral\/"},"img":{"alt_text":"","src":"","width":0,"height":0},"classes":[]}],"jetpack_shortlink":"https:\/\/wp.me\/pbQjBd-cQP","jetpack_featured_media_url":"","_links":{"self":[{"href":"https:\/\/www.jornalja.com.br\/arquivo\/wp-json\/wp\/v2\/posts\/49403","targetHints":{"allow":["GET"]}}],"collection":[{"href":"https:\/\/www.jornalja.com.br\/arquivo\/wp-json\/wp\/v2\/posts"}],"about":[{"href":"https:\/\/www.jornalja.com.br\/arquivo\/wp-json\/wp\/v2\/types\/post"}],"author":[{"embeddable":true,"href":"https:\/\/www.jornalja.com.br\/arquivo\/wp-json\/wp\/v2\/users\/4"}],"replies":[{"embeddable":true,"href":"https:\/\/www.jornalja.com.br\/arquivo\/wp-json\/wp\/v2\/comments?post=49403"}],"version-history":[{"count":0,"href":"https:\/\/www.jornalja.com.br\/arquivo\/wp-json\/wp\/v2\/posts\/49403\/revisions"}],"wp:attachment":[{"href":"https:\/\/www.jornalja.com.br\/arquivo\/wp-json\/wp\/v2\/media?parent=49403"}],"wp:term":[{"taxonomy":"category","embeddable":true,"href":"https:\/\/www.jornalja.com.br\/arquivo\/wp-json\/wp\/v2\/categories?post=49403"},{"taxonomy":"post_tag","embeddable":true,"href":"https:\/\/www.jornalja.com.br\/arquivo\/wp-json\/wp\/v2\/tags?post=49403"}],"curies":[{"name":"wp","href":"https:\/\/api.w.org\/{rel}","templated":true}]}}