{"id":49449,"date":"2017-06-05T02:44:05","date_gmt":"2017-06-05T05:44:05","guid":{"rendered":"https:\/\/www.jornalja.com.br\/?p=49449"},"modified":"2017-06-05T02:44:05","modified_gmt":"2017-06-05T05:44:05","slug":"entidades-denunciam-desmonte-da-area-ambiental","status":"publish","type":"post","link":"https:\/\/www.jornalja.com.br\/arquivo\/entidades-denunciam-desmonte-da-area-ambiental\/","title":{"rendered":"Entidades denunciam desmonte da \u00e1rea ambiental"},"content":{"rendered":"<p>Entidades ambientalistas produziram um documento para denunciar nesta segunda-feira, 5, Dia Mundial do Meio Ambiente, o desmonte da \u00e1rea ambiental no Estado e pedir a sa\u00edda da secret\u00e1ria do Meio Ambiente e Desenvolvimento Sustent\u00e1vel (SEMA), Ana Pellini.<br \/>\nA carta intitulada &#8216;Guerra declarada contra a vida e o Dia do Meio Ambiente&#8217;, ser\u00e1 entregue a representantes do Governo do Estado, da Promotoria de Meio Ambiente e ao presidente da Assembleia Legislativa, Edegar Pretto, com quem o movimento tem uma reuni\u00e3o \u00e0s 15 horas.<br \/>\nAssinam o documento pelo menos duas dezenas de entidades, entre elas, Apedema,\u00a0Ing\u00e1,\u00a0Mogdema,\u00a0Agapan,\u00a0Amigos da Terra, PEt Biologia, Nucleo de Ecojornalistas do RS,\u00a0F\u00f3rum Justi\u00e7a, Funda\u00e7\u00e3o Luterana de Diaconia e Coletivo Cidade que Queremos.<br \/>\n<span class=\"intertit\">Guerra declarada contra a vida e o Dia do Meio Ambiente<\/span><br \/>\nNo Dia do Meio Ambiente, vivemos tempos de guerra declarada contra os corpos e a natureza?<br \/>\nNeste dia 5 de junho, Dia do Meio Ambiente, \u00e9 momento de se fazer um balan\u00e7o do processo de combate que deveria ser contra a degrada\u00e7\u00e3o ambiental. Mas, ao contr\u00e1rio, o que se nota \u00e9 uma busca institucional obsessiva para agradar os mercados, por meio do velho crescimento econ\u00f4mico concentrador e degradador. Para isso, tudo se torna mercadoria, inclusive a natureza. E para dar sequ\u00eancia \u00e0 economia artificial, que negligencia os custos ecol\u00f3gicos do modelo atual de esgotamento, o <em>establishment<\/em> neoliberal busca flexibilizar leis socioambientais e armar o setor governamental e empresarial para a guerra contra o que chamam de \u201centraves ambientais\u201d e \u201centraves trabalhistas\u201d, configurados, justamente, no combate \u00e0s leis que protegem o Meio Ambiente e os Direitos Sociais.<br \/>\nNatureza \u00e9 substantivo feminino. Talvez, por isso, siga sendo objeto na m\u00e3o de pol\u00edticas patriarcais, de domina\u00e7\u00e3o espoliadora. Yayo Herrero, reconhecida ecologista e ecofeminista espanhola, afirma que \u201cvivemos uma guerra contra os corpos e contra a natureza\u201d. Nos \u00faltimos tempos, vimos esta trucul\u00eancia na pele de quem luta pelos direitos relativos \u00e0 terra, democracia e meio ambiente. O Brasil \u00e9 o pa\u00eds do mundo com maior n\u00famero de campesinos, ind\u00edgenas e ambientalistas assassinados. Vivemos uma trag\u00e9dia socioambiental invis\u00edvel aos olhos da grande imprensa e das pol\u00edticas p\u00fablicas.<br \/>\nEm nosso pa\u00eds, o modelo perif\u00e9rico exportador de soja, min\u00e9rio de ferro, pasta de celulose e carne bovina, em \u00e1reas desmatadas da Amaz\u00f4nia, \u00e9 imperativo nas pol\u00edticas p\u00fablicas, ademais agora por um governo ileg\u00edtimo, atolado em den\u00fancias e fortes ind\u00edcios de corrup\u00e7\u00e3o. Um governo que atua na ilegalidade, com apoio de mais de uma centena de parlamentares empres\u00e1rios e que respondem a\u00e7\u00f5es na justi\u00e7a., em grande parte envolvidos em esquemas de corrup\u00e7\u00e3o, e que se aproveitam do enfraquecimento institucional para votar contrarreformas e leis contra os direitos socioambientais.<br \/>\nNo Rio Grande do Sul, um governador que esqueceu de colocar qualquer palavra do tema ambiental em seu programa eleitoral, n\u00e3o cansa em seguir esta pol\u00edtica de retrocessos, alinhado &#8211; mesmo que n\u00e3o explicitamente \u2013 tamb\u00e9m ao discurso de Donald Trump, em favor dos combust\u00edveis f\u00f3sseis.<br \/>\nCoincidentemente, na semana de meio ambiente uma comitiva chefiada pelo governador foi ao Jap\u00e3o oferecer parceria para explorar o carv\u00e3o mineral ga\u00facho. Ignoram a Ci\u00eancia e o fato de que o aumento de gases de efeito estufa fez a temperatura da atmosfera do Planeta chegar a valores nunca registrados nos s\u00e9culos anteriores, situa\u00e7\u00e3o que atingiu maior valor em 2016, e que as mudan\u00e7as clim\u00e1ticas e as trag\u00e9dias socioambientais associadas est\u00e3o se acentuando.<br \/>\nO governo Sartori ataca o pouco que resta da nossa sociobiodiversidade, nada fazendo para estancar a situa\u00e7\u00e3o de que, no Rio Grande do Sul, tenhamos os dois biomas, Mata Atl\u00e2ntica e Pampa, com maior perda de superf\u00edcies de seus ecossistemas originais, entre todos os biomas brasileiros. Restam nestes biomas, respectivamente, 7,9% e menos de 36% de sua cobertura natural.<br \/>\nDa mesma forma, apesar de os indicadores relativos \u00e0s Listas Oficiais das Esp\u00e9cies Amea\u00e7adas de Extin\u00e7\u00e3o de Fauna e Flora terem demonstrado crescimento entre a d\u00e9cada passada e a atual, entre 6% e 30% no n\u00famero de esp\u00e9cies, respectivamente, nada \u00e9 feito para reverter o processo. A resposta do governo \u00e9 a edi\u00e7\u00e3o desastrosa e ilegal de Decretos contra fauna amea\u00e7ada marinha e contra a manuten\u00e7\u00e3o da Reserva Legal do Bioma Pampa. E de quebra articula-se com os setores mais atrasados da economia ga\u00facha para garantir o aumento da fronteira da agricultura convencional, da silvicultura, da atividade de minera\u00e7\u00e3o e das grandes obras de hidrel\u00e9tricas que impactam irreversivelmente o Mapa das \u00c1reas Priorit\u00e1rias para a Biodiversidade (Port. MMA, n. 9\/2007).<br \/>\nEm vez de lutar para se inverter o processo, investindo-se em agroecologia e em energias alternativas, n\u00e3o satisfeito, o governo tenta extinguir institui\u00e7\u00f5es que desenvolvem programas estrat\u00e9gicos que visam a recupera\u00e7\u00e3o da Mata Atl\u00e2ntica e do bioma Pampa. Funda\u00e7\u00e3o Zoobot\u00e2nica do Rio Grande do Sul (FZB) e Funda\u00e7\u00e3o Ga\u00facha de Pesquisa Agropecu\u00e1ria (Fepagro). Assim, espera-se que se d\u00ea adeus a t\u00e9cnicos especialistas na \u00e1rea e na atual capacidade de produ\u00e7\u00e3o de mudas nativas, de plantas medicinais e \u00e1rvores estrat\u00e9gicas e em extin\u00e7\u00e3o, al\u00e9m de se inviabilizar o apoio destas institui\u00e7\u00f5es ao desenvolvimento de agroflorestas e pastagens nativas.<br \/>\nO processo de extin\u00e7\u00e3o destas e das demais funda\u00e7\u00f5es do Estado contou com a cumplicidade de parlamentares que demonstraram fidelidade canina a um projeto obscurantista e anticonstitucional, por\u00e9m ao gosto das empresas financiadoras de campanha.<br \/>\nA fragiliza\u00e7\u00e3o da seguran\u00e7a da qualidade ecol\u00f3gica do Estado, reveste-se tamb\u00e9m por um projeto de estrangulamento das atividades da Secretaria Estadual de Meio Ambiente, a SEMA, que tamb\u00e9m teve seu nome extinto pelas for\u00e7as de retrocesso que atuam no Rio Grande do Sul. Mas, para dar curso ao desmonte, foi nomeada uma secret\u00e1ria sem forma\u00e7\u00e3o alguma na \u00e1rea ambiental, mas expert na opera\u00e7\u00e3o de desestrutura\u00e7\u00e3o de pol\u00edticas p\u00fablicas ambientais (SISEPRA), pessoa com passagem pela FEPAM, que sofreu processo judicial de ass\u00e9dio moral, com ganho de causa pelo servidor da FEPAM, e que foi contestada pelas entidades ecologistas do RS, por uma s\u00e9rie de irregularidades tanto no governo Yeda, quando foi Presidente da FEPAM, como agora no governo Sartori, onde acumula a fun\u00e7\u00e3o de Presidente desta Funda\u00e7\u00e3o e de Secret\u00e1ria da SEMA, desde 2015, situa\u00e7\u00e3o irregular contestada pelo Minist\u00e9rio Publico Estadual.<br \/>\nNeste dia do Meio Ambiente, vimos, portanto, denunciar este processo de guerra contra o meio ambiente, com destaque \u00e0s pol\u00edticas do governo do Estado, que se refletem em leis que trazem desmanche da SEMA e das Funda\u00e7\u00f5es do Rio Grande do Sul. Aproveitamos para declarar que n\u00e3o vamos recuar um mil\u00edmetro de nossa determina\u00e7\u00e3o de luta pelas garantias legais das pol\u00edticas ambientais conquistadas a duras penas no Rio Grande do Sul.<br \/>\nPara tanto, exigimos apelamos para o Executivo e aos demais poderes Legislativo e Judici\u00e1rio para que assumam um papel democr\u00e1tico assegurado pela Constitui\u00e7\u00e3o Federal, revertendo as pol\u00edticas anti-ambientais em voga no Estado.<br \/>\nQue os cargos de dire\u00e7\u00e3o da Secretaria Estadual de Meio Ambiente e da Funda\u00e7\u00e3o Zoobot\u00e2nica do Rio Grande do Sul sejam preenchidos por pessoas com perfil t\u00e9cnico gabaritado e compat\u00edvel com a \u00e1rea, apresentando hist\u00f3rico de preocupa\u00e7\u00e3o com o Meio Ambiente, espirito p\u00fablico, grandeza e di\u00e1logo com os servidores e com a sociedade ga\u00facha. Para tanto, solicitamos ao governo em reconhecer que a atual Secret\u00e1ria de Meio Ambiente bem como o Presidente da FEPAM n\u00e3o preenchem os requisitos m\u00ednimos \u00e0 pasta e que os mesmos e pedimos tamb\u00e9m a grandeza de parte dos mesmos para que deixem seus cargos de liquidantes da Funda\u00e7\u00e3o Zoobot\u00e2nica e das pol\u00edticas p\u00fablicas hist\u00f3ricas conquistadas pela sociedade ga\u00facha<br \/>\n&nbsp;<\/p>\n","protected":false},"excerpt":{"rendered":"<p>Entidades ambientalistas produziram um documento para denunciar nesta segunda-feira, 5, Dia Mundial do Meio Ambiente, o desmonte da \u00e1rea ambiental no Estado e pedir a sa\u00edda da secret\u00e1ria do Meio Ambiente e Desenvolvimento Sustent\u00e1vel (SEMA), Ana Pellini. A carta intitulada &#8216;Guerra declarada contra a vida e o Dia do Meio Ambiente&#8217;, ser\u00e1 entregue a representantes [&hellip;]<\/p>\n","protected":false},"author":4,"featured_media":47483,"comment_status":"open","ping_status":"closed","sticky":false,"template":"","format":"standard","meta":{"_jetpack_newsletter_access":"","_jetpack_dont_email_post_to_subs":false,"_jetpack_newsletter_tier_id":0,"_jetpack_memberships_contains_paywalled_content":false,"_jetpack_feature_clip_id":0,"_jetpack_memberships_contains_paid_content":false,"footnotes":"","jetpack_post_was_ever_published":false},"categories":[26],"tags":[],"class_list":["post-49449","post","type-post","status-publish","format-standard","has-post-thumbnail","hentry","category-geral"],"aioseo_notices":[],"aioseo_head":"\n\t\t<!-- All in One SEO 5.0.1.1 - aioseo.com -->\n\t<meta name=\"robots\" content=\"max-image-preview:large\" \/>\n\t<meta name=\"author\" content=\"da Reda\u00e7\u00e3o\"\/>\n\t<link rel=\"canonical\" href=\"https:\/\/www.jornalja.com.br\/arquivo\/entidades-denunciam-desmonte-da-area-ambiental\/\" \/>\n\t<meta name=\"generator\" content=\"All in One SEO (AIOSEO) 5.0.1.1\" \/>\n\t\t<meta property=\"og:locale\" content=\"pt_BR\" \/>\n\t\t<meta property=\"og:site_name\" content=\"Arquivo | Jornal J\u00c1 | Porto Alegre\" \/>\n\t\t<meta property=\"og:type\" content=\"article\" \/>\n\t\t<meta property=\"og:title\" content=\"Entidades denunciam desmonte da \u00e1rea ambiental | Arquivo\" \/>\n\t\t<meta property=\"og:url\" content=\"https:\/\/www.jornalja.com.br\/arquivo\/entidades-denunciam-desmonte-da-area-ambiental\/\" \/>\n\t\t<meta property=\"og:image\" content=\"https:\/\/www.jornalja.com.br\/economics\/wp-content\/uploads\/sites\/11\/2026\/08\/ja-folhaderosto-facebook.jpg\" \/>\n\t\t<meta property=\"og:image:secure_url\" content=\"https:\/\/www.jornalja.com.br\/economics\/wp-content\/uploads\/sites\/11\/2026\/08\/ja-folhaderosto-facebook.jpg\" \/>\n\t\t<meta property=\"article:published_time\" content=\"2017-06-05T05:44:05+00:00\" \/>\n\t\t<meta property=\"article:modified_time\" content=\"2017-06-05T05:44:05+00:00\" \/>\n\t\t<meta name=\"twitter:card\" content=\"summary\" \/>\n\t\t<meta name=\"twitter:title\" content=\"Entidades denunciam desmonte da \u00e1rea ambiental | Arquivo\" \/>\n\t\t<meta name=\"twitter:image\" content=\"https:\/\/www.jornalja.com.br\/economics\/wp-content\/uploads\/sites\/11\/2026\/08\/ja-folhaderosto-facebook.jpg\" \/>\n\t\t<script type=\"application\/ld+json\" class=\"aioseo-schema\">\n\t\t\t{\"@context\":\"https:\\\/\\\/schema.org\",\"@graph\":[{\"@type\":\"BlogPosting\",\"@id\":\"https:\\\/\\\/www.jornalja.com.br\\\/arquivo\\\/entidades-denunciam-desmonte-da-area-ambiental\\\/#blogposting\",\"name\":\"Entidades denunciam desmonte da \\u00e1rea ambiental | Arquivo\",\"headline\":\"Entidades denunciam desmonte da \\u00e1rea ambiental\",\"author\":{\"@id\":\"https:\\\/\\\/www.jornalja.com.br\\\/arquivo\\\/author\\\/daredacao\\\/#author\"},\"publisher\":{\"@id\":\"https:\\\/\\\/www.jornalja.com.br\\\/arquivo\\\/#organization\"},\"image\":{\"@type\":\"ImageObject\",\"url\":47483},\"datePublished\":\"2017-06-05T02:44:05-03:00\",\"dateModified\":\"2017-06-05T02:44:05-03:00\",\"inLanguage\":\"pt-BR\",\"mainEntityOfPage\":{\"@id\":\"https:\\\/\\\/www.jornalja.com.br\\\/arquivo\\\/entidades-denunciam-desmonte-da-area-ambiental\\\/#webpage\"},\"isPartOf\":{\"@id\":\"https:\\\/\\\/www.jornalja.com.br\\\/arquivo\\\/entidades-denunciam-desmonte-da-area-ambiental\\\/#webpage\"},\"articleSection\":\"Geral\"},{\"@type\":\"BreadcrumbList\",\"@id\":\"https:\\\/\\\/www.jornalja.com.br\\\/arquivo\\\/entidades-denunciam-desmonte-da-area-ambiental\\\/#breadcrumblist\",\"itemListElement\":[{\"@type\":\"ListItem\",\"@id\":\"https:\\\/\\\/www.jornalja.com.br\\\/arquivo#listItem\",\"position\":1,\"name\":\"Home\",\"item\":\"https:\\\/\\\/www.jornalja.com.br\\\/arquivo\",\"nextItem\":{\"@type\":\"ListItem\",\"@id\":\"https:\\\/\\\/www.jornalja.com.br\\\/arquivo\\\/category\\\/geral\\\/#listItem\",\"name\":\"Geral\"}},{\"@type\":\"ListItem\",\"@id\":\"https:\\\/\\\/www.jornalja.com.br\\\/arquivo\\\/category\\\/geral\\\/#listItem\",\"position\":2,\"name\":\"Geral\",\"item\":\"https:\\\/\\\/www.jornalja.com.br\\\/arquivo\\\/category\\\/geral\\\/\",\"nextItem\":{\"@type\":\"ListItem\",\"@id\":\"https:\\\/\\\/www.jornalja.com.br\\\/arquivo\\\/entidades-denunciam-desmonte-da-area-ambiental\\\/#listItem\",\"name\":\"Entidades denunciam desmonte da \\u00e1rea ambiental\"},\"previousItem\":{\"@type\":\"ListItem\",\"@id\":\"https:\\\/\\\/www.jornalja.com.br\\\/arquivo#listItem\",\"name\":\"Home\"}},{\"@type\":\"ListItem\",\"@id\":\"https:\\\/\\\/www.jornalja.com.br\\\/arquivo\\\/entidades-denunciam-desmonte-da-area-ambiental\\\/#listItem\",\"position\":3,\"name\":\"Entidades denunciam desmonte da \\u00e1rea ambiental\",\"previousItem\":{\"@type\":\"ListItem\",\"@id\":\"https:\\\/\\\/www.jornalja.com.br\\\/arquivo\\\/category\\\/geral\\\/#listItem\",\"name\":\"Geral\"}}]},{\"@type\":\"Organization\",\"@id\":\"https:\\\/\\\/www.jornalja.com.br\\\/arquivo\\\/#organization\",\"name\":\"Jornal J\\u00c1\",\"description\":\"Jornal J\\u00c1 | Porto Alegre\",\"url\":\"https:\\\/\\\/www.jornalja.com.br\\\/arquivo\\\/\",\"telephone\":\"+555133307272\",\"logo\":{\"@type\":\"ImageObject\",\"url\":\"https:\\\/\\\/www.jornalja.com.br\\\/wp-content\\\/uploads\\\/cards\\\/JAslogan.png\",\"@id\":\"https:\\\/\\\/www.jornalja.com.br\\\/arquivo\\\/entidades-denunciam-desmonte-da-area-ambiental\\\/#organizationLogo\"},\"image\":{\"@id\":\"https:\\\/\\\/www.jornalja.com.br\\\/arquivo\\\/entidades-denunciam-desmonte-da-area-ambiental\\\/#organizationLogo\"}},{\"@type\":\"Person\",\"@id\":\"https:\\\/\\\/www.jornalja.com.br\\\/arquivo\\\/author\\\/daredacao\\\/#author\",\"url\":\"https:\\\/\\\/www.jornalja.com.br\\\/arquivo\\\/author\\\/daredacao\\\/\",\"name\":\"da Reda\\u00e7\\u00e3o\",\"image\":{\"@type\":\"ImageObject\",\"@id\":\"https:\\\/\\\/www.jornalja.com.br\\\/arquivo\\\/entidades-denunciam-desmonte-da-area-ambiental\\\/#authorImage\",\"url\":\"https:\\\/\\\/secure.gravatar.com\\\/avatar\\\/469fd857d6605ad19919d27ed29d35a968a25f6e8fd9318356bbb7f57aae9c65?s=96&d=mm&r=g\",\"width\":96,\"height\":96,\"caption\":\"da Reda\\u00e7\\u00e3o\"}},{\"@type\":\"WebPage\",\"@id\":\"https:\\\/\\\/www.jornalja.com.br\\\/arquivo\\\/entidades-denunciam-desmonte-da-area-ambiental\\\/#webpage\",\"url\":\"https:\\\/\\\/www.jornalja.com.br\\\/arquivo\\\/entidades-denunciam-desmonte-da-area-ambiental\\\/\",\"name\":\"Entidades denunciam desmonte da \\u00e1rea ambiental | Arquivo\",\"inLanguage\":\"pt-BR\",\"isPartOf\":{\"@id\":\"https:\\\/\\\/www.jornalja.com.br\\\/arquivo\\\/#website\"},\"breadcrumb\":{\"@id\":\"https:\\\/\\\/www.jornalja.com.br\\\/arquivo\\\/entidades-denunciam-desmonte-da-area-ambiental\\\/#breadcrumblist\"},\"author\":{\"@id\":\"https:\\\/\\\/www.jornalja.com.br\\\/arquivo\\\/author\\\/daredacao\\\/#author\"},\"creator\":{\"@id\":\"https:\\\/\\\/www.jornalja.com.br\\\/arquivo\\\/author\\\/daredacao\\\/#author\"},\"image\":{\"@type\":\"ImageObject\",\"url\":47483,\"@id\":\"https:\\\/\\\/www.jornalja.com.br\\\/arquivo\\\/entidades-denunciam-desmonte-da-area-ambiental\\\/#mainImage\"},\"primaryImageOfPage\":{\"@id\":\"https:\\\/\\\/www.jornalja.com.br\\\/arquivo\\\/entidades-denunciam-desmonte-da-area-ambiental\\\/#mainImage\"},\"datePublished\":\"2017-06-05T02:44:05-03:00\",\"dateModified\":\"2017-06-05T02:44:05-03:00\"},{\"@type\":\"WebSite\",\"@id\":\"https:\\\/\\\/www.jornalja.com.br\\\/arquivo\\\/#website\",\"url\":\"https:\\\/\\\/www.jornalja.com.br\\\/arquivo\\\/\",\"name\":\"Arquivo\",\"description\":\"Jornal J\\u00c1 | Porto Alegre\",\"inLanguage\":\"pt-BR\",\"publisher\":{\"@id\":\"https:\\\/\\\/www.jornalja.com.br\\\/arquivo\\\/#organization\"}}]}\n\t\t<\/script>\n\t\t<!-- All in One SEO -->\n\n","aioseo_head_json":{"title":"Entidades denunciam desmonte da \u00e1rea ambiental | Arquivo","description":"","canonical_url":"https:\/\/www.jornalja.com.br\/arquivo\/entidades-denunciam-desmonte-da-area-ambiental\/","robots":"max-image-preview:large","keywords":"","webmasterTools":{"miscellaneous":""},"schema":{"@context":"https:\/\/schema.org","@graph":[{"@type":"BlogPosting","@id":"https:\/\/www.jornalja.com.br\/arquivo\/entidades-denunciam-desmonte-da-area-ambiental\/#blogposting","name":"Entidades denunciam desmonte da \u00e1rea ambiental | Arquivo","headline":"Entidades denunciam desmonte da \u00e1rea ambiental","author":{"@id":"https:\/\/www.jornalja.com.br\/arquivo\/author\/daredacao\/#author"},"publisher":{"@id":"https:\/\/www.jornalja.com.br\/arquivo\/#organization"},"image":{"@type":"ImageObject","url":47483},"datePublished":"2017-06-05T02:44:05-03:00","dateModified":"2017-06-05T02:44:05-03:00","inLanguage":"pt-BR","mainEntityOfPage":{"@id":"https:\/\/www.jornalja.com.br\/arquivo\/entidades-denunciam-desmonte-da-area-ambiental\/#webpage"},"isPartOf":{"@id":"https:\/\/www.jornalja.com.br\/arquivo\/entidades-denunciam-desmonte-da-area-ambiental\/#webpage"},"articleSection":"Geral"},{"@type":"BreadcrumbList","@id":"https:\/\/www.jornalja.com.br\/arquivo\/entidades-denunciam-desmonte-da-area-ambiental\/#breadcrumblist","itemListElement":[{"@type":"ListItem","@id":"https:\/\/www.jornalja.com.br\/arquivo#listItem","position":1,"name":"Home","item":"https:\/\/www.jornalja.com.br\/arquivo","nextItem":{"@type":"ListItem","@id":"https:\/\/www.jornalja.com.br\/arquivo\/category\/geral\/#listItem","name":"Geral"}},{"@type":"ListItem","@id":"https:\/\/www.jornalja.com.br\/arquivo\/category\/geral\/#listItem","position":2,"name":"Geral","item":"https:\/\/www.jornalja.com.br\/arquivo\/category\/geral\/","nextItem":{"@type":"ListItem","@id":"https:\/\/www.jornalja.com.br\/arquivo\/entidades-denunciam-desmonte-da-area-ambiental\/#listItem","name":"Entidades denunciam desmonte da \u00e1rea ambiental"},"previousItem":{"@type":"ListItem","@id":"https:\/\/www.jornalja.com.br\/arquivo#listItem","name":"Home"}},{"@type":"ListItem","@id":"https:\/\/www.jornalja.com.br\/arquivo\/entidades-denunciam-desmonte-da-area-ambiental\/#listItem","position":3,"name":"Entidades denunciam desmonte da \u00e1rea ambiental","previousItem":{"@type":"ListItem","@id":"https:\/\/www.jornalja.com.br\/arquivo\/category\/geral\/#listItem","name":"Geral"}}]},{"@type":"Organization","@id":"https:\/\/www.jornalja.com.br\/arquivo\/#organization","name":"Jornal J\u00c1","description":"Jornal J\u00c1 | Porto Alegre","url":"https:\/\/www.jornalja.com.br\/arquivo\/","telephone":"+555133307272","logo":{"@type":"ImageObject","url":"https:\/\/www.jornalja.com.br\/wp-content\/uploads\/cards\/JAslogan.png","@id":"https:\/\/www.jornalja.com.br\/arquivo\/entidades-denunciam-desmonte-da-area-ambiental\/#organizationLogo"},"image":{"@id":"https:\/\/www.jornalja.com.br\/arquivo\/entidades-denunciam-desmonte-da-area-ambiental\/#organizationLogo"}},{"@type":"Person","@id":"https:\/\/www.jornalja.com.br\/arquivo\/author\/daredacao\/#author","url":"https:\/\/www.jornalja.com.br\/arquivo\/author\/daredacao\/","name":"da Reda\u00e7\u00e3o","image":{"@type":"ImageObject","@id":"https:\/\/www.jornalja.com.br\/arquivo\/entidades-denunciam-desmonte-da-area-ambiental\/#authorImage","url":"https:\/\/secure.gravatar.com\/avatar\/469fd857d6605ad19919d27ed29d35a968a25f6e8fd9318356bbb7f57aae9c65?s=96&d=mm&r=g","width":96,"height":96,"caption":"da Reda\u00e7\u00e3o"}},{"@type":"WebPage","@id":"https:\/\/www.jornalja.com.br\/arquivo\/entidades-denunciam-desmonte-da-area-ambiental\/#webpage","url":"https:\/\/www.jornalja.com.br\/arquivo\/entidades-denunciam-desmonte-da-area-ambiental\/","name":"Entidades denunciam desmonte da \u00e1rea ambiental | Arquivo","inLanguage":"pt-BR","isPartOf":{"@id":"https:\/\/www.jornalja.com.br\/arquivo\/#website"},"breadcrumb":{"@id":"https:\/\/www.jornalja.com.br\/arquivo\/entidades-denunciam-desmonte-da-area-ambiental\/#breadcrumblist"},"author":{"@id":"https:\/\/www.jornalja.com.br\/arquivo\/author\/daredacao\/#author"},"creator":{"@id":"https:\/\/www.jornalja.com.br\/arquivo\/author\/daredacao\/#author"},"image":{"@type":"ImageObject","url":47483,"@id":"https:\/\/www.jornalja.com.br\/arquivo\/entidades-denunciam-desmonte-da-area-ambiental\/#mainImage"},"primaryImageOfPage":{"@id":"https:\/\/www.jornalja.com.br\/arquivo\/entidades-denunciam-desmonte-da-area-ambiental\/#mainImage"},"datePublished":"2017-06-05T02:44:05-03:00","dateModified":"2017-06-05T02:44:05-03:00"},{"@type":"WebSite","@id":"https:\/\/www.jornalja.com.br\/arquivo\/#website","url":"https:\/\/www.jornalja.com.br\/arquivo\/","name":"Arquivo","description":"Jornal J\u00c1 | Porto Alegre","inLanguage":"pt-BR","publisher":{"@id":"https:\/\/www.jornalja.com.br\/arquivo\/#organization"}}]},"og:locale":"pt_BR","og:site_name":"Arquivo | Jornal J\u00c1 | Porto Alegre","og:type":"article","og:title":"Entidades denunciam desmonte da \u00e1rea ambiental | Arquivo","og:url":"https:\/\/www.jornalja.com.br\/arquivo\/entidades-denunciam-desmonte-da-area-ambiental\/","og:image":"https:\/\/www.jornalja.com.br\/economics\/wp-content\/uploads\/sites\/11\/2026\/08\/ja-folhaderosto-facebook.jpg","og:image:secure_url":"https:\/\/www.jornalja.com.br\/economics\/wp-content\/uploads\/sites\/11\/2026\/08\/ja-folhaderosto-facebook.jpg","article:published_time":"2017-06-05T05:44:05+00:00","article:modified_time":"2017-06-05T05:44:05+00:00","twitter:card":"summary","twitter:title":"Entidades denunciam desmonte da \u00e1rea ambiental | Arquivo","twitter:image":"https:\/\/www.jornalja.com.br\/economics\/wp-content\/uploads\/sites\/11\/2026\/08\/ja-folhaderosto-facebook.jpg"},"aioseo_meta_data":{"post_id":"49449","title":null,"description":null,"keywords":null,"keyphrases":null,"primary_term":null,"canonical_url":null,"og_title":null,"og_description":null,"og_object_type":"default","og_image_type":"default","og_image_url":null,"og_image_width":null,"og_image_height":null,"og_image_custom_url":null,"og_image_custom_fields":null,"og_video":null,"og_custom_url":null,"og_article_section":null,"og_article_tags":null,"twitter_use_og":false,"twitter_card":"default","twitter_image_type":"default","twitter_image_url":null,"twitter_image_custom_url":null,"twitter_image_custom_fields":null,"twitter_title":null,"twitter_description":null,"schema":{"blockGraphs":[],"customGraphs":[],"default":{"data":{"Article":[],"Course":[],"Dataset":[],"FAQPage":[],"Movie":[],"Person":[],"Product":[],"ProductReview":[],"Car":[],"Recipe":[],"Service":[],"SoftwareApplication":[],"WebPage":[]},"graphName":"","isEnabled":true},"graphs":[]},"schema_type":null,"schema_type_options":null,"pillar_content":false,"robots_default":true,"robots_noindex":false,"robots_noarchive":false,"robots_nosnippet":false,"robots_nofollow":false,"robots_noimageindex":false,"robots_noodp":false,"robots_notranslate":false,"robots_max_snippet":null,"robots_max_videopreview":null,"robots_max_imagepreview":"large","priority":null,"frequency":null,"location":null,"local_seo":null,"breadcrumb_settings":null,"limit_modified_date":false,"ai":null,"created":"2020-12-20 20:32:48","updated":"2025-07-19 21:56:13","seo_analyzer_scan_date":null,"focus_keyword":null,"additional_keywords":null,"truseo_locale":null},"jetpack_sharing_enabled":true,"jetpack-related-posts":[{"id":13109,"url":"https:\/\/www.jornalja.com.br\/arquivo\/judiciario-reconhece-poluicao-eletromagnetica\/","url_meta":{"origin":49449,"position":0},"title":"Judici\u00e1rio reconhece polui\u00e7\u00e3o eletromagn\u00e9tica","author":"Patr\u00edcia Marini","date":"16 de maio de 2014","format":false,"excerpt":"A\u00e7\u00e3o de duas associa\u00e7\u00f5es de moradores foi acolhida pelo Tribunal de Justi\u00e7a de S\u00e3o Paulo que. em decis\u00e3o in\u00e9dita, determinou a redu\u00e7\u00e3o do campo eletromagn\u00e9tico gerado pelas linhas de transmiss\u00e3o de energia que cortam os bairros City Boa\u00e7ava e Alto de Pinheiros. \u00c9 a primeira vez que um tribunal do\u2026","rel":"","context":"Em &quot;X.Categorias velhas&quot;","block_context":{"text":"X.Categorias velhas","link":"https:\/\/www.jornalja.com.br\/arquivo\/category\/x-categorias-velhas\/"},"img":{"alt_text":"","src":"","width":0,"height":0},"classes":[]},{"id":13240,"url":"https:\/\/www.jornalja.com.br\/arquivo\/plano-diretor-estamos-construindo-o-caos\/","url_meta":{"origin":49449,"position":1},"title":"Plano diretor: &quot;Estamos construindo o caos&quot;","author":"Patr\u00edcia Marini","date":"26 de maio de 2014","format":false,"excerpt":"Desabafo que arquiteta Eliana Castilhos, delegada da Regi\u00e3o de Planejamento 1, postou nas redes sociais \u00e9 um testemunho do ambiente que se criou no Conselho do Plano Diretor de Porto Alegre, onde a aprova\u00e7\u00e3o de grandes empreendimentos \u00e9 empurrada guela abaixo dos conselheiros. Ao CMDUA Como delegada da Regi\u00e3o de\u2026","rel":"","context":"Em &quot;Geral&quot;","block_context":{"text":"Geral","link":"https:\/\/www.jornalja.com.br\/arquivo\/category\/geral\/"},"img":{"alt_text":"","src":"","width":0,"height":0},"classes":[]},{"id":13101,"url":"https:\/\/www.jornalja.com.br\/arquivo\/morre-um-guerreiro-do-texto\/","url_meta":{"origin":49449,"position":2},"title":"Morre um guerreiro do texto","author":"Patr\u00edcia Marini","date":"14 de maio de 2014","format":false,"excerpt":"Por Ricardo Kotscho Reproduzido do blog do autor, 11\/5\/2014; t\u00edtulo original \u201cE l\u00e1 se foi o nosso Myltainho, guerreiro do texto\u201d. Mi\u00fado e franzino, meu amigo Myltainho era um valente e inconformado guerreiro na luta contra as injusti\u00e7as sociais, a hipocrisia, as maracutaias, o autoritarismo, a intoler\u00e2ncia, a viol\u00eancia, o\u2026","rel":"","context":"Em &quot;Geral&quot;","block_context":{"text":"Geral","link":"https:\/\/www.jornalja.com.br\/arquivo\/category\/geral\/"},"img":{"alt_text":"","src":"","width":0,"height":0},"classes":[]},{"id":5440,"url":"https:\/\/www.jornalja.com.br\/arquivo\/casarao-da-venancio-destino-permanece-incerto\/","url_meta":{"origin":49449,"position":3},"title":"Estado ainda n\u00e3o sabe o que fazer com casar\u00e3o abandonado h\u00e1 20 anos","author":"Elmar Bones","date":"6 de julho de 2009","format":false,"excerpt":"O casar\u00e3o amarelo, numa esquina nobre de Porto Alegre (Ven\u00e2ncio Aires com Jo\u00e3o Pessoa), j\u00e1 abrigou uma escola. H\u00e1 duas d\u00e9cadas, pelo menos, est\u00e1 abandonado, porque seu propriet\u00e1rio, o governo do Estado do Rio Grande do Sul, n\u00e3o consegue achar um destino para ele. Planos n\u00e3o faltaram. O governador Ol\u00edvio\u2026","rel":"","context":"Em &quot;X.Categorias velhas&quot;","block_context":{"text":"X.Categorias velhas","link":"https:\/\/www.jornalja.com.br\/arquivo\/category\/x-categorias-velhas\/"},"img":{"alt_text":"geraldo1","src":"https:\/\/i0.wp.com\/www.jornalja.com.br\/wp-content\/uploads\/2009\/07\/geraldo1.jpg?resize=350%2C200&ssl=1","width":350,"height":200},"classes":[]},{"id":13124,"url":"https:\/\/www.jornalja.com.br\/arquivo\/sangue-latino-no-iecine\/","url_meta":{"origin":49449,"position":4},"title":"Sangue latino no IECINE","author":"da Reda\u00e7\u00e3o","date":"18 de maio de 2014","format":false,"excerpt":"Francisco Ribeiro O Instituto Estadual de Cinema (IECINE) tem a frente, desde abril \u00faltimo, um novo diretor, o cineasta colombiano Juan Zapata, 36, que substitui Luiz Alberto Cassol. Radicado h\u00e1 dez anos em Porto Alegre, Zapata tem diante de si o desafio de conduzir at\u00e9 o final do ano um\u2026","rel":"","context":"Em &quot;Cultura-Geral&quot;","block_context":{"text":"Cultura-Geral","link":"https:\/\/www.jornalja.com.br\/arquivo\/category\/materiasecundaria\/"},"img":{"alt_text":"","src":"","width":0,"height":0},"classes":[]},{"id":14241,"url":"https:\/\/www.jornalja.com.br\/arquivo\/o-guaiba-nas-imagens-poeticas-de-achutti\/","url_meta":{"origin":49449,"position":5},"title":"O Gua\u00edba nas imagens po\u00e9ticas de Achutti","author":"da Reda\u00e7\u00e3o","date":"18 de junho de 2014","format":false,"excerpt":"Em \u201cO Gua\u00edba por Achutti\u201d \u2013 obra financiada via Minist\u00e9rio da Cultura, produ\u00e7\u00e3o executiva de Pedro Longhi, e Fl\u00e1vio Wild como designer \u2013, o fot\u00f3grafo revela a beleza e as mazelas de um espa\u00e7o aqu\u00e1tico de \u00e1guas sempre renovadas, cheio de hist\u00f3rias e lendas como as das cidades que foram\u2026","rel":"","context":"Em &quot;Cultura-Geral&quot;","block_context":{"text":"Cultura-Geral","link":"https:\/\/www.jornalja.com.br\/arquivo\/category\/materiasecundaria\/"},"img":{"alt_text":"","src":"","width":0,"height":0},"classes":[]}],"jetpack_shortlink":"https:\/\/wp.me\/pbQjBd-cRz","jetpack_featured_media_url":"","_links":{"self":[{"href":"https:\/\/www.jornalja.com.br\/arquivo\/wp-json\/wp\/v2\/posts\/49449","targetHints":{"allow":["GET"]}}],"collection":[{"href":"https:\/\/www.jornalja.com.br\/arquivo\/wp-json\/wp\/v2\/posts"}],"about":[{"href":"https:\/\/www.jornalja.com.br\/arquivo\/wp-json\/wp\/v2\/types\/post"}],"author":[{"embeddable":true,"href":"https:\/\/www.jornalja.com.br\/arquivo\/wp-json\/wp\/v2\/users\/4"}],"replies":[{"embeddable":true,"href":"https:\/\/www.jornalja.com.br\/arquivo\/wp-json\/wp\/v2\/comments?post=49449"}],"version-history":[{"count":0,"href":"https:\/\/www.jornalja.com.br\/arquivo\/wp-json\/wp\/v2\/posts\/49449\/revisions"}],"wp:attachment":[{"href":"https:\/\/www.jornalja.com.br\/arquivo\/wp-json\/wp\/v2\/media?parent=49449"}],"wp:term":[{"taxonomy":"category","embeddable":true,"href":"https:\/\/www.jornalja.com.br\/arquivo\/wp-json\/wp\/v2\/categories?post=49449"},{"taxonomy":"post_tag","embeddable":true,"href":"https:\/\/www.jornalja.com.br\/arquivo\/wp-json\/wp\/v2\/tags?post=49449"}],"curies":[{"name":"wp","href":"https:\/\/api.w.org\/{rel}","templated":true}]}}