{"id":49508,"date":"2017-06-05T08:43:52","date_gmt":"2017-06-05T11:43:52","guid":{"rendered":"https:\/\/www.jornalja.com.br\/?p=49508"},"modified":"2017-06-05T08:43:52","modified_gmt":"2017-06-05T11:43:52","slug":"ambientalistas-condenam-reducao-das-areas-protegidas-na-amazonia","status":"publish","type":"post","link":"https:\/\/www.jornalja.com.br\/arquivo\/ambientalistas-condenam-reducao-das-areas-protegidas-na-amazonia\/","title":{"rendered":"Ambientalistas condenam redu\u00e7\u00e3o das \u00e1reas protegidas na Amaz\u00f4nia"},"content":{"rendered":"<p>No Dia Mundial do Meio Ambiente, celebrado nesta segunda-feira, 5, entidades da sociedade civil e governamentais pedem ao presidente Michel Temer que vete integralmente as Medidas Provis\u00f3rias (MPs) 756\/2016 e 758\/2016, que tratam da altera\u00e7\u00e3o de limites da Floresta Nacional de Jamanxim e do Parque Nacional de Jamanxim, no oeste do Par\u00e1.<br \/>\nA Coaliz\u00e3o Brasil Clima, Florestas e Agricultura, movimento composto por empresas e entidades do agroneg\u00f3cio, tamb\u00e9m solicitou, em carta ao presidente Michel Temer, que vete as MPs aprovadas pelo Congresso Nacional. O grupo entende que as medidas colocam em risco a reputa\u00e7\u00e3o do pr\u00f3prio agroneg\u00f3cio brasileiro, que tem se esfor\u00e7ado para vender uma imagem internacional \u201cverde\u201d. \u201cAs medidas aprovadas pelo Senado afetar\u00e3o a seguran\u00e7a jur\u00eddica e prejudicar\u00e3o os investimentos no pa\u00eds, afastando investidores e consumidores exigentes de sistemas produtivos sustent\u00e1veis\u201d, diz a carta.<br \/>\n\u201cA aprova\u00e7\u00e3o dessas MPs vai na dire\u00e7\u00e3o contr\u00e1ria \u00e0 prote\u00e7\u00e3o do meio ambiente e ao combate ao desmatamento crescente nos biomas brasileiros e compromete a credibilidade das necess\u00e1rias iniciativas de desenvolvimento econ\u00f4mico no Pa\u00eds. Essas medidas, que trazem danos irrepar\u00e1veis \u00e0 biodiversidade e ao clima, resultar\u00e3o no beneficiamento de alguns poucos indiv\u00edduos em detrimento do interesse nacional\u201d, afirma a carta da Coaliz\u00e3o, argumentando ainda que a regulariza\u00e7\u00e3o fundi\u00e1ria de \u00e1reas que apresentaram desmatamento ilegal n\u00e3o pode ser autorizada pelo governo.<br \/>\nC\u00e1lculos do Instituto de Pesquisa Ambiental da Amaz\u00f4nia (Ipam), citados pela Coaliz\u00e3o, indicam que, at\u00e9 2030, a redu\u00e7\u00e3o da floresta nacional pode resultar em 140 milh\u00f5es de toneladas de CO2 (di\u00f3xido de carbono, tamb\u00e9m conhecido como g\u00e1s carb\u00f4nico) a mais na atmosfera. Isso equivale a mais do que o dobro de tudo o que todos os autom\u00f3veis do Brasil emitiram em 2015.<br \/>\nPara o diretor executivo do WWF-Brasil, Maur\u00edcio Voivodic, sancionar essas MPs abre um precedente muito perigoso para que outras \u00e1reas protegidas na Amaz\u00f4nia venham a ser reduzidas.<br \/>\n\u201cAs \u00e1reas protegidas deveriam aumentar j\u00e1 que o Brasil tem compromissos internacionais, firmado em conven\u00e7\u00f5es do clima e da biodiversidade. \u201cNos \u00faltimos dois anos, a taxa de desmatamento na Amaz\u00f4nia aumentou 60%. Mas dentre esses compromissos o principal \u00e9 reduzir o desmatamento, reduzir as emiss\u00f5es. S\u00f3 que com esse sinal vai realmente na dire\u00e7\u00e3o oposta do que o Brasil vinha se propondo e do que o brasileiro quer, que \u00e9 uma Amaz\u00f4nia protegida\u201d, afirmou.<br \/>\n<span class=\"intertit\">Acordo de Paris<\/span><br \/>\nEntre as metas brasileiras no Acordo de Paris sobre mudan\u00e7as clim\u00e1ticas est\u00e1 zerar o desmatamento ilegal na Amaz\u00f4nia e recuperar 12 milh\u00f5es de hectares de florestas. As MPs retiram de prote\u00e7\u00e3o 406 mil hectares da Floresta Nacional do Jamanxim, no Par\u00e1, e 102 mil hectares do Parque Nacional do Jamanxim, na mesma regi\u00e3o, al\u00e9m de 10 mil hectares do Parque Nacional de S\u00e3o Joaquim, em Santa Catarina.\u00a0 A perda refere-se a uma \u00e1rea equivalente a quatro vezes o munic\u00edpio de S\u00e3o Paulo ou o territ\u00f3rio do Distrito Federal.<br \/>\nO Minist\u00e9rio do Meio Ambiente (MMA)\u00a0 e o Instituto Chico Mendes de Conserva\u00e7\u00e3o da Biodiversidade (ICMBio) tamb\u00e9m pediram veto \u00e0s MPs. \u201cA \u00e1rea onde se localiza Jamanxim tem sido palco de frequentes conflitos fundi\u00e1rios e de atividades ilegais de extra\u00e7\u00e3o de madeira e min\u00e9rios, associadas \u00e0 grilagem de terra e \u00e0 aus\u00eancia de regramento ambiental, com reflexos na escalada da criminalidade e da viol\u00eancia contra agentes p\u00fablicos. Os textos aprovados prejudicam a implanta\u00e7\u00e3o das pol\u00edticas de governo adequadas para enfrentar essas quest\u00f5es\u201d, diz o MMA, em nota, lembrando tamb\u00e9m que a valoriza\u00e7\u00e3o da floresta em p\u00e9 t\u00eam import\u00e2ncia central nos compromissos assumidos no Acordo de Paris.<br \/>\nCelebrando o Dia Mundial do Meio Ambiente, hoje, est\u00e1 previsto que o presidente Michel Temer assine um decreto presidencial ampliando a \u00e1rea do Parque Nacional da Chapada dos Veadeiros, em Goi\u00e1s, e apresente outras medidas de preserva\u00e7\u00e3o. \u201cEstamos muitos felizes com esses sinais dados. \u00c9 o caminhos que queremos. Mas a cria\u00e7\u00e3o de novas \u00e1reas protegidas no Brasil n\u00e3o pode se tornar compensa\u00e7\u00e3o para redu\u00e7\u00e3o de \u00e1reas na Amaz\u00f4nia. Para manter a consist\u00eancia, espero que ele anuncie essa nova \u00e1reas e anuncie o veto\u201d, disse o diretor executivo do WWF-Brasil. O presidente Temer tem at\u00e9 o dia 19 de junho para sancionar ou vetar as MPs.<br \/>\n<strong>Andreia Verd\u00e9lio &#8211; Ag\u00eancia Brasil<\/strong><\/p>\n","protected":false},"excerpt":{"rendered":"<p>No Dia Mundial do Meio Ambiente, celebrado nesta segunda-feira, 5, entidades da sociedade civil e governamentais pedem ao presidente Michel Temer que vete integralmente as Medidas Provis\u00f3rias (MPs) 756\/2016 e 758\/2016, que tratam da altera\u00e7\u00e3o de limites da Floresta Nacional de Jamanxim e do Parque Nacional de Jamanxim, no oeste do Par\u00e1. A Coaliz\u00e3o Brasil [&hellip;]<\/p>\n","protected":false},"author":4,"featured_media":0,"comment_status":"open","ping_status":"closed","sticky":false,"template":"","format":"standard","meta":{"_jetpack_newsletter_access":"","_jetpack_dont_email_post_to_subs":false,"_jetpack_newsletter_tier_id":0,"_jetpack_memberships_contains_paywalled_content":false,"_jetpack_feature_clip_id":0,"_jetpack_memberships_contains_paid_content":false,"footnotes":"","jetpack_post_was_ever_published":false},"categories":[26],"tags":[],"class_list":["post-49508","post","type-post","status-publish","format-standard","hentry","category-geral"],"aioseo_notices":[],"aioseo_head":"\n\t\t<!-- All in One SEO 5.0.1.1 - aioseo.com -->\n\t<meta name=\"robots\" content=\"max-image-preview:large\" \/>\n\t<meta name=\"author\" content=\"da Reda\u00e7\u00e3o\"\/>\n\t<link rel=\"canonical\" href=\"https:\/\/www.jornalja.com.br\/arquivo\/ambientalistas-condenam-reducao-das-areas-protegidas-na-amazonia\/\" \/>\n\t<meta name=\"generator\" content=\"All in One SEO (AIOSEO) 5.0.1.1\" \/>\n\t\t<meta property=\"og:locale\" content=\"pt_BR\" \/>\n\t\t<meta property=\"og:site_name\" content=\"Arquivo | Jornal J\u00c1 | Porto Alegre\" \/>\n\t\t<meta property=\"og:type\" content=\"article\" \/>\n\t\t<meta property=\"og:title\" content=\"Ambientalistas condenam redu\u00e7\u00e3o das \u00e1reas protegidas na Amaz\u00f4nia | Arquivo\" \/>\n\t\t<meta property=\"og:url\" content=\"https:\/\/www.jornalja.com.br\/arquivo\/ambientalistas-condenam-reducao-das-areas-protegidas-na-amazonia\/\" \/>\n\t\t<meta property=\"og:image\" content=\"https:\/\/www.jornalja.com.br\/economics\/wp-content\/uploads\/sites\/11\/2026\/08\/ja-folhaderosto-facebook.jpg\" \/>\n\t\t<meta property=\"og:image:secure_url\" content=\"https:\/\/www.jornalja.com.br\/economics\/wp-content\/uploads\/sites\/11\/2026\/08\/ja-folhaderosto-facebook.jpg\" \/>\n\t\t<meta property=\"article:published_time\" content=\"2017-06-05T11:43:52+00:00\" \/>\n\t\t<meta property=\"article:modified_time\" content=\"2017-06-05T11:43:52+00:00\" \/>\n\t\t<meta name=\"twitter:card\" content=\"summary\" \/>\n\t\t<meta name=\"twitter:title\" content=\"Ambientalistas condenam redu\u00e7\u00e3o das \u00e1reas protegidas na Amaz\u00f4nia | Arquivo\" \/>\n\t\t<meta name=\"twitter:image\" content=\"https:\/\/www.jornalja.com.br\/economics\/wp-content\/uploads\/sites\/11\/2026\/08\/ja-folhaderosto-facebook.jpg\" \/>\n\t\t<script type=\"application\/ld+json\" class=\"aioseo-schema\">\n\t\t\t{\"@context\":\"https:\\\/\\\/schema.org\",\"@graph\":[{\"@type\":\"BlogPosting\",\"@id\":\"https:\\\/\\\/www.jornalja.com.br\\\/arquivo\\\/ambientalistas-condenam-reducao-das-areas-protegidas-na-amazonia\\\/#blogposting\",\"name\":\"Ambientalistas condenam redu\\u00e7\\u00e3o das \\u00e1reas protegidas na Amaz\\u00f4nia | Arquivo\",\"headline\":\"Ambientalistas condenam redu\\u00e7\\u00e3o das \\u00e1reas protegidas na Amaz\\u00f4nia\",\"author\":{\"@id\":\"https:\\\/\\\/www.jornalja.com.br\\\/arquivo\\\/author\\\/daredacao\\\/#author\"},\"publisher\":{\"@id\":\"https:\\\/\\\/www.jornalja.com.br\\\/arquivo\\\/#organization\"},\"image\":{\"@type\":\"ImageObject\",\"url\":\"https:\\\/\\\/www.jornalja.com.br\\\/wp-content\\\/uploads\\\/cards\\\/JAslogan.png\",\"@id\":\"https:\\\/\\\/www.jornalja.com.br\\\/arquivo\\\/#articleImage\"},\"datePublished\":\"2017-06-05T08:43:52-03:00\",\"dateModified\":\"2017-06-05T08:43:52-03:00\",\"inLanguage\":\"pt-BR\",\"mainEntityOfPage\":{\"@id\":\"https:\\\/\\\/www.jornalja.com.br\\\/arquivo\\\/ambientalistas-condenam-reducao-das-areas-protegidas-na-amazonia\\\/#webpage\"},\"isPartOf\":{\"@id\":\"https:\\\/\\\/www.jornalja.com.br\\\/arquivo\\\/ambientalistas-condenam-reducao-das-areas-protegidas-na-amazonia\\\/#webpage\"},\"articleSection\":\"Geral\"},{\"@type\":\"BreadcrumbList\",\"@id\":\"https:\\\/\\\/www.jornalja.com.br\\\/arquivo\\\/ambientalistas-condenam-reducao-das-areas-protegidas-na-amazonia\\\/#breadcrumblist\",\"itemListElement\":[{\"@type\":\"ListItem\",\"@id\":\"https:\\\/\\\/www.jornalja.com.br\\\/arquivo#listItem\",\"position\":1,\"name\":\"Home\",\"item\":\"https:\\\/\\\/www.jornalja.com.br\\\/arquivo\",\"nextItem\":{\"@type\":\"ListItem\",\"@id\":\"https:\\\/\\\/www.jornalja.com.br\\\/arquivo\\\/category\\\/geral\\\/#listItem\",\"name\":\"Geral\"}},{\"@type\":\"ListItem\",\"@id\":\"https:\\\/\\\/www.jornalja.com.br\\\/arquivo\\\/category\\\/geral\\\/#listItem\",\"position\":2,\"name\":\"Geral\",\"item\":\"https:\\\/\\\/www.jornalja.com.br\\\/arquivo\\\/category\\\/geral\\\/\",\"nextItem\":{\"@type\":\"ListItem\",\"@id\":\"https:\\\/\\\/www.jornalja.com.br\\\/arquivo\\\/ambientalistas-condenam-reducao-das-areas-protegidas-na-amazonia\\\/#listItem\",\"name\":\"Ambientalistas condenam redu\\u00e7\\u00e3o das \\u00e1reas protegidas na Amaz\\u00f4nia\"},\"previousItem\":{\"@type\":\"ListItem\",\"@id\":\"https:\\\/\\\/www.jornalja.com.br\\\/arquivo#listItem\",\"name\":\"Home\"}},{\"@type\":\"ListItem\",\"@id\":\"https:\\\/\\\/www.jornalja.com.br\\\/arquivo\\\/ambientalistas-condenam-reducao-das-areas-protegidas-na-amazonia\\\/#listItem\",\"position\":3,\"name\":\"Ambientalistas condenam redu\\u00e7\\u00e3o das \\u00e1reas protegidas na Amaz\\u00f4nia\",\"previousItem\":{\"@type\":\"ListItem\",\"@id\":\"https:\\\/\\\/www.jornalja.com.br\\\/arquivo\\\/category\\\/geral\\\/#listItem\",\"name\":\"Geral\"}}]},{\"@type\":\"Organization\",\"@id\":\"https:\\\/\\\/www.jornalja.com.br\\\/arquivo\\\/#organization\",\"name\":\"Jornal J\\u00c1\",\"description\":\"Jornal J\\u00c1 | Porto Alegre\",\"url\":\"https:\\\/\\\/www.jornalja.com.br\\\/arquivo\\\/\",\"telephone\":\"+555133307272\",\"logo\":{\"@type\":\"ImageObject\",\"url\":\"https:\\\/\\\/www.jornalja.com.br\\\/wp-content\\\/uploads\\\/cards\\\/JAslogan.png\",\"@id\":\"https:\\\/\\\/www.jornalja.com.br\\\/arquivo\\\/ambientalistas-condenam-reducao-das-areas-protegidas-na-amazonia\\\/#organizationLogo\"},\"image\":{\"@id\":\"https:\\\/\\\/www.jornalja.com.br\\\/arquivo\\\/ambientalistas-condenam-reducao-das-areas-protegidas-na-amazonia\\\/#organizationLogo\"}},{\"@type\":\"Person\",\"@id\":\"https:\\\/\\\/www.jornalja.com.br\\\/arquivo\\\/author\\\/daredacao\\\/#author\",\"url\":\"https:\\\/\\\/www.jornalja.com.br\\\/arquivo\\\/author\\\/daredacao\\\/\",\"name\":\"da Reda\\u00e7\\u00e3o\",\"image\":{\"@type\":\"ImageObject\",\"@id\":\"https:\\\/\\\/www.jornalja.com.br\\\/arquivo\\\/ambientalistas-condenam-reducao-das-areas-protegidas-na-amazonia\\\/#authorImage\",\"url\":\"https:\\\/\\\/secure.gravatar.com\\\/avatar\\\/469fd857d6605ad19919d27ed29d35a968a25f6e8fd9318356bbb7f57aae9c65?s=96&d=mm&r=g\",\"width\":96,\"height\":96,\"caption\":\"da Reda\\u00e7\\u00e3o\"}},{\"@type\":\"WebPage\",\"@id\":\"https:\\\/\\\/www.jornalja.com.br\\\/arquivo\\\/ambientalistas-condenam-reducao-das-areas-protegidas-na-amazonia\\\/#webpage\",\"url\":\"https:\\\/\\\/www.jornalja.com.br\\\/arquivo\\\/ambientalistas-condenam-reducao-das-areas-protegidas-na-amazonia\\\/\",\"name\":\"Ambientalistas condenam redu\\u00e7\\u00e3o das \\u00e1reas protegidas na Amaz\\u00f4nia | Arquivo\",\"inLanguage\":\"pt-BR\",\"isPartOf\":{\"@id\":\"https:\\\/\\\/www.jornalja.com.br\\\/arquivo\\\/#website\"},\"breadcrumb\":{\"@id\":\"https:\\\/\\\/www.jornalja.com.br\\\/arquivo\\\/ambientalistas-condenam-reducao-das-areas-protegidas-na-amazonia\\\/#breadcrumblist\"},\"author\":{\"@id\":\"https:\\\/\\\/www.jornalja.com.br\\\/arquivo\\\/author\\\/daredacao\\\/#author\"},\"creator\":{\"@id\":\"https:\\\/\\\/www.jornalja.com.br\\\/arquivo\\\/author\\\/daredacao\\\/#author\"},\"datePublished\":\"2017-06-05T08:43:52-03:00\",\"dateModified\":\"2017-06-05T08:43:52-03:00\"},{\"@type\":\"WebSite\",\"@id\":\"https:\\\/\\\/www.jornalja.com.br\\\/arquivo\\\/#website\",\"url\":\"https:\\\/\\\/www.jornalja.com.br\\\/arquivo\\\/\",\"name\":\"Arquivo\",\"description\":\"Jornal J\\u00c1 | Porto Alegre\",\"inLanguage\":\"pt-BR\",\"publisher\":{\"@id\":\"https:\\\/\\\/www.jornalja.com.br\\\/arquivo\\\/#organization\"}}]}\n\t\t<\/script>\n\t\t<!-- All in One SEO -->\n\n","aioseo_head_json":{"title":"Ambientalistas condenam redu\u00e7\u00e3o das \u00e1reas protegidas na Amaz\u00f4nia | Arquivo","description":"","canonical_url":"https:\/\/www.jornalja.com.br\/arquivo\/ambientalistas-condenam-reducao-das-areas-protegidas-na-amazonia\/","robots":"max-image-preview:large","keywords":"","webmasterTools":{"miscellaneous":""},"schema":{"@context":"https:\/\/schema.org","@graph":[{"@type":"BlogPosting","@id":"https:\/\/www.jornalja.com.br\/arquivo\/ambientalistas-condenam-reducao-das-areas-protegidas-na-amazonia\/#blogposting","name":"Ambientalistas condenam redu\u00e7\u00e3o das \u00e1reas protegidas na Amaz\u00f4nia | Arquivo","headline":"Ambientalistas condenam redu\u00e7\u00e3o das \u00e1reas protegidas na Amaz\u00f4nia","author":{"@id":"https:\/\/www.jornalja.com.br\/arquivo\/author\/daredacao\/#author"},"publisher":{"@id":"https:\/\/www.jornalja.com.br\/arquivo\/#organization"},"image":{"@type":"ImageObject","url":"https:\/\/www.jornalja.com.br\/wp-content\/uploads\/cards\/JAslogan.png","@id":"https:\/\/www.jornalja.com.br\/arquivo\/#articleImage"},"datePublished":"2017-06-05T08:43:52-03:00","dateModified":"2017-06-05T08:43:52-03:00","inLanguage":"pt-BR","mainEntityOfPage":{"@id":"https:\/\/www.jornalja.com.br\/arquivo\/ambientalistas-condenam-reducao-das-areas-protegidas-na-amazonia\/#webpage"},"isPartOf":{"@id":"https:\/\/www.jornalja.com.br\/arquivo\/ambientalistas-condenam-reducao-das-areas-protegidas-na-amazonia\/#webpage"},"articleSection":"Geral"},{"@type":"BreadcrumbList","@id":"https:\/\/www.jornalja.com.br\/arquivo\/ambientalistas-condenam-reducao-das-areas-protegidas-na-amazonia\/#breadcrumblist","itemListElement":[{"@type":"ListItem","@id":"https:\/\/www.jornalja.com.br\/arquivo#listItem","position":1,"name":"Home","item":"https:\/\/www.jornalja.com.br\/arquivo","nextItem":{"@type":"ListItem","@id":"https:\/\/www.jornalja.com.br\/arquivo\/category\/geral\/#listItem","name":"Geral"}},{"@type":"ListItem","@id":"https:\/\/www.jornalja.com.br\/arquivo\/category\/geral\/#listItem","position":2,"name":"Geral","item":"https:\/\/www.jornalja.com.br\/arquivo\/category\/geral\/","nextItem":{"@type":"ListItem","@id":"https:\/\/www.jornalja.com.br\/arquivo\/ambientalistas-condenam-reducao-das-areas-protegidas-na-amazonia\/#listItem","name":"Ambientalistas condenam redu\u00e7\u00e3o das \u00e1reas protegidas na Amaz\u00f4nia"},"previousItem":{"@type":"ListItem","@id":"https:\/\/www.jornalja.com.br\/arquivo#listItem","name":"Home"}},{"@type":"ListItem","@id":"https:\/\/www.jornalja.com.br\/arquivo\/ambientalistas-condenam-reducao-das-areas-protegidas-na-amazonia\/#listItem","position":3,"name":"Ambientalistas condenam redu\u00e7\u00e3o das \u00e1reas protegidas na Amaz\u00f4nia","previousItem":{"@type":"ListItem","@id":"https:\/\/www.jornalja.com.br\/arquivo\/category\/geral\/#listItem","name":"Geral"}}]},{"@type":"Organization","@id":"https:\/\/www.jornalja.com.br\/arquivo\/#organization","name":"Jornal J\u00c1","description":"Jornal J\u00c1 | Porto Alegre","url":"https:\/\/www.jornalja.com.br\/arquivo\/","telephone":"+555133307272","logo":{"@type":"ImageObject","url":"https:\/\/www.jornalja.com.br\/wp-content\/uploads\/cards\/JAslogan.png","@id":"https:\/\/www.jornalja.com.br\/arquivo\/ambientalistas-condenam-reducao-das-areas-protegidas-na-amazonia\/#organizationLogo"},"image":{"@id":"https:\/\/www.jornalja.com.br\/arquivo\/ambientalistas-condenam-reducao-das-areas-protegidas-na-amazonia\/#organizationLogo"}},{"@type":"Person","@id":"https:\/\/www.jornalja.com.br\/arquivo\/author\/daredacao\/#author","url":"https:\/\/www.jornalja.com.br\/arquivo\/author\/daredacao\/","name":"da Reda\u00e7\u00e3o","image":{"@type":"ImageObject","@id":"https:\/\/www.jornalja.com.br\/arquivo\/ambientalistas-condenam-reducao-das-areas-protegidas-na-amazonia\/#authorImage","url":"https:\/\/secure.gravatar.com\/avatar\/469fd857d6605ad19919d27ed29d35a968a25f6e8fd9318356bbb7f57aae9c65?s=96&d=mm&r=g","width":96,"height":96,"caption":"da Reda\u00e7\u00e3o"}},{"@type":"WebPage","@id":"https:\/\/www.jornalja.com.br\/arquivo\/ambientalistas-condenam-reducao-das-areas-protegidas-na-amazonia\/#webpage","url":"https:\/\/www.jornalja.com.br\/arquivo\/ambientalistas-condenam-reducao-das-areas-protegidas-na-amazonia\/","name":"Ambientalistas condenam redu\u00e7\u00e3o das \u00e1reas protegidas na Amaz\u00f4nia | Arquivo","inLanguage":"pt-BR","isPartOf":{"@id":"https:\/\/www.jornalja.com.br\/arquivo\/#website"},"breadcrumb":{"@id":"https:\/\/www.jornalja.com.br\/arquivo\/ambientalistas-condenam-reducao-das-areas-protegidas-na-amazonia\/#breadcrumblist"},"author":{"@id":"https:\/\/www.jornalja.com.br\/arquivo\/author\/daredacao\/#author"},"creator":{"@id":"https:\/\/www.jornalja.com.br\/arquivo\/author\/daredacao\/#author"},"datePublished":"2017-06-05T08:43:52-03:00","dateModified":"2017-06-05T08:43:52-03:00"},{"@type":"WebSite","@id":"https:\/\/www.jornalja.com.br\/arquivo\/#website","url":"https:\/\/www.jornalja.com.br\/arquivo\/","name":"Arquivo","description":"Jornal J\u00c1 | Porto Alegre","inLanguage":"pt-BR","publisher":{"@id":"https:\/\/www.jornalja.com.br\/arquivo\/#organization"}}]},"og:locale":"pt_BR","og:site_name":"Arquivo | Jornal J\u00c1 | Porto Alegre","og:type":"article","og:title":"Ambientalistas condenam redu\u00e7\u00e3o das \u00e1reas protegidas na Amaz\u00f4nia | Arquivo","og:url":"https:\/\/www.jornalja.com.br\/arquivo\/ambientalistas-condenam-reducao-das-areas-protegidas-na-amazonia\/","og:image":"https:\/\/www.jornalja.com.br\/economics\/wp-content\/uploads\/sites\/11\/2026\/08\/ja-folhaderosto-facebook.jpg","og:image:secure_url":"https:\/\/www.jornalja.com.br\/economics\/wp-content\/uploads\/sites\/11\/2026\/08\/ja-folhaderosto-facebook.jpg","article:published_time":"2017-06-05T11:43:52+00:00","article:modified_time":"2017-06-05T11:43:52+00:00","twitter:card":"summary","twitter:title":"Ambientalistas condenam redu\u00e7\u00e3o das \u00e1reas protegidas na Amaz\u00f4nia | Arquivo","twitter:image":"https:\/\/www.jornalja.com.br\/economics\/wp-content\/uploads\/sites\/11\/2026\/08\/ja-folhaderosto-facebook.jpg"},"aioseo_meta_data":{"post_id":"49508","title":null,"description":null,"keywords":null,"keyphrases":null,"primary_term":null,"canonical_url":null,"og_title":null,"og_description":null,"og_object_type":"default","og_image_type":"default","og_image_url":null,"og_image_width":null,"og_image_height":null,"og_image_custom_url":null,"og_image_custom_fields":null,"og_video":null,"og_custom_url":null,"og_article_section":null,"og_article_tags":null,"twitter_use_og":false,"twitter_card":"default","twitter_image_type":"default","twitter_image_url":null,"twitter_image_custom_url":null,"twitter_image_custom_fields":null,"twitter_title":null,"twitter_description":null,"schema":{"blockGraphs":[],"customGraphs":[],"default":{"data":{"Article":[],"Course":[],"Dataset":[],"FAQPage":[],"Movie":[],"Person":[],"Product":[],"ProductReview":[],"Car":[],"Recipe":[],"Service":[],"SoftwareApplication":[],"WebPage":[]},"graphName":"","isEnabled":true},"graphs":[],"defaultGraph":"","defaultPostTypeGraph":""},"schema_type":null,"schema_type_options":null,"pillar_content":false,"robots_default":true,"robots_noindex":false,"robots_noarchive":false,"robots_nosnippet":false,"robots_nofollow":false,"robots_noimageindex":false,"robots_noodp":false,"robots_notranslate":false,"robots_max_snippet":null,"robots_max_videopreview":null,"robots_max_imagepreview":"large","priority":null,"frequency":null,"location":null,"local_seo":null,"breadcrumb_settings":null,"limit_modified_date":false,"ai":null,"created":"2020-12-20 20:32:48","updated":"2025-07-19 21:57:25","seo_analyzer_scan_date":null,"focus_keyword":null,"additional_keywords":null,"truseo_locale":null},"jetpack_sharing_enabled":true,"jetpack-related-posts":[{"id":13240,"url":"https:\/\/www.jornalja.com.br\/arquivo\/plano-diretor-estamos-construindo-o-caos\/","url_meta":{"origin":49508,"position":0},"title":"Plano diretor: &quot;Estamos construindo o caos&quot;","author":"Patr\u00edcia Marini","date":"26 de maio de 2014","format":false,"excerpt":"Desabafo que arquiteta Eliana Castilhos, delegada da Regi\u00e3o de Planejamento 1, postou nas redes sociais \u00e9 um testemunho do ambiente que se criou no Conselho do Plano Diretor de Porto Alegre, onde a aprova\u00e7\u00e3o de grandes empreendimentos \u00e9 empurrada guela abaixo dos conselheiros. Ao CMDUA Como delegada da Regi\u00e3o de\u2026","rel":"","context":"Em &quot;Geral&quot;","block_context":{"text":"Geral","link":"https:\/\/www.jornalja.com.br\/arquivo\/category\/geral\/"},"img":{"alt_text":"","src":"","width":0,"height":0},"classes":[]},{"id":13239,"url":"https:\/\/www.jornalja.com.br\/arquivo\/conselho-desdenha-do-plano-diretor\/","url_meta":{"origin":49508,"position":1},"title":"Porto Alegre: Conselho detona Plano Diretor","author":"Patr\u00edcia Marini","date":"25 de maio de 2014","format":false,"excerpt":"Den\u00fancia do arquiteto e \u00a0urbanista Ibir\u00e1 Santos Lucas. Ele diz que os conselheiros est\u00e3o votando com \"enorme irresponsabilidade\". \"Mudam regime com a maior naturalidade,,,regularizam absurdos de constru\u00e7\u00f5es irregulares... \"O CMDUA est\u00e1 flexibilizando a lei do plano diretor, de uma forma impactante na vida da cidade. Mudam regime com a maior\u2026","rel":"","context":"Em &quot;Geral&quot;","block_context":{"text":"Geral","link":"https:\/\/www.jornalja.com.br\/arquivo\/category\/geral\/"},"img":{"alt_text":"","src":"","width":0,"height":0},"classes":[]},{"id":13109,"url":"https:\/\/www.jornalja.com.br\/arquivo\/judiciario-reconhece-poluicao-eletromagnetica\/","url_meta":{"origin":49508,"position":2},"title":"Judici\u00e1rio reconhece polui\u00e7\u00e3o eletromagn\u00e9tica","author":"Patr\u00edcia Marini","date":"16 de maio de 2014","format":false,"excerpt":"A\u00e7\u00e3o de duas associa\u00e7\u00f5es de moradores foi acolhida pelo Tribunal de Justi\u00e7a de S\u00e3o Paulo que. em decis\u00e3o in\u00e9dita, determinou a redu\u00e7\u00e3o do campo eletromagn\u00e9tico gerado pelas linhas de transmiss\u00e3o de energia que cortam os bairros City Boa\u00e7ava e Alto de Pinheiros. \u00c9 a primeira vez que um tribunal do\u2026","rel":"","context":"Em &quot;X.Categorias velhas&quot;","block_context":{"text":"X.Categorias velhas","link":"https:\/\/www.jornalja.com.br\/arquivo\/category\/x-categorias-velhas\/"},"img":{"alt_text":"","src":"","width":0,"height":0},"classes":[]},{"id":5440,"url":"https:\/\/www.jornalja.com.br\/arquivo\/casarao-da-venancio-destino-permanece-incerto\/","url_meta":{"origin":49508,"position":3},"title":"Estado ainda n\u00e3o sabe o que fazer com casar\u00e3o abandonado h\u00e1 20 anos","author":"Elmar Bones","date":"6 de julho de 2009","format":false,"excerpt":"O casar\u00e3o amarelo, numa esquina nobre de Porto Alegre (Ven\u00e2ncio Aires com Jo\u00e3o Pessoa), j\u00e1 abrigou uma escola. H\u00e1 duas d\u00e9cadas, pelo menos, est\u00e1 abandonado, porque seu propriet\u00e1rio, o governo do Estado do Rio Grande do Sul, n\u00e3o consegue achar um destino para ele. Planos n\u00e3o faltaram. O governador Ol\u00edvio\u2026","rel":"","context":"Em &quot;X.Categorias velhas&quot;","block_context":{"text":"X.Categorias velhas","link":"https:\/\/www.jornalja.com.br\/arquivo\/category\/x-categorias-velhas\/"},"img":{"alt_text":"geraldo1","src":"https:\/\/i0.wp.com\/www.jornalja.com.br\/wp-content\/uploads\/2009\/07\/geraldo1.jpg?resize=350%2C200&ssl=1","width":350,"height":200},"classes":[]},{"id":14241,"url":"https:\/\/www.jornalja.com.br\/arquivo\/o-guaiba-nas-imagens-poeticas-de-achutti\/","url_meta":{"origin":49508,"position":4},"title":"O Gua\u00edba nas imagens po\u00e9ticas de Achutti","author":"da Reda\u00e7\u00e3o","date":"18 de junho de 2014","format":false,"excerpt":"Em \u201cO Gua\u00edba por Achutti\u201d \u2013 obra financiada via Minist\u00e9rio da Cultura, produ\u00e7\u00e3o executiva de Pedro Longhi, e Fl\u00e1vio Wild como designer \u2013, o fot\u00f3grafo revela a beleza e as mazelas de um espa\u00e7o aqu\u00e1tico de \u00e1guas sempre renovadas, cheio de hist\u00f3rias e lendas como as das cidades que foram\u2026","rel":"","context":"Em &quot;Cultura-Geral&quot;","block_context":{"text":"Cultura-Geral","link":"https:\/\/www.jornalja.com.br\/arquivo\/category\/materiasecundaria\/"},"img":{"alt_text":"","src":"","width":0,"height":0},"classes":[]},{"id":13124,"url":"https:\/\/www.jornalja.com.br\/arquivo\/sangue-latino-no-iecine\/","url_meta":{"origin":49508,"position":5},"title":"Sangue latino no IECINE","author":"da Reda\u00e7\u00e3o","date":"18 de maio de 2014","format":false,"excerpt":"Francisco Ribeiro O Instituto Estadual de Cinema (IECINE) tem a frente, desde abril \u00faltimo, um novo diretor, o cineasta colombiano Juan Zapata, 36, que substitui Luiz Alberto Cassol. Radicado h\u00e1 dez anos em Porto Alegre, Zapata tem diante de si o desafio de conduzir at\u00e9 o final do ano um\u2026","rel":"","context":"Em &quot;Cultura-Geral&quot;","block_context":{"text":"Cultura-Geral","link":"https:\/\/www.jornalja.com.br\/arquivo\/category\/materiasecundaria\/"},"img":{"alt_text":"","src":"","width":0,"height":0},"classes":[]}],"jetpack_shortlink":"https:\/\/wp.me\/pbQjBd-cSw","jetpack_featured_media_url":"","_links":{"self":[{"href":"https:\/\/www.jornalja.com.br\/arquivo\/wp-json\/wp\/v2\/posts\/49508","targetHints":{"allow":["GET"]}}],"collection":[{"href":"https:\/\/www.jornalja.com.br\/arquivo\/wp-json\/wp\/v2\/posts"}],"about":[{"href":"https:\/\/www.jornalja.com.br\/arquivo\/wp-json\/wp\/v2\/types\/post"}],"author":[{"embeddable":true,"href":"https:\/\/www.jornalja.com.br\/arquivo\/wp-json\/wp\/v2\/users\/4"}],"replies":[{"embeddable":true,"href":"https:\/\/www.jornalja.com.br\/arquivo\/wp-json\/wp\/v2\/comments?post=49508"}],"version-history":[{"count":0,"href":"https:\/\/www.jornalja.com.br\/arquivo\/wp-json\/wp\/v2\/posts\/49508\/revisions"}],"wp:attachment":[{"href":"https:\/\/www.jornalja.com.br\/arquivo\/wp-json\/wp\/v2\/media?parent=49508"}],"wp:term":[{"taxonomy":"category","embeddable":true,"href":"https:\/\/www.jornalja.com.br\/arquivo\/wp-json\/wp\/v2\/categories?post=49508"},{"taxonomy":"post_tag","embeddable":true,"href":"https:\/\/www.jornalja.com.br\/arquivo\/wp-json\/wp\/v2\/tags?post=49508"}],"curies":[{"name":"wp","href":"https:\/\/api.w.org\/{rel}","templated":true}]}}