{"id":49526,"date":"2017-06-05T11:31:58","date_gmt":"2017-06-05T14:31:58","guid":{"rendered":"https:\/\/www.jornalja.com.br\/?p=49526"},"modified":"2017-06-05T11:31:58","modified_gmt":"2017-06-05T14:31:58","slug":"apenas-para-lembrar-o-que-e-o-acordo-de-paris","status":"publish","type":"post","link":"https:\/\/www.jornalja.com.br\/arquivo\/apenas-para-lembrar-o-que-e-o-acordo-de-paris\/","title":{"rendered":"Apenas para lembrar: o que \u00e9 o Acordo de Paris"},"content":{"rendered":"<div class=\"itemToolbar\">\n<strong>Dal Marcondes<\/strong><br \/>\nNa 21\u00aa Confer\u00eancia das Partes (COP21) da UNFCCC, em Paris, foi adotado um novo acordo com o objetivo central de fortalecer a resposta global \u00e0 amea\u00e7a da mudan\u00e7a do clima e de refor\u00e7ar a capacidade dos pa\u00edses para lidar com os impactos decorrentes dessas mudan\u00e7as.\n<\/div>\n<div class=\"itemBody clearfix\">\n<div class=\"itemFullText\">O Acordo de Paris foi aprovado pelos 195 pa\u00edses Parte da UNFCCC para reduzir emiss\u00f5es de gases de efeito estufa (GEE) no contexto do desenvolvimento sustent\u00e1vel. O compromisso ocorre no sentido de manter o aumento da temperatura m\u00e9dia global em bem menos de 2\u00b0C acima dos n\u00edveis pr\u00e9-industriais e de envidar esfor\u00e7os para limitar o aumento da temperatura a 1,5\u00b0C acima dos n\u00edveis pr\u00e9-industriais.<\/div>\n<div class=\"itemFullText\"><\/div>\n<div class=\"itemFullText\">Para que comece a vigorar, necessita da ratifica\u00e7\u00e3o de pelo menos 55 pa\u00edses respons\u00e1veis por 55% das emiss\u00f5es de GEE. O secret\u00e1rio-geral da ONU, numa cerim\u00f4nia em Nova York, no dia 22 de abril de 2016, abriu o per\u00edodo para assinatura oficial do acordo, pelos pa\u00edses signat\u00e1rios. Este per\u00edodo se estende at\u00e9 21 de abril de 2017.<\/div>\n<div class=\"itemFullText\"><\/div>\n<div class=\"itemFullText\">Para o alcance do objetivo final do Acordo, os governos se envolveram na constru\u00e7\u00e3o de seus pr\u00f3prios compromissos, a partir das chamadas Pretendidas Contribui\u00e7\u00f5es Nacionalmente Determinadas (iNDC, na sigla em ingl\u00eas). Por meio das iNDCs, cada na\u00e7\u00e3o apresentou sua contribui\u00e7\u00e3o de redu\u00e7\u00e3o de emiss\u00f5es dos gases de efeito estufa, seguindo o que cada governo considera vi\u00e1vel a partir do cen\u00e1rio social e econ\u00f4mico local.<\/div>\n<div class=\"itemFullText\"><\/div>\n<div class=\"itemFullText\">Ap\u00f3s a aprova\u00e7\u00e3o pelo Congresso Nacional, o Brasil concluiu, em 12 de setembro de 2016, o processo de ratifica\u00e7\u00e3o do Acordo de Paris. No dia 21 de setembro, o instrumento foi entregue \u00e0s Na\u00e7\u00f5es Unidas. Com isso, as metas brasileiras deixaram de ser pretendidas e tornaram-se compromissos oficiais. Agora, portanto, a sigla perdeu a letra \u201ci\u201d (do ingl\u00eas, intended) e passou a ser chamada apenas de NDC.<\/div>\n<div class=\"itemFullText\"><\/div>\n<div class=\"itemFullText\">A <a href=\"http:\/\/www.itamaraty.gov.br\/images\/ed_desenvsust\/BRASIL-iNDC-portugues.pdf\">NDC do Brasil<\/a> compromete-se a reduzir as emiss\u00f5es de gases de efeito estufa em 37% abaixo dos n\u00edveis de 2005, em 2025, com uma contribui\u00e7\u00e3o indicativa subsequente de reduzir as emiss\u00f5es de gases de efeito estufa em 43% abaixo dos n\u00edveis de 2005, em 2030. Para isso, o pa\u00eds se compromete a aumentar a participa\u00e7\u00e3o de bioenergia sustent\u00e1vel na sua matriz energ\u00e9tica para aproximadamente 18% at\u00e9 2030, restaurar e reflorestar 12 milh\u00f5es de hectares de florestas, bem como alcan\u00e7ar uma participa\u00e7\u00e3o estimada de 45% de energias renov\u00e1veis na composi\u00e7\u00e3o da matriz energ\u00e9tica em 2030. <a href=\"http:\/\/www.mma.gov.br\/clima\/convencao-das-nacoes-unidas\/acordo-de-paris\/item\/10710\">Confira os fundamentos para NDC brasileira<\/a>.<\/div>\n<div class=\"itemFullText\"><\/div>\n<div class=\"itemFullText\">\nA NDC do Brasil corresponde a uma redu\u00e7\u00e3o estimada em 66% em termos de emiss\u00f5es de gases efeito de estufa por unidade do PIB (intensidade de emiss\u00f5es) em 2025 e em 75% em termos de intensidade de emiss\u00f5es em 2030, ambas em rela\u00e7\u00e3o a 2005. O Brasil, portanto, reduzir\u00e1 emiss\u00f5es de gases de efeito estufa no contexto de um aumento cont\u00ednuo da popula\u00e7\u00e3o e do PIB, bem como da renda per capita, o que confere ambi\u00e7\u00e3o a essas metas.<img loading=\"lazy\" decoding=\"async\" class=\"aligncenter\" src=\"http:\/\/www.mma.gov.br\/images\/imagens\/clima\/convencao\/ndc-brasil.jpg\" alt=\"ndc-brasil\" width=\"600\" height=\"417\" \/><\/p>\n<div>\nNo que diz respeito ao financiamento clim\u00e1tico, o Acordo de Paris determina que os pa\u00edses desenvolvidos dever\u00e3o investir 100 bilh\u00f5es de d\u00f3lares por ano em medidas de combate \u00e0 mudan\u00e7a do clima e adapta\u00e7\u00e3o, em pa\u00edses em desenvolvimento. Uma novidade no \u00e2mbito do apoio financeiro \u00e9 a possibilidade de financiamento entre pa\u00edses em desenvolvimento, chamada \u201ccoopera\u00e7\u00e3o Sul-Sul\u201d, o que amplia a base de financiadores dos projetos.\n<\/div>\n<div>Observa-se no texto a preocupa\u00e7\u00e3o em formalizar o processo de desenvolvimento de contribui\u00e7\u00f5es nacionais, al\u00e9m de oferecer requisitos obrigat\u00f3rios para avaliar e revisar o progresso das mesmas. Esse mecanismo vai exigir que os pa\u00edses atualizem continuamente seus compromissos, permitindo que ampliem suas ambi\u00e7\u00f5es e aumentem as metas de redu\u00e7\u00e3o de emiss\u00f5es, evitando qualquer retrocesso. Para tanto, a partir do in\u00edcio da vig\u00eancia do acordo, acontecer\u00e3o ciclos de revis\u00e3o desses objetivos de redu\u00e7\u00e3o de gases de efeito estufa a cada cinco anos. (MMA\/#Envolverde)<\/div>\n<\/div>\n<\/div>\n","protected":false},"excerpt":{"rendered":"<p>Dal Marcondes Na 21\u00aa Confer\u00eancia das Partes (COP21) da UNFCCC, em Paris, foi adotado um novo acordo com o objetivo central de fortalecer a resposta global \u00e0 amea\u00e7a da mudan\u00e7a do clima e de refor\u00e7ar a capacidade dos pa\u00edses para lidar com os impactos decorrentes dessas mudan\u00e7as. O Acordo de Paris foi aprovado pelos 195 [&hellip;]<\/p>\n","protected":false},"author":4,"featured_media":0,"comment_status":"open","ping_status":"closed","sticky":false,"template":"","format":"standard","meta":{"_jetpack_newsletter_access":"","_jetpack_dont_email_post_to_subs":false,"_jetpack_newsletter_tier_id":0,"_jetpack_memberships_contains_paywalled_content":false,"_jetpack_feature_clip_id":0,"_jetpack_memberships_contains_paid_content":false,"footnotes":"","jetpack_post_was_ever_published":false},"categories":[10],"tags":[],"class_list":["post-49526","post","type-post","status-publish","format-standard","hentry","category-analiseopiniao"],"aioseo_notices":[],"aioseo_head":"\n\t\t<!-- All in One SEO 5.0.1.1 - aioseo.com -->\n\t<meta name=\"robots\" content=\"max-image-preview:large\" \/>\n\t<meta name=\"author\" content=\"da Reda\u00e7\u00e3o\"\/>\n\t<link rel=\"canonical\" href=\"https:\/\/www.jornalja.com.br\/arquivo\/apenas-para-lembrar-o-que-e-o-acordo-de-paris\/\" \/>\n\t<meta name=\"generator\" content=\"All in One SEO (AIOSEO) 5.0.1.1\" \/>\n\t\t<meta property=\"og:locale\" content=\"pt_BR\" \/>\n\t\t<meta property=\"og:site_name\" content=\"Arquivo | Jornal J\u00c1 | Porto Alegre\" \/>\n\t\t<meta property=\"og:type\" content=\"article\" \/>\n\t\t<meta property=\"og:title\" content=\"Apenas para lembrar: o que \u00e9 o Acordo de Paris | Arquivo\" \/>\n\t\t<meta property=\"og:url\" content=\"https:\/\/www.jornalja.com.br\/arquivo\/apenas-para-lembrar-o-que-e-o-acordo-de-paris\/\" \/>\n\t\t<meta property=\"og:image\" content=\"https:\/\/www.mma.gov.br\/images\/imagens\/clima\/convencao\/ndc-brasil.jpg\" \/>\n\t\t<meta property=\"og:image:secure_url\" content=\"https:\/\/www.mma.gov.br\/images\/imagens\/clima\/convencao\/ndc-brasil.jpg\" \/>\n\t\t<meta property=\"article:published_time\" content=\"2017-06-05T14:31:58+00:00\" \/>\n\t\t<meta property=\"article:modified_time\" content=\"2017-06-05T14:31:58+00:00\" \/>\n\t\t<meta name=\"twitter:card\" content=\"summary\" \/>\n\t\t<meta name=\"twitter:title\" content=\"Apenas para lembrar: o que \u00e9 o Acordo de Paris | Arquivo\" \/>\n\t\t<meta name=\"twitter:image\" content=\"https:\/\/www.jornalja.com.br\/economics\/wp-content\/uploads\/sites\/11\/2026\/08\/ja-folhaderosto-facebook.jpg\" \/>\n\t\t<script type=\"application\/ld+json\" class=\"aioseo-schema\">\n\t\t\t{\"@context\":\"https:\\\/\\\/schema.org\",\"@graph\":[{\"@type\":\"BlogPosting\",\"@id\":\"https:\\\/\\\/www.jornalja.com.br\\\/arquivo\\\/apenas-para-lembrar-o-que-e-o-acordo-de-paris\\\/#blogposting\",\"name\":\"Apenas para lembrar: o que \\u00e9 o Acordo de Paris | Arquivo\",\"headline\":\"Apenas para lembrar: o que \\u00e9 o Acordo de Paris\",\"author\":{\"@id\":\"https:\\\/\\\/www.jornalja.com.br\\\/arquivo\\\/author\\\/daredacao\\\/#author\"},\"publisher\":{\"@id\":\"https:\\\/\\\/www.jornalja.com.br\\\/arquivo\\\/#organization\"},\"image\":{\"@type\":\"ImageObject\",\"url\":\"http:\\\/\\\/www.mma.gov.br\\\/images\\\/imagens\\\/clima\\\/convencao\\\/ndc-brasil.jpg\",\"@id\":\"https:\\\/\\\/www.jornalja.com.br\\\/arquivo\\\/apenas-para-lembrar-o-que-e-o-acordo-de-paris\\\/#articleImage\"},\"datePublished\":\"2017-06-05T11:31:58-03:00\",\"dateModified\":\"2017-06-05T11:31:58-03:00\",\"inLanguage\":\"pt-BR\",\"mainEntityOfPage\":{\"@id\":\"https:\\\/\\\/www.jornalja.com.br\\\/arquivo\\\/apenas-para-lembrar-o-que-e-o-acordo-de-paris\\\/#webpage\"},\"isPartOf\":{\"@id\":\"https:\\\/\\\/www.jornalja.com.br\\\/arquivo\\\/apenas-para-lembrar-o-que-e-o-acordo-de-paris\\\/#webpage\"},\"articleSection\":\"AN\\u00c1LISE&amp;OPINI\\u00c3O\"},{\"@type\":\"BreadcrumbList\",\"@id\":\"https:\\\/\\\/www.jornalja.com.br\\\/arquivo\\\/apenas-para-lembrar-o-que-e-o-acordo-de-paris\\\/#breadcrumblist\",\"itemListElement\":[{\"@type\":\"ListItem\",\"@id\":\"https:\\\/\\\/www.jornalja.com.br\\\/arquivo#listItem\",\"position\":1,\"name\":\"Home\",\"item\":\"https:\\\/\\\/www.jornalja.com.br\\\/arquivo\",\"nextItem\":{\"@type\":\"ListItem\",\"@id\":\"https:\\\/\\\/www.jornalja.com.br\\\/arquivo\\\/category\\\/analiseopiniao\\\/#listItem\",\"name\":\"AN\\u00c1LISE&amp;OPINI\\u00c3O\"}},{\"@type\":\"ListItem\",\"@id\":\"https:\\\/\\\/www.jornalja.com.br\\\/arquivo\\\/category\\\/analiseopiniao\\\/#listItem\",\"position\":2,\"name\":\"AN\\u00c1LISE&amp;OPINI\\u00c3O\",\"item\":\"https:\\\/\\\/www.jornalja.com.br\\\/arquivo\\\/category\\\/analiseopiniao\\\/\",\"nextItem\":{\"@type\":\"ListItem\",\"@id\":\"https:\\\/\\\/www.jornalja.com.br\\\/arquivo\\\/apenas-para-lembrar-o-que-e-o-acordo-de-paris\\\/#listItem\",\"name\":\"Apenas para lembrar: o que \\u00e9 o Acordo de Paris\"},\"previousItem\":{\"@type\":\"ListItem\",\"@id\":\"https:\\\/\\\/www.jornalja.com.br\\\/arquivo#listItem\",\"name\":\"Home\"}},{\"@type\":\"ListItem\",\"@id\":\"https:\\\/\\\/www.jornalja.com.br\\\/arquivo\\\/apenas-para-lembrar-o-que-e-o-acordo-de-paris\\\/#listItem\",\"position\":3,\"name\":\"Apenas para lembrar: o que \\u00e9 o Acordo de Paris\",\"previousItem\":{\"@type\":\"ListItem\",\"@id\":\"https:\\\/\\\/www.jornalja.com.br\\\/arquivo\\\/category\\\/analiseopiniao\\\/#listItem\",\"name\":\"AN\\u00c1LISE&amp;OPINI\\u00c3O\"}}]},{\"@type\":\"Organization\",\"@id\":\"https:\\\/\\\/www.jornalja.com.br\\\/arquivo\\\/#organization\",\"name\":\"Jornal J\\u00c1\",\"description\":\"Jornal J\\u00c1 | Porto Alegre\",\"url\":\"https:\\\/\\\/www.jornalja.com.br\\\/arquivo\\\/\",\"telephone\":\"+555133307272\",\"logo\":{\"@type\":\"ImageObject\",\"url\":\"https:\\\/\\\/www.jornalja.com.br\\\/wp-content\\\/uploads\\\/cards\\\/JAslogan.png\",\"@id\":\"https:\\\/\\\/www.jornalja.com.br\\\/arquivo\\\/apenas-para-lembrar-o-que-e-o-acordo-de-paris\\\/#organizationLogo\"},\"image\":{\"@id\":\"https:\\\/\\\/www.jornalja.com.br\\\/arquivo\\\/apenas-para-lembrar-o-que-e-o-acordo-de-paris\\\/#organizationLogo\"}},{\"@type\":\"Person\",\"@id\":\"https:\\\/\\\/www.jornalja.com.br\\\/arquivo\\\/author\\\/daredacao\\\/#author\",\"url\":\"https:\\\/\\\/www.jornalja.com.br\\\/arquivo\\\/author\\\/daredacao\\\/\",\"name\":\"da Reda\\u00e7\\u00e3o\",\"image\":{\"@type\":\"ImageObject\",\"@id\":\"https:\\\/\\\/www.jornalja.com.br\\\/arquivo\\\/apenas-para-lembrar-o-que-e-o-acordo-de-paris\\\/#authorImage\",\"url\":\"https:\\\/\\\/secure.gravatar.com\\\/avatar\\\/469fd857d6605ad19919d27ed29d35a968a25f6e8fd9318356bbb7f57aae9c65?s=96&d=mm&r=g\",\"width\":96,\"height\":96,\"caption\":\"da Reda\\u00e7\\u00e3o\"}},{\"@type\":\"WebPage\",\"@id\":\"https:\\\/\\\/www.jornalja.com.br\\\/arquivo\\\/apenas-para-lembrar-o-que-e-o-acordo-de-paris\\\/#webpage\",\"url\":\"https:\\\/\\\/www.jornalja.com.br\\\/arquivo\\\/apenas-para-lembrar-o-que-e-o-acordo-de-paris\\\/\",\"name\":\"Apenas para lembrar: o que \\u00e9 o Acordo de Paris | Arquivo\",\"inLanguage\":\"pt-BR\",\"isPartOf\":{\"@id\":\"https:\\\/\\\/www.jornalja.com.br\\\/arquivo\\\/#website\"},\"breadcrumb\":{\"@id\":\"https:\\\/\\\/www.jornalja.com.br\\\/arquivo\\\/apenas-para-lembrar-o-que-e-o-acordo-de-paris\\\/#breadcrumblist\"},\"author\":{\"@id\":\"https:\\\/\\\/www.jornalja.com.br\\\/arquivo\\\/author\\\/daredacao\\\/#author\"},\"creator\":{\"@id\":\"https:\\\/\\\/www.jornalja.com.br\\\/arquivo\\\/author\\\/daredacao\\\/#author\"},\"datePublished\":\"2017-06-05T11:31:58-03:00\",\"dateModified\":\"2017-06-05T11:31:58-03:00\"},{\"@type\":\"WebSite\",\"@id\":\"https:\\\/\\\/www.jornalja.com.br\\\/arquivo\\\/#website\",\"url\":\"https:\\\/\\\/www.jornalja.com.br\\\/arquivo\\\/\",\"name\":\"Arquivo\",\"description\":\"Jornal J\\u00c1 | Porto Alegre\",\"inLanguage\":\"pt-BR\",\"publisher\":{\"@id\":\"https:\\\/\\\/www.jornalja.com.br\\\/arquivo\\\/#organization\"}}]}\n\t\t<\/script>\n\t\t<!-- All in One SEO -->\n\n","aioseo_head_json":{"title":"Apenas para lembrar: o que \u00e9 o Acordo de Paris | Arquivo","description":"","canonical_url":"https:\/\/www.jornalja.com.br\/arquivo\/apenas-para-lembrar-o-que-e-o-acordo-de-paris\/","robots":"max-image-preview:large","keywords":"","webmasterTools":{"miscellaneous":""},"schema":{"@context":"https:\/\/schema.org","@graph":[{"@type":"BlogPosting","@id":"https:\/\/www.jornalja.com.br\/arquivo\/apenas-para-lembrar-o-que-e-o-acordo-de-paris\/#blogposting","name":"Apenas para lembrar: o que \u00e9 o Acordo de Paris | Arquivo","headline":"Apenas para lembrar: o que \u00e9 o Acordo de Paris","author":{"@id":"https:\/\/www.jornalja.com.br\/arquivo\/author\/daredacao\/#author"},"publisher":{"@id":"https:\/\/www.jornalja.com.br\/arquivo\/#organization"},"image":{"@type":"ImageObject","url":"http:\/\/www.mma.gov.br\/images\/imagens\/clima\/convencao\/ndc-brasil.jpg","@id":"https:\/\/www.jornalja.com.br\/arquivo\/apenas-para-lembrar-o-que-e-o-acordo-de-paris\/#articleImage"},"datePublished":"2017-06-05T11:31:58-03:00","dateModified":"2017-06-05T11:31:58-03:00","inLanguage":"pt-BR","mainEntityOfPage":{"@id":"https:\/\/www.jornalja.com.br\/arquivo\/apenas-para-lembrar-o-que-e-o-acordo-de-paris\/#webpage"},"isPartOf":{"@id":"https:\/\/www.jornalja.com.br\/arquivo\/apenas-para-lembrar-o-que-e-o-acordo-de-paris\/#webpage"},"articleSection":"AN\u00c1LISE&amp;OPINI\u00c3O"},{"@type":"BreadcrumbList","@id":"https:\/\/www.jornalja.com.br\/arquivo\/apenas-para-lembrar-o-que-e-o-acordo-de-paris\/#breadcrumblist","itemListElement":[{"@type":"ListItem","@id":"https:\/\/www.jornalja.com.br\/arquivo#listItem","position":1,"name":"Home","item":"https:\/\/www.jornalja.com.br\/arquivo","nextItem":{"@type":"ListItem","@id":"https:\/\/www.jornalja.com.br\/arquivo\/category\/analiseopiniao\/#listItem","name":"AN\u00c1LISE&amp;OPINI\u00c3O"}},{"@type":"ListItem","@id":"https:\/\/www.jornalja.com.br\/arquivo\/category\/analiseopiniao\/#listItem","position":2,"name":"AN\u00c1LISE&amp;OPINI\u00c3O","item":"https:\/\/www.jornalja.com.br\/arquivo\/category\/analiseopiniao\/","nextItem":{"@type":"ListItem","@id":"https:\/\/www.jornalja.com.br\/arquivo\/apenas-para-lembrar-o-que-e-o-acordo-de-paris\/#listItem","name":"Apenas para lembrar: o que \u00e9 o Acordo de Paris"},"previousItem":{"@type":"ListItem","@id":"https:\/\/www.jornalja.com.br\/arquivo#listItem","name":"Home"}},{"@type":"ListItem","@id":"https:\/\/www.jornalja.com.br\/arquivo\/apenas-para-lembrar-o-que-e-o-acordo-de-paris\/#listItem","position":3,"name":"Apenas para lembrar: o que \u00e9 o Acordo de Paris","previousItem":{"@type":"ListItem","@id":"https:\/\/www.jornalja.com.br\/arquivo\/category\/analiseopiniao\/#listItem","name":"AN\u00c1LISE&amp;OPINI\u00c3O"}}]},{"@type":"Organization","@id":"https:\/\/www.jornalja.com.br\/arquivo\/#organization","name":"Jornal J\u00c1","description":"Jornal J\u00c1 | Porto Alegre","url":"https:\/\/www.jornalja.com.br\/arquivo\/","telephone":"+555133307272","logo":{"@type":"ImageObject","url":"https:\/\/www.jornalja.com.br\/wp-content\/uploads\/cards\/JAslogan.png","@id":"https:\/\/www.jornalja.com.br\/arquivo\/apenas-para-lembrar-o-que-e-o-acordo-de-paris\/#organizationLogo"},"image":{"@id":"https:\/\/www.jornalja.com.br\/arquivo\/apenas-para-lembrar-o-que-e-o-acordo-de-paris\/#organizationLogo"}},{"@type":"Person","@id":"https:\/\/www.jornalja.com.br\/arquivo\/author\/daredacao\/#author","url":"https:\/\/www.jornalja.com.br\/arquivo\/author\/daredacao\/","name":"da Reda\u00e7\u00e3o","image":{"@type":"ImageObject","@id":"https:\/\/www.jornalja.com.br\/arquivo\/apenas-para-lembrar-o-que-e-o-acordo-de-paris\/#authorImage","url":"https:\/\/secure.gravatar.com\/avatar\/469fd857d6605ad19919d27ed29d35a968a25f6e8fd9318356bbb7f57aae9c65?s=96&d=mm&r=g","width":96,"height":96,"caption":"da Reda\u00e7\u00e3o"}},{"@type":"WebPage","@id":"https:\/\/www.jornalja.com.br\/arquivo\/apenas-para-lembrar-o-que-e-o-acordo-de-paris\/#webpage","url":"https:\/\/www.jornalja.com.br\/arquivo\/apenas-para-lembrar-o-que-e-o-acordo-de-paris\/","name":"Apenas para lembrar: o que \u00e9 o Acordo de Paris | Arquivo","inLanguage":"pt-BR","isPartOf":{"@id":"https:\/\/www.jornalja.com.br\/arquivo\/#website"},"breadcrumb":{"@id":"https:\/\/www.jornalja.com.br\/arquivo\/apenas-para-lembrar-o-que-e-o-acordo-de-paris\/#breadcrumblist"},"author":{"@id":"https:\/\/www.jornalja.com.br\/arquivo\/author\/daredacao\/#author"},"creator":{"@id":"https:\/\/www.jornalja.com.br\/arquivo\/author\/daredacao\/#author"},"datePublished":"2017-06-05T11:31:58-03:00","dateModified":"2017-06-05T11:31:58-03:00"},{"@type":"WebSite","@id":"https:\/\/www.jornalja.com.br\/arquivo\/#website","url":"https:\/\/www.jornalja.com.br\/arquivo\/","name":"Arquivo","description":"Jornal J\u00c1 | Porto Alegre","inLanguage":"pt-BR","publisher":{"@id":"https:\/\/www.jornalja.com.br\/arquivo\/#organization"}}]},"og:locale":"pt_BR","og:site_name":"Arquivo | Jornal J\u00c1 | Porto Alegre","og:type":"article","og:title":"Apenas para lembrar: o que \u00e9 o Acordo de Paris | Arquivo","og:url":"https:\/\/www.jornalja.com.br\/arquivo\/apenas-para-lembrar-o-que-e-o-acordo-de-paris\/","og:image":"https:\/\/www.mma.gov.br\/images\/imagens\/clima\/convencao\/ndc-brasil.jpg","og:image:secure_url":"https:\/\/www.mma.gov.br\/images\/imagens\/clima\/convencao\/ndc-brasil.jpg","article:published_time":"2017-06-05T14:31:58+00:00","article:modified_time":"2017-06-05T14:31:58+00:00","twitter:card":"summary","twitter:title":"Apenas para lembrar: o que \u00e9 o Acordo de Paris | Arquivo","twitter:image":"https:\/\/www.jornalja.com.br\/economics\/wp-content\/uploads\/sites\/11\/2026\/08\/ja-folhaderosto-facebook.jpg"},"aioseo_meta_data":{"post_id":"49526","title":null,"description":null,"keywords":null,"keyphrases":null,"primary_term":null,"canonical_url":null,"og_title":null,"og_description":null,"og_object_type":"default","og_image_type":"default","og_image_url":null,"og_image_width":null,"og_image_height":null,"og_image_custom_url":null,"og_image_custom_fields":null,"og_video":null,"og_custom_url":null,"og_article_section":null,"og_article_tags":null,"twitter_use_og":false,"twitter_card":"default","twitter_image_type":"default","twitter_image_url":null,"twitter_image_custom_url":null,"twitter_image_custom_fields":null,"twitter_title":null,"twitter_description":null,"schema":{"blockGraphs":[],"customGraphs":[],"default":{"data":{"Article":[],"Course":[],"Dataset":[],"FAQPage":[],"Movie":[],"Person":[],"Product":[],"ProductReview":[],"Car":[],"Recipe":[],"Service":[],"SoftwareApplication":[],"WebPage":[]},"graphName":"","isEnabled":true},"graphs":[],"defaultGraph":"","defaultPostTypeGraph":""},"schema_type":null,"schema_type_options":null,"pillar_content":false,"robots_default":true,"robots_noindex":false,"robots_noarchive":false,"robots_nosnippet":false,"robots_nofollow":false,"robots_noimageindex":false,"robots_noodp":false,"robots_notranslate":false,"robots_max_snippet":null,"robots_max_videopreview":null,"robots_max_imagepreview":"large","priority":null,"frequency":null,"location":null,"local_seo":null,"breadcrumb_settings":null,"limit_modified_date":false,"ai":null,"created":"2020-12-20 20:32:48","updated":"2025-07-19 21:57:25","seo_analyzer_scan_date":null,"focus_keyword":null,"additional_keywords":null,"truseo_locale":null},"jetpack_sharing_enabled":true,"jetpack-related-posts":[{"id":13109,"url":"https:\/\/www.jornalja.com.br\/arquivo\/judiciario-reconhece-poluicao-eletromagnetica\/","url_meta":{"origin":49526,"position":0},"title":"Judici\u00e1rio reconhece polui\u00e7\u00e3o eletromagn\u00e9tica","author":"Patr\u00edcia Marini","date":"16 de maio de 2014","format":false,"excerpt":"A\u00e7\u00e3o de duas associa\u00e7\u00f5es de moradores foi acolhida pelo Tribunal de Justi\u00e7a de S\u00e3o Paulo que. em decis\u00e3o in\u00e9dita, determinou a redu\u00e7\u00e3o do campo eletromagn\u00e9tico gerado pelas linhas de transmiss\u00e3o de energia que cortam os bairros City Boa\u00e7ava e Alto de Pinheiros. \u00c9 a primeira vez que um tribunal do\u2026","rel":"","context":"Em &quot;X.Categorias velhas&quot;","block_context":{"text":"X.Categorias velhas","link":"https:\/\/www.jornalja.com.br\/arquivo\/category\/x-categorias-velhas\/"},"img":{"alt_text":"","src":"","width":0,"height":0},"classes":[]},{"id":14241,"url":"https:\/\/www.jornalja.com.br\/arquivo\/o-guaiba-nas-imagens-poeticas-de-achutti\/","url_meta":{"origin":49526,"position":1},"title":"O Gua\u00edba nas imagens po\u00e9ticas de Achutti","author":"da Reda\u00e7\u00e3o","date":"18 de junho de 2014","format":false,"excerpt":"Em \u201cO Gua\u00edba por Achutti\u201d \u2013 obra financiada via Minist\u00e9rio da Cultura, produ\u00e7\u00e3o executiva de Pedro Longhi, e Fl\u00e1vio Wild como designer \u2013, o fot\u00f3grafo revela a beleza e as mazelas de um espa\u00e7o aqu\u00e1tico de \u00e1guas sempre renovadas, cheio de hist\u00f3rias e lendas como as das cidades que foram\u2026","rel":"","context":"Em &quot;Cultura-Geral&quot;","block_context":{"text":"Cultura-Geral","link":"https:\/\/www.jornalja.com.br\/arquivo\/category\/materiasecundaria\/"},"img":{"alt_text":"","src":"","width":0,"height":0},"classes":[]},{"id":13240,"url":"https:\/\/www.jornalja.com.br\/arquivo\/plano-diretor-estamos-construindo-o-caos\/","url_meta":{"origin":49526,"position":2},"title":"Plano diretor: &quot;Estamos construindo o caos&quot;","author":"Patr\u00edcia Marini","date":"26 de maio de 2014","format":false,"excerpt":"Desabafo que arquiteta Eliana Castilhos, delegada da Regi\u00e3o de Planejamento 1, postou nas redes sociais \u00e9 um testemunho do ambiente que se criou no Conselho do Plano Diretor de Porto Alegre, onde a aprova\u00e7\u00e3o de grandes empreendimentos \u00e9 empurrada guela abaixo dos conselheiros. Ao CMDUA Como delegada da Regi\u00e3o de\u2026","rel":"","context":"Em &quot;Geral&quot;","block_context":{"text":"Geral","link":"https:\/\/www.jornalja.com.br\/arquivo\/category\/geral\/"},"img":{"alt_text":"","src":"","width":0,"height":0},"classes":[]},{"id":13124,"url":"https:\/\/www.jornalja.com.br\/arquivo\/sangue-latino-no-iecine\/","url_meta":{"origin":49526,"position":3},"title":"Sangue latino no IECINE","author":"da Reda\u00e7\u00e3o","date":"18 de maio de 2014","format":false,"excerpt":"Francisco Ribeiro O Instituto Estadual de Cinema (IECINE) tem a frente, desde abril \u00faltimo, um novo diretor, o cineasta colombiano Juan Zapata, 36, que substitui Luiz Alberto Cassol. Radicado h\u00e1 dez anos em Porto Alegre, Zapata tem diante de si o desafio de conduzir at\u00e9 o final do ano um\u2026","rel":"","context":"Em &quot;Cultura-Geral&quot;","block_context":{"text":"Cultura-Geral","link":"https:\/\/www.jornalja.com.br\/arquivo\/category\/materiasecundaria\/"},"img":{"alt_text":"","src":"","width":0,"height":0},"classes":[]},{"id":5440,"url":"https:\/\/www.jornalja.com.br\/arquivo\/casarao-da-venancio-destino-permanece-incerto\/","url_meta":{"origin":49526,"position":4},"title":"Estado ainda n\u00e3o sabe o que fazer com casar\u00e3o abandonado h\u00e1 20 anos","author":"Elmar Bones","date":"6 de julho de 2009","format":false,"excerpt":"O casar\u00e3o amarelo, numa esquina nobre de Porto Alegre (Ven\u00e2ncio Aires com Jo\u00e3o Pessoa), j\u00e1 abrigou uma escola. H\u00e1 duas d\u00e9cadas, pelo menos, est\u00e1 abandonado, porque seu propriet\u00e1rio, o governo do Estado do Rio Grande do Sul, n\u00e3o consegue achar um destino para ele. Planos n\u00e3o faltaram. O governador Ol\u00edvio\u2026","rel":"","context":"Em &quot;X.Categorias velhas&quot;","block_context":{"text":"X.Categorias velhas","link":"https:\/\/www.jornalja.com.br\/arquivo\/category\/x-categorias-velhas\/"},"img":{"alt_text":"geraldo1","src":"https:\/\/i0.wp.com\/www.jornalja.com.br\/wp-content\/uploads\/2009\/07\/geraldo1.jpg?resize=350%2C200&ssl=1","width":350,"height":200},"classes":[]}],"jetpack_shortlink":"https:\/\/wp.me\/pbQjBd-cSO","jetpack_featured_media_url":"","_links":{"self":[{"href":"https:\/\/www.jornalja.com.br\/arquivo\/wp-json\/wp\/v2\/posts\/49526","targetHints":{"allow":["GET"]}}],"collection":[{"href":"https:\/\/www.jornalja.com.br\/arquivo\/wp-json\/wp\/v2\/posts"}],"about":[{"href":"https:\/\/www.jornalja.com.br\/arquivo\/wp-json\/wp\/v2\/types\/post"}],"author":[{"embeddable":true,"href":"https:\/\/www.jornalja.com.br\/arquivo\/wp-json\/wp\/v2\/users\/4"}],"replies":[{"embeddable":true,"href":"https:\/\/www.jornalja.com.br\/arquivo\/wp-json\/wp\/v2\/comments?post=49526"}],"version-history":[{"count":0,"href":"https:\/\/www.jornalja.com.br\/arquivo\/wp-json\/wp\/v2\/posts\/49526\/revisions"}],"wp:attachment":[{"href":"https:\/\/www.jornalja.com.br\/arquivo\/wp-json\/wp\/v2\/media?parent=49526"}],"wp:term":[{"taxonomy":"category","embeddable":true,"href":"https:\/\/www.jornalja.com.br\/arquivo\/wp-json\/wp\/v2\/categories?post=49526"},{"taxonomy":"post_tag","embeddable":true,"href":"https:\/\/www.jornalja.com.br\/arquivo\/wp-json\/wp\/v2\/tags?post=49526"}],"curies":[{"name":"wp","href":"https:\/\/api.w.org\/{rel}","templated":true}]}}