{"id":49534,"date":"2017-06-05T11:22:40","date_gmt":"2017-06-05T14:22:40","guid":{"rendered":"https:\/\/www.jornalja.com.br\/?p=49534"},"modified":"2017-06-05T11:22:40","modified_gmt":"2017-06-05T14:22:40","slug":"dois-tercos-sao-contra-privatizacoes-de-sartori-segundo-pesquisa","status":"publish","type":"post","link":"https:\/\/www.jornalja.com.br\/arquivo\/dois-tercos-sao-contra-privatizacoes-de-sartori-segundo-pesquisa\/","title":{"rendered":"Dois ter\u00e7os s\u00e3o contra privatiza\u00e7\u00f5es de Sartori, segundo pesquisa"},"content":{"rendered":"<p>Dois ter\u00e7os dos ga\u00fachos s\u00e3o contra as privatiza\u00e7\u00f5es da CEEE, Sulg\u00e1s, Companhia Riograndense de Minera\u00e7\u00e3o (CRM), Corsan e Banrisul.<br \/>\nEsta \u00e9 a conclus\u00e3o de um levantamento de opini\u00e3o feito pelo Instituto de Pesquisa Social e Acessibilidade (Ipesa), que consultou 1.503 eleitores em 63 munic\u00edpios do Rio Grande do Sul.<br \/>\nA pesquisa foi encomendada pela CUT-RS e os dados foram colhidos entre os dias 23 e 27 de maio.<br \/>\nManifestaram-se contr\u00e1rios \u00e0s privatiza\u00e7\u00f5es, pretendidas pelo governo Sartori, 67,6% dos entrevistados. Apenas 22% s\u00e3o favor\u00e1veis, enquanto 7,7% n\u00e3o opinaram e 2,8% s\u00e3o indiferentes.<br \/>\n\u201c\u00c9 uma resposta ao governo Sartori, que agora prop\u00f5e um plebiscito para entregar \u00a0CEEE, Sulg\u00e1s e CRM, al\u00e9m de colocar em risco as demais estatais ga\u00fachas, como o Banrisul e a Corsan\u201d, avaliou Claudir Nespolo, presidente da CUT-RS.<br \/>\nNa avalia\u00e7\u00e3o do governo de Jos\u00e9 Ivo Sartori (PMDB), ele recebeu nota m\u00e9dia 3,5<br \/>\nSegundo o professor Ottmar Teske, do Ipesa, \u201da pesquisa tem como base um c\u00e1lculo m\u00ednimo de amostra, uma confian\u00e7a de 95% e os erros m\u00e1ximos de estima\u00e7\u00e3o de 2,5 pontos percentuais, para mais ou para menos\u201d.<br \/>\n<strong>29,9% deram zero para Sartori<\/strong><br \/>\nA nota zero foi a que mais foi dada para o governador na pesquisa do Ipesa, tendo sido concedida por 29,9% dos entrevistados. J\u00e1 a nota dez foi atribu\u00edda por apenas 2,5% dos consultados.<br \/>\n\u201cCaiu a ficha da popula\u00e7\u00e3o, pois est\u00e1 percebendo que foi enganada por Sartoni, que dizia na campanha que \u2018o meu partido \u00e9 o Rio Grande\u2019. Na verdade, o partido dele \u00e9 o velho PMDB, o mesmo do ex-governador Antonio Britto, de quem ele era l\u00edder na Assembleia Legislativa, durante a privatiza\u00e7\u00e3o da CRT, da venda de parte da CEEE e da extin\u00e7\u00e3o da Caixa Estadual\u201d, lembra.<br \/>\nA secret\u00e1ria de Forma\u00e7\u00e3o da CUT-RS, Maria Helena de Oliveira, destaca que \u201csem di\u00e1logo e com repress\u00e3o e trucul\u00eancia, Sartori arrochou e parcelou os sal\u00e1rios dos servidores, aplicou um tarifa\u00e7o no ICMS e aprovou parte do pacota\u00e7o que autoriza a extin\u00e7\u00e3o de nove funda\u00e7\u00f5es, da Corag e da SPH, dentre outros ataques\u201d.<br \/>\n\u201cSartori tamb\u00e9m arrochou o sal\u00e1rio m\u00ednimo regional, concedendo reajustes abaixo da infla\u00e7\u00e3o nos \u00faltimos dois anos e reduzindo o poder aquisitivo de cerca de 1,3 milh\u00e3o de trabalhadores e trabalhadoras\u201d, frisa o secret\u00e1rio de Rela\u00e7\u00f5es de Trabalho da CUT-RS, Antonio G\u00fcntzel.<br \/>\n<strong>Nova greve geral<\/strong><br \/>\nClaudir Nespolo avalia que os dados da pesquisa comprovam que as centrais sindicais est\u00e3o em sintonia com a popula\u00e7\u00e3o ao anunciarem a realiza\u00e7\u00e3o de uma nova greve geral, cuja data entre os dias 26 e 30 de junho ser\u00e1 definida em reuni\u00e3o nesta segunda-feira (5), em S\u00e3o Paulo.<br \/>\n\u201cVamos fazer uma nova greve geral, maior ainda do que a de 28 de abril, e concluir a marcha hist\u00f3rica de 24 de maio em Bras\u00edlia para barrar as reformas da Previd\u00eancia e trabalhista, e exigir Fora Temer e diretas j\u00e1 para que o povo escolha democraticamente um novo presidente\u201d, conclui Claudir.<\/p>\n","protected":false},"excerpt":{"rendered":"<p>Dois ter\u00e7os dos ga\u00fachos s\u00e3o contra as privatiza\u00e7\u00f5es da CEEE, Sulg\u00e1s, Companhia Riograndense de Minera\u00e7\u00e3o (CRM), Corsan e Banrisul. Esta \u00e9 a conclus\u00e3o de um levantamento de opini\u00e3o feito pelo Instituto de Pesquisa Social e Acessibilidade (Ipesa), que consultou 1.503 eleitores em 63 munic\u00edpios do Rio Grande do Sul. A pesquisa foi encomendada pela CUT-RS [&hellip;]<\/p>\n","protected":false},"author":4,"featured_media":41622,"comment_status":"open","ping_status":"closed","sticky":false,"template":"","format":"standard","meta":{"_jetpack_newsletter_access":"","_jetpack_dont_email_post_to_subs":false,"_jetpack_newsletter_tier_id":0,"_jetpack_memberships_contains_paywalled_content":false,"_jetpack_feature_clip_id":0,"_jetpack_memberships_contains_paid_content":false,"footnotes":"","jetpack_post_was_ever_published":false},"categories":[26],"tags":[],"class_list":["post-49534","post","type-post","status-publish","format-standard","has-post-thumbnail","hentry","category-geral"],"aioseo_notices":[],"aioseo_head":"\n\t\t<!-- All in One SEO 5.0.1.1 - aioseo.com -->\n\t<meta name=\"robots\" content=\"max-image-preview:large\" \/>\n\t<meta name=\"author\" content=\"da Reda\u00e7\u00e3o\"\/>\n\t<link rel=\"canonical\" href=\"https:\/\/www.jornalja.com.br\/arquivo\/dois-tercos-sao-contra-privatizacoes-de-sartori-segundo-pesquisa\/\" \/>\n\t<meta name=\"generator\" content=\"All in One SEO (AIOSEO) 5.0.1.1\" \/>\n\t\t<meta property=\"og:locale\" content=\"pt_BR\" \/>\n\t\t<meta property=\"og:site_name\" content=\"Arquivo | Jornal J\u00c1 | Porto Alegre\" \/>\n\t\t<meta property=\"og:type\" content=\"article\" \/>\n\t\t<meta property=\"og:title\" content=\"Dois ter\u00e7os s\u00e3o contra privatiza\u00e7\u00f5es de Sartori, segundo pesquisa | Arquivo\" \/>\n\t\t<meta property=\"og:url\" content=\"https:\/\/www.jornalja.com.br\/arquivo\/dois-tercos-sao-contra-privatizacoes-de-sartori-segundo-pesquisa\/\" \/>\n\t\t<meta property=\"og:image\" content=\"https:\/\/www.jornalja.com.br\/economics\/wp-content\/uploads\/sites\/11\/2026\/08\/ja-folhaderosto-facebook.jpg\" \/>\n\t\t<meta property=\"og:image:secure_url\" content=\"https:\/\/www.jornalja.com.br\/economics\/wp-content\/uploads\/sites\/11\/2026\/08\/ja-folhaderosto-facebook.jpg\" \/>\n\t\t<meta property=\"article:published_time\" content=\"2017-06-05T14:22:40+00:00\" \/>\n\t\t<meta property=\"article:modified_time\" content=\"2017-06-05T14:22:40+00:00\" \/>\n\t\t<meta name=\"twitter:card\" content=\"summary\" \/>\n\t\t<meta name=\"twitter:title\" content=\"Dois ter\u00e7os s\u00e3o contra privatiza\u00e7\u00f5es de Sartori, segundo pesquisa | Arquivo\" \/>\n\t\t<meta name=\"twitter:image\" content=\"https:\/\/www.jornalja.com.br\/economics\/wp-content\/uploads\/sites\/11\/2026\/08\/ja-folhaderosto-facebook.jpg\" \/>\n\t\t<script type=\"application\/ld+json\" class=\"aioseo-schema\">\n\t\t\t{\"@context\":\"https:\\\/\\\/schema.org\",\"@graph\":[{\"@type\":\"BlogPosting\",\"@id\":\"https:\\\/\\\/www.jornalja.com.br\\\/arquivo\\\/dois-tercos-sao-contra-privatizacoes-de-sartori-segundo-pesquisa\\\/#blogposting\",\"name\":\"Dois ter\\u00e7os s\\u00e3o contra privatiza\\u00e7\\u00f5es de Sartori, segundo pesquisa | Arquivo\",\"headline\":\"Dois ter\\u00e7os s\\u00e3o contra privatiza\\u00e7\\u00f5es de Sartori, segundo pesquisa\",\"author\":{\"@id\":\"https:\\\/\\\/www.jornalja.com.br\\\/arquivo\\\/author\\\/daredacao\\\/#author\"},\"publisher\":{\"@id\":\"https:\\\/\\\/www.jornalja.com.br\\\/arquivo\\\/#organization\"},\"image\":{\"@type\":\"ImageObject\",\"url\":41622},\"datePublished\":\"2017-06-05T11:22:40-03:00\",\"dateModified\":\"2017-06-05T11:22:40-03:00\",\"inLanguage\":\"pt-BR\",\"mainEntityOfPage\":{\"@id\":\"https:\\\/\\\/www.jornalja.com.br\\\/arquivo\\\/dois-tercos-sao-contra-privatizacoes-de-sartori-segundo-pesquisa\\\/#webpage\"},\"isPartOf\":{\"@id\":\"https:\\\/\\\/www.jornalja.com.br\\\/arquivo\\\/dois-tercos-sao-contra-privatizacoes-de-sartori-segundo-pesquisa\\\/#webpage\"},\"articleSection\":\"Geral\"},{\"@type\":\"BreadcrumbList\",\"@id\":\"https:\\\/\\\/www.jornalja.com.br\\\/arquivo\\\/dois-tercos-sao-contra-privatizacoes-de-sartori-segundo-pesquisa\\\/#breadcrumblist\",\"itemListElement\":[{\"@type\":\"ListItem\",\"@id\":\"https:\\\/\\\/www.jornalja.com.br\\\/arquivo#listItem\",\"position\":1,\"name\":\"Home\",\"item\":\"https:\\\/\\\/www.jornalja.com.br\\\/arquivo\",\"nextItem\":{\"@type\":\"ListItem\",\"@id\":\"https:\\\/\\\/www.jornalja.com.br\\\/arquivo\\\/category\\\/geral\\\/#listItem\",\"name\":\"Geral\"}},{\"@type\":\"ListItem\",\"@id\":\"https:\\\/\\\/www.jornalja.com.br\\\/arquivo\\\/category\\\/geral\\\/#listItem\",\"position\":2,\"name\":\"Geral\",\"item\":\"https:\\\/\\\/www.jornalja.com.br\\\/arquivo\\\/category\\\/geral\\\/\",\"nextItem\":{\"@type\":\"ListItem\",\"@id\":\"https:\\\/\\\/www.jornalja.com.br\\\/arquivo\\\/dois-tercos-sao-contra-privatizacoes-de-sartori-segundo-pesquisa\\\/#listItem\",\"name\":\"Dois ter\\u00e7os s\\u00e3o contra privatiza\\u00e7\\u00f5es de Sartori, segundo pesquisa\"},\"previousItem\":{\"@type\":\"ListItem\",\"@id\":\"https:\\\/\\\/www.jornalja.com.br\\\/arquivo#listItem\",\"name\":\"Home\"}},{\"@type\":\"ListItem\",\"@id\":\"https:\\\/\\\/www.jornalja.com.br\\\/arquivo\\\/dois-tercos-sao-contra-privatizacoes-de-sartori-segundo-pesquisa\\\/#listItem\",\"position\":3,\"name\":\"Dois ter\\u00e7os s\\u00e3o contra privatiza\\u00e7\\u00f5es de Sartori, segundo pesquisa\",\"previousItem\":{\"@type\":\"ListItem\",\"@id\":\"https:\\\/\\\/www.jornalja.com.br\\\/arquivo\\\/category\\\/geral\\\/#listItem\",\"name\":\"Geral\"}}]},{\"@type\":\"Organization\",\"@id\":\"https:\\\/\\\/www.jornalja.com.br\\\/arquivo\\\/#organization\",\"name\":\"Jornal J\\u00c1\",\"description\":\"Jornal J\\u00c1 | Porto Alegre\",\"url\":\"https:\\\/\\\/www.jornalja.com.br\\\/arquivo\\\/\",\"telephone\":\"+555133307272\",\"logo\":{\"@type\":\"ImageObject\",\"url\":\"https:\\\/\\\/www.jornalja.com.br\\\/wp-content\\\/uploads\\\/cards\\\/JAslogan.png\",\"@id\":\"https:\\\/\\\/www.jornalja.com.br\\\/arquivo\\\/dois-tercos-sao-contra-privatizacoes-de-sartori-segundo-pesquisa\\\/#organizationLogo\"},\"image\":{\"@id\":\"https:\\\/\\\/www.jornalja.com.br\\\/arquivo\\\/dois-tercos-sao-contra-privatizacoes-de-sartori-segundo-pesquisa\\\/#organizationLogo\"}},{\"@type\":\"Person\",\"@id\":\"https:\\\/\\\/www.jornalja.com.br\\\/arquivo\\\/author\\\/daredacao\\\/#author\",\"url\":\"https:\\\/\\\/www.jornalja.com.br\\\/arquivo\\\/author\\\/daredacao\\\/\",\"name\":\"da Reda\\u00e7\\u00e3o\",\"image\":{\"@type\":\"ImageObject\",\"@id\":\"https:\\\/\\\/www.jornalja.com.br\\\/arquivo\\\/dois-tercos-sao-contra-privatizacoes-de-sartori-segundo-pesquisa\\\/#authorImage\",\"url\":\"https:\\\/\\\/secure.gravatar.com\\\/avatar\\\/469fd857d6605ad19919d27ed29d35a968a25f6e8fd9318356bbb7f57aae9c65?s=96&d=mm&r=g\",\"width\":96,\"height\":96,\"caption\":\"da Reda\\u00e7\\u00e3o\"}},{\"@type\":\"WebPage\",\"@id\":\"https:\\\/\\\/www.jornalja.com.br\\\/arquivo\\\/dois-tercos-sao-contra-privatizacoes-de-sartori-segundo-pesquisa\\\/#webpage\",\"url\":\"https:\\\/\\\/www.jornalja.com.br\\\/arquivo\\\/dois-tercos-sao-contra-privatizacoes-de-sartori-segundo-pesquisa\\\/\",\"name\":\"Dois ter\\u00e7os s\\u00e3o contra privatiza\\u00e7\\u00f5es de Sartori, segundo pesquisa | Arquivo\",\"inLanguage\":\"pt-BR\",\"isPartOf\":{\"@id\":\"https:\\\/\\\/www.jornalja.com.br\\\/arquivo\\\/#website\"},\"breadcrumb\":{\"@id\":\"https:\\\/\\\/www.jornalja.com.br\\\/arquivo\\\/dois-tercos-sao-contra-privatizacoes-de-sartori-segundo-pesquisa\\\/#breadcrumblist\"},\"author\":{\"@id\":\"https:\\\/\\\/www.jornalja.com.br\\\/arquivo\\\/author\\\/daredacao\\\/#author\"},\"creator\":{\"@id\":\"https:\\\/\\\/www.jornalja.com.br\\\/arquivo\\\/author\\\/daredacao\\\/#author\"},\"image\":{\"@type\":\"ImageObject\",\"url\":41622,\"@id\":\"https:\\\/\\\/www.jornalja.com.br\\\/arquivo\\\/dois-tercos-sao-contra-privatizacoes-de-sartori-segundo-pesquisa\\\/#mainImage\"},\"primaryImageOfPage\":{\"@id\":\"https:\\\/\\\/www.jornalja.com.br\\\/arquivo\\\/dois-tercos-sao-contra-privatizacoes-de-sartori-segundo-pesquisa\\\/#mainImage\"},\"datePublished\":\"2017-06-05T11:22:40-03:00\",\"dateModified\":\"2017-06-05T11:22:40-03:00\"},{\"@type\":\"WebSite\",\"@id\":\"https:\\\/\\\/www.jornalja.com.br\\\/arquivo\\\/#website\",\"url\":\"https:\\\/\\\/www.jornalja.com.br\\\/arquivo\\\/\",\"name\":\"Arquivo\",\"description\":\"Jornal J\\u00c1 | Porto Alegre\",\"inLanguage\":\"pt-BR\",\"publisher\":{\"@id\":\"https:\\\/\\\/www.jornalja.com.br\\\/arquivo\\\/#organization\"}}]}\n\t\t<\/script>\n\t\t<!-- All in One SEO -->\n\n","aioseo_head_json":{"title":"Dois ter\u00e7os s\u00e3o contra privatiza\u00e7\u00f5es de Sartori, segundo pesquisa | Arquivo","description":"","canonical_url":"https:\/\/www.jornalja.com.br\/arquivo\/dois-tercos-sao-contra-privatizacoes-de-sartori-segundo-pesquisa\/","robots":"max-image-preview:large","keywords":"","webmasterTools":{"miscellaneous":""},"schema":{"@context":"https:\/\/schema.org","@graph":[{"@type":"BlogPosting","@id":"https:\/\/www.jornalja.com.br\/arquivo\/dois-tercos-sao-contra-privatizacoes-de-sartori-segundo-pesquisa\/#blogposting","name":"Dois ter\u00e7os s\u00e3o contra privatiza\u00e7\u00f5es de Sartori, segundo pesquisa | Arquivo","headline":"Dois ter\u00e7os s\u00e3o contra privatiza\u00e7\u00f5es de Sartori, segundo pesquisa","author":{"@id":"https:\/\/www.jornalja.com.br\/arquivo\/author\/daredacao\/#author"},"publisher":{"@id":"https:\/\/www.jornalja.com.br\/arquivo\/#organization"},"image":{"@type":"ImageObject","url":41622},"datePublished":"2017-06-05T11:22:40-03:00","dateModified":"2017-06-05T11:22:40-03:00","inLanguage":"pt-BR","mainEntityOfPage":{"@id":"https:\/\/www.jornalja.com.br\/arquivo\/dois-tercos-sao-contra-privatizacoes-de-sartori-segundo-pesquisa\/#webpage"},"isPartOf":{"@id":"https:\/\/www.jornalja.com.br\/arquivo\/dois-tercos-sao-contra-privatizacoes-de-sartori-segundo-pesquisa\/#webpage"},"articleSection":"Geral"},{"@type":"BreadcrumbList","@id":"https:\/\/www.jornalja.com.br\/arquivo\/dois-tercos-sao-contra-privatizacoes-de-sartori-segundo-pesquisa\/#breadcrumblist","itemListElement":[{"@type":"ListItem","@id":"https:\/\/www.jornalja.com.br\/arquivo#listItem","position":1,"name":"Home","item":"https:\/\/www.jornalja.com.br\/arquivo","nextItem":{"@type":"ListItem","@id":"https:\/\/www.jornalja.com.br\/arquivo\/category\/geral\/#listItem","name":"Geral"}},{"@type":"ListItem","@id":"https:\/\/www.jornalja.com.br\/arquivo\/category\/geral\/#listItem","position":2,"name":"Geral","item":"https:\/\/www.jornalja.com.br\/arquivo\/category\/geral\/","nextItem":{"@type":"ListItem","@id":"https:\/\/www.jornalja.com.br\/arquivo\/dois-tercos-sao-contra-privatizacoes-de-sartori-segundo-pesquisa\/#listItem","name":"Dois ter\u00e7os s\u00e3o contra privatiza\u00e7\u00f5es de Sartori, segundo pesquisa"},"previousItem":{"@type":"ListItem","@id":"https:\/\/www.jornalja.com.br\/arquivo#listItem","name":"Home"}},{"@type":"ListItem","@id":"https:\/\/www.jornalja.com.br\/arquivo\/dois-tercos-sao-contra-privatizacoes-de-sartori-segundo-pesquisa\/#listItem","position":3,"name":"Dois ter\u00e7os s\u00e3o contra privatiza\u00e7\u00f5es de Sartori, segundo pesquisa","previousItem":{"@type":"ListItem","@id":"https:\/\/www.jornalja.com.br\/arquivo\/category\/geral\/#listItem","name":"Geral"}}]},{"@type":"Organization","@id":"https:\/\/www.jornalja.com.br\/arquivo\/#organization","name":"Jornal J\u00c1","description":"Jornal J\u00c1 | Porto Alegre","url":"https:\/\/www.jornalja.com.br\/arquivo\/","telephone":"+555133307272","logo":{"@type":"ImageObject","url":"https:\/\/www.jornalja.com.br\/wp-content\/uploads\/cards\/JAslogan.png","@id":"https:\/\/www.jornalja.com.br\/arquivo\/dois-tercos-sao-contra-privatizacoes-de-sartori-segundo-pesquisa\/#organizationLogo"},"image":{"@id":"https:\/\/www.jornalja.com.br\/arquivo\/dois-tercos-sao-contra-privatizacoes-de-sartori-segundo-pesquisa\/#organizationLogo"}},{"@type":"Person","@id":"https:\/\/www.jornalja.com.br\/arquivo\/author\/daredacao\/#author","url":"https:\/\/www.jornalja.com.br\/arquivo\/author\/daredacao\/","name":"da Reda\u00e7\u00e3o","image":{"@type":"ImageObject","@id":"https:\/\/www.jornalja.com.br\/arquivo\/dois-tercos-sao-contra-privatizacoes-de-sartori-segundo-pesquisa\/#authorImage","url":"https:\/\/secure.gravatar.com\/avatar\/469fd857d6605ad19919d27ed29d35a968a25f6e8fd9318356bbb7f57aae9c65?s=96&d=mm&r=g","width":96,"height":96,"caption":"da Reda\u00e7\u00e3o"}},{"@type":"WebPage","@id":"https:\/\/www.jornalja.com.br\/arquivo\/dois-tercos-sao-contra-privatizacoes-de-sartori-segundo-pesquisa\/#webpage","url":"https:\/\/www.jornalja.com.br\/arquivo\/dois-tercos-sao-contra-privatizacoes-de-sartori-segundo-pesquisa\/","name":"Dois ter\u00e7os s\u00e3o contra privatiza\u00e7\u00f5es de Sartori, segundo pesquisa | Arquivo","inLanguage":"pt-BR","isPartOf":{"@id":"https:\/\/www.jornalja.com.br\/arquivo\/#website"},"breadcrumb":{"@id":"https:\/\/www.jornalja.com.br\/arquivo\/dois-tercos-sao-contra-privatizacoes-de-sartori-segundo-pesquisa\/#breadcrumblist"},"author":{"@id":"https:\/\/www.jornalja.com.br\/arquivo\/author\/daredacao\/#author"},"creator":{"@id":"https:\/\/www.jornalja.com.br\/arquivo\/author\/daredacao\/#author"},"image":{"@type":"ImageObject","url":41622,"@id":"https:\/\/www.jornalja.com.br\/arquivo\/dois-tercos-sao-contra-privatizacoes-de-sartori-segundo-pesquisa\/#mainImage"},"primaryImageOfPage":{"@id":"https:\/\/www.jornalja.com.br\/arquivo\/dois-tercos-sao-contra-privatizacoes-de-sartori-segundo-pesquisa\/#mainImage"},"datePublished":"2017-06-05T11:22:40-03:00","dateModified":"2017-06-05T11:22:40-03:00"},{"@type":"WebSite","@id":"https:\/\/www.jornalja.com.br\/arquivo\/#website","url":"https:\/\/www.jornalja.com.br\/arquivo\/","name":"Arquivo","description":"Jornal J\u00c1 | Porto Alegre","inLanguage":"pt-BR","publisher":{"@id":"https:\/\/www.jornalja.com.br\/arquivo\/#organization"}}]},"og:locale":"pt_BR","og:site_name":"Arquivo | Jornal J\u00c1 | Porto Alegre","og:type":"article","og:title":"Dois ter\u00e7os s\u00e3o contra privatiza\u00e7\u00f5es de Sartori, segundo pesquisa | Arquivo","og:url":"https:\/\/www.jornalja.com.br\/arquivo\/dois-tercos-sao-contra-privatizacoes-de-sartori-segundo-pesquisa\/","og:image":"https:\/\/www.jornalja.com.br\/economics\/wp-content\/uploads\/sites\/11\/2026\/08\/ja-folhaderosto-facebook.jpg","og:image:secure_url":"https:\/\/www.jornalja.com.br\/economics\/wp-content\/uploads\/sites\/11\/2026\/08\/ja-folhaderosto-facebook.jpg","article:published_time":"2017-06-05T14:22:40+00:00","article:modified_time":"2017-06-05T14:22:40+00:00","twitter:card":"summary","twitter:title":"Dois ter\u00e7os s\u00e3o contra privatiza\u00e7\u00f5es de Sartori, segundo pesquisa | Arquivo","twitter:image":"https:\/\/www.jornalja.com.br\/economics\/wp-content\/uploads\/sites\/11\/2026\/08\/ja-folhaderosto-facebook.jpg"},"aioseo_meta_data":{"post_id":"49534","title":null,"description":null,"keywords":null,"keyphrases":null,"primary_term":null,"canonical_url":null,"og_title":null,"og_description":null,"og_object_type":"default","og_image_type":"default","og_image_url":null,"og_image_width":null,"og_image_height":null,"og_image_custom_url":null,"og_image_custom_fields":null,"og_video":null,"og_custom_url":null,"og_article_section":null,"og_article_tags":null,"twitter_use_og":false,"twitter_card":"default","twitter_image_type":"default","twitter_image_url":null,"twitter_image_custom_url":null,"twitter_image_custom_fields":null,"twitter_title":null,"twitter_description":null,"schema":{"blockGraphs":[],"customGraphs":[],"default":{"data":{"Article":[],"Course":[],"Dataset":[],"FAQPage":[],"Movie":[],"Person":[],"Product":[],"ProductReview":[],"Car":[],"Recipe":[],"Service":[],"SoftwareApplication":[],"WebPage":[]},"graphName":"","isEnabled":true},"graphs":[]},"schema_type":null,"schema_type_options":null,"pillar_content":false,"robots_default":true,"robots_noindex":false,"robots_noarchive":false,"robots_nosnippet":false,"robots_nofollow":false,"robots_noimageindex":false,"robots_noodp":false,"robots_notranslate":false,"robots_max_snippet":null,"robots_max_videopreview":null,"robots_max_imagepreview":"large","priority":null,"frequency":null,"location":null,"local_seo":null,"breadcrumb_settings":null,"limit_modified_date":false,"ai":null,"created":"2020-12-20 20:32:48","updated":"2025-07-19 21:57:25","seo_analyzer_scan_date":null,"focus_keyword":null,"additional_keywords":null,"truseo_locale":null},"jetpack_sharing_enabled":true,"jetpack-related-posts":[{"id":13128,"url":"https:\/\/www.jornalja.com.br\/arquivo\/maconha-terra-diz-que-uso-medicinal-e-desculpa\/","url_meta":{"origin":49534,"position":0},"title":"Maconha: Terra diz que uso medicinal \u00e9 desculpa","author":"Patr\u00edcia Marini","date":"4 de junho de 2014","format":false,"excerpt":"A condi\u00e7\u00e3o de pol\u00edtico, em \u00e9poca de campanha de campanha eleitoral, tira for\u00e7a do discurso do m\u00e9dico Osmar Terra contra a legaliza\u00e7\u00e3o da maconha. A tese dele de que a libera\u00e7\u00e3o vai ampliar exponencialmente o consumo \u00e9 discutivel, o consumo \u00e9 corrente. Mas seus alertas quanto aos riscos tem que\u2026","rel":"","context":"Em &quot;X.Categorias velhas&quot;","block_context":{"text":"X.Categorias velhas","link":"https:\/\/www.jornalja.com.br\/arquivo\/category\/x-categorias-velhas\/"},"img":{"alt_text":"","src":"","width":0,"height":0},"classes":[]},{"id":13124,"url":"https:\/\/www.jornalja.com.br\/arquivo\/sangue-latino-no-iecine\/","url_meta":{"origin":49534,"position":1},"title":"Sangue latino no IECINE","author":"da Reda\u00e7\u00e3o","date":"18 de maio de 2014","format":false,"excerpt":"Francisco Ribeiro O Instituto Estadual de Cinema (IECINE) tem a frente, desde abril \u00faltimo, um novo diretor, o cineasta colombiano Juan Zapata, 36, que substitui Luiz Alberto Cassol. Radicado h\u00e1 dez anos em Porto Alegre, Zapata tem diante de si o desafio de conduzir at\u00e9 o final do ano um\u2026","rel":"","context":"Em &quot;Cultura-Geral&quot;","block_context":{"text":"Cultura-Geral","link":"https:\/\/www.jornalja.com.br\/arquivo\/category\/materiasecundaria\/"},"img":{"alt_text":"","src":"","width":0,"height":0},"classes":[]},{"id":12960,"url":"https:\/\/www.jornalja.com.br\/arquivo\/populacao-culpa-empresas-pela-greve-dos-rodoviarios\/","url_meta":{"origin":49534,"position":2},"title":"Popula\u00e7\u00e3o culpa empresas pela greve","author":"Patr\u00edcia Marini","date":"14 de fevereiro de 2014","format":false,"excerpt":"Pesquisa divulgada na edi\u00e7\u00e3o do jornal Metro desta sexta-feira,14, comprova o velho ditado: \u00e9 poss\u00edvel enganar muitos por algum tempo, mas n\u00e3o \u00e9 poss\u00edvel enganar a todos o tempo inteiro. A principal revela\u00e7\u00e3o foi que 59,8% dos entrevistados apontaram as empresas como as principais respons\u00e1veis pela grave e 46% culparam\u2026","rel":"","context":"Em &quot;X.Categorias velhas&quot;","block_context":{"text":"X.Categorias velhas","link":"https:\/\/www.jornalja.com.br\/arquivo\/category\/x-categorias-velhas\/"},"img":{"alt_text":"","src":"","width":0,"height":0},"classes":[]},{"id":13109,"url":"https:\/\/www.jornalja.com.br\/arquivo\/judiciario-reconhece-poluicao-eletromagnetica\/","url_meta":{"origin":49534,"position":3},"title":"Judici\u00e1rio reconhece polui\u00e7\u00e3o eletromagn\u00e9tica","author":"Patr\u00edcia Marini","date":"16 de maio de 2014","format":false,"excerpt":"A\u00e7\u00e3o de duas associa\u00e7\u00f5es de moradores foi acolhida pelo Tribunal de Justi\u00e7a de S\u00e3o Paulo que. em decis\u00e3o in\u00e9dita, determinou a redu\u00e7\u00e3o do campo eletromagn\u00e9tico gerado pelas linhas de transmiss\u00e3o de energia que cortam os bairros City Boa\u00e7ava e Alto de Pinheiros. \u00c9 a primeira vez que um tribunal do\u2026","rel":"","context":"Em &quot;X.Categorias velhas&quot;","block_context":{"text":"X.Categorias velhas","link":"https:\/\/www.jornalja.com.br\/arquivo\/category\/x-categorias-velhas\/"},"img":{"alt_text":"","src":"","width":0,"height":0},"classes":[]},{"id":5440,"url":"https:\/\/www.jornalja.com.br\/arquivo\/casarao-da-venancio-destino-permanece-incerto\/","url_meta":{"origin":49534,"position":4},"title":"Estado ainda n\u00e3o sabe o que fazer com casar\u00e3o abandonado h\u00e1 20 anos","author":"Elmar Bones","date":"6 de julho de 2009","format":false,"excerpt":"O casar\u00e3o amarelo, numa esquina nobre de Porto Alegre (Ven\u00e2ncio Aires com Jo\u00e3o Pessoa), j\u00e1 abrigou uma escola. H\u00e1 duas d\u00e9cadas, pelo menos, est\u00e1 abandonado, porque seu propriet\u00e1rio, o governo do Estado do Rio Grande do Sul, n\u00e3o consegue achar um destino para ele. Planos n\u00e3o faltaram. O governador Ol\u00edvio\u2026","rel":"","context":"Em &quot;X.Categorias velhas&quot;","block_context":{"text":"X.Categorias velhas","link":"https:\/\/www.jornalja.com.br\/arquivo\/category\/x-categorias-velhas\/"},"img":{"alt_text":"geraldo1","src":"https:\/\/i0.wp.com\/www.jornalja.com.br\/wp-content\/uploads\/2009\/07\/geraldo1.jpg?resize=350%2C200&ssl=1","width":350,"height":200},"classes":[]},{"id":13101,"url":"https:\/\/www.jornalja.com.br\/arquivo\/morre-um-guerreiro-do-texto\/","url_meta":{"origin":49534,"position":5},"title":"Morre um guerreiro do texto","author":"Patr\u00edcia Marini","date":"14 de maio de 2014","format":false,"excerpt":"Por Ricardo Kotscho Reproduzido do blog do autor, 11\/5\/2014; t\u00edtulo original \u201cE l\u00e1 se foi o nosso Myltainho, guerreiro do texto\u201d. Mi\u00fado e franzino, meu amigo Myltainho era um valente e inconformado guerreiro na luta contra as injusti\u00e7as sociais, a hipocrisia, as maracutaias, o autoritarismo, a intoler\u00e2ncia, a viol\u00eancia, o\u2026","rel":"","context":"Em &quot;Geral&quot;","block_context":{"text":"Geral","link":"https:\/\/www.jornalja.com.br\/arquivo\/category\/geral\/"},"img":{"alt_text":"","src":"","width":0,"height":0},"classes":[]}],"jetpack_shortlink":"https:\/\/wp.me\/pbQjBd-cSW","jetpack_featured_media_url":"","_links":{"self":[{"href":"https:\/\/www.jornalja.com.br\/arquivo\/wp-json\/wp\/v2\/posts\/49534","targetHints":{"allow":["GET"]}}],"collection":[{"href":"https:\/\/www.jornalja.com.br\/arquivo\/wp-json\/wp\/v2\/posts"}],"about":[{"href":"https:\/\/www.jornalja.com.br\/arquivo\/wp-json\/wp\/v2\/types\/post"}],"author":[{"embeddable":true,"href":"https:\/\/www.jornalja.com.br\/arquivo\/wp-json\/wp\/v2\/users\/4"}],"replies":[{"embeddable":true,"href":"https:\/\/www.jornalja.com.br\/arquivo\/wp-json\/wp\/v2\/comments?post=49534"}],"version-history":[{"count":0,"href":"https:\/\/www.jornalja.com.br\/arquivo\/wp-json\/wp\/v2\/posts\/49534\/revisions"}],"wp:attachment":[{"href":"https:\/\/www.jornalja.com.br\/arquivo\/wp-json\/wp\/v2\/media?parent=49534"}],"wp:term":[{"taxonomy":"category","embeddable":true,"href":"https:\/\/www.jornalja.com.br\/arquivo\/wp-json\/wp\/v2\/categories?post=49534"},{"taxonomy":"post_tag","embeddable":true,"href":"https:\/\/www.jornalja.com.br\/arquivo\/wp-json\/wp\/v2\/tags?post=49534"}],"curies":[{"name":"wp","href":"https:\/\/api.w.org\/{rel}","templated":true}]}}