{"id":49573,"date":"2017-06-05T20:37:41","date_gmt":"2017-06-05T23:37:41","guid":{"rendered":"https:\/\/www.jornalja.com.br\/?p=49573"},"modified":"2017-06-05T20:37:41","modified_gmt":"2017-06-05T23:37:41","slug":"procurador-geral-do-municipio-foi-advogado-da-falconi","status":"publish","type":"post","link":"https:\/\/www.jornalja.com.br\/arquivo\/procurador-geral-do-municipio-foi-advogado-da-falconi\/","title":{"rendered":"Procurador Geral do Munic\u00edpio foi advogado da Falconi"},"content":{"rendered":"<p><span class=\"assina\">Matheus Chaparini<\/span><br \/>\nEm dezembro de 2016, ainda antes de tomar posse como prefeito de Porto Alegre, Nelson Marchezan J\u00fanior anunciou os primeiros nomes da sua gest\u00e3o. Para a Procuradoria Geral do Munic\u00edpio, o nome escolhido foi o do advogado e consultor jur\u00eddico Bruno Miragem. Miragem \u00e9 doutor pela Universidade Federal do Rio Grande do Sul e atuou em diversas \u00e1reas, como Direito Civil, Direito do Consumidor, Direito Econ\u00f4mico, Direito Empresarial e Direito Administrativo.<br \/>\nUm de seus clientes<a href=\"https:\/\/www.jornalja.com.br\/consultoria-privada-e-responsavel-pelos-principais-projetos-de-marchezan\/\" target=\"_blank\" rel=\"noopener noreferrer\"> atuou em parceria com a Prefeitura de Porto Alegre<\/a> recentemente, tendo o contrato sido suspenso pela Justi\u00e7a.<br \/>\nEm 2014, Bruno Miragem representou a empresa Falconi Consultores de Resultado. A Prefeitura de Pelotas, \u00e0 \u00e9poca sob o comando do prefeito Eduardo Leite (PSDB), firmou contrato com a consultoria no valor de R$ 2 milh\u00f5es (R$ 2.148.124,15). A tarefa da consultoria era\u00a0apontar car\u00eancias na \u00e1rea da educa\u00e7\u00e3o e melhorar o desempenho das 61 escolas da rede municipal.<br \/>\nMiragem representou a Falconi em uma<a href=\"http:\/\/www.camarapel.rs.gov.br\/noticias\/falconi-prefeito-pede-audiencia-sobre-consultoria-mas-nao-comparece\/\" target=\"_blank\" rel=\"noopener noreferrer\"> audi\u00eancia p\u00fablica<\/a> na C\u00e2mara de Pelotas. Na ocasi\u00e3o, se disse surpreso com a situa\u00e7\u00e3o que se criou em torno do contrato, visto que empresa atua em diversos pa\u00edses. &#8220;A Falconi ganha dinheiro? Ganha, porque \u00e9 l\u00edder de mercado. Nossos valores s\u00e3o compat\u00edveis com o mercado&#8221;, defendeu Miragem na audi\u00eancia.<br \/>\nEm janeiro de 2015, o contrato foi suspenso pelo Tribunal de Justi\u00e7a do RS, ap\u00f3s a\u00e7\u00e3o do Minist\u00e9rio P\u00fablico. O MP alegava que o contrato era ilegal devido \u00e0 dispensa de licita\u00e7\u00e3o.<br \/>\nA C\u00e2mara Municipal de Pelotas denunciou que, mesmo ap\u00f3s a interrup\u00e7\u00e3o do contrato, a consultoria continuava atuando junto \u00e0 Prefeitura, atrav\u00e9s de uma parceria com a Comunitas.<br \/>\n<span class=\"intertit\">Falconi teve contratos suspensos pela Justi\u00e7a em Pelotas e Porto Alegre<\/span><br \/>\nEm Porto Alegre, a Falconi tamb\u00e9m atuou por intermedia\u00e7\u00e3o\u00a0da Comunitas. Neste caso, o contrato n\u00e3o previa pagamento por parte do poder p\u00fablico. O acordo de coopera\u00e7\u00e3o entre Comunitas e Prefeitura de Porto Alegre previa quatro importantes projetos da gest\u00e3o Marchezan: banco de talentos, plano de metas da gest\u00e3o, reforma administrativa e redu\u00e7\u00e3o do d\u00e9ficit.<br \/>\nNo dia 17 de maio, <a href=\"https:\/\/www.jornalja.com.br\/justica-suspende-acordo-entre-prefeitura-de-porto-alegre-e-comunitas\/\" target=\"_blank\" rel=\"noopener noreferrer\">a Justi\u00e7a suspendeu o contato<\/a>. A decis\u00e3o da ju\u00edza Andreia Terre do Amaral, da 3\u00aa Vara da Fazenda P\u00fablica, concedeu liminar a uma a\u00e7\u00e3o popular movida por diretores do Sindicato dos Municip\u00e1rios e vereadores da oposi\u00e7\u00e3o.<br \/>\nA aus\u00eancia de chamamento p\u00fablico foi uma das irregularidades apontadas. O artigo 29 da Lei Federal n. 13.019\/14 prev\u00ea a obrigatoriedade do devido chamamento p\u00fablico em acordos que envolvam \u201ca celebra\u00e7\u00e3o de comodato, doa\u00e7\u00e3o de bens ou outra forma de compartilhamento de recurso patrimonial\u201d.<br \/>\nA a\u00e7\u00e3o aponta ainda o que seria uma \u201cviola\u00e7\u00e3o ao princ\u00edpio da supremacia do interesse p\u00fablico\u201d: a cl\u00e1usula quarta do contrato, que prev\u00ea compartilhamento de informa\u00e7\u00f5es sigilosas da administra\u00e7\u00e3o municipal. Segundo os demandantes, \u201cao pactuar a disponibiliza\u00e7\u00e3o de dados sigilosos se est\u00e1 privilegiando um determinado particular com informa\u00e7\u00f5es relevant\u00edssimas, que lhe podem garantir vantagens indevidas\u201d.<\/p>\n","protected":false},"excerpt":{"rendered":"<p>Matheus Chaparini Em dezembro de 2016, ainda antes de tomar posse como prefeito de Porto Alegre, Nelson Marchezan J\u00fanior anunciou os primeiros nomes da sua gest\u00e3o. Para a Procuradoria Geral do Munic\u00edpio, o nome escolhido foi o do advogado e consultor jur\u00eddico Bruno Miragem. Miragem \u00e9 doutor pela Universidade Federal do Rio Grande do Sul [&hellip;]<\/p>\n","protected":false},"author":4,"featured_media":49574,"comment_status":"open","ping_status":"closed","sticky":false,"template":"","format":"standard","meta":{"_jetpack_newsletter_access":"","_jetpack_dont_email_post_to_subs":false,"_jetpack_newsletter_tier_id":0,"_jetpack_memberships_contains_paywalled_content":false,"_jetpack_feature_clip_id":0,"_jetpack_memberships_contains_paid_content":false,"footnotes":"","jetpack_post_was_ever_published":false},"categories":[26],"tags":[],"class_list":["post-49573","post","type-post","status-publish","format-standard","has-post-thumbnail","hentry","category-geral"],"aioseo_notices":[],"aioseo_head":"\n\t\t<!-- All in One SEO 5.0.1.1 - aioseo.com -->\n\t<meta name=\"robots\" content=\"max-image-preview:large\" \/>\n\t<meta name=\"author\" content=\"da Reda\u00e7\u00e3o\"\/>\n\t<link rel=\"canonical\" href=\"https:\/\/www.jornalja.com.br\/arquivo\/procurador-geral-do-municipio-foi-advogado-da-falconi\/\" \/>\n\t<meta name=\"generator\" content=\"All in One SEO (AIOSEO) 5.0.1.1\" \/>\n\t\t<meta property=\"og:locale\" content=\"pt_BR\" \/>\n\t\t<meta property=\"og:site_name\" content=\"Arquivo | Jornal J\u00c1 | Porto Alegre\" \/>\n\t\t<meta property=\"og:type\" content=\"article\" \/>\n\t\t<meta property=\"og:title\" content=\"Procurador Geral do Munic\u00edpio foi advogado da Falconi | Arquivo\" \/>\n\t\t<meta property=\"og:url\" content=\"https:\/\/www.jornalja.com.br\/arquivo\/procurador-geral-do-municipio-foi-advogado-da-falconi\/\" \/>\n\t\t<meta property=\"og:image\" content=\"https:\/\/www.jornalja.com.br\/economics\/wp-content\/uploads\/sites\/11\/2026\/08\/ja-folhaderosto-facebook.jpg\" \/>\n\t\t<meta property=\"og:image:secure_url\" content=\"https:\/\/www.jornalja.com.br\/economics\/wp-content\/uploads\/sites\/11\/2026\/08\/ja-folhaderosto-facebook.jpg\" \/>\n\t\t<meta property=\"article:published_time\" content=\"2017-06-05T23:37:41+00:00\" \/>\n\t\t<meta property=\"article:modified_time\" content=\"2017-06-05T23:37:41+00:00\" \/>\n\t\t<meta name=\"twitter:card\" content=\"summary\" \/>\n\t\t<meta name=\"twitter:title\" content=\"Procurador Geral do Munic\u00edpio foi advogado da Falconi | Arquivo\" \/>\n\t\t<meta name=\"twitter:image\" content=\"https:\/\/www.jornalja.com.br\/economics\/wp-content\/uploads\/sites\/11\/2026\/08\/ja-folhaderosto-facebook.jpg\" \/>\n\t\t<script type=\"application\/ld+json\" class=\"aioseo-schema\">\n\t\t\t{\"@context\":\"https:\\\/\\\/schema.org\",\"@graph\":[{\"@type\":\"BlogPosting\",\"@id\":\"https:\\\/\\\/www.jornalja.com.br\\\/arquivo\\\/procurador-geral-do-municipio-foi-advogado-da-falconi\\\/#blogposting\",\"name\":\"Procurador Geral do Munic\\u00edpio foi advogado da Falconi | Arquivo\",\"headline\":\"Procurador Geral do Munic\\u00edpio foi advogado da Falconi\",\"author\":{\"@id\":\"https:\\\/\\\/www.jornalja.com.br\\\/arquivo\\\/author\\\/daredacao\\\/#author\"},\"publisher\":{\"@id\":\"https:\\\/\\\/www.jornalja.com.br\\\/arquivo\\\/#organization\"},\"image\":{\"@type\":\"ImageObject\",\"url\":49574},\"datePublished\":\"2017-06-05T20:37:41-03:00\",\"dateModified\":\"2017-06-05T20:37:41-03:00\",\"inLanguage\":\"pt-BR\",\"mainEntityOfPage\":{\"@id\":\"https:\\\/\\\/www.jornalja.com.br\\\/arquivo\\\/procurador-geral-do-municipio-foi-advogado-da-falconi\\\/#webpage\"},\"isPartOf\":{\"@id\":\"https:\\\/\\\/www.jornalja.com.br\\\/arquivo\\\/procurador-geral-do-municipio-foi-advogado-da-falconi\\\/#webpage\"},\"articleSection\":\"Geral\"},{\"@type\":\"BreadcrumbList\",\"@id\":\"https:\\\/\\\/www.jornalja.com.br\\\/arquivo\\\/procurador-geral-do-municipio-foi-advogado-da-falconi\\\/#breadcrumblist\",\"itemListElement\":[{\"@type\":\"ListItem\",\"@id\":\"https:\\\/\\\/www.jornalja.com.br\\\/arquivo#listItem\",\"position\":1,\"name\":\"Home\",\"item\":\"https:\\\/\\\/www.jornalja.com.br\\\/arquivo\",\"nextItem\":{\"@type\":\"ListItem\",\"@id\":\"https:\\\/\\\/www.jornalja.com.br\\\/arquivo\\\/category\\\/geral\\\/#listItem\",\"name\":\"Geral\"}},{\"@type\":\"ListItem\",\"@id\":\"https:\\\/\\\/www.jornalja.com.br\\\/arquivo\\\/category\\\/geral\\\/#listItem\",\"position\":2,\"name\":\"Geral\",\"item\":\"https:\\\/\\\/www.jornalja.com.br\\\/arquivo\\\/category\\\/geral\\\/\",\"nextItem\":{\"@type\":\"ListItem\",\"@id\":\"https:\\\/\\\/www.jornalja.com.br\\\/arquivo\\\/procurador-geral-do-municipio-foi-advogado-da-falconi\\\/#listItem\",\"name\":\"Procurador Geral do Munic\\u00edpio foi advogado da Falconi\"},\"previousItem\":{\"@type\":\"ListItem\",\"@id\":\"https:\\\/\\\/www.jornalja.com.br\\\/arquivo#listItem\",\"name\":\"Home\"}},{\"@type\":\"ListItem\",\"@id\":\"https:\\\/\\\/www.jornalja.com.br\\\/arquivo\\\/procurador-geral-do-municipio-foi-advogado-da-falconi\\\/#listItem\",\"position\":3,\"name\":\"Procurador Geral do Munic\\u00edpio foi advogado da Falconi\",\"previousItem\":{\"@type\":\"ListItem\",\"@id\":\"https:\\\/\\\/www.jornalja.com.br\\\/arquivo\\\/category\\\/geral\\\/#listItem\",\"name\":\"Geral\"}}]},{\"@type\":\"Organization\",\"@id\":\"https:\\\/\\\/www.jornalja.com.br\\\/arquivo\\\/#organization\",\"name\":\"Jornal J\\u00c1\",\"description\":\"Jornal J\\u00c1 | Porto Alegre\",\"url\":\"https:\\\/\\\/www.jornalja.com.br\\\/arquivo\\\/\",\"telephone\":\"+555133307272\",\"logo\":{\"@type\":\"ImageObject\",\"url\":\"https:\\\/\\\/www.jornalja.com.br\\\/wp-content\\\/uploads\\\/cards\\\/JAslogan.png\",\"@id\":\"https:\\\/\\\/www.jornalja.com.br\\\/arquivo\\\/procurador-geral-do-municipio-foi-advogado-da-falconi\\\/#organizationLogo\"},\"image\":{\"@id\":\"https:\\\/\\\/www.jornalja.com.br\\\/arquivo\\\/procurador-geral-do-municipio-foi-advogado-da-falconi\\\/#organizationLogo\"}},{\"@type\":\"Person\",\"@id\":\"https:\\\/\\\/www.jornalja.com.br\\\/arquivo\\\/author\\\/daredacao\\\/#author\",\"url\":\"https:\\\/\\\/www.jornalja.com.br\\\/arquivo\\\/author\\\/daredacao\\\/\",\"name\":\"da Reda\\u00e7\\u00e3o\",\"image\":{\"@type\":\"ImageObject\",\"@id\":\"https:\\\/\\\/www.jornalja.com.br\\\/arquivo\\\/procurador-geral-do-municipio-foi-advogado-da-falconi\\\/#authorImage\",\"url\":\"https:\\\/\\\/secure.gravatar.com\\\/avatar\\\/469fd857d6605ad19919d27ed29d35a968a25f6e8fd9318356bbb7f57aae9c65?s=96&d=mm&r=g\",\"width\":96,\"height\":96,\"caption\":\"da Reda\\u00e7\\u00e3o\"}},{\"@type\":\"WebPage\",\"@id\":\"https:\\\/\\\/www.jornalja.com.br\\\/arquivo\\\/procurador-geral-do-municipio-foi-advogado-da-falconi\\\/#webpage\",\"url\":\"https:\\\/\\\/www.jornalja.com.br\\\/arquivo\\\/procurador-geral-do-municipio-foi-advogado-da-falconi\\\/\",\"name\":\"Procurador Geral do Munic\\u00edpio foi advogado da Falconi | Arquivo\",\"inLanguage\":\"pt-BR\",\"isPartOf\":{\"@id\":\"https:\\\/\\\/www.jornalja.com.br\\\/arquivo\\\/#website\"},\"breadcrumb\":{\"@id\":\"https:\\\/\\\/www.jornalja.com.br\\\/arquivo\\\/procurador-geral-do-municipio-foi-advogado-da-falconi\\\/#breadcrumblist\"},\"author\":{\"@id\":\"https:\\\/\\\/www.jornalja.com.br\\\/arquivo\\\/author\\\/daredacao\\\/#author\"},\"creator\":{\"@id\":\"https:\\\/\\\/www.jornalja.com.br\\\/arquivo\\\/author\\\/daredacao\\\/#author\"},\"image\":{\"@type\":\"ImageObject\",\"url\":49574,\"@id\":\"https:\\\/\\\/www.jornalja.com.br\\\/arquivo\\\/procurador-geral-do-municipio-foi-advogado-da-falconi\\\/#mainImage\"},\"primaryImageOfPage\":{\"@id\":\"https:\\\/\\\/www.jornalja.com.br\\\/arquivo\\\/procurador-geral-do-municipio-foi-advogado-da-falconi\\\/#mainImage\"},\"datePublished\":\"2017-06-05T20:37:41-03:00\",\"dateModified\":\"2017-06-05T20:37:41-03:00\"},{\"@type\":\"WebSite\",\"@id\":\"https:\\\/\\\/www.jornalja.com.br\\\/arquivo\\\/#website\",\"url\":\"https:\\\/\\\/www.jornalja.com.br\\\/arquivo\\\/\",\"name\":\"Arquivo\",\"description\":\"Jornal J\\u00c1 | Porto Alegre\",\"inLanguage\":\"pt-BR\",\"publisher\":{\"@id\":\"https:\\\/\\\/www.jornalja.com.br\\\/arquivo\\\/#organization\"}}]}\n\t\t<\/script>\n\t\t<!-- All in One SEO -->\n\n","aioseo_head_json":{"title":"Procurador Geral do Munic\u00edpio foi advogado da Falconi | Arquivo","description":"","canonical_url":"https:\/\/www.jornalja.com.br\/arquivo\/procurador-geral-do-municipio-foi-advogado-da-falconi\/","robots":"max-image-preview:large","keywords":"","webmasterTools":{"miscellaneous":""},"schema":{"@context":"https:\/\/schema.org","@graph":[{"@type":"BlogPosting","@id":"https:\/\/www.jornalja.com.br\/arquivo\/procurador-geral-do-municipio-foi-advogado-da-falconi\/#blogposting","name":"Procurador Geral do Munic\u00edpio foi advogado da Falconi | Arquivo","headline":"Procurador Geral do Munic\u00edpio foi advogado da Falconi","author":{"@id":"https:\/\/www.jornalja.com.br\/arquivo\/author\/daredacao\/#author"},"publisher":{"@id":"https:\/\/www.jornalja.com.br\/arquivo\/#organization"},"image":{"@type":"ImageObject","url":49574},"datePublished":"2017-06-05T20:37:41-03:00","dateModified":"2017-06-05T20:37:41-03:00","inLanguage":"pt-BR","mainEntityOfPage":{"@id":"https:\/\/www.jornalja.com.br\/arquivo\/procurador-geral-do-municipio-foi-advogado-da-falconi\/#webpage"},"isPartOf":{"@id":"https:\/\/www.jornalja.com.br\/arquivo\/procurador-geral-do-municipio-foi-advogado-da-falconi\/#webpage"},"articleSection":"Geral"},{"@type":"BreadcrumbList","@id":"https:\/\/www.jornalja.com.br\/arquivo\/procurador-geral-do-municipio-foi-advogado-da-falconi\/#breadcrumblist","itemListElement":[{"@type":"ListItem","@id":"https:\/\/www.jornalja.com.br\/arquivo#listItem","position":1,"name":"Home","item":"https:\/\/www.jornalja.com.br\/arquivo","nextItem":{"@type":"ListItem","@id":"https:\/\/www.jornalja.com.br\/arquivo\/category\/geral\/#listItem","name":"Geral"}},{"@type":"ListItem","@id":"https:\/\/www.jornalja.com.br\/arquivo\/category\/geral\/#listItem","position":2,"name":"Geral","item":"https:\/\/www.jornalja.com.br\/arquivo\/category\/geral\/","nextItem":{"@type":"ListItem","@id":"https:\/\/www.jornalja.com.br\/arquivo\/procurador-geral-do-municipio-foi-advogado-da-falconi\/#listItem","name":"Procurador Geral do Munic\u00edpio foi advogado da Falconi"},"previousItem":{"@type":"ListItem","@id":"https:\/\/www.jornalja.com.br\/arquivo#listItem","name":"Home"}},{"@type":"ListItem","@id":"https:\/\/www.jornalja.com.br\/arquivo\/procurador-geral-do-municipio-foi-advogado-da-falconi\/#listItem","position":3,"name":"Procurador Geral do Munic\u00edpio foi advogado da Falconi","previousItem":{"@type":"ListItem","@id":"https:\/\/www.jornalja.com.br\/arquivo\/category\/geral\/#listItem","name":"Geral"}}]},{"@type":"Organization","@id":"https:\/\/www.jornalja.com.br\/arquivo\/#organization","name":"Jornal J\u00c1","description":"Jornal J\u00c1 | Porto Alegre","url":"https:\/\/www.jornalja.com.br\/arquivo\/","telephone":"+555133307272","logo":{"@type":"ImageObject","url":"https:\/\/www.jornalja.com.br\/wp-content\/uploads\/cards\/JAslogan.png","@id":"https:\/\/www.jornalja.com.br\/arquivo\/procurador-geral-do-municipio-foi-advogado-da-falconi\/#organizationLogo"},"image":{"@id":"https:\/\/www.jornalja.com.br\/arquivo\/procurador-geral-do-municipio-foi-advogado-da-falconi\/#organizationLogo"}},{"@type":"Person","@id":"https:\/\/www.jornalja.com.br\/arquivo\/author\/daredacao\/#author","url":"https:\/\/www.jornalja.com.br\/arquivo\/author\/daredacao\/","name":"da Reda\u00e7\u00e3o","image":{"@type":"ImageObject","@id":"https:\/\/www.jornalja.com.br\/arquivo\/procurador-geral-do-municipio-foi-advogado-da-falconi\/#authorImage","url":"https:\/\/secure.gravatar.com\/avatar\/469fd857d6605ad19919d27ed29d35a968a25f6e8fd9318356bbb7f57aae9c65?s=96&d=mm&r=g","width":96,"height":96,"caption":"da Reda\u00e7\u00e3o"}},{"@type":"WebPage","@id":"https:\/\/www.jornalja.com.br\/arquivo\/procurador-geral-do-municipio-foi-advogado-da-falconi\/#webpage","url":"https:\/\/www.jornalja.com.br\/arquivo\/procurador-geral-do-municipio-foi-advogado-da-falconi\/","name":"Procurador Geral do Munic\u00edpio foi advogado da Falconi | Arquivo","inLanguage":"pt-BR","isPartOf":{"@id":"https:\/\/www.jornalja.com.br\/arquivo\/#website"},"breadcrumb":{"@id":"https:\/\/www.jornalja.com.br\/arquivo\/procurador-geral-do-municipio-foi-advogado-da-falconi\/#breadcrumblist"},"author":{"@id":"https:\/\/www.jornalja.com.br\/arquivo\/author\/daredacao\/#author"},"creator":{"@id":"https:\/\/www.jornalja.com.br\/arquivo\/author\/daredacao\/#author"},"image":{"@type":"ImageObject","url":49574,"@id":"https:\/\/www.jornalja.com.br\/arquivo\/procurador-geral-do-municipio-foi-advogado-da-falconi\/#mainImage"},"primaryImageOfPage":{"@id":"https:\/\/www.jornalja.com.br\/arquivo\/procurador-geral-do-municipio-foi-advogado-da-falconi\/#mainImage"},"datePublished":"2017-06-05T20:37:41-03:00","dateModified":"2017-06-05T20:37:41-03:00"},{"@type":"WebSite","@id":"https:\/\/www.jornalja.com.br\/arquivo\/#website","url":"https:\/\/www.jornalja.com.br\/arquivo\/","name":"Arquivo","description":"Jornal J\u00c1 | Porto Alegre","inLanguage":"pt-BR","publisher":{"@id":"https:\/\/www.jornalja.com.br\/arquivo\/#organization"}}]},"og:locale":"pt_BR","og:site_name":"Arquivo | Jornal J\u00c1 | Porto Alegre","og:type":"article","og:title":"Procurador Geral do Munic\u00edpio foi advogado da Falconi | Arquivo","og:url":"https:\/\/www.jornalja.com.br\/arquivo\/procurador-geral-do-municipio-foi-advogado-da-falconi\/","og:image":"https:\/\/www.jornalja.com.br\/economics\/wp-content\/uploads\/sites\/11\/2026\/08\/ja-folhaderosto-facebook.jpg","og:image:secure_url":"https:\/\/www.jornalja.com.br\/economics\/wp-content\/uploads\/sites\/11\/2026\/08\/ja-folhaderosto-facebook.jpg","article:published_time":"2017-06-05T23:37:41+00:00","article:modified_time":"2017-06-05T23:37:41+00:00","twitter:card":"summary","twitter:title":"Procurador Geral do Munic\u00edpio foi advogado da Falconi | Arquivo","twitter:image":"https:\/\/www.jornalja.com.br\/economics\/wp-content\/uploads\/sites\/11\/2026\/08\/ja-folhaderosto-facebook.jpg"},"aioseo_meta_data":{"post_id":"49573","title":null,"description":null,"keywords":null,"keyphrases":null,"primary_term":null,"canonical_url":null,"og_title":null,"og_description":null,"og_object_type":"default","og_image_type":"default","og_image_url":null,"og_image_width":null,"og_image_height":null,"og_image_custom_url":null,"og_image_custom_fields":null,"og_video":null,"og_custom_url":null,"og_article_section":null,"og_article_tags":null,"twitter_use_og":false,"twitter_card":"default","twitter_image_type":"default","twitter_image_url":null,"twitter_image_custom_url":null,"twitter_image_custom_fields":null,"twitter_title":null,"twitter_description":null,"schema":{"blockGraphs":[],"customGraphs":[],"default":{"data":{"Article":[],"Course":[],"Dataset":[],"FAQPage":[],"Movie":[],"Person":[],"Product":[],"ProductReview":[],"Car":[],"Recipe":[],"Service":[],"SoftwareApplication":[],"WebPage":[]},"graphName":"","isEnabled":true},"graphs":[],"defaultGraph":"","defaultPostTypeGraph":""},"schema_type":null,"schema_type_options":null,"pillar_content":false,"robots_default":true,"robots_noindex":false,"robots_noarchive":false,"robots_nosnippet":false,"robots_nofollow":false,"robots_noimageindex":false,"robots_noodp":false,"robots_notranslate":false,"robots_max_snippet":null,"robots_max_videopreview":null,"robots_max_imagepreview":"large","priority":null,"frequency":null,"location":null,"local_seo":null,"breadcrumb_settings":null,"limit_modified_date":false,"ai":null,"created":"2020-12-20 20:32:48","updated":"2025-07-19 21:59:22","seo_analyzer_scan_date":null,"focus_keyword":null,"additional_keywords":null,"truseo_locale":null},"jetpack_sharing_enabled":true,"jetpack-related-posts":[{"id":5440,"url":"https:\/\/www.jornalja.com.br\/arquivo\/casarao-da-venancio-destino-permanece-incerto\/","url_meta":{"origin":49573,"position":0},"title":"Estado ainda n\u00e3o sabe o que fazer com casar\u00e3o abandonado h\u00e1 20 anos","author":"Elmar Bones","date":"6 de julho de 2009","format":false,"excerpt":"O casar\u00e3o amarelo, numa esquina nobre de Porto Alegre (Ven\u00e2ncio Aires com Jo\u00e3o Pessoa), j\u00e1 abrigou uma escola. H\u00e1 duas d\u00e9cadas, pelo menos, est\u00e1 abandonado, porque seu propriet\u00e1rio, o governo do Estado do Rio Grande do Sul, n\u00e3o consegue achar um destino para ele. Planos n\u00e3o faltaram. O governador Ol\u00edvio\u2026","rel":"","context":"Em &quot;X.Categorias velhas&quot;","block_context":{"text":"X.Categorias velhas","link":"https:\/\/www.jornalja.com.br\/arquivo\/category\/x-categorias-velhas\/"},"img":{"alt_text":"geraldo1","src":"https:\/\/i0.wp.com\/www.jornalja.com.br\/wp-content\/uploads\/2009\/07\/geraldo1.jpg?resize=350%2C200&ssl=1","width":350,"height":200},"classes":[]},{"id":13240,"url":"https:\/\/www.jornalja.com.br\/arquivo\/plano-diretor-estamos-construindo-o-caos\/","url_meta":{"origin":49573,"position":1},"title":"Plano diretor: &quot;Estamos construindo o caos&quot;","author":"Patr\u00edcia Marini","date":"26 de maio de 2014","format":false,"excerpt":"Desabafo que arquiteta Eliana Castilhos, delegada da Regi\u00e3o de Planejamento 1, postou nas redes sociais \u00e9 um testemunho do ambiente que se criou no Conselho do Plano Diretor de Porto Alegre, onde a aprova\u00e7\u00e3o de grandes empreendimentos \u00e9 empurrada guela abaixo dos conselheiros. Ao CMDUA Como delegada da Regi\u00e3o de\u2026","rel":"","context":"Em &quot;Geral&quot;","block_context":{"text":"Geral","link":"https:\/\/www.jornalja.com.br\/arquivo\/category\/geral\/"},"img":{"alt_text":"","src":"","width":0,"height":0},"classes":[]},{"id":1280,"url":"https:\/\/www.jornalja.com.br\/arquivo\/o-menino-que-se-tornou-brizola\/","url_meta":{"origin":49573,"position":2},"title":"O Menino que se Tornou Brizola","author":"da Reda\u00e7\u00e3o","date":"28 de julho de 2008","format":false,"excerpt":"Autor: Cleber Dioni A vida de Leonel Brizola, com \u00eanfase para os primeiros anos em Porto Alegre, at\u00e9 o ex\u00edlio no Uruguai e a volta, quinze anos depois. \u00a0\"...\u00c9ramos todos jovens e nos identific\u00e1vamos com aquela massa an\u00f4nima a percorrer as ruas de Porto Alegre, gritando 'Get\u00falio', 'Get\u00falio' e empunhando\u2026","rel":"","context":"Em &quot;Livros&quot;","block_context":{"text":"Livros","link":"https:\/\/www.jornalja.com.br\/arquivo\/category\/livros\/"},"img":{"alt_text":"","src":"https:\/\/i0.wp.com\/www.jornalja.com.br\/wp-content\/uploads\/2008\/07\/brizola.gif?resize=350%2C200&ssl=1","width":350,"height":200},"classes":[]},{"id":13124,"url":"https:\/\/www.jornalja.com.br\/arquivo\/sangue-latino-no-iecine\/","url_meta":{"origin":49573,"position":3},"title":"Sangue latino no IECINE","author":"da Reda\u00e7\u00e3o","date":"18 de maio de 2014","format":false,"excerpt":"Francisco Ribeiro O Instituto Estadual de Cinema (IECINE) tem a frente, desde abril \u00faltimo, um novo diretor, o cineasta colombiano Juan Zapata, 36, que substitui Luiz Alberto Cassol. Radicado h\u00e1 dez anos em Porto Alegre, Zapata tem diante de si o desafio de conduzir at\u00e9 o final do ano um\u2026","rel":"","context":"Em &quot;Cultura-Geral&quot;","block_context":{"text":"Cultura-Geral","link":"https:\/\/www.jornalja.com.br\/arquivo\/category\/materiasecundaria\/"},"img":{"alt_text":"","src":"","width":0,"height":0},"classes":[]},{"id":14241,"url":"https:\/\/www.jornalja.com.br\/arquivo\/o-guaiba-nas-imagens-poeticas-de-achutti\/","url_meta":{"origin":49573,"position":4},"title":"O Gua\u00edba nas imagens po\u00e9ticas de Achutti","author":"da Reda\u00e7\u00e3o","date":"18 de junho de 2014","format":false,"excerpt":"Em \u201cO Gua\u00edba por Achutti\u201d \u2013 obra financiada via Minist\u00e9rio da Cultura, produ\u00e7\u00e3o executiva de Pedro Longhi, e Fl\u00e1vio Wild como designer \u2013, o fot\u00f3grafo revela a beleza e as mazelas de um espa\u00e7o aqu\u00e1tico de \u00e1guas sempre renovadas, cheio de hist\u00f3rias e lendas como as das cidades que foram\u2026","rel":"","context":"Em &quot;Cultura-Geral&quot;","block_context":{"text":"Cultura-Geral","link":"https:\/\/www.jornalja.com.br\/arquivo\/category\/materiasecundaria\/"},"img":{"alt_text":"","src":"","width":0,"height":0},"classes":[]},{"id":12960,"url":"https:\/\/www.jornalja.com.br\/arquivo\/populacao-culpa-empresas-pela-greve-dos-rodoviarios\/","url_meta":{"origin":49573,"position":5},"title":"Popula\u00e7\u00e3o culpa empresas pela greve","author":"Patr\u00edcia Marini","date":"14 de fevereiro de 2014","format":false,"excerpt":"Pesquisa divulgada na edi\u00e7\u00e3o do jornal Metro desta sexta-feira,14, comprova o velho ditado: \u00e9 poss\u00edvel enganar muitos por algum tempo, mas n\u00e3o \u00e9 poss\u00edvel enganar a todos o tempo inteiro. A principal revela\u00e7\u00e3o foi que 59,8% dos entrevistados apontaram as empresas como as principais respons\u00e1veis pela grave e 46% culparam\u2026","rel":"","context":"Em &quot;X.Categorias velhas&quot;","block_context":{"text":"X.Categorias velhas","link":"https:\/\/www.jornalja.com.br\/arquivo\/category\/x-categorias-velhas\/"},"img":{"alt_text":"","src":"","width":0,"height":0},"classes":[]}],"jetpack_shortlink":"https:\/\/wp.me\/pbQjBd-cTz","jetpack_featured_media_url":"","_links":{"self":[{"href":"https:\/\/www.jornalja.com.br\/arquivo\/wp-json\/wp\/v2\/posts\/49573","targetHints":{"allow":["GET"]}}],"collection":[{"href":"https:\/\/www.jornalja.com.br\/arquivo\/wp-json\/wp\/v2\/posts"}],"about":[{"href":"https:\/\/www.jornalja.com.br\/arquivo\/wp-json\/wp\/v2\/types\/post"}],"author":[{"embeddable":true,"href":"https:\/\/www.jornalja.com.br\/arquivo\/wp-json\/wp\/v2\/users\/4"}],"replies":[{"embeddable":true,"href":"https:\/\/www.jornalja.com.br\/arquivo\/wp-json\/wp\/v2\/comments?post=49573"}],"version-history":[{"count":0,"href":"https:\/\/www.jornalja.com.br\/arquivo\/wp-json\/wp\/v2\/posts\/49573\/revisions"}],"wp:attachment":[{"href":"https:\/\/www.jornalja.com.br\/arquivo\/wp-json\/wp\/v2\/media?parent=49573"}],"wp:term":[{"taxonomy":"category","embeddable":true,"href":"https:\/\/www.jornalja.com.br\/arquivo\/wp-json\/wp\/v2\/categories?post=49573"},{"taxonomy":"post_tag","embeddable":true,"href":"https:\/\/www.jornalja.com.br\/arquivo\/wp-json\/wp\/v2\/tags?post=49573"}],"curies":[{"name":"wp","href":"https:\/\/api.w.org\/{rel}","templated":true}]}}