{"id":49597,"date":"2017-06-06T16:24:51","date_gmt":"2017-06-06T19:24:51","guid":{"rendered":"https:\/\/www.jornalja.com.br\/?p=49597"},"modified":"2017-06-06T16:24:51","modified_gmt":"2017-06-06T19:24:51","slug":"plano-plurianual-de-marchezan-preve-deficit-de-quase-r-3-bi","status":"publish","type":"post","link":"https:\/\/www.jornalja.com.br\/arquivo\/plano-plurianual-de-marchezan-preve-deficit-de-quase-r-3-bi\/","title":{"rendered":"Plano Plurianual de Marchezan prev\u00ea d\u00e9ficit de quase R$ 3 bi"},"content":{"rendered":"<p>O vice-prefeito de Porto Alegre Gustavo Paim entregou na manh\u00e3 de ontem na C\u00e2mara de Vereadores o Plano Plurianual (PPA) 2018-2021 com uma previs\u00e3o de\u00a0d\u00e9ficit de aproximadamente R$ 3 bilh\u00f5es ao longo dos pr\u00f3ximos quatro anos.<br \/>\n&#8220;O\u00a0documento mostra a realidade tal qual ela \u00e9&#8221;, comentou Paim na entrega.<br \/>\nPela primeira vez na hist\u00f3ria foi apresentado um PPA com d\u00e9ficit. Segundo\u00a0o secret\u00e1rio municipal de Planejamento e Gest\u00e3o, Jos\u00e9 Alfredo Parode, os recursos &#8220;carimbados&#8221; eram usados para outros fins, como cobrir o d\u00e9ficit.<br \/>\nO Plano tra\u00e7a 11 programas estrat\u00e9gicos, desenvolvidos em cima do Prometa (programa de metas), dividido em tr\u00eas eixos:\u00a0Desenvolvimento Social,\u00a0Infraestrutura, Economia, Servi\u00e7os e Sustentabilidade e\u00a0Gest\u00e3o e Finan\u00e7as.\u00a0Ao todos ser\u00e3o 56 metas ao longo de quatros anos.<br \/>\nAlgumas das metas:<\/p>\n<ul>\n<li>Disponibilizar 8 unidades de Aten\u00e7\u00e3o Prim\u00e1ria \u00e0 Sa\u00fade com atendimento at\u00e9 \u00e0s 22h<\/li>\n<li>Reduzir em 35% o n\u00famero de ocorr\u00eancias de furto e roubo de ve\u00edculos<\/li>\n<li>Obter nota de 5,9 no IDEB 2020 \u2013 Anos Iniciais e\u00a0 nota de 5,3 no IDEB 2020 \u2013 Anos Finais do Ensino Fundamental.<\/li>\n<li>Reduzir o d\u00e9ficit habitacional, entregando 4000 unidades habitacionais<\/li>\n<li>Concluir 100% das obras da Copa em andamento<\/li>\n<li>Zerar d\u00e9ficit do Tesouro Municipal<\/li>\n<li>Revitalizar 10km da orla do Gua\u00edba<\/li>\n<\/ul>\n<p>O PPA 2018-2021 est\u00e1 dispon\u00edvel <a href=\"http:\/\/lproweb.procempa.com.br\/pmpa\/prefpoa\/smpeo\/usu_doc\/ppa_2018-2021.compressed.pdf\">aqui<\/a><\/p>\n","protected":false},"excerpt":{"rendered":"<p>O vice-prefeito de Porto Alegre Gustavo Paim entregou na manh\u00e3 de ontem na C\u00e2mara de Vereadores o Plano Plurianual (PPA) 2018-2021 com uma previs\u00e3o de\u00a0d\u00e9ficit de aproximadamente R$ 3 bilh\u00f5es ao longo dos pr\u00f3ximos quatro anos. &#8220;O\u00a0documento mostra a realidade tal qual ela \u00e9&#8221;, comentou Paim na entrega. Pela primeira vez na hist\u00f3ria foi apresentado [&hellip;]<\/p>\n","protected":false},"author":4,"featured_media":49605,"comment_status":"open","ping_status":"closed","sticky":false,"template":"","format":"standard","meta":{"_jetpack_newsletter_access":"","_jetpack_dont_email_post_to_subs":false,"_jetpack_newsletter_tier_id":0,"_jetpack_memberships_contains_paywalled_content":false,"_jetpack_feature_clip_id":0,"_jetpack_memberships_contains_paid_content":false,"footnotes":"","jetpack_post_was_ever_published":false},"categories":[26],"tags":[],"class_list":["post-49597","post","type-post","status-publish","format-standard","has-post-thumbnail","hentry","category-geral"],"aioseo_notices":[],"aioseo_head":"\n\t\t<!-- All in One SEO 5.0.1.1 - aioseo.com -->\n\t<meta name=\"robots\" content=\"max-image-preview:large\" \/>\n\t<meta name=\"author\" content=\"da Reda\u00e7\u00e3o\"\/>\n\t<link rel=\"canonical\" href=\"https:\/\/www.jornalja.com.br\/arquivo\/plano-plurianual-de-marchezan-preve-deficit-de-quase-r-3-bi\/\" \/>\n\t<meta name=\"generator\" content=\"All in One SEO (AIOSEO) 5.0.1.1\" \/>\n\t\t<meta property=\"og:locale\" content=\"pt_BR\" \/>\n\t\t<meta property=\"og:site_name\" content=\"Arquivo | Jornal J\u00c1 | Porto Alegre\" \/>\n\t\t<meta property=\"og:type\" content=\"article\" \/>\n\t\t<meta property=\"og:title\" content=\"Plano Plurianual de Marchezan prev\u00ea d\u00e9ficit de quase R$ 3 bi | Arquivo\" \/>\n\t\t<meta property=\"og:url\" content=\"https:\/\/www.jornalja.com.br\/arquivo\/plano-plurianual-de-marchezan-preve-deficit-de-quase-r-3-bi\/\" \/>\n\t\t<meta property=\"og:image\" content=\"https:\/\/www.jornalja.com.br\/economics\/wp-content\/uploads\/sites\/11\/2026\/08\/ja-folhaderosto-facebook.jpg\" \/>\n\t\t<meta property=\"og:image:secure_url\" content=\"https:\/\/www.jornalja.com.br\/economics\/wp-content\/uploads\/sites\/11\/2026\/08\/ja-folhaderosto-facebook.jpg\" \/>\n\t\t<meta property=\"article:published_time\" content=\"2017-06-06T19:24:51+00:00\" \/>\n\t\t<meta property=\"article:modified_time\" content=\"2017-06-06T19:24:51+00:00\" \/>\n\t\t<meta name=\"twitter:card\" content=\"summary\" \/>\n\t\t<meta name=\"twitter:title\" content=\"Plano Plurianual de Marchezan prev\u00ea d\u00e9ficit de quase R$ 3 bi | Arquivo\" \/>\n\t\t<meta name=\"twitter:image\" content=\"https:\/\/www.jornalja.com.br\/economics\/wp-content\/uploads\/sites\/11\/2026\/08\/ja-folhaderosto-facebook.jpg\" \/>\n\t\t<script type=\"application\/ld+json\" class=\"aioseo-schema\">\n\t\t\t{\"@context\":\"https:\\\/\\\/schema.org\",\"@graph\":[{\"@type\":\"BlogPosting\",\"@id\":\"https:\\\/\\\/www.jornalja.com.br\\\/arquivo\\\/plano-plurianual-de-marchezan-preve-deficit-de-quase-r-3-bi\\\/#blogposting\",\"name\":\"Plano Plurianual de Marchezan prev\\u00ea d\\u00e9ficit de quase R$ 3 bi | Arquivo\",\"headline\":\"Plano Plurianual de Marchezan prev\\u00ea d\\u00e9ficit de quase R$ 3 bi\",\"author\":{\"@id\":\"https:\\\/\\\/www.jornalja.com.br\\\/arquivo\\\/author\\\/daredacao\\\/#author\"},\"publisher\":{\"@id\":\"https:\\\/\\\/www.jornalja.com.br\\\/arquivo\\\/#organization\"},\"image\":{\"@type\":\"ImageObject\",\"url\":49605},\"datePublished\":\"2017-06-06T16:24:51-03:00\",\"dateModified\":\"2017-06-06T16:24:51-03:00\",\"inLanguage\":\"pt-BR\",\"commentCount\":1,\"mainEntityOfPage\":{\"@id\":\"https:\\\/\\\/www.jornalja.com.br\\\/arquivo\\\/plano-plurianual-de-marchezan-preve-deficit-de-quase-r-3-bi\\\/#webpage\"},\"isPartOf\":{\"@id\":\"https:\\\/\\\/www.jornalja.com.br\\\/arquivo\\\/plano-plurianual-de-marchezan-preve-deficit-de-quase-r-3-bi\\\/#webpage\"},\"articleSection\":\"Geral\"},{\"@type\":\"BreadcrumbList\",\"@id\":\"https:\\\/\\\/www.jornalja.com.br\\\/arquivo\\\/plano-plurianual-de-marchezan-preve-deficit-de-quase-r-3-bi\\\/#breadcrumblist\",\"itemListElement\":[{\"@type\":\"ListItem\",\"@id\":\"https:\\\/\\\/www.jornalja.com.br\\\/arquivo#listItem\",\"position\":1,\"name\":\"Home\",\"item\":\"https:\\\/\\\/www.jornalja.com.br\\\/arquivo\",\"nextItem\":{\"@type\":\"ListItem\",\"@id\":\"https:\\\/\\\/www.jornalja.com.br\\\/arquivo\\\/category\\\/geral\\\/#listItem\",\"name\":\"Geral\"}},{\"@type\":\"ListItem\",\"@id\":\"https:\\\/\\\/www.jornalja.com.br\\\/arquivo\\\/category\\\/geral\\\/#listItem\",\"position\":2,\"name\":\"Geral\",\"item\":\"https:\\\/\\\/www.jornalja.com.br\\\/arquivo\\\/category\\\/geral\\\/\",\"nextItem\":{\"@type\":\"ListItem\",\"@id\":\"https:\\\/\\\/www.jornalja.com.br\\\/arquivo\\\/plano-plurianual-de-marchezan-preve-deficit-de-quase-r-3-bi\\\/#listItem\",\"name\":\"Plano Plurianual de Marchezan prev\\u00ea d\\u00e9ficit de quase R$ 3 bi\"},\"previousItem\":{\"@type\":\"ListItem\",\"@id\":\"https:\\\/\\\/www.jornalja.com.br\\\/arquivo#listItem\",\"name\":\"Home\"}},{\"@type\":\"ListItem\",\"@id\":\"https:\\\/\\\/www.jornalja.com.br\\\/arquivo\\\/plano-plurianual-de-marchezan-preve-deficit-de-quase-r-3-bi\\\/#listItem\",\"position\":3,\"name\":\"Plano Plurianual de Marchezan prev\\u00ea d\\u00e9ficit de quase R$ 3 bi\",\"previousItem\":{\"@type\":\"ListItem\",\"@id\":\"https:\\\/\\\/www.jornalja.com.br\\\/arquivo\\\/category\\\/geral\\\/#listItem\",\"name\":\"Geral\"}}]},{\"@type\":\"Organization\",\"@id\":\"https:\\\/\\\/www.jornalja.com.br\\\/arquivo\\\/#organization\",\"name\":\"Jornal J\\u00c1\",\"description\":\"Jornal J\\u00c1 | Porto Alegre\",\"url\":\"https:\\\/\\\/www.jornalja.com.br\\\/arquivo\\\/\",\"telephone\":\"+555133307272\",\"logo\":{\"@type\":\"ImageObject\",\"url\":\"https:\\\/\\\/www.jornalja.com.br\\\/wp-content\\\/uploads\\\/cards\\\/JAslogan.png\",\"@id\":\"https:\\\/\\\/www.jornalja.com.br\\\/arquivo\\\/plano-plurianual-de-marchezan-preve-deficit-de-quase-r-3-bi\\\/#organizationLogo\"},\"image\":{\"@id\":\"https:\\\/\\\/www.jornalja.com.br\\\/arquivo\\\/plano-plurianual-de-marchezan-preve-deficit-de-quase-r-3-bi\\\/#organizationLogo\"}},{\"@type\":\"Person\",\"@id\":\"https:\\\/\\\/www.jornalja.com.br\\\/arquivo\\\/author\\\/daredacao\\\/#author\",\"url\":\"https:\\\/\\\/www.jornalja.com.br\\\/arquivo\\\/author\\\/daredacao\\\/\",\"name\":\"da Reda\\u00e7\\u00e3o\",\"image\":{\"@type\":\"ImageObject\",\"@id\":\"https:\\\/\\\/www.jornalja.com.br\\\/arquivo\\\/plano-plurianual-de-marchezan-preve-deficit-de-quase-r-3-bi\\\/#authorImage\",\"url\":\"https:\\\/\\\/secure.gravatar.com\\\/avatar\\\/469fd857d6605ad19919d27ed29d35a968a25f6e8fd9318356bbb7f57aae9c65?s=96&d=mm&r=g\",\"width\":96,\"height\":96,\"caption\":\"da Reda\\u00e7\\u00e3o\"}},{\"@type\":\"WebPage\",\"@id\":\"https:\\\/\\\/www.jornalja.com.br\\\/arquivo\\\/plano-plurianual-de-marchezan-preve-deficit-de-quase-r-3-bi\\\/#webpage\",\"url\":\"https:\\\/\\\/www.jornalja.com.br\\\/arquivo\\\/plano-plurianual-de-marchezan-preve-deficit-de-quase-r-3-bi\\\/\",\"name\":\"Plano Plurianual de Marchezan prev\\u00ea d\\u00e9ficit de quase R$ 3 bi | Arquivo\",\"inLanguage\":\"pt-BR\",\"isPartOf\":{\"@id\":\"https:\\\/\\\/www.jornalja.com.br\\\/arquivo\\\/#website\"},\"breadcrumb\":{\"@id\":\"https:\\\/\\\/www.jornalja.com.br\\\/arquivo\\\/plano-plurianual-de-marchezan-preve-deficit-de-quase-r-3-bi\\\/#breadcrumblist\"},\"author\":{\"@id\":\"https:\\\/\\\/www.jornalja.com.br\\\/arquivo\\\/author\\\/daredacao\\\/#author\"},\"creator\":{\"@id\":\"https:\\\/\\\/www.jornalja.com.br\\\/arquivo\\\/author\\\/daredacao\\\/#author\"},\"image\":{\"@type\":\"ImageObject\",\"url\":49605,\"@id\":\"https:\\\/\\\/www.jornalja.com.br\\\/arquivo\\\/plano-plurianual-de-marchezan-preve-deficit-de-quase-r-3-bi\\\/#mainImage\"},\"primaryImageOfPage\":{\"@id\":\"https:\\\/\\\/www.jornalja.com.br\\\/arquivo\\\/plano-plurianual-de-marchezan-preve-deficit-de-quase-r-3-bi\\\/#mainImage\"},\"datePublished\":\"2017-06-06T16:24:51-03:00\",\"dateModified\":\"2017-06-06T16:24:51-03:00\"},{\"@type\":\"WebSite\",\"@id\":\"https:\\\/\\\/www.jornalja.com.br\\\/arquivo\\\/#website\",\"url\":\"https:\\\/\\\/www.jornalja.com.br\\\/arquivo\\\/\",\"name\":\"Arquivo\",\"description\":\"Jornal J\\u00c1 | Porto Alegre\",\"inLanguage\":\"pt-BR\",\"publisher\":{\"@id\":\"https:\\\/\\\/www.jornalja.com.br\\\/arquivo\\\/#organization\"}}]}\n\t\t<\/script>\n\t\t<!-- All in One SEO -->\n\n","aioseo_head_json":{"title":"Plano Plurianual de Marchezan prev\u00ea d\u00e9ficit de quase R$ 3 bi | Arquivo","description":"","canonical_url":"https:\/\/www.jornalja.com.br\/arquivo\/plano-plurianual-de-marchezan-preve-deficit-de-quase-r-3-bi\/","robots":"max-image-preview:large","keywords":"","webmasterTools":{"miscellaneous":""},"schema":{"@context":"https:\/\/schema.org","@graph":[{"@type":"BlogPosting","@id":"https:\/\/www.jornalja.com.br\/arquivo\/plano-plurianual-de-marchezan-preve-deficit-de-quase-r-3-bi\/#blogposting","name":"Plano Plurianual de Marchezan prev\u00ea d\u00e9ficit de quase R$ 3 bi | Arquivo","headline":"Plano Plurianual de Marchezan prev\u00ea d\u00e9ficit de quase R$ 3 bi","author":{"@id":"https:\/\/www.jornalja.com.br\/arquivo\/author\/daredacao\/#author"},"publisher":{"@id":"https:\/\/www.jornalja.com.br\/arquivo\/#organization"},"image":{"@type":"ImageObject","url":49605},"datePublished":"2017-06-06T16:24:51-03:00","dateModified":"2017-06-06T16:24:51-03:00","inLanguage":"pt-BR","commentCount":1,"mainEntityOfPage":{"@id":"https:\/\/www.jornalja.com.br\/arquivo\/plano-plurianual-de-marchezan-preve-deficit-de-quase-r-3-bi\/#webpage"},"isPartOf":{"@id":"https:\/\/www.jornalja.com.br\/arquivo\/plano-plurianual-de-marchezan-preve-deficit-de-quase-r-3-bi\/#webpage"},"articleSection":"Geral"},{"@type":"BreadcrumbList","@id":"https:\/\/www.jornalja.com.br\/arquivo\/plano-plurianual-de-marchezan-preve-deficit-de-quase-r-3-bi\/#breadcrumblist","itemListElement":[{"@type":"ListItem","@id":"https:\/\/www.jornalja.com.br\/arquivo#listItem","position":1,"name":"Home","item":"https:\/\/www.jornalja.com.br\/arquivo","nextItem":{"@type":"ListItem","@id":"https:\/\/www.jornalja.com.br\/arquivo\/category\/geral\/#listItem","name":"Geral"}},{"@type":"ListItem","@id":"https:\/\/www.jornalja.com.br\/arquivo\/category\/geral\/#listItem","position":2,"name":"Geral","item":"https:\/\/www.jornalja.com.br\/arquivo\/category\/geral\/","nextItem":{"@type":"ListItem","@id":"https:\/\/www.jornalja.com.br\/arquivo\/plano-plurianual-de-marchezan-preve-deficit-de-quase-r-3-bi\/#listItem","name":"Plano Plurianual de Marchezan prev\u00ea d\u00e9ficit de quase R$ 3 bi"},"previousItem":{"@type":"ListItem","@id":"https:\/\/www.jornalja.com.br\/arquivo#listItem","name":"Home"}},{"@type":"ListItem","@id":"https:\/\/www.jornalja.com.br\/arquivo\/plano-plurianual-de-marchezan-preve-deficit-de-quase-r-3-bi\/#listItem","position":3,"name":"Plano Plurianual de Marchezan prev\u00ea d\u00e9ficit de quase R$ 3 bi","previousItem":{"@type":"ListItem","@id":"https:\/\/www.jornalja.com.br\/arquivo\/category\/geral\/#listItem","name":"Geral"}}]},{"@type":"Organization","@id":"https:\/\/www.jornalja.com.br\/arquivo\/#organization","name":"Jornal J\u00c1","description":"Jornal J\u00c1 | Porto Alegre","url":"https:\/\/www.jornalja.com.br\/arquivo\/","telephone":"+555133307272","logo":{"@type":"ImageObject","url":"https:\/\/www.jornalja.com.br\/wp-content\/uploads\/cards\/JAslogan.png","@id":"https:\/\/www.jornalja.com.br\/arquivo\/plano-plurianual-de-marchezan-preve-deficit-de-quase-r-3-bi\/#organizationLogo"},"image":{"@id":"https:\/\/www.jornalja.com.br\/arquivo\/plano-plurianual-de-marchezan-preve-deficit-de-quase-r-3-bi\/#organizationLogo"}},{"@type":"Person","@id":"https:\/\/www.jornalja.com.br\/arquivo\/author\/daredacao\/#author","url":"https:\/\/www.jornalja.com.br\/arquivo\/author\/daredacao\/","name":"da Reda\u00e7\u00e3o","image":{"@type":"ImageObject","@id":"https:\/\/www.jornalja.com.br\/arquivo\/plano-plurianual-de-marchezan-preve-deficit-de-quase-r-3-bi\/#authorImage","url":"https:\/\/secure.gravatar.com\/avatar\/469fd857d6605ad19919d27ed29d35a968a25f6e8fd9318356bbb7f57aae9c65?s=96&d=mm&r=g","width":96,"height":96,"caption":"da Reda\u00e7\u00e3o"}},{"@type":"WebPage","@id":"https:\/\/www.jornalja.com.br\/arquivo\/plano-plurianual-de-marchezan-preve-deficit-de-quase-r-3-bi\/#webpage","url":"https:\/\/www.jornalja.com.br\/arquivo\/plano-plurianual-de-marchezan-preve-deficit-de-quase-r-3-bi\/","name":"Plano Plurianual de Marchezan prev\u00ea d\u00e9ficit de quase R$ 3 bi | Arquivo","inLanguage":"pt-BR","isPartOf":{"@id":"https:\/\/www.jornalja.com.br\/arquivo\/#website"},"breadcrumb":{"@id":"https:\/\/www.jornalja.com.br\/arquivo\/plano-plurianual-de-marchezan-preve-deficit-de-quase-r-3-bi\/#breadcrumblist"},"author":{"@id":"https:\/\/www.jornalja.com.br\/arquivo\/author\/daredacao\/#author"},"creator":{"@id":"https:\/\/www.jornalja.com.br\/arquivo\/author\/daredacao\/#author"},"image":{"@type":"ImageObject","url":49605,"@id":"https:\/\/www.jornalja.com.br\/arquivo\/plano-plurianual-de-marchezan-preve-deficit-de-quase-r-3-bi\/#mainImage"},"primaryImageOfPage":{"@id":"https:\/\/www.jornalja.com.br\/arquivo\/plano-plurianual-de-marchezan-preve-deficit-de-quase-r-3-bi\/#mainImage"},"datePublished":"2017-06-06T16:24:51-03:00","dateModified":"2017-06-06T16:24:51-03:00"},{"@type":"WebSite","@id":"https:\/\/www.jornalja.com.br\/arquivo\/#website","url":"https:\/\/www.jornalja.com.br\/arquivo\/","name":"Arquivo","description":"Jornal J\u00c1 | Porto Alegre","inLanguage":"pt-BR","publisher":{"@id":"https:\/\/www.jornalja.com.br\/arquivo\/#organization"}}]},"og:locale":"pt_BR","og:site_name":"Arquivo | Jornal J\u00c1 | Porto Alegre","og:type":"article","og:title":"Plano Plurianual de Marchezan prev\u00ea d\u00e9ficit de quase R$ 3 bi | Arquivo","og:url":"https:\/\/www.jornalja.com.br\/arquivo\/plano-plurianual-de-marchezan-preve-deficit-de-quase-r-3-bi\/","og:image":"https:\/\/www.jornalja.com.br\/economics\/wp-content\/uploads\/sites\/11\/2026\/08\/ja-folhaderosto-facebook.jpg","og:image:secure_url":"https:\/\/www.jornalja.com.br\/economics\/wp-content\/uploads\/sites\/11\/2026\/08\/ja-folhaderosto-facebook.jpg","article:published_time":"2017-06-06T19:24:51+00:00","article:modified_time":"2017-06-06T19:24:51+00:00","twitter:card":"summary","twitter:title":"Plano Plurianual de Marchezan prev\u00ea d\u00e9ficit de quase R$ 3 bi | Arquivo","twitter:image":"https:\/\/www.jornalja.com.br\/economics\/wp-content\/uploads\/sites\/11\/2026\/08\/ja-folhaderosto-facebook.jpg"},"aioseo_meta_data":{"post_id":"49597","title":null,"description":null,"keywords":null,"keyphrases":null,"primary_term":null,"canonical_url":null,"og_title":null,"og_description":null,"og_object_type":"default","og_image_type":"default","og_image_url":null,"og_image_width":null,"og_image_height":null,"og_image_custom_url":null,"og_image_custom_fields":null,"og_video":null,"og_custom_url":null,"og_article_section":null,"og_article_tags":null,"twitter_use_og":false,"twitter_card":"default","twitter_image_type":"default","twitter_image_url":null,"twitter_image_custom_url":null,"twitter_image_custom_fields":null,"twitter_title":null,"twitter_description":null,"schema":{"blockGraphs":[],"customGraphs":[],"default":{"data":{"Article":[],"Course":[],"Dataset":[],"FAQPage":[],"Movie":[],"Person":[],"Product":[],"ProductReview":[],"Car":[],"Recipe":[],"Service":[],"SoftwareApplication":[],"WebPage":[]},"graphName":"","isEnabled":true},"graphs":[]},"schema_type":null,"schema_type_options":null,"pillar_content":false,"robots_default":true,"robots_noindex":false,"robots_noarchive":false,"robots_nosnippet":false,"robots_nofollow":false,"robots_noimageindex":false,"robots_noodp":false,"robots_notranslate":false,"robots_max_snippet":null,"robots_max_videopreview":null,"robots_max_imagepreview":"large","priority":null,"frequency":null,"location":null,"local_seo":null,"breadcrumb_settings":null,"limit_modified_date":false,"ai":null,"created":"2020-12-20 20:32:48","updated":"2025-07-19 21:59:22","seo_analyzer_scan_date":null,"focus_keyword":null,"additional_keywords":null,"truseo_locale":null},"jetpack_sharing_enabled":true,"jetpack-related-posts":[{"id":13240,"url":"https:\/\/www.jornalja.com.br\/arquivo\/plano-diretor-estamos-construindo-o-caos\/","url_meta":{"origin":49597,"position":0},"title":"Plano diretor: &quot;Estamos construindo o caos&quot;","author":"Patr\u00edcia Marini","date":"26 de maio de 2014","format":false,"excerpt":"Desabafo que arquiteta Eliana Castilhos, delegada da Regi\u00e3o de Planejamento 1, postou nas redes sociais \u00e9 um testemunho do ambiente que se criou no Conselho do Plano Diretor de Porto Alegre, onde a aprova\u00e7\u00e3o de grandes empreendimentos \u00e9 empurrada guela abaixo dos conselheiros. Ao CMDUA Como delegada da Regi\u00e3o de\u2026","rel":"","context":"Em &quot;Geral&quot;","block_context":{"text":"Geral","link":"https:\/\/www.jornalja.com.br\/arquivo\/category\/geral\/"},"img":{"alt_text":"","src":"","width":0,"height":0},"classes":[]},{"id":13124,"url":"https:\/\/www.jornalja.com.br\/arquivo\/sangue-latino-no-iecine\/","url_meta":{"origin":49597,"position":1},"title":"Sangue latino no IECINE","author":"da Reda\u00e7\u00e3o","date":"18 de maio de 2014","format":false,"excerpt":"Francisco Ribeiro O Instituto Estadual de Cinema (IECINE) tem a frente, desde abril \u00faltimo, um novo diretor, o cineasta colombiano Juan Zapata, 36, que substitui Luiz Alberto Cassol. Radicado h\u00e1 dez anos em Porto Alegre, Zapata tem diante de si o desafio de conduzir at\u00e9 o final do ano um\u2026","rel":"","context":"Em &quot;Cultura-Geral&quot;","block_context":{"text":"Cultura-Geral","link":"https:\/\/www.jornalja.com.br\/arquivo\/category\/materiasecundaria\/"},"img":{"alt_text":"","src":"","width":0,"height":0},"classes":[]},{"id":5440,"url":"https:\/\/www.jornalja.com.br\/arquivo\/casarao-da-venancio-destino-permanece-incerto\/","url_meta":{"origin":49597,"position":2},"title":"Estado ainda n\u00e3o sabe o que fazer com casar\u00e3o abandonado h\u00e1 20 anos","author":"Elmar Bones","date":"6 de julho de 2009","format":false,"excerpt":"O casar\u00e3o amarelo, numa esquina nobre de Porto Alegre (Ven\u00e2ncio Aires com Jo\u00e3o Pessoa), j\u00e1 abrigou uma escola. H\u00e1 duas d\u00e9cadas, pelo menos, est\u00e1 abandonado, porque seu propriet\u00e1rio, o governo do Estado do Rio Grande do Sul, n\u00e3o consegue achar um destino para ele. Planos n\u00e3o faltaram. O governador Ol\u00edvio\u2026","rel":"","context":"Em &quot;X.Categorias velhas&quot;","block_context":{"text":"X.Categorias velhas","link":"https:\/\/www.jornalja.com.br\/arquivo\/category\/x-categorias-velhas\/"},"img":{"alt_text":"geraldo1","src":"https:\/\/i0.wp.com\/www.jornalja.com.br\/wp-content\/uploads\/2009\/07\/geraldo1.jpg?resize=350%2C200&ssl=1","width":350,"height":200},"classes":[]}],"jetpack_shortlink":"https:\/\/wp.me\/pbQjBd-cTX","jetpack_featured_media_url":"","_links":{"self":[{"href":"https:\/\/www.jornalja.com.br\/arquivo\/wp-json\/wp\/v2\/posts\/49597","targetHints":{"allow":["GET"]}}],"collection":[{"href":"https:\/\/www.jornalja.com.br\/arquivo\/wp-json\/wp\/v2\/posts"}],"about":[{"href":"https:\/\/www.jornalja.com.br\/arquivo\/wp-json\/wp\/v2\/types\/post"}],"author":[{"embeddable":true,"href":"https:\/\/www.jornalja.com.br\/arquivo\/wp-json\/wp\/v2\/users\/4"}],"replies":[{"embeddable":true,"href":"https:\/\/www.jornalja.com.br\/arquivo\/wp-json\/wp\/v2\/comments?post=49597"}],"version-history":[{"count":0,"href":"https:\/\/www.jornalja.com.br\/arquivo\/wp-json\/wp\/v2\/posts\/49597\/revisions"}],"wp:attachment":[{"href":"https:\/\/www.jornalja.com.br\/arquivo\/wp-json\/wp\/v2\/media?parent=49597"}],"wp:term":[{"taxonomy":"category","embeddable":true,"href":"https:\/\/www.jornalja.com.br\/arquivo\/wp-json\/wp\/v2\/categories?post=49597"},{"taxonomy":"post_tag","embeddable":true,"href":"https:\/\/www.jornalja.com.br\/arquivo\/wp-json\/wp\/v2\/tags?post=49597"}],"curies":[{"name":"wp","href":"https:\/\/api.w.org\/{rel}","templated":true}]}}