{"id":49598,"date":"2017-06-06T16:02:48","date_gmt":"2017-06-06T19:02:48","guid":{"rendered":"https:\/\/www.jornalja.com.br\/?p=49598"},"modified":"2017-06-06T16:02:48","modified_gmt":"2017-06-06T19:02:48","slug":"cmpc-apresenta-programa-socioambiental-em-seminario-da-assembleia-legislativa","status":"publish","type":"post","link":"https:\/\/www.jornalja.com.br\/arquivo\/cmpc-apresenta-programa-socioambiental-em-seminario-da-assembleia-legislativa\/","title":{"rendered":"CMPC apresenta programa socioambiental em semin\u00e1rio da Assembleia Legislativa"},"content":{"rendered":"<p>A\u00a0sexta\u00a0edi\u00e7\u00e3o do semin\u00e1rio \u201cGest\u00e3o urbana sustent\u00e1vel\u201d reuniu, ao longo desta ter\u00e7a-feira, representantes de \u00f3rg\u00e3os p\u00fablicos, empresas e associa\u00e7\u00f5es, apresentando iniciativas voltadas ao tema. A atividade \u00e9 desenvolvida pela ONG Todavida e foi realizada no teatro Dante Barone, da Assembleia Legislativa.<br \/>\nO diretor de rela\u00e7\u00f5es institucionais da CMPC Celulose Riograndense, Francisco Borges Bueno, defendeu a import\u00e2ncia de se ir al\u00e9m das obriga\u00e7\u00f5es legais e construir um relacionamento com a comunidade, para se obter o que chamou de uma \u201clicen\u00e7a de opera\u00e7\u00e3o social\u201d, uma licen\u00e7a consentida.<br \/>\n\u201cAntigamente se cumpria a lei e n\u00e3o precisava fazer mais nada. Hoje a coisa n\u00e3o funciona assim. Tu tem que ter uma rela\u00e7\u00e3o social, tem que se relacionar com as comunidades, ouvi-las\u201d, afirmou.<br \/>\nBueno foi um dos palestrantes do evento, onde apresentou os diversos projetos da empresa nos 57 munic\u00edpios em que atua para a produ\u00e7\u00e3o da celulose. Para Bueno, as empresas devem fugir da ideia de filantropia e enxergar este relacionamento como um investimento social. Ele defendeu a import\u00e2ncia de um programa socioambiental de acordo com a linha estrat\u00e9gica da empresa.<br \/>\nUma das a\u00e7\u00f5es\u00a0da CMPC \u00e9 trazer a popula\u00e7\u00e3o vizinha para dentro da f\u00e1brica, uma forma de dialogar. \u201cPelo hist\u00f3rico passado da empresa, ela foi obrigada a se abrir bastante. E isso foi muito bom, hoje \u00e9 uma empresa acess\u00edvel, f\u00e1cil de chegar\u201d, afirma Bueno.<br \/>\nH\u00e1 cerca de dez anos, a CMPC desenvolve o programa M\u00fasica na F\u00e1brica. Voltado \u00e0 comunidade do entorno da unidade de Gua\u00edba, o programa que apresenta shows de artistas da m\u00fasica ga\u00facha e \u00e9 uma das iniciativas culturais mais consolidadas da empresa.<br \/>\nAl\u00e9m da apresenta\u00e7\u00e3o, o p\u00fablico tem a oportunidade de conversar de perto com os artistas. \u201cEsse programa oportunizou aos vizinhos conhecerem artistas que eles escolheram, \u00edcones da nossa m\u00fasica como Adelar Bertussi, Mery Terezinha, Plauto Cruz, Geraldo Flach\u201d, afirma Bueno.<br \/>\nOutra iniciativa neste sentido \u00e9 o projeto caminhos da madeira, uma visita guiada pela f\u00e1brica, mostrado ao p\u00fablico o processo de fabrica\u00e7\u00e3o da celulose, desde a produ\u00e7\u00e3o de mudas at\u00e9\u00a0o est\u00e1gio de celulose embalado. No ano passado, 1.200 pessoas de 18 munic\u00edpios participaram do programa.<br \/>\nPara a empresa, \u00e9 importante manter uma proximidade com a comunidade para buscar minimizar os impactos da atividade produtiva.<br \/>\n\u201cConversamos com as associa\u00e7\u00f5es de moradores, que sempre nos trazem retorno, tivemos um conselho da comunidade. Esse tipo de di\u00e1logo \u00e9 fundamental. Impacto sempre vai ter, a produ\u00e7\u00e3o vai sempre impactar, ent\u00e3o n\u00f3s temos que dar um retorno, para que sintam esse ganho tamb\u00e9m\u201d, concluiu Bueno.<\/p>\n","protected":false},"excerpt":{"rendered":"<p>A\u00a0sexta\u00a0edi\u00e7\u00e3o do semin\u00e1rio \u201cGest\u00e3o urbana sustent\u00e1vel\u201d reuniu, ao longo desta ter\u00e7a-feira, representantes de \u00f3rg\u00e3os p\u00fablicos, empresas e associa\u00e7\u00f5es, apresentando iniciativas voltadas ao tema. A atividade \u00e9 desenvolvida pela ONG Todavida e foi realizada no teatro Dante Barone, da Assembleia Legislativa. O diretor de rela\u00e7\u00f5es institucionais da CMPC Celulose Riograndense, Francisco Borges Bueno, defendeu a import\u00e2ncia [&hellip;]<\/p>\n","protected":false},"author":4,"featured_media":49601,"comment_status":"open","ping_status":"closed","sticky":false,"template":"","format":"standard","meta":{"_jetpack_newsletter_access":"","_jetpack_dont_email_post_to_subs":false,"_jetpack_newsletter_tier_id":0,"_jetpack_memberships_contains_paywalled_content":false,"_jetpack_feature_clip_id":0,"_jetpack_memberships_contains_paid_content":false,"footnotes":"","jetpack_post_was_ever_published":false},"categories":[26],"tags":[],"class_list":["post-49598","post","type-post","status-publish","format-standard","has-post-thumbnail","hentry","category-geral"],"aioseo_notices":[],"aioseo_head":"\n\t\t<!-- All in One SEO 5.0.1.1 - aioseo.com -->\n\t<meta name=\"robots\" content=\"max-image-preview:large\" \/>\n\t<meta name=\"author\" content=\"da Reda\u00e7\u00e3o\"\/>\n\t<link rel=\"canonical\" href=\"https:\/\/www.jornalja.com.br\/arquivo\/cmpc-apresenta-programa-socioambiental-em-seminario-da-assembleia-legislativa\/\" \/>\n\t<meta name=\"generator\" content=\"All in One SEO (AIOSEO) 5.0.1.1\" \/>\n\t\t<meta property=\"og:locale\" content=\"pt_BR\" \/>\n\t\t<meta property=\"og:site_name\" content=\"Arquivo | Jornal J\u00c1 | Porto Alegre\" \/>\n\t\t<meta property=\"og:type\" content=\"article\" \/>\n\t\t<meta property=\"og:title\" content=\"CMPC apresenta programa socioambiental em semin\u00e1rio da Assembleia Legislativa | Arquivo\" \/>\n\t\t<meta property=\"og:url\" content=\"https:\/\/www.jornalja.com.br\/arquivo\/cmpc-apresenta-programa-socioambiental-em-seminario-da-assembleia-legislativa\/\" \/>\n\t\t<meta property=\"og:image\" content=\"https:\/\/www.jornalja.com.br\/economics\/wp-content\/uploads\/sites\/11\/2026\/08\/ja-folhaderosto-facebook.jpg\" \/>\n\t\t<meta property=\"og:image:secure_url\" content=\"https:\/\/www.jornalja.com.br\/economics\/wp-content\/uploads\/sites\/11\/2026\/08\/ja-folhaderosto-facebook.jpg\" \/>\n\t\t<meta property=\"article:published_time\" content=\"2017-06-06T19:02:48+00:00\" \/>\n\t\t<meta property=\"article:modified_time\" content=\"2017-06-06T19:02:48+00:00\" \/>\n\t\t<meta name=\"twitter:card\" content=\"summary\" \/>\n\t\t<meta name=\"twitter:title\" content=\"CMPC apresenta programa socioambiental em semin\u00e1rio da Assembleia Legislativa | Arquivo\" \/>\n\t\t<meta name=\"twitter:image\" content=\"https:\/\/www.jornalja.com.br\/economics\/wp-content\/uploads\/sites\/11\/2026\/08\/ja-folhaderosto-facebook.jpg\" \/>\n\t\t<script type=\"application\/ld+json\" class=\"aioseo-schema\">\n\t\t\t{\"@context\":\"https:\\\/\\\/schema.org\",\"@graph\":[{\"@type\":\"BlogPosting\",\"@id\":\"https:\\\/\\\/www.jornalja.com.br\\\/arquivo\\\/cmpc-apresenta-programa-socioambiental-em-seminario-da-assembleia-legislativa\\\/#blogposting\",\"name\":\"CMPC apresenta programa socioambiental em semin\\u00e1rio da Assembleia Legislativa | Arquivo\",\"headline\":\"CMPC apresenta programa socioambiental em semin\\u00e1rio da Assembleia Legislativa\",\"author\":{\"@id\":\"https:\\\/\\\/www.jornalja.com.br\\\/arquivo\\\/author\\\/daredacao\\\/#author\"},\"publisher\":{\"@id\":\"https:\\\/\\\/www.jornalja.com.br\\\/arquivo\\\/#organization\"},\"image\":{\"@type\":\"ImageObject\",\"url\":49601},\"datePublished\":\"2017-06-06T16:02:48-03:00\",\"dateModified\":\"2017-06-06T16:02:48-03:00\",\"inLanguage\":\"pt-BR\",\"mainEntityOfPage\":{\"@id\":\"https:\\\/\\\/www.jornalja.com.br\\\/arquivo\\\/cmpc-apresenta-programa-socioambiental-em-seminario-da-assembleia-legislativa\\\/#webpage\"},\"isPartOf\":{\"@id\":\"https:\\\/\\\/www.jornalja.com.br\\\/arquivo\\\/cmpc-apresenta-programa-socioambiental-em-seminario-da-assembleia-legislativa\\\/#webpage\"},\"articleSection\":\"Geral\"},{\"@type\":\"BreadcrumbList\",\"@id\":\"https:\\\/\\\/www.jornalja.com.br\\\/arquivo\\\/cmpc-apresenta-programa-socioambiental-em-seminario-da-assembleia-legislativa\\\/#breadcrumblist\",\"itemListElement\":[{\"@type\":\"ListItem\",\"@id\":\"https:\\\/\\\/www.jornalja.com.br\\\/arquivo#listItem\",\"position\":1,\"name\":\"Home\",\"item\":\"https:\\\/\\\/www.jornalja.com.br\\\/arquivo\",\"nextItem\":{\"@type\":\"ListItem\",\"@id\":\"https:\\\/\\\/www.jornalja.com.br\\\/arquivo\\\/category\\\/geral\\\/#listItem\",\"name\":\"Geral\"}},{\"@type\":\"ListItem\",\"@id\":\"https:\\\/\\\/www.jornalja.com.br\\\/arquivo\\\/category\\\/geral\\\/#listItem\",\"position\":2,\"name\":\"Geral\",\"item\":\"https:\\\/\\\/www.jornalja.com.br\\\/arquivo\\\/category\\\/geral\\\/\",\"nextItem\":{\"@type\":\"ListItem\",\"@id\":\"https:\\\/\\\/www.jornalja.com.br\\\/arquivo\\\/cmpc-apresenta-programa-socioambiental-em-seminario-da-assembleia-legislativa\\\/#listItem\",\"name\":\"CMPC apresenta programa socioambiental em semin\\u00e1rio da Assembleia Legislativa\"},\"previousItem\":{\"@type\":\"ListItem\",\"@id\":\"https:\\\/\\\/www.jornalja.com.br\\\/arquivo#listItem\",\"name\":\"Home\"}},{\"@type\":\"ListItem\",\"@id\":\"https:\\\/\\\/www.jornalja.com.br\\\/arquivo\\\/cmpc-apresenta-programa-socioambiental-em-seminario-da-assembleia-legislativa\\\/#listItem\",\"position\":3,\"name\":\"CMPC apresenta programa socioambiental em semin\\u00e1rio da Assembleia Legislativa\",\"previousItem\":{\"@type\":\"ListItem\",\"@id\":\"https:\\\/\\\/www.jornalja.com.br\\\/arquivo\\\/category\\\/geral\\\/#listItem\",\"name\":\"Geral\"}}]},{\"@type\":\"Organization\",\"@id\":\"https:\\\/\\\/www.jornalja.com.br\\\/arquivo\\\/#organization\",\"name\":\"Jornal J\\u00c1\",\"description\":\"Jornal J\\u00c1 | Porto Alegre\",\"url\":\"https:\\\/\\\/www.jornalja.com.br\\\/arquivo\\\/\",\"telephone\":\"+555133307272\",\"logo\":{\"@type\":\"ImageObject\",\"url\":\"https:\\\/\\\/www.jornalja.com.br\\\/wp-content\\\/uploads\\\/cards\\\/JAslogan.png\",\"@id\":\"https:\\\/\\\/www.jornalja.com.br\\\/arquivo\\\/cmpc-apresenta-programa-socioambiental-em-seminario-da-assembleia-legislativa\\\/#organizationLogo\"},\"image\":{\"@id\":\"https:\\\/\\\/www.jornalja.com.br\\\/arquivo\\\/cmpc-apresenta-programa-socioambiental-em-seminario-da-assembleia-legislativa\\\/#organizationLogo\"}},{\"@type\":\"Person\",\"@id\":\"https:\\\/\\\/www.jornalja.com.br\\\/arquivo\\\/author\\\/daredacao\\\/#author\",\"url\":\"https:\\\/\\\/www.jornalja.com.br\\\/arquivo\\\/author\\\/daredacao\\\/\",\"name\":\"da Reda\\u00e7\\u00e3o\",\"image\":{\"@type\":\"ImageObject\",\"@id\":\"https:\\\/\\\/www.jornalja.com.br\\\/arquivo\\\/cmpc-apresenta-programa-socioambiental-em-seminario-da-assembleia-legislativa\\\/#authorImage\",\"url\":\"https:\\\/\\\/secure.gravatar.com\\\/avatar\\\/469fd857d6605ad19919d27ed29d35a968a25f6e8fd9318356bbb7f57aae9c65?s=96&d=mm&r=g\",\"width\":96,\"height\":96,\"caption\":\"da Reda\\u00e7\\u00e3o\"}},{\"@type\":\"WebPage\",\"@id\":\"https:\\\/\\\/www.jornalja.com.br\\\/arquivo\\\/cmpc-apresenta-programa-socioambiental-em-seminario-da-assembleia-legislativa\\\/#webpage\",\"url\":\"https:\\\/\\\/www.jornalja.com.br\\\/arquivo\\\/cmpc-apresenta-programa-socioambiental-em-seminario-da-assembleia-legislativa\\\/\",\"name\":\"CMPC apresenta programa socioambiental em semin\\u00e1rio da Assembleia Legislativa | Arquivo\",\"inLanguage\":\"pt-BR\",\"isPartOf\":{\"@id\":\"https:\\\/\\\/www.jornalja.com.br\\\/arquivo\\\/#website\"},\"breadcrumb\":{\"@id\":\"https:\\\/\\\/www.jornalja.com.br\\\/arquivo\\\/cmpc-apresenta-programa-socioambiental-em-seminario-da-assembleia-legislativa\\\/#breadcrumblist\"},\"author\":{\"@id\":\"https:\\\/\\\/www.jornalja.com.br\\\/arquivo\\\/author\\\/daredacao\\\/#author\"},\"creator\":{\"@id\":\"https:\\\/\\\/www.jornalja.com.br\\\/arquivo\\\/author\\\/daredacao\\\/#author\"},\"image\":{\"@type\":\"ImageObject\",\"url\":49601,\"@id\":\"https:\\\/\\\/www.jornalja.com.br\\\/arquivo\\\/cmpc-apresenta-programa-socioambiental-em-seminario-da-assembleia-legislativa\\\/#mainImage\"},\"primaryImageOfPage\":{\"@id\":\"https:\\\/\\\/www.jornalja.com.br\\\/arquivo\\\/cmpc-apresenta-programa-socioambiental-em-seminario-da-assembleia-legislativa\\\/#mainImage\"},\"datePublished\":\"2017-06-06T16:02:48-03:00\",\"dateModified\":\"2017-06-06T16:02:48-03:00\"},{\"@type\":\"WebSite\",\"@id\":\"https:\\\/\\\/www.jornalja.com.br\\\/arquivo\\\/#website\",\"url\":\"https:\\\/\\\/www.jornalja.com.br\\\/arquivo\\\/\",\"name\":\"Arquivo\",\"description\":\"Jornal J\\u00c1 | Porto Alegre\",\"inLanguage\":\"pt-BR\",\"publisher\":{\"@id\":\"https:\\\/\\\/www.jornalja.com.br\\\/arquivo\\\/#organization\"}}]}\n\t\t<\/script>\n\t\t<!-- All in One SEO -->\n\n","aioseo_head_json":{"title":"CMPC apresenta programa socioambiental em semin\u00e1rio da Assembleia Legislativa | Arquivo","description":"","canonical_url":"https:\/\/www.jornalja.com.br\/arquivo\/cmpc-apresenta-programa-socioambiental-em-seminario-da-assembleia-legislativa\/","robots":"max-image-preview:large","keywords":"","webmasterTools":{"miscellaneous":""},"schema":{"@context":"https:\/\/schema.org","@graph":[{"@type":"BlogPosting","@id":"https:\/\/www.jornalja.com.br\/arquivo\/cmpc-apresenta-programa-socioambiental-em-seminario-da-assembleia-legislativa\/#blogposting","name":"CMPC apresenta programa socioambiental em semin\u00e1rio da Assembleia Legislativa | Arquivo","headline":"CMPC apresenta programa socioambiental em semin\u00e1rio da Assembleia Legislativa","author":{"@id":"https:\/\/www.jornalja.com.br\/arquivo\/author\/daredacao\/#author"},"publisher":{"@id":"https:\/\/www.jornalja.com.br\/arquivo\/#organization"},"image":{"@type":"ImageObject","url":49601},"datePublished":"2017-06-06T16:02:48-03:00","dateModified":"2017-06-06T16:02:48-03:00","inLanguage":"pt-BR","mainEntityOfPage":{"@id":"https:\/\/www.jornalja.com.br\/arquivo\/cmpc-apresenta-programa-socioambiental-em-seminario-da-assembleia-legislativa\/#webpage"},"isPartOf":{"@id":"https:\/\/www.jornalja.com.br\/arquivo\/cmpc-apresenta-programa-socioambiental-em-seminario-da-assembleia-legislativa\/#webpage"},"articleSection":"Geral"},{"@type":"BreadcrumbList","@id":"https:\/\/www.jornalja.com.br\/arquivo\/cmpc-apresenta-programa-socioambiental-em-seminario-da-assembleia-legislativa\/#breadcrumblist","itemListElement":[{"@type":"ListItem","@id":"https:\/\/www.jornalja.com.br\/arquivo#listItem","position":1,"name":"Home","item":"https:\/\/www.jornalja.com.br\/arquivo","nextItem":{"@type":"ListItem","@id":"https:\/\/www.jornalja.com.br\/arquivo\/category\/geral\/#listItem","name":"Geral"}},{"@type":"ListItem","@id":"https:\/\/www.jornalja.com.br\/arquivo\/category\/geral\/#listItem","position":2,"name":"Geral","item":"https:\/\/www.jornalja.com.br\/arquivo\/category\/geral\/","nextItem":{"@type":"ListItem","@id":"https:\/\/www.jornalja.com.br\/arquivo\/cmpc-apresenta-programa-socioambiental-em-seminario-da-assembleia-legislativa\/#listItem","name":"CMPC apresenta programa socioambiental em semin\u00e1rio da Assembleia Legislativa"},"previousItem":{"@type":"ListItem","@id":"https:\/\/www.jornalja.com.br\/arquivo#listItem","name":"Home"}},{"@type":"ListItem","@id":"https:\/\/www.jornalja.com.br\/arquivo\/cmpc-apresenta-programa-socioambiental-em-seminario-da-assembleia-legislativa\/#listItem","position":3,"name":"CMPC apresenta programa socioambiental em semin\u00e1rio da Assembleia Legislativa","previousItem":{"@type":"ListItem","@id":"https:\/\/www.jornalja.com.br\/arquivo\/category\/geral\/#listItem","name":"Geral"}}]},{"@type":"Organization","@id":"https:\/\/www.jornalja.com.br\/arquivo\/#organization","name":"Jornal J\u00c1","description":"Jornal J\u00c1 | Porto Alegre","url":"https:\/\/www.jornalja.com.br\/arquivo\/","telephone":"+555133307272","logo":{"@type":"ImageObject","url":"https:\/\/www.jornalja.com.br\/wp-content\/uploads\/cards\/JAslogan.png","@id":"https:\/\/www.jornalja.com.br\/arquivo\/cmpc-apresenta-programa-socioambiental-em-seminario-da-assembleia-legislativa\/#organizationLogo"},"image":{"@id":"https:\/\/www.jornalja.com.br\/arquivo\/cmpc-apresenta-programa-socioambiental-em-seminario-da-assembleia-legislativa\/#organizationLogo"}},{"@type":"Person","@id":"https:\/\/www.jornalja.com.br\/arquivo\/author\/daredacao\/#author","url":"https:\/\/www.jornalja.com.br\/arquivo\/author\/daredacao\/","name":"da Reda\u00e7\u00e3o","image":{"@type":"ImageObject","@id":"https:\/\/www.jornalja.com.br\/arquivo\/cmpc-apresenta-programa-socioambiental-em-seminario-da-assembleia-legislativa\/#authorImage","url":"https:\/\/secure.gravatar.com\/avatar\/469fd857d6605ad19919d27ed29d35a968a25f6e8fd9318356bbb7f57aae9c65?s=96&d=mm&r=g","width":96,"height":96,"caption":"da Reda\u00e7\u00e3o"}},{"@type":"WebPage","@id":"https:\/\/www.jornalja.com.br\/arquivo\/cmpc-apresenta-programa-socioambiental-em-seminario-da-assembleia-legislativa\/#webpage","url":"https:\/\/www.jornalja.com.br\/arquivo\/cmpc-apresenta-programa-socioambiental-em-seminario-da-assembleia-legislativa\/","name":"CMPC apresenta programa socioambiental em semin\u00e1rio da Assembleia Legislativa | Arquivo","inLanguage":"pt-BR","isPartOf":{"@id":"https:\/\/www.jornalja.com.br\/arquivo\/#website"},"breadcrumb":{"@id":"https:\/\/www.jornalja.com.br\/arquivo\/cmpc-apresenta-programa-socioambiental-em-seminario-da-assembleia-legislativa\/#breadcrumblist"},"author":{"@id":"https:\/\/www.jornalja.com.br\/arquivo\/author\/daredacao\/#author"},"creator":{"@id":"https:\/\/www.jornalja.com.br\/arquivo\/author\/daredacao\/#author"},"image":{"@type":"ImageObject","url":49601,"@id":"https:\/\/www.jornalja.com.br\/arquivo\/cmpc-apresenta-programa-socioambiental-em-seminario-da-assembleia-legislativa\/#mainImage"},"primaryImageOfPage":{"@id":"https:\/\/www.jornalja.com.br\/arquivo\/cmpc-apresenta-programa-socioambiental-em-seminario-da-assembleia-legislativa\/#mainImage"},"datePublished":"2017-06-06T16:02:48-03:00","dateModified":"2017-06-06T16:02:48-03:00"},{"@type":"WebSite","@id":"https:\/\/www.jornalja.com.br\/arquivo\/#website","url":"https:\/\/www.jornalja.com.br\/arquivo\/","name":"Arquivo","description":"Jornal J\u00c1 | Porto Alegre","inLanguage":"pt-BR","publisher":{"@id":"https:\/\/www.jornalja.com.br\/arquivo\/#organization"}}]},"og:locale":"pt_BR","og:site_name":"Arquivo | Jornal J\u00c1 | Porto Alegre","og:type":"article","og:title":"CMPC apresenta programa socioambiental em semin\u00e1rio da Assembleia Legislativa | Arquivo","og:url":"https:\/\/www.jornalja.com.br\/arquivo\/cmpc-apresenta-programa-socioambiental-em-seminario-da-assembleia-legislativa\/","og:image":"https:\/\/www.jornalja.com.br\/economics\/wp-content\/uploads\/sites\/11\/2026\/08\/ja-folhaderosto-facebook.jpg","og:image:secure_url":"https:\/\/www.jornalja.com.br\/economics\/wp-content\/uploads\/sites\/11\/2026\/08\/ja-folhaderosto-facebook.jpg","article:published_time":"2017-06-06T19:02:48+00:00","article:modified_time":"2017-06-06T19:02:48+00:00","twitter:card":"summary","twitter:title":"CMPC apresenta programa socioambiental em semin\u00e1rio da Assembleia Legislativa | Arquivo","twitter:image":"https:\/\/www.jornalja.com.br\/economics\/wp-content\/uploads\/sites\/11\/2026\/08\/ja-folhaderosto-facebook.jpg"},"aioseo_meta_data":{"post_id":"49598","title":null,"description":null,"keywords":null,"keyphrases":null,"primary_term":null,"canonical_url":null,"og_title":null,"og_description":null,"og_object_type":"default","og_image_type":"default","og_image_url":null,"og_image_width":null,"og_image_height":null,"og_image_custom_url":null,"og_image_custom_fields":null,"og_video":null,"og_custom_url":null,"og_article_section":null,"og_article_tags":null,"twitter_use_og":false,"twitter_card":"default","twitter_image_type":"default","twitter_image_url":null,"twitter_image_custom_url":null,"twitter_image_custom_fields":null,"twitter_title":null,"twitter_description":null,"schema":{"blockGraphs":[],"customGraphs":[],"default":{"data":{"Article":[],"Course":[],"Dataset":[],"FAQPage":[],"Movie":[],"Person":[],"Product":[],"ProductReview":[],"Car":[],"Recipe":[],"Service":[],"SoftwareApplication":[],"WebPage":[]},"graphName":"","isEnabled":true},"graphs":[]},"schema_type":null,"schema_type_options":null,"pillar_content":false,"robots_default":true,"robots_noindex":false,"robots_noarchive":false,"robots_nosnippet":false,"robots_nofollow":false,"robots_noimageindex":false,"robots_noodp":false,"robots_notranslate":false,"robots_max_snippet":null,"robots_max_videopreview":null,"robots_max_imagepreview":"large","priority":null,"frequency":null,"location":null,"local_seo":null,"breadcrumb_settings":null,"limit_modified_date":false,"ai":null,"created":"2020-12-20 20:32:48","updated":"2025-07-19 21:59:22","seo_analyzer_scan_date":null,"focus_keyword":null,"additional_keywords":null,"truseo_locale":null},"jetpack_sharing_enabled":true,"jetpack-related-posts":[{"id":5440,"url":"https:\/\/www.jornalja.com.br\/arquivo\/casarao-da-venancio-destino-permanece-incerto\/","url_meta":{"origin":49598,"position":0},"title":"Estado ainda n\u00e3o sabe o que fazer com casar\u00e3o abandonado h\u00e1 20 anos","author":"Elmar Bones","date":"6 de julho de 2009","format":false,"excerpt":"O casar\u00e3o amarelo, numa esquina nobre de Porto Alegre (Ven\u00e2ncio Aires com Jo\u00e3o Pessoa), j\u00e1 abrigou uma escola. H\u00e1 duas d\u00e9cadas, pelo menos, est\u00e1 abandonado, porque seu propriet\u00e1rio, o governo do Estado do Rio Grande do Sul, n\u00e3o consegue achar um destino para ele. Planos n\u00e3o faltaram. O governador Ol\u00edvio\u2026","rel":"","context":"Em &quot;X.Categorias velhas&quot;","block_context":{"text":"X.Categorias velhas","link":"https:\/\/www.jornalja.com.br\/arquivo\/category\/x-categorias-velhas\/"},"img":{"alt_text":"geraldo1","src":"https:\/\/i0.wp.com\/www.jornalja.com.br\/wp-content\/uploads\/2009\/07\/geraldo1.jpg?resize=350%2C200&ssl=1","width":350,"height":200},"classes":[]},{"id":13240,"url":"https:\/\/www.jornalja.com.br\/arquivo\/plano-diretor-estamos-construindo-o-caos\/","url_meta":{"origin":49598,"position":1},"title":"Plano diretor: &quot;Estamos construindo o caos&quot;","author":"Patr\u00edcia Marini","date":"26 de maio de 2014","format":false,"excerpt":"Desabafo que arquiteta Eliana Castilhos, delegada da Regi\u00e3o de Planejamento 1, postou nas redes sociais \u00e9 um testemunho do ambiente que se criou no Conselho do Plano Diretor de Porto Alegre, onde a aprova\u00e7\u00e3o de grandes empreendimentos \u00e9 empurrada guela abaixo dos conselheiros. Ao CMDUA Como delegada da Regi\u00e3o de\u2026","rel":"","context":"Em &quot;Geral&quot;","block_context":{"text":"Geral","link":"https:\/\/www.jornalja.com.br\/arquivo\/category\/geral\/"},"img":{"alt_text":"","src":"","width":0,"height":0},"classes":[]},{"id":13239,"url":"https:\/\/www.jornalja.com.br\/arquivo\/conselho-desdenha-do-plano-diretor\/","url_meta":{"origin":49598,"position":2},"title":"Porto Alegre: Conselho detona Plano Diretor","author":"Patr\u00edcia Marini","date":"25 de maio de 2014","format":false,"excerpt":"Den\u00fancia do arquiteto e \u00a0urbanista Ibir\u00e1 Santos Lucas. Ele diz que os conselheiros est\u00e3o votando com \"enorme irresponsabilidade\". \"Mudam regime com a maior naturalidade,,,regularizam absurdos de constru\u00e7\u00f5es irregulares... \"O CMDUA est\u00e1 flexibilizando a lei do plano diretor, de uma forma impactante na vida da cidade. Mudam regime com a maior\u2026","rel":"","context":"Em &quot;Geral&quot;","block_context":{"text":"Geral","link":"https:\/\/www.jornalja.com.br\/arquivo\/category\/geral\/"},"img":{"alt_text":"","src":"","width":0,"height":0},"classes":[]},{"id":12960,"url":"https:\/\/www.jornalja.com.br\/arquivo\/populacao-culpa-empresas-pela-greve-dos-rodoviarios\/","url_meta":{"origin":49598,"position":3},"title":"Popula\u00e7\u00e3o culpa empresas pela greve","author":"Patr\u00edcia Marini","date":"14 de fevereiro de 2014","format":false,"excerpt":"Pesquisa divulgada na edi\u00e7\u00e3o do jornal Metro desta sexta-feira,14, comprova o velho ditado: \u00e9 poss\u00edvel enganar muitos por algum tempo, mas n\u00e3o \u00e9 poss\u00edvel enganar a todos o tempo inteiro. A principal revela\u00e7\u00e3o foi que 59,8% dos entrevistados apontaram as empresas como as principais respons\u00e1veis pela grave e 46% culparam\u2026","rel":"","context":"Em &quot;X.Categorias velhas&quot;","block_context":{"text":"X.Categorias velhas","link":"https:\/\/www.jornalja.com.br\/arquivo\/category\/x-categorias-velhas\/"},"img":{"alt_text":"","src":"","width":0,"height":0},"classes":[]},{"id":13109,"url":"https:\/\/www.jornalja.com.br\/arquivo\/judiciario-reconhece-poluicao-eletromagnetica\/","url_meta":{"origin":49598,"position":4},"title":"Judici\u00e1rio reconhece polui\u00e7\u00e3o eletromagn\u00e9tica","author":"Patr\u00edcia Marini","date":"16 de maio de 2014","format":false,"excerpt":"A\u00e7\u00e3o de duas associa\u00e7\u00f5es de moradores foi acolhida pelo Tribunal de Justi\u00e7a de S\u00e3o Paulo que. em decis\u00e3o in\u00e9dita, determinou a redu\u00e7\u00e3o do campo eletromagn\u00e9tico gerado pelas linhas de transmiss\u00e3o de energia que cortam os bairros City Boa\u00e7ava e Alto de Pinheiros. \u00c9 a primeira vez que um tribunal do\u2026","rel":"","context":"Em &quot;X.Categorias velhas&quot;","block_context":{"text":"X.Categorias velhas","link":"https:\/\/www.jornalja.com.br\/arquivo\/category\/x-categorias-velhas\/"},"img":{"alt_text":"","src":"","width":0,"height":0},"classes":[]},{"id":14241,"url":"https:\/\/www.jornalja.com.br\/arquivo\/o-guaiba-nas-imagens-poeticas-de-achutti\/","url_meta":{"origin":49598,"position":5},"title":"O Gua\u00edba nas imagens po\u00e9ticas de Achutti","author":"da Reda\u00e7\u00e3o","date":"18 de junho de 2014","format":false,"excerpt":"Em \u201cO Gua\u00edba por Achutti\u201d \u2013 obra financiada via Minist\u00e9rio da Cultura, produ\u00e7\u00e3o executiva de Pedro Longhi, e Fl\u00e1vio Wild como designer \u2013, o fot\u00f3grafo revela a beleza e as mazelas de um espa\u00e7o aqu\u00e1tico de \u00e1guas sempre renovadas, cheio de hist\u00f3rias e lendas como as das cidades que foram\u2026","rel":"","context":"Em &quot;Cultura-Geral&quot;","block_context":{"text":"Cultura-Geral","link":"https:\/\/www.jornalja.com.br\/arquivo\/category\/materiasecundaria\/"},"img":{"alt_text":"","src":"","width":0,"height":0},"classes":[]}],"jetpack_shortlink":"https:\/\/wp.me\/pbQjBd-cTY","jetpack_featured_media_url":"","_links":{"self":[{"href":"https:\/\/www.jornalja.com.br\/arquivo\/wp-json\/wp\/v2\/posts\/49598","targetHints":{"allow":["GET"]}}],"collection":[{"href":"https:\/\/www.jornalja.com.br\/arquivo\/wp-json\/wp\/v2\/posts"}],"about":[{"href":"https:\/\/www.jornalja.com.br\/arquivo\/wp-json\/wp\/v2\/types\/post"}],"author":[{"embeddable":true,"href":"https:\/\/www.jornalja.com.br\/arquivo\/wp-json\/wp\/v2\/users\/4"}],"replies":[{"embeddable":true,"href":"https:\/\/www.jornalja.com.br\/arquivo\/wp-json\/wp\/v2\/comments?post=49598"}],"version-history":[{"count":0,"href":"https:\/\/www.jornalja.com.br\/arquivo\/wp-json\/wp\/v2\/posts\/49598\/revisions"}],"wp:attachment":[{"href":"https:\/\/www.jornalja.com.br\/arquivo\/wp-json\/wp\/v2\/media?parent=49598"}],"wp:term":[{"taxonomy":"category","embeddable":true,"href":"https:\/\/www.jornalja.com.br\/arquivo\/wp-json\/wp\/v2\/categories?post=49598"},{"taxonomy":"post_tag","embeddable":true,"href":"https:\/\/www.jornalja.com.br\/arquivo\/wp-json\/wp\/v2\/tags?post=49598"}],"curies":[{"name":"wp","href":"https:\/\/api.w.org\/{rel}","templated":true}]}}