{"id":49639,"date":"2017-06-06T18:34:58","date_gmt":"2017-06-06T21:34:58","guid":{"rendered":"https:\/\/www.jornalja.com.br\/?p=49639"},"modified":"2017-06-06T18:34:58","modified_gmt":"2017-06-06T21:34:58","slug":"bancadas-do-pt-pcdob-e-psol-defendem-tramitacao-normal-da-proposta-de-plebiscito","status":"publish","type":"post","link":"https:\/\/www.jornalja.com.br\/arquivo\/bancadas-do-pt-pcdob-e-psol-defendem-tramitacao-normal-da-proposta-de-plebiscito\/","title":{"rendered":"Bancadas do PT, PCdoB e PSol defendem tramita\u00e7\u00e3o normal da proposta de plebiscito"},"content":{"rendered":"<p>As bancadas do PT, PCdoB e PSol protocolaram, na tarde desta ter\u00e7a-feira (6), um requerimento onde expressam posi\u00e7\u00e3o favor\u00e1vel \u00e0 tramita\u00e7\u00e3o normal, e n\u00e3o antecipada, da proposta de plebiscito sobre privatiza\u00e7\u00f5es na ordem do dia das vota\u00e7\u00f5es.<br \/>\nA medida foi uma resposta \u00e0 bancada governista que protocolou na tarde de segunda-feira, dia 5, um projeto de Lei para a realiza\u00e7\u00e3o do plebiscito, com 19 assinaturas, e ao pedido de reuni\u00e3o de lideres para que ele fosse a plen\u00e1rio no pr\u00f3ximo dia 13, em regime de urg\u00eancia,<br \/>\nA inten\u00e7\u00e3o do governo era votar em uma semana o projeto de lei e a proposta de Projeto de Decreto Legislativo. Pelo Regimento da ALRS, a antecipa\u00e7\u00e3o da vota\u00e7\u00e3o, sem o cumprimento dos prazos regimentais, n\u00e3o pode ocorrer se houver manifesta\u00e7\u00e3o contr\u00e1ria, expressa, de tr\u00eas bancadas.<br \/>\nA l\u00edder da oposi\u00e7\u00e3o \u00a0deputada Stela Farias (PT) explicou que desde a semana passada, quando o governo Sartori foi derrotado em sua tentativa de barrar o plebiscito, mudou de lado e agora tenta responsabilizar a oposi\u00e7\u00e3o pelo seus erros. \u201cH\u00e1 sete meses, Sartori empacou na PEC que queria retirar da Constitui\u00e7\u00e3o a exig\u00eancia de plebiscito para privatizar as estatais. Mesmo com resist\u00eancias na pr\u00f3pria base aliada, seguiu insistindo na PEC at\u00e9 os 45 minutos do segundo tempo. E agora quer levar direto para os p\u00eanaltis sem passar pela prorroga\u00e7\u00e3o\u201d, afirmou a deputada.<br \/>\nSegundo Stela, que tamb\u00e9m preside a Frente Parlamentar em Defesa do Servi\u00e7o P\u00fablico, \u201co PCdoB, o PSol e o PT n\u00e3o v\u00e3o permitir esta nova tentativa de atropelar o regimento da ALRS. Sartori j\u00e1 se encaminha para a parte final do seu governo e ainda n\u00e3o aprendeu as regras do jogo\u201d.<br \/>\nOutro aspecto, conforme ela, \u00e9 que este ser\u00e1 o primeiro plebiscito realizado no RS. \u201cO que definirmos aqui servir\u00e1 de base para consultas futuras, ent\u00e3o tem que ser bem discutido e as regras devem ser bem dialogadas, com participa\u00e7\u00e3o popular\u201d, aponta e completa: \u201cum plebiscito que custar\u00e1 cerca de R$ 20 milh\u00f5es aos cofres p\u00fablicos n\u00e3o pode ser feito a toque de caixa e de qualquer jeito\u201d.<br \/>\n&nbsp;<\/p>\n","protected":false},"excerpt":{"rendered":"<p>As bancadas do PT, PCdoB e PSol protocolaram, na tarde desta ter\u00e7a-feira (6), um requerimento onde expressam posi\u00e7\u00e3o favor\u00e1vel \u00e0 tramita\u00e7\u00e3o normal, e n\u00e3o antecipada, da proposta de plebiscito sobre privatiza\u00e7\u00f5es na ordem do dia das vota\u00e7\u00f5es. A medida foi uma resposta \u00e0 bancada governista que protocolou na tarde de segunda-feira, dia 5, um projeto [&hellip;]<\/p>\n","protected":false},"author":4,"featured_media":46155,"comment_status":"open","ping_status":"closed","sticky":false,"template":"","format":"standard","meta":{"_jetpack_newsletter_access":"","_jetpack_dont_email_post_to_subs":false,"_jetpack_newsletter_tier_id":0,"_jetpack_memberships_contains_paywalled_content":false,"_jetpack_feature_clip_id":0,"_jetpack_memberships_contains_paid_content":false,"footnotes":"","jetpack_post_was_ever_published":false},"categories":[26],"tags":[],"class_list":["post-49639","post","type-post","status-publish","format-standard","has-post-thumbnail","hentry","category-geral"],"aioseo_notices":[],"aioseo_head":"\n\t\t<!-- All in One SEO 5.0.1.1 - aioseo.com -->\n\t<meta name=\"robots\" content=\"max-image-preview:large\" \/>\n\t<meta name=\"author\" content=\"da Reda\u00e7\u00e3o\"\/>\n\t<link rel=\"canonical\" href=\"https:\/\/www.jornalja.com.br\/arquivo\/bancadas-do-pt-pcdob-e-psol-defendem-tramitacao-normal-da-proposta-de-plebiscito\/\" \/>\n\t<meta name=\"generator\" content=\"All in One SEO (AIOSEO) 5.0.1.1\" \/>\n\t\t<meta property=\"og:locale\" content=\"pt_BR\" \/>\n\t\t<meta property=\"og:site_name\" content=\"Arquivo | Jornal J\u00c1 | Porto Alegre\" \/>\n\t\t<meta property=\"og:type\" content=\"article\" \/>\n\t\t<meta property=\"og:title\" content=\"Bancadas do PT, PCdoB e PSol defendem tramita\u00e7\u00e3o normal da proposta de plebiscito | Arquivo\" \/>\n\t\t<meta property=\"og:url\" content=\"https:\/\/www.jornalja.com.br\/arquivo\/bancadas-do-pt-pcdob-e-psol-defendem-tramitacao-normal-da-proposta-de-plebiscito\/\" \/>\n\t\t<meta property=\"og:image\" content=\"https:\/\/www.jornalja.com.br\/economics\/wp-content\/uploads\/sites\/11\/2026\/08\/ja-folhaderosto-facebook.jpg\" \/>\n\t\t<meta property=\"og:image:secure_url\" content=\"https:\/\/www.jornalja.com.br\/economics\/wp-content\/uploads\/sites\/11\/2026\/08\/ja-folhaderosto-facebook.jpg\" \/>\n\t\t<meta property=\"article:published_time\" content=\"2017-06-06T21:34:58+00:00\" \/>\n\t\t<meta property=\"article:modified_time\" content=\"2017-06-06T21:34:58+00:00\" \/>\n\t\t<meta name=\"twitter:card\" content=\"summary\" \/>\n\t\t<meta name=\"twitter:title\" content=\"Bancadas do PT, PCdoB e PSol defendem tramita\u00e7\u00e3o normal da proposta de plebiscito | Arquivo\" \/>\n\t\t<meta name=\"twitter:image\" content=\"https:\/\/www.jornalja.com.br\/economics\/wp-content\/uploads\/sites\/11\/2026\/08\/ja-folhaderosto-facebook.jpg\" \/>\n\t\t<script type=\"application\/ld+json\" class=\"aioseo-schema\">\n\t\t\t{\"@context\":\"https:\\\/\\\/schema.org\",\"@graph\":[{\"@type\":\"BlogPosting\",\"@id\":\"https:\\\/\\\/www.jornalja.com.br\\\/arquivo\\\/bancadas-do-pt-pcdob-e-psol-defendem-tramitacao-normal-da-proposta-de-plebiscito\\\/#blogposting\",\"name\":\"Bancadas do PT, PCdoB e PSol defendem tramita\\u00e7\\u00e3o normal da proposta de plebiscito | Arquivo\",\"headline\":\"Bancadas do PT, PCdoB e PSol defendem tramita\\u00e7\\u00e3o normal da proposta de plebiscito\",\"author\":{\"@id\":\"https:\\\/\\\/www.jornalja.com.br\\\/arquivo\\\/author\\\/daredacao\\\/#author\"},\"publisher\":{\"@id\":\"https:\\\/\\\/www.jornalja.com.br\\\/arquivo\\\/#organization\"},\"image\":{\"@type\":\"ImageObject\",\"url\":46155},\"datePublished\":\"2017-06-06T18:34:58-03:00\",\"dateModified\":\"2017-06-06T18:34:58-03:00\",\"inLanguage\":\"pt-BR\",\"mainEntityOfPage\":{\"@id\":\"https:\\\/\\\/www.jornalja.com.br\\\/arquivo\\\/bancadas-do-pt-pcdob-e-psol-defendem-tramitacao-normal-da-proposta-de-plebiscito\\\/#webpage\"},\"isPartOf\":{\"@id\":\"https:\\\/\\\/www.jornalja.com.br\\\/arquivo\\\/bancadas-do-pt-pcdob-e-psol-defendem-tramitacao-normal-da-proposta-de-plebiscito\\\/#webpage\"},\"articleSection\":\"Geral\"},{\"@type\":\"BreadcrumbList\",\"@id\":\"https:\\\/\\\/www.jornalja.com.br\\\/arquivo\\\/bancadas-do-pt-pcdob-e-psol-defendem-tramitacao-normal-da-proposta-de-plebiscito\\\/#breadcrumblist\",\"itemListElement\":[{\"@type\":\"ListItem\",\"@id\":\"https:\\\/\\\/www.jornalja.com.br\\\/arquivo#listItem\",\"position\":1,\"name\":\"Home\",\"item\":\"https:\\\/\\\/www.jornalja.com.br\\\/arquivo\",\"nextItem\":{\"@type\":\"ListItem\",\"@id\":\"https:\\\/\\\/www.jornalja.com.br\\\/arquivo\\\/category\\\/geral\\\/#listItem\",\"name\":\"Geral\"}},{\"@type\":\"ListItem\",\"@id\":\"https:\\\/\\\/www.jornalja.com.br\\\/arquivo\\\/category\\\/geral\\\/#listItem\",\"position\":2,\"name\":\"Geral\",\"item\":\"https:\\\/\\\/www.jornalja.com.br\\\/arquivo\\\/category\\\/geral\\\/\",\"nextItem\":{\"@type\":\"ListItem\",\"@id\":\"https:\\\/\\\/www.jornalja.com.br\\\/arquivo\\\/bancadas-do-pt-pcdob-e-psol-defendem-tramitacao-normal-da-proposta-de-plebiscito\\\/#listItem\",\"name\":\"Bancadas do PT, PCdoB e PSol defendem tramita\\u00e7\\u00e3o normal da proposta de plebiscito\"},\"previousItem\":{\"@type\":\"ListItem\",\"@id\":\"https:\\\/\\\/www.jornalja.com.br\\\/arquivo#listItem\",\"name\":\"Home\"}},{\"@type\":\"ListItem\",\"@id\":\"https:\\\/\\\/www.jornalja.com.br\\\/arquivo\\\/bancadas-do-pt-pcdob-e-psol-defendem-tramitacao-normal-da-proposta-de-plebiscito\\\/#listItem\",\"position\":3,\"name\":\"Bancadas do PT, PCdoB e PSol defendem tramita\\u00e7\\u00e3o normal da proposta de plebiscito\",\"previousItem\":{\"@type\":\"ListItem\",\"@id\":\"https:\\\/\\\/www.jornalja.com.br\\\/arquivo\\\/category\\\/geral\\\/#listItem\",\"name\":\"Geral\"}}]},{\"@type\":\"Organization\",\"@id\":\"https:\\\/\\\/www.jornalja.com.br\\\/arquivo\\\/#organization\",\"name\":\"Jornal J\\u00c1\",\"description\":\"Jornal J\\u00c1 | Porto Alegre\",\"url\":\"https:\\\/\\\/www.jornalja.com.br\\\/arquivo\\\/\",\"telephone\":\"+555133307272\",\"logo\":{\"@type\":\"ImageObject\",\"url\":\"https:\\\/\\\/www.jornalja.com.br\\\/wp-content\\\/uploads\\\/cards\\\/JAslogan.png\",\"@id\":\"https:\\\/\\\/www.jornalja.com.br\\\/arquivo\\\/bancadas-do-pt-pcdob-e-psol-defendem-tramitacao-normal-da-proposta-de-plebiscito\\\/#organizationLogo\"},\"image\":{\"@id\":\"https:\\\/\\\/www.jornalja.com.br\\\/arquivo\\\/bancadas-do-pt-pcdob-e-psol-defendem-tramitacao-normal-da-proposta-de-plebiscito\\\/#organizationLogo\"}},{\"@type\":\"Person\",\"@id\":\"https:\\\/\\\/www.jornalja.com.br\\\/arquivo\\\/author\\\/daredacao\\\/#author\",\"url\":\"https:\\\/\\\/www.jornalja.com.br\\\/arquivo\\\/author\\\/daredacao\\\/\",\"name\":\"da Reda\\u00e7\\u00e3o\",\"image\":{\"@type\":\"ImageObject\",\"@id\":\"https:\\\/\\\/www.jornalja.com.br\\\/arquivo\\\/bancadas-do-pt-pcdob-e-psol-defendem-tramitacao-normal-da-proposta-de-plebiscito\\\/#authorImage\",\"url\":\"https:\\\/\\\/secure.gravatar.com\\\/avatar\\\/469fd857d6605ad19919d27ed29d35a968a25f6e8fd9318356bbb7f57aae9c65?s=96&d=mm&r=g\",\"width\":96,\"height\":96,\"caption\":\"da Reda\\u00e7\\u00e3o\"}},{\"@type\":\"WebPage\",\"@id\":\"https:\\\/\\\/www.jornalja.com.br\\\/arquivo\\\/bancadas-do-pt-pcdob-e-psol-defendem-tramitacao-normal-da-proposta-de-plebiscito\\\/#webpage\",\"url\":\"https:\\\/\\\/www.jornalja.com.br\\\/arquivo\\\/bancadas-do-pt-pcdob-e-psol-defendem-tramitacao-normal-da-proposta-de-plebiscito\\\/\",\"name\":\"Bancadas do PT, PCdoB e PSol defendem tramita\\u00e7\\u00e3o normal da proposta de plebiscito | Arquivo\",\"inLanguage\":\"pt-BR\",\"isPartOf\":{\"@id\":\"https:\\\/\\\/www.jornalja.com.br\\\/arquivo\\\/#website\"},\"breadcrumb\":{\"@id\":\"https:\\\/\\\/www.jornalja.com.br\\\/arquivo\\\/bancadas-do-pt-pcdob-e-psol-defendem-tramitacao-normal-da-proposta-de-plebiscito\\\/#breadcrumblist\"},\"author\":{\"@id\":\"https:\\\/\\\/www.jornalja.com.br\\\/arquivo\\\/author\\\/daredacao\\\/#author\"},\"creator\":{\"@id\":\"https:\\\/\\\/www.jornalja.com.br\\\/arquivo\\\/author\\\/daredacao\\\/#author\"},\"image\":{\"@type\":\"ImageObject\",\"url\":46155,\"@id\":\"https:\\\/\\\/www.jornalja.com.br\\\/arquivo\\\/bancadas-do-pt-pcdob-e-psol-defendem-tramitacao-normal-da-proposta-de-plebiscito\\\/#mainImage\"},\"primaryImageOfPage\":{\"@id\":\"https:\\\/\\\/www.jornalja.com.br\\\/arquivo\\\/bancadas-do-pt-pcdob-e-psol-defendem-tramitacao-normal-da-proposta-de-plebiscito\\\/#mainImage\"},\"datePublished\":\"2017-06-06T18:34:58-03:00\",\"dateModified\":\"2017-06-06T18:34:58-03:00\"},{\"@type\":\"WebSite\",\"@id\":\"https:\\\/\\\/www.jornalja.com.br\\\/arquivo\\\/#website\",\"url\":\"https:\\\/\\\/www.jornalja.com.br\\\/arquivo\\\/\",\"name\":\"Arquivo\",\"description\":\"Jornal J\\u00c1 | Porto Alegre\",\"inLanguage\":\"pt-BR\",\"publisher\":{\"@id\":\"https:\\\/\\\/www.jornalja.com.br\\\/arquivo\\\/#organization\"}}]}\n\t\t<\/script>\n\t\t<!-- All in One SEO -->\n\n","aioseo_head_json":{"title":"Bancadas do PT, PCdoB e PSol defendem tramita\u00e7\u00e3o normal da proposta de plebiscito | Arquivo","description":"","canonical_url":"https:\/\/www.jornalja.com.br\/arquivo\/bancadas-do-pt-pcdob-e-psol-defendem-tramitacao-normal-da-proposta-de-plebiscito\/","robots":"max-image-preview:large","keywords":"","webmasterTools":{"miscellaneous":""},"schema":{"@context":"https:\/\/schema.org","@graph":[{"@type":"BlogPosting","@id":"https:\/\/www.jornalja.com.br\/arquivo\/bancadas-do-pt-pcdob-e-psol-defendem-tramitacao-normal-da-proposta-de-plebiscito\/#blogposting","name":"Bancadas do PT, PCdoB e PSol defendem tramita\u00e7\u00e3o normal da proposta de plebiscito | Arquivo","headline":"Bancadas do PT, PCdoB e PSol defendem tramita\u00e7\u00e3o normal da proposta de plebiscito","author":{"@id":"https:\/\/www.jornalja.com.br\/arquivo\/author\/daredacao\/#author"},"publisher":{"@id":"https:\/\/www.jornalja.com.br\/arquivo\/#organization"},"image":{"@type":"ImageObject","url":46155},"datePublished":"2017-06-06T18:34:58-03:00","dateModified":"2017-06-06T18:34:58-03:00","inLanguage":"pt-BR","mainEntityOfPage":{"@id":"https:\/\/www.jornalja.com.br\/arquivo\/bancadas-do-pt-pcdob-e-psol-defendem-tramitacao-normal-da-proposta-de-plebiscito\/#webpage"},"isPartOf":{"@id":"https:\/\/www.jornalja.com.br\/arquivo\/bancadas-do-pt-pcdob-e-psol-defendem-tramitacao-normal-da-proposta-de-plebiscito\/#webpage"},"articleSection":"Geral"},{"@type":"BreadcrumbList","@id":"https:\/\/www.jornalja.com.br\/arquivo\/bancadas-do-pt-pcdob-e-psol-defendem-tramitacao-normal-da-proposta-de-plebiscito\/#breadcrumblist","itemListElement":[{"@type":"ListItem","@id":"https:\/\/www.jornalja.com.br\/arquivo#listItem","position":1,"name":"Home","item":"https:\/\/www.jornalja.com.br\/arquivo","nextItem":{"@type":"ListItem","@id":"https:\/\/www.jornalja.com.br\/arquivo\/category\/geral\/#listItem","name":"Geral"}},{"@type":"ListItem","@id":"https:\/\/www.jornalja.com.br\/arquivo\/category\/geral\/#listItem","position":2,"name":"Geral","item":"https:\/\/www.jornalja.com.br\/arquivo\/category\/geral\/","nextItem":{"@type":"ListItem","@id":"https:\/\/www.jornalja.com.br\/arquivo\/bancadas-do-pt-pcdob-e-psol-defendem-tramitacao-normal-da-proposta-de-plebiscito\/#listItem","name":"Bancadas do PT, PCdoB e PSol defendem tramita\u00e7\u00e3o normal da proposta de plebiscito"},"previousItem":{"@type":"ListItem","@id":"https:\/\/www.jornalja.com.br\/arquivo#listItem","name":"Home"}},{"@type":"ListItem","@id":"https:\/\/www.jornalja.com.br\/arquivo\/bancadas-do-pt-pcdob-e-psol-defendem-tramitacao-normal-da-proposta-de-plebiscito\/#listItem","position":3,"name":"Bancadas do PT, PCdoB e PSol defendem tramita\u00e7\u00e3o normal da proposta de plebiscito","previousItem":{"@type":"ListItem","@id":"https:\/\/www.jornalja.com.br\/arquivo\/category\/geral\/#listItem","name":"Geral"}}]},{"@type":"Organization","@id":"https:\/\/www.jornalja.com.br\/arquivo\/#organization","name":"Jornal J\u00c1","description":"Jornal J\u00c1 | Porto Alegre","url":"https:\/\/www.jornalja.com.br\/arquivo\/","telephone":"+555133307272","logo":{"@type":"ImageObject","url":"https:\/\/www.jornalja.com.br\/wp-content\/uploads\/cards\/JAslogan.png","@id":"https:\/\/www.jornalja.com.br\/arquivo\/bancadas-do-pt-pcdob-e-psol-defendem-tramitacao-normal-da-proposta-de-plebiscito\/#organizationLogo"},"image":{"@id":"https:\/\/www.jornalja.com.br\/arquivo\/bancadas-do-pt-pcdob-e-psol-defendem-tramitacao-normal-da-proposta-de-plebiscito\/#organizationLogo"}},{"@type":"Person","@id":"https:\/\/www.jornalja.com.br\/arquivo\/author\/daredacao\/#author","url":"https:\/\/www.jornalja.com.br\/arquivo\/author\/daredacao\/","name":"da Reda\u00e7\u00e3o","image":{"@type":"ImageObject","@id":"https:\/\/www.jornalja.com.br\/arquivo\/bancadas-do-pt-pcdob-e-psol-defendem-tramitacao-normal-da-proposta-de-plebiscito\/#authorImage","url":"https:\/\/secure.gravatar.com\/avatar\/469fd857d6605ad19919d27ed29d35a968a25f6e8fd9318356bbb7f57aae9c65?s=96&d=mm&r=g","width":96,"height":96,"caption":"da Reda\u00e7\u00e3o"}},{"@type":"WebPage","@id":"https:\/\/www.jornalja.com.br\/arquivo\/bancadas-do-pt-pcdob-e-psol-defendem-tramitacao-normal-da-proposta-de-plebiscito\/#webpage","url":"https:\/\/www.jornalja.com.br\/arquivo\/bancadas-do-pt-pcdob-e-psol-defendem-tramitacao-normal-da-proposta-de-plebiscito\/","name":"Bancadas do PT, PCdoB e PSol defendem tramita\u00e7\u00e3o normal da proposta de plebiscito | Arquivo","inLanguage":"pt-BR","isPartOf":{"@id":"https:\/\/www.jornalja.com.br\/arquivo\/#website"},"breadcrumb":{"@id":"https:\/\/www.jornalja.com.br\/arquivo\/bancadas-do-pt-pcdob-e-psol-defendem-tramitacao-normal-da-proposta-de-plebiscito\/#breadcrumblist"},"author":{"@id":"https:\/\/www.jornalja.com.br\/arquivo\/author\/daredacao\/#author"},"creator":{"@id":"https:\/\/www.jornalja.com.br\/arquivo\/author\/daredacao\/#author"},"image":{"@type":"ImageObject","url":46155,"@id":"https:\/\/www.jornalja.com.br\/arquivo\/bancadas-do-pt-pcdob-e-psol-defendem-tramitacao-normal-da-proposta-de-plebiscito\/#mainImage"},"primaryImageOfPage":{"@id":"https:\/\/www.jornalja.com.br\/arquivo\/bancadas-do-pt-pcdob-e-psol-defendem-tramitacao-normal-da-proposta-de-plebiscito\/#mainImage"},"datePublished":"2017-06-06T18:34:58-03:00","dateModified":"2017-06-06T18:34:58-03:00"},{"@type":"WebSite","@id":"https:\/\/www.jornalja.com.br\/arquivo\/#website","url":"https:\/\/www.jornalja.com.br\/arquivo\/","name":"Arquivo","description":"Jornal J\u00c1 | Porto Alegre","inLanguage":"pt-BR","publisher":{"@id":"https:\/\/www.jornalja.com.br\/arquivo\/#organization"}}]},"og:locale":"pt_BR","og:site_name":"Arquivo | Jornal J\u00c1 | Porto Alegre","og:type":"article","og:title":"Bancadas do PT, PCdoB e PSol defendem tramita\u00e7\u00e3o normal da proposta de plebiscito | Arquivo","og:url":"https:\/\/www.jornalja.com.br\/arquivo\/bancadas-do-pt-pcdob-e-psol-defendem-tramitacao-normal-da-proposta-de-plebiscito\/","og:image":"https:\/\/www.jornalja.com.br\/economics\/wp-content\/uploads\/sites\/11\/2026\/08\/ja-folhaderosto-facebook.jpg","og:image:secure_url":"https:\/\/www.jornalja.com.br\/economics\/wp-content\/uploads\/sites\/11\/2026\/08\/ja-folhaderosto-facebook.jpg","article:published_time":"2017-06-06T21:34:58+00:00","article:modified_time":"2017-06-06T21:34:58+00:00","twitter:card":"summary","twitter:title":"Bancadas do PT, PCdoB e PSol defendem tramita\u00e7\u00e3o normal da proposta de plebiscito | Arquivo","twitter:image":"https:\/\/www.jornalja.com.br\/economics\/wp-content\/uploads\/sites\/11\/2026\/08\/ja-folhaderosto-facebook.jpg"},"aioseo_meta_data":{"post_id":"49639","title":null,"description":null,"keywords":null,"keyphrases":null,"primary_term":null,"canonical_url":null,"og_title":null,"og_description":null,"og_object_type":"default","og_image_type":"default","og_image_url":null,"og_image_width":null,"og_image_height":null,"og_image_custom_url":null,"og_image_custom_fields":null,"og_video":null,"og_custom_url":null,"og_article_section":null,"og_article_tags":null,"twitter_use_og":false,"twitter_card":"default","twitter_image_type":"default","twitter_image_url":null,"twitter_image_custom_url":null,"twitter_image_custom_fields":null,"twitter_title":null,"twitter_description":null,"schema":{"blockGraphs":[],"customGraphs":[],"default":{"data":{"Article":[],"Course":[],"Dataset":[],"FAQPage":[],"Movie":[],"Person":[],"Product":[],"ProductReview":[],"Car":[],"Recipe":[],"Service":[],"SoftwareApplication":[],"WebPage":[]},"graphName":"","isEnabled":true},"graphs":[],"defaultGraph":"","defaultPostTypeGraph":""},"schema_type":null,"schema_type_options":null,"pillar_content":false,"robots_default":true,"robots_noindex":false,"robots_noarchive":false,"robots_nosnippet":false,"robots_nofollow":false,"robots_noimageindex":false,"robots_noodp":false,"robots_notranslate":false,"robots_max_snippet":null,"robots_max_videopreview":null,"robots_max_imagepreview":"large","priority":null,"frequency":null,"location":null,"local_seo":null,"breadcrumb_settings":null,"limit_modified_date":false,"ai":null,"created":"2020-12-20 20:32:48","updated":"2025-07-19 21:59:22","seo_analyzer_scan_date":null,"focus_keyword":null,"additional_keywords":null,"truseo_locale":null},"jetpack_sharing_enabled":true,"jetpack-related-posts":[{"id":13240,"url":"https:\/\/www.jornalja.com.br\/arquivo\/plano-diretor-estamos-construindo-o-caos\/","url_meta":{"origin":49639,"position":0},"title":"Plano diretor: &quot;Estamos construindo o caos&quot;","author":"Patr\u00edcia Marini","date":"26 de maio de 2014","format":false,"excerpt":"Desabafo que arquiteta Eliana Castilhos, delegada da Regi\u00e3o de Planejamento 1, postou nas redes sociais \u00e9 um testemunho do ambiente que se criou no Conselho do Plano Diretor de Porto Alegre, onde a aprova\u00e7\u00e3o de grandes empreendimentos \u00e9 empurrada guela abaixo dos conselheiros. Ao CMDUA Como delegada da Regi\u00e3o de\u2026","rel":"","context":"Em &quot;Geral&quot;","block_context":{"text":"Geral","link":"https:\/\/www.jornalja.com.br\/arquivo\/category\/geral\/"},"img":{"alt_text":"","src":"","width":0,"height":0},"classes":[]},{"id":5440,"url":"https:\/\/www.jornalja.com.br\/arquivo\/casarao-da-venancio-destino-permanece-incerto\/","url_meta":{"origin":49639,"position":1},"title":"Estado ainda n\u00e3o sabe o que fazer com casar\u00e3o abandonado h\u00e1 20 anos","author":"Elmar Bones","date":"6 de julho de 2009","format":false,"excerpt":"O casar\u00e3o amarelo, numa esquina nobre de Porto Alegre (Ven\u00e2ncio Aires com Jo\u00e3o Pessoa), j\u00e1 abrigou uma escola. H\u00e1 duas d\u00e9cadas, pelo menos, est\u00e1 abandonado, porque seu propriet\u00e1rio, o governo do Estado do Rio Grande do Sul, n\u00e3o consegue achar um destino para ele. Planos n\u00e3o faltaram. O governador Ol\u00edvio\u2026","rel":"","context":"Em &quot;X.Categorias velhas&quot;","block_context":{"text":"X.Categorias velhas","link":"https:\/\/www.jornalja.com.br\/arquivo\/category\/x-categorias-velhas\/"},"img":{"alt_text":"geraldo1","src":"https:\/\/i0.wp.com\/www.jornalja.com.br\/wp-content\/uploads\/2009\/07\/geraldo1.jpg?resize=350%2C200&ssl=1","width":350,"height":200},"classes":[]},{"id":13124,"url":"https:\/\/www.jornalja.com.br\/arquivo\/sangue-latino-no-iecine\/","url_meta":{"origin":49639,"position":2},"title":"Sangue latino no IECINE","author":"da Reda\u00e7\u00e3o","date":"18 de maio de 2014","format":false,"excerpt":"Francisco Ribeiro O Instituto Estadual de Cinema (IECINE) tem a frente, desde abril \u00faltimo, um novo diretor, o cineasta colombiano Juan Zapata, 36, que substitui Luiz Alberto Cassol. Radicado h\u00e1 dez anos em Porto Alegre, Zapata tem diante de si o desafio de conduzir at\u00e9 o final do ano um\u2026","rel":"","context":"Em &quot;Cultura-Geral&quot;","block_context":{"text":"Cultura-Geral","link":"https:\/\/www.jornalja.com.br\/arquivo\/category\/materiasecundaria\/"},"img":{"alt_text":"","src":"","width":0,"height":0},"classes":[]},{"id":13101,"url":"https:\/\/www.jornalja.com.br\/arquivo\/morre-um-guerreiro-do-texto\/","url_meta":{"origin":49639,"position":3},"title":"Morre um guerreiro do texto","author":"Patr\u00edcia Marini","date":"14 de maio de 2014","format":false,"excerpt":"Por Ricardo Kotscho Reproduzido do blog do autor, 11\/5\/2014; t\u00edtulo original \u201cE l\u00e1 se foi o nosso Myltainho, guerreiro do texto\u201d. Mi\u00fado e franzino, meu amigo Myltainho era um valente e inconformado guerreiro na luta contra as injusti\u00e7as sociais, a hipocrisia, as maracutaias, o autoritarismo, a intoler\u00e2ncia, a viol\u00eancia, o\u2026","rel":"","context":"Em &quot;Geral&quot;","block_context":{"text":"Geral","link":"https:\/\/www.jornalja.com.br\/arquivo\/category\/geral\/"},"img":{"alt_text":"","src":"","width":0,"height":0},"classes":[]},{"id":14241,"url":"https:\/\/www.jornalja.com.br\/arquivo\/o-guaiba-nas-imagens-poeticas-de-achutti\/","url_meta":{"origin":49639,"position":4},"title":"O Gua\u00edba nas imagens po\u00e9ticas de Achutti","author":"da Reda\u00e7\u00e3o","date":"18 de junho de 2014","format":false,"excerpt":"Em \u201cO Gua\u00edba por Achutti\u201d \u2013 obra financiada via Minist\u00e9rio da Cultura, produ\u00e7\u00e3o executiva de Pedro Longhi, e Fl\u00e1vio Wild como designer \u2013, o fot\u00f3grafo revela a beleza e as mazelas de um espa\u00e7o aqu\u00e1tico de \u00e1guas sempre renovadas, cheio de hist\u00f3rias e lendas como as das cidades que foram\u2026","rel":"","context":"Em &quot;Cultura-Geral&quot;","block_context":{"text":"Cultura-Geral","link":"https:\/\/www.jornalja.com.br\/arquivo\/category\/materiasecundaria\/"},"img":{"alt_text":"","src":"","width":0,"height":0},"classes":[]},{"id":12960,"url":"https:\/\/www.jornalja.com.br\/arquivo\/populacao-culpa-empresas-pela-greve-dos-rodoviarios\/","url_meta":{"origin":49639,"position":5},"title":"Popula\u00e7\u00e3o culpa empresas pela greve","author":"Patr\u00edcia Marini","date":"14 de fevereiro de 2014","format":false,"excerpt":"Pesquisa divulgada na edi\u00e7\u00e3o do jornal Metro desta sexta-feira,14, comprova o velho ditado: \u00e9 poss\u00edvel enganar muitos por algum tempo, mas n\u00e3o \u00e9 poss\u00edvel enganar a todos o tempo inteiro. A principal revela\u00e7\u00e3o foi que 59,8% dos entrevistados apontaram as empresas como as principais respons\u00e1veis pela grave e 46% culparam\u2026","rel":"","context":"Em &quot;X.Categorias velhas&quot;","block_context":{"text":"X.Categorias velhas","link":"https:\/\/www.jornalja.com.br\/arquivo\/category\/x-categorias-velhas\/"},"img":{"alt_text":"","src":"","width":0,"height":0},"classes":[]}],"jetpack_shortlink":"https:\/\/wp.me\/pbQjBd-cUD","jetpack_featured_media_url":"","_links":{"self":[{"href":"https:\/\/www.jornalja.com.br\/arquivo\/wp-json\/wp\/v2\/posts\/49639","targetHints":{"allow":["GET"]}}],"collection":[{"href":"https:\/\/www.jornalja.com.br\/arquivo\/wp-json\/wp\/v2\/posts"}],"about":[{"href":"https:\/\/www.jornalja.com.br\/arquivo\/wp-json\/wp\/v2\/types\/post"}],"author":[{"embeddable":true,"href":"https:\/\/www.jornalja.com.br\/arquivo\/wp-json\/wp\/v2\/users\/4"}],"replies":[{"embeddable":true,"href":"https:\/\/www.jornalja.com.br\/arquivo\/wp-json\/wp\/v2\/comments?post=49639"}],"version-history":[{"count":0,"href":"https:\/\/www.jornalja.com.br\/arquivo\/wp-json\/wp\/v2\/posts\/49639\/revisions"}],"wp:attachment":[{"href":"https:\/\/www.jornalja.com.br\/arquivo\/wp-json\/wp\/v2\/media?parent=49639"}],"wp:term":[{"taxonomy":"category","embeddable":true,"href":"https:\/\/www.jornalja.com.br\/arquivo\/wp-json\/wp\/v2\/categories?post=49639"},{"taxonomy":"post_tag","embeddable":true,"href":"https:\/\/www.jornalja.com.br\/arquivo\/wp-json\/wp\/v2\/tags?post=49639"}],"curies":[{"name":"wp","href":"https:\/\/api.w.org\/{rel}","templated":true}]}}