{"id":49675,"date":"2017-06-07T16:02:26","date_gmt":"2017-06-07T19:02:26","guid":{"rendered":"https:\/\/www.jornalja.com.br\/?p=49675"},"modified":"2017-06-07T16:02:26","modified_gmt":"2017-06-07T19:02:26","slug":"cpi-dos-incentivos-fiscais-nao-tem-apoio-do-pt-pp-e-pmdb","status":"publish","type":"post","link":"https:\/\/www.jornalja.com.br\/arquivo\/cpi-dos-incentivos-fiscais-nao-tem-apoio-do-pt-pp-e-pmdb\/","title":{"rendered":"CPI dos Incentivos Fiscais n\u00e3o tem apoio do PT, PP e PMDB"},"content":{"rendered":"<p>Protocolada em novembro pelo deputado Luis Augusto Lara, a CPI dos Benef\u00edcios Fiscais\u00a0parecia ter ganho for\u00e7a nos \u00faltimos dias,ap\u00f3s ganhar <a href=\"https:\/\/www.jornalja.com.br\/entidades-colhem-assinaturas-para-pedir-a-cpi-dos-beneficios-fiscais\/\">apoio de 36 entidades<\/a> e recolher votos nas ruas.<br \/>\nA CPI\u00a0 visa \u00a0investigar os contratos que concedem isen\u00e7\u00f5es de impostos a empresas privadas. O requerimento precisa de 19 assinaturas para abrir a CPI, por\u00e9m empacou nas 13 assinaturas. Mais duas, dos parlamentares Elton Weber e Liziane Bayer, ambos do PSB, estariam garantidas, faltando apenas quatro.<br \/>\nApesar de faltarem poucas assinaturas, Lara n\u00e3o tem apoio das tr\u00eas maiores bancadas da Assembleia: PT,PP e PMDB.<br \/>\nO PT, a maior bancada da casa antes a favor de uma investiga\u00e7\u00e3o voltou atr\u00e1s. &#8220;N\u00e3o \u00e9 nossa prioridade no momento&#8221; justificou o l\u00edder do partido, o deputado Tarcisio Zimmermann.<br \/>\nSegundo ele a bancada j\u00e1 atua em tr\u00eas grandes frente; as perdas da Lei Kandir, contras as privatiza\u00e7\u00f5es de Sartori e as reformas do Governo Temer. &#8220;N\u00e3o temos for\u00e7a para mais um caso&#8221; salientou Zimmermann que admitiu a import\u00e2ncia do tema, mas em um outro momento e de forma mais ampla.<br \/>\n&#8221; Queremos investigar as sonega\u00e7\u00f5es que somam muitos mais perdas que poss\u00edveis irregularidades nas isen\u00e7\u00f5es&#8221;.<br \/>\nSendo assim, a bancada do PT n\u00e3o assinou o pedido de Lara. O deputado Altemir Tortelli tentou um entendimento mas foi voto vencido. &#8220;Tenho de respeitar e seguir a decis\u00e3o da bancada&#8221; declarou Tortelli.<br \/>\n<strong>PMDB e PP tamb\u00e9m n\u00e3o assinaram.<\/strong><br \/>\nOs parlamentares do PMDB, partido do governo, tamb\u00e9m n\u00e3o assinaram pela CPI apesar de negar uma decis\u00e3o conjunta. O l\u00edder da bancada, o deputado Vilmar Zanchin justificou a desnecessidade da CPI: &#8220;n\u00e3o h\u00e1 caixa-preta sobre as isen\u00e7\u00f5es ficais&#8221;. Zanchin destacou que o governo disponibiliza o portal <a href=\"http:\/\/receita.fazenda.rs.gov.br\/inicial\">Receita Dados,<\/a> onde \u00e9 poss\u00edvel acessar e consultar o nome das empresas beneficiadas com as isen\u00e7\u00f5es.<br \/>\nJ\u00e1 no PP a decis\u00e3o foi conjunta. O deputado S\u00e9rgio Turra, l\u00edder do partido, atrav\u00e9s de sua assessoria, alegou que a bancada decidiu n\u00e3o assinar o requerimento por tratar-se de um movimento pol\u00edtico do proponente.<br \/>\n&nbsp;<br \/>\n&nbsp;<br \/>\n&nbsp;<\/p>\n","protected":false},"excerpt":{"rendered":"<p>Protocolada em novembro pelo deputado Luis Augusto Lara, a CPI dos Benef\u00edcios Fiscais\u00a0parecia ter ganho for\u00e7a nos \u00faltimos dias,ap\u00f3s ganhar apoio de 36 entidades e recolher votos nas ruas. A CPI\u00a0 visa \u00a0investigar os contratos que concedem isen\u00e7\u00f5es de impostos a empresas privadas. O requerimento precisa de 19 assinaturas para abrir a CPI, por\u00e9m empacou [&hellip;]<\/p>\n","protected":false},"author":4,"featured_media":49214,"comment_status":"open","ping_status":"closed","sticky":false,"template":"","format":"standard","meta":{"_jetpack_newsletter_access":"","_jetpack_dont_email_post_to_subs":false,"_jetpack_newsletter_tier_id":0,"_jetpack_memberships_contains_paywalled_content":false,"_jetpack_feature_clip_id":0,"_jetpack_memberships_contains_paid_content":false,"footnotes":"","jetpack_post_was_ever_published":false},"categories":[26],"tags":[],"class_list":["post-49675","post","type-post","status-publish","format-standard","has-post-thumbnail","hentry","category-geral"],"aioseo_notices":[],"aioseo_head":"\n\t\t<!-- All in One SEO 5.0.1.1 - aioseo.com -->\n\t<meta name=\"robots\" content=\"max-image-preview:large\" \/>\n\t<meta name=\"author\" content=\"da Reda\u00e7\u00e3o\"\/>\n\t<link rel=\"canonical\" href=\"https:\/\/www.jornalja.com.br\/arquivo\/cpi-dos-incentivos-fiscais-nao-tem-apoio-do-pt-pp-e-pmdb\/\" \/>\n\t<meta name=\"generator\" content=\"All in One SEO (AIOSEO) 5.0.1.1\" \/>\n\t\t<meta property=\"og:locale\" content=\"pt_BR\" \/>\n\t\t<meta property=\"og:site_name\" content=\"Arquivo | Jornal J\u00c1 | Porto Alegre\" \/>\n\t\t<meta property=\"og:type\" content=\"article\" \/>\n\t\t<meta property=\"og:title\" content=\"CPI dos Incentivos Fiscais n\u00e3o tem apoio do PT, PP e PMDB | Arquivo\" \/>\n\t\t<meta property=\"og:url\" content=\"https:\/\/www.jornalja.com.br\/arquivo\/cpi-dos-incentivos-fiscais-nao-tem-apoio-do-pt-pp-e-pmdb\/\" \/>\n\t\t<meta property=\"og:image\" content=\"https:\/\/www.jornalja.com.br\/economics\/wp-content\/uploads\/sites\/11\/2026\/08\/ja-folhaderosto-facebook.jpg\" \/>\n\t\t<meta property=\"og:image:secure_url\" content=\"https:\/\/www.jornalja.com.br\/economics\/wp-content\/uploads\/sites\/11\/2026\/08\/ja-folhaderosto-facebook.jpg\" \/>\n\t\t<meta property=\"article:published_time\" content=\"2017-06-07T19:02:26+00:00\" \/>\n\t\t<meta property=\"article:modified_time\" content=\"2017-06-07T19:02:26+00:00\" \/>\n\t\t<meta name=\"twitter:card\" content=\"summary\" \/>\n\t\t<meta name=\"twitter:title\" content=\"CPI dos Incentivos Fiscais n\u00e3o tem apoio do PT, PP e PMDB | Arquivo\" \/>\n\t\t<meta name=\"twitter:image\" content=\"https:\/\/www.jornalja.com.br\/economics\/wp-content\/uploads\/sites\/11\/2026\/08\/ja-folhaderosto-facebook.jpg\" \/>\n\t\t<script type=\"application\/ld+json\" class=\"aioseo-schema\">\n\t\t\t{\"@context\":\"https:\\\/\\\/schema.org\",\"@graph\":[{\"@type\":\"BlogPosting\",\"@id\":\"https:\\\/\\\/www.jornalja.com.br\\\/arquivo\\\/cpi-dos-incentivos-fiscais-nao-tem-apoio-do-pt-pp-e-pmdb\\\/#blogposting\",\"name\":\"CPI dos Incentivos Fiscais n\\u00e3o tem apoio do PT, PP e PMDB | Arquivo\",\"headline\":\"CPI dos Incentivos Fiscais n\\u00e3o tem apoio do PT, PP e PMDB\",\"author\":{\"@id\":\"https:\\\/\\\/www.jornalja.com.br\\\/arquivo\\\/author\\\/daredacao\\\/#author\"},\"publisher\":{\"@id\":\"https:\\\/\\\/www.jornalja.com.br\\\/arquivo\\\/#organization\"},\"image\":{\"@type\":\"ImageObject\",\"url\":49214},\"datePublished\":\"2017-06-07T16:02:26-03:00\",\"dateModified\":\"2017-06-07T16:02:26-03:00\",\"inLanguage\":\"pt-BR\",\"mainEntityOfPage\":{\"@id\":\"https:\\\/\\\/www.jornalja.com.br\\\/arquivo\\\/cpi-dos-incentivos-fiscais-nao-tem-apoio-do-pt-pp-e-pmdb\\\/#webpage\"},\"isPartOf\":{\"@id\":\"https:\\\/\\\/www.jornalja.com.br\\\/arquivo\\\/cpi-dos-incentivos-fiscais-nao-tem-apoio-do-pt-pp-e-pmdb\\\/#webpage\"},\"articleSection\":\"Geral\"},{\"@type\":\"BreadcrumbList\",\"@id\":\"https:\\\/\\\/www.jornalja.com.br\\\/arquivo\\\/cpi-dos-incentivos-fiscais-nao-tem-apoio-do-pt-pp-e-pmdb\\\/#breadcrumblist\",\"itemListElement\":[{\"@type\":\"ListItem\",\"@id\":\"https:\\\/\\\/www.jornalja.com.br\\\/arquivo#listItem\",\"position\":1,\"name\":\"Home\",\"item\":\"https:\\\/\\\/www.jornalja.com.br\\\/arquivo\",\"nextItem\":{\"@type\":\"ListItem\",\"@id\":\"https:\\\/\\\/www.jornalja.com.br\\\/arquivo\\\/category\\\/geral\\\/#listItem\",\"name\":\"Geral\"}},{\"@type\":\"ListItem\",\"@id\":\"https:\\\/\\\/www.jornalja.com.br\\\/arquivo\\\/category\\\/geral\\\/#listItem\",\"position\":2,\"name\":\"Geral\",\"item\":\"https:\\\/\\\/www.jornalja.com.br\\\/arquivo\\\/category\\\/geral\\\/\",\"nextItem\":{\"@type\":\"ListItem\",\"@id\":\"https:\\\/\\\/www.jornalja.com.br\\\/arquivo\\\/cpi-dos-incentivos-fiscais-nao-tem-apoio-do-pt-pp-e-pmdb\\\/#listItem\",\"name\":\"CPI dos Incentivos Fiscais n\\u00e3o tem apoio do PT, PP e PMDB\"},\"previousItem\":{\"@type\":\"ListItem\",\"@id\":\"https:\\\/\\\/www.jornalja.com.br\\\/arquivo#listItem\",\"name\":\"Home\"}},{\"@type\":\"ListItem\",\"@id\":\"https:\\\/\\\/www.jornalja.com.br\\\/arquivo\\\/cpi-dos-incentivos-fiscais-nao-tem-apoio-do-pt-pp-e-pmdb\\\/#listItem\",\"position\":3,\"name\":\"CPI dos Incentivos Fiscais n\\u00e3o tem apoio do PT, PP e PMDB\",\"previousItem\":{\"@type\":\"ListItem\",\"@id\":\"https:\\\/\\\/www.jornalja.com.br\\\/arquivo\\\/category\\\/geral\\\/#listItem\",\"name\":\"Geral\"}}]},{\"@type\":\"Organization\",\"@id\":\"https:\\\/\\\/www.jornalja.com.br\\\/arquivo\\\/#organization\",\"name\":\"Jornal J\\u00c1\",\"description\":\"Jornal J\\u00c1 | Porto Alegre\",\"url\":\"https:\\\/\\\/www.jornalja.com.br\\\/arquivo\\\/\",\"telephone\":\"+555133307272\",\"logo\":{\"@type\":\"ImageObject\",\"url\":\"https:\\\/\\\/www.jornalja.com.br\\\/wp-content\\\/uploads\\\/cards\\\/JAslogan.png\",\"@id\":\"https:\\\/\\\/www.jornalja.com.br\\\/arquivo\\\/cpi-dos-incentivos-fiscais-nao-tem-apoio-do-pt-pp-e-pmdb\\\/#organizationLogo\"},\"image\":{\"@id\":\"https:\\\/\\\/www.jornalja.com.br\\\/arquivo\\\/cpi-dos-incentivos-fiscais-nao-tem-apoio-do-pt-pp-e-pmdb\\\/#organizationLogo\"}},{\"@type\":\"Person\",\"@id\":\"https:\\\/\\\/www.jornalja.com.br\\\/arquivo\\\/author\\\/daredacao\\\/#author\",\"url\":\"https:\\\/\\\/www.jornalja.com.br\\\/arquivo\\\/author\\\/daredacao\\\/\",\"name\":\"da Reda\\u00e7\\u00e3o\",\"image\":{\"@type\":\"ImageObject\",\"@id\":\"https:\\\/\\\/www.jornalja.com.br\\\/arquivo\\\/cpi-dos-incentivos-fiscais-nao-tem-apoio-do-pt-pp-e-pmdb\\\/#authorImage\",\"url\":\"https:\\\/\\\/secure.gravatar.com\\\/avatar\\\/469fd857d6605ad19919d27ed29d35a968a25f6e8fd9318356bbb7f57aae9c65?s=96&d=mm&r=g\",\"width\":96,\"height\":96,\"caption\":\"da Reda\\u00e7\\u00e3o\"}},{\"@type\":\"WebPage\",\"@id\":\"https:\\\/\\\/www.jornalja.com.br\\\/arquivo\\\/cpi-dos-incentivos-fiscais-nao-tem-apoio-do-pt-pp-e-pmdb\\\/#webpage\",\"url\":\"https:\\\/\\\/www.jornalja.com.br\\\/arquivo\\\/cpi-dos-incentivos-fiscais-nao-tem-apoio-do-pt-pp-e-pmdb\\\/\",\"name\":\"CPI dos Incentivos Fiscais n\\u00e3o tem apoio do PT, PP e PMDB | Arquivo\",\"inLanguage\":\"pt-BR\",\"isPartOf\":{\"@id\":\"https:\\\/\\\/www.jornalja.com.br\\\/arquivo\\\/#website\"},\"breadcrumb\":{\"@id\":\"https:\\\/\\\/www.jornalja.com.br\\\/arquivo\\\/cpi-dos-incentivos-fiscais-nao-tem-apoio-do-pt-pp-e-pmdb\\\/#breadcrumblist\"},\"author\":{\"@id\":\"https:\\\/\\\/www.jornalja.com.br\\\/arquivo\\\/author\\\/daredacao\\\/#author\"},\"creator\":{\"@id\":\"https:\\\/\\\/www.jornalja.com.br\\\/arquivo\\\/author\\\/daredacao\\\/#author\"},\"image\":{\"@type\":\"ImageObject\",\"url\":49214,\"@id\":\"https:\\\/\\\/www.jornalja.com.br\\\/arquivo\\\/cpi-dos-incentivos-fiscais-nao-tem-apoio-do-pt-pp-e-pmdb\\\/#mainImage\"},\"primaryImageOfPage\":{\"@id\":\"https:\\\/\\\/www.jornalja.com.br\\\/arquivo\\\/cpi-dos-incentivos-fiscais-nao-tem-apoio-do-pt-pp-e-pmdb\\\/#mainImage\"},\"datePublished\":\"2017-06-07T16:02:26-03:00\",\"dateModified\":\"2017-06-07T16:02:26-03:00\"},{\"@type\":\"WebSite\",\"@id\":\"https:\\\/\\\/www.jornalja.com.br\\\/arquivo\\\/#website\",\"url\":\"https:\\\/\\\/www.jornalja.com.br\\\/arquivo\\\/\",\"name\":\"Arquivo\",\"description\":\"Jornal J\\u00c1 | Porto Alegre\",\"inLanguage\":\"pt-BR\",\"publisher\":{\"@id\":\"https:\\\/\\\/www.jornalja.com.br\\\/arquivo\\\/#organization\"}}]}\n\t\t<\/script>\n\t\t<!-- All in One SEO -->\n\n","aioseo_head_json":{"title":"CPI dos Incentivos Fiscais n\u00e3o tem apoio do PT, PP e PMDB | Arquivo","description":"","canonical_url":"https:\/\/www.jornalja.com.br\/arquivo\/cpi-dos-incentivos-fiscais-nao-tem-apoio-do-pt-pp-e-pmdb\/","robots":"max-image-preview:large","keywords":"","webmasterTools":{"miscellaneous":""},"schema":{"@context":"https:\/\/schema.org","@graph":[{"@type":"BlogPosting","@id":"https:\/\/www.jornalja.com.br\/arquivo\/cpi-dos-incentivos-fiscais-nao-tem-apoio-do-pt-pp-e-pmdb\/#blogposting","name":"CPI dos Incentivos Fiscais n\u00e3o tem apoio do PT, PP e PMDB | Arquivo","headline":"CPI dos Incentivos Fiscais n\u00e3o tem apoio do PT, PP e PMDB","author":{"@id":"https:\/\/www.jornalja.com.br\/arquivo\/author\/daredacao\/#author"},"publisher":{"@id":"https:\/\/www.jornalja.com.br\/arquivo\/#organization"},"image":{"@type":"ImageObject","url":49214},"datePublished":"2017-06-07T16:02:26-03:00","dateModified":"2017-06-07T16:02:26-03:00","inLanguage":"pt-BR","mainEntityOfPage":{"@id":"https:\/\/www.jornalja.com.br\/arquivo\/cpi-dos-incentivos-fiscais-nao-tem-apoio-do-pt-pp-e-pmdb\/#webpage"},"isPartOf":{"@id":"https:\/\/www.jornalja.com.br\/arquivo\/cpi-dos-incentivos-fiscais-nao-tem-apoio-do-pt-pp-e-pmdb\/#webpage"},"articleSection":"Geral"},{"@type":"BreadcrumbList","@id":"https:\/\/www.jornalja.com.br\/arquivo\/cpi-dos-incentivos-fiscais-nao-tem-apoio-do-pt-pp-e-pmdb\/#breadcrumblist","itemListElement":[{"@type":"ListItem","@id":"https:\/\/www.jornalja.com.br\/arquivo#listItem","position":1,"name":"Home","item":"https:\/\/www.jornalja.com.br\/arquivo","nextItem":{"@type":"ListItem","@id":"https:\/\/www.jornalja.com.br\/arquivo\/category\/geral\/#listItem","name":"Geral"}},{"@type":"ListItem","@id":"https:\/\/www.jornalja.com.br\/arquivo\/category\/geral\/#listItem","position":2,"name":"Geral","item":"https:\/\/www.jornalja.com.br\/arquivo\/category\/geral\/","nextItem":{"@type":"ListItem","@id":"https:\/\/www.jornalja.com.br\/arquivo\/cpi-dos-incentivos-fiscais-nao-tem-apoio-do-pt-pp-e-pmdb\/#listItem","name":"CPI dos Incentivos Fiscais n\u00e3o tem apoio do PT, PP e PMDB"},"previousItem":{"@type":"ListItem","@id":"https:\/\/www.jornalja.com.br\/arquivo#listItem","name":"Home"}},{"@type":"ListItem","@id":"https:\/\/www.jornalja.com.br\/arquivo\/cpi-dos-incentivos-fiscais-nao-tem-apoio-do-pt-pp-e-pmdb\/#listItem","position":3,"name":"CPI dos Incentivos Fiscais n\u00e3o tem apoio do PT, PP e PMDB","previousItem":{"@type":"ListItem","@id":"https:\/\/www.jornalja.com.br\/arquivo\/category\/geral\/#listItem","name":"Geral"}}]},{"@type":"Organization","@id":"https:\/\/www.jornalja.com.br\/arquivo\/#organization","name":"Jornal J\u00c1","description":"Jornal J\u00c1 | Porto Alegre","url":"https:\/\/www.jornalja.com.br\/arquivo\/","telephone":"+555133307272","logo":{"@type":"ImageObject","url":"https:\/\/www.jornalja.com.br\/wp-content\/uploads\/cards\/JAslogan.png","@id":"https:\/\/www.jornalja.com.br\/arquivo\/cpi-dos-incentivos-fiscais-nao-tem-apoio-do-pt-pp-e-pmdb\/#organizationLogo"},"image":{"@id":"https:\/\/www.jornalja.com.br\/arquivo\/cpi-dos-incentivos-fiscais-nao-tem-apoio-do-pt-pp-e-pmdb\/#organizationLogo"}},{"@type":"Person","@id":"https:\/\/www.jornalja.com.br\/arquivo\/author\/daredacao\/#author","url":"https:\/\/www.jornalja.com.br\/arquivo\/author\/daredacao\/","name":"da Reda\u00e7\u00e3o","image":{"@type":"ImageObject","@id":"https:\/\/www.jornalja.com.br\/arquivo\/cpi-dos-incentivos-fiscais-nao-tem-apoio-do-pt-pp-e-pmdb\/#authorImage","url":"https:\/\/secure.gravatar.com\/avatar\/469fd857d6605ad19919d27ed29d35a968a25f6e8fd9318356bbb7f57aae9c65?s=96&d=mm&r=g","width":96,"height":96,"caption":"da Reda\u00e7\u00e3o"}},{"@type":"WebPage","@id":"https:\/\/www.jornalja.com.br\/arquivo\/cpi-dos-incentivos-fiscais-nao-tem-apoio-do-pt-pp-e-pmdb\/#webpage","url":"https:\/\/www.jornalja.com.br\/arquivo\/cpi-dos-incentivos-fiscais-nao-tem-apoio-do-pt-pp-e-pmdb\/","name":"CPI dos Incentivos Fiscais n\u00e3o tem apoio do PT, PP e PMDB | Arquivo","inLanguage":"pt-BR","isPartOf":{"@id":"https:\/\/www.jornalja.com.br\/arquivo\/#website"},"breadcrumb":{"@id":"https:\/\/www.jornalja.com.br\/arquivo\/cpi-dos-incentivos-fiscais-nao-tem-apoio-do-pt-pp-e-pmdb\/#breadcrumblist"},"author":{"@id":"https:\/\/www.jornalja.com.br\/arquivo\/author\/daredacao\/#author"},"creator":{"@id":"https:\/\/www.jornalja.com.br\/arquivo\/author\/daredacao\/#author"},"image":{"@type":"ImageObject","url":49214,"@id":"https:\/\/www.jornalja.com.br\/arquivo\/cpi-dos-incentivos-fiscais-nao-tem-apoio-do-pt-pp-e-pmdb\/#mainImage"},"primaryImageOfPage":{"@id":"https:\/\/www.jornalja.com.br\/arquivo\/cpi-dos-incentivos-fiscais-nao-tem-apoio-do-pt-pp-e-pmdb\/#mainImage"},"datePublished":"2017-06-07T16:02:26-03:00","dateModified":"2017-06-07T16:02:26-03:00"},{"@type":"WebSite","@id":"https:\/\/www.jornalja.com.br\/arquivo\/#website","url":"https:\/\/www.jornalja.com.br\/arquivo\/","name":"Arquivo","description":"Jornal J\u00c1 | Porto Alegre","inLanguage":"pt-BR","publisher":{"@id":"https:\/\/www.jornalja.com.br\/arquivo\/#organization"}}]},"og:locale":"pt_BR","og:site_name":"Arquivo | Jornal J\u00c1 | Porto Alegre","og:type":"article","og:title":"CPI dos Incentivos Fiscais n\u00e3o tem apoio do PT, PP e PMDB | Arquivo","og:url":"https:\/\/www.jornalja.com.br\/arquivo\/cpi-dos-incentivos-fiscais-nao-tem-apoio-do-pt-pp-e-pmdb\/","og:image":"https:\/\/www.jornalja.com.br\/economics\/wp-content\/uploads\/sites\/11\/2026\/08\/ja-folhaderosto-facebook.jpg","og:image:secure_url":"https:\/\/www.jornalja.com.br\/economics\/wp-content\/uploads\/sites\/11\/2026\/08\/ja-folhaderosto-facebook.jpg","article:published_time":"2017-06-07T19:02:26+00:00","article:modified_time":"2017-06-07T19:02:26+00:00","twitter:card":"summary","twitter:title":"CPI dos Incentivos Fiscais n\u00e3o tem apoio do PT, PP e PMDB | Arquivo","twitter:image":"https:\/\/www.jornalja.com.br\/economics\/wp-content\/uploads\/sites\/11\/2026\/08\/ja-folhaderosto-facebook.jpg"},"aioseo_meta_data":{"post_id":"49675","title":null,"description":null,"keywords":null,"keyphrases":null,"primary_term":null,"canonical_url":null,"og_title":null,"og_description":null,"og_object_type":"default","og_image_type":"default","og_image_url":null,"og_image_width":null,"og_image_height":null,"og_image_custom_url":null,"og_image_custom_fields":null,"og_video":null,"og_custom_url":null,"og_article_section":null,"og_article_tags":null,"twitter_use_og":false,"twitter_card":"default","twitter_image_type":"default","twitter_image_url":null,"twitter_image_custom_url":null,"twitter_image_custom_fields":null,"twitter_title":null,"twitter_description":null,"schema":{"blockGraphs":[],"customGraphs":[],"default":{"data":{"Article":[],"Course":[],"Dataset":[],"FAQPage":[],"Movie":[],"Person":[],"Product":[],"ProductReview":[],"Car":[],"Recipe":[],"Service":[],"SoftwareApplication":[],"WebPage":[]},"graphName":"","isEnabled":true},"graphs":[],"defaultGraph":"","defaultPostTypeGraph":""},"schema_type":null,"schema_type_options":null,"pillar_content":false,"robots_default":true,"robots_noindex":false,"robots_noarchive":false,"robots_nosnippet":false,"robots_nofollow":false,"robots_noimageindex":false,"robots_noodp":false,"robots_notranslate":false,"robots_max_snippet":null,"robots_max_videopreview":null,"robots_max_imagepreview":"large","priority":null,"frequency":null,"location":null,"local_seo":null,"breadcrumb_settings":null,"limit_modified_date":false,"ai":null,"created":"2020-12-20 20:32:48","updated":"2025-07-19 22:00:44","seo_analyzer_scan_date":null,"focus_keyword":null,"additional_keywords":null,"truseo_locale":null},"jetpack_sharing_enabled":true,"jetpack-related-posts":[{"id":13128,"url":"https:\/\/www.jornalja.com.br\/arquivo\/maconha-terra-diz-que-uso-medicinal-e-desculpa\/","url_meta":{"origin":49675,"position":0},"title":"Maconha: Terra diz que uso medicinal \u00e9 desculpa","author":"Patr\u00edcia Marini","date":"4 de junho de 2014","format":false,"excerpt":"A condi\u00e7\u00e3o de pol\u00edtico, em \u00e9poca de campanha de campanha eleitoral, tira for\u00e7a do discurso do m\u00e9dico Osmar Terra contra a legaliza\u00e7\u00e3o da maconha. A tese dele de que a libera\u00e7\u00e3o vai ampliar exponencialmente o consumo \u00e9 discutivel, o consumo \u00e9 corrente. Mas seus alertas quanto aos riscos tem que\u2026","rel":"","context":"Em &quot;X.Categorias velhas&quot;","block_context":{"text":"X.Categorias velhas","link":"https:\/\/www.jornalja.com.br\/arquivo\/category\/x-categorias-velhas\/"},"img":{"alt_text":"","src":"","width":0,"height":0},"classes":[]},{"id":5440,"url":"https:\/\/www.jornalja.com.br\/arquivo\/casarao-da-venancio-destino-permanece-incerto\/","url_meta":{"origin":49675,"position":1},"title":"Estado ainda n\u00e3o sabe o que fazer com casar\u00e3o abandonado h\u00e1 20 anos","author":"Elmar Bones","date":"6 de julho de 2009","format":false,"excerpt":"O casar\u00e3o amarelo, numa esquina nobre de Porto Alegre (Ven\u00e2ncio Aires com Jo\u00e3o Pessoa), j\u00e1 abrigou uma escola. H\u00e1 duas d\u00e9cadas, pelo menos, est\u00e1 abandonado, porque seu propriet\u00e1rio, o governo do Estado do Rio Grande do Sul, n\u00e3o consegue achar um destino para ele. Planos n\u00e3o faltaram. O governador Ol\u00edvio\u2026","rel":"","context":"Em &quot;X.Categorias velhas&quot;","block_context":{"text":"X.Categorias velhas","link":"https:\/\/www.jornalja.com.br\/arquivo\/category\/x-categorias-velhas\/"},"img":{"alt_text":"geraldo1","src":"https:\/\/i0.wp.com\/www.jornalja.com.br\/wp-content\/uploads\/2009\/07\/geraldo1.jpg?resize=350%2C200&ssl=1","width":350,"height":200},"classes":[]},{"id":13240,"url":"https:\/\/www.jornalja.com.br\/arquivo\/plano-diretor-estamos-construindo-o-caos\/","url_meta":{"origin":49675,"position":2},"title":"Plano diretor: &quot;Estamos construindo o caos&quot;","author":"Patr\u00edcia Marini","date":"26 de maio de 2014","format":false,"excerpt":"Desabafo que arquiteta Eliana Castilhos, delegada da Regi\u00e3o de Planejamento 1, postou nas redes sociais \u00e9 um testemunho do ambiente que se criou no Conselho do Plano Diretor de Porto Alegre, onde a aprova\u00e7\u00e3o de grandes empreendimentos \u00e9 empurrada guela abaixo dos conselheiros. Ao CMDUA Como delegada da Regi\u00e3o de\u2026","rel":"","context":"Em &quot;Geral&quot;","block_context":{"text":"Geral","link":"https:\/\/www.jornalja.com.br\/arquivo\/category\/geral\/"},"img":{"alt_text":"","src":"","width":0,"height":0},"classes":[]},{"id":13239,"url":"https:\/\/www.jornalja.com.br\/arquivo\/conselho-desdenha-do-plano-diretor\/","url_meta":{"origin":49675,"position":3},"title":"Porto Alegre: Conselho detona Plano Diretor","author":"Patr\u00edcia Marini","date":"25 de maio de 2014","format":false,"excerpt":"Den\u00fancia do arquiteto e \u00a0urbanista Ibir\u00e1 Santos Lucas. Ele diz que os conselheiros est\u00e3o votando com \"enorme irresponsabilidade\". \"Mudam regime com a maior naturalidade,,,regularizam absurdos de constru\u00e7\u00f5es irregulares... \"O CMDUA est\u00e1 flexibilizando a lei do plano diretor, de uma forma impactante na vida da cidade. Mudam regime com a maior\u2026","rel":"","context":"Em &quot;Geral&quot;","block_context":{"text":"Geral","link":"https:\/\/www.jornalja.com.br\/arquivo\/category\/geral\/"},"img":{"alt_text":"","src":"","width":0,"height":0},"classes":[]},{"id":14241,"url":"https:\/\/www.jornalja.com.br\/arquivo\/o-guaiba-nas-imagens-poeticas-de-achutti\/","url_meta":{"origin":49675,"position":4},"title":"O Gua\u00edba nas imagens po\u00e9ticas de Achutti","author":"da Reda\u00e7\u00e3o","date":"18 de junho de 2014","format":false,"excerpt":"Em \u201cO Gua\u00edba por Achutti\u201d \u2013 obra financiada via Minist\u00e9rio da Cultura, produ\u00e7\u00e3o executiva de Pedro Longhi, e Fl\u00e1vio Wild como designer \u2013, o fot\u00f3grafo revela a beleza e as mazelas de um espa\u00e7o aqu\u00e1tico de \u00e1guas sempre renovadas, cheio de hist\u00f3rias e lendas como as das cidades que foram\u2026","rel":"","context":"Em &quot;Cultura-Geral&quot;","block_context":{"text":"Cultura-Geral","link":"https:\/\/www.jornalja.com.br\/arquivo\/category\/materiasecundaria\/"},"img":{"alt_text":"","src":"","width":0,"height":0},"classes":[]},{"id":12960,"url":"https:\/\/www.jornalja.com.br\/arquivo\/populacao-culpa-empresas-pela-greve-dos-rodoviarios\/","url_meta":{"origin":49675,"position":5},"title":"Popula\u00e7\u00e3o culpa empresas pela greve","author":"Patr\u00edcia Marini","date":"14 de fevereiro de 2014","format":false,"excerpt":"Pesquisa divulgada na edi\u00e7\u00e3o do jornal Metro desta sexta-feira,14, comprova o velho ditado: \u00e9 poss\u00edvel enganar muitos por algum tempo, mas n\u00e3o \u00e9 poss\u00edvel enganar a todos o tempo inteiro. A principal revela\u00e7\u00e3o foi que 59,8% dos entrevistados apontaram as empresas como as principais respons\u00e1veis pela grave e 46% culparam\u2026","rel":"","context":"Em &quot;X.Categorias velhas&quot;","block_context":{"text":"X.Categorias velhas","link":"https:\/\/www.jornalja.com.br\/arquivo\/category\/x-categorias-velhas\/"},"img":{"alt_text":"","src":"","width":0,"height":0},"classes":[]}],"jetpack_shortlink":"https:\/\/wp.me\/pbQjBd-cVd","jetpack_featured_media_url":"","_links":{"self":[{"href":"https:\/\/www.jornalja.com.br\/arquivo\/wp-json\/wp\/v2\/posts\/49675","targetHints":{"allow":["GET"]}}],"collection":[{"href":"https:\/\/www.jornalja.com.br\/arquivo\/wp-json\/wp\/v2\/posts"}],"about":[{"href":"https:\/\/www.jornalja.com.br\/arquivo\/wp-json\/wp\/v2\/types\/post"}],"author":[{"embeddable":true,"href":"https:\/\/www.jornalja.com.br\/arquivo\/wp-json\/wp\/v2\/users\/4"}],"replies":[{"embeddable":true,"href":"https:\/\/www.jornalja.com.br\/arquivo\/wp-json\/wp\/v2\/comments?post=49675"}],"version-history":[{"count":0,"href":"https:\/\/www.jornalja.com.br\/arquivo\/wp-json\/wp\/v2\/posts\/49675\/revisions"}],"wp:attachment":[{"href":"https:\/\/www.jornalja.com.br\/arquivo\/wp-json\/wp\/v2\/media?parent=49675"}],"wp:term":[{"taxonomy":"category","embeddable":true,"href":"https:\/\/www.jornalja.com.br\/arquivo\/wp-json\/wp\/v2\/categories?post=49675"},{"taxonomy":"post_tag","embeddable":true,"href":"https:\/\/www.jornalja.com.br\/arquivo\/wp-json\/wp\/v2\/tags?post=49675"}],"curies":[{"name":"wp","href":"https:\/\/api.w.org\/{rel}","templated":true}]}}