{"id":49677,"date":"2017-06-07T12:16:45","date_gmt":"2017-06-07T15:16:45","guid":{"rendered":"https:\/\/www.jornalja.com.br\/?p=49677"},"modified":"2017-06-07T12:16:45","modified_gmt":"2017-06-07T15:16:45","slug":"produtos-organicos-podem-ser-adquiridos-por-aplicativo-de-celular","status":"publish","type":"post","link":"https:\/\/www.jornalja.com.br\/arquivo\/produtos-organicos-podem-ser-adquiridos-por-aplicativo-de-celular\/","title":{"rendered":"Produtos org\u00e2nicos podem ser adquiridos por aplicativo de celular"},"content":{"rendered":"<p>Uma novidade torna mais acess\u00edveis os produtos org\u00e2nicos para os moradores da Regi\u00e3o Metropolitana. Agora, os clientes podem adquirir produtos atrav\u00e9s de um aplicativo de celular ou site na internet e receberem em casa. Fam\u00edlias de agricultores assentadas na Reforma Agr\u00e1ria, maioria ligada ao MST, que participam de feiras de org\u00e2nicos fizeram uma parceria com a empresa Sapiens TI, respons\u00e1vel pelo aplicativo JuntaPedido.<br \/>\nAt\u00e9 o momento, cerca de 35 fam\u00edlias assentadas entregam alimentos em diferentes \u00e1reas de Porto Alegre, Viam\u00e3o, Nova Santa Rita, Eldorado do Sul e Canoas. O objetivo principal \u00e9 facilitar o acesso dos consumidores urbanos aos alimentos saud\u00e1veis, por meio da amplia\u00e7\u00e3o dos espa\u00e7os de comercializa\u00e7\u00e3o.<br \/>\nAs entregas s\u00e3o feitas diretamente no endere\u00e7o cadastrado pelo cliente, podendo ser o local de trabalho ou a pr\u00f3pria casa. Cada feirante determina o raio de abrang\u00eancia de entregas, que pode variar de 250 metros at\u00e9 2.000 metros do ponto da feira.<br \/>\nO pagamento pode ser feito em dinheiro, cart\u00e3o ou cheque, de acordo com a disponibilidade de cada agricultor. O pedido m\u00ednimo \u00e9 de R$ 15 reais, mesmo valor do frete. Quanto maior o pedido, menor o valor do frete.<br \/>\nPara comprar os alimentos org\u00e2nicos e receb\u00ea-los no endere\u00e7o desejado basta <a href=\"http:\/\/www.juntapedido.com\/php\/index.php\" target=\"_blank\" rel=\"noopener noreferrer\">acessar o site<\/a>\u00a0 ou fazer download gratuito do aplicativo no celular, e criar uma conta de acesso. O aplicativo est\u00e1 dispon\u00edvel apenas para celulares que possuem sistema operacional Android, mas em breve, segundo a empresa, estar\u00e1 dispon\u00edvel para outros sistemas.<br \/>\n\u201cVai ser muito bom, porque hoje h\u00e1 falta de espa\u00e7os para vender a nossa produ\u00e7\u00e3o. N\u00f3s estamos em feiras, mas elas ainda n\u00e3o atingem 100% dos agricultores. Com o aplicativo vamos conseguir inserir mais fam\u00edlias e fortalecer os grupos de produ\u00e7\u00e3o dos assentamentos\u201d, afirma o assentado Arnaldo Soares, de Nova Santa Rita.<br \/>\nHoje, aproximadamente 200 fam\u00edlias Sem Terra produzem de forma agroecol\u00f3gica na regi\u00e3o e, devido aos cortes no Programa de Aquisi\u00e7\u00e3o de Alimentos (PAA), sentem a necessidade de buscar outras alternativas para ampliar os espa\u00e7os de comercializa\u00e7\u00e3o, indo al\u00e9m das feiras ecol\u00f3gicas.<br \/>\nA primeira experi\u00eancia do MST com o aplicativo foi realizada em maio com o grupo Mulheres da Terra, do Assentamento Filhos de Sep\u00e9, localizado em Viam\u00e3o. O grupo disponibiliza mais de 60 produtos, todos certificados como org\u00e2nicos por \u00f3rg\u00e3os p\u00fablicos como o Instituto Nacional de Coloniza\u00e7\u00e3o e Reforma Agr\u00e1ria (Incra) e Minist\u00e9rio da Agricultura (Mapa).<br \/>\nAs entregas acontecem sempre \u00e0s quartas-feiras, \u00e0s 11 horas, nos arredores dos principais pr\u00e9dios da administra\u00e7\u00e3o p\u00fablica da Capital, abrangendo o Incra, Centro Administrativo Fernando Ferrari (CAFF), Receita Federal, Tribunal Regional Federal da 4\u00aa Regi\u00e3o (TRF4), Justi\u00e7a Federal e C\u00e2mara de Vereadores.<br \/>\n<strong>Como fazer pedidos?<\/strong><br \/>\nOs pedidos devem ser feitos com 36 horas de anteced\u00eancia para que os agricultores possam organizar os alimentos. Para fazer a aquisi\u00e7\u00e3o, os consumidores devem criar uma conta no JuntaPedido. O procedimento \u00e9 simples e r\u00e1pido (demora menos de 1 minuto), basta preencher um formul\u00e1rio com as seguintes informa\u00e7\u00f5es: nome, n\u00famero de telefone, e-mail, endere\u00e7o onde trabalha ou reside (para as entregas) e senha de acesso para efetivar os pedidos. Ao concluir esta etapa, chegar\u00e1 uma mensagem no e-mail informando a situa\u00e7\u00e3o do cadastro.<br \/>\n<strong>Valor m\u00ednimo e taxa de entrega<\/strong><br \/>\nO pedido m\u00ednimo \u00e9 de R$ 15 reais, o mesmo valor da taxa de entrega. Mas o custo da entrega fica mais baixo na medida que mais pessoas se juntam ao grupo de pedido.Por exemplo: se os agricultores tiverem que fazer entrega apenas para um cliente numa determinada data e hor\u00e1rio, o custo da entrega ser\u00e1 de R$ 15. Mas se 15 vizinhos fizerem pedidos para o mesmo dia e hor\u00e1rio, formando um grupo, o custo da entrega para cada um ser\u00e1 de apenas R$ 1,00. A forma de pagamento pode ser em cart\u00e3o, dinheiro ou cheque, dependendo das op\u00e7\u00f5es oferecidas pelos agricultores no aplicativo.<br \/>\n<strong>Feirantes j\u00e1 cadastrados<\/strong><br \/>\nFeirante Mulheres da Terra<br \/>\nPorto Alegre: Av. Loureiro da Silva, 800 &#8211; Centro, (raio 1.000m). Entregas: quarta-feira, 11h<br \/>\nFeirante COOTAP Grupo Organizando a Natureza<br \/>\nPorto Alegre: R. Mata Bacelar, 10 &#8211; Auxiliadora, (raio 1.000m). Entregas: ter\u00e7a-feira, 11 horas<br \/>\nFeirante COOTAP Grupo dos Pampas<br \/>\nPorto Alegre: R. R\u00f4mulo Telles Pessoa, 50 &#8211; Bela Vista, (raio 1.500m). Entregas: s\u00e1bado, 12 horas<br \/>\nFeirante COOTAP Grupo Tr\u00eas Figueiras<br \/>\nPorto Alegre: R. Ant\u00f4nio Carlos Berta, 600 \u2013 Boa Vista, (raio 750m). Entregas: 3\u00ba, 13 horas<br \/>\nPorto Alegre: R. Cel. Armando Assis, 264 \u2013 Tr\u00eas Figueiras, (raio 750m). Entregas: s\u00e1bado, 11 horas<br \/>\nFeirante COOTAP Grupo Petr\u00f3polis<br \/>\nPorto Alegre: R. D\u00e1rio Pederneiras, 700 &#8211; Petr\u00f3polis, (raio 1.500m). Entregas: quarta-feira, 16 horas<br \/>\nFeirante COOTAP Grupo Jaqueline<br \/>\nPorto Alegre: Av. Pl\u00ednio Brasil Milano, 80 &#8211; Higien\u00f3polis, (raio 1.000m). Entregas: quarta-feira, 16 horas<br \/>\nFeirante COOTAP Paulo Savela<br \/>\nCanoas: Av. A\u00e7ucena, 1205 \u2013 Est\u00e2ncia Velha, \u00a0(raio 2.000m). Entregas: segunda-feira e s\u00e1bado, 11horas<br \/>\nFeirante COOTAP Grupo Sep\u00e9 Tiaraju<br \/>\nViam\u00e3o: Av. Liberdade, 1751 &#8211; Santa Isabel (raio 1.000m). Entregas: s\u00e1bado, 11 horas<br \/>\nFeirante COOTAP Grupo Terra Viva<br \/>\nViam\u00e3o: Av. Senador Salgado Filho, 7000 \u2013 S\u00e3o Lucas, TECNOPUC (raio 500m). Entregas: quinta-feira, 11 horas<br \/>\nViam\u00e3o: Av. Senador Salgado Filho, 9750 \u2013 Cec\u00edlia, Parada 56 (raio: 1.000m). Entregas: quinta-feira, 17 horas<br \/>\nViam\u00e3o: Av. Para\u00edso, 332 &#8211; Parque Indio Jari (raio 1.000m). Entregas: s\u00e1bado, 10 horas<br \/>\nViam\u00e3o: R. \u00c9dio Nagel Boit &#8211; Parque Indio Jari (raio 1.000m). Entregas: s\u00e1bado, 11 horas<br \/>\nViam\u00e3o: Av. Liberdade, 1751 &#8211; Santa Isabel (raio 1.000m). Entregas: s\u00e1bado, 12 horas<br \/>\nViam\u00e3o: Av. Senador Salgado Filho, 5412 \u2013 Jardim Krahe, Parada 44 (raio: 1.000m). Entregas: s\u00e1bado, 13 horas<br \/>\nFeirante COOTAP Plantando Sa\u00fade<br \/>\nEldorado do Sul: R. da Arrozeira, 270 &#8211; Medianeira (raio 500m). Entregas: ter\u00e7a-feira, 10 horas<br \/>\nEldorado do Sul: Av. Emancipa\u00e7\u00e3o, 480 &#8211; Centro (raio 500m). Entregas: quarta-feira, 10 horas<br \/>\nFeirante COOTAP Ana Gisel<br \/>\nNova Santa Rita: Todo o munic\u00edpio. Entregas: ter\u00e7a-feira, 16 horas<\/p>\n","protected":false},"excerpt":{"rendered":"<p>Uma novidade torna mais acess\u00edveis os produtos org\u00e2nicos para os moradores da Regi\u00e3o Metropolitana. Agora, os clientes podem adquirir produtos atrav\u00e9s de um aplicativo de celular ou site na internet e receberem em casa. Fam\u00edlias de agricultores assentadas na Reforma Agr\u00e1ria, maioria ligada ao MST, que participam de feiras de org\u00e2nicos fizeram uma parceria com [&hellip;]<\/p>\n","protected":false},"author":4,"featured_media":49679,"comment_status":"open","ping_status":"closed","sticky":false,"template":"","format":"standard","meta":{"_jetpack_newsletter_access":"","_jetpack_dont_email_post_to_subs":false,"_jetpack_newsletter_tier_id":0,"_jetpack_memberships_contains_paywalled_content":false,"_jetpack_feature_clip_id":0,"_jetpack_memberships_contains_paid_content":false,"footnotes":"","jetpack_post_was_ever_published":false},"categories":[26],"tags":[],"class_list":["post-49677","post","type-post","status-publish","format-standard","has-post-thumbnail","hentry","category-geral"],"aioseo_notices":[],"aioseo_head":"\n\t\t<!-- All in One SEO 5.0.1.1 - aioseo.com -->\n\t<meta name=\"robots\" content=\"max-image-preview:large\" \/>\n\t<meta name=\"author\" content=\"da Reda\u00e7\u00e3o\"\/>\n\t<link rel=\"canonical\" href=\"https:\/\/www.jornalja.com.br\/arquivo\/produtos-organicos-podem-ser-adquiridos-por-aplicativo-de-celular\/\" \/>\n\t<meta name=\"generator\" content=\"All in One SEO (AIOSEO) 5.0.1.1\" \/>\n\t\t<meta property=\"og:locale\" content=\"pt_BR\" \/>\n\t\t<meta property=\"og:site_name\" content=\"Arquivo | Jornal J\u00c1 | Porto Alegre\" \/>\n\t\t<meta property=\"og:type\" content=\"article\" \/>\n\t\t<meta property=\"og:title\" content=\"Produtos org\u00e2nicos podem ser adquiridos por aplicativo de celular | Arquivo\" \/>\n\t\t<meta property=\"og:url\" content=\"https:\/\/www.jornalja.com.br\/arquivo\/produtos-organicos-podem-ser-adquiridos-por-aplicativo-de-celular\/\" \/>\n\t\t<meta property=\"og:image\" content=\"https:\/\/www.jornalja.com.br\/economics\/wp-content\/uploads\/sites\/11\/2026\/08\/ja-folhaderosto-facebook.jpg\" \/>\n\t\t<meta property=\"og:image:secure_url\" content=\"https:\/\/www.jornalja.com.br\/economics\/wp-content\/uploads\/sites\/11\/2026\/08\/ja-folhaderosto-facebook.jpg\" \/>\n\t\t<meta property=\"article:published_time\" content=\"2017-06-07T15:16:45+00:00\" \/>\n\t\t<meta property=\"article:modified_time\" content=\"2017-06-07T15:16:45+00:00\" \/>\n\t\t<meta name=\"twitter:card\" content=\"summary\" \/>\n\t\t<meta name=\"twitter:title\" content=\"Produtos org\u00e2nicos podem ser adquiridos por aplicativo de celular | Arquivo\" \/>\n\t\t<meta name=\"twitter:image\" content=\"https:\/\/www.jornalja.com.br\/economics\/wp-content\/uploads\/sites\/11\/2026\/08\/ja-folhaderosto-facebook.jpg\" \/>\n\t\t<script type=\"application\/ld+json\" class=\"aioseo-schema\">\n\t\t\t{\"@context\":\"https:\\\/\\\/schema.org\",\"@graph\":[{\"@type\":\"BlogPosting\",\"@id\":\"https:\\\/\\\/www.jornalja.com.br\\\/arquivo\\\/produtos-organicos-podem-ser-adquiridos-por-aplicativo-de-celular\\\/#blogposting\",\"name\":\"Produtos org\\u00e2nicos podem ser adquiridos por aplicativo de celular | Arquivo\",\"headline\":\"Produtos org\\u00e2nicos podem ser adquiridos por aplicativo de celular\",\"author\":{\"@id\":\"https:\\\/\\\/www.jornalja.com.br\\\/arquivo\\\/author\\\/daredacao\\\/#author\"},\"publisher\":{\"@id\":\"https:\\\/\\\/www.jornalja.com.br\\\/arquivo\\\/#organization\"},\"image\":{\"@type\":\"ImageObject\",\"url\":49679},\"datePublished\":\"2017-06-07T12:16:45-03:00\",\"dateModified\":\"2017-06-07T12:16:45-03:00\",\"inLanguage\":\"pt-BR\",\"mainEntityOfPage\":{\"@id\":\"https:\\\/\\\/www.jornalja.com.br\\\/arquivo\\\/produtos-organicos-podem-ser-adquiridos-por-aplicativo-de-celular\\\/#webpage\"},\"isPartOf\":{\"@id\":\"https:\\\/\\\/www.jornalja.com.br\\\/arquivo\\\/produtos-organicos-podem-ser-adquiridos-por-aplicativo-de-celular\\\/#webpage\"},\"articleSection\":\"Geral\"},{\"@type\":\"BreadcrumbList\",\"@id\":\"https:\\\/\\\/www.jornalja.com.br\\\/arquivo\\\/produtos-organicos-podem-ser-adquiridos-por-aplicativo-de-celular\\\/#breadcrumblist\",\"itemListElement\":[{\"@type\":\"ListItem\",\"@id\":\"https:\\\/\\\/www.jornalja.com.br\\\/arquivo#listItem\",\"position\":1,\"name\":\"Home\",\"item\":\"https:\\\/\\\/www.jornalja.com.br\\\/arquivo\",\"nextItem\":{\"@type\":\"ListItem\",\"@id\":\"https:\\\/\\\/www.jornalja.com.br\\\/arquivo\\\/category\\\/geral\\\/#listItem\",\"name\":\"Geral\"}},{\"@type\":\"ListItem\",\"@id\":\"https:\\\/\\\/www.jornalja.com.br\\\/arquivo\\\/category\\\/geral\\\/#listItem\",\"position\":2,\"name\":\"Geral\",\"item\":\"https:\\\/\\\/www.jornalja.com.br\\\/arquivo\\\/category\\\/geral\\\/\",\"nextItem\":{\"@type\":\"ListItem\",\"@id\":\"https:\\\/\\\/www.jornalja.com.br\\\/arquivo\\\/produtos-organicos-podem-ser-adquiridos-por-aplicativo-de-celular\\\/#listItem\",\"name\":\"Produtos org\\u00e2nicos podem ser adquiridos por aplicativo de celular\"},\"previousItem\":{\"@type\":\"ListItem\",\"@id\":\"https:\\\/\\\/www.jornalja.com.br\\\/arquivo#listItem\",\"name\":\"Home\"}},{\"@type\":\"ListItem\",\"@id\":\"https:\\\/\\\/www.jornalja.com.br\\\/arquivo\\\/produtos-organicos-podem-ser-adquiridos-por-aplicativo-de-celular\\\/#listItem\",\"position\":3,\"name\":\"Produtos org\\u00e2nicos podem ser adquiridos por aplicativo de celular\",\"previousItem\":{\"@type\":\"ListItem\",\"@id\":\"https:\\\/\\\/www.jornalja.com.br\\\/arquivo\\\/category\\\/geral\\\/#listItem\",\"name\":\"Geral\"}}]},{\"@type\":\"Organization\",\"@id\":\"https:\\\/\\\/www.jornalja.com.br\\\/arquivo\\\/#organization\",\"name\":\"Jornal J\\u00c1\",\"description\":\"Jornal J\\u00c1 | Porto Alegre\",\"url\":\"https:\\\/\\\/www.jornalja.com.br\\\/arquivo\\\/\",\"telephone\":\"+555133307272\",\"logo\":{\"@type\":\"ImageObject\",\"url\":\"https:\\\/\\\/www.jornalja.com.br\\\/wp-content\\\/uploads\\\/cards\\\/JAslogan.png\",\"@id\":\"https:\\\/\\\/www.jornalja.com.br\\\/arquivo\\\/produtos-organicos-podem-ser-adquiridos-por-aplicativo-de-celular\\\/#organizationLogo\"},\"image\":{\"@id\":\"https:\\\/\\\/www.jornalja.com.br\\\/arquivo\\\/produtos-organicos-podem-ser-adquiridos-por-aplicativo-de-celular\\\/#organizationLogo\"}},{\"@type\":\"Person\",\"@id\":\"https:\\\/\\\/www.jornalja.com.br\\\/arquivo\\\/author\\\/daredacao\\\/#author\",\"url\":\"https:\\\/\\\/www.jornalja.com.br\\\/arquivo\\\/author\\\/daredacao\\\/\",\"name\":\"da Reda\\u00e7\\u00e3o\",\"image\":{\"@type\":\"ImageObject\",\"@id\":\"https:\\\/\\\/www.jornalja.com.br\\\/arquivo\\\/produtos-organicos-podem-ser-adquiridos-por-aplicativo-de-celular\\\/#authorImage\",\"url\":\"https:\\\/\\\/secure.gravatar.com\\\/avatar\\\/469fd857d6605ad19919d27ed29d35a968a25f6e8fd9318356bbb7f57aae9c65?s=96&d=mm&r=g\",\"width\":96,\"height\":96,\"caption\":\"da Reda\\u00e7\\u00e3o\"}},{\"@type\":\"WebPage\",\"@id\":\"https:\\\/\\\/www.jornalja.com.br\\\/arquivo\\\/produtos-organicos-podem-ser-adquiridos-por-aplicativo-de-celular\\\/#webpage\",\"url\":\"https:\\\/\\\/www.jornalja.com.br\\\/arquivo\\\/produtos-organicos-podem-ser-adquiridos-por-aplicativo-de-celular\\\/\",\"name\":\"Produtos org\\u00e2nicos podem ser adquiridos por aplicativo de celular | Arquivo\",\"inLanguage\":\"pt-BR\",\"isPartOf\":{\"@id\":\"https:\\\/\\\/www.jornalja.com.br\\\/arquivo\\\/#website\"},\"breadcrumb\":{\"@id\":\"https:\\\/\\\/www.jornalja.com.br\\\/arquivo\\\/produtos-organicos-podem-ser-adquiridos-por-aplicativo-de-celular\\\/#breadcrumblist\"},\"author\":{\"@id\":\"https:\\\/\\\/www.jornalja.com.br\\\/arquivo\\\/author\\\/daredacao\\\/#author\"},\"creator\":{\"@id\":\"https:\\\/\\\/www.jornalja.com.br\\\/arquivo\\\/author\\\/daredacao\\\/#author\"},\"image\":{\"@type\":\"ImageObject\",\"url\":49679,\"@id\":\"https:\\\/\\\/www.jornalja.com.br\\\/arquivo\\\/produtos-organicos-podem-ser-adquiridos-por-aplicativo-de-celular\\\/#mainImage\"},\"primaryImageOfPage\":{\"@id\":\"https:\\\/\\\/www.jornalja.com.br\\\/arquivo\\\/produtos-organicos-podem-ser-adquiridos-por-aplicativo-de-celular\\\/#mainImage\"},\"datePublished\":\"2017-06-07T12:16:45-03:00\",\"dateModified\":\"2017-06-07T12:16:45-03:00\"},{\"@type\":\"WebSite\",\"@id\":\"https:\\\/\\\/www.jornalja.com.br\\\/arquivo\\\/#website\",\"url\":\"https:\\\/\\\/www.jornalja.com.br\\\/arquivo\\\/\",\"name\":\"Arquivo\",\"description\":\"Jornal J\\u00c1 | Porto Alegre\",\"inLanguage\":\"pt-BR\",\"publisher\":{\"@id\":\"https:\\\/\\\/www.jornalja.com.br\\\/arquivo\\\/#organization\"}}]}\n\t\t<\/script>\n\t\t<!-- All in One SEO -->\n\n","aioseo_head_json":{"title":"Produtos org\u00e2nicos podem ser adquiridos por aplicativo de celular | Arquivo","description":"","canonical_url":"https:\/\/www.jornalja.com.br\/arquivo\/produtos-organicos-podem-ser-adquiridos-por-aplicativo-de-celular\/","robots":"max-image-preview:large","keywords":"","webmasterTools":{"miscellaneous":""},"schema":{"@context":"https:\/\/schema.org","@graph":[{"@type":"BlogPosting","@id":"https:\/\/www.jornalja.com.br\/arquivo\/produtos-organicos-podem-ser-adquiridos-por-aplicativo-de-celular\/#blogposting","name":"Produtos org\u00e2nicos podem ser adquiridos por aplicativo de celular | Arquivo","headline":"Produtos org\u00e2nicos podem ser adquiridos por aplicativo de celular","author":{"@id":"https:\/\/www.jornalja.com.br\/arquivo\/author\/daredacao\/#author"},"publisher":{"@id":"https:\/\/www.jornalja.com.br\/arquivo\/#organization"},"image":{"@type":"ImageObject","url":49679},"datePublished":"2017-06-07T12:16:45-03:00","dateModified":"2017-06-07T12:16:45-03:00","inLanguage":"pt-BR","mainEntityOfPage":{"@id":"https:\/\/www.jornalja.com.br\/arquivo\/produtos-organicos-podem-ser-adquiridos-por-aplicativo-de-celular\/#webpage"},"isPartOf":{"@id":"https:\/\/www.jornalja.com.br\/arquivo\/produtos-organicos-podem-ser-adquiridos-por-aplicativo-de-celular\/#webpage"},"articleSection":"Geral"},{"@type":"BreadcrumbList","@id":"https:\/\/www.jornalja.com.br\/arquivo\/produtos-organicos-podem-ser-adquiridos-por-aplicativo-de-celular\/#breadcrumblist","itemListElement":[{"@type":"ListItem","@id":"https:\/\/www.jornalja.com.br\/arquivo#listItem","position":1,"name":"Home","item":"https:\/\/www.jornalja.com.br\/arquivo","nextItem":{"@type":"ListItem","@id":"https:\/\/www.jornalja.com.br\/arquivo\/category\/geral\/#listItem","name":"Geral"}},{"@type":"ListItem","@id":"https:\/\/www.jornalja.com.br\/arquivo\/category\/geral\/#listItem","position":2,"name":"Geral","item":"https:\/\/www.jornalja.com.br\/arquivo\/category\/geral\/","nextItem":{"@type":"ListItem","@id":"https:\/\/www.jornalja.com.br\/arquivo\/produtos-organicos-podem-ser-adquiridos-por-aplicativo-de-celular\/#listItem","name":"Produtos org\u00e2nicos podem ser adquiridos por aplicativo de celular"},"previousItem":{"@type":"ListItem","@id":"https:\/\/www.jornalja.com.br\/arquivo#listItem","name":"Home"}},{"@type":"ListItem","@id":"https:\/\/www.jornalja.com.br\/arquivo\/produtos-organicos-podem-ser-adquiridos-por-aplicativo-de-celular\/#listItem","position":3,"name":"Produtos org\u00e2nicos podem ser adquiridos por aplicativo de celular","previousItem":{"@type":"ListItem","@id":"https:\/\/www.jornalja.com.br\/arquivo\/category\/geral\/#listItem","name":"Geral"}}]},{"@type":"Organization","@id":"https:\/\/www.jornalja.com.br\/arquivo\/#organization","name":"Jornal J\u00c1","description":"Jornal J\u00c1 | Porto Alegre","url":"https:\/\/www.jornalja.com.br\/arquivo\/","telephone":"+555133307272","logo":{"@type":"ImageObject","url":"https:\/\/www.jornalja.com.br\/wp-content\/uploads\/cards\/JAslogan.png","@id":"https:\/\/www.jornalja.com.br\/arquivo\/produtos-organicos-podem-ser-adquiridos-por-aplicativo-de-celular\/#organizationLogo"},"image":{"@id":"https:\/\/www.jornalja.com.br\/arquivo\/produtos-organicos-podem-ser-adquiridos-por-aplicativo-de-celular\/#organizationLogo"}},{"@type":"Person","@id":"https:\/\/www.jornalja.com.br\/arquivo\/author\/daredacao\/#author","url":"https:\/\/www.jornalja.com.br\/arquivo\/author\/daredacao\/","name":"da Reda\u00e7\u00e3o","image":{"@type":"ImageObject","@id":"https:\/\/www.jornalja.com.br\/arquivo\/produtos-organicos-podem-ser-adquiridos-por-aplicativo-de-celular\/#authorImage","url":"https:\/\/secure.gravatar.com\/avatar\/469fd857d6605ad19919d27ed29d35a968a25f6e8fd9318356bbb7f57aae9c65?s=96&d=mm&r=g","width":96,"height":96,"caption":"da Reda\u00e7\u00e3o"}},{"@type":"WebPage","@id":"https:\/\/www.jornalja.com.br\/arquivo\/produtos-organicos-podem-ser-adquiridos-por-aplicativo-de-celular\/#webpage","url":"https:\/\/www.jornalja.com.br\/arquivo\/produtos-organicos-podem-ser-adquiridos-por-aplicativo-de-celular\/","name":"Produtos org\u00e2nicos podem ser adquiridos por aplicativo de celular | Arquivo","inLanguage":"pt-BR","isPartOf":{"@id":"https:\/\/www.jornalja.com.br\/arquivo\/#website"},"breadcrumb":{"@id":"https:\/\/www.jornalja.com.br\/arquivo\/produtos-organicos-podem-ser-adquiridos-por-aplicativo-de-celular\/#breadcrumblist"},"author":{"@id":"https:\/\/www.jornalja.com.br\/arquivo\/author\/daredacao\/#author"},"creator":{"@id":"https:\/\/www.jornalja.com.br\/arquivo\/author\/daredacao\/#author"},"image":{"@type":"ImageObject","url":49679,"@id":"https:\/\/www.jornalja.com.br\/arquivo\/produtos-organicos-podem-ser-adquiridos-por-aplicativo-de-celular\/#mainImage"},"primaryImageOfPage":{"@id":"https:\/\/www.jornalja.com.br\/arquivo\/produtos-organicos-podem-ser-adquiridos-por-aplicativo-de-celular\/#mainImage"},"datePublished":"2017-06-07T12:16:45-03:00","dateModified":"2017-06-07T12:16:45-03:00"},{"@type":"WebSite","@id":"https:\/\/www.jornalja.com.br\/arquivo\/#website","url":"https:\/\/www.jornalja.com.br\/arquivo\/","name":"Arquivo","description":"Jornal J\u00c1 | Porto Alegre","inLanguage":"pt-BR","publisher":{"@id":"https:\/\/www.jornalja.com.br\/arquivo\/#organization"}}]},"og:locale":"pt_BR","og:site_name":"Arquivo | Jornal J\u00c1 | Porto Alegre","og:type":"article","og:title":"Produtos org\u00e2nicos podem ser adquiridos por aplicativo de celular | Arquivo","og:url":"https:\/\/www.jornalja.com.br\/arquivo\/produtos-organicos-podem-ser-adquiridos-por-aplicativo-de-celular\/","og:image":"https:\/\/www.jornalja.com.br\/economics\/wp-content\/uploads\/sites\/11\/2026\/08\/ja-folhaderosto-facebook.jpg","og:image:secure_url":"https:\/\/www.jornalja.com.br\/economics\/wp-content\/uploads\/sites\/11\/2026\/08\/ja-folhaderosto-facebook.jpg","article:published_time":"2017-06-07T15:16:45+00:00","article:modified_time":"2017-06-07T15:16:45+00:00","twitter:card":"summary","twitter:title":"Produtos org\u00e2nicos podem ser adquiridos por aplicativo de celular | Arquivo","twitter:image":"https:\/\/www.jornalja.com.br\/economics\/wp-content\/uploads\/sites\/11\/2026\/08\/ja-folhaderosto-facebook.jpg"},"aioseo_meta_data":{"post_id":"49677","title":null,"description":null,"keywords":null,"keyphrases":null,"primary_term":null,"canonical_url":null,"og_title":null,"og_description":null,"og_object_type":"default","og_image_type":"default","og_image_url":null,"og_image_width":null,"og_image_height":null,"og_image_custom_url":null,"og_image_custom_fields":null,"og_video":null,"og_custom_url":null,"og_article_section":null,"og_article_tags":null,"twitter_use_og":false,"twitter_card":"default","twitter_image_type":"default","twitter_image_url":null,"twitter_image_custom_url":null,"twitter_image_custom_fields":null,"twitter_title":null,"twitter_description":null,"schema":{"blockGraphs":[],"customGraphs":[],"default":{"data":{"Article":[],"Course":[],"Dataset":[],"FAQPage":[],"Movie":[],"Person":[],"Product":[],"ProductReview":[],"Car":[],"Recipe":[],"Service":[],"SoftwareApplication":[],"WebPage":[]},"graphName":"","isEnabled":true},"graphs":[],"defaultGraph":"","defaultPostTypeGraph":""},"schema_type":null,"schema_type_options":null,"pillar_content":false,"robots_default":true,"robots_noindex":false,"robots_noarchive":false,"robots_nosnippet":false,"robots_nofollow":false,"robots_noimageindex":false,"robots_noodp":false,"robots_notranslate":false,"robots_max_snippet":null,"robots_max_videopreview":null,"robots_max_imagepreview":"large","priority":null,"frequency":null,"location":null,"local_seo":null,"breadcrumb_settings":null,"limit_modified_date":false,"ai":null,"created":"2020-12-20 20:32:48","updated":"2025-07-19 22:00:44","seo_analyzer_scan_date":null,"focus_keyword":null,"additional_keywords":null,"truseo_locale":null},"jetpack_sharing_enabled":true,"jetpack-related-posts":[{"id":13128,"url":"https:\/\/www.jornalja.com.br\/arquivo\/maconha-terra-diz-que-uso-medicinal-e-desculpa\/","url_meta":{"origin":49677,"position":0},"title":"Maconha: Terra diz que uso medicinal \u00e9 desculpa","author":"Patr\u00edcia Marini","date":"4 de junho de 2014","format":false,"excerpt":"A condi\u00e7\u00e3o de pol\u00edtico, em \u00e9poca de campanha de campanha eleitoral, tira for\u00e7a do discurso do m\u00e9dico Osmar Terra contra a legaliza\u00e7\u00e3o da maconha. A tese dele de que a libera\u00e7\u00e3o vai ampliar exponencialmente o consumo \u00e9 discutivel, o consumo \u00e9 corrente. Mas seus alertas quanto aos riscos tem que\u2026","rel":"","context":"Em &quot;X.Categorias velhas&quot;","block_context":{"text":"X.Categorias velhas","link":"https:\/\/www.jornalja.com.br\/arquivo\/category\/x-categorias-velhas\/"},"img":{"alt_text":"","src":"","width":0,"height":0},"classes":[]},{"id":13109,"url":"https:\/\/www.jornalja.com.br\/arquivo\/judiciario-reconhece-poluicao-eletromagnetica\/","url_meta":{"origin":49677,"position":1},"title":"Judici\u00e1rio reconhece polui\u00e7\u00e3o eletromagn\u00e9tica","author":"Patr\u00edcia Marini","date":"16 de maio de 2014","format":false,"excerpt":"A\u00e7\u00e3o de duas associa\u00e7\u00f5es de moradores foi acolhida pelo Tribunal de Justi\u00e7a de S\u00e3o Paulo que. em decis\u00e3o in\u00e9dita, determinou a redu\u00e7\u00e3o do campo eletromagn\u00e9tico gerado pelas linhas de transmiss\u00e3o de energia que cortam os bairros City Boa\u00e7ava e Alto de Pinheiros. \u00c9 a primeira vez que um tribunal do\u2026","rel":"","context":"Em &quot;X.Categorias velhas&quot;","block_context":{"text":"X.Categorias velhas","link":"https:\/\/www.jornalja.com.br\/arquivo\/category\/x-categorias-velhas\/"},"img":{"alt_text":"","src":"","width":0,"height":0},"classes":[]},{"id":13124,"url":"https:\/\/www.jornalja.com.br\/arquivo\/sangue-latino-no-iecine\/","url_meta":{"origin":49677,"position":2},"title":"Sangue latino no IECINE","author":"da Reda\u00e7\u00e3o","date":"18 de maio de 2014","format":false,"excerpt":"Francisco Ribeiro O Instituto Estadual de Cinema (IECINE) tem a frente, desde abril \u00faltimo, um novo diretor, o cineasta colombiano Juan Zapata, 36, que substitui Luiz Alberto Cassol. Radicado h\u00e1 dez anos em Porto Alegre, Zapata tem diante de si o desafio de conduzir at\u00e9 o final do ano um\u2026","rel":"","context":"Em &quot;Cultura-Geral&quot;","block_context":{"text":"Cultura-Geral","link":"https:\/\/www.jornalja.com.br\/arquivo\/category\/materiasecundaria\/"},"img":{"alt_text":"","src":"","width":0,"height":0},"classes":[]},{"id":13240,"url":"https:\/\/www.jornalja.com.br\/arquivo\/plano-diretor-estamos-construindo-o-caos\/","url_meta":{"origin":49677,"position":3},"title":"Plano diretor: &quot;Estamos construindo o caos&quot;","author":"Patr\u00edcia Marini","date":"26 de maio de 2014","format":false,"excerpt":"Desabafo que arquiteta Eliana Castilhos, delegada da Regi\u00e3o de Planejamento 1, postou nas redes sociais \u00e9 um testemunho do ambiente que se criou no Conselho do Plano Diretor de Porto Alegre, onde a aprova\u00e7\u00e3o de grandes empreendimentos \u00e9 empurrada guela abaixo dos conselheiros. Ao CMDUA Como delegada da Regi\u00e3o de\u2026","rel":"","context":"Em &quot;Geral&quot;","block_context":{"text":"Geral","link":"https:\/\/www.jornalja.com.br\/arquivo\/category\/geral\/"},"img":{"alt_text":"","src":"","width":0,"height":0},"classes":[]},{"id":14241,"url":"https:\/\/www.jornalja.com.br\/arquivo\/o-guaiba-nas-imagens-poeticas-de-achutti\/","url_meta":{"origin":49677,"position":4},"title":"O Gua\u00edba nas imagens po\u00e9ticas de Achutti","author":"da Reda\u00e7\u00e3o","date":"18 de junho de 2014","format":false,"excerpt":"Em \u201cO Gua\u00edba por Achutti\u201d \u2013 obra financiada via Minist\u00e9rio da Cultura, produ\u00e7\u00e3o executiva de Pedro Longhi, e Fl\u00e1vio Wild como designer \u2013, o fot\u00f3grafo revela a beleza e as mazelas de um espa\u00e7o aqu\u00e1tico de \u00e1guas sempre renovadas, cheio de hist\u00f3rias e lendas como as das cidades que foram\u2026","rel":"","context":"Em &quot;Cultura-Geral&quot;","block_context":{"text":"Cultura-Geral","link":"https:\/\/www.jornalja.com.br\/arquivo\/category\/materiasecundaria\/"},"img":{"alt_text":"","src":"","width":0,"height":0},"classes":[]},{"id":13239,"url":"https:\/\/www.jornalja.com.br\/arquivo\/conselho-desdenha-do-plano-diretor\/","url_meta":{"origin":49677,"position":5},"title":"Porto Alegre: Conselho detona Plano Diretor","author":"Patr\u00edcia Marini","date":"25 de maio de 2014","format":false,"excerpt":"Den\u00fancia do arquiteto e \u00a0urbanista Ibir\u00e1 Santos Lucas. Ele diz que os conselheiros est\u00e3o votando com \"enorme irresponsabilidade\". \"Mudam regime com a maior naturalidade,,,regularizam absurdos de constru\u00e7\u00f5es irregulares... \"O CMDUA est\u00e1 flexibilizando a lei do plano diretor, de uma forma impactante na vida da cidade. Mudam regime com a maior\u2026","rel":"","context":"Em &quot;Geral&quot;","block_context":{"text":"Geral","link":"https:\/\/www.jornalja.com.br\/arquivo\/category\/geral\/"},"img":{"alt_text":"","src":"","width":0,"height":0},"classes":[]}],"jetpack_shortlink":"https:\/\/wp.me\/pbQjBd-cVf","jetpack_featured_media_url":"","_links":{"self":[{"href":"https:\/\/www.jornalja.com.br\/arquivo\/wp-json\/wp\/v2\/posts\/49677","targetHints":{"allow":["GET"]}}],"collection":[{"href":"https:\/\/www.jornalja.com.br\/arquivo\/wp-json\/wp\/v2\/posts"}],"about":[{"href":"https:\/\/www.jornalja.com.br\/arquivo\/wp-json\/wp\/v2\/types\/post"}],"author":[{"embeddable":true,"href":"https:\/\/www.jornalja.com.br\/arquivo\/wp-json\/wp\/v2\/users\/4"}],"replies":[{"embeddable":true,"href":"https:\/\/www.jornalja.com.br\/arquivo\/wp-json\/wp\/v2\/comments?post=49677"}],"version-history":[{"count":0,"href":"https:\/\/www.jornalja.com.br\/arquivo\/wp-json\/wp\/v2\/posts\/49677\/revisions"}],"wp:attachment":[{"href":"https:\/\/www.jornalja.com.br\/arquivo\/wp-json\/wp\/v2\/media?parent=49677"}],"wp:term":[{"taxonomy":"category","embeddable":true,"href":"https:\/\/www.jornalja.com.br\/arquivo\/wp-json\/wp\/v2\/categories?post=49677"},{"taxonomy":"post_tag","embeddable":true,"href":"https:\/\/www.jornalja.com.br\/arquivo\/wp-json\/wp\/v2\/tags?post=49677"}],"curies":[{"name":"wp","href":"https:\/\/api.w.org\/{rel}","templated":true}]}}