{"id":49707,"date":"2017-06-07T18:27:48","date_gmt":"2017-06-07T21:27:48","guid":{"rendered":"https:\/\/www.jornalja.com.br\/?p=49707"},"modified":"2017-06-07T18:27:48","modified_gmt":"2017-06-07T21:27:48","slug":"nao-pode-haver-sigilo-sobre-incentivo-fiscal-diz-zila","status":"publish","type":"post","link":"https:\/\/www.jornalja.com.br\/arquivo\/nao-pode-haver-sigilo-sobre-incentivo-fiscal-diz-zila\/","title":{"rendered":"\u201cN\u00e3o pode haver sigilo sobre incentivo fiscal&quot;, diz Zil\u00e1"},"content":{"rendered":"<p><strong>Geraldo Hasse<\/strong><br \/>\nNa primeira parte do debate promovido pelo Sindicato dos T\u00e9cnicos Tribut\u00e1rios do Rio Grande do Sul sobre a transpar\u00eancia na gest\u00e3o dos recursos p\u00fablicos, na manh\u00e3 desta quarta-feira (7) no teatro-audit\u00f3rio da Assembleia Legislativa, em Porto Alegre, em apenas uma ocasi\u00e3o um dos quatro expositores foi interrompido por aplausos. Foi quando a deputada estadual Zil\u00e1 Breitenbach, ex-prefeita de Tr\u00eas Passos, afirmou: \u201cA empresa beneficiada por incentivos fiscais \u2013 dinheiro p\u00fablico \u2013 tem que saber que a informa\u00e7\u00e3o sobre esse benef\u00edcio n\u00e3o \u00e9 privada, \u00e9 p\u00fablica\u201d.<br \/>\nUm pouco antes, durante sua fala limitada a dez minutos, a autora da lei da Ficha Limpa Estadual havia reclamado da pouca profundidade da transpar\u00eancia sobre os gastos p\u00fablicos: \u201cParece que a transpar\u00eancia entre n\u00f3s ficou limitada \u00e0 divulga\u00e7\u00e3o da folha salarial do funcionalismo\u201d, disse, afirmando que \u00e9 preciso ir mais fundo na cria\u00e7\u00e3o de leis e na fiscaliza\u00e7\u00e3o das a\u00e7\u00f5es dos agentes p\u00fablicos.<br \/>\nEx-l\u00edder parlamentar da governadora Yeda Crusius, a deputada lembrou que a roubalheira de dinheiro p\u00fablico \u00e9 favorecida pela concentra\u00e7\u00e3o de recursos na esfera federal. \u201cPrecisamos rever o pacto federativo de modo a descentralizar os recursos\u201d, disse, lembrando que o Rio Grande do Sul \u00e9 um dos estados com um bom quadro de controles, exceto quanto \u00e0s desonera\u00e7\u00f5es fiscais. \u201cS\u00f3 para as ONGs s\u00e3o quatro bilh\u00f5es de reais\u201d, lembrou, repercutindo uma informa\u00e7\u00e3o preliminar liberada pelo presidente do Sindicato dos T\u00e9cnicos Tribut\u00e1rios, Carlos de Martini Duarte, na abertura dos debates.<br \/>\nO primeiro a falar foi Roberto Ponzi, chefe de gabinete do procurador do Minist\u00e9rio P\u00fablico de Contas, Geraldo da Camino, que n\u00e3o compareceu por estar envolvido numa opera\u00e7\u00e3o fiscal no Estado. Citando a caixa preta dos incentivos fiscais, Ponzi lembrou que em 2009 o MP de Contas realizou uma auditoria na Secretaria da Fazenda e at\u00e9 hoje a situa\u00e7\u00e3o n\u00e3o mudou: a Sefaz nega-se a dar informa\u00e7\u00f5es alegando sigilo, mesmo sendo advertida que tanto a Constitui\u00e7\u00e3o Federal quanto a Estadual pro\u00edbem a nega\u00e7\u00e3o de informa\u00e7\u00f5es aos tribunais de contas. \u201cH\u00e1 uma outra rep\u00fablica dentro da rep\u00fablica\u201d, disse Ponzi, ecoando a conclus\u00e3o do procurador Da Camino.<br \/>\nOs outros dois palestrantes foram dois barbudos vestidos informalmente. Manoel Galdino, diretor executivo da Transpar\u00eancia Brasil, criada em 2000, dedica-se especialmente a monitorar informa\u00e7\u00f5es sobre quem s\u00e3o os benefici\u00e1rios das desonera\u00e7\u00f5es fiscais, dos Refis e da repatria\u00e7\u00e3o de dinheiro estocado no exterior. Por falta de recursos, a Transpar\u00eancia deixou de atualizar itens de seu site, especialmente sobre o uso de verbas p\u00fablicas por deputados.<br \/>\nA pen\u00faltima exposi\u00e7\u00e3o foi feita por Lucio Batista, mais conhecido por Lucio Big, criador da ONG Opera\u00e7\u00e3o Politica Supervisionada (OPS), com 52 mil seguidores nas redes sociais (Facebook principalmente). Atuando em Bras\u00edlia, ele descobriu o uso fraudulento de verbas indenizat\u00f3rias por deputados, com o que conseguiu recuperar R$ 5,5 milh\u00f5es para os cofres p\u00fablicos. \u201c\u00c9 pouco perto do que se ouve por a\u00ed\u201d, diz Big, \u201cmas \u00e9 uma prova do que podem fazer os cidad\u00e3os como fiscais potenciais do uso dos recursos p\u00fablicos\u201d. Segundo ele, a aplica\u00e7\u00e3o criminosa de recursos p\u00fablicos existe em todos os n\u00edveis da administra\u00e7\u00e3o.<\/p>\n","protected":false},"excerpt":{"rendered":"<p>Geraldo Hasse Na primeira parte do debate promovido pelo Sindicato dos T\u00e9cnicos Tribut\u00e1rios do Rio Grande do Sul sobre a transpar\u00eancia na gest\u00e3o dos recursos p\u00fablicos, na manh\u00e3 desta quarta-feira (7) no teatro-audit\u00f3rio da Assembleia Legislativa, em Porto Alegre, em apenas uma ocasi\u00e3o um dos quatro expositores foi interrompido por aplausos. Foi quando a deputada [&hellip;]<\/p>\n","protected":false},"author":4,"featured_media":49713,"comment_status":"open","ping_status":"closed","sticky":false,"template":"","format":"standard","meta":{"_jetpack_newsletter_access":"","_jetpack_dont_email_post_to_subs":false,"_jetpack_newsletter_tier_id":0,"_jetpack_memberships_contains_paywalled_content":false,"_jetpack_feature_clip_id":0,"_jetpack_memberships_contains_paid_content":false,"footnotes":"","jetpack_post_was_ever_published":false},"categories":[26],"tags":[],"class_list":["post-49707","post","type-post","status-publish","format-standard","has-post-thumbnail","hentry","category-geral"],"aioseo_notices":[],"aioseo_head":"\n\t\t<!-- All in One SEO 5.0.1.1 - aioseo.com -->\n\t<meta name=\"robots\" content=\"max-image-preview:large\" \/>\n\t<meta name=\"author\" content=\"da Reda\u00e7\u00e3o\"\/>\n\t<link rel=\"canonical\" href=\"https:\/\/www.jornalja.com.br\/arquivo\/nao-pode-haver-sigilo-sobre-incentivo-fiscal-diz-zila\/\" \/>\n\t<meta name=\"generator\" content=\"All in One SEO (AIOSEO) 5.0.1.1\" \/>\n\t\t<meta property=\"og:locale\" content=\"pt_BR\" \/>\n\t\t<meta property=\"og:site_name\" content=\"Arquivo | Jornal J\u00c1 | Porto Alegre\" \/>\n\t\t<meta property=\"og:type\" content=\"article\" \/>\n\t\t<meta property=\"og:title\" content=\"\u201cN\u00e3o pode haver sigilo sobre incentivo fiscal&quot;, diz Zil\u00e1 | Arquivo\" \/>\n\t\t<meta property=\"og:url\" content=\"https:\/\/www.jornalja.com.br\/arquivo\/nao-pode-haver-sigilo-sobre-incentivo-fiscal-diz-zila\/\" \/>\n\t\t<meta property=\"og:image\" content=\"https:\/\/www.jornalja.com.br\/economics\/wp-content\/uploads\/sites\/11\/2026\/08\/ja-folhaderosto-facebook.jpg\" \/>\n\t\t<meta property=\"og:image:secure_url\" content=\"https:\/\/www.jornalja.com.br\/economics\/wp-content\/uploads\/sites\/11\/2026\/08\/ja-folhaderosto-facebook.jpg\" \/>\n\t\t<meta property=\"article:published_time\" content=\"2017-06-07T21:27:48+00:00\" \/>\n\t\t<meta property=\"article:modified_time\" content=\"2017-06-07T21:27:48+00:00\" \/>\n\t\t<meta name=\"twitter:card\" content=\"summary\" \/>\n\t\t<meta name=\"twitter:title\" content=\"\u201cN\u00e3o pode haver sigilo sobre incentivo fiscal&quot;, diz Zil\u00e1 | Arquivo\" \/>\n\t\t<meta name=\"twitter:image\" content=\"https:\/\/www.jornalja.com.br\/economics\/wp-content\/uploads\/sites\/11\/2026\/08\/ja-folhaderosto-facebook.jpg\" \/>\n\t\t<script type=\"application\/ld+json\" class=\"aioseo-schema\">\n\t\t\t{\"@context\":\"https:\\\/\\\/schema.org\",\"@graph\":[{\"@type\":\"BlogPosting\",\"@id\":\"https:\\\/\\\/www.jornalja.com.br\\\/arquivo\\\/nao-pode-haver-sigilo-sobre-incentivo-fiscal-diz-zila\\\/#blogposting\",\"name\":\"\\u201cN\\u00e3o pode haver sigilo sobre incentivo fiscal\\\", diz Zil\\u00e1 | Arquivo\",\"headline\":\"\\u201cN\\u00e3o pode haver sigilo sobre incentivo fiscal&quot;, diz Zil\\u00e1\",\"author\":{\"@id\":\"https:\\\/\\\/www.jornalja.com.br\\\/arquivo\\\/author\\\/daredacao\\\/#author\"},\"publisher\":{\"@id\":\"https:\\\/\\\/www.jornalja.com.br\\\/arquivo\\\/#organization\"},\"image\":{\"@type\":\"ImageObject\",\"url\":49713},\"datePublished\":\"2017-06-07T18:27:48-03:00\",\"dateModified\":\"2017-06-07T18:27:48-03:00\",\"inLanguage\":\"pt-BR\",\"mainEntityOfPage\":{\"@id\":\"https:\\\/\\\/www.jornalja.com.br\\\/arquivo\\\/nao-pode-haver-sigilo-sobre-incentivo-fiscal-diz-zila\\\/#webpage\"},\"isPartOf\":{\"@id\":\"https:\\\/\\\/www.jornalja.com.br\\\/arquivo\\\/nao-pode-haver-sigilo-sobre-incentivo-fiscal-diz-zila\\\/#webpage\"},\"articleSection\":\"Geral\"},{\"@type\":\"BreadcrumbList\",\"@id\":\"https:\\\/\\\/www.jornalja.com.br\\\/arquivo\\\/nao-pode-haver-sigilo-sobre-incentivo-fiscal-diz-zila\\\/#breadcrumblist\",\"itemListElement\":[{\"@type\":\"ListItem\",\"@id\":\"https:\\\/\\\/www.jornalja.com.br\\\/arquivo#listItem\",\"position\":1,\"name\":\"Home\",\"item\":\"https:\\\/\\\/www.jornalja.com.br\\\/arquivo\",\"nextItem\":{\"@type\":\"ListItem\",\"@id\":\"https:\\\/\\\/www.jornalja.com.br\\\/arquivo\\\/category\\\/geral\\\/#listItem\",\"name\":\"Geral\"}},{\"@type\":\"ListItem\",\"@id\":\"https:\\\/\\\/www.jornalja.com.br\\\/arquivo\\\/category\\\/geral\\\/#listItem\",\"position\":2,\"name\":\"Geral\",\"item\":\"https:\\\/\\\/www.jornalja.com.br\\\/arquivo\\\/category\\\/geral\\\/\",\"nextItem\":{\"@type\":\"ListItem\",\"@id\":\"https:\\\/\\\/www.jornalja.com.br\\\/arquivo\\\/nao-pode-haver-sigilo-sobre-incentivo-fiscal-diz-zila\\\/#listItem\",\"name\":\"\\u201cN\\u00e3o pode haver sigilo sobre incentivo fiscal&quot;, diz Zil\\u00e1\"},\"previousItem\":{\"@type\":\"ListItem\",\"@id\":\"https:\\\/\\\/www.jornalja.com.br\\\/arquivo#listItem\",\"name\":\"Home\"}},{\"@type\":\"ListItem\",\"@id\":\"https:\\\/\\\/www.jornalja.com.br\\\/arquivo\\\/nao-pode-haver-sigilo-sobre-incentivo-fiscal-diz-zila\\\/#listItem\",\"position\":3,\"name\":\"\\u201cN\\u00e3o pode haver sigilo sobre incentivo fiscal&quot;, diz Zil\\u00e1\",\"previousItem\":{\"@type\":\"ListItem\",\"@id\":\"https:\\\/\\\/www.jornalja.com.br\\\/arquivo\\\/category\\\/geral\\\/#listItem\",\"name\":\"Geral\"}}]},{\"@type\":\"Organization\",\"@id\":\"https:\\\/\\\/www.jornalja.com.br\\\/arquivo\\\/#organization\",\"name\":\"Jornal J\\u00c1\",\"description\":\"Jornal J\\u00c1 | Porto Alegre\",\"url\":\"https:\\\/\\\/www.jornalja.com.br\\\/arquivo\\\/\",\"telephone\":\"+555133307272\",\"logo\":{\"@type\":\"ImageObject\",\"url\":\"https:\\\/\\\/www.jornalja.com.br\\\/wp-content\\\/uploads\\\/cards\\\/JAslogan.png\",\"@id\":\"https:\\\/\\\/www.jornalja.com.br\\\/arquivo\\\/nao-pode-haver-sigilo-sobre-incentivo-fiscal-diz-zila\\\/#organizationLogo\"},\"image\":{\"@id\":\"https:\\\/\\\/www.jornalja.com.br\\\/arquivo\\\/nao-pode-haver-sigilo-sobre-incentivo-fiscal-diz-zila\\\/#organizationLogo\"}},{\"@type\":\"Person\",\"@id\":\"https:\\\/\\\/www.jornalja.com.br\\\/arquivo\\\/author\\\/daredacao\\\/#author\",\"url\":\"https:\\\/\\\/www.jornalja.com.br\\\/arquivo\\\/author\\\/daredacao\\\/\",\"name\":\"da Reda\\u00e7\\u00e3o\",\"image\":{\"@type\":\"ImageObject\",\"@id\":\"https:\\\/\\\/www.jornalja.com.br\\\/arquivo\\\/nao-pode-haver-sigilo-sobre-incentivo-fiscal-diz-zila\\\/#authorImage\",\"url\":\"https:\\\/\\\/secure.gravatar.com\\\/avatar\\\/469fd857d6605ad19919d27ed29d35a968a25f6e8fd9318356bbb7f57aae9c65?s=96&d=mm&r=g\",\"width\":96,\"height\":96,\"caption\":\"da Reda\\u00e7\\u00e3o\"}},{\"@type\":\"WebPage\",\"@id\":\"https:\\\/\\\/www.jornalja.com.br\\\/arquivo\\\/nao-pode-haver-sigilo-sobre-incentivo-fiscal-diz-zila\\\/#webpage\",\"url\":\"https:\\\/\\\/www.jornalja.com.br\\\/arquivo\\\/nao-pode-haver-sigilo-sobre-incentivo-fiscal-diz-zila\\\/\",\"name\":\"\\u201cN\\u00e3o pode haver sigilo sobre incentivo fiscal\\\", diz Zil\\u00e1 | Arquivo\",\"inLanguage\":\"pt-BR\",\"isPartOf\":{\"@id\":\"https:\\\/\\\/www.jornalja.com.br\\\/arquivo\\\/#website\"},\"breadcrumb\":{\"@id\":\"https:\\\/\\\/www.jornalja.com.br\\\/arquivo\\\/nao-pode-haver-sigilo-sobre-incentivo-fiscal-diz-zila\\\/#breadcrumblist\"},\"author\":{\"@id\":\"https:\\\/\\\/www.jornalja.com.br\\\/arquivo\\\/author\\\/daredacao\\\/#author\"},\"creator\":{\"@id\":\"https:\\\/\\\/www.jornalja.com.br\\\/arquivo\\\/author\\\/daredacao\\\/#author\"},\"image\":{\"@type\":\"ImageObject\",\"url\":49713,\"@id\":\"https:\\\/\\\/www.jornalja.com.br\\\/arquivo\\\/nao-pode-haver-sigilo-sobre-incentivo-fiscal-diz-zila\\\/#mainImage\"},\"primaryImageOfPage\":{\"@id\":\"https:\\\/\\\/www.jornalja.com.br\\\/arquivo\\\/nao-pode-haver-sigilo-sobre-incentivo-fiscal-diz-zila\\\/#mainImage\"},\"datePublished\":\"2017-06-07T18:27:48-03:00\",\"dateModified\":\"2017-06-07T18:27:48-03:00\"},{\"@type\":\"WebSite\",\"@id\":\"https:\\\/\\\/www.jornalja.com.br\\\/arquivo\\\/#website\",\"url\":\"https:\\\/\\\/www.jornalja.com.br\\\/arquivo\\\/\",\"name\":\"Arquivo\",\"description\":\"Jornal J\\u00c1 | Porto Alegre\",\"inLanguage\":\"pt-BR\",\"publisher\":{\"@id\":\"https:\\\/\\\/www.jornalja.com.br\\\/arquivo\\\/#organization\"}}]}\n\t\t<\/script>\n\t\t<!-- All in One SEO -->\n\n","aioseo_head_json":{"title":"\u201cN\u00e3o pode haver sigilo sobre incentivo fiscal\", diz Zil\u00e1 | Arquivo","description":"","canonical_url":"https:\/\/www.jornalja.com.br\/arquivo\/nao-pode-haver-sigilo-sobre-incentivo-fiscal-diz-zila\/","robots":"max-image-preview:large","keywords":"","webmasterTools":{"miscellaneous":""},"schema":{"@context":"https:\/\/schema.org","@graph":[{"@type":"BlogPosting","@id":"https:\/\/www.jornalja.com.br\/arquivo\/nao-pode-haver-sigilo-sobre-incentivo-fiscal-diz-zila\/#blogposting","name":"\u201cN\u00e3o pode haver sigilo sobre incentivo fiscal\", diz Zil\u00e1 | Arquivo","headline":"\u201cN\u00e3o pode haver sigilo sobre incentivo fiscal&quot;, diz Zil\u00e1","author":{"@id":"https:\/\/www.jornalja.com.br\/arquivo\/author\/daredacao\/#author"},"publisher":{"@id":"https:\/\/www.jornalja.com.br\/arquivo\/#organization"},"image":{"@type":"ImageObject","url":49713},"datePublished":"2017-06-07T18:27:48-03:00","dateModified":"2017-06-07T18:27:48-03:00","inLanguage":"pt-BR","mainEntityOfPage":{"@id":"https:\/\/www.jornalja.com.br\/arquivo\/nao-pode-haver-sigilo-sobre-incentivo-fiscal-diz-zila\/#webpage"},"isPartOf":{"@id":"https:\/\/www.jornalja.com.br\/arquivo\/nao-pode-haver-sigilo-sobre-incentivo-fiscal-diz-zila\/#webpage"},"articleSection":"Geral"},{"@type":"BreadcrumbList","@id":"https:\/\/www.jornalja.com.br\/arquivo\/nao-pode-haver-sigilo-sobre-incentivo-fiscal-diz-zila\/#breadcrumblist","itemListElement":[{"@type":"ListItem","@id":"https:\/\/www.jornalja.com.br\/arquivo#listItem","position":1,"name":"Home","item":"https:\/\/www.jornalja.com.br\/arquivo","nextItem":{"@type":"ListItem","@id":"https:\/\/www.jornalja.com.br\/arquivo\/category\/geral\/#listItem","name":"Geral"}},{"@type":"ListItem","@id":"https:\/\/www.jornalja.com.br\/arquivo\/category\/geral\/#listItem","position":2,"name":"Geral","item":"https:\/\/www.jornalja.com.br\/arquivo\/category\/geral\/","nextItem":{"@type":"ListItem","@id":"https:\/\/www.jornalja.com.br\/arquivo\/nao-pode-haver-sigilo-sobre-incentivo-fiscal-diz-zila\/#listItem","name":"\u201cN\u00e3o pode haver sigilo sobre incentivo fiscal&quot;, diz Zil\u00e1"},"previousItem":{"@type":"ListItem","@id":"https:\/\/www.jornalja.com.br\/arquivo#listItem","name":"Home"}},{"@type":"ListItem","@id":"https:\/\/www.jornalja.com.br\/arquivo\/nao-pode-haver-sigilo-sobre-incentivo-fiscal-diz-zila\/#listItem","position":3,"name":"\u201cN\u00e3o pode haver sigilo sobre incentivo fiscal&quot;, diz Zil\u00e1","previousItem":{"@type":"ListItem","@id":"https:\/\/www.jornalja.com.br\/arquivo\/category\/geral\/#listItem","name":"Geral"}}]},{"@type":"Organization","@id":"https:\/\/www.jornalja.com.br\/arquivo\/#organization","name":"Jornal J\u00c1","description":"Jornal J\u00c1 | Porto Alegre","url":"https:\/\/www.jornalja.com.br\/arquivo\/","telephone":"+555133307272","logo":{"@type":"ImageObject","url":"https:\/\/www.jornalja.com.br\/wp-content\/uploads\/cards\/JAslogan.png","@id":"https:\/\/www.jornalja.com.br\/arquivo\/nao-pode-haver-sigilo-sobre-incentivo-fiscal-diz-zila\/#organizationLogo"},"image":{"@id":"https:\/\/www.jornalja.com.br\/arquivo\/nao-pode-haver-sigilo-sobre-incentivo-fiscal-diz-zila\/#organizationLogo"}},{"@type":"Person","@id":"https:\/\/www.jornalja.com.br\/arquivo\/author\/daredacao\/#author","url":"https:\/\/www.jornalja.com.br\/arquivo\/author\/daredacao\/","name":"da Reda\u00e7\u00e3o","image":{"@type":"ImageObject","@id":"https:\/\/www.jornalja.com.br\/arquivo\/nao-pode-haver-sigilo-sobre-incentivo-fiscal-diz-zila\/#authorImage","url":"https:\/\/secure.gravatar.com\/avatar\/469fd857d6605ad19919d27ed29d35a968a25f6e8fd9318356bbb7f57aae9c65?s=96&d=mm&r=g","width":96,"height":96,"caption":"da Reda\u00e7\u00e3o"}},{"@type":"WebPage","@id":"https:\/\/www.jornalja.com.br\/arquivo\/nao-pode-haver-sigilo-sobre-incentivo-fiscal-diz-zila\/#webpage","url":"https:\/\/www.jornalja.com.br\/arquivo\/nao-pode-haver-sigilo-sobre-incentivo-fiscal-diz-zila\/","name":"\u201cN\u00e3o pode haver sigilo sobre incentivo fiscal\", diz Zil\u00e1 | Arquivo","inLanguage":"pt-BR","isPartOf":{"@id":"https:\/\/www.jornalja.com.br\/arquivo\/#website"},"breadcrumb":{"@id":"https:\/\/www.jornalja.com.br\/arquivo\/nao-pode-haver-sigilo-sobre-incentivo-fiscal-diz-zila\/#breadcrumblist"},"author":{"@id":"https:\/\/www.jornalja.com.br\/arquivo\/author\/daredacao\/#author"},"creator":{"@id":"https:\/\/www.jornalja.com.br\/arquivo\/author\/daredacao\/#author"},"image":{"@type":"ImageObject","url":49713,"@id":"https:\/\/www.jornalja.com.br\/arquivo\/nao-pode-haver-sigilo-sobre-incentivo-fiscal-diz-zila\/#mainImage"},"primaryImageOfPage":{"@id":"https:\/\/www.jornalja.com.br\/arquivo\/nao-pode-haver-sigilo-sobre-incentivo-fiscal-diz-zila\/#mainImage"},"datePublished":"2017-06-07T18:27:48-03:00","dateModified":"2017-06-07T18:27:48-03:00"},{"@type":"WebSite","@id":"https:\/\/www.jornalja.com.br\/arquivo\/#website","url":"https:\/\/www.jornalja.com.br\/arquivo\/","name":"Arquivo","description":"Jornal J\u00c1 | Porto Alegre","inLanguage":"pt-BR","publisher":{"@id":"https:\/\/www.jornalja.com.br\/arquivo\/#organization"}}]},"og:locale":"pt_BR","og:site_name":"Arquivo | Jornal J\u00c1 | Porto Alegre","og:type":"article","og:title":"\u201cN\u00e3o pode haver sigilo sobre incentivo fiscal&quot;, diz Zil\u00e1 | Arquivo","og:url":"https:\/\/www.jornalja.com.br\/arquivo\/nao-pode-haver-sigilo-sobre-incentivo-fiscal-diz-zila\/","og:image":"https:\/\/www.jornalja.com.br\/economics\/wp-content\/uploads\/sites\/11\/2026\/08\/ja-folhaderosto-facebook.jpg","og:image:secure_url":"https:\/\/www.jornalja.com.br\/economics\/wp-content\/uploads\/sites\/11\/2026\/08\/ja-folhaderosto-facebook.jpg","article:published_time":"2017-06-07T21:27:48+00:00","article:modified_time":"2017-06-07T21:27:48+00:00","twitter:card":"summary","twitter:title":"\u201cN\u00e3o pode haver sigilo sobre incentivo fiscal&quot;, diz Zil\u00e1 | Arquivo","twitter:image":"https:\/\/www.jornalja.com.br\/economics\/wp-content\/uploads\/sites\/11\/2026\/08\/ja-folhaderosto-facebook.jpg"},"aioseo_meta_data":{"post_id":"49707","title":null,"description":null,"keywords":null,"keyphrases":null,"primary_term":null,"canonical_url":null,"og_title":null,"og_description":null,"og_object_type":"default","og_image_type":"default","og_image_url":null,"og_image_width":null,"og_image_height":null,"og_image_custom_url":null,"og_image_custom_fields":null,"og_video":null,"og_custom_url":null,"og_article_section":null,"og_article_tags":null,"twitter_use_og":false,"twitter_card":"default","twitter_image_type":"default","twitter_image_url":null,"twitter_image_custom_url":null,"twitter_image_custom_fields":null,"twitter_title":null,"twitter_description":null,"schema":{"blockGraphs":[],"customGraphs":[],"default":{"data":{"Article":[],"Course":[],"Dataset":[],"FAQPage":[],"Movie":[],"Person":[],"Product":[],"ProductReview":[],"Car":[],"Recipe":[],"Service":[],"SoftwareApplication":[],"WebPage":[]},"graphName":"","isEnabled":true},"graphs":[],"defaultGraph":"","defaultPostTypeGraph":""},"schema_type":null,"schema_type_options":null,"pillar_content":false,"robots_default":true,"robots_noindex":false,"robots_noarchive":false,"robots_nosnippet":false,"robots_nofollow":false,"robots_noimageindex":false,"robots_noodp":false,"robots_notranslate":false,"robots_max_snippet":null,"robots_max_videopreview":null,"robots_max_imagepreview":"large","priority":null,"frequency":null,"location":null,"local_seo":null,"breadcrumb_settings":null,"limit_modified_date":false,"ai":null,"created":"2020-12-20 20:32:48","updated":"2025-07-19 22:00:44","seo_analyzer_scan_date":null,"focus_keyword":null,"additional_keywords":null,"truseo_locale":null},"jetpack_sharing_enabled":true,"jetpack-related-posts":[{"id":13101,"url":"https:\/\/www.jornalja.com.br\/arquivo\/morre-um-guerreiro-do-texto\/","url_meta":{"origin":49707,"position":0},"title":"Morre um guerreiro do texto","author":"Patr\u00edcia Marini","date":"14 de maio de 2014","format":false,"excerpt":"Por Ricardo Kotscho Reproduzido do blog do autor, 11\/5\/2014; t\u00edtulo original \u201cE l\u00e1 se foi o nosso Myltainho, guerreiro do texto\u201d. Mi\u00fado e franzino, meu amigo Myltainho era um valente e inconformado guerreiro na luta contra as injusti\u00e7as sociais, a hipocrisia, as maracutaias, o autoritarismo, a intoler\u00e2ncia, a viol\u00eancia, o\u2026","rel":"","context":"Em &quot;Geral&quot;","block_context":{"text":"Geral","link":"https:\/\/www.jornalja.com.br\/arquivo\/category\/geral\/"},"img":{"alt_text":"","src":"","width":0,"height":0},"classes":[]},{"id":13240,"url":"https:\/\/www.jornalja.com.br\/arquivo\/plano-diretor-estamos-construindo-o-caos\/","url_meta":{"origin":49707,"position":1},"title":"Plano diretor: &quot;Estamos construindo o caos&quot;","author":"Patr\u00edcia Marini","date":"26 de maio de 2014","format":false,"excerpt":"Desabafo que arquiteta Eliana Castilhos, delegada da Regi\u00e3o de Planejamento 1, postou nas redes sociais \u00e9 um testemunho do ambiente que se criou no Conselho do Plano Diretor de Porto Alegre, onde a aprova\u00e7\u00e3o de grandes empreendimentos \u00e9 empurrada guela abaixo dos conselheiros. Ao CMDUA Como delegada da Regi\u00e3o de\u2026","rel":"","context":"Em &quot;Geral&quot;","block_context":{"text":"Geral","link":"https:\/\/www.jornalja.com.br\/arquivo\/category\/geral\/"},"img":{"alt_text":"","src":"","width":0,"height":0},"classes":[]},{"id":13124,"url":"https:\/\/www.jornalja.com.br\/arquivo\/sangue-latino-no-iecine\/","url_meta":{"origin":49707,"position":2},"title":"Sangue latino no IECINE","author":"da Reda\u00e7\u00e3o","date":"18 de maio de 2014","format":false,"excerpt":"Francisco Ribeiro O Instituto Estadual de Cinema (IECINE) tem a frente, desde abril \u00faltimo, um novo diretor, o cineasta colombiano Juan Zapata, 36, que substitui Luiz Alberto Cassol. Radicado h\u00e1 dez anos em Porto Alegre, Zapata tem diante de si o desafio de conduzir at\u00e9 o final do ano um\u2026","rel":"","context":"Em &quot;Cultura-Geral&quot;","block_context":{"text":"Cultura-Geral","link":"https:\/\/www.jornalja.com.br\/arquivo\/category\/materiasecundaria\/"},"img":{"alt_text":"","src":"","width":0,"height":0},"classes":[]},{"id":14241,"url":"https:\/\/www.jornalja.com.br\/arquivo\/o-guaiba-nas-imagens-poeticas-de-achutti\/","url_meta":{"origin":49707,"position":3},"title":"O Gua\u00edba nas imagens po\u00e9ticas de Achutti","author":"da Reda\u00e7\u00e3o","date":"18 de junho de 2014","format":false,"excerpt":"Em \u201cO Gua\u00edba por Achutti\u201d \u2013 obra financiada via Minist\u00e9rio da Cultura, produ\u00e7\u00e3o executiva de Pedro Longhi, e Fl\u00e1vio Wild como designer \u2013, o fot\u00f3grafo revela a beleza e as mazelas de um espa\u00e7o aqu\u00e1tico de \u00e1guas sempre renovadas, cheio de hist\u00f3rias e lendas como as das cidades que foram\u2026","rel":"","context":"Em &quot;Cultura-Geral&quot;","block_context":{"text":"Cultura-Geral","link":"https:\/\/www.jornalja.com.br\/arquivo\/category\/materiasecundaria\/"},"img":{"alt_text":"","src":"","width":0,"height":0},"classes":[]},{"id":13109,"url":"https:\/\/www.jornalja.com.br\/arquivo\/judiciario-reconhece-poluicao-eletromagnetica\/","url_meta":{"origin":49707,"position":4},"title":"Judici\u00e1rio reconhece polui\u00e7\u00e3o eletromagn\u00e9tica","author":"Patr\u00edcia Marini","date":"16 de maio de 2014","format":false,"excerpt":"A\u00e7\u00e3o de duas associa\u00e7\u00f5es de moradores foi acolhida pelo Tribunal de Justi\u00e7a de S\u00e3o Paulo que. em decis\u00e3o in\u00e9dita, determinou a redu\u00e7\u00e3o do campo eletromagn\u00e9tico gerado pelas linhas de transmiss\u00e3o de energia que cortam os bairros City Boa\u00e7ava e Alto de Pinheiros. \u00c9 a primeira vez que um tribunal do\u2026","rel":"","context":"Em &quot;X.Categorias velhas&quot;","block_context":{"text":"X.Categorias velhas","link":"https:\/\/www.jornalja.com.br\/arquivo\/category\/x-categorias-velhas\/"},"img":{"alt_text":"","src":"","width":0,"height":0},"classes":[]},{"id":5440,"url":"https:\/\/www.jornalja.com.br\/arquivo\/casarao-da-venancio-destino-permanece-incerto\/","url_meta":{"origin":49707,"position":5},"title":"Estado ainda n\u00e3o sabe o que fazer com casar\u00e3o abandonado h\u00e1 20 anos","author":"Elmar Bones","date":"6 de julho de 2009","format":false,"excerpt":"O casar\u00e3o amarelo, numa esquina nobre de Porto Alegre (Ven\u00e2ncio Aires com Jo\u00e3o Pessoa), j\u00e1 abrigou uma escola. H\u00e1 duas d\u00e9cadas, pelo menos, est\u00e1 abandonado, porque seu propriet\u00e1rio, o governo do Estado do Rio Grande do Sul, n\u00e3o consegue achar um destino para ele. Planos n\u00e3o faltaram. O governador Ol\u00edvio\u2026","rel":"","context":"Em &quot;X.Categorias velhas&quot;","block_context":{"text":"X.Categorias velhas","link":"https:\/\/www.jornalja.com.br\/arquivo\/category\/x-categorias-velhas\/"},"img":{"alt_text":"geraldo1","src":"https:\/\/i0.wp.com\/www.jornalja.com.br\/wp-content\/uploads\/2009\/07\/geraldo1.jpg?resize=350%2C200&ssl=1","width":350,"height":200},"classes":[]}],"jetpack_shortlink":"https:\/\/wp.me\/pbQjBd-cVJ","jetpack_featured_media_url":"","_links":{"self":[{"href":"https:\/\/www.jornalja.com.br\/arquivo\/wp-json\/wp\/v2\/posts\/49707","targetHints":{"allow":["GET"]}}],"collection":[{"href":"https:\/\/www.jornalja.com.br\/arquivo\/wp-json\/wp\/v2\/posts"}],"about":[{"href":"https:\/\/www.jornalja.com.br\/arquivo\/wp-json\/wp\/v2\/types\/post"}],"author":[{"embeddable":true,"href":"https:\/\/www.jornalja.com.br\/arquivo\/wp-json\/wp\/v2\/users\/4"}],"replies":[{"embeddable":true,"href":"https:\/\/www.jornalja.com.br\/arquivo\/wp-json\/wp\/v2\/comments?post=49707"}],"version-history":[{"count":0,"href":"https:\/\/www.jornalja.com.br\/arquivo\/wp-json\/wp\/v2\/posts\/49707\/revisions"}],"wp:attachment":[{"href":"https:\/\/www.jornalja.com.br\/arquivo\/wp-json\/wp\/v2\/media?parent=49707"}],"wp:term":[{"taxonomy":"category","embeddable":true,"href":"https:\/\/www.jornalja.com.br\/arquivo\/wp-json\/wp\/v2\/categories?post=49707"},{"taxonomy":"post_tag","embeddable":true,"href":"https:\/\/www.jornalja.com.br\/arquivo\/wp-json\/wp\/v2\/tags?post=49707"}],"curies":[{"name":"wp","href":"https:\/\/api.w.org\/{rel}","templated":true}]}}