{"id":49751,"date":"2017-06-08T21:31:25","date_gmt":"2017-06-09T00:31:25","guid":{"rendered":"https:\/\/www.jornalja.com.br\/?p=49751"},"modified":"2017-06-08T21:31:25","modified_gmt":"2017-06-09T00:31:25","slug":"licenciamento-ambiental-e-competencia-da-smams-afirma-secretario","status":"publish","type":"post","link":"https:\/\/www.jornalja.com.br\/arquivo\/licenciamento-ambiental-e-competencia-da-smams-afirma-secretario\/","title":{"rendered":"\u201cLicenciamento ambiental \u00e9 compet\u00eancia da Smams\u201d, afirma secret\u00e1rio"},"content":{"rendered":"<p>Maur\u00edcio Fernandes tomou posse na Secretaria de Meio Ambiente e Sustentabilidade (Smams) 145 dias depois do in\u00edcio do governo de Nelson Marchezan Junior na Prefeitura, que at\u00e9 ent\u00e3o n\u00e3o tinha escolhido o titular. Assumiu j\u00e1 tendo que justificar as tentativas anteriores do Executivo, de extinguir a pasta e de transfer\u00eancia o licenciamento ambiental para outra Secretaria. Porto Alegre foi pioneira no Brasil na municipaliza\u00e7\u00e3o dos licenciamentos.<br \/>\nNesta entrevista, Fernandes garantiu que os licenciamentos ser\u00e3o realizados integralmente pela Smams, com a participa\u00e7\u00e3o de t\u00e9cnicos de outras pastas, e acrescentou que a pol\u00edtica de res\u00edduos s\u00f3lidos ter\u00e1 aten\u00e7\u00e3o especial na sua gest\u00e3o, embora n\u00e3o tenha sido contemplada no Plano de Metas que o prefeito apresentou \u00e0 C\u00e2mara Municipal.<br \/>\nMaur\u00edcio Fernandes \u00e9 formado em Direito pela Unisinos, onde tamb\u00e9m fez mestrado e leciona Direito Ambiental, Municipal, Agr\u00e1rio e Urban\u00edstico. \u00c9 membro da Comiss\u00e3o de Direito Ambiental da OAB-RS. J\u00e1 havia trabalhado como assessor jur\u00eddico na Secretaria de Meio Ambiente entre os anos de 2005 e 2008.<br \/>\n<span class=\"entreperg\">Jornal J\u00e1: Como foi assumir uma pasta que o pr\u00f3prio Executivo prop\u00f4s extinguir?<\/span><br \/>\n<strong>Mauricio Fernandes<\/strong> \u2013 Primeiro \u00e9 importante que se diga que a quest\u00e3o do nome n\u00e3o tem nada a ver com a extin\u00e7\u00e3o da Secretaria e sim com a mudan\u00e7a nas atribui\u00e7\u00f5es. At\u00e9 porque ela \u00e9 hoje do meio ambiente e da sustentabilidade, e esse processo de mudan\u00e7a do nome \u00e9 uma evolu\u00e7\u00e3o da agenda ambiental. Se a gente for olhar a pol\u00edtica nacional de meio ambiente de 1981, em nenhum momento se fala em sustentabilidade. Isso muda em 1992, com a Conferencia Mundial do Rio, a Eco92. Ali, se consolida o conceito de sustentabilidade na agenda ambiental. \u00c9 um processo evolutivo. Quanto a essa aus\u00eancia de titular, isso foi uma decis\u00e3o l\u00e1 do Pa\u00e7o at\u00e9 chegar em um perfil que agradasse o governo. Chegaram no meu nome, eu me coloquei \u00e0 disposi\u00e7\u00e3o, mas a Secretaria em momento algum ficou parada.<br \/>\n<span class=\"entreperg\">As atribui\u00e7\u00f5es da Smams mudaram, comparando com a \u00e9poca em que o senhor trabalhou, de 2005 a 2008?<\/span><br \/>\nMuitos servidores se aposentaram. A equipe foi reduzida. Uma compet\u00eancia nossa \u00e9 o licenciamento ambiental. Essa agenda precisa evoluir. Naquela \u00e9poca n\u00e3o t\u00ednhamos, por exemplo, o roteiro das exig\u00eancias por atividade para o licenciamento. Isso foi implementado, uma lista do que o empreendedor precisava fazer para receber a licen\u00e7a. Al\u00e9m desses requisitos, n\u00f3s precisamos exigir do empreendedor um termo de refer\u00eancia para dizer para ele n\u00e3o apenas o que precisa entregar, mas como precisa entregar. Esse requerimento j\u00e1 pode vir com o roteiro fotogr\u00e1fico, com manual da cabine, como ele opera, com responsabilidade t\u00e9cnica e, com isso, a gente vai qualificar a entrada do processo de licenciamento. Qualificando isso, podemos fazer como a maioria dos \u00f3rg\u00e3os ambientais fazem: conceder a licen\u00e7a a partir dessa primeira an\u00e1lise. Depois vem a fase de monitoramento, a legisla\u00e7\u00e3o ambiental \u00e9 muito r\u00edgida com o respons\u00e1vel t\u00e9cnico, e n\u00f3s temos que reconhecer a sua compet\u00eancia.<br \/>\n<span class=\"entreperg\">A reforma administrativa atribui parte do licenciamento \u00e0 pasta de Desenvolvimento Econ\u00f4mico, como vai funcionar?<\/span><br \/>\nO licenciamento ser\u00e1 feito integralmente pela Smams. O que acontece \u00e9 que Porto Alegre j\u00e1 faz isso h\u00e1 mais de 20 anos,\u00a0temos para algumas atividades um comit\u00ea que analisa conjuntamente, para evitar um desencontro de exig\u00eancias. Por exemplo, a Smams exige a preserva\u00e7\u00e3o de um determinado vegetal, mas a Secretaria do Urbanismo (SMURB) diz que a entrada do ve\u00edculo deve passar por onde se encontra aquele vegetal. Ent\u00e3o vamos eliminar essas incompatibilidades. O segundo ponto \u00e9 a fus\u00e3o entre a Smurb e Smam, criando a Smams: Secretaria do Meio Ambiente e Sustentabilidade. Vamos conseguir pensar a cidade de uma forma s\u00f3, considerando o ambiente natural e o ambiente artificial, atrav\u00e9s do Plano Diretor.<br \/>\n<span class=\"entreperg\">H\u00e1 expectativa com os empreendimentos na Zona Sul, pr\u00f3ximos \u00e0 Zona Rural. H\u00e1 defini\u00e7\u00f5es?<\/span><br \/>\nNa Zona Rural n\u00e3o se tem apelo urban\u00edstico. Onde existe um regime urban\u00edstico que deve ser respeitado, meu limite \u00e9 o Plano Diretor.<br \/>\n<span class=\"entreperg\">A Smams j\u00e1 recebeu demandas do movimento ambientalista?<\/span><br \/>\nO movimento ambiental no Rio Grande do Sul \u00e9 precursor no Brasil e sempre foi caracterizado por um processo de fiscaliza\u00e7\u00e3o que agregou e muito a qualifica\u00e7\u00e3o ambiental. Devemos ter em mente que a agenda ambiental precisa estar em primeiro lugar. Enquanto o meio ambiente for o foco, n\u00f3s conseguiremos avan\u00e7ar. Um grande exemplo foi quando a Borregard foi fechada pelo governo do Estado, gra\u00e7as a um movimento liderado pela Agapan e pelo [Jos\u00e9] Lutzenberger. A Borregard pediu ajuda a ele e at\u00e9 hoje a empresa Vida realiza um trabalho que \u00e9 exemplo mundial. Houve uma agenda construtiva.<br \/>\n<span class=\"entreperg\">Uma constru\u00e7\u00e3o coletiva?<\/span><br \/>\nDesde que o foco seja o interesse p\u00fablico, uma agenda de sustentabilidade.<br \/>\n<span class=\"entreperg\">A\u00a0primeira reuni\u00e3o do ano do Conselho Municipal do Meio Ambiente j\u00e1 tem data?<\/span><br \/>\nAssim que eu receber as indica\u00e7\u00f5es. A convoca\u00e7\u00e3o do Comam foi meu primeiro ato. Estamos esperando as indica\u00e7\u00f5es. Em dezembro foi enviado um oficio para todas entidades, mas poucas responderam. E nesse per\u00edodo de interinidade, esse assunto n\u00e3o teve avan\u00e7o, por isso foi o meu primeiro ato quando entrei aqui. Participei por mais de dez anos do Comam, primeiro como integrante da OAB, depois como vice do secret\u00e1rio do Meio Ambiente, e fui conselheiro do Plano Diretor. O objetivo do Conselho \u00e9 qualificar as pol\u00edticas ambientais.<br \/>\n<span class=\"entreperg\">E com rela\u00e7\u00e3o ao FumPr\u00f3Amb? Quanto h\u00e1 no fundo? H\u00e1 projetos previstos em edital?<\/span><br \/>\nIsso, n\u00f3s criamos l\u00e1 em 2006, antes disso o Comam n\u00e3o participava da decis\u00e3o sobre utiliza\u00e7\u00e3o dos recursos do fundo. \u00c9 uma politica que deve ser mantida. Quanto a valores&#8230; isso depende da Secretaria da Fazenda. N\u00e3o somos n\u00f3s que decidimos isso.<br \/>\n<span class=\"entreperg\">Mas \u00e9 um fundo independente, teria recursos pra deliberar seus projetos&#8230;<\/span><br \/>\nQuem tem autonomia pra liberar recursos \u00e9 a Fazenda. Isso \u00e9 lei or\u00e7ament\u00e1ria. O que a gente pode fazer \u00e9 um or\u00e7amento, a previs\u00e3o or\u00e7ament\u00e1ria.<br \/>\n<span class=\"entreperg\">E quando pretende lan\u00e7ar o edital, que contempla os recursos do fundo?<\/span><br \/>\nDepois da primeira reuni\u00e3o do Comam.<br \/>\n<span class=\"entreperg\">O senhor declarou que a gest\u00e3o de res\u00edduos s\u00f3lidos ser\u00e1 uma prioridade da gest\u00e3o. Mas ficou fora do Programa de Metas do governo municipal.\u00a0<\/span><br \/>\nDefinimos segunda-feira, no Pa\u00e7o, a inclus\u00e3o disso no Prometas. Vou ver com a Secretaria de Rela\u00e7\u00f5es Institucionais de que forma faremos isso.<br \/>\n<span class=\"entreperg\">Como est\u00e3o os servi\u00e7os da Smams, como as zonais?<\/span><br \/>\nA cria\u00e7\u00e3o da Secretaria de Servi\u00e7os Urbanos unificou diversas atividades que eram de\u00a0outros \u00f3rg\u00e3os, como o DEP, o DMLU e a Smams. Por exemplo o servi\u00e7o de poda e capina, antes de responsabilidade da Smams, mudou. A Smams \u00e9 atualmente uma Secretaria que planeja a cidade: a arboriza\u00e7\u00e3o urbana, os parques, as pra\u00e7as, e faz interven\u00e7\u00f5es. Ainda estamos em transi\u00e7\u00e3o. Tudo isso est\u00e1 passando para a Secretaria de Servi\u00e7os Urbanos, mas continua com atua\u00e7\u00e3o da Smams. Cada equipe dessa Secretaria tem um respons\u00e1vel t\u00e9cnico da Smams junto que orienta, e Servi\u00e7os Urbanos executa. A reforma administrativa fortaleceu a Smams porque uniu o Plano Diretor e o Planejamento Ambiental. A gente pode prometer um Plano Diretor mais verde.<br \/>\n<span class=\"entreperg\">Como ser\u00e1 o Programa de Res\u00edduos S\u00f3lidos?<\/span><br \/>\nVamos abordar duas frentes: res\u00edduos de atividades econ\u00f4micas e res\u00edduos dom\u00e9sticos. Enquanto sociedade, precisamos compreender que estamos jogando fora 300 mil reais por dia com a aus\u00eancia da separa\u00e7\u00e3o e da triagem do res\u00edduo recicl\u00e1vel. Outro ponto \u00e9 o res\u00edduo org\u00e2nico: 60% poderia virar adubo, ou seja, estou falando da tripla separa\u00e7\u00e3o, pra que v\u00e1 para o aterro apenas o rejeito. Nenhuma cidade no Brasil faz isso ainda, mas n\u00f3s precisamos enfrentar, discutir. \u00c9 ut\u00f3pico, mas tem que ser o objetivo. Se separ\u00e1ssemos todo lixo recicl\u00e1vel, gerar\u00edamos dois mil empregos e conseguir\u00edamos R$ 300 mil por dia.<br \/>\n<span class=\"entreperg\">Quais os planos para as unidades de conserva\u00e7\u00e3o de Porto Alegre?<\/span><br \/>\nA politica ambiental se d\u00e1 num ambiente de prote\u00e7\u00e3o absoluta, que s\u00e3o as unidades de conserva\u00e7\u00e3o, e devem ser preservadas seguindo o sistema nacional de unidades de conserva\u00e7\u00e3o. A outra politica \u00e9 atrav\u00e9s do uso do solo. N\u00e3o podemos misturar as coisas. O ambiente artificial tem que se dar por uma prote\u00e7\u00e3o dotada de equil\u00edbrio. Nas \u00e1reas n\u00e3o ocupadas, a prote\u00e7\u00e3o ambiental vai se dar restringindo o uso em pontos espec\u00edficos. Nas unidades de conserva\u00e7\u00e3o n\u00e3o \u00e9 permitido o uso.<\/p>\n","protected":false},"excerpt":{"rendered":"<p>Maur\u00edcio Fernandes tomou posse na Secretaria de Meio Ambiente e Sustentabilidade (Smams) 145 dias depois do in\u00edcio do governo de Nelson Marchezan Junior na Prefeitura, que at\u00e9 ent\u00e3o n\u00e3o tinha escolhido o titular. Assumiu j\u00e1 tendo que justificar as tentativas anteriores do Executivo, de extinguir a pasta e de transfer\u00eancia o licenciamento ambiental para outra [&hellip;]<\/p>\n","protected":false},"author":4,"featured_media":49754,"comment_status":"open","ping_status":"closed","sticky":false,"template":"","format":"standard","meta":{"_jetpack_newsletter_access":"","_jetpack_dont_email_post_to_subs":false,"_jetpack_newsletter_tier_id":0,"_jetpack_memberships_contains_paywalled_content":false,"_jetpack_feature_clip_id":0,"_jetpack_memberships_contains_paid_content":false,"footnotes":"","jetpack_post_was_ever_published":false},"categories":[26],"tags":[],"class_list":["post-49751","post","type-post","status-publish","format-standard","has-post-thumbnail","hentry","category-geral"],"aioseo_notices":[],"aioseo_head":"\n\t\t<!-- All in One SEO 5.0.1.1 - aioseo.com -->\n\t<meta name=\"robots\" content=\"max-image-preview:large\" \/>\n\t<meta name=\"author\" content=\"da Reda\u00e7\u00e3o\"\/>\n\t<link rel=\"canonical\" href=\"https:\/\/www.jornalja.com.br\/arquivo\/licenciamento-ambiental-e-competencia-da-smams-afirma-secretario\/\" \/>\n\t<meta name=\"generator\" content=\"All in One SEO (AIOSEO) 5.0.1.1\" \/>\n\t\t<meta property=\"og:locale\" content=\"pt_BR\" \/>\n\t\t<meta property=\"og:site_name\" content=\"Arquivo | Jornal J\u00c1 | Porto Alegre\" \/>\n\t\t<meta property=\"og:type\" content=\"article\" \/>\n\t\t<meta property=\"og:title\" content=\"\u201cLicenciamento ambiental \u00e9 compet\u00eancia da Smams\u201d, afirma secret\u00e1rio | Arquivo\" \/>\n\t\t<meta property=\"og:url\" content=\"https:\/\/www.jornalja.com.br\/arquivo\/licenciamento-ambiental-e-competencia-da-smams-afirma-secretario\/\" \/>\n\t\t<meta property=\"og:image\" content=\"https:\/\/www.jornalja.com.br\/economics\/wp-content\/uploads\/sites\/11\/2026\/08\/ja-folhaderosto-facebook.jpg\" \/>\n\t\t<meta property=\"og:image:secure_url\" content=\"https:\/\/www.jornalja.com.br\/economics\/wp-content\/uploads\/sites\/11\/2026\/08\/ja-folhaderosto-facebook.jpg\" \/>\n\t\t<meta property=\"article:published_time\" content=\"2017-06-09T00:31:25+00:00\" \/>\n\t\t<meta property=\"article:modified_time\" content=\"2017-06-09T00:31:25+00:00\" \/>\n\t\t<meta name=\"twitter:card\" content=\"summary\" \/>\n\t\t<meta name=\"twitter:title\" content=\"\u201cLicenciamento ambiental \u00e9 compet\u00eancia da Smams\u201d, afirma secret\u00e1rio | Arquivo\" \/>\n\t\t<meta name=\"twitter:image\" content=\"https:\/\/www.jornalja.com.br\/economics\/wp-content\/uploads\/sites\/11\/2026\/08\/ja-folhaderosto-facebook.jpg\" \/>\n\t\t<script type=\"application\/ld+json\" class=\"aioseo-schema\">\n\t\t\t{\"@context\":\"https:\\\/\\\/schema.org\",\"@graph\":[{\"@type\":\"BlogPosting\",\"@id\":\"https:\\\/\\\/www.jornalja.com.br\\\/arquivo\\\/licenciamento-ambiental-e-competencia-da-smams-afirma-secretario\\\/#blogposting\",\"name\":\"\\u201cLicenciamento ambiental \\u00e9 compet\\u00eancia da Smams\\u201d, afirma secret\\u00e1rio | Arquivo\",\"headline\":\"\\u201cLicenciamento ambiental \\u00e9 compet\\u00eancia da Smams\\u201d, afirma secret\\u00e1rio\",\"author\":{\"@id\":\"https:\\\/\\\/www.jornalja.com.br\\\/arquivo\\\/author\\\/daredacao\\\/#author\"},\"publisher\":{\"@id\":\"https:\\\/\\\/www.jornalja.com.br\\\/arquivo\\\/#organization\"},\"image\":{\"@type\":\"ImageObject\",\"url\":49754},\"datePublished\":\"2017-06-08T21:31:25-03:00\",\"dateModified\":\"2017-06-08T21:31:25-03:00\",\"inLanguage\":\"pt-BR\",\"mainEntityOfPage\":{\"@id\":\"https:\\\/\\\/www.jornalja.com.br\\\/arquivo\\\/licenciamento-ambiental-e-competencia-da-smams-afirma-secretario\\\/#webpage\"},\"isPartOf\":{\"@id\":\"https:\\\/\\\/www.jornalja.com.br\\\/arquivo\\\/licenciamento-ambiental-e-competencia-da-smams-afirma-secretario\\\/#webpage\"},\"articleSection\":\"Geral\"},{\"@type\":\"BreadcrumbList\",\"@id\":\"https:\\\/\\\/www.jornalja.com.br\\\/arquivo\\\/licenciamento-ambiental-e-competencia-da-smams-afirma-secretario\\\/#breadcrumblist\",\"itemListElement\":[{\"@type\":\"ListItem\",\"@id\":\"https:\\\/\\\/www.jornalja.com.br\\\/arquivo#listItem\",\"position\":1,\"name\":\"Home\",\"item\":\"https:\\\/\\\/www.jornalja.com.br\\\/arquivo\",\"nextItem\":{\"@type\":\"ListItem\",\"@id\":\"https:\\\/\\\/www.jornalja.com.br\\\/arquivo\\\/category\\\/geral\\\/#listItem\",\"name\":\"Geral\"}},{\"@type\":\"ListItem\",\"@id\":\"https:\\\/\\\/www.jornalja.com.br\\\/arquivo\\\/category\\\/geral\\\/#listItem\",\"position\":2,\"name\":\"Geral\",\"item\":\"https:\\\/\\\/www.jornalja.com.br\\\/arquivo\\\/category\\\/geral\\\/\",\"nextItem\":{\"@type\":\"ListItem\",\"@id\":\"https:\\\/\\\/www.jornalja.com.br\\\/arquivo\\\/licenciamento-ambiental-e-competencia-da-smams-afirma-secretario\\\/#listItem\",\"name\":\"\\u201cLicenciamento ambiental \\u00e9 compet\\u00eancia da Smams\\u201d, afirma secret\\u00e1rio\"},\"previousItem\":{\"@type\":\"ListItem\",\"@id\":\"https:\\\/\\\/www.jornalja.com.br\\\/arquivo#listItem\",\"name\":\"Home\"}},{\"@type\":\"ListItem\",\"@id\":\"https:\\\/\\\/www.jornalja.com.br\\\/arquivo\\\/licenciamento-ambiental-e-competencia-da-smams-afirma-secretario\\\/#listItem\",\"position\":3,\"name\":\"\\u201cLicenciamento ambiental \\u00e9 compet\\u00eancia da Smams\\u201d, afirma secret\\u00e1rio\",\"previousItem\":{\"@type\":\"ListItem\",\"@id\":\"https:\\\/\\\/www.jornalja.com.br\\\/arquivo\\\/category\\\/geral\\\/#listItem\",\"name\":\"Geral\"}}]},{\"@type\":\"Organization\",\"@id\":\"https:\\\/\\\/www.jornalja.com.br\\\/arquivo\\\/#organization\",\"name\":\"Jornal J\\u00c1\",\"description\":\"Jornal J\\u00c1 | Porto Alegre\",\"url\":\"https:\\\/\\\/www.jornalja.com.br\\\/arquivo\\\/\",\"telephone\":\"+555133307272\",\"logo\":{\"@type\":\"ImageObject\",\"url\":\"https:\\\/\\\/www.jornalja.com.br\\\/wp-content\\\/uploads\\\/cards\\\/JAslogan.png\",\"@id\":\"https:\\\/\\\/www.jornalja.com.br\\\/arquivo\\\/licenciamento-ambiental-e-competencia-da-smams-afirma-secretario\\\/#organizationLogo\"},\"image\":{\"@id\":\"https:\\\/\\\/www.jornalja.com.br\\\/arquivo\\\/licenciamento-ambiental-e-competencia-da-smams-afirma-secretario\\\/#organizationLogo\"}},{\"@type\":\"Person\",\"@id\":\"https:\\\/\\\/www.jornalja.com.br\\\/arquivo\\\/author\\\/daredacao\\\/#author\",\"url\":\"https:\\\/\\\/www.jornalja.com.br\\\/arquivo\\\/author\\\/daredacao\\\/\",\"name\":\"da Reda\\u00e7\\u00e3o\",\"image\":{\"@type\":\"ImageObject\",\"@id\":\"https:\\\/\\\/www.jornalja.com.br\\\/arquivo\\\/licenciamento-ambiental-e-competencia-da-smams-afirma-secretario\\\/#authorImage\",\"url\":\"https:\\\/\\\/secure.gravatar.com\\\/avatar\\\/469fd857d6605ad19919d27ed29d35a968a25f6e8fd9318356bbb7f57aae9c65?s=96&d=mm&r=g\",\"width\":96,\"height\":96,\"caption\":\"da Reda\\u00e7\\u00e3o\"}},{\"@type\":\"WebPage\",\"@id\":\"https:\\\/\\\/www.jornalja.com.br\\\/arquivo\\\/licenciamento-ambiental-e-competencia-da-smams-afirma-secretario\\\/#webpage\",\"url\":\"https:\\\/\\\/www.jornalja.com.br\\\/arquivo\\\/licenciamento-ambiental-e-competencia-da-smams-afirma-secretario\\\/\",\"name\":\"\\u201cLicenciamento ambiental \\u00e9 compet\\u00eancia da Smams\\u201d, afirma secret\\u00e1rio | Arquivo\",\"inLanguage\":\"pt-BR\",\"isPartOf\":{\"@id\":\"https:\\\/\\\/www.jornalja.com.br\\\/arquivo\\\/#website\"},\"breadcrumb\":{\"@id\":\"https:\\\/\\\/www.jornalja.com.br\\\/arquivo\\\/licenciamento-ambiental-e-competencia-da-smams-afirma-secretario\\\/#breadcrumblist\"},\"author\":{\"@id\":\"https:\\\/\\\/www.jornalja.com.br\\\/arquivo\\\/author\\\/daredacao\\\/#author\"},\"creator\":{\"@id\":\"https:\\\/\\\/www.jornalja.com.br\\\/arquivo\\\/author\\\/daredacao\\\/#author\"},\"image\":{\"@type\":\"ImageObject\",\"url\":49754,\"@id\":\"https:\\\/\\\/www.jornalja.com.br\\\/arquivo\\\/licenciamento-ambiental-e-competencia-da-smams-afirma-secretario\\\/#mainImage\"},\"primaryImageOfPage\":{\"@id\":\"https:\\\/\\\/www.jornalja.com.br\\\/arquivo\\\/licenciamento-ambiental-e-competencia-da-smams-afirma-secretario\\\/#mainImage\"},\"datePublished\":\"2017-06-08T21:31:25-03:00\",\"dateModified\":\"2017-06-08T21:31:25-03:00\"},{\"@type\":\"WebSite\",\"@id\":\"https:\\\/\\\/www.jornalja.com.br\\\/arquivo\\\/#website\",\"url\":\"https:\\\/\\\/www.jornalja.com.br\\\/arquivo\\\/\",\"name\":\"Arquivo\",\"description\":\"Jornal J\\u00c1 | Porto Alegre\",\"inLanguage\":\"pt-BR\",\"publisher\":{\"@id\":\"https:\\\/\\\/www.jornalja.com.br\\\/arquivo\\\/#organization\"}}]}\n\t\t<\/script>\n\t\t<!-- All in One SEO -->\n\n","aioseo_head_json":{"title":"\u201cLicenciamento ambiental \u00e9 compet\u00eancia da Smams\u201d, afirma secret\u00e1rio | Arquivo","description":"","canonical_url":"https:\/\/www.jornalja.com.br\/arquivo\/licenciamento-ambiental-e-competencia-da-smams-afirma-secretario\/","robots":"max-image-preview:large","keywords":"","webmasterTools":{"miscellaneous":""},"schema":{"@context":"https:\/\/schema.org","@graph":[{"@type":"BlogPosting","@id":"https:\/\/www.jornalja.com.br\/arquivo\/licenciamento-ambiental-e-competencia-da-smams-afirma-secretario\/#blogposting","name":"\u201cLicenciamento ambiental \u00e9 compet\u00eancia da Smams\u201d, afirma secret\u00e1rio | Arquivo","headline":"\u201cLicenciamento ambiental \u00e9 compet\u00eancia da Smams\u201d, afirma secret\u00e1rio","author":{"@id":"https:\/\/www.jornalja.com.br\/arquivo\/author\/daredacao\/#author"},"publisher":{"@id":"https:\/\/www.jornalja.com.br\/arquivo\/#organization"},"image":{"@type":"ImageObject","url":49754},"datePublished":"2017-06-08T21:31:25-03:00","dateModified":"2017-06-08T21:31:25-03:00","inLanguage":"pt-BR","mainEntityOfPage":{"@id":"https:\/\/www.jornalja.com.br\/arquivo\/licenciamento-ambiental-e-competencia-da-smams-afirma-secretario\/#webpage"},"isPartOf":{"@id":"https:\/\/www.jornalja.com.br\/arquivo\/licenciamento-ambiental-e-competencia-da-smams-afirma-secretario\/#webpage"},"articleSection":"Geral"},{"@type":"BreadcrumbList","@id":"https:\/\/www.jornalja.com.br\/arquivo\/licenciamento-ambiental-e-competencia-da-smams-afirma-secretario\/#breadcrumblist","itemListElement":[{"@type":"ListItem","@id":"https:\/\/www.jornalja.com.br\/arquivo#listItem","position":1,"name":"Home","item":"https:\/\/www.jornalja.com.br\/arquivo","nextItem":{"@type":"ListItem","@id":"https:\/\/www.jornalja.com.br\/arquivo\/category\/geral\/#listItem","name":"Geral"}},{"@type":"ListItem","@id":"https:\/\/www.jornalja.com.br\/arquivo\/category\/geral\/#listItem","position":2,"name":"Geral","item":"https:\/\/www.jornalja.com.br\/arquivo\/category\/geral\/","nextItem":{"@type":"ListItem","@id":"https:\/\/www.jornalja.com.br\/arquivo\/licenciamento-ambiental-e-competencia-da-smams-afirma-secretario\/#listItem","name":"\u201cLicenciamento ambiental \u00e9 compet\u00eancia da Smams\u201d, afirma secret\u00e1rio"},"previousItem":{"@type":"ListItem","@id":"https:\/\/www.jornalja.com.br\/arquivo#listItem","name":"Home"}},{"@type":"ListItem","@id":"https:\/\/www.jornalja.com.br\/arquivo\/licenciamento-ambiental-e-competencia-da-smams-afirma-secretario\/#listItem","position":3,"name":"\u201cLicenciamento ambiental \u00e9 compet\u00eancia da Smams\u201d, afirma secret\u00e1rio","previousItem":{"@type":"ListItem","@id":"https:\/\/www.jornalja.com.br\/arquivo\/category\/geral\/#listItem","name":"Geral"}}]},{"@type":"Organization","@id":"https:\/\/www.jornalja.com.br\/arquivo\/#organization","name":"Jornal J\u00c1","description":"Jornal J\u00c1 | Porto Alegre","url":"https:\/\/www.jornalja.com.br\/arquivo\/","telephone":"+555133307272","logo":{"@type":"ImageObject","url":"https:\/\/www.jornalja.com.br\/wp-content\/uploads\/cards\/JAslogan.png","@id":"https:\/\/www.jornalja.com.br\/arquivo\/licenciamento-ambiental-e-competencia-da-smams-afirma-secretario\/#organizationLogo"},"image":{"@id":"https:\/\/www.jornalja.com.br\/arquivo\/licenciamento-ambiental-e-competencia-da-smams-afirma-secretario\/#organizationLogo"}},{"@type":"Person","@id":"https:\/\/www.jornalja.com.br\/arquivo\/author\/daredacao\/#author","url":"https:\/\/www.jornalja.com.br\/arquivo\/author\/daredacao\/","name":"da Reda\u00e7\u00e3o","image":{"@type":"ImageObject","@id":"https:\/\/www.jornalja.com.br\/arquivo\/licenciamento-ambiental-e-competencia-da-smams-afirma-secretario\/#authorImage","url":"https:\/\/secure.gravatar.com\/avatar\/469fd857d6605ad19919d27ed29d35a968a25f6e8fd9318356bbb7f57aae9c65?s=96&d=mm&r=g","width":96,"height":96,"caption":"da Reda\u00e7\u00e3o"}},{"@type":"WebPage","@id":"https:\/\/www.jornalja.com.br\/arquivo\/licenciamento-ambiental-e-competencia-da-smams-afirma-secretario\/#webpage","url":"https:\/\/www.jornalja.com.br\/arquivo\/licenciamento-ambiental-e-competencia-da-smams-afirma-secretario\/","name":"\u201cLicenciamento ambiental \u00e9 compet\u00eancia da Smams\u201d, afirma secret\u00e1rio | Arquivo","inLanguage":"pt-BR","isPartOf":{"@id":"https:\/\/www.jornalja.com.br\/arquivo\/#website"},"breadcrumb":{"@id":"https:\/\/www.jornalja.com.br\/arquivo\/licenciamento-ambiental-e-competencia-da-smams-afirma-secretario\/#breadcrumblist"},"author":{"@id":"https:\/\/www.jornalja.com.br\/arquivo\/author\/daredacao\/#author"},"creator":{"@id":"https:\/\/www.jornalja.com.br\/arquivo\/author\/daredacao\/#author"},"image":{"@type":"ImageObject","url":49754,"@id":"https:\/\/www.jornalja.com.br\/arquivo\/licenciamento-ambiental-e-competencia-da-smams-afirma-secretario\/#mainImage"},"primaryImageOfPage":{"@id":"https:\/\/www.jornalja.com.br\/arquivo\/licenciamento-ambiental-e-competencia-da-smams-afirma-secretario\/#mainImage"},"datePublished":"2017-06-08T21:31:25-03:00","dateModified":"2017-06-08T21:31:25-03:00"},{"@type":"WebSite","@id":"https:\/\/www.jornalja.com.br\/arquivo\/#website","url":"https:\/\/www.jornalja.com.br\/arquivo\/","name":"Arquivo","description":"Jornal J\u00c1 | Porto Alegre","inLanguage":"pt-BR","publisher":{"@id":"https:\/\/www.jornalja.com.br\/arquivo\/#organization"}}]},"og:locale":"pt_BR","og:site_name":"Arquivo | Jornal J\u00c1 | Porto Alegre","og:type":"article","og:title":"\u201cLicenciamento ambiental \u00e9 compet\u00eancia da Smams\u201d, afirma secret\u00e1rio | Arquivo","og:url":"https:\/\/www.jornalja.com.br\/arquivo\/licenciamento-ambiental-e-competencia-da-smams-afirma-secretario\/","og:image":"https:\/\/www.jornalja.com.br\/economics\/wp-content\/uploads\/sites\/11\/2026\/08\/ja-folhaderosto-facebook.jpg","og:image:secure_url":"https:\/\/www.jornalja.com.br\/economics\/wp-content\/uploads\/sites\/11\/2026\/08\/ja-folhaderosto-facebook.jpg","article:published_time":"2017-06-09T00:31:25+00:00","article:modified_time":"2017-06-09T00:31:25+00:00","twitter:card":"summary","twitter:title":"\u201cLicenciamento ambiental \u00e9 compet\u00eancia da Smams\u201d, afirma secret\u00e1rio | Arquivo","twitter:image":"https:\/\/www.jornalja.com.br\/economics\/wp-content\/uploads\/sites\/11\/2026\/08\/ja-folhaderosto-facebook.jpg"},"aioseo_meta_data":{"post_id":"49751","title":null,"description":null,"keywords":null,"keyphrases":null,"primary_term":null,"canonical_url":null,"og_title":null,"og_description":null,"og_object_type":"default","og_image_type":"default","og_image_url":null,"og_image_width":null,"og_image_height":null,"og_image_custom_url":null,"og_image_custom_fields":null,"og_video":null,"og_custom_url":null,"og_article_section":null,"og_article_tags":null,"twitter_use_og":false,"twitter_card":"default","twitter_image_type":"default","twitter_image_url":null,"twitter_image_custom_url":null,"twitter_image_custom_fields":null,"twitter_title":null,"twitter_description":null,"schema":{"blockGraphs":[],"customGraphs":[],"default":{"data":{"Article":[],"Course":[],"Dataset":[],"FAQPage":[],"Movie":[],"Person":[],"Product":[],"ProductReview":[],"Car":[],"Recipe":[],"Service":[],"SoftwareApplication":[],"WebPage":[]},"graphName":"","isEnabled":true},"graphs":[]},"schema_type":null,"schema_type_options":null,"pillar_content":false,"robots_default":true,"robots_noindex":false,"robots_noarchive":false,"robots_nosnippet":false,"robots_nofollow":false,"robots_noimageindex":false,"robots_noodp":false,"robots_notranslate":false,"robots_max_snippet":null,"robots_max_videopreview":null,"robots_max_imagepreview":"large","priority":null,"frequency":null,"location":null,"local_seo":null,"breadcrumb_settings":null,"limit_modified_date":false,"ai":null,"created":"2020-12-20 20:32:48","updated":"2025-07-19 22:01:57","seo_analyzer_scan_date":null,"focus_keyword":null,"additional_keywords":null,"truseo_locale":null},"jetpack_sharing_enabled":true,"jetpack-related-posts":[{"id":13101,"url":"https:\/\/www.jornalja.com.br\/arquivo\/morre-um-guerreiro-do-texto\/","url_meta":{"origin":49751,"position":0},"title":"Morre um guerreiro do texto","author":"Patr\u00edcia Marini","date":"14 de maio de 2014","format":false,"excerpt":"Por Ricardo Kotscho Reproduzido do blog do autor, 11\/5\/2014; t\u00edtulo original \u201cE l\u00e1 se foi o nosso Myltainho, guerreiro do texto\u201d. Mi\u00fado e franzino, meu amigo Myltainho era um valente e inconformado guerreiro na luta contra as injusti\u00e7as sociais, a hipocrisia, as maracutaias, o autoritarismo, a intoler\u00e2ncia, a viol\u00eancia, o\u2026","rel":"","context":"Em &quot;Geral&quot;","block_context":{"text":"Geral","link":"https:\/\/www.jornalja.com.br\/arquivo\/category\/geral\/"},"img":{"alt_text":"","src":"","width":0,"height":0},"classes":[]},{"id":13240,"url":"https:\/\/www.jornalja.com.br\/arquivo\/plano-diretor-estamos-construindo-o-caos\/","url_meta":{"origin":49751,"position":1},"title":"Plano diretor: &quot;Estamos construindo o caos&quot;","author":"Patr\u00edcia Marini","date":"26 de maio de 2014","format":false,"excerpt":"Desabafo que arquiteta Eliana Castilhos, delegada da Regi\u00e3o de Planejamento 1, postou nas redes sociais \u00e9 um testemunho do ambiente que se criou no Conselho do Plano Diretor de Porto Alegre, onde a aprova\u00e7\u00e3o de grandes empreendimentos \u00e9 empurrada guela abaixo dos conselheiros. Ao CMDUA Como delegada da Regi\u00e3o de\u2026","rel":"","context":"Em &quot;Geral&quot;","block_context":{"text":"Geral","link":"https:\/\/www.jornalja.com.br\/arquivo\/category\/geral\/"},"img":{"alt_text":"","src":"","width":0,"height":0},"classes":[]},{"id":5440,"url":"https:\/\/www.jornalja.com.br\/arquivo\/casarao-da-venancio-destino-permanece-incerto\/","url_meta":{"origin":49751,"position":2},"title":"Estado ainda n\u00e3o sabe o que fazer com casar\u00e3o abandonado h\u00e1 20 anos","author":"Elmar Bones","date":"6 de julho de 2009","format":false,"excerpt":"O casar\u00e3o amarelo, numa esquina nobre de Porto Alegre (Ven\u00e2ncio Aires com Jo\u00e3o Pessoa), j\u00e1 abrigou uma escola. H\u00e1 duas d\u00e9cadas, pelo menos, est\u00e1 abandonado, porque seu propriet\u00e1rio, o governo do Estado do Rio Grande do Sul, n\u00e3o consegue achar um destino para ele. Planos n\u00e3o faltaram. O governador Ol\u00edvio\u2026","rel":"","context":"Em &quot;X.Categorias velhas&quot;","block_context":{"text":"X.Categorias velhas","link":"https:\/\/www.jornalja.com.br\/arquivo\/category\/x-categorias-velhas\/"},"img":{"alt_text":"geraldo1","src":"https:\/\/i0.wp.com\/www.jornalja.com.br\/wp-content\/uploads\/2009\/07\/geraldo1.jpg?resize=350%2C200&ssl=1","width":350,"height":200},"classes":[]},{"id":13128,"url":"https:\/\/www.jornalja.com.br\/arquivo\/maconha-terra-diz-que-uso-medicinal-e-desculpa\/","url_meta":{"origin":49751,"position":3},"title":"Maconha: Terra diz que uso medicinal \u00e9 desculpa","author":"Patr\u00edcia Marini","date":"4 de junho de 2014","format":false,"excerpt":"A condi\u00e7\u00e3o de pol\u00edtico, em \u00e9poca de campanha de campanha eleitoral, tira for\u00e7a do discurso do m\u00e9dico Osmar Terra contra a legaliza\u00e7\u00e3o da maconha. A tese dele de que a libera\u00e7\u00e3o vai ampliar exponencialmente o consumo \u00e9 discutivel, o consumo \u00e9 corrente. Mas seus alertas quanto aos riscos tem que\u2026","rel":"","context":"Em &quot;X.Categorias velhas&quot;","block_context":{"text":"X.Categorias velhas","link":"https:\/\/www.jornalja.com.br\/arquivo\/category\/x-categorias-velhas\/"},"img":{"alt_text":"","src":"","width":0,"height":0},"classes":[]},{"id":13124,"url":"https:\/\/www.jornalja.com.br\/arquivo\/sangue-latino-no-iecine\/","url_meta":{"origin":49751,"position":4},"title":"Sangue latino no IECINE","author":"da Reda\u00e7\u00e3o","date":"18 de maio de 2014","format":false,"excerpt":"Francisco Ribeiro O Instituto Estadual de Cinema (IECINE) tem a frente, desde abril \u00faltimo, um novo diretor, o cineasta colombiano Juan Zapata, 36, que substitui Luiz Alberto Cassol. Radicado h\u00e1 dez anos em Porto Alegre, Zapata tem diante de si o desafio de conduzir at\u00e9 o final do ano um\u2026","rel":"","context":"Em &quot;Cultura-Geral&quot;","block_context":{"text":"Cultura-Geral","link":"https:\/\/www.jornalja.com.br\/arquivo\/category\/materiasecundaria\/"},"img":{"alt_text":"","src":"","width":0,"height":0},"classes":[]},{"id":14241,"url":"https:\/\/www.jornalja.com.br\/arquivo\/o-guaiba-nas-imagens-poeticas-de-achutti\/","url_meta":{"origin":49751,"position":5},"title":"O Gua\u00edba nas imagens po\u00e9ticas de Achutti","author":"da Reda\u00e7\u00e3o","date":"18 de junho de 2014","format":false,"excerpt":"Em \u201cO Gua\u00edba por Achutti\u201d \u2013 obra financiada via Minist\u00e9rio da Cultura, produ\u00e7\u00e3o executiva de Pedro Longhi, e Fl\u00e1vio Wild como designer \u2013, o fot\u00f3grafo revela a beleza e as mazelas de um espa\u00e7o aqu\u00e1tico de \u00e1guas sempre renovadas, cheio de hist\u00f3rias e lendas como as das cidades que foram\u2026","rel":"","context":"Em &quot;Cultura-Geral&quot;","block_context":{"text":"Cultura-Geral","link":"https:\/\/www.jornalja.com.br\/arquivo\/category\/materiasecundaria\/"},"img":{"alt_text":"","src":"","width":0,"height":0},"classes":[]}],"jetpack_shortlink":"https:\/\/wp.me\/pbQjBd-cWr","jetpack_featured_media_url":"","_links":{"self":[{"href":"https:\/\/www.jornalja.com.br\/arquivo\/wp-json\/wp\/v2\/posts\/49751","targetHints":{"allow":["GET"]}}],"collection":[{"href":"https:\/\/www.jornalja.com.br\/arquivo\/wp-json\/wp\/v2\/posts"}],"about":[{"href":"https:\/\/www.jornalja.com.br\/arquivo\/wp-json\/wp\/v2\/types\/post"}],"author":[{"embeddable":true,"href":"https:\/\/www.jornalja.com.br\/arquivo\/wp-json\/wp\/v2\/users\/4"}],"replies":[{"embeddable":true,"href":"https:\/\/www.jornalja.com.br\/arquivo\/wp-json\/wp\/v2\/comments?post=49751"}],"version-history":[{"count":0,"href":"https:\/\/www.jornalja.com.br\/arquivo\/wp-json\/wp\/v2\/posts\/49751\/revisions"}],"wp:attachment":[{"href":"https:\/\/www.jornalja.com.br\/arquivo\/wp-json\/wp\/v2\/media?parent=49751"}],"wp:term":[{"taxonomy":"category","embeddable":true,"href":"https:\/\/www.jornalja.com.br\/arquivo\/wp-json\/wp\/v2\/categories?post=49751"},{"taxonomy":"post_tag","embeddable":true,"href":"https:\/\/www.jornalja.com.br\/arquivo\/wp-json\/wp\/v2\/tags?post=49751"}],"curies":[{"name":"wp","href":"https:\/\/api.w.org\/{rel}","templated":true}]}}