{"id":49764,"date":"2017-06-09T10:55:38","date_gmt":"2017-06-09T13:55:38","guid":{"rendered":"https:\/\/www.jornalja.com.br\/?p=49764"},"modified":"2017-06-09T10:55:38","modified_gmt":"2017-06-09T13:55:38","slug":"tragedia-da-kiss-justica-conclui-duas-acoes-contra-familiares","status":"publish","type":"post","link":"https:\/\/www.jornalja.com.br\/arquivo\/tragedia-da-kiss-justica-conclui-duas-acoes-contra-familiares\/","title":{"rendered":"Trag\u00e9dia da Kiss: Justi\u00e7a concluir\u00e1 em breve a\u00e7\u00f5es contra familiares de v\u00edtimas"},"content":{"rendered":"<p><span class=\"assina\">Tiago Baltz*<\/span><br \/>\nA Justi\u00e7a pode divulgar a qualquer momento as decis\u00f5es de dois processos movidos pelo Minist\u00e9rio P\u00fablico Estadual contra familiares de v\u00edtimas da trag\u00e9dia da Boate Kiss, em Santa Maria.<br \/>\nO processo principal, com quatro r\u00e9us que respondem por 242 mortes ocorridas em janeiro de 2013, ainda vai demorar, pois h\u00e1 recursos em tramita\u00e7\u00e3o no Tribunal de Justi\u00e7a ga\u00facho.<br \/>\nUm dos processos contra um familiar de v\u00edtima \u00e9 contra o diretor jur\u00eddico da Associa\u00e7\u00e3o de Familiares de V\u00edtimas e Sobreviventes da Trag\u00e9dia de Santa Maria (AVTSM). Paulo Carvalho, pai de Rafael Paulo Nunes de Carvalho, morto aos 32 anos. Carvalho responde por cal\u00fania e difama\u00e7\u00e3o em a\u00e7\u00e3o ajuizada pelos promotores Joel Dutra e Maur\u00edcio Trevisan.<br \/>\nAs acusa\u00e7\u00f5es t\u00eam por base dois artigos de Carvalho publicados em jornal de Santa Maria e uma publica\u00e7\u00e3o feita em sua p\u00e1gina no Facebook, com cr\u00edticas \u00e0 atua\u00e7\u00e3o dos promotores no caso. O processo corre na 2\u00aa Vara Criminal de Santa Maria.<br \/>\nPaulo considera o processo um absurdo, diz que \u00e9 uma tentativa do MP de intimidar os pais e esconder suas falhas. \u201cO resultado n\u00e3o importa, no sentido de que tenho consci\u00eancia de que n\u00e3o ofendi ningu\u00e9m. Falei que os promotores foram corporativistas, falei o que todo mundo sabia. De uma forma vergonhosa, querem intimidar os pais. \u00c9 uma situa\u00e7\u00e3o tr\u00e1gica por si s\u00f3. Perdi meu filho e respondo criminalmente por me posicionar\u201d.<br \/>\nTodas as testemunhas j\u00e1 foram ouvidas e as alega\u00e7\u00f5es finais da acusa\u00e7\u00e3o e da defesa j\u00e1 foram apresentados. O processo est\u00e1 concluso desde o dia 22 de maio para despacho do juiz Leandro Augusto Sassi, titular da 4\u00aa Vara Criminal de Santa Maria.<br \/>\nA outra a\u00e7\u00e3o \u00e9 contra Ir\u00e1 Mour\u00e3o Beuren, m\u00e3e de Silvio Beuren Junior, que morreu na trag\u00e9dia aos 31 anos. O processo,\u00a0concluso desde o dia 2 de junho, est\u00e1 com o juiz Carlos Alberto Ely Fontela, da 3\u00aa Vara C\u00edvel de Santa Maria.<br \/>\n<figure id=\"attachment_49767\" aria-describedby=\"caption-attachment-49767\" style=\"width: 285px\" class=\"wp-caption alignleft\"><img loading=\"lazy\" decoding=\"async\" class=\"wp-image-49767 size-full\" src=\"https:\/\/www.jornalja.com.br\/wp-content\/uploads\/2017\/06\/kiss-luiz.jpg\" alt=\"\" width=\"285\" height=\"214\" \/><figcaption id=\"caption-attachment-49767\" class=\"wp-caption-text\">Marta perdeu o filho de 31 anos na trag\u00e9dia\/ Arquivo Pessoal<\/figcaption><\/figure><br \/>\nMarta, como \u00e9 conhecida, responde a processo c\u00edvel por inj\u00faria, difama\u00e7\u00e3o e falsidade ideol\u00f3gica, por um artigo publicado em um jornal de Santa Maria, em seis de maio de 2015. Ela \u00e9 processada pelo promotor aposentado Jo\u00e3o Marcos Adede y Castro e pelo filho dele, o advogado Ricardo Lu\u00eds Schultz Adede Y Castro.<br \/>\nOs autores do processo alegam que o texto opinativo foi ofensivo e calunioso, al\u00e9m de defenderem que o fato de ela ter usado um nome diferente \u201c\u00e9 uma clara tentativa de se esconder\u201d.<br \/>\nNesse processo c\u00edvel, a acusa\u00e7\u00e3o pede uma repara\u00e7\u00e3o financeira da m\u00e3e, o chamado dano moral, e que a senten\u00e7a seja publicada nos mesmos meios em que saiu o artigo que originou a a\u00e7\u00e3o, o jornal e o Facebook. A r\u00e9 \u00e9 defendida pela advogada Patr\u00edcia Michelon. \u201c\u00c9 um absurdo a forma como o MP se posicionou contra pais de v\u00edtimas, esperamos que a Justi\u00e7a seja razo\u00e1vel e n\u00e3o haja condena\u00e7\u00e3o\u201d, coloca a representante da m\u00e3e acusada.<br \/>\n<strong>Outros pais respondem por cal\u00fania e difama\u00e7\u00e3o<\/strong><br \/>\nEm outro processo, os pais Fl\u00e1vio Jos\u00e9 da Silva, vice-presidente da AVTSM, e S\u00e9rgio da Silva, presidente da AVTSM, s\u00e3o acusados de cal\u00fania pelo promotor Ricardo Lozza. A a\u00e7\u00e3o tramita na 4\u00aa Vara Criminal de Santa Maria.<br \/>\nNo processo, Fl\u00e1vio requereu a chamada \u201cexce\u00e7\u00e3o da verdade\u201d. Defendido pelo advogado Pedro Barcellos Jr, ele tenta provar que n\u00e3o caluniou o promotor ao dizer que o Minist\u00e9rio P\u00fablico sabia que a Boate Kiss funcionava em situa\u00e7\u00e3o irregular. Esse incidente processual est\u00e1 sendo julgado pelo \u00d3rg\u00e3o Especial do Tribunal Pleno, do Tribunal de Justi\u00e7a do Estado (TJ\/RS), em Porto Alegre.<br \/>\nFl\u00e1vio \u00e9 pai de Andrielle, que morreu na boate aos 22 anos. Se o TJ\/RS considerar que Fl\u00e1vio n\u00e3o mentiu, o processo principal por cal\u00fania perde sentido na 4\u00aa Vara Criminal de Santa Maria. Em caso contr\u00e1rio, a a\u00e7\u00e3o seguir\u00e1 normalmente em Santa Maria. Sergio \u00e9 o outro pai processado por cal\u00fania na mesma a\u00e7\u00e3o.<br \/>\nA \u201cexce\u00e7\u00e3o da verdade\u201d come\u00e7ou a ser julgada no dia 22 de maio, em Porto Alegre, mas a sess\u00e3o foi suspensa, ap\u00f3s o voto de 20 desembargadores e um pedido de vista. No placar, 20 a zero contra Fl\u00e1vio. Falta o voto de dois magistrados, os desembargadores Rui Portanova e Gelson Rolim Stocker.<br \/>\n<em>*Com informa\u00e7\u00f5es da assessoria da AVTSM<\/em><\/p>\n","protected":false},"excerpt":{"rendered":"<p>Tiago Baltz* A Justi\u00e7a pode divulgar a qualquer momento as decis\u00f5es de dois processos movidos pelo Minist\u00e9rio P\u00fablico Estadual contra familiares de v\u00edtimas da trag\u00e9dia da Boate Kiss, em Santa Maria. O processo principal, com quatro r\u00e9us que respondem por 242 mortes ocorridas em janeiro de 2013, ainda vai demorar, pois h\u00e1 recursos em tramita\u00e7\u00e3o [&hellip;]<\/p>\n","protected":false},"author":4,"featured_media":49765,"comment_status":"open","ping_status":"closed","sticky":false,"template":"","format":"standard","meta":{"_jetpack_newsletter_access":"","_jetpack_dont_email_post_to_subs":false,"_jetpack_newsletter_tier_id":0,"_jetpack_memberships_contains_paywalled_content":false,"_jetpack_feature_clip_id":0,"_jetpack_memberships_contains_paid_content":false,"footnotes":"","jetpack_post_was_ever_published":false},"categories":[26],"tags":[2025,2026],"class_list":["post-49764","post","type-post","status-publish","format-standard","has-post-thumbnail","hentry","category-geral","tag-kiss","tag-tragedia-kiss"],"aioseo_notices":[],"aioseo_head":"\n\t\t<!-- All in One SEO 5.0.1.1 - aioseo.com -->\n\t<meta name=\"robots\" content=\"max-image-preview:large\" \/>\n\t<meta name=\"author\" content=\"da Reda\u00e7\u00e3o\"\/>\n\t<link rel=\"canonical\" href=\"https:\/\/www.jornalja.com.br\/arquivo\/tragedia-da-kiss-justica-conclui-duas-acoes-contra-familiares\/\" \/>\n\t<meta name=\"generator\" content=\"All in One SEO (AIOSEO) 5.0.1.1\" \/>\n\t\t<meta property=\"og:locale\" content=\"pt_BR\" \/>\n\t\t<meta property=\"og:site_name\" content=\"Arquivo | Jornal J\u00c1 | Porto Alegre\" \/>\n\t\t<meta property=\"og:type\" content=\"article\" \/>\n\t\t<meta property=\"og:title\" content=\"Trag\u00e9dia da Kiss: Justi\u00e7a concluir\u00e1 em breve a\u00e7\u00f5es contra familiares de v\u00edtimas | Arquivo\" \/>\n\t\t<meta property=\"og:url\" content=\"https:\/\/www.jornalja.com.br\/arquivo\/tragedia-da-kiss-justica-conclui-duas-acoes-contra-familiares\/\" \/>\n\t\t<meta property=\"og:image\" content=\"https:\/\/www.jornalja.com.br\/wp-content\/uploads\/2017\/06\/kiss-luiz.jpg\" \/>\n\t\t<meta property=\"og:image:secure_url\" content=\"https:\/\/www.jornalja.com.br\/wp-content\/uploads\/2017\/06\/kiss-luiz.jpg\" \/>\n\t\t<meta property=\"article:published_time\" content=\"2017-06-09T13:55:38+00:00\" \/>\n\t\t<meta property=\"article:modified_time\" content=\"2017-06-09T13:55:38+00:00\" \/>\n\t\t<meta name=\"twitter:card\" content=\"summary\" \/>\n\t\t<meta name=\"twitter:title\" content=\"Trag\u00e9dia da Kiss: Justi\u00e7a concluir\u00e1 em breve a\u00e7\u00f5es contra familiares de v\u00edtimas | Arquivo\" \/>\n\t\t<meta name=\"twitter:image\" content=\"https:\/\/www.jornalja.com.br\/economics\/wp-content\/uploads\/sites\/11\/2026\/08\/ja-folhaderosto-facebook.jpg\" \/>\n\t\t<script type=\"application\/ld+json\" class=\"aioseo-schema\">\n\t\t\t{\"@context\":\"https:\\\/\\\/schema.org\",\"@graph\":[{\"@type\":\"BlogPosting\",\"@id\":\"https:\\\/\\\/www.jornalja.com.br\\\/arquivo\\\/tragedia-da-kiss-justica-conclui-duas-acoes-contra-familiares\\\/#blogposting\",\"name\":\"Trag\\u00e9dia da Kiss: Justi\\u00e7a concluir\\u00e1 em breve a\\u00e7\\u00f5es contra familiares de v\\u00edtimas | Arquivo\",\"headline\":\"Trag\\u00e9dia da Kiss: Justi\\u00e7a concluir\\u00e1 em breve a\\u00e7\\u00f5es contra familiares de v\\u00edtimas\",\"author\":{\"@id\":\"https:\\\/\\\/www.jornalja.com.br\\\/arquivo\\\/author\\\/daredacao\\\/#author\"},\"publisher\":{\"@id\":\"https:\\\/\\\/www.jornalja.com.br\\\/arquivo\\\/#organization\"},\"image\":{\"@type\":\"ImageObject\",\"url\":49765},\"datePublished\":\"2017-06-09T10:55:38-03:00\",\"dateModified\":\"2017-06-09T10:55:38-03:00\",\"inLanguage\":\"pt-BR\",\"mainEntityOfPage\":{\"@id\":\"https:\\\/\\\/www.jornalja.com.br\\\/arquivo\\\/tragedia-da-kiss-justica-conclui-duas-acoes-contra-familiares\\\/#webpage\"},\"isPartOf\":{\"@id\":\"https:\\\/\\\/www.jornalja.com.br\\\/arquivo\\\/tragedia-da-kiss-justica-conclui-duas-acoes-contra-familiares\\\/#webpage\"},\"articleSection\":\"Geral, Kiss, trag\\u00e9dia Kiss\"},{\"@type\":\"BreadcrumbList\",\"@id\":\"https:\\\/\\\/www.jornalja.com.br\\\/arquivo\\\/tragedia-da-kiss-justica-conclui-duas-acoes-contra-familiares\\\/#breadcrumblist\",\"itemListElement\":[{\"@type\":\"ListItem\",\"@id\":\"https:\\\/\\\/www.jornalja.com.br\\\/arquivo#listItem\",\"position\":1,\"name\":\"Home\",\"item\":\"https:\\\/\\\/www.jornalja.com.br\\\/arquivo\",\"nextItem\":{\"@type\":\"ListItem\",\"@id\":\"https:\\\/\\\/www.jornalja.com.br\\\/arquivo\\\/category\\\/geral\\\/#listItem\",\"name\":\"Geral\"}},{\"@type\":\"ListItem\",\"@id\":\"https:\\\/\\\/www.jornalja.com.br\\\/arquivo\\\/category\\\/geral\\\/#listItem\",\"position\":2,\"name\":\"Geral\",\"item\":\"https:\\\/\\\/www.jornalja.com.br\\\/arquivo\\\/category\\\/geral\\\/\",\"nextItem\":{\"@type\":\"ListItem\",\"@id\":\"https:\\\/\\\/www.jornalja.com.br\\\/arquivo\\\/tragedia-da-kiss-justica-conclui-duas-acoes-contra-familiares\\\/#listItem\",\"name\":\"Trag\\u00e9dia da Kiss: Justi\\u00e7a concluir\\u00e1 em breve a\\u00e7\\u00f5es contra familiares de v\\u00edtimas\"},\"previousItem\":{\"@type\":\"ListItem\",\"@id\":\"https:\\\/\\\/www.jornalja.com.br\\\/arquivo#listItem\",\"name\":\"Home\"}},{\"@type\":\"ListItem\",\"@id\":\"https:\\\/\\\/www.jornalja.com.br\\\/arquivo\\\/tragedia-da-kiss-justica-conclui-duas-acoes-contra-familiares\\\/#listItem\",\"position\":3,\"name\":\"Trag\\u00e9dia da Kiss: Justi\\u00e7a concluir\\u00e1 em breve a\\u00e7\\u00f5es contra familiares de v\\u00edtimas\",\"previousItem\":{\"@type\":\"ListItem\",\"@id\":\"https:\\\/\\\/www.jornalja.com.br\\\/arquivo\\\/category\\\/geral\\\/#listItem\",\"name\":\"Geral\"}}]},{\"@type\":\"Organization\",\"@id\":\"https:\\\/\\\/www.jornalja.com.br\\\/arquivo\\\/#organization\",\"name\":\"Jornal J\\u00c1\",\"description\":\"Jornal J\\u00c1 | Porto Alegre\",\"url\":\"https:\\\/\\\/www.jornalja.com.br\\\/arquivo\\\/\",\"telephone\":\"+555133307272\",\"logo\":{\"@type\":\"ImageObject\",\"url\":\"https:\\\/\\\/www.jornalja.com.br\\\/wp-content\\\/uploads\\\/cards\\\/JAslogan.png\",\"@id\":\"https:\\\/\\\/www.jornalja.com.br\\\/arquivo\\\/tragedia-da-kiss-justica-conclui-duas-acoes-contra-familiares\\\/#organizationLogo\"},\"image\":{\"@id\":\"https:\\\/\\\/www.jornalja.com.br\\\/arquivo\\\/tragedia-da-kiss-justica-conclui-duas-acoes-contra-familiares\\\/#organizationLogo\"}},{\"@type\":\"Person\",\"@id\":\"https:\\\/\\\/www.jornalja.com.br\\\/arquivo\\\/author\\\/daredacao\\\/#author\",\"url\":\"https:\\\/\\\/www.jornalja.com.br\\\/arquivo\\\/author\\\/daredacao\\\/\",\"name\":\"da Reda\\u00e7\\u00e3o\",\"image\":{\"@type\":\"ImageObject\",\"@id\":\"https:\\\/\\\/www.jornalja.com.br\\\/arquivo\\\/tragedia-da-kiss-justica-conclui-duas-acoes-contra-familiares\\\/#authorImage\",\"url\":\"https:\\\/\\\/secure.gravatar.com\\\/avatar\\\/469fd857d6605ad19919d27ed29d35a968a25f6e8fd9318356bbb7f57aae9c65?s=96&d=mm&r=g\",\"width\":96,\"height\":96,\"caption\":\"da Reda\\u00e7\\u00e3o\"}},{\"@type\":\"WebPage\",\"@id\":\"https:\\\/\\\/www.jornalja.com.br\\\/arquivo\\\/tragedia-da-kiss-justica-conclui-duas-acoes-contra-familiares\\\/#webpage\",\"url\":\"https:\\\/\\\/www.jornalja.com.br\\\/arquivo\\\/tragedia-da-kiss-justica-conclui-duas-acoes-contra-familiares\\\/\",\"name\":\"Trag\\u00e9dia da Kiss: Justi\\u00e7a concluir\\u00e1 em breve a\\u00e7\\u00f5es contra familiares de v\\u00edtimas | Arquivo\",\"inLanguage\":\"pt-BR\",\"isPartOf\":{\"@id\":\"https:\\\/\\\/www.jornalja.com.br\\\/arquivo\\\/#website\"},\"breadcrumb\":{\"@id\":\"https:\\\/\\\/www.jornalja.com.br\\\/arquivo\\\/tragedia-da-kiss-justica-conclui-duas-acoes-contra-familiares\\\/#breadcrumblist\"},\"author\":{\"@id\":\"https:\\\/\\\/www.jornalja.com.br\\\/arquivo\\\/author\\\/daredacao\\\/#author\"},\"creator\":{\"@id\":\"https:\\\/\\\/www.jornalja.com.br\\\/arquivo\\\/author\\\/daredacao\\\/#author\"},\"image\":{\"@type\":\"ImageObject\",\"url\":49765,\"@id\":\"https:\\\/\\\/www.jornalja.com.br\\\/arquivo\\\/tragedia-da-kiss-justica-conclui-duas-acoes-contra-familiares\\\/#mainImage\"},\"primaryImageOfPage\":{\"@id\":\"https:\\\/\\\/www.jornalja.com.br\\\/arquivo\\\/tragedia-da-kiss-justica-conclui-duas-acoes-contra-familiares\\\/#mainImage\"},\"datePublished\":\"2017-06-09T10:55:38-03:00\",\"dateModified\":\"2017-06-09T10:55:38-03:00\"},{\"@type\":\"WebSite\",\"@id\":\"https:\\\/\\\/www.jornalja.com.br\\\/arquivo\\\/#website\",\"url\":\"https:\\\/\\\/www.jornalja.com.br\\\/arquivo\\\/\",\"name\":\"Arquivo\",\"description\":\"Jornal J\\u00c1 | Porto Alegre\",\"inLanguage\":\"pt-BR\",\"publisher\":{\"@id\":\"https:\\\/\\\/www.jornalja.com.br\\\/arquivo\\\/#organization\"}}]}\n\t\t<\/script>\n\t\t<!-- All in One SEO -->\n\n","aioseo_head_json":{"title":"Trag\u00e9dia da Kiss: Justi\u00e7a concluir\u00e1 em breve a\u00e7\u00f5es contra familiares de v\u00edtimas | Arquivo","description":"","canonical_url":"https:\/\/www.jornalja.com.br\/arquivo\/tragedia-da-kiss-justica-conclui-duas-acoes-contra-familiares\/","robots":"max-image-preview:large","keywords":"","webmasterTools":{"miscellaneous":""},"schema":{"@context":"https:\/\/schema.org","@graph":[{"@type":"BlogPosting","@id":"https:\/\/www.jornalja.com.br\/arquivo\/tragedia-da-kiss-justica-conclui-duas-acoes-contra-familiares\/#blogposting","name":"Trag\u00e9dia da Kiss: Justi\u00e7a concluir\u00e1 em breve a\u00e7\u00f5es contra familiares de v\u00edtimas | Arquivo","headline":"Trag\u00e9dia da Kiss: Justi\u00e7a concluir\u00e1 em breve a\u00e7\u00f5es contra familiares de v\u00edtimas","author":{"@id":"https:\/\/www.jornalja.com.br\/arquivo\/author\/daredacao\/#author"},"publisher":{"@id":"https:\/\/www.jornalja.com.br\/arquivo\/#organization"},"image":{"@type":"ImageObject","url":49765},"datePublished":"2017-06-09T10:55:38-03:00","dateModified":"2017-06-09T10:55:38-03:00","inLanguage":"pt-BR","mainEntityOfPage":{"@id":"https:\/\/www.jornalja.com.br\/arquivo\/tragedia-da-kiss-justica-conclui-duas-acoes-contra-familiares\/#webpage"},"isPartOf":{"@id":"https:\/\/www.jornalja.com.br\/arquivo\/tragedia-da-kiss-justica-conclui-duas-acoes-contra-familiares\/#webpage"},"articleSection":"Geral, Kiss, trag\u00e9dia Kiss"},{"@type":"BreadcrumbList","@id":"https:\/\/www.jornalja.com.br\/arquivo\/tragedia-da-kiss-justica-conclui-duas-acoes-contra-familiares\/#breadcrumblist","itemListElement":[{"@type":"ListItem","@id":"https:\/\/www.jornalja.com.br\/arquivo#listItem","position":1,"name":"Home","item":"https:\/\/www.jornalja.com.br\/arquivo","nextItem":{"@type":"ListItem","@id":"https:\/\/www.jornalja.com.br\/arquivo\/category\/geral\/#listItem","name":"Geral"}},{"@type":"ListItem","@id":"https:\/\/www.jornalja.com.br\/arquivo\/category\/geral\/#listItem","position":2,"name":"Geral","item":"https:\/\/www.jornalja.com.br\/arquivo\/category\/geral\/","nextItem":{"@type":"ListItem","@id":"https:\/\/www.jornalja.com.br\/arquivo\/tragedia-da-kiss-justica-conclui-duas-acoes-contra-familiares\/#listItem","name":"Trag\u00e9dia da Kiss: Justi\u00e7a concluir\u00e1 em breve a\u00e7\u00f5es contra familiares de v\u00edtimas"},"previousItem":{"@type":"ListItem","@id":"https:\/\/www.jornalja.com.br\/arquivo#listItem","name":"Home"}},{"@type":"ListItem","@id":"https:\/\/www.jornalja.com.br\/arquivo\/tragedia-da-kiss-justica-conclui-duas-acoes-contra-familiares\/#listItem","position":3,"name":"Trag\u00e9dia da Kiss: Justi\u00e7a concluir\u00e1 em breve a\u00e7\u00f5es contra familiares de v\u00edtimas","previousItem":{"@type":"ListItem","@id":"https:\/\/www.jornalja.com.br\/arquivo\/category\/geral\/#listItem","name":"Geral"}}]},{"@type":"Organization","@id":"https:\/\/www.jornalja.com.br\/arquivo\/#organization","name":"Jornal J\u00c1","description":"Jornal J\u00c1 | Porto Alegre","url":"https:\/\/www.jornalja.com.br\/arquivo\/","telephone":"+555133307272","logo":{"@type":"ImageObject","url":"https:\/\/www.jornalja.com.br\/wp-content\/uploads\/cards\/JAslogan.png","@id":"https:\/\/www.jornalja.com.br\/arquivo\/tragedia-da-kiss-justica-conclui-duas-acoes-contra-familiares\/#organizationLogo"},"image":{"@id":"https:\/\/www.jornalja.com.br\/arquivo\/tragedia-da-kiss-justica-conclui-duas-acoes-contra-familiares\/#organizationLogo"}},{"@type":"Person","@id":"https:\/\/www.jornalja.com.br\/arquivo\/author\/daredacao\/#author","url":"https:\/\/www.jornalja.com.br\/arquivo\/author\/daredacao\/","name":"da Reda\u00e7\u00e3o","image":{"@type":"ImageObject","@id":"https:\/\/www.jornalja.com.br\/arquivo\/tragedia-da-kiss-justica-conclui-duas-acoes-contra-familiares\/#authorImage","url":"https:\/\/secure.gravatar.com\/avatar\/469fd857d6605ad19919d27ed29d35a968a25f6e8fd9318356bbb7f57aae9c65?s=96&d=mm&r=g","width":96,"height":96,"caption":"da Reda\u00e7\u00e3o"}},{"@type":"WebPage","@id":"https:\/\/www.jornalja.com.br\/arquivo\/tragedia-da-kiss-justica-conclui-duas-acoes-contra-familiares\/#webpage","url":"https:\/\/www.jornalja.com.br\/arquivo\/tragedia-da-kiss-justica-conclui-duas-acoes-contra-familiares\/","name":"Trag\u00e9dia da Kiss: Justi\u00e7a concluir\u00e1 em breve a\u00e7\u00f5es contra familiares de v\u00edtimas | Arquivo","inLanguage":"pt-BR","isPartOf":{"@id":"https:\/\/www.jornalja.com.br\/arquivo\/#website"},"breadcrumb":{"@id":"https:\/\/www.jornalja.com.br\/arquivo\/tragedia-da-kiss-justica-conclui-duas-acoes-contra-familiares\/#breadcrumblist"},"author":{"@id":"https:\/\/www.jornalja.com.br\/arquivo\/author\/daredacao\/#author"},"creator":{"@id":"https:\/\/www.jornalja.com.br\/arquivo\/author\/daredacao\/#author"},"image":{"@type":"ImageObject","url":49765,"@id":"https:\/\/www.jornalja.com.br\/arquivo\/tragedia-da-kiss-justica-conclui-duas-acoes-contra-familiares\/#mainImage"},"primaryImageOfPage":{"@id":"https:\/\/www.jornalja.com.br\/arquivo\/tragedia-da-kiss-justica-conclui-duas-acoes-contra-familiares\/#mainImage"},"datePublished":"2017-06-09T10:55:38-03:00","dateModified":"2017-06-09T10:55:38-03:00"},{"@type":"WebSite","@id":"https:\/\/www.jornalja.com.br\/arquivo\/#website","url":"https:\/\/www.jornalja.com.br\/arquivo\/","name":"Arquivo","description":"Jornal J\u00c1 | Porto Alegre","inLanguage":"pt-BR","publisher":{"@id":"https:\/\/www.jornalja.com.br\/arquivo\/#organization"}}]},"og:locale":"pt_BR","og:site_name":"Arquivo | Jornal J\u00c1 | Porto Alegre","og:type":"article","og:title":"Trag\u00e9dia da Kiss: Justi\u00e7a concluir\u00e1 em breve a\u00e7\u00f5es contra familiares de v\u00edtimas | Arquivo","og:url":"https:\/\/www.jornalja.com.br\/arquivo\/tragedia-da-kiss-justica-conclui-duas-acoes-contra-familiares\/","og:image":"https:\/\/www.jornalja.com.br\/wp-content\/uploads\/2017\/06\/kiss-luiz.jpg","og:image:secure_url":"https:\/\/www.jornalja.com.br\/wp-content\/uploads\/2017\/06\/kiss-luiz.jpg","article:published_time":"2017-06-09T13:55:38+00:00","article:modified_time":"2017-06-09T13:55:38+00:00","twitter:card":"summary","twitter:title":"Trag\u00e9dia da Kiss: Justi\u00e7a concluir\u00e1 em breve a\u00e7\u00f5es contra familiares de v\u00edtimas | Arquivo","twitter:image":"https:\/\/www.jornalja.com.br\/economics\/wp-content\/uploads\/sites\/11\/2026\/08\/ja-folhaderosto-facebook.jpg"},"aioseo_meta_data":{"post_id":"49764","title":null,"description":null,"keywords":null,"keyphrases":null,"primary_term":null,"canonical_url":null,"og_title":null,"og_description":null,"og_object_type":"default","og_image_type":"default","og_image_url":null,"og_image_width":null,"og_image_height":null,"og_image_custom_url":null,"og_image_custom_fields":null,"og_video":null,"og_custom_url":null,"og_article_section":null,"og_article_tags":null,"twitter_use_og":false,"twitter_card":"default","twitter_image_type":"default","twitter_image_url":null,"twitter_image_custom_url":null,"twitter_image_custom_fields":null,"twitter_title":null,"twitter_description":null,"schema":{"blockGraphs":[],"customGraphs":[],"default":{"data":{"Article":[],"Course":[],"Dataset":[],"FAQPage":[],"Movie":[],"Person":[],"Product":[],"ProductReview":[],"Car":[],"Recipe":[],"Service":[],"SoftwareApplication":[],"WebPage":[]},"graphName":"","isEnabled":true},"graphs":[]},"schema_type":null,"schema_type_options":null,"pillar_content":false,"robots_default":true,"robots_noindex":false,"robots_noarchive":false,"robots_nosnippet":false,"robots_nofollow":false,"robots_noimageindex":false,"robots_noodp":false,"robots_notranslate":false,"robots_max_snippet":null,"robots_max_videopreview":null,"robots_max_imagepreview":"large","priority":null,"frequency":null,"location":null,"local_seo":null,"breadcrumb_settings":null,"limit_modified_date":false,"ai":null,"created":"2020-12-20 20:32:48","updated":"2025-07-19 22:01:57","seo_analyzer_scan_date":null,"focus_keyword":null,"additional_keywords":null,"truseo_locale":null},"jetpack_sharing_enabled":true,"jetpack-related-posts":[{"id":13109,"url":"https:\/\/www.jornalja.com.br\/arquivo\/judiciario-reconhece-poluicao-eletromagnetica\/","url_meta":{"origin":49764,"position":0},"title":"Judici\u00e1rio reconhece polui\u00e7\u00e3o eletromagn\u00e9tica","author":"Patr\u00edcia Marini","date":"16 de maio de 2014","format":false,"excerpt":"A\u00e7\u00e3o de duas associa\u00e7\u00f5es de moradores foi acolhida pelo Tribunal de Justi\u00e7a de S\u00e3o Paulo que. em decis\u00e3o in\u00e9dita, determinou a redu\u00e7\u00e3o do campo eletromagn\u00e9tico gerado pelas linhas de transmiss\u00e3o de energia que cortam os bairros City Boa\u00e7ava e Alto de Pinheiros. \u00c9 a primeira vez que um tribunal do\u2026","rel":"","context":"Em &quot;X.Categorias velhas&quot;","block_context":{"text":"X.Categorias velhas","link":"https:\/\/www.jornalja.com.br\/arquivo\/category\/x-categorias-velhas\/"},"img":{"alt_text":"","src":"","width":0,"height":0},"classes":[]},{"id":13240,"url":"https:\/\/www.jornalja.com.br\/arquivo\/plano-diretor-estamos-construindo-o-caos\/","url_meta":{"origin":49764,"position":1},"title":"Plano diretor: &quot;Estamos construindo o caos&quot;","author":"Patr\u00edcia Marini","date":"26 de maio de 2014","format":false,"excerpt":"Desabafo que arquiteta Eliana Castilhos, delegada da Regi\u00e3o de Planejamento 1, postou nas redes sociais \u00e9 um testemunho do ambiente que se criou no Conselho do Plano Diretor de Porto Alegre, onde a aprova\u00e7\u00e3o de grandes empreendimentos \u00e9 empurrada guela abaixo dos conselheiros. Ao CMDUA Como delegada da Regi\u00e3o de\u2026","rel":"","context":"Em &quot;Geral&quot;","block_context":{"text":"Geral","link":"https:\/\/www.jornalja.com.br\/arquivo\/category\/geral\/"},"img":{"alt_text":"","src":"","width":0,"height":0},"classes":[]},{"id":13101,"url":"https:\/\/www.jornalja.com.br\/arquivo\/morre-um-guerreiro-do-texto\/","url_meta":{"origin":49764,"position":2},"title":"Morre um guerreiro do texto","author":"Patr\u00edcia Marini","date":"14 de maio de 2014","format":false,"excerpt":"Por Ricardo Kotscho Reproduzido do blog do autor, 11\/5\/2014; t\u00edtulo original \u201cE l\u00e1 se foi o nosso Myltainho, guerreiro do texto\u201d. Mi\u00fado e franzino, meu amigo Myltainho era um valente e inconformado guerreiro na luta contra as injusti\u00e7as sociais, a hipocrisia, as maracutaias, o autoritarismo, a intoler\u00e2ncia, a viol\u00eancia, o\u2026","rel":"","context":"Em &quot;Geral&quot;","block_context":{"text":"Geral","link":"https:\/\/www.jornalja.com.br\/arquivo\/category\/geral\/"},"img":{"alt_text":"","src":"","width":0,"height":0},"classes":[]},{"id":12960,"url":"https:\/\/www.jornalja.com.br\/arquivo\/populacao-culpa-empresas-pela-greve-dos-rodoviarios\/","url_meta":{"origin":49764,"position":3},"title":"Popula\u00e7\u00e3o culpa empresas pela greve","author":"Patr\u00edcia Marini","date":"14 de fevereiro de 2014","format":false,"excerpt":"Pesquisa divulgada na edi\u00e7\u00e3o do jornal Metro desta sexta-feira,14, comprova o velho ditado: \u00e9 poss\u00edvel enganar muitos por algum tempo, mas n\u00e3o \u00e9 poss\u00edvel enganar a todos o tempo inteiro. A principal revela\u00e7\u00e3o foi que 59,8% dos entrevistados apontaram as empresas como as principais respons\u00e1veis pela grave e 46% culparam\u2026","rel":"","context":"Em &quot;X.Categorias velhas&quot;","block_context":{"text":"X.Categorias velhas","link":"https:\/\/www.jornalja.com.br\/arquivo\/category\/x-categorias-velhas\/"},"img":{"alt_text":"","src":"","width":0,"height":0},"classes":[]},{"id":13239,"url":"https:\/\/www.jornalja.com.br\/arquivo\/conselho-desdenha-do-plano-diretor\/","url_meta":{"origin":49764,"position":4},"title":"Porto Alegre: Conselho detona Plano Diretor","author":"Patr\u00edcia Marini","date":"25 de maio de 2014","format":false,"excerpt":"Den\u00fancia do arquiteto e \u00a0urbanista Ibir\u00e1 Santos Lucas. Ele diz que os conselheiros est\u00e3o votando com \"enorme irresponsabilidade\". \"Mudam regime com a maior naturalidade,,,regularizam absurdos de constru\u00e7\u00f5es irregulares... \"O CMDUA est\u00e1 flexibilizando a lei do plano diretor, de uma forma impactante na vida da cidade. Mudam regime com a maior\u2026","rel":"","context":"Em &quot;Geral&quot;","block_context":{"text":"Geral","link":"https:\/\/www.jornalja.com.br\/arquivo\/category\/geral\/"},"img":{"alt_text":"","src":"","width":0,"height":0},"classes":[]},{"id":13128,"url":"https:\/\/www.jornalja.com.br\/arquivo\/maconha-terra-diz-que-uso-medicinal-e-desculpa\/","url_meta":{"origin":49764,"position":5},"title":"Maconha: Terra diz que uso medicinal \u00e9 desculpa","author":"Patr\u00edcia Marini","date":"4 de junho de 2014","format":false,"excerpt":"A condi\u00e7\u00e3o de pol\u00edtico, em \u00e9poca de campanha de campanha eleitoral, tira for\u00e7a do discurso do m\u00e9dico Osmar Terra contra a legaliza\u00e7\u00e3o da maconha. A tese dele de que a libera\u00e7\u00e3o vai ampliar exponencialmente o consumo \u00e9 discutivel, o consumo \u00e9 corrente. Mas seus alertas quanto aos riscos tem que\u2026","rel":"","context":"Em &quot;X.Categorias velhas&quot;","block_context":{"text":"X.Categorias velhas","link":"https:\/\/www.jornalja.com.br\/arquivo\/category\/x-categorias-velhas\/"},"img":{"alt_text":"","src":"","width":0,"height":0},"classes":[]}],"jetpack_shortlink":"https:\/\/wp.me\/pbQjBd-cWE","jetpack_featured_media_url":"","_links":{"self":[{"href":"https:\/\/www.jornalja.com.br\/arquivo\/wp-json\/wp\/v2\/posts\/49764","targetHints":{"allow":["GET"]}}],"collection":[{"href":"https:\/\/www.jornalja.com.br\/arquivo\/wp-json\/wp\/v2\/posts"}],"about":[{"href":"https:\/\/www.jornalja.com.br\/arquivo\/wp-json\/wp\/v2\/types\/post"}],"author":[{"embeddable":true,"href":"https:\/\/www.jornalja.com.br\/arquivo\/wp-json\/wp\/v2\/users\/4"}],"replies":[{"embeddable":true,"href":"https:\/\/www.jornalja.com.br\/arquivo\/wp-json\/wp\/v2\/comments?post=49764"}],"version-history":[{"count":0,"href":"https:\/\/www.jornalja.com.br\/arquivo\/wp-json\/wp\/v2\/posts\/49764\/revisions"}],"wp:attachment":[{"href":"https:\/\/www.jornalja.com.br\/arquivo\/wp-json\/wp\/v2\/media?parent=49764"}],"wp:term":[{"taxonomy":"category","embeddable":true,"href":"https:\/\/www.jornalja.com.br\/arquivo\/wp-json\/wp\/v2\/categories?post=49764"},{"taxonomy":"post_tag","embeddable":true,"href":"https:\/\/www.jornalja.com.br\/arquivo\/wp-json\/wp\/v2\/tags?post=49764"}],"curies":[{"name":"wp","href":"https:\/\/api.w.org\/{rel}","templated":true}]}}