{"id":49776,"date":"2017-06-09T13:14:09","date_gmt":"2017-06-09T16:14:09","guid":{"rendered":"https:\/\/www.jornalja.com.br\/?p=49776"},"modified":"2017-06-09T13:14:09","modified_gmt":"2017-06-09T16:14:09","slug":"feira-agroecologica-frutos-da-resistencia-acontece-neste-sabado","status":"publish","type":"post","link":"https:\/\/www.jornalja.com.br\/arquivo\/feira-agroecologica-frutos-da-resistencia-acontece-neste-sabado\/","title":{"rendered":"Feira Agroecol\u00f3gica Frutos da Resist\u00eancia acontece neste s\u00e1bado"},"content":{"rendered":"<p>Na tarde deste s\u00e1bado acontece a nona edi\u00e7\u00e3o da Feira Agroecol\u00f3gica Frutos da Resist\u00eancia, na cal\u00e7ada da Rua Olavo Bilac, em frente \u00e0 sede do Amigos da Terra Brasil, n\u00famero 192.<br \/>\nA Feira existe como um mecanismo de encontros, de troca de informa\u00e7\u00f5es dos enfrentamentos e resist\u00eancias que se d\u00e3o no Bioma Pampa, na Mata Atl\u00e2ntica e na metr\u00f3pole de Porto Alegre. Al\u00e9m de debates, acontece a exposi\u00e7\u00e3o de frutos de diversos territ\u00f3rios que resistem pelo Estado.<br \/>\n<figure id=\"attachment_49782\" aria-describedby=\"caption-attachment-49782\" style=\"width: 960px\" class=\"wp-caption alignnone\"><img loading=\"lazy\" decoding=\"async\" class=\"wp-image-49782 size-full\" src=\"https:\/\/www.jornalja.com.br\/wp-content\/uploads\/2017\/06\/feira-espa\u00e7o-de-troca-7.jpg\" alt=\"\" width=\"960\" height=\"540\" \/><figcaption id=\"caption-attachment-49782\" class=\"wp-caption-text\">Espa\u00e7o para troca de informa\u00e7\u00f5es<\/figcaption><\/figure><br \/>\nFrutos cheio de cores, sabores e de vida. Frutos do bem viver: sem venenos, monocultura ou explora\u00e7\u00e3o.<br \/>\nS\u00e3o presen\u00e7as confirmadas assentados da reforma agr\u00e1ria do munic\u00edpio de Herval &#8211; que se articulam atrav\u00e9s do Grupo Biodiversidade -, agricultores agroecol\u00f3gicos de Maquin\u00e9, ind\u00edgenas Kaikangs do Morro do Osso, guaranis do Cantagalo, quilombolas da Fam\u00edlia Silva (primeiro quilombo urbano titulado no Brasil), coletivo Somos Soma, al\u00e9m da presen\u00e7a de diversas outras pessoas que lutam pela terra e pela perpetua\u00e7\u00e3o dos saberes anscestrais.<br \/>\n<figure id=\"attachment_49779\" aria-describedby=\"caption-attachment-49779\" style=\"width: 960px\" class=\"wp-caption alignnone\"><img loading=\"lazy\" decoding=\"async\" class=\"wp-image-49779 size-full\" src=\"https:\/\/www.jornalja.com.br\/wp-content\/uploads\/2017\/06\/feira-12.jpg\" alt=\"\" width=\"960\" height=\"640\" \/><figcaption id=\"caption-attachment-49779\" class=\"wp-caption-text\">Produtos de assentamentos<\/figcaption><\/figure><br \/>\n<figure id=\"attachment_49783\" aria-describedby=\"caption-attachment-49783\" style=\"width: 960px\" class=\"wp-caption alignnone\"><img loading=\"lazy\" decoding=\"async\" class=\"wp-image-49783 size-full\" src=\"https:\/\/www.jornalja.com.br\/wp-content\/uploads\/2017\/06\/feirasomos-soma-4.jpg\" alt=\"\" width=\"960\" height=\"640\" \/><figcaption id=\"caption-attachment-49783\" class=\"wp-caption-text\">Expositora com produtos da zona rural<\/figcaption><\/figure><br \/>\nA proposta \u00e9 difundir a agroecologia, a economia solid\u00e1ria, atrav\u00e9s dos produtos, mas tamb\u00e9m que a feira sirva para informar a quem passa, que sirva como um espa\u00e7o de trocas e articula\u00e7\u00f5es. \u00c0s 15h, acontece a oficina &#8220;Sangue que circula&#8221;, um percurso pela capoeira. \u00c0s 17h, canja com integrantes da banda Kalunga Quilombola.<br \/>\nNa Feira tamb\u00e9m ter\u00e1 uma banca informativa sobre o caso do Rafael Braga, jovem negro preso injustamente nos protestos de 2013 e reencarcerado novamente por um enxerto da Pol\u00edcia Militar. Um caso emblem\u00e1tico do encarceramento da popula\u00e7\u00e3o negra e do racismo institucional do nosso pa\u00eds. Tamb\u00e9m estar\u00e1 sendo recolhidas doa\u00e7\u00f5es para os Mbya Guarani que retomam uma terra anscestral no munic\u00edpio de Maquin\u00e9\/RS.<\/p>\n","protected":false},"excerpt":{"rendered":"<p>Na tarde deste s\u00e1bado acontece a nona edi\u00e7\u00e3o da Feira Agroecol\u00f3gica Frutos da Resist\u00eancia, na cal\u00e7ada da Rua Olavo Bilac, em frente \u00e0 sede do Amigos da Terra Brasil, n\u00famero 192. A Feira existe como um mecanismo de encontros, de troca de informa\u00e7\u00f5es dos enfrentamentos e resist\u00eancias que se d\u00e3o no Bioma Pampa, na Mata [&hellip;]<\/p>\n","protected":false},"author":4,"featured_media":49777,"comment_status":"open","ping_status":"closed","sticky":false,"template":"","format":"standard","meta":{"_jetpack_newsletter_access":"","_jetpack_dont_email_post_to_subs":false,"_jetpack_newsletter_tier_id":0,"_jetpack_memberships_contains_paywalled_content":false,"_jetpack_feature_clip_id":0,"_jetpack_memberships_contains_paid_content":false,"footnotes":"","jetpack_post_was_ever_published":false},"categories":[26],"tags":[],"class_list":["post-49776","post","type-post","status-publish","format-standard","has-post-thumbnail","hentry","category-geral"],"aioseo_notices":[],"aioseo_head":"\n\t\t<!-- All in One SEO 5.0.1.1 - aioseo.com -->\n\t<meta name=\"robots\" content=\"max-image-preview:large\" \/>\n\t<meta name=\"author\" content=\"da Reda\u00e7\u00e3o\"\/>\n\t<link rel=\"canonical\" href=\"https:\/\/www.jornalja.com.br\/arquivo\/feira-agroecologica-frutos-da-resistencia-acontece-neste-sabado\/\" \/>\n\t<meta name=\"generator\" content=\"All in One SEO (AIOSEO) 5.0.1.1\" \/>\n\t\t<meta property=\"og:locale\" content=\"pt_BR\" \/>\n\t\t<meta property=\"og:site_name\" content=\"Arquivo | Jornal J\u00c1 | Porto Alegre\" \/>\n\t\t<meta property=\"og:type\" content=\"article\" \/>\n\t\t<meta property=\"og:title\" content=\"Feira Agroecol\u00f3gica Frutos da Resist\u00eancia acontece neste s\u00e1bado | Arquivo\" \/>\n\t\t<meta property=\"og:url\" content=\"https:\/\/www.jornalja.com.br\/arquivo\/feira-agroecologica-frutos-da-resistencia-acontece-neste-sabado\/\" \/>\n\t\t<meta property=\"og:image\" content=\"https:\/\/www.jornalja.com.br\/wp-content\/uploads\/2017\/06\/feira-espa\u00e7o-de-troca-7.jpg\" \/>\n\t\t<meta property=\"og:image:secure_url\" content=\"https:\/\/www.jornalja.com.br\/wp-content\/uploads\/2017\/06\/feira-espa\u00e7o-de-troca-7.jpg\" \/>\n\t\t<meta property=\"article:published_time\" content=\"2017-06-09T16:14:09+00:00\" \/>\n\t\t<meta property=\"article:modified_time\" content=\"2017-06-09T16:14:09+00:00\" \/>\n\t\t<meta name=\"twitter:card\" content=\"summary\" \/>\n\t\t<meta name=\"twitter:title\" content=\"Feira Agroecol\u00f3gica Frutos da Resist\u00eancia acontece neste s\u00e1bado | Arquivo\" \/>\n\t\t<meta name=\"twitter:image\" content=\"https:\/\/www.jornalja.com.br\/economics\/wp-content\/uploads\/sites\/11\/2026\/08\/ja-folhaderosto-facebook.jpg\" \/>\n\t\t<script type=\"application\/ld+json\" class=\"aioseo-schema\">\n\t\t\t{\"@context\":\"https:\\\/\\\/schema.org\",\"@graph\":[{\"@type\":\"BlogPosting\",\"@id\":\"https:\\\/\\\/www.jornalja.com.br\\\/arquivo\\\/feira-agroecologica-frutos-da-resistencia-acontece-neste-sabado\\\/#blogposting\",\"name\":\"Feira Agroecol\\u00f3gica Frutos da Resist\\u00eancia acontece neste s\\u00e1bado | Arquivo\",\"headline\":\"Feira Agroecol\\u00f3gica Frutos da Resist\\u00eancia acontece neste s\\u00e1bado\",\"author\":{\"@id\":\"https:\\\/\\\/www.jornalja.com.br\\\/arquivo\\\/author\\\/daredacao\\\/#author\"},\"publisher\":{\"@id\":\"https:\\\/\\\/www.jornalja.com.br\\\/arquivo\\\/#organization\"},\"image\":{\"@type\":\"ImageObject\",\"url\":49777},\"datePublished\":\"2017-06-09T13:14:09-03:00\",\"dateModified\":\"2017-06-09T13:14:09-03:00\",\"inLanguage\":\"pt-BR\",\"mainEntityOfPage\":{\"@id\":\"https:\\\/\\\/www.jornalja.com.br\\\/arquivo\\\/feira-agroecologica-frutos-da-resistencia-acontece-neste-sabado\\\/#webpage\"},\"isPartOf\":{\"@id\":\"https:\\\/\\\/www.jornalja.com.br\\\/arquivo\\\/feira-agroecologica-frutos-da-resistencia-acontece-neste-sabado\\\/#webpage\"},\"articleSection\":\"Geral\"},{\"@type\":\"BreadcrumbList\",\"@id\":\"https:\\\/\\\/www.jornalja.com.br\\\/arquivo\\\/feira-agroecologica-frutos-da-resistencia-acontece-neste-sabado\\\/#breadcrumblist\",\"itemListElement\":[{\"@type\":\"ListItem\",\"@id\":\"https:\\\/\\\/www.jornalja.com.br\\\/arquivo#listItem\",\"position\":1,\"name\":\"Home\",\"item\":\"https:\\\/\\\/www.jornalja.com.br\\\/arquivo\",\"nextItem\":{\"@type\":\"ListItem\",\"@id\":\"https:\\\/\\\/www.jornalja.com.br\\\/arquivo\\\/category\\\/geral\\\/#listItem\",\"name\":\"Geral\"}},{\"@type\":\"ListItem\",\"@id\":\"https:\\\/\\\/www.jornalja.com.br\\\/arquivo\\\/category\\\/geral\\\/#listItem\",\"position\":2,\"name\":\"Geral\",\"item\":\"https:\\\/\\\/www.jornalja.com.br\\\/arquivo\\\/category\\\/geral\\\/\",\"nextItem\":{\"@type\":\"ListItem\",\"@id\":\"https:\\\/\\\/www.jornalja.com.br\\\/arquivo\\\/feira-agroecologica-frutos-da-resistencia-acontece-neste-sabado\\\/#listItem\",\"name\":\"Feira Agroecol\\u00f3gica Frutos da Resist\\u00eancia acontece neste s\\u00e1bado\"},\"previousItem\":{\"@type\":\"ListItem\",\"@id\":\"https:\\\/\\\/www.jornalja.com.br\\\/arquivo#listItem\",\"name\":\"Home\"}},{\"@type\":\"ListItem\",\"@id\":\"https:\\\/\\\/www.jornalja.com.br\\\/arquivo\\\/feira-agroecologica-frutos-da-resistencia-acontece-neste-sabado\\\/#listItem\",\"position\":3,\"name\":\"Feira Agroecol\\u00f3gica Frutos da Resist\\u00eancia acontece neste s\\u00e1bado\",\"previousItem\":{\"@type\":\"ListItem\",\"@id\":\"https:\\\/\\\/www.jornalja.com.br\\\/arquivo\\\/category\\\/geral\\\/#listItem\",\"name\":\"Geral\"}}]},{\"@type\":\"Organization\",\"@id\":\"https:\\\/\\\/www.jornalja.com.br\\\/arquivo\\\/#organization\",\"name\":\"Jornal J\\u00c1\",\"description\":\"Jornal J\\u00c1 | Porto Alegre\",\"url\":\"https:\\\/\\\/www.jornalja.com.br\\\/arquivo\\\/\",\"telephone\":\"+555133307272\",\"logo\":{\"@type\":\"ImageObject\",\"url\":\"https:\\\/\\\/www.jornalja.com.br\\\/wp-content\\\/uploads\\\/cards\\\/JAslogan.png\",\"@id\":\"https:\\\/\\\/www.jornalja.com.br\\\/arquivo\\\/feira-agroecologica-frutos-da-resistencia-acontece-neste-sabado\\\/#organizationLogo\"},\"image\":{\"@id\":\"https:\\\/\\\/www.jornalja.com.br\\\/arquivo\\\/feira-agroecologica-frutos-da-resistencia-acontece-neste-sabado\\\/#organizationLogo\"}},{\"@type\":\"Person\",\"@id\":\"https:\\\/\\\/www.jornalja.com.br\\\/arquivo\\\/author\\\/daredacao\\\/#author\",\"url\":\"https:\\\/\\\/www.jornalja.com.br\\\/arquivo\\\/author\\\/daredacao\\\/\",\"name\":\"da Reda\\u00e7\\u00e3o\",\"image\":{\"@type\":\"ImageObject\",\"@id\":\"https:\\\/\\\/www.jornalja.com.br\\\/arquivo\\\/feira-agroecologica-frutos-da-resistencia-acontece-neste-sabado\\\/#authorImage\",\"url\":\"https:\\\/\\\/secure.gravatar.com\\\/avatar\\\/469fd857d6605ad19919d27ed29d35a968a25f6e8fd9318356bbb7f57aae9c65?s=96&d=mm&r=g\",\"width\":96,\"height\":96,\"caption\":\"da Reda\\u00e7\\u00e3o\"}},{\"@type\":\"WebPage\",\"@id\":\"https:\\\/\\\/www.jornalja.com.br\\\/arquivo\\\/feira-agroecologica-frutos-da-resistencia-acontece-neste-sabado\\\/#webpage\",\"url\":\"https:\\\/\\\/www.jornalja.com.br\\\/arquivo\\\/feira-agroecologica-frutos-da-resistencia-acontece-neste-sabado\\\/\",\"name\":\"Feira Agroecol\\u00f3gica Frutos da Resist\\u00eancia acontece neste s\\u00e1bado | Arquivo\",\"inLanguage\":\"pt-BR\",\"isPartOf\":{\"@id\":\"https:\\\/\\\/www.jornalja.com.br\\\/arquivo\\\/#website\"},\"breadcrumb\":{\"@id\":\"https:\\\/\\\/www.jornalja.com.br\\\/arquivo\\\/feira-agroecologica-frutos-da-resistencia-acontece-neste-sabado\\\/#breadcrumblist\"},\"author\":{\"@id\":\"https:\\\/\\\/www.jornalja.com.br\\\/arquivo\\\/author\\\/daredacao\\\/#author\"},\"creator\":{\"@id\":\"https:\\\/\\\/www.jornalja.com.br\\\/arquivo\\\/author\\\/daredacao\\\/#author\"},\"image\":{\"@type\":\"ImageObject\",\"url\":49777,\"@id\":\"https:\\\/\\\/www.jornalja.com.br\\\/arquivo\\\/feira-agroecologica-frutos-da-resistencia-acontece-neste-sabado\\\/#mainImage\"},\"primaryImageOfPage\":{\"@id\":\"https:\\\/\\\/www.jornalja.com.br\\\/arquivo\\\/feira-agroecologica-frutos-da-resistencia-acontece-neste-sabado\\\/#mainImage\"},\"datePublished\":\"2017-06-09T13:14:09-03:00\",\"dateModified\":\"2017-06-09T13:14:09-03:00\"},{\"@type\":\"WebSite\",\"@id\":\"https:\\\/\\\/www.jornalja.com.br\\\/arquivo\\\/#website\",\"url\":\"https:\\\/\\\/www.jornalja.com.br\\\/arquivo\\\/\",\"name\":\"Arquivo\",\"description\":\"Jornal J\\u00c1 | Porto Alegre\",\"inLanguage\":\"pt-BR\",\"publisher\":{\"@id\":\"https:\\\/\\\/www.jornalja.com.br\\\/arquivo\\\/#organization\"}}]}\n\t\t<\/script>\n\t\t<!-- All in One SEO -->\n\n","aioseo_head_json":{"title":"Feira Agroecol\u00f3gica Frutos da Resist\u00eancia acontece neste s\u00e1bado | Arquivo","description":"","canonical_url":"https:\/\/www.jornalja.com.br\/arquivo\/feira-agroecologica-frutos-da-resistencia-acontece-neste-sabado\/","robots":"max-image-preview:large","keywords":"","webmasterTools":{"miscellaneous":""},"schema":{"@context":"https:\/\/schema.org","@graph":[{"@type":"BlogPosting","@id":"https:\/\/www.jornalja.com.br\/arquivo\/feira-agroecologica-frutos-da-resistencia-acontece-neste-sabado\/#blogposting","name":"Feira Agroecol\u00f3gica Frutos da Resist\u00eancia acontece neste s\u00e1bado | Arquivo","headline":"Feira Agroecol\u00f3gica Frutos da Resist\u00eancia acontece neste s\u00e1bado","author":{"@id":"https:\/\/www.jornalja.com.br\/arquivo\/author\/daredacao\/#author"},"publisher":{"@id":"https:\/\/www.jornalja.com.br\/arquivo\/#organization"},"image":{"@type":"ImageObject","url":49777},"datePublished":"2017-06-09T13:14:09-03:00","dateModified":"2017-06-09T13:14:09-03:00","inLanguage":"pt-BR","mainEntityOfPage":{"@id":"https:\/\/www.jornalja.com.br\/arquivo\/feira-agroecologica-frutos-da-resistencia-acontece-neste-sabado\/#webpage"},"isPartOf":{"@id":"https:\/\/www.jornalja.com.br\/arquivo\/feira-agroecologica-frutos-da-resistencia-acontece-neste-sabado\/#webpage"},"articleSection":"Geral"},{"@type":"BreadcrumbList","@id":"https:\/\/www.jornalja.com.br\/arquivo\/feira-agroecologica-frutos-da-resistencia-acontece-neste-sabado\/#breadcrumblist","itemListElement":[{"@type":"ListItem","@id":"https:\/\/www.jornalja.com.br\/arquivo#listItem","position":1,"name":"Home","item":"https:\/\/www.jornalja.com.br\/arquivo","nextItem":{"@type":"ListItem","@id":"https:\/\/www.jornalja.com.br\/arquivo\/category\/geral\/#listItem","name":"Geral"}},{"@type":"ListItem","@id":"https:\/\/www.jornalja.com.br\/arquivo\/category\/geral\/#listItem","position":2,"name":"Geral","item":"https:\/\/www.jornalja.com.br\/arquivo\/category\/geral\/","nextItem":{"@type":"ListItem","@id":"https:\/\/www.jornalja.com.br\/arquivo\/feira-agroecologica-frutos-da-resistencia-acontece-neste-sabado\/#listItem","name":"Feira Agroecol\u00f3gica Frutos da Resist\u00eancia acontece neste s\u00e1bado"},"previousItem":{"@type":"ListItem","@id":"https:\/\/www.jornalja.com.br\/arquivo#listItem","name":"Home"}},{"@type":"ListItem","@id":"https:\/\/www.jornalja.com.br\/arquivo\/feira-agroecologica-frutos-da-resistencia-acontece-neste-sabado\/#listItem","position":3,"name":"Feira Agroecol\u00f3gica Frutos da Resist\u00eancia acontece neste s\u00e1bado","previousItem":{"@type":"ListItem","@id":"https:\/\/www.jornalja.com.br\/arquivo\/category\/geral\/#listItem","name":"Geral"}}]},{"@type":"Organization","@id":"https:\/\/www.jornalja.com.br\/arquivo\/#organization","name":"Jornal J\u00c1","description":"Jornal J\u00c1 | Porto Alegre","url":"https:\/\/www.jornalja.com.br\/arquivo\/","telephone":"+555133307272","logo":{"@type":"ImageObject","url":"https:\/\/www.jornalja.com.br\/wp-content\/uploads\/cards\/JAslogan.png","@id":"https:\/\/www.jornalja.com.br\/arquivo\/feira-agroecologica-frutos-da-resistencia-acontece-neste-sabado\/#organizationLogo"},"image":{"@id":"https:\/\/www.jornalja.com.br\/arquivo\/feira-agroecologica-frutos-da-resistencia-acontece-neste-sabado\/#organizationLogo"}},{"@type":"Person","@id":"https:\/\/www.jornalja.com.br\/arquivo\/author\/daredacao\/#author","url":"https:\/\/www.jornalja.com.br\/arquivo\/author\/daredacao\/","name":"da Reda\u00e7\u00e3o","image":{"@type":"ImageObject","@id":"https:\/\/www.jornalja.com.br\/arquivo\/feira-agroecologica-frutos-da-resistencia-acontece-neste-sabado\/#authorImage","url":"https:\/\/secure.gravatar.com\/avatar\/469fd857d6605ad19919d27ed29d35a968a25f6e8fd9318356bbb7f57aae9c65?s=96&d=mm&r=g","width":96,"height":96,"caption":"da Reda\u00e7\u00e3o"}},{"@type":"WebPage","@id":"https:\/\/www.jornalja.com.br\/arquivo\/feira-agroecologica-frutos-da-resistencia-acontece-neste-sabado\/#webpage","url":"https:\/\/www.jornalja.com.br\/arquivo\/feira-agroecologica-frutos-da-resistencia-acontece-neste-sabado\/","name":"Feira Agroecol\u00f3gica Frutos da Resist\u00eancia acontece neste s\u00e1bado | Arquivo","inLanguage":"pt-BR","isPartOf":{"@id":"https:\/\/www.jornalja.com.br\/arquivo\/#website"},"breadcrumb":{"@id":"https:\/\/www.jornalja.com.br\/arquivo\/feira-agroecologica-frutos-da-resistencia-acontece-neste-sabado\/#breadcrumblist"},"author":{"@id":"https:\/\/www.jornalja.com.br\/arquivo\/author\/daredacao\/#author"},"creator":{"@id":"https:\/\/www.jornalja.com.br\/arquivo\/author\/daredacao\/#author"},"image":{"@type":"ImageObject","url":49777,"@id":"https:\/\/www.jornalja.com.br\/arquivo\/feira-agroecologica-frutos-da-resistencia-acontece-neste-sabado\/#mainImage"},"primaryImageOfPage":{"@id":"https:\/\/www.jornalja.com.br\/arquivo\/feira-agroecologica-frutos-da-resistencia-acontece-neste-sabado\/#mainImage"},"datePublished":"2017-06-09T13:14:09-03:00","dateModified":"2017-06-09T13:14:09-03:00"},{"@type":"WebSite","@id":"https:\/\/www.jornalja.com.br\/arquivo\/#website","url":"https:\/\/www.jornalja.com.br\/arquivo\/","name":"Arquivo","description":"Jornal J\u00c1 | Porto Alegre","inLanguage":"pt-BR","publisher":{"@id":"https:\/\/www.jornalja.com.br\/arquivo\/#organization"}}]},"og:locale":"pt_BR","og:site_name":"Arquivo | Jornal J\u00c1 | Porto Alegre","og:type":"article","og:title":"Feira Agroecol\u00f3gica Frutos da Resist\u00eancia acontece neste s\u00e1bado | Arquivo","og:url":"https:\/\/www.jornalja.com.br\/arquivo\/feira-agroecologica-frutos-da-resistencia-acontece-neste-sabado\/","og:image":"https:\/\/www.jornalja.com.br\/wp-content\/uploads\/2017\/06\/feira-espa\u00e7o-de-troca-7.jpg","og:image:secure_url":"https:\/\/www.jornalja.com.br\/wp-content\/uploads\/2017\/06\/feira-espa\u00e7o-de-troca-7.jpg","article:published_time":"2017-06-09T16:14:09+00:00","article:modified_time":"2017-06-09T16:14:09+00:00","twitter:card":"summary","twitter:title":"Feira Agroecol\u00f3gica Frutos da Resist\u00eancia acontece neste s\u00e1bado | Arquivo","twitter:image":"https:\/\/www.jornalja.com.br\/economics\/wp-content\/uploads\/sites\/11\/2026\/08\/ja-folhaderosto-facebook.jpg"},"aioseo_meta_data":{"post_id":"49776","title":null,"description":null,"keywords":null,"keyphrases":null,"primary_term":null,"canonical_url":null,"og_title":null,"og_description":null,"og_object_type":"default","og_image_type":"default","og_image_url":null,"og_image_width":null,"og_image_height":null,"og_image_custom_url":null,"og_image_custom_fields":null,"og_video":null,"og_custom_url":null,"og_article_section":null,"og_article_tags":null,"twitter_use_og":false,"twitter_card":"default","twitter_image_type":"default","twitter_image_url":null,"twitter_image_custom_url":null,"twitter_image_custom_fields":null,"twitter_title":null,"twitter_description":null,"schema":{"blockGraphs":[],"customGraphs":[],"default":{"data":{"Article":[],"Course":[],"Dataset":[],"FAQPage":[],"Movie":[],"Person":[],"Product":[],"ProductReview":[],"Car":[],"Recipe":[],"Service":[],"SoftwareApplication":[],"WebPage":[]},"graphName":"","isEnabled":true},"graphs":[],"defaultGraph":"","defaultPostTypeGraph":""},"schema_type":null,"schema_type_options":null,"pillar_content":false,"robots_default":true,"robots_noindex":false,"robots_noarchive":false,"robots_nosnippet":false,"robots_nofollow":false,"robots_noimageindex":false,"robots_noodp":false,"robots_notranslate":false,"robots_max_snippet":null,"robots_max_videopreview":null,"robots_max_imagepreview":"large","priority":null,"frequency":null,"location":null,"local_seo":null,"breadcrumb_settings":null,"limit_modified_date":false,"ai":null,"created":"2020-12-20 20:32:48","updated":"2025-07-19 22:01:57","seo_analyzer_scan_date":null,"focus_keyword":null,"additional_keywords":null,"truseo_locale":null},"jetpack_sharing_enabled":true,"jetpack-related-posts":[{"id":5440,"url":"https:\/\/www.jornalja.com.br\/arquivo\/casarao-da-venancio-destino-permanece-incerto\/","url_meta":{"origin":49776,"position":0},"title":"Estado ainda n\u00e3o sabe o que fazer com casar\u00e3o abandonado h\u00e1 20 anos","author":"Elmar Bones","date":"6 de julho de 2009","format":false,"excerpt":"O casar\u00e3o amarelo, numa esquina nobre de Porto Alegre (Ven\u00e2ncio Aires com Jo\u00e3o Pessoa), j\u00e1 abrigou uma escola. H\u00e1 duas d\u00e9cadas, pelo menos, est\u00e1 abandonado, porque seu propriet\u00e1rio, o governo do Estado do Rio Grande do Sul, n\u00e3o consegue achar um destino para ele. Planos n\u00e3o faltaram. O governador Ol\u00edvio\u2026","rel":"","context":"Em &quot;X.Categorias velhas&quot;","block_context":{"text":"X.Categorias velhas","link":"https:\/\/www.jornalja.com.br\/arquivo\/category\/x-categorias-velhas\/"},"img":{"alt_text":"geraldo1","src":"https:\/\/i0.wp.com\/www.jornalja.com.br\/wp-content\/uploads\/2009\/07\/geraldo1.jpg?resize=350%2C200&ssl=1","width":350,"height":200},"classes":[]},{"id":13124,"url":"https:\/\/www.jornalja.com.br\/arquivo\/sangue-latino-no-iecine\/","url_meta":{"origin":49776,"position":1},"title":"Sangue latino no IECINE","author":"da Reda\u00e7\u00e3o","date":"18 de maio de 2014","format":false,"excerpt":"Francisco Ribeiro O Instituto Estadual de Cinema (IECINE) tem a frente, desde abril \u00faltimo, um novo diretor, o cineasta colombiano Juan Zapata, 36, que substitui Luiz Alberto Cassol. Radicado h\u00e1 dez anos em Porto Alegre, Zapata tem diante de si o desafio de conduzir at\u00e9 o final do ano um\u2026","rel":"","context":"Em &quot;Cultura-Geral&quot;","block_context":{"text":"Cultura-Geral","link":"https:\/\/www.jornalja.com.br\/arquivo\/category\/materiasecundaria\/"},"img":{"alt_text":"","src":"","width":0,"height":0},"classes":[]},{"id":13240,"url":"https:\/\/www.jornalja.com.br\/arquivo\/plano-diretor-estamos-construindo-o-caos\/","url_meta":{"origin":49776,"position":2},"title":"Plano diretor: &quot;Estamos construindo o caos&quot;","author":"Patr\u00edcia Marini","date":"26 de maio de 2014","format":false,"excerpt":"Desabafo que arquiteta Eliana Castilhos, delegada da Regi\u00e3o de Planejamento 1, postou nas redes sociais \u00e9 um testemunho do ambiente que se criou no Conselho do Plano Diretor de Porto Alegre, onde a aprova\u00e7\u00e3o de grandes empreendimentos \u00e9 empurrada guela abaixo dos conselheiros. Ao CMDUA Como delegada da Regi\u00e3o de\u2026","rel":"","context":"Em &quot;Geral&quot;","block_context":{"text":"Geral","link":"https:\/\/www.jornalja.com.br\/arquivo\/category\/geral\/"},"img":{"alt_text":"","src":"","width":0,"height":0},"classes":[]},{"id":13239,"url":"https:\/\/www.jornalja.com.br\/arquivo\/conselho-desdenha-do-plano-diretor\/","url_meta":{"origin":49776,"position":3},"title":"Porto Alegre: Conselho detona Plano Diretor","author":"Patr\u00edcia Marini","date":"25 de maio de 2014","format":false,"excerpt":"Den\u00fancia do arquiteto e \u00a0urbanista Ibir\u00e1 Santos Lucas. Ele diz que os conselheiros est\u00e3o votando com \"enorme irresponsabilidade\". \"Mudam regime com a maior naturalidade,,,regularizam absurdos de constru\u00e7\u00f5es irregulares... \"O CMDUA est\u00e1 flexibilizando a lei do plano diretor, de uma forma impactante na vida da cidade. Mudam regime com a maior\u2026","rel":"","context":"Em &quot;Geral&quot;","block_context":{"text":"Geral","link":"https:\/\/www.jornalja.com.br\/arquivo\/category\/geral\/"},"img":{"alt_text":"","src":"","width":0,"height":0},"classes":[]},{"id":13101,"url":"https:\/\/www.jornalja.com.br\/arquivo\/morre-um-guerreiro-do-texto\/","url_meta":{"origin":49776,"position":4},"title":"Morre um guerreiro do texto","author":"Patr\u00edcia Marini","date":"14 de maio de 2014","format":false,"excerpt":"Por Ricardo Kotscho Reproduzido do blog do autor, 11\/5\/2014; t\u00edtulo original \u201cE l\u00e1 se foi o nosso Myltainho, guerreiro do texto\u201d. Mi\u00fado e franzino, meu amigo Myltainho era um valente e inconformado guerreiro na luta contra as injusti\u00e7as sociais, a hipocrisia, as maracutaias, o autoritarismo, a intoler\u00e2ncia, a viol\u00eancia, o\u2026","rel":"","context":"Em &quot;Geral&quot;","block_context":{"text":"Geral","link":"https:\/\/www.jornalja.com.br\/arquivo\/category\/geral\/"},"img":{"alt_text":"","src":"","width":0,"height":0},"classes":[]},{"id":13128,"url":"https:\/\/www.jornalja.com.br\/arquivo\/maconha-terra-diz-que-uso-medicinal-e-desculpa\/","url_meta":{"origin":49776,"position":5},"title":"Maconha: Terra diz que uso medicinal \u00e9 desculpa","author":"Patr\u00edcia Marini","date":"4 de junho de 2014","format":false,"excerpt":"A condi\u00e7\u00e3o de pol\u00edtico, em \u00e9poca de campanha de campanha eleitoral, tira for\u00e7a do discurso do m\u00e9dico Osmar Terra contra a legaliza\u00e7\u00e3o da maconha. A tese dele de que a libera\u00e7\u00e3o vai ampliar exponencialmente o consumo \u00e9 discutivel, o consumo \u00e9 corrente. Mas seus alertas quanto aos riscos tem que\u2026","rel":"","context":"Em &quot;X.Categorias velhas&quot;","block_context":{"text":"X.Categorias velhas","link":"https:\/\/www.jornalja.com.br\/arquivo\/category\/x-categorias-velhas\/"},"img":{"alt_text":"","src":"","width":0,"height":0},"classes":[]}],"jetpack_shortlink":"https:\/\/wp.me\/pbQjBd-cWQ","jetpack_featured_media_url":"","_links":{"self":[{"href":"https:\/\/www.jornalja.com.br\/arquivo\/wp-json\/wp\/v2\/posts\/49776","targetHints":{"allow":["GET"]}}],"collection":[{"href":"https:\/\/www.jornalja.com.br\/arquivo\/wp-json\/wp\/v2\/posts"}],"about":[{"href":"https:\/\/www.jornalja.com.br\/arquivo\/wp-json\/wp\/v2\/types\/post"}],"author":[{"embeddable":true,"href":"https:\/\/www.jornalja.com.br\/arquivo\/wp-json\/wp\/v2\/users\/4"}],"replies":[{"embeddable":true,"href":"https:\/\/www.jornalja.com.br\/arquivo\/wp-json\/wp\/v2\/comments?post=49776"}],"version-history":[{"count":0,"href":"https:\/\/www.jornalja.com.br\/arquivo\/wp-json\/wp\/v2\/posts\/49776\/revisions"}],"wp:attachment":[{"href":"https:\/\/www.jornalja.com.br\/arquivo\/wp-json\/wp\/v2\/media?parent=49776"}],"wp:term":[{"taxonomy":"category","embeddable":true,"href":"https:\/\/www.jornalja.com.br\/arquivo\/wp-json\/wp\/v2\/categories?post=49776"},{"taxonomy":"post_tag","embeddable":true,"href":"https:\/\/www.jornalja.com.br\/arquivo\/wp-json\/wp\/v2\/tags?post=49776"}],"curies":[{"name":"wp","href":"https:\/\/api.w.org\/{rel}","templated":true}]}}