{"id":49864,"date":"2017-06-12T11:38:49","date_gmt":"2017-06-12T14:38:49","guid":{"rendered":"https:\/\/www.jornalja.com.br\/?p=49864"},"modified":"2017-06-12T11:38:49","modified_gmt":"2017-06-12T14:38:49","slug":"decapitacoes-em-porto-alegre-o-terror-mora-ao-lado","status":"publish","type":"post","link":"https:\/\/www.jornalja.com.br\/arquivo\/decapitacoes-em-porto-alegre-o-terror-mora-ao-lado\/","title":{"rendered":"Decapita\u00e7\u00f5es em Porto Alegre: o terror mora ao lado"},"content":{"rendered":"<p>Eram 8h15 de um domingo, quando a pol\u00edcia foi informada por algu\u00e9m que n\u00e3o se identificou: havia uma cabe\u00e7a humana dentro de uma caixa de papel\u00e3o na rua dr. Murtinho, no bairro Bom Jesus.<br \/>\nA Brigada Militar encontrou o corpo uma hora depois, a um quil\u00f4metro dali, na avenida Prot\u00e1sio Alves. Estava enrolado num edredom, perfurado de bala. Nas costas, o recado\u00a0 dos executores. \u201cBNC\u201d. \u201cAntibala, um abra\u00e7o dos Bala\u201d<br \/>\nNesse dia, 17 de janeiro de 2016, se introduziu o terror na guerra entre as duas maiores fac\u00e7\u00f5es criminosas que disputam territ\u00f3rios na capital ga\u00facha. Seguiu-se uma s\u00e9rie de crimes brutais com decapita\u00e7\u00f5es e esquartejamentos que levou pavor aos bairros da Zona Norte de Porto Alegre.<br \/>\nSeriam 25 casos na regi\u00e3o metropolitana de Porto Alegre: 16 no ano passado e nove este ano. Os n\u00fameros s\u00e3o imprecisos porque os inqu\u00e9ritos est\u00e3o dispersos por seis delegacias e h\u00e1 muitos casos de corpos carbonizados dentro de carros incendiados.<br \/>\nH\u00e1 tamb\u00e9m, pelo menos, tr\u00eas casos de esquartejamentos comprovados por v\u00eddeos e testemunhas, mas os corpos ainda n\u00e3o foram encontrados.<br \/>\nA delegada Luciana Smith, da 5\u00aa Delegacia de Homic\u00eddios, j\u00e1 concluiu oito dos 12 inqu\u00e9ritos relativos a casos ocorridos na Zona Norte da capital. Os autores identificados, a maioria presos. Ela ainda n\u00e3o tem n\u00fameros consolidados. \u201cS\u00e3o muitos, s\u00f3 nos dois \u00faltimos casos foram mais de 20 pessoas presas\u201d, explica. Os foragidos seriam uma dezena, pelo menos.<br \/>\n<figure id=\"attachment_49873\" aria-describedby=\"caption-attachment-49873\" style=\"width: 280px\" class=\"wp-caption alignleft\"><img loading=\"lazy\" decoding=\"async\" class=\"wp-image-49873 \" src=\"https:\/\/www.jornalja.com.br\/wp-content\/uploads\/2017\/06\/Decaptado-255x400.jpg\" alt=\"\" width=\"280\" height=\"432\" \/><figcaption id=\"caption-attachment-49873\" class=\"wp-caption-text\">Pol\u00edcia registra mais de 20 decapita\u00e7\u00f5es em 18 meses<\/figcaption><\/figure><br \/>\nSegundo a pol\u00edcia, essa fase de crimes brutais provocou uma mudan\u00e7a na estrutura das fac\u00e7\u00f5es, com introdu\u00e7\u00e3o de uma nova c\u00e9lula \u2013a dos carrascos \u2013 no organograma tradicional de gerentes, distribuidores, vapores e soldados. Tamb\u00e9m ao arsenal de armas modernas foram acrescentados primitivos machados e foices.<br \/>\nA delegada acredita que as pris\u00f5es efetuadas nos \u00faltimos tr\u00eas meses em grandes opera\u00e7\u00f5es policiais,\u00a0 desmontaram os grupos de exterm\u00ednio, ao menos temporariamente. A transfer\u00eancia de Jos\u00e9 Dalvani, o Minhoca, preso no Paraguai e transferido para um pres\u00eddio federal no Mato Grosso, e a morte de Marcelo dos Santos, o Mais Mais, em confronto com a BM, tamb\u00e9m contribu\u00edram para a cessa\u00e7\u00e3o dos crimes. Minhoca comandava uma das fac\u00e7\u00f5es desde o Paraguai e Mais Mais era seu principal operador.<br \/>\n<figure id=\"attachment_49872\" aria-describedby=\"caption-attachment-49872\" style=\"width: 620px\" class=\"wp-caption alignnone\"><img loading=\"lazy\" decoding=\"async\" class=\"wp-image-49872 size-full\" src=\"https:\/\/www.jornalja.com.br\/wp-content\/uploads\/2017\/06\/opera\u00e7\u00e3o-safari-3-machado.jpg\" alt=\"\" width=\"620\" height=\"465\" \/><figcaption id=\"caption-attachment-49872\" class=\"wp-caption-text\">Entre as armas apreendidas, um machado usado para cortar cabe\u00e7as<\/figcaption><\/figure><br \/>\n<span class=\"intertit\"><strong>Para al\u00e9m da guerra<\/strong><\/span><br \/>\nA decapita\u00e7\u00e3o de quatro jovens, no in\u00edcio de novembro passado, revelou que, menos de um ano depois, o terror se havia banalizado para al\u00e9m da guerra entre fac\u00e7\u00f5es.<br \/>\n<figure id=\"attachment_49869\" aria-describedby=\"caption-attachment-49869\" style=\"width: 432px\" class=\"wp-caption alignnone\"><img loading=\"lazy\" decoding=\"async\" class=\"wp-image-49869 size-full\" src=\"https:\/\/www.jornalja.com.br\/wp-content\/uploads\/2017\/06\/vitimas.jpg\" alt=\"\" width=\"432\" height=\"400\" \/><figcaption id=\"caption-attachment-49869\" class=\"wp-caption-text\">Bruno, Eduardo; abaixo, Ederson e \u00c9merson\/Foto PC\/Divulga\u00e7\u00e3o<\/figcaption><\/figure><br \/>\nEduardo dos Santos, Ederson Ara\u00fajo, Emerson Pereira, todos de 21 anos, e Bruno Ferreira , de 19, foram as v\u00edtimas.<br \/>\nEles n\u00e3o tinham envolvimentos com o tr\u00e1fico, mas tinham antecedentes\u00a0 por roubo de carro e porte ilegal de arma, e um deles, o Emerson, cumpria pris\u00e3o domiciliar.<br \/>\nA pol\u00edcia apurou que no s\u00e1bado, 5 de novembro, eles roubaram um carro no bairro Rubem Berta, na Zona Norte da capital.<br \/>\nNo domingo, assaltaram uma casa na Vila Americana. Fizeram uma limpa e levaram o carro da fam\u00edlia. Provavelmente n\u00e3o sabiam que ali morava a m\u00e3e do chefe do tr\u00e1fico na Vila do Umb\u00fa, ali ao lado.<br \/>\nSe soubessem, n\u00e3o teriam oferecido o carro roubado em mensagens pelo Whatsapp.\u00a0 Atra\u00eddos por um suposto interessado\u00a0 em comprar o carro, chegaram ao p\u00e1tio de um Hipermercado em Alvorada, onde foram rendidos e levados para uma casa abandonada.<br \/>\nForam encontrados na quinta-feira, 10, dentro de um carro abandonado na rua Tup\u00e3 na vila ao lado, a Salom\u00e9. Um corpo estava estendido no banco traseiro, com as m\u00e3os e p\u00e9s amarrados. Entre os bancos estava a cabe\u00e7a, dentro de um saco pl\u00e1stico.<br \/>\nNo porta-malas, outros tr\u00eas corpos empilhados, tamb\u00e9m com p\u00e9s e m\u00e3os amarrados, as cabe\u00e7as dentro de um saco de lixo.<br \/>\nMoradores viram tr\u00eas homens que deixaram o carro na rua Tup\u00e3 embarcarem em outro, que esperava pouco adiante.<br \/>\nEm redes sociais, os criminosos espalharam fotos do crime e das v\u00edtimas momentos antes de serem mortas. A pol\u00edcia acredita que as imagens tenham sido enviadas para quem havia arquitetado as execu\u00e7\u00f5es.<br \/>\nCinco dias depois, foi preso Cristiano dos Santos Soares, de 21 anos, flagrado pela BM com um carro roubado, armas e muni\u00e7\u00f5es. Em sua ficha criminal constam quatro homic\u00eddios.<br \/>\nNo celular aprendido com ele, a pol\u00edcia encontrou as pistas e esclareceu o caso. Descobriu que o crime havia sido comandado de dentro do pres\u00eddio Central. Ao final de seis meses de investiga\u00e7\u00e3o, foram presos sete envolvidos. Tr\u00eas outros j\u00e1 identificados\u00a0 ainda est\u00e3o foragidos.<\/p>\n","protected":false},"excerpt":{"rendered":"<p>Eram 8h15 de um domingo, quando a pol\u00edcia foi informada por algu\u00e9m que n\u00e3o se identificou: havia uma cabe\u00e7a humana dentro de uma caixa de papel\u00e3o na rua dr. Murtinho, no bairro Bom Jesus. A Brigada Militar encontrou o corpo uma hora depois, a um quil\u00f4metro dali, na avenida Prot\u00e1sio Alves. Estava enrolado num edredom, [&hellip;]<\/p>\n","protected":false},"author":4,"featured_media":49870,"comment_status":"open","ping_status":"closed","sticky":false,"template":"","format":"standard","meta":{"_jetpack_newsletter_access":"","_jetpack_dont_email_post_to_subs":false,"_jetpack_newsletter_tier_id":0,"_jetpack_memberships_contains_paywalled_content":false,"_jetpack_feature_clip_id":0,"_jetpack_memberships_contains_paid_content":false,"footnotes":"","jetpack_post_was_ever_published":false},"categories":[26],"tags":[],"class_list":["post-49864","post","type-post","status-publish","format-standard","has-post-thumbnail","hentry","category-geral"],"aioseo_notices":[],"aioseo_head":"\n\t\t<!-- All in One SEO 5.0.1.1 - aioseo.com -->\n\t<meta name=\"robots\" content=\"max-image-preview:large\" \/>\n\t<meta name=\"author\" content=\"da Reda\u00e7\u00e3o\"\/>\n\t<link rel=\"canonical\" href=\"https:\/\/www.jornalja.com.br\/arquivo\/decapitacoes-em-porto-alegre-o-terror-mora-ao-lado\/\" \/>\n\t<meta name=\"generator\" content=\"All in One SEO (AIOSEO) 5.0.1.1\" \/>\n\t\t<meta property=\"og:locale\" content=\"pt_BR\" \/>\n\t\t<meta property=\"og:site_name\" content=\"Arquivo | Jornal J\u00c1 | Porto Alegre\" \/>\n\t\t<meta property=\"og:type\" content=\"article\" \/>\n\t\t<meta property=\"og:title\" content=\"Decapita\u00e7\u00f5es em Porto Alegre: o terror mora ao lado | Arquivo\" \/>\n\t\t<meta property=\"og:url\" content=\"https:\/\/www.jornalja.com.br\/arquivo\/decapitacoes-em-porto-alegre-o-terror-mora-ao-lado\/\" \/>\n\t\t<meta property=\"og:image\" content=\"https:\/\/www.jornalja.com.br\/wp-content\/uploads\/2017\/06\/Decaptado-255x400.jpg\" \/>\n\t\t<meta property=\"og:image:secure_url\" content=\"https:\/\/www.jornalja.com.br\/wp-content\/uploads\/2017\/06\/Decaptado-255x400.jpg\" \/>\n\t\t<meta property=\"article:published_time\" content=\"2017-06-12T14:38:49+00:00\" \/>\n\t\t<meta property=\"article:modified_time\" content=\"2017-06-12T14:38:49+00:00\" \/>\n\t\t<meta name=\"twitter:card\" content=\"summary\" \/>\n\t\t<meta name=\"twitter:title\" content=\"Decapita\u00e7\u00f5es em Porto Alegre: o terror mora ao lado | Arquivo\" \/>\n\t\t<meta name=\"twitter:image\" content=\"https:\/\/www.jornalja.com.br\/economics\/wp-content\/uploads\/sites\/11\/2026\/08\/ja-folhaderosto-facebook.jpg\" \/>\n\t\t<script type=\"application\/ld+json\" class=\"aioseo-schema\">\n\t\t\t{\"@context\":\"https:\\\/\\\/schema.org\",\"@graph\":[{\"@type\":\"BlogPosting\",\"@id\":\"https:\\\/\\\/www.jornalja.com.br\\\/arquivo\\\/decapitacoes-em-porto-alegre-o-terror-mora-ao-lado\\\/#blogposting\",\"name\":\"Decapita\\u00e7\\u00f5es em Porto Alegre: o terror mora ao lado | Arquivo\",\"headline\":\"Decapita\\u00e7\\u00f5es em Porto Alegre: o terror mora ao lado\",\"author\":{\"@id\":\"https:\\\/\\\/www.jornalja.com.br\\\/arquivo\\\/author\\\/daredacao\\\/#author\"},\"publisher\":{\"@id\":\"https:\\\/\\\/www.jornalja.com.br\\\/arquivo\\\/#organization\"},\"image\":{\"@type\":\"ImageObject\",\"url\":49870},\"datePublished\":\"2017-06-12T11:38:49-03:00\",\"dateModified\":\"2017-06-12T11:38:49-03:00\",\"inLanguage\":\"pt-BR\",\"mainEntityOfPage\":{\"@id\":\"https:\\\/\\\/www.jornalja.com.br\\\/arquivo\\\/decapitacoes-em-porto-alegre-o-terror-mora-ao-lado\\\/#webpage\"},\"isPartOf\":{\"@id\":\"https:\\\/\\\/www.jornalja.com.br\\\/arquivo\\\/decapitacoes-em-porto-alegre-o-terror-mora-ao-lado\\\/#webpage\"},\"articleSection\":\"Geral\"},{\"@type\":\"BreadcrumbList\",\"@id\":\"https:\\\/\\\/www.jornalja.com.br\\\/arquivo\\\/decapitacoes-em-porto-alegre-o-terror-mora-ao-lado\\\/#breadcrumblist\",\"itemListElement\":[{\"@type\":\"ListItem\",\"@id\":\"https:\\\/\\\/www.jornalja.com.br\\\/arquivo#listItem\",\"position\":1,\"name\":\"Home\",\"item\":\"https:\\\/\\\/www.jornalja.com.br\\\/arquivo\",\"nextItem\":{\"@type\":\"ListItem\",\"@id\":\"https:\\\/\\\/www.jornalja.com.br\\\/arquivo\\\/category\\\/geral\\\/#listItem\",\"name\":\"Geral\"}},{\"@type\":\"ListItem\",\"@id\":\"https:\\\/\\\/www.jornalja.com.br\\\/arquivo\\\/category\\\/geral\\\/#listItem\",\"position\":2,\"name\":\"Geral\",\"item\":\"https:\\\/\\\/www.jornalja.com.br\\\/arquivo\\\/category\\\/geral\\\/\",\"nextItem\":{\"@type\":\"ListItem\",\"@id\":\"https:\\\/\\\/www.jornalja.com.br\\\/arquivo\\\/decapitacoes-em-porto-alegre-o-terror-mora-ao-lado\\\/#listItem\",\"name\":\"Decapita\\u00e7\\u00f5es em Porto Alegre: o terror mora ao lado\"},\"previousItem\":{\"@type\":\"ListItem\",\"@id\":\"https:\\\/\\\/www.jornalja.com.br\\\/arquivo#listItem\",\"name\":\"Home\"}},{\"@type\":\"ListItem\",\"@id\":\"https:\\\/\\\/www.jornalja.com.br\\\/arquivo\\\/decapitacoes-em-porto-alegre-o-terror-mora-ao-lado\\\/#listItem\",\"position\":3,\"name\":\"Decapita\\u00e7\\u00f5es em Porto Alegre: o terror mora ao lado\",\"previousItem\":{\"@type\":\"ListItem\",\"@id\":\"https:\\\/\\\/www.jornalja.com.br\\\/arquivo\\\/category\\\/geral\\\/#listItem\",\"name\":\"Geral\"}}]},{\"@type\":\"Organization\",\"@id\":\"https:\\\/\\\/www.jornalja.com.br\\\/arquivo\\\/#organization\",\"name\":\"Jornal J\\u00c1\",\"description\":\"Jornal J\\u00c1 | Porto Alegre\",\"url\":\"https:\\\/\\\/www.jornalja.com.br\\\/arquivo\\\/\",\"telephone\":\"+555133307272\",\"logo\":{\"@type\":\"ImageObject\",\"url\":\"https:\\\/\\\/www.jornalja.com.br\\\/wp-content\\\/uploads\\\/cards\\\/JAslogan.png\",\"@id\":\"https:\\\/\\\/www.jornalja.com.br\\\/arquivo\\\/decapitacoes-em-porto-alegre-o-terror-mora-ao-lado\\\/#organizationLogo\"},\"image\":{\"@id\":\"https:\\\/\\\/www.jornalja.com.br\\\/arquivo\\\/decapitacoes-em-porto-alegre-o-terror-mora-ao-lado\\\/#organizationLogo\"}},{\"@type\":\"Person\",\"@id\":\"https:\\\/\\\/www.jornalja.com.br\\\/arquivo\\\/author\\\/daredacao\\\/#author\",\"url\":\"https:\\\/\\\/www.jornalja.com.br\\\/arquivo\\\/author\\\/daredacao\\\/\",\"name\":\"da Reda\\u00e7\\u00e3o\",\"image\":{\"@type\":\"ImageObject\",\"@id\":\"https:\\\/\\\/www.jornalja.com.br\\\/arquivo\\\/decapitacoes-em-porto-alegre-o-terror-mora-ao-lado\\\/#authorImage\",\"url\":\"https:\\\/\\\/secure.gravatar.com\\\/avatar\\\/469fd857d6605ad19919d27ed29d35a968a25f6e8fd9318356bbb7f57aae9c65?s=96&d=mm&r=g\",\"width\":96,\"height\":96,\"caption\":\"da Reda\\u00e7\\u00e3o\"}},{\"@type\":\"WebPage\",\"@id\":\"https:\\\/\\\/www.jornalja.com.br\\\/arquivo\\\/decapitacoes-em-porto-alegre-o-terror-mora-ao-lado\\\/#webpage\",\"url\":\"https:\\\/\\\/www.jornalja.com.br\\\/arquivo\\\/decapitacoes-em-porto-alegre-o-terror-mora-ao-lado\\\/\",\"name\":\"Decapita\\u00e7\\u00f5es em Porto Alegre: o terror mora ao lado | Arquivo\",\"inLanguage\":\"pt-BR\",\"isPartOf\":{\"@id\":\"https:\\\/\\\/www.jornalja.com.br\\\/arquivo\\\/#website\"},\"breadcrumb\":{\"@id\":\"https:\\\/\\\/www.jornalja.com.br\\\/arquivo\\\/decapitacoes-em-porto-alegre-o-terror-mora-ao-lado\\\/#breadcrumblist\"},\"author\":{\"@id\":\"https:\\\/\\\/www.jornalja.com.br\\\/arquivo\\\/author\\\/daredacao\\\/#author\"},\"creator\":{\"@id\":\"https:\\\/\\\/www.jornalja.com.br\\\/arquivo\\\/author\\\/daredacao\\\/#author\"},\"image\":{\"@type\":\"ImageObject\",\"url\":49870,\"@id\":\"https:\\\/\\\/www.jornalja.com.br\\\/arquivo\\\/decapitacoes-em-porto-alegre-o-terror-mora-ao-lado\\\/#mainImage\"},\"primaryImageOfPage\":{\"@id\":\"https:\\\/\\\/www.jornalja.com.br\\\/arquivo\\\/decapitacoes-em-porto-alegre-o-terror-mora-ao-lado\\\/#mainImage\"},\"datePublished\":\"2017-06-12T11:38:49-03:00\",\"dateModified\":\"2017-06-12T11:38:49-03:00\"},{\"@type\":\"WebSite\",\"@id\":\"https:\\\/\\\/www.jornalja.com.br\\\/arquivo\\\/#website\",\"url\":\"https:\\\/\\\/www.jornalja.com.br\\\/arquivo\\\/\",\"name\":\"Arquivo\",\"description\":\"Jornal J\\u00c1 | Porto Alegre\",\"inLanguage\":\"pt-BR\",\"publisher\":{\"@id\":\"https:\\\/\\\/www.jornalja.com.br\\\/arquivo\\\/#organization\"}}]}\n\t\t<\/script>\n\t\t<!-- All in One SEO -->\n\n","aioseo_head_json":{"title":"Decapita\u00e7\u00f5es em Porto Alegre: o terror mora ao lado | Arquivo","description":"","canonical_url":"https:\/\/www.jornalja.com.br\/arquivo\/decapitacoes-em-porto-alegre-o-terror-mora-ao-lado\/","robots":"max-image-preview:large","keywords":"","webmasterTools":{"miscellaneous":""},"schema":{"@context":"https:\/\/schema.org","@graph":[{"@type":"BlogPosting","@id":"https:\/\/www.jornalja.com.br\/arquivo\/decapitacoes-em-porto-alegre-o-terror-mora-ao-lado\/#blogposting","name":"Decapita\u00e7\u00f5es em Porto Alegre: o terror mora ao lado | Arquivo","headline":"Decapita\u00e7\u00f5es em Porto Alegre: o terror mora ao lado","author":{"@id":"https:\/\/www.jornalja.com.br\/arquivo\/author\/daredacao\/#author"},"publisher":{"@id":"https:\/\/www.jornalja.com.br\/arquivo\/#organization"},"image":{"@type":"ImageObject","url":49870},"datePublished":"2017-06-12T11:38:49-03:00","dateModified":"2017-06-12T11:38:49-03:00","inLanguage":"pt-BR","mainEntityOfPage":{"@id":"https:\/\/www.jornalja.com.br\/arquivo\/decapitacoes-em-porto-alegre-o-terror-mora-ao-lado\/#webpage"},"isPartOf":{"@id":"https:\/\/www.jornalja.com.br\/arquivo\/decapitacoes-em-porto-alegre-o-terror-mora-ao-lado\/#webpage"},"articleSection":"Geral"},{"@type":"BreadcrumbList","@id":"https:\/\/www.jornalja.com.br\/arquivo\/decapitacoes-em-porto-alegre-o-terror-mora-ao-lado\/#breadcrumblist","itemListElement":[{"@type":"ListItem","@id":"https:\/\/www.jornalja.com.br\/arquivo#listItem","position":1,"name":"Home","item":"https:\/\/www.jornalja.com.br\/arquivo","nextItem":{"@type":"ListItem","@id":"https:\/\/www.jornalja.com.br\/arquivo\/category\/geral\/#listItem","name":"Geral"}},{"@type":"ListItem","@id":"https:\/\/www.jornalja.com.br\/arquivo\/category\/geral\/#listItem","position":2,"name":"Geral","item":"https:\/\/www.jornalja.com.br\/arquivo\/category\/geral\/","nextItem":{"@type":"ListItem","@id":"https:\/\/www.jornalja.com.br\/arquivo\/decapitacoes-em-porto-alegre-o-terror-mora-ao-lado\/#listItem","name":"Decapita\u00e7\u00f5es em Porto Alegre: o terror mora ao lado"},"previousItem":{"@type":"ListItem","@id":"https:\/\/www.jornalja.com.br\/arquivo#listItem","name":"Home"}},{"@type":"ListItem","@id":"https:\/\/www.jornalja.com.br\/arquivo\/decapitacoes-em-porto-alegre-o-terror-mora-ao-lado\/#listItem","position":3,"name":"Decapita\u00e7\u00f5es em Porto Alegre: o terror mora ao lado","previousItem":{"@type":"ListItem","@id":"https:\/\/www.jornalja.com.br\/arquivo\/category\/geral\/#listItem","name":"Geral"}}]},{"@type":"Organization","@id":"https:\/\/www.jornalja.com.br\/arquivo\/#organization","name":"Jornal J\u00c1","description":"Jornal J\u00c1 | Porto Alegre","url":"https:\/\/www.jornalja.com.br\/arquivo\/","telephone":"+555133307272","logo":{"@type":"ImageObject","url":"https:\/\/www.jornalja.com.br\/wp-content\/uploads\/cards\/JAslogan.png","@id":"https:\/\/www.jornalja.com.br\/arquivo\/decapitacoes-em-porto-alegre-o-terror-mora-ao-lado\/#organizationLogo"},"image":{"@id":"https:\/\/www.jornalja.com.br\/arquivo\/decapitacoes-em-porto-alegre-o-terror-mora-ao-lado\/#organizationLogo"}},{"@type":"Person","@id":"https:\/\/www.jornalja.com.br\/arquivo\/author\/daredacao\/#author","url":"https:\/\/www.jornalja.com.br\/arquivo\/author\/daredacao\/","name":"da Reda\u00e7\u00e3o","image":{"@type":"ImageObject","@id":"https:\/\/www.jornalja.com.br\/arquivo\/decapitacoes-em-porto-alegre-o-terror-mora-ao-lado\/#authorImage","url":"https:\/\/secure.gravatar.com\/avatar\/469fd857d6605ad19919d27ed29d35a968a25f6e8fd9318356bbb7f57aae9c65?s=96&d=mm&r=g","width":96,"height":96,"caption":"da Reda\u00e7\u00e3o"}},{"@type":"WebPage","@id":"https:\/\/www.jornalja.com.br\/arquivo\/decapitacoes-em-porto-alegre-o-terror-mora-ao-lado\/#webpage","url":"https:\/\/www.jornalja.com.br\/arquivo\/decapitacoes-em-porto-alegre-o-terror-mora-ao-lado\/","name":"Decapita\u00e7\u00f5es em Porto Alegre: o terror mora ao lado | Arquivo","inLanguage":"pt-BR","isPartOf":{"@id":"https:\/\/www.jornalja.com.br\/arquivo\/#website"},"breadcrumb":{"@id":"https:\/\/www.jornalja.com.br\/arquivo\/decapitacoes-em-porto-alegre-o-terror-mora-ao-lado\/#breadcrumblist"},"author":{"@id":"https:\/\/www.jornalja.com.br\/arquivo\/author\/daredacao\/#author"},"creator":{"@id":"https:\/\/www.jornalja.com.br\/arquivo\/author\/daredacao\/#author"},"image":{"@type":"ImageObject","url":49870,"@id":"https:\/\/www.jornalja.com.br\/arquivo\/decapitacoes-em-porto-alegre-o-terror-mora-ao-lado\/#mainImage"},"primaryImageOfPage":{"@id":"https:\/\/www.jornalja.com.br\/arquivo\/decapitacoes-em-porto-alegre-o-terror-mora-ao-lado\/#mainImage"},"datePublished":"2017-06-12T11:38:49-03:00","dateModified":"2017-06-12T11:38:49-03:00"},{"@type":"WebSite","@id":"https:\/\/www.jornalja.com.br\/arquivo\/#website","url":"https:\/\/www.jornalja.com.br\/arquivo\/","name":"Arquivo","description":"Jornal J\u00c1 | Porto Alegre","inLanguage":"pt-BR","publisher":{"@id":"https:\/\/www.jornalja.com.br\/arquivo\/#organization"}}]},"og:locale":"pt_BR","og:site_name":"Arquivo | Jornal J\u00c1 | Porto Alegre","og:type":"article","og:title":"Decapita\u00e7\u00f5es em Porto Alegre: o terror mora ao lado | Arquivo","og:url":"https:\/\/www.jornalja.com.br\/arquivo\/decapitacoes-em-porto-alegre-o-terror-mora-ao-lado\/","og:image":"https:\/\/www.jornalja.com.br\/wp-content\/uploads\/2017\/06\/Decaptado-255x400.jpg","og:image:secure_url":"https:\/\/www.jornalja.com.br\/wp-content\/uploads\/2017\/06\/Decaptado-255x400.jpg","article:published_time":"2017-06-12T14:38:49+00:00","article:modified_time":"2017-06-12T14:38:49+00:00","twitter:card":"summary","twitter:title":"Decapita\u00e7\u00f5es em Porto Alegre: o terror mora ao lado | Arquivo","twitter:image":"https:\/\/www.jornalja.com.br\/economics\/wp-content\/uploads\/sites\/11\/2026\/08\/ja-folhaderosto-facebook.jpg"},"aioseo_meta_data":{"post_id":"49864","title":null,"description":null,"keywords":null,"keyphrases":null,"primary_term":null,"canonical_url":null,"og_title":null,"og_description":null,"og_object_type":"default","og_image_type":"default","og_image_url":null,"og_image_width":null,"og_image_height":null,"og_image_custom_url":null,"og_image_custom_fields":null,"og_video":null,"og_custom_url":null,"og_article_section":null,"og_article_tags":null,"twitter_use_og":false,"twitter_card":"default","twitter_image_type":"default","twitter_image_url":null,"twitter_image_custom_url":null,"twitter_image_custom_fields":null,"twitter_title":null,"twitter_description":null,"schema":{"blockGraphs":[],"customGraphs":[],"default":{"data":{"Article":[],"Course":[],"Dataset":[],"FAQPage":[],"Movie":[],"Person":[],"Product":[],"ProductReview":[],"Car":[],"Recipe":[],"Service":[],"SoftwareApplication":[],"WebPage":[]},"graphName":"","isEnabled":true},"graphs":[]},"schema_type":null,"schema_type_options":null,"pillar_content":false,"robots_default":true,"robots_noindex":false,"robots_noarchive":false,"robots_nosnippet":false,"robots_nofollow":false,"robots_noimageindex":false,"robots_noodp":false,"robots_notranslate":false,"robots_max_snippet":null,"robots_max_videopreview":null,"robots_max_imagepreview":"large","priority":null,"frequency":null,"location":null,"local_seo":null,"breadcrumb_settings":null,"limit_modified_date":false,"ai":null,"created":"2020-12-20 20:32:00","updated":"2025-07-19 22:04:53","seo_analyzer_scan_date":null,"focus_keyword":null,"additional_keywords":null,"truseo_locale":null},"jetpack_sharing_enabled":true,"jetpack-related-posts":[{"id":14241,"url":"https:\/\/www.jornalja.com.br\/arquivo\/o-guaiba-nas-imagens-poeticas-de-achutti\/","url_meta":{"origin":49864,"position":0},"title":"O Gua\u00edba nas imagens po\u00e9ticas de Achutti","author":"da Reda\u00e7\u00e3o","date":"18 de junho de 2014","format":false,"excerpt":"Em \u201cO Gua\u00edba por Achutti\u201d \u2013 obra financiada via Minist\u00e9rio da Cultura, produ\u00e7\u00e3o executiva de Pedro Longhi, e Fl\u00e1vio Wild como designer \u2013, o fot\u00f3grafo revela a beleza e as mazelas de um espa\u00e7o aqu\u00e1tico de \u00e1guas sempre renovadas, cheio de hist\u00f3rias e lendas como as das cidades que foram\u2026","rel":"","context":"Em &quot;Cultura-Geral&quot;","block_context":{"text":"Cultura-Geral","link":"https:\/\/www.jornalja.com.br\/arquivo\/category\/materiasecundaria\/"},"img":{"alt_text":"","src":"","width":0,"height":0},"classes":[]},{"id":1280,"url":"https:\/\/www.jornalja.com.br\/arquivo\/o-menino-que-se-tornou-brizola\/","url_meta":{"origin":49864,"position":1},"title":"O Menino que se Tornou Brizola","author":"da Reda\u00e7\u00e3o","date":"28 de julho de 2008","format":false,"excerpt":"Autor: Cleber Dioni A vida de Leonel Brizola, com \u00eanfase para os primeiros anos em Porto Alegre, at\u00e9 o ex\u00edlio no Uruguai e a volta, quinze anos depois. \u00a0\"...\u00c9ramos todos jovens e nos identific\u00e1vamos com aquela massa an\u00f4nima a percorrer as ruas de Porto Alegre, gritando 'Get\u00falio', 'Get\u00falio' e empunhando\u2026","rel":"","context":"Em &quot;Livros&quot;","block_context":{"text":"Livros","link":"https:\/\/www.jornalja.com.br\/arquivo\/category\/livros\/"},"img":{"alt_text":"","src":"https:\/\/i0.wp.com\/www.jornalja.com.br\/wp-content\/uploads\/2008\/07\/brizola.gif?resize=350%2C200&ssl=1","width":350,"height":200},"classes":[]},{"id":13124,"url":"https:\/\/www.jornalja.com.br\/arquivo\/sangue-latino-no-iecine\/","url_meta":{"origin":49864,"position":2},"title":"Sangue latino no IECINE","author":"da Reda\u00e7\u00e3o","date":"18 de maio de 2014","format":false,"excerpt":"Francisco Ribeiro O Instituto Estadual de Cinema (IECINE) tem a frente, desde abril \u00faltimo, um novo diretor, o cineasta colombiano Juan Zapata, 36, que substitui Luiz Alberto Cassol. Radicado h\u00e1 dez anos em Porto Alegre, Zapata tem diante de si o desafio de conduzir at\u00e9 o final do ano um\u2026","rel":"","context":"Em &quot;Cultura-Geral&quot;","block_context":{"text":"Cultura-Geral","link":"https:\/\/www.jornalja.com.br\/arquivo\/category\/materiasecundaria\/"},"img":{"alt_text":"","src":"","width":0,"height":0},"classes":[]},{"id":13240,"url":"https:\/\/www.jornalja.com.br\/arquivo\/plano-diretor-estamos-construindo-o-caos\/","url_meta":{"origin":49864,"position":3},"title":"Plano diretor: &quot;Estamos construindo o caos&quot;","author":"Patr\u00edcia Marini","date":"26 de maio de 2014","format":false,"excerpt":"Desabafo que arquiteta Eliana Castilhos, delegada da Regi\u00e3o de Planejamento 1, postou nas redes sociais \u00e9 um testemunho do ambiente que se criou no Conselho do Plano Diretor de Porto Alegre, onde a aprova\u00e7\u00e3o de grandes empreendimentos \u00e9 empurrada guela abaixo dos conselheiros. Ao CMDUA Como delegada da Regi\u00e3o de\u2026","rel":"","context":"Em &quot;Geral&quot;","block_context":{"text":"Geral","link":"https:\/\/www.jornalja.com.br\/arquivo\/category\/geral\/"},"img":{"alt_text":"","src":"","width":0,"height":0},"classes":[]},{"id":12960,"url":"https:\/\/www.jornalja.com.br\/arquivo\/populacao-culpa-empresas-pela-greve-dos-rodoviarios\/","url_meta":{"origin":49864,"position":4},"title":"Popula\u00e7\u00e3o culpa empresas pela greve","author":"Patr\u00edcia Marini","date":"14 de fevereiro de 2014","format":false,"excerpt":"Pesquisa divulgada na edi\u00e7\u00e3o do jornal Metro desta sexta-feira,14, comprova o velho ditado: \u00e9 poss\u00edvel enganar muitos por algum tempo, mas n\u00e3o \u00e9 poss\u00edvel enganar a todos o tempo inteiro. A principal revela\u00e7\u00e3o foi que 59,8% dos entrevistados apontaram as empresas como as principais respons\u00e1veis pela grave e 46% culparam\u2026","rel":"","context":"Em &quot;X.Categorias velhas&quot;","block_context":{"text":"X.Categorias velhas","link":"https:\/\/www.jornalja.com.br\/arquivo\/category\/x-categorias-velhas\/"},"img":{"alt_text":"","src":"","width":0,"height":0},"classes":[]},{"id":13239,"url":"https:\/\/www.jornalja.com.br\/arquivo\/conselho-desdenha-do-plano-diretor\/","url_meta":{"origin":49864,"position":5},"title":"Porto Alegre: Conselho detona Plano Diretor","author":"Patr\u00edcia Marini","date":"25 de maio de 2014","format":false,"excerpt":"Den\u00fancia do arquiteto e \u00a0urbanista Ibir\u00e1 Santos Lucas. Ele diz que os conselheiros est\u00e3o votando com \"enorme irresponsabilidade\". \"Mudam regime com a maior naturalidade,,,regularizam absurdos de constru\u00e7\u00f5es irregulares... \"O CMDUA est\u00e1 flexibilizando a lei do plano diretor, de uma forma impactante na vida da cidade. Mudam regime com a maior\u2026","rel":"","context":"Em &quot;Geral&quot;","block_context":{"text":"Geral","link":"https:\/\/www.jornalja.com.br\/arquivo\/category\/geral\/"},"img":{"alt_text":"","src":"","width":0,"height":0},"classes":[]}],"jetpack_shortlink":"https:\/\/wp.me\/pbQjBd-cYg","jetpack_featured_media_url":"","_links":{"self":[{"href":"https:\/\/www.jornalja.com.br\/arquivo\/wp-json\/wp\/v2\/posts\/49864","targetHints":{"allow":["GET"]}}],"collection":[{"href":"https:\/\/www.jornalja.com.br\/arquivo\/wp-json\/wp\/v2\/posts"}],"about":[{"href":"https:\/\/www.jornalja.com.br\/arquivo\/wp-json\/wp\/v2\/types\/post"}],"author":[{"embeddable":true,"href":"https:\/\/www.jornalja.com.br\/arquivo\/wp-json\/wp\/v2\/users\/4"}],"replies":[{"embeddable":true,"href":"https:\/\/www.jornalja.com.br\/arquivo\/wp-json\/wp\/v2\/comments?post=49864"}],"version-history":[{"count":0,"href":"https:\/\/www.jornalja.com.br\/arquivo\/wp-json\/wp\/v2\/posts\/49864\/revisions"}],"wp:attachment":[{"href":"https:\/\/www.jornalja.com.br\/arquivo\/wp-json\/wp\/v2\/media?parent=49864"}],"wp:term":[{"taxonomy":"category","embeddable":true,"href":"https:\/\/www.jornalja.com.br\/arquivo\/wp-json\/wp\/v2\/categories?post=49864"},{"taxonomy":"post_tag","embeddable":true,"href":"https:\/\/www.jornalja.com.br\/arquivo\/wp-json\/wp\/v2\/tags?post=49864"}],"curies":[{"name":"wp","href":"https:\/\/api.w.org\/{rel}","templated":true}]}}